{"id":15049,"date":"2025-12-09T12:00:45","date_gmt":"2025-12-09T11:00:45","guid":{"rendered":"https:\/\/www.anovapeneira.gal\/?p=15049"},"modified":"2025-12-04T10:55:54","modified_gmt":"2025-12-04T09:55:54","slug":"1o-asemblea-nacional-do-sindicato-fervenza","status":"publish","type":"post","link":"https:\/\/www.anovapeneira.gal\/index.php\/2025\/12\/09\/1o-asemblea-nacional-do-sindicato-fervenza\/","title":{"rendered":"1\u00ba Asemblea nacional do sindicato \u201cFervenza\u201d"},"content":{"rendered":"\n<p><strong>A finais do pasado mes de Novembro, o sindicato estudantil \u201cFervenza\u201d celebrou a s\u00faa primeira asemblea nacional. Eles son un sindicato de recente creaci\u00f3n, naceron en marzo do 2025, e de momento s\u00f3 te\u00f1en presenza en Santiago e en Vigo, pero am\u00f3sanse moi ilusionados en poderen medrar e nun futuro pr\u00f3ximo estar en todo o pa\u00eds. N\u00f3s falamos con Sara, a moza que exerce de coordinadora da asemblea de Vigo.<\/strong><\/p>\n\n\n\n<p><strong>Sara Castro, Coordinadora da Asemblea de Vigo<\/strong><\/p>\n\n\n\n<h2 class=\"wp-block-heading\">\u201c<em><strong>A extrema dereita ten cada vez m\u00e1is presenza nas aulas da Galiza, principalmente nos institutos\u201d<\/strong><\/em><\/h2>\n\n\n\n<p><strong>Cando e por que motivo nace Fervenza?<\/strong><\/p>\n\n\n\n<blockquote class=\"wp-block-quote is-layout-flow wp-block-quote-is-layout-flow\">\n<p>O sindicato fervenza nace o 9 de marzo de 2025 porque o Movemento Estudantil Galego estaba bastante parado. Levaba anos nos que non hab\u00eda ningunha acci\u00f3n. Hai moitos problemas a causa das pol\u00edticas educativas incompetentes que temos. Problemas como a vivenda ou a privatizaci\u00f3n que se est\u00e1 facendo do ensino ou a falta de aulas en galego. Para darlle axuda e voz ao estudantado galego, decidiuse formar Fervenza. F\u00edxose unha Asemblea Constitu\u00ednte na que participaron 90 persoas, foi en Santiago de Compostela, e logo este curso acad\u00e9mico, en setembro, nace Fervenza na zona de Vigo.<\/p>\n<\/blockquote>\n\n\n\n<p><strong>Cales son os vosos obxectivos?<\/strong><\/p>\n\n\n\n<blockquote class=\"wp-block-quote is-layout-flow wp-block-quote-is-layout-flow\">\n<p>Os nosos obxectivos son axudar ao estudantado nesta realidade socio-pol\u00edtica na que cada vez vemos como se minguan m\u00e1is os nosos dereitos. Polo tanto, n\u00f3s estamos facendo unha li\u00f1a moi directa co tema da vivenda. De feito xusto o mes seguinte de constitu\u00edrse Fervenza, durante ese mes, organizouse unha folga en Santiago, que tivo moit\u00edsima acollida.<\/p>\n<\/blockquote>\n\n\n\n<p><strong>Foi organizada por v\u00f3s esa folga?<\/strong><\/p>\n\n\n\n<blockquote class=\"wp-block-quote is-layout-flow wp-block-quote-is-layout-flow\">\n<p>Si, Foi organizada por n\u00f3s xunto con Erguer, e tam\u00e9n organizaci\u00f3ns independentes de Santiago.<\/p>\n<\/blockquote>\n\n\n\n<p><strong>Que tipo de relaci\u00f3n tedes con outras organizaci\u00f3ns sindicais de estudantes que puideran estar preto do voso espazo ideol\u00f3xico como ERGUER? Que \u00e9 o que vos diferencia deles?<\/strong><\/p>\n\n\n\n<blockquote class=\"wp-block-quote is-layout-flow wp-block-quote-is-layout-flow\">\n<p>O que nos diferenza de Erguer \u00e9 que eles est\u00e1n vencellados a unha forza pol\u00edtica concreta. N\u00f3s non o estamos, somos un sindicato completamente independente. Si \u00e9 certo que temos unha base ideol\u00f3xica moi parecida. Somos nacionalistas, velamos por unha rep\u00fablica galega e pola defensa da cultura e da lingua galega.<\/p>\n<\/blockquote>\n\n\n\n<blockquote class=\"wp-block-quote is-layout-flow wp-block-quote-is-layout-flow\">\n<p>N\u00f3s creamos asembleas espec\u00edficas ao redor dun conflito onde debatemos, analizamos as causas e logo, dese\u00f1amos unha pauta de actuaci\u00f3n que vai moi \u00e1 par das li\u00f1as do Movemento Obreiro. Erguer est\u00e1 como para apoiar causas m\u00e1is institucionais, pero n\u00f3s estamos para darlle voz, para escoitalos e precisamente, por iso, somos m\u00e1is combativos, considero eu.<\/p>\n<\/blockquote>\n\n\n\n<p><strong>Tedes presenza en todo o pa\u00eds galego?<\/strong><\/p>\n\n\n\n<blockquote class=\"wp-block-quote is-layout-flow wp-block-quote-is-layout-flow\">\n<p>Non, comezamos en Santiago e agora en Vigo. Este mes imos comezar a facer campa\u00f1as por Pontevedra e na Universidade da Coru\u00f1a, tam\u00e9n.<\/p>\n<\/blockquote>\n\n\n\n<p><strong>Funcionades no ensino medio e universitario, non?<\/strong><\/p>\n\n\n\n<blockquote class=\"wp-block-quote is-layout-flow wp-block-quote-is-layout-flow\">\n<p>Si, en institutos e na universidade. N\u00f3s realmente queremos enfocarnos nos dous sitios, porque ao final todos somos estudantes e temos os mesmos problemas. Vimos de familias proletarias e se non nos unimos e non nos organizamos, non se van solucionar. De feito, iniciamos unha campa\u00f1a cos institutos da zona de Vigo, no Meixueiro, polas obras no Manuel Antonio. Por estas obras hab\u00eda vertidos t\u00f3xicos polos corredores, hab\u00eda po, e resulta que dentro ese po era de amianto e de materiais nocivos que hab\u00eda nas paredes, buracos polo teito polo que entraba a chuvia, clases cheas de andamios, e non pod\u00edan ir \u00e1 clase con seguridade.<\/p>\n<\/blockquote>\n\n\n\n<blockquote class=\"wp-block-quote is-layout-flow wp-block-quote-is-layout-flow\">\n<p>Pux\u00e9monos en contacto coas rapazas que organizaban, fixeron unha coordinadora para falar, para facer concentraci\u00f3ns e manifestaci\u00f3ns. Convocamos un d\u00eda de folga nese centro, e convocamos unha concentraci\u00f3n diante de inspecci\u00f3n educativa. Non se conseguiu parar as obras, pero conseguimos, gracias ao esforzo e a axuda que lle proporcionamos \u00e1s rapazas, que as mudaran para a noite e as fins de semana.<\/p>\n<\/blockquote>\n\n\n\n<p><strong>Un ou unha estudante que queira formar parte do voso colectivo, a partir de que ano pode facelo? Cantos anos necesita ter?<\/strong><\/p>\n\n\n\n<blockquote class=\"wp-block-quote is-layout-flow wp-block-quote-is-layout-flow\">\n<p>Con que sexa estudante abonda. N\u00f3s estamos para darlle acollida a calquera persoa. Normalmente si que nos estamos enfocando na xente de FP, a partir dos 16 anos pero, calquera estudante de calquera idade pode po\u00f1erse en contacto con n\u00f3s.<\/p>\n<\/blockquote>\n\n\n\n<p><strong>Como vos financiades ?<\/strong><\/p>\n\n\n\n<blockquote class=\"wp-block-quote is-layout-flow wp-block-quote-is-layout-flow\">\n<p>Organizamos festas f\u00f3ra dos lugares de ensino como o magosto, por exemplo, que fixemos en Santiago. Co que recadamos facemos as nosas faixas e fotocopias para informar das nosas mobilizaci\u00f3ns e acci\u00f3ns.<\/p>\n<\/blockquote>\n\n\n\n<p><strong>Como valorades a situaci\u00f3n do idioma galego no ensino medio e universitario? E que medidas ser\u00edan necesarias, ao voso xu\u00edzo, po\u00f1er en marcha para mellorala?<\/strong><\/p>\n\n\n\n<blockquote class=\"wp-block-quote is-layout-flow wp-block-quote-is-layout-flow\">\n<p>Eu estou facendo mestrado de profesorado de lingua galega e temos un problema nos mestrados na Universidade de Vigo con respecto ao galego. Todos os profesores son galegofalantes, pero os apuntamentos s\u00f3 est\u00e1n en castel\u00e1n. Conseguimos abrir un expediente porque isto est\u00e1 vulnerando o noso dereito de poder estudar en galego. Como a Universidade d\u00e1 opci\u00f3n de dar o exame en galego, din que non se est\u00e1 vulnerando ning\u00fan dereito. N\u00f3s iso non o consideramos \u00f3ptimo, porque un estudo digno \u00e9 un estudo en galego, ten que ser \u00edntegro en galego. Po\u00f1en como escusa que non poden dar clases en galego, porque ve\u00f1en estudantes de outras comunidades aut\u00f3nomas.<\/p>\n<\/blockquote>\n\n\n\n<blockquote class=\"wp-block-quote is-layout-flow wp-block-quote-is-layout-flow\">\n<p>Tam\u00e9n nos institutos hai esta problem\u00e1tica, aqu\u00ed a cousa est\u00e1 a\u00ednda peor. Hai unhas pol\u00edticas ling\u00fc\u00edsticas educativas que, con que os alumnos fagan unha exposici\u00f3n cada trimestre en galego, xa lles chega.<\/p>\n<\/blockquote>\n\n\n\n<p><strong>Que actuaci\u00f3ns ser\u00edan necesarias para mellorar esta situaci\u00f3n?<\/strong><\/p>\n\n\n\n<blockquote class=\"wp-block-quote is-layout-flow wp-block-quote-is-layout-flow\">\n<p>En primeiro lugar, haber\u00eda que abolir o decreto de pluriling\u00fcismo, que establece que nos institutos ten que haber un 33% de materias en galego, outro 33% en castel\u00e1n e outro 33% na outra lingua que normalmente \u00e9 o ingl\u00e9s. Isto non serve, hai que darlle m\u00e1is \u00e1 lingua que m\u00e1is o necesita, o que hai que facer \u00e9 dinamizar e normalizar o galego nas aulas. Tam\u00e9n na sociedade en xeral, temos moitas tiktokers e influencers que revitalizan o uso da lingua nas redes sociais e temos que fomentar o uso das novas tecnolox\u00edas para impulsar o galego na mocidade. Este ser\u00eda un bo m\u00e9todo nas aulas, que o profesorado se implique nese sentido, que valoren estes novos formatos nos que aparece a lingua galega. Haber\u00eda que facer un curr\u00edculo educativo adaptado a esa dixitalizaci\u00f3n. \u00c9 fundamental, crear unhas leis que amparen, que velen e que fomenten o uso do galego, non s\u00f3 nos institutos, sen\u00f3n, tam\u00e9n, na nosa vida coti\u00e1.<\/p>\n<\/blockquote>\n\n\n\n<p><strong>A extrema dereita ten presenza real nas aulas de Galicia?<\/strong><\/p>\n\n\n\n<blockquote class=\"wp-block-quote is-layout-flow wp-block-quote-is-layout-flow\">\n<p>Si, parece que non, pero hai bastante reacci\u00f3n da extrema dereita, principalmente e, inda que nos pode sorprender, eu v\u00e9xoo bastante nos institutos.<\/p>\n<\/blockquote>\n\n\n\n<blockquote class=\"wp-block-quote is-layout-flow wp-block-quote-is-layout-flow\">\n<p>Na universidade tam\u00e9n, pero creo que na universidade \u00e9 en facultades m\u00e1is concretas, facultades m\u00e1is tirando a cient\u00edfico e nas enxe\u00f1ar\u00edas.<\/p>\n<\/blockquote>\n\n\n\n<p><strong>Hai m\u00e1is presencia do fascismo nas enxe\u00f1er\u00edas ?<\/strong><\/p>\n\n\n\n<blockquote class=\"wp-block-quote is-layout-flow wp-block-quote-is-layout-flow\">\n<p>Eu penso que si, por lo menos aqu\u00ed no campus de Vigo, que o te\u00f1o m\u00e1is a man. Vemos m\u00e1is simpat\u00eda ao noso sindicato na facultade de filolox\u00eda, na de biolox\u00eda, na de econom\u00eda e na de dereito, a\u00ed si que temos moita implicaci\u00f3n.<\/p>\n<\/blockquote>\n\n\n\n<blockquote class=\"wp-block-quote is-layout-flow wp-block-quote-is-layout-flow\">\n<p>O discurso de ultradereita est\u00e1 calando moit\u00edsimo en todos os sectores, o que d\u00e1 m\u00e1is pena \u00e9 que normalmente est\u00e1 penetrando en xente que ven dun berce proletario.<\/p>\n<\/blockquote>\n\n\n\n<p><strong>Como valorades a situaci\u00f3n xeral do ensino en Galicia e que medidas entendedes necesarias para mellorala?<\/strong><\/p>\n\n\n\n<blockquote class=\"wp-block-quote is-layout-flow wp-block-quote-is-layout-flow\">\n<p>No ensino p\u00fablico est\u00e1n a privatizar os mestrados, o de matem\u00e1ticas agora en Galicia quitouse o \u00fanico que hab\u00eda, isto obriga ao alumnado a que acceda \u00e1 universidade privada. Co mestrado de profesorado pasa o mesmo, hai unhas prazas moi limitadas para moit\u00edsima demanda. A Facultade de Traballo Social de Santiago, este \u00e9 semiconcertada e te\u00f1en que pagar una matr\u00edcula moi elevada, conseguimos que para o 2030 sexa a 0 \u20ac porque \u00e9 unha universidade p\u00fablica.<\/p>\n<\/blockquote>\n\n\n\n<blockquote class=\"wp-block-quote is-layout-flow wp-block-quote-is-layout-flow\">\n<p>Loitar contra a privatizaci\u00f3n, contra a carest\u00eda do transporte p\u00fablico, que \u00e9 moi caro, e contra a especulaci\u00f3n coa vivenda son medidas que tomamos fundamentalmente. E<\/p>\n<\/blockquote>\n\n\n\n<blockquote class=\"wp-block-quote is-layout-flow wp-block-quote-is-layout-flow\">\n<p>logo tam\u00e9n, queremos loitar con ese fascismo que hai nas aulas, intentando crear conciencia cunha memoria hist\u00f3rica estudantil.<\/p>\n<\/blockquote>\n\n\n\n<p><strong>O pasado 22 de novembro tivestes en Santiago a vosa primeira asemblea nacional. Que valoraci\u00f3n fas do seu resultado?<\/strong><\/p>\n\n\n\n<blockquote class=\"wp-block-quote is-layout-flow wp-block-quote-is-layout-flow\">\n<p>Unha valoraci\u00f3n moi positiva. Falamos das nosas li\u00f1as a seguir e agora trasladaremos en Asembleas locais o resultado.<\/p>\n<\/blockquote>\n\n\n\n<p><strong>Fervenza ven para quedarse?<\/strong><\/p>\n\n\n\n<blockquote class=\"wp-block-quote is-layout-flow wp-block-quote-is-layout-flow\">\n<p>Si, temos unha li\u00f1a de futuro moi marcada e queremos ir, a\u00ednda que sexa pouco a pouco, cumprir cos nosos deberes como sindicato estudantil e intentar paliar todos os problemas que hai na sociedade galega nestes tempos. Non lle temos medo \u00e1s exixencias e non lle temos medo aos n\u00fameros doutros sindicatos porque, ao final, eles est\u00e1n amparados por partidos pol\u00edticos. N\u00f3s vimos para quedarnos e queremos estar. O noso lema \u00e9: se Galiza fora o pa\u00eds dos mil r\u00edos, nos quix\u00e9semos ser a s\u00faa m\u00e1is grande Fervenza. O noso obxectivo \u00e9 ese, ser a m\u00e1is alta Fervenza de Galicia e, tam\u00e9n, o noso compromiso \u00e9 o compromiso de que ferveremos e venceremos tanto no presente como no futuro. Queremos un sindicato estudiantil \u00fanico, vigoroso, libre e completamente comprometido.<\/p>\n<\/blockquote>\n","protected":false},"excerpt":{"rendered":"<div class=\"mh-excerpt\"><p>\u201cA extrema dereita ten cada vez m\u00e1is presenza nas aulas da Galiza, principalmente nos institutos\u201d <a class=\"mh-excerpt-more\" href=\"https:\/\/www.anovapeneira.gal\/index.php\/2025\/12\/09\/1o-asemblea-nacional-do-sindicato-fervenza\/\" title=\"1\u00ba Asemblea nacional do sindicato \u201cFervenza\u201d\">[&#8230;]<\/a><\/p>\n<\/div>","protected":false},"author":17,"featured_media":15050,"comment_status":"open","ping_status":"open","sticky":false,"template":"","format":"standard","meta":{"_exactmetrics_skip_tracking":false,"_exactmetrics_sitenote_active":false,"_exactmetrics_sitenote_note":"","_exactmetrics_sitenote_category":0,"footnotes":""},"categories":[272],"tags":[227],"class_list":{"0":"post-15049","1":"post","2":"type-post","3":"status-publish","4":"format-standard","5":"has-post-thumbnail","7":"category-vigo-entrevistas","8":"tag-concello-de-vigo"},"yoast_head":"<!-- This site is optimized with the Yoast SEO plugin v27.4 - https:\/\/yoast.com\/product\/yoast-seo-wordpress\/ -->\n<title>1\u00ba Asemblea nacional do sindicato \u201cFervenza\u201d -<\/title>\n<meta name=\"robots\" content=\"index, follow, max-snippet:-1, max-image-preview:large, max-video-preview:-1\" \/>\n<link rel=\"canonical\" href=\"https:\/\/www.anovapeneira.gal\/index.php\/2025\/12\/09\/1o-asemblea-nacional-do-sindicato-fervenza\/\" \/>\n<meta property=\"og:locale\" content=\"gl_ES\" \/>\n<meta property=\"og:type\" content=\"article\" \/>\n<meta property=\"og:title\" content=\"1\u00ba Asemblea nacional do sindicato \u201cFervenza\u201d -\" \/>\n<meta property=\"og:description\" content=\"\u201cA extrema dereita ten cada vez m\u00e1is presenza nas aulas da Galiza, principalmente nos institutos\u201d [...]\" \/>\n<meta property=\"og:url\" content=\"https:\/\/www.anovapeneira.gal\/index.php\/2025\/12\/09\/1o-asemblea-nacional-do-sindicato-fervenza\/\" \/>\n<meta property=\"article:publisher\" content=\"https:\/\/www.facebook.com\/anovapeneira\" \/>\n<meta property=\"article:published_time\" content=\"2025-12-09T11:00:45+00:00\" \/>\n<meta property=\"og:image\" content=\"https:\/\/www.anovapeneira.gal\/wp-content\/uploads\/2025\/12\/fervenza_estudante.jpg\" \/>\n\t<meta property=\"og:image:width\" content=\"720\" \/>\n\t<meta property=\"og:image:height\" content=\"432\" \/>\n\t<meta property=\"og:image:type\" content=\"image\/jpeg\" \/>\n<meta name=\"author\" content=\"G. Figueiredo\" \/>\n<meta name=\"twitter:card\" content=\"summary_large_image\" \/>\n<meta name=\"twitter:creator\" content=\"@APeneira\" \/>\n<meta name=\"twitter:site\" content=\"@APeneira\" \/>\n<meta name=\"twitter:label1\" content=\"Escrito por\" \/>\n\t<meta name=\"twitter:data1\" content=\"G. Figueiredo\" \/>\n\t<meta name=\"twitter:label2\" content=\"Tempo de lectura\" \/>\n\t<meta name=\"twitter:data2\" content=\"2 minutos\" \/>\n<script type=\"application\/ld+json\" class=\"yoast-schema-graph\">{\"@context\":\"https:\\\/\\\/schema.org\",\"@graph\":[{\"@type\":\"Article\",\"@id\":\"https:\\\/\\\/www.anovapeneira.gal\\\/index.php\\\/2025\\\/12\\\/09\\\/1o-asemblea-nacional-do-sindicato-fervenza\\\/#article\",\"isPartOf\":{\"@id\":\"https:\\\/\\\/www.anovapeneira.gal\\\/index.php\\\/2025\\\/12\\\/09\\\/1o-asemblea-nacional-do-sindicato-fervenza\\\/\"},\"author\":{\"name\":\"G. Figueiredo\",\"@id\":\"https:\\\/\\\/www.anovapeneira.gal\\\/#\\\/schema\\\/person\\\/42f904d7cac80cf3f5a31494dd82a9b6\"},\"headline\":\"1\u00ba Asemblea nacional do sindicato \u201cFervenza\u201d\",\"datePublished\":\"2025-12-09T11:00:45+00:00\",\"mainEntityOfPage\":{\"@id\":\"https:\\\/\\\/www.anovapeneira.gal\\\/index.php\\\/2025\\\/12\\\/09\\\/1o-asemblea-nacional-do-sindicato-fervenza\\\/\"},\"wordCount\":1609,\"commentCount\":0,\"publisher\":{\"@id\":\"https:\\\/\\\/www.anovapeneira.gal\\\/#organization\"},\"image\":{\"@id\":\"https:\\\/\\\/www.anovapeneira.gal\\\/index.php\\\/2025\\\/12\\\/09\\\/1o-asemblea-nacional-do-sindicato-fervenza\\\/#primaryimage\"},\"thumbnailUrl\":\"https:\\\/\\\/www.anovapeneira.gal\\\/wp-content\\\/uploads\\\/2025\\\/12\\\/fervenza_estudante.jpg\",\"keywords\":[\"Concello de Vigo\"],\"articleSection\":[\"Vigo\"],\"inLanguage\":\"gl-ES\",\"potentialAction\":[{\"@type\":\"CommentAction\",\"name\":\"Comment\",\"target\":[\"https:\\\/\\\/www.anovapeneira.gal\\\/index.php\\\/2025\\\/12\\\/09\\\/1o-asemblea-nacional-do-sindicato-fervenza\\\/#respond\"]}]},{\"@type\":\"WebPage\",\"@id\":\"https:\\\/\\\/www.anovapeneira.gal\\\/index.php\\\/2025\\\/12\\\/09\\\/1o-asemblea-nacional-do-sindicato-fervenza\\\/\",\"url\":\"https:\\\/\\\/www.anovapeneira.gal\\\/index.php\\\/2025\\\/12\\\/09\\\/1o-asemblea-nacional-do-sindicato-fervenza\\\/\",\"name\":\"1\u00ba Asemblea nacional do sindicato \u201cFervenza\u201d -\",\"isPartOf\":{\"@id\":\"https:\\\/\\\/www.anovapeneira.gal\\\/#website\"},\"primaryImageOfPage\":{\"@id\":\"https:\\\/\\\/www.anovapeneira.gal\\\/index.php\\\/2025\\\/12\\\/09\\\/1o-asemblea-nacional-do-sindicato-fervenza\\\/#primaryimage\"},\"image\":{\"@id\":\"https:\\\/\\\/www.anovapeneira.gal\\\/index.php\\\/2025\\\/12\\\/09\\\/1o-asemblea-nacional-do-sindicato-fervenza\\\/#primaryimage\"},\"thumbnailUrl\":\"https:\\\/\\\/www.anovapeneira.gal\\\/wp-content\\\/uploads\\\/2025\\\/12\\\/fervenza_estudante.jpg\",\"datePublished\":\"2025-12-09T11:00:45+00:00\",\"breadcrumb\":{\"@id\":\"https:\\\/\\\/www.anovapeneira.gal\\\/index.php\\\/2025\\\/12\\\/09\\\/1o-asemblea-nacional-do-sindicato-fervenza\\\/#breadcrumb\"},\"inLanguage\":\"gl-ES\",\"potentialAction\":[{\"@type\":\"ReadAction\",\"target\":[\"https:\\\/\\\/www.anovapeneira.gal\\\/index.php\\\/2025\\\/12\\\/09\\\/1o-asemblea-nacional-do-sindicato-fervenza\\\/\"]}]},{\"@type\":\"ImageObject\",\"inLanguage\":\"gl-ES\",\"@id\":\"https:\\\/\\\/www.anovapeneira.gal\\\/index.php\\\/2025\\\/12\\\/09\\\/1o-asemblea-nacional-do-sindicato-fervenza\\\/#primaryimage\",\"url\":\"https:\\\/\\\/www.anovapeneira.gal\\\/wp-content\\\/uploads\\\/2025\\\/12\\\/fervenza_estudante.jpg\",\"contentUrl\":\"https:\\\/\\\/www.anovapeneira.gal\\\/wp-content\\\/uploads\\\/2025\\\/12\\\/fervenza_estudante.jpg\",\"width\":720,\"height\":432},{\"@type\":\"BreadcrumbList\",\"@id\":\"https:\\\/\\\/www.anovapeneira.gal\\\/index.php\\\/2025\\\/12\\\/09\\\/1o-asemblea-nacional-do-sindicato-fervenza\\\/#breadcrumb\",\"itemListElement\":[{\"@type\":\"ListItem\",\"position\":1,\"name\":\"Portada\",\"item\":\"https:\\\/\\\/www.anovapeneira.gal\\\/\"},{\"@type\":\"ListItem\",\"position\":2,\"name\":\"1\u00ba Asemblea nacional do sindicato \u201cFervenza\u201d\"}]},{\"@type\":\"WebSite\",\"@id\":\"https:\\\/\\\/www.anovapeneira.gal\\\/#website\",\"url\":\"https:\\\/\\\/www.anovapeneira.gal\\\/\",\"name\":\"\",\"description\":\"Xornal galego de informaci\u00f3n xeral Publicaci\u00f3n mensual de novas de Galicia e en especial dos Concellos da sur da provincia de Pontevedra.\",\"publisher\":{\"@id\":\"https:\\\/\\\/www.anovapeneira.gal\\\/#organization\"},\"potentialAction\":[{\"@type\":\"SearchAction\",\"target\":{\"@type\":\"EntryPoint\",\"urlTemplate\":\"https:\\\/\\\/www.anovapeneira.gal\\\/?s={search_term_string}\"},\"query-input\":{\"@type\":\"PropertyValueSpecification\",\"valueRequired\":true,\"valueName\":\"search_term_string\"}}],\"inLanguage\":\"gl-ES\"},{\"@type\":\"Organization\",\"@id\":\"https:\\\/\\\/www.anovapeneira.gal\\\/#organization\",\"name\":\"A Nova Peneira\",\"url\":\"https:\\\/\\\/www.anovapeneira.gal\\\/\",\"logo\":{\"@type\":\"ImageObject\",\"inLanguage\":\"gl-ES\",\"@id\":\"https:\\\/\\\/www.anovapeneira.gal\\\/#\\\/schema\\\/logo\\\/image\\\/\",\"url\":\"http:\\\/\\\/www.anovapeneira.gal\\\/wp-content\\\/uploads\\\/2019\\\/06\\\/logo_a_nova_peneira_portal_web.png\",\"contentUrl\":\"http:\\\/\\\/www.anovapeneira.gal\\\/wp-content\\\/uploads\\\/2019\\\/06\\\/logo_a_nova_peneira_portal_web.png\",\"width\":300,\"height\":100,\"caption\":\"A Nova Peneira\"},\"image\":{\"@id\":\"https:\\\/\\\/www.anovapeneira.gal\\\/#\\\/schema\\\/logo\\\/image\\\/\"},\"sameAs\":[\"https:\\\/\\\/www.facebook.com\\\/anovapeneira\",\"https:\\\/\\\/x.com\\\/APeneira\"]},{\"@type\":\"Person\",\"@id\":\"https:\\\/\\\/www.anovapeneira.gal\\\/#\\\/schema\\\/person\\\/42f904d7cac80cf3f5a31494dd82a9b6\",\"name\":\"G. Figueiredo\",\"image\":{\"@type\":\"ImageObject\",\"inLanguage\":\"gl-ES\",\"@id\":\"https:\\\/\\\/secure.gravatar.com\\\/avatar\\\/2d970086688458e0398ef8b84f5cbb8cc1ec3ab115aeb8435135a9f556af97b3?s=96&d=mm&r=g\",\"url\":\"https:\\\/\\\/secure.gravatar.com\\\/avatar\\\/2d970086688458e0398ef8b84f5cbb8cc1ec3ab115aeb8435135a9f556af97b3?s=96&d=mm&r=g\",\"contentUrl\":\"https:\\\/\\\/secure.gravatar.com\\\/avatar\\\/2d970086688458e0398ef8b84f5cbb8cc1ec3ab115aeb8435135a9f556af97b3?s=96&d=mm&r=g\",\"caption\":\"G. Figueiredo\"},\"sameAs\":[\"http:\\\/\\\/www.anovapeneira.gal\\\/\"],\"url\":\"https:\\\/\\\/www.anovapeneira.gal\\\/index.php\\\/author\\\/g-figueiredo\\\/\"}]}<\/script>\n<!-- \/ Yoast SEO plugin. -->","yoast_head_json":{"title":"1\u00ba Asemblea nacional do sindicato \u201cFervenza\u201d -","robots":{"index":"index","follow":"follow","max-snippet":"max-snippet:-1","max-image-preview":"max-image-preview:large","max-video-preview":"max-video-preview:-1"},"canonical":"https:\/\/www.anovapeneira.gal\/index.php\/2025\/12\/09\/1o-asemblea-nacional-do-sindicato-fervenza\/","og_locale":"gl_ES","og_type":"article","og_title":"1\u00ba Asemblea nacional do sindicato \u201cFervenza\u201d -","og_description":"\u201cA extrema dereita ten cada vez m\u00e1is presenza nas aulas da Galiza, principalmente nos institutos\u201d [...]","og_url":"https:\/\/www.anovapeneira.gal\/index.php\/2025\/12\/09\/1o-asemblea-nacional-do-sindicato-fervenza\/","article_publisher":"https:\/\/www.facebook.com\/anovapeneira","article_published_time":"2025-12-09T11:00:45+00:00","og_image":[{"width":720,"height":432,"url":"https:\/\/www.anovapeneira.gal\/wp-content\/uploads\/2025\/12\/fervenza_estudante.jpg","type":"image\/jpeg"}],"author":"G. Figueiredo","twitter_card":"summary_large_image","twitter_creator":"@APeneira","twitter_site":"@APeneira","twitter_misc":{"Escrito por":"G. Figueiredo","Tempo de lectura":"2 minutos"},"schema":{"@context":"https:\/\/schema.org","@graph":[{"@type":"Article","@id":"https:\/\/www.anovapeneira.gal\/index.php\/2025\/12\/09\/1o-asemblea-nacional-do-sindicato-fervenza\/#article","isPartOf":{"@id":"https:\/\/www.anovapeneira.gal\/index.php\/2025\/12\/09\/1o-asemblea-nacional-do-sindicato-fervenza\/"},"author":{"name":"G. Figueiredo","@id":"https:\/\/www.anovapeneira.gal\/#\/schema\/person\/42f904d7cac80cf3f5a31494dd82a9b6"},"headline":"1\u00ba Asemblea nacional do sindicato \u201cFervenza\u201d","datePublished":"2025-12-09T11:00:45+00:00","mainEntityOfPage":{"@id":"https:\/\/www.anovapeneira.gal\/index.php\/2025\/12\/09\/1o-asemblea-nacional-do-sindicato-fervenza\/"},"wordCount":1609,"commentCount":0,"publisher":{"@id":"https:\/\/www.anovapeneira.gal\/#organization"},"image":{"@id":"https:\/\/www.anovapeneira.gal\/index.php\/2025\/12\/09\/1o-asemblea-nacional-do-sindicato-fervenza\/#primaryimage"},"thumbnailUrl":"https:\/\/www.anovapeneira.gal\/wp-content\/uploads\/2025\/12\/fervenza_estudante.jpg","keywords":["Concello de Vigo"],"articleSection":["Vigo"],"inLanguage":"gl-ES","potentialAction":[{"@type":"CommentAction","name":"Comment","target":["https:\/\/www.anovapeneira.gal\/index.php\/2025\/12\/09\/1o-asemblea-nacional-do-sindicato-fervenza\/#respond"]}]},{"@type":"WebPage","@id":"https:\/\/www.anovapeneira.gal\/index.php\/2025\/12\/09\/1o-asemblea-nacional-do-sindicato-fervenza\/","url":"https:\/\/www.anovapeneira.gal\/index.php\/2025\/12\/09\/1o-asemblea-nacional-do-sindicato-fervenza\/","name":"1\u00ba Asemblea nacional do sindicato \u201cFervenza\u201d -","isPartOf":{"@id":"https:\/\/www.anovapeneira.gal\/#website"},"primaryImageOfPage":{"@id":"https:\/\/www.anovapeneira.gal\/index.php\/2025\/12\/09\/1o-asemblea-nacional-do-sindicato-fervenza\/#primaryimage"},"image":{"@id":"https:\/\/www.anovapeneira.gal\/index.php\/2025\/12\/09\/1o-asemblea-nacional-do-sindicato-fervenza\/#primaryimage"},"thumbnailUrl":"https:\/\/www.anovapeneira.gal\/wp-content\/uploads\/2025\/12\/fervenza_estudante.jpg","datePublished":"2025-12-09T11:00:45+00:00","breadcrumb":{"@id":"https:\/\/www.anovapeneira.gal\/index.php\/2025\/12\/09\/1o-asemblea-nacional-do-sindicato-fervenza\/#breadcrumb"},"inLanguage":"gl-ES","potentialAction":[{"@type":"ReadAction","target":["https:\/\/www.anovapeneira.gal\/index.php\/2025\/12\/09\/1o-asemblea-nacional-do-sindicato-fervenza\/"]}]},{"@type":"ImageObject","inLanguage":"gl-ES","@id":"https:\/\/www.anovapeneira.gal\/index.php\/2025\/12\/09\/1o-asemblea-nacional-do-sindicato-fervenza\/#primaryimage","url":"https:\/\/www.anovapeneira.gal\/wp-content\/uploads\/2025\/12\/fervenza_estudante.jpg","contentUrl":"https:\/\/www.anovapeneira.gal\/wp-content\/uploads\/2025\/12\/fervenza_estudante.jpg","width":720,"height":432},{"@type":"BreadcrumbList","@id":"https:\/\/www.anovapeneira.gal\/index.php\/2025\/12\/09\/1o-asemblea-nacional-do-sindicato-fervenza\/#breadcrumb","itemListElement":[{"@type":"ListItem","position":1,"name":"Portada","item":"https:\/\/www.anovapeneira.gal\/"},{"@type":"ListItem","position":2,"name":"1\u00ba Asemblea nacional do sindicato \u201cFervenza\u201d"}]},{"@type":"WebSite","@id":"https:\/\/www.anovapeneira.gal\/#website","url":"https:\/\/www.anovapeneira.gal\/","name":"","description":"Xornal galego de informaci\u00f3n xeral Publicaci\u00f3n mensual de novas de Galicia e en especial dos Concellos da sur da provincia de Pontevedra.","publisher":{"@id":"https:\/\/www.anovapeneira.gal\/#organization"},"potentialAction":[{"@type":"SearchAction","target":{"@type":"EntryPoint","urlTemplate":"https:\/\/www.anovapeneira.gal\/?s={search_term_string}"},"query-input":{"@type":"PropertyValueSpecification","valueRequired":true,"valueName":"search_term_string"}}],"inLanguage":"gl-ES"},{"@type":"Organization","@id":"https:\/\/www.anovapeneira.gal\/#organization","name":"A Nova Peneira","url":"https:\/\/www.anovapeneira.gal\/","logo":{"@type":"ImageObject","inLanguage":"gl-ES","@id":"https:\/\/www.anovapeneira.gal\/#\/schema\/logo\/image\/","url":"http:\/\/www.anovapeneira.gal\/wp-content\/uploads\/2019\/06\/logo_a_nova_peneira_portal_web.png","contentUrl":"http:\/\/www.anovapeneira.gal\/wp-content\/uploads\/2019\/06\/logo_a_nova_peneira_portal_web.png","width":300,"height":100,"caption":"A Nova Peneira"},"image":{"@id":"https:\/\/www.anovapeneira.gal\/#\/schema\/logo\/image\/"},"sameAs":["https:\/\/www.facebook.com\/anovapeneira","https:\/\/x.com\/APeneira"]},{"@type":"Person","@id":"https:\/\/www.anovapeneira.gal\/#\/schema\/person\/42f904d7cac80cf3f5a31494dd82a9b6","name":"G. Figueiredo","image":{"@type":"ImageObject","inLanguage":"gl-ES","@id":"https:\/\/secure.gravatar.com\/avatar\/2d970086688458e0398ef8b84f5cbb8cc1ec3ab115aeb8435135a9f556af97b3?s=96&d=mm&r=g","url":"https:\/\/secure.gravatar.com\/avatar\/2d970086688458e0398ef8b84f5cbb8cc1ec3ab115aeb8435135a9f556af97b3?s=96&d=mm&r=g","contentUrl":"https:\/\/secure.gravatar.com\/avatar\/2d970086688458e0398ef8b84f5cbb8cc1ec3ab115aeb8435135a9f556af97b3?s=96&d=mm&r=g","caption":"G. Figueiredo"},"sameAs":["http:\/\/www.anovapeneira.gal\/"],"url":"https:\/\/www.anovapeneira.gal\/index.php\/author\/g-figueiredo\/"}]}},"jetpack_featured_media_url":"https:\/\/www.anovapeneira.gal\/wp-content\/uploads\/2025\/12\/fervenza_estudante.jpg","_links":{"self":[{"href":"https:\/\/www.anovapeneira.gal\/index.php\/wp-json\/wp\/v2\/posts\/15049","targetHints":{"allow":["GET"]}}],"collection":[{"href":"https:\/\/www.anovapeneira.gal\/index.php\/wp-json\/wp\/v2\/posts"}],"about":[{"href":"https:\/\/www.anovapeneira.gal\/index.php\/wp-json\/wp\/v2\/types\/post"}],"author":[{"embeddable":true,"href":"https:\/\/www.anovapeneira.gal\/index.php\/wp-json\/wp\/v2\/users\/17"}],"replies":[{"embeddable":true,"href":"https:\/\/www.anovapeneira.gal\/index.php\/wp-json\/wp\/v2\/comments?post=15049"}],"version-history":[{"count":1,"href":"https:\/\/www.anovapeneira.gal\/index.php\/wp-json\/wp\/v2\/posts\/15049\/revisions"}],"predecessor-version":[{"id":15051,"href":"https:\/\/www.anovapeneira.gal\/index.php\/wp-json\/wp\/v2\/posts\/15049\/revisions\/15051"}],"wp:featuredmedia":[{"embeddable":true,"href":"https:\/\/www.anovapeneira.gal\/index.php\/wp-json\/wp\/v2\/media\/15050"}],"wp:attachment":[{"href":"https:\/\/www.anovapeneira.gal\/index.php\/wp-json\/wp\/v2\/media?parent=15049"}],"wp:term":[{"taxonomy":"category","embeddable":true,"href":"https:\/\/www.anovapeneira.gal\/index.php\/wp-json\/wp\/v2\/categories?post=15049"},{"taxonomy":"post_tag","embeddable":true,"href":"https:\/\/www.anovapeneira.gal\/index.php\/wp-json\/wp\/v2\/tags?post=15049"}],"curies":[{"name":"wp","href":"https:\/\/api.w.org\/{rel}","templated":true}]}}