{"id":15052,"date":"2025-12-10T10:00:10","date_gmt":"2025-12-10T09:00:10","guid":{"rendered":"https:\/\/www.anovapeneira.gal\/?p=15052"},"modified":"2025-12-09T11:03:36","modified_gmt":"2025-12-09T10:03:36","slug":"lostrego-c-f","status":"publish","type":"post","link":"https:\/\/www.anovapeneira.gal\/index.php\/2025\/12\/10\/lostrego-c-f\/","title":{"rendered":"L\u00f3strego C.F"},"content":{"rendered":"\n<p><strong>A situaci\u00f3n do f\u00fatbol feminino \u00e9 unha das eivas m\u00e1is importantes que observamos nesta viaxe polo f\u00fatbol modesto da nosa \u00e1rea de influencia. Os equipos de mulleres son moito menos numerosos que os de homes. E os equipos exclusivamente femininos son practicamente inexistentes. Os dedos dunha man sobran para contar os equipos s\u00f3 femininos que hai en Galicia. Un deles \u00e9 o L\u00f3strego. Son un equipo de recente creaci\u00f3n, naceron hai 5 anos, pero que experimentaron un crecemento moi importante. En tan pouco tempo son xa arredor de 150 as rapazas que practican este deporte no conxunto que na actualidade xoga no campo de Beade, no Concello de Vigo. Inicialmente eles estiveron en Cha\u00edn, en Gondomar, pero o ano anterior decidiron mudarse a esta parroquia viguesa e xogar os seus partidos no campo do San Esteban de Beade. N\u00f3s fomos co\u00f1ecelos e conversamos con Gabi, un rapaz de 40 anos de idade, que se dedica profesionalmente ao sector dos seguros, e que \u00e9 un dos membros fundadores do equipo e o seu actual coordinador.<\/strong><\/p>\n\n\n\n<p><strong>Gabi Cou\u00f1ago, coordinador.<\/strong><\/p>\n\n\n\n<h2 class=\"wp-block-heading\">\u201c <strong>Hai moita afecci\u00f3n ao f\u00fatbol feminino, pero \u00e9 diferente ao masculino. Eu v\u00e9xoa m\u00e1is nobre\u201d<\/strong><\/h2>\n\n\n\n<p><strong>Cando naceu o l\u00f3strego?<\/strong><\/p>\n\n\n\n<blockquote class=\"wp-block-quote is-layout-flow wp-block-quote-is-layout-flow\">\n<p>Nacemos no ano 2020, en plena pandemia.<\/p>\n<\/blockquote>\n\n\n\n<p><strong>Ti fuches un dos creadores do equipo. Que motivo vos impulsou a crear un equipo de f\u00fatbol feminino?<\/strong><\/p>\n\n\n\n<blockquote class=\"wp-block-quote is-layout-flow wp-block-quote-is-layout-flow\">\n<p>Todas as persoas que participamos na creaci\u00f3n do l\u00f3strego buscabamos facer un equipo no que as rapazas fosen as protagonistas. Todo o que hab\u00eda ata ese momento en f\u00fatbol feminino estaba en segundo plano en relaci\u00f3n co masculino.<\/p>\n<\/blockquote>\n\n\n\n<p><strong>En Galicia hai equipos, ademais do voso, que sexan exclusivamente femininos?<\/strong><\/p>\n\n\n\n<blockquote class=\"wp-block-quote is-layout-flow wp-block-quote-is-layout-flow\">\n<p>Creo que al\u00e9n do noso s\u00f3 un en Ourense e o Villalonga.<\/p>\n<\/blockquote>\n\n\n\n<p><strong>A afecci\u00f3n ao f\u00fatbol feminino \u00e9 tan apaixonada como ao f\u00fatbol masculino?<\/strong><\/p>\n\n\n\n<blockquote class=\"wp-block-quote is-layout-flow wp-block-quote-is-layout-flow\">\n<p>Hai moita afecci\u00f3n. Pero \u00e9 diferente. Tanto no xogo como no p\u00fablico vexo m\u00e1is nobreza.<\/p>\n<\/blockquote>\n\n\n\n<p><strong>Con cantos equipos nacestes?<\/strong><\/p>\n\n\n\n<blockquote class=\"wp-block-quote is-layout-flow wp-block-quote-is-layout-flow\">\n<p>O primeiro ano tivemos s\u00f3 3 equipos: O equipo s\u00e9nior e dous de canteira.<\/p>\n<\/blockquote>\n\n\n\n<p><strong>E hoxe, 5 anos despois, cantos tendes?<\/strong><\/p>\n\n\n\n<blockquote class=\"wp-block-quote is-layout-flow wp-block-quote-is-layout-flow\">\n<p>Temos 7 equipos. Estamos en todas as categor\u00edas que hai no f\u00fatbol feminino.<\/p>\n<\/blockquote>\n\n\n\n<p><strong>Cantas fichas tendes?<\/strong><\/p>\n\n\n\n<blockquote class=\"wp-block-quote is-layout-flow wp-block-quote-is-layout-flow\">\n<p>Arredor de 150.<\/p>\n<\/blockquote>\n\n\n\n<p><strong>V\u00f3s comezastes a xogar no campo de Cha\u00edn en Gondomar, e o ano pasado cambiastes a Beade, en Vigo. Por que motivo estabades en Cha\u00edn? E cal \u00e9 a raz\u00f3n que vos impulsou a mudarvos a Vigo?<\/strong><\/p>\n\n\n\n<blockquote class=\"wp-block-quote is-layout-flow wp-block-quote-is-layout-flow\">\n<p>Comezamos en Cha\u00edn porque foi o \u00fanico campo que atopamos con dispo\u00f1ibilidade para podernos meter n\u00f3s. N\u00f3s en Gondomar estabamos ben pero non ti\u00f1amos o apoio da administraci\u00f3n que considerabamos mereciamos. O 1\u00ba equipo est\u00e1 en categor\u00eda nacional e as subvenci\u00f3ns que reciben os nosos rivais dos seus concellos, son moi superiores \u00e1s que nos daba o Concello de Gondomar. Apareceunos a posibilidade de cambiar a Beade, e aqu\u00ed estamos.<\/p>\n<\/blockquote>\n\n\n\n<p><strong>Estades contentos en Beade?<\/strong><\/p>\n\n\n\n<blockquote class=\"wp-block-quote is-layout-flow wp-block-quote-is-layout-flow\">\n<p>Si, si que o estamos. Non temos todas as horas de campo que nos gustar\u00eda pero sei que fixeron o esforzo de darnos todas as que puideron.<\/p>\n<\/blockquote>\n\n\n\n<p><strong>Vai ser o voso campo definitivo?<\/strong><\/p>\n\n\n\n<blockquote class=\"wp-block-quote is-layout-flow wp-block-quote-is-layout-flow\">\n<p>Nunca se sabe que pasar\u00e1 no futuro. Pero a min si que me gustar\u00eda. A situaci\u00f3n \u00e9 perfecta para n\u00f3s. E a xente do San Esteban de Beade, os propietarios do campo, port\u00e1ronse moi ben con n\u00f3s.<\/p>\n<\/blockquote>\n\n\n\n<p><strong>De onde son as vosas xogadoras?<\/strong><\/p>\n\n\n\n<blockquote class=\"wp-block-quote is-layout-flow wp-block-quote-is-layout-flow\">\n<p>O 80% da zona de Vigo. Temos tam\u00e9n xogadoras das localidades pr\u00f3ximas: Gondomar, Nigr\u00e1n, Ponteareas&#8230;<\/p>\n<\/blockquote>\n\n\n\n<p><strong>E de que abano de idades?<\/strong><\/p>\n\n\n\n<blockquote class=\"wp-block-quote is-layout-flow wp-block-quote-is-layout-flow\">\n<p>As m\u00e1is pequenas son de 8 anos, e as maiores xa pasan dos 30.<\/p>\n<\/blockquote>\n\n\n\n<p><strong>Cal \u00e9 o voso uniforme?<\/strong><\/p>\n\n\n\n<blockquote class=\"wp-block-quote is-layout-flow wp-block-quote-is-layout-flow\">\n<p>Azul mari\u00f1o con medias brancas a primeira equipaxe, e amarela a segunda.<\/p>\n<\/blockquote>\n\n\n\n<p><strong>Como levades a cuesti\u00f3n econ\u00f3mica?<\/strong><\/p>\n\n\n\n<blockquote class=\"wp-block-quote is-layout-flow wp-block-quote-is-layout-flow\">\n<p>Pois como todos os equipos: financi\u00e1monos a trav\u00e9s das cotas sos socios, dos patrocinadores e das subvenci\u00f3ns. En calquera caso procuramos facer unha xesti\u00f3n responsable dos nosos recursos, e, humildemente, creo que o estamos logrando. \u00c9 que non queda outra que logralo. Podo dicirche que o noso orzamento deste ano xa supera os 100.000\u20ac<\/p>\n<\/blockquote>\n\n\n\n<p><strong>Non tendes cantina en Beade?<\/strong><\/p>\n\n\n\n<blockquote class=\"wp-block-quote is-layout-flow wp-block-quote-is-layout-flow\">\n<p>Si, pero como \u00e9 l\u00f3xico expl\u00f3taa o San Esteban.<\/p>\n<\/blockquote>\n\n\n\n<p><strong>O Concello de Vigo non vos achega ningunha subvenci\u00f3n?<\/strong><\/p>\n\n\n\n<blockquote class=\"wp-block-quote is-layout-flow wp-block-quote-is-layout-flow\">\n<p>De momento non. Estamos intentando reunirnos con eles pero a\u00ednda non o logramos.<\/p>\n<\/blockquote>\n\n\n\n<p><strong>O 1\u00ba equipo en que liga compite?<\/strong><\/p>\n\n\n\n<blockquote class=\"wp-block-quote is-layout-flow wp-block-quote-is-layout-flow\">\n<p>Na terceira REF. \u00c9 categor\u00eda nacional espa\u00f1ola.<\/p>\n<\/blockquote>\n\n\n\n<p><strong>Onde tendes que disputar os partidos?<\/strong><\/p>\n\n\n\n<blockquote class=\"wp-block-quote is-layout-flow wp-block-quote-is-layout-flow\">\n<p>Ata este ano iamos f\u00f3ra de Galicia: Asturias, Cantabria e Castela Le\u00f3n. Esta temporada houbo unha modificaci\u00f3n e s\u00f3 xogamos a nivel galego.<\/p>\n<\/blockquote>\n\n\n\n<p><strong>Que tal vamos este ano nas ligas?<\/strong><\/p>\n\n\n\n<blockquote class=\"wp-block-quote is-layout-flow wp-block-quote-is-layout-flow\">\n<p>O 1\u00ba equipo vai pola metade da t\u00e1boa, pero estou convencido de que vai rematar nos postos de arriba. No resto de categor\u00edas vamos moi ben, as\u00ed por exemplo o noso filial est\u00e1 pelexando por ga\u00f1ar a liga. Somos dos mellores filiais de Galicia..As cadetes van de segundas, s\u00f3 por detr\u00e1s das Celtas..as alev\u00edns van primeiras&#8230;<\/p>\n<\/blockquote>\n\n\n\n<p><strong>Cal \u00e9 o obxectivo deportivo para o primeiro equipo?<\/strong><\/p>\n\n\n\n<blockquote class=\"wp-block-quote is-layout-flow wp-block-quote-is-layout-flow\">\n<p>Este ano foi un ano complicado. Por mor da reestruturaci\u00f3n perdemos m\u00e1is de 20.000 \u20ac en axudas econ\u00f3micas, e, en consecuencia esta \u00e9 unha temporada de transici\u00f3n. A curto prazo a nosa idea \u00e9 ascender a 2\u00ba.<\/p>\n<\/blockquote>\n\n\n\n<p><strong>\u00c9 realista pensar no L\u00f3strego en categor\u00eda profesional?<\/strong><\/p>\n\n\n\n<blockquote class=\"wp-block-quote is-layout-flow wp-block-quote-is-layout-flow\">\n<p>Non, non \u00e9 realista. Precisariamos unha estrutura profesional que non estamos en condici\u00f3ns de ter.<\/p>\n<\/blockquote>\n\n\n\n<p><strong>Tendo en conta a vosa realidade, cal cres que \u00e9 a categor\u00eda natural na que pensas os deberiades consolidar?<\/strong><\/p>\n\n\n\n<blockquote class=\"wp-block-quote is-layout-flow wp-block-quote-is-layout-flow\">\n<p>Se cadra na que estamos. Pero eu te\u00f1o ilusi\u00f3n e creo que expectativas realistas de que poidamos chegar a xogar en 2\u00ba.A 1\u00ba xa esixir\u00eda unhas cantidades econ\u00f3micas que nos resultar\u00eda enormemente dif\u00edcil de asumir.<\/p>\n<\/blockquote>\n\n\n\n<p><strong>O L\u00f3strego naceu para quedarse ou ves que poida correr perigo de desaparici\u00f3n?<\/strong><\/p>\n\n\n\n<blockquote class=\"wp-block-quote is-layout-flow wp-block-quote-is-layout-flow\">\n<p>A idea \u00e9 que perdure no tempo por suposto. Agardo que cando as persoas que agora estamos ao fronte deamos un paso atr\u00e1s, haxa xente que poida continuar con este proxecto tan bonito.<\/p>\n<\/blockquote>\n\n\n\n<p><strong>Cantas persoas estades na directiva?<\/strong><\/p>\n\n\n\n<blockquote class=\"wp-block-quote is-layout-flow wp-block-quote-is-layout-flow\">\n<p>Agora estamos 7.<\/p>\n<\/blockquote>\n\n\n\n<p><strong>Alg\u00fan evento de todos estes anos que vos fixera especial ilusi\u00f3n?<\/strong><\/p>\n\n\n\n<blockquote class=\"wp-block-quote is-layout-flow wp-block-quote-is-layout-flow\">\n<p>Eu creo que levar o d\u00eda a d\u00eda dun equipo como o noso xa \u00e9 especialmente ilusionante, pero por destacar un podo mencionar unha competici\u00f3n que xogamos o ano pasado no estadio de San Mam\u00e9s, en Bilbao, que foi un momento precioso para as xogadoras.<\/p>\n<\/blockquote>\n","protected":false},"excerpt":{"rendered":"<div class=\"mh-excerpt\"><p>A situaci\u00f3n do f\u00fatbol feminino \u00e9 unha das eivas m\u00e1is importantes que observamos nesta viaxe polo f\u00fatbol modesto da nosa \u00e1rea de influencia <a class=\"mh-excerpt-more\" href=\"https:\/\/www.anovapeneira.gal\/index.php\/2025\/12\/10\/lostrego-c-f\/\" title=\"L\u00f3strego C.F\">[&#8230;]<\/a><\/p>\n<\/div>","protected":false},"author":3,"featured_media":15053,"comment_status":"open","ping_status":"open","sticky":false,"template":"","format":"standard","meta":{"_exactmetrics_skip_tracking":false,"_exactmetrics_sitenote_active":false,"_exactmetrics_sitenote_note":"","_exactmetrics_sitenote_category":0,"footnotes":""},"categories":[497],"tags":[227],"class_list":{"0":"post-15052","1":"post","2":"type-post","3":"status-publish","4":"format-standard","5":"has-post-thumbnail","7":"category-vigo-reportaxes","8":"tag-concello-de-vigo"},"yoast_head":"<!-- This site is optimized with the Yoast SEO plugin v27.4 - https:\/\/yoast.com\/product\/yoast-seo-wordpress\/ -->\n<title>L\u00f3strego C.F -<\/title>\n<meta name=\"robots\" content=\"index, follow, max-snippet:-1, max-image-preview:large, max-video-preview:-1\" \/>\n<link rel=\"canonical\" href=\"https:\/\/www.anovapeneira.gal\/index.php\/2025\/12\/10\/lostrego-c-f\/\" \/>\n<meta property=\"og:locale\" content=\"gl_ES\" \/>\n<meta property=\"og:type\" content=\"article\" \/>\n<meta property=\"og:title\" content=\"L\u00f3strego C.F -\" \/>\n<meta property=\"og:description\" content=\"A situaci\u00f3n do f\u00fatbol feminino \u00e9 unha das eivas m\u00e1is importantes que observamos nesta viaxe polo f\u00fatbol modesto da nosa \u00e1rea de influencia [...]\" \/>\n<meta property=\"og:url\" content=\"https:\/\/www.anovapeneira.gal\/index.php\/2025\/12\/10\/lostrego-c-f\/\" \/>\n<meta property=\"article:publisher\" content=\"https:\/\/www.facebook.com\/anovapeneira\" \/>\n<meta property=\"article:published_time\" content=\"2025-12-10T09:00:10+00:00\" \/>\n<meta property=\"og:image\" content=\"https:\/\/www.anovapeneira.gal\/wp-content\/uploads\/2025\/12\/lostrego.jpg\" \/>\n\t<meta property=\"og:image:width\" content=\"720\" \/>\n\t<meta property=\"og:image:height\" content=\"432\" \/>\n\t<meta property=\"og:image:type\" content=\"image\/jpeg\" \/>\n<meta name=\"author\" content=\"Redacci\u00f3n A Nova Peneira\" \/>\n<meta name=\"twitter:card\" content=\"summary_large_image\" \/>\n<meta name=\"twitter:creator\" content=\"@APeneira\" \/>\n<meta name=\"twitter:site\" content=\"@APeneira\" \/>\n<meta name=\"twitter:label1\" content=\"Escrito por\" \/>\n\t<meta name=\"twitter:data1\" content=\"Redacci\u00f3n A Nova Peneira\" \/>\n\t<meta name=\"twitter:label2\" content=\"Tempo de lectura\" \/>\n\t<meta name=\"twitter:data2\" content=\"3 minutos\" \/>\n<script type=\"application\/ld+json\" class=\"yoast-schema-graph\">{\"@context\":\"https:\\\/\\\/schema.org\",\"@graph\":[{\"@type\":\"Article\",\"@id\":\"https:\\\/\\\/www.anovapeneira.gal\\\/index.php\\\/2025\\\/12\\\/10\\\/lostrego-c-f\\\/#article\",\"isPartOf\":{\"@id\":\"https:\\\/\\\/www.anovapeneira.gal\\\/index.php\\\/2025\\\/12\\\/10\\\/lostrego-c-f\\\/\"},\"author\":{\"name\":\"Redacci\u00f3n A Nova Peneira\",\"@id\":\"https:\\\/\\\/www.anovapeneira.gal\\\/#\\\/schema\\\/person\\\/b93e3f8932e3f8da96334607eb6ac6aa\"},\"headline\":\"L\u00f3strego C.F\",\"datePublished\":\"2025-12-10T09:00:10+00:00\",\"mainEntityOfPage\":{\"@id\":\"https:\\\/\\\/www.anovapeneira.gal\\\/index.php\\\/2025\\\/12\\\/10\\\/lostrego-c-f\\\/\"},\"wordCount\":1089,\"commentCount\":0,\"publisher\":{\"@id\":\"https:\\\/\\\/www.anovapeneira.gal\\\/#organization\"},\"image\":{\"@id\":\"https:\\\/\\\/www.anovapeneira.gal\\\/index.php\\\/2025\\\/12\\\/10\\\/lostrego-c-f\\\/#primaryimage\"},\"thumbnailUrl\":\"https:\\\/\\\/www.anovapeneira.gal\\\/wp-content\\\/uploads\\\/2025\\\/12\\\/lostrego.jpg\",\"keywords\":[\"Concello de Vigo\"],\"articleSection\":[\"Vigo\"],\"inLanguage\":\"gl-ES\",\"potentialAction\":[{\"@type\":\"CommentAction\",\"name\":\"Comment\",\"target\":[\"https:\\\/\\\/www.anovapeneira.gal\\\/index.php\\\/2025\\\/12\\\/10\\\/lostrego-c-f\\\/#respond\"]}]},{\"@type\":\"WebPage\",\"@id\":\"https:\\\/\\\/www.anovapeneira.gal\\\/index.php\\\/2025\\\/12\\\/10\\\/lostrego-c-f\\\/\",\"url\":\"https:\\\/\\\/www.anovapeneira.gal\\\/index.php\\\/2025\\\/12\\\/10\\\/lostrego-c-f\\\/\",\"name\":\"L\u00f3strego C.F -\",\"isPartOf\":{\"@id\":\"https:\\\/\\\/www.anovapeneira.gal\\\/#website\"},\"primaryImageOfPage\":{\"@id\":\"https:\\\/\\\/www.anovapeneira.gal\\\/index.php\\\/2025\\\/12\\\/10\\\/lostrego-c-f\\\/#primaryimage\"},\"image\":{\"@id\":\"https:\\\/\\\/www.anovapeneira.gal\\\/index.php\\\/2025\\\/12\\\/10\\\/lostrego-c-f\\\/#primaryimage\"},\"thumbnailUrl\":\"https:\\\/\\\/www.anovapeneira.gal\\\/wp-content\\\/uploads\\\/2025\\\/12\\\/lostrego.jpg\",\"datePublished\":\"2025-12-10T09:00:10+00:00\",\"breadcrumb\":{\"@id\":\"https:\\\/\\\/www.anovapeneira.gal\\\/index.php\\\/2025\\\/12\\\/10\\\/lostrego-c-f\\\/#breadcrumb\"},\"inLanguage\":\"gl-ES\",\"potentialAction\":[{\"@type\":\"ReadAction\",\"target\":[\"https:\\\/\\\/www.anovapeneira.gal\\\/index.php\\\/2025\\\/12\\\/10\\\/lostrego-c-f\\\/\"]}]},{\"@type\":\"ImageObject\",\"inLanguage\":\"gl-ES\",\"@id\":\"https:\\\/\\\/www.anovapeneira.gal\\\/index.php\\\/2025\\\/12\\\/10\\\/lostrego-c-f\\\/#primaryimage\",\"url\":\"https:\\\/\\\/www.anovapeneira.gal\\\/wp-content\\\/uploads\\\/2025\\\/12\\\/lostrego.jpg\",\"contentUrl\":\"https:\\\/\\\/www.anovapeneira.gal\\\/wp-content\\\/uploads\\\/2025\\\/12\\\/lostrego.jpg\",\"width\":720,\"height\":432},{\"@type\":\"BreadcrumbList\",\"@id\":\"https:\\\/\\\/www.anovapeneira.gal\\\/index.php\\\/2025\\\/12\\\/10\\\/lostrego-c-f\\\/#breadcrumb\",\"itemListElement\":[{\"@type\":\"ListItem\",\"position\":1,\"name\":\"Portada\",\"item\":\"https:\\\/\\\/www.anovapeneira.gal\\\/\"},{\"@type\":\"ListItem\",\"position\":2,\"name\":\"L\u00f3strego C.F\"}]},{\"@type\":\"WebSite\",\"@id\":\"https:\\\/\\\/www.anovapeneira.gal\\\/#website\",\"url\":\"https:\\\/\\\/www.anovapeneira.gal\\\/\",\"name\":\"\",\"description\":\"Xornal galego de informaci\u00f3n xeral Publicaci\u00f3n mensual de novas de Galicia e en especial dos Concellos da sur da provincia de Pontevedra.\",\"publisher\":{\"@id\":\"https:\\\/\\\/www.anovapeneira.gal\\\/#organization\"},\"potentialAction\":[{\"@type\":\"SearchAction\",\"target\":{\"@type\":\"EntryPoint\",\"urlTemplate\":\"https:\\\/\\\/www.anovapeneira.gal\\\/?s={search_term_string}\"},\"query-input\":{\"@type\":\"PropertyValueSpecification\",\"valueRequired\":true,\"valueName\":\"search_term_string\"}}],\"inLanguage\":\"gl-ES\"},{\"@type\":\"Organization\",\"@id\":\"https:\\\/\\\/www.anovapeneira.gal\\\/#organization\",\"name\":\"A Nova Peneira\",\"url\":\"https:\\\/\\\/www.anovapeneira.gal\\\/\",\"logo\":{\"@type\":\"ImageObject\",\"inLanguage\":\"gl-ES\",\"@id\":\"https:\\\/\\\/www.anovapeneira.gal\\\/#\\\/schema\\\/logo\\\/image\\\/\",\"url\":\"http:\\\/\\\/www.anovapeneira.gal\\\/wp-content\\\/uploads\\\/2019\\\/06\\\/logo_a_nova_peneira_portal_web.png\",\"contentUrl\":\"http:\\\/\\\/www.anovapeneira.gal\\\/wp-content\\\/uploads\\\/2019\\\/06\\\/logo_a_nova_peneira_portal_web.png\",\"width\":300,\"height\":100,\"caption\":\"A Nova Peneira\"},\"image\":{\"@id\":\"https:\\\/\\\/www.anovapeneira.gal\\\/#\\\/schema\\\/logo\\\/image\\\/\"},\"sameAs\":[\"https:\\\/\\\/www.facebook.com\\\/anovapeneira\",\"https:\\\/\\\/x.com\\\/APeneira\"]},{\"@type\":\"Person\",\"@id\":\"https:\\\/\\\/www.anovapeneira.gal\\\/#\\\/schema\\\/person\\\/b93e3f8932e3f8da96334607eb6ac6aa\",\"name\":\"Redacci\u00f3n A Nova Peneira\",\"image\":{\"@type\":\"ImageObject\",\"inLanguage\":\"gl-ES\",\"@id\":\"https:\\\/\\\/secure.gravatar.com\\\/avatar\\\/c052a2551a06e23fac63626232eaa90abd78dbcf1700fc46a2b2c89fd27b735f?s=96&d=mm&r=g\",\"url\":\"https:\\\/\\\/secure.gravatar.com\\\/avatar\\\/c052a2551a06e23fac63626232eaa90abd78dbcf1700fc46a2b2c89fd27b735f?s=96&d=mm&r=g\",\"contentUrl\":\"https:\\\/\\\/secure.gravatar.com\\\/avatar\\\/c052a2551a06e23fac63626232eaa90abd78dbcf1700fc46a2b2c89fd27b735f?s=96&d=mm&r=g\",\"caption\":\"Redacci\u00f3n A Nova Peneira\"},\"sameAs\":[\"http:\\\/\\\/www.anovapeneira.gal\\\/\"],\"url\":\"https:\\\/\\\/www.anovapeneira.gal\\\/index.php\\\/author\\\/redactor\\\/\"}]}<\/script>\n<!-- \/ Yoast SEO plugin. -->","yoast_head_json":{"title":"L\u00f3strego C.F -","robots":{"index":"index","follow":"follow","max-snippet":"max-snippet:-1","max-image-preview":"max-image-preview:large","max-video-preview":"max-video-preview:-1"},"canonical":"https:\/\/www.anovapeneira.gal\/index.php\/2025\/12\/10\/lostrego-c-f\/","og_locale":"gl_ES","og_type":"article","og_title":"L\u00f3strego C.F -","og_description":"A situaci\u00f3n do f\u00fatbol feminino \u00e9 unha das eivas m\u00e1is importantes que observamos nesta viaxe polo f\u00fatbol modesto da nosa \u00e1rea de influencia [...]","og_url":"https:\/\/www.anovapeneira.gal\/index.php\/2025\/12\/10\/lostrego-c-f\/","article_publisher":"https:\/\/www.facebook.com\/anovapeneira","article_published_time":"2025-12-10T09:00:10+00:00","og_image":[{"width":720,"height":432,"url":"https:\/\/www.anovapeneira.gal\/wp-content\/uploads\/2025\/12\/lostrego.jpg","type":"image\/jpeg"}],"author":"Redacci\u00f3n A Nova Peneira","twitter_card":"summary_large_image","twitter_creator":"@APeneira","twitter_site":"@APeneira","twitter_misc":{"Escrito por":"Redacci\u00f3n A Nova Peneira","Tempo de lectura":"3 minutos"},"schema":{"@context":"https:\/\/schema.org","@graph":[{"@type":"Article","@id":"https:\/\/www.anovapeneira.gal\/index.php\/2025\/12\/10\/lostrego-c-f\/#article","isPartOf":{"@id":"https:\/\/www.anovapeneira.gal\/index.php\/2025\/12\/10\/lostrego-c-f\/"},"author":{"name":"Redacci\u00f3n A Nova Peneira","@id":"https:\/\/www.anovapeneira.gal\/#\/schema\/person\/b93e3f8932e3f8da96334607eb6ac6aa"},"headline":"L\u00f3strego C.F","datePublished":"2025-12-10T09:00:10+00:00","mainEntityOfPage":{"@id":"https:\/\/www.anovapeneira.gal\/index.php\/2025\/12\/10\/lostrego-c-f\/"},"wordCount":1089,"commentCount":0,"publisher":{"@id":"https:\/\/www.anovapeneira.gal\/#organization"},"image":{"@id":"https:\/\/www.anovapeneira.gal\/index.php\/2025\/12\/10\/lostrego-c-f\/#primaryimage"},"thumbnailUrl":"https:\/\/www.anovapeneira.gal\/wp-content\/uploads\/2025\/12\/lostrego.jpg","keywords":["Concello de Vigo"],"articleSection":["Vigo"],"inLanguage":"gl-ES","potentialAction":[{"@type":"CommentAction","name":"Comment","target":["https:\/\/www.anovapeneira.gal\/index.php\/2025\/12\/10\/lostrego-c-f\/#respond"]}]},{"@type":"WebPage","@id":"https:\/\/www.anovapeneira.gal\/index.php\/2025\/12\/10\/lostrego-c-f\/","url":"https:\/\/www.anovapeneira.gal\/index.php\/2025\/12\/10\/lostrego-c-f\/","name":"L\u00f3strego C.F -","isPartOf":{"@id":"https:\/\/www.anovapeneira.gal\/#website"},"primaryImageOfPage":{"@id":"https:\/\/www.anovapeneira.gal\/index.php\/2025\/12\/10\/lostrego-c-f\/#primaryimage"},"image":{"@id":"https:\/\/www.anovapeneira.gal\/index.php\/2025\/12\/10\/lostrego-c-f\/#primaryimage"},"thumbnailUrl":"https:\/\/www.anovapeneira.gal\/wp-content\/uploads\/2025\/12\/lostrego.jpg","datePublished":"2025-12-10T09:00:10+00:00","breadcrumb":{"@id":"https:\/\/www.anovapeneira.gal\/index.php\/2025\/12\/10\/lostrego-c-f\/#breadcrumb"},"inLanguage":"gl-ES","potentialAction":[{"@type":"ReadAction","target":["https:\/\/www.anovapeneira.gal\/index.php\/2025\/12\/10\/lostrego-c-f\/"]}]},{"@type":"ImageObject","inLanguage":"gl-ES","@id":"https:\/\/www.anovapeneira.gal\/index.php\/2025\/12\/10\/lostrego-c-f\/#primaryimage","url":"https:\/\/www.anovapeneira.gal\/wp-content\/uploads\/2025\/12\/lostrego.jpg","contentUrl":"https:\/\/www.anovapeneira.gal\/wp-content\/uploads\/2025\/12\/lostrego.jpg","width":720,"height":432},{"@type":"BreadcrumbList","@id":"https:\/\/www.anovapeneira.gal\/index.php\/2025\/12\/10\/lostrego-c-f\/#breadcrumb","itemListElement":[{"@type":"ListItem","position":1,"name":"Portada","item":"https:\/\/www.anovapeneira.gal\/"},{"@type":"ListItem","position":2,"name":"L\u00f3strego C.F"}]},{"@type":"WebSite","@id":"https:\/\/www.anovapeneira.gal\/#website","url":"https:\/\/www.anovapeneira.gal\/","name":"","description":"Xornal galego de informaci\u00f3n xeral Publicaci\u00f3n mensual de novas de Galicia e en especial dos Concellos da sur da provincia de Pontevedra.","publisher":{"@id":"https:\/\/www.anovapeneira.gal\/#organization"},"potentialAction":[{"@type":"SearchAction","target":{"@type":"EntryPoint","urlTemplate":"https:\/\/www.anovapeneira.gal\/?s={search_term_string}"},"query-input":{"@type":"PropertyValueSpecification","valueRequired":true,"valueName":"search_term_string"}}],"inLanguage":"gl-ES"},{"@type":"Organization","@id":"https:\/\/www.anovapeneira.gal\/#organization","name":"A Nova Peneira","url":"https:\/\/www.anovapeneira.gal\/","logo":{"@type":"ImageObject","inLanguage":"gl-ES","@id":"https:\/\/www.anovapeneira.gal\/#\/schema\/logo\/image\/","url":"http:\/\/www.anovapeneira.gal\/wp-content\/uploads\/2019\/06\/logo_a_nova_peneira_portal_web.png","contentUrl":"http:\/\/www.anovapeneira.gal\/wp-content\/uploads\/2019\/06\/logo_a_nova_peneira_portal_web.png","width":300,"height":100,"caption":"A Nova Peneira"},"image":{"@id":"https:\/\/www.anovapeneira.gal\/#\/schema\/logo\/image\/"},"sameAs":["https:\/\/www.facebook.com\/anovapeneira","https:\/\/x.com\/APeneira"]},{"@type":"Person","@id":"https:\/\/www.anovapeneira.gal\/#\/schema\/person\/b93e3f8932e3f8da96334607eb6ac6aa","name":"Redacci\u00f3n A Nova Peneira","image":{"@type":"ImageObject","inLanguage":"gl-ES","@id":"https:\/\/secure.gravatar.com\/avatar\/c052a2551a06e23fac63626232eaa90abd78dbcf1700fc46a2b2c89fd27b735f?s=96&d=mm&r=g","url":"https:\/\/secure.gravatar.com\/avatar\/c052a2551a06e23fac63626232eaa90abd78dbcf1700fc46a2b2c89fd27b735f?s=96&d=mm&r=g","contentUrl":"https:\/\/secure.gravatar.com\/avatar\/c052a2551a06e23fac63626232eaa90abd78dbcf1700fc46a2b2c89fd27b735f?s=96&d=mm&r=g","caption":"Redacci\u00f3n A Nova Peneira"},"sameAs":["http:\/\/www.anovapeneira.gal\/"],"url":"https:\/\/www.anovapeneira.gal\/index.php\/author\/redactor\/"}]}},"jetpack_featured_media_url":"https:\/\/www.anovapeneira.gal\/wp-content\/uploads\/2025\/12\/lostrego.jpg","_links":{"self":[{"href":"https:\/\/www.anovapeneira.gal\/index.php\/wp-json\/wp\/v2\/posts\/15052","targetHints":{"allow":["GET"]}}],"collection":[{"href":"https:\/\/www.anovapeneira.gal\/index.php\/wp-json\/wp\/v2\/posts"}],"about":[{"href":"https:\/\/www.anovapeneira.gal\/index.php\/wp-json\/wp\/v2\/types\/post"}],"author":[{"embeddable":true,"href":"https:\/\/www.anovapeneira.gal\/index.php\/wp-json\/wp\/v2\/users\/3"}],"replies":[{"embeddable":true,"href":"https:\/\/www.anovapeneira.gal\/index.php\/wp-json\/wp\/v2\/comments?post=15052"}],"version-history":[{"count":1,"href":"https:\/\/www.anovapeneira.gal\/index.php\/wp-json\/wp\/v2\/posts\/15052\/revisions"}],"predecessor-version":[{"id":15054,"href":"https:\/\/www.anovapeneira.gal\/index.php\/wp-json\/wp\/v2\/posts\/15052\/revisions\/15054"}],"wp:featuredmedia":[{"embeddable":true,"href":"https:\/\/www.anovapeneira.gal\/index.php\/wp-json\/wp\/v2\/media\/15053"}],"wp:attachment":[{"href":"https:\/\/www.anovapeneira.gal\/index.php\/wp-json\/wp\/v2\/media?parent=15052"}],"wp:term":[{"taxonomy":"category","embeddable":true,"href":"https:\/\/www.anovapeneira.gal\/index.php\/wp-json\/wp\/v2\/categories?post=15052"},{"taxonomy":"post_tag","embeddable":true,"href":"https:\/\/www.anovapeneira.gal\/index.php\/wp-json\/wp\/v2\/tags?post=15052"}],"curies":[{"name":"wp","href":"https:\/\/api.w.org\/{rel}","templated":true}]}}