{"id":15055,"date":"2025-12-10T12:00:55","date_gmt":"2025-12-10T11:00:55","guid":{"rendered":"https:\/\/www.anovapeneira.gal\/?p=15055"},"modified":"2025-12-04T11:05:19","modified_gmt":"2025-12-04T10:05:19","slug":"a-gran-comedia-do-continuum-cronica-da-non-transicion-e-o-casting-dos-apelidos","status":"publish","type":"post","link":"https:\/\/www.anovapeneira.gal\/index.php\/2025\/12\/10\/a-gran-comedia-do-continuum-cronica-da-non-transicion-e-o-casting-dos-apelidos\/","title":{"rendered":"A Gran Comedia do Continuum: Cr\u00f3nica da Non-Transici\u00f3n e o Casting dos Apelidos"},"content":{"rendered":"\n<pre class=\"wp-block-verse\"><strong>Gonzalo Amoedo L\u00f3pez<\/strong><\/pre>\n\n\n\n<blockquote class=\"wp-block-quote is-layout-flow wp-block-quote-is-layout-flow\">\n<pre class=\"wp-block-preformatted\"><em>\"A democracia en Espa\u00f1a non \u00e9 un sistema pol\u00edtico; \u00e9 un <strong>contrato de servizos<\/strong> que garante a estabilidade das elites, onde a liberdade reside na sublime capacidade dos seus descendentes para cambiar de partido sen incorrer na bancarrota moral. O ascensor social non existe, a\u00ednda que nos fixeron crer que si exist\u00eda\".<\/em><\/pre>\n<\/blockquote>\n\n\n\n<blockquote class=\"wp-block-quote is-layout-flow wp-block-quote-is-layout-flow\">\n<p>\u2014 <em>O Observador Perpetuo.<\/em><\/p>\n<\/blockquote>\n\n\n\n<p>O fen\u00f3meno da Transici\u00f3n espa\u00f1ola \u00e9 unha peza mestra de <strong>ilusionismo pol\u00edtico<\/strong>, un <em>vodevil<\/em> tan ben montado que a maior\u00eda do p\u00fablico de hoxe en d\u00eda a\u00ednda aplaude a &#8220;ruptura&#8221; que nunca se consumou. Baixo a fanfarria constitucional, o que realmente se pactou foi a <strong>eterna permanencia da Nomenclatura<\/strong>, unha estirpe que entende a pol\u00edtica non como servizo, sen\u00f3n como <strong>herdanza patrimonial<\/strong> cunha rendibilidade garantida.<\/p>\n\n\n\n<h3 class=\"wp-block-heading\">I. A Hixiene do Apelido: A Ascensi\u00f3n polo <em>Quid Pro Quo<\/em> Xen\u00e9tico<\/h3>\n\n\n\n<p>A primeira e m\u00e1is hilarante evidencia \u00e9 que a Transici\u00f3n foi, ante todo, un <strong>mecanismo de <\/strong><em><strong>branquexo<\/strong><\/em> para os apelidos comprometidos. A nova clase dirixente non foi seleccionada por m\u00e9rito, sen\u00f3n pola s\u00faa <strong>\u00e1rbore xeneal\u00f3xica<\/strong>.<\/p>\n\n\n\n<ul class=\"wp-block-list\">\n<li>O <strong>46,5%<\/strong> de ex-cargos tardofranquistas reconvertidos en alcaldes non ilustran a integraci\u00f3n, sen\u00f3n a <strong>toma de control accionarial<\/strong>. Estes <em>veteranos<\/em> demostraron unha flexibilidade moral admirable, trocando o uniforme falanxista polo <em>cachet<\/em> democr\u00e1tico.<\/li>\n\n\n\n<li>O <em>continuum<\/em> triunfou cando as elites comprenderon que pod\u00edan disimular mellor a s\u00faa procedencia nos partidos que simulaban o cambio. O PSOE converteuse no <strong>sal\u00f3n de baile ideal<\/strong> para os <em>cachorros<\/em> con pasado inc\u00f3modo, garantindo as\u00ed unha <strong>soluci\u00f3n lucrativa e persoal<\/strong> a problemas de conciencia.<\/li>\n\n\n\n<li><strong>O Caso Abel Caballero<\/strong> \u00e9 o ep\u00edtome do sarcasmo: a s\u00faa <strong>aversi\u00f3n neur\u00f3tica<\/strong> \u00e1 bandeira republicana ou a derrubar as cruces polos ca\u00eddos s\u00f3 se entenden cando se lembra que entre os seus familiares hab\u00eda unha morea de falanxistas, entre eles un <strong>Xefe Comarcal de FE<\/strong> que organizaba <em>batidas<\/em> contra &#8220;roxos perigosos&#8221;. A <em>retranca<\/em> \u00e9 que o instinto familiar sempre prevalece sobre a ideolox\u00eda adquirida.<\/li>\n<\/ul>\n\n\n\n<h3 class=\"wp-block-heading\">II. O <em>Kit<\/em> da Inercia: Xustiza, Igrexa e <em>Atrezzo<\/em><\/h3>\n\n\n\n<p>Para que o <em>continuum<\/em> sexa estable, \u00e9 imprescindible que os monolitos do <em>statu quo<\/em> permanezan intocables:<\/p>\n\n\n\n<ol class=\"wp-block-list\">\n<li><strong>A Xustiza de Casta:<\/strong> A Audiencia Nacional, o tribunal de excepci\u00f3n herdado, non foi desmantelada. Por que renunciar a unha <strong>ferramenta de coacci\u00f3n<\/strong> tan \u00fatil? Os fillos de <strong>falanxistas de primeira li\u00f1a<\/strong> ou ex-cargos represores acaban por presidir as Audiencias, garantindo que o <strong>control dos \u00f3rganos de garant\u00eda<\/strong> permaneza inmutable. O <em>estigma de Caim<\/em> non \u00e9 un fardo; \u00e9 un <strong>credencial de lealdade<\/strong>.<\/li>\n\n\n\n<li><strong>A Mitra e a S\u00edndrome de Estocolmo:<\/strong> A Igrexa Cat\u00f3lica non s\u00f3 mantivo o seu <strong>financiamento estatal<\/strong>, sen\u00f3n que logrou que os supostos <em>progresistas<\/em> adoptasen unha <strong>actitude de corte e confesionario<\/strong>. A actitude de <strong>Mar\u00eda Teresa Fern\u00e1ndez de la Vega<\/strong> (vicepresidenta, filla de falanxista) e a dos seus colegas ante a Igrexa non \u00e9 m\u00e1is que a <strong>hixiene dun <\/strong><em><strong>aparato<\/strong><\/em> que sabe onde residen os verdadeiros vetos. A fe no <em>status quo<\/em> \u00e9 m\u00e1is forte que a fe no laicismo.<\/li>\n\n\n\n<li><strong>O <\/strong><em><strong>Kitsch<\/strong><\/em><strong> Nacional:<\/strong> O PSOE, no seu af\u00e1n por reconstru\u00edr\/redefinir o nacionalismo espa\u00f1ol, elixe o <strong>Doce de Outubro<\/strong> (carga colonial e racista) fronte ao 6 de Decembro (a Constituci\u00f3n). \u00c9 a <strong>confirmaci\u00f3n retorcida<\/strong> de que as nostalxias do Imperio son m\u00e1is <em>sexy<\/em> que a simple legalidade.<\/li>\n<\/ol>\n\n\n\n<h3 class=\"wp-block-heading\">III. A \u00c9tica da Amnesia e o <em>Reciclaxe<\/em> do Cinismo<\/h3>\n\n\n\n<p>O obxectivo final desta comedia \u00e9 a <strong>anulaci\u00f3n da capacidade de axuizar<\/strong>. Os dous partidos hexem\u00f3nicos \u2014o PP obsesionado coa <strong>amnesia total<\/strong> e o PSOE coa <strong>formalizaci\u00f3n domesticada<\/strong>\u2014 converxen nun \u00fanico prop\u00f3sito: que ningu\u00e9n se lembre do que sucedeu <em>onte mesmo<\/em>.<\/p>\n\n\n\n<p>A figura do xornalista <strong>Fernando \u00d3nega<\/strong> (ex-Xefe de Prensa da &#8220;Guardia de Franco&#8221; e aplaudidor de execuci\u00f3ns) reconvertido en defensor da Memoria e galardoado coa Medalla Castelao \u00e9 o exemplo perfecto de <strong>cinismo sist\u00e9mico<\/strong>. O seu <em>rebranding<\/em> (proceso de crear unha nova identidade para unha marca xa existente) non \u00e9 un acto de arrepentimento, sen\u00f3n a proba de que o sistema premia a aqueles que demostran a maior <strong>elasticidade \u00e9tica<\/strong>.<\/p>\n\n\n\n<p>A nosa democracia, cos seus <strong>mecanismos de excepci\u00f3n<\/strong> (c\u00e1rcere por ideas, leis que penalizan a disidencia territorial), non \u00e9 un fracaso; \u00e9 un <strong>\u00e9xito de control<\/strong>. \u00c9 a confirmaci\u00f3n de que a Transici\u00f3n non cambiou o <em>que<\/em><em>n<\/em> mandaba, sen\u00f3n o <em>como<\/em> se mandaba: <strong>vestindo o despotismo co <\/strong><em><strong>atrezzo<\/strong><\/em><strong> da pluralidade<\/strong>.<\/p>\n\n\n\n<p>En definitiva, a lecci\u00f3n da Transici\u00f3n \u00e9 que non se pode romper cun pasado se os seus xestores seguen a ser os teus parentes m\u00e1is pr\u00f3ximos. O que vivimos \u00e9 a versi\u00f3n pol\u00edtica do <strong>d\u00eda da marmota<\/strong>, onde a \u00fanica mudanza \u00e9 que os apelidos se fixeron m\u00e1is ricos e a <strong>amnesia converteuse en deber c\u00edvico<\/strong>.<\/p>\n","protected":false},"excerpt":{"rendered":"<div class=\"mh-excerpt\"><p>A democracia en Espa\u00f1a non \u00e9 un sistema pol\u00edtico; \u00e9 un contrato de servizos que garante a estabilidade das elites <a class=\"mh-excerpt-more\" href=\"https:\/\/www.anovapeneira.gal\/index.php\/2025\/12\/10\/a-gran-comedia-do-continuum-cronica-da-non-transicion-e-o-casting-dos-apelidos\/\" title=\"A Gran Comedia do Continuum: Cr\u00f3nica da Non-Transici\u00f3n e o Casting dos Apelidos\">[&#8230;]<\/a><\/p>\n<\/div>","protected":false},"author":12,"featured_media":584,"comment_status":"open","ping_status":"open","sticky":false,"template":"","format":"standard","meta":{"_exactmetrics_skip_tracking":false,"_exactmetrics_sitenote_active":false,"_exactmetrics_sitenote_note":"","_exactmetrics_sitenote_category":0,"footnotes":""},"categories":[7],"tags":[1470],"class_list":{"0":"post-15055","1":"post","2":"type-post","3":"status-publish","4":"format-standard","5":"has-post-thumbnail","7":"category-artigos-de-opinion","8":"tag-gonzalo-amoedo-lopez"},"yoast_head":"<!-- This site is optimized with the Yoast SEO plugin v27.5 - https:\/\/yoast.com\/product\/yoast-seo-wordpress\/ -->\n<title>A Gran Comedia do Continuum: Cr\u00f3nica da Non-Transici\u00f3n e o Casting dos Apelidos -<\/title>\n<meta name=\"robots\" content=\"index, follow, max-snippet:-1, max-image-preview:large, max-video-preview:-1\" \/>\n<link rel=\"canonical\" href=\"https:\/\/www.anovapeneira.gal\/index.php\/2025\/12\/10\/a-gran-comedia-do-continuum-cronica-da-non-transicion-e-o-casting-dos-apelidos\/\" \/>\n<meta property=\"og:locale\" content=\"gl_ES\" \/>\n<meta property=\"og:type\" content=\"article\" \/>\n<meta property=\"og:title\" content=\"A Gran Comedia do Continuum: Cr\u00f3nica da Non-Transici\u00f3n e o Casting dos Apelidos -\" \/>\n<meta property=\"og:description\" content=\"A democracia en Espa\u00f1a non \u00e9 un sistema pol\u00edtico; \u00e9 un contrato de servizos que garante a estabilidade das elites [...]\" \/>\n<meta property=\"og:url\" content=\"https:\/\/www.anovapeneira.gal\/index.php\/2025\/12\/10\/a-gran-comedia-do-continuum-cronica-da-non-transicion-e-o-casting-dos-apelidos\/\" \/>\n<meta property=\"article:publisher\" content=\"https:\/\/www.facebook.com\/anovapeneira\" \/>\n<meta property=\"article:published_time\" content=\"2025-12-10T11:00:55+00:00\" \/>\n<meta property=\"og:image\" content=\"https:\/\/www.anovapeneira.gal\/wp-content\/uploads\/2019\/07\/ARTIGO_DE_OPINION_A_NOVA_PENEIRA.jpg\" \/>\n\t<meta property=\"og:image:width\" content=\"720\" \/>\n\t<meta property=\"og:image:height\" content=\"473\" \/>\n\t<meta property=\"og:image:type\" content=\"image\/jpeg\" \/>\n<meta name=\"author\" content=\"Artigos Opini\u00f3n\" \/>\n<meta name=\"twitter:card\" content=\"summary_large_image\" \/>\n<meta name=\"twitter:creator\" content=\"@APeneira\" \/>\n<meta name=\"twitter:site\" content=\"@APeneira\" \/>\n<meta name=\"twitter:label1\" content=\"Escrito por\" \/>\n\t<meta name=\"twitter:data1\" content=\"Artigos Opini\u00f3n\" \/>\n\t<meta name=\"twitter:label2\" content=\"Tempo de lectura\" \/>\n\t<meta name=\"twitter:data2\" content=\"5 minutos\" \/>\n<script type=\"application\/ld+json\" class=\"yoast-schema-graph\">{\"@context\":\"https:\\\/\\\/schema.org\",\"@graph\":[{\"@type\":\"Article\",\"@id\":\"https:\\\/\\\/www.anovapeneira.gal\\\/index.php\\\/2025\\\/12\\\/10\\\/a-gran-comedia-do-continuum-cronica-da-non-transicion-e-o-casting-dos-apelidos\\\/#article\",\"isPartOf\":{\"@id\":\"https:\\\/\\\/www.anovapeneira.gal\\\/index.php\\\/2025\\\/12\\\/10\\\/a-gran-comedia-do-continuum-cronica-da-non-transicion-e-o-casting-dos-apelidos\\\/\"},\"author\":{\"name\":\"Artigos Opini\u00f3n\",\"@id\":\"https:\\\/\\\/www.anovapeneira.gal\\\/#\\\/schema\\\/person\\\/f18a4feb302e8f20bcef4490b5b60bb3\"},\"headline\":\"A Gran Comedia do Continuum: Cr\u00f3nica da Non-Transici\u00f3n e o Casting dos Apelidos\",\"datePublished\":\"2025-12-10T11:00:55+00:00\",\"mainEntityOfPage\":{\"@id\":\"https:\\\/\\\/www.anovapeneira.gal\\\/index.php\\\/2025\\\/12\\\/10\\\/a-gran-comedia-do-continuum-cronica-da-non-transicion-e-o-casting-dos-apelidos\\\/\"},\"wordCount\":765,\"commentCount\":0,\"publisher\":{\"@id\":\"https:\\\/\\\/www.anovapeneira.gal\\\/#organization\"},\"image\":{\"@id\":\"https:\\\/\\\/www.anovapeneira.gal\\\/index.php\\\/2025\\\/12\\\/10\\\/a-gran-comedia-do-continuum-cronica-da-non-transicion-e-o-casting-dos-apelidos\\\/#primaryimage\"},\"thumbnailUrl\":\"https:\\\/\\\/www.anovapeneira.gal\\\/wp-content\\\/uploads\\\/2019\\\/07\\\/ARTIGO_DE_OPINION_A_NOVA_PENEIRA.jpg\",\"keywords\":[\"Gonzalo Amoedo L\u00f3pez\"],\"articleSection\":[\"Artigos de opini\u00f3n\"],\"inLanguage\":\"gl-ES\",\"potentialAction\":[{\"@type\":\"CommentAction\",\"name\":\"Comment\",\"target\":[\"https:\\\/\\\/www.anovapeneira.gal\\\/index.php\\\/2025\\\/12\\\/10\\\/a-gran-comedia-do-continuum-cronica-da-non-transicion-e-o-casting-dos-apelidos\\\/#respond\"]}]},{\"@type\":\"WebPage\",\"@id\":\"https:\\\/\\\/www.anovapeneira.gal\\\/index.php\\\/2025\\\/12\\\/10\\\/a-gran-comedia-do-continuum-cronica-da-non-transicion-e-o-casting-dos-apelidos\\\/\",\"url\":\"https:\\\/\\\/www.anovapeneira.gal\\\/index.php\\\/2025\\\/12\\\/10\\\/a-gran-comedia-do-continuum-cronica-da-non-transicion-e-o-casting-dos-apelidos\\\/\",\"name\":\"A Gran Comedia do Continuum: Cr\u00f3nica da Non-Transici\u00f3n e o Casting dos Apelidos -\",\"isPartOf\":{\"@id\":\"https:\\\/\\\/www.anovapeneira.gal\\\/#website\"},\"primaryImageOfPage\":{\"@id\":\"https:\\\/\\\/www.anovapeneira.gal\\\/index.php\\\/2025\\\/12\\\/10\\\/a-gran-comedia-do-continuum-cronica-da-non-transicion-e-o-casting-dos-apelidos\\\/#primaryimage\"},\"image\":{\"@id\":\"https:\\\/\\\/www.anovapeneira.gal\\\/index.php\\\/2025\\\/12\\\/10\\\/a-gran-comedia-do-continuum-cronica-da-non-transicion-e-o-casting-dos-apelidos\\\/#primaryimage\"},\"thumbnailUrl\":\"https:\\\/\\\/www.anovapeneira.gal\\\/wp-content\\\/uploads\\\/2019\\\/07\\\/ARTIGO_DE_OPINION_A_NOVA_PENEIRA.jpg\",\"datePublished\":\"2025-12-10T11:00:55+00:00\",\"breadcrumb\":{\"@id\":\"https:\\\/\\\/www.anovapeneira.gal\\\/index.php\\\/2025\\\/12\\\/10\\\/a-gran-comedia-do-continuum-cronica-da-non-transicion-e-o-casting-dos-apelidos\\\/#breadcrumb\"},\"inLanguage\":\"gl-ES\",\"potentialAction\":[{\"@type\":\"ReadAction\",\"target\":[\"https:\\\/\\\/www.anovapeneira.gal\\\/index.php\\\/2025\\\/12\\\/10\\\/a-gran-comedia-do-continuum-cronica-da-non-transicion-e-o-casting-dos-apelidos\\\/\"]}]},{\"@type\":\"ImageObject\",\"inLanguage\":\"gl-ES\",\"@id\":\"https:\\\/\\\/www.anovapeneira.gal\\\/index.php\\\/2025\\\/12\\\/10\\\/a-gran-comedia-do-continuum-cronica-da-non-transicion-e-o-casting-dos-apelidos\\\/#primaryimage\",\"url\":\"https:\\\/\\\/www.anovapeneira.gal\\\/wp-content\\\/uploads\\\/2019\\\/07\\\/ARTIGO_DE_OPINION_A_NOVA_PENEIRA.jpg\",\"contentUrl\":\"https:\\\/\\\/www.anovapeneira.gal\\\/wp-content\\\/uploads\\\/2019\\\/07\\\/ARTIGO_DE_OPINION_A_NOVA_PENEIRA.jpg\",\"width\":720,\"height\":473,\"caption\":\"Artigo de opini\u00f3n A Nova Peneira\"},{\"@type\":\"BreadcrumbList\",\"@id\":\"https:\\\/\\\/www.anovapeneira.gal\\\/index.php\\\/2025\\\/12\\\/10\\\/a-gran-comedia-do-continuum-cronica-da-non-transicion-e-o-casting-dos-apelidos\\\/#breadcrumb\",\"itemListElement\":[{\"@type\":\"ListItem\",\"position\":1,\"name\":\"Portada\",\"item\":\"https:\\\/\\\/www.anovapeneira.gal\\\/\"},{\"@type\":\"ListItem\",\"position\":2,\"name\":\"A Gran Comedia do Continuum: Cr\u00f3nica da Non-Transici\u00f3n e o Casting dos Apelidos\"}]},{\"@type\":\"WebSite\",\"@id\":\"https:\\\/\\\/www.anovapeneira.gal\\\/#website\",\"url\":\"https:\\\/\\\/www.anovapeneira.gal\\\/\",\"name\":\"\",\"description\":\"Xornal galego de informaci\u00f3n xeral Publicaci\u00f3n mensual de novas de Galicia e en especial dos Concellos da sur da provincia de Pontevedra.\",\"publisher\":{\"@id\":\"https:\\\/\\\/www.anovapeneira.gal\\\/#organization\"},\"potentialAction\":[{\"@type\":\"SearchAction\",\"target\":{\"@type\":\"EntryPoint\",\"urlTemplate\":\"https:\\\/\\\/www.anovapeneira.gal\\\/?s={search_term_string}\"},\"query-input\":{\"@type\":\"PropertyValueSpecification\",\"valueRequired\":true,\"valueName\":\"search_term_string\"}}],\"inLanguage\":\"gl-ES\"},{\"@type\":\"Organization\",\"@id\":\"https:\\\/\\\/www.anovapeneira.gal\\\/#organization\",\"name\":\"A Nova Peneira\",\"url\":\"https:\\\/\\\/www.anovapeneira.gal\\\/\",\"logo\":{\"@type\":\"ImageObject\",\"inLanguage\":\"gl-ES\",\"@id\":\"https:\\\/\\\/www.anovapeneira.gal\\\/#\\\/schema\\\/logo\\\/image\\\/\",\"url\":\"http:\\\/\\\/www.anovapeneira.gal\\\/wp-content\\\/uploads\\\/2019\\\/06\\\/logo_a_nova_peneira_portal_web.png\",\"contentUrl\":\"http:\\\/\\\/www.anovapeneira.gal\\\/wp-content\\\/uploads\\\/2019\\\/06\\\/logo_a_nova_peneira_portal_web.png\",\"width\":300,\"height\":100,\"caption\":\"A Nova Peneira\"},\"image\":{\"@id\":\"https:\\\/\\\/www.anovapeneira.gal\\\/#\\\/schema\\\/logo\\\/image\\\/\"},\"sameAs\":[\"https:\\\/\\\/www.facebook.com\\\/anovapeneira\",\"https:\\\/\\\/x.com\\\/APeneira\"]},{\"@type\":\"Person\",\"@id\":\"https:\\\/\\\/www.anovapeneira.gal\\\/#\\\/schema\\\/person\\\/f18a4feb302e8f20bcef4490b5b60bb3\",\"name\":\"Artigos Opini\u00f3n\",\"image\":{\"@type\":\"ImageObject\",\"inLanguage\":\"gl-ES\",\"@id\":\"https:\\\/\\\/secure.gravatar.com\\\/avatar\\\/072844300f4881150aee2da4278f7a65d16eefdf8262eb67085f1e702de2b959?s=96&d=mm&r=g\",\"url\":\"https:\\\/\\\/secure.gravatar.com\\\/avatar\\\/072844300f4881150aee2da4278f7a65d16eefdf8262eb67085f1e702de2b959?s=96&d=mm&r=g\",\"contentUrl\":\"https:\\\/\\\/secure.gravatar.com\\\/avatar\\\/072844300f4881150aee2da4278f7a65d16eefdf8262eb67085f1e702de2b959?s=96&d=mm&r=g\",\"caption\":\"Artigos Opini\u00f3n\"},\"sameAs\":[\"http:\\\/\\\/anovapeneira.gal\"],\"url\":\"https:\\\/\\\/www.anovapeneira.gal\\\/index.php\\\/author\\\/artigosopinion\\\/\"}]}<\/script>\n<!-- \/ Yoast SEO plugin. -->","yoast_head_json":{"title":"A Gran Comedia do Continuum: Cr\u00f3nica da Non-Transici\u00f3n e o Casting dos Apelidos -","robots":{"index":"index","follow":"follow","max-snippet":"max-snippet:-1","max-image-preview":"max-image-preview:large","max-video-preview":"max-video-preview:-1"},"canonical":"https:\/\/www.anovapeneira.gal\/index.php\/2025\/12\/10\/a-gran-comedia-do-continuum-cronica-da-non-transicion-e-o-casting-dos-apelidos\/","og_locale":"gl_ES","og_type":"article","og_title":"A Gran Comedia do Continuum: Cr\u00f3nica da Non-Transici\u00f3n e o Casting dos Apelidos -","og_description":"A democracia en Espa\u00f1a non \u00e9 un sistema pol\u00edtico; \u00e9 un contrato de servizos que garante a estabilidade das elites [...]","og_url":"https:\/\/www.anovapeneira.gal\/index.php\/2025\/12\/10\/a-gran-comedia-do-continuum-cronica-da-non-transicion-e-o-casting-dos-apelidos\/","article_publisher":"https:\/\/www.facebook.com\/anovapeneira","article_published_time":"2025-12-10T11:00:55+00:00","og_image":[{"width":720,"height":473,"url":"https:\/\/www.anovapeneira.gal\/wp-content\/uploads\/2019\/07\/ARTIGO_DE_OPINION_A_NOVA_PENEIRA.jpg","type":"image\/jpeg"}],"author":"Artigos Opini\u00f3n","twitter_card":"summary_large_image","twitter_creator":"@APeneira","twitter_site":"@APeneira","twitter_misc":{"Escrito por":"Artigos Opini\u00f3n","Tempo de lectura":"5 minutos"},"schema":{"@context":"https:\/\/schema.org","@graph":[{"@type":"Article","@id":"https:\/\/www.anovapeneira.gal\/index.php\/2025\/12\/10\/a-gran-comedia-do-continuum-cronica-da-non-transicion-e-o-casting-dos-apelidos\/#article","isPartOf":{"@id":"https:\/\/www.anovapeneira.gal\/index.php\/2025\/12\/10\/a-gran-comedia-do-continuum-cronica-da-non-transicion-e-o-casting-dos-apelidos\/"},"author":{"name":"Artigos Opini\u00f3n","@id":"https:\/\/www.anovapeneira.gal\/#\/schema\/person\/f18a4feb302e8f20bcef4490b5b60bb3"},"headline":"A Gran Comedia do Continuum: Cr\u00f3nica da Non-Transici\u00f3n e o Casting dos Apelidos","datePublished":"2025-12-10T11:00:55+00:00","mainEntityOfPage":{"@id":"https:\/\/www.anovapeneira.gal\/index.php\/2025\/12\/10\/a-gran-comedia-do-continuum-cronica-da-non-transicion-e-o-casting-dos-apelidos\/"},"wordCount":765,"commentCount":0,"publisher":{"@id":"https:\/\/www.anovapeneira.gal\/#organization"},"image":{"@id":"https:\/\/www.anovapeneira.gal\/index.php\/2025\/12\/10\/a-gran-comedia-do-continuum-cronica-da-non-transicion-e-o-casting-dos-apelidos\/#primaryimage"},"thumbnailUrl":"https:\/\/www.anovapeneira.gal\/wp-content\/uploads\/2019\/07\/ARTIGO_DE_OPINION_A_NOVA_PENEIRA.jpg","keywords":["Gonzalo Amoedo L\u00f3pez"],"articleSection":["Artigos de opini\u00f3n"],"inLanguage":"gl-ES","potentialAction":[{"@type":"CommentAction","name":"Comment","target":["https:\/\/www.anovapeneira.gal\/index.php\/2025\/12\/10\/a-gran-comedia-do-continuum-cronica-da-non-transicion-e-o-casting-dos-apelidos\/#respond"]}]},{"@type":"WebPage","@id":"https:\/\/www.anovapeneira.gal\/index.php\/2025\/12\/10\/a-gran-comedia-do-continuum-cronica-da-non-transicion-e-o-casting-dos-apelidos\/","url":"https:\/\/www.anovapeneira.gal\/index.php\/2025\/12\/10\/a-gran-comedia-do-continuum-cronica-da-non-transicion-e-o-casting-dos-apelidos\/","name":"A Gran Comedia do Continuum: Cr\u00f3nica da Non-Transici\u00f3n e o Casting dos Apelidos -","isPartOf":{"@id":"https:\/\/www.anovapeneira.gal\/#website"},"primaryImageOfPage":{"@id":"https:\/\/www.anovapeneira.gal\/index.php\/2025\/12\/10\/a-gran-comedia-do-continuum-cronica-da-non-transicion-e-o-casting-dos-apelidos\/#primaryimage"},"image":{"@id":"https:\/\/www.anovapeneira.gal\/index.php\/2025\/12\/10\/a-gran-comedia-do-continuum-cronica-da-non-transicion-e-o-casting-dos-apelidos\/#primaryimage"},"thumbnailUrl":"https:\/\/www.anovapeneira.gal\/wp-content\/uploads\/2019\/07\/ARTIGO_DE_OPINION_A_NOVA_PENEIRA.jpg","datePublished":"2025-12-10T11:00:55+00:00","breadcrumb":{"@id":"https:\/\/www.anovapeneira.gal\/index.php\/2025\/12\/10\/a-gran-comedia-do-continuum-cronica-da-non-transicion-e-o-casting-dos-apelidos\/#breadcrumb"},"inLanguage":"gl-ES","potentialAction":[{"@type":"ReadAction","target":["https:\/\/www.anovapeneira.gal\/index.php\/2025\/12\/10\/a-gran-comedia-do-continuum-cronica-da-non-transicion-e-o-casting-dos-apelidos\/"]}]},{"@type":"ImageObject","inLanguage":"gl-ES","@id":"https:\/\/www.anovapeneira.gal\/index.php\/2025\/12\/10\/a-gran-comedia-do-continuum-cronica-da-non-transicion-e-o-casting-dos-apelidos\/#primaryimage","url":"https:\/\/www.anovapeneira.gal\/wp-content\/uploads\/2019\/07\/ARTIGO_DE_OPINION_A_NOVA_PENEIRA.jpg","contentUrl":"https:\/\/www.anovapeneira.gal\/wp-content\/uploads\/2019\/07\/ARTIGO_DE_OPINION_A_NOVA_PENEIRA.jpg","width":720,"height":473,"caption":"Artigo de opini\u00f3n A Nova Peneira"},{"@type":"BreadcrumbList","@id":"https:\/\/www.anovapeneira.gal\/index.php\/2025\/12\/10\/a-gran-comedia-do-continuum-cronica-da-non-transicion-e-o-casting-dos-apelidos\/#breadcrumb","itemListElement":[{"@type":"ListItem","position":1,"name":"Portada","item":"https:\/\/www.anovapeneira.gal\/"},{"@type":"ListItem","position":2,"name":"A Gran Comedia do Continuum: Cr\u00f3nica da Non-Transici\u00f3n e o Casting dos Apelidos"}]},{"@type":"WebSite","@id":"https:\/\/www.anovapeneira.gal\/#website","url":"https:\/\/www.anovapeneira.gal\/","name":"","description":"Xornal galego de informaci\u00f3n xeral Publicaci\u00f3n mensual de novas de Galicia e en especial dos Concellos da sur da provincia de Pontevedra.","publisher":{"@id":"https:\/\/www.anovapeneira.gal\/#organization"},"potentialAction":[{"@type":"SearchAction","target":{"@type":"EntryPoint","urlTemplate":"https:\/\/www.anovapeneira.gal\/?s={search_term_string}"},"query-input":{"@type":"PropertyValueSpecification","valueRequired":true,"valueName":"search_term_string"}}],"inLanguage":"gl-ES"},{"@type":"Organization","@id":"https:\/\/www.anovapeneira.gal\/#organization","name":"A Nova Peneira","url":"https:\/\/www.anovapeneira.gal\/","logo":{"@type":"ImageObject","inLanguage":"gl-ES","@id":"https:\/\/www.anovapeneira.gal\/#\/schema\/logo\/image\/","url":"http:\/\/www.anovapeneira.gal\/wp-content\/uploads\/2019\/06\/logo_a_nova_peneira_portal_web.png","contentUrl":"http:\/\/www.anovapeneira.gal\/wp-content\/uploads\/2019\/06\/logo_a_nova_peneira_portal_web.png","width":300,"height":100,"caption":"A Nova Peneira"},"image":{"@id":"https:\/\/www.anovapeneira.gal\/#\/schema\/logo\/image\/"},"sameAs":["https:\/\/www.facebook.com\/anovapeneira","https:\/\/x.com\/APeneira"]},{"@type":"Person","@id":"https:\/\/www.anovapeneira.gal\/#\/schema\/person\/f18a4feb302e8f20bcef4490b5b60bb3","name":"Artigos Opini\u00f3n","image":{"@type":"ImageObject","inLanguage":"gl-ES","@id":"https:\/\/secure.gravatar.com\/avatar\/072844300f4881150aee2da4278f7a65d16eefdf8262eb67085f1e702de2b959?s=96&d=mm&r=g","url":"https:\/\/secure.gravatar.com\/avatar\/072844300f4881150aee2da4278f7a65d16eefdf8262eb67085f1e702de2b959?s=96&d=mm&r=g","contentUrl":"https:\/\/secure.gravatar.com\/avatar\/072844300f4881150aee2da4278f7a65d16eefdf8262eb67085f1e702de2b959?s=96&d=mm&r=g","caption":"Artigos Opini\u00f3n"},"sameAs":["http:\/\/anovapeneira.gal"],"url":"https:\/\/www.anovapeneira.gal\/index.php\/author\/artigosopinion\/"}]}},"jetpack_featured_media_url":"https:\/\/www.anovapeneira.gal\/wp-content\/uploads\/2019\/07\/ARTIGO_DE_OPINION_A_NOVA_PENEIRA.jpg","_links":{"self":[{"href":"https:\/\/www.anovapeneira.gal\/index.php\/wp-json\/wp\/v2\/posts\/15055","targetHints":{"allow":["GET"]}}],"collection":[{"href":"https:\/\/www.anovapeneira.gal\/index.php\/wp-json\/wp\/v2\/posts"}],"about":[{"href":"https:\/\/www.anovapeneira.gal\/index.php\/wp-json\/wp\/v2\/types\/post"}],"author":[{"embeddable":true,"href":"https:\/\/www.anovapeneira.gal\/index.php\/wp-json\/wp\/v2\/users\/12"}],"replies":[{"embeddable":true,"href":"https:\/\/www.anovapeneira.gal\/index.php\/wp-json\/wp\/v2\/comments?post=15055"}],"version-history":[{"count":2,"href":"https:\/\/www.anovapeneira.gal\/index.php\/wp-json\/wp\/v2\/posts\/15055\/revisions"}],"predecessor-version":[{"id":15057,"href":"https:\/\/www.anovapeneira.gal\/index.php\/wp-json\/wp\/v2\/posts\/15055\/revisions\/15057"}],"wp:featuredmedia":[{"embeddable":true,"href":"https:\/\/www.anovapeneira.gal\/index.php\/wp-json\/wp\/v2\/media\/584"}],"wp:attachment":[{"href":"https:\/\/www.anovapeneira.gal\/index.php\/wp-json\/wp\/v2\/media?parent=15055"}],"wp:term":[{"taxonomy":"category","embeddable":true,"href":"https:\/\/www.anovapeneira.gal\/index.php\/wp-json\/wp\/v2\/categories?post=15055"},{"taxonomy":"post_tag","embeddable":true,"href":"https:\/\/www.anovapeneira.gal\/index.php\/wp-json\/wp\/v2\/tags?post=15055"}],"curies":[{"name":"wp","href":"https:\/\/api.w.org\/{rel}","templated":true}]}}