{"id":15059,"date":"2025-12-11T10:00:39","date_gmt":"2025-12-11T09:00:39","guid":{"rendered":"https:\/\/www.anovapeneira.gal\/?p=15059"},"modified":"2025-12-09T11:03:18","modified_gmt":"2025-12-09T10:03:18","slug":"o-racing-vilarino-en-disposicion-de-ascender-de-categoria","status":"publish","type":"post","link":"https:\/\/www.anovapeneira.gal\/index.php\/2025\/12\/11\/o-racing-vilarino-en-disposicion-de-ascender-de-categoria\/","title":{"rendered":"O Racing Vilari\u00f1o en disposici\u00f3n de ascender de categor\u00eda"},"content":{"rendered":"\n<p><strong>O Racing Vilari\u00f1o \u00e9 un hist\u00f3rico equipo da parroquia de San Pedro en Nigr\u00e1n. Este \u00e9 un conxunto de moita historia e enorme prestixio que incluso chegou a xogar en categor\u00eda preferente, un m\u00e9rito deportivo de enorme relevancia para un equipo de parroquia como este. Como todos os equipos modestos o Vilari\u00f1o non est\u00e1 exento de dificultades, que esixen un enorme esforzo e unha inmensa cantidade de tempo da vida persoal das persoas que dirixen o club para podelo sacar adiante. O equipo s\u00e9nior caeu no pozo de terceira auton\u00f3mica pero hoxe compite con \u00e9xito e con posibilidades realistas de ascender. A directiva que dirixe os destinos do club \u00e9 unha directiva de persoas moi novas, o presidente no ten nin sequera 30 anos, e traballa con moita ilusi\u00f3n por constru\u00edr unhas bases s\u00f3lidas que lle permitan ir ascendendo e poder consolidarse en 1\u00ba categor\u00eda auton\u00f3mica. Neste contexto de dificultades o Vilari\u00f1o manexa arredor de 200 fichas, de nenos e nenas, que practican o f\u00fatbol neste equipo do concello de Nigr\u00e1n. Evidentemente est\u00e1n facendo ben as cousas. N\u00f3s falamos con Celso Rodr\u00edguez, un dos coordinadores do equipo. Celso ten 58 anos e leva toda a s\u00faa vida dedicada ao f\u00fatbol. A s\u00faa profesi\u00f3n \u00e9 carteiro, pero a s\u00faa paix\u00f3n \u00e9 este deporte.<\/strong><\/p>\n\n\n\n<p><strong>Celso Rodr\u00edguez Denis, coordinador.<\/strong><\/p>\n\n\n\n<h2 class=\"wp-block-heading\">\u201c<strong>Cando eu fun xogador houbo un tempo no que nos pagaban con gali\u00f1as\u201d<\/strong><\/h2>\n\n\n\n<p><strong>Canto tempo levas vinculado ao mundo do f\u00fatbol?<\/strong><\/p>\n\n\n\n<blockquote class=\"wp-block-quote is-layout-flow wp-block-quote-is-layout-flow\">\n<p>Eu creo que toda a mi\u00f1a vida. Te\u00f1o 58 anos e eu penso que xa nac\u00edn cunha pelota nos p\u00e9s. Comecei moi novo a xogar.<\/p>\n<\/blockquote>\n\n\n\n<p><strong>En que equipos xogaches?<\/strong><\/p>\n\n\n\n<blockquote class=\"wp-block-quote is-layout-flow wp-block-quote-is-layout-flow\">\n<p>Fundamentalmente en equipos da contorna. Estiven moitos anos no Erizana, un equipo que levo no m\u00e1is profundo do meu coraz\u00f3n, no Gondomar, cando chegou a xogar en terceira divisi\u00f3n, no Donas, no Moug\u00e1s, no Tebra&#8230;<\/p>\n<\/blockquote>\n\n\n\n<p><strong>Supo\u00f1o que no Tebra non ser\u00eda o de agora, sen\u00f3n o de antes da desaparici\u00f3n?<\/strong><\/p>\n\n\n\n<blockquote class=\"wp-block-quote is-layout-flow wp-block-quote-is-layout-flow\">\n<p>Siii, no Tebra antigo. Eran outros tempos, f\u00edxate que nos chegaban a pagar con gali\u00f1as.<\/p>\n<\/blockquote>\n\n\n\n<p><strong>En que posto xogabas?<\/strong><\/p>\n\n\n\n<blockquote class=\"wp-block-quote is-layout-flow wp-block-quote-is-layout-flow\">\n<p>De medio centro.<\/p>\n<\/blockquote>\n\n\n\n<p><strong>Eras bo?<\/strong><\/p>\n\n\n\n<blockquote class=\"wp-block-quote is-layout-flow wp-block-quote-is-layout-flow\">\n<p>Home, valorarse a un mesmo non resulta f\u00e1cil pero dic\u00edan que si. De feito cheguei a ir a Valladolid a facer unhas probas. Recordo estar con Torrecilla, un grande lateral que se non recordo mal chegou a xogar despois no Atl\u00e9tico de Madrid.<\/p>\n<\/blockquote>\n\n\n\n<p><strong>Non resultou o de Valladolid?<\/strong><\/p>\n\n\n\n<blockquote class=\"wp-block-quote is-layout-flow wp-block-quote-is-layout-flow\">\n<p>Si, si que resultou. De feito coll\u00e9ronme no equipo, pero s\u00f3 aguantei un mes escaso. Ti\u00f1a unha morri\u00f1a tan grande da mi\u00f1a terra que decid\u00edn deixalo e volver.<\/p>\n<\/blockquote>\n\n\n\n<p><strong>Como chegaches a ser coordinador do Vilari\u00f1o?<\/strong><\/p>\n\n\n\n<blockquote class=\"wp-block-quote is-layout-flow wp-block-quote-is-layout-flow\">\n<p>Cando me retirei nunca deixei a vinculaci\u00f3n co f\u00fatbol. Estiven arredor de 20 anos en Ureca, o actual Val Mi\u00f1or. E hai catro anos cheguei ao Vilari\u00f1o. Comecei bot\u00e1ndolles unha man e agora son coordinador.<\/p>\n<\/blockquote>\n\n\n\n<p><strong>Onde xogades os vosos partidos?<\/strong><\/p>\n\n\n\n<blockquote class=\"wp-block-quote is-layout-flow wp-block-quote-is-layout-flow\">\n<p>No campo de San Pedro de Vilari\u00f1o, o Jorge Souto.<\/p>\n<\/blockquote>\n\n\n\n<p><strong>Que tal est\u00e1n as instalaci\u00f3ns?<\/strong><\/p>\n\n\n\n<blockquote class=\"wp-block-quote is-layout-flow wp-block-quote-is-layout-flow\">\n<p>O c\u00e9spede est\u00e1 un pouco gastado. Xa toca cambialo, creo eu. Pero o resto das instalaci\u00f3ns: Vestiario, grada e cantina est\u00e1n espectaculares. Tam\u00e9n temos un campo pequeno de f\u00fatbol sala e cancha de baloncesto. Est\u00e1 todo moi ben, ag\u00e1s o c\u00e9spede que como che dixen xa vai necesitando un cambio.<\/p>\n<\/blockquote>\n\n\n\n<p><strong>Que funci\u00f3n fas exactamente no Vilari\u00f1o?<\/strong><\/p>\n\n\n\n<blockquote class=\"wp-block-quote is-layout-flow wp-block-quote-is-layout-flow\">\n<p>Coordino desde os xuven\u00eds ata abaixo. Tam\u00e9n lle boto unha man \u00e1s veces aos s\u00e9niors.<\/p>\n<\/blockquote>\n\n\n\n<p><strong>Cantos equipos tendes?<\/strong><\/p>\n\n\n\n<blockquote class=\"wp-block-quote is-layout-flow wp-block-quote-is-layout-flow\">\n<p>Temos 14 equipos<\/p>\n<\/blockquote>\n\n\n\n<p><strong>E fichas?<\/strong><\/p>\n\n\n\n<blockquote class=\"wp-block-quote is-layout-flow wp-block-quote-is-layout-flow\">\n<p>Arredor de 200<\/p>\n<\/blockquote>\n\n\n\n<p><strong>Tendes equipo feminino?<\/strong><\/p>\n\n\n\n<blockquote class=\"wp-block-quote is-layout-flow wp-block-quote-is-layout-flow\">\n<p>Si, si que temos.<\/p>\n<\/blockquote>\n\n\n\n<p><strong>Cal \u00e9 o voso uniforme?<\/strong><\/p>\n\n\n\n<blockquote class=\"wp-block-quote is-layout-flow wp-block-quote-is-layout-flow\">\n<p>Igual que o do Athletic de Bilbao.<\/p>\n<\/blockquote>\n\n\n\n<p><strong>A cuesti\u00f3n econ\u00f3mica como a levades?<\/strong><\/p>\n\n\n\n<blockquote class=\"wp-block-quote is-layout-flow wp-block-quote-is-layout-flow\">\n<p>Como todos os equipos modestos: Como podemos a trav\u00e9s das subvenci\u00f3ns, cotas dos socios, cotas dos nenos, creo que somos os m\u00e1is baratos do Val Mi\u00f1or, publicidade e a cantina.<\/p>\n<\/blockquote>\n\n\n\n<p><strong>Cobrades entrada polos partidos?<\/strong><\/p>\n\n\n\n<blockquote class=\"wp-block-quote is-layout-flow wp-block-quote-is-layout-flow\">\n<p>Non, adoitamos facer algunha rifa.<\/p>\n<\/blockquote>\n\n\n\n<p><strong>Que tal \u00e9 a vinculaci\u00f3n da parroquia de San Pedro co seu equipo?<\/strong><\/p>\n\n\n\n<blockquote class=\"wp-block-quote is-layout-flow wp-block-quote-is-layout-flow\">\n<p>A min gustar\u00edame que vi\u00f1era m\u00e1is xente aos partidos. O noso p\u00fablico en xeral est\u00e1 composto por persoas maiores, afeccionados de toda a vida, e polos familiares e amigos dos xogadores. Somos un equipo moi familiar. Agora ben, todas as persoas que estamos aqu\u00ed, estamos moi a gusto.<\/p>\n<\/blockquote>\n\n\n\n<p><strong>Cales son os partidos de m\u00e1xima rivalidade para v\u00f3s?<\/strong><\/p>\n\n\n\n<blockquote class=\"wp-block-quote is-layout-flow wp-block-quote-is-layout-flow\">\n<p>Agora mesmo co Ca\u00f1iza que \u00e9 o equipo contra que competimos por liderar o noso grupo de terceira auton\u00f3mica.<\/p>\n<\/blockquote>\n\n\n\n<p><strong>O voso equipo s\u00e9nior est\u00e1 en 3\u00ba auton\u00f3mica, si. Como \u00e9 posible nun equipo de tanta historia e prestixio como o voso que incluso chegou a competir en preferente?<\/strong><\/p>\n\n\n\n<blockquote class=\"wp-block-quote is-layout-flow wp-block-quote-is-layout-flow\">\n<p>\u00c9 unha pregunta de moi dif\u00edcil resposta. Supo\u00f1o que o deterioro obedece a unha suma de raz\u00f3ns complexas varias, pero que te\u00f1en que ver co tremendamente dif\u00edcil que resulta xestionar un equipo modesto como o noso.<\/p>\n<\/blockquote>\n\n\n\n<p><strong>Cantas persoas hai na actual directiva?<\/strong><\/p>\n\n\n\n<blockquote class=\"wp-block-quote is-layout-flow wp-block-quote-is-layout-flow\">\n<p>13 persoas.<\/p>\n<\/blockquote>\n\n\n\n<p><strong>Todos homes?<\/strong><\/p>\n\n\n\n<blockquote class=\"wp-block-quote is-layout-flow wp-block-quote-is-layout-flow\">\n<p>Non, hai homes e mulleres.<\/p>\n<\/blockquote>\n\n\n\n<p><strong>Que tal se porta o concello de Nigr\u00e1n con v\u00f3s?<\/strong><\/p>\n\n\n\n<blockquote class=\"wp-block-quote is-layout-flow wp-block-quote-is-layout-flow\">\n<p>O noso alcalde \u00e9 moi bo tipo e sei que dentro das limitaci\u00f3ns existentes fai todo o que pode por axudarnos.<\/p>\n<\/blockquote>\n\n\n\n<p><strong>O s\u00e9nior feminino en que categor\u00eda est\u00e1?<\/strong><\/p>\n\n\n\n<blockquote class=\"wp-block-quote is-layout-flow wp-block-quote-is-layout-flow\">\n<p>Na \u00faltima, igual que o masculino.<\/p>\n<\/blockquote>\n\n\n\n<p><strong>Cal \u00e9 o obxectivo deportivo para os equipos s\u00e9nior esta temporada?<\/strong><\/p>\n\n\n\n<blockquote class=\"wp-block-quote is-layout-flow wp-block-quote-is-layout-flow\">\n<p>O noso obxectivo ten que ser o ascenso.<\/p>\n<\/blockquote>\n\n\n\n<p><strong>Tendo en conta a vosa realidade econ\u00f3mica e social cal cres ti que \u00e9 a categor\u00eda natural na que o Vilari\u00f1o se debera de consolidar?<\/strong><\/p>\n\n\n\n<blockquote class=\"wp-block-quote is-layout-flow wp-block-quote-is-layout-flow\">\n<p>Creo que a primeira auton\u00f3mica. O da preferente, como xa estivemos, v\u00e9xoo moi dif\u00edcil. Pero n\u00f3s debemos de sa\u00edr do pozo da terceira auton\u00f3mica o antes posible, consolidarnos en 2\u00ba e constru\u00edr un equipo potente que nos permita subir e facernos estables en 1\u00ba auton\u00f3mica. Esa debe de ser a estratexia a seguir ao meu xu\u00edzo.<\/p>\n<\/blockquote>\n\n\n\n<p><strong>O Racing Vilari\u00f1o est\u00e1 consolidado de maneira que te\u00f1a o futuro asegurado ou pode correr risco de desaparici\u00f3n?<\/strong><\/p>\n\n\n\n<blockquote class=\"wp-block-quote is-layout-flow wp-block-quote-is-layout-flow\">\n<p>Pois houbo unha \u00e9poca realmente perigosa na que de non ser por tres mulleres que se animaron a coller o equipo, a cousa estaba moi complicado. Falo da anterior directiva. A actual \u00e9 unha directiva moi nova, o presidente ter\u00e1 arredor de 25 ou 26 anos, e v\u00e9xoos moi ilusionados e con moitas ga\u00f1as. A curto medio prazo non creo que haxa problema.<\/p>\n<\/blockquote>\n\n\n\n<p><strong>E ti Celso, que xa non es un neno, despois de toda unha vida dedicada ao f\u00fatbol a\u00ednda tes folgos para seguir?<\/strong><\/p>\n\n\n\n<blockquote class=\"wp-block-quote is-layout-flow wp-block-quote-is-layout-flow\">\n<p>T\u00e9\u00f1oos si, si que os te\u00f1o. O f\u00fatbol \u00e9 a mi\u00f1a vida. E mentres te\u00f1a sa\u00fade quero seguir dentro deste mundo, sempre.<\/p>\n<\/blockquote>\n\n\n\n<p><strong>Para rematar unha pregunta un pouco m\u00e1is persoal. De que equipo es?<\/strong><\/p>\n\n\n\n<blockquote class=\"wp-block-quote is-layout-flow wp-block-quote-is-layout-flow\">\n<p>Eu son madridista desde neno. Pero non son fan\u00e1tico. G\u00fastame o bo f\u00fatbol e reco\u00f1ezo a quen o practica.<\/p>\n<\/blockquote>\n","protected":false},"excerpt":{"rendered":"<div class=\"mh-excerpt\"><p>O Racing Vilari\u00f1o \u00e9 un hist\u00f3rico equipo da parroquia de San Pedro en Nigr\u00e1n. Este \u00e9 un conxunto de moita historia e enorme prestixio que incluso chegou a xogar en categor\u00eda preferente, un m\u00e9rito deportivo de enorme relevancia para un equipo de parroquia como este <a class=\"mh-excerpt-more\" href=\"https:\/\/www.anovapeneira.gal\/index.php\/2025\/12\/11\/o-racing-vilarino-en-disposicion-de-ascender-de-categoria\/\" title=\"O Racing Vilari\u00f1o en disposici\u00f3n de ascender de categor\u00eda\">[&#8230;]<\/a><\/p>\n<\/div>","protected":false},"author":3,"featured_media":15060,"comment_status":"open","ping_status":"open","sticky":false,"template":"","format":"standard","meta":{"_exactmetrics_skip_tracking":false,"_exactmetrics_sitenote_active":false,"_exactmetrics_sitenote_note":"","_exactmetrics_sitenote_category":0,"footnotes":""},"categories":[496],"tags":[227],"class_list":{"0":"post-15059","1":"post","2":"type-post","3":"status-publish","4":"format-standard","5":"has-post-thumbnail","7":"category-val-minor-reportaxes","8":"tag-concello-de-vigo"},"yoast_head":"<!-- This site is optimized with the Yoast SEO plugin v27.4 - https:\/\/yoast.com\/product\/yoast-seo-wordpress\/ -->\n<title>O Racing Vilari\u00f1o en disposici\u00f3n de ascender de categor\u00eda -<\/title>\n<meta name=\"robots\" content=\"index, follow, max-snippet:-1, max-image-preview:large, max-video-preview:-1\" \/>\n<link rel=\"canonical\" href=\"https:\/\/www.anovapeneira.gal\/index.php\/2025\/12\/11\/o-racing-vilarino-en-disposicion-de-ascender-de-categoria\/\" \/>\n<meta property=\"og:locale\" content=\"gl_ES\" \/>\n<meta property=\"og:type\" content=\"article\" \/>\n<meta property=\"og:title\" content=\"O Racing Vilari\u00f1o en disposici\u00f3n de ascender de categor\u00eda -\" \/>\n<meta property=\"og:description\" content=\"O Racing Vilari\u00f1o \u00e9 un hist\u00f3rico equipo da parroquia de San Pedro en Nigr\u00e1n. Este \u00e9 un conxunto de moita historia e enorme prestixio que incluso chegou a xogar en categor\u00eda preferente, un m\u00e9rito deportivo de enorme relevancia para un equipo de parroquia como este [...]\" \/>\n<meta property=\"og:url\" content=\"https:\/\/www.anovapeneira.gal\/index.php\/2025\/12\/11\/o-racing-vilarino-en-disposicion-de-ascender-de-categoria\/\" \/>\n<meta property=\"article:publisher\" content=\"https:\/\/www.facebook.com\/anovapeneira\" \/>\n<meta property=\"article:published_time\" content=\"2025-12-11T09:00:39+00:00\" \/>\n<meta property=\"og:image\" content=\"https:\/\/www.anovapeneira.gal\/wp-content\/uploads\/2025\/12\/racing_vilarino.jpg\" \/>\n\t<meta property=\"og:image:width\" content=\"720\" \/>\n\t<meta property=\"og:image:height\" content=\"432\" \/>\n\t<meta property=\"og:image:type\" content=\"image\/jpeg\" \/>\n<meta name=\"author\" content=\"Redacci\u00f3n A Nova Peneira\" \/>\n<meta name=\"twitter:card\" content=\"summary_large_image\" \/>\n<meta name=\"twitter:creator\" content=\"@APeneira\" \/>\n<meta name=\"twitter:site\" content=\"@APeneira\" \/>\n<meta name=\"twitter:label1\" content=\"Escrito por\" \/>\n\t<meta name=\"twitter:data1\" content=\"Redacci\u00f3n A Nova Peneira\" \/>\n\t<meta name=\"twitter:label2\" content=\"Tempo de lectura\" \/>\n\t<meta name=\"twitter:data2\" content=\"3 minutos\" \/>\n<script type=\"application\/ld+json\" class=\"yoast-schema-graph\">{\"@context\":\"https:\\\/\\\/schema.org\",\"@graph\":[{\"@type\":\"Article\",\"@id\":\"https:\\\/\\\/www.anovapeneira.gal\\\/index.php\\\/2025\\\/12\\\/11\\\/o-racing-vilarino-en-disposicion-de-ascender-de-categoria\\\/#article\",\"isPartOf\":{\"@id\":\"https:\\\/\\\/www.anovapeneira.gal\\\/index.php\\\/2025\\\/12\\\/11\\\/o-racing-vilarino-en-disposicion-de-ascender-de-categoria\\\/\"},\"author\":{\"name\":\"Redacci\u00f3n A Nova Peneira\",\"@id\":\"https:\\\/\\\/www.anovapeneira.gal\\\/#\\\/schema\\\/person\\\/b93e3f8932e3f8da96334607eb6ac6aa\"},\"headline\":\"O Racing Vilari\u00f1o en disposici\u00f3n de ascender de categor\u00eda\",\"datePublished\":\"2025-12-11T09:00:39+00:00\",\"mainEntityOfPage\":{\"@id\":\"https:\\\/\\\/www.anovapeneira.gal\\\/index.php\\\/2025\\\/12\\\/11\\\/o-racing-vilarino-en-disposicion-de-ascender-de-categoria\\\/\"},\"wordCount\":1205,\"commentCount\":0,\"publisher\":{\"@id\":\"https:\\\/\\\/www.anovapeneira.gal\\\/#organization\"},\"image\":{\"@id\":\"https:\\\/\\\/www.anovapeneira.gal\\\/index.php\\\/2025\\\/12\\\/11\\\/o-racing-vilarino-en-disposicion-de-ascender-de-categoria\\\/#primaryimage\"},\"thumbnailUrl\":\"https:\\\/\\\/www.anovapeneira.gal\\\/wp-content\\\/uploads\\\/2025\\\/12\\\/racing_vilarino.jpg\",\"keywords\":[\"Concello de Vigo\"],\"articleSection\":[\"Val Mi\u00f1or\"],\"inLanguage\":\"gl-ES\",\"potentialAction\":[{\"@type\":\"CommentAction\",\"name\":\"Comment\",\"target\":[\"https:\\\/\\\/www.anovapeneira.gal\\\/index.php\\\/2025\\\/12\\\/11\\\/o-racing-vilarino-en-disposicion-de-ascender-de-categoria\\\/#respond\"]}]},{\"@type\":\"WebPage\",\"@id\":\"https:\\\/\\\/www.anovapeneira.gal\\\/index.php\\\/2025\\\/12\\\/11\\\/o-racing-vilarino-en-disposicion-de-ascender-de-categoria\\\/\",\"url\":\"https:\\\/\\\/www.anovapeneira.gal\\\/index.php\\\/2025\\\/12\\\/11\\\/o-racing-vilarino-en-disposicion-de-ascender-de-categoria\\\/\",\"name\":\"O Racing Vilari\u00f1o en disposici\u00f3n de ascender de categor\u00eda -\",\"isPartOf\":{\"@id\":\"https:\\\/\\\/www.anovapeneira.gal\\\/#website\"},\"primaryImageOfPage\":{\"@id\":\"https:\\\/\\\/www.anovapeneira.gal\\\/index.php\\\/2025\\\/12\\\/11\\\/o-racing-vilarino-en-disposicion-de-ascender-de-categoria\\\/#primaryimage\"},\"image\":{\"@id\":\"https:\\\/\\\/www.anovapeneira.gal\\\/index.php\\\/2025\\\/12\\\/11\\\/o-racing-vilarino-en-disposicion-de-ascender-de-categoria\\\/#primaryimage\"},\"thumbnailUrl\":\"https:\\\/\\\/www.anovapeneira.gal\\\/wp-content\\\/uploads\\\/2025\\\/12\\\/racing_vilarino.jpg\",\"datePublished\":\"2025-12-11T09:00:39+00:00\",\"breadcrumb\":{\"@id\":\"https:\\\/\\\/www.anovapeneira.gal\\\/index.php\\\/2025\\\/12\\\/11\\\/o-racing-vilarino-en-disposicion-de-ascender-de-categoria\\\/#breadcrumb\"},\"inLanguage\":\"gl-ES\",\"potentialAction\":[{\"@type\":\"ReadAction\",\"target\":[\"https:\\\/\\\/www.anovapeneira.gal\\\/index.php\\\/2025\\\/12\\\/11\\\/o-racing-vilarino-en-disposicion-de-ascender-de-categoria\\\/\"]}]},{\"@type\":\"ImageObject\",\"inLanguage\":\"gl-ES\",\"@id\":\"https:\\\/\\\/www.anovapeneira.gal\\\/index.php\\\/2025\\\/12\\\/11\\\/o-racing-vilarino-en-disposicion-de-ascender-de-categoria\\\/#primaryimage\",\"url\":\"https:\\\/\\\/www.anovapeneira.gal\\\/wp-content\\\/uploads\\\/2025\\\/12\\\/racing_vilarino.jpg\",\"contentUrl\":\"https:\\\/\\\/www.anovapeneira.gal\\\/wp-content\\\/uploads\\\/2025\\\/12\\\/racing_vilarino.jpg\",\"width\":720,\"height\":432},{\"@type\":\"BreadcrumbList\",\"@id\":\"https:\\\/\\\/www.anovapeneira.gal\\\/index.php\\\/2025\\\/12\\\/11\\\/o-racing-vilarino-en-disposicion-de-ascender-de-categoria\\\/#breadcrumb\",\"itemListElement\":[{\"@type\":\"ListItem\",\"position\":1,\"name\":\"Portada\",\"item\":\"https:\\\/\\\/www.anovapeneira.gal\\\/\"},{\"@type\":\"ListItem\",\"position\":2,\"name\":\"O Racing Vilari\u00f1o en disposici\u00f3n de ascender de categor\u00eda\"}]},{\"@type\":\"WebSite\",\"@id\":\"https:\\\/\\\/www.anovapeneira.gal\\\/#website\",\"url\":\"https:\\\/\\\/www.anovapeneira.gal\\\/\",\"name\":\"\",\"description\":\"Xornal galego de informaci\u00f3n xeral Publicaci\u00f3n mensual de novas de Galicia e en especial dos Concellos da sur da provincia de Pontevedra.\",\"publisher\":{\"@id\":\"https:\\\/\\\/www.anovapeneira.gal\\\/#organization\"},\"potentialAction\":[{\"@type\":\"SearchAction\",\"target\":{\"@type\":\"EntryPoint\",\"urlTemplate\":\"https:\\\/\\\/www.anovapeneira.gal\\\/?s={search_term_string}\"},\"query-input\":{\"@type\":\"PropertyValueSpecification\",\"valueRequired\":true,\"valueName\":\"search_term_string\"}}],\"inLanguage\":\"gl-ES\"},{\"@type\":\"Organization\",\"@id\":\"https:\\\/\\\/www.anovapeneira.gal\\\/#organization\",\"name\":\"A Nova Peneira\",\"url\":\"https:\\\/\\\/www.anovapeneira.gal\\\/\",\"logo\":{\"@type\":\"ImageObject\",\"inLanguage\":\"gl-ES\",\"@id\":\"https:\\\/\\\/www.anovapeneira.gal\\\/#\\\/schema\\\/logo\\\/image\\\/\",\"url\":\"http:\\\/\\\/www.anovapeneira.gal\\\/wp-content\\\/uploads\\\/2019\\\/06\\\/logo_a_nova_peneira_portal_web.png\",\"contentUrl\":\"http:\\\/\\\/www.anovapeneira.gal\\\/wp-content\\\/uploads\\\/2019\\\/06\\\/logo_a_nova_peneira_portal_web.png\",\"width\":300,\"height\":100,\"caption\":\"A Nova Peneira\"},\"image\":{\"@id\":\"https:\\\/\\\/www.anovapeneira.gal\\\/#\\\/schema\\\/logo\\\/image\\\/\"},\"sameAs\":[\"https:\\\/\\\/www.facebook.com\\\/anovapeneira\",\"https:\\\/\\\/x.com\\\/APeneira\"]},{\"@type\":\"Person\",\"@id\":\"https:\\\/\\\/www.anovapeneira.gal\\\/#\\\/schema\\\/person\\\/b93e3f8932e3f8da96334607eb6ac6aa\",\"name\":\"Redacci\u00f3n A Nova Peneira\",\"image\":{\"@type\":\"ImageObject\",\"inLanguage\":\"gl-ES\",\"@id\":\"https:\\\/\\\/secure.gravatar.com\\\/avatar\\\/c052a2551a06e23fac63626232eaa90abd78dbcf1700fc46a2b2c89fd27b735f?s=96&d=mm&r=g\",\"url\":\"https:\\\/\\\/secure.gravatar.com\\\/avatar\\\/c052a2551a06e23fac63626232eaa90abd78dbcf1700fc46a2b2c89fd27b735f?s=96&d=mm&r=g\",\"contentUrl\":\"https:\\\/\\\/secure.gravatar.com\\\/avatar\\\/c052a2551a06e23fac63626232eaa90abd78dbcf1700fc46a2b2c89fd27b735f?s=96&d=mm&r=g\",\"caption\":\"Redacci\u00f3n A Nova Peneira\"},\"sameAs\":[\"http:\\\/\\\/www.anovapeneira.gal\\\/\"],\"url\":\"https:\\\/\\\/www.anovapeneira.gal\\\/index.php\\\/author\\\/redactor\\\/\"}]}<\/script>\n<!-- \/ Yoast SEO plugin. -->","yoast_head_json":{"title":"O Racing Vilari\u00f1o en disposici\u00f3n de ascender de categor\u00eda -","robots":{"index":"index","follow":"follow","max-snippet":"max-snippet:-1","max-image-preview":"max-image-preview:large","max-video-preview":"max-video-preview:-1"},"canonical":"https:\/\/www.anovapeneira.gal\/index.php\/2025\/12\/11\/o-racing-vilarino-en-disposicion-de-ascender-de-categoria\/","og_locale":"gl_ES","og_type":"article","og_title":"O Racing Vilari\u00f1o en disposici\u00f3n de ascender de categor\u00eda -","og_description":"O Racing Vilari\u00f1o \u00e9 un hist\u00f3rico equipo da parroquia de San Pedro en Nigr\u00e1n. Este \u00e9 un conxunto de moita historia e enorme prestixio que incluso chegou a xogar en categor\u00eda preferente, un m\u00e9rito deportivo de enorme relevancia para un equipo de parroquia como este [...]","og_url":"https:\/\/www.anovapeneira.gal\/index.php\/2025\/12\/11\/o-racing-vilarino-en-disposicion-de-ascender-de-categoria\/","article_publisher":"https:\/\/www.facebook.com\/anovapeneira","article_published_time":"2025-12-11T09:00:39+00:00","og_image":[{"width":720,"height":432,"url":"https:\/\/www.anovapeneira.gal\/wp-content\/uploads\/2025\/12\/racing_vilarino.jpg","type":"image\/jpeg"}],"author":"Redacci\u00f3n A Nova Peneira","twitter_card":"summary_large_image","twitter_creator":"@APeneira","twitter_site":"@APeneira","twitter_misc":{"Escrito por":"Redacci\u00f3n A Nova Peneira","Tempo de lectura":"3 minutos"},"schema":{"@context":"https:\/\/schema.org","@graph":[{"@type":"Article","@id":"https:\/\/www.anovapeneira.gal\/index.php\/2025\/12\/11\/o-racing-vilarino-en-disposicion-de-ascender-de-categoria\/#article","isPartOf":{"@id":"https:\/\/www.anovapeneira.gal\/index.php\/2025\/12\/11\/o-racing-vilarino-en-disposicion-de-ascender-de-categoria\/"},"author":{"name":"Redacci\u00f3n A Nova Peneira","@id":"https:\/\/www.anovapeneira.gal\/#\/schema\/person\/b93e3f8932e3f8da96334607eb6ac6aa"},"headline":"O Racing Vilari\u00f1o en disposici\u00f3n de ascender de categor\u00eda","datePublished":"2025-12-11T09:00:39+00:00","mainEntityOfPage":{"@id":"https:\/\/www.anovapeneira.gal\/index.php\/2025\/12\/11\/o-racing-vilarino-en-disposicion-de-ascender-de-categoria\/"},"wordCount":1205,"commentCount":0,"publisher":{"@id":"https:\/\/www.anovapeneira.gal\/#organization"},"image":{"@id":"https:\/\/www.anovapeneira.gal\/index.php\/2025\/12\/11\/o-racing-vilarino-en-disposicion-de-ascender-de-categoria\/#primaryimage"},"thumbnailUrl":"https:\/\/www.anovapeneira.gal\/wp-content\/uploads\/2025\/12\/racing_vilarino.jpg","keywords":["Concello de Vigo"],"articleSection":["Val Mi\u00f1or"],"inLanguage":"gl-ES","potentialAction":[{"@type":"CommentAction","name":"Comment","target":["https:\/\/www.anovapeneira.gal\/index.php\/2025\/12\/11\/o-racing-vilarino-en-disposicion-de-ascender-de-categoria\/#respond"]}]},{"@type":"WebPage","@id":"https:\/\/www.anovapeneira.gal\/index.php\/2025\/12\/11\/o-racing-vilarino-en-disposicion-de-ascender-de-categoria\/","url":"https:\/\/www.anovapeneira.gal\/index.php\/2025\/12\/11\/o-racing-vilarino-en-disposicion-de-ascender-de-categoria\/","name":"O Racing Vilari\u00f1o en disposici\u00f3n de ascender de categor\u00eda -","isPartOf":{"@id":"https:\/\/www.anovapeneira.gal\/#website"},"primaryImageOfPage":{"@id":"https:\/\/www.anovapeneira.gal\/index.php\/2025\/12\/11\/o-racing-vilarino-en-disposicion-de-ascender-de-categoria\/#primaryimage"},"image":{"@id":"https:\/\/www.anovapeneira.gal\/index.php\/2025\/12\/11\/o-racing-vilarino-en-disposicion-de-ascender-de-categoria\/#primaryimage"},"thumbnailUrl":"https:\/\/www.anovapeneira.gal\/wp-content\/uploads\/2025\/12\/racing_vilarino.jpg","datePublished":"2025-12-11T09:00:39+00:00","breadcrumb":{"@id":"https:\/\/www.anovapeneira.gal\/index.php\/2025\/12\/11\/o-racing-vilarino-en-disposicion-de-ascender-de-categoria\/#breadcrumb"},"inLanguage":"gl-ES","potentialAction":[{"@type":"ReadAction","target":["https:\/\/www.anovapeneira.gal\/index.php\/2025\/12\/11\/o-racing-vilarino-en-disposicion-de-ascender-de-categoria\/"]}]},{"@type":"ImageObject","inLanguage":"gl-ES","@id":"https:\/\/www.anovapeneira.gal\/index.php\/2025\/12\/11\/o-racing-vilarino-en-disposicion-de-ascender-de-categoria\/#primaryimage","url":"https:\/\/www.anovapeneira.gal\/wp-content\/uploads\/2025\/12\/racing_vilarino.jpg","contentUrl":"https:\/\/www.anovapeneira.gal\/wp-content\/uploads\/2025\/12\/racing_vilarino.jpg","width":720,"height":432},{"@type":"BreadcrumbList","@id":"https:\/\/www.anovapeneira.gal\/index.php\/2025\/12\/11\/o-racing-vilarino-en-disposicion-de-ascender-de-categoria\/#breadcrumb","itemListElement":[{"@type":"ListItem","position":1,"name":"Portada","item":"https:\/\/www.anovapeneira.gal\/"},{"@type":"ListItem","position":2,"name":"O Racing Vilari\u00f1o en disposici\u00f3n de ascender de categor\u00eda"}]},{"@type":"WebSite","@id":"https:\/\/www.anovapeneira.gal\/#website","url":"https:\/\/www.anovapeneira.gal\/","name":"","description":"Xornal galego de informaci\u00f3n xeral Publicaci\u00f3n mensual de novas de Galicia e en especial dos Concellos da sur da provincia de Pontevedra.","publisher":{"@id":"https:\/\/www.anovapeneira.gal\/#organization"},"potentialAction":[{"@type":"SearchAction","target":{"@type":"EntryPoint","urlTemplate":"https:\/\/www.anovapeneira.gal\/?s={search_term_string}"},"query-input":{"@type":"PropertyValueSpecification","valueRequired":true,"valueName":"search_term_string"}}],"inLanguage":"gl-ES"},{"@type":"Organization","@id":"https:\/\/www.anovapeneira.gal\/#organization","name":"A Nova Peneira","url":"https:\/\/www.anovapeneira.gal\/","logo":{"@type":"ImageObject","inLanguage":"gl-ES","@id":"https:\/\/www.anovapeneira.gal\/#\/schema\/logo\/image\/","url":"http:\/\/www.anovapeneira.gal\/wp-content\/uploads\/2019\/06\/logo_a_nova_peneira_portal_web.png","contentUrl":"http:\/\/www.anovapeneira.gal\/wp-content\/uploads\/2019\/06\/logo_a_nova_peneira_portal_web.png","width":300,"height":100,"caption":"A Nova Peneira"},"image":{"@id":"https:\/\/www.anovapeneira.gal\/#\/schema\/logo\/image\/"},"sameAs":["https:\/\/www.facebook.com\/anovapeneira","https:\/\/x.com\/APeneira"]},{"@type":"Person","@id":"https:\/\/www.anovapeneira.gal\/#\/schema\/person\/b93e3f8932e3f8da96334607eb6ac6aa","name":"Redacci\u00f3n A Nova Peneira","image":{"@type":"ImageObject","inLanguage":"gl-ES","@id":"https:\/\/secure.gravatar.com\/avatar\/c052a2551a06e23fac63626232eaa90abd78dbcf1700fc46a2b2c89fd27b735f?s=96&d=mm&r=g","url":"https:\/\/secure.gravatar.com\/avatar\/c052a2551a06e23fac63626232eaa90abd78dbcf1700fc46a2b2c89fd27b735f?s=96&d=mm&r=g","contentUrl":"https:\/\/secure.gravatar.com\/avatar\/c052a2551a06e23fac63626232eaa90abd78dbcf1700fc46a2b2c89fd27b735f?s=96&d=mm&r=g","caption":"Redacci\u00f3n A Nova Peneira"},"sameAs":["http:\/\/www.anovapeneira.gal\/"],"url":"https:\/\/www.anovapeneira.gal\/index.php\/author\/redactor\/"}]}},"jetpack_featured_media_url":"https:\/\/www.anovapeneira.gal\/wp-content\/uploads\/2025\/12\/racing_vilarino.jpg","_links":{"self":[{"href":"https:\/\/www.anovapeneira.gal\/index.php\/wp-json\/wp\/v2\/posts\/15059","targetHints":{"allow":["GET"]}}],"collection":[{"href":"https:\/\/www.anovapeneira.gal\/index.php\/wp-json\/wp\/v2\/posts"}],"about":[{"href":"https:\/\/www.anovapeneira.gal\/index.php\/wp-json\/wp\/v2\/types\/post"}],"author":[{"embeddable":true,"href":"https:\/\/www.anovapeneira.gal\/index.php\/wp-json\/wp\/v2\/users\/3"}],"replies":[{"embeddable":true,"href":"https:\/\/www.anovapeneira.gal\/index.php\/wp-json\/wp\/v2\/comments?post=15059"}],"version-history":[{"count":2,"href":"https:\/\/www.anovapeneira.gal\/index.php\/wp-json\/wp\/v2\/posts\/15059\/revisions"}],"predecessor-version":[{"id":15062,"href":"https:\/\/www.anovapeneira.gal\/index.php\/wp-json\/wp\/v2\/posts\/15059\/revisions\/15062"}],"wp:featuredmedia":[{"embeddable":true,"href":"https:\/\/www.anovapeneira.gal\/index.php\/wp-json\/wp\/v2\/media\/15060"}],"wp:attachment":[{"href":"https:\/\/www.anovapeneira.gal\/index.php\/wp-json\/wp\/v2\/media?parent=15059"}],"wp:term":[{"taxonomy":"category","embeddable":true,"href":"https:\/\/www.anovapeneira.gal\/index.php\/wp-json\/wp\/v2\/categories?post=15059"},{"taxonomy":"post_tag","embeddable":true,"href":"https:\/\/www.anovapeneira.gal\/index.php\/wp-json\/wp\/v2\/tags?post=15059"}],"curies":[{"name":"wp","href":"https:\/\/api.w.org\/{rel}","templated":true}]}}