{"id":15063,"date":"2025-12-11T12:00:05","date_gmt":"2025-12-11T11:00:05","guid":{"rendered":"https:\/\/www.anovapeneira.gal\/?p=15063"},"modified":"2025-12-09T10:41:23","modified_gmt":"2025-12-09T09:41:23","slug":"o-psoe-lidera-melloras-na-guarda-con-catro-mocions-aprobadas-por-unanimidade","status":"publish","type":"post","link":"https:\/\/www.anovapeneira.gal\/index.php\/2025\/12\/11\/o-psoe-lidera-melloras-na-guarda-con-catro-mocions-aprobadas-por-unanimidade\/","title":{"rendered":"O PSOE lidera melloras na guarda con catro moci\u00f3ns aprobadas por unanimidade"},"content":{"rendered":"\n<p><strong>A Guarda, a 2 de decembro de 2025<\/strong><\/p>\n\n\n\n<p><em>O Grupo Municipal Socialista da Guarda conseguiu sacar adiante por unanimidade as catro moci\u00f3ns defendidas no Pleno celebrado o 1 de decembro, nas que se solicitaba a mellora do transporte p\u00fablico na comarca do Baixo Mi\u00f1o, a reposici\u00f3n das papeleiras retiradas e a instalaci\u00f3n de modelos con separaci\u00f3n de residuos, a publicaci\u00f3n en prazo das subvenci\u00f3ns municipais por concorrencia competitiva, e o reforzo das acci\u00f3ns municipais contra a violencia machista con motivo do 25N.<\/em><\/p>\n\n\n\n<p>Na primeira das moci\u00f3ns, o PSOE da Guarda instaba \u00e1 Xunta de Galicia a reforzar o transporte p\u00fablico comarcal, mellorando as frecuencias, establecendo conexi\u00f3ns directas cos hospitais e co CUVI e habilitando servizos a demanda nas parroquias. Tam\u00e9n reclamaba a creaci\u00f3n dunha Mesa T\u00e9cnica Comarcal que permitise garantir unha planificaci\u00f3n axeitada \u00e1s necesidades reais da veci\u00f1anza.<\/p>\n\n\n\n<p>A segunda iniciativa aprobada propu\u00f1a un plan progresivo para volver colocar as papeleiras retiradas nos \u00faltimos anos e substitu\u00edlas por modelos con separaci\u00f3n de residuos, priorizando r\u00faas comerciais, parques, prazas e zonas escolares, xunto cunha campa\u00f1a de sensibilizaci\u00f3n para promover o seu uso correcto.<\/p>\n\n\n\n<p>A terceira moci\u00f3n esix\u00eda ao goberno local publicar as subvenci\u00f3ns municipais por concorrencia competitiva no primeiro semestre de cada ano, evitando atrasos como os dos \u00faltimos exercicios que dificultaron a planificaci\u00f3n das asociaci\u00f3ns e deportistas individuais.<\/p>\n\n\n\n<p>Por \u00faltimo, a moci\u00f3n presentada con motivo do 25N ped\u00eda reforzar o compromiso municipal contra a violencia machista mediante acci\u00f3ns de prevenci\u00f3n dirixidas \u00e1 mocidade, formaci\u00f3n espec\u00edfica para a Polic\u00eda Local e unha colaboraci\u00f3n m\u00e1is estreita co tecido asociativo. Ademais, instaba \u00e1 Xunta de Galicia a mellorar as s\u00faas pol\u00edticas nesta materia, especialmente no \u00e1mbito da violencia dixital, vicaria e econ\u00f3mica.<\/p>\n\n\n\n<p>Con estes acordos, o Grupo Municipal Socialista quere deixar claro que existe unha oposici\u00f3n que traballa, que analiza os problemas reais da veci\u00f1anza e que presenta soluci\u00f3ns viables para mellorar o d\u00eda a d\u00eda no municipio. Nun momento no que o goberno local permanece practicamente paralizado, sen proxecto nin direcci\u00f3n definida, os\/as socialistas est\u00e1n asumindo a responsabilidade de impulsar iniciativas \u00fatiles, de marcar prioridades e de abrir cami\u00f1o al\u00ed onde o executivo non est\u00e1 a actuar.<\/p>\n\n\n\n<p>A Guarda precisa pol\u00edticas \u00fatiles, decisi\u00f3ns concretas e avances visibles, non a inacci\u00f3n e a falta de direcci\u00f3n que mostra o actual goberno.<\/p>\n\n\n\n<p><\/p>\n","protected":false},"excerpt":{"rendered":"<div class=\"mh-excerpt\"><p>O Grupo Municipal Socialista da Guarda conseguiu sacar adiante por unanimidade as catro moci\u00f3ns defendidas no Pleno celebrado o 1 de decembro <a class=\"mh-excerpt-more\" href=\"https:\/\/www.anovapeneira.gal\/index.php\/2025\/12\/11\/o-psoe-lidera-melloras-na-guarda-con-catro-mocions-aprobadas-por-unanimidade\/\" title=\"O PSOE lidera melloras na guarda con catro moci\u00f3ns aprobadas por unanimidade\">[&#8230;]<\/a><\/p>\n<\/div>","protected":false},"author":3,"featured_media":15064,"comment_status":"open","ping_status":"open","sticky":false,"template":"","format":"standard","meta":{"_exactmetrics_skip_tracking":false,"_exactmetrics_sitenote_active":false,"_exactmetrics_sitenote_note":"","_exactmetrics_sitenote_category":0,"footnotes":""},"categories":[21],"tags":[238],"class_list":{"0":"post-15063","1":"post","2":"type-post","3":"status-publish","4":"format-standard","5":"has-post-thumbnail","7":"category-baixo-mino","8":"tag-concello-da-guarda"},"yoast_head":"<!-- This site is optimized with the Yoast SEO plugin v27.4 - https:\/\/yoast.com\/product\/yoast-seo-wordpress\/ -->\n<title>O PSOE lidera melloras na guarda con catro moci\u00f3ns aprobadas por unanimidade -<\/title>\n<meta name=\"robots\" content=\"index, follow, max-snippet:-1, max-image-preview:large, max-video-preview:-1\" \/>\n<link rel=\"canonical\" href=\"https:\/\/www.anovapeneira.gal\/index.php\/2025\/12\/11\/o-psoe-lidera-melloras-na-guarda-con-catro-mocions-aprobadas-por-unanimidade\/\" \/>\n<meta property=\"og:locale\" content=\"gl_ES\" \/>\n<meta property=\"og:type\" content=\"article\" \/>\n<meta property=\"og:title\" content=\"O PSOE lidera melloras na guarda con catro moci\u00f3ns aprobadas por unanimidade -\" \/>\n<meta property=\"og:description\" content=\"O Grupo Municipal Socialista da Guarda conseguiu sacar adiante por unanimidade as catro moci\u00f3ns defendidas no Pleno celebrado o 1 de decembro [...]\" \/>\n<meta property=\"og:url\" content=\"https:\/\/www.anovapeneira.gal\/index.php\/2025\/12\/11\/o-psoe-lidera-melloras-na-guarda-con-catro-mocions-aprobadas-por-unanimidade\/\" \/>\n<meta property=\"article:publisher\" content=\"https:\/\/www.facebook.com\/anovapeneira\" \/>\n<meta property=\"article:published_time\" content=\"2025-12-11T11:00:05+00:00\" \/>\n<meta property=\"og:image\" content=\"https:\/\/www.anovapeneira.gal\/wp-content\/uploads\/2025\/12\/psoe_guarda.png\" \/>\n\t<meta property=\"og:image:width\" content=\"720\" \/>\n\t<meta property=\"og:image:height\" content=\"432\" \/>\n\t<meta property=\"og:image:type\" content=\"image\/png\" \/>\n<meta name=\"author\" content=\"Redacci\u00f3n A Nova Peneira\" \/>\n<meta name=\"twitter:card\" content=\"summary_large_image\" \/>\n<meta name=\"twitter:creator\" content=\"@APeneira\" \/>\n<meta name=\"twitter:site\" content=\"@APeneira\" \/>\n<meta name=\"twitter:label1\" content=\"Escrito por\" \/>\n\t<meta name=\"twitter:data1\" content=\"Redacci\u00f3n A Nova Peneira\" \/>\n\t<meta name=\"twitter:label2\" content=\"Tempo de lectura\" \/>\n\t<meta name=\"twitter:data2\" content=\"3 minutos\" \/>\n<script type=\"application\/ld+json\" class=\"yoast-schema-graph\">{\"@context\":\"https:\\\/\\\/schema.org\",\"@graph\":[{\"@type\":\"Article\",\"@id\":\"https:\\\/\\\/www.anovapeneira.gal\\\/index.php\\\/2025\\\/12\\\/11\\\/o-psoe-lidera-melloras-na-guarda-con-catro-mocions-aprobadas-por-unanimidade\\\/#article\",\"isPartOf\":{\"@id\":\"https:\\\/\\\/www.anovapeneira.gal\\\/index.php\\\/2025\\\/12\\\/11\\\/o-psoe-lidera-melloras-na-guarda-con-catro-mocions-aprobadas-por-unanimidade\\\/\"},\"author\":{\"name\":\"Redacci\u00f3n A Nova Peneira\",\"@id\":\"https:\\\/\\\/www.anovapeneira.gal\\\/#\\\/schema\\\/person\\\/b93e3f8932e3f8da96334607eb6ac6aa\"},\"headline\":\"O PSOE lidera melloras na guarda con catro moci\u00f3ns aprobadas por unanimidade\",\"datePublished\":\"2025-12-11T11:00:05+00:00\",\"mainEntityOfPage\":{\"@id\":\"https:\\\/\\\/www.anovapeneira.gal\\\/index.php\\\/2025\\\/12\\\/11\\\/o-psoe-lidera-melloras-na-guarda-con-catro-mocions-aprobadas-por-unanimidade\\\/\"},\"wordCount\":438,\"commentCount\":0,\"publisher\":{\"@id\":\"https:\\\/\\\/www.anovapeneira.gal\\\/#organization\"},\"image\":{\"@id\":\"https:\\\/\\\/www.anovapeneira.gal\\\/index.php\\\/2025\\\/12\\\/11\\\/o-psoe-lidera-melloras-na-guarda-con-catro-mocions-aprobadas-por-unanimidade\\\/#primaryimage\"},\"thumbnailUrl\":\"https:\\\/\\\/www.anovapeneira.gal\\\/wp-content\\\/uploads\\\/2025\\\/12\\\/psoe_guarda.png\",\"keywords\":[\"Concello da Guarda\"],\"articleSection\":[\"Baixo Mi\u00f1o\"],\"inLanguage\":\"gl-ES\",\"potentialAction\":[{\"@type\":\"CommentAction\",\"name\":\"Comment\",\"target\":[\"https:\\\/\\\/www.anovapeneira.gal\\\/index.php\\\/2025\\\/12\\\/11\\\/o-psoe-lidera-melloras-na-guarda-con-catro-mocions-aprobadas-por-unanimidade\\\/#respond\"]}]},{\"@type\":\"WebPage\",\"@id\":\"https:\\\/\\\/www.anovapeneira.gal\\\/index.php\\\/2025\\\/12\\\/11\\\/o-psoe-lidera-melloras-na-guarda-con-catro-mocions-aprobadas-por-unanimidade\\\/\",\"url\":\"https:\\\/\\\/www.anovapeneira.gal\\\/index.php\\\/2025\\\/12\\\/11\\\/o-psoe-lidera-melloras-na-guarda-con-catro-mocions-aprobadas-por-unanimidade\\\/\",\"name\":\"O PSOE lidera melloras na guarda con catro moci\u00f3ns aprobadas por unanimidade -\",\"isPartOf\":{\"@id\":\"https:\\\/\\\/www.anovapeneira.gal\\\/#website\"},\"primaryImageOfPage\":{\"@id\":\"https:\\\/\\\/www.anovapeneira.gal\\\/index.php\\\/2025\\\/12\\\/11\\\/o-psoe-lidera-melloras-na-guarda-con-catro-mocions-aprobadas-por-unanimidade\\\/#primaryimage\"},\"image\":{\"@id\":\"https:\\\/\\\/www.anovapeneira.gal\\\/index.php\\\/2025\\\/12\\\/11\\\/o-psoe-lidera-melloras-na-guarda-con-catro-mocions-aprobadas-por-unanimidade\\\/#primaryimage\"},\"thumbnailUrl\":\"https:\\\/\\\/www.anovapeneira.gal\\\/wp-content\\\/uploads\\\/2025\\\/12\\\/psoe_guarda.png\",\"datePublished\":\"2025-12-11T11:00:05+00:00\",\"breadcrumb\":{\"@id\":\"https:\\\/\\\/www.anovapeneira.gal\\\/index.php\\\/2025\\\/12\\\/11\\\/o-psoe-lidera-melloras-na-guarda-con-catro-mocions-aprobadas-por-unanimidade\\\/#breadcrumb\"},\"inLanguage\":\"gl-ES\",\"potentialAction\":[{\"@type\":\"ReadAction\",\"target\":[\"https:\\\/\\\/www.anovapeneira.gal\\\/index.php\\\/2025\\\/12\\\/11\\\/o-psoe-lidera-melloras-na-guarda-con-catro-mocions-aprobadas-por-unanimidade\\\/\"]}]},{\"@type\":\"ImageObject\",\"inLanguage\":\"gl-ES\",\"@id\":\"https:\\\/\\\/www.anovapeneira.gal\\\/index.php\\\/2025\\\/12\\\/11\\\/o-psoe-lidera-melloras-na-guarda-con-catro-mocions-aprobadas-por-unanimidade\\\/#primaryimage\",\"url\":\"https:\\\/\\\/www.anovapeneira.gal\\\/wp-content\\\/uploads\\\/2025\\\/12\\\/psoe_guarda.png\",\"contentUrl\":\"https:\\\/\\\/www.anovapeneira.gal\\\/wp-content\\\/uploads\\\/2025\\\/12\\\/psoe_guarda.png\",\"width\":720,\"height\":432},{\"@type\":\"BreadcrumbList\",\"@id\":\"https:\\\/\\\/www.anovapeneira.gal\\\/index.php\\\/2025\\\/12\\\/11\\\/o-psoe-lidera-melloras-na-guarda-con-catro-mocions-aprobadas-por-unanimidade\\\/#breadcrumb\",\"itemListElement\":[{\"@type\":\"ListItem\",\"position\":1,\"name\":\"Portada\",\"item\":\"https:\\\/\\\/www.anovapeneira.gal\\\/\"},{\"@type\":\"ListItem\",\"position\":2,\"name\":\"O PSOE lidera melloras na guarda con catro moci\u00f3ns aprobadas por unanimidade\"}]},{\"@type\":\"WebSite\",\"@id\":\"https:\\\/\\\/www.anovapeneira.gal\\\/#website\",\"url\":\"https:\\\/\\\/www.anovapeneira.gal\\\/\",\"name\":\"\",\"description\":\"Xornal galego de informaci\u00f3n xeral Publicaci\u00f3n mensual de novas de Galicia e en especial dos Concellos da sur da provincia de Pontevedra.\",\"publisher\":{\"@id\":\"https:\\\/\\\/www.anovapeneira.gal\\\/#organization\"},\"potentialAction\":[{\"@type\":\"SearchAction\",\"target\":{\"@type\":\"EntryPoint\",\"urlTemplate\":\"https:\\\/\\\/www.anovapeneira.gal\\\/?s={search_term_string}\"},\"query-input\":{\"@type\":\"PropertyValueSpecification\",\"valueRequired\":true,\"valueName\":\"search_term_string\"}}],\"inLanguage\":\"gl-ES\"},{\"@type\":\"Organization\",\"@id\":\"https:\\\/\\\/www.anovapeneira.gal\\\/#organization\",\"name\":\"A Nova Peneira\",\"url\":\"https:\\\/\\\/www.anovapeneira.gal\\\/\",\"logo\":{\"@type\":\"ImageObject\",\"inLanguage\":\"gl-ES\",\"@id\":\"https:\\\/\\\/www.anovapeneira.gal\\\/#\\\/schema\\\/logo\\\/image\\\/\",\"url\":\"http:\\\/\\\/www.anovapeneira.gal\\\/wp-content\\\/uploads\\\/2019\\\/06\\\/logo_a_nova_peneira_portal_web.png\",\"contentUrl\":\"http:\\\/\\\/www.anovapeneira.gal\\\/wp-content\\\/uploads\\\/2019\\\/06\\\/logo_a_nova_peneira_portal_web.png\",\"width\":300,\"height\":100,\"caption\":\"A Nova Peneira\"},\"image\":{\"@id\":\"https:\\\/\\\/www.anovapeneira.gal\\\/#\\\/schema\\\/logo\\\/image\\\/\"},\"sameAs\":[\"https:\\\/\\\/www.facebook.com\\\/anovapeneira\",\"https:\\\/\\\/x.com\\\/APeneira\"]},{\"@type\":\"Person\",\"@id\":\"https:\\\/\\\/www.anovapeneira.gal\\\/#\\\/schema\\\/person\\\/b93e3f8932e3f8da96334607eb6ac6aa\",\"name\":\"Redacci\u00f3n A Nova Peneira\",\"image\":{\"@type\":\"ImageObject\",\"inLanguage\":\"gl-ES\",\"@id\":\"https:\\\/\\\/secure.gravatar.com\\\/avatar\\\/c052a2551a06e23fac63626232eaa90abd78dbcf1700fc46a2b2c89fd27b735f?s=96&d=mm&r=g\",\"url\":\"https:\\\/\\\/secure.gravatar.com\\\/avatar\\\/c052a2551a06e23fac63626232eaa90abd78dbcf1700fc46a2b2c89fd27b735f?s=96&d=mm&r=g\",\"contentUrl\":\"https:\\\/\\\/secure.gravatar.com\\\/avatar\\\/c052a2551a06e23fac63626232eaa90abd78dbcf1700fc46a2b2c89fd27b735f?s=96&d=mm&r=g\",\"caption\":\"Redacci\u00f3n A Nova Peneira\"},\"sameAs\":[\"http:\\\/\\\/www.anovapeneira.gal\\\/\"],\"url\":\"https:\\\/\\\/www.anovapeneira.gal\\\/index.php\\\/author\\\/redactor\\\/\"}]}<\/script>\n<!-- \/ Yoast SEO plugin. -->","yoast_head_json":{"title":"O PSOE lidera melloras na guarda con catro moci\u00f3ns aprobadas por unanimidade -","robots":{"index":"index","follow":"follow","max-snippet":"max-snippet:-1","max-image-preview":"max-image-preview:large","max-video-preview":"max-video-preview:-1"},"canonical":"https:\/\/www.anovapeneira.gal\/index.php\/2025\/12\/11\/o-psoe-lidera-melloras-na-guarda-con-catro-mocions-aprobadas-por-unanimidade\/","og_locale":"gl_ES","og_type":"article","og_title":"O PSOE lidera melloras na guarda con catro moci\u00f3ns aprobadas por unanimidade -","og_description":"O Grupo Municipal Socialista da Guarda conseguiu sacar adiante por unanimidade as catro moci\u00f3ns defendidas no Pleno celebrado o 1 de decembro [...]","og_url":"https:\/\/www.anovapeneira.gal\/index.php\/2025\/12\/11\/o-psoe-lidera-melloras-na-guarda-con-catro-mocions-aprobadas-por-unanimidade\/","article_publisher":"https:\/\/www.facebook.com\/anovapeneira","article_published_time":"2025-12-11T11:00:05+00:00","og_image":[{"width":720,"height":432,"url":"https:\/\/www.anovapeneira.gal\/wp-content\/uploads\/2025\/12\/psoe_guarda.png","type":"image\/png"}],"author":"Redacci\u00f3n A Nova Peneira","twitter_card":"summary_large_image","twitter_creator":"@APeneira","twitter_site":"@APeneira","twitter_misc":{"Escrito por":"Redacci\u00f3n A Nova Peneira","Tempo de lectura":"3 minutos"},"schema":{"@context":"https:\/\/schema.org","@graph":[{"@type":"Article","@id":"https:\/\/www.anovapeneira.gal\/index.php\/2025\/12\/11\/o-psoe-lidera-melloras-na-guarda-con-catro-mocions-aprobadas-por-unanimidade\/#article","isPartOf":{"@id":"https:\/\/www.anovapeneira.gal\/index.php\/2025\/12\/11\/o-psoe-lidera-melloras-na-guarda-con-catro-mocions-aprobadas-por-unanimidade\/"},"author":{"name":"Redacci\u00f3n A Nova Peneira","@id":"https:\/\/www.anovapeneira.gal\/#\/schema\/person\/b93e3f8932e3f8da96334607eb6ac6aa"},"headline":"O PSOE lidera melloras na guarda con catro moci\u00f3ns aprobadas por unanimidade","datePublished":"2025-12-11T11:00:05+00:00","mainEntityOfPage":{"@id":"https:\/\/www.anovapeneira.gal\/index.php\/2025\/12\/11\/o-psoe-lidera-melloras-na-guarda-con-catro-mocions-aprobadas-por-unanimidade\/"},"wordCount":438,"commentCount":0,"publisher":{"@id":"https:\/\/www.anovapeneira.gal\/#organization"},"image":{"@id":"https:\/\/www.anovapeneira.gal\/index.php\/2025\/12\/11\/o-psoe-lidera-melloras-na-guarda-con-catro-mocions-aprobadas-por-unanimidade\/#primaryimage"},"thumbnailUrl":"https:\/\/www.anovapeneira.gal\/wp-content\/uploads\/2025\/12\/psoe_guarda.png","keywords":["Concello da Guarda"],"articleSection":["Baixo Mi\u00f1o"],"inLanguage":"gl-ES","potentialAction":[{"@type":"CommentAction","name":"Comment","target":["https:\/\/www.anovapeneira.gal\/index.php\/2025\/12\/11\/o-psoe-lidera-melloras-na-guarda-con-catro-mocions-aprobadas-por-unanimidade\/#respond"]}]},{"@type":"WebPage","@id":"https:\/\/www.anovapeneira.gal\/index.php\/2025\/12\/11\/o-psoe-lidera-melloras-na-guarda-con-catro-mocions-aprobadas-por-unanimidade\/","url":"https:\/\/www.anovapeneira.gal\/index.php\/2025\/12\/11\/o-psoe-lidera-melloras-na-guarda-con-catro-mocions-aprobadas-por-unanimidade\/","name":"O PSOE lidera melloras na guarda con catro moci\u00f3ns aprobadas por unanimidade -","isPartOf":{"@id":"https:\/\/www.anovapeneira.gal\/#website"},"primaryImageOfPage":{"@id":"https:\/\/www.anovapeneira.gal\/index.php\/2025\/12\/11\/o-psoe-lidera-melloras-na-guarda-con-catro-mocions-aprobadas-por-unanimidade\/#primaryimage"},"image":{"@id":"https:\/\/www.anovapeneira.gal\/index.php\/2025\/12\/11\/o-psoe-lidera-melloras-na-guarda-con-catro-mocions-aprobadas-por-unanimidade\/#primaryimage"},"thumbnailUrl":"https:\/\/www.anovapeneira.gal\/wp-content\/uploads\/2025\/12\/psoe_guarda.png","datePublished":"2025-12-11T11:00:05+00:00","breadcrumb":{"@id":"https:\/\/www.anovapeneira.gal\/index.php\/2025\/12\/11\/o-psoe-lidera-melloras-na-guarda-con-catro-mocions-aprobadas-por-unanimidade\/#breadcrumb"},"inLanguage":"gl-ES","potentialAction":[{"@type":"ReadAction","target":["https:\/\/www.anovapeneira.gal\/index.php\/2025\/12\/11\/o-psoe-lidera-melloras-na-guarda-con-catro-mocions-aprobadas-por-unanimidade\/"]}]},{"@type":"ImageObject","inLanguage":"gl-ES","@id":"https:\/\/www.anovapeneira.gal\/index.php\/2025\/12\/11\/o-psoe-lidera-melloras-na-guarda-con-catro-mocions-aprobadas-por-unanimidade\/#primaryimage","url":"https:\/\/www.anovapeneira.gal\/wp-content\/uploads\/2025\/12\/psoe_guarda.png","contentUrl":"https:\/\/www.anovapeneira.gal\/wp-content\/uploads\/2025\/12\/psoe_guarda.png","width":720,"height":432},{"@type":"BreadcrumbList","@id":"https:\/\/www.anovapeneira.gal\/index.php\/2025\/12\/11\/o-psoe-lidera-melloras-na-guarda-con-catro-mocions-aprobadas-por-unanimidade\/#breadcrumb","itemListElement":[{"@type":"ListItem","position":1,"name":"Portada","item":"https:\/\/www.anovapeneira.gal\/"},{"@type":"ListItem","position":2,"name":"O PSOE lidera melloras na guarda con catro moci\u00f3ns aprobadas por unanimidade"}]},{"@type":"WebSite","@id":"https:\/\/www.anovapeneira.gal\/#website","url":"https:\/\/www.anovapeneira.gal\/","name":"","description":"Xornal galego de informaci\u00f3n xeral Publicaci\u00f3n mensual de novas de Galicia e en especial dos Concellos da sur da provincia de Pontevedra.","publisher":{"@id":"https:\/\/www.anovapeneira.gal\/#organization"},"potentialAction":[{"@type":"SearchAction","target":{"@type":"EntryPoint","urlTemplate":"https:\/\/www.anovapeneira.gal\/?s={search_term_string}"},"query-input":{"@type":"PropertyValueSpecification","valueRequired":true,"valueName":"search_term_string"}}],"inLanguage":"gl-ES"},{"@type":"Organization","@id":"https:\/\/www.anovapeneira.gal\/#organization","name":"A Nova Peneira","url":"https:\/\/www.anovapeneira.gal\/","logo":{"@type":"ImageObject","inLanguage":"gl-ES","@id":"https:\/\/www.anovapeneira.gal\/#\/schema\/logo\/image\/","url":"http:\/\/www.anovapeneira.gal\/wp-content\/uploads\/2019\/06\/logo_a_nova_peneira_portal_web.png","contentUrl":"http:\/\/www.anovapeneira.gal\/wp-content\/uploads\/2019\/06\/logo_a_nova_peneira_portal_web.png","width":300,"height":100,"caption":"A Nova Peneira"},"image":{"@id":"https:\/\/www.anovapeneira.gal\/#\/schema\/logo\/image\/"},"sameAs":["https:\/\/www.facebook.com\/anovapeneira","https:\/\/x.com\/APeneira"]},{"@type":"Person","@id":"https:\/\/www.anovapeneira.gal\/#\/schema\/person\/b93e3f8932e3f8da96334607eb6ac6aa","name":"Redacci\u00f3n A Nova Peneira","image":{"@type":"ImageObject","inLanguage":"gl-ES","@id":"https:\/\/secure.gravatar.com\/avatar\/c052a2551a06e23fac63626232eaa90abd78dbcf1700fc46a2b2c89fd27b735f?s=96&d=mm&r=g","url":"https:\/\/secure.gravatar.com\/avatar\/c052a2551a06e23fac63626232eaa90abd78dbcf1700fc46a2b2c89fd27b735f?s=96&d=mm&r=g","contentUrl":"https:\/\/secure.gravatar.com\/avatar\/c052a2551a06e23fac63626232eaa90abd78dbcf1700fc46a2b2c89fd27b735f?s=96&d=mm&r=g","caption":"Redacci\u00f3n A Nova Peneira"},"sameAs":["http:\/\/www.anovapeneira.gal\/"],"url":"https:\/\/www.anovapeneira.gal\/index.php\/author\/redactor\/"}]}},"jetpack_featured_media_url":"https:\/\/www.anovapeneira.gal\/wp-content\/uploads\/2025\/12\/psoe_guarda.png","_links":{"self":[{"href":"https:\/\/www.anovapeneira.gal\/index.php\/wp-json\/wp\/v2\/posts\/15063","targetHints":{"allow":["GET"]}}],"collection":[{"href":"https:\/\/www.anovapeneira.gal\/index.php\/wp-json\/wp\/v2\/posts"}],"about":[{"href":"https:\/\/www.anovapeneira.gal\/index.php\/wp-json\/wp\/v2\/types\/post"}],"author":[{"embeddable":true,"href":"https:\/\/www.anovapeneira.gal\/index.php\/wp-json\/wp\/v2\/users\/3"}],"replies":[{"embeddable":true,"href":"https:\/\/www.anovapeneira.gal\/index.php\/wp-json\/wp\/v2\/comments?post=15063"}],"version-history":[{"count":1,"href":"https:\/\/www.anovapeneira.gal\/index.php\/wp-json\/wp\/v2\/posts\/15063\/revisions"}],"predecessor-version":[{"id":15065,"href":"https:\/\/www.anovapeneira.gal\/index.php\/wp-json\/wp\/v2\/posts\/15063\/revisions\/15065"}],"wp:featuredmedia":[{"embeddable":true,"href":"https:\/\/www.anovapeneira.gal\/index.php\/wp-json\/wp\/v2\/media\/15064"}],"wp:attachment":[{"href":"https:\/\/www.anovapeneira.gal\/index.php\/wp-json\/wp\/v2\/media?parent=15063"}],"wp:term":[{"taxonomy":"category","embeddable":true,"href":"https:\/\/www.anovapeneira.gal\/index.php\/wp-json\/wp\/v2\/categories?post=15063"},{"taxonomy":"post_tag","embeddable":true,"href":"https:\/\/www.anovapeneira.gal\/index.php\/wp-json\/wp\/v2\/tags?post=15063"}],"curies":[{"name":"wp","href":"https:\/\/api.w.org\/{rel}","templated":true}]}}