{"id":15066,"date":"2025-12-12T10:00:33","date_gmt":"2025-12-12T09:00:33","guid":{"rendered":"https:\/\/www.anovapeneira.gal\/?p=15066"},"modified":"2025-12-09T11:03:05","modified_gmt":"2025-12-09T10:03:05","slug":"gustavo-barcia-cualifica-de-ficcion-propagandistica-os-orzamentos-do-concello-de-mos-para-2026","status":"publish","type":"post","link":"https:\/\/www.anovapeneira.gal\/index.php\/2025\/12\/12\/gustavo-barcia-cualifica-de-ficcion-propagandistica-os-orzamentos-do-concello-de-mos-para-2026\/","title":{"rendered":"Gustavo Barcia cualifica de \u201cficci\u00f3n propagand\u00edstica\u201d os orzamentos do Concello de Mos para 2026"},"content":{"rendered":"\n<h2 class=\"wp-block-heading\">O portavoz municipal do BNG critica o gasto de 10.000 euros en plantas ou a solicitude dun cr\u00e9dito de 1,2 mill\u00f3ns de euros<\/h2>\n\n\n\n<h2 class=\"wp-block-heading\">Os informes t\u00e9cnicos sinalan a necesidade de introducir correcci\u00f3ns nas contas aprobadas polo PP para evitar un plan de axuste<\/h2>\n\n\n\n<p><strong>Mos, 5 de decembro de 2025.<\/strong><\/p>\n\n\n\n<p>O pleno do Concello de Mos aprobou, cos \u00fanicos votos a favor do PP, o orzamento municipal para o ano 2026, unhas contas que o portavoz do BNG, Gustavo Barcia, cualificou como \u201cchapuza\u201d. No propio pleno, Barcia definiunas como \u201cun decorado de cart\u00f3n pedra co que pretenden agochar a nefasta xesti\u00f3n do goberno de Nidia Ar\u00e9valo\u201d. Os propios t\u00e9cnicos municipais puxeron en evidencia os problemas econ\u00f3micos que est\u00e1 a atravesar o concello, ao sinalar que hai m\u00e1is dun mill\u00f3n de euros en facturas nos caix\u00f3ns que esixir\u00e1n a aprobaci\u00f3n dun novo reco\u00f1ecemento extraxudicial de cr\u00e9dito.<\/p>\n\n\n\n<p>O informe de control financiero advirte sobre a necesidade de adoptar medidas para corrixir o rumbo econ\u00f3mico. Se non, o Concello verase na obriga de someterse a un plan de axuste. Barcia denuncia que o goberno do PP \u201cdesoe sistematicamente as advertencias dos t\u00e9cnicos municipais\u201d e reclama unha maior seriedade \u00e1 hora de contratar servizos e realizar investimentos.<\/p>\n\n\n\n<p>O portavoz nacionalista considera que as contas que se levaron a pleno son \u201cunha ficci\u00f3n propagand\u00edstica\u201d e ofreceu varias mostras de como o PP de Nidia Ar\u00e9valo est\u00e1 a malgastar os cartos do Concello. Considera inxustificado, por exemplo, destinar 10.000 euros a \u201cplantas de temporada\u201d, cando xa existe un contrato de mantemento de espazos verdes, por un importe de 120.000 euros, que deber\u00eda cubrir esa necesidade. Tampouco entende, Gustavo Barcia, a necesidade de pedir un cr\u00e9dito de 1,2 mill\u00f3ns de euros para facer pequenos investimentos. Neste sentido, indica que, \u201catendendo \u00e1 lei e aos informes de intervenci\u00f3n, \u00e9 moi probable que este cr\u00e9dito non se poida pedir\u201d.<\/p>\n\n\n\n<p>O orzamento para 2026, en opini\u00f3n du grupo municipal do BNG, non presta a atenci\u00f3n debida \u00e1s necesidades das entidades culturais e deportivas do Concello. Tampouco destina recursos suficientes ao Centro de Informaci\u00f3n \u00e1 Muller (CIM), malia que a alcaldesa manifestara a s\u00faa intenci\u00f3n de reforzalo. O feito \u00e9 que a partida destinada ao CIM non sube nin un euro con respecto \u00e1 de 2025. Non se asigna ningunha cantidade para os postos de traballo da psic\u00f3loga e a avogada que deber\u00e1n crearse coa pr\u00f3xima modificaci\u00f3n da RPT; tampouco para as tres novas prazas de Polic\u00eda Local que se anunciaron. Tal como indica Barcia, \u201cse non se dotan orzamentariamente, estes postos non se poden ocupar\u201d.<\/p>\n\n\n\n<p>Emendas rexeitadas<\/p>\n\n\n\n<p>O Partido Popular desprezou, no debate plenario sobre os orzamentos, todas as emendas presentadas polos grupos da oposici\u00f3n. O BNG solicitou a creaci\u00f3n de novas partidas destinadas ao estudo de custes do novo contrato do SAF, a axudas para actividades culturais ou \u00e1 compra dos terreos do castro de Torroso. Do mesmo modo, o grupo municipal nacionalista propuxo ampliar notablemente as cont\u00edas destinadas a programas de igualdade, actividades con escolares ou axudas a clubs deportivos, entre outros aspectos. O goberno de Nidia Ar\u00e9valo rexeitou todas e cada unha das propostas.<\/p>\n","protected":false},"excerpt":{"rendered":"<div class=\"mh-excerpt\"><p>O pleno do Concello de Mos aprobou, cos \u00fanicos votos a favor do PP, o orzamento municipal para o ano 2026, unhas contas que o portavoz do BNG, Gustavo Barcia, cualificou como \u201cchapuza\u201d. <a class=\"mh-excerpt-more\" href=\"https:\/\/www.anovapeneira.gal\/index.php\/2025\/12\/12\/gustavo-barcia-cualifica-de-ficcion-propagandistica-os-orzamentos-do-concello-de-mos-para-2026\/\" title=\"Gustavo Barcia cualifica de \u201cficci\u00f3n propagand\u00edstica\u201d os orzamentos do Concello de Mos para 2026\">[&#8230;]<\/a><\/p>\n<\/div>","protected":false},"author":3,"featured_media":15067,"comment_status":"open","ping_status":"open","sticky":false,"template":"","format":"standard","meta":{"_exactmetrics_skip_tracking":false,"_exactmetrics_sitenote_active":false,"_exactmetrics_sitenote_note":"","_exactmetrics_sitenote_category":0,"footnotes":""},"categories":[490],"tags":[218],"class_list":{"0":"post-15066","1":"post","2":"type-post","3":"status-publish","4":"format-standard","5":"has-post-thumbnail","7":"category-a-lourina-reportaxes","8":"tag-concello-de-mos"},"yoast_head":"<!-- This site is optimized with the Yoast SEO plugin v27.4 - https:\/\/yoast.com\/product\/yoast-seo-wordpress\/ -->\n<title>Gustavo Barcia cualifica de \u201cficci\u00f3n propagand\u00edstica\u201d os orzamentos do Concello de Mos para 2026 -<\/title>\n<meta name=\"robots\" content=\"index, follow, max-snippet:-1, max-image-preview:large, max-video-preview:-1\" \/>\n<link rel=\"canonical\" href=\"https:\/\/www.anovapeneira.gal\/index.php\/2025\/12\/12\/gustavo-barcia-cualifica-de-ficcion-propagandistica-os-orzamentos-do-concello-de-mos-para-2026\/\" \/>\n<meta property=\"og:locale\" content=\"gl_ES\" \/>\n<meta property=\"og:type\" content=\"article\" \/>\n<meta property=\"og:title\" content=\"Gustavo Barcia cualifica de \u201cficci\u00f3n propagand\u00edstica\u201d os orzamentos do Concello de Mos para 2026 -\" \/>\n<meta property=\"og:description\" content=\"O pleno do Concello de Mos aprobou, cos \u00fanicos votos a favor do PP, o orzamento municipal para o ano 2026, unhas contas que o portavoz do BNG, Gustavo Barcia, cualificou como \u201cchapuza\u201d. [...]\" \/>\n<meta property=\"og:url\" content=\"https:\/\/www.anovapeneira.gal\/index.php\/2025\/12\/12\/gustavo-barcia-cualifica-de-ficcion-propagandistica-os-orzamentos-do-concello-de-mos-para-2026\/\" \/>\n<meta property=\"article:publisher\" content=\"https:\/\/www.facebook.com\/anovapeneira\" \/>\n<meta property=\"article:published_time\" content=\"2025-12-12T09:00:33+00:00\" \/>\n<meta property=\"og:image\" content=\"https:\/\/www.anovapeneira.gal\/wp-content\/uploads\/2025\/12\/gustavo_barcia.jpg\" \/>\n\t<meta property=\"og:image:width\" content=\"720\" \/>\n\t<meta property=\"og:image:height\" content=\"432\" \/>\n\t<meta property=\"og:image:type\" content=\"image\/jpeg\" \/>\n<meta name=\"author\" content=\"Redacci\u00f3n A Nova Peneira\" \/>\n<meta name=\"twitter:card\" content=\"summary_large_image\" \/>\n<meta name=\"twitter:creator\" content=\"@APeneira\" \/>\n<meta name=\"twitter:site\" content=\"@APeneira\" \/>\n<meta name=\"twitter:label1\" content=\"Escrito por\" \/>\n\t<meta name=\"twitter:data1\" content=\"Redacci\u00f3n A Nova Peneira\" \/>\n\t<meta name=\"twitter:label2\" content=\"Tempo de lectura\" \/>\n\t<meta name=\"twitter:data2\" content=\"4 minutos\" \/>\n<script type=\"application\/ld+json\" class=\"yoast-schema-graph\">{\"@context\":\"https:\\\/\\\/schema.org\",\"@graph\":[{\"@type\":\"Article\",\"@id\":\"https:\\\/\\\/www.anovapeneira.gal\\\/index.php\\\/2025\\\/12\\\/12\\\/gustavo-barcia-cualifica-de-ficcion-propagandistica-os-orzamentos-do-concello-de-mos-para-2026\\\/#article\",\"isPartOf\":{\"@id\":\"https:\\\/\\\/www.anovapeneira.gal\\\/index.php\\\/2025\\\/12\\\/12\\\/gustavo-barcia-cualifica-de-ficcion-propagandistica-os-orzamentos-do-concello-de-mos-para-2026\\\/\"},\"author\":{\"name\":\"Redacci\u00f3n A Nova Peneira\",\"@id\":\"https:\\\/\\\/www.anovapeneira.gal\\\/#\\\/schema\\\/person\\\/b93e3f8932e3f8da96334607eb6ac6aa\"},\"headline\":\"Gustavo Barcia cualifica de \u201cficci\u00f3n propagand\u00edstica\u201d os orzamentos do Concello de Mos para 2026\",\"datePublished\":\"2025-12-12T09:00:33+00:00\",\"mainEntityOfPage\":{\"@id\":\"https:\\\/\\\/www.anovapeneira.gal\\\/index.php\\\/2025\\\/12\\\/12\\\/gustavo-barcia-cualifica-de-ficcion-propagandistica-os-orzamentos-do-concello-de-mos-para-2026\\\/\"},\"wordCount\":554,\"commentCount\":0,\"publisher\":{\"@id\":\"https:\\\/\\\/www.anovapeneira.gal\\\/#organization\"},\"image\":{\"@id\":\"https:\\\/\\\/www.anovapeneira.gal\\\/index.php\\\/2025\\\/12\\\/12\\\/gustavo-barcia-cualifica-de-ficcion-propagandistica-os-orzamentos-do-concello-de-mos-para-2026\\\/#primaryimage\"},\"thumbnailUrl\":\"https:\\\/\\\/www.anovapeneira.gal\\\/wp-content\\\/uploads\\\/2025\\\/12\\\/gustavo_barcia.jpg\",\"keywords\":[\"Concello de Mos\"],\"articleSection\":[\"A Louri\u00f1a\"],\"inLanguage\":\"gl-ES\",\"potentialAction\":[{\"@type\":\"CommentAction\",\"name\":\"Comment\",\"target\":[\"https:\\\/\\\/www.anovapeneira.gal\\\/index.php\\\/2025\\\/12\\\/12\\\/gustavo-barcia-cualifica-de-ficcion-propagandistica-os-orzamentos-do-concello-de-mos-para-2026\\\/#respond\"]}]},{\"@type\":\"WebPage\",\"@id\":\"https:\\\/\\\/www.anovapeneira.gal\\\/index.php\\\/2025\\\/12\\\/12\\\/gustavo-barcia-cualifica-de-ficcion-propagandistica-os-orzamentos-do-concello-de-mos-para-2026\\\/\",\"url\":\"https:\\\/\\\/www.anovapeneira.gal\\\/index.php\\\/2025\\\/12\\\/12\\\/gustavo-barcia-cualifica-de-ficcion-propagandistica-os-orzamentos-do-concello-de-mos-para-2026\\\/\",\"name\":\"Gustavo Barcia cualifica de \u201cficci\u00f3n propagand\u00edstica\u201d os orzamentos do Concello de Mos para 2026 -\",\"isPartOf\":{\"@id\":\"https:\\\/\\\/www.anovapeneira.gal\\\/#website\"},\"primaryImageOfPage\":{\"@id\":\"https:\\\/\\\/www.anovapeneira.gal\\\/index.php\\\/2025\\\/12\\\/12\\\/gustavo-barcia-cualifica-de-ficcion-propagandistica-os-orzamentos-do-concello-de-mos-para-2026\\\/#primaryimage\"},\"image\":{\"@id\":\"https:\\\/\\\/www.anovapeneira.gal\\\/index.php\\\/2025\\\/12\\\/12\\\/gustavo-barcia-cualifica-de-ficcion-propagandistica-os-orzamentos-do-concello-de-mos-para-2026\\\/#primaryimage\"},\"thumbnailUrl\":\"https:\\\/\\\/www.anovapeneira.gal\\\/wp-content\\\/uploads\\\/2025\\\/12\\\/gustavo_barcia.jpg\",\"datePublished\":\"2025-12-12T09:00:33+00:00\",\"breadcrumb\":{\"@id\":\"https:\\\/\\\/www.anovapeneira.gal\\\/index.php\\\/2025\\\/12\\\/12\\\/gustavo-barcia-cualifica-de-ficcion-propagandistica-os-orzamentos-do-concello-de-mos-para-2026\\\/#breadcrumb\"},\"inLanguage\":\"gl-ES\",\"potentialAction\":[{\"@type\":\"ReadAction\",\"target\":[\"https:\\\/\\\/www.anovapeneira.gal\\\/index.php\\\/2025\\\/12\\\/12\\\/gustavo-barcia-cualifica-de-ficcion-propagandistica-os-orzamentos-do-concello-de-mos-para-2026\\\/\"]}]},{\"@type\":\"ImageObject\",\"inLanguage\":\"gl-ES\",\"@id\":\"https:\\\/\\\/www.anovapeneira.gal\\\/index.php\\\/2025\\\/12\\\/12\\\/gustavo-barcia-cualifica-de-ficcion-propagandistica-os-orzamentos-do-concello-de-mos-para-2026\\\/#primaryimage\",\"url\":\"https:\\\/\\\/www.anovapeneira.gal\\\/wp-content\\\/uploads\\\/2025\\\/12\\\/gustavo_barcia.jpg\",\"contentUrl\":\"https:\\\/\\\/www.anovapeneira.gal\\\/wp-content\\\/uploads\\\/2025\\\/12\\\/gustavo_barcia.jpg\",\"width\":720,\"height\":432},{\"@type\":\"BreadcrumbList\",\"@id\":\"https:\\\/\\\/www.anovapeneira.gal\\\/index.php\\\/2025\\\/12\\\/12\\\/gustavo-barcia-cualifica-de-ficcion-propagandistica-os-orzamentos-do-concello-de-mos-para-2026\\\/#breadcrumb\",\"itemListElement\":[{\"@type\":\"ListItem\",\"position\":1,\"name\":\"Portada\",\"item\":\"https:\\\/\\\/www.anovapeneira.gal\\\/\"},{\"@type\":\"ListItem\",\"position\":2,\"name\":\"Gustavo Barcia cualifica de \u201cficci\u00f3n propagand\u00edstica\u201d os orzamentos do Concello de Mos para 2026\"}]},{\"@type\":\"WebSite\",\"@id\":\"https:\\\/\\\/www.anovapeneira.gal\\\/#website\",\"url\":\"https:\\\/\\\/www.anovapeneira.gal\\\/\",\"name\":\"\",\"description\":\"Xornal galego de informaci\u00f3n xeral Publicaci\u00f3n mensual de novas de Galicia e en especial dos Concellos da sur da provincia de Pontevedra.\",\"publisher\":{\"@id\":\"https:\\\/\\\/www.anovapeneira.gal\\\/#organization\"},\"potentialAction\":[{\"@type\":\"SearchAction\",\"target\":{\"@type\":\"EntryPoint\",\"urlTemplate\":\"https:\\\/\\\/www.anovapeneira.gal\\\/?s={search_term_string}\"},\"query-input\":{\"@type\":\"PropertyValueSpecification\",\"valueRequired\":true,\"valueName\":\"search_term_string\"}}],\"inLanguage\":\"gl-ES\"},{\"@type\":\"Organization\",\"@id\":\"https:\\\/\\\/www.anovapeneira.gal\\\/#organization\",\"name\":\"A Nova Peneira\",\"url\":\"https:\\\/\\\/www.anovapeneira.gal\\\/\",\"logo\":{\"@type\":\"ImageObject\",\"inLanguage\":\"gl-ES\",\"@id\":\"https:\\\/\\\/www.anovapeneira.gal\\\/#\\\/schema\\\/logo\\\/image\\\/\",\"url\":\"http:\\\/\\\/www.anovapeneira.gal\\\/wp-content\\\/uploads\\\/2019\\\/06\\\/logo_a_nova_peneira_portal_web.png\",\"contentUrl\":\"http:\\\/\\\/www.anovapeneira.gal\\\/wp-content\\\/uploads\\\/2019\\\/06\\\/logo_a_nova_peneira_portal_web.png\",\"width\":300,\"height\":100,\"caption\":\"A Nova Peneira\"},\"image\":{\"@id\":\"https:\\\/\\\/www.anovapeneira.gal\\\/#\\\/schema\\\/logo\\\/image\\\/\"},\"sameAs\":[\"https:\\\/\\\/www.facebook.com\\\/anovapeneira\",\"https:\\\/\\\/x.com\\\/APeneira\"]},{\"@type\":\"Person\",\"@id\":\"https:\\\/\\\/www.anovapeneira.gal\\\/#\\\/schema\\\/person\\\/b93e3f8932e3f8da96334607eb6ac6aa\",\"name\":\"Redacci\u00f3n A Nova Peneira\",\"image\":{\"@type\":\"ImageObject\",\"inLanguage\":\"gl-ES\",\"@id\":\"https:\\\/\\\/secure.gravatar.com\\\/avatar\\\/c052a2551a06e23fac63626232eaa90abd78dbcf1700fc46a2b2c89fd27b735f?s=96&d=mm&r=g\",\"url\":\"https:\\\/\\\/secure.gravatar.com\\\/avatar\\\/c052a2551a06e23fac63626232eaa90abd78dbcf1700fc46a2b2c89fd27b735f?s=96&d=mm&r=g\",\"contentUrl\":\"https:\\\/\\\/secure.gravatar.com\\\/avatar\\\/c052a2551a06e23fac63626232eaa90abd78dbcf1700fc46a2b2c89fd27b735f?s=96&d=mm&r=g\",\"caption\":\"Redacci\u00f3n A Nova Peneira\"},\"sameAs\":[\"http:\\\/\\\/www.anovapeneira.gal\\\/\"],\"url\":\"https:\\\/\\\/www.anovapeneira.gal\\\/index.php\\\/author\\\/redactor\\\/\"}]}<\/script>\n<!-- \/ Yoast SEO plugin. -->","yoast_head_json":{"title":"Gustavo Barcia cualifica de \u201cficci\u00f3n propagand\u00edstica\u201d os orzamentos do Concello de Mos para 2026 -","robots":{"index":"index","follow":"follow","max-snippet":"max-snippet:-1","max-image-preview":"max-image-preview:large","max-video-preview":"max-video-preview:-1"},"canonical":"https:\/\/www.anovapeneira.gal\/index.php\/2025\/12\/12\/gustavo-barcia-cualifica-de-ficcion-propagandistica-os-orzamentos-do-concello-de-mos-para-2026\/","og_locale":"gl_ES","og_type":"article","og_title":"Gustavo Barcia cualifica de \u201cficci\u00f3n propagand\u00edstica\u201d os orzamentos do Concello de Mos para 2026 -","og_description":"O pleno do Concello de Mos aprobou, cos \u00fanicos votos a favor do PP, o orzamento municipal para o ano 2026, unhas contas que o portavoz do BNG, Gustavo Barcia, cualificou como \u201cchapuza\u201d. [...]","og_url":"https:\/\/www.anovapeneira.gal\/index.php\/2025\/12\/12\/gustavo-barcia-cualifica-de-ficcion-propagandistica-os-orzamentos-do-concello-de-mos-para-2026\/","article_publisher":"https:\/\/www.facebook.com\/anovapeneira","article_published_time":"2025-12-12T09:00:33+00:00","og_image":[{"width":720,"height":432,"url":"https:\/\/www.anovapeneira.gal\/wp-content\/uploads\/2025\/12\/gustavo_barcia.jpg","type":"image\/jpeg"}],"author":"Redacci\u00f3n A Nova Peneira","twitter_card":"summary_large_image","twitter_creator":"@APeneira","twitter_site":"@APeneira","twitter_misc":{"Escrito por":"Redacci\u00f3n A Nova Peneira","Tempo de lectura":"4 minutos"},"schema":{"@context":"https:\/\/schema.org","@graph":[{"@type":"Article","@id":"https:\/\/www.anovapeneira.gal\/index.php\/2025\/12\/12\/gustavo-barcia-cualifica-de-ficcion-propagandistica-os-orzamentos-do-concello-de-mos-para-2026\/#article","isPartOf":{"@id":"https:\/\/www.anovapeneira.gal\/index.php\/2025\/12\/12\/gustavo-barcia-cualifica-de-ficcion-propagandistica-os-orzamentos-do-concello-de-mos-para-2026\/"},"author":{"name":"Redacci\u00f3n A Nova Peneira","@id":"https:\/\/www.anovapeneira.gal\/#\/schema\/person\/b93e3f8932e3f8da96334607eb6ac6aa"},"headline":"Gustavo Barcia cualifica de \u201cficci\u00f3n propagand\u00edstica\u201d os orzamentos do Concello de Mos para 2026","datePublished":"2025-12-12T09:00:33+00:00","mainEntityOfPage":{"@id":"https:\/\/www.anovapeneira.gal\/index.php\/2025\/12\/12\/gustavo-barcia-cualifica-de-ficcion-propagandistica-os-orzamentos-do-concello-de-mos-para-2026\/"},"wordCount":554,"commentCount":0,"publisher":{"@id":"https:\/\/www.anovapeneira.gal\/#organization"},"image":{"@id":"https:\/\/www.anovapeneira.gal\/index.php\/2025\/12\/12\/gustavo-barcia-cualifica-de-ficcion-propagandistica-os-orzamentos-do-concello-de-mos-para-2026\/#primaryimage"},"thumbnailUrl":"https:\/\/www.anovapeneira.gal\/wp-content\/uploads\/2025\/12\/gustavo_barcia.jpg","keywords":["Concello de Mos"],"articleSection":["A Louri\u00f1a"],"inLanguage":"gl-ES","potentialAction":[{"@type":"CommentAction","name":"Comment","target":["https:\/\/www.anovapeneira.gal\/index.php\/2025\/12\/12\/gustavo-barcia-cualifica-de-ficcion-propagandistica-os-orzamentos-do-concello-de-mos-para-2026\/#respond"]}]},{"@type":"WebPage","@id":"https:\/\/www.anovapeneira.gal\/index.php\/2025\/12\/12\/gustavo-barcia-cualifica-de-ficcion-propagandistica-os-orzamentos-do-concello-de-mos-para-2026\/","url":"https:\/\/www.anovapeneira.gal\/index.php\/2025\/12\/12\/gustavo-barcia-cualifica-de-ficcion-propagandistica-os-orzamentos-do-concello-de-mos-para-2026\/","name":"Gustavo Barcia cualifica de \u201cficci\u00f3n propagand\u00edstica\u201d os orzamentos do Concello de Mos para 2026 -","isPartOf":{"@id":"https:\/\/www.anovapeneira.gal\/#website"},"primaryImageOfPage":{"@id":"https:\/\/www.anovapeneira.gal\/index.php\/2025\/12\/12\/gustavo-barcia-cualifica-de-ficcion-propagandistica-os-orzamentos-do-concello-de-mos-para-2026\/#primaryimage"},"image":{"@id":"https:\/\/www.anovapeneira.gal\/index.php\/2025\/12\/12\/gustavo-barcia-cualifica-de-ficcion-propagandistica-os-orzamentos-do-concello-de-mos-para-2026\/#primaryimage"},"thumbnailUrl":"https:\/\/www.anovapeneira.gal\/wp-content\/uploads\/2025\/12\/gustavo_barcia.jpg","datePublished":"2025-12-12T09:00:33+00:00","breadcrumb":{"@id":"https:\/\/www.anovapeneira.gal\/index.php\/2025\/12\/12\/gustavo-barcia-cualifica-de-ficcion-propagandistica-os-orzamentos-do-concello-de-mos-para-2026\/#breadcrumb"},"inLanguage":"gl-ES","potentialAction":[{"@type":"ReadAction","target":["https:\/\/www.anovapeneira.gal\/index.php\/2025\/12\/12\/gustavo-barcia-cualifica-de-ficcion-propagandistica-os-orzamentos-do-concello-de-mos-para-2026\/"]}]},{"@type":"ImageObject","inLanguage":"gl-ES","@id":"https:\/\/www.anovapeneira.gal\/index.php\/2025\/12\/12\/gustavo-barcia-cualifica-de-ficcion-propagandistica-os-orzamentos-do-concello-de-mos-para-2026\/#primaryimage","url":"https:\/\/www.anovapeneira.gal\/wp-content\/uploads\/2025\/12\/gustavo_barcia.jpg","contentUrl":"https:\/\/www.anovapeneira.gal\/wp-content\/uploads\/2025\/12\/gustavo_barcia.jpg","width":720,"height":432},{"@type":"BreadcrumbList","@id":"https:\/\/www.anovapeneira.gal\/index.php\/2025\/12\/12\/gustavo-barcia-cualifica-de-ficcion-propagandistica-os-orzamentos-do-concello-de-mos-para-2026\/#breadcrumb","itemListElement":[{"@type":"ListItem","position":1,"name":"Portada","item":"https:\/\/www.anovapeneira.gal\/"},{"@type":"ListItem","position":2,"name":"Gustavo Barcia cualifica de \u201cficci\u00f3n propagand\u00edstica\u201d os orzamentos do Concello de Mos para 2026"}]},{"@type":"WebSite","@id":"https:\/\/www.anovapeneira.gal\/#website","url":"https:\/\/www.anovapeneira.gal\/","name":"","description":"Xornal galego de informaci\u00f3n xeral Publicaci\u00f3n mensual de novas de Galicia e en especial dos Concellos da sur da provincia de Pontevedra.","publisher":{"@id":"https:\/\/www.anovapeneira.gal\/#organization"},"potentialAction":[{"@type":"SearchAction","target":{"@type":"EntryPoint","urlTemplate":"https:\/\/www.anovapeneira.gal\/?s={search_term_string}"},"query-input":{"@type":"PropertyValueSpecification","valueRequired":true,"valueName":"search_term_string"}}],"inLanguage":"gl-ES"},{"@type":"Organization","@id":"https:\/\/www.anovapeneira.gal\/#organization","name":"A Nova Peneira","url":"https:\/\/www.anovapeneira.gal\/","logo":{"@type":"ImageObject","inLanguage":"gl-ES","@id":"https:\/\/www.anovapeneira.gal\/#\/schema\/logo\/image\/","url":"http:\/\/www.anovapeneira.gal\/wp-content\/uploads\/2019\/06\/logo_a_nova_peneira_portal_web.png","contentUrl":"http:\/\/www.anovapeneira.gal\/wp-content\/uploads\/2019\/06\/logo_a_nova_peneira_portal_web.png","width":300,"height":100,"caption":"A Nova Peneira"},"image":{"@id":"https:\/\/www.anovapeneira.gal\/#\/schema\/logo\/image\/"},"sameAs":["https:\/\/www.facebook.com\/anovapeneira","https:\/\/x.com\/APeneira"]},{"@type":"Person","@id":"https:\/\/www.anovapeneira.gal\/#\/schema\/person\/b93e3f8932e3f8da96334607eb6ac6aa","name":"Redacci\u00f3n A Nova Peneira","image":{"@type":"ImageObject","inLanguage":"gl-ES","@id":"https:\/\/secure.gravatar.com\/avatar\/c052a2551a06e23fac63626232eaa90abd78dbcf1700fc46a2b2c89fd27b735f?s=96&d=mm&r=g","url":"https:\/\/secure.gravatar.com\/avatar\/c052a2551a06e23fac63626232eaa90abd78dbcf1700fc46a2b2c89fd27b735f?s=96&d=mm&r=g","contentUrl":"https:\/\/secure.gravatar.com\/avatar\/c052a2551a06e23fac63626232eaa90abd78dbcf1700fc46a2b2c89fd27b735f?s=96&d=mm&r=g","caption":"Redacci\u00f3n A Nova Peneira"},"sameAs":["http:\/\/www.anovapeneira.gal\/"],"url":"https:\/\/www.anovapeneira.gal\/index.php\/author\/redactor\/"}]}},"jetpack_featured_media_url":"https:\/\/www.anovapeneira.gal\/wp-content\/uploads\/2025\/12\/gustavo_barcia.jpg","_links":{"self":[{"href":"https:\/\/www.anovapeneira.gal\/index.php\/wp-json\/wp\/v2\/posts\/15066","targetHints":{"allow":["GET"]}}],"collection":[{"href":"https:\/\/www.anovapeneira.gal\/index.php\/wp-json\/wp\/v2\/posts"}],"about":[{"href":"https:\/\/www.anovapeneira.gal\/index.php\/wp-json\/wp\/v2\/types\/post"}],"author":[{"embeddable":true,"href":"https:\/\/www.anovapeneira.gal\/index.php\/wp-json\/wp\/v2\/users\/3"}],"replies":[{"embeddable":true,"href":"https:\/\/www.anovapeneira.gal\/index.php\/wp-json\/wp\/v2\/comments?post=15066"}],"version-history":[{"count":1,"href":"https:\/\/www.anovapeneira.gal\/index.php\/wp-json\/wp\/v2\/posts\/15066\/revisions"}],"predecessor-version":[{"id":15068,"href":"https:\/\/www.anovapeneira.gal\/index.php\/wp-json\/wp\/v2\/posts\/15066\/revisions\/15068"}],"wp:featuredmedia":[{"embeddable":true,"href":"https:\/\/www.anovapeneira.gal\/index.php\/wp-json\/wp\/v2\/media\/15067"}],"wp:attachment":[{"href":"https:\/\/www.anovapeneira.gal\/index.php\/wp-json\/wp\/v2\/media?parent=15066"}],"wp:term":[{"taxonomy":"category","embeddable":true,"href":"https:\/\/www.anovapeneira.gal\/index.php\/wp-json\/wp\/v2\/categories?post=15066"},{"taxonomy":"post_tag","embeddable":true,"href":"https:\/\/www.anovapeneira.gal\/index.php\/wp-json\/wp\/v2\/tags?post=15066"}],"curies":[{"name":"wp","href":"https:\/\/api.w.org\/{rel}","templated":true}]}}