{"id":15072,"date":"2025-12-15T10:00:39","date_gmt":"2025-12-15T09:00:39","guid":{"rendered":"https:\/\/www.anovapeneira.gal\/?p=15072"},"modified":"2025-12-09T11:02:18","modified_gmt":"2025-12-09T10:02:18","slug":"o-c-d-arcademais-dun-seculo-levando-o-nome-de-arcade-polo-mundo","status":"publish","type":"post","link":"https:\/\/www.anovapeneira.gal\/index.php\/2025\/12\/15\/o-c-d-arcademais-dun-seculo-levando-o-nome-de-arcade-polo-mundo\/","title":{"rendered":"O C.D Arcade,m\u00e1is dun s\u00e9culo levando o nome de Arcade polo mundo"},"content":{"rendered":"\n<p><strong>O ano 1923 non s\u00f3 foi no que naceu o RC Celta. Nas terras de Arcade tam\u00e9n v\u00eda a luz O CD Arcade e hoxe, m\u00e1is dun s\u00e9culo de existencia despois, milita con moita dignidade en 1\u00ba auton\u00f3mica, hai pouco chegou a estar en categor\u00eda preferente. Contan con 12 equipos de f\u00fatbol, 10 de homes e dous de mulleres. E m\u00e1is de 160 mozas e mozos poden practicar deporte nas s\u00faas ringleiras. Desde ANP d\u00e1moslle os parab\u00e9ns a este conxunto polo seu primeiro s\u00e9culo de existencia, e transmit\u00edmoslles os nosos mellores desexos de que este s\u00e9culo de vida non sexa m\u00e1is que o primeiro de moitos. N\u00f3s conversamos con Joaqu\u00edn, un mozo de 26 anos, natural de Soutomaior que exerce de coordinador do equipo.<\/strong><\/p>\n\n\n\n<p><strong>Joaqu\u00edn Mart\u00ednez, coordinador<\/strong><\/p>\n\n\n\n<h2 class=\"wp-block-heading\">\u201c <strong>Debemos aspirar a ascender e a consolidarnos en preferente\u201d<\/strong><\/h2>\n\n\n\n<p><strong>Queremos co\u00f1ecerte un pouco m\u00e1is<\/strong><\/p>\n\n\n\n<blockquote class=\"wp-block-quote is-layout-flow wp-block-quote-is-layout-flow\">\n<p>Ben, eu son de Soutomaior, en concreto de Romariz, te\u00f1o 26 anos e ded\u00edcome ao f\u00fatbol.<\/p>\n<\/blockquote>\n\n\n\n<p><strong>Pero coa idade que tes a\u00ednda poder\u00edas estar xogando?<\/strong><\/p>\n\n\n\n<blockquote class=\"wp-block-quote is-layout-flow wp-block-quote-is-layout-flow\">\n<p>Si, a verdade \u00e9 que si. Pero eu a pr\u00e1ctica do f\u00fatbol deixeina pronto, aos 18 anos e xa me dirix\u00edn a adestrar. A min sempre me chamou m\u00e1is adestrar que xogar.<\/p>\n<\/blockquote>\n\n\n\n<p><strong>Canto tempo levas como coordinador do Arcade?<\/strong><\/p>\n\n\n\n<blockquote class=\"wp-block-quote is-layout-flow wp-block-quote-is-layout-flow\">\n<p>Levo tres anos.<\/p>\n<\/blockquote>\n\n\n\n<p><strong>Exactamente cales son as t\u00faas funci\u00f3ns?<\/strong><\/p>\n\n\n\n<blockquote class=\"wp-block-quote is-layout-flow wp-block-quote-is-layout-flow\">\n<p>Coordinar os horarios, os equipos e o d\u00eda a d\u00eda da semana.<\/p>\n<\/blockquote>\n\n\n\n<p><strong>Cantos equipos tendes?<\/strong><\/p>\n\n\n\n<blockquote class=\"wp-block-quote is-layout-flow wp-block-quote-is-layout-flow\">\n<p>Temos 12 equipos, 10 masculinos e 2 femininos. Temos f\u00fatbol 11 e f\u00fatbol 8.<\/p>\n<\/blockquote>\n\n\n\n<p><strong>E fichas cantas tendes?<\/strong><\/p>\n\n\n\n<blockquote class=\"wp-block-quote is-layout-flow wp-block-quote-is-layout-flow\">\n<p>162.<\/p>\n<\/blockquote>\n\n\n\n<p><strong>De onde son os xogadores e xogadoras?<\/strong><\/p>\n\n\n\n<blockquote class=\"wp-block-quote is-layout-flow wp-block-quote-is-layout-flow\">\n<p>Moitos son do noso Concello, de Arcade e de Soutomaior. Tam\u00e9n temos de Pontevedra, Vigo e Redondela.<\/p>\n<\/blockquote>\n\n\n\n<p><strong>Cal \u00e9 o voso uniforme?<\/strong><\/p>\n\n\n\n<blockquote class=\"wp-block-quote is-layout-flow wp-block-quote-is-layout-flow\">\n<p>Camiseta e medias azul mari\u00f1o, e pantal\u00f3n branco.<\/p>\n<\/blockquote>\n\n\n\n<p><strong>Onde xogades os vosos partidos?<\/strong><\/p>\n\n\n\n<blockquote class=\"wp-block-quote is-layout-flow wp-block-quote-is-layout-flow\">\n<p>No campo municipal do Salgueir\u00f3n de Arcade.<\/p>\n<\/blockquote>\n\n\n\n<p><strong>Que tal est\u00e1n as instalaci\u00f3ns?<\/strong><\/p>\n\n\n\n<blockquote class=\"wp-block-quote is-layout-flow wp-block-quote-is-layout-flow\">\n<p>Est\u00e1n moi ben. Mud\u00e1ronas hai poucos anos e mant\u00e9\u00f1ense ben.<\/p>\n<\/blockquote>\n\n\n\n<p><strong>Como levades a cuesti\u00f3n econ\u00f3mica?<\/strong><\/p>\n\n\n\n<blockquote class=\"wp-block-quote is-layout-flow wp-block-quote-is-layout-flow\">\n<p>Como todos equipos modestos: En base as subvenci\u00f3ns, e as cotas dos socios e dos nenos. Tam\u00e9n temos patrocinadores publicitarios, cobramos entradas os d\u00edas dos partidos do equipo s\u00e9nior e facemos algunhas rifas de cando en vez.<\/p>\n<\/blockquote>\n\n\n\n<p><strong>Que tal se porta Concello de Soutomaior con v\u00f3s?<\/strong><\/p>\n\n\n\n<blockquote class=\"wp-block-quote is-layout-flow wp-block-quote-is-layout-flow\">\n<p>P\u00f3rtase moi ben. Estamos moi contentos. A\u00ednda hai pouco tempo nos arranxaron a iluminaci\u00f3n e o rego. N\u00f3s tratamos co alcalde e co concelleiro que leva deportes, Pablo Garrido, e vemos que en ambos casos hai moi boa vontade e sempre que temos un problema tratan de solucionalo canto antes e da mellor maneira posible.<\/p>\n<\/blockquote>\n\n\n\n<p><strong>Como \u00e9 afecci\u00f3n do Arcade?<\/strong><\/p>\n\n\n\n<blockquote class=\"wp-block-quote is-layout-flow wp-block-quote-is-layout-flow\">\n<p>\u00c9 unha afecci\u00f3n tranquila.<\/p>\n<\/blockquote>\n\n\n\n<p><strong>Estades contentos coa vinculaci\u00f3n do pobo de Arcade co seu equipo?<\/strong><\/p>\n\n\n\n<blockquote class=\"wp-block-quote is-layout-flow wp-block-quote-is-layout-flow\">\n<p>Coa nosa afecci\u00f3n, a que nos apoia en todo momento, si que estamos moi contentos e agradecidos, desde logo que si. Pero a min gustar\u00edame que vi\u00f1era m\u00e1is xente aos partidos e que se implicara co equipo. O club leva o nome de Arcade por moitos sitios e entendo que \u00e9 un dos elementos que nos identifica como pobo.<\/p>\n<\/blockquote>\n\n\n\n<p><strong>Cal \u00e9 o voso principal rival deportivo?<\/strong><\/p>\n\n\n\n<blockquote class=\"wp-block-quote is-layout-flow wp-block-quote-is-layout-flow\">\n<p>O nosos derbi \u00e9 co Soutomaior. A\u00ednda que agora estamos en categor\u00edas diferentes. N\u00f3s en primeira auton\u00f3mica e eles en segunda, descenderon o ano pasado. Son os partidos nos que metemos m\u00e1is xente, tanto n\u00f3s como eles.<\/p>\n<\/blockquote>\n\n\n\n<p><strong>E son partidos moi tensos?<\/strong><\/p>\n\n\n\n<blockquote class=\"wp-block-quote is-layout-flow wp-block-quote-is-layout-flow\">\n<p>Sempre gusta ga\u00f1ar, desde logo, pero non \u00e9 que haxa unha especial tensi\u00f3n. Ao fin e ao cabo hai xente de Arcade que xoga no Soutomaior e xente de Soutomaior que xoga no Arcade e en moitas ocasi\u00f3ns os xogadores dos dous equipos son amigos.<\/p>\n<\/blockquote>\n\n\n\n<p><strong>Eles xogan no mesmo campo ca v\u00f3s?<\/strong><\/p>\n\n\n\n<blockquote class=\"wp-block-quote is-layout-flow wp-block-quote-is-layout-flow\">\n<p>Non, eles xogan en Soutomaior, a\u00ednda que os dous campos est\u00e1n moi preto.<\/p>\n<\/blockquote>\n\n\n\n<p><strong>O equipo s\u00e9nior masculino compite en primeira auton\u00f3mica,e o feminino?<\/strong><\/p>\n\n\n\n<blockquote class=\"wp-block-quote is-layout-flow wp-block-quote-is-layout-flow\">\n<p>S\u00e9nior feminino non temos. De rapazas temos cadetes e infantil, pero s\u00e9nior non.<\/p>\n<\/blockquote>\n\n\n\n<p><strong>Por que motivo non?<\/strong><\/p>\n\n\n\n<blockquote class=\"wp-block-quote is-layout-flow wp-block-quote-is-layout-flow\">\n<p>Xa o tivemos o ano pasado, pero moitas nenas tiveron que marchar por cuesti\u00f3ns de estudos. Agora van subir un grupo moi bo de cadetes e agardamos podelo facer proximamente.<\/p>\n<\/blockquote>\n\n\n\n<p><strong>Que tal van os s\u00e9nior masculinos en primeira auton\u00f3mica?<\/strong><\/p>\n\n\n\n<blockquote class=\"wp-block-quote is-layout-flow wp-block-quote-is-layout-flow\">\n<p>Imos pola metade da t\u00e1boa. Pasamos unha mala racha de varios partidos sen ga\u00f1ar, pero xa retomamos as vitorias e no momento de facermos esta entrevista estamos de novenos, s\u00f3 a tres puntos do quinto posto, que \u00e9 o noso obxectivo.<\/p>\n<\/blockquote>\n\n\n\n<p><strong>Por que o 5\u00ba posto \u00e9 o voso obxectivo, s\u00e9 a fase de ascenso s\u00f3 a disputan o 2\u00ba e o 3\u00ba?.<\/strong><\/p>\n\n\n\n<blockquote class=\"wp-block-quote is-layout-flow wp-block-quote-is-layout-flow\">\n<p>Actualmente \u00e9 moi dif\u00edcil formularse o obxectivo de quedar 3\u00ba, e en consecuencia disputarmos a fase de ascenso. Hoxe estamos a 14 puntos do 3\u00ba posto. O noso obxectivo \u00e9 quedar en quinto lugar porque desa maneira igualariamos a clasificaci\u00f3n do ano pasado.<\/p>\n<\/blockquote>\n\n\n\n<p><strong>Honestamente Joaqu\u00edn: Ti sendo natural de Romariz, antes de formar parte do equipo t\u00e9cnico do Arcade de que equipo eras seareiro, do Arcade ou do Soutomaior?<\/strong><\/p>\n\n\n\n<blockquote class=\"wp-block-quote is-layout-flow wp-block-quote-is-layout-flow\">\n<p>Ha, ha , ha, ha..Eu sempre fun do Arcade, porque fun xogador deste equipo xa desde prebenxam\u00edns.<\/p>\n<\/blockquote>\n\n\n\n<p><strong>E cando xoga o Soutomaior queres que ga\u00f1e, que perda ou d\u00e1che igual?<\/strong><\/p>\n\n\n\n<blockquote class=\"wp-block-quote is-layout-flow wp-block-quote-is-layout-flow\">\n<p>Ha, ha , ha.. Gustar\u00edame que estivera na mesma categor\u00eda que estamos n\u00f3s, pero sempre por baixo nosa na clasificaci\u00f3n.<\/p>\n<\/blockquote>\n\n\n\n<p><strong>Tendo en conta a realidade econ\u00f3mica social e demogr\u00e1fica de Arcade cal cres ti que ser\u00eda a categor\u00eda natural na que o Arcade se debera de consolidar?<\/strong><\/p>\n\n\n\n<blockquote class=\"wp-block-quote is-layout-flow wp-block-quote-is-layout-flow\">\n<p>Eu creo que a preferente. Entendo que debemos de apostar moi forte por constru\u00edr un proxecto deportivo s\u00f3lido que nos permita ascender e consolidarnos na categor\u00eda preferente.<\/p>\n<\/blockquote>\n\n\n\n<p><strong>Economicamente ser\u00eda viable?<\/strong><\/p>\n\n\n\n<blockquote class=\"wp-block-quote is-layout-flow wp-block-quote-is-layout-flow\">\n<p>Ser\u00eda dif\u00edcil, pero realizable.<\/p>\n<\/blockquote>\n\n\n\n<p><strong>Cantas persoas hai na directiva?<\/strong><\/p>\n\n\n\n<blockquote class=\"wp-block-quote is-layout-flow wp-block-quote-is-layout-flow\">\n<p>Oito persoas.<\/p>\n<\/blockquote>\n\n\n\n<p><strong>Algunha muller?<\/strong><\/p>\n\n\n\n<blockquote class=\"wp-block-quote is-layout-flow wp-block-quote-is-layout-flow\">\n<p>Non, todos homes. Non hai mulleres porque non cadrou. Pero non haber\u00eda o m\u00e1is m\u00ednimo problema en incorporar a algunha. \u00c9 m\u00e1is, estariamos encantados.<\/p>\n<\/blockquote>\n\n\n\n<p><strong>Canto tempo leva o presidente Miguel Garc\u00eda?<\/strong><\/p>\n\n\n\n<blockquote class=\"wp-block-quote is-layout-flow wp-block-quote-is-layout-flow\">\n<p>12 anos<\/p>\n<\/blockquote>\n\n\n\n<p><strong>O equipo \u00e9 do mesmo ano c\u00f3 Celta, de 1923, supo\u00f1o que cando esta directiva decida dar un paso atr\u00e1s non haber\u00e1 ning\u00fan problema de continuidade?<\/strong><\/p>\n\n\n\n<blockquote class=\"wp-block-quote is-layout-flow wp-block-quote-is-layout-flow\">\n<p>Eu entendo que non o debera de haber.<\/p>\n<\/blockquote>\n\n\n\n<p><strong>Imaxino que os actos do centenario deberon ser moi bonitos?<\/strong><\/p>\n\n\n\n<blockquote class=\"wp-block-quote is-layout-flow wp-block-quote-is-layout-flow\">\n<p>Pois si, a verdade \u00e9 que si. Fixemos moitos e moi diversos actos, que inclu\u00edron un partido co Celta de veteranos e foi todo moi emocionante.<\/p>\n<\/blockquote>\n\n\n\n<p><strong>Unha \u00faltima pregunta Joaqu\u00edn: De que equipo es ti?<\/strong><\/p>\n\n\n\n<blockquote class=\"wp-block-quote is-layout-flow wp-block-quote-is-layout-flow\">\n<p>Eu son so Depor.<\/p>\n<\/blockquote>\n\n\n\n<p><strong>Do Depor, vaia cousa rara en Arcade, e non tes piques cos compa\u00f1eiros do Celta?<\/strong><\/p>\n\n\n\n<blockquote class=\"wp-block-quote is-layout-flow wp-block-quote-is-layout-flow\">\n<p>Ha, ha, ha, ha..Si, si que os te\u00f1o, pero sempre sans.<\/p>\n<\/blockquote>\n","protected":false},"excerpt":{"rendered":"<div class=\"mh-excerpt\"><p>O ano 1923 non s\u00f3 foi no que naceu o RC Celta. Nas terras de Arcade tam\u00e9n v\u00eda a luz O CD Arcade e hoxe, m\u00e1is dun s\u00e9culo de existencia despois, milita con moita dignidade en 1\u00ba auton\u00f3mica, hai pouco chegou a estar en categor\u00eda preferente <a class=\"mh-excerpt-more\" href=\"https:\/\/www.anovapeneira.gal\/index.php\/2025\/12\/15\/o-c-d-arcademais-dun-seculo-levando-o-nome-de-arcade-polo-mundo\/\" title=\"O C.D Arcade,m\u00e1is dun s\u00e9culo levando o nome de Arcade polo mundo\">[&#8230;]<\/a><\/p>\n<\/div>","protected":false},"author":3,"featured_media":15073,"comment_status":"open","ping_status":"open","sticky":false,"template":"","format":"standard","meta":{"_exactmetrics_skip_tracking":false,"_exactmetrics_sitenote_active":false,"_exactmetrics_sitenote_note":"","_exactmetrics_sitenote_category":0,"footnotes":""},"categories":[495],"tags":[171],"class_list":{"0":"post-15072","1":"post","2":"type-post","3":"status-publish","4":"format-standard","5":"has-post-thumbnail","7":"category-redondela-reportaxes","8":"tag-concello-de-redondela"},"yoast_head":"<!-- This site is optimized with the Yoast SEO plugin v27.4 - https:\/\/yoast.com\/product\/yoast-seo-wordpress\/ -->\n<title>O C.D Arcade,m\u00e1is dun s\u00e9culo levando o nome de Arcade polo mundo -<\/title>\n<meta name=\"robots\" content=\"index, follow, max-snippet:-1, max-image-preview:large, max-video-preview:-1\" \/>\n<link rel=\"canonical\" href=\"https:\/\/www.anovapeneira.gal\/index.php\/2025\/12\/15\/o-c-d-arcademais-dun-seculo-levando-o-nome-de-arcade-polo-mundo\/\" \/>\n<meta property=\"og:locale\" content=\"gl_ES\" \/>\n<meta property=\"og:type\" content=\"article\" \/>\n<meta property=\"og:title\" content=\"O C.D Arcade,m\u00e1is dun s\u00e9culo levando o nome de Arcade polo mundo -\" \/>\n<meta property=\"og:description\" content=\"O ano 1923 non s\u00f3 foi no que naceu o RC Celta. Nas terras de Arcade tam\u00e9n v\u00eda a luz O CD Arcade e hoxe, m\u00e1is dun s\u00e9culo de existencia despois, milita con moita dignidade en 1\u00ba auton\u00f3mica, hai pouco chegou a estar en categor\u00eda preferente [...]\" \/>\n<meta property=\"og:url\" content=\"https:\/\/www.anovapeneira.gal\/index.php\/2025\/12\/15\/o-c-d-arcademais-dun-seculo-levando-o-nome-de-arcade-polo-mundo\/\" \/>\n<meta property=\"article:publisher\" content=\"https:\/\/www.facebook.com\/anovapeneira\" \/>\n<meta property=\"article:published_time\" content=\"2025-12-15T09:00:39+00:00\" \/>\n<meta property=\"og:image\" content=\"https:\/\/www.anovapeneira.gal\/wp-content\/uploads\/2025\/12\/cd_arcde.jpg\" \/>\n\t<meta property=\"og:image:width\" content=\"720\" \/>\n\t<meta property=\"og:image:height\" content=\"432\" \/>\n\t<meta property=\"og:image:type\" content=\"image\/jpeg\" \/>\n<meta name=\"author\" content=\"Redacci\u00f3n A Nova Peneira\" \/>\n<meta name=\"twitter:card\" content=\"summary_large_image\" \/>\n<meta name=\"twitter:creator\" content=\"@APeneira\" \/>\n<meta name=\"twitter:site\" content=\"@APeneira\" \/>\n<meta name=\"twitter:label1\" content=\"Escrito por\" \/>\n\t<meta name=\"twitter:data1\" content=\"Redacci\u00f3n A Nova Peneira\" \/>\n\t<meta name=\"twitter:label2\" content=\"Tempo de lectura\" \/>\n\t<meta name=\"twitter:data2\" content=\"3 minutos\" \/>\n<script type=\"application\/ld+json\" class=\"yoast-schema-graph\">{\"@context\":\"https:\\\/\\\/schema.org\",\"@graph\":[{\"@type\":\"Article\",\"@id\":\"https:\\\/\\\/www.anovapeneira.gal\\\/index.php\\\/2025\\\/12\\\/15\\\/o-c-d-arcademais-dun-seculo-levando-o-nome-de-arcade-polo-mundo\\\/#article\",\"isPartOf\":{\"@id\":\"https:\\\/\\\/www.anovapeneira.gal\\\/index.php\\\/2025\\\/12\\\/15\\\/o-c-d-arcademais-dun-seculo-levando-o-nome-de-arcade-polo-mundo\\\/\"},\"author\":{\"name\":\"Redacci\u00f3n A Nova Peneira\",\"@id\":\"https:\\\/\\\/www.anovapeneira.gal\\\/#\\\/schema\\\/person\\\/b93e3f8932e3f8da96334607eb6ac6aa\"},\"headline\":\"O C.D Arcade,m\u00e1is dun s\u00e9culo levando o nome de Arcade polo mundo\",\"datePublished\":\"2025-12-15T09:00:39+00:00\",\"mainEntityOfPage\":{\"@id\":\"https:\\\/\\\/www.anovapeneira.gal\\\/index.php\\\/2025\\\/12\\\/15\\\/o-c-d-arcademais-dun-seculo-levando-o-nome-de-arcade-polo-mundo\\\/\"},\"wordCount\":1168,\"commentCount\":0,\"publisher\":{\"@id\":\"https:\\\/\\\/www.anovapeneira.gal\\\/#organization\"},\"image\":{\"@id\":\"https:\\\/\\\/www.anovapeneira.gal\\\/index.php\\\/2025\\\/12\\\/15\\\/o-c-d-arcademais-dun-seculo-levando-o-nome-de-arcade-polo-mundo\\\/#primaryimage\"},\"thumbnailUrl\":\"https:\\\/\\\/www.anovapeneira.gal\\\/wp-content\\\/uploads\\\/2025\\\/12\\\/cd_arcde.jpg\",\"keywords\":[\"Concello de Redondela\"],\"articleSection\":[\"Redondela\"],\"inLanguage\":\"gl-ES\",\"potentialAction\":[{\"@type\":\"CommentAction\",\"name\":\"Comment\",\"target\":[\"https:\\\/\\\/www.anovapeneira.gal\\\/index.php\\\/2025\\\/12\\\/15\\\/o-c-d-arcademais-dun-seculo-levando-o-nome-de-arcade-polo-mundo\\\/#respond\"]}]},{\"@type\":\"WebPage\",\"@id\":\"https:\\\/\\\/www.anovapeneira.gal\\\/index.php\\\/2025\\\/12\\\/15\\\/o-c-d-arcademais-dun-seculo-levando-o-nome-de-arcade-polo-mundo\\\/\",\"url\":\"https:\\\/\\\/www.anovapeneira.gal\\\/index.php\\\/2025\\\/12\\\/15\\\/o-c-d-arcademais-dun-seculo-levando-o-nome-de-arcade-polo-mundo\\\/\",\"name\":\"O C.D Arcade,m\u00e1is dun s\u00e9culo levando o nome de Arcade polo mundo -\",\"isPartOf\":{\"@id\":\"https:\\\/\\\/www.anovapeneira.gal\\\/#website\"},\"primaryImageOfPage\":{\"@id\":\"https:\\\/\\\/www.anovapeneira.gal\\\/index.php\\\/2025\\\/12\\\/15\\\/o-c-d-arcademais-dun-seculo-levando-o-nome-de-arcade-polo-mundo\\\/#primaryimage\"},\"image\":{\"@id\":\"https:\\\/\\\/www.anovapeneira.gal\\\/index.php\\\/2025\\\/12\\\/15\\\/o-c-d-arcademais-dun-seculo-levando-o-nome-de-arcade-polo-mundo\\\/#primaryimage\"},\"thumbnailUrl\":\"https:\\\/\\\/www.anovapeneira.gal\\\/wp-content\\\/uploads\\\/2025\\\/12\\\/cd_arcde.jpg\",\"datePublished\":\"2025-12-15T09:00:39+00:00\",\"breadcrumb\":{\"@id\":\"https:\\\/\\\/www.anovapeneira.gal\\\/index.php\\\/2025\\\/12\\\/15\\\/o-c-d-arcademais-dun-seculo-levando-o-nome-de-arcade-polo-mundo\\\/#breadcrumb\"},\"inLanguage\":\"gl-ES\",\"potentialAction\":[{\"@type\":\"ReadAction\",\"target\":[\"https:\\\/\\\/www.anovapeneira.gal\\\/index.php\\\/2025\\\/12\\\/15\\\/o-c-d-arcademais-dun-seculo-levando-o-nome-de-arcade-polo-mundo\\\/\"]}]},{\"@type\":\"ImageObject\",\"inLanguage\":\"gl-ES\",\"@id\":\"https:\\\/\\\/www.anovapeneira.gal\\\/index.php\\\/2025\\\/12\\\/15\\\/o-c-d-arcademais-dun-seculo-levando-o-nome-de-arcade-polo-mundo\\\/#primaryimage\",\"url\":\"https:\\\/\\\/www.anovapeneira.gal\\\/wp-content\\\/uploads\\\/2025\\\/12\\\/cd_arcde.jpg\",\"contentUrl\":\"https:\\\/\\\/www.anovapeneira.gal\\\/wp-content\\\/uploads\\\/2025\\\/12\\\/cd_arcde.jpg\",\"width\":720,\"height\":432},{\"@type\":\"BreadcrumbList\",\"@id\":\"https:\\\/\\\/www.anovapeneira.gal\\\/index.php\\\/2025\\\/12\\\/15\\\/o-c-d-arcademais-dun-seculo-levando-o-nome-de-arcade-polo-mundo\\\/#breadcrumb\",\"itemListElement\":[{\"@type\":\"ListItem\",\"position\":1,\"name\":\"Portada\",\"item\":\"https:\\\/\\\/www.anovapeneira.gal\\\/\"},{\"@type\":\"ListItem\",\"position\":2,\"name\":\"O C.D Arcade,m\u00e1is dun s\u00e9culo levando o nome de Arcade polo mundo\"}]},{\"@type\":\"WebSite\",\"@id\":\"https:\\\/\\\/www.anovapeneira.gal\\\/#website\",\"url\":\"https:\\\/\\\/www.anovapeneira.gal\\\/\",\"name\":\"\",\"description\":\"Xornal galego de informaci\u00f3n xeral Publicaci\u00f3n mensual de novas de Galicia e en especial dos Concellos da sur da provincia de Pontevedra.\",\"publisher\":{\"@id\":\"https:\\\/\\\/www.anovapeneira.gal\\\/#organization\"},\"potentialAction\":[{\"@type\":\"SearchAction\",\"target\":{\"@type\":\"EntryPoint\",\"urlTemplate\":\"https:\\\/\\\/www.anovapeneira.gal\\\/?s={search_term_string}\"},\"query-input\":{\"@type\":\"PropertyValueSpecification\",\"valueRequired\":true,\"valueName\":\"search_term_string\"}}],\"inLanguage\":\"gl-ES\"},{\"@type\":\"Organization\",\"@id\":\"https:\\\/\\\/www.anovapeneira.gal\\\/#organization\",\"name\":\"A Nova Peneira\",\"url\":\"https:\\\/\\\/www.anovapeneira.gal\\\/\",\"logo\":{\"@type\":\"ImageObject\",\"inLanguage\":\"gl-ES\",\"@id\":\"https:\\\/\\\/www.anovapeneira.gal\\\/#\\\/schema\\\/logo\\\/image\\\/\",\"url\":\"http:\\\/\\\/www.anovapeneira.gal\\\/wp-content\\\/uploads\\\/2019\\\/06\\\/logo_a_nova_peneira_portal_web.png\",\"contentUrl\":\"http:\\\/\\\/www.anovapeneira.gal\\\/wp-content\\\/uploads\\\/2019\\\/06\\\/logo_a_nova_peneira_portal_web.png\",\"width\":300,\"height\":100,\"caption\":\"A Nova Peneira\"},\"image\":{\"@id\":\"https:\\\/\\\/www.anovapeneira.gal\\\/#\\\/schema\\\/logo\\\/image\\\/\"},\"sameAs\":[\"https:\\\/\\\/www.facebook.com\\\/anovapeneira\",\"https:\\\/\\\/x.com\\\/APeneira\"]},{\"@type\":\"Person\",\"@id\":\"https:\\\/\\\/www.anovapeneira.gal\\\/#\\\/schema\\\/person\\\/b93e3f8932e3f8da96334607eb6ac6aa\",\"name\":\"Redacci\u00f3n A Nova Peneira\",\"image\":{\"@type\":\"ImageObject\",\"inLanguage\":\"gl-ES\",\"@id\":\"https:\\\/\\\/secure.gravatar.com\\\/avatar\\\/c052a2551a06e23fac63626232eaa90abd78dbcf1700fc46a2b2c89fd27b735f?s=96&d=mm&r=g\",\"url\":\"https:\\\/\\\/secure.gravatar.com\\\/avatar\\\/c052a2551a06e23fac63626232eaa90abd78dbcf1700fc46a2b2c89fd27b735f?s=96&d=mm&r=g\",\"contentUrl\":\"https:\\\/\\\/secure.gravatar.com\\\/avatar\\\/c052a2551a06e23fac63626232eaa90abd78dbcf1700fc46a2b2c89fd27b735f?s=96&d=mm&r=g\",\"caption\":\"Redacci\u00f3n A Nova Peneira\"},\"sameAs\":[\"http:\\\/\\\/www.anovapeneira.gal\\\/\"],\"url\":\"https:\\\/\\\/www.anovapeneira.gal\\\/index.php\\\/author\\\/redactor\\\/\"}]}<\/script>\n<!-- \/ Yoast SEO plugin. -->","yoast_head_json":{"title":"O C.D Arcade,m\u00e1is dun s\u00e9culo levando o nome de Arcade polo mundo -","robots":{"index":"index","follow":"follow","max-snippet":"max-snippet:-1","max-image-preview":"max-image-preview:large","max-video-preview":"max-video-preview:-1"},"canonical":"https:\/\/www.anovapeneira.gal\/index.php\/2025\/12\/15\/o-c-d-arcademais-dun-seculo-levando-o-nome-de-arcade-polo-mundo\/","og_locale":"gl_ES","og_type":"article","og_title":"O C.D Arcade,m\u00e1is dun s\u00e9culo levando o nome de Arcade polo mundo -","og_description":"O ano 1923 non s\u00f3 foi no que naceu o RC Celta. Nas terras de Arcade tam\u00e9n v\u00eda a luz O CD Arcade e hoxe, m\u00e1is dun s\u00e9culo de existencia despois, milita con moita dignidade en 1\u00ba auton\u00f3mica, hai pouco chegou a estar en categor\u00eda preferente [...]","og_url":"https:\/\/www.anovapeneira.gal\/index.php\/2025\/12\/15\/o-c-d-arcademais-dun-seculo-levando-o-nome-de-arcade-polo-mundo\/","article_publisher":"https:\/\/www.facebook.com\/anovapeneira","article_published_time":"2025-12-15T09:00:39+00:00","og_image":[{"width":720,"height":432,"url":"https:\/\/www.anovapeneira.gal\/wp-content\/uploads\/2025\/12\/cd_arcde.jpg","type":"image\/jpeg"}],"author":"Redacci\u00f3n A Nova Peneira","twitter_card":"summary_large_image","twitter_creator":"@APeneira","twitter_site":"@APeneira","twitter_misc":{"Escrito por":"Redacci\u00f3n A Nova Peneira","Tempo de lectura":"3 minutos"},"schema":{"@context":"https:\/\/schema.org","@graph":[{"@type":"Article","@id":"https:\/\/www.anovapeneira.gal\/index.php\/2025\/12\/15\/o-c-d-arcademais-dun-seculo-levando-o-nome-de-arcade-polo-mundo\/#article","isPartOf":{"@id":"https:\/\/www.anovapeneira.gal\/index.php\/2025\/12\/15\/o-c-d-arcademais-dun-seculo-levando-o-nome-de-arcade-polo-mundo\/"},"author":{"name":"Redacci\u00f3n A Nova Peneira","@id":"https:\/\/www.anovapeneira.gal\/#\/schema\/person\/b93e3f8932e3f8da96334607eb6ac6aa"},"headline":"O C.D Arcade,m\u00e1is dun s\u00e9culo levando o nome de Arcade polo mundo","datePublished":"2025-12-15T09:00:39+00:00","mainEntityOfPage":{"@id":"https:\/\/www.anovapeneira.gal\/index.php\/2025\/12\/15\/o-c-d-arcademais-dun-seculo-levando-o-nome-de-arcade-polo-mundo\/"},"wordCount":1168,"commentCount":0,"publisher":{"@id":"https:\/\/www.anovapeneira.gal\/#organization"},"image":{"@id":"https:\/\/www.anovapeneira.gal\/index.php\/2025\/12\/15\/o-c-d-arcademais-dun-seculo-levando-o-nome-de-arcade-polo-mundo\/#primaryimage"},"thumbnailUrl":"https:\/\/www.anovapeneira.gal\/wp-content\/uploads\/2025\/12\/cd_arcde.jpg","keywords":["Concello de Redondela"],"articleSection":["Redondela"],"inLanguage":"gl-ES","potentialAction":[{"@type":"CommentAction","name":"Comment","target":["https:\/\/www.anovapeneira.gal\/index.php\/2025\/12\/15\/o-c-d-arcademais-dun-seculo-levando-o-nome-de-arcade-polo-mundo\/#respond"]}]},{"@type":"WebPage","@id":"https:\/\/www.anovapeneira.gal\/index.php\/2025\/12\/15\/o-c-d-arcademais-dun-seculo-levando-o-nome-de-arcade-polo-mundo\/","url":"https:\/\/www.anovapeneira.gal\/index.php\/2025\/12\/15\/o-c-d-arcademais-dun-seculo-levando-o-nome-de-arcade-polo-mundo\/","name":"O C.D Arcade,m\u00e1is dun s\u00e9culo levando o nome de Arcade polo mundo -","isPartOf":{"@id":"https:\/\/www.anovapeneira.gal\/#website"},"primaryImageOfPage":{"@id":"https:\/\/www.anovapeneira.gal\/index.php\/2025\/12\/15\/o-c-d-arcademais-dun-seculo-levando-o-nome-de-arcade-polo-mundo\/#primaryimage"},"image":{"@id":"https:\/\/www.anovapeneira.gal\/index.php\/2025\/12\/15\/o-c-d-arcademais-dun-seculo-levando-o-nome-de-arcade-polo-mundo\/#primaryimage"},"thumbnailUrl":"https:\/\/www.anovapeneira.gal\/wp-content\/uploads\/2025\/12\/cd_arcde.jpg","datePublished":"2025-12-15T09:00:39+00:00","breadcrumb":{"@id":"https:\/\/www.anovapeneira.gal\/index.php\/2025\/12\/15\/o-c-d-arcademais-dun-seculo-levando-o-nome-de-arcade-polo-mundo\/#breadcrumb"},"inLanguage":"gl-ES","potentialAction":[{"@type":"ReadAction","target":["https:\/\/www.anovapeneira.gal\/index.php\/2025\/12\/15\/o-c-d-arcademais-dun-seculo-levando-o-nome-de-arcade-polo-mundo\/"]}]},{"@type":"ImageObject","inLanguage":"gl-ES","@id":"https:\/\/www.anovapeneira.gal\/index.php\/2025\/12\/15\/o-c-d-arcademais-dun-seculo-levando-o-nome-de-arcade-polo-mundo\/#primaryimage","url":"https:\/\/www.anovapeneira.gal\/wp-content\/uploads\/2025\/12\/cd_arcde.jpg","contentUrl":"https:\/\/www.anovapeneira.gal\/wp-content\/uploads\/2025\/12\/cd_arcde.jpg","width":720,"height":432},{"@type":"BreadcrumbList","@id":"https:\/\/www.anovapeneira.gal\/index.php\/2025\/12\/15\/o-c-d-arcademais-dun-seculo-levando-o-nome-de-arcade-polo-mundo\/#breadcrumb","itemListElement":[{"@type":"ListItem","position":1,"name":"Portada","item":"https:\/\/www.anovapeneira.gal\/"},{"@type":"ListItem","position":2,"name":"O C.D Arcade,m\u00e1is dun s\u00e9culo levando o nome de Arcade polo mundo"}]},{"@type":"WebSite","@id":"https:\/\/www.anovapeneira.gal\/#website","url":"https:\/\/www.anovapeneira.gal\/","name":"","description":"Xornal galego de informaci\u00f3n xeral Publicaci\u00f3n mensual de novas de Galicia e en especial dos Concellos da sur da provincia de Pontevedra.","publisher":{"@id":"https:\/\/www.anovapeneira.gal\/#organization"},"potentialAction":[{"@type":"SearchAction","target":{"@type":"EntryPoint","urlTemplate":"https:\/\/www.anovapeneira.gal\/?s={search_term_string}"},"query-input":{"@type":"PropertyValueSpecification","valueRequired":true,"valueName":"search_term_string"}}],"inLanguage":"gl-ES"},{"@type":"Organization","@id":"https:\/\/www.anovapeneira.gal\/#organization","name":"A Nova Peneira","url":"https:\/\/www.anovapeneira.gal\/","logo":{"@type":"ImageObject","inLanguage":"gl-ES","@id":"https:\/\/www.anovapeneira.gal\/#\/schema\/logo\/image\/","url":"http:\/\/www.anovapeneira.gal\/wp-content\/uploads\/2019\/06\/logo_a_nova_peneira_portal_web.png","contentUrl":"http:\/\/www.anovapeneira.gal\/wp-content\/uploads\/2019\/06\/logo_a_nova_peneira_portal_web.png","width":300,"height":100,"caption":"A Nova Peneira"},"image":{"@id":"https:\/\/www.anovapeneira.gal\/#\/schema\/logo\/image\/"},"sameAs":["https:\/\/www.facebook.com\/anovapeneira","https:\/\/x.com\/APeneira"]},{"@type":"Person","@id":"https:\/\/www.anovapeneira.gal\/#\/schema\/person\/b93e3f8932e3f8da96334607eb6ac6aa","name":"Redacci\u00f3n A Nova Peneira","image":{"@type":"ImageObject","inLanguage":"gl-ES","@id":"https:\/\/secure.gravatar.com\/avatar\/c052a2551a06e23fac63626232eaa90abd78dbcf1700fc46a2b2c89fd27b735f?s=96&d=mm&r=g","url":"https:\/\/secure.gravatar.com\/avatar\/c052a2551a06e23fac63626232eaa90abd78dbcf1700fc46a2b2c89fd27b735f?s=96&d=mm&r=g","contentUrl":"https:\/\/secure.gravatar.com\/avatar\/c052a2551a06e23fac63626232eaa90abd78dbcf1700fc46a2b2c89fd27b735f?s=96&d=mm&r=g","caption":"Redacci\u00f3n A Nova Peneira"},"sameAs":["http:\/\/www.anovapeneira.gal\/"],"url":"https:\/\/www.anovapeneira.gal\/index.php\/author\/redactor\/"}]}},"jetpack_featured_media_url":"https:\/\/www.anovapeneira.gal\/wp-content\/uploads\/2025\/12\/cd_arcde.jpg","_links":{"self":[{"href":"https:\/\/www.anovapeneira.gal\/index.php\/wp-json\/wp\/v2\/posts\/15072","targetHints":{"allow":["GET"]}}],"collection":[{"href":"https:\/\/www.anovapeneira.gal\/index.php\/wp-json\/wp\/v2\/posts"}],"about":[{"href":"https:\/\/www.anovapeneira.gal\/index.php\/wp-json\/wp\/v2\/types\/post"}],"author":[{"embeddable":true,"href":"https:\/\/www.anovapeneira.gal\/index.php\/wp-json\/wp\/v2\/users\/3"}],"replies":[{"embeddable":true,"href":"https:\/\/www.anovapeneira.gal\/index.php\/wp-json\/wp\/v2\/comments?post=15072"}],"version-history":[{"count":1,"href":"https:\/\/www.anovapeneira.gal\/index.php\/wp-json\/wp\/v2\/posts\/15072\/revisions"}],"predecessor-version":[{"id":15074,"href":"https:\/\/www.anovapeneira.gal\/index.php\/wp-json\/wp\/v2\/posts\/15072\/revisions\/15074"}],"wp:featuredmedia":[{"embeddable":true,"href":"https:\/\/www.anovapeneira.gal\/index.php\/wp-json\/wp\/v2\/media\/15073"}],"wp:attachment":[{"href":"https:\/\/www.anovapeneira.gal\/index.php\/wp-json\/wp\/v2\/media?parent=15072"}],"wp:term":[{"taxonomy":"category","embeddable":true,"href":"https:\/\/www.anovapeneira.gal\/index.php\/wp-json\/wp\/v2\/categories?post=15072"},{"taxonomy":"post_tag","embeddable":true,"href":"https:\/\/www.anovapeneira.gal\/index.php\/wp-json\/wp\/v2\/tags?post=15072"}],"curies":[{"name":"wp","href":"https:\/\/api.w.org\/{rel}","templated":true}]}}