{"id":15075,"date":"2025-12-15T12:00:13","date_gmt":"2025-12-15T11:00:13","guid":{"rendered":"https:\/\/www.anovapeneira.gal\/?p=15075"},"modified":"2025-12-09T11:06:33","modified_gmt":"2025-12-09T10:06:33","slug":"frente-a-fascistizacion-e-militarizacion-social","status":"publish","type":"post","link":"https:\/\/www.anovapeneira.gal\/index.php\/2025\/12\/15\/frente-a-fascistizacion-e-militarizacion-social\/","title":{"rendered":"Frente \u00e1 fascistizaci\u00f3n e militarizaci\u00f3n social"},"content":{"rendered":"\n<pre class=\"wp-block-verse\"><strong>Paulo Vila [Comit\u00e9 Antifascista Louri\u00f1a]<\/strong><\/pre>\n\n\n\n<p>Perante o colapso progresivo do ex\u00e9rcito ukronazi e a inevit\u00e1bel victoria da Federaci\u00f3n Rusa, as corruptas elites globalistas europeas est\u00e1n dispostas a facer todo o necesario para evitar unha humillante e contundente derrota. Desde Bruxelas e Londres principalmente, intentan impedir a toda costa que Rusia logre conseguir os lex\u00edtimos obxectivos marcados no inicio da Operaci\u00f3n Especial, uns obxectivos que ser\u00e1n s\u00ed ou s\u00ed alcanzados, pola v\u00eda militar ou mediante negociaci\u00f3ns ca Casa Branca.<\/p>\n\n\n\n<p>Mais \u00e1 vez, nos pa\u00edses sometidos aos ditames da UE, da OTAN, e do imperialismo anglo-ianqui-sionista, contin\u00faase avanzando na implementaci\u00f3n de medidas centradas no control e na obediencia das masas para preparar o terreo para unha futura guerra no continente.<\/p>\n\n\n\n<p>Nas \u00faltimas semanas puidemos observar como o proceso de fascistizaci\u00f3n e militarizaci\u00f3n en curso est\u00e1 sendo acelerado. A imposici\u00f3n do servizo militar semiobrigatorio na Alema\u00f1a para 2027, as declaraci\u00f3ns do Xefe do Estado Maior franc\u00e9s, afirmando que o pobo debe prepararse para unha guerra contra Rusia en 4 anos, ou a presencia no Estado espa\u00f1ol de Zelensky, que logo de posar xunto con Pedro S\u00e1nchez diante da obra antifascista de Picasso, marchou co compromiso do goberno de entregar un novo pacote de axuda militar de 900.000 mill\u00f3ns, son alg\u00fans dos tantos exemplos que constatan esta aceleraci\u00f3n da escalada belicista.<\/p>\n\n\n\n<p>Esta serie de medidas que pouco a pouco van impondo, tam\u00e9n van da man xunto con outras baseadas nos recortes de dereitos e liberdades, e por suposto, na represi\u00f3n de todas aquelas organizaci\u00f3ns, colectivos, militantes, activistas, etc, que se resistan a aceptar os perversos plans de morte e destrucci\u00f3n. As detenci\u00f3ns de solidarios co Donbass antifasZista na Francia, o intento de ilegalizar aos comunistas checos, o golpe electoral na Roman\u00eda para evitar un presidente contrario aos plans otanistas, ou a recente ilegalizaci\u00f3n do KPP, o partido comunista de Polonia, po\u00f1en de manifesto que o imperialismo necesita silenciar e eliminar as disidencias que operan no interior das s\u00faas entra\u00f1as.<\/p>\n\n\n\n<p>No noso pa\u00eds e no Estado espa\u00f1ol, a\u00ednda que a situaci\u00f3n polo momento, non sexa tan alarmante como noutros pa\u00edses europeos, non debemos de baixar a garda. A econom\u00eda de guerra que a OTAN e a UE precisan, necesita de recursos mineiros para a industria militar e electr\u00f3nica.<\/p>\n\n\n\n<p>A Galiza pos\u00fae importantes reservas das denominadas \u201cterras raras\u201d e de minerais estrat\u00e9xicos, que m\u00e1is cedo que tarde ser\u00e1n extra\u00eddos se non os paramos. Pretenden reactivar as explotaci\u00f3ns de wolframio, e a Comisi\u00f3n Europea v\u00e9n de catalogar a mina de litio de Doade, en Beariz, como un dos 17 proxectos estrat\u00e9xicos para fabricar bater\u00edas e compo\u00f1entes de equipos tecnol\u00f3xicos militares.<\/p>\n\n\n\n<p>Sumado a isto, o goberno municipal de Abel Caballero en Vigo, anunciou o pasado 21 de outubro, logo da aprobaci\u00f3n do Ministerio de Defensa, que a cidade acoller\u00e1 para o pr\u00f3ximo 30 de maio do ano 2026, o desfile militar no D\u00eda das Forzas Armadas espa\u00f1olas. Novamente o R\u00e9xime de 78, tal e como sucedeu na Coru\u00f1a no ano 1985 e 2005, escolle o noso pa\u00eds para unha nova demostraci\u00f3n de forza e exaltaci\u00f3n fascista, espa\u00f1olista e militarista.<\/p>\n\n\n\n<p>Desde o Comit\u00e9 Antifascista da Louri\u00f1a, t\u00e9molo claro. Non podemos permitir que o aparello de propaganda otanista, sente as bases para preparar psicoloxicamente os sectores populares europeos para ser novamente, carne de can\u00f3n, a costa de manter os privilexios e aumentar os xa de por s\u00ed, elevados beneficios do Complexo Militar Industrial Atlantista.<\/p>\n\n\n\n<p>Sen d\u00fabida, t\u00f3dalas organizaci\u00f3ns que pertencemos ao campo obreiro e popular de praxe abertamente antifascista e antiimperialista, estamos no punto de mira como unha das principais ameazas para a besta imperial. Debemos prepararnos para o peor escenario pos\u00edbel, mais seguiremos fieis aos nosos principios incluso se temos que continuar a actividade pol\u00edtica dende a clandestinidade.<\/p>\n\n\n\n<p>Pola terra, contra a guerra!<\/p>\n\n\n\n<p>Antifascistas e antiimperialistas sempre!<\/p>\n","protected":false},"excerpt":{"rendered":"<div class=\"mh-excerpt\"><p>Perante o colapso progresivo do ex\u00e9rcito ukronazi e a inevit\u00e1bel victoria da Federaci\u00f3n Rusa, as corruptas elites globalistas europeas est\u00e1n dispostas a facer todo o necesario para evitar unha humillante e contundente derrota <a class=\"mh-excerpt-more\" href=\"https:\/\/www.anovapeneira.gal\/index.php\/2025\/12\/15\/frente-a-fascistizacion-e-militarizacion-social\/\" title=\"Frente \u00e1 fascistizaci\u00f3n e militarizaci\u00f3n social\">[&#8230;]<\/a><\/p>\n<\/div>","protected":false},"author":12,"featured_media":15076,"comment_status":"open","ping_status":"open","sticky":false,"template":"","format":"standard","meta":{"_exactmetrics_skip_tracking":false,"_exactmetrics_sitenote_active":false,"_exactmetrics_sitenote_note":"","_exactmetrics_sitenote_category":0,"footnotes":""},"categories":[7],"tags":[],"class_list":{"0":"post-15075","1":"post","2":"type-post","3":"status-publish","4":"format-standard","5":"has-post-thumbnail","7":"category-artigos-de-opinion"},"yoast_head":"<!-- This site is optimized with the Yoast SEO plugin v27.4 - https:\/\/yoast.com\/product\/yoast-seo-wordpress\/ -->\n<title>Frente \u00e1 fascistizaci\u00f3n e militarizaci\u00f3n social -<\/title>\n<meta name=\"robots\" content=\"index, follow, max-snippet:-1, max-image-preview:large, max-video-preview:-1\" \/>\n<link rel=\"canonical\" href=\"https:\/\/www.anovapeneira.gal\/index.php\/2025\/12\/15\/frente-a-fascistizacion-e-militarizacion-social\/\" \/>\n<meta property=\"og:locale\" content=\"gl_ES\" \/>\n<meta property=\"og:type\" content=\"article\" \/>\n<meta property=\"og:title\" content=\"Frente \u00e1 fascistizaci\u00f3n e militarizaci\u00f3n social -\" \/>\n<meta property=\"og:description\" content=\"Perante o colapso progresivo do ex\u00e9rcito ukronazi e a inevit\u00e1bel victoria da Federaci\u00f3n Rusa, as corruptas elites globalistas europeas est\u00e1n dispostas a facer todo o necesario para evitar unha humillante e contundente derrota [...]\" \/>\n<meta property=\"og:url\" content=\"https:\/\/www.anovapeneira.gal\/index.php\/2025\/12\/15\/frente-a-fascistizacion-e-militarizacion-social\/\" \/>\n<meta property=\"article:publisher\" content=\"https:\/\/www.facebook.com\/anovapeneira\" \/>\n<meta property=\"article:published_time\" content=\"2025-12-15T11:00:13+00:00\" \/>\n<meta property=\"og:image\" content=\"https:\/\/www.anovapeneira.gal\/wp-content\/uploads\/2025\/12\/paulo_vila.png\" \/>\n\t<meta property=\"og:image:width\" content=\"720\" \/>\n\t<meta property=\"og:image:height\" content=\"432\" \/>\n\t<meta property=\"og:image:type\" content=\"image\/png\" \/>\n<meta name=\"author\" content=\"Artigos Opini\u00f3n\" \/>\n<meta name=\"twitter:card\" content=\"summary_large_image\" \/>\n<meta name=\"twitter:creator\" content=\"@APeneira\" \/>\n<meta name=\"twitter:site\" content=\"@APeneira\" \/>\n<meta name=\"twitter:label1\" content=\"Escrito por\" \/>\n\t<meta name=\"twitter:data1\" content=\"Artigos Opini\u00f3n\" \/>\n\t<meta name=\"twitter:label2\" content=\"Tempo de lectura\" \/>\n\t<meta name=\"twitter:data2\" content=\"4 minutos\" \/>\n<script type=\"application\/ld+json\" class=\"yoast-schema-graph\">{\"@context\":\"https:\\\/\\\/schema.org\",\"@graph\":[{\"@type\":\"Article\",\"@id\":\"https:\\\/\\\/www.anovapeneira.gal\\\/index.php\\\/2025\\\/12\\\/15\\\/frente-a-fascistizacion-e-militarizacion-social\\\/#article\",\"isPartOf\":{\"@id\":\"https:\\\/\\\/www.anovapeneira.gal\\\/index.php\\\/2025\\\/12\\\/15\\\/frente-a-fascistizacion-e-militarizacion-social\\\/\"},\"author\":{\"name\":\"Artigos Opini\u00f3n\",\"@id\":\"https:\\\/\\\/www.anovapeneira.gal\\\/#\\\/schema\\\/person\\\/f18a4feb302e8f20bcef4490b5b60bb3\"},\"headline\":\"Frente \u00e1 fascistizaci\u00f3n e militarizaci\u00f3n social\",\"datePublished\":\"2025-12-15T11:00:13+00:00\",\"mainEntityOfPage\":{\"@id\":\"https:\\\/\\\/www.anovapeneira.gal\\\/index.php\\\/2025\\\/12\\\/15\\\/frente-a-fascistizacion-e-militarizacion-social\\\/\"},\"wordCount\":689,\"commentCount\":0,\"publisher\":{\"@id\":\"https:\\\/\\\/www.anovapeneira.gal\\\/#organization\"},\"image\":{\"@id\":\"https:\\\/\\\/www.anovapeneira.gal\\\/index.php\\\/2025\\\/12\\\/15\\\/frente-a-fascistizacion-e-militarizacion-social\\\/#primaryimage\"},\"thumbnailUrl\":\"https:\\\/\\\/www.anovapeneira.gal\\\/wp-content\\\/uploads\\\/2025\\\/12\\\/paulo_vila.png\",\"articleSection\":[\"Artigos de opini\u00f3n\"],\"inLanguage\":\"gl-ES\",\"potentialAction\":[{\"@type\":\"CommentAction\",\"name\":\"Comment\",\"target\":[\"https:\\\/\\\/www.anovapeneira.gal\\\/index.php\\\/2025\\\/12\\\/15\\\/frente-a-fascistizacion-e-militarizacion-social\\\/#respond\"]}]},{\"@type\":\"WebPage\",\"@id\":\"https:\\\/\\\/www.anovapeneira.gal\\\/index.php\\\/2025\\\/12\\\/15\\\/frente-a-fascistizacion-e-militarizacion-social\\\/\",\"url\":\"https:\\\/\\\/www.anovapeneira.gal\\\/index.php\\\/2025\\\/12\\\/15\\\/frente-a-fascistizacion-e-militarizacion-social\\\/\",\"name\":\"Frente \u00e1 fascistizaci\u00f3n e militarizaci\u00f3n social -\",\"isPartOf\":{\"@id\":\"https:\\\/\\\/www.anovapeneira.gal\\\/#website\"},\"primaryImageOfPage\":{\"@id\":\"https:\\\/\\\/www.anovapeneira.gal\\\/index.php\\\/2025\\\/12\\\/15\\\/frente-a-fascistizacion-e-militarizacion-social\\\/#primaryimage\"},\"image\":{\"@id\":\"https:\\\/\\\/www.anovapeneira.gal\\\/index.php\\\/2025\\\/12\\\/15\\\/frente-a-fascistizacion-e-militarizacion-social\\\/#primaryimage\"},\"thumbnailUrl\":\"https:\\\/\\\/www.anovapeneira.gal\\\/wp-content\\\/uploads\\\/2025\\\/12\\\/paulo_vila.png\",\"datePublished\":\"2025-12-15T11:00:13+00:00\",\"breadcrumb\":{\"@id\":\"https:\\\/\\\/www.anovapeneira.gal\\\/index.php\\\/2025\\\/12\\\/15\\\/frente-a-fascistizacion-e-militarizacion-social\\\/#breadcrumb\"},\"inLanguage\":\"gl-ES\",\"potentialAction\":[{\"@type\":\"ReadAction\",\"target\":[\"https:\\\/\\\/www.anovapeneira.gal\\\/index.php\\\/2025\\\/12\\\/15\\\/frente-a-fascistizacion-e-militarizacion-social\\\/\"]}]},{\"@type\":\"ImageObject\",\"inLanguage\":\"gl-ES\",\"@id\":\"https:\\\/\\\/www.anovapeneira.gal\\\/index.php\\\/2025\\\/12\\\/15\\\/frente-a-fascistizacion-e-militarizacion-social\\\/#primaryimage\",\"url\":\"https:\\\/\\\/www.anovapeneira.gal\\\/wp-content\\\/uploads\\\/2025\\\/12\\\/paulo_vila.png\",\"contentUrl\":\"https:\\\/\\\/www.anovapeneira.gal\\\/wp-content\\\/uploads\\\/2025\\\/12\\\/paulo_vila.png\",\"width\":720,\"height\":432},{\"@type\":\"BreadcrumbList\",\"@id\":\"https:\\\/\\\/www.anovapeneira.gal\\\/index.php\\\/2025\\\/12\\\/15\\\/frente-a-fascistizacion-e-militarizacion-social\\\/#breadcrumb\",\"itemListElement\":[{\"@type\":\"ListItem\",\"position\":1,\"name\":\"Portada\",\"item\":\"https:\\\/\\\/www.anovapeneira.gal\\\/\"},{\"@type\":\"ListItem\",\"position\":2,\"name\":\"Frente \u00e1 fascistizaci\u00f3n e militarizaci\u00f3n social\"}]},{\"@type\":\"WebSite\",\"@id\":\"https:\\\/\\\/www.anovapeneira.gal\\\/#website\",\"url\":\"https:\\\/\\\/www.anovapeneira.gal\\\/\",\"name\":\"\",\"description\":\"Xornal galego de informaci\u00f3n xeral Publicaci\u00f3n mensual de novas de Galicia e en especial dos Concellos da sur da provincia de Pontevedra.\",\"publisher\":{\"@id\":\"https:\\\/\\\/www.anovapeneira.gal\\\/#organization\"},\"potentialAction\":[{\"@type\":\"SearchAction\",\"target\":{\"@type\":\"EntryPoint\",\"urlTemplate\":\"https:\\\/\\\/www.anovapeneira.gal\\\/?s={search_term_string}\"},\"query-input\":{\"@type\":\"PropertyValueSpecification\",\"valueRequired\":true,\"valueName\":\"search_term_string\"}}],\"inLanguage\":\"gl-ES\"},{\"@type\":\"Organization\",\"@id\":\"https:\\\/\\\/www.anovapeneira.gal\\\/#organization\",\"name\":\"A Nova Peneira\",\"url\":\"https:\\\/\\\/www.anovapeneira.gal\\\/\",\"logo\":{\"@type\":\"ImageObject\",\"inLanguage\":\"gl-ES\",\"@id\":\"https:\\\/\\\/www.anovapeneira.gal\\\/#\\\/schema\\\/logo\\\/image\\\/\",\"url\":\"http:\\\/\\\/www.anovapeneira.gal\\\/wp-content\\\/uploads\\\/2019\\\/06\\\/logo_a_nova_peneira_portal_web.png\",\"contentUrl\":\"http:\\\/\\\/www.anovapeneira.gal\\\/wp-content\\\/uploads\\\/2019\\\/06\\\/logo_a_nova_peneira_portal_web.png\",\"width\":300,\"height\":100,\"caption\":\"A Nova Peneira\"},\"image\":{\"@id\":\"https:\\\/\\\/www.anovapeneira.gal\\\/#\\\/schema\\\/logo\\\/image\\\/\"},\"sameAs\":[\"https:\\\/\\\/www.facebook.com\\\/anovapeneira\",\"https:\\\/\\\/x.com\\\/APeneira\"]},{\"@type\":\"Person\",\"@id\":\"https:\\\/\\\/www.anovapeneira.gal\\\/#\\\/schema\\\/person\\\/f18a4feb302e8f20bcef4490b5b60bb3\",\"name\":\"Artigos Opini\u00f3n\",\"image\":{\"@type\":\"ImageObject\",\"inLanguage\":\"gl-ES\",\"@id\":\"https:\\\/\\\/secure.gravatar.com\\\/avatar\\\/072844300f4881150aee2da4278f7a65d16eefdf8262eb67085f1e702de2b959?s=96&d=mm&r=g\",\"url\":\"https:\\\/\\\/secure.gravatar.com\\\/avatar\\\/072844300f4881150aee2da4278f7a65d16eefdf8262eb67085f1e702de2b959?s=96&d=mm&r=g\",\"contentUrl\":\"https:\\\/\\\/secure.gravatar.com\\\/avatar\\\/072844300f4881150aee2da4278f7a65d16eefdf8262eb67085f1e702de2b959?s=96&d=mm&r=g\",\"caption\":\"Artigos Opini\u00f3n\"},\"sameAs\":[\"http:\\\/\\\/anovapeneira.gal\"],\"url\":\"https:\\\/\\\/www.anovapeneira.gal\\\/index.php\\\/author\\\/artigosopinion\\\/\"}]}<\/script>\n<!-- \/ Yoast SEO plugin. -->","yoast_head_json":{"title":"Frente \u00e1 fascistizaci\u00f3n e militarizaci\u00f3n social -","robots":{"index":"index","follow":"follow","max-snippet":"max-snippet:-1","max-image-preview":"max-image-preview:large","max-video-preview":"max-video-preview:-1"},"canonical":"https:\/\/www.anovapeneira.gal\/index.php\/2025\/12\/15\/frente-a-fascistizacion-e-militarizacion-social\/","og_locale":"gl_ES","og_type":"article","og_title":"Frente \u00e1 fascistizaci\u00f3n e militarizaci\u00f3n social -","og_description":"Perante o colapso progresivo do ex\u00e9rcito ukronazi e a inevit\u00e1bel victoria da Federaci\u00f3n Rusa, as corruptas elites globalistas europeas est\u00e1n dispostas a facer todo o necesario para evitar unha humillante e contundente derrota [...]","og_url":"https:\/\/www.anovapeneira.gal\/index.php\/2025\/12\/15\/frente-a-fascistizacion-e-militarizacion-social\/","article_publisher":"https:\/\/www.facebook.com\/anovapeneira","article_published_time":"2025-12-15T11:00:13+00:00","og_image":[{"width":720,"height":432,"url":"https:\/\/www.anovapeneira.gal\/wp-content\/uploads\/2025\/12\/paulo_vila.png","type":"image\/png"}],"author":"Artigos Opini\u00f3n","twitter_card":"summary_large_image","twitter_creator":"@APeneira","twitter_site":"@APeneira","twitter_misc":{"Escrito por":"Artigos Opini\u00f3n","Tempo de lectura":"4 minutos"},"schema":{"@context":"https:\/\/schema.org","@graph":[{"@type":"Article","@id":"https:\/\/www.anovapeneira.gal\/index.php\/2025\/12\/15\/frente-a-fascistizacion-e-militarizacion-social\/#article","isPartOf":{"@id":"https:\/\/www.anovapeneira.gal\/index.php\/2025\/12\/15\/frente-a-fascistizacion-e-militarizacion-social\/"},"author":{"name":"Artigos Opini\u00f3n","@id":"https:\/\/www.anovapeneira.gal\/#\/schema\/person\/f18a4feb302e8f20bcef4490b5b60bb3"},"headline":"Frente \u00e1 fascistizaci\u00f3n e militarizaci\u00f3n social","datePublished":"2025-12-15T11:00:13+00:00","mainEntityOfPage":{"@id":"https:\/\/www.anovapeneira.gal\/index.php\/2025\/12\/15\/frente-a-fascistizacion-e-militarizacion-social\/"},"wordCount":689,"commentCount":0,"publisher":{"@id":"https:\/\/www.anovapeneira.gal\/#organization"},"image":{"@id":"https:\/\/www.anovapeneira.gal\/index.php\/2025\/12\/15\/frente-a-fascistizacion-e-militarizacion-social\/#primaryimage"},"thumbnailUrl":"https:\/\/www.anovapeneira.gal\/wp-content\/uploads\/2025\/12\/paulo_vila.png","articleSection":["Artigos de opini\u00f3n"],"inLanguage":"gl-ES","potentialAction":[{"@type":"CommentAction","name":"Comment","target":["https:\/\/www.anovapeneira.gal\/index.php\/2025\/12\/15\/frente-a-fascistizacion-e-militarizacion-social\/#respond"]}]},{"@type":"WebPage","@id":"https:\/\/www.anovapeneira.gal\/index.php\/2025\/12\/15\/frente-a-fascistizacion-e-militarizacion-social\/","url":"https:\/\/www.anovapeneira.gal\/index.php\/2025\/12\/15\/frente-a-fascistizacion-e-militarizacion-social\/","name":"Frente \u00e1 fascistizaci\u00f3n e militarizaci\u00f3n social -","isPartOf":{"@id":"https:\/\/www.anovapeneira.gal\/#website"},"primaryImageOfPage":{"@id":"https:\/\/www.anovapeneira.gal\/index.php\/2025\/12\/15\/frente-a-fascistizacion-e-militarizacion-social\/#primaryimage"},"image":{"@id":"https:\/\/www.anovapeneira.gal\/index.php\/2025\/12\/15\/frente-a-fascistizacion-e-militarizacion-social\/#primaryimage"},"thumbnailUrl":"https:\/\/www.anovapeneira.gal\/wp-content\/uploads\/2025\/12\/paulo_vila.png","datePublished":"2025-12-15T11:00:13+00:00","breadcrumb":{"@id":"https:\/\/www.anovapeneira.gal\/index.php\/2025\/12\/15\/frente-a-fascistizacion-e-militarizacion-social\/#breadcrumb"},"inLanguage":"gl-ES","potentialAction":[{"@type":"ReadAction","target":["https:\/\/www.anovapeneira.gal\/index.php\/2025\/12\/15\/frente-a-fascistizacion-e-militarizacion-social\/"]}]},{"@type":"ImageObject","inLanguage":"gl-ES","@id":"https:\/\/www.anovapeneira.gal\/index.php\/2025\/12\/15\/frente-a-fascistizacion-e-militarizacion-social\/#primaryimage","url":"https:\/\/www.anovapeneira.gal\/wp-content\/uploads\/2025\/12\/paulo_vila.png","contentUrl":"https:\/\/www.anovapeneira.gal\/wp-content\/uploads\/2025\/12\/paulo_vila.png","width":720,"height":432},{"@type":"BreadcrumbList","@id":"https:\/\/www.anovapeneira.gal\/index.php\/2025\/12\/15\/frente-a-fascistizacion-e-militarizacion-social\/#breadcrumb","itemListElement":[{"@type":"ListItem","position":1,"name":"Portada","item":"https:\/\/www.anovapeneira.gal\/"},{"@type":"ListItem","position":2,"name":"Frente \u00e1 fascistizaci\u00f3n e militarizaci\u00f3n social"}]},{"@type":"WebSite","@id":"https:\/\/www.anovapeneira.gal\/#website","url":"https:\/\/www.anovapeneira.gal\/","name":"","description":"Xornal galego de informaci\u00f3n xeral Publicaci\u00f3n mensual de novas de Galicia e en especial dos Concellos da sur da provincia de Pontevedra.","publisher":{"@id":"https:\/\/www.anovapeneira.gal\/#organization"},"potentialAction":[{"@type":"SearchAction","target":{"@type":"EntryPoint","urlTemplate":"https:\/\/www.anovapeneira.gal\/?s={search_term_string}"},"query-input":{"@type":"PropertyValueSpecification","valueRequired":true,"valueName":"search_term_string"}}],"inLanguage":"gl-ES"},{"@type":"Organization","@id":"https:\/\/www.anovapeneira.gal\/#organization","name":"A Nova Peneira","url":"https:\/\/www.anovapeneira.gal\/","logo":{"@type":"ImageObject","inLanguage":"gl-ES","@id":"https:\/\/www.anovapeneira.gal\/#\/schema\/logo\/image\/","url":"http:\/\/www.anovapeneira.gal\/wp-content\/uploads\/2019\/06\/logo_a_nova_peneira_portal_web.png","contentUrl":"http:\/\/www.anovapeneira.gal\/wp-content\/uploads\/2019\/06\/logo_a_nova_peneira_portal_web.png","width":300,"height":100,"caption":"A Nova Peneira"},"image":{"@id":"https:\/\/www.anovapeneira.gal\/#\/schema\/logo\/image\/"},"sameAs":["https:\/\/www.facebook.com\/anovapeneira","https:\/\/x.com\/APeneira"]},{"@type":"Person","@id":"https:\/\/www.anovapeneira.gal\/#\/schema\/person\/f18a4feb302e8f20bcef4490b5b60bb3","name":"Artigos Opini\u00f3n","image":{"@type":"ImageObject","inLanguage":"gl-ES","@id":"https:\/\/secure.gravatar.com\/avatar\/072844300f4881150aee2da4278f7a65d16eefdf8262eb67085f1e702de2b959?s=96&d=mm&r=g","url":"https:\/\/secure.gravatar.com\/avatar\/072844300f4881150aee2da4278f7a65d16eefdf8262eb67085f1e702de2b959?s=96&d=mm&r=g","contentUrl":"https:\/\/secure.gravatar.com\/avatar\/072844300f4881150aee2da4278f7a65d16eefdf8262eb67085f1e702de2b959?s=96&d=mm&r=g","caption":"Artigos Opini\u00f3n"},"sameAs":["http:\/\/anovapeneira.gal"],"url":"https:\/\/www.anovapeneira.gal\/index.php\/author\/artigosopinion\/"}]}},"jetpack_featured_media_url":"https:\/\/www.anovapeneira.gal\/wp-content\/uploads\/2025\/12\/paulo_vila.png","_links":{"self":[{"href":"https:\/\/www.anovapeneira.gal\/index.php\/wp-json\/wp\/v2\/posts\/15075","targetHints":{"allow":["GET"]}}],"collection":[{"href":"https:\/\/www.anovapeneira.gal\/index.php\/wp-json\/wp\/v2\/posts"}],"about":[{"href":"https:\/\/www.anovapeneira.gal\/index.php\/wp-json\/wp\/v2\/types\/post"}],"author":[{"embeddable":true,"href":"https:\/\/www.anovapeneira.gal\/index.php\/wp-json\/wp\/v2\/users\/12"}],"replies":[{"embeddable":true,"href":"https:\/\/www.anovapeneira.gal\/index.php\/wp-json\/wp\/v2\/comments?post=15075"}],"version-history":[{"count":1,"href":"https:\/\/www.anovapeneira.gal\/index.php\/wp-json\/wp\/v2\/posts\/15075\/revisions"}],"predecessor-version":[{"id":15077,"href":"https:\/\/www.anovapeneira.gal\/index.php\/wp-json\/wp\/v2\/posts\/15075\/revisions\/15077"}],"wp:featuredmedia":[{"embeddable":true,"href":"https:\/\/www.anovapeneira.gal\/index.php\/wp-json\/wp\/v2\/media\/15076"}],"wp:attachment":[{"href":"https:\/\/www.anovapeneira.gal\/index.php\/wp-json\/wp\/v2\/media?parent=15075"}],"wp:term":[{"taxonomy":"category","embeddable":true,"href":"https:\/\/www.anovapeneira.gal\/index.php\/wp-json\/wp\/v2\/categories?post=15075"},{"taxonomy":"post_tag","embeddable":true,"href":"https:\/\/www.anovapeneira.gal\/index.php\/wp-json\/wp\/v2\/tags?post=15075"}],"curies":[{"name":"wp","href":"https:\/\/api.w.org\/{rel}","templated":true}]}}