{"id":15080,"date":"2025-12-16T12:00:06","date_gmt":"2025-12-16T11:00:06","guid":{"rendered":"https:\/\/www.anovapeneira.gal\/?p=15080"},"modified":"2025-12-11T13:21:20","modified_gmt":"2025-12-11T12:21:20","slug":"e-o-modelo-so-o-modelo-e-nada-mais-que-o-modelo","status":"publish","type":"post","link":"https:\/\/www.anovapeneira.gal\/index.php\/2025\/12\/16\/e-o-modelo-so-o-modelo-e-nada-mais-que-o-modelo\/","title":{"rendered":"\u00c9 o modelo, s\u00f3 o modelo e nada m\u00e1is que o modelo"},"content":{"rendered":"\n<figure class=\"wp-block-image size-full is-resized\"><img loading=\"lazy\" decoding=\"async\" width=\"190\" height=\"222\" src=\"https:\/\/www.anovapeneira.gal\/wp-content\/uploads\/2019\/05\/tino_lago_director_a_nova_peneira.jpg\" alt=\"Tino Lago director a Nova Peneira\" class=\"wp-image-189\" style=\"width:114px;height:auto\"\/><figcaption class=\"wp-element-caption\">Tino Lago director a Nova Peneira<\/figcaption><\/figure>\n\n\n\n<p>A finais do pasado mes de novembro fac\u00eda unha desas visitas que \u00e1s veces non queda outra que facer, a\u00ednda que as ga\u00f1as de facela non sexan moitas. Foi sentarme no sal\u00f3n da persoa visitada e espetoume a seguinte pregunta :\u201d Que opinas de la corrupci\u00f3n del sanchismo?\u201d. A evidente intenci\u00f3n provocadora que amosa unha pregunta de tan pouco rigor deixa ben claro que hai persoas \u00e1s que nada do que se lles diga serve para nada, pois contra o poder dos seus apriorismos non hai argumento racional que valla. Pero, como non imos renunciar \u00e1 construci\u00f3n dunha sociedade decente, non queda outra que seguir batendo ata o infinito nos seus coraz\u00f3ns, coa esperanza de que de cando en vez o poder da palabra abonde para convencer a algu\u00e9n.<\/p>\n\n\n\n<p>Vai, xa que logo unha vez, m\u00e1is: A corrupci\u00f3n \u00e9 inherente \u00e1 nosa especie porque responde a pulsi\u00f3ns humanas moi profundas: A ambici\u00f3n, o ego\u00edsmo, o instinto de supervivencia&#8230;Existiu no pasado, existe no presente e vai seguir existindo no futuro. Ata tal mundo \u00e9 imposible de erradicar que pa\u00edses como por exemplo China, que castigan determinados supostos de corrupci\u00f3n pol\u00edtica coa pena de morte,non a dan eliminado e de cando en vez almorzamos coa nova da condena \u00e1 pena capital a alg\u00fan funcionario corrupto no xigante asi\u00e1tico. A corrupci\u00f3n \u00e9 transversal, e existe en calquera organizaci\u00f3n que xestione orzamentos p\u00fablicos( ben \u00e9 certo que nalgunhas m\u00e1is que noutras).Incluso forzas pol\u00edticas de elevados est\u00e1ndares \u00e9ticos e dun rigoroso control interno do comportamento dos seus cargos p\u00fablicos, como por exemplo o BNG, non son inmunes a que ma\u00f1\u00e1 lles poida aparecer calquera cr\u00e1pula que coa man esquerda berre Galiza e ceibe e coa dereita vaia trincando os cartos.<\/p>\n\n\n\n<p>A corrupci\u00f3n, sexa moita ou pouca, \u00e9 sempre mala, e sexa onde sexa \u00e9 sempre censurable. Debe de ser rexeitada e combatida coa mesma firmeza se dea onde se dea. Pero a corrupci\u00f3n non \u00e9 en ning\u00fan caso un elemento que deba de influ\u00edr \u00e1 hora de determinar cales son a nosas simpat\u00edas ou antipat\u00edas pol\u00edticas. \u00c9 o modelo social que propo\u00f1en as distintas forzas pol\u00edticas o \u00fanico criterio a ter en conta para decidir que \u00e9 o que nos gusta, e que \u00e9 o que nos desgusta. As\u00ed pois con corrupci\u00f3n ou sen ela, eu son nacionalista porque entendo que o pobo galego \u00e9 un pobo de seu e s\u00f3 o noso pobo ten dereito a decidir cal \u00e9 o seu status pol\u00edtico. Por outra parte te\u00f1o a convicci\u00f3n de que se foramos n\u00f3s mesmos os que xestion\u00e1semos os nosos propios intereses, a calidade de vida do conxunto do pobo galego ser\u00eda bastante mellor que a que temos agora que son xestionados en boa medida atendendo aos intereses de outros.<\/p>\n\n\n\n<p>Asemade eu son de esquerdas, con corrupci\u00f3n ou sen ela, porque entendo a necesidade da existencia dunha res publica coa densidade necesaria para cubrir as necesidades humanas b\u00e1sicas da totalidade de persoas que estamos neste mundo. A liberdade que proclaman os liberais s\u00f3 \u00e9 a patente de corso para que os que te\u00f1en poder poidan facer o que lles pete, e \u00e9 o cami\u00f1o m\u00e1is curto para que unha sociedade sexa o m\u00e1is parecido a unha selva: os fortes e poderosos viven, e os que non o son morren.<\/p>\n\n\n\n<p>En relaci\u00f3n aos modelos sociais propostos pareceume significativo que nas \u00faltimas semanas puideramos co\u00f1ecer unha gravaci\u00f3n na que un alto directivo dunha grande empresa privada, que ten na sanidade a s\u00faa \u00e1rea de negocio, apelaba a facer m\u00e1is grandes as listas de espera dun hospital de Madrid con obxecto de facer m\u00e1is grande tam\u00e9n a s\u00faa conta de resultados.<\/p>\n\n\n\n<p>Esta empresa xestiona entre outros o hospital Povisa de Vigo que atende creo que a m\u00e1is de 100.000 usuarios e usuarias do servizo galego de sa\u00fade. E non, o que dixo este directivo, non foi nin un accidente nin foi ning\u00fan tipo de lapsus. \u00c9 un modelo, \u00e9 o modelo da dereita, e consiste en deteriorar conscientemente a sanidade p\u00fablica para permitir a entrada de empresas privadas no sector e que un reducido n\u00famero de persoas se lucren a conta de prexudicar a sa\u00fade das maior\u00edas sociais.<\/p>\n\n\n\n<p>Se a ti,amigo lector ou lectora, este modelo de organizaci\u00f3n social si que che convence, na dereita est\u00e1 o teu sitio, con corrupci\u00f3n ou sen ela. Pero se es dos que pensas que cos dereitos humanos b\u00e1sicos non se pode facer negocio en ning\u00fan caso, por favor, con corrupci\u00f3n ou sen ela, non permitas que goberne a dereita.<\/p>\n","protected":false},"excerpt":{"rendered":"<div class=\"mh-excerpt\"><p>A finais do pasado mes de novembro fac\u00eda unha desas visitas que \u00e1s veces non queda outra que facer, a\u00ednda que as ga\u00f1as de facela non sexan moitas <a class=\"mh-excerpt-more\" href=\"https:\/\/www.anovapeneira.gal\/index.php\/2025\/12\/16\/e-o-modelo-so-o-modelo-e-nada-mais-que-o-modelo\/\" title=\"\u00c9 o modelo, s\u00f3 o modelo e nada m\u00e1is que o modelo\">[&#8230;]<\/a><\/p>\n<\/div>","protected":false},"author":2,"featured_media":15081,"comment_status":"open","ping_status":"open","sticky":false,"template":"","format":"standard","meta":{"_exactmetrics_skip_tracking":false,"_exactmetrics_sitenote_active":false,"_exactmetrics_sitenote_note":"","_exactmetrics_sitenote_category":0,"footnotes":""},"categories":[61],"tags":[],"class_list":{"0":"post-15080","1":"post","2":"type-post","3":"status-publish","4":"format-standard","5":"has-post-thumbnail","7":"category-artigo-editorial"},"yoast_head":"<!-- This site is optimized with the Yoast SEO plugin v27.4 - https:\/\/yoast.com\/product\/yoast-seo-wordpress\/ -->\n<title>\u00c9 o modelo, s\u00f3 o modelo e nada m\u00e1is que o modelo -<\/title>\n<meta name=\"robots\" content=\"index, follow, max-snippet:-1, max-image-preview:large, max-video-preview:-1\" \/>\n<link rel=\"canonical\" href=\"https:\/\/www.anovapeneira.gal\/index.php\/2025\/12\/16\/e-o-modelo-so-o-modelo-e-nada-mais-que-o-modelo\/\" \/>\n<meta property=\"og:locale\" content=\"gl_ES\" \/>\n<meta property=\"og:type\" content=\"article\" \/>\n<meta property=\"og:title\" content=\"\u00c9 o modelo, s\u00f3 o modelo e nada m\u00e1is que o modelo -\" \/>\n<meta property=\"og:description\" content=\"A finais do pasado mes de novembro fac\u00eda unha desas visitas que \u00e1s veces non queda outra que facer, a\u00ednda que as ga\u00f1as de facela non sexan moitas [...]\" \/>\n<meta property=\"og:url\" content=\"https:\/\/www.anovapeneira.gal\/index.php\/2025\/12\/16\/e-o-modelo-so-o-modelo-e-nada-mais-que-o-modelo\/\" \/>\n<meta property=\"article:publisher\" content=\"https:\/\/www.facebook.com\/anovapeneira\" \/>\n<meta property=\"article:published_time\" content=\"2025-12-16T11:00:06+00:00\" \/>\n<meta property=\"og:image\" content=\"https:\/\/www.anovapeneira.gal\/wp-content\/uploads\/2025\/12\/hospital.png\" \/>\n\t<meta property=\"og:image:width\" content=\"720\" \/>\n\t<meta property=\"og:image:height\" content=\"432\" \/>\n\t<meta property=\"og:image:type\" content=\"image\/png\" \/>\n<meta name=\"author\" content=\"Tino Lago\" \/>\n<meta name=\"twitter:card\" content=\"summary_large_image\" \/>\n<meta name=\"twitter:creator\" content=\"@APeneira\" \/>\n<meta name=\"twitter:site\" content=\"@APeneira\" \/>\n<meta name=\"twitter:label1\" content=\"Escrito por\" \/>\n\t<meta name=\"twitter:data1\" content=\"Tino Lago\" \/>\n\t<meta name=\"twitter:label2\" content=\"Tempo de lectura\" \/>\n\t<meta name=\"twitter:data2\" content=\"5 minutos\" \/>\n<script type=\"application\/ld+json\" class=\"yoast-schema-graph\">{\"@context\":\"https:\\\/\\\/schema.org\",\"@graph\":[{\"@type\":\"Article\",\"@id\":\"https:\\\/\\\/www.anovapeneira.gal\\\/index.php\\\/2025\\\/12\\\/16\\\/e-o-modelo-so-o-modelo-e-nada-mais-que-o-modelo\\\/#article\",\"isPartOf\":{\"@id\":\"https:\\\/\\\/www.anovapeneira.gal\\\/index.php\\\/2025\\\/12\\\/16\\\/e-o-modelo-so-o-modelo-e-nada-mais-que-o-modelo\\\/\"},\"author\":{\"name\":\"Tino Lago\",\"@id\":\"https:\\\/\\\/www.anovapeneira.gal\\\/#\\\/schema\\\/person\\\/424dfe65e3070fd8a44d22d2c088762a\"},\"headline\":\"\u00c9 o modelo, s\u00f3 o modelo e nada m\u00e1is que o modelo\",\"datePublished\":\"2025-12-16T11:00:06+00:00\",\"mainEntityOfPage\":{\"@id\":\"https:\\\/\\\/www.anovapeneira.gal\\\/index.php\\\/2025\\\/12\\\/16\\\/e-o-modelo-so-o-modelo-e-nada-mais-que-o-modelo\\\/\"},\"wordCount\":818,\"commentCount\":0,\"publisher\":{\"@id\":\"https:\\\/\\\/www.anovapeneira.gal\\\/#organization\"},\"image\":{\"@id\":\"https:\\\/\\\/www.anovapeneira.gal\\\/index.php\\\/2025\\\/12\\\/16\\\/e-o-modelo-so-o-modelo-e-nada-mais-que-o-modelo\\\/#primaryimage\"},\"thumbnailUrl\":\"https:\\\/\\\/www.anovapeneira.gal\\\/wp-content\\\/uploads\\\/2025\\\/12\\\/hospital.png\",\"articleSection\":[\"Artigo editorial\"],\"inLanguage\":\"gl-ES\",\"potentialAction\":[{\"@type\":\"CommentAction\",\"name\":\"Comment\",\"target\":[\"https:\\\/\\\/www.anovapeneira.gal\\\/index.php\\\/2025\\\/12\\\/16\\\/e-o-modelo-so-o-modelo-e-nada-mais-que-o-modelo\\\/#respond\"]}]},{\"@type\":\"WebPage\",\"@id\":\"https:\\\/\\\/www.anovapeneira.gal\\\/index.php\\\/2025\\\/12\\\/16\\\/e-o-modelo-so-o-modelo-e-nada-mais-que-o-modelo\\\/\",\"url\":\"https:\\\/\\\/www.anovapeneira.gal\\\/index.php\\\/2025\\\/12\\\/16\\\/e-o-modelo-so-o-modelo-e-nada-mais-que-o-modelo\\\/\",\"name\":\"\u00c9 o modelo, s\u00f3 o modelo e nada m\u00e1is que o modelo -\",\"isPartOf\":{\"@id\":\"https:\\\/\\\/www.anovapeneira.gal\\\/#website\"},\"primaryImageOfPage\":{\"@id\":\"https:\\\/\\\/www.anovapeneira.gal\\\/index.php\\\/2025\\\/12\\\/16\\\/e-o-modelo-so-o-modelo-e-nada-mais-que-o-modelo\\\/#primaryimage\"},\"image\":{\"@id\":\"https:\\\/\\\/www.anovapeneira.gal\\\/index.php\\\/2025\\\/12\\\/16\\\/e-o-modelo-so-o-modelo-e-nada-mais-que-o-modelo\\\/#primaryimage\"},\"thumbnailUrl\":\"https:\\\/\\\/www.anovapeneira.gal\\\/wp-content\\\/uploads\\\/2025\\\/12\\\/hospital.png\",\"datePublished\":\"2025-12-16T11:00:06+00:00\",\"breadcrumb\":{\"@id\":\"https:\\\/\\\/www.anovapeneira.gal\\\/index.php\\\/2025\\\/12\\\/16\\\/e-o-modelo-so-o-modelo-e-nada-mais-que-o-modelo\\\/#breadcrumb\"},\"inLanguage\":\"gl-ES\",\"potentialAction\":[{\"@type\":\"ReadAction\",\"target\":[\"https:\\\/\\\/www.anovapeneira.gal\\\/index.php\\\/2025\\\/12\\\/16\\\/e-o-modelo-so-o-modelo-e-nada-mais-que-o-modelo\\\/\"]}]},{\"@type\":\"ImageObject\",\"inLanguage\":\"gl-ES\",\"@id\":\"https:\\\/\\\/www.anovapeneira.gal\\\/index.php\\\/2025\\\/12\\\/16\\\/e-o-modelo-so-o-modelo-e-nada-mais-que-o-modelo\\\/#primaryimage\",\"url\":\"https:\\\/\\\/www.anovapeneira.gal\\\/wp-content\\\/uploads\\\/2025\\\/12\\\/hospital.png\",\"contentUrl\":\"https:\\\/\\\/www.anovapeneira.gal\\\/wp-content\\\/uploads\\\/2025\\\/12\\\/hospital.png\",\"width\":720,\"height\":432},{\"@type\":\"BreadcrumbList\",\"@id\":\"https:\\\/\\\/www.anovapeneira.gal\\\/index.php\\\/2025\\\/12\\\/16\\\/e-o-modelo-so-o-modelo-e-nada-mais-que-o-modelo\\\/#breadcrumb\",\"itemListElement\":[{\"@type\":\"ListItem\",\"position\":1,\"name\":\"Portada\",\"item\":\"https:\\\/\\\/www.anovapeneira.gal\\\/\"},{\"@type\":\"ListItem\",\"position\":2,\"name\":\"\u00c9 o modelo, s\u00f3 o modelo e nada m\u00e1is que o modelo\"}]},{\"@type\":\"WebSite\",\"@id\":\"https:\\\/\\\/www.anovapeneira.gal\\\/#website\",\"url\":\"https:\\\/\\\/www.anovapeneira.gal\\\/\",\"name\":\"\",\"description\":\"Xornal galego de informaci\u00f3n xeral Publicaci\u00f3n mensual de novas de Galicia e en especial dos Concellos da sur da provincia de Pontevedra.\",\"publisher\":{\"@id\":\"https:\\\/\\\/www.anovapeneira.gal\\\/#organization\"},\"potentialAction\":[{\"@type\":\"SearchAction\",\"target\":{\"@type\":\"EntryPoint\",\"urlTemplate\":\"https:\\\/\\\/www.anovapeneira.gal\\\/?s={search_term_string}\"},\"query-input\":{\"@type\":\"PropertyValueSpecification\",\"valueRequired\":true,\"valueName\":\"search_term_string\"}}],\"inLanguage\":\"gl-ES\"},{\"@type\":\"Organization\",\"@id\":\"https:\\\/\\\/www.anovapeneira.gal\\\/#organization\",\"name\":\"A Nova Peneira\",\"url\":\"https:\\\/\\\/www.anovapeneira.gal\\\/\",\"logo\":{\"@type\":\"ImageObject\",\"inLanguage\":\"gl-ES\",\"@id\":\"https:\\\/\\\/www.anovapeneira.gal\\\/#\\\/schema\\\/logo\\\/image\\\/\",\"url\":\"http:\\\/\\\/www.anovapeneira.gal\\\/wp-content\\\/uploads\\\/2019\\\/06\\\/logo_a_nova_peneira_portal_web.png\",\"contentUrl\":\"http:\\\/\\\/www.anovapeneira.gal\\\/wp-content\\\/uploads\\\/2019\\\/06\\\/logo_a_nova_peneira_portal_web.png\",\"width\":300,\"height\":100,\"caption\":\"A Nova Peneira\"},\"image\":{\"@id\":\"https:\\\/\\\/www.anovapeneira.gal\\\/#\\\/schema\\\/logo\\\/image\\\/\"},\"sameAs\":[\"https:\\\/\\\/www.facebook.com\\\/anovapeneira\",\"https:\\\/\\\/x.com\\\/APeneira\"]},{\"@type\":\"Person\",\"@id\":\"https:\\\/\\\/www.anovapeneira.gal\\\/#\\\/schema\\\/person\\\/424dfe65e3070fd8a44d22d2c088762a\",\"name\":\"Tino Lago\",\"image\":{\"@type\":\"ImageObject\",\"inLanguage\":\"gl-ES\",\"@id\":\"https:\\\/\\\/secure.gravatar.com\\\/avatar\\\/b3df6a06e44bab3111583b90f0f33a0379ee5e3d22cbadd232d39f21c30c62be?s=96&d=mm&r=g\",\"url\":\"https:\\\/\\\/secure.gravatar.com\\\/avatar\\\/b3df6a06e44bab3111583b90f0f33a0379ee5e3d22cbadd232d39f21c30c62be?s=96&d=mm&r=g\",\"contentUrl\":\"https:\\\/\\\/secure.gravatar.com\\\/avatar\\\/b3df6a06e44bab3111583b90f0f33a0379ee5e3d22cbadd232d39f21c30c62be?s=96&d=mm&r=g\",\"caption\":\"Tino Lago\"},\"sameAs\":[\"http:\\\/\\\/www.anovapeneira.gal\"],\"url\":\"https:\\\/\\\/www.anovapeneira.gal\\\/index.php\\\/author\\\/director\\\/\"}]}<\/script>\n<!-- \/ Yoast SEO plugin. -->","yoast_head_json":{"title":"\u00c9 o modelo, s\u00f3 o modelo e nada m\u00e1is que o modelo -","robots":{"index":"index","follow":"follow","max-snippet":"max-snippet:-1","max-image-preview":"max-image-preview:large","max-video-preview":"max-video-preview:-1"},"canonical":"https:\/\/www.anovapeneira.gal\/index.php\/2025\/12\/16\/e-o-modelo-so-o-modelo-e-nada-mais-que-o-modelo\/","og_locale":"gl_ES","og_type":"article","og_title":"\u00c9 o modelo, s\u00f3 o modelo e nada m\u00e1is que o modelo -","og_description":"A finais do pasado mes de novembro fac\u00eda unha desas visitas que \u00e1s veces non queda outra que facer, a\u00ednda que as ga\u00f1as de facela non sexan moitas [...]","og_url":"https:\/\/www.anovapeneira.gal\/index.php\/2025\/12\/16\/e-o-modelo-so-o-modelo-e-nada-mais-que-o-modelo\/","article_publisher":"https:\/\/www.facebook.com\/anovapeneira","article_published_time":"2025-12-16T11:00:06+00:00","og_image":[{"width":720,"height":432,"url":"https:\/\/www.anovapeneira.gal\/wp-content\/uploads\/2025\/12\/hospital.png","type":"image\/png"}],"author":"Tino Lago","twitter_card":"summary_large_image","twitter_creator":"@APeneira","twitter_site":"@APeneira","twitter_misc":{"Escrito por":"Tino Lago","Tempo de lectura":"5 minutos"},"schema":{"@context":"https:\/\/schema.org","@graph":[{"@type":"Article","@id":"https:\/\/www.anovapeneira.gal\/index.php\/2025\/12\/16\/e-o-modelo-so-o-modelo-e-nada-mais-que-o-modelo\/#article","isPartOf":{"@id":"https:\/\/www.anovapeneira.gal\/index.php\/2025\/12\/16\/e-o-modelo-so-o-modelo-e-nada-mais-que-o-modelo\/"},"author":{"name":"Tino Lago","@id":"https:\/\/www.anovapeneira.gal\/#\/schema\/person\/424dfe65e3070fd8a44d22d2c088762a"},"headline":"\u00c9 o modelo, s\u00f3 o modelo e nada m\u00e1is que o modelo","datePublished":"2025-12-16T11:00:06+00:00","mainEntityOfPage":{"@id":"https:\/\/www.anovapeneira.gal\/index.php\/2025\/12\/16\/e-o-modelo-so-o-modelo-e-nada-mais-que-o-modelo\/"},"wordCount":818,"commentCount":0,"publisher":{"@id":"https:\/\/www.anovapeneira.gal\/#organization"},"image":{"@id":"https:\/\/www.anovapeneira.gal\/index.php\/2025\/12\/16\/e-o-modelo-so-o-modelo-e-nada-mais-que-o-modelo\/#primaryimage"},"thumbnailUrl":"https:\/\/www.anovapeneira.gal\/wp-content\/uploads\/2025\/12\/hospital.png","articleSection":["Artigo editorial"],"inLanguage":"gl-ES","potentialAction":[{"@type":"CommentAction","name":"Comment","target":["https:\/\/www.anovapeneira.gal\/index.php\/2025\/12\/16\/e-o-modelo-so-o-modelo-e-nada-mais-que-o-modelo\/#respond"]}]},{"@type":"WebPage","@id":"https:\/\/www.anovapeneira.gal\/index.php\/2025\/12\/16\/e-o-modelo-so-o-modelo-e-nada-mais-que-o-modelo\/","url":"https:\/\/www.anovapeneira.gal\/index.php\/2025\/12\/16\/e-o-modelo-so-o-modelo-e-nada-mais-que-o-modelo\/","name":"\u00c9 o modelo, s\u00f3 o modelo e nada m\u00e1is que o modelo -","isPartOf":{"@id":"https:\/\/www.anovapeneira.gal\/#website"},"primaryImageOfPage":{"@id":"https:\/\/www.anovapeneira.gal\/index.php\/2025\/12\/16\/e-o-modelo-so-o-modelo-e-nada-mais-que-o-modelo\/#primaryimage"},"image":{"@id":"https:\/\/www.anovapeneira.gal\/index.php\/2025\/12\/16\/e-o-modelo-so-o-modelo-e-nada-mais-que-o-modelo\/#primaryimage"},"thumbnailUrl":"https:\/\/www.anovapeneira.gal\/wp-content\/uploads\/2025\/12\/hospital.png","datePublished":"2025-12-16T11:00:06+00:00","breadcrumb":{"@id":"https:\/\/www.anovapeneira.gal\/index.php\/2025\/12\/16\/e-o-modelo-so-o-modelo-e-nada-mais-que-o-modelo\/#breadcrumb"},"inLanguage":"gl-ES","potentialAction":[{"@type":"ReadAction","target":["https:\/\/www.anovapeneira.gal\/index.php\/2025\/12\/16\/e-o-modelo-so-o-modelo-e-nada-mais-que-o-modelo\/"]}]},{"@type":"ImageObject","inLanguage":"gl-ES","@id":"https:\/\/www.anovapeneira.gal\/index.php\/2025\/12\/16\/e-o-modelo-so-o-modelo-e-nada-mais-que-o-modelo\/#primaryimage","url":"https:\/\/www.anovapeneira.gal\/wp-content\/uploads\/2025\/12\/hospital.png","contentUrl":"https:\/\/www.anovapeneira.gal\/wp-content\/uploads\/2025\/12\/hospital.png","width":720,"height":432},{"@type":"BreadcrumbList","@id":"https:\/\/www.anovapeneira.gal\/index.php\/2025\/12\/16\/e-o-modelo-so-o-modelo-e-nada-mais-que-o-modelo\/#breadcrumb","itemListElement":[{"@type":"ListItem","position":1,"name":"Portada","item":"https:\/\/www.anovapeneira.gal\/"},{"@type":"ListItem","position":2,"name":"\u00c9 o modelo, s\u00f3 o modelo e nada m\u00e1is que o modelo"}]},{"@type":"WebSite","@id":"https:\/\/www.anovapeneira.gal\/#website","url":"https:\/\/www.anovapeneira.gal\/","name":"","description":"Xornal galego de informaci\u00f3n xeral Publicaci\u00f3n mensual de novas de Galicia e en especial dos Concellos da sur da provincia de Pontevedra.","publisher":{"@id":"https:\/\/www.anovapeneira.gal\/#organization"},"potentialAction":[{"@type":"SearchAction","target":{"@type":"EntryPoint","urlTemplate":"https:\/\/www.anovapeneira.gal\/?s={search_term_string}"},"query-input":{"@type":"PropertyValueSpecification","valueRequired":true,"valueName":"search_term_string"}}],"inLanguage":"gl-ES"},{"@type":"Organization","@id":"https:\/\/www.anovapeneira.gal\/#organization","name":"A Nova Peneira","url":"https:\/\/www.anovapeneira.gal\/","logo":{"@type":"ImageObject","inLanguage":"gl-ES","@id":"https:\/\/www.anovapeneira.gal\/#\/schema\/logo\/image\/","url":"http:\/\/www.anovapeneira.gal\/wp-content\/uploads\/2019\/06\/logo_a_nova_peneira_portal_web.png","contentUrl":"http:\/\/www.anovapeneira.gal\/wp-content\/uploads\/2019\/06\/logo_a_nova_peneira_portal_web.png","width":300,"height":100,"caption":"A Nova Peneira"},"image":{"@id":"https:\/\/www.anovapeneira.gal\/#\/schema\/logo\/image\/"},"sameAs":["https:\/\/www.facebook.com\/anovapeneira","https:\/\/x.com\/APeneira"]},{"@type":"Person","@id":"https:\/\/www.anovapeneira.gal\/#\/schema\/person\/424dfe65e3070fd8a44d22d2c088762a","name":"Tino Lago","image":{"@type":"ImageObject","inLanguage":"gl-ES","@id":"https:\/\/secure.gravatar.com\/avatar\/b3df6a06e44bab3111583b90f0f33a0379ee5e3d22cbadd232d39f21c30c62be?s=96&d=mm&r=g","url":"https:\/\/secure.gravatar.com\/avatar\/b3df6a06e44bab3111583b90f0f33a0379ee5e3d22cbadd232d39f21c30c62be?s=96&d=mm&r=g","contentUrl":"https:\/\/secure.gravatar.com\/avatar\/b3df6a06e44bab3111583b90f0f33a0379ee5e3d22cbadd232d39f21c30c62be?s=96&d=mm&r=g","caption":"Tino Lago"},"sameAs":["http:\/\/www.anovapeneira.gal"],"url":"https:\/\/www.anovapeneira.gal\/index.php\/author\/director\/"}]}},"jetpack_featured_media_url":"https:\/\/www.anovapeneira.gal\/wp-content\/uploads\/2025\/12\/hospital.png","_links":{"self":[{"href":"https:\/\/www.anovapeneira.gal\/index.php\/wp-json\/wp\/v2\/posts\/15080","targetHints":{"allow":["GET"]}}],"collection":[{"href":"https:\/\/www.anovapeneira.gal\/index.php\/wp-json\/wp\/v2\/posts"}],"about":[{"href":"https:\/\/www.anovapeneira.gal\/index.php\/wp-json\/wp\/v2\/types\/post"}],"author":[{"embeddable":true,"href":"https:\/\/www.anovapeneira.gal\/index.php\/wp-json\/wp\/v2\/users\/2"}],"replies":[{"embeddable":true,"href":"https:\/\/www.anovapeneira.gal\/index.php\/wp-json\/wp\/v2\/comments?post=15080"}],"version-history":[{"count":1,"href":"https:\/\/www.anovapeneira.gal\/index.php\/wp-json\/wp\/v2\/posts\/15080\/revisions"}],"predecessor-version":[{"id":15083,"href":"https:\/\/www.anovapeneira.gal\/index.php\/wp-json\/wp\/v2\/posts\/15080\/revisions\/15083"}],"wp:featuredmedia":[{"embeddable":true,"href":"https:\/\/www.anovapeneira.gal\/index.php\/wp-json\/wp\/v2\/media\/15081"}],"wp:attachment":[{"href":"https:\/\/www.anovapeneira.gal\/index.php\/wp-json\/wp\/v2\/media?parent=15080"}],"wp:term":[{"taxonomy":"category","embeddable":true,"href":"https:\/\/www.anovapeneira.gal\/index.php\/wp-json\/wp\/v2\/categories?post=15080"},{"taxonomy":"post_tag","embeddable":true,"href":"https:\/\/www.anovapeneira.gal\/index.php\/wp-json\/wp\/v2\/tags?post=15080"}],"curies":[{"name":"wp","href":"https:\/\/api.w.org\/{rel}","templated":true}]}}