{"id":15084,"date":"2025-12-16T10:00:12","date_gmt":"2025-12-16T09:00:12","guid":{"rendered":"https:\/\/www.anovapeneira.gal\/?p=15084"},"modified":"2025-12-17T10:27:17","modified_gmt":"2025-12-17T09:27:17","slug":"a-scd-ponte-caldelas-mais-de-medio-seculo-levando-a-paixon-de-caldelas-polo-mundo","status":"publish","type":"post","link":"https:\/\/www.anovapeneira.gal\/index.php\/2025\/12\/16\/a-scd-ponte-caldelas-mais-de-medio-seculo-levando-a-paixon-de-caldelas-polo-mundo\/","title":{"rendered":"A SCD Ponte Caldelas, M\u00e1is de medio s\u00e9culo levando a paix\u00f3n de Caldelas polo mundo"},"content":{"rendered":"\n<p><strong>A SCD Ponte Caldelas \u00e9 m\u00e1is que un equipo de f\u00fatbol, \u00e9 unha entidade que fai unha importante labor social posibilitando que centos de nenos e de nenas, miles ao longo dos seus m\u00e1is de 50 anos de historia, poidan practicar este deporte. Actualmente m\u00e1is de 200 mozos e mozas forman parte da SCD, un conxunto que mant\u00e9n un equipo s\u00e9nior feminino e outro masculino que compiten con dignidade e orgullo, en segunda auton\u00f3mica elas e en primeira eles. O seu presidente \u00e9 Pedro, un home de 54 anos de idade que est\u00e1 pr\u00f3ximo a cumprir 15 como m\u00e1ximo responsable do equipo. A SCD non o tivo nada f\u00e1cil nos \u00faltimos tempos, pois tivo que lidar con problemas moi serios, como non poder dispor do seu propio campo de f\u00fatbol a causa dunha riada ou a terrible morte de Totti, o seu porteiro, ao que o presidente quere lembrar con cari\u00f1o aproveitando as nosas p\u00e1xinas. Vela\u00ed vai o que deu de si a nosa conversa.<\/strong><\/p>\n\n\n\n<p><strong>Pedro Rodr\u00edguez Souto, presidente.<\/strong><\/p>\n\n\n\n<h2 class=\"wp-block-heading\">\u201c <strong>O f\u00fatbol \u00e9 a mi\u00f1a paix\u00f3n, e o noso equipo est\u00e1 no m\u00e1is profundo do meu coraz\u00f3n\u201d<\/strong><\/h2>\n\n\n\n<p><strong>Canto tempo levas como presidente?<\/strong><\/p>\n\n\n\n<blockquote class=\"wp-block-quote is-layout-flow wp-block-quote-is-layout-flow\">\n<p>Levo 14 anos.<\/p>\n<\/blockquote>\n\n\n\n<p><strong>Xa \u00e9 bastante tempo. A\u00ednda che quedan \u00e1nimos para seguir?<\/strong><\/p>\n\n\n\n<blockquote class=\"wp-block-quote is-layout-flow wp-block-quote-is-layout-flow\">\n<p>Xa son anos, si. Pero o f\u00fatbol \u00e9 a mi\u00f1a paix\u00f3n e a SCD est\u00e1 no m\u00e1is profundo do meu coraz\u00f3n. A min g\u00fastame moito o que fago. Mentres te\u00f1a sa\u00fade e non me falte a paix\u00f3n, eu penso continuar.<\/p>\n<\/blockquote>\n\n\n\n<p><strong>Cantos equipos ten o club?<\/strong><\/p>\n\n\n\n<blockquote class=\"wp-block-quote is-layout-flow wp-block-quote-is-layout-flow\">\n<p>Temos 9 equipos, un deles \u00e9 feminino.<\/p>\n<\/blockquote>\n\n\n\n<p><strong>E fichas cantas tendes?<\/strong><\/p>\n\n\n\n<blockquote class=\"wp-block-quote is-layout-flow wp-block-quote-is-layout-flow\">\n<p>M\u00e1is de 200.<\/p>\n<\/blockquote>\n\n\n\n<p><strong>De onde son eses m\u00e1is de 200 mozos e mozas que practican o f\u00fatbol con v\u00f3s?<\/strong><\/p>\n\n\n\n<blockquote class=\"wp-block-quote is-layout-flow wp-block-quote-is-layout-flow\">\n<p>Unha inmensa maior\u00eda son da propia Ponte Caldelas. Tam\u00e9n hai das localidades veci\u00f1as como Fornelos ou incluso da mesma Pontevedra<\/p>\n<\/blockquote>\n\n\n\n<p><strong>Cal \u00e9 o voso uniforme?<\/strong><\/p>\n\n\n\n<blockquote class=\"wp-block-quote is-layout-flow wp-block-quote-is-layout-flow\">\n<p>Verde e branco. Hai unha an\u00e9cdota moi bonita ao respecto do noso uniforme.<\/p>\n<\/blockquote>\n\n\n\n<p><strong>Cal \u00e9?<\/strong><\/p>\n\n\n\n<blockquote class=\"wp-block-quote is-layout-flow wp-block-quote-is-layout-flow\">\n<p>Un dos fundadores do noso equipo, Manuel de Soledad, fixo o servizo militar en Ferrol. Asistiu a varios partidos do Racing e gustoulle moito o seu uniforme, de tal modo que cando volveu ao pobo e participou na creaci\u00f3n da SCD prop\u00faxoo como o noso uniforme. N\u00f3s co\u00f1ecemos hai pouco tempo esta circunstancia, fix\u00e9mola p\u00fablica nas nosas redes, e cando o Racing co\u00f1eceu a historia pux\u00e9ronse en contacto con n\u00f3s, pois seica quedaron moi satisfeitos.<\/p>\n<\/blockquote>\n\n\n\n<p><strong>O ano pasado cumpristes o primeiro medio s\u00e9culo de vida, verdade?<\/strong><\/p>\n\n\n\n<blockquote class=\"wp-block-quote is-layout-flow wp-block-quote-is-layout-flow\">\n<p>Pois si, o equipo fundouse en 1974.Fixemos varios actos para conmemorar unha data tan importante para n\u00f3s, pero por desgraza os eventos quedaron un tanto cativos porque nos cadrou cando o r\u00edo nos levou o campo e non foi posible facer algo de maior dimensi\u00f3n.<\/p>\n<\/blockquote>\n\n\n\n<p><strong>Onde xogades os vosos partidos?<\/strong><\/p>\n\n\n\n<blockquote class=\"wp-block-quote is-layout-flow wp-block-quote-is-layout-flow\">\n<p>No campo de Chan da Barcia.<\/p>\n<\/blockquote>\n\n\n\n<p><strong>Os estragos da riada xa est\u00e1n completamente arranxados?<\/strong><\/p>\n\n\n\n<blockquote class=\"wp-block-quote is-layout-flow wp-block-quote-is-layout-flow\">\n<p>Si, o que fixera a auga foi levantar o c\u00e9spede e si, xa est\u00e1 ben.<\/p>\n<\/blockquote>\n\n\n\n<p><strong>A onde fostes xogar cando o campo estaba inutilizable?<\/strong><\/p>\n\n\n\n<blockquote class=\"wp-block-quote is-layout-flow wp-block-quote-is-layout-flow\">\n<p>Estivemos case un ano enteiro xogando na Lama, tam\u00e9n xogamos alg\u00fan partido en Marc\u00f3n.<\/p>\n<\/blockquote>\n\n\n\n<p><strong>O do campo pode volver pasar?<\/strong><\/p>\n\n\n\n<blockquote class=\"wp-block-quote is-layout-flow wp-block-quote-is-layout-flow\">\n<p>Eu creo que se fixo o necesario para que non volva pasar. Pero nunca se sabe, os fen\u00f3menos climatol\u00f3xicos son \u00e1s veces imprevisibles.<\/p>\n<\/blockquote>\n\n\n\n<p><strong>Como levades a parte econ\u00f3mica da xesti\u00f3n do equipo?<\/strong><\/p>\n\n\n\n<blockquote class=\"wp-block-quote is-layout-flow wp-block-quote-is-layout-flow\">\n<p>Recibimos unha importante subvenci\u00f3n do Concello. Logo temos tam\u00e9n diversos patrocinadores publicitarios aos que quixera darlle as grazas desde as vosas p\u00e1xinas, e est\u00e1s as cotas dos socios e dos xogadores.<\/p>\n<\/blockquote>\n\n\n\n<p><strong>E non tedes cantina?<\/strong><\/p>\n\n\n\n<blockquote class=\"wp-block-quote is-layout-flow wp-block-quote-is-layout-flow\">\n<p>Hai cantina, si. Pero non a explotamos n\u00f3s. Faino a persoa que coida o campo.<\/p>\n<\/blockquote>\n\n\n\n<p><strong>Como est\u00e1n as instalaci\u00f3ns de Chan da Barcia?<\/strong><\/p>\n\n\n\n<blockquote class=\"wp-block-quote is-layout-flow wp-block-quote-is-layout-flow\">\n<p>Est\u00e1n moi ben. Se cadra hai algunha cousi\u00f1a pequena que haber\u00eda que ama\u00f1ar, pero en li\u00f1as xerais est\u00e1 todo moi ben.<\/p>\n<\/blockquote>\n\n\n\n<p><strong>Como se porta o goberno municipal con v\u00f3s?<\/strong><\/p>\n\n\n\n<blockquote class=\"wp-block-quote is-layout-flow wp-block-quote-is-layout-flow\">\n<p>Portase moi ben. Tanto este alcalde como o anterior sempre se portaron moi ben con n\u00f3s.<\/p>\n<\/blockquote>\n\n\n\n<p><strong>En que divisi\u00f3n compiten os equipos s\u00e9nior masculino e feminino?<\/strong><\/p>\n\n\n\n<blockquote class=\"wp-block-quote is-layout-flow wp-block-quote-is-layout-flow\">\n<p>O masculino en primeira auton\u00f3mica e o feminino en segunda.<\/p>\n<\/blockquote>\n\n\n\n<p><strong>Como vamos na liga ?<\/strong><\/p>\n\n\n\n<blockquote class=\"wp-block-quote is-layout-flow wp-block-quote-is-layout-flow\">\n<p>As mulleres moi ben, na parte alta da t\u00e1boa. Os homes comezaron mal pero agora estamos en plena reacci\u00f3n e xa andamos cerca da metade da clasificaci\u00f3n, levamos 8 puntos de marxe co descenso cando hai pouco estabamos a\u00ed metidos.<\/p>\n<\/blockquote>\n\n\n\n<p><strong>Cales son os obxectivos deportivos esta temporada, tanto para as mulleres como para os homes?<\/strong><\/p>\n\n\n\n<blockquote class=\"wp-block-quote is-layout-flow wp-block-quote-is-layout-flow\">\n<p>En ambos casos consolidarnos. Agardo que as mozas poidan consolidarse en segunda e que os rapaces poidan facelo en primeira. Hai poucos anos viviramos un hist\u00f3rico ascenso a primeira auton\u00f3mica. E na primeira temporada nesa categor\u00eda chegamos a disputar a fase de ascenso a preferente, un \u00e9xito incuestionable. Pero na seguinte tempada, co mesmo equipo, descendemos. Desta volta agardo que sexamos capaces de consolidarnos.<\/p>\n<\/blockquote>\n\n\n\n<p><strong>Por que tenta diferencia en ten pouco tempo: a primeira temporada xogamos a fase de ascenso a preferente e a segunda baixamos?<\/strong><\/p>\n\n\n\n<blockquote class=\"wp-block-quote is-layout-flow wp-block-quote-is-layout-flow\">\n<p>Foi o ano no que non tivemos o campo. Estivemos xogando na Lama e esa circunstancia afectounos moito na parte deportiva. Por outra parte tam\u00e9n acontecera a desgraza terrible da morte de Totti, un xogador noso, e outras incidencias diversas que tam\u00e9n influ\u00edron negativamente.<\/p>\n<\/blockquote>\n\n\n\n<p><strong>Ides facer alg\u00fan tipo de acto para lembrar a memoria de Totti?<\/strong><\/p>\n\n\n\n<blockquote class=\"wp-block-quote is-layout-flow wp-block-quote-is-layout-flow\">\n<p>Si, un torneo de alev\u00edns que levar\u00e1 o seu nome.<\/p>\n<\/blockquote>\n\n\n\n<p><strong>Tendo en conta a realidade econ\u00f3mica e demogr\u00e1fica de Ponte Caldelas, cal cres ti que ser\u00edan as categor\u00edas naturais nas que os equipos s\u00e9nior feminino e masculino se deberan de consolidar?<\/strong><\/p>\n\n\n\n<blockquote class=\"wp-block-quote is-layout-flow wp-block-quote-is-layout-flow\">\n<p>O equipo feminino debera de consolidarse na categor\u00eda que est\u00e1 agora e o masculino exactamente igual.<\/p>\n<\/blockquote>\n\n\n\n<p><strong>So\u00f1ar con ascender \u00e1 preferente \u00e9 imposible?<\/strong><\/p>\n\n\n\n<blockquote class=\"wp-block-quote is-layout-flow wp-block-quote-is-layout-flow\">\n<p>Non, imposible non \u00e9. Pero si que \u00e9 dif\u00edcil, sobre todo polo salto econ\u00f3mico que supor\u00eda. Desde logo se alg\u00fan d\u00eda estamos en situaci\u00f3n de ascender non imos dicir que non.<\/p>\n<\/blockquote>\n\n\n\n<p><strong>Cales son os partidos de m\u00e1xima rivalidade para v\u00f3s?<\/strong><\/p>\n\n\n\n<blockquote class=\"wp-block-quote is-layout-flow wp-block-quote-is-layout-flow\">\n<p>Os que xogamos contra A Lama. Malia que eles este ano eles est\u00e1n en segunda, pero cando temos coincidido sempre foron partidos de bastante tensi\u00f3n.<\/p>\n<\/blockquote>\n\n\n\n<p><strong>Cal \u00e9 a asistencia media de espectadores aos vosos partidos?<\/strong><\/p>\n\n\n\n<blockquote class=\"wp-block-quote is-layout-flow wp-block-quote-is-layout-flow\">\n<p>Temos moita asistencia. Podemos meter entre 300 e 500 persoas, dependendo de quen xogue. Incluso cando imos f\u00f3ra ven moita xente. \u00c1s veces somos m\u00e1is n\u00f3s que a afecci\u00f3n local.<\/p>\n<\/blockquote>\n\n\n\n<p><strong>Como \u00e9 a vosa afecci\u00f3n?<\/strong><\/p>\n\n\n\n<blockquote class=\"wp-block-quote is-layout-flow wp-block-quote-is-layout-flow\">\n<p>\u00c9 moi apaixonada.<\/p>\n<\/blockquote>\n\n\n\n<p><strong>Rematamos Pedro. Como valoras a vinculaci\u00f3n da sociedade de Ponte Caldelas co seu equipo de f\u00fatbol?<\/strong><\/p>\n\n\n\n<blockquote class=\"wp-block-quote is-layout-flow wp-block-quote-is-layout-flow\">\n<p>Val\u00f3roa de maneira magn\u00edfica.<\/p>\n<\/blockquote>\n","protected":false},"excerpt":{"rendered":"<div class=\"mh-excerpt\"><p>A SCD Ponte Caldelas \u00e9 m\u00e1is que un equipo de f\u00fatbol, \u00e9 unha entidade que fai unha importante labor social posibilitando que centos de nenos e de nenas, miles ao longo dos seus m\u00e1is de 50 anos de historia, poidan practicar este deporte <a class=\"mh-excerpt-more\" href=\"https:\/\/www.anovapeneira.gal\/index.php\/2025\/12\/16\/a-scd-ponte-caldelas-mais-de-medio-seculo-levando-a-paixon-de-caldelas-polo-mundo\/\" title=\"A SCD Ponte Caldelas, M\u00e1is de medio s\u00e9culo levando a paix\u00f3n de Caldelas polo mundo\">[&#8230;]<\/a><\/p>\n<\/div>","protected":false},"author":3,"featured_media":15085,"comment_status":"open","ping_status":"open","sticky":false,"template":"","format":"standard","meta":{"_exactmetrics_skip_tracking":false,"_exactmetrics_sitenote_active":false,"_exactmetrics_sitenote_note":"","_exactmetrics_sitenote_category":0,"footnotes":""},"categories":[494],"tags":[128],"class_list":{"0":"post-15084","1":"post","2":"type-post","3":"status-publish","4":"format-standard","5":"has-post-thumbnail","7":"category-pontevedra-reportaxes","8":"tag-concello-de-ponte-caldelas"},"yoast_head":"<!-- This site is optimized with the Yoast SEO plugin v27.4 - https:\/\/yoast.com\/product\/yoast-seo-wordpress\/ -->\n<title>A SCD Ponte Caldelas, M\u00e1is de medio s\u00e9culo levando a paix\u00f3n de Caldelas polo mundo -<\/title>\n<meta name=\"robots\" content=\"index, follow, max-snippet:-1, max-image-preview:large, max-video-preview:-1\" \/>\n<link rel=\"canonical\" href=\"https:\/\/www.anovapeneira.gal\/index.php\/2025\/12\/16\/a-scd-ponte-caldelas-mais-de-medio-seculo-levando-a-paixon-de-caldelas-polo-mundo\/\" \/>\n<meta property=\"og:locale\" content=\"gl_ES\" \/>\n<meta property=\"og:type\" content=\"article\" \/>\n<meta property=\"og:title\" content=\"A SCD Ponte Caldelas, M\u00e1is de medio s\u00e9culo levando a paix\u00f3n de Caldelas polo mundo -\" \/>\n<meta property=\"og:description\" content=\"A SCD Ponte Caldelas \u00e9 m\u00e1is que un equipo de f\u00fatbol, \u00e9 unha entidade que fai unha importante labor social posibilitando que centos de nenos e de nenas, miles ao longo dos seus m\u00e1is de 50 anos de historia, poidan practicar este deporte [...]\" \/>\n<meta property=\"og:url\" content=\"https:\/\/www.anovapeneira.gal\/index.php\/2025\/12\/16\/a-scd-ponte-caldelas-mais-de-medio-seculo-levando-a-paixon-de-caldelas-polo-mundo\/\" \/>\n<meta property=\"article:publisher\" content=\"https:\/\/www.facebook.com\/anovapeneira\" \/>\n<meta property=\"article:published_time\" content=\"2025-12-16T09:00:12+00:00\" \/>\n<meta property=\"article:modified_time\" content=\"2025-12-17T09:27:17+00:00\" \/>\n<meta property=\"og:image\" content=\"https:\/\/www.anovapeneira.gal\/wp-content\/uploads\/2025\/12\/ponte_caldelas.png\" \/>\n\t<meta property=\"og:image:width\" content=\"720\" \/>\n\t<meta property=\"og:image:height\" content=\"432\" \/>\n\t<meta property=\"og:image:type\" content=\"image\/png\" \/>\n<meta name=\"author\" content=\"Redacci\u00f3n A Nova Peneira\" \/>\n<meta name=\"twitter:card\" content=\"summary_large_image\" \/>\n<meta name=\"twitter:creator\" content=\"@APeneira\" \/>\n<meta name=\"twitter:site\" content=\"@APeneira\" \/>\n<meta name=\"twitter:label1\" content=\"Escrito por\" \/>\n\t<meta name=\"twitter:data1\" content=\"Redacci\u00f3n A Nova Peneira\" \/>\n\t<meta name=\"twitter:label2\" content=\"Tempo de lectura\" \/>\n\t<meta name=\"twitter:data2\" content=\"3 minutos\" \/>\n<script type=\"application\/ld+json\" class=\"yoast-schema-graph\">{\"@context\":\"https:\\\/\\\/schema.org\",\"@graph\":[{\"@type\":\"Article\",\"@id\":\"https:\\\/\\\/www.anovapeneira.gal\\\/index.php\\\/2025\\\/12\\\/16\\\/a-scd-ponte-caldelas-mais-de-medio-seculo-levando-a-paixon-de-caldelas-polo-mundo\\\/#article\",\"isPartOf\":{\"@id\":\"https:\\\/\\\/www.anovapeneira.gal\\\/index.php\\\/2025\\\/12\\\/16\\\/a-scd-ponte-caldelas-mais-de-medio-seculo-levando-a-paixon-de-caldelas-polo-mundo\\\/\"},\"author\":{\"name\":\"Redacci\u00f3n A Nova Peneira\",\"@id\":\"https:\\\/\\\/www.anovapeneira.gal\\\/#\\\/schema\\\/person\\\/b93e3f8932e3f8da96334607eb6ac6aa\"},\"headline\":\"A SCD Ponte Caldelas, M\u00e1is de medio s\u00e9culo levando a paix\u00f3n de Caldelas polo mundo\",\"datePublished\":\"2025-12-16T09:00:12+00:00\",\"dateModified\":\"2025-12-17T09:27:17+00:00\",\"mainEntityOfPage\":{\"@id\":\"https:\\\/\\\/www.anovapeneira.gal\\\/index.php\\\/2025\\\/12\\\/16\\\/a-scd-ponte-caldelas-mais-de-medio-seculo-levando-a-paixon-de-caldelas-polo-mundo\\\/\"},\"wordCount\":1170,\"commentCount\":0,\"publisher\":{\"@id\":\"https:\\\/\\\/www.anovapeneira.gal\\\/#organization\"},\"image\":{\"@id\":\"https:\\\/\\\/www.anovapeneira.gal\\\/index.php\\\/2025\\\/12\\\/16\\\/a-scd-ponte-caldelas-mais-de-medio-seculo-levando-a-paixon-de-caldelas-polo-mundo\\\/#primaryimage\"},\"thumbnailUrl\":\"https:\\\/\\\/www.anovapeneira.gal\\\/wp-content\\\/uploads\\\/2025\\\/12\\\/ponte_caldelas.png\",\"keywords\":[\"Concello de Ponte Caldelas\"],\"articleSection\":[\"Pontevedra\"],\"inLanguage\":\"gl-ES\",\"potentialAction\":[{\"@type\":\"CommentAction\",\"name\":\"Comment\",\"target\":[\"https:\\\/\\\/www.anovapeneira.gal\\\/index.php\\\/2025\\\/12\\\/16\\\/a-scd-ponte-caldelas-mais-de-medio-seculo-levando-a-paixon-de-caldelas-polo-mundo\\\/#respond\"]}]},{\"@type\":\"WebPage\",\"@id\":\"https:\\\/\\\/www.anovapeneira.gal\\\/index.php\\\/2025\\\/12\\\/16\\\/a-scd-ponte-caldelas-mais-de-medio-seculo-levando-a-paixon-de-caldelas-polo-mundo\\\/\",\"url\":\"https:\\\/\\\/www.anovapeneira.gal\\\/index.php\\\/2025\\\/12\\\/16\\\/a-scd-ponte-caldelas-mais-de-medio-seculo-levando-a-paixon-de-caldelas-polo-mundo\\\/\",\"name\":\"A SCD Ponte Caldelas, M\u00e1is de medio s\u00e9culo levando a paix\u00f3n de Caldelas polo mundo -\",\"isPartOf\":{\"@id\":\"https:\\\/\\\/www.anovapeneira.gal\\\/#website\"},\"primaryImageOfPage\":{\"@id\":\"https:\\\/\\\/www.anovapeneira.gal\\\/index.php\\\/2025\\\/12\\\/16\\\/a-scd-ponte-caldelas-mais-de-medio-seculo-levando-a-paixon-de-caldelas-polo-mundo\\\/#primaryimage\"},\"image\":{\"@id\":\"https:\\\/\\\/www.anovapeneira.gal\\\/index.php\\\/2025\\\/12\\\/16\\\/a-scd-ponte-caldelas-mais-de-medio-seculo-levando-a-paixon-de-caldelas-polo-mundo\\\/#primaryimage\"},\"thumbnailUrl\":\"https:\\\/\\\/www.anovapeneira.gal\\\/wp-content\\\/uploads\\\/2025\\\/12\\\/ponte_caldelas.png\",\"datePublished\":\"2025-12-16T09:00:12+00:00\",\"dateModified\":\"2025-12-17T09:27:17+00:00\",\"breadcrumb\":{\"@id\":\"https:\\\/\\\/www.anovapeneira.gal\\\/index.php\\\/2025\\\/12\\\/16\\\/a-scd-ponte-caldelas-mais-de-medio-seculo-levando-a-paixon-de-caldelas-polo-mundo\\\/#breadcrumb\"},\"inLanguage\":\"gl-ES\",\"potentialAction\":[{\"@type\":\"ReadAction\",\"target\":[\"https:\\\/\\\/www.anovapeneira.gal\\\/index.php\\\/2025\\\/12\\\/16\\\/a-scd-ponte-caldelas-mais-de-medio-seculo-levando-a-paixon-de-caldelas-polo-mundo\\\/\"]}]},{\"@type\":\"ImageObject\",\"inLanguage\":\"gl-ES\",\"@id\":\"https:\\\/\\\/www.anovapeneira.gal\\\/index.php\\\/2025\\\/12\\\/16\\\/a-scd-ponte-caldelas-mais-de-medio-seculo-levando-a-paixon-de-caldelas-polo-mundo\\\/#primaryimage\",\"url\":\"https:\\\/\\\/www.anovapeneira.gal\\\/wp-content\\\/uploads\\\/2025\\\/12\\\/ponte_caldelas.png\",\"contentUrl\":\"https:\\\/\\\/www.anovapeneira.gal\\\/wp-content\\\/uploads\\\/2025\\\/12\\\/ponte_caldelas.png\",\"width\":720,\"height\":432},{\"@type\":\"BreadcrumbList\",\"@id\":\"https:\\\/\\\/www.anovapeneira.gal\\\/index.php\\\/2025\\\/12\\\/16\\\/a-scd-ponte-caldelas-mais-de-medio-seculo-levando-a-paixon-de-caldelas-polo-mundo\\\/#breadcrumb\",\"itemListElement\":[{\"@type\":\"ListItem\",\"position\":1,\"name\":\"Portada\",\"item\":\"https:\\\/\\\/www.anovapeneira.gal\\\/\"},{\"@type\":\"ListItem\",\"position\":2,\"name\":\"A SCD Ponte Caldelas, M\u00e1is de medio s\u00e9culo levando a paix\u00f3n de Caldelas polo mundo\"}]},{\"@type\":\"WebSite\",\"@id\":\"https:\\\/\\\/www.anovapeneira.gal\\\/#website\",\"url\":\"https:\\\/\\\/www.anovapeneira.gal\\\/\",\"name\":\"\",\"description\":\"Xornal galego de informaci\u00f3n xeral Publicaci\u00f3n mensual de novas de Galicia e en especial dos Concellos da sur da provincia de Pontevedra.\",\"publisher\":{\"@id\":\"https:\\\/\\\/www.anovapeneira.gal\\\/#organization\"},\"potentialAction\":[{\"@type\":\"SearchAction\",\"target\":{\"@type\":\"EntryPoint\",\"urlTemplate\":\"https:\\\/\\\/www.anovapeneira.gal\\\/?s={search_term_string}\"},\"query-input\":{\"@type\":\"PropertyValueSpecification\",\"valueRequired\":true,\"valueName\":\"search_term_string\"}}],\"inLanguage\":\"gl-ES\"},{\"@type\":\"Organization\",\"@id\":\"https:\\\/\\\/www.anovapeneira.gal\\\/#organization\",\"name\":\"A Nova Peneira\",\"url\":\"https:\\\/\\\/www.anovapeneira.gal\\\/\",\"logo\":{\"@type\":\"ImageObject\",\"inLanguage\":\"gl-ES\",\"@id\":\"https:\\\/\\\/www.anovapeneira.gal\\\/#\\\/schema\\\/logo\\\/image\\\/\",\"url\":\"http:\\\/\\\/www.anovapeneira.gal\\\/wp-content\\\/uploads\\\/2019\\\/06\\\/logo_a_nova_peneira_portal_web.png\",\"contentUrl\":\"http:\\\/\\\/www.anovapeneira.gal\\\/wp-content\\\/uploads\\\/2019\\\/06\\\/logo_a_nova_peneira_portal_web.png\",\"width\":300,\"height\":100,\"caption\":\"A Nova Peneira\"},\"image\":{\"@id\":\"https:\\\/\\\/www.anovapeneira.gal\\\/#\\\/schema\\\/logo\\\/image\\\/\"},\"sameAs\":[\"https:\\\/\\\/www.facebook.com\\\/anovapeneira\",\"https:\\\/\\\/x.com\\\/APeneira\"]},{\"@type\":\"Person\",\"@id\":\"https:\\\/\\\/www.anovapeneira.gal\\\/#\\\/schema\\\/person\\\/b93e3f8932e3f8da96334607eb6ac6aa\",\"name\":\"Redacci\u00f3n A Nova Peneira\",\"image\":{\"@type\":\"ImageObject\",\"inLanguage\":\"gl-ES\",\"@id\":\"https:\\\/\\\/secure.gravatar.com\\\/avatar\\\/c052a2551a06e23fac63626232eaa90abd78dbcf1700fc46a2b2c89fd27b735f?s=96&d=mm&r=g\",\"url\":\"https:\\\/\\\/secure.gravatar.com\\\/avatar\\\/c052a2551a06e23fac63626232eaa90abd78dbcf1700fc46a2b2c89fd27b735f?s=96&d=mm&r=g\",\"contentUrl\":\"https:\\\/\\\/secure.gravatar.com\\\/avatar\\\/c052a2551a06e23fac63626232eaa90abd78dbcf1700fc46a2b2c89fd27b735f?s=96&d=mm&r=g\",\"caption\":\"Redacci\u00f3n A Nova Peneira\"},\"sameAs\":[\"http:\\\/\\\/www.anovapeneira.gal\\\/\"],\"url\":\"https:\\\/\\\/www.anovapeneira.gal\\\/index.php\\\/author\\\/redactor\\\/\"}]}<\/script>\n<!-- \/ Yoast SEO plugin. -->","yoast_head_json":{"title":"A SCD Ponte Caldelas, M\u00e1is de medio s\u00e9culo levando a paix\u00f3n de Caldelas polo mundo -","robots":{"index":"index","follow":"follow","max-snippet":"max-snippet:-1","max-image-preview":"max-image-preview:large","max-video-preview":"max-video-preview:-1"},"canonical":"https:\/\/www.anovapeneira.gal\/index.php\/2025\/12\/16\/a-scd-ponte-caldelas-mais-de-medio-seculo-levando-a-paixon-de-caldelas-polo-mundo\/","og_locale":"gl_ES","og_type":"article","og_title":"A SCD Ponte Caldelas, M\u00e1is de medio s\u00e9culo levando a paix\u00f3n de Caldelas polo mundo -","og_description":"A SCD Ponte Caldelas \u00e9 m\u00e1is que un equipo de f\u00fatbol, \u00e9 unha entidade que fai unha importante labor social posibilitando que centos de nenos e de nenas, miles ao longo dos seus m\u00e1is de 50 anos de historia, poidan practicar este deporte [...]","og_url":"https:\/\/www.anovapeneira.gal\/index.php\/2025\/12\/16\/a-scd-ponte-caldelas-mais-de-medio-seculo-levando-a-paixon-de-caldelas-polo-mundo\/","article_publisher":"https:\/\/www.facebook.com\/anovapeneira","article_published_time":"2025-12-16T09:00:12+00:00","article_modified_time":"2025-12-17T09:27:17+00:00","og_image":[{"width":720,"height":432,"url":"https:\/\/www.anovapeneira.gal\/wp-content\/uploads\/2025\/12\/ponte_caldelas.png","type":"image\/png"}],"author":"Redacci\u00f3n A Nova Peneira","twitter_card":"summary_large_image","twitter_creator":"@APeneira","twitter_site":"@APeneira","twitter_misc":{"Escrito por":"Redacci\u00f3n A Nova Peneira","Tempo de lectura":"3 minutos"},"schema":{"@context":"https:\/\/schema.org","@graph":[{"@type":"Article","@id":"https:\/\/www.anovapeneira.gal\/index.php\/2025\/12\/16\/a-scd-ponte-caldelas-mais-de-medio-seculo-levando-a-paixon-de-caldelas-polo-mundo\/#article","isPartOf":{"@id":"https:\/\/www.anovapeneira.gal\/index.php\/2025\/12\/16\/a-scd-ponte-caldelas-mais-de-medio-seculo-levando-a-paixon-de-caldelas-polo-mundo\/"},"author":{"name":"Redacci\u00f3n A Nova Peneira","@id":"https:\/\/www.anovapeneira.gal\/#\/schema\/person\/b93e3f8932e3f8da96334607eb6ac6aa"},"headline":"A SCD Ponte Caldelas, M\u00e1is de medio s\u00e9culo levando a paix\u00f3n de Caldelas polo mundo","datePublished":"2025-12-16T09:00:12+00:00","dateModified":"2025-12-17T09:27:17+00:00","mainEntityOfPage":{"@id":"https:\/\/www.anovapeneira.gal\/index.php\/2025\/12\/16\/a-scd-ponte-caldelas-mais-de-medio-seculo-levando-a-paixon-de-caldelas-polo-mundo\/"},"wordCount":1170,"commentCount":0,"publisher":{"@id":"https:\/\/www.anovapeneira.gal\/#organization"},"image":{"@id":"https:\/\/www.anovapeneira.gal\/index.php\/2025\/12\/16\/a-scd-ponte-caldelas-mais-de-medio-seculo-levando-a-paixon-de-caldelas-polo-mundo\/#primaryimage"},"thumbnailUrl":"https:\/\/www.anovapeneira.gal\/wp-content\/uploads\/2025\/12\/ponte_caldelas.png","keywords":["Concello de Ponte Caldelas"],"articleSection":["Pontevedra"],"inLanguage":"gl-ES","potentialAction":[{"@type":"CommentAction","name":"Comment","target":["https:\/\/www.anovapeneira.gal\/index.php\/2025\/12\/16\/a-scd-ponte-caldelas-mais-de-medio-seculo-levando-a-paixon-de-caldelas-polo-mundo\/#respond"]}]},{"@type":"WebPage","@id":"https:\/\/www.anovapeneira.gal\/index.php\/2025\/12\/16\/a-scd-ponte-caldelas-mais-de-medio-seculo-levando-a-paixon-de-caldelas-polo-mundo\/","url":"https:\/\/www.anovapeneira.gal\/index.php\/2025\/12\/16\/a-scd-ponte-caldelas-mais-de-medio-seculo-levando-a-paixon-de-caldelas-polo-mundo\/","name":"A SCD Ponte Caldelas, M\u00e1is de medio s\u00e9culo levando a paix\u00f3n de Caldelas polo mundo -","isPartOf":{"@id":"https:\/\/www.anovapeneira.gal\/#website"},"primaryImageOfPage":{"@id":"https:\/\/www.anovapeneira.gal\/index.php\/2025\/12\/16\/a-scd-ponte-caldelas-mais-de-medio-seculo-levando-a-paixon-de-caldelas-polo-mundo\/#primaryimage"},"image":{"@id":"https:\/\/www.anovapeneira.gal\/index.php\/2025\/12\/16\/a-scd-ponte-caldelas-mais-de-medio-seculo-levando-a-paixon-de-caldelas-polo-mundo\/#primaryimage"},"thumbnailUrl":"https:\/\/www.anovapeneira.gal\/wp-content\/uploads\/2025\/12\/ponte_caldelas.png","datePublished":"2025-12-16T09:00:12+00:00","dateModified":"2025-12-17T09:27:17+00:00","breadcrumb":{"@id":"https:\/\/www.anovapeneira.gal\/index.php\/2025\/12\/16\/a-scd-ponte-caldelas-mais-de-medio-seculo-levando-a-paixon-de-caldelas-polo-mundo\/#breadcrumb"},"inLanguage":"gl-ES","potentialAction":[{"@type":"ReadAction","target":["https:\/\/www.anovapeneira.gal\/index.php\/2025\/12\/16\/a-scd-ponte-caldelas-mais-de-medio-seculo-levando-a-paixon-de-caldelas-polo-mundo\/"]}]},{"@type":"ImageObject","inLanguage":"gl-ES","@id":"https:\/\/www.anovapeneira.gal\/index.php\/2025\/12\/16\/a-scd-ponte-caldelas-mais-de-medio-seculo-levando-a-paixon-de-caldelas-polo-mundo\/#primaryimage","url":"https:\/\/www.anovapeneira.gal\/wp-content\/uploads\/2025\/12\/ponte_caldelas.png","contentUrl":"https:\/\/www.anovapeneira.gal\/wp-content\/uploads\/2025\/12\/ponte_caldelas.png","width":720,"height":432},{"@type":"BreadcrumbList","@id":"https:\/\/www.anovapeneira.gal\/index.php\/2025\/12\/16\/a-scd-ponte-caldelas-mais-de-medio-seculo-levando-a-paixon-de-caldelas-polo-mundo\/#breadcrumb","itemListElement":[{"@type":"ListItem","position":1,"name":"Portada","item":"https:\/\/www.anovapeneira.gal\/"},{"@type":"ListItem","position":2,"name":"A SCD Ponte Caldelas, M\u00e1is de medio s\u00e9culo levando a paix\u00f3n de Caldelas polo mundo"}]},{"@type":"WebSite","@id":"https:\/\/www.anovapeneira.gal\/#website","url":"https:\/\/www.anovapeneira.gal\/","name":"","description":"Xornal galego de informaci\u00f3n xeral Publicaci\u00f3n mensual de novas de Galicia e en especial dos Concellos da sur da provincia de Pontevedra.","publisher":{"@id":"https:\/\/www.anovapeneira.gal\/#organization"},"potentialAction":[{"@type":"SearchAction","target":{"@type":"EntryPoint","urlTemplate":"https:\/\/www.anovapeneira.gal\/?s={search_term_string}"},"query-input":{"@type":"PropertyValueSpecification","valueRequired":true,"valueName":"search_term_string"}}],"inLanguage":"gl-ES"},{"@type":"Organization","@id":"https:\/\/www.anovapeneira.gal\/#organization","name":"A Nova Peneira","url":"https:\/\/www.anovapeneira.gal\/","logo":{"@type":"ImageObject","inLanguage":"gl-ES","@id":"https:\/\/www.anovapeneira.gal\/#\/schema\/logo\/image\/","url":"http:\/\/www.anovapeneira.gal\/wp-content\/uploads\/2019\/06\/logo_a_nova_peneira_portal_web.png","contentUrl":"http:\/\/www.anovapeneira.gal\/wp-content\/uploads\/2019\/06\/logo_a_nova_peneira_portal_web.png","width":300,"height":100,"caption":"A Nova Peneira"},"image":{"@id":"https:\/\/www.anovapeneira.gal\/#\/schema\/logo\/image\/"},"sameAs":["https:\/\/www.facebook.com\/anovapeneira","https:\/\/x.com\/APeneira"]},{"@type":"Person","@id":"https:\/\/www.anovapeneira.gal\/#\/schema\/person\/b93e3f8932e3f8da96334607eb6ac6aa","name":"Redacci\u00f3n A Nova Peneira","image":{"@type":"ImageObject","inLanguage":"gl-ES","@id":"https:\/\/secure.gravatar.com\/avatar\/c052a2551a06e23fac63626232eaa90abd78dbcf1700fc46a2b2c89fd27b735f?s=96&d=mm&r=g","url":"https:\/\/secure.gravatar.com\/avatar\/c052a2551a06e23fac63626232eaa90abd78dbcf1700fc46a2b2c89fd27b735f?s=96&d=mm&r=g","contentUrl":"https:\/\/secure.gravatar.com\/avatar\/c052a2551a06e23fac63626232eaa90abd78dbcf1700fc46a2b2c89fd27b735f?s=96&d=mm&r=g","caption":"Redacci\u00f3n A Nova Peneira"},"sameAs":["http:\/\/www.anovapeneira.gal\/"],"url":"https:\/\/www.anovapeneira.gal\/index.php\/author\/redactor\/"}]}},"jetpack_featured_media_url":"https:\/\/www.anovapeneira.gal\/wp-content\/uploads\/2025\/12\/ponte_caldelas.png","_links":{"self":[{"href":"https:\/\/www.anovapeneira.gal\/index.php\/wp-json\/wp\/v2\/posts\/15084","targetHints":{"allow":["GET"]}}],"collection":[{"href":"https:\/\/www.anovapeneira.gal\/index.php\/wp-json\/wp\/v2\/posts"}],"about":[{"href":"https:\/\/www.anovapeneira.gal\/index.php\/wp-json\/wp\/v2\/types\/post"}],"author":[{"embeddable":true,"href":"https:\/\/www.anovapeneira.gal\/index.php\/wp-json\/wp\/v2\/users\/3"}],"replies":[{"embeddable":true,"href":"https:\/\/www.anovapeneira.gal\/index.php\/wp-json\/wp\/v2\/comments?post=15084"}],"version-history":[{"count":1,"href":"https:\/\/www.anovapeneira.gal\/index.php\/wp-json\/wp\/v2\/posts\/15084\/revisions"}],"predecessor-version":[{"id":15086,"href":"https:\/\/www.anovapeneira.gal\/index.php\/wp-json\/wp\/v2\/posts\/15084\/revisions\/15086"}],"wp:featuredmedia":[{"embeddable":true,"href":"https:\/\/www.anovapeneira.gal\/index.php\/wp-json\/wp\/v2\/media\/15085"}],"wp:attachment":[{"href":"https:\/\/www.anovapeneira.gal\/index.php\/wp-json\/wp\/v2\/media?parent=15084"}],"wp:term":[{"taxonomy":"category","embeddable":true,"href":"https:\/\/www.anovapeneira.gal\/index.php\/wp-json\/wp\/v2\/categories?post=15084"},{"taxonomy":"post_tag","embeddable":true,"href":"https:\/\/www.anovapeneira.gal\/index.php\/wp-json\/wp\/v2\/tags?post=15084"}],"curies":[{"name":"wp","href":"https:\/\/api.w.org\/{rel}","templated":true}]}}