{"id":15087,"date":"2025-12-17T10:00:26","date_gmt":"2025-12-17T09:00:26","guid":{"rendered":"https:\/\/www.anovapeneira.gal\/?p=15087"},"modified":"2025-12-11T13:25:52","modified_gmt":"2025-12-11T12:25:52","slug":"en-defensa-da-mocidade","status":"publish","type":"post","link":"https:\/\/www.anovapeneira.gal\/index.php\/2025\/12\/17\/en-defensa-da-mocidade\/","title":{"rendered":"En defensa da mocidade"},"content":{"rendered":"\n<figure class=\"wp-block-image size-full is-resized\"><img loading=\"lazy\" decoding=\"async\" width=\"190\" height=\"222\" src=\"https:\/\/www.anovapeneira.gal\/wp-content\/uploads\/2019\/05\/tino_lago_director_a_nova_peneira.jpg\" alt=\"Tino Lago director a Nova Peneira\" class=\"wp-image-189\" style=\"width:92px;height:auto\"\/><figcaption class=\"wp-element-caption\">Tino Lago director a Nova Peneira<\/figcaption><\/figure>\n\n\n\n<p>Existe unha inxusta tendencia propia de cada xeraci\u00f3n que consiste en crerse a si mesmos o c\u00e9nit da evoluci\u00f3n, o que lles leva a desprezar tanto aos que estiveron antes como aos que ve\u00f1en despois, especialmente aos que ve\u00f1en despois. Cando era neno lembro a persoas da xeraci\u00f3ns dos meus av\u00f3s po\u00f1er a feder \u00e1 xeraci\u00f3n dos meus pa\u00eds. Cando era mozo recordo o desagradable que era que as persoas da xeraci\u00f3n dos meus pais sempre minusvaloraran \u00e1 nosa. E agora que son home vexo como somos n\u00f3s os que po\u00f1emos a caldo aos rapaces e rapazas que constit\u00faen a xeraci\u00f3n posterior \u00e1 nosa. As cr\u00edticas a quen han de continuar a nosa viaxe polos cami\u00f1os da vida bas\u00e9anse fundamentalmente en dous aspectos:1) o suposto desleixo da mocidade que lles levar\u00eda a non implicarse nas circunstancias da realidade que lles afectan.2) A suposta viraxe \u00e1 dereita das persoas m\u00e1is novas que levar\u00eda a multiplicar a existencia de mozos e mozas fachas.<\/p>\n\n\n\n<p>Vaiamos por partes:1) A mocidade actual vive nun contexto moito peor ao que vivimos n\u00f3s cando eramos mozos. Probablemente sexan a primeira xeraci\u00f3n en moito tempo que vivan peor que a xeraci\u00f3n dos seus pa\u00eds. O acceso \u00e1 vivenda, un dereito humano b\u00e1sico imprescindible para calquera mozo ou moza que desexe iniciar un proxecto vital persoal, \u00e9 unha dificultade de dimensi\u00f3ns estratosf\u00e9ricas. A especulaci\u00f3n dos grandes tenedores, que acumulan enormes cantidades de pisos que po\u00f1en no mercado s\u00f3 para alugueiros tur\u00edsticos, multiplicou os prezos de tal maneira que \u00e9 imposible mercar e moi dif\u00edcil alugar. Neste contexto vemos un fen\u00f3meno que era case imposible de albiscar cando n\u00f3s iniciabamos a nosa aventura pola vida aut\u00f3noma: Os pisos compartidos. Son innumerables os mozos e as mozas moi formados, con graos universitarios, cuxo soldo non lles permite outra cousa que pagar unha habitaci\u00f3n nun piso que ter\u00e1n que compartir con outras persoas.<\/p>\n\n\n\n<p>Os seus traballos son precarios, traballan moito e cobran moi pouco. Nesas condici\u00f3ns case resulta l\u00f3xico certo desleixo e desinterese polas circunstancias sociais. Bastante te\u00f1en con poder vivir. \u00c9 un erro, abof\u00e9 que si que o \u00e9. O desinterese pola pol\u00edtica fai que sexan outros os que ocupen o seu lugar na toma de decisi\u00f3ns que a eles tam\u00e9n lles afectan. Pero \u00e9 un erro comprensible, en base \u00e1s circunstancias que lles tocou vivir. Circunstancias das que non son responsables. N\u00f3s d\u00e9moslle o mundo as\u00ed.<\/p>\n\n\n\n<p>Por\u00e9n esa s\u00f3 \u00e9 unha parte da realidade, non toda a realidade. Existen tam\u00e9n moitos mozos mozas que se organizan pol\u00edtica e socialmente para tratar de defender os seus dereitos. \u00c9 unha mocidade l\u00facida e combativa que est\u00e1 nas loitas feministas, na defensa da terra,na defensa da lingua, na expresi\u00f3n da solidariedade con todos os pobos asoballados do mundo&#8230;e en calquera causa que implique mobilizarse por un mundo mellor. Si, malia que o sistema trate de minimizalos, tam\u00e9n existen. Son moitos e moitas e \u00e9 un deber \u00e9tico das persoas adultas que temos conciencia pol\u00edtica polos en valor, darlles espazo e deixalos pasar cando lles toque, porque te\u00f1en todo o dereito a gozar das condici\u00f3ns necesarias para poderen vivir con dignidade.<\/p>\n\n\n\n<p>2)A viraxe \u00e1 dereita dunha parte da mocidade si que \u00e9 verdade. Insisto, s\u00f3 dunha parte,pero \u00e9 unha tendencia moi perigosa que non conv\u00e9n ignorar como fan, ao meu xu\u00edzo de maneira irresponsable, alg\u00fans columnistas ben intencionados.<\/p>\n\n\n\n<p>As redes sociais m\u00e1is populares entre a mocidade son Tik Tok e Instagram. Na primeira o n\u00famero de seguidores que ten Vox multiplica por 4 \u00e1 suma dos do PP e o PSOE( 792.000 Vox, 71.000 o PP e 156.000 o PSOE) e na segunda os seguidores de Vox multiplican por 2,7 \u00e1 suma dos do PP e os do PSOE( 1 mill\u00f3n Vox, 170.000 o PSOE e 193.000 o PP).<\/p>\n\n\n\n<p>Parece incuestionable que existe un grave problema coas simpat\u00edas das persoas mozas. Cal \u00e9 o motivo de que centos de miles de mozos e de mozas estean acheg\u00e1ndose cara a unha forza pol\u00edtica de ultra dereita?..Non \u00e9 que se volveran tolos, nin que sexan est\u00fapidos. A raz\u00f3n est\u00e1, ao meu xu\u00edzo nas respostas sinxelas e falsas, que os fascistas ofrecen a problemas moi complexos: Ti non tes casa, tes un traballo de merda, tes que agardar unha eternidade a que che atenda o teu m\u00e9dico cando est\u00e1s enfermo e non tes axudas sociais por culpa do \u201cmoro, do panchito, ou do negro\u201d que entrou no teu pais e roubou os teus dereitos.<\/p>\n\n\n\n<p>A falta de expectativas provoca que ese tipo de mensaxes abxectos e falaces poidan chegar \u00e1s persoas que a\u00ednda non est\u00e1n o suficientemente formados para poder comprender que est\u00e1n sendo enganados. Mentres non construamos unha sociedade decente que non deixe a ningu\u00e9n atr\u00e1s non o imos poder evitar. Pero si minimizar, se seguimos batendo para impedir que organizaci\u00f3ns pol\u00edticas que representan o peor da historia da humanidade poidan acadar cotas de poder, e se nunca paramos de facer pedagox\u00eda para tratar de convencer a m\u00e1is mozos e m\u00e1is mozas de que dean o paso desde o desleixo ata o activismo. Porque esa mocidade que est\u00e1 en calquera loita por un mundo m\u00e1is xusto a min si me representan.<\/p>\n","protected":false},"excerpt":{"rendered":"<div class=\"mh-excerpt\"><p>Existe unha inxusta tendencia propia de cada xeraci\u00f3n que consiste en crerse a si mesmos o c\u00e9nit da evoluci\u00f3n, o que lles leva a desprezar tanto aos que estiveron antes como aos que ve\u00f1en despois, especialmente aos que ve\u00f1en despois <a class=\"mh-excerpt-more\" href=\"https:\/\/www.anovapeneira.gal\/index.php\/2025\/12\/17\/en-defensa-da-mocidade\/\" title=\"En defensa da mocidade\">[&#8230;]<\/a><\/p>\n<\/div>","protected":false},"author":2,"featured_media":15088,"comment_status":"open","ping_status":"open","sticky":false,"template":"","format":"standard","meta":{"_exactmetrics_skip_tracking":false,"_exactmetrics_sitenote_active":false,"_exactmetrics_sitenote_note":"","_exactmetrics_sitenote_category":0,"footnotes":""},"categories":[61],"tags":[],"class_list":{"0":"post-15087","1":"post","2":"type-post","3":"status-publish","4":"format-standard","5":"has-post-thumbnail","7":"category-artigo-editorial"},"yoast_head":"<!-- This site is optimized with the Yoast SEO plugin v27.4 - https:\/\/yoast.com\/product\/yoast-seo-wordpress\/ -->\n<title>En defensa da mocidade -<\/title>\n<meta name=\"robots\" content=\"index, follow, max-snippet:-1, max-image-preview:large, max-video-preview:-1\" \/>\n<link rel=\"canonical\" href=\"https:\/\/www.anovapeneira.gal\/index.php\/2025\/12\/17\/en-defensa-da-mocidade\/\" \/>\n<meta property=\"og:locale\" content=\"gl_ES\" \/>\n<meta property=\"og:type\" content=\"article\" \/>\n<meta property=\"og:title\" content=\"En defensa da mocidade -\" \/>\n<meta property=\"og:description\" content=\"Existe unha inxusta tendencia propia de cada xeraci\u00f3n que consiste en crerse a si mesmos o c\u00e9nit da evoluci\u00f3n, o que lles leva a desprezar tanto aos que estiveron antes como aos que ve\u00f1en despois, especialmente aos que ve\u00f1en despois [...]\" \/>\n<meta property=\"og:url\" content=\"https:\/\/www.anovapeneira.gal\/index.php\/2025\/12\/17\/en-defensa-da-mocidade\/\" \/>\n<meta property=\"article:publisher\" content=\"https:\/\/www.facebook.com\/anovapeneira\" \/>\n<meta property=\"article:published_time\" content=\"2025-12-17T09:00:26+00:00\" \/>\n<meta property=\"og:image\" content=\"https:\/\/www.anovapeneira.gal\/wp-content\/uploads\/2025\/12\/editorial_hermes.png\" \/>\n\t<meta property=\"og:image:width\" content=\"720\" \/>\n\t<meta property=\"og:image:height\" content=\"432\" \/>\n\t<meta property=\"og:image:type\" content=\"image\/png\" \/>\n<meta name=\"author\" content=\"Tino Lago\" \/>\n<meta name=\"twitter:card\" content=\"summary_large_image\" \/>\n<meta name=\"twitter:creator\" content=\"@APeneira\" \/>\n<meta name=\"twitter:site\" content=\"@APeneira\" \/>\n<meta name=\"twitter:label1\" content=\"Escrito por\" \/>\n\t<meta name=\"twitter:data1\" content=\"Tino Lago\" \/>\n\t<meta name=\"twitter:label2\" content=\"Tempo de lectura\" \/>\n\t<meta name=\"twitter:data2\" content=\"6 minutos\" \/>\n<script type=\"application\/ld+json\" class=\"yoast-schema-graph\">{\"@context\":\"https:\\\/\\\/schema.org\",\"@graph\":[{\"@type\":\"Article\",\"@id\":\"https:\\\/\\\/www.anovapeneira.gal\\\/index.php\\\/2025\\\/12\\\/17\\\/en-defensa-da-mocidade\\\/#article\",\"isPartOf\":{\"@id\":\"https:\\\/\\\/www.anovapeneira.gal\\\/index.php\\\/2025\\\/12\\\/17\\\/en-defensa-da-mocidade\\\/\"},\"author\":{\"name\":\"Tino Lago\",\"@id\":\"https:\\\/\\\/www.anovapeneira.gal\\\/#\\\/schema\\\/person\\\/424dfe65e3070fd8a44d22d2c088762a\"},\"headline\":\"En defensa da mocidade\",\"datePublished\":\"2025-12-17T09:00:26+00:00\",\"mainEntityOfPage\":{\"@id\":\"https:\\\/\\\/www.anovapeneira.gal\\\/index.php\\\/2025\\\/12\\\/17\\\/en-defensa-da-mocidade\\\/\"},\"wordCount\":920,\"commentCount\":0,\"publisher\":{\"@id\":\"https:\\\/\\\/www.anovapeneira.gal\\\/#organization\"},\"image\":{\"@id\":\"https:\\\/\\\/www.anovapeneira.gal\\\/index.php\\\/2025\\\/12\\\/17\\\/en-defensa-da-mocidade\\\/#primaryimage\"},\"thumbnailUrl\":\"https:\\\/\\\/www.anovapeneira.gal\\\/wp-content\\\/uploads\\\/2025\\\/12\\\/editorial_hermes.png\",\"articleSection\":[\"Artigo editorial\"],\"inLanguage\":\"gl-ES\",\"potentialAction\":[{\"@type\":\"CommentAction\",\"name\":\"Comment\",\"target\":[\"https:\\\/\\\/www.anovapeneira.gal\\\/index.php\\\/2025\\\/12\\\/17\\\/en-defensa-da-mocidade\\\/#respond\"]}]},{\"@type\":\"WebPage\",\"@id\":\"https:\\\/\\\/www.anovapeneira.gal\\\/index.php\\\/2025\\\/12\\\/17\\\/en-defensa-da-mocidade\\\/\",\"url\":\"https:\\\/\\\/www.anovapeneira.gal\\\/index.php\\\/2025\\\/12\\\/17\\\/en-defensa-da-mocidade\\\/\",\"name\":\"En defensa da mocidade -\",\"isPartOf\":{\"@id\":\"https:\\\/\\\/www.anovapeneira.gal\\\/#website\"},\"primaryImageOfPage\":{\"@id\":\"https:\\\/\\\/www.anovapeneira.gal\\\/index.php\\\/2025\\\/12\\\/17\\\/en-defensa-da-mocidade\\\/#primaryimage\"},\"image\":{\"@id\":\"https:\\\/\\\/www.anovapeneira.gal\\\/index.php\\\/2025\\\/12\\\/17\\\/en-defensa-da-mocidade\\\/#primaryimage\"},\"thumbnailUrl\":\"https:\\\/\\\/www.anovapeneira.gal\\\/wp-content\\\/uploads\\\/2025\\\/12\\\/editorial_hermes.png\",\"datePublished\":\"2025-12-17T09:00:26+00:00\",\"breadcrumb\":{\"@id\":\"https:\\\/\\\/www.anovapeneira.gal\\\/index.php\\\/2025\\\/12\\\/17\\\/en-defensa-da-mocidade\\\/#breadcrumb\"},\"inLanguage\":\"gl-ES\",\"potentialAction\":[{\"@type\":\"ReadAction\",\"target\":[\"https:\\\/\\\/www.anovapeneira.gal\\\/index.php\\\/2025\\\/12\\\/17\\\/en-defensa-da-mocidade\\\/\"]}]},{\"@type\":\"ImageObject\",\"inLanguage\":\"gl-ES\",\"@id\":\"https:\\\/\\\/www.anovapeneira.gal\\\/index.php\\\/2025\\\/12\\\/17\\\/en-defensa-da-mocidade\\\/#primaryimage\",\"url\":\"https:\\\/\\\/www.anovapeneira.gal\\\/wp-content\\\/uploads\\\/2025\\\/12\\\/editorial_hermes.png\",\"contentUrl\":\"https:\\\/\\\/www.anovapeneira.gal\\\/wp-content\\\/uploads\\\/2025\\\/12\\\/editorial_hermes.png\",\"width\":720,\"height\":432},{\"@type\":\"BreadcrumbList\",\"@id\":\"https:\\\/\\\/www.anovapeneira.gal\\\/index.php\\\/2025\\\/12\\\/17\\\/en-defensa-da-mocidade\\\/#breadcrumb\",\"itemListElement\":[{\"@type\":\"ListItem\",\"position\":1,\"name\":\"Portada\",\"item\":\"https:\\\/\\\/www.anovapeneira.gal\\\/\"},{\"@type\":\"ListItem\",\"position\":2,\"name\":\"En defensa da mocidade\"}]},{\"@type\":\"WebSite\",\"@id\":\"https:\\\/\\\/www.anovapeneira.gal\\\/#website\",\"url\":\"https:\\\/\\\/www.anovapeneira.gal\\\/\",\"name\":\"\",\"description\":\"Xornal galego de informaci\u00f3n xeral Publicaci\u00f3n mensual de novas de Galicia e en especial dos Concellos da sur da provincia de Pontevedra.\",\"publisher\":{\"@id\":\"https:\\\/\\\/www.anovapeneira.gal\\\/#organization\"},\"potentialAction\":[{\"@type\":\"SearchAction\",\"target\":{\"@type\":\"EntryPoint\",\"urlTemplate\":\"https:\\\/\\\/www.anovapeneira.gal\\\/?s={search_term_string}\"},\"query-input\":{\"@type\":\"PropertyValueSpecification\",\"valueRequired\":true,\"valueName\":\"search_term_string\"}}],\"inLanguage\":\"gl-ES\"},{\"@type\":\"Organization\",\"@id\":\"https:\\\/\\\/www.anovapeneira.gal\\\/#organization\",\"name\":\"A Nova Peneira\",\"url\":\"https:\\\/\\\/www.anovapeneira.gal\\\/\",\"logo\":{\"@type\":\"ImageObject\",\"inLanguage\":\"gl-ES\",\"@id\":\"https:\\\/\\\/www.anovapeneira.gal\\\/#\\\/schema\\\/logo\\\/image\\\/\",\"url\":\"http:\\\/\\\/www.anovapeneira.gal\\\/wp-content\\\/uploads\\\/2019\\\/06\\\/logo_a_nova_peneira_portal_web.png\",\"contentUrl\":\"http:\\\/\\\/www.anovapeneira.gal\\\/wp-content\\\/uploads\\\/2019\\\/06\\\/logo_a_nova_peneira_portal_web.png\",\"width\":300,\"height\":100,\"caption\":\"A Nova Peneira\"},\"image\":{\"@id\":\"https:\\\/\\\/www.anovapeneira.gal\\\/#\\\/schema\\\/logo\\\/image\\\/\"},\"sameAs\":[\"https:\\\/\\\/www.facebook.com\\\/anovapeneira\",\"https:\\\/\\\/x.com\\\/APeneira\"]},{\"@type\":\"Person\",\"@id\":\"https:\\\/\\\/www.anovapeneira.gal\\\/#\\\/schema\\\/person\\\/424dfe65e3070fd8a44d22d2c088762a\",\"name\":\"Tino Lago\",\"image\":{\"@type\":\"ImageObject\",\"inLanguage\":\"gl-ES\",\"@id\":\"https:\\\/\\\/secure.gravatar.com\\\/avatar\\\/b3df6a06e44bab3111583b90f0f33a0379ee5e3d22cbadd232d39f21c30c62be?s=96&d=mm&r=g\",\"url\":\"https:\\\/\\\/secure.gravatar.com\\\/avatar\\\/b3df6a06e44bab3111583b90f0f33a0379ee5e3d22cbadd232d39f21c30c62be?s=96&d=mm&r=g\",\"contentUrl\":\"https:\\\/\\\/secure.gravatar.com\\\/avatar\\\/b3df6a06e44bab3111583b90f0f33a0379ee5e3d22cbadd232d39f21c30c62be?s=96&d=mm&r=g\",\"caption\":\"Tino Lago\"},\"sameAs\":[\"http:\\\/\\\/www.anovapeneira.gal\"],\"url\":\"https:\\\/\\\/www.anovapeneira.gal\\\/index.php\\\/author\\\/director\\\/\"}]}<\/script>\n<!-- \/ Yoast SEO plugin. -->","yoast_head_json":{"title":"En defensa da mocidade -","robots":{"index":"index","follow":"follow","max-snippet":"max-snippet:-1","max-image-preview":"max-image-preview:large","max-video-preview":"max-video-preview:-1"},"canonical":"https:\/\/www.anovapeneira.gal\/index.php\/2025\/12\/17\/en-defensa-da-mocidade\/","og_locale":"gl_ES","og_type":"article","og_title":"En defensa da mocidade -","og_description":"Existe unha inxusta tendencia propia de cada xeraci\u00f3n que consiste en crerse a si mesmos o c\u00e9nit da evoluci\u00f3n, o que lles leva a desprezar tanto aos que estiveron antes como aos que ve\u00f1en despois, especialmente aos que ve\u00f1en despois [...]","og_url":"https:\/\/www.anovapeneira.gal\/index.php\/2025\/12\/17\/en-defensa-da-mocidade\/","article_publisher":"https:\/\/www.facebook.com\/anovapeneira","article_published_time":"2025-12-17T09:00:26+00:00","og_image":[{"width":720,"height":432,"url":"https:\/\/www.anovapeneira.gal\/wp-content\/uploads\/2025\/12\/editorial_hermes.png","type":"image\/png"}],"author":"Tino Lago","twitter_card":"summary_large_image","twitter_creator":"@APeneira","twitter_site":"@APeneira","twitter_misc":{"Escrito por":"Tino Lago","Tempo de lectura":"6 minutos"},"schema":{"@context":"https:\/\/schema.org","@graph":[{"@type":"Article","@id":"https:\/\/www.anovapeneira.gal\/index.php\/2025\/12\/17\/en-defensa-da-mocidade\/#article","isPartOf":{"@id":"https:\/\/www.anovapeneira.gal\/index.php\/2025\/12\/17\/en-defensa-da-mocidade\/"},"author":{"name":"Tino Lago","@id":"https:\/\/www.anovapeneira.gal\/#\/schema\/person\/424dfe65e3070fd8a44d22d2c088762a"},"headline":"En defensa da mocidade","datePublished":"2025-12-17T09:00:26+00:00","mainEntityOfPage":{"@id":"https:\/\/www.anovapeneira.gal\/index.php\/2025\/12\/17\/en-defensa-da-mocidade\/"},"wordCount":920,"commentCount":0,"publisher":{"@id":"https:\/\/www.anovapeneira.gal\/#organization"},"image":{"@id":"https:\/\/www.anovapeneira.gal\/index.php\/2025\/12\/17\/en-defensa-da-mocidade\/#primaryimage"},"thumbnailUrl":"https:\/\/www.anovapeneira.gal\/wp-content\/uploads\/2025\/12\/editorial_hermes.png","articleSection":["Artigo editorial"],"inLanguage":"gl-ES","potentialAction":[{"@type":"CommentAction","name":"Comment","target":["https:\/\/www.anovapeneira.gal\/index.php\/2025\/12\/17\/en-defensa-da-mocidade\/#respond"]}]},{"@type":"WebPage","@id":"https:\/\/www.anovapeneira.gal\/index.php\/2025\/12\/17\/en-defensa-da-mocidade\/","url":"https:\/\/www.anovapeneira.gal\/index.php\/2025\/12\/17\/en-defensa-da-mocidade\/","name":"En defensa da mocidade -","isPartOf":{"@id":"https:\/\/www.anovapeneira.gal\/#website"},"primaryImageOfPage":{"@id":"https:\/\/www.anovapeneira.gal\/index.php\/2025\/12\/17\/en-defensa-da-mocidade\/#primaryimage"},"image":{"@id":"https:\/\/www.anovapeneira.gal\/index.php\/2025\/12\/17\/en-defensa-da-mocidade\/#primaryimage"},"thumbnailUrl":"https:\/\/www.anovapeneira.gal\/wp-content\/uploads\/2025\/12\/editorial_hermes.png","datePublished":"2025-12-17T09:00:26+00:00","breadcrumb":{"@id":"https:\/\/www.anovapeneira.gal\/index.php\/2025\/12\/17\/en-defensa-da-mocidade\/#breadcrumb"},"inLanguage":"gl-ES","potentialAction":[{"@type":"ReadAction","target":["https:\/\/www.anovapeneira.gal\/index.php\/2025\/12\/17\/en-defensa-da-mocidade\/"]}]},{"@type":"ImageObject","inLanguage":"gl-ES","@id":"https:\/\/www.anovapeneira.gal\/index.php\/2025\/12\/17\/en-defensa-da-mocidade\/#primaryimage","url":"https:\/\/www.anovapeneira.gal\/wp-content\/uploads\/2025\/12\/editorial_hermes.png","contentUrl":"https:\/\/www.anovapeneira.gal\/wp-content\/uploads\/2025\/12\/editorial_hermes.png","width":720,"height":432},{"@type":"BreadcrumbList","@id":"https:\/\/www.anovapeneira.gal\/index.php\/2025\/12\/17\/en-defensa-da-mocidade\/#breadcrumb","itemListElement":[{"@type":"ListItem","position":1,"name":"Portada","item":"https:\/\/www.anovapeneira.gal\/"},{"@type":"ListItem","position":2,"name":"En defensa da mocidade"}]},{"@type":"WebSite","@id":"https:\/\/www.anovapeneira.gal\/#website","url":"https:\/\/www.anovapeneira.gal\/","name":"","description":"Xornal galego de informaci\u00f3n xeral Publicaci\u00f3n mensual de novas de Galicia e en especial dos Concellos da sur da provincia de Pontevedra.","publisher":{"@id":"https:\/\/www.anovapeneira.gal\/#organization"},"potentialAction":[{"@type":"SearchAction","target":{"@type":"EntryPoint","urlTemplate":"https:\/\/www.anovapeneira.gal\/?s={search_term_string}"},"query-input":{"@type":"PropertyValueSpecification","valueRequired":true,"valueName":"search_term_string"}}],"inLanguage":"gl-ES"},{"@type":"Organization","@id":"https:\/\/www.anovapeneira.gal\/#organization","name":"A Nova Peneira","url":"https:\/\/www.anovapeneira.gal\/","logo":{"@type":"ImageObject","inLanguage":"gl-ES","@id":"https:\/\/www.anovapeneira.gal\/#\/schema\/logo\/image\/","url":"http:\/\/www.anovapeneira.gal\/wp-content\/uploads\/2019\/06\/logo_a_nova_peneira_portal_web.png","contentUrl":"http:\/\/www.anovapeneira.gal\/wp-content\/uploads\/2019\/06\/logo_a_nova_peneira_portal_web.png","width":300,"height":100,"caption":"A Nova Peneira"},"image":{"@id":"https:\/\/www.anovapeneira.gal\/#\/schema\/logo\/image\/"},"sameAs":["https:\/\/www.facebook.com\/anovapeneira","https:\/\/x.com\/APeneira"]},{"@type":"Person","@id":"https:\/\/www.anovapeneira.gal\/#\/schema\/person\/424dfe65e3070fd8a44d22d2c088762a","name":"Tino Lago","image":{"@type":"ImageObject","inLanguage":"gl-ES","@id":"https:\/\/secure.gravatar.com\/avatar\/b3df6a06e44bab3111583b90f0f33a0379ee5e3d22cbadd232d39f21c30c62be?s=96&d=mm&r=g","url":"https:\/\/secure.gravatar.com\/avatar\/b3df6a06e44bab3111583b90f0f33a0379ee5e3d22cbadd232d39f21c30c62be?s=96&d=mm&r=g","contentUrl":"https:\/\/secure.gravatar.com\/avatar\/b3df6a06e44bab3111583b90f0f33a0379ee5e3d22cbadd232d39f21c30c62be?s=96&d=mm&r=g","caption":"Tino Lago"},"sameAs":["http:\/\/www.anovapeneira.gal"],"url":"https:\/\/www.anovapeneira.gal\/index.php\/author\/director\/"}]}},"jetpack_featured_media_url":"https:\/\/www.anovapeneira.gal\/wp-content\/uploads\/2025\/12\/editorial_hermes.png","_links":{"self":[{"href":"https:\/\/www.anovapeneira.gal\/index.php\/wp-json\/wp\/v2\/posts\/15087","targetHints":{"allow":["GET"]}}],"collection":[{"href":"https:\/\/www.anovapeneira.gal\/index.php\/wp-json\/wp\/v2\/posts"}],"about":[{"href":"https:\/\/www.anovapeneira.gal\/index.php\/wp-json\/wp\/v2\/types\/post"}],"author":[{"embeddable":true,"href":"https:\/\/www.anovapeneira.gal\/index.php\/wp-json\/wp\/v2\/users\/2"}],"replies":[{"embeddable":true,"href":"https:\/\/www.anovapeneira.gal\/index.php\/wp-json\/wp\/v2\/comments?post=15087"}],"version-history":[{"count":1,"href":"https:\/\/www.anovapeneira.gal\/index.php\/wp-json\/wp\/v2\/posts\/15087\/revisions"}],"predecessor-version":[{"id":15089,"href":"https:\/\/www.anovapeneira.gal\/index.php\/wp-json\/wp\/v2\/posts\/15087\/revisions\/15089"}],"wp:featuredmedia":[{"embeddable":true,"href":"https:\/\/www.anovapeneira.gal\/index.php\/wp-json\/wp\/v2\/media\/15088"}],"wp:attachment":[{"href":"https:\/\/www.anovapeneira.gal\/index.php\/wp-json\/wp\/v2\/media?parent=15087"}],"wp:term":[{"taxonomy":"category","embeddable":true,"href":"https:\/\/www.anovapeneira.gal\/index.php\/wp-json\/wp\/v2\/categories?post=15087"},{"taxonomy":"post_tag","embeddable":true,"href":"https:\/\/www.anovapeneira.gal\/index.php\/wp-json\/wp\/v2\/tags?post=15087"}],"curies":[{"name":"wp","href":"https:\/\/api.w.org\/{rel}","templated":true}]}}