{"id":15090,"date":"2025-12-18T10:00:51","date_gmt":"2025-12-18T09:00:51","guid":{"rendered":"https:\/\/www.anovapeneira.gal\/?p=15090"},"modified":"2025-12-13T10:47:53","modified_gmt":"2025-12-13T09:47:53","slug":"2026-ano-preelectoral-nos-concellos-galegos","status":"publish","type":"post","link":"https:\/\/www.anovapeneira.gal\/index.php\/2025\/12\/18\/2026-ano-preelectoral-nos-concellos-galegos\/","title":{"rendered":"2026, Ano preelectoral nos Concellos galegos"},"content":{"rendered":"\n<figure class=\"wp-block-image size-full is-resized\"><img loading=\"lazy\" decoding=\"async\" width=\"190\" height=\"222\" src=\"https:\/\/www.anovapeneira.gal\/wp-content\/uploads\/2019\/05\/tino_lago_director_a_nova_peneira.jpg\" alt=\"Tino Lago director a Nova Peneira\" class=\"wp-image-189\" style=\"width:75px;height:auto\"\/><figcaption class=\"wp-element-caption\">Tino Lago director a Nova Peneira<\/figcaption><\/figure>\n\n\n\n<figure class=\"wp-block-table\"><table class=\"has-fixed-layout\"><tbody><tr><td>Concellos ANP <br>35<\/td><td>GOBERNO PP<br> 16<\/td><td>GOBERNO PSOE 9<\/td><td>GOBERNO BNG <br>8<\/td><td>OUTROS <br>2<\/td><\/tr><\/tbody><\/table><\/figure>\n\n\n\n<p>O ano que xa se achega \u00e9 un ano preelectoral, pois en maio do 27 teremos uns apaixonantes comicios locais de cuxo resultado van depender en boa medida as posibilidades de cambio nos seguintes procesos electorais: as elecci\u00f3ns estatais, a final dese mesmo ano ( sempre que a presi\u00f3n da dereita non logre que se adianten) e as nacionais galegas, no 2028.<\/p>\n\n\n\n<p>A verdade que estamos a piques de entrarmos en per\u00edodo preelectoral xa se nota desde hai tempo no modus operandi dos distintos partidos. Esta circunstancia \u00e9 extraordinariamente relevante no PPdeG, posto que se mergullaron nunha din\u00e1mica de sobre excitaci\u00f3n e agresividade realmente sorprendente nalg\u00fans dos seus cadros pol\u00edticos, que en aparencia semellan persoas sensatas.<\/p>\n\n\n\n<p>O noso medio de comunicaci\u00f3n distrib\u00faese en 35 concellos. E a nosa forma de traballar tanto do que isto escribe como de todas as persoas que nalg\u00fan momento fixeron posible que ANP e Hermes&amp;Atenea estiveran nas r\u00faas, consiste en patealos todos desde o norte ata o sur e desde o leste ata o oeste. Percorremos os cascos urbanos, as aldeas, as r\u00faas os cami\u00f1os e as corredoiras de todos os n\u00facleos habitados de todos os nosos concellos sen excepci\u00f3n. Cami\u00f1amos, preguntamos e escoitamos aos veci\u00f1os e veci\u00f1as cal \u00e9 a s\u00faa opini\u00f3n das circunstancias pol\u00edticas dos seus concellos. Como valoran a xesti\u00f3n do goberno municipal, e en que medida desexar\u00edan que continuase gobernando ou houbese un cambio.<\/p>\n\n\n\n<p>Despois de centos de entrevistas, e con toda a prudencia do mundo derivada de que a\u00ednda estamos a 17 meses das elecci\u00f3ns e que poden acontecer moitas cousas relevantes que provoquen un cambio de perspectiva na intenci\u00f3n de voto de algunhas persoas, imos aventurarnos a ofrecerlles unha primeira achega aos escenarios que consideramos m\u00e1is probables nos 35 concellos que constit\u00faen a nosa \u00e1rea de influencia. Prometo gardar este traballo para contrastalo coa realidade e ver se a nosa previsi\u00f3n est\u00e1 cerca ou lonxe da realidade.<\/p>\n\n\n\n<p>Dos 35 concellos nos que n\u00f3s estamos o PP goberna en 16, 2 m\u00e1is dos que conseguiu nas municipais do 23.Houbo cambio en Forcarei, despois dunha moci\u00f3n de censura na que o PP, como fan habitualmente, utilizou un tr\u00e1nsfuga para acadar a alcald\u00eda. E tam\u00e9n mudou o goberno de Mondariz, despois da misteriosa dimisi\u00f3n do alcalde Calis e de todo o seu equipo de goberno. O PSOE goberna en 9 e o BNG fai o mesmo en 8 localidades. Pazos de Borb\u00e9n e Salceda de Caselas son as \u00fanicas excepci\u00f3ns nas que ning\u00fan dos 3 grandes partidos ostentan o goberno municipal. En ambos casos son agrupaci\u00f3ns veci\u00f1ais de esquerdas as que te\u00f1en o bast\u00f3n de mando. Tanto en Salceda como en Pazos as agrupaci\u00f3ns que encabezan a alcaldesa Loli Casti\u00f1eira e o alcalde de Pazos Luciano Otero m\u00f3vense no espectro da esquerda pol\u00edtica e xorden por mor dos movementos do nacionalismo Post Amio. De feito ambos, Loli e Luciano, proceden do BNG.<\/p>\n\n\n\n<p>N\u00f3s 35 concellos ANP entendemos que non hai posibilidades de cambio pol\u00edtico en 18:Vigo,Soutomaior, Nigr\u00e1n, Baiona, Gondomar, O Porri\u00f1o, Covelo, Mondariz Balneario, Arbo, Crecente, A Caniza, Tui, Tomi\u00f1o, Moa\u00f1a, Pontevedra, Ponte Caldelas,A Lama e Cerdedo Cotobade van seguir mantendo a mesma cor pol\u00edtica nos gobernos que saian de maio do 27 case con seguridade.<\/p>\n\n\n\n<p>Entendemos algunha posibilidade de cambio, a\u00ednda que escasas nos 7 concellos seguintes:<\/p>\n\n\n\n<p>&#8211; En Redondela O PP vai ga\u00f1ar as elecci\u00f3ns municipais, pero non creo que lle dea para acadar a und\u00e9cima acta, a\u00ednda que non o desboto de todo.<\/p>\n\n\n\n<p>&#8211; En Fornelos de Montes O PSOE leva xa moito tempo gobernando este concello. Non parece claro que o seu alcalde Emiliano Lage vaia repetir. No caso de que non o faga todo depender\u00e1 do candidato que sexan capaces de presentar. Se non \u00e9 algu\u00e9n de peso, non desboto de todo que a candidatura do PP, composta de persoas moi novas, que xa subiu moito poda dar a sorpresa.<\/p>\n\n\n\n<p>-No Rosal deber\u00eda de recuperar o BNG a maior\u00eda absoluta. O PP nin est\u00e1 nin se lle espera. Pero ollo, pouco antes das elecci\u00f3ns do 23 fixeron un intens\u00edsimo traballo de visitas casa a casa, traballo pol\u00edtico 0 pero iso si que o fan ben, que estivo a piques de darlle un susto a alcaldesa nacionalista desta localidade.<\/p>\n\n\n\n<p>&#8211; En A Guarda entendo que o goberno do ex Cura Roberto Carrero en coalici\u00f3n co comunista Celso Fari\u00f1as vai repetir. Non por que o fixeran ben, porque en realidade non fixeron nada. Ningunha das s\u00faas promesas de campa\u00f1a se fixeron realidade. Pero si por certo desencanto que observo nas r\u00faas en relaci\u00f3n co traballo da oposici\u00f3n. Non desboto que o PSOE de F\u00e1tima Rodr\u00edguez, unha boa candidata, poida ga\u00f1arlle un concelleiro ao PP e que cambie a cousa.<\/p>\n\n\n\n<p>&#8211; En Vilaboa. O actual alcalde do PSOE debe de repetir sen maior problema, pero non me atrevo a descartar de todo a sorpresa do PP.<\/p>\n\n\n\n<p>-En Mar\u00edn o PP vai baixar moito. Diso non me cabe d\u00fabida. Ser\u00e1 o suficiente para que perda a maior\u00eda absoluta?,V\u00e9xoo dif\u00edcil. Non imposible, pero si dif\u00edcil. No caso de que se dea esa hip\u00f3tese, case cons seguridade ser\u00e1 a nacionalista Luc\u00eda Santos a alcaldesa. A oposici\u00f3n que fixo este mandato o PSOE de Mar\u00edn foi moi deficiente.<\/p>\n\n\n\n<p>-En Forcarei a alcaldesa popular Bel\u00e9n Cachafeiro debe de conservar a alcald\u00eda con folgura. Pero non descarto de todo que exista certo voto de castigo de segmentos da poboaci\u00f3n aos que non lle gusten estas manobras populares para chegar ao poder e se poida dar a volta da socialista Ver\u00f3nica Pichel, a\u00ednda que o ten moi complicado.<\/p>\n\n\n\n<p>Vemos posibilidades moderadas de cambio nos 7 concellos seguintes:<\/p>\n\n\n\n<p>-En Mos. A nefasta alcaldesa de Mos, outra que chegou \u00e1 alcald\u00eda por unha vergonzosa moci\u00f3n de censura usando aun tr\u00e1nsfuga, ten moita sorte. Xa son varias veces \u00e1s que conservou a alcald\u00eda por uns poucos votos ou por est\u00fapidas manobras de adolescentes funcionais que constr\u00faen candidaturas supostamente de esquerdas motivados por pulsi\u00f3ns narcisistas. Ollo con que non lle xurda unha candidatura pola dereita que lle poida facer dano. No caso de que a perda non me atrevo a prognosticar quen, entre o Psoe e o Bng, pode acceder \u00e1 alcald\u00eda. V\u00e9xoos moi igualados<\/p>\n\n\n\n<p>-En Salceda O PP estivo a piques de acadar a absoluta no 23.Pode chegar no 27?..Non o sei pero vexo a cousa moi xusta.<\/p>\n\n\n\n<p>-En As Neves te\u00f1en un goberno de desastre. Chega ata tal punto a s\u00faa inepcia que incluso sufriron unha estafa cibern\u00e9tica na que os ladr\u00f3ns roubaron 8.000\u20ac das arcas do Concello. Por\u00e9n a Xunta estalles dando todo o que non lle deu ao goberno do BNG. Vexo id\u00e9nticas posibilidades entre o cambio e a permanencia do actual goberno. Vai depender moito da capacidade de penetraci\u00f3n que te\u00f1a nos pr\u00f3ximos meses o novo candidato do BNG, presuntamente o mozo de Taboexa \u00d3scar Gonz\u00e1lez.<\/p>\n\n\n\n<p>-En Ponteareas pasa o mesmo ca nas Neves: O goberno \u00e9 un desastre. Para mostra como xestionaron o conflito do SAF. En verdade que a capital do Condado estea novamente gobernada polos Castro \u00e9 unha traxedia para a s\u00faa veci\u00f1anza. Pode virar a situaci\u00f3n no 2027?..V\u00e9xoo ao 50%<\/p>\n\n\n\n<p>-En Oia a popular Cristina Correa mantivo no 23 a maior\u00eda absoluta por moi poucos votos. Entendo que no 27 a situaci\u00f3n vaise resolver de novo de maneira moi axustada. Imos ter un 6 PP 5 PSOE\/BNG, ou un 5 PP 6 PSOE\/BNG que decidir\u00e1n moi pouqui\u00f1os votos.<\/p>\n\n\n\n<p>-En Bueu o nacionalista F\u00e9lix Juncal leva unha acusada tendencia descendente que foi desde unhas comod\u00edsimas maior\u00edas absolutas ata ter que pactar co PSOE para poder seguir gobernando. Non hai ning\u00fan motivo obxectivamente real que poida levar a que o BNG perda esta localidade. Pero a tendencia \u00e9 moi perigosa para os nacionalista e estou seguro de que o PP vai p\u00f3r toda a carne no asador espetando as parvadas habituais que falan da relaxaci\u00f3n do goberno de Bueu<\/p>\n\n\n\n<p>-En Cangas hai unha situaci\u00f3n Kafkiana.O que debera ser un c\u00f3modo goberno de esquerdas liderado polo BNG , pois no pleno hai 11 actas de esquerdas por 10 de dereitas, estase a converter nun concello imposible de gobernar grazas \u00e1 actitude irresponsable de Alternativa dos Veci\u00f1os, que en moitas ocasi\u00f3ns vota co PP. Agardo que cando me toque retirarme a min saiba facelo con dignidade e sen molestar aos que ve\u00f1en detr\u00e1s. En Cangas Pode pasar calquera cousa; ou que o PP consiga a absoluta, como nos tempos do d\u00fao Sotelo Nardo, ou que a esquerda logre manter as 11 actas nun goberno liderado polo BNG<\/p>\n\n\n\n<p>E por \u00faltimo prognosticamos unhas elevadas posibilidade de cambio nos 3 seguintes concellos:<\/p>\n\n\n\n<p>-En Pazos de Borb\u00e9n Luciano Otero t\u00edvoo moi complicado todo momento. Cun goberno en minor\u00eda non soubo, ou non lle deixaron, ou as d\u00faas cousas, lograr o apoio nin do PSOE nin do BNG en todo o mandato e o seu goberno tivo moitos problemas. Vexo dif\u00edcil que poida repetir<\/p>\n\n\n\n<p>-En Mondariz o popular Pablo Barcia goberna con 3 concelleiros de 11.Faino grazas \u00e1 inexplicable dimisi\u00f3n do anterior equipo de goberno. V\u00e9xoo moi dif\u00edcil que poida repetir. Haber\u00e1 que ver se a esquerda, como parece, suma a maior\u00eda absoluta de actas, en que situaci\u00f3n quedan os tres partidos: Calis, BNG, PSOE e como narices se po\u00f1en de acordo para artellar un goberno<\/p>\n\n\n\n<p>-En Salvaterra ao PP tocoulle a lotar\u00eda no ano 23.Conservou a alcald\u00eda por 50 votos. E tivo a sorte de que houbese unha est\u00fapida candidatura de Podemos que levou 80 votos ao lixo. Foi s\u00f3 unha cuesti\u00f3n de sorte? Ou tratouse dunha marca branca constru\u00edda precisamente para iso?.Non o sei. O certo \u00e9 que a maior\u00eda de Salvaterra xa est\u00e1 cansa dun goberno ineficaz e nepotista que debe ser derrotado dunha vez. Vexo moitas posibilidades de que desta volta vaia. Por outra banda as relaci\u00f3ns entre o BNG e o PSOE local son moi boas e , sexa quen sexa o m\u00e1is votado dos dous, non van ter ning\u00fan problema para formar un goberno de coalici\u00f3n.<\/p>\n\n\n\n<figure class=\"wp-block-table\"><table class=\"has-fixed-layout\"><tbody><tr><td>POSIBILIDADE DE CAMBIO<\/td><td>Nula 18<\/td><td>Escasa 7<\/td><td>Moderada 7<\/td><td>Elevada 3<\/td><\/tr><\/tbody><\/table><\/figure>\n\n\n\n<figure class=\"wp-block-table\"><table class=\"has-fixed-layout\"><tbody><tr><td><strong>CONCELLO<\/strong><\/td><td><strong>GOBERNO<\/strong><\/td><td><strong>POSIBILIDADE DE CAMBIO<\/strong><\/td><\/tr><tr><td>VIGO<\/td><td>PSOE<\/td><td>NULA<\/td><\/tr><tr><td>REDONDELA<\/td><td>PSOE<\/td><td>ESCASA..PP<\/td><\/tr><tr><td>SOUTOMAIOR<\/td><td>BNG<\/td><td>NULA<\/td><\/tr><tr><td>FORNELOS DE MONTES<\/td><td>PSOE<\/td><td>ESCASA PP<\/td><\/tr><tr><td>PAZOS DE BORB\u00c9N<\/td><td>AV<\/td><td>ELEVADA PP<\/td><\/tr><tr><td>NIGR\u00c1N<\/td><td>PSOE<\/td><td>NULA<\/td><\/tr><tr><td>BAIONA<\/td><td><strong>PP<\/strong><\/td><td>NULA<\/td><\/tr><tr><td>GONDOMAR<\/td><td>PSOE<\/td><td>NULA<\/td><\/tr><tr><td>MOS<\/td><td><strong>PP<\/strong><\/td><td>MODERADA..PSOE\/BNG<\/td><\/tr><tr><td>O PORRI\u00d1O<\/td><td><strong>PP<\/strong><\/td><td>NULA<\/td><\/tr><tr><td>SALCEDA<\/td><td>MS<\/td><td>MODERADA PP<\/td><\/tr><tr><td>COVELO<\/td><td><strong>PP<\/strong><\/td><td>NULA<\/td><\/tr><tr><td>MONDARIZ<\/td><td><strong>PP<\/strong><\/td><td>ELEVADA..CALQUERA<\/td><\/tr><tr><td>MONDARIZ BALNEARIO<\/td><td>BNG<\/td><td>NULA<\/td><\/tr><tr><td>ARBO<\/td><td><strong>PP<\/strong><\/td><td>NULA<\/td><\/tr><tr><td>SALVATERRA<\/td><td><strong>PP<\/strong><\/td><td>ELEVADA PSOE\/BNG<\/td><\/tr><tr><td>CRECENTE<\/td><td><strong>PP<\/strong><\/td><td>NULA<\/td><\/tr><tr><td>A CANIZA<\/td><td>PSOE<\/td><td>NULA<\/td><\/tr><tr><td>AS NEVES<\/td><td><strong>PP<\/strong><\/td><td>MODERADA BNG<\/td><\/tr><tr><td>PONTEAREAS<\/td><td><strong>PP<\/strong><\/td><td>MODERADA BNG<\/td><\/tr><tr><td>TUI<\/td><td>PSOE<\/td><td>NULA<\/td><\/tr><tr><td>TOMI\u00d1O<\/td><td>BNG<\/td><td>NULA<\/td><\/tr><tr><td>O ROSAL<\/td><td>BNG<\/td><td>ESCASA PP<\/td><\/tr><tr><td>A GUARDA<\/td><td><strong>PP<\/strong><\/td><td>ESCASA BNG-<\/td><\/tr><tr><td>OIA<\/td><td><strong>PP<\/strong><\/td><td>MODERADA PSOE\/BNG<\/td><\/tr><tr><td>VILABOA<\/td><td>PSOE<\/td><td>ESCASA PP<\/td><\/tr><tr><td>MOA\u00d1A<\/td><td>BNG<\/td><td>NULA<\/td><\/tr><tr><td>BUEU<\/td><td>BNG<\/td><td>MODERADA PP<\/td><\/tr><tr><td>CANGAS<\/td><td>BNG<\/td><td>MODERADA PP<\/td><\/tr><tr><td>MAR\u00cdN<\/td><td><strong>PP<\/strong><\/td><td>ESCASA BNG<\/td><\/tr><tr><td>PONTEVEDRA<\/td><td>BNG<\/td><td>NULA<\/td><\/tr><tr><td>PONTE CALDELAS<\/td><td>PSOE<\/td><td>NULA<\/td><\/tr><tr><td>A LAMA<\/td><td><strong>PP<\/strong><\/td><td>NULA<\/td><\/tr><tr><td>CERDEDO COTOBADE<\/td><td><strong>PP<\/strong><\/td><td>NULA<\/td><\/tr><tr><td>FORCAREI<\/td><td><strong>PP<\/strong><\/td><td>ESCASA PSOE<\/td><\/tr><\/tbody><\/table><\/figure>\n","protected":false},"excerpt":{"rendered":"<div class=\"mh-excerpt\"><p>O ano que xa se achega \u00e9 un ano preelectoral, pois en maio do 27 teremos uns apaixonantes comicios locais de cuxo resultado van depender en boa medida as posibilidades de cambio nos seguintes procesos electorais: as elecci\u00f3ns estatais <a class=\"mh-excerpt-more\" href=\"https:\/\/www.anovapeneira.gal\/index.php\/2025\/12\/18\/2026-ano-preelectoral-nos-concellos-galegos\/\" title=\"2026, Ano preelectoral nos Concellos galegos\">[&#8230;]<\/a><\/p>\n<\/div>","protected":false},"author":2,"featured_media":895,"comment_status":"open","ping_status":"open","sticky":false,"template":"","format":"standard","meta":{"_exactmetrics_skip_tracking":false,"_exactmetrics_sitenote_active":false,"_exactmetrics_sitenote_note":"","_exactmetrics_sitenote_category":0,"footnotes":""},"categories":[1],"tags":[],"class_list":{"0":"post-15090","1":"post","2":"type-post","3":"status-publish","4":"format-standard","5":"has-post-thumbnail","7":"category-sin-categoria"},"yoast_head":"<!-- This site is optimized with the Yoast SEO plugin v27.4 - https:\/\/yoast.com\/product\/yoast-seo-wordpress\/ -->\n<title>2026, Ano preelectoral nos Concellos galegos -<\/title>\n<meta name=\"robots\" content=\"index, follow, max-snippet:-1, max-image-preview:large, max-video-preview:-1\" \/>\n<link rel=\"canonical\" href=\"https:\/\/www.anovapeneira.gal\/index.php\/2025\/12\/18\/2026-ano-preelectoral-nos-concellos-galegos\/\" \/>\n<meta property=\"og:locale\" content=\"gl_ES\" \/>\n<meta property=\"og:type\" content=\"article\" \/>\n<meta property=\"og:title\" content=\"2026, Ano preelectoral nos Concellos galegos -\" \/>\n<meta property=\"og:description\" content=\"O ano que xa se achega \u00e9 un ano preelectoral, pois en maio do 27 teremos uns apaixonantes comicios locais de cuxo resultado van depender en boa medida as posibilidades de cambio nos seguintes procesos electorais: as elecci\u00f3ns estatais [...]\" \/>\n<meta property=\"og:url\" content=\"https:\/\/www.anovapeneira.gal\/index.php\/2025\/12\/18\/2026-ano-preelectoral-nos-concellos-galegos\/\" \/>\n<meta property=\"article:publisher\" content=\"https:\/\/www.facebook.com\/anovapeneira\" \/>\n<meta property=\"article:published_time\" content=\"2025-12-18T09:00:51+00:00\" \/>\n<meta property=\"og:image\" content=\"https:\/\/www.anovapeneira.gal\/wp-content\/uploads\/2019\/08\/ARTIGO_DE_EDITORIAL_A_NOVA_PENEIRA-678x381-copia.jpg\" \/>\n\t<meta property=\"og:image:width\" content=\"720\" \/>\n\t<meta property=\"og:image:height\" content=\"473\" \/>\n\t<meta property=\"og:image:type\" content=\"image\/jpeg\" \/>\n<meta name=\"author\" content=\"Tino Lago\" \/>\n<meta name=\"twitter:card\" content=\"summary_large_image\" \/>\n<meta name=\"twitter:creator\" content=\"@APeneira\" \/>\n<meta name=\"twitter:site\" content=\"@APeneira\" \/>\n<meta name=\"twitter:label1\" content=\"Escrito por\" \/>\n\t<meta name=\"twitter:data1\" content=\"Tino Lago\" \/>\n\t<meta name=\"twitter:label2\" content=\"Tempo de lectura\" \/>\n\t<meta name=\"twitter:data2\" content=\"11 minutos\" \/>\n<script type=\"application\/ld+json\" class=\"yoast-schema-graph\">{\"@context\":\"https:\\\/\\\/schema.org\",\"@graph\":[{\"@type\":\"Article\",\"@id\":\"https:\\\/\\\/www.anovapeneira.gal\\\/index.php\\\/2025\\\/12\\\/18\\\/2026-ano-preelectoral-nos-concellos-galegos\\\/#article\",\"isPartOf\":{\"@id\":\"https:\\\/\\\/www.anovapeneira.gal\\\/index.php\\\/2025\\\/12\\\/18\\\/2026-ano-preelectoral-nos-concellos-galegos\\\/\"},\"author\":{\"name\":\"Tino Lago\",\"@id\":\"https:\\\/\\\/www.anovapeneira.gal\\\/#\\\/schema\\\/person\\\/424dfe65e3070fd8a44d22d2c088762a\"},\"headline\":\"2026, Ano preelectoral nos Concellos galegos\",\"datePublished\":\"2025-12-18T09:00:51+00:00\",\"mainEntityOfPage\":{\"@id\":\"https:\\\/\\\/www.anovapeneira.gal\\\/index.php\\\/2025\\\/12\\\/18\\\/2026-ano-preelectoral-nos-concellos-galegos\\\/\"},\"wordCount\":1941,\"commentCount\":0,\"publisher\":{\"@id\":\"https:\\\/\\\/www.anovapeneira.gal\\\/#organization\"},\"image\":{\"@id\":\"https:\\\/\\\/www.anovapeneira.gal\\\/index.php\\\/2025\\\/12\\\/18\\\/2026-ano-preelectoral-nos-concellos-galegos\\\/#primaryimage\"},\"thumbnailUrl\":\"https:\\\/\\\/www.anovapeneira.gal\\\/wp-content\\\/uploads\\\/2019\\\/08\\\/ARTIGO_DE_EDITORIAL_A_NOVA_PENEIRA-678x381-copia.jpg\",\"articleSection\":[\"Sin categor\u00eda\"],\"inLanguage\":\"gl-ES\",\"potentialAction\":[{\"@type\":\"CommentAction\",\"name\":\"Comment\",\"target\":[\"https:\\\/\\\/www.anovapeneira.gal\\\/index.php\\\/2025\\\/12\\\/18\\\/2026-ano-preelectoral-nos-concellos-galegos\\\/#respond\"]}]},{\"@type\":\"WebPage\",\"@id\":\"https:\\\/\\\/www.anovapeneira.gal\\\/index.php\\\/2025\\\/12\\\/18\\\/2026-ano-preelectoral-nos-concellos-galegos\\\/\",\"url\":\"https:\\\/\\\/www.anovapeneira.gal\\\/index.php\\\/2025\\\/12\\\/18\\\/2026-ano-preelectoral-nos-concellos-galegos\\\/\",\"name\":\"2026, Ano preelectoral nos Concellos galegos -\",\"isPartOf\":{\"@id\":\"https:\\\/\\\/www.anovapeneira.gal\\\/#website\"},\"primaryImageOfPage\":{\"@id\":\"https:\\\/\\\/www.anovapeneira.gal\\\/index.php\\\/2025\\\/12\\\/18\\\/2026-ano-preelectoral-nos-concellos-galegos\\\/#primaryimage\"},\"image\":{\"@id\":\"https:\\\/\\\/www.anovapeneira.gal\\\/index.php\\\/2025\\\/12\\\/18\\\/2026-ano-preelectoral-nos-concellos-galegos\\\/#primaryimage\"},\"thumbnailUrl\":\"https:\\\/\\\/www.anovapeneira.gal\\\/wp-content\\\/uploads\\\/2019\\\/08\\\/ARTIGO_DE_EDITORIAL_A_NOVA_PENEIRA-678x381-copia.jpg\",\"datePublished\":\"2025-12-18T09:00:51+00:00\",\"breadcrumb\":{\"@id\":\"https:\\\/\\\/www.anovapeneira.gal\\\/index.php\\\/2025\\\/12\\\/18\\\/2026-ano-preelectoral-nos-concellos-galegos\\\/#breadcrumb\"},\"inLanguage\":\"gl-ES\",\"potentialAction\":[{\"@type\":\"ReadAction\",\"target\":[\"https:\\\/\\\/www.anovapeneira.gal\\\/index.php\\\/2025\\\/12\\\/18\\\/2026-ano-preelectoral-nos-concellos-galegos\\\/\"]}]},{\"@type\":\"ImageObject\",\"inLanguage\":\"gl-ES\",\"@id\":\"https:\\\/\\\/www.anovapeneira.gal\\\/index.php\\\/2025\\\/12\\\/18\\\/2026-ano-preelectoral-nos-concellos-galegos\\\/#primaryimage\",\"url\":\"https:\\\/\\\/www.anovapeneira.gal\\\/wp-content\\\/uploads\\\/2019\\\/08\\\/ARTIGO_DE_EDITORIAL_A_NOVA_PENEIRA-678x381-copia.jpg\",\"contentUrl\":\"https:\\\/\\\/www.anovapeneira.gal\\\/wp-content\\\/uploads\\\/2019\\\/08\\\/ARTIGO_DE_EDITORIAL_A_NOVA_PENEIRA-678x381-copia.jpg\",\"width\":720,\"height\":473,\"caption\":\"Artigo Editorial A Nova Peneira Tino Lago\"},{\"@type\":\"BreadcrumbList\",\"@id\":\"https:\\\/\\\/www.anovapeneira.gal\\\/index.php\\\/2025\\\/12\\\/18\\\/2026-ano-preelectoral-nos-concellos-galegos\\\/#breadcrumb\",\"itemListElement\":[{\"@type\":\"ListItem\",\"position\":1,\"name\":\"Portada\",\"item\":\"https:\\\/\\\/www.anovapeneira.gal\\\/\"},{\"@type\":\"ListItem\",\"position\":2,\"name\":\"2026, Ano preelectoral nos Concellos galegos\"}]},{\"@type\":\"WebSite\",\"@id\":\"https:\\\/\\\/www.anovapeneira.gal\\\/#website\",\"url\":\"https:\\\/\\\/www.anovapeneira.gal\\\/\",\"name\":\"\",\"description\":\"Xornal galego de informaci\u00f3n xeral Publicaci\u00f3n mensual de novas de Galicia e en especial dos Concellos da sur da provincia de Pontevedra.\",\"publisher\":{\"@id\":\"https:\\\/\\\/www.anovapeneira.gal\\\/#organization\"},\"potentialAction\":[{\"@type\":\"SearchAction\",\"target\":{\"@type\":\"EntryPoint\",\"urlTemplate\":\"https:\\\/\\\/www.anovapeneira.gal\\\/?s={search_term_string}\"},\"query-input\":{\"@type\":\"PropertyValueSpecification\",\"valueRequired\":true,\"valueName\":\"search_term_string\"}}],\"inLanguage\":\"gl-ES\"},{\"@type\":\"Organization\",\"@id\":\"https:\\\/\\\/www.anovapeneira.gal\\\/#organization\",\"name\":\"A Nova Peneira\",\"url\":\"https:\\\/\\\/www.anovapeneira.gal\\\/\",\"logo\":{\"@type\":\"ImageObject\",\"inLanguage\":\"gl-ES\",\"@id\":\"https:\\\/\\\/www.anovapeneira.gal\\\/#\\\/schema\\\/logo\\\/image\\\/\",\"url\":\"http:\\\/\\\/www.anovapeneira.gal\\\/wp-content\\\/uploads\\\/2019\\\/06\\\/logo_a_nova_peneira_portal_web.png\",\"contentUrl\":\"http:\\\/\\\/www.anovapeneira.gal\\\/wp-content\\\/uploads\\\/2019\\\/06\\\/logo_a_nova_peneira_portal_web.png\",\"width\":300,\"height\":100,\"caption\":\"A Nova Peneira\"},\"image\":{\"@id\":\"https:\\\/\\\/www.anovapeneira.gal\\\/#\\\/schema\\\/logo\\\/image\\\/\"},\"sameAs\":[\"https:\\\/\\\/www.facebook.com\\\/anovapeneira\",\"https:\\\/\\\/x.com\\\/APeneira\"]},{\"@type\":\"Person\",\"@id\":\"https:\\\/\\\/www.anovapeneira.gal\\\/#\\\/schema\\\/person\\\/424dfe65e3070fd8a44d22d2c088762a\",\"name\":\"Tino Lago\",\"image\":{\"@type\":\"ImageObject\",\"inLanguage\":\"gl-ES\",\"@id\":\"https:\\\/\\\/secure.gravatar.com\\\/avatar\\\/b3df6a06e44bab3111583b90f0f33a0379ee5e3d22cbadd232d39f21c30c62be?s=96&d=mm&r=g\",\"url\":\"https:\\\/\\\/secure.gravatar.com\\\/avatar\\\/b3df6a06e44bab3111583b90f0f33a0379ee5e3d22cbadd232d39f21c30c62be?s=96&d=mm&r=g\",\"contentUrl\":\"https:\\\/\\\/secure.gravatar.com\\\/avatar\\\/b3df6a06e44bab3111583b90f0f33a0379ee5e3d22cbadd232d39f21c30c62be?s=96&d=mm&r=g\",\"caption\":\"Tino Lago\"},\"sameAs\":[\"http:\\\/\\\/www.anovapeneira.gal\"],\"url\":\"https:\\\/\\\/www.anovapeneira.gal\\\/index.php\\\/author\\\/director\\\/\"}]}<\/script>\n<!-- \/ Yoast SEO plugin. -->","yoast_head_json":{"title":"2026, Ano preelectoral nos Concellos galegos -","robots":{"index":"index","follow":"follow","max-snippet":"max-snippet:-1","max-image-preview":"max-image-preview:large","max-video-preview":"max-video-preview:-1"},"canonical":"https:\/\/www.anovapeneira.gal\/index.php\/2025\/12\/18\/2026-ano-preelectoral-nos-concellos-galegos\/","og_locale":"gl_ES","og_type":"article","og_title":"2026, Ano preelectoral nos Concellos galegos -","og_description":"O ano que xa se achega \u00e9 un ano preelectoral, pois en maio do 27 teremos uns apaixonantes comicios locais de cuxo resultado van depender en boa medida as posibilidades de cambio nos seguintes procesos electorais: as elecci\u00f3ns estatais [...]","og_url":"https:\/\/www.anovapeneira.gal\/index.php\/2025\/12\/18\/2026-ano-preelectoral-nos-concellos-galegos\/","article_publisher":"https:\/\/www.facebook.com\/anovapeneira","article_published_time":"2025-12-18T09:00:51+00:00","og_image":[{"width":720,"height":473,"url":"https:\/\/www.anovapeneira.gal\/wp-content\/uploads\/2019\/08\/ARTIGO_DE_EDITORIAL_A_NOVA_PENEIRA-678x381-copia.jpg","type":"image\/jpeg"}],"author":"Tino Lago","twitter_card":"summary_large_image","twitter_creator":"@APeneira","twitter_site":"@APeneira","twitter_misc":{"Escrito por":"Tino Lago","Tempo de lectura":"11 minutos"},"schema":{"@context":"https:\/\/schema.org","@graph":[{"@type":"Article","@id":"https:\/\/www.anovapeneira.gal\/index.php\/2025\/12\/18\/2026-ano-preelectoral-nos-concellos-galegos\/#article","isPartOf":{"@id":"https:\/\/www.anovapeneira.gal\/index.php\/2025\/12\/18\/2026-ano-preelectoral-nos-concellos-galegos\/"},"author":{"name":"Tino Lago","@id":"https:\/\/www.anovapeneira.gal\/#\/schema\/person\/424dfe65e3070fd8a44d22d2c088762a"},"headline":"2026, Ano preelectoral nos Concellos galegos","datePublished":"2025-12-18T09:00:51+00:00","mainEntityOfPage":{"@id":"https:\/\/www.anovapeneira.gal\/index.php\/2025\/12\/18\/2026-ano-preelectoral-nos-concellos-galegos\/"},"wordCount":1941,"commentCount":0,"publisher":{"@id":"https:\/\/www.anovapeneira.gal\/#organization"},"image":{"@id":"https:\/\/www.anovapeneira.gal\/index.php\/2025\/12\/18\/2026-ano-preelectoral-nos-concellos-galegos\/#primaryimage"},"thumbnailUrl":"https:\/\/www.anovapeneira.gal\/wp-content\/uploads\/2019\/08\/ARTIGO_DE_EDITORIAL_A_NOVA_PENEIRA-678x381-copia.jpg","articleSection":["Sin categor\u00eda"],"inLanguage":"gl-ES","potentialAction":[{"@type":"CommentAction","name":"Comment","target":["https:\/\/www.anovapeneira.gal\/index.php\/2025\/12\/18\/2026-ano-preelectoral-nos-concellos-galegos\/#respond"]}]},{"@type":"WebPage","@id":"https:\/\/www.anovapeneira.gal\/index.php\/2025\/12\/18\/2026-ano-preelectoral-nos-concellos-galegos\/","url":"https:\/\/www.anovapeneira.gal\/index.php\/2025\/12\/18\/2026-ano-preelectoral-nos-concellos-galegos\/","name":"2026, Ano preelectoral nos Concellos galegos -","isPartOf":{"@id":"https:\/\/www.anovapeneira.gal\/#website"},"primaryImageOfPage":{"@id":"https:\/\/www.anovapeneira.gal\/index.php\/2025\/12\/18\/2026-ano-preelectoral-nos-concellos-galegos\/#primaryimage"},"image":{"@id":"https:\/\/www.anovapeneira.gal\/index.php\/2025\/12\/18\/2026-ano-preelectoral-nos-concellos-galegos\/#primaryimage"},"thumbnailUrl":"https:\/\/www.anovapeneira.gal\/wp-content\/uploads\/2019\/08\/ARTIGO_DE_EDITORIAL_A_NOVA_PENEIRA-678x381-copia.jpg","datePublished":"2025-12-18T09:00:51+00:00","breadcrumb":{"@id":"https:\/\/www.anovapeneira.gal\/index.php\/2025\/12\/18\/2026-ano-preelectoral-nos-concellos-galegos\/#breadcrumb"},"inLanguage":"gl-ES","potentialAction":[{"@type":"ReadAction","target":["https:\/\/www.anovapeneira.gal\/index.php\/2025\/12\/18\/2026-ano-preelectoral-nos-concellos-galegos\/"]}]},{"@type":"ImageObject","inLanguage":"gl-ES","@id":"https:\/\/www.anovapeneira.gal\/index.php\/2025\/12\/18\/2026-ano-preelectoral-nos-concellos-galegos\/#primaryimage","url":"https:\/\/www.anovapeneira.gal\/wp-content\/uploads\/2019\/08\/ARTIGO_DE_EDITORIAL_A_NOVA_PENEIRA-678x381-copia.jpg","contentUrl":"https:\/\/www.anovapeneira.gal\/wp-content\/uploads\/2019\/08\/ARTIGO_DE_EDITORIAL_A_NOVA_PENEIRA-678x381-copia.jpg","width":720,"height":473,"caption":"Artigo Editorial A Nova Peneira Tino Lago"},{"@type":"BreadcrumbList","@id":"https:\/\/www.anovapeneira.gal\/index.php\/2025\/12\/18\/2026-ano-preelectoral-nos-concellos-galegos\/#breadcrumb","itemListElement":[{"@type":"ListItem","position":1,"name":"Portada","item":"https:\/\/www.anovapeneira.gal\/"},{"@type":"ListItem","position":2,"name":"2026, Ano preelectoral nos Concellos galegos"}]},{"@type":"WebSite","@id":"https:\/\/www.anovapeneira.gal\/#website","url":"https:\/\/www.anovapeneira.gal\/","name":"","description":"Xornal galego de informaci\u00f3n xeral Publicaci\u00f3n mensual de novas de Galicia e en especial dos Concellos da sur da provincia de Pontevedra.","publisher":{"@id":"https:\/\/www.anovapeneira.gal\/#organization"},"potentialAction":[{"@type":"SearchAction","target":{"@type":"EntryPoint","urlTemplate":"https:\/\/www.anovapeneira.gal\/?s={search_term_string}"},"query-input":{"@type":"PropertyValueSpecification","valueRequired":true,"valueName":"search_term_string"}}],"inLanguage":"gl-ES"},{"@type":"Organization","@id":"https:\/\/www.anovapeneira.gal\/#organization","name":"A Nova Peneira","url":"https:\/\/www.anovapeneira.gal\/","logo":{"@type":"ImageObject","inLanguage":"gl-ES","@id":"https:\/\/www.anovapeneira.gal\/#\/schema\/logo\/image\/","url":"http:\/\/www.anovapeneira.gal\/wp-content\/uploads\/2019\/06\/logo_a_nova_peneira_portal_web.png","contentUrl":"http:\/\/www.anovapeneira.gal\/wp-content\/uploads\/2019\/06\/logo_a_nova_peneira_portal_web.png","width":300,"height":100,"caption":"A Nova Peneira"},"image":{"@id":"https:\/\/www.anovapeneira.gal\/#\/schema\/logo\/image\/"},"sameAs":["https:\/\/www.facebook.com\/anovapeneira","https:\/\/x.com\/APeneira"]},{"@type":"Person","@id":"https:\/\/www.anovapeneira.gal\/#\/schema\/person\/424dfe65e3070fd8a44d22d2c088762a","name":"Tino Lago","image":{"@type":"ImageObject","inLanguage":"gl-ES","@id":"https:\/\/secure.gravatar.com\/avatar\/b3df6a06e44bab3111583b90f0f33a0379ee5e3d22cbadd232d39f21c30c62be?s=96&d=mm&r=g","url":"https:\/\/secure.gravatar.com\/avatar\/b3df6a06e44bab3111583b90f0f33a0379ee5e3d22cbadd232d39f21c30c62be?s=96&d=mm&r=g","contentUrl":"https:\/\/secure.gravatar.com\/avatar\/b3df6a06e44bab3111583b90f0f33a0379ee5e3d22cbadd232d39f21c30c62be?s=96&d=mm&r=g","caption":"Tino Lago"},"sameAs":["http:\/\/www.anovapeneira.gal"],"url":"https:\/\/www.anovapeneira.gal\/index.php\/author\/director\/"}]}},"jetpack_featured_media_url":"https:\/\/www.anovapeneira.gal\/wp-content\/uploads\/2019\/08\/ARTIGO_DE_EDITORIAL_A_NOVA_PENEIRA-678x381-copia.jpg","_links":{"self":[{"href":"https:\/\/www.anovapeneira.gal\/index.php\/wp-json\/wp\/v2\/posts\/15090","targetHints":{"allow":["GET"]}}],"collection":[{"href":"https:\/\/www.anovapeneira.gal\/index.php\/wp-json\/wp\/v2\/posts"}],"about":[{"href":"https:\/\/www.anovapeneira.gal\/index.php\/wp-json\/wp\/v2\/types\/post"}],"author":[{"embeddable":true,"href":"https:\/\/www.anovapeneira.gal\/index.php\/wp-json\/wp\/v2\/users\/2"}],"replies":[{"embeddable":true,"href":"https:\/\/www.anovapeneira.gal\/index.php\/wp-json\/wp\/v2\/comments?post=15090"}],"version-history":[{"count":1,"href":"https:\/\/www.anovapeneira.gal\/index.php\/wp-json\/wp\/v2\/posts\/15090\/revisions"}],"predecessor-version":[{"id":15091,"href":"https:\/\/www.anovapeneira.gal\/index.php\/wp-json\/wp\/v2\/posts\/15090\/revisions\/15091"}],"wp:featuredmedia":[{"embeddable":true,"href":"https:\/\/www.anovapeneira.gal\/index.php\/wp-json\/wp\/v2\/media\/895"}],"wp:attachment":[{"href":"https:\/\/www.anovapeneira.gal\/index.php\/wp-json\/wp\/v2\/media?parent=15090"}],"wp:term":[{"taxonomy":"category","embeddable":true,"href":"https:\/\/www.anovapeneira.gal\/index.php\/wp-json\/wp\/v2\/categories?post=15090"},{"taxonomy":"post_tag","embeddable":true,"href":"https:\/\/www.anovapeneira.gal\/index.php\/wp-json\/wp\/v2\/tags?post=15090"}],"curies":[{"name":"wp","href":"https:\/\/api.w.org\/{rel}","templated":true}]}}