{"id":15092,"date":"2025-12-18T12:00:06","date_gmt":"2025-12-18T11:00:06","guid":{"rendered":"https:\/\/www.anovapeneira.gal\/?p=15092"},"modified":"2025-12-13T10:48:56","modified_gmt":"2025-12-13T09:48:56","slug":"na-fin-dun-ciclo","status":"publish","type":"post","link":"https:\/\/www.anovapeneira.gal\/index.php\/2025\/12\/18\/na-fin-dun-ciclo\/","title":{"rendered":"Na fin dun ciclo"},"content":{"rendered":"\n<figure class=\"wp-block-image size-full is-resized\"><img loading=\"lazy\" decoding=\"async\" width=\"190\" height=\"222\" src=\"https:\/\/www.anovapeneira.gal\/wp-content\/uploads\/2019\/07\/Baldomero_Iglesias_Dobarrio_Mero.jpg\" alt=\"Baldomero Iglesias Dobarrio Mero artigos de opini\u00f3n A Nova Peneira\" class=\"wp-image-482\" style=\"width:93px;height:auto\"\/><figcaption class=\"wp-element-caption\">Baldomero Iglesias Dobarrio, Mero<\/figcaption><\/figure>\n\n\n\n<p>Non conv\u00e9n facer mal sangue por mor dos aconteceres que vemos, non. Guerras, ameazas constantes, prevaricaci\u00f3ns, desidias, ofensas de todo tipo, omisi\u00f3n do dereito e da xustiza, silencios sospeitosos, mentiras, roubos e un sen-fin de nubes groseiras, grileiras e cheas de grises moi escuros. Debemos resistir esa inclemente choiva de informaci\u00f3ns desastrosas e pasar un pouco de tanto desespero. Esas informaci\u00f3ns que a un tempo cegan a nosa atenci\u00f3n e non deixan sabernos nun estado de alerta constante e de permanente insulto \u00e1 intelixencia, desvi\u00e1ndonos da raz\u00f3n e do criterio. Chega un tempo novo e debemos confiar na celebraci\u00f3n de cambios que ve\u00f1an po\u00f1er algo de luz.<\/p>\n\n\n\n<p>Todo iso non impide esquecer. Pasa xa de cincuenta anos daquela ruptura cun pasado infeliz e, xa daquelas, era o final dunha agon\u00eda. Aquela sombra marcada na morte do ditador, se\u00f1or pequeni\u00f1o e de voz afrautada, que nos tivo atados e ben atados deixado a\u00ednda moitos seguidores cheos de nostalxias represoras que se manifestan na s\u00faa ignorancia e mediocridade, dif\u00edciles de desenmara\u00f1ar. Cincuenta anos daqueles so\u00f1os que ti\u00f1amos e que fomos constru\u00edndo, m\u00e1is ben maxinando, cando vemos como van caendo nun certo estado de latencia e decepci\u00f3n, como se fosen un mal so\u00f1o, pesadelo que anubra horizontes e non permite sa\u00edr de novo a aquilo que sempre chamamos e imaxinamos liberdade.<\/p>\n\n\n\n<p>\u00c9, certamente outro estado de desencanto que pasamos, tam\u00e9n dun sistema anquilosado en burocracias e finximentos, mentiras que nos contaron. Non era isto o que esperabamos, non era este xogo de toma e daca que fan os pol\u00edticos de hoxe, de insulto constante e de falta de educaci\u00f3n, sen rigor nas encomendas que un d\u00eda nos fixeron e das que nos cremos responsables. Todo son falta de soluci\u00f3ns aos problemas que cada d\u00eda xorden, no espect\u00e1culo que envolve todo de fume, pero sen \u201cchicha\u201d. Galiza esmorece en so\u00f1os de xustiza mentres se producen miles de linchamentos. Estamos a perder dereitos que un d\u00eda quixeron ser e a\u00ednda non foron.<\/p>\n\n\n\n<p>Si, a nosa recente historia est\u00e1 marcada por moitas decepci\u00f3ns que nos sit\u00faan nese estado de ansiedade constante onde case non sabemos orientarnos ou discernir debidamente. Ben \u00e9 certa a carga de inxenuidade propia e colectiva, aquela falta de previsi\u00f3n necesaria que nunca sobra pero que sempre se interrompe polas novas f\u00f3rmulas dos h\u00e1biles redactores que o sistema ampara. Fomos moi confiados e quixemos fascinar diante de tantos avances tecnol\u00f3xicos que agora nos someten. Vi\u00f1amos daquela econom\u00eda estrita e existencial, de tristura e apoucamento. Agora cremos chegar a esta t\u00e1boa de salvaci\u00f3n e de sosego para todos, que nos mant\u00e9n nun constante desequilibrio que mira e vira cara atr\u00e1s.<\/p>\n\n\n\n<p>Non foi as\u00ed aquel so\u00f1o acontecido. Apareceron medios de comunicaci\u00f3n que mentiron interesadamente, era -segundo eles- necesario consumir, producir aceleradamente, dixitalizarnos e esquecer as aquelas ansias so\u00f1adas, aquelas angueiras -repito- de liberdade. &nbsp;Todo aquilo, trouxo isto que temos. A polarizaci\u00f3n constante, os egos destrutivos, as mentiras e roubos, moitos e continuados, os fracasos e as mentiras que sempre semellan alleos, as afrontas, os abusos, crimes diante dos nosos ollos, traidores elevados aos altares e en complot cos grandes. Ningu\u00e9n di nada ou calan por temor \u00e1s represalias. Desencanto e silencio nas alforxas.<\/p>\n\n\n\n<p>D\u00e1monos conta, nos nosos pensamentos m\u00e1is \u00edntimos, desa hipocris\u00eda que nos invade. Hipocris\u00eda individual, social e globalizada entre tremendas inxustizas que ve\u00f1en, miren por onde, tam\u00e9n da man da mesma xustiza. E al\u00e1 vai a fe e o credo que supo\u00f1iamos nas instituci\u00f3ns, no estado de benestar social, nas asistencias. Todo son aparencias. Se buscamos a verdade sabemos est\u00e1 perdida nas sombras e non interesa. Os poderosos &nbsp;insisten en alienarnos, coutando calquera emancipaci\u00f3n dos seus dogmas e postulados.<\/p>\n\n\n\n<p>O desencanto doe, fainos m\u00e1is violentos. A violencia \u00e9 lesiva e castiga en desconfianzas e desafiuzamentos, fatiga \u00e1s persoas de ben que tentan expectativas e so\u00f1an desexos ou fantas\u00edas. Nin sequera se apiadan os transgresores. Pasado tanto tempo, morto o tirano, quizais haxa que pensar noutros modos m\u00e1is humanos, noutras persoas m\u00e1is capaces, noutros m\u00e9todos m\u00e1is eficaces que non nos volvan castigar e que, dalg\u00fan xeito, nos liberen das perversas informaci\u00f3ns, dos prexu\u00edzos, das difamaci\u00f3ns, das d\u00fabidas e ambig\u00fcidades, das improvisaci\u00f3ns e invenci\u00f3ns urxentes, lonxe de ouropeis e fidalgu\u00edas, de inxustas guerras e o horror, de perversos poderes. Anque s\u00f3 sexa para poder volver so\u00f1ar unha patria liberada e poder pasar un Nadal xeitoso envorcados no desexo dun vindeiro ano 2026 cheo de ledicias. Ese \u00e9 o meu desexo no medio deste ru\u00eddo.<\/p>\n","protected":false},"excerpt":{"rendered":"<div class=\"mh-excerpt\"><p>Non conv\u00e9n facer mal sangue por mor dos aconteceres que vemos, non. Guerras, ameazas constantes, prevaricaci\u00f3ns, desidias, ofensas de todo tipo, omisi\u00f3n do dereito e da xustiza <a class=\"mh-excerpt-more\" href=\"https:\/\/www.anovapeneira.gal\/index.php\/2025\/12\/18\/na-fin-dun-ciclo\/\" title=\"Na fin dun ciclo\">[&#8230;]<\/a><\/p>\n<\/div>","protected":false},"author":3,"featured_media":584,"comment_status":"open","ping_status":"open","sticky":false,"template":"","format":"standard","meta":{"_exactmetrics_skip_tracking":false,"_exactmetrics_sitenote_active":false,"_exactmetrics_sitenote_note":"","_exactmetrics_sitenote_category":0,"footnotes":""},"categories":[7],"tags":[8],"class_list":{"0":"post-15092","1":"post","2":"type-post","3":"status-publish","4":"format-standard","5":"has-post-thumbnail","7":"category-artigos-de-opinion","8":"tag-baldomero-iglesias-dobarrio"},"yoast_head":"<!-- This site is optimized with the Yoast SEO plugin v27.4 - https:\/\/yoast.com\/product\/yoast-seo-wordpress\/ -->\n<title>Na fin dun ciclo -<\/title>\n<meta name=\"robots\" content=\"index, follow, max-snippet:-1, max-image-preview:large, max-video-preview:-1\" \/>\n<link rel=\"canonical\" href=\"https:\/\/www.anovapeneira.gal\/index.php\/2025\/12\/18\/na-fin-dun-ciclo\/\" \/>\n<meta property=\"og:locale\" content=\"gl_ES\" \/>\n<meta property=\"og:type\" content=\"article\" \/>\n<meta property=\"og:title\" content=\"Na fin dun ciclo -\" \/>\n<meta property=\"og:description\" content=\"Non conv\u00e9n facer mal sangue por mor dos aconteceres que vemos, non. Guerras, ameazas constantes, prevaricaci\u00f3ns, desidias, ofensas de todo tipo, omisi\u00f3n do dereito e da xustiza [...]\" \/>\n<meta property=\"og:url\" content=\"https:\/\/www.anovapeneira.gal\/index.php\/2025\/12\/18\/na-fin-dun-ciclo\/\" \/>\n<meta property=\"article:publisher\" content=\"https:\/\/www.facebook.com\/anovapeneira\" \/>\n<meta property=\"article:published_time\" content=\"2025-12-18T11:00:06+00:00\" \/>\n<meta property=\"og:image\" content=\"https:\/\/www.anovapeneira.gal\/wp-content\/uploads\/2019\/07\/ARTIGO_DE_OPINION_A_NOVA_PENEIRA.jpg\" \/>\n\t<meta property=\"og:image:width\" content=\"720\" \/>\n\t<meta property=\"og:image:height\" content=\"473\" \/>\n\t<meta property=\"og:image:type\" content=\"image\/jpeg\" \/>\n<meta name=\"author\" content=\"Redacci\u00f3n A Nova Peneira\" \/>\n<meta name=\"twitter:card\" content=\"summary_large_image\" \/>\n<meta name=\"twitter:creator\" content=\"@APeneira\" \/>\n<meta name=\"twitter:site\" content=\"@APeneira\" \/>\n<meta name=\"twitter:label1\" content=\"Escrito por\" \/>\n\t<meta name=\"twitter:data1\" content=\"Redacci\u00f3n A Nova Peneira\" \/>\n\t<meta name=\"twitter:label2\" content=\"Tempo de lectura\" \/>\n\t<meta name=\"twitter:data2\" content=\"5 minutos\" \/>\n<script type=\"application\/ld+json\" class=\"yoast-schema-graph\">{\"@context\":\"https:\\\/\\\/schema.org\",\"@graph\":[{\"@type\":\"Article\",\"@id\":\"https:\\\/\\\/www.anovapeneira.gal\\\/index.php\\\/2025\\\/12\\\/18\\\/na-fin-dun-ciclo\\\/#article\",\"isPartOf\":{\"@id\":\"https:\\\/\\\/www.anovapeneira.gal\\\/index.php\\\/2025\\\/12\\\/18\\\/na-fin-dun-ciclo\\\/\"},\"author\":{\"name\":\"Redacci\u00f3n A Nova Peneira\",\"@id\":\"https:\\\/\\\/www.anovapeneira.gal\\\/#\\\/schema\\\/person\\\/b93e3f8932e3f8da96334607eb6ac6aa\"},\"headline\":\"Na fin dun ciclo\",\"datePublished\":\"2025-12-18T11:00:06+00:00\",\"mainEntityOfPage\":{\"@id\":\"https:\\\/\\\/www.anovapeneira.gal\\\/index.php\\\/2025\\\/12\\\/18\\\/na-fin-dun-ciclo\\\/\"},\"wordCount\":822,\"commentCount\":0,\"publisher\":{\"@id\":\"https:\\\/\\\/www.anovapeneira.gal\\\/#organization\"},\"image\":{\"@id\":\"https:\\\/\\\/www.anovapeneira.gal\\\/index.php\\\/2025\\\/12\\\/18\\\/na-fin-dun-ciclo\\\/#primaryimage\"},\"thumbnailUrl\":\"https:\\\/\\\/www.anovapeneira.gal\\\/wp-content\\\/uploads\\\/2019\\\/07\\\/ARTIGO_DE_OPINION_A_NOVA_PENEIRA.jpg\",\"keywords\":[\"Baldomero Iglesias Dobarrio\"],\"articleSection\":[\"Artigos de opini\u00f3n\"],\"inLanguage\":\"gl-ES\",\"potentialAction\":[{\"@type\":\"CommentAction\",\"name\":\"Comment\",\"target\":[\"https:\\\/\\\/www.anovapeneira.gal\\\/index.php\\\/2025\\\/12\\\/18\\\/na-fin-dun-ciclo\\\/#respond\"]}]},{\"@type\":\"WebPage\",\"@id\":\"https:\\\/\\\/www.anovapeneira.gal\\\/index.php\\\/2025\\\/12\\\/18\\\/na-fin-dun-ciclo\\\/\",\"url\":\"https:\\\/\\\/www.anovapeneira.gal\\\/index.php\\\/2025\\\/12\\\/18\\\/na-fin-dun-ciclo\\\/\",\"name\":\"Na fin dun ciclo -\",\"isPartOf\":{\"@id\":\"https:\\\/\\\/www.anovapeneira.gal\\\/#website\"},\"primaryImageOfPage\":{\"@id\":\"https:\\\/\\\/www.anovapeneira.gal\\\/index.php\\\/2025\\\/12\\\/18\\\/na-fin-dun-ciclo\\\/#primaryimage\"},\"image\":{\"@id\":\"https:\\\/\\\/www.anovapeneira.gal\\\/index.php\\\/2025\\\/12\\\/18\\\/na-fin-dun-ciclo\\\/#primaryimage\"},\"thumbnailUrl\":\"https:\\\/\\\/www.anovapeneira.gal\\\/wp-content\\\/uploads\\\/2019\\\/07\\\/ARTIGO_DE_OPINION_A_NOVA_PENEIRA.jpg\",\"datePublished\":\"2025-12-18T11:00:06+00:00\",\"breadcrumb\":{\"@id\":\"https:\\\/\\\/www.anovapeneira.gal\\\/index.php\\\/2025\\\/12\\\/18\\\/na-fin-dun-ciclo\\\/#breadcrumb\"},\"inLanguage\":\"gl-ES\",\"potentialAction\":[{\"@type\":\"ReadAction\",\"target\":[\"https:\\\/\\\/www.anovapeneira.gal\\\/index.php\\\/2025\\\/12\\\/18\\\/na-fin-dun-ciclo\\\/\"]}]},{\"@type\":\"ImageObject\",\"inLanguage\":\"gl-ES\",\"@id\":\"https:\\\/\\\/www.anovapeneira.gal\\\/index.php\\\/2025\\\/12\\\/18\\\/na-fin-dun-ciclo\\\/#primaryimage\",\"url\":\"https:\\\/\\\/www.anovapeneira.gal\\\/wp-content\\\/uploads\\\/2019\\\/07\\\/ARTIGO_DE_OPINION_A_NOVA_PENEIRA.jpg\",\"contentUrl\":\"https:\\\/\\\/www.anovapeneira.gal\\\/wp-content\\\/uploads\\\/2019\\\/07\\\/ARTIGO_DE_OPINION_A_NOVA_PENEIRA.jpg\",\"width\":720,\"height\":473,\"caption\":\"Artigo de opini\u00f3n A Nova Peneira\"},{\"@type\":\"BreadcrumbList\",\"@id\":\"https:\\\/\\\/www.anovapeneira.gal\\\/index.php\\\/2025\\\/12\\\/18\\\/na-fin-dun-ciclo\\\/#breadcrumb\",\"itemListElement\":[{\"@type\":\"ListItem\",\"position\":1,\"name\":\"Portada\",\"item\":\"https:\\\/\\\/www.anovapeneira.gal\\\/\"},{\"@type\":\"ListItem\",\"position\":2,\"name\":\"Na fin dun ciclo\"}]},{\"@type\":\"WebSite\",\"@id\":\"https:\\\/\\\/www.anovapeneira.gal\\\/#website\",\"url\":\"https:\\\/\\\/www.anovapeneira.gal\\\/\",\"name\":\"\",\"description\":\"Xornal galego de informaci\u00f3n xeral Publicaci\u00f3n mensual de novas de Galicia e en especial dos Concellos da sur da provincia de Pontevedra.\",\"publisher\":{\"@id\":\"https:\\\/\\\/www.anovapeneira.gal\\\/#organization\"},\"potentialAction\":[{\"@type\":\"SearchAction\",\"target\":{\"@type\":\"EntryPoint\",\"urlTemplate\":\"https:\\\/\\\/www.anovapeneira.gal\\\/?s={search_term_string}\"},\"query-input\":{\"@type\":\"PropertyValueSpecification\",\"valueRequired\":true,\"valueName\":\"search_term_string\"}}],\"inLanguage\":\"gl-ES\"},{\"@type\":\"Organization\",\"@id\":\"https:\\\/\\\/www.anovapeneira.gal\\\/#organization\",\"name\":\"A Nova Peneira\",\"url\":\"https:\\\/\\\/www.anovapeneira.gal\\\/\",\"logo\":{\"@type\":\"ImageObject\",\"inLanguage\":\"gl-ES\",\"@id\":\"https:\\\/\\\/www.anovapeneira.gal\\\/#\\\/schema\\\/logo\\\/image\\\/\",\"url\":\"http:\\\/\\\/www.anovapeneira.gal\\\/wp-content\\\/uploads\\\/2019\\\/06\\\/logo_a_nova_peneira_portal_web.png\",\"contentUrl\":\"http:\\\/\\\/www.anovapeneira.gal\\\/wp-content\\\/uploads\\\/2019\\\/06\\\/logo_a_nova_peneira_portal_web.png\",\"width\":300,\"height\":100,\"caption\":\"A Nova Peneira\"},\"image\":{\"@id\":\"https:\\\/\\\/www.anovapeneira.gal\\\/#\\\/schema\\\/logo\\\/image\\\/\"},\"sameAs\":[\"https:\\\/\\\/www.facebook.com\\\/anovapeneira\",\"https:\\\/\\\/x.com\\\/APeneira\"]},{\"@type\":\"Person\",\"@id\":\"https:\\\/\\\/www.anovapeneira.gal\\\/#\\\/schema\\\/person\\\/b93e3f8932e3f8da96334607eb6ac6aa\",\"name\":\"Redacci\u00f3n A Nova Peneira\",\"image\":{\"@type\":\"ImageObject\",\"inLanguage\":\"gl-ES\",\"@id\":\"https:\\\/\\\/secure.gravatar.com\\\/avatar\\\/c052a2551a06e23fac63626232eaa90abd78dbcf1700fc46a2b2c89fd27b735f?s=96&d=mm&r=g\",\"url\":\"https:\\\/\\\/secure.gravatar.com\\\/avatar\\\/c052a2551a06e23fac63626232eaa90abd78dbcf1700fc46a2b2c89fd27b735f?s=96&d=mm&r=g\",\"contentUrl\":\"https:\\\/\\\/secure.gravatar.com\\\/avatar\\\/c052a2551a06e23fac63626232eaa90abd78dbcf1700fc46a2b2c89fd27b735f?s=96&d=mm&r=g\",\"caption\":\"Redacci\u00f3n A Nova Peneira\"},\"sameAs\":[\"http:\\\/\\\/www.anovapeneira.gal\\\/\"],\"url\":\"https:\\\/\\\/www.anovapeneira.gal\\\/index.php\\\/author\\\/redactor\\\/\"}]}<\/script>\n<!-- \/ Yoast SEO plugin. -->","yoast_head_json":{"title":"Na fin dun ciclo -","robots":{"index":"index","follow":"follow","max-snippet":"max-snippet:-1","max-image-preview":"max-image-preview:large","max-video-preview":"max-video-preview:-1"},"canonical":"https:\/\/www.anovapeneira.gal\/index.php\/2025\/12\/18\/na-fin-dun-ciclo\/","og_locale":"gl_ES","og_type":"article","og_title":"Na fin dun ciclo -","og_description":"Non conv\u00e9n facer mal sangue por mor dos aconteceres que vemos, non. Guerras, ameazas constantes, prevaricaci\u00f3ns, desidias, ofensas de todo tipo, omisi\u00f3n do dereito e da xustiza [...]","og_url":"https:\/\/www.anovapeneira.gal\/index.php\/2025\/12\/18\/na-fin-dun-ciclo\/","article_publisher":"https:\/\/www.facebook.com\/anovapeneira","article_published_time":"2025-12-18T11:00:06+00:00","og_image":[{"width":720,"height":473,"url":"https:\/\/www.anovapeneira.gal\/wp-content\/uploads\/2019\/07\/ARTIGO_DE_OPINION_A_NOVA_PENEIRA.jpg","type":"image\/jpeg"}],"author":"Redacci\u00f3n A Nova Peneira","twitter_card":"summary_large_image","twitter_creator":"@APeneira","twitter_site":"@APeneira","twitter_misc":{"Escrito por":"Redacci\u00f3n A Nova Peneira","Tempo de lectura":"5 minutos"},"schema":{"@context":"https:\/\/schema.org","@graph":[{"@type":"Article","@id":"https:\/\/www.anovapeneira.gal\/index.php\/2025\/12\/18\/na-fin-dun-ciclo\/#article","isPartOf":{"@id":"https:\/\/www.anovapeneira.gal\/index.php\/2025\/12\/18\/na-fin-dun-ciclo\/"},"author":{"name":"Redacci\u00f3n A Nova Peneira","@id":"https:\/\/www.anovapeneira.gal\/#\/schema\/person\/b93e3f8932e3f8da96334607eb6ac6aa"},"headline":"Na fin dun ciclo","datePublished":"2025-12-18T11:00:06+00:00","mainEntityOfPage":{"@id":"https:\/\/www.anovapeneira.gal\/index.php\/2025\/12\/18\/na-fin-dun-ciclo\/"},"wordCount":822,"commentCount":0,"publisher":{"@id":"https:\/\/www.anovapeneira.gal\/#organization"},"image":{"@id":"https:\/\/www.anovapeneira.gal\/index.php\/2025\/12\/18\/na-fin-dun-ciclo\/#primaryimage"},"thumbnailUrl":"https:\/\/www.anovapeneira.gal\/wp-content\/uploads\/2019\/07\/ARTIGO_DE_OPINION_A_NOVA_PENEIRA.jpg","keywords":["Baldomero Iglesias Dobarrio"],"articleSection":["Artigos de opini\u00f3n"],"inLanguage":"gl-ES","potentialAction":[{"@type":"CommentAction","name":"Comment","target":["https:\/\/www.anovapeneira.gal\/index.php\/2025\/12\/18\/na-fin-dun-ciclo\/#respond"]}]},{"@type":"WebPage","@id":"https:\/\/www.anovapeneira.gal\/index.php\/2025\/12\/18\/na-fin-dun-ciclo\/","url":"https:\/\/www.anovapeneira.gal\/index.php\/2025\/12\/18\/na-fin-dun-ciclo\/","name":"Na fin dun ciclo -","isPartOf":{"@id":"https:\/\/www.anovapeneira.gal\/#website"},"primaryImageOfPage":{"@id":"https:\/\/www.anovapeneira.gal\/index.php\/2025\/12\/18\/na-fin-dun-ciclo\/#primaryimage"},"image":{"@id":"https:\/\/www.anovapeneira.gal\/index.php\/2025\/12\/18\/na-fin-dun-ciclo\/#primaryimage"},"thumbnailUrl":"https:\/\/www.anovapeneira.gal\/wp-content\/uploads\/2019\/07\/ARTIGO_DE_OPINION_A_NOVA_PENEIRA.jpg","datePublished":"2025-12-18T11:00:06+00:00","breadcrumb":{"@id":"https:\/\/www.anovapeneira.gal\/index.php\/2025\/12\/18\/na-fin-dun-ciclo\/#breadcrumb"},"inLanguage":"gl-ES","potentialAction":[{"@type":"ReadAction","target":["https:\/\/www.anovapeneira.gal\/index.php\/2025\/12\/18\/na-fin-dun-ciclo\/"]}]},{"@type":"ImageObject","inLanguage":"gl-ES","@id":"https:\/\/www.anovapeneira.gal\/index.php\/2025\/12\/18\/na-fin-dun-ciclo\/#primaryimage","url":"https:\/\/www.anovapeneira.gal\/wp-content\/uploads\/2019\/07\/ARTIGO_DE_OPINION_A_NOVA_PENEIRA.jpg","contentUrl":"https:\/\/www.anovapeneira.gal\/wp-content\/uploads\/2019\/07\/ARTIGO_DE_OPINION_A_NOVA_PENEIRA.jpg","width":720,"height":473,"caption":"Artigo de opini\u00f3n A Nova Peneira"},{"@type":"BreadcrumbList","@id":"https:\/\/www.anovapeneira.gal\/index.php\/2025\/12\/18\/na-fin-dun-ciclo\/#breadcrumb","itemListElement":[{"@type":"ListItem","position":1,"name":"Portada","item":"https:\/\/www.anovapeneira.gal\/"},{"@type":"ListItem","position":2,"name":"Na fin dun ciclo"}]},{"@type":"WebSite","@id":"https:\/\/www.anovapeneira.gal\/#website","url":"https:\/\/www.anovapeneira.gal\/","name":"","description":"Xornal galego de informaci\u00f3n xeral Publicaci\u00f3n mensual de novas de Galicia e en especial dos Concellos da sur da provincia de Pontevedra.","publisher":{"@id":"https:\/\/www.anovapeneira.gal\/#organization"},"potentialAction":[{"@type":"SearchAction","target":{"@type":"EntryPoint","urlTemplate":"https:\/\/www.anovapeneira.gal\/?s={search_term_string}"},"query-input":{"@type":"PropertyValueSpecification","valueRequired":true,"valueName":"search_term_string"}}],"inLanguage":"gl-ES"},{"@type":"Organization","@id":"https:\/\/www.anovapeneira.gal\/#organization","name":"A Nova Peneira","url":"https:\/\/www.anovapeneira.gal\/","logo":{"@type":"ImageObject","inLanguage":"gl-ES","@id":"https:\/\/www.anovapeneira.gal\/#\/schema\/logo\/image\/","url":"http:\/\/www.anovapeneira.gal\/wp-content\/uploads\/2019\/06\/logo_a_nova_peneira_portal_web.png","contentUrl":"http:\/\/www.anovapeneira.gal\/wp-content\/uploads\/2019\/06\/logo_a_nova_peneira_portal_web.png","width":300,"height":100,"caption":"A Nova Peneira"},"image":{"@id":"https:\/\/www.anovapeneira.gal\/#\/schema\/logo\/image\/"},"sameAs":["https:\/\/www.facebook.com\/anovapeneira","https:\/\/x.com\/APeneira"]},{"@type":"Person","@id":"https:\/\/www.anovapeneira.gal\/#\/schema\/person\/b93e3f8932e3f8da96334607eb6ac6aa","name":"Redacci\u00f3n A Nova Peneira","image":{"@type":"ImageObject","inLanguage":"gl-ES","@id":"https:\/\/secure.gravatar.com\/avatar\/c052a2551a06e23fac63626232eaa90abd78dbcf1700fc46a2b2c89fd27b735f?s=96&d=mm&r=g","url":"https:\/\/secure.gravatar.com\/avatar\/c052a2551a06e23fac63626232eaa90abd78dbcf1700fc46a2b2c89fd27b735f?s=96&d=mm&r=g","contentUrl":"https:\/\/secure.gravatar.com\/avatar\/c052a2551a06e23fac63626232eaa90abd78dbcf1700fc46a2b2c89fd27b735f?s=96&d=mm&r=g","caption":"Redacci\u00f3n A Nova Peneira"},"sameAs":["http:\/\/www.anovapeneira.gal\/"],"url":"https:\/\/www.anovapeneira.gal\/index.php\/author\/redactor\/"}]}},"jetpack_featured_media_url":"https:\/\/www.anovapeneira.gal\/wp-content\/uploads\/2019\/07\/ARTIGO_DE_OPINION_A_NOVA_PENEIRA.jpg","_links":{"self":[{"href":"https:\/\/www.anovapeneira.gal\/index.php\/wp-json\/wp\/v2\/posts\/15092","targetHints":{"allow":["GET"]}}],"collection":[{"href":"https:\/\/www.anovapeneira.gal\/index.php\/wp-json\/wp\/v2\/posts"}],"about":[{"href":"https:\/\/www.anovapeneira.gal\/index.php\/wp-json\/wp\/v2\/types\/post"}],"author":[{"embeddable":true,"href":"https:\/\/www.anovapeneira.gal\/index.php\/wp-json\/wp\/v2\/users\/3"}],"replies":[{"embeddable":true,"href":"https:\/\/www.anovapeneira.gal\/index.php\/wp-json\/wp\/v2\/comments?post=15092"}],"version-history":[{"count":1,"href":"https:\/\/www.anovapeneira.gal\/index.php\/wp-json\/wp\/v2\/posts\/15092\/revisions"}],"predecessor-version":[{"id":15093,"href":"https:\/\/www.anovapeneira.gal\/index.php\/wp-json\/wp\/v2\/posts\/15092\/revisions\/15093"}],"wp:featuredmedia":[{"embeddable":true,"href":"https:\/\/www.anovapeneira.gal\/index.php\/wp-json\/wp\/v2\/media\/584"}],"wp:attachment":[{"href":"https:\/\/www.anovapeneira.gal\/index.php\/wp-json\/wp\/v2\/media?parent=15092"}],"wp:term":[{"taxonomy":"category","embeddable":true,"href":"https:\/\/www.anovapeneira.gal\/index.php\/wp-json\/wp\/v2\/categories?post=15092"},{"taxonomy":"post_tag","embeddable":true,"href":"https:\/\/www.anovapeneira.gal\/index.php\/wp-json\/wp\/v2\/tags?post=15092"}],"curies":[{"name":"wp","href":"https:\/\/api.w.org\/{rel}","templated":true}]}}