{"id":15094,"date":"2025-12-19T10:00:14","date_gmt":"2025-12-19T09:00:14","guid":{"rendered":"https:\/\/www.anovapeneira.gal\/?p=15094"},"modified":"2025-12-13T10:50:41","modified_gmt":"2025-12-13T09:50:41","slug":"o-borrado-que-a-xunta-fixo-do-ano-castelao","status":"publish","type":"post","link":"https:\/\/www.anovapeneira.gal\/index.php\/2025\/12\/19\/o-borrado-que-a-xunta-fixo-do-ano-castelao\/","title":{"rendered":"O borrado que a Xunta fixo do ano Castelao"},"content":{"rendered":"\n<figure class=\"wp-block-image size-full is-resized\"><img loading=\"lazy\" decoding=\"async\" width=\"190\" height=\"222\" src=\"https:\/\/www.anovapeneira.gal\/wp-content\/uploads\/2019\/12\/retrato_montse_fajardo_cambados_a_nova_peneira.jpg\" alt=\"Retrato Montse Fajardo A Nova Peneira\" class=\"wp-image-2085\" style=\"width:98px;height:auto\"\/><figcaption class=\"wp-element-caption\">Montse Fajardo<\/figcaption><\/figure>\n\n\n\n<p>Remata o ano en que se conmemora o pasamento de Castelao con m\u00e1is actos de asociaci\u00f3ns culturais e actividades de defensa do seu legado pol\u00edtico que de programaci\u00f3n oficial da Xunta: \u201cA exposici\u00f3n de Gaias e pouco m\u00e1is\u201d, poder\u00eda titularse o resumo do feito polo goberno de Alfonso Rueda, logo da desfeita daquel intento de constitu\u00edr unha comisi\u00f3n arredor do Consello da Cultura Galega, que nacera o 7 de novembro de 2024 para intentar implicar a distintos organismos na conmemoraci\u00f3n dunha efem\u00e9rides que ti\u00f1a que servir para dar a co\u00f1ecer o rianxeiro en todas as s\u00faas facetas.<\/p>\n\n\n\n<p>Pouco durou o intento. O logo dese\u00f1ado para identificar as actividades do ano Castelao era unha sorte de estrela co seu chapeu e a s\u00faa garabata e o Conselleiro botou as mans \u00e1 cabeza: \u201cpo\u00f1er unha estrela \u00e9 como po\u00f1er unha gaivota ou unha rosa\u201d, din que dixo, e acabouse a comisi\u00f3n, non fora ser que algu\u00e9n pensase que Castelao era un nacionalista, ou o que \u00e9 peor, un <em>rojo<\/em>. As\u00ed que o grupo, do que formaban parte entidades como a Real Academia Galega e a de Belas Artes; o Parlamento, a Fundaci\u00f3n Castelao, os Museos de Pontevedra, do Pobo Galego e o Marco; as tres Universidades, as catro Deputaci\u00f3ns ou os Concellos de Rianxo, Redondela, Pontevedra e Compostela, disolveuse e cada quen fixo o que quixo, ou nada.<\/p>\n\n\n\n<p>O grupo popular no Parlamento de Galicia ata desfixo pois impediu coa s\u00faa maior\u00eda que sa\u00edse adiante unha proposta dos nacionalistas, que quer\u00edan reco\u00f1ecer a Castelao como o primeiro presidente galego por ser a cabeza vis\u00edbel do Consello da Galiza, o goberno no exilio que o rianxeiro creou en novembro de 1944 para intentar que se aprobase de vez o Estatuto de Autonom\u00eda refrendado o 28 de xu\u00f1o de 1936 e garantir que o pa\u00eds chegase ao desafiuzamento de Franco cos mesmos dereitos que ti\u00f1an Euskadi o Catalunya.<\/p>\n\n\n\n<p>A proposta debateuse xa en xaneiro e o PP que goberna a Xunta deixou claro por onde \u00edan ir as cousas: non nos opo\u00f1emos a celebrar o ano Castelao pero baleir\u00e1molo completamente de contido. Igual que fixo a ditadura logo da morte do rianxeiro en Bos Aires. Como ben se sabe, aos medios de comunicaci\u00f3n cheg\u00e1ronlles instruci\u00f3ns espec\u00edficas que non imped\u00edan dar a nova do pasamento pero si falar da s\u00faa faceta pol\u00edtica: \u201cParece que non esqueceu ren, menos na parte pol\u00edtica que se silenciou, por cuanto \u00e9 a\u00ed onde a porca torce o rabo, sen decatarse de que todo o arte do noso Castelao, debuxos, escritos, conferencias, etc. son esencialmente pol\u00edtica\u201d, reflexionar\u00eda a s\u00faa vi\u00fava, Virxinia Pereira, nunha carta a Otero Pedrayo.<\/p>\n\n\n\n<p>E as\u00ed pasou este ano, sen pena nin gloria, ata chegar ao anuncio feito in extremis pola Deputaci\u00f3n de Pontevedra, tam\u00e9n en mans dos populares. Logo de dous anos de deixar morrer por inacci\u00f3n -e inanici\u00f3n- o seu departamento de Memoria Hist\u00f3rica, o presidente, Lu\u00eds L\u00f3pez, e o seu vicepresidente, Rafael Dom\u00ednguez, viaxaron a Bos Aires para negociar o traslado a Pontevedra, no ver\u00e1n de 2026, do cadro <em>A derradeira lecci\u00f3n do mestre<\/em>. E desa viaxe tam\u00e9n podemos atopar un antecedente hist\u00f3rico pois en 1953, a mesma ditadura que empurrara a centos de galegos ao exilio, enviaba unha extraoficial embaixada para intentar captar para a causa nacional-cat\u00f3lica a colectividade galega en Am\u00e9rica. Desafiuzada xa a esperanza de que as forzas aliadas librasen do xugo ditatorial a Espa\u00f1a e Portugal, o franquismo traballaba daquela para intentar obter o reco\u00f1ecemento das Naci\u00f3ns Unidas que finalmente se far\u00eda efectivo o 14 de decembro de 1955. Con tal fin, dous anos antes, o alcalde da Coru\u00f1a, Alfonso Molina, e o produtor Ces\u00e1reo Gonz\u00e1lez, camisa vella da Falange, celebraron un almorzo no Centro Gallego onde exhalara Castelao o seu \u00faltimo suspiro e ata levaron unha coroa para colocala no pante\u00f3n da Chacarita onde fora enterrado. O episodio foi narrado por Lu\u00eds Seoane nunha carta dirixida a Del Riego: \u201cEstes d\u00edas un n\u00facleo de se\u00f1ores que andaron por esa (sede do Centro Gallego) ofreceron un banquete a Ces\u00e1reo Gonz\u00e1lez. Moitos neg\u00e1monos a asinar a invitaci\u00f3n e a asistir a el. Estase chegando a un grao de confusi\u00f3n que nos vai facer moito dano no porvir e que vai producir un retroceso no noso traballo\u201d. E na mesma li\u00f1a se referiu ao episodio Pereira, que ordenou furiosa retirar a coroa, nunha carta a Otero: \u201c\u00c9 de lamentar que xentes boas, e de probada boa f\u00e9, se deixen embaucar por catro picar\u00f3ns, que aproveitan e utilizan a s\u00faa inxenuidade para ama\u00f1ar manobras de mal gusto, recubertas sempre de falsa honestidade, e siluado respecto que no fondo non senten\u201d.<\/p>\n\n\n\n<p>\u00c1s veces semella que, setenta e cinco anos ap\u00f3s a morte do rianxeiro, hai quen quere facer memoria, pero do trato que sempre lle dispensou a ditadura. Ao fin e ao cabo, este ano cel\u00e9brase tam\u00e9n o sesenta aniversario da publicaci\u00f3n de <em>El pensamiento pol\u00edtico de Castelao<\/em>, que Ruedo Ib\u00e9rico tivo que sacar \u00e1 luz en Par\u00eds por estar censurado en Espa\u00f1a. \u00c9 m\u00e1is, doce anos despois da colocaci\u00f3n da coroa na Chacarita, a ditadura procesou ao seu autor, Alberto M\u00edguez, por delito de propaganda ilegal, e pediu para el dous anos de c\u00e1rcere e cincuenta mil pesetas de multa. Defendido por Paz Andrade, foi finalmente condenado a seis meses e ao pago de dez mil pesetas, ademais de ser despedido como redactor xefe de Cinco D\u00edas en virtude da Lei de Prensa que acababa de aprobar a ditadura da man do seu flamante ministro de Informaci\u00f3n e Turismo, Manuel Fraga Iribarne, futuro fundador da precuela do PP, Alianza Popular, e que nos anos noventa, como presidente do goberno galego, impor\u00eda as Medallas Castelao. Pero esa mesma dualidade que amosa o PP emocion\u00e1ndose ante o cadro de Castelao mentres baleiran de contido o seu ano e moldean ao seu xeito a s\u00faa traxectoria pol\u00edtica, xa foi vis\u00edbel tam\u00e9n nos anos oitenta, cando un goberno popular presid\u00eda o traslado dos restos de Castelao ao pante\u00f3n de galegos ilustres de Bonaval, ante o estupor e a queixa do nacionalismo galego que ti\u00f1a claro que non se cumpr\u00edan as esixencias do rianxeiro para volver \u00e1 Terra.<\/p>\n\n\n\n<p>En definitiva, non deberiamos pechar o ano Castelao sen lembrar quen foi, as ideas polas que loitou nin tampouco seguindo a tragar con rodas de mu\u00ed\u00f1o coas que el nunca comungar\u00eda, e \u201cas\u00ed aprender\u00e1n a non tomar a un por sonso\u201d, como deixou escrito Virxinia logo de impedir un novo intento de achegamento franquista ao pr\u00f3cer da Chacarita.<\/p>\n","protected":false},"excerpt":{"rendered":"<div class=\"mh-excerpt\"><p>Remata o ano en que se conmemora o pasamento de Castelao con m\u00e1is actos de asociaci\u00f3ns culturais e actividades de defensa do seu legado pol\u00edtico que de programaci\u00f3n oficial da Xunta <a class=\"mh-excerpt-more\" href=\"https:\/\/www.anovapeneira.gal\/index.php\/2025\/12\/19\/o-borrado-que-a-xunta-fixo-do-ano-castelao\/\" title=\"O borrado que a Xunta fixo do ano Castelao\">[&#8230;]<\/a><\/p>\n<\/div>","protected":false},"author":3,"featured_media":15095,"comment_status":"open","ping_status":"open","sticky":false,"template":"","format":"standard","meta":{"_exactmetrics_skip_tracking":false,"_exactmetrics_sitenote_active":false,"_exactmetrics_sitenote_note":"","_exactmetrics_sitenote_category":0,"footnotes":""},"categories":[1],"tags":[],"class_list":{"0":"post-15094","1":"post","2":"type-post","3":"status-publish","4":"format-standard","5":"has-post-thumbnail","7":"category-sin-categoria"},"yoast_head":"<!-- This site is optimized with the Yoast SEO plugin v27.4 - https:\/\/yoast.com\/product\/yoast-seo-wordpress\/ -->\n<title>O borrado que a Xunta fixo do ano Castelao -<\/title>\n<meta name=\"robots\" content=\"index, follow, max-snippet:-1, max-image-preview:large, max-video-preview:-1\" \/>\n<link rel=\"canonical\" href=\"https:\/\/www.anovapeneira.gal\/index.php\/2025\/12\/19\/o-borrado-que-a-xunta-fixo-do-ano-castelao\/\" \/>\n<meta property=\"og:locale\" content=\"gl_ES\" \/>\n<meta property=\"og:type\" content=\"article\" \/>\n<meta property=\"og:title\" content=\"O borrado que a Xunta fixo do ano Castelao -\" \/>\n<meta property=\"og:description\" content=\"Remata o ano en que se conmemora o pasamento de Castelao con m\u00e1is actos de asociaci\u00f3ns culturais e actividades de defensa do seu legado pol\u00edtico que de programaci\u00f3n oficial da Xunta [...]\" \/>\n<meta property=\"og:url\" content=\"https:\/\/www.anovapeneira.gal\/index.php\/2025\/12\/19\/o-borrado-que-a-xunta-fixo-do-ano-castelao\/\" \/>\n<meta property=\"article:publisher\" content=\"https:\/\/www.facebook.com\/anovapeneira\" \/>\n<meta property=\"article:published_time\" content=\"2025-12-19T09:00:14+00:00\" \/>\n<meta property=\"og:image\" content=\"https:\/\/www.anovapeneira.gal\/wp-content\/uploads\/2025\/12\/Castelao.jpg\" \/>\n\t<meta property=\"og:image:width\" content=\"720\" \/>\n\t<meta property=\"og:image:height\" content=\"432\" \/>\n\t<meta property=\"og:image:type\" content=\"image\/jpeg\" \/>\n<meta name=\"author\" content=\"Redacci\u00f3n A Nova Peneira\" \/>\n<meta name=\"twitter:card\" content=\"summary_large_image\" \/>\n<meta name=\"twitter:creator\" content=\"@APeneira\" \/>\n<meta name=\"twitter:site\" content=\"@APeneira\" \/>\n<meta name=\"twitter:label1\" content=\"Escrito por\" \/>\n\t<meta name=\"twitter:data1\" content=\"Redacci\u00f3n A Nova Peneira\" \/>\n\t<meta name=\"twitter:label2\" content=\"Tempo de lectura\" \/>\n\t<meta name=\"twitter:data2\" content=\"7 minutos\" \/>\n<script type=\"application\/ld+json\" class=\"yoast-schema-graph\">{\"@context\":\"https:\\\/\\\/schema.org\",\"@graph\":[{\"@type\":\"Article\",\"@id\":\"https:\\\/\\\/www.anovapeneira.gal\\\/index.php\\\/2025\\\/12\\\/19\\\/o-borrado-que-a-xunta-fixo-do-ano-castelao\\\/#article\",\"isPartOf\":{\"@id\":\"https:\\\/\\\/www.anovapeneira.gal\\\/index.php\\\/2025\\\/12\\\/19\\\/o-borrado-que-a-xunta-fixo-do-ano-castelao\\\/\"},\"author\":{\"name\":\"Redacci\u00f3n A Nova Peneira\",\"@id\":\"https:\\\/\\\/www.anovapeneira.gal\\\/#\\\/schema\\\/person\\\/b93e3f8932e3f8da96334607eb6ac6aa\"},\"headline\":\"O borrado que a Xunta fixo do ano Castelao\",\"datePublished\":\"2025-12-19T09:00:14+00:00\",\"mainEntityOfPage\":{\"@id\":\"https:\\\/\\\/www.anovapeneira.gal\\\/index.php\\\/2025\\\/12\\\/19\\\/o-borrado-que-a-xunta-fixo-do-ano-castelao\\\/\"},\"wordCount\":1181,\"commentCount\":0,\"publisher\":{\"@id\":\"https:\\\/\\\/www.anovapeneira.gal\\\/#organization\"},\"image\":{\"@id\":\"https:\\\/\\\/www.anovapeneira.gal\\\/index.php\\\/2025\\\/12\\\/19\\\/o-borrado-que-a-xunta-fixo-do-ano-castelao\\\/#primaryimage\"},\"thumbnailUrl\":\"https:\\\/\\\/www.anovapeneira.gal\\\/wp-content\\\/uploads\\\/2025\\\/12\\\/Castelao.jpg\",\"articleSection\":[\"Sin categor\u00eda\"],\"inLanguage\":\"gl-ES\",\"potentialAction\":[{\"@type\":\"CommentAction\",\"name\":\"Comment\",\"target\":[\"https:\\\/\\\/www.anovapeneira.gal\\\/index.php\\\/2025\\\/12\\\/19\\\/o-borrado-que-a-xunta-fixo-do-ano-castelao\\\/#respond\"]}]},{\"@type\":\"WebPage\",\"@id\":\"https:\\\/\\\/www.anovapeneira.gal\\\/index.php\\\/2025\\\/12\\\/19\\\/o-borrado-que-a-xunta-fixo-do-ano-castelao\\\/\",\"url\":\"https:\\\/\\\/www.anovapeneira.gal\\\/index.php\\\/2025\\\/12\\\/19\\\/o-borrado-que-a-xunta-fixo-do-ano-castelao\\\/\",\"name\":\"O borrado que a Xunta fixo do ano Castelao -\",\"isPartOf\":{\"@id\":\"https:\\\/\\\/www.anovapeneira.gal\\\/#website\"},\"primaryImageOfPage\":{\"@id\":\"https:\\\/\\\/www.anovapeneira.gal\\\/index.php\\\/2025\\\/12\\\/19\\\/o-borrado-que-a-xunta-fixo-do-ano-castelao\\\/#primaryimage\"},\"image\":{\"@id\":\"https:\\\/\\\/www.anovapeneira.gal\\\/index.php\\\/2025\\\/12\\\/19\\\/o-borrado-que-a-xunta-fixo-do-ano-castelao\\\/#primaryimage\"},\"thumbnailUrl\":\"https:\\\/\\\/www.anovapeneira.gal\\\/wp-content\\\/uploads\\\/2025\\\/12\\\/Castelao.jpg\",\"datePublished\":\"2025-12-19T09:00:14+00:00\",\"breadcrumb\":{\"@id\":\"https:\\\/\\\/www.anovapeneira.gal\\\/index.php\\\/2025\\\/12\\\/19\\\/o-borrado-que-a-xunta-fixo-do-ano-castelao\\\/#breadcrumb\"},\"inLanguage\":\"gl-ES\",\"potentialAction\":[{\"@type\":\"ReadAction\",\"target\":[\"https:\\\/\\\/www.anovapeneira.gal\\\/index.php\\\/2025\\\/12\\\/19\\\/o-borrado-que-a-xunta-fixo-do-ano-castelao\\\/\"]}]},{\"@type\":\"ImageObject\",\"inLanguage\":\"gl-ES\",\"@id\":\"https:\\\/\\\/www.anovapeneira.gal\\\/index.php\\\/2025\\\/12\\\/19\\\/o-borrado-que-a-xunta-fixo-do-ano-castelao\\\/#primaryimage\",\"url\":\"https:\\\/\\\/www.anovapeneira.gal\\\/wp-content\\\/uploads\\\/2025\\\/12\\\/Castelao.jpg\",\"contentUrl\":\"https:\\\/\\\/www.anovapeneira.gal\\\/wp-content\\\/uploads\\\/2025\\\/12\\\/Castelao.jpg\",\"width\":720,\"height\":432},{\"@type\":\"BreadcrumbList\",\"@id\":\"https:\\\/\\\/www.anovapeneira.gal\\\/index.php\\\/2025\\\/12\\\/19\\\/o-borrado-que-a-xunta-fixo-do-ano-castelao\\\/#breadcrumb\",\"itemListElement\":[{\"@type\":\"ListItem\",\"position\":1,\"name\":\"Portada\",\"item\":\"https:\\\/\\\/www.anovapeneira.gal\\\/\"},{\"@type\":\"ListItem\",\"position\":2,\"name\":\"O borrado que a Xunta fixo do ano Castelao\"}]},{\"@type\":\"WebSite\",\"@id\":\"https:\\\/\\\/www.anovapeneira.gal\\\/#website\",\"url\":\"https:\\\/\\\/www.anovapeneira.gal\\\/\",\"name\":\"\",\"description\":\"Xornal galego de informaci\u00f3n xeral Publicaci\u00f3n mensual de novas de Galicia e en especial dos Concellos da sur da provincia de Pontevedra.\",\"publisher\":{\"@id\":\"https:\\\/\\\/www.anovapeneira.gal\\\/#organization\"},\"potentialAction\":[{\"@type\":\"SearchAction\",\"target\":{\"@type\":\"EntryPoint\",\"urlTemplate\":\"https:\\\/\\\/www.anovapeneira.gal\\\/?s={search_term_string}\"},\"query-input\":{\"@type\":\"PropertyValueSpecification\",\"valueRequired\":true,\"valueName\":\"search_term_string\"}}],\"inLanguage\":\"gl-ES\"},{\"@type\":\"Organization\",\"@id\":\"https:\\\/\\\/www.anovapeneira.gal\\\/#organization\",\"name\":\"A Nova Peneira\",\"url\":\"https:\\\/\\\/www.anovapeneira.gal\\\/\",\"logo\":{\"@type\":\"ImageObject\",\"inLanguage\":\"gl-ES\",\"@id\":\"https:\\\/\\\/www.anovapeneira.gal\\\/#\\\/schema\\\/logo\\\/image\\\/\",\"url\":\"http:\\\/\\\/www.anovapeneira.gal\\\/wp-content\\\/uploads\\\/2019\\\/06\\\/logo_a_nova_peneira_portal_web.png\",\"contentUrl\":\"http:\\\/\\\/www.anovapeneira.gal\\\/wp-content\\\/uploads\\\/2019\\\/06\\\/logo_a_nova_peneira_portal_web.png\",\"width\":300,\"height\":100,\"caption\":\"A Nova Peneira\"},\"image\":{\"@id\":\"https:\\\/\\\/www.anovapeneira.gal\\\/#\\\/schema\\\/logo\\\/image\\\/\"},\"sameAs\":[\"https:\\\/\\\/www.facebook.com\\\/anovapeneira\",\"https:\\\/\\\/x.com\\\/APeneira\"]},{\"@type\":\"Person\",\"@id\":\"https:\\\/\\\/www.anovapeneira.gal\\\/#\\\/schema\\\/person\\\/b93e3f8932e3f8da96334607eb6ac6aa\",\"name\":\"Redacci\u00f3n A Nova Peneira\",\"image\":{\"@type\":\"ImageObject\",\"inLanguage\":\"gl-ES\",\"@id\":\"https:\\\/\\\/secure.gravatar.com\\\/avatar\\\/c052a2551a06e23fac63626232eaa90abd78dbcf1700fc46a2b2c89fd27b735f?s=96&d=mm&r=g\",\"url\":\"https:\\\/\\\/secure.gravatar.com\\\/avatar\\\/c052a2551a06e23fac63626232eaa90abd78dbcf1700fc46a2b2c89fd27b735f?s=96&d=mm&r=g\",\"contentUrl\":\"https:\\\/\\\/secure.gravatar.com\\\/avatar\\\/c052a2551a06e23fac63626232eaa90abd78dbcf1700fc46a2b2c89fd27b735f?s=96&d=mm&r=g\",\"caption\":\"Redacci\u00f3n A Nova Peneira\"},\"sameAs\":[\"http:\\\/\\\/www.anovapeneira.gal\\\/\"],\"url\":\"https:\\\/\\\/www.anovapeneira.gal\\\/index.php\\\/author\\\/redactor\\\/\"}]}<\/script>\n<!-- \/ Yoast SEO plugin. -->","yoast_head_json":{"title":"O borrado que a Xunta fixo do ano Castelao -","robots":{"index":"index","follow":"follow","max-snippet":"max-snippet:-1","max-image-preview":"max-image-preview:large","max-video-preview":"max-video-preview:-1"},"canonical":"https:\/\/www.anovapeneira.gal\/index.php\/2025\/12\/19\/o-borrado-que-a-xunta-fixo-do-ano-castelao\/","og_locale":"gl_ES","og_type":"article","og_title":"O borrado que a Xunta fixo do ano Castelao -","og_description":"Remata o ano en que se conmemora o pasamento de Castelao con m\u00e1is actos de asociaci\u00f3ns culturais e actividades de defensa do seu legado pol\u00edtico que de programaci\u00f3n oficial da Xunta [...]","og_url":"https:\/\/www.anovapeneira.gal\/index.php\/2025\/12\/19\/o-borrado-que-a-xunta-fixo-do-ano-castelao\/","article_publisher":"https:\/\/www.facebook.com\/anovapeneira","article_published_time":"2025-12-19T09:00:14+00:00","og_image":[{"width":720,"height":432,"url":"https:\/\/www.anovapeneira.gal\/wp-content\/uploads\/2025\/12\/Castelao.jpg","type":"image\/jpeg"}],"author":"Redacci\u00f3n A Nova Peneira","twitter_card":"summary_large_image","twitter_creator":"@APeneira","twitter_site":"@APeneira","twitter_misc":{"Escrito por":"Redacci\u00f3n A Nova Peneira","Tempo de lectura":"7 minutos"},"schema":{"@context":"https:\/\/schema.org","@graph":[{"@type":"Article","@id":"https:\/\/www.anovapeneira.gal\/index.php\/2025\/12\/19\/o-borrado-que-a-xunta-fixo-do-ano-castelao\/#article","isPartOf":{"@id":"https:\/\/www.anovapeneira.gal\/index.php\/2025\/12\/19\/o-borrado-que-a-xunta-fixo-do-ano-castelao\/"},"author":{"name":"Redacci\u00f3n A Nova Peneira","@id":"https:\/\/www.anovapeneira.gal\/#\/schema\/person\/b93e3f8932e3f8da96334607eb6ac6aa"},"headline":"O borrado que a Xunta fixo do ano Castelao","datePublished":"2025-12-19T09:00:14+00:00","mainEntityOfPage":{"@id":"https:\/\/www.anovapeneira.gal\/index.php\/2025\/12\/19\/o-borrado-que-a-xunta-fixo-do-ano-castelao\/"},"wordCount":1181,"commentCount":0,"publisher":{"@id":"https:\/\/www.anovapeneira.gal\/#organization"},"image":{"@id":"https:\/\/www.anovapeneira.gal\/index.php\/2025\/12\/19\/o-borrado-que-a-xunta-fixo-do-ano-castelao\/#primaryimage"},"thumbnailUrl":"https:\/\/www.anovapeneira.gal\/wp-content\/uploads\/2025\/12\/Castelao.jpg","articleSection":["Sin categor\u00eda"],"inLanguage":"gl-ES","potentialAction":[{"@type":"CommentAction","name":"Comment","target":["https:\/\/www.anovapeneira.gal\/index.php\/2025\/12\/19\/o-borrado-que-a-xunta-fixo-do-ano-castelao\/#respond"]}]},{"@type":"WebPage","@id":"https:\/\/www.anovapeneira.gal\/index.php\/2025\/12\/19\/o-borrado-que-a-xunta-fixo-do-ano-castelao\/","url":"https:\/\/www.anovapeneira.gal\/index.php\/2025\/12\/19\/o-borrado-que-a-xunta-fixo-do-ano-castelao\/","name":"O borrado que a Xunta fixo do ano Castelao -","isPartOf":{"@id":"https:\/\/www.anovapeneira.gal\/#website"},"primaryImageOfPage":{"@id":"https:\/\/www.anovapeneira.gal\/index.php\/2025\/12\/19\/o-borrado-que-a-xunta-fixo-do-ano-castelao\/#primaryimage"},"image":{"@id":"https:\/\/www.anovapeneira.gal\/index.php\/2025\/12\/19\/o-borrado-que-a-xunta-fixo-do-ano-castelao\/#primaryimage"},"thumbnailUrl":"https:\/\/www.anovapeneira.gal\/wp-content\/uploads\/2025\/12\/Castelao.jpg","datePublished":"2025-12-19T09:00:14+00:00","breadcrumb":{"@id":"https:\/\/www.anovapeneira.gal\/index.php\/2025\/12\/19\/o-borrado-que-a-xunta-fixo-do-ano-castelao\/#breadcrumb"},"inLanguage":"gl-ES","potentialAction":[{"@type":"ReadAction","target":["https:\/\/www.anovapeneira.gal\/index.php\/2025\/12\/19\/o-borrado-que-a-xunta-fixo-do-ano-castelao\/"]}]},{"@type":"ImageObject","inLanguage":"gl-ES","@id":"https:\/\/www.anovapeneira.gal\/index.php\/2025\/12\/19\/o-borrado-que-a-xunta-fixo-do-ano-castelao\/#primaryimage","url":"https:\/\/www.anovapeneira.gal\/wp-content\/uploads\/2025\/12\/Castelao.jpg","contentUrl":"https:\/\/www.anovapeneira.gal\/wp-content\/uploads\/2025\/12\/Castelao.jpg","width":720,"height":432},{"@type":"BreadcrumbList","@id":"https:\/\/www.anovapeneira.gal\/index.php\/2025\/12\/19\/o-borrado-que-a-xunta-fixo-do-ano-castelao\/#breadcrumb","itemListElement":[{"@type":"ListItem","position":1,"name":"Portada","item":"https:\/\/www.anovapeneira.gal\/"},{"@type":"ListItem","position":2,"name":"O borrado que a Xunta fixo do ano Castelao"}]},{"@type":"WebSite","@id":"https:\/\/www.anovapeneira.gal\/#website","url":"https:\/\/www.anovapeneira.gal\/","name":"","description":"Xornal galego de informaci\u00f3n xeral Publicaci\u00f3n mensual de novas de Galicia e en especial dos Concellos da sur da provincia de Pontevedra.","publisher":{"@id":"https:\/\/www.anovapeneira.gal\/#organization"},"potentialAction":[{"@type":"SearchAction","target":{"@type":"EntryPoint","urlTemplate":"https:\/\/www.anovapeneira.gal\/?s={search_term_string}"},"query-input":{"@type":"PropertyValueSpecification","valueRequired":true,"valueName":"search_term_string"}}],"inLanguage":"gl-ES"},{"@type":"Organization","@id":"https:\/\/www.anovapeneira.gal\/#organization","name":"A Nova Peneira","url":"https:\/\/www.anovapeneira.gal\/","logo":{"@type":"ImageObject","inLanguage":"gl-ES","@id":"https:\/\/www.anovapeneira.gal\/#\/schema\/logo\/image\/","url":"http:\/\/www.anovapeneira.gal\/wp-content\/uploads\/2019\/06\/logo_a_nova_peneira_portal_web.png","contentUrl":"http:\/\/www.anovapeneira.gal\/wp-content\/uploads\/2019\/06\/logo_a_nova_peneira_portal_web.png","width":300,"height":100,"caption":"A Nova Peneira"},"image":{"@id":"https:\/\/www.anovapeneira.gal\/#\/schema\/logo\/image\/"},"sameAs":["https:\/\/www.facebook.com\/anovapeneira","https:\/\/x.com\/APeneira"]},{"@type":"Person","@id":"https:\/\/www.anovapeneira.gal\/#\/schema\/person\/b93e3f8932e3f8da96334607eb6ac6aa","name":"Redacci\u00f3n A Nova Peneira","image":{"@type":"ImageObject","inLanguage":"gl-ES","@id":"https:\/\/secure.gravatar.com\/avatar\/c052a2551a06e23fac63626232eaa90abd78dbcf1700fc46a2b2c89fd27b735f?s=96&d=mm&r=g","url":"https:\/\/secure.gravatar.com\/avatar\/c052a2551a06e23fac63626232eaa90abd78dbcf1700fc46a2b2c89fd27b735f?s=96&d=mm&r=g","contentUrl":"https:\/\/secure.gravatar.com\/avatar\/c052a2551a06e23fac63626232eaa90abd78dbcf1700fc46a2b2c89fd27b735f?s=96&d=mm&r=g","caption":"Redacci\u00f3n A Nova Peneira"},"sameAs":["http:\/\/www.anovapeneira.gal\/"],"url":"https:\/\/www.anovapeneira.gal\/index.php\/author\/redactor\/"}]}},"jetpack_featured_media_url":"https:\/\/www.anovapeneira.gal\/wp-content\/uploads\/2025\/12\/Castelao.jpg","_links":{"self":[{"href":"https:\/\/www.anovapeneira.gal\/index.php\/wp-json\/wp\/v2\/posts\/15094","targetHints":{"allow":["GET"]}}],"collection":[{"href":"https:\/\/www.anovapeneira.gal\/index.php\/wp-json\/wp\/v2\/posts"}],"about":[{"href":"https:\/\/www.anovapeneira.gal\/index.php\/wp-json\/wp\/v2\/types\/post"}],"author":[{"embeddable":true,"href":"https:\/\/www.anovapeneira.gal\/index.php\/wp-json\/wp\/v2\/users\/3"}],"replies":[{"embeddable":true,"href":"https:\/\/www.anovapeneira.gal\/index.php\/wp-json\/wp\/v2\/comments?post=15094"}],"version-history":[{"count":2,"href":"https:\/\/www.anovapeneira.gal\/index.php\/wp-json\/wp\/v2\/posts\/15094\/revisions"}],"predecessor-version":[{"id":15097,"href":"https:\/\/www.anovapeneira.gal\/index.php\/wp-json\/wp\/v2\/posts\/15094\/revisions\/15097"}],"wp:featuredmedia":[{"embeddable":true,"href":"https:\/\/www.anovapeneira.gal\/index.php\/wp-json\/wp\/v2\/media\/15095"}],"wp:attachment":[{"href":"https:\/\/www.anovapeneira.gal\/index.php\/wp-json\/wp\/v2\/media?parent=15094"}],"wp:term":[{"taxonomy":"category","embeddable":true,"href":"https:\/\/www.anovapeneira.gal\/index.php\/wp-json\/wp\/v2\/categories?post=15094"},{"taxonomy":"post_tag","embeddable":true,"href":"https:\/\/www.anovapeneira.gal\/index.php\/wp-json\/wp\/v2\/tags?post=15094"}],"curies":[{"name":"wp","href":"https:\/\/api.w.org\/{rel}","templated":true}]}}