{"id":15098,"date":"2025-12-19T12:00:21","date_gmt":"2025-12-19T11:00:21","guid":{"rendered":"https:\/\/www.anovapeneira.gal\/?p=15098"},"modified":"2025-12-13T10:49:31","modified_gmt":"2025-12-13T09:49:31","slug":"o-mondariz-fc-mais-de-un-seculo-de-gloria-polos-campos-de-galicia","status":"publish","type":"post","link":"https:\/\/www.anovapeneira.gal\/index.php\/2025\/12\/19\/o-mondariz-fc-mais-de-un-seculo-de-gloria-polos-campos-de-galicia\/","title":{"rendered":"O Mondariz FC, m\u00e1is de un s\u00e9culo de gloria polos campos de Galicia"},"content":{"rendered":"\n<p>O Mondariz FC nace en 1910.Est\u00e1 un anos sen competir e logo v\u00f3lvese fundar en 1920.Desde ese ano compite ininterrompidamente. Se consider\u00e1semos o ano do seu nacemento ser\u00eda o 2\u00ba equipo m\u00e1is antigo de Galicia, s\u00f3 detr\u00e1s do Deportivo de A Coru\u00f1a. E se tiveramos en conta a data desde a que nunca deixou de competir estariamos ante o 5\u00ba equipo de f\u00fatbol m\u00e1is antigo do noso pa\u00eds. Os 4 que lle preceden son o Depor, o Ribadeo, o R\u00e1pido de Bouzas e o Racing de Ferrol. En calquera caso estamos ante un dos equipos de maior historia de toda Galicia, \u00e9 m\u00e1is antigo que o propio Celta de Vigo. M\u00e1is de 100 anos competindo de maneira ininterrompida indican un m\u00e9rito extraordinario de todas as xeraci\u00f3ns anteriores que fixeron posible que este equipo siga existindo. Actualmente o equipo s\u00e9nior compite en 2\u00ba auton\u00f3mica. Son l\u00edderes e te\u00f1en moi serias posibilidades de ascenso \u00e1 categor\u00eda superior. N\u00f3s falamos con Fernando, o seu presidente. El \u00e9 un home de 59 anos, natural de Barcia de Mera que leva m\u00e1is de 30 anos vivindo en Mondariz.<\/p>\n\n\n\n<p><strong>Fernando Est\u00e9vez Aldir, presidente.<\/strong><\/p>\n\n\n\n<h2 class=\"wp-block-heading\">\u201c <strong>A primeira auton\u00f3mica \u00e9 a categor\u00eda na que nos debemos de consolidar\u201d<\/strong><\/h2>\n\n\n\n<p><strong>Queremos co\u00f1ecerte un pouco mellor?<\/strong><\/p>\n\n\n\n<blockquote class=\"wp-block-quote is-layout-flow wp-block-quote-is-layout-flow\">\n<p>Ben, eu son nativo de Barcia de Mera. Levo 30 anos vivindo en Mondariz, te\u00f1o 59 anos e traballo no Porri\u00f1o.<\/p>\n<\/blockquote>\n\n\n\n<p><strong>Cando tempo levas como presidente?<\/strong><\/p>\n\n\n\n<blockquote class=\"wp-block-quote is-layout-flow wp-block-quote-is-layout-flow\">\n<p>Este \u00e9 o 3\u00ba ano, a\u00ednda que na directiva levo desde o 2004.Tiven un par de anos de parada por circunstancias familiares, pero xa levo d\u00faas d\u00e9cadas mergullado no f\u00fatbol modesto.<\/p>\n<\/blockquote>\n\n\n\n<p><strong>Por que comezaches a relacionarte co f\u00fatbol no ano 2004?<\/strong><\/p>\n\n\n\n<blockquote class=\"wp-block-quote is-layout-flow wp-block-quote-is-layout-flow\">\n<p>Estaba o meu fillo xogando na escola de f\u00fatbol. Comecei coa intenci\u00f3n de botar unha man e aos poucos funme enganchando.<\/p>\n<\/blockquote>\n\n\n\n<p><strong>Cantas persoas estades na directiva?<\/strong><\/p>\n\n\n\n<blockquote class=\"wp-block-quote is-layout-flow wp-block-quote-is-layout-flow\">\n<p>Somos 6 persoas, tres homes e tres mulleres.<\/p>\n<\/blockquote>\n\n\n\n<p><strong>Cantos equipos e cantas fichas tendes?<\/strong><\/p>\n\n\n\n<blockquote class=\"wp-block-quote is-layout-flow wp-block-quote-is-layout-flow\">\n<p>Temos oito equipos, 7 masculinos e 1 feminino. E en relaci\u00f3n \u00e1s fichas estamos entre as 160-170 aproximadamente.<\/p>\n<\/blockquote>\n\n\n\n<p><strong>De onde son a maior\u00eda dos rapaces e rapazas?<\/strong><\/p>\n\n\n\n<blockquote class=\"wp-block-quote is-layout-flow wp-block-quote-is-layout-flow\">\n<p>A ampla maior\u00eda son da nosa comarca, da comarca do Condado. O f\u00fatbol base forn\u00e9cese fundamentalmente da propia localidade de Mondariz.<\/p>\n<\/blockquote>\n\n\n\n<p><strong>Cal \u00e9 o voso uniforme?<\/strong><\/p>\n\n\n\n<blockquote class=\"wp-block-quote is-layout-flow wp-block-quote-is-layout-flow\">\n<p>Camiseta azul e branca, prevalece a cor branca, e pantal\u00f3n e medias azuis.<\/p>\n<\/blockquote>\n\n\n\n<p><strong>Onde xogades os vosos partidos?<\/strong><\/p>\n\n\n\n<blockquote class=\"wp-block-quote is-layout-flow wp-block-quote-is-layout-flow\">\n<p>No campo da Lagoa.<\/p>\n<\/blockquote>\n\n\n\n<p><strong>Que tal est\u00e1n as instalaci\u00f3ns?<\/strong><\/p>\n\n\n\n<blockquote class=\"wp-block-quote is-layout-flow wp-block-quote-is-layout-flow\">\n<p>Son unhas instalaci\u00f3ns magn\u00edficas. Xogamos nun campo de herba natural, tam\u00e9n temos outro de herba sint\u00e9tica. E as instalaci\u00f3ns en xeral est\u00e1n especialmente ben. Podo dicir con orgullo que est\u00e1n ao mesmo nivel c\u00e1s de calquera equipo de terceira divisi\u00f3n.<\/p>\n<\/blockquote>\n\n\n\n<p><strong>En que divisi\u00f3ns compiten os equipos s\u00e9nior feminino e masculino?<\/strong><\/p>\n\n\n\n<blockquote class=\"wp-block-quote is-layout-flow wp-block-quote-is-layout-flow\">\n<p>O feminino compite na \u00faltima categor\u00eda galega. Temos un equipo moi novo. E o masculino est\u00e1 en segunda auton\u00f3mica.<\/p>\n<\/blockquote>\n\n\n\n<p><strong>O equipo de segunda auton\u00f3mica vai moi ben na liga, verdade?<\/strong><\/p>\n\n\n\n<blockquote class=\"wp-block-quote is-layout-flow wp-block-quote-is-layout-flow\">\n<p>Pois si, vai moi ben. Agora mesmo estamos l\u00edderes a catro puntos de distancia do segundo.<\/p>\n<\/blockquote>\n\n\n\n<p><strong>Ascenden dous directamente?<\/strong><\/p>\n\n\n\n<blockquote class=\"wp-block-quote is-layout-flow wp-block-quote-is-layout-flow\">\n<p>Si,os dous primeiros soben directamente a 1\u00ba auton\u00f3mica.<\/p>\n<\/blockquote>\n\n\n\n<p><strong>O obxectivo deportivo \u00e9 claramente o ascenso?<\/strong><\/p>\n\n\n\n<blockquote class=\"wp-block-quote is-layout-flow wp-block-quote-is-layout-flow\">\n<p>Claramente si. O ano pasado estivemos a piques de ascender. Xogamos a promoci\u00f3n de ascenso e por desgraza perdemos contra un equipo de Ourense no segundo partido. O f\u00fatbol non \u00e9 matem\u00e1tica e non se pode saber como vai acabar a temporada, pero temos un excelente grupo de xogadores e te\u00f1o a ilusi\u00f3n e a esperanza de que esta temporada poidamos ascender.<\/p>\n<\/blockquote>\n\n\n\n<p><strong>Como \u00e9 afecci\u00f3n de Mondariz?<\/strong><\/p>\n\n\n\n<blockquote class=\"wp-block-quote is-layout-flow wp-block-quote-is-layout-flow\">\n<p>\u00c9 unha afecci\u00f3n fiel, e adoita ser especialmente tranquila.<\/p>\n<\/blockquote>\n\n\n\n<p><strong>Cobrades entrada nos partidos?<\/strong><\/p>\n\n\n\n<blockquote class=\"wp-block-quote is-layout-flow wp-block-quote-is-layout-flow\">\n<p>Non, vendemos rifas.<\/p>\n<\/blockquote>\n\n\n\n<p><strong>Como levades a cuesti\u00f3n econ\u00f3mica?<\/strong><\/p>\n\n\n\n<blockquote class=\"wp-block-quote is-layout-flow wp-block-quote-is-layout-flow\">\n<p>Como todos os equipos modestos como podemos. O Concello danos unha subvenci\u00f3n, logo entre as cotas dos socios, as cotas dos nenos, os patrocinadores publicitarios e as rifas que vendemos imos tirando. O que si quero dicir \u00e9 que o financiamento dos s\u00e9nior e o da escola de f\u00fatbol son independentes. A directiva \u00e9 a mesma pero o financiamento aut\u00f3nomo.<\/p>\n<\/blockquote>\n\n\n\n<p><strong>Como se porta o Concello con v\u00f3s.?<\/strong><\/p>\n\n\n\n<blockquote class=\"wp-block-quote is-layout-flow wp-block-quote-is-layout-flow\">\n<p>P\u00f3rtase ben. Todo \u00e9 mellorable desde logo. Pero non temos ningunha queixa. O alcalde Pablo Barcia,impl\u00edcase moito e cando lle transmitimos alg\u00fan tipo de problema ou incidencia trata de solucionalo o antes que poida.<\/p>\n<\/blockquote>\n\n\n\n<p><strong>Cales son os partidos de m\u00e1xima rivalidade para v\u00f3s?<\/strong><\/p>\n\n\n\n<blockquote class=\"wp-block-quote is-layout-flow wp-block-quote-is-layout-flow\">\n<p>Se cadra cando xogamos contra o Juvenil de Ponteareas.<\/p>\n<\/blockquote>\n\n\n\n<p><strong>Tendo en conta a realidade econ\u00f3mica e demogr\u00e1fica de Mondariz, cal cres ti que ser\u00eda a categor\u00eda natural na que o equipo se debe de consolidar?<\/strong><\/p>\n\n\n\n<blockquote class=\"wp-block-quote is-layout-flow wp-block-quote-is-layout-flow\">\n<p>Eu creo que a primeira auton\u00f3mica \u00e9 a categor\u00eda onde nos debemos de consolidar e acadar certa estabilidade. Se alg\u00fan d\u00eda podemos subir a preferente non imos dicir que non. N\u00f3s chegamos a estar 12 anos competindo en preferente. pero creo que a 1\u00ba \u00e9 a categor\u00eda na que debemos de estar.<\/p>\n<\/blockquote>\n\n\n\n<p><strong>O salto a preferente ser\u00eda economicamente asumible para o club?<\/strong><\/p>\n\n\n\n<blockquote class=\"wp-block-quote is-layout-flow wp-block-quote-is-layout-flow\">\n<p>Haber\u00eda que buscar alternativas diferentes de financiamento. Pero sen d\u00fabida que as buscariamos debaixo das pedras. \u00c1 categor\u00eda desde logo que non iamos renunciar.<\/p>\n<\/blockquote>\n\n\n\n<p><strong>Quen \u00e9 o voso adestrador?<\/strong><\/p>\n\n\n\n<blockquote class=\"wp-block-quote is-layout-flow wp-block-quote-is-layout-flow\">\n<p>Juan Feijoo. Un ex xogador do club. Esta \u00e9 a s\u00faa primeira experiencia como adestrador, e a verdade \u00e9 que o est\u00e1 a facer realmente ben. De segundo temos a Jorge Veloso.<\/p>\n<\/blockquote>\n\n\n\n<p><strong>Subamos ou non subamos a 1\u00ba a intenci\u00f3n \u00e9 a de manter ao equipo t\u00e9cnico?<\/strong><\/p>\n\n\n\n<blockquote class=\"wp-block-quote is-layout-flow wp-block-quote-is-layout-flow\">\n<p>Polo que a min respecta, si. A min g\u00fastame a estabilidade. Se hai satisfacci\u00f3n por ambas partes non hai por que cambiar.<\/p>\n<\/blockquote>\n\n\n\n<p><strong>Ti levas pouco tempo de presidente, pero moito como directivo. E xa non es un neno. Tes a\u00ednda folgos para seguir, ou est\u00e1s canso?<\/strong><\/p>\n\n\n\n<blockquote class=\"wp-block-quote is-layout-flow wp-block-quote-is-layout-flow\">\n<p>\u00c9 certo que o f\u00fatbol modesto esixe moito tempo e esforzo. \u00c1s veces estou m\u00e1is tempo na Lagoa que coa mi\u00f1a familia. Pero a min g\u00fastame moito o que fago e mentres te\u00f1a sa\u00fade e \u00e1nimos te\u00f1o a intenci\u00f3n de continuar.<\/p>\n<\/blockquote>\n\n\n\n<p><strong>O equipo xa pasa dos cen anos. Entendo que, cando a actual directiva deades un paso atr\u00e1s, non debera haber problema para que te\u00f1a continuidade?<\/strong><\/p>\n\n\n\n<blockquote class=\"wp-block-quote is-layout-flow wp-block-quote-is-layout-flow\">\n<p>Eu agardo que non haxa problema. Un equipo de m\u00e1is de cen anos non debera de desaparecer.<\/p>\n<\/blockquote>\n\n\n\n<p><strong>Nestes m\u00e1is de cen anos de historia houbo alg\u00fan xogador que xurdira do Mondariz e chegara a elite?<\/strong><\/p>\n\n\n\n<blockquote class=\"wp-block-quote is-layout-flow wp-block-quote-is-layout-flow\">\n<p>Actualmente temos a Yoel Lago. Central do Celta. El sa\u00edu da nosa escola. \u00c9 un orgullo para n\u00f3s.<\/p>\n<\/blockquote>\n\n\n\n<p><strong>\u00daltima pregunta: De que equipo es ti?<\/strong><\/p>\n\n\n\n<blockquote class=\"wp-block-quote is-layout-flow wp-block-quote-is-layout-flow\">\n<p>Ha, ha , ha..Eu son do Mondariz, do Mondariz e despois do Mondariz.<\/p>\n<\/blockquote>\n","protected":false},"excerpt":{"rendered":"<div class=\"mh-excerpt\"><p>O Mondariz FC nace en 1910.Est\u00e1 un anos sen competir e logo v\u00f3lvese fundar en 1920.Desde ese ano compite ininterrompidamente <a class=\"mh-excerpt-more\" href=\"https:\/\/www.anovapeneira.gal\/index.php\/2025\/12\/19\/o-mondariz-fc-mais-de-un-seculo-de-gloria-polos-campos-de-galicia\/\" title=\"O Mondariz FC, m\u00e1is de un s\u00e9culo de gloria polos campos de Galicia\">[&#8230;]<\/a><\/p>\n<\/div>","protected":false},"author":3,"featured_media":15099,"comment_status":"open","ping_status":"open","sticky":false,"template":"","format":"standard","meta":{"_exactmetrics_skip_tracking":false,"_exactmetrics_sitenote_active":false,"_exactmetrics_sitenote_note":"","_exactmetrics_sitenote_category":0,"footnotes":""},"categories":[492],"tags":[405],"class_list":{"0":"post-15098","1":"post","2":"type-post","3":"status-publish","4":"format-standard","5":"has-post-thumbnail","7":"category-condado-reportaxes","8":"tag-concello-de-mondariz"},"yoast_head":"<!-- This site is optimized with the Yoast SEO plugin v27.4 - https:\/\/yoast.com\/product\/yoast-seo-wordpress\/ -->\n<title>O Mondariz FC, m\u00e1is de un s\u00e9culo de gloria polos campos de Galicia -<\/title>\n<meta name=\"robots\" content=\"index, follow, max-snippet:-1, max-image-preview:large, max-video-preview:-1\" \/>\n<link rel=\"canonical\" href=\"https:\/\/www.anovapeneira.gal\/index.php\/2025\/12\/19\/o-mondariz-fc-mais-de-un-seculo-de-gloria-polos-campos-de-galicia\/\" \/>\n<meta property=\"og:locale\" content=\"gl_ES\" \/>\n<meta property=\"og:type\" content=\"article\" \/>\n<meta property=\"og:title\" content=\"O Mondariz FC, m\u00e1is de un s\u00e9culo de gloria polos campos de Galicia -\" \/>\n<meta property=\"og:description\" content=\"O Mondariz FC nace en 1910.Est\u00e1 un anos sen competir e logo v\u00f3lvese fundar en 1920.Desde ese ano compite ininterrompidamente [...]\" \/>\n<meta property=\"og:url\" content=\"https:\/\/www.anovapeneira.gal\/index.php\/2025\/12\/19\/o-mondariz-fc-mais-de-un-seculo-de-gloria-polos-campos-de-galicia\/\" \/>\n<meta property=\"article:publisher\" content=\"https:\/\/www.facebook.com\/anovapeneira\" \/>\n<meta property=\"article:published_time\" content=\"2025-12-19T11:00:21+00:00\" \/>\n<meta property=\"og:image\" content=\"https:\/\/www.anovapeneira.gal\/wp-content\/uploads\/2025\/12\/mondariz.jpg\" \/>\n\t<meta property=\"og:image:width\" content=\"720\" \/>\n\t<meta property=\"og:image:height\" content=\"432\" \/>\n\t<meta property=\"og:image:type\" content=\"image\/jpeg\" \/>\n<meta name=\"author\" content=\"Redacci\u00f3n A Nova Peneira\" \/>\n<meta name=\"twitter:card\" content=\"summary_large_image\" \/>\n<meta name=\"twitter:creator\" content=\"@APeneira\" \/>\n<meta name=\"twitter:site\" content=\"@APeneira\" \/>\n<meta name=\"twitter:label1\" content=\"Escrito por\" \/>\n\t<meta name=\"twitter:data1\" content=\"Redacci\u00f3n A Nova Peneira\" \/>\n\t<meta name=\"twitter:label2\" content=\"Tempo de lectura\" \/>\n\t<meta name=\"twitter:data2\" content=\"3 minutos\" \/>\n<script type=\"application\/ld+json\" class=\"yoast-schema-graph\">{\"@context\":\"https:\\\/\\\/schema.org\",\"@graph\":[{\"@type\":\"Article\",\"@id\":\"https:\\\/\\\/www.anovapeneira.gal\\\/index.php\\\/2025\\\/12\\\/19\\\/o-mondariz-fc-mais-de-un-seculo-de-gloria-polos-campos-de-galicia\\\/#article\",\"isPartOf\":{\"@id\":\"https:\\\/\\\/www.anovapeneira.gal\\\/index.php\\\/2025\\\/12\\\/19\\\/o-mondariz-fc-mais-de-un-seculo-de-gloria-polos-campos-de-galicia\\\/\"},\"author\":{\"name\":\"Redacci\u00f3n A Nova Peneira\",\"@id\":\"https:\\\/\\\/www.anovapeneira.gal\\\/#\\\/schema\\\/person\\\/b93e3f8932e3f8da96334607eb6ac6aa\"},\"headline\":\"O Mondariz FC, m\u00e1is de un s\u00e9culo de gloria polos campos de Galicia\",\"datePublished\":\"2025-12-19T11:00:21+00:00\",\"mainEntityOfPage\":{\"@id\":\"https:\\\/\\\/www.anovapeneira.gal\\\/index.php\\\/2025\\\/12\\\/19\\\/o-mondariz-fc-mais-de-un-seculo-de-gloria-polos-campos-de-galicia\\\/\"},\"wordCount\":1151,\"commentCount\":0,\"publisher\":{\"@id\":\"https:\\\/\\\/www.anovapeneira.gal\\\/#organization\"},\"image\":{\"@id\":\"https:\\\/\\\/www.anovapeneira.gal\\\/index.php\\\/2025\\\/12\\\/19\\\/o-mondariz-fc-mais-de-un-seculo-de-gloria-polos-campos-de-galicia\\\/#primaryimage\"},\"thumbnailUrl\":\"https:\\\/\\\/www.anovapeneira.gal\\\/wp-content\\\/uploads\\\/2025\\\/12\\\/mondariz.jpg\",\"keywords\":[\"Concello de Mondariz\"],\"articleSection\":[\"Condado\"],\"inLanguage\":\"gl-ES\",\"potentialAction\":[{\"@type\":\"CommentAction\",\"name\":\"Comment\",\"target\":[\"https:\\\/\\\/www.anovapeneira.gal\\\/index.php\\\/2025\\\/12\\\/19\\\/o-mondariz-fc-mais-de-un-seculo-de-gloria-polos-campos-de-galicia\\\/#respond\"]}]},{\"@type\":\"WebPage\",\"@id\":\"https:\\\/\\\/www.anovapeneira.gal\\\/index.php\\\/2025\\\/12\\\/19\\\/o-mondariz-fc-mais-de-un-seculo-de-gloria-polos-campos-de-galicia\\\/\",\"url\":\"https:\\\/\\\/www.anovapeneira.gal\\\/index.php\\\/2025\\\/12\\\/19\\\/o-mondariz-fc-mais-de-un-seculo-de-gloria-polos-campos-de-galicia\\\/\",\"name\":\"O Mondariz FC, m\u00e1is de un s\u00e9culo de gloria polos campos de Galicia -\",\"isPartOf\":{\"@id\":\"https:\\\/\\\/www.anovapeneira.gal\\\/#website\"},\"primaryImageOfPage\":{\"@id\":\"https:\\\/\\\/www.anovapeneira.gal\\\/index.php\\\/2025\\\/12\\\/19\\\/o-mondariz-fc-mais-de-un-seculo-de-gloria-polos-campos-de-galicia\\\/#primaryimage\"},\"image\":{\"@id\":\"https:\\\/\\\/www.anovapeneira.gal\\\/index.php\\\/2025\\\/12\\\/19\\\/o-mondariz-fc-mais-de-un-seculo-de-gloria-polos-campos-de-galicia\\\/#primaryimage\"},\"thumbnailUrl\":\"https:\\\/\\\/www.anovapeneira.gal\\\/wp-content\\\/uploads\\\/2025\\\/12\\\/mondariz.jpg\",\"datePublished\":\"2025-12-19T11:00:21+00:00\",\"breadcrumb\":{\"@id\":\"https:\\\/\\\/www.anovapeneira.gal\\\/index.php\\\/2025\\\/12\\\/19\\\/o-mondariz-fc-mais-de-un-seculo-de-gloria-polos-campos-de-galicia\\\/#breadcrumb\"},\"inLanguage\":\"gl-ES\",\"potentialAction\":[{\"@type\":\"ReadAction\",\"target\":[\"https:\\\/\\\/www.anovapeneira.gal\\\/index.php\\\/2025\\\/12\\\/19\\\/o-mondariz-fc-mais-de-un-seculo-de-gloria-polos-campos-de-galicia\\\/\"]}]},{\"@type\":\"ImageObject\",\"inLanguage\":\"gl-ES\",\"@id\":\"https:\\\/\\\/www.anovapeneira.gal\\\/index.php\\\/2025\\\/12\\\/19\\\/o-mondariz-fc-mais-de-un-seculo-de-gloria-polos-campos-de-galicia\\\/#primaryimage\",\"url\":\"https:\\\/\\\/www.anovapeneira.gal\\\/wp-content\\\/uploads\\\/2025\\\/12\\\/mondariz.jpg\",\"contentUrl\":\"https:\\\/\\\/www.anovapeneira.gal\\\/wp-content\\\/uploads\\\/2025\\\/12\\\/mondariz.jpg\",\"width\":720,\"height\":432},{\"@type\":\"BreadcrumbList\",\"@id\":\"https:\\\/\\\/www.anovapeneira.gal\\\/index.php\\\/2025\\\/12\\\/19\\\/o-mondariz-fc-mais-de-un-seculo-de-gloria-polos-campos-de-galicia\\\/#breadcrumb\",\"itemListElement\":[{\"@type\":\"ListItem\",\"position\":1,\"name\":\"Portada\",\"item\":\"https:\\\/\\\/www.anovapeneira.gal\\\/\"},{\"@type\":\"ListItem\",\"position\":2,\"name\":\"O Mondariz FC, m\u00e1is de un s\u00e9culo de gloria polos campos de Galicia\"}]},{\"@type\":\"WebSite\",\"@id\":\"https:\\\/\\\/www.anovapeneira.gal\\\/#website\",\"url\":\"https:\\\/\\\/www.anovapeneira.gal\\\/\",\"name\":\"\",\"description\":\"Xornal galego de informaci\u00f3n xeral Publicaci\u00f3n mensual de novas de Galicia e en especial dos Concellos da sur da provincia de Pontevedra.\",\"publisher\":{\"@id\":\"https:\\\/\\\/www.anovapeneira.gal\\\/#organization\"},\"potentialAction\":[{\"@type\":\"SearchAction\",\"target\":{\"@type\":\"EntryPoint\",\"urlTemplate\":\"https:\\\/\\\/www.anovapeneira.gal\\\/?s={search_term_string}\"},\"query-input\":{\"@type\":\"PropertyValueSpecification\",\"valueRequired\":true,\"valueName\":\"search_term_string\"}}],\"inLanguage\":\"gl-ES\"},{\"@type\":\"Organization\",\"@id\":\"https:\\\/\\\/www.anovapeneira.gal\\\/#organization\",\"name\":\"A Nova Peneira\",\"url\":\"https:\\\/\\\/www.anovapeneira.gal\\\/\",\"logo\":{\"@type\":\"ImageObject\",\"inLanguage\":\"gl-ES\",\"@id\":\"https:\\\/\\\/www.anovapeneira.gal\\\/#\\\/schema\\\/logo\\\/image\\\/\",\"url\":\"http:\\\/\\\/www.anovapeneira.gal\\\/wp-content\\\/uploads\\\/2019\\\/06\\\/logo_a_nova_peneira_portal_web.png\",\"contentUrl\":\"http:\\\/\\\/www.anovapeneira.gal\\\/wp-content\\\/uploads\\\/2019\\\/06\\\/logo_a_nova_peneira_portal_web.png\",\"width\":300,\"height\":100,\"caption\":\"A Nova Peneira\"},\"image\":{\"@id\":\"https:\\\/\\\/www.anovapeneira.gal\\\/#\\\/schema\\\/logo\\\/image\\\/\"},\"sameAs\":[\"https:\\\/\\\/www.facebook.com\\\/anovapeneira\",\"https:\\\/\\\/x.com\\\/APeneira\"]},{\"@type\":\"Person\",\"@id\":\"https:\\\/\\\/www.anovapeneira.gal\\\/#\\\/schema\\\/person\\\/b93e3f8932e3f8da96334607eb6ac6aa\",\"name\":\"Redacci\u00f3n A Nova Peneira\",\"image\":{\"@type\":\"ImageObject\",\"inLanguage\":\"gl-ES\",\"@id\":\"https:\\\/\\\/secure.gravatar.com\\\/avatar\\\/c052a2551a06e23fac63626232eaa90abd78dbcf1700fc46a2b2c89fd27b735f?s=96&d=mm&r=g\",\"url\":\"https:\\\/\\\/secure.gravatar.com\\\/avatar\\\/c052a2551a06e23fac63626232eaa90abd78dbcf1700fc46a2b2c89fd27b735f?s=96&d=mm&r=g\",\"contentUrl\":\"https:\\\/\\\/secure.gravatar.com\\\/avatar\\\/c052a2551a06e23fac63626232eaa90abd78dbcf1700fc46a2b2c89fd27b735f?s=96&d=mm&r=g\",\"caption\":\"Redacci\u00f3n A Nova Peneira\"},\"sameAs\":[\"http:\\\/\\\/www.anovapeneira.gal\\\/\"],\"url\":\"https:\\\/\\\/www.anovapeneira.gal\\\/index.php\\\/author\\\/redactor\\\/\"}]}<\/script>\n<!-- \/ Yoast SEO plugin. -->","yoast_head_json":{"title":"O Mondariz FC, m\u00e1is de un s\u00e9culo de gloria polos campos de Galicia -","robots":{"index":"index","follow":"follow","max-snippet":"max-snippet:-1","max-image-preview":"max-image-preview:large","max-video-preview":"max-video-preview:-1"},"canonical":"https:\/\/www.anovapeneira.gal\/index.php\/2025\/12\/19\/o-mondariz-fc-mais-de-un-seculo-de-gloria-polos-campos-de-galicia\/","og_locale":"gl_ES","og_type":"article","og_title":"O Mondariz FC, m\u00e1is de un s\u00e9culo de gloria polos campos de Galicia -","og_description":"O Mondariz FC nace en 1910.Est\u00e1 un anos sen competir e logo v\u00f3lvese fundar en 1920.Desde ese ano compite ininterrompidamente [...]","og_url":"https:\/\/www.anovapeneira.gal\/index.php\/2025\/12\/19\/o-mondariz-fc-mais-de-un-seculo-de-gloria-polos-campos-de-galicia\/","article_publisher":"https:\/\/www.facebook.com\/anovapeneira","article_published_time":"2025-12-19T11:00:21+00:00","og_image":[{"width":720,"height":432,"url":"https:\/\/www.anovapeneira.gal\/wp-content\/uploads\/2025\/12\/mondariz.jpg","type":"image\/jpeg"}],"author":"Redacci\u00f3n A Nova Peneira","twitter_card":"summary_large_image","twitter_creator":"@APeneira","twitter_site":"@APeneira","twitter_misc":{"Escrito por":"Redacci\u00f3n A Nova Peneira","Tempo de lectura":"3 minutos"},"schema":{"@context":"https:\/\/schema.org","@graph":[{"@type":"Article","@id":"https:\/\/www.anovapeneira.gal\/index.php\/2025\/12\/19\/o-mondariz-fc-mais-de-un-seculo-de-gloria-polos-campos-de-galicia\/#article","isPartOf":{"@id":"https:\/\/www.anovapeneira.gal\/index.php\/2025\/12\/19\/o-mondariz-fc-mais-de-un-seculo-de-gloria-polos-campos-de-galicia\/"},"author":{"name":"Redacci\u00f3n A Nova Peneira","@id":"https:\/\/www.anovapeneira.gal\/#\/schema\/person\/b93e3f8932e3f8da96334607eb6ac6aa"},"headline":"O Mondariz FC, m\u00e1is de un s\u00e9culo de gloria polos campos de Galicia","datePublished":"2025-12-19T11:00:21+00:00","mainEntityOfPage":{"@id":"https:\/\/www.anovapeneira.gal\/index.php\/2025\/12\/19\/o-mondariz-fc-mais-de-un-seculo-de-gloria-polos-campos-de-galicia\/"},"wordCount":1151,"commentCount":0,"publisher":{"@id":"https:\/\/www.anovapeneira.gal\/#organization"},"image":{"@id":"https:\/\/www.anovapeneira.gal\/index.php\/2025\/12\/19\/o-mondariz-fc-mais-de-un-seculo-de-gloria-polos-campos-de-galicia\/#primaryimage"},"thumbnailUrl":"https:\/\/www.anovapeneira.gal\/wp-content\/uploads\/2025\/12\/mondariz.jpg","keywords":["Concello de Mondariz"],"articleSection":["Condado"],"inLanguage":"gl-ES","potentialAction":[{"@type":"CommentAction","name":"Comment","target":["https:\/\/www.anovapeneira.gal\/index.php\/2025\/12\/19\/o-mondariz-fc-mais-de-un-seculo-de-gloria-polos-campos-de-galicia\/#respond"]}]},{"@type":"WebPage","@id":"https:\/\/www.anovapeneira.gal\/index.php\/2025\/12\/19\/o-mondariz-fc-mais-de-un-seculo-de-gloria-polos-campos-de-galicia\/","url":"https:\/\/www.anovapeneira.gal\/index.php\/2025\/12\/19\/o-mondariz-fc-mais-de-un-seculo-de-gloria-polos-campos-de-galicia\/","name":"O Mondariz FC, m\u00e1is de un s\u00e9culo de gloria polos campos de Galicia -","isPartOf":{"@id":"https:\/\/www.anovapeneira.gal\/#website"},"primaryImageOfPage":{"@id":"https:\/\/www.anovapeneira.gal\/index.php\/2025\/12\/19\/o-mondariz-fc-mais-de-un-seculo-de-gloria-polos-campos-de-galicia\/#primaryimage"},"image":{"@id":"https:\/\/www.anovapeneira.gal\/index.php\/2025\/12\/19\/o-mondariz-fc-mais-de-un-seculo-de-gloria-polos-campos-de-galicia\/#primaryimage"},"thumbnailUrl":"https:\/\/www.anovapeneira.gal\/wp-content\/uploads\/2025\/12\/mondariz.jpg","datePublished":"2025-12-19T11:00:21+00:00","breadcrumb":{"@id":"https:\/\/www.anovapeneira.gal\/index.php\/2025\/12\/19\/o-mondariz-fc-mais-de-un-seculo-de-gloria-polos-campos-de-galicia\/#breadcrumb"},"inLanguage":"gl-ES","potentialAction":[{"@type":"ReadAction","target":["https:\/\/www.anovapeneira.gal\/index.php\/2025\/12\/19\/o-mondariz-fc-mais-de-un-seculo-de-gloria-polos-campos-de-galicia\/"]}]},{"@type":"ImageObject","inLanguage":"gl-ES","@id":"https:\/\/www.anovapeneira.gal\/index.php\/2025\/12\/19\/o-mondariz-fc-mais-de-un-seculo-de-gloria-polos-campos-de-galicia\/#primaryimage","url":"https:\/\/www.anovapeneira.gal\/wp-content\/uploads\/2025\/12\/mondariz.jpg","contentUrl":"https:\/\/www.anovapeneira.gal\/wp-content\/uploads\/2025\/12\/mondariz.jpg","width":720,"height":432},{"@type":"BreadcrumbList","@id":"https:\/\/www.anovapeneira.gal\/index.php\/2025\/12\/19\/o-mondariz-fc-mais-de-un-seculo-de-gloria-polos-campos-de-galicia\/#breadcrumb","itemListElement":[{"@type":"ListItem","position":1,"name":"Portada","item":"https:\/\/www.anovapeneira.gal\/"},{"@type":"ListItem","position":2,"name":"O Mondariz FC, m\u00e1is de un s\u00e9culo de gloria polos campos de Galicia"}]},{"@type":"WebSite","@id":"https:\/\/www.anovapeneira.gal\/#website","url":"https:\/\/www.anovapeneira.gal\/","name":"","description":"Xornal galego de informaci\u00f3n xeral Publicaci\u00f3n mensual de novas de Galicia e en especial dos Concellos da sur da provincia de Pontevedra.","publisher":{"@id":"https:\/\/www.anovapeneira.gal\/#organization"},"potentialAction":[{"@type":"SearchAction","target":{"@type":"EntryPoint","urlTemplate":"https:\/\/www.anovapeneira.gal\/?s={search_term_string}"},"query-input":{"@type":"PropertyValueSpecification","valueRequired":true,"valueName":"search_term_string"}}],"inLanguage":"gl-ES"},{"@type":"Organization","@id":"https:\/\/www.anovapeneira.gal\/#organization","name":"A Nova Peneira","url":"https:\/\/www.anovapeneira.gal\/","logo":{"@type":"ImageObject","inLanguage":"gl-ES","@id":"https:\/\/www.anovapeneira.gal\/#\/schema\/logo\/image\/","url":"http:\/\/www.anovapeneira.gal\/wp-content\/uploads\/2019\/06\/logo_a_nova_peneira_portal_web.png","contentUrl":"http:\/\/www.anovapeneira.gal\/wp-content\/uploads\/2019\/06\/logo_a_nova_peneira_portal_web.png","width":300,"height":100,"caption":"A Nova Peneira"},"image":{"@id":"https:\/\/www.anovapeneira.gal\/#\/schema\/logo\/image\/"},"sameAs":["https:\/\/www.facebook.com\/anovapeneira","https:\/\/x.com\/APeneira"]},{"@type":"Person","@id":"https:\/\/www.anovapeneira.gal\/#\/schema\/person\/b93e3f8932e3f8da96334607eb6ac6aa","name":"Redacci\u00f3n A Nova Peneira","image":{"@type":"ImageObject","inLanguage":"gl-ES","@id":"https:\/\/secure.gravatar.com\/avatar\/c052a2551a06e23fac63626232eaa90abd78dbcf1700fc46a2b2c89fd27b735f?s=96&d=mm&r=g","url":"https:\/\/secure.gravatar.com\/avatar\/c052a2551a06e23fac63626232eaa90abd78dbcf1700fc46a2b2c89fd27b735f?s=96&d=mm&r=g","contentUrl":"https:\/\/secure.gravatar.com\/avatar\/c052a2551a06e23fac63626232eaa90abd78dbcf1700fc46a2b2c89fd27b735f?s=96&d=mm&r=g","caption":"Redacci\u00f3n A Nova Peneira"},"sameAs":["http:\/\/www.anovapeneira.gal\/"],"url":"https:\/\/www.anovapeneira.gal\/index.php\/author\/redactor\/"}]}},"jetpack_featured_media_url":"https:\/\/www.anovapeneira.gal\/wp-content\/uploads\/2025\/12\/mondariz.jpg","_links":{"self":[{"href":"https:\/\/www.anovapeneira.gal\/index.php\/wp-json\/wp\/v2\/posts\/15098","targetHints":{"allow":["GET"]}}],"collection":[{"href":"https:\/\/www.anovapeneira.gal\/index.php\/wp-json\/wp\/v2\/posts"}],"about":[{"href":"https:\/\/www.anovapeneira.gal\/index.php\/wp-json\/wp\/v2\/types\/post"}],"author":[{"embeddable":true,"href":"https:\/\/www.anovapeneira.gal\/index.php\/wp-json\/wp\/v2\/users\/3"}],"replies":[{"embeddable":true,"href":"https:\/\/www.anovapeneira.gal\/index.php\/wp-json\/wp\/v2\/comments?post=15098"}],"version-history":[{"count":1,"href":"https:\/\/www.anovapeneira.gal\/index.php\/wp-json\/wp\/v2\/posts\/15098\/revisions"}],"predecessor-version":[{"id":15100,"href":"https:\/\/www.anovapeneira.gal\/index.php\/wp-json\/wp\/v2\/posts\/15098\/revisions\/15100"}],"wp:featuredmedia":[{"embeddable":true,"href":"https:\/\/www.anovapeneira.gal\/index.php\/wp-json\/wp\/v2\/media\/15099"}],"wp:attachment":[{"href":"https:\/\/www.anovapeneira.gal\/index.php\/wp-json\/wp\/v2\/media?parent=15098"}],"wp:term":[{"taxonomy":"category","embeddable":true,"href":"https:\/\/www.anovapeneira.gal\/index.php\/wp-json\/wp\/v2\/categories?post=15098"},{"taxonomy":"post_tag","embeddable":true,"href":"https:\/\/www.anovapeneira.gal\/index.php\/wp-json\/wp\/v2\/tags?post=15098"}],"curies":[{"name":"wp","href":"https:\/\/api.w.org\/{rel}","templated":true}]}}