{"id":15101,"date":"2025-12-22T10:00:05","date_gmt":"2025-12-22T09:00:05","guid":{"rendered":"https:\/\/www.anovapeneira.gal\/?p=15101"},"modified":"2025-12-13T10:49:42","modified_gmt":"2025-12-13T09:49:42","slug":"o-nadal-de-hoxe-e-o-xudeu-errante","status":"publish","type":"post","link":"https:\/\/www.anovapeneira.gal\/index.php\/2025\/12\/22\/o-nadal-de-hoxe-e-o-xudeu-errante\/","title":{"rendered":"O nadal de hoxe e o xudeu errante"},"content":{"rendered":"\n<pre class=\"wp-block-verse\">Manuel Alfonso Est\u00e9vez, fillo de Fornelos da Ribeira.<\/pre>\n\n\n\n<p>A\u00ednda que te\u00f1a pouco que ver na orixe, as veces &#8211; como neste caso &#8211; aparecen xuntas certas tradici\u00f3ns e contos populares, sobre todo nestas FESTAS DO NADAL, que se enchen de lendas, \u201calmas en pena\u201d e, en cami\u00f1antes misteriosos.<\/p>\n\n\n\n<p>O NADAL, \u00e9 a festa tradicional que celebra o \u201cNacemento de Xes\u00fas\u201d, en Belen, e como sabemos, moitos s\u00edmbolos e costumes ve\u00f1en de tradici\u00f3ns antes do cristianismo.<\/p>\n\n\n\n<p>Xa no Solsticio de Inverno, era celebrado polos antigos.,no momento en que o Sol renace e os d\u00edas comezan a medrar. As \u201carbores adornadas con luces\u201d, o \u201ctiz\u00f3n do Nadal\u201d nas aldeas, e a noite familiar son herdanzas de ritos da festividade e renacemento. Co cristianismo, O Nadal mest\u00farase coa idea da esperanza, luz e nacemento divino.<\/p>\n\n\n\n<p>O Xudeu Errante, \u00e9 unha figura lendaria que nace na Europa medieval, e a historia di que era un \u201cxudeu que se burlou de Xes\u00fas\u201d, cando este \u00eda cami\u00f1o do Calvario, e que Xes\u00fas o condenou a andar polo mundo ata o \u201cfin dos tempos\u201d, sen descanso.<\/p>\n\n\n\n<p>Hai d\u00faas versi\u00f3ns: Unha ch\u00e1mase Ahasverus, a outra, zapateiro, porteiro do Pretorio de Pilato, a\u00ednda que outro, aparece como un \u201cvello misterioso\u201d que aparece e desaparece anunciando guerras, pestes e desastres. Se di que so pode descansar na \u201cNoite do Nadal\u201d, cando o mundo se cubre da graza divina.<\/p>\n\n\n\n<p>Na nosa terra, coma noutras partes do mundo, mest\u00farase coa imaxe dos cami\u00f1antes eternos &#8211; almas en pena &#8211; romeiros que nunca chegan ao seu destino. A relaci\u00f3n entre ambos est\u00e1 no imaxinario popular do Nadal, que \u00e9 o tempo no que o Ceo se abre, e o Xudeu Errante, descansa en paz. A mensaxe \u00e9 fonda: O Nadal trae, perd\u00f3n e luz, para quen leva condenado ao \u201cerrante\u201d.<\/p>\n\n\n\n<p>O Xudeu Errante na Noite do Nadal, din os vellos, non morre nin vive, anda sempre cami\u00f1o adiante, sen pouso nin lembranza, coas botas gastadas, e o coraz\u00f3n cheo de silencio, mentres sopran o fogo o pe da lareira, escoitando o Xudeu Errante, coas botas gastadas e o coraz\u00f3n en silencio, andando polos cami\u00f1os, cruzando r\u00faas e eidos, onde s\u00f3 canta avela\u00ed\u00f1a. E din os vellos \u201cque non morre nin vive\u201d, que leva nos ollos o reflexo de todas as noite sen amencer, e na gorxa un c\u00e1ntico antigo que non ousa cantar. Pero en cada Nadal, susurran as avoas, e miran a \u201c Luz do Nadal\u201d, coma quen lembra algo que esperan, e nese instante, m\u00ednimo como un salouco, parecen ter o \u201csilencio\u201d no seu coraz\u00f3n.<\/p>\n\n\n\n<p>Pola terra adiante, o Xudeu Errante, avanza s\u00faa pegada, borra o seu rostro, para que o vento non o leve. As \u00e1rbores, reco\u00f1\u00e9ceno: Os casti\u00f1eiros se inclinan, os carballos se abren o silencio e O Xudeu Errante, falando s\u00f3 cos cami\u00f1os, se det\u00e9n nunha fonte. Non bebe. S\u00f3 escoita, e el que non pode, \u201couvea\u201d por dentro un anaco de cada vida de aldea. E nesta Noite un punto de luz observa, \u201cbaixo o cami\u00f1o das estrelas, o nacemento de Xes\u00fas de Xudea\u201d.<\/p>\n","protected":false},"excerpt":{"rendered":"<div class=\"mh-excerpt\"><p>A\u00ednda que te\u00f1a pouco que ver na orixe, as veces &#8211; como neste caso &#8211; aparecen xuntas certas tradici\u00f3ns e contos populares, sobre todo nestas FESTAS DO NADAL, que se enchen de lendas, \u201calmas en pena\u201d e, en cami\u00f1antes misteriosos <a class=\"mh-excerpt-more\" href=\"https:\/\/www.anovapeneira.gal\/index.php\/2025\/12\/22\/o-nadal-de-hoxe-e-o-xudeu-errante\/\" title=\"O nadal de hoxe e o xudeu errante\">[&#8230;]<\/a><\/p>\n<\/div>","protected":false},"author":40,"featured_media":0,"comment_status":"open","ping_status":"open","sticky":false,"template":"","format":"standard","meta":{"_exactmetrics_skip_tracking":false,"_exactmetrics_sitenote_active":false,"_exactmetrics_sitenote_note":"","_exactmetrics_sitenote_category":0,"footnotes":""},"categories":[7],"tags":[],"class_list":{"0":"post-15101","1":"post","2":"type-post","3":"status-publish","4":"format-standard","6":"category-artigos-de-opinion"},"yoast_head":"<!-- This site is optimized with the Yoast SEO plugin v27.4 - https:\/\/yoast.com\/product\/yoast-seo-wordpress\/ -->\n<title>O nadal de hoxe e o xudeu errante -<\/title>\n<meta name=\"robots\" content=\"index, follow, max-snippet:-1, max-image-preview:large, max-video-preview:-1\" \/>\n<link rel=\"canonical\" href=\"https:\/\/www.anovapeneira.gal\/index.php\/2025\/12\/22\/o-nadal-de-hoxe-e-o-xudeu-errante\/\" \/>\n<meta property=\"og:locale\" content=\"gl_ES\" \/>\n<meta property=\"og:type\" content=\"article\" \/>\n<meta property=\"og:title\" content=\"O nadal de hoxe e o xudeu errante -\" \/>\n<meta property=\"og:description\" content=\"A\u00ednda que te\u00f1a pouco que ver na orixe, as veces - como neste caso - aparecen xuntas certas tradici\u00f3ns e contos populares, sobre todo nestas FESTAS DO NADAL, que se enchen de lendas, \u201calmas en pena\u201d e, en cami\u00f1antes misteriosos [...]\" \/>\n<meta property=\"og:url\" content=\"https:\/\/www.anovapeneira.gal\/index.php\/2025\/12\/22\/o-nadal-de-hoxe-e-o-xudeu-errante\/\" \/>\n<meta property=\"article:publisher\" content=\"https:\/\/www.facebook.com\/anovapeneira\" \/>\n<meta property=\"article:published_time\" content=\"2025-12-22T09:00:05+00:00\" \/>\n<meta name=\"author\" content=\"Manuel Alfonso Est\u00e9vez\" \/>\n<meta name=\"twitter:card\" content=\"summary_large_image\" \/>\n<meta name=\"twitter:creator\" content=\"@APeneira\" \/>\n<meta name=\"twitter:site\" content=\"@APeneira\" \/>\n<meta name=\"twitter:label1\" content=\"Escrito por\" \/>\n\t<meta name=\"twitter:data1\" content=\"Manuel Alfonso Est\u00e9vez\" \/>\n\t<meta name=\"twitter:label2\" content=\"Tempo de lectura\" \/>\n\t<meta name=\"twitter:data2\" content=\"3 minutos\" \/>\n<script type=\"application\/ld+json\" class=\"yoast-schema-graph\">{\"@context\":\"https:\\\/\\\/schema.org\",\"@graph\":[{\"@type\":\"Article\",\"@id\":\"https:\\\/\\\/www.anovapeneira.gal\\\/index.php\\\/2025\\\/12\\\/22\\\/o-nadal-de-hoxe-e-o-xudeu-errante\\\/#article\",\"isPartOf\":{\"@id\":\"https:\\\/\\\/www.anovapeneira.gal\\\/index.php\\\/2025\\\/12\\\/22\\\/o-nadal-de-hoxe-e-o-xudeu-errante\\\/\"},\"author\":{\"name\":\"Manuel Alfonso Est\u00e9vez\",\"@id\":\"https:\\\/\\\/www.anovapeneira.gal\\\/#\\\/schema\\\/person\\\/6561b93d53e7a32f5d814768163bae2a\"},\"headline\":\"O nadal de hoxe e o xudeu errante\",\"datePublished\":\"2025-12-22T09:00:05+00:00\",\"mainEntityOfPage\":{\"@id\":\"https:\\\/\\\/www.anovapeneira.gal\\\/index.php\\\/2025\\\/12\\\/22\\\/o-nadal-de-hoxe-e-o-xudeu-errante\\\/\"},\"wordCount\":541,\"commentCount\":0,\"publisher\":{\"@id\":\"https:\\\/\\\/www.anovapeneira.gal\\\/#organization\"},\"articleSection\":[\"Artigos de opini\u00f3n\"],\"inLanguage\":\"gl-ES\",\"potentialAction\":[{\"@type\":\"CommentAction\",\"name\":\"Comment\",\"target\":[\"https:\\\/\\\/www.anovapeneira.gal\\\/index.php\\\/2025\\\/12\\\/22\\\/o-nadal-de-hoxe-e-o-xudeu-errante\\\/#respond\"]}]},{\"@type\":\"WebPage\",\"@id\":\"https:\\\/\\\/www.anovapeneira.gal\\\/index.php\\\/2025\\\/12\\\/22\\\/o-nadal-de-hoxe-e-o-xudeu-errante\\\/\",\"url\":\"https:\\\/\\\/www.anovapeneira.gal\\\/index.php\\\/2025\\\/12\\\/22\\\/o-nadal-de-hoxe-e-o-xudeu-errante\\\/\",\"name\":\"O nadal de hoxe e o xudeu errante -\",\"isPartOf\":{\"@id\":\"https:\\\/\\\/www.anovapeneira.gal\\\/#website\"},\"datePublished\":\"2025-12-22T09:00:05+00:00\",\"breadcrumb\":{\"@id\":\"https:\\\/\\\/www.anovapeneira.gal\\\/index.php\\\/2025\\\/12\\\/22\\\/o-nadal-de-hoxe-e-o-xudeu-errante\\\/#breadcrumb\"},\"inLanguage\":\"gl-ES\",\"potentialAction\":[{\"@type\":\"ReadAction\",\"target\":[\"https:\\\/\\\/www.anovapeneira.gal\\\/index.php\\\/2025\\\/12\\\/22\\\/o-nadal-de-hoxe-e-o-xudeu-errante\\\/\"]}]},{\"@type\":\"BreadcrumbList\",\"@id\":\"https:\\\/\\\/www.anovapeneira.gal\\\/index.php\\\/2025\\\/12\\\/22\\\/o-nadal-de-hoxe-e-o-xudeu-errante\\\/#breadcrumb\",\"itemListElement\":[{\"@type\":\"ListItem\",\"position\":1,\"name\":\"Portada\",\"item\":\"https:\\\/\\\/www.anovapeneira.gal\\\/\"},{\"@type\":\"ListItem\",\"position\":2,\"name\":\"O nadal de hoxe e o xudeu errante\"}]},{\"@type\":\"WebSite\",\"@id\":\"https:\\\/\\\/www.anovapeneira.gal\\\/#website\",\"url\":\"https:\\\/\\\/www.anovapeneira.gal\\\/\",\"name\":\"\",\"description\":\"Xornal galego de informaci\u00f3n xeral Publicaci\u00f3n mensual de novas de Galicia e en especial dos Concellos da sur da provincia de Pontevedra.\",\"publisher\":{\"@id\":\"https:\\\/\\\/www.anovapeneira.gal\\\/#organization\"},\"potentialAction\":[{\"@type\":\"SearchAction\",\"target\":{\"@type\":\"EntryPoint\",\"urlTemplate\":\"https:\\\/\\\/www.anovapeneira.gal\\\/?s={search_term_string}\"},\"query-input\":{\"@type\":\"PropertyValueSpecification\",\"valueRequired\":true,\"valueName\":\"search_term_string\"}}],\"inLanguage\":\"gl-ES\"},{\"@type\":\"Organization\",\"@id\":\"https:\\\/\\\/www.anovapeneira.gal\\\/#organization\",\"name\":\"A Nova Peneira\",\"url\":\"https:\\\/\\\/www.anovapeneira.gal\\\/\",\"logo\":{\"@type\":\"ImageObject\",\"inLanguage\":\"gl-ES\",\"@id\":\"https:\\\/\\\/www.anovapeneira.gal\\\/#\\\/schema\\\/logo\\\/image\\\/\",\"url\":\"http:\\\/\\\/www.anovapeneira.gal\\\/wp-content\\\/uploads\\\/2019\\\/06\\\/logo_a_nova_peneira_portal_web.png\",\"contentUrl\":\"http:\\\/\\\/www.anovapeneira.gal\\\/wp-content\\\/uploads\\\/2019\\\/06\\\/logo_a_nova_peneira_portal_web.png\",\"width\":300,\"height\":100,\"caption\":\"A Nova Peneira\"},\"image\":{\"@id\":\"https:\\\/\\\/www.anovapeneira.gal\\\/#\\\/schema\\\/logo\\\/image\\\/\"},\"sameAs\":[\"https:\\\/\\\/www.facebook.com\\\/anovapeneira\",\"https:\\\/\\\/x.com\\\/APeneira\"]},{\"@type\":\"Person\",\"@id\":\"https:\\\/\\\/www.anovapeneira.gal\\\/#\\\/schema\\\/person\\\/6561b93d53e7a32f5d814768163bae2a\",\"name\":\"Manuel Alfonso Est\u00e9vez\",\"image\":{\"@type\":\"ImageObject\",\"inLanguage\":\"gl-ES\",\"@id\":\"https:\\\/\\\/secure.gravatar.com\\\/avatar\\\/f5d3e86603a02dabc520fdacad8691552cb5b3b57ede8828ababc7095c054594?s=96&d=mm&r=g\",\"url\":\"https:\\\/\\\/secure.gravatar.com\\\/avatar\\\/f5d3e86603a02dabc520fdacad8691552cb5b3b57ede8828ababc7095c054594?s=96&d=mm&r=g\",\"contentUrl\":\"https:\\\/\\\/secure.gravatar.com\\\/avatar\\\/f5d3e86603a02dabc520fdacad8691552cb5b3b57ede8828ababc7095c054594?s=96&d=mm&r=g\",\"caption\":\"Manuel Alfonso Est\u00e9vez\"},\"url\":\"https:\\\/\\\/www.anovapeneira.gal\\\/index.php\\\/author\\\/manuelalfonso\\\/\"}]}<\/script>\n<!-- \/ Yoast SEO plugin. -->","yoast_head_json":{"title":"O nadal de hoxe e o xudeu errante -","robots":{"index":"index","follow":"follow","max-snippet":"max-snippet:-1","max-image-preview":"max-image-preview:large","max-video-preview":"max-video-preview:-1"},"canonical":"https:\/\/www.anovapeneira.gal\/index.php\/2025\/12\/22\/o-nadal-de-hoxe-e-o-xudeu-errante\/","og_locale":"gl_ES","og_type":"article","og_title":"O nadal de hoxe e o xudeu errante -","og_description":"A\u00ednda que te\u00f1a pouco que ver na orixe, as veces - como neste caso - aparecen xuntas certas tradici\u00f3ns e contos populares, sobre todo nestas FESTAS DO NADAL, que se enchen de lendas, \u201calmas en pena\u201d e, en cami\u00f1antes misteriosos [...]","og_url":"https:\/\/www.anovapeneira.gal\/index.php\/2025\/12\/22\/o-nadal-de-hoxe-e-o-xudeu-errante\/","article_publisher":"https:\/\/www.facebook.com\/anovapeneira","article_published_time":"2025-12-22T09:00:05+00:00","author":"Manuel Alfonso Est\u00e9vez","twitter_card":"summary_large_image","twitter_creator":"@APeneira","twitter_site":"@APeneira","twitter_misc":{"Escrito por":"Manuel Alfonso Est\u00e9vez","Tempo de lectura":"3 minutos"},"schema":{"@context":"https:\/\/schema.org","@graph":[{"@type":"Article","@id":"https:\/\/www.anovapeneira.gal\/index.php\/2025\/12\/22\/o-nadal-de-hoxe-e-o-xudeu-errante\/#article","isPartOf":{"@id":"https:\/\/www.anovapeneira.gal\/index.php\/2025\/12\/22\/o-nadal-de-hoxe-e-o-xudeu-errante\/"},"author":{"name":"Manuel Alfonso Est\u00e9vez","@id":"https:\/\/www.anovapeneira.gal\/#\/schema\/person\/6561b93d53e7a32f5d814768163bae2a"},"headline":"O nadal de hoxe e o xudeu errante","datePublished":"2025-12-22T09:00:05+00:00","mainEntityOfPage":{"@id":"https:\/\/www.anovapeneira.gal\/index.php\/2025\/12\/22\/o-nadal-de-hoxe-e-o-xudeu-errante\/"},"wordCount":541,"commentCount":0,"publisher":{"@id":"https:\/\/www.anovapeneira.gal\/#organization"},"articleSection":["Artigos de opini\u00f3n"],"inLanguage":"gl-ES","potentialAction":[{"@type":"CommentAction","name":"Comment","target":["https:\/\/www.anovapeneira.gal\/index.php\/2025\/12\/22\/o-nadal-de-hoxe-e-o-xudeu-errante\/#respond"]}]},{"@type":"WebPage","@id":"https:\/\/www.anovapeneira.gal\/index.php\/2025\/12\/22\/o-nadal-de-hoxe-e-o-xudeu-errante\/","url":"https:\/\/www.anovapeneira.gal\/index.php\/2025\/12\/22\/o-nadal-de-hoxe-e-o-xudeu-errante\/","name":"O nadal de hoxe e o xudeu errante -","isPartOf":{"@id":"https:\/\/www.anovapeneira.gal\/#website"},"datePublished":"2025-12-22T09:00:05+00:00","breadcrumb":{"@id":"https:\/\/www.anovapeneira.gal\/index.php\/2025\/12\/22\/o-nadal-de-hoxe-e-o-xudeu-errante\/#breadcrumb"},"inLanguage":"gl-ES","potentialAction":[{"@type":"ReadAction","target":["https:\/\/www.anovapeneira.gal\/index.php\/2025\/12\/22\/o-nadal-de-hoxe-e-o-xudeu-errante\/"]}]},{"@type":"BreadcrumbList","@id":"https:\/\/www.anovapeneira.gal\/index.php\/2025\/12\/22\/o-nadal-de-hoxe-e-o-xudeu-errante\/#breadcrumb","itemListElement":[{"@type":"ListItem","position":1,"name":"Portada","item":"https:\/\/www.anovapeneira.gal\/"},{"@type":"ListItem","position":2,"name":"O nadal de hoxe e o xudeu errante"}]},{"@type":"WebSite","@id":"https:\/\/www.anovapeneira.gal\/#website","url":"https:\/\/www.anovapeneira.gal\/","name":"","description":"Xornal galego de informaci\u00f3n xeral Publicaci\u00f3n mensual de novas de Galicia e en especial dos Concellos da sur da provincia de Pontevedra.","publisher":{"@id":"https:\/\/www.anovapeneira.gal\/#organization"},"potentialAction":[{"@type":"SearchAction","target":{"@type":"EntryPoint","urlTemplate":"https:\/\/www.anovapeneira.gal\/?s={search_term_string}"},"query-input":{"@type":"PropertyValueSpecification","valueRequired":true,"valueName":"search_term_string"}}],"inLanguage":"gl-ES"},{"@type":"Organization","@id":"https:\/\/www.anovapeneira.gal\/#organization","name":"A Nova Peneira","url":"https:\/\/www.anovapeneira.gal\/","logo":{"@type":"ImageObject","inLanguage":"gl-ES","@id":"https:\/\/www.anovapeneira.gal\/#\/schema\/logo\/image\/","url":"http:\/\/www.anovapeneira.gal\/wp-content\/uploads\/2019\/06\/logo_a_nova_peneira_portal_web.png","contentUrl":"http:\/\/www.anovapeneira.gal\/wp-content\/uploads\/2019\/06\/logo_a_nova_peneira_portal_web.png","width":300,"height":100,"caption":"A Nova Peneira"},"image":{"@id":"https:\/\/www.anovapeneira.gal\/#\/schema\/logo\/image\/"},"sameAs":["https:\/\/www.facebook.com\/anovapeneira","https:\/\/x.com\/APeneira"]},{"@type":"Person","@id":"https:\/\/www.anovapeneira.gal\/#\/schema\/person\/6561b93d53e7a32f5d814768163bae2a","name":"Manuel Alfonso Est\u00e9vez","image":{"@type":"ImageObject","inLanguage":"gl-ES","@id":"https:\/\/secure.gravatar.com\/avatar\/f5d3e86603a02dabc520fdacad8691552cb5b3b57ede8828ababc7095c054594?s=96&d=mm&r=g","url":"https:\/\/secure.gravatar.com\/avatar\/f5d3e86603a02dabc520fdacad8691552cb5b3b57ede8828ababc7095c054594?s=96&d=mm&r=g","contentUrl":"https:\/\/secure.gravatar.com\/avatar\/f5d3e86603a02dabc520fdacad8691552cb5b3b57ede8828ababc7095c054594?s=96&d=mm&r=g","caption":"Manuel Alfonso Est\u00e9vez"},"url":"https:\/\/www.anovapeneira.gal\/index.php\/author\/manuelalfonso\/"}]}},"jetpack_featured_media_url":"","_links":{"self":[{"href":"https:\/\/www.anovapeneira.gal\/index.php\/wp-json\/wp\/v2\/posts\/15101","targetHints":{"allow":["GET"]}}],"collection":[{"href":"https:\/\/www.anovapeneira.gal\/index.php\/wp-json\/wp\/v2\/posts"}],"about":[{"href":"https:\/\/www.anovapeneira.gal\/index.php\/wp-json\/wp\/v2\/types\/post"}],"author":[{"embeddable":true,"href":"https:\/\/www.anovapeneira.gal\/index.php\/wp-json\/wp\/v2\/users\/40"}],"replies":[{"embeddable":true,"href":"https:\/\/www.anovapeneira.gal\/index.php\/wp-json\/wp\/v2\/comments?post=15101"}],"version-history":[{"count":1,"href":"https:\/\/www.anovapeneira.gal\/index.php\/wp-json\/wp\/v2\/posts\/15101\/revisions"}],"predecessor-version":[{"id":15102,"href":"https:\/\/www.anovapeneira.gal\/index.php\/wp-json\/wp\/v2\/posts\/15101\/revisions\/15102"}],"wp:attachment":[{"href":"https:\/\/www.anovapeneira.gal\/index.php\/wp-json\/wp\/v2\/media?parent=15101"}],"wp:term":[{"taxonomy":"category","embeddable":true,"href":"https:\/\/www.anovapeneira.gal\/index.php\/wp-json\/wp\/v2\/categories?post=15101"},{"taxonomy":"post_tag","embeddable":true,"href":"https:\/\/www.anovapeneira.gal\/index.php\/wp-json\/wp\/v2\/tags?post=15101"}],"curies":[{"name":"wp","href":"https:\/\/api.w.org\/{rel}","templated":true}]}}