{"id":15103,"date":"2025-12-22T12:00:32","date_gmt":"2025-12-22T11:00:32","guid":{"rendered":"https:\/\/www.anovapeneira.gal\/?p=15103"},"modified":"2025-12-13T10:49:50","modified_gmt":"2025-12-13T09:49:50","slug":"oscar-gonzalez-voceiro-do-bng-das-neves","status":"publish","type":"post","link":"https:\/\/www.anovapeneira.gal\/index.php\/2025\/12\/22\/oscar-gonzalez-voceiro-do-bng-das-neves\/","title":{"rendered":"\u00d3scar Gonz\u00e1lez, voceiro do BNG das Neves"},"content":{"rendered":"\n<p>\u00d3scar \u00e9 un mozo de Taboexa, de formaci\u00f3n inform\u00e1tico, que se est\u00e1 a consolidar como novo referente do BNG local, despois da dimisi\u00f3n do anterior alcalde Xose Manuel Rodr\u00edguez. A\u00ednda que \u00e9 moi pronto para aseguralo todo apunta a que ser\u00e1 o cabeza de cartel co que os nacionalistas tratar\u00e1n de recuperar o goberno das Neves nas municipais do 27.N\u00f3s conversamos con el para ver como ven os nacionalistas a situaci\u00f3n pol\u00edtica desta localidade.<\/p>\n\n\n\n<h2 class=\"wp-block-heading\">\u201c <strong>O PP vota en contra por sistema de calquera petici\u00f3n que fagamos con independencia de que poida traer beneficios para As Neves\u201d<\/strong><\/h2>\n\n\n\n<p><strong>A \u00faltima vez que falamos pregunt\u00e1rache como valorabas o proxecto pol\u00edtico do PP en As Neves.<\/strong><strong> Ti contest\u00e1chesme que <\/strong><strong>O PP de As Neves carece do proxecto pol\u00edtico, que se limita a ir xestionando o d\u00eda a d\u00eda como pode. Segues pensando mesmo?<\/strong><\/p>\n\n\n\n<blockquote class=\"wp-block-quote is-layout-flow wp-block-quote-is-layout-flow\">\n<p>Si, por desgraza si. O goberno non ten ning\u00fan tipo de proxecto. Non est\u00e1 pensando en converter As Neves en algo concreto, en que As Neves sexa vangarda ou que destaque en alg\u00fan tipo de cuesti\u00f3n que nos faga ser un pouqui\u00f1o distintos a outros concellos do arredor e, polo tanto, apetecibles para a xente que vive nas Neves, ou que poida querer vivir aqu\u00ed. Sinxelamente xestionan o d\u00eda a d\u00eda como poden, e para iso mal.<\/p>\n<\/blockquote>\n\n\n\n<blockquote class=\"wp-block-quote is-layout-flow wp-block-quote-is-layout-flow\">\n<p>O que fan e intentar conseguir algunha cousa que os seus amigos da Xunta agora dan e antes, co outro goberno, negaban.<\/p>\n<\/blockquote>\n\n\n\n<p><strong>Supo\u00f1o que te refires, \u00d3scar, ao caso de Setados<\/strong><strong> pois<\/strong><strong> nos oito anos que o BNG estivo gobernando As Neves<\/strong><strong>, <\/strong><strong>pediu un feixe de veces \u00e1 concelleira Etel V\u00e1zquez<\/strong><strong> que ama\u00f1ase<\/strong><strong> este grave problema,<\/strong><strong>e sempre vos dixeron que non.<\/strong><strong> E<\/strong><strong> poucos d\u00edas despois de que o PP recuperara o goberno resulta que xa cambiou o conto e o que antes era non, agora esa mesma persoa di que si.<\/strong><\/p>\n\n\n\n<blockquote class=\"wp-block-quote is-layout-flow wp-block-quote-is-layout-flow\">\n<p>Si, o alcalde anunciou un par de d\u00edas despois que xa resolvera o problema e finalmente, dous anos e medio despois, xa est\u00e1n as proxecci\u00f3ns feitas e agora est\u00e1 a licitaci\u00f3n do proxecto.<\/p>\n<\/blockquote>\n\n\n\n<p><strong>De momento as obras non comezaron?<\/strong><\/p>\n\n\n\n<blockquote class=\"wp-block-quote is-layout-flow wp-block-quote-is-layout-flow\">\n<p>Non, est\u00e1 agora mesmo aberta desde a semana pasada, que n\u00f3s mesmos fixemos unha reclamaci\u00f3n en redes sociais, a licitaci\u00f3n, para que puideran comezar as obras e se cumpra o prometido polo goberno de PP .Supo\u00f1o que non tardar\u00e1. Agora ter\u00e1n as empresas 20 d\u00edas para presentar os seus proxectos e logo o tempo que tarden en resolver esa licitaci\u00f3n. Isto estar\u00e1 acabado como moi pronto no ver\u00e1n do 2026.<\/p>\n<\/blockquote>\n\n\n\n<p><strong>Contemplas a posibilidade de que o estean atrasando voluntariamente para facer coincidir a s\u00faa inauguraci\u00f3n coas municipais do 27?<\/strong><\/p>\n\n\n\n<blockquote class=\"wp-block-quote is-layout-flow wp-block-quote-is-layout-flow\">\n<p>Eu o que penso \u00e9 que para o propio Partido Popular da Xunta, As Neves non \u00e9 un Concello dos relevantes. Nin sequera desde o goberno do Concello te\u00f1en a forza para puxar para que saian adiante os proxectos importantes para As Neves.<\/p>\n<\/blockquote>\n\n\n\n<p><strong>En relaci\u00f3n ao tema da xesti\u00f3n do dia a dia, \u00d3scar, unha cosa que me chamou moit\u00edsimo a atenci\u00f3n \u00e9 a estafa que lle meten ao equipo de goberno de As Neves, creo recordar que foron oito mil \u20ac, pode ser?<\/strong><\/p>\n\n\n\n<blockquote class=\"wp-block-quote is-layout-flow wp-block-quote-is-layout-flow\">\n<p>Si, oito mil euros.<\/p>\n<\/blockquote>\n\n\n\n<p><strong>Absolutamente asombroso, indicativo de un desleixo e dunha desidia alucinantes. Como est\u00e1 esta cuesti\u00f3n agora?<\/strong><\/p>\n\n\n\n<blockquote class=\"wp-block-quote is-layout-flow wp-block-quote-is-layout-flow\">\n<p>Vale, a verdade que preguntamos no \u00faltimo pleno e o alcalde nos dixo que xa estaba o problema resolto.<\/p>\n<\/blockquote>\n\n\n\n<p><strong>Pero especificou que xa devolveran os cartos?<\/strong><\/p>\n\n\n\n<blockquote class=\"wp-block-quote is-layout-flow wp-block-quote-is-layout-flow\">\n<p>Non, dixo que o problema est\u00e1 resolto pero non especificou nada m\u00e1is.<\/p>\n<\/blockquote>\n\n\n\n<p><strong>\u00d3scar, v\u00f3s manifestades nas vosas redes que o Partido Popular<\/strong><strong>das Neves<\/strong><strong>est\u00e1 en contra de mellorar os servizos<\/strong><strong>para previr a violencia machista, isto a que se refire?<\/strong><\/p>\n\n\n\n<blockquote class=\"wp-block-quote is-layout-flow wp-block-quote-is-layout-flow\">\n<p>Isto ref\u00edrese a unha moci\u00f3n que n\u00f3s levamos a pleno e o Partido Popular votou en contra. Esa moci\u00f3n esencialmente centr\u00e1base na necesidade de mellorar os servizos como son os centros de informaci\u00f3n \u00e1 muller. O do Condado Paradanta t\u00e9molo en Ponteareas. Propo\u00f1emos melloralo cunha maior dotaci\u00f3n persoal e de recursos. Esta foi un pouco a exposici\u00f3n dos motivos da moci\u00f3n e dos acordos que formulaban. Cada vez que hai unha moci\u00f3n \u00ednstase \u00e1 Xunta de Galicia a investir ou a mellorar estas cuesti\u00f3ns da s\u00faa competencia. Ao Partido Popular, como \u00e9 algo que se est\u00e1 reclamando desde f\u00f3ra do seu partido, vota en contra por sistema. Sempre busca alg\u00fan tipo de escusa e votan en contra de cuesti\u00f3ns que son interesantes neste caso, para as veci\u00f1as da vila.<\/p>\n<\/blockquote>\n\n\n\n<p><strong>En relaci\u00f3n a situaci\u00f3n da conca do R\u00edo Xuliana cal \u00e9 a vosa opini\u00f3n?<\/strong><\/p>\n\n\n\n<blockquote class=\"wp-block-quote is-layout-flow wp-block-quote-is-layout-flow\">\n<p>N\u00f3s estivemos traballando durante os oito anos de goberno nese asunto.<\/p>\n<\/blockquote>\n\n\n\n<blockquote class=\"wp-block-quote is-layout-flow wp-block-quote-is-layout-flow\">\n<p>No ano 23 tivemos unha xuntanza co presidente de Confederaci\u00f3n Hidrogr\u00e1fica e fixemos un preacordo para avanzar neses traballos e facer unhas obras para unha depuradora.<\/p>\n<\/blockquote>\n\n\n\n<blockquote class=\"wp-block-quote is-layout-flow wp-block-quote-is-layout-flow\">\n<p>Agora mesmo parece ser que o PP tam\u00e9n est\u00e1 polo labor. Un d\u00eda despois de que tiramos unha noticia na que denunciamos o mal funcionamento de esa depuradora sa\u00edu a nova de que est\u00e1n elaborando un proxecto e que te\u00f1en acordo con Augas de Galicia para facer a\u00ed unha depuradora. Isto non ser\u00e1 inmediato pero entendemos que en alg\u00fan momento pode chegar. N\u00f3s estamos a expectativa, e a ver como evolucionamos os acontecementos.<\/p>\n<\/blockquote>\n\n\n\n<p><strong>Como est\u00e1 a situaci\u00f3n do Centro de Sa\u00fade da As Neves e como valoras a pol\u00edtica sanitaria do goberno?<\/strong><\/p>\n\n\n\n<blockquote class=\"wp-block-quote is-layout-flow wp-block-quote-is-layout-flow\">\n<p>O centro de sa\u00fade de As Neves est\u00e1 moi mal, na mesma situaci\u00f3n desde antes do ver\u00e1n, cando houbo diferentes reclamaci\u00f3ns. Temos so un m\u00e9dico e outra e cunha reduci\u00f3n de xornada, que est\u00e1 dentro do seu dereito, polo que s\u00f3 est\u00e1 tres d\u00edas \u00f3 mes. Nas \u00faltimas conversas coa xente que forma parte da Plataforma na Defensa da Sanidade P\u00fablica, dinnos que neste mes de decembro vai a haber s\u00f3 un m\u00e9dico.<\/p>\n<\/blockquote>\n\n\n\n<blockquote class=\"wp-block-quote is-layout-flow wp-block-quote-is-layout-flow\">\n<p>O alcalde manifestou que este tema estaba resolto, pero non est\u00e1 nada resolto, segue igual de mal que antes de ver\u00e1n.<\/p>\n<\/blockquote>\n\n\n\n<p><strong>Canto os habitantes ten As Neves?<\/strong><\/p>\n\n\n\n<blockquote class=\"wp-block-quote is-layout-flow wp-block-quote-is-layout-flow\">\n<p>Case catro mil.<\/p>\n<\/blockquote>\n\n\n\n<p><strong>Tendes un m\u00e9dico s\u00f3, e unha m\u00e9dica tres d\u00edas ao mes para case 4 mil persoas?<\/strong><\/p>\n\n\n\n<blockquote class=\"wp-block-quote is-layout-flow wp-block-quote-is-layout-flow\">\n<p>Exactamente, antes hab\u00eda tres e as\u00ed sae o ratio de mil e pico persoas por m\u00e9dico. Pero agora un m\u00e9dico para case 4 mil persoas non \u00e9 asumible.<\/p>\n<\/blockquote>\n\n\n\n<p><strong>En relaci\u00f3n a situaci\u00f3n dos centros<\/strong><strong>de ensino que nos dio BNG?<\/strong><\/p>\n\n\n\n<blockquote class=\"wp-block-quote is-layout-flow wp-block-quote-is-layout-flow\">\n<p>Este ano sufr\u00edronse recortes, falta de profesores especialistas que un deles comezou a tres semanas de empezar as clases. Este tema quedou resolto pero segue a faltar un PT e parece que non vai a haber en todo o curso.<\/p>\n<\/blockquote>\n\n\n\n<blockquote class=\"wp-block-quote is-layout-flow wp-block-quote-is-layout-flow\">\n<p>Hai alg\u00fan problema de mantemento que se precisa no colexio p\u00fablico, pero non te\u00f1en dotaci\u00f3n no concello para arranxalo.<\/p>\n<\/blockquote>\n\n\n\n<p><strong>Hai pouco tempo, dimit\u00edan do concello, Xos\u00e9 Manuel Rodr\u00edguez o ex-alcalde e a concelleira Pilar Casas. Mudastes dous terzos do grupo municipal. Que tal te sentes coas novas compa\u00f1eiras, Roc\u00edo e Alba?<\/strong><\/p>\n\n\n\n<blockquote class=\"wp-block-quote is-layout-flow wp-block-quote-is-layout-flow\">\n<p>Moi ben, Roc\u00edo xa formara parte do \u00faltimo goberno encabezado polo BNG como Concelleira de cultura, comunicaci\u00f3n e mocidade. Alba \u00e9 unha rapaza nova, moi v\u00e1lida e con moitas capacidades.<\/p>\n<\/blockquote>\n\n\n\n<p><strong>\u00d3scar, queda pouco m\u00e1is dun ano para as vindeiras elecci\u00f3ns do 27. Veste como candidato para a alcald\u00eda?<\/strong><\/p>\n\n\n\n<blockquote class=\"wp-block-quote is-layout-flow wp-block-quote-is-layout-flow\">\n<p>Ser\u00e1 o que decidan os compa\u00f1eiros e compa\u00f1eiras.<\/p>\n<\/blockquote>\n\n\n\n<p><strong>No caso de que os teus compa\u00f1eiros e compa\u00f1eiras depositen en ti a s\u00faa confianza, est\u00e1s disposto?<\/strong><\/p>\n\n\n\n<blockquote class=\"wp-block-quote is-layout-flow wp-block-quote-is-layout-flow\">\n<p>Eu son un militante do BNG, te\u00f1o \u00e1nimos e forza, quero moito ao meu pobo e estou ao dispor do que decida o conxunto da militancia. Cando chegue o momento xa se ver\u00e1.<\/p>\n<\/blockquote>\n\n\n\n<p><strong>Que pulsi\u00f3n notas na xente nas r\u00faas da vila e nas parroquias<\/strong><strong>que eu sei que es un tipo que patea moito<\/strong><strong>, <\/strong><strong>tanto do labor do goberno<\/strong><strong>como do voso traballo<\/strong><strong>?<\/strong><\/p>\n\n\n\n<blockquote class=\"wp-block-quote is-layout-flow wp-block-quote-is-layout-flow\">\n<p>Sobre o labor do goberno promet\u00e9ronnos moito pero logo non fan nada. Ademais pensan que son xente desorganizada e con certo desinterese.<\/p>\n<\/blockquote>\n\n\n\n<blockquote class=\"wp-block-quote is-layout-flow wp-block-quote-is-layout-flow\">\n<p>O que me transmite a veci\u00f1anza \u00e9 que moitas das persoas que depositaron a s\u00faa confianza neles est\u00e1n arrepentidas de telo feito.<\/p>\n<\/blockquote>\n\n\n\n<blockquote class=\"wp-block-quote is-layout-flow wp-block-quote-is-layout-flow\">\n<p>Pola nosa parte tratamos de facer unha oposici\u00f3n contundente pero construtiva. Contundente porque este goberno \u00e9 un desastre. E construtiva porque \u00e9 o noso deber \u00e9tico para con a veci\u00f1anza das Neves. O BNG sempre vai ofrecer unha alternativa razoable \u00e1 falta de modelo e de propostas do actual goberno.<\/p>\n<\/blockquote>\n\n\n\n<p><strong>O voso ex socio, ex psoe e agora concelleiro dunha agrupaci\u00f3n de electores que tipo de traballo pol\u00edtico fai, ao teu xu\u00edzo?<\/strong><\/p>\n\n\n\n<blockquote class=\"wp-block-quote is-layout-flow wp-block-quote-is-layout-flow\">\n<p>O traballo dese se\u00f1or s\u00f3 tivo unha utilidade pr\u00e1ctica concreta.<\/p>\n<\/blockquote>\n\n\n\n<p><strong>Cal?<\/strong><\/p>\n\n\n\n<blockquote class=\"wp-block-quote is-layout-flow wp-block-quote-is-layout-flow\">\n<p>Fixo unha reclamaci\u00f3n xudicial que mant\u00e9n paralizado un investimento de 800.000\u20ac na PLISAN , que lle ter\u00edan vido estupendamente ao noso concello.<\/p>\n<\/blockquote>\n\n\n\n<p><strong>Nada m\u00e1is?<\/strong><\/p>\n\n\n\n<blockquote class=\"wp-block-quote is-layout-flow wp-block-quote-is-layout-flow\">\n<p>Non.<\/p>\n<\/blockquote>\n\n\n\n<p><strong>Ves veros\u00edmil que se poida ver cambio de goberno no 27?<\/strong><\/p>\n\n\n\n<blockquote class=\"wp-block-quote is-layout-flow wp-block-quote-is-layout-flow\">\n<p>V\u00e9xoo veros\u00edmil, no sentido de o PP chegou ao goberno por moi poucos votos. Ningu\u00e9n contaba con isto, conseguiron sacarlle dous concelleiros ao PSOE e un ao BNG, pero agora mesmo vexo veros\u00edmil poder recuperar o goberno. Imos pelexar todo o que poidamos por acadalo. Queremos convencer \u00e1 maior\u00eda social da cidadan\u00eda de que o proxecto do BNG \u00e9 o m\u00e1is atractivo para o pobo no seu conxunto.<\/p>\n<\/blockquote>\n","protected":false},"excerpt":{"rendered":"<div class=\"mh-excerpt\"><p>\u00d3scar \u00e9 un mozo de Taboexa, de formaci\u00f3n inform\u00e1tico, que se est\u00e1 a consolidar como novo referente do BNG local, despois da dimisi\u00f3n do anterior alcalde Xose Manuel Rodr\u00edguez <a class=\"mh-excerpt-more\" href=\"https:\/\/www.anovapeneira.gal\/index.php\/2025\/12\/22\/oscar-gonzalez-voceiro-do-bng-das-neves\/\" title=\"\u00d3scar Gonz\u00e1lez, voceiro do BNG das Neves\">[&#8230;]<\/a><\/p>\n<\/div>","protected":false},"author":3,"featured_media":15104,"comment_status":"open","ping_status":"open","sticky":false,"template":"","format":"standard","meta":{"_exactmetrics_skip_tracking":false,"_exactmetrics_sitenote_active":false,"_exactmetrics_sitenote_note":"","_exactmetrics_sitenote_category":0,"footnotes":""},"categories":[267],"tags":[546],"class_list":{"0":"post-15103","1":"post","2":"type-post","3":"status-publish","4":"format-standard","5":"has-post-thumbnail","7":"category-condado-entrevistas","8":"tag-concello-das-neves"},"yoast_head":"<!-- This site is optimized with the Yoast SEO plugin v27.4 - https:\/\/yoast.com\/product\/yoast-seo-wordpress\/ -->\n<title>\u00d3scar Gonz\u00e1lez, voceiro do BNG das Neves -<\/title>\n<meta name=\"robots\" content=\"index, follow, max-snippet:-1, max-image-preview:large, max-video-preview:-1\" \/>\n<link rel=\"canonical\" href=\"https:\/\/www.anovapeneira.gal\/index.php\/2025\/12\/22\/oscar-gonzalez-voceiro-do-bng-das-neves\/\" \/>\n<meta property=\"og:locale\" content=\"gl_ES\" \/>\n<meta property=\"og:type\" content=\"article\" \/>\n<meta property=\"og:title\" content=\"\u00d3scar Gonz\u00e1lez, voceiro do BNG das Neves -\" \/>\n<meta property=\"og:description\" content=\"\u00d3scar \u00e9 un mozo de Taboexa, de formaci\u00f3n inform\u00e1tico, que se est\u00e1 a consolidar como novo referente do BNG local, despois da dimisi\u00f3n do anterior alcalde Xose Manuel Rodr\u00edguez [...]\" \/>\n<meta property=\"og:url\" content=\"https:\/\/www.anovapeneira.gal\/index.php\/2025\/12\/22\/oscar-gonzalez-voceiro-do-bng-das-neves\/\" \/>\n<meta property=\"article:publisher\" content=\"https:\/\/www.facebook.com\/anovapeneira\" \/>\n<meta property=\"article:published_time\" content=\"2025-12-22T11:00:32+00:00\" \/>\n<meta property=\"og:image\" content=\"https:\/\/www.anovapeneira.gal\/wp-content\/uploads\/2025\/12\/oscar_bng_neves.jpg\" \/>\n\t<meta property=\"og:image:width\" content=\"720\" \/>\n\t<meta property=\"og:image:height\" content=\"432\" \/>\n\t<meta property=\"og:image:type\" content=\"image\/jpeg\" \/>\n<meta name=\"author\" content=\"Redacci\u00f3n A Nova Peneira\" \/>\n<meta name=\"twitter:card\" content=\"summary_large_image\" \/>\n<meta name=\"twitter:creator\" content=\"@APeneira\" \/>\n<meta name=\"twitter:site\" content=\"@APeneira\" \/>\n<meta name=\"twitter:label1\" content=\"Escrito por\" \/>\n\t<meta name=\"twitter:data1\" content=\"Redacci\u00f3n A Nova Peneira\" \/>\n\t<meta name=\"twitter:label2\" content=\"Tempo de lectura\" \/>\n\t<meta name=\"twitter:data2\" content=\"4 minutos\" \/>\n<script type=\"application\/ld+json\" class=\"yoast-schema-graph\">{\"@context\":\"https:\\\/\\\/schema.org\",\"@graph\":[{\"@type\":\"Article\",\"@id\":\"https:\\\/\\\/www.anovapeneira.gal\\\/index.php\\\/2025\\\/12\\\/22\\\/oscar-gonzalez-voceiro-do-bng-das-neves\\\/#article\",\"isPartOf\":{\"@id\":\"https:\\\/\\\/www.anovapeneira.gal\\\/index.php\\\/2025\\\/12\\\/22\\\/oscar-gonzalez-voceiro-do-bng-das-neves\\\/\"},\"author\":{\"name\":\"Redacci\u00f3n A Nova Peneira\",\"@id\":\"https:\\\/\\\/www.anovapeneira.gal\\\/#\\\/schema\\\/person\\\/b93e3f8932e3f8da96334607eb6ac6aa\"},\"headline\":\"\u00d3scar Gonz\u00e1lez, voceiro do BNG das Neves\",\"datePublished\":\"2025-12-22T11:00:32+00:00\",\"mainEntityOfPage\":{\"@id\":\"https:\\\/\\\/www.anovapeneira.gal\\\/index.php\\\/2025\\\/12\\\/22\\\/oscar-gonzalez-voceiro-do-bng-das-neves\\\/\"},\"wordCount\":1622,\"commentCount\":0,\"publisher\":{\"@id\":\"https:\\\/\\\/www.anovapeneira.gal\\\/#organization\"},\"image\":{\"@id\":\"https:\\\/\\\/www.anovapeneira.gal\\\/index.php\\\/2025\\\/12\\\/22\\\/oscar-gonzalez-voceiro-do-bng-das-neves\\\/#primaryimage\"},\"thumbnailUrl\":\"https:\\\/\\\/www.anovapeneira.gal\\\/wp-content\\\/uploads\\\/2025\\\/12\\\/oscar_bng_neves.jpg\",\"keywords\":[\"Concello das Neves\"],\"articleSection\":[\"Condado\"],\"inLanguage\":\"gl-ES\",\"potentialAction\":[{\"@type\":\"CommentAction\",\"name\":\"Comment\",\"target\":[\"https:\\\/\\\/www.anovapeneira.gal\\\/index.php\\\/2025\\\/12\\\/22\\\/oscar-gonzalez-voceiro-do-bng-das-neves\\\/#respond\"]}]},{\"@type\":\"WebPage\",\"@id\":\"https:\\\/\\\/www.anovapeneira.gal\\\/index.php\\\/2025\\\/12\\\/22\\\/oscar-gonzalez-voceiro-do-bng-das-neves\\\/\",\"url\":\"https:\\\/\\\/www.anovapeneira.gal\\\/index.php\\\/2025\\\/12\\\/22\\\/oscar-gonzalez-voceiro-do-bng-das-neves\\\/\",\"name\":\"\u00d3scar Gonz\u00e1lez, voceiro do BNG das Neves -\",\"isPartOf\":{\"@id\":\"https:\\\/\\\/www.anovapeneira.gal\\\/#website\"},\"primaryImageOfPage\":{\"@id\":\"https:\\\/\\\/www.anovapeneira.gal\\\/index.php\\\/2025\\\/12\\\/22\\\/oscar-gonzalez-voceiro-do-bng-das-neves\\\/#primaryimage\"},\"image\":{\"@id\":\"https:\\\/\\\/www.anovapeneira.gal\\\/index.php\\\/2025\\\/12\\\/22\\\/oscar-gonzalez-voceiro-do-bng-das-neves\\\/#primaryimage\"},\"thumbnailUrl\":\"https:\\\/\\\/www.anovapeneira.gal\\\/wp-content\\\/uploads\\\/2025\\\/12\\\/oscar_bng_neves.jpg\",\"datePublished\":\"2025-12-22T11:00:32+00:00\",\"breadcrumb\":{\"@id\":\"https:\\\/\\\/www.anovapeneira.gal\\\/index.php\\\/2025\\\/12\\\/22\\\/oscar-gonzalez-voceiro-do-bng-das-neves\\\/#breadcrumb\"},\"inLanguage\":\"gl-ES\",\"potentialAction\":[{\"@type\":\"ReadAction\",\"target\":[\"https:\\\/\\\/www.anovapeneira.gal\\\/index.php\\\/2025\\\/12\\\/22\\\/oscar-gonzalez-voceiro-do-bng-das-neves\\\/\"]}]},{\"@type\":\"ImageObject\",\"inLanguage\":\"gl-ES\",\"@id\":\"https:\\\/\\\/www.anovapeneira.gal\\\/index.php\\\/2025\\\/12\\\/22\\\/oscar-gonzalez-voceiro-do-bng-das-neves\\\/#primaryimage\",\"url\":\"https:\\\/\\\/www.anovapeneira.gal\\\/wp-content\\\/uploads\\\/2025\\\/12\\\/oscar_bng_neves.jpg\",\"contentUrl\":\"https:\\\/\\\/www.anovapeneira.gal\\\/wp-content\\\/uploads\\\/2025\\\/12\\\/oscar_bng_neves.jpg\",\"width\":720,\"height\":432},{\"@type\":\"BreadcrumbList\",\"@id\":\"https:\\\/\\\/www.anovapeneira.gal\\\/index.php\\\/2025\\\/12\\\/22\\\/oscar-gonzalez-voceiro-do-bng-das-neves\\\/#breadcrumb\",\"itemListElement\":[{\"@type\":\"ListItem\",\"position\":1,\"name\":\"Portada\",\"item\":\"https:\\\/\\\/www.anovapeneira.gal\\\/\"},{\"@type\":\"ListItem\",\"position\":2,\"name\":\"\u00d3scar Gonz\u00e1lez, voceiro do BNG das Neves\"}]},{\"@type\":\"WebSite\",\"@id\":\"https:\\\/\\\/www.anovapeneira.gal\\\/#website\",\"url\":\"https:\\\/\\\/www.anovapeneira.gal\\\/\",\"name\":\"\",\"description\":\"Xornal galego de informaci\u00f3n xeral Publicaci\u00f3n mensual de novas de Galicia e en especial dos Concellos da sur da provincia de Pontevedra.\",\"publisher\":{\"@id\":\"https:\\\/\\\/www.anovapeneira.gal\\\/#organization\"},\"potentialAction\":[{\"@type\":\"SearchAction\",\"target\":{\"@type\":\"EntryPoint\",\"urlTemplate\":\"https:\\\/\\\/www.anovapeneira.gal\\\/?s={search_term_string}\"},\"query-input\":{\"@type\":\"PropertyValueSpecification\",\"valueRequired\":true,\"valueName\":\"search_term_string\"}}],\"inLanguage\":\"gl-ES\"},{\"@type\":\"Organization\",\"@id\":\"https:\\\/\\\/www.anovapeneira.gal\\\/#organization\",\"name\":\"A Nova Peneira\",\"url\":\"https:\\\/\\\/www.anovapeneira.gal\\\/\",\"logo\":{\"@type\":\"ImageObject\",\"inLanguage\":\"gl-ES\",\"@id\":\"https:\\\/\\\/www.anovapeneira.gal\\\/#\\\/schema\\\/logo\\\/image\\\/\",\"url\":\"http:\\\/\\\/www.anovapeneira.gal\\\/wp-content\\\/uploads\\\/2019\\\/06\\\/logo_a_nova_peneira_portal_web.png\",\"contentUrl\":\"http:\\\/\\\/www.anovapeneira.gal\\\/wp-content\\\/uploads\\\/2019\\\/06\\\/logo_a_nova_peneira_portal_web.png\",\"width\":300,\"height\":100,\"caption\":\"A Nova Peneira\"},\"image\":{\"@id\":\"https:\\\/\\\/www.anovapeneira.gal\\\/#\\\/schema\\\/logo\\\/image\\\/\"},\"sameAs\":[\"https:\\\/\\\/www.facebook.com\\\/anovapeneira\",\"https:\\\/\\\/x.com\\\/APeneira\"]},{\"@type\":\"Person\",\"@id\":\"https:\\\/\\\/www.anovapeneira.gal\\\/#\\\/schema\\\/person\\\/b93e3f8932e3f8da96334607eb6ac6aa\",\"name\":\"Redacci\u00f3n A Nova Peneira\",\"image\":{\"@type\":\"ImageObject\",\"inLanguage\":\"gl-ES\",\"@id\":\"https:\\\/\\\/secure.gravatar.com\\\/avatar\\\/c052a2551a06e23fac63626232eaa90abd78dbcf1700fc46a2b2c89fd27b735f?s=96&d=mm&r=g\",\"url\":\"https:\\\/\\\/secure.gravatar.com\\\/avatar\\\/c052a2551a06e23fac63626232eaa90abd78dbcf1700fc46a2b2c89fd27b735f?s=96&d=mm&r=g\",\"contentUrl\":\"https:\\\/\\\/secure.gravatar.com\\\/avatar\\\/c052a2551a06e23fac63626232eaa90abd78dbcf1700fc46a2b2c89fd27b735f?s=96&d=mm&r=g\",\"caption\":\"Redacci\u00f3n A Nova Peneira\"},\"sameAs\":[\"http:\\\/\\\/www.anovapeneira.gal\\\/\"],\"url\":\"https:\\\/\\\/www.anovapeneira.gal\\\/index.php\\\/author\\\/redactor\\\/\"}]}<\/script>\n<!-- \/ Yoast SEO plugin. -->","yoast_head_json":{"title":"\u00d3scar Gonz\u00e1lez, voceiro do BNG das Neves -","robots":{"index":"index","follow":"follow","max-snippet":"max-snippet:-1","max-image-preview":"max-image-preview:large","max-video-preview":"max-video-preview:-1"},"canonical":"https:\/\/www.anovapeneira.gal\/index.php\/2025\/12\/22\/oscar-gonzalez-voceiro-do-bng-das-neves\/","og_locale":"gl_ES","og_type":"article","og_title":"\u00d3scar Gonz\u00e1lez, voceiro do BNG das Neves -","og_description":"\u00d3scar \u00e9 un mozo de Taboexa, de formaci\u00f3n inform\u00e1tico, que se est\u00e1 a consolidar como novo referente do BNG local, despois da dimisi\u00f3n do anterior alcalde Xose Manuel Rodr\u00edguez [...]","og_url":"https:\/\/www.anovapeneira.gal\/index.php\/2025\/12\/22\/oscar-gonzalez-voceiro-do-bng-das-neves\/","article_publisher":"https:\/\/www.facebook.com\/anovapeneira","article_published_time":"2025-12-22T11:00:32+00:00","og_image":[{"width":720,"height":432,"url":"https:\/\/www.anovapeneira.gal\/wp-content\/uploads\/2025\/12\/oscar_bng_neves.jpg","type":"image\/jpeg"}],"author":"Redacci\u00f3n A Nova Peneira","twitter_card":"summary_large_image","twitter_creator":"@APeneira","twitter_site":"@APeneira","twitter_misc":{"Escrito por":"Redacci\u00f3n A Nova Peneira","Tempo de lectura":"4 minutos"},"schema":{"@context":"https:\/\/schema.org","@graph":[{"@type":"Article","@id":"https:\/\/www.anovapeneira.gal\/index.php\/2025\/12\/22\/oscar-gonzalez-voceiro-do-bng-das-neves\/#article","isPartOf":{"@id":"https:\/\/www.anovapeneira.gal\/index.php\/2025\/12\/22\/oscar-gonzalez-voceiro-do-bng-das-neves\/"},"author":{"name":"Redacci\u00f3n A Nova Peneira","@id":"https:\/\/www.anovapeneira.gal\/#\/schema\/person\/b93e3f8932e3f8da96334607eb6ac6aa"},"headline":"\u00d3scar Gonz\u00e1lez, voceiro do BNG das Neves","datePublished":"2025-12-22T11:00:32+00:00","mainEntityOfPage":{"@id":"https:\/\/www.anovapeneira.gal\/index.php\/2025\/12\/22\/oscar-gonzalez-voceiro-do-bng-das-neves\/"},"wordCount":1622,"commentCount":0,"publisher":{"@id":"https:\/\/www.anovapeneira.gal\/#organization"},"image":{"@id":"https:\/\/www.anovapeneira.gal\/index.php\/2025\/12\/22\/oscar-gonzalez-voceiro-do-bng-das-neves\/#primaryimage"},"thumbnailUrl":"https:\/\/www.anovapeneira.gal\/wp-content\/uploads\/2025\/12\/oscar_bng_neves.jpg","keywords":["Concello das Neves"],"articleSection":["Condado"],"inLanguage":"gl-ES","potentialAction":[{"@type":"CommentAction","name":"Comment","target":["https:\/\/www.anovapeneira.gal\/index.php\/2025\/12\/22\/oscar-gonzalez-voceiro-do-bng-das-neves\/#respond"]}]},{"@type":"WebPage","@id":"https:\/\/www.anovapeneira.gal\/index.php\/2025\/12\/22\/oscar-gonzalez-voceiro-do-bng-das-neves\/","url":"https:\/\/www.anovapeneira.gal\/index.php\/2025\/12\/22\/oscar-gonzalez-voceiro-do-bng-das-neves\/","name":"\u00d3scar Gonz\u00e1lez, voceiro do BNG das Neves -","isPartOf":{"@id":"https:\/\/www.anovapeneira.gal\/#website"},"primaryImageOfPage":{"@id":"https:\/\/www.anovapeneira.gal\/index.php\/2025\/12\/22\/oscar-gonzalez-voceiro-do-bng-das-neves\/#primaryimage"},"image":{"@id":"https:\/\/www.anovapeneira.gal\/index.php\/2025\/12\/22\/oscar-gonzalez-voceiro-do-bng-das-neves\/#primaryimage"},"thumbnailUrl":"https:\/\/www.anovapeneira.gal\/wp-content\/uploads\/2025\/12\/oscar_bng_neves.jpg","datePublished":"2025-12-22T11:00:32+00:00","breadcrumb":{"@id":"https:\/\/www.anovapeneira.gal\/index.php\/2025\/12\/22\/oscar-gonzalez-voceiro-do-bng-das-neves\/#breadcrumb"},"inLanguage":"gl-ES","potentialAction":[{"@type":"ReadAction","target":["https:\/\/www.anovapeneira.gal\/index.php\/2025\/12\/22\/oscar-gonzalez-voceiro-do-bng-das-neves\/"]}]},{"@type":"ImageObject","inLanguage":"gl-ES","@id":"https:\/\/www.anovapeneira.gal\/index.php\/2025\/12\/22\/oscar-gonzalez-voceiro-do-bng-das-neves\/#primaryimage","url":"https:\/\/www.anovapeneira.gal\/wp-content\/uploads\/2025\/12\/oscar_bng_neves.jpg","contentUrl":"https:\/\/www.anovapeneira.gal\/wp-content\/uploads\/2025\/12\/oscar_bng_neves.jpg","width":720,"height":432},{"@type":"BreadcrumbList","@id":"https:\/\/www.anovapeneira.gal\/index.php\/2025\/12\/22\/oscar-gonzalez-voceiro-do-bng-das-neves\/#breadcrumb","itemListElement":[{"@type":"ListItem","position":1,"name":"Portada","item":"https:\/\/www.anovapeneira.gal\/"},{"@type":"ListItem","position":2,"name":"\u00d3scar Gonz\u00e1lez, voceiro do BNG das Neves"}]},{"@type":"WebSite","@id":"https:\/\/www.anovapeneira.gal\/#website","url":"https:\/\/www.anovapeneira.gal\/","name":"","description":"Xornal galego de informaci\u00f3n xeral Publicaci\u00f3n mensual de novas de Galicia e en especial dos Concellos da sur da provincia de Pontevedra.","publisher":{"@id":"https:\/\/www.anovapeneira.gal\/#organization"},"potentialAction":[{"@type":"SearchAction","target":{"@type":"EntryPoint","urlTemplate":"https:\/\/www.anovapeneira.gal\/?s={search_term_string}"},"query-input":{"@type":"PropertyValueSpecification","valueRequired":true,"valueName":"search_term_string"}}],"inLanguage":"gl-ES"},{"@type":"Organization","@id":"https:\/\/www.anovapeneira.gal\/#organization","name":"A Nova Peneira","url":"https:\/\/www.anovapeneira.gal\/","logo":{"@type":"ImageObject","inLanguage":"gl-ES","@id":"https:\/\/www.anovapeneira.gal\/#\/schema\/logo\/image\/","url":"http:\/\/www.anovapeneira.gal\/wp-content\/uploads\/2019\/06\/logo_a_nova_peneira_portal_web.png","contentUrl":"http:\/\/www.anovapeneira.gal\/wp-content\/uploads\/2019\/06\/logo_a_nova_peneira_portal_web.png","width":300,"height":100,"caption":"A Nova Peneira"},"image":{"@id":"https:\/\/www.anovapeneira.gal\/#\/schema\/logo\/image\/"},"sameAs":["https:\/\/www.facebook.com\/anovapeneira","https:\/\/x.com\/APeneira"]},{"@type":"Person","@id":"https:\/\/www.anovapeneira.gal\/#\/schema\/person\/b93e3f8932e3f8da96334607eb6ac6aa","name":"Redacci\u00f3n A Nova Peneira","image":{"@type":"ImageObject","inLanguage":"gl-ES","@id":"https:\/\/secure.gravatar.com\/avatar\/c052a2551a06e23fac63626232eaa90abd78dbcf1700fc46a2b2c89fd27b735f?s=96&d=mm&r=g","url":"https:\/\/secure.gravatar.com\/avatar\/c052a2551a06e23fac63626232eaa90abd78dbcf1700fc46a2b2c89fd27b735f?s=96&d=mm&r=g","contentUrl":"https:\/\/secure.gravatar.com\/avatar\/c052a2551a06e23fac63626232eaa90abd78dbcf1700fc46a2b2c89fd27b735f?s=96&d=mm&r=g","caption":"Redacci\u00f3n A Nova Peneira"},"sameAs":["http:\/\/www.anovapeneira.gal\/"],"url":"https:\/\/www.anovapeneira.gal\/index.php\/author\/redactor\/"}]}},"jetpack_featured_media_url":"https:\/\/www.anovapeneira.gal\/wp-content\/uploads\/2025\/12\/oscar_bng_neves.jpg","_links":{"self":[{"href":"https:\/\/www.anovapeneira.gal\/index.php\/wp-json\/wp\/v2\/posts\/15103","targetHints":{"allow":["GET"]}}],"collection":[{"href":"https:\/\/www.anovapeneira.gal\/index.php\/wp-json\/wp\/v2\/posts"}],"about":[{"href":"https:\/\/www.anovapeneira.gal\/index.php\/wp-json\/wp\/v2\/types\/post"}],"author":[{"embeddable":true,"href":"https:\/\/www.anovapeneira.gal\/index.php\/wp-json\/wp\/v2\/users\/3"}],"replies":[{"embeddable":true,"href":"https:\/\/www.anovapeneira.gal\/index.php\/wp-json\/wp\/v2\/comments?post=15103"}],"version-history":[{"count":1,"href":"https:\/\/www.anovapeneira.gal\/index.php\/wp-json\/wp\/v2\/posts\/15103\/revisions"}],"predecessor-version":[{"id":15105,"href":"https:\/\/www.anovapeneira.gal\/index.php\/wp-json\/wp\/v2\/posts\/15103\/revisions\/15105"}],"wp:featuredmedia":[{"embeddable":true,"href":"https:\/\/www.anovapeneira.gal\/index.php\/wp-json\/wp\/v2\/media\/15104"}],"wp:attachment":[{"href":"https:\/\/www.anovapeneira.gal\/index.php\/wp-json\/wp\/v2\/media?parent=15103"}],"wp:term":[{"taxonomy":"category","embeddable":true,"href":"https:\/\/www.anovapeneira.gal\/index.php\/wp-json\/wp\/v2\/categories?post=15103"},{"taxonomy":"post_tag","embeddable":true,"href":"https:\/\/www.anovapeneira.gal\/index.php\/wp-json\/wp\/v2\/tags?post=15103"}],"curies":[{"name":"wp","href":"https:\/\/api.w.org\/{rel}","templated":true}]}}