{"id":15106,"date":"2025-12-23T10:00:38","date_gmt":"2025-12-23T09:00:38","guid":{"rendered":"https:\/\/www.anovapeneira.gal\/?p=15106"},"modified":"2025-12-13T10:50:01","modified_gmt":"2025-12-13T09:50:01","slug":"a-mina-casina-o-meu-lar-non-e-unha-utopia-e-un-dereito","status":"publish","type":"post","link":"https:\/\/www.anovapeneira.gal\/index.php\/2025\/12\/23\/a-mina-casina-o-meu-lar-non-e-unha-utopia-e-un-dereito\/","title":{"rendered":"A mi\u00f1a casi\u00f1a, o meu lar: non \u00e9 unha utop\u00eda, \u00e9 un dereito"},"content":{"rendered":"\n<pre class=\"wp-block-verse\">Carmen Santos<\/pre>\n\n\n\n<p>Medrei nunha casa onde sempre se falaba da importancia de ter un teito propio. Un lugar seguro.Un recuncho noso. Un sitio onde botar ra\u00edces, onde gardar as fotos vellas, os libros que non setiran, os silencios que dan tranquilidade e os so\u00f1os que se maduran sen medo. A mi\u00f1a nai dic\u00edamoitas veces: \u201co que se ten, g\u00e1\u00f1ase co traballo\u201d. E eu crino.<\/p>\n\n\n\n<p>Cr\u00edn cando estudaba, cando traballaba m\u00e1is do que pod\u00eda dende os 25 anos, compartindo piso cosmeus primeiros soldos de 900 euros como funcionaria en Barcelona e Madrid, coa idea de queanos despois, con esforzo, poder\u00eda ter estabilidade na mi\u00f1a terra. Cr\u00edn cando decid\u00edn quedar enGalicia, a pesar de que o mundo parec\u00eda levanos por diante. Hoxe, xa adulta, con case 20 anos decarreira profesional, cun pequeno peto de aforros e con cabeza, dec\u00e1tome de que o que meensinaron talvez fose mentira. Ou, cando menos, unha verdade que xa non vale neste sistema feitopara frustrar o esforzo e premiar a especulaci\u00f3n.<\/p>\n\n\n\n<p>Porque en Vigo, onde vivo, \u00e9 m\u00e1is f\u00e1cil encontrar un piso tur\u00edstico que un fogar. Porque os prezosnon deixan de subir, tanto para comprar coma para alugar, e os soldos non acompa\u00f1an. Porque avivenda baleira segue a medrar, pero non se pon \u00e1 disposici\u00f3n da xente. Porque \u00e1s vecesp\u00eddenche pagar en B, \u00e1s veces co\u00f1eces quen o fixo, e o peor: \u00e1s veces ata entendes por que ofixo. Porque todo \u00e9 un sistema de renuncias e parches, e o que non se herda, c\u00f3mpralo con medo,ou non se compra nunca.<\/p>\n\n\n\n<p>E digo m\u00e1is: a\u00ednda que emigraras, a\u00ednda que te esforzaras, a\u00ednda que fixeras todo \u201cben\u201d, a casanon chega. E se chega, chega coa axuda dos pais, coa renuncia aos fillos, coa angustia de nonpoder enfermar, ou coa culpa de non chegar a m\u00e1is. E o peor \u00e9 cando comezas a aceptalo comonormal. Porque non o \u00e9.Non \u00e9 normal que para vivir con dignidade, te\u00f1as que esperar a que teus pais falten.<\/p>\n\n\n\n<p>Non \u00e9 normalque aceptemos como inevitable que s\u00f3 os que te\u00f1en, poidan seguir tendo. Non \u00e9 normal que ospol\u00edticos digan que \u201ca vivenda \u00e9 un dereito\u201d mentres fan como que fan, pero non fan nada deverdade.<\/p>\n\n\n\n<p>A vivenda non \u00e9 un luxo nin un premio a quen tivo sorte. \u00c9 a base desde a que se constr\u00fae unhavida. \u00c9 o lugar onde envellecer sen medo, onde mirar ao futuro con tranquilidade, onde amar, ondecoidar, onde resistir. E por iso doe. Doe cando ves que ningu\u00e9n con poder pol\u00edtico fala claro, ninact\u00faa con valent\u00eda. Doe cando che din que \u201cnon \u00e9 tan sinxelo\u201d, mentres ti xa levas unha vidaenteira facendo o dif\u00edcil<\/p>\n\n\n\n<p>.Eu non quero que me regalen nada. Quero que se premie o esforzo, que se castigue a trampa, quese po\u00f1a a vivenda no centro das pol\u00edticas p\u00fablicas. Quero que vivir aqu\u00ed sexa posible sen dependerdunha herdanza, dun golpe de sorte ou dun trato baixo a mesa.<\/p>\n\n\n\n<p>Porque \u201ca mi\u00f1a casi\u00f1a, o meu lar\u201d non \u00e9 s\u00f3 un verso fermoso de Rosal\u00eda. \u00c9 un anhelo que levas\u00e9culos vivo en n\u00f3s. \u00c9 unha lembranza que nos fala de dignidade, de ra\u00edz, de futuro.<\/p>\n\n\n\n<p>E por iso hoxe, m\u00e1is ca nunca, defendelo \u00e9 defender o pa\u00eds que queremos ser.<\/p>\n","protected":false},"excerpt":{"rendered":"<div class=\"mh-excerpt\"><p>Medrei nunha casa onde sempre se falaba da importancia de ter un teito propio. Un lugar seguro.Un recuncho noso. <a class=\"mh-excerpt-more\" href=\"https:\/\/www.anovapeneira.gal\/index.php\/2025\/12\/23\/a-mina-casina-o-meu-lar-non-e-unha-utopia-e-un-dereito\/\" title=\"A mi\u00f1a casi\u00f1a, o meu lar: non \u00e9 unha utop\u00eda, \u00e9 un dereito\">[&#8230;]<\/a><\/p>\n<\/div>","protected":false},"author":12,"featured_media":14254,"comment_status":"open","ping_status":"open","sticky":false,"template":"","format":"standard","meta":{"_exactmetrics_skip_tracking":false,"_exactmetrics_sitenote_active":false,"_exactmetrics_sitenote_note":"","_exactmetrics_sitenote_category":0,"footnotes":""},"categories":[7],"tags":[],"class_list":{"0":"post-15106","1":"post","2":"type-post","3":"status-publish","4":"format-standard","5":"has-post-thumbnail","7":"category-artigos-de-opinion"},"yoast_head":"<!-- This site is optimized with the Yoast SEO plugin v27.4 - https:\/\/yoast.com\/product\/yoast-seo-wordpress\/ -->\n<title>A mi\u00f1a casi\u00f1a, o meu lar: non \u00e9 unha utop\u00eda, \u00e9 un dereito -<\/title>\n<meta name=\"robots\" content=\"index, follow, max-snippet:-1, max-image-preview:large, max-video-preview:-1\" \/>\n<link rel=\"canonical\" href=\"https:\/\/www.anovapeneira.gal\/index.php\/2025\/12\/23\/a-mina-casina-o-meu-lar-non-e-unha-utopia-e-un-dereito\/\" \/>\n<meta property=\"og:locale\" content=\"gl_ES\" \/>\n<meta property=\"og:type\" content=\"article\" \/>\n<meta property=\"og:title\" content=\"A mi\u00f1a casi\u00f1a, o meu lar: non \u00e9 unha utop\u00eda, \u00e9 un dereito -\" \/>\n<meta property=\"og:description\" content=\"Medrei nunha casa onde sempre se falaba da importancia de ter un teito propio. Un lugar seguro.Un recuncho noso. [...]\" \/>\n<meta property=\"og:url\" content=\"https:\/\/www.anovapeneira.gal\/index.php\/2025\/12\/23\/a-mina-casina-o-meu-lar-non-e-unha-utopia-e-un-dereito\/\" \/>\n<meta property=\"article:publisher\" content=\"https:\/\/www.facebook.com\/anovapeneira\" \/>\n<meta property=\"article:published_time\" content=\"2025-12-23T09:00:38+00:00\" \/>\n<meta property=\"og:image\" content=\"https:\/\/www.anovapeneira.gal\/wp-content\/uploads\/2025\/07\/carmen_santos.jpg\" \/>\n\t<meta property=\"og:image:width\" content=\"720\" \/>\n\t<meta property=\"og:image:height\" content=\"432\" \/>\n\t<meta property=\"og:image:type\" content=\"image\/jpeg\" \/>\n<meta name=\"author\" content=\"Artigos Opini\u00f3n\" \/>\n<meta name=\"twitter:card\" content=\"summary_large_image\" \/>\n<meta name=\"twitter:creator\" content=\"@APeneira\" \/>\n<meta name=\"twitter:site\" content=\"@APeneira\" \/>\n<meta name=\"twitter:label1\" content=\"Escrito por\" \/>\n\t<meta name=\"twitter:data1\" content=\"Artigos Opini\u00f3n\" \/>\n\t<meta name=\"twitter:label2\" content=\"Tempo de lectura\" \/>\n\t<meta name=\"twitter:data2\" content=\"4 minutos\" \/>\n<script type=\"application\/ld+json\" class=\"yoast-schema-graph\">{\"@context\":\"https:\\\/\\\/schema.org\",\"@graph\":[{\"@type\":\"Article\",\"@id\":\"https:\\\/\\\/www.anovapeneira.gal\\\/index.php\\\/2025\\\/12\\\/23\\\/a-mina-casina-o-meu-lar-non-e-unha-utopia-e-un-dereito\\\/#article\",\"isPartOf\":{\"@id\":\"https:\\\/\\\/www.anovapeneira.gal\\\/index.php\\\/2025\\\/12\\\/23\\\/a-mina-casina-o-meu-lar-non-e-unha-utopia-e-un-dereito\\\/\"},\"author\":{\"name\":\"Artigos Opini\u00f3n\",\"@id\":\"https:\\\/\\\/www.anovapeneira.gal\\\/#\\\/schema\\\/person\\\/f18a4feb302e8f20bcef4490b5b60bb3\"},\"headline\":\"A mi\u00f1a casi\u00f1a, o meu lar: non \u00e9 unha utop\u00eda, \u00e9 un dereito\",\"datePublished\":\"2025-12-23T09:00:38+00:00\",\"mainEntityOfPage\":{\"@id\":\"https:\\\/\\\/www.anovapeneira.gal\\\/index.php\\\/2025\\\/12\\\/23\\\/a-mina-casina-o-meu-lar-non-e-unha-utopia-e-un-dereito\\\/\"},\"wordCount\":575,\"commentCount\":0,\"publisher\":{\"@id\":\"https:\\\/\\\/www.anovapeneira.gal\\\/#organization\"},\"image\":{\"@id\":\"https:\\\/\\\/www.anovapeneira.gal\\\/index.php\\\/2025\\\/12\\\/23\\\/a-mina-casina-o-meu-lar-non-e-unha-utopia-e-un-dereito\\\/#primaryimage\"},\"thumbnailUrl\":\"https:\\\/\\\/www.anovapeneira.gal\\\/wp-content\\\/uploads\\\/2025\\\/07\\\/carmen_santos.jpg\",\"articleSection\":[\"Artigos de opini\u00f3n\"],\"inLanguage\":\"gl-ES\",\"potentialAction\":[{\"@type\":\"CommentAction\",\"name\":\"Comment\",\"target\":[\"https:\\\/\\\/www.anovapeneira.gal\\\/index.php\\\/2025\\\/12\\\/23\\\/a-mina-casina-o-meu-lar-non-e-unha-utopia-e-un-dereito\\\/#respond\"]}]},{\"@type\":\"WebPage\",\"@id\":\"https:\\\/\\\/www.anovapeneira.gal\\\/index.php\\\/2025\\\/12\\\/23\\\/a-mina-casina-o-meu-lar-non-e-unha-utopia-e-un-dereito\\\/\",\"url\":\"https:\\\/\\\/www.anovapeneira.gal\\\/index.php\\\/2025\\\/12\\\/23\\\/a-mina-casina-o-meu-lar-non-e-unha-utopia-e-un-dereito\\\/\",\"name\":\"A mi\u00f1a casi\u00f1a, o meu lar: non \u00e9 unha utop\u00eda, \u00e9 un dereito -\",\"isPartOf\":{\"@id\":\"https:\\\/\\\/www.anovapeneira.gal\\\/#website\"},\"primaryImageOfPage\":{\"@id\":\"https:\\\/\\\/www.anovapeneira.gal\\\/index.php\\\/2025\\\/12\\\/23\\\/a-mina-casina-o-meu-lar-non-e-unha-utopia-e-un-dereito\\\/#primaryimage\"},\"image\":{\"@id\":\"https:\\\/\\\/www.anovapeneira.gal\\\/index.php\\\/2025\\\/12\\\/23\\\/a-mina-casina-o-meu-lar-non-e-unha-utopia-e-un-dereito\\\/#primaryimage\"},\"thumbnailUrl\":\"https:\\\/\\\/www.anovapeneira.gal\\\/wp-content\\\/uploads\\\/2025\\\/07\\\/carmen_santos.jpg\",\"datePublished\":\"2025-12-23T09:00:38+00:00\",\"breadcrumb\":{\"@id\":\"https:\\\/\\\/www.anovapeneira.gal\\\/index.php\\\/2025\\\/12\\\/23\\\/a-mina-casina-o-meu-lar-non-e-unha-utopia-e-un-dereito\\\/#breadcrumb\"},\"inLanguage\":\"gl-ES\",\"potentialAction\":[{\"@type\":\"ReadAction\",\"target\":[\"https:\\\/\\\/www.anovapeneira.gal\\\/index.php\\\/2025\\\/12\\\/23\\\/a-mina-casina-o-meu-lar-non-e-unha-utopia-e-un-dereito\\\/\"]}]},{\"@type\":\"ImageObject\",\"inLanguage\":\"gl-ES\",\"@id\":\"https:\\\/\\\/www.anovapeneira.gal\\\/index.php\\\/2025\\\/12\\\/23\\\/a-mina-casina-o-meu-lar-non-e-unha-utopia-e-un-dereito\\\/#primaryimage\",\"url\":\"https:\\\/\\\/www.anovapeneira.gal\\\/wp-content\\\/uploads\\\/2025\\\/07\\\/carmen_santos.jpg\",\"contentUrl\":\"https:\\\/\\\/www.anovapeneira.gal\\\/wp-content\\\/uploads\\\/2025\\\/07\\\/carmen_santos.jpg\",\"width\":720,\"height\":432,\"caption\":\"Carme santos\"},{\"@type\":\"BreadcrumbList\",\"@id\":\"https:\\\/\\\/www.anovapeneira.gal\\\/index.php\\\/2025\\\/12\\\/23\\\/a-mina-casina-o-meu-lar-non-e-unha-utopia-e-un-dereito\\\/#breadcrumb\",\"itemListElement\":[{\"@type\":\"ListItem\",\"position\":1,\"name\":\"Portada\",\"item\":\"https:\\\/\\\/www.anovapeneira.gal\\\/\"},{\"@type\":\"ListItem\",\"position\":2,\"name\":\"A mi\u00f1a casi\u00f1a, o meu lar: non \u00e9 unha utop\u00eda, \u00e9 un dereito\"}]},{\"@type\":\"WebSite\",\"@id\":\"https:\\\/\\\/www.anovapeneira.gal\\\/#website\",\"url\":\"https:\\\/\\\/www.anovapeneira.gal\\\/\",\"name\":\"\",\"description\":\"Xornal galego de informaci\u00f3n xeral Publicaci\u00f3n mensual de novas de Galicia e en especial dos Concellos da sur da provincia de Pontevedra.\",\"publisher\":{\"@id\":\"https:\\\/\\\/www.anovapeneira.gal\\\/#organization\"},\"potentialAction\":[{\"@type\":\"SearchAction\",\"target\":{\"@type\":\"EntryPoint\",\"urlTemplate\":\"https:\\\/\\\/www.anovapeneira.gal\\\/?s={search_term_string}\"},\"query-input\":{\"@type\":\"PropertyValueSpecification\",\"valueRequired\":true,\"valueName\":\"search_term_string\"}}],\"inLanguage\":\"gl-ES\"},{\"@type\":\"Organization\",\"@id\":\"https:\\\/\\\/www.anovapeneira.gal\\\/#organization\",\"name\":\"A Nova Peneira\",\"url\":\"https:\\\/\\\/www.anovapeneira.gal\\\/\",\"logo\":{\"@type\":\"ImageObject\",\"inLanguage\":\"gl-ES\",\"@id\":\"https:\\\/\\\/www.anovapeneira.gal\\\/#\\\/schema\\\/logo\\\/image\\\/\",\"url\":\"http:\\\/\\\/www.anovapeneira.gal\\\/wp-content\\\/uploads\\\/2019\\\/06\\\/logo_a_nova_peneira_portal_web.png\",\"contentUrl\":\"http:\\\/\\\/www.anovapeneira.gal\\\/wp-content\\\/uploads\\\/2019\\\/06\\\/logo_a_nova_peneira_portal_web.png\",\"width\":300,\"height\":100,\"caption\":\"A Nova Peneira\"},\"image\":{\"@id\":\"https:\\\/\\\/www.anovapeneira.gal\\\/#\\\/schema\\\/logo\\\/image\\\/\"},\"sameAs\":[\"https:\\\/\\\/www.facebook.com\\\/anovapeneira\",\"https:\\\/\\\/x.com\\\/APeneira\"]},{\"@type\":\"Person\",\"@id\":\"https:\\\/\\\/www.anovapeneira.gal\\\/#\\\/schema\\\/person\\\/f18a4feb302e8f20bcef4490b5b60bb3\",\"name\":\"Artigos Opini\u00f3n\",\"image\":{\"@type\":\"ImageObject\",\"inLanguage\":\"gl-ES\",\"@id\":\"https:\\\/\\\/secure.gravatar.com\\\/avatar\\\/072844300f4881150aee2da4278f7a65d16eefdf8262eb67085f1e702de2b959?s=96&d=mm&r=g\",\"url\":\"https:\\\/\\\/secure.gravatar.com\\\/avatar\\\/072844300f4881150aee2da4278f7a65d16eefdf8262eb67085f1e702de2b959?s=96&d=mm&r=g\",\"contentUrl\":\"https:\\\/\\\/secure.gravatar.com\\\/avatar\\\/072844300f4881150aee2da4278f7a65d16eefdf8262eb67085f1e702de2b959?s=96&d=mm&r=g\",\"caption\":\"Artigos Opini\u00f3n\"},\"sameAs\":[\"http:\\\/\\\/anovapeneira.gal\"],\"url\":\"https:\\\/\\\/www.anovapeneira.gal\\\/index.php\\\/author\\\/artigosopinion\\\/\"}]}<\/script>\n<!-- \/ Yoast SEO plugin. -->","yoast_head_json":{"title":"A mi\u00f1a casi\u00f1a, o meu lar: non \u00e9 unha utop\u00eda, \u00e9 un dereito -","robots":{"index":"index","follow":"follow","max-snippet":"max-snippet:-1","max-image-preview":"max-image-preview:large","max-video-preview":"max-video-preview:-1"},"canonical":"https:\/\/www.anovapeneira.gal\/index.php\/2025\/12\/23\/a-mina-casina-o-meu-lar-non-e-unha-utopia-e-un-dereito\/","og_locale":"gl_ES","og_type":"article","og_title":"A mi\u00f1a casi\u00f1a, o meu lar: non \u00e9 unha utop\u00eda, \u00e9 un dereito -","og_description":"Medrei nunha casa onde sempre se falaba da importancia de ter un teito propio. Un lugar seguro.Un recuncho noso. [...]","og_url":"https:\/\/www.anovapeneira.gal\/index.php\/2025\/12\/23\/a-mina-casina-o-meu-lar-non-e-unha-utopia-e-un-dereito\/","article_publisher":"https:\/\/www.facebook.com\/anovapeneira","article_published_time":"2025-12-23T09:00:38+00:00","og_image":[{"width":720,"height":432,"url":"https:\/\/www.anovapeneira.gal\/wp-content\/uploads\/2025\/07\/carmen_santos.jpg","type":"image\/jpeg"}],"author":"Artigos Opini\u00f3n","twitter_card":"summary_large_image","twitter_creator":"@APeneira","twitter_site":"@APeneira","twitter_misc":{"Escrito por":"Artigos Opini\u00f3n","Tempo de lectura":"4 minutos"},"schema":{"@context":"https:\/\/schema.org","@graph":[{"@type":"Article","@id":"https:\/\/www.anovapeneira.gal\/index.php\/2025\/12\/23\/a-mina-casina-o-meu-lar-non-e-unha-utopia-e-un-dereito\/#article","isPartOf":{"@id":"https:\/\/www.anovapeneira.gal\/index.php\/2025\/12\/23\/a-mina-casina-o-meu-lar-non-e-unha-utopia-e-un-dereito\/"},"author":{"name":"Artigos Opini\u00f3n","@id":"https:\/\/www.anovapeneira.gal\/#\/schema\/person\/f18a4feb302e8f20bcef4490b5b60bb3"},"headline":"A mi\u00f1a casi\u00f1a, o meu lar: non \u00e9 unha utop\u00eda, \u00e9 un dereito","datePublished":"2025-12-23T09:00:38+00:00","mainEntityOfPage":{"@id":"https:\/\/www.anovapeneira.gal\/index.php\/2025\/12\/23\/a-mina-casina-o-meu-lar-non-e-unha-utopia-e-un-dereito\/"},"wordCount":575,"commentCount":0,"publisher":{"@id":"https:\/\/www.anovapeneira.gal\/#organization"},"image":{"@id":"https:\/\/www.anovapeneira.gal\/index.php\/2025\/12\/23\/a-mina-casina-o-meu-lar-non-e-unha-utopia-e-un-dereito\/#primaryimage"},"thumbnailUrl":"https:\/\/www.anovapeneira.gal\/wp-content\/uploads\/2025\/07\/carmen_santos.jpg","articleSection":["Artigos de opini\u00f3n"],"inLanguage":"gl-ES","potentialAction":[{"@type":"CommentAction","name":"Comment","target":["https:\/\/www.anovapeneira.gal\/index.php\/2025\/12\/23\/a-mina-casina-o-meu-lar-non-e-unha-utopia-e-un-dereito\/#respond"]}]},{"@type":"WebPage","@id":"https:\/\/www.anovapeneira.gal\/index.php\/2025\/12\/23\/a-mina-casina-o-meu-lar-non-e-unha-utopia-e-un-dereito\/","url":"https:\/\/www.anovapeneira.gal\/index.php\/2025\/12\/23\/a-mina-casina-o-meu-lar-non-e-unha-utopia-e-un-dereito\/","name":"A mi\u00f1a casi\u00f1a, o meu lar: non \u00e9 unha utop\u00eda, \u00e9 un dereito -","isPartOf":{"@id":"https:\/\/www.anovapeneira.gal\/#website"},"primaryImageOfPage":{"@id":"https:\/\/www.anovapeneira.gal\/index.php\/2025\/12\/23\/a-mina-casina-o-meu-lar-non-e-unha-utopia-e-un-dereito\/#primaryimage"},"image":{"@id":"https:\/\/www.anovapeneira.gal\/index.php\/2025\/12\/23\/a-mina-casina-o-meu-lar-non-e-unha-utopia-e-un-dereito\/#primaryimage"},"thumbnailUrl":"https:\/\/www.anovapeneira.gal\/wp-content\/uploads\/2025\/07\/carmen_santos.jpg","datePublished":"2025-12-23T09:00:38+00:00","breadcrumb":{"@id":"https:\/\/www.anovapeneira.gal\/index.php\/2025\/12\/23\/a-mina-casina-o-meu-lar-non-e-unha-utopia-e-un-dereito\/#breadcrumb"},"inLanguage":"gl-ES","potentialAction":[{"@type":"ReadAction","target":["https:\/\/www.anovapeneira.gal\/index.php\/2025\/12\/23\/a-mina-casina-o-meu-lar-non-e-unha-utopia-e-un-dereito\/"]}]},{"@type":"ImageObject","inLanguage":"gl-ES","@id":"https:\/\/www.anovapeneira.gal\/index.php\/2025\/12\/23\/a-mina-casina-o-meu-lar-non-e-unha-utopia-e-un-dereito\/#primaryimage","url":"https:\/\/www.anovapeneira.gal\/wp-content\/uploads\/2025\/07\/carmen_santos.jpg","contentUrl":"https:\/\/www.anovapeneira.gal\/wp-content\/uploads\/2025\/07\/carmen_santos.jpg","width":720,"height":432,"caption":"Carme santos"},{"@type":"BreadcrumbList","@id":"https:\/\/www.anovapeneira.gal\/index.php\/2025\/12\/23\/a-mina-casina-o-meu-lar-non-e-unha-utopia-e-un-dereito\/#breadcrumb","itemListElement":[{"@type":"ListItem","position":1,"name":"Portada","item":"https:\/\/www.anovapeneira.gal\/"},{"@type":"ListItem","position":2,"name":"A mi\u00f1a casi\u00f1a, o meu lar: non \u00e9 unha utop\u00eda, \u00e9 un dereito"}]},{"@type":"WebSite","@id":"https:\/\/www.anovapeneira.gal\/#website","url":"https:\/\/www.anovapeneira.gal\/","name":"","description":"Xornal galego de informaci\u00f3n xeral Publicaci\u00f3n mensual de novas de Galicia e en especial dos Concellos da sur da provincia de Pontevedra.","publisher":{"@id":"https:\/\/www.anovapeneira.gal\/#organization"},"potentialAction":[{"@type":"SearchAction","target":{"@type":"EntryPoint","urlTemplate":"https:\/\/www.anovapeneira.gal\/?s={search_term_string}"},"query-input":{"@type":"PropertyValueSpecification","valueRequired":true,"valueName":"search_term_string"}}],"inLanguage":"gl-ES"},{"@type":"Organization","@id":"https:\/\/www.anovapeneira.gal\/#organization","name":"A Nova Peneira","url":"https:\/\/www.anovapeneira.gal\/","logo":{"@type":"ImageObject","inLanguage":"gl-ES","@id":"https:\/\/www.anovapeneira.gal\/#\/schema\/logo\/image\/","url":"http:\/\/www.anovapeneira.gal\/wp-content\/uploads\/2019\/06\/logo_a_nova_peneira_portal_web.png","contentUrl":"http:\/\/www.anovapeneira.gal\/wp-content\/uploads\/2019\/06\/logo_a_nova_peneira_portal_web.png","width":300,"height":100,"caption":"A Nova Peneira"},"image":{"@id":"https:\/\/www.anovapeneira.gal\/#\/schema\/logo\/image\/"},"sameAs":["https:\/\/www.facebook.com\/anovapeneira","https:\/\/x.com\/APeneira"]},{"@type":"Person","@id":"https:\/\/www.anovapeneira.gal\/#\/schema\/person\/f18a4feb302e8f20bcef4490b5b60bb3","name":"Artigos Opini\u00f3n","image":{"@type":"ImageObject","inLanguage":"gl-ES","@id":"https:\/\/secure.gravatar.com\/avatar\/072844300f4881150aee2da4278f7a65d16eefdf8262eb67085f1e702de2b959?s=96&d=mm&r=g","url":"https:\/\/secure.gravatar.com\/avatar\/072844300f4881150aee2da4278f7a65d16eefdf8262eb67085f1e702de2b959?s=96&d=mm&r=g","contentUrl":"https:\/\/secure.gravatar.com\/avatar\/072844300f4881150aee2da4278f7a65d16eefdf8262eb67085f1e702de2b959?s=96&d=mm&r=g","caption":"Artigos Opini\u00f3n"},"sameAs":["http:\/\/anovapeneira.gal"],"url":"https:\/\/www.anovapeneira.gal\/index.php\/author\/artigosopinion\/"}]}},"jetpack_featured_media_url":"https:\/\/www.anovapeneira.gal\/wp-content\/uploads\/2025\/07\/carmen_santos.jpg","_links":{"self":[{"href":"https:\/\/www.anovapeneira.gal\/index.php\/wp-json\/wp\/v2\/posts\/15106","targetHints":{"allow":["GET"]}}],"collection":[{"href":"https:\/\/www.anovapeneira.gal\/index.php\/wp-json\/wp\/v2\/posts"}],"about":[{"href":"https:\/\/www.anovapeneira.gal\/index.php\/wp-json\/wp\/v2\/types\/post"}],"author":[{"embeddable":true,"href":"https:\/\/www.anovapeneira.gal\/index.php\/wp-json\/wp\/v2\/users\/12"}],"replies":[{"embeddable":true,"href":"https:\/\/www.anovapeneira.gal\/index.php\/wp-json\/wp\/v2\/comments?post=15106"}],"version-history":[{"count":1,"href":"https:\/\/www.anovapeneira.gal\/index.php\/wp-json\/wp\/v2\/posts\/15106\/revisions"}],"predecessor-version":[{"id":15107,"href":"https:\/\/www.anovapeneira.gal\/index.php\/wp-json\/wp\/v2\/posts\/15106\/revisions\/15107"}],"wp:featuredmedia":[{"embeddable":true,"href":"https:\/\/www.anovapeneira.gal\/index.php\/wp-json\/wp\/v2\/media\/14254"}],"wp:attachment":[{"href":"https:\/\/www.anovapeneira.gal\/index.php\/wp-json\/wp\/v2\/media?parent=15106"}],"wp:term":[{"taxonomy":"category","embeddable":true,"href":"https:\/\/www.anovapeneira.gal\/index.php\/wp-json\/wp\/v2\/categories?post=15106"},{"taxonomy":"post_tag","embeddable":true,"href":"https:\/\/www.anovapeneira.gal\/index.php\/wp-json\/wp\/v2\/tags?post=15106"}],"curies":[{"name":"wp","href":"https:\/\/api.w.org\/{rel}","templated":true}]}}