{"id":15108,"date":"2025-12-23T12:00:31","date_gmt":"2025-12-23T11:00:31","guid":{"rendered":"https:\/\/www.anovapeneira.gal\/?p=15108"},"modified":"2025-12-13T10:50:07","modified_gmt":"2025-12-13T09:50:07","slug":"no-cd-bueu-queremos-transmitir-os-valores-da-amizade-do-traballo-en-equipo-e-da-boa-educacion-geno-rios-presidente-do-cd-bueu","status":"publish","type":"post","link":"https:\/\/www.anovapeneira.gal\/index.php\/2025\/12\/23\/no-cd-bueu-queremos-transmitir-os-valores-da-amizade-do-traballo-en-equipo-e-da-boa-educacion-geno-rios-presidente-do-cd-bueu\/","title":{"rendered":"\u201cNo CD Bueu queremos transmitir os valores da amizade, do traballo en equipo e da boa educaci\u00f3n.\u201d Geno R\u00edos, presidente do CD Bueu."},"content":{"rendered":"\n<blockquote class=\"wp-block-quote is-layout-flow wp-block-quote-is-layout-flow\">\n<p>No Campo Municipal <strong>A Gra\u00f1a<\/strong>, entre o rumor constante dos ventos da r\u00eda so tempo que o <strong>Club Deportivo Bueu <\/strong>se prepara para un 2026 cargado de simbolismo. Fundado hai case cen anos, contin\u00faa a ser un dos piares do f\u00fatbol afeccionado na comarca do Morrazo, con episodios tinguidos de emoci\u00f3ns que, m\u00e1is al\u00f3 das categor\u00edas nas que compite, te\u00f1en forxado a identidade dunha comunidade arredor dun bal\u00f3n.<\/p>\n<\/blockquote>\n\n\n\n<blockquote class=\"wp-block-quote is-layout-flow wp-block-quote-is-layout-flow\">\n<p>Para a temporada <strong>2025\/2026<\/strong>, o equipo compite na <strong>Segunda auton\u00f3mica de Pontevedra<\/strong>, unha categor\u00eda na que loita pola parte alta da t\u00e1boa e onde a opci\u00f3n de ascenso contin\u00faa viva e presente nas aspiraci\u00f3ns do club. Geno R\u00edos, o seu presidente, ten claras as ideas claras: afianzar resultados e lograr regularidade para dar ese paso que como entidade hist\u00f3rica merece.<\/p>\n<\/blockquote>\n\n\n\n<blockquote class=\"wp-block-quote is-layout-flow wp-block-quote-is-layout-flow\">\n<p>Este ano que v\u00e9n, ademais, marca un fito non menor no calendario: a chegada do <strong>centenario<\/strong> dunha instituci\u00f3n que, ao longo de d\u00e9cadas, viu pasar xeraci\u00f3ns de xogadores, adestradores e afeccionados polo seu vestiario e pola beira das li\u00f1as.<\/p>\n<\/blockquote>\n\n\n\n<blockquote class=\"wp-block-quote is-layout-flow wp-block-quote-is-layout-flow\">\n<p>Desde que <strong>Geno R\u00edos<\/strong> asumiu a presidencia hai catro tempadas, a s\u00faa direcci\u00f3n mantivo unha aposta clara pola cohesi\u00f3n interna e pola ambici\u00f3n competitiva. O seu obxectivo desde o primeiro d\u00eda foi constru\u00edr \u201cunha familia\u201d no seo do club e traballar para que o equipo aspire ao ascenso, unha meta deportiva que, seg\u00fan o propio presidente, segue na mente de todos os que forman parte desta entidade.<\/p>\n<\/blockquote>\n\n\n\n<blockquote class=\"wp-block-quote is-layout-flow wp-block-quote-is-layout-flow\">\n<p>Nestas p\u00e1xinas, R\u00edos comparte con franqueza os seus puntos de vista sobre o momento actual, os retos deportivos e, sobre todo, o significado que ten o futuro inmediato para un club centenario que contin\u00faa a escribir a s\u00faa historia.<\/p>\n<\/blockquote>\n\n\n\n<p><strong>Desde cando ocupa a presidencia do CD Bueu? Que obxectivos se marcou ao asumir o cargo?<\/strong><\/p>\n\n\n\n<blockquote class=\"wp-block-quote is-layout-flow wp-block-quote-is-layout-flow\">\n<p>Pois levo xa catro anos ocupando a presidencia, cousa que vou compaxinando co meu negocio familiar. O obxectivo que me marquei desde o primeiro d\u00eda foi facer deste club unha familia e como non, ascender a primeira rexional que por historia \u00e9 o que merecemos.<\/p>\n<\/blockquote>\n\n\n\n<p><strong>Seg\u00fan os datos da temporada 2025\/2026, o CD Bueu milita na categor\u00eda correspondente \u00e1 segunda rexional. Que balance fai da campa\u00f1a ata agora, e cal \u00e9 a meta deportiva actual?<\/strong><\/p>\n\n\n\n<blockquote class=\"wp-block-quote is-layout-flow wp-block-quote-is-layout-flow\">\n<p>Polo momento a\u00ed vamos, estando na metade da t\u00e1boa a\u00ednda que s\u00f3 a 6 puntos do ascenso directo que contin\u00faa a ser o noso obxectivo. F\u00e1ltanos tan s\u00f3 un pequeno plus para acadar esa regularidade que unha meta, das caracter\u00edsticas dun ascenso, precisa.<\/p>\n<\/blockquote>\n\n\n\n<p><strong>Que factores cre que explican a actual posici\u00f3n do equipo, tanto acertos como aspectos a mellorar?<\/strong><\/p>\n\n\n\n<blockquote class=\"wp-block-quote is-layout-flow wp-block-quote-is-layout-flow\">\n<p>F\u00e1ltanos pegada. Temos unha calidade de xogo moi boa pero f\u00e1ltanos ese dianteiro goleador que materialice a superioridade que como conxunto amosamos nos partidos.<\/p>\n<\/blockquote>\n\n\n\n<p><strong>Hai plans de reforzo da plantilla no mercado invernal ou de recrutar xogadores procedentes da base local? Se \u00e9 as\u00ed, en que posici\u00f3ns se priorizar\u00e1n as incorporaci\u00f3ns?<\/strong><\/p>\n\n\n\n<blockquote class=\"wp-block-quote is-layout-flow wp-block-quote-is-layout-flow\">\n<p>Si, existe esa idea de reforzarnos no mercado de inverno. Xogadores de categor\u00edas inferiores non podemos recrutar porque non temos categor\u00eda de xuven\u00eds por motivos que despois se queres, podemos analizar. A idea \u00e9 reforzarnos especialmente cun dianteiro e, desde ese punto de vista, xa estamos a sondear o mercado dentro das posibilidades e recursos que nos manexamos.<\/p>\n<\/blockquote>\n\n\n\n<p><strong>Como valora o traballo do corpo t\u00e9cnico e do estilo de xogo que ofrece o equipo neste comezo de temporada? Prevese algunha reestruturaci\u00f3n ou cambio t\u00e1ctico?<\/strong><\/p>\n\n\n\n<blockquote class=\"wp-block-quote is-layout-flow wp-block-quote-is-layout-flow\">\n<p>Non imos facer ningunha reestruturaci\u00f3n no corpo t\u00e9cnico porque o que temos \u00e9 unha absoluta marabilla. Estamos realmente impresionados co resultado dunha equipa t\u00e9cnica e dun adestrador como Josu Villar que realmente se incorporou con moi pouco tempo de marxe. Josu Villar tennos impresionados dos recursos que manexa, propios do f\u00fatbol moderno e que fan deste equipo algo marabilloso.<\/p>\n<\/blockquote>\n\n\n\n<p><strong>O club compite desde o seu estadio habitual, o campo municipal \u201cCampo Municipal A Gra\u00f1a\u201d en Bueu. Hai plans de melloras nas instalaci\u00f3ns ou infraestruturas do club?<\/strong><\/p>\n\n\n\n<blockquote class=\"wp-block-quote is-layout-flow wp-block-quote-is-layout-flow\">\n<p>Canto me alegra que me fagas esta pregunta. O estado actual de accesos ao campo de f\u00fatbol est\u00e1 nun estado deplorable. Levamos tempo solicit\u00e1ndolle ao concello a mellora dos accesos ao campo polas problem\u00e1ticas que se producen no intercambio dos adestramentos. Estamos lonxe do centro de Bueu pero que a\u00ednda por riba o acceso en coche ao campo estea no estado que est\u00e1, prexudica ao club a un nivel no que creo que o concello non \u00e9 consciente. Prod\u00facense atascos, cando ve\u00f1en os equipos visitantes non poden meter o autob\u00fas. \u00c9 lamentable. Estamos perdendo rapaces na escola de f\u00fatbol por culpa destas circunstancias. Aos pais res\u00faltalle m\u00e1is c\u00f3modo meter aos rapaces no Beluso ou directamente noutras actividades que non sexan o f\u00fatbol.<\/p>\n<\/blockquote>\n\n\n\n<p><strong>Respecto das categor\u00edas base e da formaci\u00f3n de xuven\u00eds\/infant\u00eds: cal \u00e9 o estado actual da escola do club? Est\u00e1n previstas iniciativas para potenciar o f\u00fatbol base e atraer mozos de Bueu e contorna?<\/strong><\/p>\n\n\n\n<blockquote class=\"wp-block-quote is-layout-flow wp-block-quote-is-layout-flow\">\n<p>Temos biber\u00f3ns, alev\u00edns, benxam\u00edns, pero o que non temos son xuven\u00eds. A que debe iso? Pois d\u00e9bese en primeiro lugar a que non somos quen de competir economicamente con outros equipos que se dedican a cazar talento e a pagar cantidades que non se deber\u00edan pagar no fu\u00fabol afeccionado.<\/p>\n<\/blockquote>\n\n\n\n<blockquote class=\"wp-block-quote is-layout-flow wp-block-quote-is-layout-flow\">\n<p>Por outra banda, tam\u00e9n \u00e9 certo que non existe un sentimento de arraigo co club. Boto iso moito de menos, pero o dito, d\u00e9bese ao que equipos que nos rodean na comarca e m\u00e1is al\u00e1 dela pagan primas alt\u00edsimas.<\/p>\n<\/blockquote>\n\n\n\n<blockquote class=\"wp-block-quote is-layout-flow wp-block-quote-is-layout-flow\">\n<p>Por \u00faltimo, \u00e9 certo como dixen antes que os accesos non axudan, como ben dixen antes. Hai mal acceso, non temos aparcadoiros en condici\u00f3ns e o concello fai caso omiso. Nun club con cen anos de historia resultan escandalosas as condici\u00f3ns que ten un campo de f\u00fatbol que por outra banda \u00e9 municipal, polo que ten que ser o concello que se faga cargo, cumprindo as promesas que levamos anos escoitando.<\/p>\n<\/blockquote>\n\n\n\n<p><strong>Que papel xogan os patrocinadores, as instituci\u00f3ns locais ou as colaboraci\u00f3ns coa comunidade no financiamento do club para esta temporada? \u00c9 suficiente para afrontar os retos deportivos e organizativos?<\/strong><\/p>\n\n\n\n<blockquote class=\"wp-block-quote is-layout-flow wp-block-quote-is-layout-flow\">\n<p>Pois mira, hai pequenos patrocinadores, pero falta un gran patrocinador. O concello \u00e9 certo que nos aportan segundo o ano 4.000, 5.000 ou 6.000 euros. A deputaci\u00f3n danos o mesmo que a todos, pero falta iso que che dic\u00eda, un gran patrocinador que permita dar un impulso definitivo. E digo isto sabendo que temos unhas contas saneadas e que damos feito todo tam\u00e9n grazas \u00e1 Cantina e a todo ese conxunto.<\/p>\n<\/blockquote>\n\n\n\n<p><strong>Tendo en conta a historia do clube, que valores queren transmitir \u00e1s novas xeraci\u00f3ns de xogadores e afecci\u00f3n<\/strong>?<\/p>\n\n\n\n<blockquote class=\"wp-block-quote is-layout-flow wp-block-quote-is-layout-flow\">\n<p>Os valores da amizade, do traballo en equipo e da boa educaci\u00f3n. Somos un equipo de f\u00fatbol si, e queremos ganar, tam\u00e9n. Pero os valores educativos tam\u00e9n son moi importantes, como o do arraigo cun equipo hist\u00f3rico.<\/p>\n<\/blockquote>\n\n\n\n<p><strong>Cal \u00e9 a situaci\u00f3n actual da masa social e de socios do club?<\/strong><\/p>\n\n\n\n<blockquote class=\"wp-block-quote is-layout-flow wp-block-quote-is-layout-flow\">\n<p>Nestes momentos andamos arredor dos 400 socios, pero volvemos ao mesmo, cantos ve\u00f1en aos partidos? Ve\u00f1en todos? Pois non. E por que? Polos problemas relacionados coa acceso ao campo.<\/p>\n<\/blockquote>\n\n\n\n<p><strong>Van facer algo para ano que v\u00e9n? Ano do centenario do Bueu.<\/strong><\/p>\n\n\n\n<blockquote class=\"wp-block-quote is-layout-flow wp-block-quote-is-layout-flow\">\n<p>A idea \u00e9 que si, por suposto. Estamos falando con equipos de nivel e non descartamos a posibilidade de que nos ve\u00f1an visitar equipos como o Pontevedra ou un Celta B. Pero tam\u00e9n digo, a presentaci\u00f3n de Bueu e do CD Bueu vai ser a deses accesos ao campo?<\/p>\n<\/blockquote>\n\n\n\n<blockquote class=\"wp-block-quote is-layout-flow wp-block-quote-is-layout-flow\">\n<p>Por outra banda, xuntaremos a todos os ex xogadores do club, un club que chegou a estar en terceira divisi\u00f3n, e aos que seguramente lle fagamos unha homenaxe.<\/p>\n<\/blockquote>\n\n\n\n<p><strong>Finalmente: que mensaxe lle gustar\u00eda transmitir aos xogadores, afecci\u00f3n, familias e veci\u00f1os de Bueu que apoian o club, especialmente aos m\u00e1is novos que poder\u00edan integrarse ao proxecto?<\/strong><\/p>\n\n\n\n<blockquote class=\"wp-block-quote is-layout-flow wp-block-quote-is-layout-flow\">\n<p>Que aqu\u00ed estamos, que os queremos. \u00c1 xente de Bueu p\u00eddolle que se implique co clube. Sabemos que est\u00e1 o balonm\u00e1n, o f\u00fatbol sala e o remo. Pero o CD Bueu \u00e9 historia desta vila \u00e9 esa historia os necesita.<\/p>\n<\/blockquote>\n","protected":false},"excerpt":{"rendered":"<div class=\"mh-excerpt\"><p>No Campo Municipal A Gra\u00f1a, entre o rumor constante dos ventos da r\u00eda so tempo que o Club Deportivo Bueu se prepara para un 2026 cargado de simbolismo <a class=\"mh-excerpt-more\" href=\"https:\/\/www.anovapeneira.gal\/index.php\/2025\/12\/23\/no-cd-bueu-queremos-transmitir-os-valores-da-amizade-do-traballo-en-equipo-e-da-boa-educacion-geno-rios-presidente-do-cd-bueu\/\" title=\"\u201cNo CD Bueu queremos transmitir os valores da amizade, do traballo en equipo e da boa educaci\u00f3n.\u201d Geno R\u00edos, presidente do CD Bueu.\">[&#8230;]<\/a><\/p>\n<\/div>","protected":false},"author":3,"featured_media":15109,"comment_status":"open","ping_status":"open","sticky":false,"template":"","format":"standard","meta":{"_exactmetrics_skip_tracking":false,"_exactmetrics_sitenote_active":false,"_exactmetrics_sitenote_note":"","_exactmetrics_sitenote_category":0,"footnotes":""},"categories":[493],"tags":[440],"class_list":{"0":"post-15108","1":"post","2":"type-post","3":"status-publish","4":"format-standard","5":"has-post-thumbnail","7":"category-morrazo-reportaxes","8":"tag-concello-de-bueu"},"yoast_head":"<!-- This site is optimized with the Yoast SEO plugin v27.4 - https:\/\/yoast.com\/product\/yoast-seo-wordpress\/ -->\n<title>\u201cNo CD Bueu queremos transmitir os valores da amizade, do traballo en equipo e da boa educaci\u00f3n.\u201d Geno R\u00edos, presidente do CD Bueu. -<\/title>\n<meta name=\"robots\" content=\"index, follow, max-snippet:-1, max-image-preview:large, max-video-preview:-1\" \/>\n<link rel=\"canonical\" href=\"https:\/\/www.anovapeneira.gal\/index.php\/2025\/12\/23\/no-cd-bueu-queremos-transmitir-os-valores-da-amizade-do-traballo-en-equipo-e-da-boa-educacion-geno-rios-presidente-do-cd-bueu\/\" \/>\n<meta property=\"og:locale\" content=\"gl_ES\" \/>\n<meta property=\"og:type\" content=\"article\" \/>\n<meta property=\"og:title\" content=\"\u201cNo CD Bueu queremos transmitir os valores da amizade, do traballo en equipo e da boa educaci\u00f3n.\u201d Geno R\u00edos, presidente do CD Bueu. -\" \/>\n<meta property=\"og:description\" content=\"No Campo Municipal A Gra\u00f1a, entre o rumor constante dos ventos da r\u00eda so tempo que o Club Deportivo Bueu se prepara para un 2026 cargado de simbolismo [...]\" \/>\n<meta property=\"og:url\" content=\"https:\/\/www.anovapeneira.gal\/index.php\/2025\/12\/23\/no-cd-bueu-queremos-transmitir-os-valores-da-amizade-do-traballo-en-equipo-e-da-boa-educacion-geno-rios-presidente-do-cd-bueu\/\" \/>\n<meta property=\"article:publisher\" content=\"https:\/\/www.facebook.com\/anovapeneira\" \/>\n<meta property=\"article:published_time\" content=\"2025-12-23T11:00:31+00:00\" \/>\n<meta property=\"og:image\" content=\"https:\/\/www.anovapeneira.gal\/wp-content\/uploads\/2025\/12\/cd_bueu.jpg\" \/>\n\t<meta property=\"og:image:width\" content=\"720\" \/>\n\t<meta property=\"og:image:height\" content=\"432\" \/>\n\t<meta property=\"og:image:type\" content=\"image\/jpeg\" \/>\n<meta name=\"author\" content=\"Redacci\u00f3n A Nova Peneira\" \/>\n<meta name=\"twitter:card\" content=\"summary_large_image\" \/>\n<meta name=\"twitter:creator\" content=\"@APeneira\" \/>\n<meta name=\"twitter:site\" content=\"@APeneira\" \/>\n<meta name=\"twitter:label1\" content=\"Escrito por\" \/>\n\t<meta name=\"twitter:data1\" content=\"Redacci\u00f3n A Nova Peneira\" \/>\n\t<meta name=\"twitter:label2\" content=\"Tempo de lectura\" \/>\n\t<meta name=\"twitter:data2\" content=\"2 minutos\" \/>\n<script type=\"application\/ld+json\" class=\"yoast-schema-graph\">{\"@context\":\"https:\\\/\\\/schema.org\",\"@graph\":[{\"@type\":\"Article\",\"@id\":\"https:\\\/\\\/www.anovapeneira.gal\\\/index.php\\\/2025\\\/12\\\/23\\\/no-cd-bueu-queremos-transmitir-os-valores-da-amizade-do-traballo-en-equipo-e-da-boa-educacion-geno-rios-presidente-do-cd-bueu\\\/#article\",\"isPartOf\":{\"@id\":\"https:\\\/\\\/www.anovapeneira.gal\\\/index.php\\\/2025\\\/12\\\/23\\\/no-cd-bueu-queremos-transmitir-os-valores-da-amizade-do-traballo-en-equipo-e-da-boa-educacion-geno-rios-presidente-do-cd-bueu\\\/\"},\"author\":{\"name\":\"Redacci\u00f3n A Nova Peneira\",\"@id\":\"https:\\\/\\\/www.anovapeneira.gal\\\/#\\\/schema\\\/person\\\/b93e3f8932e3f8da96334607eb6ac6aa\"},\"headline\":\"\u201cNo CD Bueu queremos transmitir os valores da amizade, do traballo en equipo e da boa educaci\u00f3n.\u201d Geno R\u00edos, presidente do CD Bueu.\",\"datePublished\":\"2025-12-23T11:00:31+00:00\",\"mainEntityOfPage\":{\"@id\":\"https:\\\/\\\/www.anovapeneira.gal\\\/index.php\\\/2025\\\/12\\\/23\\\/no-cd-bueu-queremos-transmitir-os-valores-da-amizade-do-traballo-en-equipo-e-da-boa-educacion-geno-rios-presidente-do-cd-bueu\\\/\"},\"wordCount\":1430,\"commentCount\":0,\"publisher\":{\"@id\":\"https:\\\/\\\/www.anovapeneira.gal\\\/#organization\"},\"image\":{\"@id\":\"https:\\\/\\\/www.anovapeneira.gal\\\/index.php\\\/2025\\\/12\\\/23\\\/no-cd-bueu-queremos-transmitir-os-valores-da-amizade-do-traballo-en-equipo-e-da-boa-educacion-geno-rios-presidente-do-cd-bueu\\\/#primaryimage\"},\"thumbnailUrl\":\"https:\\\/\\\/www.anovapeneira.gal\\\/wp-content\\\/uploads\\\/2025\\\/12\\\/cd_bueu.jpg\",\"keywords\":[\"Concello de Bueu\"],\"articleSection\":[\"Morrazo\"],\"inLanguage\":\"gl-ES\",\"potentialAction\":[{\"@type\":\"CommentAction\",\"name\":\"Comment\",\"target\":[\"https:\\\/\\\/www.anovapeneira.gal\\\/index.php\\\/2025\\\/12\\\/23\\\/no-cd-bueu-queremos-transmitir-os-valores-da-amizade-do-traballo-en-equipo-e-da-boa-educacion-geno-rios-presidente-do-cd-bueu\\\/#respond\"]}]},{\"@type\":\"WebPage\",\"@id\":\"https:\\\/\\\/www.anovapeneira.gal\\\/index.php\\\/2025\\\/12\\\/23\\\/no-cd-bueu-queremos-transmitir-os-valores-da-amizade-do-traballo-en-equipo-e-da-boa-educacion-geno-rios-presidente-do-cd-bueu\\\/\",\"url\":\"https:\\\/\\\/www.anovapeneira.gal\\\/index.php\\\/2025\\\/12\\\/23\\\/no-cd-bueu-queremos-transmitir-os-valores-da-amizade-do-traballo-en-equipo-e-da-boa-educacion-geno-rios-presidente-do-cd-bueu\\\/\",\"name\":\"\u201cNo CD Bueu queremos transmitir os valores da amizade, do traballo en equipo e da boa educaci\u00f3n.\u201d Geno R\u00edos, presidente do CD Bueu. -\",\"isPartOf\":{\"@id\":\"https:\\\/\\\/www.anovapeneira.gal\\\/#website\"},\"primaryImageOfPage\":{\"@id\":\"https:\\\/\\\/www.anovapeneira.gal\\\/index.php\\\/2025\\\/12\\\/23\\\/no-cd-bueu-queremos-transmitir-os-valores-da-amizade-do-traballo-en-equipo-e-da-boa-educacion-geno-rios-presidente-do-cd-bueu\\\/#primaryimage\"},\"image\":{\"@id\":\"https:\\\/\\\/www.anovapeneira.gal\\\/index.php\\\/2025\\\/12\\\/23\\\/no-cd-bueu-queremos-transmitir-os-valores-da-amizade-do-traballo-en-equipo-e-da-boa-educacion-geno-rios-presidente-do-cd-bueu\\\/#primaryimage\"},\"thumbnailUrl\":\"https:\\\/\\\/www.anovapeneira.gal\\\/wp-content\\\/uploads\\\/2025\\\/12\\\/cd_bueu.jpg\",\"datePublished\":\"2025-12-23T11:00:31+00:00\",\"breadcrumb\":{\"@id\":\"https:\\\/\\\/www.anovapeneira.gal\\\/index.php\\\/2025\\\/12\\\/23\\\/no-cd-bueu-queremos-transmitir-os-valores-da-amizade-do-traballo-en-equipo-e-da-boa-educacion-geno-rios-presidente-do-cd-bueu\\\/#breadcrumb\"},\"inLanguage\":\"gl-ES\",\"potentialAction\":[{\"@type\":\"ReadAction\",\"target\":[\"https:\\\/\\\/www.anovapeneira.gal\\\/index.php\\\/2025\\\/12\\\/23\\\/no-cd-bueu-queremos-transmitir-os-valores-da-amizade-do-traballo-en-equipo-e-da-boa-educacion-geno-rios-presidente-do-cd-bueu\\\/\"]}]},{\"@type\":\"ImageObject\",\"inLanguage\":\"gl-ES\",\"@id\":\"https:\\\/\\\/www.anovapeneira.gal\\\/index.php\\\/2025\\\/12\\\/23\\\/no-cd-bueu-queremos-transmitir-os-valores-da-amizade-do-traballo-en-equipo-e-da-boa-educacion-geno-rios-presidente-do-cd-bueu\\\/#primaryimage\",\"url\":\"https:\\\/\\\/www.anovapeneira.gal\\\/wp-content\\\/uploads\\\/2025\\\/12\\\/cd_bueu.jpg\",\"contentUrl\":\"https:\\\/\\\/www.anovapeneira.gal\\\/wp-content\\\/uploads\\\/2025\\\/12\\\/cd_bueu.jpg\",\"width\":720,\"height\":432},{\"@type\":\"BreadcrumbList\",\"@id\":\"https:\\\/\\\/www.anovapeneira.gal\\\/index.php\\\/2025\\\/12\\\/23\\\/no-cd-bueu-queremos-transmitir-os-valores-da-amizade-do-traballo-en-equipo-e-da-boa-educacion-geno-rios-presidente-do-cd-bueu\\\/#breadcrumb\",\"itemListElement\":[{\"@type\":\"ListItem\",\"position\":1,\"name\":\"Portada\",\"item\":\"https:\\\/\\\/www.anovapeneira.gal\\\/\"},{\"@type\":\"ListItem\",\"position\":2,\"name\":\"\u201cNo CD Bueu queremos transmitir os valores da amizade, do traballo en equipo e da boa educaci\u00f3n.\u201d Geno R\u00edos, presidente do CD Bueu.\"}]},{\"@type\":\"WebSite\",\"@id\":\"https:\\\/\\\/www.anovapeneira.gal\\\/#website\",\"url\":\"https:\\\/\\\/www.anovapeneira.gal\\\/\",\"name\":\"\",\"description\":\"Xornal galego de informaci\u00f3n xeral Publicaci\u00f3n mensual de novas de Galicia e en especial dos Concellos da sur da provincia de Pontevedra.\",\"publisher\":{\"@id\":\"https:\\\/\\\/www.anovapeneira.gal\\\/#organization\"},\"potentialAction\":[{\"@type\":\"SearchAction\",\"target\":{\"@type\":\"EntryPoint\",\"urlTemplate\":\"https:\\\/\\\/www.anovapeneira.gal\\\/?s={search_term_string}\"},\"query-input\":{\"@type\":\"PropertyValueSpecification\",\"valueRequired\":true,\"valueName\":\"search_term_string\"}}],\"inLanguage\":\"gl-ES\"},{\"@type\":\"Organization\",\"@id\":\"https:\\\/\\\/www.anovapeneira.gal\\\/#organization\",\"name\":\"A Nova Peneira\",\"url\":\"https:\\\/\\\/www.anovapeneira.gal\\\/\",\"logo\":{\"@type\":\"ImageObject\",\"inLanguage\":\"gl-ES\",\"@id\":\"https:\\\/\\\/www.anovapeneira.gal\\\/#\\\/schema\\\/logo\\\/image\\\/\",\"url\":\"http:\\\/\\\/www.anovapeneira.gal\\\/wp-content\\\/uploads\\\/2019\\\/06\\\/logo_a_nova_peneira_portal_web.png\",\"contentUrl\":\"http:\\\/\\\/www.anovapeneira.gal\\\/wp-content\\\/uploads\\\/2019\\\/06\\\/logo_a_nova_peneira_portal_web.png\",\"width\":300,\"height\":100,\"caption\":\"A Nova Peneira\"},\"image\":{\"@id\":\"https:\\\/\\\/www.anovapeneira.gal\\\/#\\\/schema\\\/logo\\\/image\\\/\"},\"sameAs\":[\"https:\\\/\\\/www.facebook.com\\\/anovapeneira\",\"https:\\\/\\\/x.com\\\/APeneira\"]},{\"@type\":\"Person\",\"@id\":\"https:\\\/\\\/www.anovapeneira.gal\\\/#\\\/schema\\\/person\\\/b93e3f8932e3f8da96334607eb6ac6aa\",\"name\":\"Redacci\u00f3n A Nova Peneira\",\"image\":{\"@type\":\"ImageObject\",\"inLanguage\":\"gl-ES\",\"@id\":\"https:\\\/\\\/secure.gravatar.com\\\/avatar\\\/c052a2551a06e23fac63626232eaa90abd78dbcf1700fc46a2b2c89fd27b735f?s=96&d=mm&r=g\",\"url\":\"https:\\\/\\\/secure.gravatar.com\\\/avatar\\\/c052a2551a06e23fac63626232eaa90abd78dbcf1700fc46a2b2c89fd27b735f?s=96&d=mm&r=g\",\"contentUrl\":\"https:\\\/\\\/secure.gravatar.com\\\/avatar\\\/c052a2551a06e23fac63626232eaa90abd78dbcf1700fc46a2b2c89fd27b735f?s=96&d=mm&r=g\",\"caption\":\"Redacci\u00f3n A Nova Peneira\"},\"sameAs\":[\"http:\\\/\\\/www.anovapeneira.gal\\\/\"],\"url\":\"https:\\\/\\\/www.anovapeneira.gal\\\/index.php\\\/author\\\/redactor\\\/\"}]}<\/script>\n<!-- \/ Yoast SEO plugin. -->","yoast_head_json":{"title":"\u201cNo CD Bueu queremos transmitir os valores da amizade, do traballo en equipo e da boa educaci\u00f3n.\u201d Geno R\u00edos, presidente do CD Bueu. -","robots":{"index":"index","follow":"follow","max-snippet":"max-snippet:-1","max-image-preview":"max-image-preview:large","max-video-preview":"max-video-preview:-1"},"canonical":"https:\/\/www.anovapeneira.gal\/index.php\/2025\/12\/23\/no-cd-bueu-queremos-transmitir-os-valores-da-amizade-do-traballo-en-equipo-e-da-boa-educacion-geno-rios-presidente-do-cd-bueu\/","og_locale":"gl_ES","og_type":"article","og_title":"\u201cNo CD Bueu queremos transmitir os valores da amizade, do traballo en equipo e da boa educaci\u00f3n.\u201d Geno R\u00edos, presidente do CD Bueu. -","og_description":"No Campo Municipal A Gra\u00f1a, entre o rumor constante dos ventos da r\u00eda so tempo que o Club Deportivo Bueu se prepara para un 2026 cargado de simbolismo [...]","og_url":"https:\/\/www.anovapeneira.gal\/index.php\/2025\/12\/23\/no-cd-bueu-queremos-transmitir-os-valores-da-amizade-do-traballo-en-equipo-e-da-boa-educacion-geno-rios-presidente-do-cd-bueu\/","article_publisher":"https:\/\/www.facebook.com\/anovapeneira","article_published_time":"2025-12-23T11:00:31+00:00","og_image":[{"width":720,"height":432,"url":"https:\/\/www.anovapeneira.gal\/wp-content\/uploads\/2025\/12\/cd_bueu.jpg","type":"image\/jpeg"}],"author":"Redacci\u00f3n A Nova Peneira","twitter_card":"summary_large_image","twitter_creator":"@APeneira","twitter_site":"@APeneira","twitter_misc":{"Escrito por":"Redacci\u00f3n A Nova Peneira","Tempo de lectura":"2 minutos"},"schema":{"@context":"https:\/\/schema.org","@graph":[{"@type":"Article","@id":"https:\/\/www.anovapeneira.gal\/index.php\/2025\/12\/23\/no-cd-bueu-queremos-transmitir-os-valores-da-amizade-do-traballo-en-equipo-e-da-boa-educacion-geno-rios-presidente-do-cd-bueu\/#article","isPartOf":{"@id":"https:\/\/www.anovapeneira.gal\/index.php\/2025\/12\/23\/no-cd-bueu-queremos-transmitir-os-valores-da-amizade-do-traballo-en-equipo-e-da-boa-educacion-geno-rios-presidente-do-cd-bueu\/"},"author":{"name":"Redacci\u00f3n A Nova Peneira","@id":"https:\/\/www.anovapeneira.gal\/#\/schema\/person\/b93e3f8932e3f8da96334607eb6ac6aa"},"headline":"\u201cNo CD Bueu queremos transmitir os valores da amizade, do traballo en equipo e da boa educaci\u00f3n.\u201d Geno R\u00edos, presidente do CD Bueu.","datePublished":"2025-12-23T11:00:31+00:00","mainEntityOfPage":{"@id":"https:\/\/www.anovapeneira.gal\/index.php\/2025\/12\/23\/no-cd-bueu-queremos-transmitir-os-valores-da-amizade-do-traballo-en-equipo-e-da-boa-educacion-geno-rios-presidente-do-cd-bueu\/"},"wordCount":1430,"commentCount":0,"publisher":{"@id":"https:\/\/www.anovapeneira.gal\/#organization"},"image":{"@id":"https:\/\/www.anovapeneira.gal\/index.php\/2025\/12\/23\/no-cd-bueu-queremos-transmitir-os-valores-da-amizade-do-traballo-en-equipo-e-da-boa-educacion-geno-rios-presidente-do-cd-bueu\/#primaryimage"},"thumbnailUrl":"https:\/\/www.anovapeneira.gal\/wp-content\/uploads\/2025\/12\/cd_bueu.jpg","keywords":["Concello de Bueu"],"articleSection":["Morrazo"],"inLanguage":"gl-ES","potentialAction":[{"@type":"CommentAction","name":"Comment","target":["https:\/\/www.anovapeneira.gal\/index.php\/2025\/12\/23\/no-cd-bueu-queremos-transmitir-os-valores-da-amizade-do-traballo-en-equipo-e-da-boa-educacion-geno-rios-presidente-do-cd-bueu\/#respond"]}]},{"@type":"WebPage","@id":"https:\/\/www.anovapeneira.gal\/index.php\/2025\/12\/23\/no-cd-bueu-queremos-transmitir-os-valores-da-amizade-do-traballo-en-equipo-e-da-boa-educacion-geno-rios-presidente-do-cd-bueu\/","url":"https:\/\/www.anovapeneira.gal\/index.php\/2025\/12\/23\/no-cd-bueu-queremos-transmitir-os-valores-da-amizade-do-traballo-en-equipo-e-da-boa-educacion-geno-rios-presidente-do-cd-bueu\/","name":"\u201cNo CD Bueu queremos transmitir os valores da amizade, do traballo en equipo e da boa educaci\u00f3n.\u201d Geno R\u00edos, presidente do CD Bueu. -","isPartOf":{"@id":"https:\/\/www.anovapeneira.gal\/#website"},"primaryImageOfPage":{"@id":"https:\/\/www.anovapeneira.gal\/index.php\/2025\/12\/23\/no-cd-bueu-queremos-transmitir-os-valores-da-amizade-do-traballo-en-equipo-e-da-boa-educacion-geno-rios-presidente-do-cd-bueu\/#primaryimage"},"image":{"@id":"https:\/\/www.anovapeneira.gal\/index.php\/2025\/12\/23\/no-cd-bueu-queremos-transmitir-os-valores-da-amizade-do-traballo-en-equipo-e-da-boa-educacion-geno-rios-presidente-do-cd-bueu\/#primaryimage"},"thumbnailUrl":"https:\/\/www.anovapeneira.gal\/wp-content\/uploads\/2025\/12\/cd_bueu.jpg","datePublished":"2025-12-23T11:00:31+00:00","breadcrumb":{"@id":"https:\/\/www.anovapeneira.gal\/index.php\/2025\/12\/23\/no-cd-bueu-queremos-transmitir-os-valores-da-amizade-do-traballo-en-equipo-e-da-boa-educacion-geno-rios-presidente-do-cd-bueu\/#breadcrumb"},"inLanguage":"gl-ES","potentialAction":[{"@type":"ReadAction","target":["https:\/\/www.anovapeneira.gal\/index.php\/2025\/12\/23\/no-cd-bueu-queremos-transmitir-os-valores-da-amizade-do-traballo-en-equipo-e-da-boa-educacion-geno-rios-presidente-do-cd-bueu\/"]}]},{"@type":"ImageObject","inLanguage":"gl-ES","@id":"https:\/\/www.anovapeneira.gal\/index.php\/2025\/12\/23\/no-cd-bueu-queremos-transmitir-os-valores-da-amizade-do-traballo-en-equipo-e-da-boa-educacion-geno-rios-presidente-do-cd-bueu\/#primaryimage","url":"https:\/\/www.anovapeneira.gal\/wp-content\/uploads\/2025\/12\/cd_bueu.jpg","contentUrl":"https:\/\/www.anovapeneira.gal\/wp-content\/uploads\/2025\/12\/cd_bueu.jpg","width":720,"height":432},{"@type":"BreadcrumbList","@id":"https:\/\/www.anovapeneira.gal\/index.php\/2025\/12\/23\/no-cd-bueu-queremos-transmitir-os-valores-da-amizade-do-traballo-en-equipo-e-da-boa-educacion-geno-rios-presidente-do-cd-bueu\/#breadcrumb","itemListElement":[{"@type":"ListItem","position":1,"name":"Portada","item":"https:\/\/www.anovapeneira.gal\/"},{"@type":"ListItem","position":2,"name":"\u201cNo CD Bueu queremos transmitir os valores da amizade, do traballo en equipo e da boa educaci\u00f3n.\u201d Geno R\u00edos, presidente do CD Bueu."}]},{"@type":"WebSite","@id":"https:\/\/www.anovapeneira.gal\/#website","url":"https:\/\/www.anovapeneira.gal\/","name":"","description":"Xornal galego de informaci\u00f3n xeral Publicaci\u00f3n mensual de novas de Galicia e en especial dos Concellos da sur da provincia de Pontevedra.","publisher":{"@id":"https:\/\/www.anovapeneira.gal\/#organization"},"potentialAction":[{"@type":"SearchAction","target":{"@type":"EntryPoint","urlTemplate":"https:\/\/www.anovapeneira.gal\/?s={search_term_string}"},"query-input":{"@type":"PropertyValueSpecification","valueRequired":true,"valueName":"search_term_string"}}],"inLanguage":"gl-ES"},{"@type":"Organization","@id":"https:\/\/www.anovapeneira.gal\/#organization","name":"A Nova Peneira","url":"https:\/\/www.anovapeneira.gal\/","logo":{"@type":"ImageObject","inLanguage":"gl-ES","@id":"https:\/\/www.anovapeneira.gal\/#\/schema\/logo\/image\/","url":"http:\/\/www.anovapeneira.gal\/wp-content\/uploads\/2019\/06\/logo_a_nova_peneira_portal_web.png","contentUrl":"http:\/\/www.anovapeneira.gal\/wp-content\/uploads\/2019\/06\/logo_a_nova_peneira_portal_web.png","width":300,"height":100,"caption":"A Nova Peneira"},"image":{"@id":"https:\/\/www.anovapeneira.gal\/#\/schema\/logo\/image\/"},"sameAs":["https:\/\/www.facebook.com\/anovapeneira","https:\/\/x.com\/APeneira"]},{"@type":"Person","@id":"https:\/\/www.anovapeneira.gal\/#\/schema\/person\/b93e3f8932e3f8da96334607eb6ac6aa","name":"Redacci\u00f3n A Nova Peneira","image":{"@type":"ImageObject","inLanguage":"gl-ES","@id":"https:\/\/secure.gravatar.com\/avatar\/c052a2551a06e23fac63626232eaa90abd78dbcf1700fc46a2b2c89fd27b735f?s=96&d=mm&r=g","url":"https:\/\/secure.gravatar.com\/avatar\/c052a2551a06e23fac63626232eaa90abd78dbcf1700fc46a2b2c89fd27b735f?s=96&d=mm&r=g","contentUrl":"https:\/\/secure.gravatar.com\/avatar\/c052a2551a06e23fac63626232eaa90abd78dbcf1700fc46a2b2c89fd27b735f?s=96&d=mm&r=g","caption":"Redacci\u00f3n A Nova Peneira"},"sameAs":["http:\/\/www.anovapeneira.gal\/"],"url":"https:\/\/www.anovapeneira.gal\/index.php\/author\/redactor\/"}]}},"jetpack_featured_media_url":"https:\/\/www.anovapeneira.gal\/wp-content\/uploads\/2025\/12\/cd_bueu.jpg","_links":{"self":[{"href":"https:\/\/www.anovapeneira.gal\/index.php\/wp-json\/wp\/v2\/posts\/15108","targetHints":{"allow":["GET"]}}],"collection":[{"href":"https:\/\/www.anovapeneira.gal\/index.php\/wp-json\/wp\/v2\/posts"}],"about":[{"href":"https:\/\/www.anovapeneira.gal\/index.php\/wp-json\/wp\/v2\/types\/post"}],"author":[{"embeddable":true,"href":"https:\/\/www.anovapeneira.gal\/index.php\/wp-json\/wp\/v2\/users\/3"}],"replies":[{"embeddable":true,"href":"https:\/\/www.anovapeneira.gal\/index.php\/wp-json\/wp\/v2\/comments?post=15108"}],"version-history":[{"count":1,"href":"https:\/\/www.anovapeneira.gal\/index.php\/wp-json\/wp\/v2\/posts\/15108\/revisions"}],"predecessor-version":[{"id":15110,"href":"https:\/\/www.anovapeneira.gal\/index.php\/wp-json\/wp\/v2\/posts\/15108\/revisions\/15110"}],"wp:featuredmedia":[{"embeddable":true,"href":"https:\/\/www.anovapeneira.gal\/index.php\/wp-json\/wp\/v2\/media\/15109"}],"wp:attachment":[{"href":"https:\/\/www.anovapeneira.gal\/index.php\/wp-json\/wp\/v2\/media?parent=15108"}],"wp:term":[{"taxonomy":"category","embeddable":true,"href":"https:\/\/www.anovapeneira.gal\/index.php\/wp-json\/wp\/v2\/categories?post=15108"},{"taxonomy":"post_tag","embeddable":true,"href":"https:\/\/www.anovapeneira.gal\/index.php\/wp-json\/wp\/v2\/tags?post=15108"}],"curies":[{"name":"wp","href":"https:\/\/api.w.org\/{rel}","templated":true}]}}