{"id":15111,"date":"2025-12-17T12:00:00","date_gmt":"2025-12-17T11:00:00","guid":{"rendered":"https:\/\/www.anovapeneira.gal\/?p=15111"},"modified":"2025-12-13T10:50:24","modified_gmt":"2025-12-13T09:50:24","slug":"o-goberno-do-estado-adia-a-entrada-en-vigor-do-verifactu-a-xaneiro-do-2027","status":"publish","type":"post","link":"https:\/\/www.anovapeneira.gal\/index.php\/2025\/12\/17\/o-goberno-do-estado-adia-a-entrada-en-vigor-do-verifactu-a-xaneiro-do-2027\/","title":{"rendered":"O Goberno do estado ad\u00eda a entrada en vigor do Verifactu a xaneiro do 2027"},"content":{"rendered":"\n<p>O un de xaneiro do pr\u00f3ximo ano estaba prevista a entrada en vigor do verifactu, un sistema de facturaci\u00f3n obrigatoria para todas as empresas que tributan no imposto de sociedades. No mes de xu\u00f1o ser\u00edan todos os aut\u00f3nomos os que se viran na obriga de introducir este sistema de facturas nos seus negocios. A situaci\u00f3n en milleiros de pequenas empresas, a un mes vista de iniciar a obriga de facturar desa maneira, estaba moi pr\u00f3xima ao caos, pois moitas a\u00ednda non tiveran a posibilidade de implantalo e todo apuntaba que \u00eda ser practicamente imposible que en tan pouco tempo estivera todo listo para que o 100% das empresas do estado espa\u00f1ol comezasen a facturar a trav\u00e9s do verifactu.<\/p>\n\n\n\n<p>O goberno do estado, probablemente obrigado pola presi\u00f3n pol\u00edtica de Junts, adiou a s\u00faa entrada en vigor un ano, de tal maneira que ser\u00e1 o 1 de xaneiro do 27 cando as empresas estean obrigadas facturar dese modo, e o 1 de xu\u00f1o dese mesmo ano cando o te\u00f1an que facer os aut\u00f3nomos.<\/p>\n\n\n\n<p>N\u00f3s conversamos cunha asesora fiscal de Salvaterra, Loli Gil de asesor\u00eda Terra, con m\u00e1is de 25 anos de experiencia na asesor\u00eda de pemes e aut\u00f3nomos, para co\u00f1ecer a s\u00faa opini\u00f3n ao respecto do Verifactu en si, do proceso de implantaci\u00f3n, e de como queda agora a situaci\u00f3n das empresas despois de que un mes antes de que entrase en vigor , o goberno decidise adiar o seu nacemento ao ano 2027.<\/p>\n\n\n\n<p><strong>Loli Gil Pereira, asesora fiscal.<\/strong><\/p>\n\n\n\n<h2 class=\"wp-block-heading\">\u201c <strong>Penso que o Verifactu pode ser positivo para as empresas. Pero a maneira de implantalo \u00e9 un tanto ca\u00f3tica\u201d<\/strong><\/h2>\n\n\n\n<p><strong>Ti tes o negocio en Salvaterra, pero non es natural desta localidade, verdade?<\/strong><\/p>\n\n\n\n<blockquote class=\"wp-block-quote is-layout-flow wp-block-quote-is-layout-flow\">\n<p>Efectivamente. A mi\u00f1a familia \u00e9 natural do Morrazo. Os meus av\u00f3s emigraron a Venezuela e eu nac\u00edn al\u00ed. Vin a Galicia con 4 anos.<\/p>\n<\/blockquote>\n\n\n\n<p><strong>Tes alg\u00fan recordo de Caracas?<\/strong><\/p>\n\n\n\n<blockquote class=\"wp-block-quote is-layout-flow wp-block-quote-is-layout-flow\">\n<p>Si, un parque no que eu xogaba cun coche vermello.<\/p>\n<\/blockquote>\n\n\n\n<p><strong>Volviches ao Morrazo?<\/strong><\/p>\n\n\n\n<blockquote class=\"wp-block-quote is-layout-flow wp-block-quote-is-layout-flow\">\n<p>Si, a Moa\u00f1a. A mi\u00f1a familia \u00e9 de al\u00ed.<\/p>\n<\/blockquote>\n\n\n\n<p><strong>Que estudaches?<\/strong><\/p>\n\n\n\n<blockquote class=\"wp-block-quote is-layout-flow wp-block-quote-is-layout-flow\">\n<p>Estudei econ\u00f3micas en Vigo.<\/p>\n<\/blockquote>\n\n\n\n<p><strong>Por que abriches o negocio en Salvaterra?<\/strong><\/p>\n\n\n\n<blockquote class=\"wp-block-quote is-layout-flow wp-block-quote-is-layout-flow\">\n<p>Os cami\u00f1os da vida lev\u00e1ronme aqu\u00ed. Levo 28 anos na profesi\u00f3n e xa levo 10 anos en Salvaterra. Estou moi satisfeita de ter montado nesta localidade o meu negocio, ata o punto que podo dicir con certeza que xa non penso cambiar.<\/p>\n<\/blockquote>\n\n\n\n<p><strong>Cales son a maior\u00eda dos teus clientes?<\/strong><\/p>\n\n\n\n<blockquote class=\"wp-block-quote is-layout-flow wp-block-quote-is-layout-flow\">\n<p>A ampla maior\u00eda son aut\u00f3nomos e pemes.<\/p>\n<\/blockquote>\n\n\n\n<p><strong>Cambiaron moito as circunstancias da pequena empresa nos \u00faltimos 30 anos?<\/strong><\/p>\n\n\n\n<blockquote class=\"wp-block-quote is-layout-flow wp-block-quote-is-layout-flow\">\n<p>Si, moito. \u00c1s veces parece que para mellor, \u00e1s veces semella que para peor. Esto vai por temporadas. Se cadra os principais cambios resultan de que a profesionalizaci\u00f3n \u00e9 cada vez maior.<\/p>\n<\/blockquote>\n\n\n\n<p><strong>Ben, falemos do Veri Factu. Que \u00e9?<\/strong><\/p>\n\n\n\n<blockquote class=\"wp-block-quote is-layout-flow wp-block-quote-is-layout-flow\">\n<p>\u00c9 un sistema de facturaci\u00f3n que a Administraci\u00f3n Tributaria vai implantar de maneira obrigatoria para todas as empresas. Nun principio era obrigatorio utilizalo a partir do 1 de xaneiro do 26 para todas as sociedades que tributen polo imposto de sociedades, con independencia do volume de facturaci\u00f3n. A partir do 1 de xu\u00f1o a obrigatoriedade de uso tam\u00e9n se far\u00eda extensiva para todos os aut\u00f3nomos.<\/p>\n<\/blockquote>\n\n\n\n<p><strong>En que consiste ese sistema de facturaci\u00f3n?<\/strong><\/p>\n\n\n\n<blockquote class=\"wp-block-quote is-layout-flow wp-block-quote-is-layout-flow\">\n<p>O seu obxecto \u00e9 combater a fraude fiscal. Trata de verificar a autenticidade a integridade das facturas e que todas as operaci\u00f3ns comerciais se poidan comprobar cun c\u00f3digo QR.<\/p>\n<\/blockquote>\n\n\n\n<p><strong>Ao levar un QR se un negocio se equivoca ao meter os datos do cliente ou do importe nunha factura, non a pode modificar?<\/strong><\/p>\n\n\n\n<blockquote class=\"wp-block-quote is-layout-flow wp-block-quote-is-layout-flow\">\n<p>Non, non pode. Ten que facer unha rectificativa.<\/p>\n<\/blockquote>\n\n\n\n<p><strong>A implantaci\u00f3n \u00e9 moi complicada?<\/strong><\/p>\n\n\n\n<blockquote class=\"wp-block-quote is-layout-flow wp-block-quote-is-layout-flow\">\n<p>Require dun proceso de adaptaci\u00f3n que dependendo das caracter\u00edsticas da empresa poder\u00eda ser m\u00e1is ou menos complicado. A un pequeno aut\u00f3nomo que se centra case exclusivamente no d\u00eda a d\u00eda do seu traballo si que lle pode resultar complexo.<\/p>\n<\/blockquote>\n\n\n\n<p><strong>O martes un de decembro o goberno anunciou que se adiaba un ano a entrada obrigatoria do Veri Factu. Ata o dia antes de sabermos esta noticia, como levaban as empresas que atendes a implantaci\u00f3n dese sistema de facturaci\u00f3n?<\/strong><\/p>\n\n\n\n<blockquote class=\"wp-block-quote is-layout-flow wp-block-quote-is-layout-flow\">\n<p>As sociedades m\u00e1is grandes xa o estiveron implantando a partir de agosto para comezar xa no \u00faltimo trimestre do 2025.As empresas m\u00e1is pequenas e os aut\u00f3nomos levaban bastante atraso. N\u00f3s durante o mes de novembro estabamos a lume de carozo para tratar de que todos o tiveran xa listo para xaneiro.<\/p>\n<\/blockquote>\n\n\n\n<p><strong>V\u00edas posible ter todo listo para o 1 de xaneiro do 26?<\/strong><\/p>\n\n\n\n<blockquote class=\"wp-block-quote is-layout-flow wp-block-quote-is-layout-flow\">\n<p>A cousa estaba tremendamente dif\u00edcil.<\/p>\n<\/blockquote>\n\n\n\n<p><strong>Con independencia da maior ou menor dificultade para a s\u00faa posta en pr\u00e1ctica, este sistema, ao teu xu\u00edzo,\u00eda facilitar o control da fraude fiscal?<\/strong><\/p>\n\n\n\n<blockquote class=\"wp-block-quote is-layout-flow wp-block-quote-is-layout-flow\">\n<p>Eu creo que o resultado, cando estea todo en marcha con normalidade, si que vai ser positivo. Penso que pode facilitar o control da fraude e incluso as empresas van ter mellor controladas as s\u00faas operaci\u00f3ns comerciais.<\/p>\n<\/blockquote>\n\n\n\n<p><strong>Para as asesor\u00edas, ter atrasado a entrada obrigatoria deste sistema de facturaci\u00f3n un ano, \u00e9 unha boa ou unha mala nova?<\/strong><\/p>\n\n\n\n<blockquote class=\"wp-block-quote is-layout-flow wp-block-quote-is-layout-flow\">\n<p>Tal como estabamos agora si que \u00e9 importante que nos dean m\u00e1is tempo para a entrada en vigor do sistema. O que acontece \u00e9 que vai ser todo un pouco ca\u00f3tico, creo eu. Non se pode avisar de algo tan importante con tan pouco tempo de marxe. A o meu xu\u00edzo o ideal ser\u00eda que se implantase xa, como estaba previsto, pero que houbese varios meses de proba nos que as empresas non estiveran suxeitas a sanci\u00f3ns polos posibles erros ou pola imposibilidade de facelo efectivo xa o pr\u00f3ximo un de xaneiro.<\/p>\n<\/blockquote>\n\n\n\n<p><strong>A\u00ednda que esta conversa era moitivada polo Veri Factu, quero preguntarche tam\u00e9n pola directiva europea que determinaba que as empresas e aut\u00f3nomos que facturen menos de 85.000\u20ac ano puideran non repercutir o IVE aos seus clientes?<\/strong><\/p>\n\n\n\n<blockquote class=\"wp-block-quote is-layout-flow wp-block-quote-is-layout-flow\">\n<p>Xa ti\u00f1a que estar en vigor. O prazo rematou o un de xaneiro do 2025. Espa\u00f1a \u00e9 o \u00fanico estado da UE que non o fixo efectivo a\u00ednda. Non sei o motivo real de que non o fixeran. De feito en teor\u00eda non o poden facer. Pero \u00e1s veces entre a teor\u00eda e a pr\u00e1ctica hai un cami\u00f1o moi longo.<\/p>\n<\/blockquote>\n\n\n\n<p><strong>Cales son as principais eivas na relaci\u00f3n entre as pemes e a administraci\u00f3n?<\/strong><\/p>\n\n\n\n<blockquote class=\"wp-block-quote is-layout-flow wp-block-quote-is-layout-flow\">\n<p>A burocracia \u00e9 excesiva. Os tr\u00e1mites son demasiados e deben de ser reducidos para poder axilizar a xesti\u00f3n do d\u00eda a d\u00eda, e que as empresas poidan centrarse en ter mellores resultados.<\/p>\n<\/blockquote>\n","protected":false},"excerpt":{"rendered":"<div class=\"mh-excerpt\"><p>O un de xaneiro do pr\u00f3ximo ano estaba prevista a entrada en vigor do verifactu, un sistema de facturaci\u00f3n obrigatoria para todas as empresas que tributan no imposto de sociedades <a class=\"mh-excerpt-more\" href=\"https:\/\/www.anovapeneira.gal\/index.php\/2025\/12\/17\/o-goberno-do-estado-adia-a-entrada-en-vigor-do-verifactu-a-xaneiro-do-2027\/\" title=\"O Goberno do estado ad\u00eda a entrada en vigor do Verifactu a xaneiro do 2027\">[&#8230;]<\/a><\/p>\n<\/div>","protected":false},"author":3,"featured_media":15112,"comment_status":"open","ping_status":"open","sticky":false,"template":"","format":"standard","meta":{"_exactmetrics_skip_tracking":false,"_exactmetrics_sitenote_active":false,"_exactmetrics_sitenote_note":"","_exactmetrics_sitenote_category":0,"footnotes":""},"categories":[492],"tags":[186],"class_list":{"0":"post-15111","1":"post","2":"type-post","3":"status-publish","4":"format-standard","5":"has-post-thumbnail","7":"category-condado-reportaxes","8":"tag-concello-de-salvaterra-do-mino"},"yoast_head":"<!-- This site is optimized with the Yoast SEO plugin v27.4 - https:\/\/yoast.com\/product\/yoast-seo-wordpress\/ -->\n<title>O Goberno do estado ad\u00eda a entrada en vigor do Verifactu a xaneiro do 2027 -<\/title>\n<meta name=\"robots\" content=\"index, follow, max-snippet:-1, max-image-preview:large, max-video-preview:-1\" \/>\n<link rel=\"canonical\" href=\"https:\/\/www.anovapeneira.gal\/index.php\/2025\/12\/17\/o-goberno-do-estado-adia-a-entrada-en-vigor-do-verifactu-a-xaneiro-do-2027\/\" \/>\n<meta property=\"og:locale\" content=\"gl_ES\" \/>\n<meta property=\"og:type\" content=\"article\" \/>\n<meta property=\"og:title\" content=\"O Goberno do estado ad\u00eda a entrada en vigor do Verifactu a xaneiro do 2027 -\" \/>\n<meta property=\"og:description\" content=\"O un de xaneiro do pr\u00f3ximo ano estaba prevista a entrada en vigor do verifactu, un sistema de facturaci\u00f3n obrigatoria para todas as empresas que tributan no imposto de sociedades [...]\" \/>\n<meta property=\"og:url\" content=\"https:\/\/www.anovapeneira.gal\/index.php\/2025\/12\/17\/o-goberno-do-estado-adia-a-entrada-en-vigor-do-verifactu-a-xaneiro-do-2027\/\" \/>\n<meta property=\"article:publisher\" content=\"https:\/\/www.facebook.com\/anovapeneira\" \/>\n<meta property=\"article:published_time\" content=\"2025-12-17T11:00:00+00:00\" \/>\n<meta property=\"og:image\" content=\"https:\/\/www.anovapeneira.gal\/wp-content\/uploads\/2025\/12\/verifactu.jpg\" \/>\n\t<meta property=\"og:image:width\" content=\"720\" \/>\n\t<meta property=\"og:image:height\" content=\"432\" \/>\n\t<meta property=\"og:image:type\" content=\"image\/jpeg\" \/>\n<meta name=\"author\" content=\"Redacci\u00f3n A Nova Peneira\" \/>\n<meta name=\"twitter:card\" content=\"summary_large_image\" \/>\n<meta name=\"twitter:creator\" content=\"@APeneira\" \/>\n<meta name=\"twitter:site\" content=\"@APeneira\" \/>\n<meta name=\"twitter:label1\" content=\"Escrito por\" \/>\n\t<meta name=\"twitter:data1\" content=\"Redacci\u00f3n A Nova Peneira\" \/>\n\t<meta name=\"twitter:label2\" content=\"Tempo de lectura\" \/>\n\t<meta name=\"twitter:data2\" content=\"3 minutos\" \/>\n<script type=\"application\/ld+json\" class=\"yoast-schema-graph\">{\"@context\":\"https:\\\/\\\/schema.org\",\"@graph\":[{\"@type\":\"Article\",\"@id\":\"https:\\\/\\\/www.anovapeneira.gal\\\/index.php\\\/2025\\\/12\\\/17\\\/o-goberno-do-estado-adia-a-entrada-en-vigor-do-verifactu-a-xaneiro-do-2027\\\/#article\",\"isPartOf\":{\"@id\":\"https:\\\/\\\/www.anovapeneira.gal\\\/index.php\\\/2025\\\/12\\\/17\\\/o-goberno-do-estado-adia-a-entrada-en-vigor-do-verifactu-a-xaneiro-do-2027\\\/\"},\"author\":{\"name\":\"Redacci\u00f3n A Nova Peneira\",\"@id\":\"https:\\\/\\\/www.anovapeneira.gal\\\/#\\\/schema\\\/person\\\/b93e3f8932e3f8da96334607eb6ac6aa\"},\"headline\":\"O Goberno do estado ad\u00eda a entrada en vigor do Verifactu a xaneiro do 2027\",\"datePublished\":\"2025-12-17T11:00:00+00:00\",\"mainEntityOfPage\":{\"@id\":\"https:\\\/\\\/www.anovapeneira.gal\\\/index.php\\\/2025\\\/12\\\/17\\\/o-goberno-do-estado-adia-a-entrada-en-vigor-do-verifactu-a-xaneiro-do-2027\\\/\"},\"wordCount\":1129,\"commentCount\":0,\"publisher\":{\"@id\":\"https:\\\/\\\/www.anovapeneira.gal\\\/#organization\"},\"image\":{\"@id\":\"https:\\\/\\\/www.anovapeneira.gal\\\/index.php\\\/2025\\\/12\\\/17\\\/o-goberno-do-estado-adia-a-entrada-en-vigor-do-verifactu-a-xaneiro-do-2027\\\/#primaryimage\"},\"thumbnailUrl\":\"https:\\\/\\\/www.anovapeneira.gal\\\/wp-content\\\/uploads\\\/2025\\\/12\\\/verifactu.jpg\",\"keywords\":[\"Concello de Salvaterra do Mi\u00f1o\"],\"articleSection\":[\"Condado\"],\"inLanguage\":\"gl-ES\",\"potentialAction\":[{\"@type\":\"CommentAction\",\"name\":\"Comment\",\"target\":[\"https:\\\/\\\/www.anovapeneira.gal\\\/index.php\\\/2025\\\/12\\\/17\\\/o-goberno-do-estado-adia-a-entrada-en-vigor-do-verifactu-a-xaneiro-do-2027\\\/#respond\"]}]},{\"@type\":\"WebPage\",\"@id\":\"https:\\\/\\\/www.anovapeneira.gal\\\/index.php\\\/2025\\\/12\\\/17\\\/o-goberno-do-estado-adia-a-entrada-en-vigor-do-verifactu-a-xaneiro-do-2027\\\/\",\"url\":\"https:\\\/\\\/www.anovapeneira.gal\\\/index.php\\\/2025\\\/12\\\/17\\\/o-goberno-do-estado-adia-a-entrada-en-vigor-do-verifactu-a-xaneiro-do-2027\\\/\",\"name\":\"O Goberno do estado ad\u00eda a entrada en vigor do Verifactu a xaneiro do 2027 -\",\"isPartOf\":{\"@id\":\"https:\\\/\\\/www.anovapeneira.gal\\\/#website\"},\"primaryImageOfPage\":{\"@id\":\"https:\\\/\\\/www.anovapeneira.gal\\\/index.php\\\/2025\\\/12\\\/17\\\/o-goberno-do-estado-adia-a-entrada-en-vigor-do-verifactu-a-xaneiro-do-2027\\\/#primaryimage\"},\"image\":{\"@id\":\"https:\\\/\\\/www.anovapeneira.gal\\\/index.php\\\/2025\\\/12\\\/17\\\/o-goberno-do-estado-adia-a-entrada-en-vigor-do-verifactu-a-xaneiro-do-2027\\\/#primaryimage\"},\"thumbnailUrl\":\"https:\\\/\\\/www.anovapeneira.gal\\\/wp-content\\\/uploads\\\/2025\\\/12\\\/verifactu.jpg\",\"datePublished\":\"2025-12-17T11:00:00+00:00\",\"breadcrumb\":{\"@id\":\"https:\\\/\\\/www.anovapeneira.gal\\\/index.php\\\/2025\\\/12\\\/17\\\/o-goberno-do-estado-adia-a-entrada-en-vigor-do-verifactu-a-xaneiro-do-2027\\\/#breadcrumb\"},\"inLanguage\":\"gl-ES\",\"potentialAction\":[{\"@type\":\"ReadAction\",\"target\":[\"https:\\\/\\\/www.anovapeneira.gal\\\/index.php\\\/2025\\\/12\\\/17\\\/o-goberno-do-estado-adia-a-entrada-en-vigor-do-verifactu-a-xaneiro-do-2027\\\/\"]}]},{\"@type\":\"ImageObject\",\"inLanguage\":\"gl-ES\",\"@id\":\"https:\\\/\\\/www.anovapeneira.gal\\\/index.php\\\/2025\\\/12\\\/17\\\/o-goberno-do-estado-adia-a-entrada-en-vigor-do-verifactu-a-xaneiro-do-2027\\\/#primaryimage\",\"url\":\"https:\\\/\\\/www.anovapeneira.gal\\\/wp-content\\\/uploads\\\/2025\\\/12\\\/verifactu.jpg\",\"contentUrl\":\"https:\\\/\\\/www.anovapeneira.gal\\\/wp-content\\\/uploads\\\/2025\\\/12\\\/verifactu.jpg\",\"width\":720,\"height\":432},{\"@type\":\"BreadcrumbList\",\"@id\":\"https:\\\/\\\/www.anovapeneira.gal\\\/index.php\\\/2025\\\/12\\\/17\\\/o-goberno-do-estado-adia-a-entrada-en-vigor-do-verifactu-a-xaneiro-do-2027\\\/#breadcrumb\",\"itemListElement\":[{\"@type\":\"ListItem\",\"position\":1,\"name\":\"Portada\",\"item\":\"https:\\\/\\\/www.anovapeneira.gal\\\/\"},{\"@type\":\"ListItem\",\"position\":2,\"name\":\"O Goberno do estado ad\u00eda a entrada en vigor do Verifactu a xaneiro do 2027\"}]},{\"@type\":\"WebSite\",\"@id\":\"https:\\\/\\\/www.anovapeneira.gal\\\/#website\",\"url\":\"https:\\\/\\\/www.anovapeneira.gal\\\/\",\"name\":\"\",\"description\":\"Xornal galego de informaci\u00f3n xeral Publicaci\u00f3n mensual de novas de Galicia e en especial dos Concellos da sur da provincia de Pontevedra.\",\"publisher\":{\"@id\":\"https:\\\/\\\/www.anovapeneira.gal\\\/#organization\"},\"potentialAction\":[{\"@type\":\"SearchAction\",\"target\":{\"@type\":\"EntryPoint\",\"urlTemplate\":\"https:\\\/\\\/www.anovapeneira.gal\\\/?s={search_term_string}\"},\"query-input\":{\"@type\":\"PropertyValueSpecification\",\"valueRequired\":true,\"valueName\":\"search_term_string\"}}],\"inLanguage\":\"gl-ES\"},{\"@type\":\"Organization\",\"@id\":\"https:\\\/\\\/www.anovapeneira.gal\\\/#organization\",\"name\":\"A Nova Peneira\",\"url\":\"https:\\\/\\\/www.anovapeneira.gal\\\/\",\"logo\":{\"@type\":\"ImageObject\",\"inLanguage\":\"gl-ES\",\"@id\":\"https:\\\/\\\/www.anovapeneira.gal\\\/#\\\/schema\\\/logo\\\/image\\\/\",\"url\":\"http:\\\/\\\/www.anovapeneira.gal\\\/wp-content\\\/uploads\\\/2019\\\/06\\\/logo_a_nova_peneira_portal_web.png\",\"contentUrl\":\"http:\\\/\\\/www.anovapeneira.gal\\\/wp-content\\\/uploads\\\/2019\\\/06\\\/logo_a_nova_peneira_portal_web.png\",\"width\":300,\"height\":100,\"caption\":\"A Nova Peneira\"},\"image\":{\"@id\":\"https:\\\/\\\/www.anovapeneira.gal\\\/#\\\/schema\\\/logo\\\/image\\\/\"},\"sameAs\":[\"https:\\\/\\\/www.facebook.com\\\/anovapeneira\",\"https:\\\/\\\/x.com\\\/APeneira\"]},{\"@type\":\"Person\",\"@id\":\"https:\\\/\\\/www.anovapeneira.gal\\\/#\\\/schema\\\/person\\\/b93e3f8932e3f8da96334607eb6ac6aa\",\"name\":\"Redacci\u00f3n A Nova Peneira\",\"image\":{\"@type\":\"ImageObject\",\"inLanguage\":\"gl-ES\",\"@id\":\"https:\\\/\\\/secure.gravatar.com\\\/avatar\\\/c052a2551a06e23fac63626232eaa90abd78dbcf1700fc46a2b2c89fd27b735f?s=96&d=mm&r=g\",\"url\":\"https:\\\/\\\/secure.gravatar.com\\\/avatar\\\/c052a2551a06e23fac63626232eaa90abd78dbcf1700fc46a2b2c89fd27b735f?s=96&d=mm&r=g\",\"contentUrl\":\"https:\\\/\\\/secure.gravatar.com\\\/avatar\\\/c052a2551a06e23fac63626232eaa90abd78dbcf1700fc46a2b2c89fd27b735f?s=96&d=mm&r=g\",\"caption\":\"Redacci\u00f3n A Nova Peneira\"},\"sameAs\":[\"http:\\\/\\\/www.anovapeneira.gal\\\/\"],\"url\":\"https:\\\/\\\/www.anovapeneira.gal\\\/index.php\\\/author\\\/redactor\\\/\"}]}<\/script>\n<!-- \/ Yoast SEO plugin. -->","yoast_head_json":{"title":"O Goberno do estado ad\u00eda a entrada en vigor do Verifactu a xaneiro do 2027 -","robots":{"index":"index","follow":"follow","max-snippet":"max-snippet:-1","max-image-preview":"max-image-preview:large","max-video-preview":"max-video-preview:-1"},"canonical":"https:\/\/www.anovapeneira.gal\/index.php\/2025\/12\/17\/o-goberno-do-estado-adia-a-entrada-en-vigor-do-verifactu-a-xaneiro-do-2027\/","og_locale":"gl_ES","og_type":"article","og_title":"O Goberno do estado ad\u00eda a entrada en vigor do Verifactu a xaneiro do 2027 -","og_description":"O un de xaneiro do pr\u00f3ximo ano estaba prevista a entrada en vigor do verifactu, un sistema de facturaci\u00f3n obrigatoria para todas as empresas que tributan no imposto de sociedades [...]","og_url":"https:\/\/www.anovapeneira.gal\/index.php\/2025\/12\/17\/o-goberno-do-estado-adia-a-entrada-en-vigor-do-verifactu-a-xaneiro-do-2027\/","article_publisher":"https:\/\/www.facebook.com\/anovapeneira","article_published_time":"2025-12-17T11:00:00+00:00","og_image":[{"width":720,"height":432,"url":"https:\/\/www.anovapeneira.gal\/wp-content\/uploads\/2025\/12\/verifactu.jpg","type":"image\/jpeg"}],"author":"Redacci\u00f3n A Nova Peneira","twitter_card":"summary_large_image","twitter_creator":"@APeneira","twitter_site":"@APeneira","twitter_misc":{"Escrito por":"Redacci\u00f3n A Nova Peneira","Tempo de lectura":"3 minutos"},"schema":{"@context":"https:\/\/schema.org","@graph":[{"@type":"Article","@id":"https:\/\/www.anovapeneira.gal\/index.php\/2025\/12\/17\/o-goberno-do-estado-adia-a-entrada-en-vigor-do-verifactu-a-xaneiro-do-2027\/#article","isPartOf":{"@id":"https:\/\/www.anovapeneira.gal\/index.php\/2025\/12\/17\/o-goberno-do-estado-adia-a-entrada-en-vigor-do-verifactu-a-xaneiro-do-2027\/"},"author":{"name":"Redacci\u00f3n A Nova Peneira","@id":"https:\/\/www.anovapeneira.gal\/#\/schema\/person\/b93e3f8932e3f8da96334607eb6ac6aa"},"headline":"O Goberno do estado ad\u00eda a entrada en vigor do Verifactu a xaneiro do 2027","datePublished":"2025-12-17T11:00:00+00:00","mainEntityOfPage":{"@id":"https:\/\/www.anovapeneira.gal\/index.php\/2025\/12\/17\/o-goberno-do-estado-adia-a-entrada-en-vigor-do-verifactu-a-xaneiro-do-2027\/"},"wordCount":1129,"commentCount":0,"publisher":{"@id":"https:\/\/www.anovapeneira.gal\/#organization"},"image":{"@id":"https:\/\/www.anovapeneira.gal\/index.php\/2025\/12\/17\/o-goberno-do-estado-adia-a-entrada-en-vigor-do-verifactu-a-xaneiro-do-2027\/#primaryimage"},"thumbnailUrl":"https:\/\/www.anovapeneira.gal\/wp-content\/uploads\/2025\/12\/verifactu.jpg","keywords":["Concello de Salvaterra do Mi\u00f1o"],"articleSection":["Condado"],"inLanguage":"gl-ES","potentialAction":[{"@type":"CommentAction","name":"Comment","target":["https:\/\/www.anovapeneira.gal\/index.php\/2025\/12\/17\/o-goberno-do-estado-adia-a-entrada-en-vigor-do-verifactu-a-xaneiro-do-2027\/#respond"]}]},{"@type":"WebPage","@id":"https:\/\/www.anovapeneira.gal\/index.php\/2025\/12\/17\/o-goberno-do-estado-adia-a-entrada-en-vigor-do-verifactu-a-xaneiro-do-2027\/","url":"https:\/\/www.anovapeneira.gal\/index.php\/2025\/12\/17\/o-goberno-do-estado-adia-a-entrada-en-vigor-do-verifactu-a-xaneiro-do-2027\/","name":"O Goberno do estado ad\u00eda a entrada en vigor do Verifactu a xaneiro do 2027 -","isPartOf":{"@id":"https:\/\/www.anovapeneira.gal\/#website"},"primaryImageOfPage":{"@id":"https:\/\/www.anovapeneira.gal\/index.php\/2025\/12\/17\/o-goberno-do-estado-adia-a-entrada-en-vigor-do-verifactu-a-xaneiro-do-2027\/#primaryimage"},"image":{"@id":"https:\/\/www.anovapeneira.gal\/index.php\/2025\/12\/17\/o-goberno-do-estado-adia-a-entrada-en-vigor-do-verifactu-a-xaneiro-do-2027\/#primaryimage"},"thumbnailUrl":"https:\/\/www.anovapeneira.gal\/wp-content\/uploads\/2025\/12\/verifactu.jpg","datePublished":"2025-12-17T11:00:00+00:00","breadcrumb":{"@id":"https:\/\/www.anovapeneira.gal\/index.php\/2025\/12\/17\/o-goberno-do-estado-adia-a-entrada-en-vigor-do-verifactu-a-xaneiro-do-2027\/#breadcrumb"},"inLanguage":"gl-ES","potentialAction":[{"@type":"ReadAction","target":["https:\/\/www.anovapeneira.gal\/index.php\/2025\/12\/17\/o-goberno-do-estado-adia-a-entrada-en-vigor-do-verifactu-a-xaneiro-do-2027\/"]}]},{"@type":"ImageObject","inLanguage":"gl-ES","@id":"https:\/\/www.anovapeneira.gal\/index.php\/2025\/12\/17\/o-goberno-do-estado-adia-a-entrada-en-vigor-do-verifactu-a-xaneiro-do-2027\/#primaryimage","url":"https:\/\/www.anovapeneira.gal\/wp-content\/uploads\/2025\/12\/verifactu.jpg","contentUrl":"https:\/\/www.anovapeneira.gal\/wp-content\/uploads\/2025\/12\/verifactu.jpg","width":720,"height":432},{"@type":"BreadcrumbList","@id":"https:\/\/www.anovapeneira.gal\/index.php\/2025\/12\/17\/o-goberno-do-estado-adia-a-entrada-en-vigor-do-verifactu-a-xaneiro-do-2027\/#breadcrumb","itemListElement":[{"@type":"ListItem","position":1,"name":"Portada","item":"https:\/\/www.anovapeneira.gal\/"},{"@type":"ListItem","position":2,"name":"O Goberno do estado ad\u00eda a entrada en vigor do Verifactu a xaneiro do 2027"}]},{"@type":"WebSite","@id":"https:\/\/www.anovapeneira.gal\/#website","url":"https:\/\/www.anovapeneira.gal\/","name":"","description":"Xornal galego de informaci\u00f3n xeral Publicaci\u00f3n mensual de novas de Galicia e en especial dos Concellos da sur da provincia de Pontevedra.","publisher":{"@id":"https:\/\/www.anovapeneira.gal\/#organization"},"potentialAction":[{"@type":"SearchAction","target":{"@type":"EntryPoint","urlTemplate":"https:\/\/www.anovapeneira.gal\/?s={search_term_string}"},"query-input":{"@type":"PropertyValueSpecification","valueRequired":true,"valueName":"search_term_string"}}],"inLanguage":"gl-ES"},{"@type":"Organization","@id":"https:\/\/www.anovapeneira.gal\/#organization","name":"A Nova Peneira","url":"https:\/\/www.anovapeneira.gal\/","logo":{"@type":"ImageObject","inLanguage":"gl-ES","@id":"https:\/\/www.anovapeneira.gal\/#\/schema\/logo\/image\/","url":"http:\/\/www.anovapeneira.gal\/wp-content\/uploads\/2019\/06\/logo_a_nova_peneira_portal_web.png","contentUrl":"http:\/\/www.anovapeneira.gal\/wp-content\/uploads\/2019\/06\/logo_a_nova_peneira_portal_web.png","width":300,"height":100,"caption":"A Nova Peneira"},"image":{"@id":"https:\/\/www.anovapeneira.gal\/#\/schema\/logo\/image\/"},"sameAs":["https:\/\/www.facebook.com\/anovapeneira","https:\/\/x.com\/APeneira"]},{"@type":"Person","@id":"https:\/\/www.anovapeneira.gal\/#\/schema\/person\/b93e3f8932e3f8da96334607eb6ac6aa","name":"Redacci\u00f3n A Nova Peneira","image":{"@type":"ImageObject","inLanguage":"gl-ES","@id":"https:\/\/secure.gravatar.com\/avatar\/c052a2551a06e23fac63626232eaa90abd78dbcf1700fc46a2b2c89fd27b735f?s=96&d=mm&r=g","url":"https:\/\/secure.gravatar.com\/avatar\/c052a2551a06e23fac63626232eaa90abd78dbcf1700fc46a2b2c89fd27b735f?s=96&d=mm&r=g","contentUrl":"https:\/\/secure.gravatar.com\/avatar\/c052a2551a06e23fac63626232eaa90abd78dbcf1700fc46a2b2c89fd27b735f?s=96&d=mm&r=g","caption":"Redacci\u00f3n A Nova Peneira"},"sameAs":["http:\/\/www.anovapeneira.gal\/"],"url":"https:\/\/www.anovapeneira.gal\/index.php\/author\/redactor\/"}]}},"jetpack_featured_media_url":"https:\/\/www.anovapeneira.gal\/wp-content\/uploads\/2025\/12\/verifactu.jpg","_links":{"self":[{"href":"https:\/\/www.anovapeneira.gal\/index.php\/wp-json\/wp\/v2\/posts\/15111","targetHints":{"allow":["GET"]}}],"collection":[{"href":"https:\/\/www.anovapeneira.gal\/index.php\/wp-json\/wp\/v2\/posts"}],"about":[{"href":"https:\/\/www.anovapeneira.gal\/index.php\/wp-json\/wp\/v2\/types\/post"}],"author":[{"embeddable":true,"href":"https:\/\/www.anovapeneira.gal\/index.php\/wp-json\/wp\/v2\/users\/3"}],"replies":[{"embeddable":true,"href":"https:\/\/www.anovapeneira.gal\/index.php\/wp-json\/wp\/v2\/comments?post=15111"}],"version-history":[{"count":1,"href":"https:\/\/www.anovapeneira.gal\/index.php\/wp-json\/wp\/v2\/posts\/15111\/revisions"}],"predecessor-version":[{"id":15113,"href":"https:\/\/www.anovapeneira.gal\/index.php\/wp-json\/wp\/v2\/posts\/15111\/revisions\/15113"}],"wp:featuredmedia":[{"embeddable":true,"href":"https:\/\/www.anovapeneira.gal\/index.php\/wp-json\/wp\/v2\/media\/15112"}],"wp:attachment":[{"href":"https:\/\/www.anovapeneira.gal\/index.php\/wp-json\/wp\/v2\/media?parent=15111"}],"wp:term":[{"taxonomy":"category","embeddable":true,"href":"https:\/\/www.anovapeneira.gal\/index.php\/wp-json\/wp\/v2\/categories?post=15111"},{"taxonomy":"post_tag","embeddable":true,"href":"https:\/\/www.anovapeneira.gal\/index.php\/wp-json\/wp\/v2\/tags?post=15111"}],"curies":[{"name":"wp","href":"https:\/\/api.w.org\/{rel}","templated":true}]}}