{"id":15114,"date":"2025-12-24T10:00:17","date_gmt":"2025-12-24T09:00:17","guid":{"rendered":"https:\/\/www.anovapeneira.gal\/?p=15114"},"modified":"2025-12-13T11:31:44","modified_gmt":"2025-12-13T10:31:44","slug":"juan-migueles-autor-do-calendario-historico-de-redondela","status":"publish","type":"post","link":"https:\/\/www.anovapeneira.gal\/index.php\/2025\/12\/24\/juan-migueles-autor-do-calendario-historico-de-redondela\/","title":{"rendered":"Juan Migueles, autor do calendario hist\u00f3rico de Redondela"},"content":{"rendered":"\n<p>Natural de Vilavella e residente en Cedeira Juan \u00e9 un historiador que leva anos mergull\u00e1ndose no pasado da nosa Vila. Ven de publicar un traballo cuxa elaboraci\u00f3n requiriu un esforzo extraordinario, polo que non cabe outra que reco\u00f1ecer o enorme m\u00e9rito que ten Juan en trasladar o noso pasado ao noso presente. \u00c9 o \u201cCalendario hist\u00f3rico de Redondela\u201d.Nesta obra rec\u00f3llense d\u00eda a d\u00eda distintos sucesos relevantes que aconteceron en todos e cada un dos 365 d\u00edas do ano. N\u00f3s non puidemos deixar de conversar con el. Vela\u00ed vai o que deu de si a nosa conversa<\/p>\n\n\n\n<h2 class=\"wp-block-heading\">\u201c <strong>O meu obxectivo \u00e9 que a Redondela de hoxe co\u00f1eza un pouco mellor \u00e1 Redondela que foi\u201d<\/strong><\/h2>\n\n\n\n<p><strong>Como acaba un mestre de infantil recompilando a historia de Redondela?<\/strong><\/p>\n\n\n\n<blockquote class=\"wp-block-quote is-layout-flow wp-block-quote-is-layout-flow\">\n<p>Ben, a mi\u00f1a formaci\u00f3n \u00e9 a de mestre de infantil pero non traballo como mestre. A min sempre me interesou a historia. Comecei un pouco como entretemento facendo un traballo sobre os distintos alcumes. E a verdade mentres buscaba informaci\u00f3n deime de conta de que case non hab\u00eda nada publicado sobre a historia de Redondela<\/p>\n<\/blockquote>\n\n\n\n<p><strong>Na web do Concello non hai nada tampouco?<\/strong><\/p>\n\n\n\n<blockquote class=\"wp-block-quote is-layout-flow wp-block-quote-is-layout-flow\">\n<p>Case nada. Apenas hai unha folla. Ent\u00f3n lanceime \u00e1 piscina<\/p>\n<\/blockquote>\n\n\n\n<p><strong>O libro dos alcumes xa est\u00e1 publicado?<\/strong><\/p>\n\n\n\n<blockquote class=\"wp-block-quote is-layout-flow wp-block-quote-is-layout-flow\">\n<p>Si.<\/p>\n<\/blockquote>\n\n\n\n<p><strong>Que foi o que m\u00e1is che custou para facer ese traballo?<\/strong><\/p>\n\n\n\n<blockquote class=\"wp-block-quote is-layout-flow wp-block-quote-is-layout-flow\">\n<p>Investigar as orixes de cada alcume. Pero coa colaboraci\u00f3n da xente e cun minucioso traballo de investigaci\u00f3n fun resolvendo.<\/p>\n<\/blockquote>\n\n\n\n<p><strong>Dime alg\u00fan alcume que che parecera especialmente rechamante?<\/strong><\/p>\n\n\n\n<blockquote class=\"wp-block-quote is-layout-flow wp-block-quote-is-layout-flow\">\n<p>Hai milleiros: \u201cCagha l\u00faas\u201d, \u201c Cagha pa dentro\u201d \u201c As cagonas\u201d..<\/p>\n<\/blockquote>\n\n\n\n<p><strong>Despois dos alcumes veu o blog de fotos antigas de Redondela?<\/strong><\/p>\n\n\n\n<blockquote class=\"wp-block-quote is-layout-flow wp-block-quote-is-layout-flow\">\n<p>Si, e tivo bastante \u00e9xito. Tr\u00e1tase de amosar \u00e1s novas xeraci\u00f3ns como era a Redondela que foi, en todos os eidos posibles.<\/p>\n<\/blockquote>\n\n\n\n<p><strong>Cantas fotos podes ter?<\/strong><\/p>\n\n\n\n<blockquote class=\"wp-block-quote is-layout-flow wp-block-quote-is-layout-flow\">\n<p>No meu arquivo entre as antigas e as recentes te\u00f1o arredor de 40.000<\/p>\n<\/blockquote>\n\n\n\n<p><strong>Cres que Redondela coida o seu patrimonio de maneira adecuada e suficiente?<\/strong><\/p>\n\n\n\n<blockquote class=\"wp-block-quote is-layout-flow wp-block-quote-is-layout-flow\">\n<p>En Galicia, en xeral, non se coida o patrimonio. Redondela, en particular, vai facendo pequenas cousas a este respecto, o que \u00e9 moi importante. Por fin no PXOM temos un documento no que ven todo recollido para que cando o Concello queira facer algunha actuaci\u00f3n saiba onde hai alg\u00fan elemento patrimonial de interese.<\/p>\n<\/blockquote>\n\n\n\n<p><strong>Posteriormente fas un libro de Cedeira. De que trata?<\/strong><\/p>\n\n\n\n<blockquote class=\"wp-block-quote is-layout-flow wp-block-quote-is-layout-flow\">\n<p>\u00c9 unha iniciativa do Concello consistente en facer libros sobre as distintas parroquias. Cada un dos autores enfocouno de maneira diferente aos demais. Houbo desde quen describiu historias das distintas familias ata quen explicou as distintas rutas de sendeirismo. Eu centreime en contar a historia dos elementos patrimoniais da parroquia de Cedeira.<\/p>\n<\/blockquote>\n\n\n\n<p><strong>E chegamos ao \u00faltimo libro<\/strong><\/p>\n\n\n\n<blockquote class=\"wp-block-quote is-layout-flow wp-block-quote-is-layout-flow\">\n<p>Pois si. Tam\u00e9n foi un encargo do Concello. A idea \u00e9 facer un calendario e en cada d\u00eda reflectir un suceso importante que acontecera na nosa vila.<\/p>\n<\/blockquote>\n\n\n\n<p><strong>Que criterios utilizaches para a s\u00faa redacci\u00f3n?<\/strong><\/p>\n\n\n\n<blockquote class=\"wp-block-quote is-layout-flow wp-block-quote-is-layout-flow\">\n<p>Tratei que fose o m\u00e1is ameno posible con obxecto de suscitar o interese nos lectores e lectoras. Engad\u00edn moitas curiosidades e an\u00e9cdotas que entendo poden resultar de interese para quen se achegue \u00e1s s\u00faas p\u00e1xinas.<\/p>\n<\/blockquote>\n\n\n\n<p><strong>As persoas que aparecen no libro son reais?<\/strong><\/p>\n\n\n\n<blockquote class=\"wp-block-quote is-layout-flow wp-block-quote-is-layout-flow\">\n<p>Si, si que o son. Algunhas moi co\u00f1ecidas outras non tanto, pero si que son persoas reais. O obxectivo \u00e9 que a Redondela actual co\u00f1eza un pouco mellor \u00e1 Redondela do pasado.<\/p>\n<\/blockquote>\n\n\n\n<p><strong>Facer un libro sobre a historia de Redondela que recompile 365 episodios diferentes, un por cada d\u00eda do ano, debe de supor un nivel de esforzo realmente importante?<\/strong><\/p>\n\n\n\n<blockquote class=\"wp-block-quote is-layout-flow wp-block-quote-is-layout-flow\">\n<p>Non hai unha historia diaria, hai 3 ou 4 historias de cada d\u00eda. E si o nivel de esforzo \u00e9 enorme. Levoume moitos anos completalo. Pero a satisfacci\u00f3n de ir descubrindo aos poucos historias apaixonantes da nosa vila \u00e9 m\u00e1is grande a\u00ednda e fixo que todo o esforzo pagase a pena de verdade.<\/p>\n<\/blockquote>\n\n\n\n<p><strong>Cres que a historia de Redondela suscita interese real nas xentes de Redondela?<\/strong><\/p>\n\n\n\n<blockquote class=\"wp-block-quote is-layout-flow wp-block-quote-is-layout-flow\">\n<p>O meu blog xa pasa das 120.000 visitas. Si, sen ning\u00fan tipo de d\u00fabida, si que suscita interese.<\/p>\n<\/blockquote>\n\n\n\n<p><strong>Hai algo do teu traballo que che faga sentir especial ilusi\u00f3n?<\/strong><\/p>\n\n\n\n<blockquote class=\"wp-block-quote is-layout-flow wp-block-quote-is-layout-flow\">\n<p>En xeral todo me gusta moito. Pero se cadra cando alg\u00fan profesor me di que est\u00e1 utilizando o meu blog para traballar cos nenos e os alumnos ach\u00e9ganse con ilusi\u00f3n e interese pois a verdade \u00e9 que me enche de orgullo.<\/p>\n<\/blockquote>\n\n\n\n<p><strong>Como valoras a compra que fixo o Concello de Villa Elisa?<\/strong><\/p>\n\n\n\n<blockquote class=\"wp-block-quote is-layout-flow wp-block-quote-is-layout-flow\">\n<p>\u00c9 un acerto. \u00c9 a mellor maneira de garantir que ese patrimonio arquitect\u00f3nico vai poder ser conservado de maneira adecuada. Agardo que todos os gobernos futuros de Redondela sigan nesta li\u00f1a de conservar o noso patrimonio. Por outro lado o local no que est\u00e1 a biblioteca actual non \u00e9 que sexa o mellor posible. Trasladala a Villa Elisa par\u00e9ceme moi ben.<\/p>\n<\/blockquote>\n\n\n\n<p><strong>O Museo de Anxo Barros acabar\u00e1 sendo realidade?<\/strong><\/p>\n\n\n\n<blockquote class=\"wp-block-quote is-layout-flow wp-block-quote-is-layout-flow\">\n<p>Agardo que si. Pero estar\u00eda mellor se se ampl\u00eda a m\u00e1is creadores. Temos moito talento en Redondela que merece un espazo para a s\u00faa expresi\u00f3n.<\/p>\n<\/blockquote>\n","protected":false},"excerpt":{"rendered":"<div class=\"mh-excerpt\"><p>Natural de Vilavella e residente en Cedeira Juan \u00e9 un historiador que leva anos mergull\u00e1ndose no pasado da nosa Vila.  <a class=\"mh-excerpt-more\" href=\"https:\/\/www.anovapeneira.gal\/index.php\/2025\/12\/24\/juan-migueles-autor-do-calendario-historico-de-redondela\/\" title=\"Juan Migueles, autor do calendario hist\u00f3rico de Redondela\">[&#8230;]<\/a><\/p>\n<\/div>","protected":false},"author":6,"featured_media":15115,"comment_status":"open","ping_status":"open","sticky":false,"template":"","format":"standard","meta":{"_exactmetrics_skip_tracking":false,"_exactmetrics_sitenote_active":false,"_exactmetrics_sitenote_note":"","_exactmetrics_sitenote_category":0,"footnotes":""},"categories":[270],"tags":[171],"class_list":{"0":"post-15114","1":"post","2":"type-post","3":"status-publish","4":"format-standard","5":"has-post-thumbnail","7":"category-redondela-entrevistas","8":"tag-concello-de-redondela"},"yoast_head":"<!-- This site is optimized with the Yoast SEO plugin v27.4 - https:\/\/yoast.com\/product\/yoast-seo-wordpress\/ -->\n<title>Juan Migueles, autor do calendario hist\u00f3rico de Redondela -<\/title>\n<meta name=\"robots\" content=\"index, follow, max-snippet:-1, max-image-preview:large, max-video-preview:-1\" \/>\n<link rel=\"canonical\" href=\"https:\/\/www.anovapeneira.gal\/index.php\/2025\/12\/24\/juan-migueles-autor-do-calendario-historico-de-redondela\/\" \/>\n<meta property=\"og:locale\" content=\"gl_ES\" \/>\n<meta property=\"og:type\" content=\"article\" \/>\n<meta property=\"og:title\" content=\"Juan Migueles, autor do calendario hist\u00f3rico de Redondela -\" \/>\n<meta property=\"og:description\" content=\"Natural de Vilavella e residente en Cedeira Juan \u00e9 un historiador que leva anos mergull\u00e1ndose no pasado da nosa Vila. [...]\" \/>\n<meta property=\"og:url\" content=\"https:\/\/www.anovapeneira.gal\/index.php\/2025\/12\/24\/juan-migueles-autor-do-calendario-historico-de-redondela\/\" \/>\n<meta property=\"article:publisher\" content=\"https:\/\/www.facebook.com\/anovapeneira\" \/>\n<meta property=\"article:published_time\" content=\"2025-12-24T09:00:17+00:00\" \/>\n<meta property=\"og:image\" content=\"https:\/\/www.anovapeneira.gal\/wp-content\/uploads\/2025\/12\/juan_miguelez.jpg\" \/>\n\t<meta property=\"og:image:width\" content=\"720\" \/>\n\t<meta property=\"og:image:height\" content=\"432\" \/>\n\t<meta property=\"og:image:type\" content=\"image\/jpeg\" \/>\n<meta name=\"author\" content=\"Marcos Santos\" \/>\n<meta name=\"twitter:card\" content=\"summary_large_image\" \/>\n<meta name=\"twitter:creator\" content=\"@APeneira\" \/>\n<meta name=\"twitter:site\" content=\"@APeneira\" \/>\n<meta name=\"twitter:label1\" content=\"Escrito por\" \/>\n\t<meta name=\"twitter:data1\" content=\"Marcos Santos\" \/>\n\t<meta name=\"twitter:label2\" content=\"Tempo de lectura\" \/>\n\t<meta name=\"twitter:data2\" content=\"2 minutos\" \/>\n<script type=\"application\/ld+json\" class=\"yoast-schema-graph\">{\"@context\":\"https:\\\/\\\/schema.org\",\"@graph\":[{\"@type\":\"Article\",\"@id\":\"https:\\\/\\\/www.anovapeneira.gal\\\/index.php\\\/2025\\\/12\\\/24\\\/juan-migueles-autor-do-calendario-historico-de-redondela\\\/#article\",\"isPartOf\":{\"@id\":\"https:\\\/\\\/www.anovapeneira.gal\\\/index.php\\\/2025\\\/12\\\/24\\\/juan-migueles-autor-do-calendario-historico-de-redondela\\\/\"},\"author\":{\"name\":\"Marcos Santos\",\"@id\":\"https:\\\/\\\/www.anovapeneira.gal\\\/#\\\/schema\\\/person\\\/d9d84823564720e7593293bab054e52d\"},\"headline\":\"Juan Migueles, autor do calendario hist\u00f3rico de Redondela\",\"datePublished\":\"2025-12-24T09:00:17+00:00\",\"mainEntityOfPage\":{\"@id\":\"https:\\\/\\\/www.anovapeneira.gal\\\/index.php\\\/2025\\\/12\\\/24\\\/juan-migueles-autor-do-calendario-historico-de-redondela\\\/\"},\"wordCount\":854,\"commentCount\":0,\"publisher\":{\"@id\":\"https:\\\/\\\/www.anovapeneira.gal\\\/#organization\"},\"image\":{\"@id\":\"https:\\\/\\\/www.anovapeneira.gal\\\/index.php\\\/2025\\\/12\\\/24\\\/juan-migueles-autor-do-calendario-historico-de-redondela\\\/#primaryimage\"},\"thumbnailUrl\":\"https:\\\/\\\/www.anovapeneira.gal\\\/wp-content\\\/uploads\\\/2025\\\/12\\\/juan_miguelez.jpg\",\"keywords\":[\"Concello de Redondela\"],\"articleSection\":[\"Redondela\"],\"inLanguage\":\"gl-ES\",\"potentialAction\":[{\"@type\":\"CommentAction\",\"name\":\"Comment\",\"target\":[\"https:\\\/\\\/www.anovapeneira.gal\\\/index.php\\\/2025\\\/12\\\/24\\\/juan-migueles-autor-do-calendario-historico-de-redondela\\\/#respond\"]}]},{\"@type\":\"WebPage\",\"@id\":\"https:\\\/\\\/www.anovapeneira.gal\\\/index.php\\\/2025\\\/12\\\/24\\\/juan-migueles-autor-do-calendario-historico-de-redondela\\\/\",\"url\":\"https:\\\/\\\/www.anovapeneira.gal\\\/index.php\\\/2025\\\/12\\\/24\\\/juan-migueles-autor-do-calendario-historico-de-redondela\\\/\",\"name\":\"Juan Migueles, autor do calendario hist\u00f3rico de Redondela -\",\"isPartOf\":{\"@id\":\"https:\\\/\\\/www.anovapeneira.gal\\\/#website\"},\"primaryImageOfPage\":{\"@id\":\"https:\\\/\\\/www.anovapeneira.gal\\\/index.php\\\/2025\\\/12\\\/24\\\/juan-migueles-autor-do-calendario-historico-de-redondela\\\/#primaryimage\"},\"image\":{\"@id\":\"https:\\\/\\\/www.anovapeneira.gal\\\/index.php\\\/2025\\\/12\\\/24\\\/juan-migueles-autor-do-calendario-historico-de-redondela\\\/#primaryimage\"},\"thumbnailUrl\":\"https:\\\/\\\/www.anovapeneira.gal\\\/wp-content\\\/uploads\\\/2025\\\/12\\\/juan_miguelez.jpg\",\"datePublished\":\"2025-12-24T09:00:17+00:00\",\"breadcrumb\":{\"@id\":\"https:\\\/\\\/www.anovapeneira.gal\\\/index.php\\\/2025\\\/12\\\/24\\\/juan-migueles-autor-do-calendario-historico-de-redondela\\\/#breadcrumb\"},\"inLanguage\":\"gl-ES\",\"potentialAction\":[{\"@type\":\"ReadAction\",\"target\":[\"https:\\\/\\\/www.anovapeneira.gal\\\/index.php\\\/2025\\\/12\\\/24\\\/juan-migueles-autor-do-calendario-historico-de-redondela\\\/\"]}]},{\"@type\":\"ImageObject\",\"inLanguage\":\"gl-ES\",\"@id\":\"https:\\\/\\\/www.anovapeneira.gal\\\/index.php\\\/2025\\\/12\\\/24\\\/juan-migueles-autor-do-calendario-historico-de-redondela\\\/#primaryimage\",\"url\":\"https:\\\/\\\/www.anovapeneira.gal\\\/wp-content\\\/uploads\\\/2025\\\/12\\\/juan_miguelez.jpg\",\"contentUrl\":\"https:\\\/\\\/www.anovapeneira.gal\\\/wp-content\\\/uploads\\\/2025\\\/12\\\/juan_miguelez.jpg\",\"width\":720,\"height\":432},{\"@type\":\"BreadcrumbList\",\"@id\":\"https:\\\/\\\/www.anovapeneira.gal\\\/index.php\\\/2025\\\/12\\\/24\\\/juan-migueles-autor-do-calendario-historico-de-redondela\\\/#breadcrumb\",\"itemListElement\":[{\"@type\":\"ListItem\",\"position\":1,\"name\":\"Portada\",\"item\":\"https:\\\/\\\/www.anovapeneira.gal\\\/\"},{\"@type\":\"ListItem\",\"position\":2,\"name\":\"Juan Migueles, autor do calendario hist\u00f3rico de Redondela\"}]},{\"@type\":\"WebSite\",\"@id\":\"https:\\\/\\\/www.anovapeneira.gal\\\/#website\",\"url\":\"https:\\\/\\\/www.anovapeneira.gal\\\/\",\"name\":\"\",\"description\":\"Xornal galego de informaci\u00f3n xeral Publicaci\u00f3n mensual de novas de Galicia e en especial dos Concellos da sur da provincia de Pontevedra.\",\"publisher\":{\"@id\":\"https:\\\/\\\/www.anovapeneira.gal\\\/#organization\"},\"potentialAction\":[{\"@type\":\"SearchAction\",\"target\":{\"@type\":\"EntryPoint\",\"urlTemplate\":\"https:\\\/\\\/www.anovapeneira.gal\\\/?s={search_term_string}\"},\"query-input\":{\"@type\":\"PropertyValueSpecification\",\"valueRequired\":true,\"valueName\":\"search_term_string\"}}],\"inLanguage\":\"gl-ES\"},{\"@type\":\"Organization\",\"@id\":\"https:\\\/\\\/www.anovapeneira.gal\\\/#organization\",\"name\":\"A Nova Peneira\",\"url\":\"https:\\\/\\\/www.anovapeneira.gal\\\/\",\"logo\":{\"@type\":\"ImageObject\",\"inLanguage\":\"gl-ES\",\"@id\":\"https:\\\/\\\/www.anovapeneira.gal\\\/#\\\/schema\\\/logo\\\/image\\\/\",\"url\":\"http:\\\/\\\/www.anovapeneira.gal\\\/wp-content\\\/uploads\\\/2019\\\/06\\\/logo_a_nova_peneira_portal_web.png\",\"contentUrl\":\"http:\\\/\\\/www.anovapeneira.gal\\\/wp-content\\\/uploads\\\/2019\\\/06\\\/logo_a_nova_peneira_portal_web.png\",\"width\":300,\"height\":100,\"caption\":\"A Nova Peneira\"},\"image\":{\"@id\":\"https:\\\/\\\/www.anovapeneira.gal\\\/#\\\/schema\\\/logo\\\/image\\\/\"},\"sameAs\":[\"https:\\\/\\\/www.facebook.com\\\/anovapeneira\",\"https:\\\/\\\/x.com\\\/APeneira\"]},{\"@type\":\"Person\",\"@id\":\"https:\\\/\\\/www.anovapeneira.gal\\\/#\\\/schema\\\/person\\\/d9d84823564720e7593293bab054e52d\",\"name\":\"Marcos Santos\",\"image\":{\"@type\":\"ImageObject\",\"inLanguage\":\"gl-ES\",\"@id\":\"https:\\\/\\\/secure.gravatar.com\\\/avatar\\\/0e8017099a7a47c0a9d2275e865fe326484561eb3d70649069e4b8e61a8d2e8c?s=96&d=mm&r=g\",\"url\":\"https:\\\/\\\/secure.gravatar.com\\\/avatar\\\/0e8017099a7a47c0a9d2275e865fe326484561eb3d70649069e4b8e61a8d2e8c?s=96&d=mm&r=g\",\"contentUrl\":\"https:\\\/\\\/secure.gravatar.com\\\/avatar\\\/0e8017099a7a47c0a9d2275e865fe326484561eb3d70649069e4b8e61a8d2e8c?s=96&d=mm&r=g\",\"caption\":\"Marcos Santos\"},\"sameAs\":[\"http:\\\/\\\/anovapeneira.gal\"],\"url\":\"https:\\\/\\\/www.anovapeneira.gal\\\/index.php\\\/author\\\/marcos-santos\\\/\"}]}<\/script>\n<!-- \/ Yoast SEO plugin. -->","yoast_head_json":{"title":"Juan Migueles, autor do calendario hist\u00f3rico de Redondela -","robots":{"index":"index","follow":"follow","max-snippet":"max-snippet:-1","max-image-preview":"max-image-preview:large","max-video-preview":"max-video-preview:-1"},"canonical":"https:\/\/www.anovapeneira.gal\/index.php\/2025\/12\/24\/juan-migueles-autor-do-calendario-historico-de-redondela\/","og_locale":"gl_ES","og_type":"article","og_title":"Juan Migueles, autor do calendario hist\u00f3rico de Redondela -","og_description":"Natural de Vilavella e residente en Cedeira Juan \u00e9 un historiador que leva anos mergull\u00e1ndose no pasado da nosa Vila. [...]","og_url":"https:\/\/www.anovapeneira.gal\/index.php\/2025\/12\/24\/juan-migueles-autor-do-calendario-historico-de-redondela\/","article_publisher":"https:\/\/www.facebook.com\/anovapeneira","article_published_time":"2025-12-24T09:00:17+00:00","og_image":[{"width":720,"height":432,"url":"https:\/\/www.anovapeneira.gal\/wp-content\/uploads\/2025\/12\/juan_miguelez.jpg","type":"image\/jpeg"}],"author":"Marcos Santos","twitter_card":"summary_large_image","twitter_creator":"@APeneira","twitter_site":"@APeneira","twitter_misc":{"Escrito por":"Marcos Santos","Tempo de lectura":"2 minutos"},"schema":{"@context":"https:\/\/schema.org","@graph":[{"@type":"Article","@id":"https:\/\/www.anovapeneira.gal\/index.php\/2025\/12\/24\/juan-migueles-autor-do-calendario-historico-de-redondela\/#article","isPartOf":{"@id":"https:\/\/www.anovapeneira.gal\/index.php\/2025\/12\/24\/juan-migueles-autor-do-calendario-historico-de-redondela\/"},"author":{"name":"Marcos Santos","@id":"https:\/\/www.anovapeneira.gal\/#\/schema\/person\/d9d84823564720e7593293bab054e52d"},"headline":"Juan Migueles, autor do calendario hist\u00f3rico de Redondela","datePublished":"2025-12-24T09:00:17+00:00","mainEntityOfPage":{"@id":"https:\/\/www.anovapeneira.gal\/index.php\/2025\/12\/24\/juan-migueles-autor-do-calendario-historico-de-redondela\/"},"wordCount":854,"commentCount":0,"publisher":{"@id":"https:\/\/www.anovapeneira.gal\/#organization"},"image":{"@id":"https:\/\/www.anovapeneira.gal\/index.php\/2025\/12\/24\/juan-migueles-autor-do-calendario-historico-de-redondela\/#primaryimage"},"thumbnailUrl":"https:\/\/www.anovapeneira.gal\/wp-content\/uploads\/2025\/12\/juan_miguelez.jpg","keywords":["Concello de Redondela"],"articleSection":["Redondela"],"inLanguage":"gl-ES","potentialAction":[{"@type":"CommentAction","name":"Comment","target":["https:\/\/www.anovapeneira.gal\/index.php\/2025\/12\/24\/juan-migueles-autor-do-calendario-historico-de-redondela\/#respond"]}]},{"@type":"WebPage","@id":"https:\/\/www.anovapeneira.gal\/index.php\/2025\/12\/24\/juan-migueles-autor-do-calendario-historico-de-redondela\/","url":"https:\/\/www.anovapeneira.gal\/index.php\/2025\/12\/24\/juan-migueles-autor-do-calendario-historico-de-redondela\/","name":"Juan Migueles, autor do calendario hist\u00f3rico de Redondela -","isPartOf":{"@id":"https:\/\/www.anovapeneira.gal\/#website"},"primaryImageOfPage":{"@id":"https:\/\/www.anovapeneira.gal\/index.php\/2025\/12\/24\/juan-migueles-autor-do-calendario-historico-de-redondela\/#primaryimage"},"image":{"@id":"https:\/\/www.anovapeneira.gal\/index.php\/2025\/12\/24\/juan-migueles-autor-do-calendario-historico-de-redondela\/#primaryimage"},"thumbnailUrl":"https:\/\/www.anovapeneira.gal\/wp-content\/uploads\/2025\/12\/juan_miguelez.jpg","datePublished":"2025-12-24T09:00:17+00:00","breadcrumb":{"@id":"https:\/\/www.anovapeneira.gal\/index.php\/2025\/12\/24\/juan-migueles-autor-do-calendario-historico-de-redondela\/#breadcrumb"},"inLanguage":"gl-ES","potentialAction":[{"@type":"ReadAction","target":["https:\/\/www.anovapeneira.gal\/index.php\/2025\/12\/24\/juan-migueles-autor-do-calendario-historico-de-redondela\/"]}]},{"@type":"ImageObject","inLanguage":"gl-ES","@id":"https:\/\/www.anovapeneira.gal\/index.php\/2025\/12\/24\/juan-migueles-autor-do-calendario-historico-de-redondela\/#primaryimage","url":"https:\/\/www.anovapeneira.gal\/wp-content\/uploads\/2025\/12\/juan_miguelez.jpg","contentUrl":"https:\/\/www.anovapeneira.gal\/wp-content\/uploads\/2025\/12\/juan_miguelez.jpg","width":720,"height":432},{"@type":"BreadcrumbList","@id":"https:\/\/www.anovapeneira.gal\/index.php\/2025\/12\/24\/juan-migueles-autor-do-calendario-historico-de-redondela\/#breadcrumb","itemListElement":[{"@type":"ListItem","position":1,"name":"Portada","item":"https:\/\/www.anovapeneira.gal\/"},{"@type":"ListItem","position":2,"name":"Juan Migueles, autor do calendario hist\u00f3rico de Redondela"}]},{"@type":"WebSite","@id":"https:\/\/www.anovapeneira.gal\/#website","url":"https:\/\/www.anovapeneira.gal\/","name":"","description":"Xornal galego de informaci\u00f3n xeral Publicaci\u00f3n mensual de novas de Galicia e en especial dos Concellos da sur da provincia de Pontevedra.","publisher":{"@id":"https:\/\/www.anovapeneira.gal\/#organization"},"potentialAction":[{"@type":"SearchAction","target":{"@type":"EntryPoint","urlTemplate":"https:\/\/www.anovapeneira.gal\/?s={search_term_string}"},"query-input":{"@type":"PropertyValueSpecification","valueRequired":true,"valueName":"search_term_string"}}],"inLanguage":"gl-ES"},{"@type":"Organization","@id":"https:\/\/www.anovapeneira.gal\/#organization","name":"A Nova Peneira","url":"https:\/\/www.anovapeneira.gal\/","logo":{"@type":"ImageObject","inLanguage":"gl-ES","@id":"https:\/\/www.anovapeneira.gal\/#\/schema\/logo\/image\/","url":"http:\/\/www.anovapeneira.gal\/wp-content\/uploads\/2019\/06\/logo_a_nova_peneira_portal_web.png","contentUrl":"http:\/\/www.anovapeneira.gal\/wp-content\/uploads\/2019\/06\/logo_a_nova_peneira_portal_web.png","width":300,"height":100,"caption":"A Nova Peneira"},"image":{"@id":"https:\/\/www.anovapeneira.gal\/#\/schema\/logo\/image\/"},"sameAs":["https:\/\/www.facebook.com\/anovapeneira","https:\/\/x.com\/APeneira"]},{"@type":"Person","@id":"https:\/\/www.anovapeneira.gal\/#\/schema\/person\/d9d84823564720e7593293bab054e52d","name":"Marcos Santos","image":{"@type":"ImageObject","inLanguage":"gl-ES","@id":"https:\/\/secure.gravatar.com\/avatar\/0e8017099a7a47c0a9d2275e865fe326484561eb3d70649069e4b8e61a8d2e8c?s=96&d=mm&r=g","url":"https:\/\/secure.gravatar.com\/avatar\/0e8017099a7a47c0a9d2275e865fe326484561eb3d70649069e4b8e61a8d2e8c?s=96&d=mm&r=g","contentUrl":"https:\/\/secure.gravatar.com\/avatar\/0e8017099a7a47c0a9d2275e865fe326484561eb3d70649069e4b8e61a8d2e8c?s=96&d=mm&r=g","caption":"Marcos Santos"},"sameAs":["http:\/\/anovapeneira.gal"],"url":"https:\/\/www.anovapeneira.gal\/index.php\/author\/marcos-santos\/"}]}},"jetpack_featured_media_url":"https:\/\/www.anovapeneira.gal\/wp-content\/uploads\/2025\/12\/juan_miguelez.jpg","_links":{"self":[{"href":"https:\/\/www.anovapeneira.gal\/index.php\/wp-json\/wp\/v2\/posts\/15114","targetHints":{"allow":["GET"]}}],"collection":[{"href":"https:\/\/www.anovapeneira.gal\/index.php\/wp-json\/wp\/v2\/posts"}],"about":[{"href":"https:\/\/www.anovapeneira.gal\/index.php\/wp-json\/wp\/v2\/types\/post"}],"author":[{"embeddable":true,"href":"https:\/\/www.anovapeneira.gal\/index.php\/wp-json\/wp\/v2\/users\/6"}],"replies":[{"embeddable":true,"href":"https:\/\/www.anovapeneira.gal\/index.php\/wp-json\/wp\/v2\/comments?post=15114"}],"version-history":[{"count":1,"href":"https:\/\/www.anovapeneira.gal\/index.php\/wp-json\/wp\/v2\/posts\/15114\/revisions"}],"predecessor-version":[{"id":15116,"href":"https:\/\/www.anovapeneira.gal\/index.php\/wp-json\/wp\/v2\/posts\/15114\/revisions\/15116"}],"wp:featuredmedia":[{"embeddable":true,"href":"https:\/\/www.anovapeneira.gal\/index.php\/wp-json\/wp\/v2\/media\/15115"}],"wp:attachment":[{"href":"https:\/\/www.anovapeneira.gal\/index.php\/wp-json\/wp\/v2\/media?parent=15114"}],"wp:term":[{"taxonomy":"category","embeddable":true,"href":"https:\/\/www.anovapeneira.gal\/index.php\/wp-json\/wp\/v2\/categories?post=15114"},{"taxonomy":"post_tag","embeddable":true,"href":"https:\/\/www.anovapeneira.gal\/index.php\/wp-json\/wp\/v2\/tags?post=15114"}],"curies":[{"name":"wp","href":"https:\/\/api.w.org\/{rel}","templated":true}]}}