{"id":1512,"date":"2019-10-16T14:00:59","date_gmt":"2019-10-16T12:00:59","guid":{"rendered":"http:\/\/www.anovapeneira.gal\/?p=1512"},"modified":"2019-10-15T16:16:20","modified_gmt":"2019-10-15T14:16:20","slug":"ponteareas-estivo-presente-na-asemblea-xeral-do-fondo-galego-de-cooperacion-e-solidariedade","status":"publish","type":"post","link":"https:\/\/www.anovapeneira.gal\/index.php\/2019\/10\/16\/ponteareas-estivo-presente-na-asemblea-xeral-do-fondo-galego-de-cooperacion-e-solidariedade\/","title":{"rendered":"Ponteareas estivo presente na asemblea xeral do Fondo Galego de Cooperaci\u00f3n e Solidariedade"},"content":{"rendered":"\n<p>\n<strong>Ponteareas,\n10 de outubro de 2019<\/strong><\/p>\n\n\n\n<p>O&nbsp;concelleiro\nde Mocidade, Miguel Bouz\u00f3 asist\u00edu onte \u00e1 asemblea xeral do <a href=\"http:\/\/www.fondogalego.org\/web\/\">Fondo\nGalego de Cooperaci\u00f3n e Solidariedade<\/a>\nna que se aprobou por unanimidade a&nbsp;composici\u00f3n da nova\nComisi\u00f3n Executiva. O Concello de&nbsp;Nigr\u00e1n renova a Presidencia\nna persoa&nbsp;do alcalde, Juan Gonz\u00e1lez,\nmentres que a Vicepresidencia ser\u00e1 para a concelleira de San\nSadurni\u00f1o Ana Breixo&nbsp;e a Tesourer\u00eda para o concelleiro de\nCartelle&nbsp;Daniel Fern\u00e1ndez Carril.&nbsp;As&nbsp;vogal\u00edas\ncorresponden aos concellos de&nbsp;Oleiros, Santiago de Compostela,\nAmes, Mora\u00f1a e Deputaci\u00f3n de Lugo, concretamente nas figuras das\ned\u00eds Marga Figueroa,&nbsp;Milagros&nbsp;Castro,\nLu\u00edsa Feij\u00f3o, a alcaldesa&nbsp;Luisa&nbsp;Pi\u00f1eiro\ne a deputada Mar\u00eda Loureiro, respectivamente.&nbsp;A\nSecretar\u00eda continuar\u00e1 exerc\u00e9ndoa o Instituto Galego de An\u00e1lise e\nDocumentaci\u00f3n Internacional (Igadi), impulsor da iniciativa nos anos\n90.&nbsp;<\/p>\n\n\n\n<p>O concello de\nPonteareas,  que estivo representado por Bouz\u00f3, foi un dos corenta\nconcellos que partparticiparon na&nbsp;Asemblea Xeral celebrada&nbsp;na\nCidade da Cultura,&nbsp;que se abriu cun balance do per\u00edodo\n2015-2019 por parte do seu presidente. Juan Gonz\u00e1lez&nbsp;expresou\nque o mandato se focalizou en catro puntos: impulsar o incremento da\nbase asociativa e a s\u00faa participaci\u00f3n activa na vida org\u00e1nica da\nasociaci\u00f3n, realzar&nbsp;o papel&nbsp;do Fondo Galego&nbsp;como\nentidade&nbsp;de prestixio e reco\u00f1ecemento\nno sector da cooperaci\u00f3n, garantir a&nbsp;transparencia na xesti\u00f3n&nbsp;e\nmais difundir e&nbsp;implementar&nbsp;o&nbsp;no\neido municipal os Obxectivos do Desenvolvemento&nbsp;Sostible,\nfixados pola ONU.&nbsp;<\/p>\n\n\n\n<p>Neste senso,\nacad\u00e1ronse logros coma o de chegar \u00e1s&nbsp;cen administraci\u00f3ns\nlocais&nbsp;socias, a participaci\u00f3n en proxectos europeos&nbsp;ou\na reactivaci\u00f3n da Confederaci\u00f3n de Fondos a nivel estatal,\ncapitaneada polo Fondo Galego.&nbsp;Ademais,\nanualmente fanse p\u00fablicas na web as contas da entidade, que tam\u00e9n\nse someteu a unha&nbsp;auditor\u00eda externa&nbsp;con\nresultados positivos. Seguiuse apostando asemade polos&nbsp;proxectos\nde cooperaci\u00f3n ao desenvolvemento&nbsp;e\naxuda de emerxencia, nomeadamente en Mozambique, establecendo unha\nalianza estrat\u00e9xica coa&nbsp;Asociaci\u00f3n Nacional&nbsp;de Municipios\nMozambicanos. Ao tempo, avogouse por fortalecer as capacidades dos\nconcellos do Sur con novos programas para o intercambio de\nco\u00f1ecementos, como Vacaci\u00f3ns con Traballo en Galicia.&nbsp;<\/p>\n\n\n\n<p>O presidente do\nFondo Galego&nbsp;agradeceu o traballo da Executiva sa\u00ednte, da que\nformaron parte Teresa Par\u00eds polo Concello de Redondela,&nbsp;Anxos\nRiveiro e Carme&nbsp;Fouces&nbsp;por\nPontevedra,&nbsp;Roc\u00edo&nbsp;Fraga&nbsp;pola&nbsp;Coru\u00f1a,&nbsp;Gloria\nPrada&nbsp;por&nbsp;Monforte e&nbsp;Goretti&nbsp;Sanmart\u00edn&nbsp;pola\nDeputaci\u00f3n da Coru\u00f1a. Para&nbsp;propo\u00f1er a nova\nconfiguraci\u00f3n&nbsp;do&nbsp;\u00f3rgano de\nxesti\u00f3n e direcci\u00f3n&nbsp;da\nasociaci\u00f3n,&nbsp;que deber\u00e1 afrontar os desaf\u00edos dos\nvindeiros&nbsp;catro anos, a Comisi\u00f3n sa\u00ednte&nbsp;tivo&nbsp;en\nconta diversos criterios de representatividade&nbsp;en\ncanto a forzas pol\u00edticas, provincias, municipios de diferentes\ntama\u00f1os, da costa e do interior e a paridade de x\u00e9nero.&nbsp;<\/p>\n\n\n\n<p>O Fondo Galego&nbsp;<\/p>\n\n\n\n<p>O Fondo Galego de\nCooperaci\u00f3n e Solidariedade est\u00e1 integrado por 97 concellos e as\ndeputaci\u00f3ns de Pontevedra, A Coru\u00f1a e Lugo, que concentran a trav\u00e9s\ndesta rede os seus esforzos no eido da cooperaci\u00f3n ao\ndesenvolvemento. Gar\u00e1ntese deste xeito unha xesti\u00f3n profesional e\ntransparente, as\u00ed como a realizaci\u00f3n de proxectos con impacto nos\npa\u00edses do Sur e a sensibilizaci\u00f3n da sociedade galega a prol da\nsolidariedade internacional.&nbsp;Reco\u00f1ecido como axencia municipal\nda cooperaci\u00f3n galega, desde a s\u00faa fundaci\u00f3n en 1997 o Fondo\nGalego ten desenvolvido m\u00e1is de 150 proxectos en preto de 30 pa\u00edses\ne promove numerosas actividades e materiais en relaci\u00f3n aos\ndesequilibrios Norte-Sur.&nbsp;&nbsp;<\/p>\n","protected":false},"excerpt":{"rendered":"<div class=\"mh-excerpt\"><p>O concelleiro de Mocidade, Miguel Bouz\u00f3 asist\u00edu onte \u00e1 asemblea xeral do Fondo Galego de Cooperaci\u00f3n e Solidariedade na que se aprobou por unanimidade a composici\u00f3n da nova Comisi\u00f3n Executiva <a class=\"mh-excerpt-more\" href=\"https:\/\/www.anovapeneira.gal\/index.php\/2019\/10\/16\/ponteareas-estivo-presente-na-asemblea-xeral-do-fondo-galego-de-cooperacion-e-solidariedade\/\" title=\"Ponteareas estivo presente na asemblea xeral do Fondo Galego de Cooperaci\u00f3n e Solidariedade\">[&#8230;]<\/a><\/p>\n<\/div>","protected":false},"author":3,"featured_media":1506,"comment_status":"open","ping_status":"open","sticky":false,"template":"","format":"standard","meta":{"_exactmetrics_skip_tracking":false,"_exactmetrics_sitenote_active":false,"_exactmetrics_sitenote_note":"","_exactmetrics_sitenote_category":0,"footnotes":""},"categories":[25],"tags":[208,674],"class_list":{"0":"post-1512","1":"post","2":"type-post","3":"status-publish","4":"format-standard","5":"has-post-thumbnail","7":"category-condado","8":"tag-concello-de-ponteareas","9":"tag-fondo-galego-de-cooperacion-e-solidariedade"},"yoast_head":"<!-- This site is optimized with the Yoast SEO plugin v27.4 - https:\/\/yoast.com\/product\/yoast-seo-wordpress\/ -->\n<title>Ponteareas estivo presente na asemblea xeral do Fondo Galego de Cooperaci\u00f3n e Solidariedade -<\/title>\n<meta name=\"robots\" content=\"index, follow, max-snippet:-1, max-image-preview:large, max-video-preview:-1\" \/>\n<link rel=\"canonical\" href=\"https:\/\/www.anovapeneira.gal\/index.php\/2019\/10\/16\/ponteareas-estivo-presente-na-asemblea-xeral-do-fondo-galego-de-cooperacion-e-solidariedade\/\" \/>\n<meta property=\"og:locale\" content=\"gl_ES\" \/>\n<meta property=\"og:type\" content=\"article\" \/>\n<meta property=\"og:title\" content=\"Ponteareas estivo presente na asemblea xeral do Fondo Galego de Cooperaci\u00f3n e Solidariedade -\" \/>\n<meta property=\"og:description\" content=\"O concelleiro de Mocidade, Miguel Bouz\u00f3 asist\u00edu onte \u00e1 asemblea xeral do Fondo Galego de Cooperaci\u00f3n e Solidariedade na que se aprobou por unanimidade a composici\u00f3n da nova Comisi\u00f3n Executiva [...]\" \/>\n<meta property=\"og:url\" content=\"https:\/\/www.anovapeneira.gal\/index.php\/2019\/10\/16\/ponteareas-estivo-presente-na-asemblea-xeral-do-fondo-galego-de-cooperacion-e-solidariedade\/\" \/>\n<meta property=\"article:publisher\" content=\"https:\/\/www.facebook.com\/anovapeneira\" \/>\n<meta property=\"article:published_time\" content=\"2019-10-16T12:00:59+00:00\" \/>\n<meta property=\"og:image\" content=\"https:\/\/www.anovapeneira.gal\/wp-content\/uploads\/2019\/10\/PONTEAREAS_cultura_a_nova_peneira.jpg\" \/>\n\t<meta property=\"og:image:width\" content=\"720\" \/>\n\t<meta property=\"og:image:height\" content=\"473\" \/>\n\t<meta property=\"og:image:type\" content=\"image\/jpeg\" \/>\n<meta name=\"author\" content=\"Redacci\u00f3n A Nova Peneira\" \/>\n<meta name=\"twitter:card\" content=\"summary_large_image\" \/>\n<meta name=\"twitter:creator\" content=\"@APeneira\" \/>\n<meta name=\"twitter:site\" content=\"@APeneira\" \/>\n<meta name=\"twitter:label1\" content=\"Escrito por\" \/>\n\t<meta name=\"twitter:data1\" content=\"Redacci\u00f3n A Nova Peneira\" \/>\n\t<meta name=\"twitter:label2\" content=\"Tempo de lectura\" \/>\n\t<meta name=\"twitter:data2\" content=\"3 minutos\" \/>\n<script type=\"application\/ld+json\" class=\"yoast-schema-graph\">{\"@context\":\"https:\\\/\\\/schema.org\",\"@graph\":[{\"@type\":\"Article\",\"@id\":\"https:\\\/\\\/www.anovapeneira.gal\\\/index.php\\\/2019\\\/10\\\/16\\\/ponteareas-estivo-presente-na-asemblea-xeral-do-fondo-galego-de-cooperacion-e-solidariedade\\\/#article\",\"isPartOf\":{\"@id\":\"https:\\\/\\\/www.anovapeneira.gal\\\/index.php\\\/2019\\\/10\\\/16\\\/ponteareas-estivo-presente-na-asemblea-xeral-do-fondo-galego-de-cooperacion-e-solidariedade\\\/\"},\"author\":{\"name\":\"Redacci\u00f3n A Nova Peneira\",\"@id\":\"https:\\\/\\\/www.anovapeneira.gal\\\/#\\\/schema\\\/person\\\/b93e3f8932e3f8da96334607eb6ac6aa\"},\"headline\":\"Ponteareas estivo presente na asemblea xeral do Fondo Galego de Cooperaci\u00f3n e Solidariedade\",\"datePublished\":\"2019-10-16T12:00:59+00:00\",\"mainEntityOfPage\":{\"@id\":\"https:\\\/\\\/www.anovapeneira.gal\\\/index.php\\\/2019\\\/10\\\/16\\\/ponteareas-estivo-presente-na-asemblea-xeral-do-fondo-galego-de-cooperacion-e-solidariedade\\\/\"},\"wordCount\":691,\"commentCount\":0,\"publisher\":{\"@id\":\"https:\\\/\\\/www.anovapeneira.gal\\\/#organization\"},\"image\":{\"@id\":\"https:\\\/\\\/www.anovapeneira.gal\\\/index.php\\\/2019\\\/10\\\/16\\\/ponteareas-estivo-presente-na-asemblea-xeral-do-fondo-galego-de-cooperacion-e-solidariedade\\\/#primaryimage\"},\"thumbnailUrl\":\"https:\\\/\\\/www.anovapeneira.gal\\\/wp-content\\\/uploads\\\/2019\\\/10\\\/PONTEAREAS_cultura_a_nova_peneira.jpg\",\"keywords\":[\"Concello de Ponteareas\",\"Fondo Galego de Cooperaci\u00f3n e Solidariedade\"],\"articleSection\":[\"Condado\"],\"inLanguage\":\"gl-ES\",\"potentialAction\":[{\"@type\":\"CommentAction\",\"name\":\"Comment\",\"target\":[\"https:\\\/\\\/www.anovapeneira.gal\\\/index.php\\\/2019\\\/10\\\/16\\\/ponteareas-estivo-presente-na-asemblea-xeral-do-fondo-galego-de-cooperacion-e-solidariedade\\\/#respond\"]}]},{\"@type\":\"WebPage\",\"@id\":\"https:\\\/\\\/www.anovapeneira.gal\\\/index.php\\\/2019\\\/10\\\/16\\\/ponteareas-estivo-presente-na-asemblea-xeral-do-fondo-galego-de-cooperacion-e-solidariedade\\\/\",\"url\":\"https:\\\/\\\/www.anovapeneira.gal\\\/index.php\\\/2019\\\/10\\\/16\\\/ponteareas-estivo-presente-na-asemblea-xeral-do-fondo-galego-de-cooperacion-e-solidariedade\\\/\",\"name\":\"Ponteareas estivo presente na asemblea xeral do Fondo Galego de Cooperaci\u00f3n e Solidariedade -\",\"isPartOf\":{\"@id\":\"https:\\\/\\\/www.anovapeneira.gal\\\/#website\"},\"primaryImageOfPage\":{\"@id\":\"https:\\\/\\\/www.anovapeneira.gal\\\/index.php\\\/2019\\\/10\\\/16\\\/ponteareas-estivo-presente-na-asemblea-xeral-do-fondo-galego-de-cooperacion-e-solidariedade\\\/#primaryimage\"},\"image\":{\"@id\":\"https:\\\/\\\/www.anovapeneira.gal\\\/index.php\\\/2019\\\/10\\\/16\\\/ponteareas-estivo-presente-na-asemblea-xeral-do-fondo-galego-de-cooperacion-e-solidariedade\\\/#primaryimage\"},\"thumbnailUrl\":\"https:\\\/\\\/www.anovapeneira.gal\\\/wp-content\\\/uploads\\\/2019\\\/10\\\/PONTEAREAS_cultura_a_nova_peneira.jpg\",\"datePublished\":\"2019-10-16T12:00:59+00:00\",\"breadcrumb\":{\"@id\":\"https:\\\/\\\/www.anovapeneira.gal\\\/index.php\\\/2019\\\/10\\\/16\\\/ponteareas-estivo-presente-na-asemblea-xeral-do-fondo-galego-de-cooperacion-e-solidariedade\\\/#breadcrumb\"},\"inLanguage\":\"gl-ES\",\"potentialAction\":[{\"@type\":\"ReadAction\",\"target\":[\"https:\\\/\\\/www.anovapeneira.gal\\\/index.php\\\/2019\\\/10\\\/16\\\/ponteareas-estivo-presente-na-asemblea-xeral-do-fondo-galego-de-cooperacion-e-solidariedade\\\/\"]}]},{\"@type\":\"ImageObject\",\"inLanguage\":\"gl-ES\",\"@id\":\"https:\\\/\\\/www.anovapeneira.gal\\\/index.php\\\/2019\\\/10\\\/16\\\/ponteareas-estivo-presente-na-asemblea-xeral-do-fondo-galego-de-cooperacion-e-solidariedade\\\/#primaryimage\",\"url\":\"https:\\\/\\\/www.anovapeneira.gal\\\/wp-content\\\/uploads\\\/2019\\\/10\\\/PONTEAREAS_cultura_a_nova_peneira.jpg\",\"contentUrl\":\"https:\\\/\\\/www.anovapeneira.gal\\\/wp-content\\\/uploads\\\/2019\\\/10\\\/PONTEAREAS_cultura_a_nova_peneira.jpg\",\"width\":720,\"height\":473,\"caption\":\"Fondo Galego de Solidaridade A Nova Peneira\"},{\"@type\":\"BreadcrumbList\",\"@id\":\"https:\\\/\\\/www.anovapeneira.gal\\\/index.php\\\/2019\\\/10\\\/16\\\/ponteareas-estivo-presente-na-asemblea-xeral-do-fondo-galego-de-cooperacion-e-solidariedade\\\/#breadcrumb\",\"itemListElement\":[{\"@type\":\"ListItem\",\"position\":1,\"name\":\"Portada\",\"item\":\"https:\\\/\\\/www.anovapeneira.gal\\\/\"},{\"@type\":\"ListItem\",\"position\":2,\"name\":\"Ponteareas estivo presente na asemblea xeral do Fondo Galego de Cooperaci\u00f3n e Solidariedade\"}]},{\"@type\":\"WebSite\",\"@id\":\"https:\\\/\\\/www.anovapeneira.gal\\\/#website\",\"url\":\"https:\\\/\\\/www.anovapeneira.gal\\\/\",\"name\":\"\",\"description\":\"Xornal galego de informaci\u00f3n xeral Publicaci\u00f3n mensual de novas de Galicia e en especial dos Concellos da sur da provincia de Pontevedra.\",\"publisher\":{\"@id\":\"https:\\\/\\\/www.anovapeneira.gal\\\/#organization\"},\"potentialAction\":[{\"@type\":\"SearchAction\",\"target\":{\"@type\":\"EntryPoint\",\"urlTemplate\":\"https:\\\/\\\/www.anovapeneira.gal\\\/?s={search_term_string}\"},\"query-input\":{\"@type\":\"PropertyValueSpecification\",\"valueRequired\":true,\"valueName\":\"search_term_string\"}}],\"inLanguage\":\"gl-ES\"},{\"@type\":\"Organization\",\"@id\":\"https:\\\/\\\/www.anovapeneira.gal\\\/#organization\",\"name\":\"A Nova Peneira\",\"url\":\"https:\\\/\\\/www.anovapeneira.gal\\\/\",\"logo\":{\"@type\":\"ImageObject\",\"inLanguage\":\"gl-ES\",\"@id\":\"https:\\\/\\\/www.anovapeneira.gal\\\/#\\\/schema\\\/logo\\\/image\\\/\",\"url\":\"http:\\\/\\\/www.anovapeneira.gal\\\/wp-content\\\/uploads\\\/2019\\\/06\\\/logo_a_nova_peneira_portal_web.png\",\"contentUrl\":\"http:\\\/\\\/www.anovapeneira.gal\\\/wp-content\\\/uploads\\\/2019\\\/06\\\/logo_a_nova_peneira_portal_web.png\",\"width\":300,\"height\":100,\"caption\":\"A Nova Peneira\"},\"image\":{\"@id\":\"https:\\\/\\\/www.anovapeneira.gal\\\/#\\\/schema\\\/logo\\\/image\\\/\"},\"sameAs\":[\"https:\\\/\\\/www.facebook.com\\\/anovapeneira\",\"https:\\\/\\\/x.com\\\/APeneira\"]},{\"@type\":\"Person\",\"@id\":\"https:\\\/\\\/www.anovapeneira.gal\\\/#\\\/schema\\\/person\\\/b93e3f8932e3f8da96334607eb6ac6aa\",\"name\":\"Redacci\u00f3n A Nova Peneira\",\"image\":{\"@type\":\"ImageObject\",\"inLanguage\":\"gl-ES\",\"@id\":\"https:\\\/\\\/secure.gravatar.com\\\/avatar\\\/c052a2551a06e23fac63626232eaa90abd78dbcf1700fc46a2b2c89fd27b735f?s=96&d=mm&r=g\",\"url\":\"https:\\\/\\\/secure.gravatar.com\\\/avatar\\\/c052a2551a06e23fac63626232eaa90abd78dbcf1700fc46a2b2c89fd27b735f?s=96&d=mm&r=g\",\"contentUrl\":\"https:\\\/\\\/secure.gravatar.com\\\/avatar\\\/c052a2551a06e23fac63626232eaa90abd78dbcf1700fc46a2b2c89fd27b735f?s=96&d=mm&r=g\",\"caption\":\"Redacci\u00f3n A Nova Peneira\"},\"sameAs\":[\"http:\\\/\\\/www.anovapeneira.gal\\\/\"],\"url\":\"https:\\\/\\\/www.anovapeneira.gal\\\/index.php\\\/author\\\/redactor\\\/\"}]}<\/script>\n<!-- \/ Yoast SEO plugin. -->","yoast_head_json":{"title":"Ponteareas estivo presente na asemblea xeral do Fondo Galego de Cooperaci\u00f3n e Solidariedade -","robots":{"index":"index","follow":"follow","max-snippet":"max-snippet:-1","max-image-preview":"max-image-preview:large","max-video-preview":"max-video-preview:-1"},"canonical":"https:\/\/www.anovapeneira.gal\/index.php\/2019\/10\/16\/ponteareas-estivo-presente-na-asemblea-xeral-do-fondo-galego-de-cooperacion-e-solidariedade\/","og_locale":"gl_ES","og_type":"article","og_title":"Ponteareas estivo presente na asemblea xeral do Fondo Galego de Cooperaci\u00f3n e Solidariedade -","og_description":"O concelleiro de Mocidade, Miguel Bouz\u00f3 asist\u00edu onte \u00e1 asemblea xeral do Fondo Galego de Cooperaci\u00f3n e Solidariedade na que se aprobou por unanimidade a composici\u00f3n da nova Comisi\u00f3n Executiva [...]","og_url":"https:\/\/www.anovapeneira.gal\/index.php\/2019\/10\/16\/ponteareas-estivo-presente-na-asemblea-xeral-do-fondo-galego-de-cooperacion-e-solidariedade\/","article_publisher":"https:\/\/www.facebook.com\/anovapeneira","article_published_time":"2019-10-16T12:00:59+00:00","og_image":[{"width":720,"height":473,"url":"https:\/\/www.anovapeneira.gal\/wp-content\/uploads\/2019\/10\/PONTEAREAS_cultura_a_nova_peneira.jpg","type":"image\/jpeg"}],"author":"Redacci\u00f3n A Nova Peneira","twitter_card":"summary_large_image","twitter_creator":"@APeneira","twitter_site":"@APeneira","twitter_misc":{"Escrito por":"Redacci\u00f3n A Nova Peneira","Tempo de lectura":"3 minutos"},"schema":{"@context":"https:\/\/schema.org","@graph":[{"@type":"Article","@id":"https:\/\/www.anovapeneira.gal\/index.php\/2019\/10\/16\/ponteareas-estivo-presente-na-asemblea-xeral-do-fondo-galego-de-cooperacion-e-solidariedade\/#article","isPartOf":{"@id":"https:\/\/www.anovapeneira.gal\/index.php\/2019\/10\/16\/ponteareas-estivo-presente-na-asemblea-xeral-do-fondo-galego-de-cooperacion-e-solidariedade\/"},"author":{"name":"Redacci\u00f3n A Nova Peneira","@id":"https:\/\/www.anovapeneira.gal\/#\/schema\/person\/b93e3f8932e3f8da96334607eb6ac6aa"},"headline":"Ponteareas estivo presente na asemblea xeral do Fondo Galego de Cooperaci\u00f3n e Solidariedade","datePublished":"2019-10-16T12:00:59+00:00","mainEntityOfPage":{"@id":"https:\/\/www.anovapeneira.gal\/index.php\/2019\/10\/16\/ponteareas-estivo-presente-na-asemblea-xeral-do-fondo-galego-de-cooperacion-e-solidariedade\/"},"wordCount":691,"commentCount":0,"publisher":{"@id":"https:\/\/www.anovapeneira.gal\/#organization"},"image":{"@id":"https:\/\/www.anovapeneira.gal\/index.php\/2019\/10\/16\/ponteareas-estivo-presente-na-asemblea-xeral-do-fondo-galego-de-cooperacion-e-solidariedade\/#primaryimage"},"thumbnailUrl":"https:\/\/www.anovapeneira.gal\/wp-content\/uploads\/2019\/10\/PONTEAREAS_cultura_a_nova_peneira.jpg","keywords":["Concello de Ponteareas","Fondo Galego de Cooperaci\u00f3n e Solidariedade"],"articleSection":["Condado"],"inLanguage":"gl-ES","potentialAction":[{"@type":"CommentAction","name":"Comment","target":["https:\/\/www.anovapeneira.gal\/index.php\/2019\/10\/16\/ponteareas-estivo-presente-na-asemblea-xeral-do-fondo-galego-de-cooperacion-e-solidariedade\/#respond"]}]},{"@type":"WebPage","@id":"https:\/\/www.anovapeneira.gal\/index.php\/2019\/10\/16\/ponteareas-estivo-presente-na-asemblea-xeral-do-fondo-galego-de-cooperacion-e-solidariedade\/","url":"https:\/\/www.anovapeneira.gal\/index.php\/2019\/10\/16\/ponteareas-estivo-presente-na-asemblea-xeral-do-fondo-galego-de-cooperacion-e-solidariedade\/","name":"Ponteareas estivo presente na asemblea xeral do Fondo Galego de Cooperaci\u00f3n e Solidariedade -","isPartOf":{"@id":"https:\/\/www.anovapeneira.gal\/#website"},"primaryImageOfPage":{"@id":"https:\/\/www.anovapeneira.gal\/index.php\/2019\/10\/16\/ponteareas-estivo-presente-na-asemblea-xeral-do-fondo-galego-de-cooperacion-e-solidariedade\/#primaryimage"},"image":{"@id":"https:\/\/www.anovapeneira.gal\/index.php\/2019\/10\/16\/ponteareas-estivo-presente-na-asemblea-xeral-do-fondo-galego-de-cooperacion-e-solidariedade\/#primaryimage"},"thumbnailUrl":"https:\/\/www.anovapeneira.gal\/wp-content\/uploads\/2019\/10\/PONTEAREAS_cultura_a_nova_peneira.jpg","datePublished":"2019-10-16T12:00:59+00:00","breadcrumb":{"@id":"https:\/\/www.anovapeneira.gal\/index.php\/2019\/10\/16\/ponteareas-estivo-presente-na-asemblea-xeral-do-fondo-galego-de-cooperacion-e-solidariedade\/#breadcrumb"},"inLanguage":"gl-ES","potentialAction":[{"@type":"ReadAction","target":["https:\/\/www.anovapeneira.gal\/index.php\/2019\/10\/16\/ponteareas-estivo-presente-na-asemblea-xeral-do-fondo-galego-de-cooperacion-e-solidariedade\/"]}]},{"@type":"ImageObject","inLanguage":"gl-ES","@id":"https:\/\/www.anovapeneira.gal\/index.php\/2019\/10\/16\/ponteareas-estivo-presente-na-asemblea-xeral-do-fondo-galego-de-cooperacion-e-solidariedade\/#primaryimage","url":"https:\/\/www.anovapeneira.gal\/wp-content\/uploads\/2019\/10\/PONTEAREAS_cultura_a_nova_peneira.jpg","contentUrl":"https:\/\/www.anovapeneira.gal\/wp-content\/uploads\/2019\/10\/PONTEAREAS_cultura_a_nova_peneira.jpg","width":720,"height":473,"caption":"Fondo Galego de Solidaridade A Nova Peneira"},{"@type":"BreadcrumbList","@id":"https:\/\/www.anovapeneira.gal\/index.php\/2019\/10\/16\/ponteareas-estivo-presente-na-asemblea-xeral-do-fondo-galego-de-cooperacion-e-solidariedade\/#breadcrumb","itemListElement":[{"@type":"ListItem","position":1,"name":"Portada","item":"https:\/\/www.anovapeneira.gal\/"},{"@type":"ListItem","position":2,"name":"Ponteareas estivo presente na asemblea xeral do Fondo Galego de Cooperaci\u00f3n e Solidariedade"}]},{"@type":"WebSite","@id":"https:\/\/www.anovapeneira.gal\/#website","url":"https:\/\/www.anovapeneira.gal\/","name":"","description":"Xornal galego de informaci\u00f3n xeral Publicaci\u00f3n mensual de novas de Galicia e en especial dos Concellos da sur da provincia de Pontevedra.","publisher":{"@id":"https:\/\/www.anovapeneira.gal\/#organization"},"potentialAction":[{"@type":"SearchAction","target":{"@type":"EntryPoint","urlTemplate":"https:\/\/www.anovapeneira.gal\/?s={search_term_string}"},"query-input":{"@type":"PropertyValueSpecification","valueRequired":true,"valueName":"search_term_string"}}],"inLanguage":"gl-ES"},{"@type":"Organization","@id":"https:\/\/www.anovapeneira.gal\/#organization","name":"A Nova Peneira","url":"https:\/\/www.anovapeneira.gal\/","logo":{"@type":"ImageObject","inLanguage":"gl-ES","@id":"https:\/\/www.anovapeneira.gal\/#\/schema\/logo\/image\/","url":"http:\/\/www.anovapeneira.gal\/wp-content\/uploads\/2019\/06\/logo_a_nova_peneira_portal_web.png","contentUrl":"http:\/\/www.anovapeneira.gal\/wp-content\/uploads\/2019\/06\/logo_a_nova_peneira_portal_web.png","width":300,"height":100,"caption":"A Nova Peneira"},"image":{"@id":"https:\/\/www.anovapeneira.gal\/#\/schema\/logo\/image\/"},"sameAs":["https:\/\/www.facebook.com\/anovapeneira","https:\/\/x.com\/APeneira"]},{"@type":"Person","@id":"https:\/\/www.anovapeneira.gal\/#\/schema\/person\/b93e3f8932e3f8da96334607eb6ac6aa","name":"Redacci\u00f3n A Nova Peneira","image":{"@type":"ImageObject","inLanguage":"gl-ES","@id":"https:\/\/secure.gravatar.com\/avatar\/c052a2551a06e23fac63626232eaa90abd78dbcf1700fc46a2b2c89fd27b735f?s=96&d=mm&r=g","url":"https:\/\/secure.gravatar.com\/avatar\/c052a2551a06e23fac63626232eaa90abd78dbcf1700fc46a2b2c89fd27b735f?s=96&d=mm&r=g","contentUrl":"https:\/\/secure.gravatar.com\/avatar\/c052a2551a06e23fac63626232eaa90abd78dbcf1700fc46a2b2c89fd27b735f?s=96&d=mm&r=g","caption":"Redacci\u00f3n A Nova Peneira"},"sameAs":["http:\/\/www.anovapeneira.gal\/"],"url":"https:\/\/www.anovapeneira.gal\/index.php\/author\/redactor\/"}]}},"jetpack_featured_media_url":"https:\/\/www.anovapeneira.gal\/wp-content\/uploads\/2019\/10\/PONTEAREAS_cultura_a_nova_peneira.jpg","_links":{"self":[{"href":"https:\/\/www.anovapeneira.gal\/index.php\/wp-json\/wp\/v2\/posts\/1512","targetHints":{"allow":["GET"]}}],"collection":[{"href":"https:\/\/www.anovapeneira.gal\/index.php\/wp-json\/wp\/v2\/posts"}],"about":[{"href":"https:\/\/www.anovapeneira.gal\/index.php\/wp-json\/wp\/v2\/types\/post"}],"author":[{"embeddable":true,"href":"https:\/\/www.anovapeneira.gal\/index.php\/wp-json\/wp\/v2\/users\/3"}],"replies":[{"embeddable":true,"href":"https:\/\/www.anovapeneira.gal\/index.php\/wp-json\/wp\/v2\/comments?post=1512"}],"version-history":[{"count":1,"href":"https:\/\/www.anovapeneira.gal\/index.php\/wp-json\/wp\/v2\/posts\/1512\/revisions"}],"predecessor-version":[{"id":1513,"href":"https:\/\/www.anovapeneira.gal\/index.php\/wp-json\/wp\/v2\/posts\/1512\/revisions\/1513"}],"wp:featuredmedia":[{"embeddable":true,"href":"https:\/\/www.anovapeneira.gal\/index.php\/wp-json\/wp\/v2\/media\/1506"}],"wp:attachment":[{"href":"https:\/\/www.anovapeneira.gal\/index.php\/wp-json\/wp\/v2\/media?parent=1512"}],"wp:term":[{"taxonomy":"category","embeddable":true,"href":"https:\/\/www.anovapeneira.gal\/index.php\/wp-json\/wp\/v2\/categories?post=1512"},{"taxonomy":"post_tag","embeddable":true,"href":"https:\/\/www.anovapeneira.gal\/index.php\/wp-json\/wp\/v2\/tags?post=1512"}],"curies":[{"name":"wp","href":"https:\/\/api.w.org\/{rel}","templated":true}]}}