{"id":15120,"date":"2025-12-25T10:00:40","date_gmt":"2025-12-25T09:00:40","guid":{"rendered":"https:\/\/www.anovapeneira.gal\/?p=15120"},"modified":"2026-01-03T07:26:59","modified_gmt":"2026-01-03T06:26:59","slug":"castelao-e-reboiras-chegan-a-redondela","status":"publish","type":"post","link":"https:\/\/www.anovapeneira.gal\/index.php\/2025\/12\/25\/castelao-e-reboiras-chegan-a-redondela\/","title":{"rendered":"Castelao e Reboiras chegan a Redondela"},"content":{"rendered":"\n<p>O xoves 11 deste mes de decembro desenvolveuse un acto na oficina de turismo de Redondela, organizado polo BNG local, que ti\u00f1a por obxecto dar a co\u00f1ecer a enorme dimensi\u00f3n hist\u00f3rica de d\u00faas figuras moi relevantes para nacionalismo galego: Alfonso Daniel Rodr\u00edguez Castelao, e Moncho Reboiras. O acto foi presentado por Xoan Carlos Gonz\u00e1lez, voceiro do BNG local, e contou coa participaci\u00f3n de Montse Prado, deputada do BNG, e de Alberte Mera que al\u00e9n de exercer de director dos nosos colegas de N\u00f3s Diario, dirixiu un documental sobre a vida de Moncho Reboiras.<\/p>\n\n\n\n<p>A figura de Castelao \u00e9 moi co\u00f1ecida, e malia os intentos do espa\u00f1olismo de apropiarse dela non \u00e9 posible obviar que el foi un nacionalista galego que ti\u00f1a moi claro que Galiza \u00e9 un pobo de seu que ten dereito a decidir libremente o seu futuro, un futuro que, ao seu xu\u00edzo, s\u00f3 poder\u00eda vir da auto organizaci\u00f3n do propio pobo galego. A tese fundamental do pensamento pol\u00edtico de Castelao est\u00e1 nas ant\u00edpodas do que significa, do que representa e do que defende o PPdeG. Cando os populares tratan de apropiarse da s\u00faa figura, o que est\u00e1n a facer \u00e9 unha vulgar apropiaci\u00f3n indebida.<\/p>\n\n\n\n<p>A figura de Moncho Reboiras non \u00e9 tan co\u00f1ecida, pois tivo unha vida moi curta. El morreu asasinado pola polic\u00eda espa\u00f1ola con tan s\u00f3 25 anos. Reboiras foi un destacado militante da UPG na clandestinidade que tivo un papel significativo nas orixes do sindicalismo nacionalista. El visitaba empresas nas que trataba de crear c\u00e9lulas sindicais que confrontasen co sindicato vertical. O traballo de Moncho Reboiras foi esencial para que m\u00e1is tarde aparecese o SOG, e hoxe a CIG, un sindicato nacionalista que \u00e9 a 1\u00ba central sindical do pa\u00eds galego.<\/p>\n\n\n\n<p>As intervenci\u00f3ns de Montse e de Alberte trataron de amosar a existencia dun f\u00edo condutor entre ambas figuras, que vir\u00eda ser unha metonimia do nexo conector que une ao nacionalismo galego ao longo de toda a s\u00faa historia pasada, presente e futura.<\/p>\n","protected":false},"excerpt":{"rendered":"<div class=\"mh-excerpt\"><p>O xoves 11 deste mes de decembro desenvolveuse un acto na oficina de turismo de Redondela, organizado polo BNG local, que ti\u00f1a por obxecto dar a co\u00f1ecer a enorme dimensi\u00f3n hist\u00f3rica de d\u00faas figuras moi relevantes para nacionalismo galego <a class=\"mh-excerpt-more\" href=\"https:\/\/www.anovapeneira.gal\/index.php\/2025\/12\/25\/castelao-e-reboiras-chegan-a-redondela\/\" title=\"Castelao e Reboiras chegan a Redondela\">[&#8230;]<\/a><\/p>\n<\/div>","protected":false},"author":3,"featured_media":15121,"comment_status":"open","ping_status":"open","sticky":false,"template":"","format":"standard","meta":{"_exactmetrics_skip_tracking":false,"_exactmetrics_sitenote_active":false,"_exactmetrics_sitenote_note":"","_exactmetrics_sitenote_category":0,"footnotes":""},"categories":[24],"tags":[171],"class_list":{"0":"post-15120","1":"post","2":"type-post","3":"status-publish","4":"format-standard","5":"has-post-thumbnail","7":"category-redondela","8":"tag-concello-de-redondela"},"yoast_head":"<!-- This site is optimized with the Yoast SEO plugin v27.4 - https:\/\/yoast.com\/product\/yoast-seo-wordpress\/ -->\n<title>Castelao e Reboiras chegan a Redondela -<\/title>\n<meta name=\"robots\" content=\"index, follow, max-snippet:-1, max-image-preview:large, max-video-preview:-1\" \/>\n<link rel=\"canonical\" href=\"https:\/\/www.anovapeneira.gal\/index.php\/2025\/12\/25\/castelao-e-reboiras-chegan-a-redondela\/\" \/>\n<meta property=\"og:locale\" content=\"gl_ES\" \/>\n<meta property=\"og:type\" content=\"article\" \/>\n<meta property=\"og:title\" content=\"Castelao e Reboiras chegan a Redondela -\" \/>\n<meta property=\"og:description\" content=\"O xoves 11 deste mes de decembro desenvolveuse un acto na oficina de turismo de Redondela, organizado polo BNG local, que ti\u00f1a por obxecto dar a co\u00f1ecer a enorme dimensi\u00f3n hist\u00f3rica de d\u00faas figuras moi relevantes para nacionalismo galego [...]\" \/>\n<meta property=\"og:url\" content=\"https:\/\/www.anovapeneira.gal\/index.php\/2025\/12\/25\/castelao-e-reboiras-chegan-a-redondela\/\" \/>\n<meta property=\"article:publisher\" content=\"https:\/\/www.facebook.com\/anovapeneira\" \/>\n<meta property=\"article:published_time\" content=\"2025-12-25T09:00:40+00:00\" \/>\n<meta property=\"article:modified_time\" content=\"2026-01-03T06:26:59+00:00\" \/>\n<meta property=\"og:image\" content=\"https:\/\/www.anovapeneira.gal\/wp-content\/uploads\/2025\/12\/bng_redondela.png\" \/>\n\t<meta property=\"og:image:width\" content=\"720\" \/>\n\t<meta property=\"og:image:height\" content=\"432\" \/>\n\t<meta property=\"og:image:type\" content=\"image\/png\" \/>\n<meta name=\"author\" content=\"Redacci\u00f3n A Nova Peneira\" \/>\n<meta name=\"twitter:card\" content=\"summary_large_image\" \/>\n<meta name=\"twitter:creator\" content=\"@APeneira\" \/>\n<meta name=\"twitter:site\" content=\"@APeneira\" \/>\n<meta name=\"twitter:label1\" content=\"Escrito por\" \/>\n\t<meta name=\"twitter:data1\" content=\"Redacci\u00f3n A Nova Peneira\" \/>\n\t<meta name=\"twitter:label2\" content=\"Tempo de lectura\" \/>\n\t<meta name=\"twitter:data2\" content=\"2 minutos\" \/>\n<script type=\"application\/ld+json\" class=\"yoast-schema-graph\">{\"@context\":\"https:\\\/\\\/schema.org\",\"@graph\":[{\"@type\":\"Article\",\"@id\":\"https:\\\/\\\/www.anovapeneira.gal\\\/index.php\\\/2025\\\/12\\\/25\\\/castelao-e-reboiras-chegan-a-redondela\\\/#article\",\"isPartOf\":{\"@id\":\"https:\\\/\\\/www.anovapeneira.gal\\\/index.php\\\/2025\\\/12\\\/25\\\/castelao-e-reboiras-chegan-a-redondela\\\/\"},\"author\":{\"name\":\"Redacci\u00f3n A Nova Peneira\",\"@id\":\"https:\\\/\\\/www.anovapeneira.gal\\\/#\\\/schema\\\/person\\\/b93e3f8932e3f8da96334607eb6ac6aa\"},\"headline\":\"Castelao e Reboiras chegan a Redondela\",\"datePublished\":\"2025-12-25T09:00:40+00:00\",\"dateModified\":\"2026-01-03T06:26:59+00:00\",\"mainEntityOfPage\":{\"@id\":\"https:\\\/\\\/www.anovapeneira.gal\\\/index.php\\\/2025\\\/12\\\/25\\\/castelao-e-reboiras-chegan-a-redondela\\\/\"},\"wordCount\":357,\"commentCount\":0,\"publisher\":{\"@id\":\"https:\\\/\\\/www.anovapeneira.gal\\\/#organization\"},\"image\":{\"@id\":\"https:\\\/\\\/www.anovapeneira.gal\\\/index.php\\\/2025\\\/12\\\/25\\\/castelao-e-reboiras-chegan-a-redondela\\\/#primaryimage\"},\"thumbnailUrl\":\"https:\\\/\\\/www.anovapeneira.gal\\\/wp-content\\\/uploads\\\/2025\\\/12\\\/bng_redondela.png\",\"keywords\":[\"Concello de Redondela\"],\"articleSection\":[\"Redondela\"],\"inLanguage\":\"gl-ES\",\"potentialAction\":[{\"@type\":\"CommentAction\",\"name\":\"Comment\",\"target\":[\"https:\\\/\\\/www.anovapeneira.gal\\\/index.php\\\/2025\\\/12\\\/25\\\/castelao-e-reboiras-chegan-a-redondela\\\/#respond\"]}]},{\"@type\":\"WebPage\",\"@id\":\"https:\\\/\\\/www.anovapeneira.gal\\\/index.php\\\/2025\\\/12\\\/25\\\/castelao-e-reboiras-chegan-a-redondela\\\/\",\"url\":\"https:\\\/\\\/www.anovapeneira.gal\\\/index.php\\\/2025\\\/12\\\/25\\\/castelao-e-reboiras-chegan-a-redondela\\\/\",\"name\":\"Castelao e Reboiras chegan a Redondela -\",\"isPartOf\":{\"@id\":\"https:\\\/\\\/www.anovapeneira.gal\\\/#website\"},\"primaryImageOfPage\":{\"@id\":\"https:\\\/\\\/www.anovapeneira.gal\\\/index.php\\\/2025\\\/12\\\/25\\\/castelao-e-reboiras-chegan-a-redondela\\\/#primaryimage\"},\"image\":{\"@id\":\"https:\\\/\\\/www.anovapeneira.gal\\\/index.php\\\/2025\\\/12\\\/25\\\/castelao-e-reboiras-chegan-a-redondela\\\/#primaryimage\"},\"thumbnailUrl\":\"https:\\\/\\\/www.anovapeneira.gal\\\/wp-content\\\/uploads\\\/2025\\\/12\\\/bng_redondela.png\",\"datePublished\":\"2025-12-25T09:00:40+00:00\",\"dateModified\":\"2026-01-03T06:26:59+00:00\",\"breadcrumb\":{\"@id\":\"https:\\\/\\\/www.anovapeneira.gal\\\/index.php\\\/2025\\\/12\\\/25\\\/castelao-e-reboiras-chegan-a-redondela\\\/#breadcrumb\"},\"inLanguage\":\"gl-ES\",\"potentialAction\":[{\"@type\":\"ReadAction\",\"target\":[\"https:\\\/\\\/www.anovapeneira.gal\\\/index.php\\\/2025\\\/12\\\/25\\\/castelao-e-reboiras-chegan-a-redondela\\\/\"]}]},{\"@type\":\"ImageObject\",\"inLanguage\":\"gl-ES\",\"@id\":\"https:\\\/\\\/www.anovapeneira.gal\\\/index.php\\\/2025\\\/12\\\/25\\\/castelao-e-reboiras-chegan-a-redondela\\\/#primaryimage\",\"url\":\"https:\\\/\\\/www.anovapeneira.gal\\\/wp-content\\\/uploads\\\/2025\\\/12\\\/bng_redondela.png\",\"contentUrl\":\"https:\\\/\\\/www.anovapeneira.gal\\\/wp-content\\\/uploads\\\/2025\\\/12\\\/bng_redondela.png\",\"width\":720,\"height\":432},{\"@type\":\"BreadcrumbList\",\"@id\":\"https:\\\/\\\/www.anovapeneira.gal\\\/index.php\\\/2025\\\/12\\\/25\\\/castelao-e-reboiras-chegan-a-redondela\\\/#breadcrumb\",\"itemListElement\":[{\"@type\":\"ListItem\",\"position\":1,\"name\":\"Portada\",\"item\":\"https:\\\/\\\/www.anovapeneira.gal\\\/\"},{\"@type\":\"ListItem\",\"position\":2,\"name\":\"Castelao e Reboiras chegan a Redondela\"}]},{\"@type\":\"WebSite\",\"@id\":\"https:\\\/\\\/www.anovapeneira.gal\\\/#website\",\"url\":\"https:\\\/\\\/www.anovapeneira.gal\\\/\",\"name\":\"\",\"description\":\"Xornal galego de informaci\u00f3n xeral Publicaci\u00f3n mensual de novas de Galicia e en especial dos Concellos da sur da provincia de Pontevedra.\",\"publisher\":{\"@id\":\"https:\\\/\\\/www.anovapeneira.gal\\\/#organization\"},\"potentialAction\":[{\"@type\":\"SearchAction\",\"target\":{\"@type\":\"EntryPoint\",\"urlTemplate\":\"https:\\\/\\\/www.anovapeneira.gal\\\/?s={search_term_string}\"},\"query-input\":{\"@type\":\"PropertyValueSpecification\",\"valueRequired\":true,\"valueName\":\"search_term_string\"}}],\"inLanguage\":\"gl-ES\"},{\"@type\":\"Organization\",\"@id\":\"https:\\\/\\\/www.anovapeneira.gal\\\/#organization\",\"name\":\"A Nova Peneira\",\"url\":\"https:\\\/\\\/www.anovapeneira.gal\\\/\",\"logo\":{\"@type\":\"ImageObject\",\"inLanguage\":\"gl-ES\",\"@id\":\"https:\\\/\\\/www.anovapeneira.gal\\\/#\\\/schema\\\/logo\\\/image\\\/\",\"url\":\"http:\\\/\\\/www.anovapeneira.gal\\\/wp-content\\\/uploads\\\/2019\\\/06\\\/logo_a_nova_peneira_portal_web.png\",\"contentUrl\":\"http:\\\/\\\/www.anovapeneira.gal\\\/wp-content\\\/uploads\\\/2019\\\/06\\\/logo_a_nova_peneira_portal_web.png\",\"width\":300,\"height\":100,\"caption\":\"A Nova Peneira\"},\"image\":{\"@id\":\"https:\\\/\\\/www.anovapeneira.gal\\\/#\\\/schema\\\/logo\\\/image\\\/\"},\"sameAs\":[\"https:\\\/\\\/www.facebook.com\\\/anovapeneira\",\"https:\\\/\\\/x.com\\\/APeneira\"]},{\"@type\":\"Person\",\"@id\":\"https:\\\/\\\/www.anovapeneira.gal\\\/#\\\/schema\\\/person\\\/b93e3f8932e3f8da96334607eb6ac6aa\",\"name\":\"Redacci\u00f3n A Nova Peneira\",\"image\":{\"@type\":\"ImageObject\",\"inLanguage\":\"gl-ES\",\"@id\":\"https:\\\/\\\/secure.gravatar.com\\\/avatar\\\/c052a2551a06e23fac63626232eaa90abd78dbcf1700fc46a2b2c89fd27b735f?s=96&d=mm&r=g\",\"url\":\"https:\\\/\\\/secure.gravatar.com\\\/avatar\\\/c052a2551a06e23fac63626232eaa90abd78dbcf1700fc46a2b2c89fd27b735f?s=96&d=mm&r=g\",\"contentUrl\":\"https:\\\/\\\/secure.gravatar.com\\\/avatar\\\/c052a2551a06e23fac63626232eaa90abd78dbcf1700fc46a2b2c89fd27b735f?s=96&d=mm&r=g\",\"caption\":\"Redacci\u00f3n A Nova Peneira\"},\"sameAs\":[\"http:\\\/\\\/www.anovapeneira.gal\\\/\"],\"url\":\"https:\\\/\\\/www.anovapeneira.gal\\\/index.php\\\/author\\\/redactor\\\/\"}]}<\/script>\n<!-- \/ Yoast SEO plugin. -->","yoast_head_json":{"title":"Castelao e Reboiras chegan a Redondela -","robots":{"index":"index","follow":"follow","max-snippet":"max-snippet:-1","max-image-preview":"max-image-preview:large","max-video-preview":"max-video-preview:-1"},"canonical":"https:\/\/www.anovapeneira.gal\/index.php\/2025\/12\/25\/castelao-e-reboiras-chegan-a-redondela\/","og_locale":"gl_ES","og_type":"article","og_title":"Castelao e Reboiras chegan a Redondela -","og_description":"O xoves 11 deste mes de decembro desenvolveuse un acto na oficina de turismo de Redondela, organizado polo BNG local, que ti\u00f1a por obxecto dar a co\u00f1ecer a enorme dimensi\u00f3n hist\u00f3rica de d\u00faas figuras moi relevantes para nacionalismo galego [...]","og_url":"https:\/\/www.anovapeneira.gal\/index.php\/2025\/12\/25\/castelao-e-reboiras-chegan-a-redondela\/","article_publisher":"https:\/\/www.facebook.com\/anovapeneira","article_published_time":"2025-12-25T09:00:40+00:00","article_modified_time":"2026-01-03T06:26:59+00:00","og_image":[{"width":720,"height":432,"url":"https:\/\/www.anovapeneira.gal\/wp-content\/uploads\/2025\/12\/bng_redondela.png","type":"image\/png"}],"author":"Redacci\u00f3n A Nova Peneira","twitter_card":"summary_large_image","twitter_creator":"@APeneira","twitter_site":"@APeneira","twitter_misc":{"Escrito por":"Redacci\u00f3n A Nova Peneira","Tempo de lectura":"2 minutos"},"schema":{"@context":"https:\/\/schema.org","@graph":[{"@type":"Article","@id":"https:\/\/www.anovapeneira.gal\/index.php\/2025\/12\/25\/castelao-e-reboiras-chegan-a-redondela\/#article","isPartOf":{"@id":"https:\/\/www.anovapeneira.gal\/index.php\/2025\/12\/25\/castelao-e-reboiras-chegan-a-redondela\/"},"author":{"name":"Redacci\u00f3n A Nova Peneira","@id":"https:\/\/www.anovapeneira.gal\/#\/schema\/person\/b93e3f8932e3f8da96334607eb6ac6aa"},"headline":"Castelao e Reboiras chegan a Redondela","datePublished":"2025-12-25T09:00:40+00:00","dateModified":"2026-01-03T06:26:59+00:00","mainEntityOfPage":{"@id":"https:\/\/www.anovapeneira.gal\/index.php\/2025\/12\/25\/castelao-e-reboiras-chegan-a-redondela\/"},"wordCount":357,"commentCount":0,"publisher":{"@id":"https:\/\/www.anovapeneira.gal\/#organization"},"image":{"@id":"https:\/\/www.anovapeneira.gal\/index.php\/2025\/12\/25\/castelao-e-reboiras-chegan-a-redondela\/#primaryimage"},"thumbnailUrl":"https:\/\/www.anovapeneira.gal\/wp-content\/uploads\/2025\/12\/bng_redondela.png","keywords":["Concello de Redondela"],"articleSection":["Redondela"],"inLanguage":"gl-ES","potentialAction":[{"@type":"CommentAction","name":"Comment","target":["https:\/\/www.anovapeneira.gal\/index.php\/2025\/12\/25\/castelao-e-reboiras-chegan-a-redondela\/#respond"]}]},{"@type":"WebPage","@id":"https:\/\/www.anovapeneira.gal\/index.php\/2025\/12\/25\/castelao-e-reboiras-chegan-a-redondela\/","url":"https:\/\/www.anovapeneira.gal\/index.php\/2025\/12\/25\/castelao-e-reboiras-chegan-a-redondela\/","name":"Castelao e Reboiras chegan a Redondela -","isPartOf":{"@id":"https:\/\/www.anovapeneira.gal\/#website"},"primaryImageOfPage":{"@id":"https:\/\/www.anovapeneira.gal\/index.php\/2025\/12\/25\/castelao-e-reboiras-chegan-a-redondela\/#primaryimage"},"image":{"@id":"https:\/\/www.anovapeneira.gal\/index.php\/2025\/12\/25\/castelao-e-reboiras-chegan-a-redondela\/#primaryimage"},"thumbnailUrl":"https:\/\/www.anovapeneira.gal\/wp-content\/uploads\/2025\/12\/bng_redondela.png","datePublished":"2025-12-25T09:00:40+00:00","dateModified":"2026-01-03T06:26:59+00:00","breadcrumb":{"@id":"https:\/\/www.anovapeneira.gal\/index.php\/2025\/12\/25\/castelao-e-reboiras-chegan-a-redondela\/#breadcrumb"},"inLanguage":"gl-ES","potentialAction":[{"@type":"ReadAction","target":["https:\/\/www.anovapeneira.gal\/index.php\/2025\/12\/25\/castelao-e-reboiras-chegan-a-redondela\/"]}]},{"@type":"ImageObject","inLanguage":"gl-ES","@id":"https:\/\/www.anovapeneira.gal\/index.php\/2025\/12\/25\/castelao-e-reboiras-chegan-a-redondela\/#primaryimage","url":"https:\/\/www.anovapeneira.gal\/wp-content\/uploads\/2025\/12\/bng_redondela.png","contentUrl":"https:\/\/www.anovapeneira.gal\/wp-content\/uploads\/2025\/12\/bng_redondela.png","width":720,"height":432},{"@type":"BreadcrumbList","@id":"https:\/\/www.anovapeneira.gal\/index.php\/2025\/12\/25\/castelao-e-reboiras-chegan-a-redondela\/#breadcrumb","itemListElement":[{"@type":"ListItem","position":1,"name":"Portada","item":"https:\/\/www.anovapeneira.gal\/"},{"@type":"ListItem","position":2,"name":"Castelao e Reboiras chegan a Redondela"}]},{"@type":"WebSite","@id":"https:\/\/www.anovapeneira.gal\/#website","url":"https:\/\/www.anovapeneira.gal\/","name":"","description":"Xornal galego de informaci\u00f3n xeral Publicaci\u00f3n mensual de novas de Galicia e en especial dos Concellos da sur da provincia de Pontevedra.","publisher":{"@id":"https:\/\/www.anovapeneira.gal\/#organization"},"potentialAction":[{"@type":"SearchAction","target":{"@type":"EntryPoint","urlTemplate":"https:\/\/www.anovapeneira.gal\/?s={search_term_string}"},"query-input":{"@type":"PropertyValueSpecification","valueRequired":true,"valueName":"search_term_string"}}],"inLanguage":"gl-ES"},{"@type":"Organization","@id":"https:\/\/www.anovapeneira.gal\/#organization","name":"A Nova Peneira","url":"https:\/\/www.anovapeneira.gal\/","logo":{"@type":"ImageObject","inLanguage":"gl-ES","@id":"https:\/\/www.anovapeneira.gal\/#\/schema\/logo\/image\/","url":"http:\/\/www.anovapeneira.gal\/wp-content\/uploads\/2019\/06\/logo_a_nova_peneira_portal_web.png","contentUrl":"http:\/\/www.anovapeneira.gal\/wp-content\/uploads\/2019\/06\/logo_a_nova_peneira_portal_web.png","width":300,"height":100,"caption":"A Nova Peneira"},"image":{"@id":"https:\/\/www.anovapeneira.gal\/#\/schema\/logo\/image\/"},"sameAs":["https:\/\/www.facebook.com\/anovapeneira","https:\/\/x.com\/APeneira"]},{"@type":"Person","@id":"https:\/\/www.anovapeneira.gal\/#\/schema\/person\/b93e3f8932e3f8da96334607eb6ac6aa","name":"Redacci\u00f3n A Nova Peneira","image":{"@type":"ImageObject","inLanguage":"gl-ES","@id":"https:\/\/secure.gravatar.com\/avatar\/c052a2551a06e23fac63626232eaa90abd78dbcf1700fc46a2b2c89fd27b735f?s=96&d=mm&r=g","url":"https:\/\/secure.gravatar.com\/avatar\/c052a2551a06e23fac63626232eaa90abd78dbcf1700fc46a2b2c89fd27b735f?s=96&d=mm&r=g","contentUrl":"https:\/\/secure.gravatar.com\/avatar\/c052a2551a06e23fac63626232eaa90abd78dbcf1700fc46a2b2c89fd27b735f?s=96&d=mm&r=g","caption":"Redacci\u00f3n A Nova Peneira"},"sameAs":["http:\/\/www.anovapeneira.gal\/"],"url":"https:\/\/www.anovapeneira.gal\/index.php\/author\/redactor\/"}]}},"jetpack_featured_media_url":"https:\/\/www.anovapeneira.gal\/wp-content\/uploads\/2025\/12\/bng_redondela.png","_links":{"self":[{"href":"https:\/\/www.anovapeneira.gal\/index.php\/wp-json\/wp\/v2\/posts\/15120","targetHints":{"allow":["GET"]}}],"collection":[{"href":"https:\/\/www.anovapeneira.gal\/index.php\/wp-json\/wp\/v2\/posts"}],"about":[{"href":"https:\/\/www.anovapeneira.gal\/index.php\/wp-json\/wp\/v2\/types\/post"}],"author":[{"embeddable":true,"href":"https:\/\/www.anovapeneira.gal\/index.php\/wp-json\/wp\/v2\/users\/3"}],"replies":[{"embeddable":true,"href":"https:\/\/www.anovapeneira.gal\/index.php\/wp-json\/wp\/v2\/comments?post=15120"}],"version-history":[{"count":1,"href":"https:\/\/www.anovapeneira.gal\/index.php\/wp-json\/wp\/v2\/posts\/15120\/revisions"}],"predecessor-version":[{"id":15122,"href":"https:\/\/www.anovapeneira.gal\/index.php\/wp-json\/wp\/v2\/posts\/15120\/revisions\/15122"}],"wp:featuredmedia":[{"embeddable":true,"href":"https:\/\/www.anovapeneira.gal\/index.php\/wp-json\/wp\/v2\/media\/15121"}],"wp:attachment":[{"href":"https:\/\/www.anovapeneira.gal\/index.php\/wp-json\/wp\/v2\/media?parent=15120"}],"wp:term":[{"taxonomy":"category","embeddable":true,"href":"https:\/\/www.anovapeneira.gal\/index.php\/wp-json\/wp\/v2\/categories?post=15120"},{"taxonomy":"post_tag","embeddable":true,"href":"https:\/\/www.anovapeneira.gal\/index.php\/wp-json\/wp\/v2\/tags?post=15120"}],"curies":[{"name":"wp","href":"https:\/\/api.w.org\/{rel}","templated":true}]}}