{"id":15128,"date":"2025-12-26T12:00:58","date_gmt":"2025-12-26T11:00:58","guid":{"rendered":"https:\/\/www.anovapeneira.gal\/?p=15128"},"modified":"2025-12-16T09:33:21","modified_gmt":"2025-12-16T08:33:21","slug":"o-cd-cesantes-pode-con-todo-os-equipos-rivais-e-o-lamentable-estado-do-seu-terreo-de-xogo","status":"publish","type":"post","link":"https:\/\/www.anovapeneira.gal\/index.php\/2025\/12\/26\/o-cd-cesantes-pode-con-todo-os-equipos-rivais-e-o-lamentable-estado-do-seu-terreo-de-xogo\/","title":{"rendered":"O CD Cesantes pode con todo: os equipos rivais e o lamentable estado do seu terreo de xogo"},"content":{"rendered":"\n<p><strong>Cesantes \u00e9 unha parroquia cunha identidade propia moi marcada e unha personalidade definida. A individualidade e independencia org\u00e1nica do seu equipo \u00e9 o primeiro que reivindica con orgullo Isaac Otero, o presidente do Cesantes. Isaac \u00e9 un rapaz novo, a\u00ednda non ten 35 anos, pero que xa leva unha ducia de temporadas vencellado a este club que xa \u00e9 a s\u00faa casa. Am\u00f3sase tam\u00e9n orgulloso do traballo que est\u00e1n a realizar co f\u00fatbol base, pois nos \u00faltimos anos multiplicaron o n\u00famero de equipos, e indica tam\u00e9n que \u00e9 consciente da elevada importancia que ten a canteira para dotar de solidez ao club. Por\u00e9n o Cesantes ten un problema moi serio: O seu campo de f\u00fatbol est\u00e1 nun estado lamentable. Foi constru\u00eddo hai poucos anos, pero amosa graves eivas estruturais que provocan profundos sucos no terreo convert\u00e9ndoo en impracticable .E o que \u00e9 m\u00e1is grave: somete aos xogadores a unha situaci\u00f3n de elevado risco de que se poidan lesionar. O presidente do Cesantes clama aos catro ventos para que dunha vez por todas se po\u00f1a remedio a esta intolerable situaci\u00f3n. N\u00f3s sumamos a nosa voz \u00e1 do Cesantes, e demandamos \u00e1s administraci\u00f3ns competentes que act\u00faen de inmediato para evitar que unha parroquia como Cesantes te\u00f1a que pasar a vergonza de que o seu equipo de f\u00fatbol te\u00f1a un terreo de xogo terceiromundista.<\/strong><\/p>\n\n\n\n<p><strong>Isaac Otero, presidente<\/strong><\/p>\n\n\n\n<h2 class=\"wp-block-heading\">\u201c<strong>\u00c9 imprescindible buscar unha soluci\u00f3n para arranxar o mal estado do noso terreo de xogo\u201d<\/strong><\/h2>\n\n\n\n<p><strong>Queremos co\u00f1ecerte mellor<\/strong><\/p>\n\n\n\n<blockquote class=\"wp-block-quote is-layout-flow wp-block-quote-is-layout-flow\">\n<p>Te\u00f1o 33 anos e levo ligado ao Cesantes desde o 2013.E na mi\u00f1a traxectoria como xogador pasei por moitos equipos da nosa comarca. Estiven en Casa Paco, no Choco, no Arcade..e houbo un momento na vida en que por necesidade tiven que me p\u00f3r a traballar e comecei cun grupo de amigos a xogar no Cesantes<\/p>\n<\/blockquote>\n\n\n\n<p><strong>Moita xente que xoga no Cesantes, ven do Choco, verdade?<\/strong><\/p>\n\n\n\n<blockquote class=\"wp-block-quote is-layout-flow wp-block-quote-is-layout-flow\">\n<p>Si, \u00e9 verdade. Pero n\u00f3s temos a nosa propia identidade e unha personalidade moi marcada.<\/p>\n<\/blockquote>\n\n\n\n<p><strong>Cantos equipos tendes?<\/strong><\/p>\n\n\n\n<blockquote class=\"wp-block-quote is-layout-flow wp-block-quote-is-layout-flow\">\n<p>Temos 9 equipos, un deles \u00e9 feminino. Desde o 2021 estamos medrando moito no que se refire \u00e1s categor\u00edas de base. Penso que facemos un bo traballo nese eido, e eu estou moi orgulloso. Un equipo que te\u00f1a unha canteira s\u00f3lida e solvente ten o seu futuro asegurado.<\/p>\n<\/blockquote>\n\n\n\n<p><strong>Canto tempo ten o equipo feminino?<\/strong><\/p>\n\n\n\n<blockquote class=\"wp-block-quote is-layout-flow wp-block-quote-is-layout-flow\">\n<p>Este \u00e9 o seu segundo ano de vida.<\/p>\n<\/blockquote>\n\n\n\n<p><strong>Como vai?<\/strong><\/p>\n\n\n\n<blockquote class=\"wp-block-quote is-layout-flow wp-block-quote-is-layout-flow\">\n<p>Est\u00e1 en proceso de consolidaci\u00f3n. O importante \u00e9 lograr consolidalo. Na nosa comarca houbo varios intentos de constru\u00edr equipos femininos que non foron adiante. E agora mesmo s\u00f3 estamos n\u00f3s e o Chapela. N\u00f3s queremos seguir estando moito tempo, polo tanto trataremos de dotalo de bases s\u00f3lidas.<\/p>\n<\/blockquote>\n\n\n\n<p><strong>O equipo s\u00e9nior si que vai moi ben..<\/strong><\/p>\n\n\n\n<blockquote class=\"wp-block-quote is-layout-flow wp-block-quote-is-layout-flow\">\n<p>Pois si, imos de marabilla. Xa o ano pasado ti\u00f1amos que ter ascendido pero tivemos moi mala sorte. Este ano te\u00f1o a convicci\u00f3n de que si ascenderemos. Iso si, con moita cautela e con moito respecto aos adversarios pois a\u00ednda nos quedan bastantes partidos complicados que xogar.<\/p>\n<\/blockquote>\n\n\n\n<p><strong>Asemade temos unha figura na categor\u00eda&#8230;<\/strong><\/p>\n\n\n\n<blockquote class=\"wp-block-quote is-layout-flow wp-block-quote-is-layout-flow\">\n<p>O noso dianteiro David si. Leva 22 goles en 11 partidos, e n\u00f3s estamos moi orgullosos del, desde logo&#8230;El estase sa\u00edndo. Pero o equipo no seu conxunto \u00e9 marabilloso, a s\u00faa uni\u00f3n \u00e9 sobresa\u00ednte, son como unha familia. E o adestrador tam\u00e9n est\u00e1 a facer un traballo excelente.<\/p>\n<\/blockquote>\n\n\n\n<p><strong>Cantas fichas tendes ?<\/strong><\/p>\n\n\n\n<blockquote class=\"wp-block-quote is-layout-flow wp-block-quote-is-layout-flow\">\n<p>Pasamos ben das 100<\/p>\n<\/blockquote>\n\n\n\n<p><strong>Entre os pequenos de todo e os veteranos debe de haber unha enorme marxe de idade?<\/strong><\/p>\n\n\n\n<blockquote class=\"wp-block-quote is-layout-flow wp-block-quote-is-layout-flow\">\n<p>Ha, ha, ha. Pois si, si que a hai..O m\u00e1is pequeno dos pequenos ten dous anos, e o m\u00e1is veterano dos veteranos pasa dos 50<\/p>\n<\/blockquote>\n\n\n\n<p><strong>E socios cantos tendes ?<\/strong><\/p>\n\n\n\n<blockquote class=\"wp-block-quote is-layout-flow wp-block-quote-is-layout-flow\">\n<p>M\u00e1is de 200<\/p>\n<\/blockquote>\n\n\n\n<p><strong>Como levades a situaci\u00f3n econ\u00f3mica?<\/strong><\/p>\n\n\n\n<blockquote class=\"wp-block-quote is-layout-flow wp-block-quote-is-layout-flow\">\n<p>Como todos os equipos modestos con moito esforzo. A verdade est\u00e1 todo car\u00edsimo e resulta moi complicado. Ao final entre os socios, os patrocinadores e a cantina imos zafando,pero con moito traballo.<\/p>\n<\/blockquote>\n\n\n\n<p><strong>Se como parece acabades ascendendo poderedes asumilo economicamente?<\/strong><\/p>\n\n\n\n<blockquote class=\"wp-block-quote is-layout-flow wp-block-quote-is-layout-flow\">\n<p>Si, si que poderemos. O salto de categor\u00eda implica un maior esforzo econ\u00f3mico pero a diferenza \u00e9 asumible.<\/p>\n<\/blockquote>\n\n\n\n<p><strong>Cal \u00e9 o voso uniforme?<\/strong><\/p>\n\n\n\n<blockquote class=\"wp-block-quote is-layout-flow wp-block-quote-is-layout-flow\">\n<p>Camiseta branca e pantal\u00f3n azul. Todas as nosas equipaxes te\u00f1en as ondas do mar para simbolizar a profunda vinculaci\u00f3n que a parroquia de Cesantes ten co mar.<\/p>\n<\/blockquote>\n\n\n\n<p><strong>Que tal est\u00e1 o estado do campo?<\/strong><\/p>\n\n\n\n<blockquote class=\"wp-block-quote is-layout-flow wp-block-quote-is-layout-flow\">\n<p>O campo est\u00e1 mal. Non \u00e9 cuesti\u00f3n de botar a culpa a ningu\u00e9n pero a verdade \u00e9 que o seu estado \u00e9 moi malo e os seus problemas son estruturais. O campo est\u00e1 mal feito. No canto de facer un asfaltado, logo illante e finalmente p\u00f3r o c\u00e9spede, como ten o campo do Choco, fix\u00e9rono de grixo, eu supo\u00f1o que por ser m\u00e1is barato..Pero claro, os problemas ve\u00f1en agora e cando hai un certo volume de auga o terreo levanta, vaise abrindo e fai sucos enormes nos que incluso che colle o p\u00e9 e nos que se acumulan bolsas de auga. Tam\u00e9n nos vestiarios hai problemas, temos 4, dous con duchas e dous sen duchas. E non temos vestiarios para as nenas que se te\u00f1en que ir mudar aos vestiarios dos \u00e1rbitros.<\/p>\n<\/blockquote>\n\n\n\n<p><strong>Hai problemas de drenaxe?<\/strong><\/p>\n\n\n\n<blockquote class=\"wp-block-quote is-layout-flow wp-block-quote-is-layout-flow\">\n<p>No medio non. Nos laterais si. Este \u00e9 unha eiva moi grave para n\u00f3s que nos impide crecer. Xa fixemos de todo. Vi\u00f1eron aqu\u00ed catro empresas a ver cal era o problema. Xa falamos co Concello..e o que parece claro \u00e9 que o motivo do mal estado ven de que o campo est\u00e1 mal constru\u00eddo. Pero a garant\u00eda remata en agosto do ano que ven e de momento aqu\u00ed ningu\u00e9n fixo nada.<\/p>\n<\/blockquote>\n\n\n\n<p><strong>O mantemento?<\/strong><\/p>\n\n\n\n<blockquote class=\"wp-block-quote is-layout-flow wp-block-quote-is-layout-flow\">\n<p>Nunca se fixo, o que converte o terreo en practicamente impracticable. Somos n\u00f3s os que facemos o que podemos, como pintar. Se se quere p\u00f3r soluci\u00f3n de verdade non queda outra que levantar o campo, facer un estudo rigoroso de como est\u00e1 e buscar a soluci\u00f3n m\u00e1is adecuada. Porque unha soluci\u00f3n hai que buscar. \u00c9 imprescindible buscar unha soluci\u00f3n ao mal estado do noso terreo de xogo. Esta situaci\u00f3n impide o noso crecemento como club e queima a todo o mundo, inclu\u00eddos aos pais dos rapaces.<\/p>\n<\/blockquote>\n\n\n\n<blockquote class=\"wp-block-quote is-layout-flow wp-block-quote-is-layout-flow\">\n<p>A min par\u00e9ceme moi ben que se preocupen dos campos do Choco e do Chapela, claro que si. Pero Cesantes tam\u00e9n \u00e9 Redondela e queremos unhas instalaci\u00f3ns dignas.<\/p>\n<\/blockquote>\n\n\n\n<p><strong>Cales son os vosos principais rivais deportivos esta temporada?<\/strong><\/p>\n\n\n\n<blockquote class=\"wp-block-quote is-layout-flow wp-block-quote-is-layout-flow\">\n<p>Hai bos equipos. O Bah\u00eda a\u00ednda que vai abaixo \u00e9 un equipo forte. E o Cruceiro o Poio e o Mar\u00edn son tam\u00e9n conxuntos moi complicados. A cousa deportivamente pinta moi ben, pero en absoluto podemos baixar os brazos nin perder a actitude. No f\u00fatbol subir costa moito, pero baixar b\u00e1ixase moi r\u00e1pido.<\/p>\n<\/blockquote>\n\n\n\n<p><strong>Temos equipo para competir en segunda auton\u00f3mica co dignidade?<\/strong><\/p>\n\n\n\n<blockquote class=\"wp-block-quote is-layout-flow wp-block-quote-is-layout-flow\">\n<p>Si, te\u00f1o absoluta confianza en que a calidade do noso equipo dar\u00eda para competir ben na categor\u00eda superior.<\/p>\n<\/blockquote>\n","protected":false},"excerpt":{"rendered":"<div class=\"mh-excerpt\"><p>Cesantes \u00e9 unha parroquia cunha identidade propia moi marcada e unha personalidade definida. A individualidade e independencia org\u00e1nica do seu equipo \u00e9 o primeiro que reivindica con orgullo Isaac Otero, o presidente do Cesantes <a class=\"mh-excerpt-more\" href=\"https:\/\/www.anovapeneira.gal\/index.php\/2025\/12\/26\/o-cd-cesantes-pode-con-todo-os-equipos-rivais-e-o-lamentable-estado-do-seu-terreo-de-xogo\/\" title=\"O CD Cesantes pode con todo: os equipos rivais e o lamentable estado do seu terreo de xogo\">[&#8230;]<\/a><\/p>\n<\/div>","protected":false},"author":6,"featured_media":15129,"comment_status":"open","ping_status":"open","sticky":false,"template":"","format":"standard","meta":{"_exactmetrics_skip_tracking":false,"_exactmetrics_sitenote_active":false,"_exactmetrics_sitenote_note":"","_exactmetrics_sitenote_category":0,"footnotes":""},"categories":[495],"tags":[171],"class_list":{"0":"post-15128","1":"post","2":"type-post","3":"status-publish","4":"format-standard","5":"has-post-thumbnail","7":"category-redondela-reportaxes","8":"tag-concello-de-redondela"},"yoast_head":"<!-- This site is optimized with the Yoast SEO plugin v27.4 - https:\/\/yoast.com\/product\/yoast-seo-wordpress\/ -->\n<title>O CD Cesantes pode con todo: os equipos rivais e o lamentable estado do seu terreo de xogo -<\/title>\n<meta name=\"robots\" content=\"index, follow, max-snippet:-1, max-image-preview:large, max-video-preview:-1\" \/>\n<link rel=\"canonical\" href=\"https:\/\/www.anovapeneira.gal\/index.php\/2025\/12\/26\/o-cd-cesantes-pode-con-todo-os-equipos-rivais-e-o-lamentable-estado-do-seu-terreo-de-xogo\/\" \/>\n<meta property=\"og:locale\" content=\"gl_ES\" \/>\n<meta property=\"og:type\" content=\"article\" \/>\n<meta property=\"og:title\" content=\"O CD Cesantes pode con todo: os equipos rivais e o lamentable estado do seu terreo de xogo -\" \/>\n<meta property=\"og:description\" content=\"Cesantes \u00e9 unha parroquia cunha identidade propia moi marcada e unha personalidade definida. A individualidade e independencia org\u00e1nica do seu equipo \u00e9 o primeiro que reivindica con orgullo Isaac Otero, o presidente do Cesantes [...]\" \/>\n<meta property=\"og:url\" content=\"https:\/\/www.anovapeneira.gal\/index.php\/2025\/12\/26\/o-cd-cesantes-pode-con-todo-os-equipos-rivais-e-o-lamentable-estado-do-seu-terreo-de-xogo\/\" \/>\n<meta property=\"article:publisher\" content=\"https:\/\/www.facebook.com\/anovapeneira\" \/>\n<meta property=\"article:published_time\" content=\"2025-12-26T11:00:58+00:00\" \/>\n<meta property=\"og:image\" content=\"https:\/\/www.anovapeneira.gal\/wp-content\/uploads\/2025\/12\/cd_cesantes.jpg\" \/>\n\t<meta property=\"og:image:width\" content=\"720\" \/>\n\t<meta property=\"og:image:height\" content=\"432\" \/>\n\t<meta property=\"og:image:type\" content=\"image\/jpeg\" \/>\n<meta name=\"author\" content=\"Marcos Santos\" \/>\n<meta name=\"twitter:card\" content=\"summary_large_image\" \/>\n<meta name=\"twitter:creator\" content=\"@APeneira\" \/>\n<meta name=\"twitter:site\" content=\"@APeneira\" \/>\n<meta name=\"twitter:label1\" content=\"Escrito por\" \/>\n\t<meta name=\"twitter:data1\" content=\"Marcos Santos\" \/>\n\t<meta name=\"twitter:label2\" content=\"Tempo de lectura\" \/>\n\t<meta name=\"twitter:data2\" content=\"3 minutos\" \/>\n<script type=\"application\/ld+json\" class=\"yoast-schema-graph\">{\"@context\":\"https:\\\/\\\/schema.org\",\"@graph\":[{\"@type\":\"Article\",\"@id\":\"https:\\\/\\\/www.anovapeneira.gal\\\/index.php\\\/2025\\\/12\\\/26\\\/o-cd-cesantes-pode-con-todo-os-equipos-rivais-e-o-lamentable-estado-do-seu-terreo-de-xogo\\\/#article\",\"isPartOf\":{\"@id\":\"https:\\\/\\\/www.anovapeneira.gal\\\/index.php\\\/2025\\\/12\\\/26\\\/o-cd-cesantes-pode-con-todo-os-equipos-rivais-e-o-lamentable-estado-do-seu-terreo-de-xogo\\\/\"},\"author\":{\"name\":\"Marcos Santos\",\"@id\":\"https:\\\/\\\/www.anovapeneira.gal\\\/#\\\/schema\\\/person\\\/d9d84823564720e7593293bab054e52d\"},\"headline\":\"O CD Cesantes pode con todo: os equipos rivais e o lamentable estado do seu terreo de xogo\",\"datePublished\":\"2025-12-26T11:00:58+00:00\",\"mainEntityOfPage\":{\"@id\":\"https:\\\/\\\/www.anovapeneira.gal\\\/index.php\\\/2025\\\/12\\\/26\\\/o-cd-cesantes-pode-con-todo-os-equipos-rivais-e-o-lamentable-estado-do-seu-terreo-de-xogo\\\/\"},\"wordCount\":1204,\"commentCount\":0,\"publisher\":{\"@id\":\"https:\\\/\\\/www.anovapeneira.gal\\\/#organization\"},\"image\":{\"@id\":\"https:\\\/\\\/www.anovapeneira.gal\\\/index.php\\\/2025\\\/12\\\/26\\\/o-cd-cesantes-pode-con-todo-os-equipos-rivais-e-o-lamentable-estado-do-seu-terreo-de-xogo\\\/#primaryimage\"},\"thumbnailUrl\":\"https:\\\/\\\/www.anovapeneira.gal\\\/wp-content\\\/uploads\\\/2025\\\/12\\\/cd_cesantes.jpg\",\"keywords\":[\"Concello de Redondela\"],\"articleSection\":[\"Redondela\"],\"inLanguage\":\"gl-ES\",\"potentialAction\":[{\"@type\":\"CommentAction\",\"name\":\"Comment\",\"target\":[\"https:\\\/\\\/www.anovapeneira.gal\\\/index.php\\\/2025\\\/12\\\/26\\\/o-cd-cesantes-pode-con-todo-os-equipos-rivais-e-o-lamentable-estado-do-seu-terreo-de-xogo\\\/#respond\"]}]},{\"@type\":\"WebPage\",\"@id\":\"https:\\\/\\\/www.anovapeneira.gal\\\/index.php\\\/2025\\\/12\\\/26\\\/o-cd-cesantes-pode-con-todo-os-equipos-rivais-e-o-lamentable-estado-do-seu-terreo-de-xogo\\\/\",\"url\":\"https:\\\/\\\/www.anovapeneira.gal\\\/index.php\\\/2025\\\/12\\\/26\\\/o-cd-cesantes-pode-con-todo-os-equipos-rivais-e-o-lamentable-estado-do-seu-terreo-de-xogo\\\/\",\"name\":\"O CD Cesantes pode con todo: os equipos rivais e o lamentable estado do seu terreo de xogo -\",\"isPartOf\":{\"@id\":\"https:\\\/\\\/www.anovapeneira.gal\\\/#website\"},\"primaryImageOfPage\":{\"@id\":\"https:\\\/\\\/www.anovapeneira.gal\\\/index.php\\\/2025\\\/12\\\/26\\\/o-cd-cesantes-pode-con-todo-os-equipos-rivais-e-o-lamentable-estado-do-seu-terreo-de-xogo\\\/#primaryimage\"},\"image\":{\"@id\":\"https:\\\/\\\/www.anovapeneira.gal\\\/index.php\\\/2025\\\/12\\\/26\\\/o-cd-cesantes-pode-con-todo-os-equipos-rivais-e-o-lamentable-estado-do-seu-terreo-de-xogo\\\/#primaryimage\"},\"thumbnailUrl\":\"https:\\\/\\\/www.anovapeneira.gal\\\/wp-content\\\/uploads\\\/2025\\\/12\\\/cd_cesantes.jpg\",\"datePublished\":\"2025-12-26T11:00:58+00:00\",\"breadcrumb\":{\"@id\":\"https:\\\/\\\/www.anovapeneira.gal\\\/index.php\\\/2025\\\/12\\\/26\\\/o-cd-cesantes-pode-con-todo-os-equipos-rivais-e-o-lamentable-estado-do-seu-terreo-de-xogo\\\/#breadcrumb\"},\"inLanguage\":\"gl-ES\",\"potentialAction\":[{\"@type\":\"ReadAction\",\"target\":[\"https:\\\/\\\/www.anovapeneira.gal\\\/index.php\\\/2025\\\/12\\\/26\\\/o-cd-cesantes-pode-con-todo-os-equipos-rivais-e-o-lamentable-estado-do-seu-terreo-de-xogo\\\/\"]}]},{\"@type\":\"ImageObject\",\"inLanguage\":\"gl-ES\",\"@id\":\"https:\\\/\\\/www.anovapeneira.gal\\\/index.php\\\/2025\\\/12\\\/26\\\/o-cd-cesantes-pode-con-todo-os-equipos-rivais-e-o-lamentable-estado-do-seu-terreo-de-xogo\\\/#primaryimage\",\"url\":\"https:\\\/\\\/www.anovapeneira.gal\\\/wp-content\\\/uploads\\\/2025\\\/12\\\/cd_cesantes.jpg\",\"contentUrl\":\"https:\\\/\\\/www.anovapeneira.gal\\\/wp-content\\\/uploads\\\/2025\\\/12\\\/cd_cesantes.jpg\",\"width\":720,\"height\":432},{\"@type\":\"BreadcrumbList\",\"@id\":\"https:\\\/\\\/www.anovapeneira.gal\\\/index.php\\\/2025\\\/12\\\/26\\\/o-cd-cesantes-pode-con-todo-os-equipos-rivais-e-o-lamentable-estado-do-seu-terreo-de-xogo\\\/#breadcrumb\",\"itemListElement\":[{\"@type\":\"ListItem\",\"position\":1,\"name\":\"Portada\",\"item\":\"https:\\\/\\\/www.anovapeneira.gal\\\/\"},{\"@type\":\"ListItem\",\"position\":2,\"name\":\"O CD Cesantes pode con todo: os equipos rivais e o lamentable estado do seu terreo de xogo\"}]},{\"@type\":\"WebSite\",\"@id\":\"https:\\\/\\\/www.anovapeneira.gal\\\/#website\",\"url\":\"https:\\\/\\\/www.anovapeneira.gal\\\/\",\"name\":\"\",\"description\":\"Xornal galego de informaci\u00f3n xeral Publicaci\u00f3n mensual de novas de Galicia e en especial dos Concellos da sur da provincia de Pontevedra.\",\"publisher\":{\"@id\":\"https:\\\/\\\/www.anovapeneira.gal\\\/#organization\"},\"potentialAction\":[{\"@type\":\"SearchAction\",\"target\":{\"@type\":\"EntryPoint\",\"urlTemplate\":\"https:\\\/\\\/www.anovapeneira.gal\\\/?s={search_term_string}\"},\"query-input\":{\"@type\":\"PropertyValueSpecification\",\"valueRequired\":true,\"valueName\":\"search_term_string\"}}],\"inLanguage\":\"gl-ES\"},{\"@type\":\"Organization\",\"@id\":\"https:\\\/\\\/www.anovapeneira.gal\\\/#organization\",\"name\":\"A Nova Peneira\",\"url\":\"https:\\\/\\\/www.anovapeneira.gal\\\/\",\"logo\":{\"@type\":\"ImageObject\",\"inLanguage\":\"gl-ES\",\"@id\":\"https:\\\/\\\/www.anovapeneira.gal\\\/#\\\/schema\\\/logo\\\/image\\\/\",\"url\":\"http:\\\/\\\/www.anovapeneira.gal\\\/wp-content\\\/uploads\\\/2019\\\/06\\\/logo_a_nova_peneira_portal_web.png\",\"contentUrl\":\"http:\\\/\\\/www.anovapeneira.gal\\\/wp-content\\\/uploads\\\/2019\\\/06\\\/logo_a_nova_peneira_portal_web.png\",\"width\":300,\"height\":100,\"caption\":\"A Nova Peneira\"},\"image\":{\"@id\":\"https:\\\/\\\/www.anovapeneira.gal\\\/#\\\/schema\\\/logo\\\/image\\\/\"},\"sameAs\":[\"https:\\\/\\\/www.facebook.com\\\/anovapeneira\",\"https:\\\/\\\/x.com\\\/APeneira\"]},{\"@type\":\"Person\",\"@id\":\"https:\\\/\\\/www.anovapeneira.gal\\\/#\\\/schema\\\/person\\\/d9d84823564720e7593293bab054e52d\",\"name\":\"Marcos Santos\",\"image\":{\"@type\":\"ImageObject\",\"inLanguage\":\"gl-ES\",\"@id\":\"https:\\\/\\\/secure.gravatar.com\\\/avatar\\\/0e8017099a7a47c0a9d2275e865fe326484561eb3d70649069e4b8e61a8d2e8c?s=96&d=mm&r=g\",\"url\":\"https:\\\/\\\/secure.gravatar.com\\\/avatar\\\/0e8017099a7a47c0a9d2275e865fe326484561eb3d70649069e4b8e61a8d2e8c?s=96&d=mm&r=g\",\"contentUrl\":\"https:\\\/\\\/secure.gravatar.com\\\/avatar\\\/0e8017099a7a47c0a9d2275e865fe326484561eb3d70649069e4b8e61a8d2e8c?s=96&d=mm&r=g\",\"caption\":\"Marcos Santos\"},\"sameAs\":[\"http:\\\/\\\/anovapeneira.gal\"],\"url\":\"https:\\\/\\\/www.anovapeneira.gal\\\/index.php\\\/author\\\/marcos-santos\\\/\"}]}<\/script>\n<!-- \/ Yoast SEO plugin. -->","yoast_head_json":{"title":"O CD Cesantes pode con todo: os equipos rivais e o lamentable estado do seu terreo de xogo -","robots":{"index":"index","follow":"follow","max-snippet":"max-snippet:-1","max-image-preview":"max-image-preview:large","max-video-preview":"max-video-preview:-1"},"canonical":"https:\/\/www.anovapeneira.gal\/index.php\/2025\/12\/26\/o-cd-cesantes-pode-con-todo-os-equipos-rivais-e-o-lamentable-estado-do-seu-terreo-de-xogo\/","og_locale":"gl_ES","og_type":"article","og_title":"O CD Cesantes pode con todo: os equipos rivais e o lamentable estado do seu terreo de xogo -","og_description":"Cesantes \u00e9 unha parroquia cunha identidade propia moi marcada e unha personalidade definida. A individualidade e independencia org\u00e1nica do seu equipo \u00e9 o primeiro que reivindica con orgullo Isaac Otero, o presidente do Cesantes [...]","og_url":"https:\/\/www.anovapeneira.gal\/index.php\/2025\/12\/26\/o-cd-cesantes-pode-con-todo-os-equipos-rivais-e-o-lamentable-estado-do-seu-terreo-de-xogo\/","article_publisher":"https:\/\/www.facebook.com\/anovapeneira","article_published_time":"2025-12-26T11:00:58+00:00","og_image":[{"width":720,"height":432,"url":"https:\/\/www.anovapeneira.gal\/wp-content\/uploads\/2025\/12\/cd_cesantes.jpg","type":"image\/jpeg"}],"author":"Marcos Santos","twitter_card":"summary_large_image","twitter_creator":"@APeneira","twitter_site":"@APeneira","twitter_misc":{"Escrito por":"Marcos Santos","Tempo de lectura":"3 minutos"},"schema":{"@context":"https:\/\/schema.org","@graph":[{"@type":"Article","@id":"https:\/\/www.anovapeneira.gal\/index.php\/2025\/12\/26\/o-cd-cesantes-pode-con-todo-os-equipos-rivais-e-o-lamentable-estado-do-seu-terreo-de-xogo\/#article","isPartOf":{"@id":"https:\/\/www.anovapeneira.gal\/index.php\/2025\/12\/26\/o-cd-cesantes-pode-con-todo-os-equipos-rivais-e-o-lamentable-estado-do-seu-terreo-de-xogo\/"},"author":{"name":"Marcos Santos","@id":"https:\/\/www.anovapeneira.gal\/#\/schema\/person\/d9d84823564720e7593293bab054e52d"},"headline":"O CD Cesantes pode con todo: os equipos rivais e o lamentable estado do seu terreo de xogo","datePublished":"2025-12-26T11:00:58+00:00","mainEntityOfPage":{"@id":"https:\/\/www.anovapeneira.gal\/index.php\/2025\/12\/26\/o-cd-cesantes-pode-con-todo-os-equipos-rivais-e-o-lamentable-estado-do-seu-terreo-de-xogo\/"},"wordCount":1204,"commentCount":0,"publisher":{"@id":"https:\/\/www.anovapeneira.gal\/#organization"},"image":{"@id":"https:\/\/www.anovapeneira.gal\/index.php\/2025\/12\/26\/o-cd-cesantes-pode-con-todo-os-equipos-rivais-e-o-lamentable-estado-do-seu-terreo-de-xogo\/#primaryimage"},"thumbnailUrl":"https:\/\/www.anovapeneira.gal\/wp-content\/uploads\/2025\/12\/cd_cesantes.jpg","keywords":["Concello de Redondela"],"articleSection":["Redondela"],"inLanguage":"gl-ES","potentialAction":[{"@type":"CommentAction","name":"Comment","target":["https:\/\/www.anovapeneira.gal\/index.php\/2025\/12\/26\/o-cd-cesantes-pode-con-todo-os-equipos-rivais-e-o-lamentable-estado-do-seu-terreo-de-xogo\/#respond"]}]},{"@type":"WebPage","@id":"https:\/\/www.anovapeneira.gal\/index.php\/2025\/12\/26\/o-cd-cesantes-pode-con-todo-os-equipos-rivais-e-o-lamentable-estado-do-seu-terreo-de-xogo\/","url":"https:\/\/www.anovapeneira.gal\/index.php\/2025\/12\/26\/o-cd-cesantes-pode-con-todo-os-equipos-rivais-e-o-lamentable-estado-do-seu-terreo-de-xogo\/","name":"O CD Cesantes pode con todo: os equipos rivais e o lamentable estado do seu terreo de xogo -","isPartOf":{"@id":"https:\/\/www.anovapeneira.gal\/#website"},"primaryImageOfPage":{"@id":"https:\/\/www.anovapeneira.gal\/index.php\/2025\/12\/26\/o-cd-cesantes-pode-con-todo-os-equipos-rivais-e-o-lamentable-estado-do-seu-terreo-de-xogo\/#primaryimage"},"image":{"@id":"https:\/\/www.anovapeneira.gal\/index.php\/2025\/12\/26\/o-cd-cesantes-pode-con-todo-os-equipos-rivais-e-o-lamentable-estado-do-seu-terreo-de-xogo\/#primaryimage"},"thumbnailUrl":"https:\/\/www.anovapeneira.gal\/wp-content\/uploads\/2025\/12\/cd_cesantes.jpg","datePublished":"2025-12-26T11:00:58+00:00","breadcrumb":{"@id":"https:\/\/www.anovapeneira.gal\/index.php\/2025\/12\/26\/o-cd-cesantes-pode-con-todo-os-equipos-rivais-e-o-lamentable-estado-do-seu-terreo-de-xogo\/#breadcrumb"},"inLanguage":"gl-ES","potentialAction":[{"@type":"ReadAction","target":["https:\/\/www.anovapeneira.gal\/index.php\/2025\/12\/26\/o-cd-cesantes-pode-con-todo-os-equipos-rivais-e-o-lamentable-estado-do-seu-terreo-de-xogo\/"]}]},{"@type":"ImageObject","inLanguage":"gl-ES","@id":"https:\/\/www.anovapeneira.gal\/index.php\/2025\/12\/26\/o-cd-cesantes-pode-con-todo-os-equipos-rivais-e-o-lamentable-estado-do-seu-terreo-de-xogo\/#primaryimage","url":"https:\/\/www.anovapeneira.gal\/wp-content\/uploads\/2025\/12\/cd_cesantes.jpg","contentUrl":"https:\/\/www.anovapeneira.gal\/wp-content\/uploads\/2025\/12\/cd_cesantes.jpg","width":720,"height":432},{"@type":"BreadcrumbList","@id":"https:\/\/www.anovapeneira.gal\/index.php\/2025\/12\/26\/o-cd-cesantes-pode-con-todo-os-equipos-rivais-e-o-lamentable-estado-do-seu-terreo-de-xogo\/#breadcrumb","itemListElement":[{"@type":"ListItem","position":1,"name":"Portada","item":"https:\/\/www.anovapeneira.gal\/"},{"@type":"ListItem","position":2,"name":"O CD Cesantes pode con todo: os equipos rivais e o lamentable estado do seu terreo de xogo"}]},{"@type":"WebSite","@id":"https:\/\/www.anovapeneira.gal\/#website","url":"https:\/\/www.anovapeneira.gal\/","name":"","description":"Xornal galego de informaci\u00f3n xeral Publicaci\u00f3n mensual de novas de Galicia e en especial dos Concellos da sur da provincia de Pontevedra.","publisher":{"@id":"https:\/\/www.anovapeneira.gal\/#organization"},"potentialAction":[{"@type":"SearchAction","target":{"@type":"EntryPoint","urlTemplate":"https:\/\/www.anovapeneira.gal\/?s={search_term_string}"},"query-input":{"@type":"PropertyValueSpecification","valueRequired":true,"valueName":"search_term_string"}}],"inLanguage":"gl-ES"},{"@type":"Organization","@id":"https:\/\/www.anovapeneira.gal\/#organization","name":"A Nova Peneira","url":"https:\/\/www.anovapeneira.gal\/","logo":{"@type":"ImageObject","inLanguage":"gl-ES","@id":"https:\/\/www.anovapeneira.gal\/#\/schema\/logo\/image\/","url":"http:\/\/www.anovapeneira.gal\/wp-content\/uploads\/2019\/06\/logo_a_nova_peneira_portal_web.png","contentUrl":"http:\/\/www.anovapeneira.gal\/wp-content\/uploads\/2019\/06\/logo_a_nova_peneira_portal_web.png","width":300,"height":100,"caption":"A Nova Peneira"},"image":{"@id":"https:\/\/www.anovapeneira.gal\/#\/schema\/logo\/image\/"},"sameAs":["https:\/\/www.facebook.com\/anovapeneira","https:\/\/x.com\/APeneira"]},{"@type":"Person","@id":"https:\/\/www.anovapeneira.gal\/#\/schema\/person\/d9d84823564720e7593293bab054e52d","name":"Marcos Santos","image":{"@type":"ImageObject","inLanguage":"gl-ES","@id":"https:\/\/secure.gravatar.com\/avatar\/0e8017099a7a47c0a9d2275e865fe326484561eb3d70649069e4b8e61a8d2e8c?s=96&d=mm&r=g","url":"https:\/\/secure.gravatar.com\/avatar\/0e8017099a7a47c0a9d2275e865fe326484561eb3d70649069e4b8e61a8d2e8c?s=96&d=mm&r=g","contentUrl":"https:\/\/secure.gravatar.com\/avatar\/0e8017099a7a47c0a9d2275e865fe326484561eb3d70649069e4b8e61a8d2e8c?s=96&d=mm&r=g","caption":"Marcos Santos"},"sameAs":["http:\/\/anovapeneira.gal"],"url":"https:\/\/www.anovapeneira.gal\/index.php\/author\/marcos-santos\/"}]}},"jetpack_featured_media_url":"https:\/\/www.anovapeneira.gal\/wp-content\/uploads\/2025\/12\/cd_cesantes.jpg","_links":{"self":[{"href":"https:\/\/www.anovapeneira.gal\/index.php\/wp-json\/wp\/v2\/posts\/15128","targetHints":{"allow":["GET"]}}],"collection":[{"href":"https:\/\/www.anovapeneira.gal\/index.php\/wp-json\/wp\/v2\/posts"}],"about":[{"href":"https:\/\/www.anovapeneira.gal\/index.php\/wp-json\/wp\/v2\/types\/post"}],"author":[{"embeddable":true,"href":"https:\/\/www.anovapeneira.gal\/index.php\/wp-json\/wp\/v2\/users\/6"}],"replies":[{"embeddable":true,"href":"https:\/\/www.anovapeneira.gal\/index.php\/wp-json\/wp\/v2\/comments?post=15128"}],"version-history":[{"count":1,"href":"https:\/\/www.anovapeneira.gal\/index.php\/wp-json\/wp\/v2\/posts\/15128\/revisions"}],"predecessor-version":[{"id":15130,"href":"https:\/\/www.anovapeneira.gal\/index.php\/wp-json\/wp\/v2\/posts\/15128\/revisions\/15130"}],"wp:featuredmedia":[{"embeddable":true,"href":"https:\/\/www.anovapeneira.gal\/index.php\/wp-json\/wp\/v2\/media\/15129"}],"wp:attachment":[{"href":"https:\/\/www.anovapeneira.gal\/index.php\/wp-json\/wp\/v2\/media?parent=15128"}],"wp:term":[{"taxonomy":"category","embeddable":true,"href":"https:\/\/www.anovapeneira.gal\/index.php\/wp-json\/wp\/v2\/categories?post=15128"},{"taxonomy":"post_tag","embeddable":true,"href":"https:\/\/www.anovapeneira.gal\/index.php\/wp-json\/wp\/v2\/tags?post=15128"}],"curies":[{"name":"wp","href":"https:\/\/api.w.org\/{rel}","templated":true}]}}