{"id":15131,"date":"2025-12-29T10:00:23","date_gmt":"2025-12-29T09:00:23","guid":{"rendered":"https:\/\/www.anovapeneira.gal\/?p=15131"},"modified":"2025-12-16T09:36:45","modified_gmt":"2025-12-16T08:36:45","slug":"cousas-de-salvaterra-tabulela-versus-taboexa-as-neves","status":"publish","type":"post","link":"https:\/\/www.anovapeneira.gal\/index.php\/2025\/12\/29\/cousas-de-salvaterra-tabulela-versus-taboexa-as-neves\/","title":{"rendered":"COUSAS DE SALVATERRA. Tabulela, versus Taboexa, As Neves"},"content":{"rendered":"\n<figure class=\"wp-block-image size-full is-resized\"><img loading=\"lazy\" decoding=\"async\" width=\"190\" height=\"229\" src=\"https:\/\/www.anovapeneira.gal\/wp-content\/uploads\/2022\/08\/opinion_anton_saque.jpg\" alt=\"Ant\u00f3n Lourenzo, veci\u00f1o da Vila\" class=\"wp-image-8006\" style=\"width:97px;height:auto\"\/><figcaption class=\"wp-element-caption\">Ant\u00f3n Lourenzo, veci\u00f1o da Vila<\/figcaption><\/figure>\n\n\n\n<p>O pobo galego temos fama de emigrantes, de estar en todos os lados, mesmo na l\u00faa. O certo \u00e9 que m\u00e1is al\u00f3 de estarmos fornecendo os ex\u00e9rcitos reais por Europa adiante e por Am\u00e9rica, dende ben cedo na historia moderna a necesidade econ\u00f3mica, miseria e fame, tam\u00e9n fuxindo das guerras, (ser\u00eda interesante ver qu\u00e9 porcentaxe de galegos militaban no ex\u00e9rcito espa\u00f1ol nas guerras con Marrocos do primeiro cuarto do s\u00e9culo XX, ou antes nas de Frandes ou na pen\u00ednsula it\u00e1lica).<\/p>\n\n\n\n<p>Existe un libro interesant\u00edsimo da emigraci\u00f3n galega na Rep\u00fablica Arxentina, escrito por Alberto Rodr\u00edguez, \u201cLos Gallegos en la Argentina\u201d, son dous tomos repletos de informaci\u00f3n de xentes, galegos, que deixaron algunha pegada na historia. Dos outros, dos que non acadaron ningunha notoriedade foron lexi\u00f3n, dah\u00ed a \u201cquinta provincia galega\u201d, Bos Aires.<\/p>\n\n\n\n<p>Coma todos sabemos non s\u00f3 foi a Arxentina, foron tam\u00e9n Uruguai, Brasil, Cuba, M\u00e9xico, Venezuela, e un senf\u00edn de rep\u00fablicas centroamericanas e, c\u00f3mo non Portugal. Na literatura de investigaci\u00f3n podemos ver os milleiros de galegos construindo, por exemplo, o canal de Panam\u00e1 ou a ponte de Brooklyn en Nova York, ou en situaci\u00f3n de semi escravitude nos inxenios cubanos. Hainos que emigraron moito m\u00e1is lonxe, Australia, en menor medida.<\/p>\n\n\n\n<p>Cando o fluxo de emigrantes face as Am\u00e9ricas cesou ou afrouxou, os galegos miraron o norte, a Europa. Rematada a segunda guerra mundial, hab\u00eda que reconstruir e fornecer as f\u00e1bricas, as\u00ed ench\u00e9ronse de galegos Alema\u00f1a, B\u00e9lxica, Holanda, Luxemburgo, Franza, tam\u00e9n Suiza (lembro unha an\u00e9cdota dos anos noventa en Zurich, cando segundo me aproximaba a unha parella, ted morena, pouca estatura, \u00edan falando galego) ou aqueloutra (viaxando nun tranv\u00eda, as que aparentaban nai e filla, \u00edan falando galego, pero o dirixirse a neta fal\u00e1banlle castel\u00e1n), poder\u00eda contar moitas m\u00e1is, pero iso fica para outro momento.<\/p>\n\n\n\n<p>Na Am\u00e9rica, inda que non o falaran, ti\u00f1an pr\u00f3ximo o asunto idiom\u00e1tico. Quen m\u00e1is quen menos chapurreaba algo o castel\u00e1n ou ben entend\u00edao, xa se encargaban diso os fidalgos, os curas, os funcionarios de calquera administraci\u00f3n, os mestres, etc.,era cousa de inmersi\u00f3n ling\u00fc\u00edstica aprender r\u00e1pidamente dita lingoa. Moitos aproveitaron e aprenderon a ler e a escribir nas escolas nocturnas. Foi o xeito de superar a desvantaxe que supu\u00f1a enfrontarse na sociedade, sobre todo no mundo laboral, a outros emigrantes doutras latitudes con mellor formaci\u00f3n e\/ou educaci\u00f3n.<\/p>\n\n\n\n<p>Galegos emigraron dentro da pen\u00ednsula, e moito, primeiro foron como non, recrutados para os ex\u00e9rcitos realis (que lle pregunten o Conde de Lemos), ou para repoboaci\u00f3n de territorios no Sul, onde a\u00ednda conservan apelidos inequ\u00edvocamente galegos. Co paso do tempo non podemos esquecer aqueles galegos que ciclicamente \u00edan a Castela \u201ca tomar o sol\u201d nas seituras, a maior\u00eda volv\u00edan \u00e1 Galiza o remate, outros ficaban por al\u00e1.<\/p>\n\n\n\n<p>Co paso do tempo seguiron emigrando na procura de medios de vida, de mellor vida. Os lugares de desti\u00f1n eran o Pa\u00eds Vasco, Catalu\u00f1a e Madrid, sobre todo. Un destes emigrantes internos ch\u00e1mase Gonzalo Gil Gonz\u00e1lez, da familia dos \u201cFurelas\u201d, da parroquia de Salvaterra, concello de Salvaterra de Mi\u00f1o, actual Eurocidade Mon\u00e7\u00e3o-Salvaterra.<\/p>\n\n\n\n<p>Al\u00ed en Madrid, apoiado na familia e traballando, continuou a s\u00faa formaci\u00f3n acad\u00e9mica, (tralo paso pola Academia S. Lorenzo de Salvaterra). Acadou formaci\u00f3n universitaria, estudou na Universidade Complutense de Madrid licenci\u00e1ndose en Literatura Hisp\u00e1nica, m\u00e1is tarde acadou o Doutorado en Biblilgraf\u00eda da Literatura Hisp\u00e1nica. Foi docente na Universidade Carlos III e agora xa xubilado \u00e9 escritor. Volta ciclicamente a Galiza onde conserva casa.<\/p>\n\n\n\n<p>Entre as suas obras podemos desfrutar da novela Faladoiro (Letraeme, 2018) e o ensaio \u2013baseado na s\u00faa tese doutoral- A la luz de los prodixios: almas, demos y seres evanescentes, mitos y mundos en el Siglo de Oro (Miraguano, 2011), ampliado no artigo\u201d La caza de brujas en Arag\u00f3n: epidemia de posesiones diab\u00f3licas en el valle de Tena (National Geographic Historia).\u201d<\/p>\n\n\n\n<p>Asemade, \u00e9 autor do inventario descritivo \u201cCat\u00e1logo de pliegos sueltos de tem\u00e1tica prodigiosa\u201d (G. Gil, 2001), do estudo \u201cPliegos sueltos y g\u00e9nero de prodigios en el siglo XVII\u201d (G.Gil, 2001) e da biograf\u00eda de Alonso de Contreras, \u201cDiscurso de mi vida (aventura corsaria de un honorable capit\u00e1n)\u201d (C. de Langre, 2006).<\/p>\n\n\n\n<p>Inda que a sua obra est\u00e1 escrita integramente en castel\u00e1n, dirixida o mundo onde se move e vive, Gonzalo \u00e9 un home fondamente galego, que fala e escribe en galego, galego ademais lusista, coma el gosta decir \u201ceu son raiano minhoto\u201d. O seu \u00faltimo traballo \u201cBajo la protecci\u00f3n de Navia\u201d, da fe do que acabo de dicir, non hai m\u00e1is que ver o plano da Gallaecia en tempos de Constantino, Emperador romano, centrado en Taboexa, Batall\u00e1ns, Setados, o monte San Nomedio, as alusi\u00f3ns as illas de Ons, \u00e1 barbantesa, os Bardos, o outro tempo mui com\u00fan en Salvatrerra (Brea riba ou Brea baixo), os carballos, o centolo, Caldas de Reis, \u00e1 coroza, \u00e1 pen\u00ednsula do Morrazo, \u00f3 Fisterra, \u00e1 lareira, Ald\u00e1n, \u00e1 ra\u00ed\u00f1a Lupa, \u00e1 meda, o r\u00edo Mi\u00f1o, o Uma, \u00e1 Navia (deidade luso-galaica), o requeixo das Neves, \u00e1s illas C\u00edes, \u00e1 tr\u00e9vede, o trisquel, \u00e1 regueifa, \u00e1 xiada, etc.<\/p>\n\n\n\n<p>Esperamos que pronto se decida a agasallarnos coa versi\u00f3n galega deste magn\u00edfico traballo, que de seguro haber\u00e1 de ter \u00e9xito.<\/p>\n","protected":false},"excerpt":{"rendered":"<div class=\"mh-excerpt\"><p>O pobo galego temos fama de emigrantes, de estar en todos os lados, mesmo na l\u00faa. O certo \u00e9 que m\u00e1is al\u00f3 de estarmos fornecendo os ex\u00e9rcitos reais por Europa adiante e por Am\u00e9rica <a class=\"mh-excerpt-more\" href=\"https:\/\/www.anovapeneira.gal\/index.php\/2025\/12\/29\/cousas-de-salvaterra-tabulela-versus-taboexa-as-neves\/\" title=\"COUSAS DE SALVATERRA. Tabulela, versus Taboexa, As Neves\">[&#8230;]<\/a><\/p>\n<\/div>","protected":false},"author":1,"featured_media":15132,"comment_status":"open","ping_status":"open","sticky":false,"template":"","format":"standard","meta":{"_exactmetrics_skip_tracking":false,"_exactmetrics_sitenote_active":false,"_exactmetrics_sitenote_note":"","_exactmetrics_sitenote_category":0,"footnotes":""},"categories":[7],"tags":[1283],"class_list":{"0":"post-15131","1":"post","2":"type-post","3":"status-publish","4":"format-standard","5":"has-post-thumbnail","7":"category-artigos-de-opinion","8":"tag-concello-de-salvaterra"},"yoast_head":"<!-- This site is optimized with the Yoast SEO plugin v27.4 - https:\/\/yoast.com\/product\/yoast-seo-wordpress\/ -->\n<title>COUSAS DE SALVATERRA. Tabulela, versus Taboexa, As Neves -<\/title>\n<meta name=\"robots\" content=\"index, follow, max-snippet:-1, max-image-preview:large, max-video-preview:-1\" \/>\n<link rel=\"canonical\" href=\"https:\/\/www.anovapeneira.gal\/index.php\/2025\/12\/29\/cousas-de-salvaterra-tabulela-versus-taboexa-as-neves\/\" \/>\n<meta property=\"og:locale\" content=\"gl_ES\" \/>\n<meta property=\"og:type\" content=\"article\" \/>\n<meta property=\"og:title\" content=\"COUSAS DE SALVATERRA. Tabulela, versus Taboexa, As Neves -\" \/>\n<meta property=\"og:description\" content=\"O pobo galego temos fama de emigrantes, de estar en todos os lados, mesmo na l\u00faa. O certo \u00e9 que m\u00e1is al\u00f3 de estarmos fornecendo os ex\u00e9rcitos reais por Europa adiante e por Am\u00e9rica [...]\" \/>\n<meta property=\"og:url\" content=\"https:\/\/www.anovapeneira.gal\/index.php\/2025\/12\/29\/cousas-de-salvaterra-tabulela-versus-taboexa-as-neves\/\" \/>\n<meta property=\"article:publisher\" content=\"https:\/\/www.facebook.com\/anovapeneira\" \/>\n<meta property=\"article:author\" content=\"https:\/\/www.facebook.com\/anovapeneira\/\" \/>\n<meta property=\"article:published_time\" content=\"2025-12-29T09:00:23+00:00\" \/>\n<meta property=\"og:image\" content=\"https:\/\/www.anovapeneira.gal\/wp-content\/uploads\/2025\/12\/saque_salvaterra.png\" \/>\n\t<meta property=\"og:image:width\" content=\"720\" \/>\n\t<meta property=\"og:image:height\" content=\"432\" \/>\n\t<meta property=\"og:image:type\" content=\"image\/png\" \/>\n<meta name=\"author\" content=\"admin\" \/>\n<meta name=\"twitter:card\" content=\"summary_large_image\" \/>\n<meta name=\"twitter:creator\" content=\"@APeneira\" \/>\n<meta name=\"twitter:site\" content=\"@APeneira\" \/>\n<meta name=\"twitter:label1\" content=\"Escrito por\" \/>\n\t<meta name=\"twitter:data1\" content=\"admin\" \/>\n\t<meta name=\"twitter:label2\" content=\"Tempo de lectura\" \/>\n\t<meta name=\"twitter:data2\" content=\"6 minutos\" \/>\n<script type=\"application\/ld+json\" class=\"yoast-schema-graph\">{\"@context\":\"https:\\\/\\\/schema.org\",\"@graph\":[{\"@type\":\"Article\",\"@id\":\"https:\\\/\\\/www.anovapeneira.gal\\\/index.php\\\/2025\\\/12\\\/29\\\/cousas-de-salvaterra-tabulela-versus-taboexa-as-neves\\\/#article\",\"isPartOf\":{\"@id\":\"https:\\\/\\\/www.anovapeneira.gal\\\/index.php\\\/2025\\\/12\\\/29\\\/cousas-de-salvaterra-tabulela-versus-taboexa-as-neves\\\/\"},\"author\":{\"name\":\"admin\",\"@id\":\"https:\\\/\\\/www.anovapeneira.gal\\\/#\\\/schema\\\/person\\\/fb77575328c93684dae4b0075f90c2cb\"},\"headline\":\"COUSAS DE SALVATERRA. Tabulela, versus Taboexa, As Neves\",\"datePublished\":\"2025-12-29T09:00:23+00:00\",\"mainEntityOfPage\":{\"@id\":\"https:\\\/\\\/www.anovapeneira.gal\\\/index.php\\\/2025\\\/12\\\/29\\\/cousas-de-salvaterra-tabulela-versus-taboexa-as-neves\\\/\"},\"wordCount\":941,\"commentCount\":0,\"publisher\":{\"@id\":\"https:\\\/\\\/www.anovapeneira.gal\\\/#organization\"},\"image\":{\"@id\":\"https:\\\/\\\/www.anovapeneira.gal\\\/index.php\\\/2025\\\/12\\\/29\\\/cousas-de-salvaterra-tabulela-versus-taboexa-as-neves\\\/#primaryimage\"},\"thumbnailUrl\":\"https:\\\/\\\/www.anovapeneira.gal\\\/wp-content\\\/uploads\\\/2025\\\/12\\\/saque_salvaterra.png\",\"keywords\":[\"Concello de Salvaterra\"],\"articleSection\":[\"Artigos de opini\u00f3n\"],\"inLanguage\":\"gl-ES\",\"potentialAction\":[{\"@type\":\"CommentAction\",\"name\":\"Comment\",\"target\":[\"https:\\\/\\\/www.anovapeneira.gal\\\/index.php\\\/2025\\\/12\\\/29\\\/cousas-de-salvaterra-tabulela-versus-taboexa-as-neves\\\/#respond\"]}]},{\"@type\":\"WebPage\",\"@id\":\"https:\\\/\\\/www.anovapeneira.gal\\\/index.php\\\/2025\\\/12\\\/29\\\/cousas-de-salvaterra-tabulela-versus-taboexa-as-neves\\\/\",\"url\":\"https:\\\/\\\/www.anovapeneira.gal\\\/index.php\\\/2025\\\/12\\\/29\\\/cousas-de-salvaterra-tabulela-versus-taboexa-as-neves\\\/\",\"name\":\"COUSAS DE SALVATERRA. Tabulela, versus Taboexa, As Neves -\",\"isPartOf\":{\"@id\":\"https:\\\/\\\/www.anovapeneira.gal\\\/#website\"},\"primaryImageOfPage\":{\"@id\":\"https:\\\/\\\/www.anovapeneira.gal\\\/index.php\\\/2025\\\/12\\\/29\\\/cousas-de-salvaterra-tabulela-versus-taboexa-as-neves\\\/#primaryimage\"},\"image\":{\"@id\":\"https:\\\/\\\/www.anovapeneira.gal\\\/index.php\\\/2025\\\/12\\\/29\\\/cousas-de-salvaterra-tabulela-versus-taboexa-as-neves\\\/#primaryimage\"},\"thumbnailUrl\":\"https:\\\/\\\/www.anovapeneira.gal\\\/wp-content\\\/uploads\\\/2025\\\/12\\\/saque_salvaterra.png\",\"datePublished\":\"2025-12-29T09:00:23+00:00\",\"breadcrumb\":{\"@id\":\"https:\\\/\\\/www.anovapeneira.gal\\\/index.php\\\/2025\\\/12\\\/29\\\/cousas-de-salvaterra-tabulela-versus-taboexa-as-neves\\\/#breadcrumb\"},\"inLanguage\":\"gl-ES\",\"potentialAction\":[{\"@type\":\"ReadAction\",\"target\":[\"https:\\\/\\\/www.anovapeneira.gal\\\/index.php\\\/2025\\\/12\\\/29\\\/cousas-de-salvaterra-tabulela-versus-taboexa-as-neves\\\/\"]}]},{\"@type\":\"ImageObject\",\"inLanguage\":\"gl-ES\",\"@id\":\"https:\\\/\\\/www.anovapeneira.gal\\\/index.php\\\/2025\\\/12\\\/29\\\/cousas-de-salvaterra-tabulela-versus-taboexa-as-neves\\\/#primaryimage\",\"url\":\"https:\\\/\\\/www.anovapeneira.gal\\\/wp-content\\\/uploads\\\/2025\\\/12\\\/saque_salvaterra.png\",\"contentUrl\":\"https:\\\/\\\/www.anovapeneira.gal\\\/wp-content\\\/uploads\\\/2025\\\/12\\\/saque_salvaterra.png\",\"width\":720,\"height\":432},{\"@type\":\"BreadcrumbList\",\"@id\":\"https:\\\/\\\/www.anovapeneira.gal\\\/index.php\\\/2025\\\/12\\\/29\\\/cousas-de-salvaterra-tabulela-versus-taboexa-as-neves\\\/#breadcrumb\",\"itemListElement\":[{\"@type\":\"ListItem\",\"position\":1,\"name\":\"Portada\",\"item\":\"https:\\\/\\\/www.anovapeneira.gal\\\/\"},{\"@type\":\"ListItem\",\"position\":2,\"name\":\"COUSAS DE SALVATERRA. Tabulela, versus Taboexa, As Neves\"}]},{\"@type\":\"WebSite\",\"@id\":\"https:\\\/\\\/www.anovapeneira.gal\\\/#website\",\"url\":\"https:\\\/\\\/www.anovapeneira.gal\\\/\",\"name\":\"\",\"description\":\"Xornal galego de informaci\u00f3n xeral Publicaci\u00f3n mensual de novas de Galicia e en especial dos Concellos da sur da provincia de Pontevedra.\",\"publisher\":{\"@id\":\"https:\\\/\\\/www.anovapeneira.gal\\\/#organization\"},\"potentialAction\":[{\"@type\":\"SearchAction\",\"target\":{\"@type\":\"EntryPoint\",\"urlTemplate\":\"https:\\\/\\\/www.anovapeneira.gal\\\/?s={search_term_string}\"},\"query-input\":{\"@type\":\"PropertyValueSpecification\",\"valueRequired\":true,\"valueName\":\"search_term_string\"}}],\"inLanguage\":\"gl-ES\"},{\"@type\":\"Organization\",\"@id\":\"https:\\\/\\\/www.anovapeneira.gal\\\/#organization\",\"name\":\"A Nova Peneira\",\"url\":\"https:\\\/\\\/www.anovapeneira.gal\\\/\",\"logo\":{\"@type\":\"ImageObject\",\"inLanguage\":\"gl-ES\",\"@id\":\"https:\\\/\\\/www.anovapeneira.gal\\\/#\\\/schema\\\/logo\\\/image\\\/\",\"url\":\"http:\\\/\\\/www.anovapeneira.gal\\\/wp-content\\\/uploads\\\/2019\\\/06\\\/logo_a_nova_peneira_portal_web.png\",\"contentUrl\":\"http:\\\/\\\/www.anovapeneira.gal\\\/wp-content\\\/uploads\\\/2019\\\/06\\\/logo_a_nova_peneira_portal_web.png\",\"width\":300,\"height\":100,\"caption\":\"A Nova Peneira\"},\"image\":{\"@id\":\"https:\\\/\\\/www.anovapeneira.gal\\\/#\\\/schema\\\/logo\\\/image\\\/\"},\"sameAs\":[\"https:\\\/\\\/www.facebook.com\\\/anovapeneira\",\"https:\\\/\\\/x.com\\\/APeneira\"]},{\"@type\":\"Person\",\"@id\":\"https:\\\/\\\/www.anovapeneira.gal\\\/#\\\/schema\\\/person\\\/fb77575328c93684dae4b0075f90c2cb\",\"name\":\"admin\",\"image\":{\"@type\":\"ImageObject\",\"inLanguage\":\"gl-ES\",\"@id\":\"https:\\\/\\\/secure.gravatar.com\\\/avatar\\\/df15c36ce375448325e0bc870e91bbee95947a002eb98dcfd6c2b053e18843e9?s=96&d=mm&r=g\",\"url\":\"https:\\\/\\\/secure.gravatar.com\\\/avatar\\\/df15c36ce375448325e0bc870e91bbee95947a002eb98dcfd6c2b053e18843e9?s=96&d=mm&r=g\",\"contentUrl\":\"https:\\\/\\\/secure.gravatar.com\\\/avatar\\\/df15c36ce375448325e0bc870e91bbee95947a002eb98dcfd6c2b053e18843e9?s=96&d=mm&r=g\",\"caption\":\"admin\"},\"description\":\"Xornal galego de informaci\u00f3n xeral Publicaci\u00f3n mensual de novas de Galicia e en especial dos Concellos da sur da provincia de Pontevedra.\",\"sameAs\":[\"http:\\\/\\\/www.anovapeneira.gal\\\/\",\"https:\\\/\\\/www.facebook.com\\\/anovapeneira\\\/\"],\"url\":\"https:\\\/\\\/www.anovapeneira.gal\\\/index.php\\\/author\\\/admin\\\/\"}]}<\/script>\n<!-- \/ Yoast SEO plugin. -->","yoast_head_json":{"title":"COUSAS DE SALVATERRA. Tabulela, versus Taboexa, As Neves -","robots":{"index":"index","follow":"follow","max-snippet":"max-snippet:-1","max-image-preview":"max-image-preview:large","max-video-preview":"max-video-preview:-1"},"canonical":"https:\/\/www.anovapeneira.gal\/index.php\/2025\/12\/29\/cousas-de-salvaterra-tabulela-versus-taboexa-as-neves\/","og_locale":"gl_ES","og_type":"article","og_title":"COUSAS DE SALVATERRA. Tabulela, versus Taboexa, As Neves -","og_description":"O pobo galego temos fama de emigrantes, de estar en todos os lados, mesmo na l\u00faa. O certo \u00e9 que m\u00e1is al\u00f3 de estarmos fornecendo os ex\u00e9rcitos reais por Europa adiante e por Am\u00e9rica [...]","og_url":"https:\/\/www.anovapeneira.gal\/index.php\/2025\/12\/29\/cousas-de-salvaterra-tabulela-versus-taboexa-as-neves\/","article_publisher":"https:\/\/www.facebook.com\/anovapeneira","article_author":"https:\/\/www.facebook.com\/anovapeneira\/","article_published_time":"2025-12-29T09:00:23+00:00","og_image":[{"width":720,"height":432,"url":"https:\/\/www.anovapeneira.gal\/wp-content\/uploads\/2025\/12\/saque_salvaterra.png","type":"image\/png"}],"author":"admin","twitter_card":"summary_large_image","twitter_creator":"@APeneira","twitter_site":"@APeneira","twitter_misc":{"Escrito por":"admin","Tempo de lectura":"6 minutos"},"schema":{"@context":"https:\/\/schema.org","@graph":[{"@type":"Article","@id":"https:\/\/www.anovapeneira.gal\/index.php\/2025\/12\/29\/cousas-de-salvaterra-tabulela-versus-taboexa-as-neves\/#article","isPartOf":{"@id":"https:\/\/www.anovapeneira.gal\/index.php\/2025\/12\/29\/cousas-de-salvaterra-tabulela-versus-taboexa-as-neves\/"},"author":{"name":"admin","@id":"https:\/\/www.anovapeneira.gal\/#\/schema\/person\/fb77575328c93684dae4b0075f90c2cb"},"headline":"COUSAS DE SALVATERRA. Tabulela, versus Taboexa, As Neves","datePublished":"2025-12-29T09:00:23+00:00","mainEntityOfPage":{"@id":"https:\/\/www.anovapeneira.gal\/index.php\/2025\/12\/29\/cousas-de-salvaterra-tabulela-versus-taboexa-as-neves\/"},"wordCount":941,"commentCount":0,"publisher":{"@id":"https:\/\/www.anovapeneira.gal\/#organization"},"image":{"@id":"https:\/\/www.anovapeneira.gal\/index.php\/2025\/12\/29\/cousas-de-salvaterra-tabulela-versus-taboexa-as-neves\/#primaryimage"},"thumbnailUrl":"https:\/\/www.anovapeneira.gal\/wp-content\/uploads\/2025\/12\/saque_salvaterra.png","keywords":["Concello de Salvaterra"],"articleSection":["Artigos de opini\u00f3n"],"inLanguage":"gl-ES","potentialAction":[{"@type":"CommentAction","name":"Comment","target":["https:\/\/www.anovapeneira.gal\/index.php\/2025\/12\/29\/cousas-de-salvaterra-tabulela-versus-taboexa-as-neves\/#respond"]}]},{"@type":"WebPage","@id":"https:\/\/www.anovapeneira.gal\/index.php\/2025\/12\/29\/cousas-de-salvaterra-tabulela-versus-taboexa-as-neves\/","url":"https:\/\/www.anovapeneira.gal\/index.php\/2025\/12\/29\/cousas-de-salvaterra-tabulela-versus-taboexa-as-neves\/","name":"COUSAS DE SALVATERRA. Tabulela, versus Taboexa, As Neves -","isPartOf":{"@id":"https:\/\/www.anovapeneira.gal\/#website"},"primaryImageOfPage":{"@id":"https:\/\/www.anovapeneira.gal\/index.php\/2025\/12\/29\/cousas-de-salvaterra-tabulela-versus-taboexa-as-neves\/#primaryimage"},"image":{"@id":"https:\/\/www.anovapeneira.gal\/index.php\/2025\/12\/29\/cousas-de-salvaterra-tabulela-versus-taboexa-as-neves\/#primaryimage"},"thumbnailUrl":"https:\/\/www.anovapeneira.gal\/wp-content\/uploads\/2025\/12\/saque_salvaterra.png","datePublished":"2025-12-29T09:00:23+00:00","breadcrumb":{"@id":"https:\/\/www.anovapeneira.gal\/index.php\/2025\/12\/29\/cousas-de-salvaterra-tabulela-versus-taboexa-as-neves\/#breadcrumb"},"inLanguage":"gl-ES","potentialAction":[{"@type":"ReadAction","target":["https:\/\/www.anovapeneira.gal\/index.php\/2025\/12\/29\/cousas-de-salvaterra-tabulela-versus-taboexa-as-neves\/"]}]},{"@type":"ImageObject","inLanguage":"gl-ES","@id":"https:\/\/www.anovapeneira.gal\/index.php\/2025\/12\/29\/cousas-de-salvaterra-tabulela-versus-taboexa-as-neves\/#primaryimage","url":"https:\/\/www.anovapeneira.gal\/wp-content\/uploads\/2025\/12\/saque_salvaterra.png","contentUrl":"https:\/\/www.anovapeneira.gal\/wp-content\/uploads\/2025\/12\/saque_salvaterra.png","width":720,"height":432},{"@type":"BreadcrumbList","@id":"https:\/\/www.anovapeneira.gal\/index.php\/2025\/12\/29\/cousas-de-salvaterra-tabulela-versus-taboexa-as-neves\/#breadcrumb","itemListElement":[{"@type":"ListItem","position":1,"name":"Portada","item":"https:\/\/www.anovapeneira.gal\/"},{"@type":"ListItem","position":2,"name":"COUSAS DE SALVATERRA. Tabulela, versus Taboexa, As Neves"}]},{"@type":"WebSite","@id":"https:\/\/www.anovapeneira.gal\/#website","url":"https:\/\/www.anovapeneira.gal\/","name":"","description":"Xornal galego de informaci\u00f3n xeral Publicaci\u00f3n mensual de novas de Galicia e en especial dos Concellos da sur da provincia de Pontevedra.","publisher":{"@id":"https:\/\/www.anovapeneira.gal\/#organization"},"potentialAction":[{"@type":"SearchAction","target":{"@type":"EntryPoint","urlTemplate":"https:\/\/www.anovapeneira.gal\/?s={search_term_string}"},"query-input":{"@type":"PropertyValueSpecification","valueRequired":true,"valueName":"search_term_string"}}],"inLanguage":"gl-ES"},{"@type":"Organization","@id":"https:\/\/www.anovapeneira.gal\/#organization","name":"A Nova Peneira","url":"https:\/\/www.anovapeneira.gal\/","logo":{"@type":"ImageObject","inLanguage":"gl-ES","@id":"https:\/\/www.anovapeneira.gal\/#\/schema\/logo\/image\/","url":"http:\/\/www.anovapeneira.gal\/wp-content\/uploads\/2019\/06\/logo_a_nova_peneira_portal_web.png","contentUrl":"http:\/\/www.anovapeneira.gal\/wp-content\/uploads\/2019\/06\/logo_a_nova_peneira_portal_web.png","width":300,"height":100,"caption":"A Nova Peneira"},"image":{"@id":"https:\/\/www.anovapeneira.gal\/#\/schema\/logo\/image\/"},"sameAs":["https:\/\/www.facebook.com\/anovapeneira","https:\/\/x.com\/APeneira"]},{"@type":"Person","@id":"https:\/\/www.anovapeneira.gal\/#\/schema\/person\/fb77575328c93684dae4b0075f90c2cb","name":"admin","image":{"@type":"ImageObject","inLanguage":"gl-ES","@id":"https:\/\/secure.gravatar.com\/avatar\/df15c36ce375448325e0bc870e91bbee95947a002eb98dcfd6c2b053e18843e9?s=96&d=mm&r=g","url":"https:\/\/secure.gravatar.com\/avatar\/df15c36ce375448325e0bc870e91bbee95947a002eb98dcfd6c2b053e18843e9?s=96&d=mm&r=g","contentUrl":"https:\/\/secure.gravatar.com\/avatar\/df15c36ce375448325e0bc870e91bbee95947a002eb98dcfd6c2b053e18843e9?s=96&d=mm&r=g","caption":"admin"},"description":"Xornal galego de informaci\u00f3n xeral Publicaci\u00f3n mensual de novas de Galicia e en especial dos Concellos da sur da provincia de Pontevedra.","sameAs":["http:\/\/www.anovapeneira.gal\/","https:\/\/www.facebook.com\/anovapeneira\/"],"url":"https:\/\/www.anovapeneira.gal\/index.php\/author\/admin\/"}]}},"jetpack_featured_media_url":"https:\/\/www.anovapeneira.gal\/wp-content\/uploads\/2025\/12\/saque_salvaterra.png","_links":{"self":[{"href":"https:\/\/www.anovapeneira.gal\/index.php\/wp-json\/wp\/v2\/posts\/15131","targetHints":{"allow":["GET"]}}],"collection":[{"href":"https:\/\/www.anovapeneira.gal\/index.php\/wp-json\/wp\/v2\/posts"}],"about":[{"href":"https:\/\/www.anovapeneira.gal\/index.php\/wp-json\/wp\/v2\/types\/post"}],"author":[{"embeddable":true,"href":"https:\/\/www.anovapeneira.gal\/index.php\/wp-json\/wp\/v2\/users\/1"}],"replies":[{"embeddable":true,"href":"https:\/\/www.anovapeneira.gal\/index.php\/wp-json\/wp\/v2\/comments?post=15131"}],"version-history":[{"count":1,"href":"https:\/\/www.anovapeneira.gal\/index.php\/wp-json\/wp\/v2\/posts\/15131\/revisions"}],"predecessor-version":[{"id":15133,"href":"https:\/\/www.anovapeneira.gal\/index.php\/wp-json\/wp\/v2\/posts\/15131\/revisions\/15133"}],"wp:featuredmedia":[{"embeddable":true,"href":"https:\/\/www.anovapeneira.gal\/index.php\/wp-json\/wp\/v2\/media\/15132"}],"wp:attachment":[{"href":"https:\/\/www.anovapeneira.gal\/index.php\/wp-json\/wp\/v2\/media?parent=15131"}],"wp:term":[{"taxonomy":"category","embeddable":true,"href":"https:\/\/www.anovapeneira.gal\/index.php\/wp-json\/wp\/v2\/categories?post=15131"},{"taxonomy":"post_tag","embeddable":true,"href":"https:\/\/www.anovapeneira.gal\/index.php\/wp-json\/wp\/v2\/tags?post=15131"}],"curies":[{"name":"wp","href":"https:\/\/api.w.org\/{rel}","templated":true}]}}