{"id":15135,"date":"2025-12-29T12:00:02","date_gmt":"2025-12-29T11:00:02","guid":{"rendered":"https:\/\/www.anovapeneira.gal\/?p=15135"},"modified":"2025-12-22T11:52:24","modified_gmt":"2025-12-22T10:52:24","slug":"fatima-rodriguez-voceira-psoe-a-guarda","status":"publish","type":"post","link":"https:\/\/www.anovapeneira.gal\/index.php\/2025\/12\/29\/fatima-rodriguez-voceira-psoe-a-guarda\/","title":{"rendered":"F\u00e1tima Rodr\u00edguez voceira PSOE A Guarda"},"content":{"rendered":"\n<p><strong>Rematamos o ano no Baixo Mi\u00f1o conversando coa voceira do PSOE na Guarda F\u00e1tima Rodr\u00edguez. F\u00e1tima am\u00f3sase moi cr\u00edtica coa xesti\u00f3n deste goberno de coalici\u00f3n dun alcalde do PP, que se fai fotos cari\u00f1osas con Santiago Abascal, cun concelleiro supostamente comunista. Amosouse tam\u00e9n especialmente ilusionada en que o seu traballo de oposici\u00f3n poida chegar ao coraz\u00f3n da maior\u00eda social do pobo da Guarda e poder recuperar o goberno nas vindeiras elecci\u00f3ns municipais de maio do 2027.Vela\u00ed vai o que deu de si a nosa conversa<\/strong><\/p>\n\n\n\n<h2 class=\"wp-block-heading\">\u201c <strong>O goberno da Guarda est\u00e1 paralizado, \u00e9 incapaz e ten moi poucas ga\u00f1as de traballar\u201d<\/strong><\/h2>\n\n\n\n<p><strong>Xa estamos case en ano preelectoral. Cal \u00e9 a valoraci\u00f3n pol\u00edtica do teu grupo municipal de como se est\u00e1 desenvolvendo este mandato?.<\/strong><\/p>\n\n\n\n<blockquote class=\"wp-block-quote is-layout-flow wp-block-quote-is-layout-flow\">\n<p>Valor\u00e1molo moi negativamente. O actual goberno de A Guarda , un goberno de coalici\u00f3n entre o PP e o se\u00f1or Fari\u00f1as, \u00e9 un goberno paralizado, incapaz, con moi poucas ga\u00f1as de traballar e cun importante toque e caciquismo.<\/p>\n<\/blockquote>\n\n\n\n<p><strong>Dir\u00edas que \u00e9 un exemplo dos gobernos nepotistas da dereita de toda a vida?<\/strong><\/p>\n\n\n\n<blockquote class=\"wp-block-quote is-layout-flow wp-block-quote-is-layout-flow\">\n<p>Si, si que o \u00e9. O nepotismo est\u00e1 no ADN da dereita e por desgraza a dereita guardesa amosa, coa s\u00faa forma de practicar a pol\u00edtica, que non \u00e9 ningunha excepci\u00f3n. En calquera administraci\u00f3n decente os cartos p\u00fablicos deben de ser administrados de maneira ecu\u00e1nime en busca do ben com\u00fan. Non se pode tratar de maneira diferente a persoas e colectivos en funci\u00f3n de se son identificados como amigos ou como non amigos. Desde logo que o PSdeG de A Guarda se compromete , se a maior\u00eda social guardesa nos distingue coa s\u00faa confianza, a administrar de forma moi diferente ao actual goberno: A xustiza social, a equidade e a transparencia deben de estar sempre por riba do interese partidista.<\/p>\n<\/blockquote>\n\n\n\n<p><strong>Pouco despois de chegar \u00e1 alcald\u00eda Roberto Carrero acusou ao anterior goberno do PSdeG de deixar as finanzas do Concello nun estado lamentable. O paso do tempo amosou que esa acusaci\u00f3n era falsa ou certa?<\/strong><\/p>\n\n\n\n<blockquote class=\"wp-block-quote is-layout-flow wp-block-quote-is-layout-flow\">\n<p>O tempo amosou que esa era unha mentira estratosf\u00e9rica. N\u00f3s deixamos o goberno no 2023.A conta xeral dese ano demostra que a finais de decembro do 23 hab\u00eda m\u00e1is de 3 mill\u00f3ns de\u20ac de saldo bancario. Os datos matan o relato, sobre todo un relato tan falso como ese.<\/p>\n<\/blockquote>\n\n\n\n<p><strong>Onde quedaron os famosos v\u00eddeos de Carrero, cando era oposici\u00f3n, nos que denunciaba o suposto estado lamentable da Guarda?<\/strong><\/p>\n\n\n\n<blockquote class=\"wp-block-quote is-layout-flow wp-block-quote-is-layout-flow\">\n<p>Quedaron no mesmo sitio que todas as s\u00faas promesas: No mundo da propaganda. Para calquera observador imparcial \u00e9 m\u00e1is que evidente que A Guarda est\u00e1 infinitamente peor agora que na etapa do goberno socialista.<\/p>\n<\/blockquote>\n\n\n\n<blockquote class=\"wp-block-quote is-layout-flow wp-block-quote-is-layout-flow\">\n<p>O goberno vai como un polo sen cabeza: en funci\u00f3n das denuncias recibidas sobre o mal estado de calquera lugar pois trata de arranxar, pero carece de previsi\u00f3n e dun plan de actuaci\u00f3n regular nas r\u00faas e nos cami\u00f1os do noso Concello.<\/p>\n<\/blockquote>\n\n\n\n<p><strong>Nalgunha conversa anterior, que temos tido ti e eu, manifest\u00e1rasme que este goberno carece de modelo de vila, por conseguinte tampouco ten nin plans nin dese\u00f1os de traballo, e que se limita a ir xestionando o d\u00eda a d\u00eda como pode. Segues pensando o mesmo?<\/strong><\/p>\n\n\n\n<blockquote class=\"wp-block-quote is-layout-flow wp-block-quote-is-layout-flow\">\n<p>Si, por desgraza, sigo pensando o mesmo. Este goberno non sabe a onde vai e por conseguinte carece de cami\u00f1o marcado. O \u00fanico proxecto propio que levaron a cabo foi p\u00f3rlle piche a F\u00ednola. Todos os demais son proxectos socialistas herdados.<\/p>\n<\/blockquote>\n\n\n\n<p><strong>A subvenci\u00f3n de arredor de 1,5 mill\u00f3ns de \u20ac para a reforma da piscina pode perderse?<\/strong><\/p>\n\n\n\n<blockquote class=\"wp-block-quote is-layout-flow wp-block-quote-is-layout-flow\">\n<p>Agardo que non, pero si, si que pode perderse. E se se perde s\u00f3 \u00e9 por desleixo e incapacidade do equipo de goberno. O per\u00edodo de xustificaci\u00f3n remata en marzo do 26.\u00c9 unha obra de 9-10 meses e a d\u00eda de hoxe, 15 de decembro, non sei se comezaron, pero se o fixeron foi desde hai moi pouco tempo. Os socialistas de A Guarda estamos traballando co delegado do goberno, Abel Losada, para que concedan unha pr\u00f3rroga ao noso Concello. Como antes mencionei: para n\u00f3s o ben com\u00fan est\u00e1 por riba do interese partidista.<\/p>\n<\/blockquote>\n\n\n\n<p><strong>A subvenci\u00f3n quen a conseguira?<\/strong><\/p>\n\n\n\n<blockquote class=\"wp-block-quote is-layout-flow wp-block-quote-is-layout-flow\">\n<p>O goberno socialista.<\/p>\n<\/blockquote>\n\n\n\n<p><strong>Sobre a conexi\u00f3n por transbordador con Caminha este goberno fixo algo?<\/strong><\/p>\n\n\n\n<blockquote class=\"wp-block-quote is-layout-flow wp-block-quote-is-layout-flow\">\n<p>Non me consta. Non parece que este asunto lle preocupe moito ao noso alcalde.<\/p>\n<\/blockquote>\n\n\n\n<p><strong>En relaci\u00f3n \u00e1 sa\u00edda sur?<\/strong><\/p>\n\n\n\n<blockquote class=\"wp-block-quote is-layout-flow wp-block-quote-is-layout-flow\">\n<p>A resposta \u00e9 a mesma que a anterior: Nin est\u00e1 nin se lle espera. Temo que estas d\u00faas cuesti\u00f3ns esenciais para o noso Concello non est\u00e1n entre as prioridades do actual goberno.<\/p>\n<\/blockquote>\n\n\n\n<p><strong>Sobre a transparencia so goberno que nos dis?<\/strong><\/p>\n\n\n\n<blockquote class=\"wp-block-quote is-layout-flow wp-block-quote-is-layout-flow\">\n<p>O goberno s\u00f3 nos d\u00e1 informaci\u00f3n cando lla pedimos. Nunca contan con n\u00f3s para consensuar nada, e nunca nos piden opini\u00f3n para nada.<\/p>\n<\/blockquote>\n\n\n\n<p><strong>A semana pasada tirastes unha nota de prensa na que faciades menci\u00f3n a catro iniciativas vosas que foron aprobadas por unanimidade. Houbo d\u00faas nas que o voto favorable do PP me chamou especialmente a atenci\u00f3n:1) Sobre cuesti\u00f3n do transporte : Ves posible que o voto favorable do PP pase do plano puramente te\u00f3rico?<\/strong><\/p>\n\n\n\n<blockquote class=\"wp-block-quote is-layout-flow wp-block-quote-is-layout-flow\">\n<p>A min tam\u00e9n me sorprendeu o seu voto favorable. Normalmente votan en contra das nosas moci\u00f3ns. E en efecto vexo dif\u00edcil que o seu voto favorable te\u00f1a algunha consecuencia no plano da realidade, pero un acordo plenario un\u00e1nime que pida a mellora do transporte na nosa comarca \u00e9 moi importante.<\/p>\n<\/blockquote>\n\n\n\n<p>2<strong>) Sobre as subvenci\u00f3ns: P<\/strong><strong>a<\/strong><strong>r\u00e9ceme asombroso que sexa necesario votar en pleno que as subvenci\u00f3ns municipais se convoquen no primeiro semestre do ano. Como \u00e9 posible convocalas m\u00e1is tarde?<\/strong><\/p>\n\n\n\n<blockquote class=\"wp-block-quote is-layout-flow wp-block-quote-is-layout-flow\">\n<p>\u00c9 posible porque este goberno, como antes mencionei, \u00e9 un goberno paralizado, incapaz e con moi poucas ga\u00f1as de traballar. E ademais de ser posible \u00e9 terrible. Hai moitos colectivos moi importantes para o noso pobo que dependen das subvenci\u00f3ns do Concello para poder traballar. En que cabeza cabe convocar as subvenci\u00f3ns do 25 a finais do 25\u00a1\u00a1<\/p>\n<\/blockquote>\n\n\n\n<p><strong>Que pulsi\u00f3n notas nas r\u00faas de A Guarda sobre a valoraci\u00f3n pol\u00edtica deste goberno?<\/strong><\/p>\n\n\n\n<blockquote class=\"wp-block-quote is-layout-flow wp-block-quote-is-layout-flow\">\n<p>Estou convencida de que a dereita vai perder o goberno . O que vexo pola r\u00faa \u00e9 que a maior\u00eda da xente est\u00e1 cansa do desleixo, da incapacidade e do nepotismo de este alcalde e do seu equipo. As e os socialistas de A Guarda traballamos con moita ilusi\u00f3n, e tam\u00e9n con moita humildade, para recuperar a confianza da maior\u00eda social do noso pobo. Estou segura de que un goberno progresista liderado polo PSdeG \u00e9 a mellor alternativa posible para o futuro de A Guarda.<\/p>\n<\/blockquote>\n\n\n\n<p><strong>F\u00e1tima; como muller como feminista e como socialista consideras que a executiva do PSdeG reaccionou de maneira adecuada cando se co\u00f1eceron os presuntos actos de acoso sexual do presidente da Deputaci\u00f3n de Lugo?<\/strong><\/p>\n\n\n\n<blockquote class=\"wp-block-quote is-layout-flow wp-block-quote-is-layout-flow\">\n<p>Eu como muller, como feminista e como militante socialista reclamo a todos os partidos, especialmente ao meu partido, a m\u00e1xima contundencia e dilixencia contra o acoso sexual e contra calquera forma de machismo, te\u00f1a o custe pol\u00edtico que te\u00f1a e caia quen caia. Neste caso concreto polo que me preguntas agardaba que a reacci\u00f3n da executiva do meu partido fose m\u00e1is r\u00e1pida do que o foi.<\/p>\n<\/blockquote>\n","protected":false},"excerpt":{"rendered":"<div class=\"mh-excerpt\"><p>Rematamos o ano no Baixo Mi\u00f1o conversando coa voceira do PSOE na Guarda F\u00e1tima Rodr\u00edguez <a class=\"mh-excerpt-more\" href=\"https:\/\/www.anovapeneira.gal\/index.php\/2025\/12\/29\/fatima-rodriguez-voceira-psoe-a-guarda\/\" title=\"F\u00e1tima Rodr\u00edguez voceira PSOE A Guarda\">[&#8230;]<\/a><\/p>\n<\/div>","protected":false},"author":2,"featured_media":11935,"comment_status":"open","ping_status":"open","sticky":false,"template":"","format":"standard","meta":{"_exactmetrics_skip_tracking":false,"_exactmetrics_sitenote_active":false,"_exactmetrics_sitenote_note":"","_exactmetrics_sitenote_category":0,"footnotes":""},"categories":[266],"tags":[1402],"class_list":{"0":"post-15135","1":"post","2":"type-post","3":"status-publish","4":"format-standard","5":"has-post-thumbnail","7":"category-baixo-mino-entrevistas","8":"tag-concello-a-guarda"},"yoast_head":"<!-- This site is optimized with the Yoast SEO plugin v27.4 - https:\/\/yoast.com\/product\/yoast-seo-wordpress\/ -->\n<title>F\u00e1tima Rodr\u00edguez voceira PSOE A Guarda -<\/title>\n<meta name=\"robots\" content=\"index, follow, max-snippet:-1, max-image-preview:large, max-video-preview:-1\" \/>\n<link rel=\"canonical\" href=\"https:\/\/www.anovapeneira.gal\/index.php\/2025\/12\/29\/fatima-rodriguez-voceira-psoe-a-guarda\/\" \/>\n<meta property=\"og:locale\" content=\"gl_ES\" \/>\n<meta property=\"og:type\" content=\"article\" \/>\n<meta property=\"og:title\" content=\"F\u00e1tima Rodr\u00edguez voceira PSOE A Guarda -\" \/>\n<meta property=\"og:description\" content=\"Rematamos o ano no Baixo Mi\u00f1o conversando coa voceira do PSOE na Guarda F\u00e1tima Rodr\u00edguez [...]\" \/>\n<meta property=\"og:url\" content=\"https:\/\/www.anovapeneira.gal\/index.php\/2025\/12\/29\/fatima-rodriguez-voceira-psoe-a-guarda\/\" \/>\n<meta property=\"article:publisher\" content=\"https:\/\/www.facebook.com\/anovapeneira\" \/>\n<meta property=\"article:published_time\" content=\"2025-12-29T11:00:02+00:00\" \/>\n<meta property=\"og:image\" content=\"https:\/\/www.anovapeneira.gal\/wp-content\/uploads\/2024\/06\/psoe_guarda_fatima.jpg\" \/>\n\t<meta property=\"og:image:width\" content=\"720\" \/>\n\t<meta property=\"og:image:height\" content=\"432\" \/>\n\t<meta property=\"og:image:type\" content=\"image\/jpeg\" \/>\n<meta name=\"author\" content=\"Tino Lago\" \/>\n<meta name=\"twitter:card\" content=\"summary_large_image\" \/>\n<meta name=\"twitter:creator\" content=\"@APeneira\" \/>\n<meta name=\"twitter:site\" content=\"@APeneira\" \/>\n<meta name=\"twitter:label1\" content=\"Escrito por\" \/>\n\t<meta name=\"twitter:data1\" content=\"Tino Lago\" \/>\n\t<meta name=\"twitter:label2\" content=\"Tempo de lectura\" \/>\n\t<meta name=\"twitter:data2\" content=\"3 minutos\" \/>\n<script type=\"application\/ld+json\" class=\"yoast-schema-graph\">{\"@context\":\"https:\\\/\\\/schema.org\",\"@graph\":[{\"@type\":\"Article\",\"@id\":\"https:\\\/\\\/www.anovapeneira.gal\\\/index.php\\\/2025\\\/12\\\/29\\\/fatima-rodriguez-voceira-psoe-a-guarda\\\/#article\",\"isPartOf\":{\"@id\":\"https:\\\/\\\/www.anovapeneira.gal\\\/index.php\\\/2025\\\/12\\\/29\\\/fatima-rodriguez-voceira-psoe-a-guarda\\\/\"},\"author\":{\"name\":\"Tino Lago\",\"@id\":\"https:\\\/\\\/www.anovapeneira.gal\\\/#\\\/schema\\\/person\\\/424dfe65e3070fd8a44d22d2c088762a\"},\"headline\":\"F\u00e1tima Rodr\u00edguez voceira PSOE A Guarda\",\"datePublished\":\"2025-12-29T11:00:02+00:00\",\"mainEntityOfPage\":{\"@id\":\"https:\\\/\\\/www.anovapeneira.gal\\\/index.php\\\/2025\\\/12\\\/29\\\/fatima-rodriguez-voceira-psoe-a-guarda\\\/\"},\"wordCount\":1247,\"commentCount\":0,\"publisher\":{\"@id\":\"https:\\\/\\\/www.anovapeneira.gal\\\/#organization\"},\"image\":{\"@id\":\"https:\\\/\\\/www.anovapeneira.gal\\\/index.php\\\/2025\\\/12\\\/29\\\/fatima-rodriguez-voceira-psoe-a-guarda\\\/#primaryimage\"},\"thumbnailUrl\":\"https:\\\/\\\/www.anovapeneira.gal\\\/wp-content\\\/uploads\\\/2024\\\/06\\\/psoe_guarda_fatima.jpg\",\"keywords\":[\"Concello A Guarda\"],\"articleSection\":[\"Baixo Mi\u00f1o\"],\"inLanguage\":\"gl-ES\",\"potentialAction\":[{\"@type\":\"CommentAction\",\"name\":\"Comment\",\"target\":[\"https:\\\/\\\/www.anovapeneira.gal\\\/index.php\\\/2025\\\/12\\\/29\\\/fatima-rodriguez-voceira-psoe-a-guarda\\\/#respond\"]}]},{\"@type\":\"WebPage\",\"@id\":\"https:\\\/\\\/www.anovapeneira.gal\\\/index.php\\\/2025\\\/12\\\/29\\\/fatima-rodriguez-voceira-psoe-a-guarda\\\/\",\"url\":\"https:\\\/\\\/www.anovapeneira.gal\\\/index.php\\\/2025\\\/12\\\/29\\\/fatima-rodriguez-voceira-psoe-a-guarda\\\/\",\"name\":\"F\u00e1tima Rodr\u00edguez voceira PSOE A Guarda -\",\"isPartOf\":{\"@id\":\"https:\\\/\\\/www.anovapeneira.gal\\\/#website\"},\"primaryImageOfPage\":{\"@id\":\"https:\\\/\\\/www.anovapeneira.gal\\\/index.php\\\/2025\\\/12\\\/29\\\/fatima-rodriguez-voceira-psoe-a-guarda\\\/#primaryimage\"},\"image\":{\"@id\":\"https:\\\/\\\/www.anovapeneira.gal\\\/index.php\\\/2025\\\/12\\\/29\\\/fatima-rodriguez-voceira-psoe-a-guarda\\\/#primaryimage\"},\"thumbnailUrl\":\"https:\\\/\\\/www.anovapeneira.gal\\\/wp-content\\\/uploads\\\/2024\\\/06\\\/psoe_guarda_fatima.jpg\",\"datePublished\":\"2025-12-29T11:00:02+00:00\",\"breadcrumb\":{\"@id\":\"https:\\\/\\\/www.anovapeneira.gal\\\/index.php\\\/2025\\\/12\\\/29\\\/fatima-rodriguez-voceira-psoe-a-guarda\\\/#breadcrumb\"},\"inLanguage\":\"gl-ES\",\"potentialAction\":[{\"@type\":\"ReadAction\",\"target\":[\"https:\\\/\\\/www.anovapeneira.gal\\\/index.php\\\/2025\\\/12\\\/29\\\/fatima-rodriguez-voceira-psoe-a-guarda\\\/\"]}]},{\"@type\":\"ImageObject\",\"inLanguage\":\"gl-ES\",\"@id\":\"https:\\\/\\\/www.anovapeneira.gal\\\/index.php\\\/2025\\\/12\\\/29\\\/fatima-rodriguez-voceira-psoe-a-guarda\\\/#primaryimage\",\"url\":\"https:\\\/\\\/www.anovapeneira.gal\\\/wp-content\\\/uploads\\\/2024\\\/06\\\/psoe_guarda_fatima.jpg\",\"contentUrl\":\"https:\\\/\\\/www.anovapeneira.gal\\\/wp-content\\\/uploads\\\/2024\\\/06\\\/psoe_guarda_fatima.jpg\",\"width\":720,\"height\":432,\"caption\":\"PSOE F\u00e1tima Guarda\"},{\"@type\":\"BreadcrumbList\",\"@id\":\"https:\\\/\\\/www.anovapeneira.gal\\\/index.php\\\/2025\\\/12\\\/29\\\/fatima-rodriguez-voceira-psoe-a-guarda\\\/#breadcrumb\",\"itemListElement\":[{\"@type\":\"ListItem\",\"position\":1,\"name\":\"Portada\",\"item\":\"https:\\\/\\\/www.anovapeneira.gal\\\/\"},{\"@type\":\"ListItem\",\"position\":2,\"name\":\"F\u00e1tima Rodr\u00edguez voceira PSOE A Guarda\"}]},{\"@type\":\"WebSite\",\"@id\":\"https:\\\/\\\/www.anovapeneira.gal\\\/#website\",\"url\":\"https:\\\/\\\/www.anovapeneira.gal\\\/\",\"name\":\"\",\"description\":\"Xornal galego de informaci\u00f3n xeral Publicaci\u00f3n mensual de novas de Galicia e en especial dos Concellos da sur da provincia de Pontevedra.\",\"publisher\":{\"@id\":\"https:\\\/\\\/www.anovapeneira.gal\\\/#organization\"},\"potentialAction\":[{\"@type\":\"SearchAction\",\"target\":{\"@type\":\"EntryPoint\",\"urlTemplate\":\"https:\\\/\\\/www.anovapeneira.gal\\\/?s={search_term_string}\"},\"query-input\":{\"@type\":\"PropertyValueSpecification\",\"valueRequired\":true,\"valueName\":\"search_term_string\"}}],\"inLanguage\":\"gl-ES\"},{\"@type\":\"Organization\",\"@id\":\"https:\\\/\\\/www.anovapeneira.gal\\\/#organization\",\"name\":\"A Nova Peneira\",\"url\":\"https:\\\/\\\/www.anovapeneira.gal\\\/\",\"logo\":{\"@type\":\"ImageObject\",\"inLanguage\":\"gl-ES\",\"@id\":\"https:\\\/\\\/www.anovapeneira.gal\\\/#\\\/schema\\\/logo\\\/image\\\/\",\"url\":\"http:\\\/\\\/www.anovapeneira.gal\\\/wp-content\\\/uploads\\\/2019\\\/06\\\/logo_a_nova_peneira_portal_web.png\",\"contentUrl\":\"http:\\\/\\\/www.anovapeneira.gal\\\/wp-content\\\/uploads\\\/2019\\\/06\\\/logo_a_nova_peneira_portal_web.png\",\"width\":300,\"height\":100,\"caption\":\"A Nova Peneira\"},\"image\":{\"@id\":\"https:\\\/\\\/www.anovapeneira.gal\\\/#\\\/schema\\\/logo\\\/image\\\/\"},\"sameAs\":[\"https:\\\/\\\/www.facebook.com\\\/anovapeneira\",\"https:\\\/\\\/x.com\\\/APeneira\"]},{\"@type\":\"Person\",\"@id\":\"https:\\\/\\\/www.anovapeneira.gal\\\/#\\\/schema\\\/person\\\/424dfe65e3070fd8a44d22d2c088762a\",\"name\":\"Tino Lago\",\"image\":{\"@type\":\"ImageObject\",\"inLanguage\":\"gl-ES\",\"@id\":\"https:\\\/\\\/secure.gravatar.com\\\/avatar\\\/b3df6a06e44bab3111583b90f0f33a0379ee5e3d22cbadd232d39f21c30c62be?s=96&d=mm&r=g\",\"url\":\"https:\\\/\\\/secure.gravatar.com\\\/avatar\\\/b3df6a06e44bab3111583b90f0f33a0379ee5e3d22cbadd232d39f21c30c62be?s=96&d=mm&r=g\",\"contentUrl\":\"https:\\\/\\\/secure.gravatar.com\\\/avatar\\\/b3df6a06e44bab3111583b90f0f33a0379ee5e3d22cbadd232d39f21c30c62be?s=96&d=mm&r=g\",\"caption\":\"Tino Lago\"},\"sameAs\":[\"http:\\\/\\\/www.anovapeneira.gal\"],\"url\":\"https:\\\/\\\/www.anovapeneira.gal\\\/index.php\\\/author\\\/director\\\/\"}]}<\/script>\n<!-- \/ Yoast SEO plugin. -->","yoast_head_json":{"title":"F\u00e1tima Rodr\u00edguez voceira PSOE A Guarda -","robots":{"index":"index","follow":"follow","max-snippet":"max-snippet:-1","max-image-preview":"max-image-preview:large","max-video-preview":"max-video-preview:-1"},"canonical":"https:\/\/www.anovapeneira.gal\/index.php\/2025\/12\/29\/fatima-rodriguez-voceira-psoe-a-guarda\/","og_locale":"gl_ES","og_type":"article","og_title":"F\u00e1tima Rodr\u00edguez voceira PSOE A Guarda -","og_description":"Rematamos o ano no Baixo Mi\u00f1o conversando coa voceira do PSOE na Guarda F\u00e1tima Rodr\u00edguez [...]","og_url":"https:\/\/www.anovapeneira.gal\/index.php\/2025\/12\/29\/fatima-rodriguez-voceira-psoe-a-guarda\/","article_publisher":"https:\/\/www.facebook.com\/anovapeneira","article_published_time":"2025-12-29T11:00:02+00:00","og_image":[{"width":720,"height":432,"url":"https:\/\/www.anovapeneira.gal\/wp-content\/uploads\/2024\/06\/psoe_guarda_fatima.jpg","type":"image\/jpeg"}],"author":"Tino Lago","twitter_card":"summary_large_image","twitter_creator":"@APeneira","twitter_site":"@APeneira","twitter_misc":{"Escrito por":"Tino Lago","Tempo de lectura":"3 minutos"},"schema":{"@context":"https:\/\/schema.org","@graph":[{"@type":"Article","@id":"https:\/\/www.anovapeneira.gal\/index.php\/2025\/12\/29\/fatima-rodriguez-voceira-psoe-a-guarda\/#article","isPartOf":{"@id":"https:\/\/www.anovapeneira.gal\/index.php\/2025\/12\/29\/fatima-rodriguez-voceira-psoe-a-guarda\/"},"author":{"name":"Tino Lago","@id":"https:\/\/www.anovapeneira.gal\/#\/schema\/person\/424dfe65e3070fd8a44d22d2c088762a"},"headline":"F\u00e1tima Rodr\u00edguez voceira PSOE A Guarda","datePublished":"2025-12-29T11:00:02+00:00","mainEntityOfPage":{"@id":"https:\/\/www.anovapeneira.gal\/index.php\/2025\/12\/29\/fatima-rodriguez-voceira-psoe-a-guarda\/"},"wordCount":1247,"commentCount":0,"publisher":{"@id":"https:\/\/www.anovapeneira.gal\/#organization"},"image":{"@id":"https:\/\/www.anovapeneira.gal\/index.php\/2025\/12\/29\/fatima-rodriguez-voceira-psoe-a-guarda\/#primaryimage"},"thumbnailUrl":"https:\/\/www.anovapeneira.gal\/wp-content\/uploads\/2024\/06\/psoe_guarda_fatima.jpg","keywords":["Concello A Guarda"],"articleSection":["Baixo Mi\u00f1o"],"inLanguage":"gl-ES","potentialAction":[{"@type":"CommentAction","name":"Comment","target":["https:\/\/www.anovapeneira.gal\/index.php\/2025\/12\/29\/fatima-rodriguez-voceira-psoe-a-guarda\/#respond"]}]},{"@type":"WebPage","@id":"https:\/\/www.anovapeneira.gal\/index.php\/2025\/12\/29\/fatima-rodriguez-voceira-psoe-a-guarda\/","url":"https:\/\/www.anovapeneira.gal\/index.php\/2025\/12\/29\/fatima-rodriguez-voceira-psoe-a-guarda\/","name":"F\u00e1tima Rodr\u00edguez voceira PSOE A Guarda -","isPartOf":{"@id":"https:\/\/www.anovapeneira.gal\/#website"},"primaryImageOfPage":{"@id":"https:\/\/www.anovapeneira.gal\/index.php\/2025\/12\/29\/fatima-rodriguez-voceira-psoe-a-guarda\/#primaryimage"},"image":{"@id":"https:\/\/www.anovapeneira.gal\/index.php\/2025\/12\/29\/fatima-rodriguez-voceira-psoe-a-guarda\/#primaryimage"},"thumbnailUrl":"https:\/\/www.anovapeneira.gal\/wp-content\/uploads\/2024\/06\/psoe_guarda_fatima.jpg","datePublished":"2025-12-29T11:00:02+00:00","breadcrumb":{"@id":"https:\/\/www.anovapeneira.gal\/index.php\/2025\/12\/29\/fatima-rodriguez-voceira-psoe-a-guarda\/#breadcrumb"},"inLanguage":"gl-ES","potentialAction":[{"@type":"ReadAction","target":["https:\/\/www.anovapeneira.gal\/index.php\/2025\/12\/29\/fatima-rodriguez-voceira-psoe-a-guarda\/"]}]},{"@type":"ImageObject","inLanguage":"gl-ES","@id":"https:\/\/www.anovapeneira.gal\/index.php\/2025\/12\/29\/fatima-rodriguez-voceira-psoe-a-guarda\/#primaryimage","url":"https:\/\/www.anovapeneira.gal\/wp-content\/uploads\/2024\/06\/psoe_guarda_fatima.jpg","contentUrl":"https:\/\/www.anovapeneira.gal\/wp-content\/uploads\/2024\/06\/psoe_guarda_fatima.jpg","width":720,"height":432,"caption":"PSOE F\u00e1tima Guarda"},{"@type":"BreadcrumbList","@id":"https:\/\/www.anovapeneira.gal\/index.php\/2025\/12\/29\/fatima-rodriguez-voceira-psoe-a-guarda\/#breadcrumb","itemListElement":[{"@type":"ListItem","position":1,"name":"Portada","item":"https:\/\/www.anovapeneira.gal\/"},{"@type":"ListItem","position":2,"name":"F\u00e1tima Rodr\u00edguez voceira PSOE A Guarda"}]},{"@type":"WebSite","@id":"https:\/\/www.anovapeneira.gal\/#website","url":"https:\/\/www.anovapeneira.gal\/","name":"","description":"Xornal galego de informaci\u00f3n xeral Publicaci\u00f3n mensual de novas de Galicia e en especial dos Concellos da sur da provincia de Pontevedra.","publisher":{"@id":"https:\/\/www.anovapeneira.gal\/#organization"},"potentialAction":[{"@type":"SearchAction","target":{"@type":"EntryPoint","urlTemplate":"https:\/\/www.anovapeneira.gal\/?s={search_term_string}"},"query-input":{"@type":"PropertyValueSpecification","valueRequired":true,"valueName":"search_term_string"}}],"inLanguage":"gl-ES"},{"@type":"Organization","@id":"https:\/\/www.anovapeneira.gal\/#organization","name":"A Nova Peneira","url":"https:\/\/www.anovapeneira.gal\/","logo":{"@type":"ImageObject","inLanguage":"gl-ES","@id":"https:\/\/www.anovapeneira.gal\/#\/schema\/logo\/image\/","url":"http:\/\/www.anovapeneira.gal\/wp-content\/uploads\/2019\/06\/logo_a_nova_peneira_portal_web.png","contentUrl":"http:\/\/www.anovapeneira.gal\/wp-content\/uploads\/2019\/06\/logo_a_nova_peneira_portal_web.png","width":300,"height":100,"caption":"A Nova Peneira"},"image":{"@id":"https:\/\/www.anovapeneira.gal\/#\/schema\/logo\/image\/"},"sameAs":["https:\/\/www.facebook.com\/anovapeneira","https:\/\/x.com\/APeneira"]},{"@type":"Person","@id":"https:\/\/www.anovapeneira.gal\/#\/schema\/person\/424dfe65e3070fd8a44d22d2c088762a","name":"Tino Lago","image":{"@type":"ImageObject","inLanguage":"gl-ES","@id":"https:\/\/secure.gravatar.com\/avatar\/b3df6a06e44bab3111583b90f0f33a0379ee5e3d22cbadd232d39f21c30c62be?s=96&d=mm&r=g","url":"https:\/\/secure.gravatar.com\/avatar\/b3df6a06e44bab3111583b90f0f33a0379ee5e3d22cbadd232d39f21c30c62be?s=96&d=mm&r=g","contentUrl":"https:\/\/secure.gravatar.com\/avatar\/b3df6a06e44bab3111583b90f0f33a0379ee5e3d22cbadd232d39f21c30c62be?s=96&d=mm&r=g","caption":"Tino Lago"},"sameAs":["http:\/\/www.anovapeneira.gal"],"url":"https:\/\/www.anovapeneira.gal\/index.php\/author\/director\/"}]}},"jetpack_featured_media_url":"https:\/\/www.anovapeneira.gal\/wp-content\/uploads\/2024\/06\/psoe_guarda_fatima.jpg","_links":{"self":[{"href":"https:\/\/www.anovapeneira.gal\/index.php\/wp-json\/wp\/v2\/posts\/15135","targetHints":{"allow":["GET"]}}],"collection":[{"href":"https:\/\/www.anovapeneira.gal\/index.php\/wp-json\/wp\/v2\/posts"}],"about":[{"href":"https:\/\/www.anovapeneira.gal\/index.php\/wp-json\/wp\/v2\/types\/post"}],"author":[{"embeddable":true,"href":"https:\/\/www.anovapeneira.gal\/index.php\/wp-json\/wp\/v2\/users\/2"}],"replies":[{"embeddable":true,"href":"https:\/\/www.anovapeneira.gal\/index.php\/wp-json\/wp\/v2\/comments?post=15135"}],"version-history":[{"count":1,"href":"https:\/\/www.anovapeneira.gal\/index.php\/wp-json\/wp\/v2\/posts\/15135\/revisions"}],"predecessor-version":[{"id":15136,"href":"https:\/\/www.anovapeneira.gal\/index.php\/wp-json\/wp\/v2\/posts\/15135\/revisions\/15136"}],"wp:featuredmedia":[{"embeddable":true,"href":"https:\/\/www.anovapeneira.gal\/index.php\/wp-json\/wp\/v2\/media\/11935"}],"wp:attachment":[{"href":"https:\/\/www.anovapeneira.gal\/index.php\/wp-json\/wp\/v2\/media?parent=15135"}],"wp:term":[{"taxonomy":"category","embeddable":true,"href":"https:\/\/www.anovapeneira.gal\/index.php\/wp-json\/wp\/v2\/categories?post=15135"},{"taxonomy":"post_tag","embeddable":true,"href":"https:\/\/www.anovapeneira.gal\/index.php\/wp-json\/wp\/v2\/tags?post=15135"}],"curies":[{"name":"wp","href":"https:\/\/api.w.org\/{rel}","templated":true}]}}