{"id":15142,"date":"2025-12-30T10:00:59","date_gmt":"2025-12-30T09:00:59","guid":{"rendered":"https:\/\/www.anovapeneira.gal\/?p=15142"},"modified":"2025-12-30T10:13:04","modified_gmt":"2025-12-30T09:13:04","slug":"diversidade-e-calidade-nos-traballos-premiados-do-ii-certame-redondela-investigada","status":"publish","type":"post","link":"https:\/\/www.anovapeneira.gal\/index.php\/2025\/12\/30\/diversidade-e-calidade-nos-traballos-premiados-do-ii-certame-redondela-investigada\/","title":{"rendered":"Diversidade e calidade nos traballos premiados do II Certame \u201cRedondela Investigada\u201d"},"content":{"rendered":"\n<p>O acto de celebraci\u00f3n de entrega de premios xuntou a m\u00e1is dun centenar de persoas que aplaudiron ao alumando galardoado. Oito traballos, dos 30 presentados, levaron premio ou menci\u00f3n do xurado.<\/p>\n\n\n\n<p>Un centenar de persoas acompa\u00f1aron a cerimonia de entrega de premios do <strong>II Certame de Investigaci\u00f3n en Ciencias Socias para Ensino Secundario \u201cRedondela Investigada\u201d<\/strong> o venres 12 de decembro no Multi\u00fasos da Xunqueira a entrega de premios<\/p>\n\n\n\n<p>O certame de investigaci\u00f3n est\u00e1 organizado polo colectivo Sinerx\u00edas Secundarias, formado polos Departamentos de Xeograf\u00eda e Historia dos IES de Chapela, Illa de San Sim\u00f3n, Mendi\u00f1o e Pedro Floriani do concello de Redondela. Na intervenci\u00f3n inicial de dito colectivo mencionouse a importancia deste certame como <strong>impulso do co\u00f1ecemento da realidade social presente e pasada do concello de Redondela<\/strong>. Unha proposta que convida \u00e1 <strong>visi\u00f3n cr\u00edtica da nosa realidade m\u00e1is pr\u00f3xima<\/strong> e a cultivar a curiosidade como fonte de co\u00f1ecemento.<\/p>\n\n\n\n<p>Os traballos ga\u00f1adores son claro exemplo de consecuci\u00f3n deste obxectivo. O xurado, conformado por docentes dos catro institutos, Carlos Antu\u00f1a, do colectivo SEREN, e Juan Migueles, adminsitrador do blog de Historia local anecdotarioredonelan. <strong>O fallo do xurado salientou a calidade dos traballos as\u00ed como a s\u00faa diversidade tem\u00e1tica.<\/strong><\/p>\n\n\n\n<p>Na <strong>categor\u00eda das Penlas (1\u00ba e 2\u00ba da ESO)<\/strong> a proposta do certame era a de analizar fotograf\u00edas anteriores ao s\u00e9culos XXI. Dous dos traballos premiados centraron a s\u00faa ollada na paisaxe e os seus cambios e, outros dous, realizan un percorrido pola historia familiar. <strong>\u201cTerra de beretes\u201d traballo ga\u00f1ador<\/strong> asinado por Ux\u00edo Solla Amoedo do IES de Chapela, \u00e9 unha mostra desta an\u00e1lise do espazo e a s\u00faa transformaci\u00f3n.<\/p>\n\n\n\n<p>Na <strong>categor\u00eda de Burras (3\u00ba e 4\u00ba da ESO)<\/strong> houbo d\u00faas menci\u00f3ns especias e dous premios. Nas menci\u00f3ns, o xurado destacou a biograf\u00eda a \u00c1ngel Barros, figura art\u00edstica referente no concello de Redondela, e o traballo da historia familiar a trav\u00e9s das embarcaci\u00f3ns familiares, ligadas \u00e1 Illa de San Sim\u00f3n, ao transporte de xudeus durante a II Guerra Mundial.<\/p>\n\n\n\n<p>O segundo premio recaeu nunha <strong>an\u00e1lise da matr\u00edcula industrial do ano 1885<\/strong> a cargo de Mario Gesteira do IES Illa de San Sim\u00f3n, que mostra unha inusitada precisi\u00f3n metodol\u00f3xica e unha an\u00e1lise multifactorial. O primeiro premio desta categor\u00eda levouno un traballo sobre <strong>a linguaxe das camp\u00e1s<\/strong> asinado por Paula Alfaya, Luc\u00eda Cabaleiro, Ana Fern\u00e1ndez e Javier Alfaya do IES Pedro Floriani. Nesta investigaci\u00f3n comb\u00ednanase as fontes orais e o traballo de campo de recollida dos sons de diversas igrexas parroquiais redondel\u00e1ns.<\/p>\n\n\n\n<p>A <strong>categor\u00eda de Coca (1\u00ba e 2\u00ba de Bacharelato)<\/strong> concedeu dou premios. O 2\u00ba recaeu sobre un traballo de <strong>historia familiar que percorre o s\u00e9culo XX<\/strong> realizado por Sara Lago S\u00e1nchez, Nicanor Lago S\u00e1nchez, Sara Gonz\u00e1lez Barros, Luc\u00eda Varela Soli\u00f1o e Promethea I\u00f1arrea V\u00e1zquez do IES Pedro Floriani.<\/p>\n\n\n\n<p>O primeiro premio desta categor\u00eda foi para un traballo sobre a <strong>historia do tranv\u00eda en Chapela<\/strong> que combina diversas fontes documentais e escritas as\u00ed como unha ampla base visual. A autor\u00eda \u00e9 de Laura Villaverde Garc\u00eda, Iria Gonz\u00e1lez L\u00f3pez, Laura Fern\u00e1ndez, Rodr\u00edguez e Ana Amelia Veras S\u00e1nchez do IES Chapela.<\/p>\n\n\n\n<p>Todos os traballo premiados levaron un diploma e vale econ\u00f3mico para investir en catro librar\u00edas do concello de Redondela. Os vales foron sufragados polos catro IES do municipio. As\u00ed mesmo, <strong>os traballos ser\u00e1n publicados no segundo n\u00famero da revista \u201cRedondela investigada\u201d.<\/strong><\/p>\n\n\n\n<p>O colectivo Sinerx\u00edas colectivas est\u00e1 a <strong>organizar a 3\u00aa edici\u00f3n do certame.<\/strong><\/p>\n\n\n\n<p>CATEGOR\u00cdA PENLAS (1\u00ba e 2\u00ba da ESO)<\/p>\n\n\n\n<figure class=\"wp-block-table\"><table class=\"has-fixed-layout\"><tbody><tr><td>PREMIO<\/td><td>T\u00cdTULO<\/td><td>AUTOR\u00cdA \/ IES<\/td><td>COMENTARIO<\/td><\/tr><tr><td>4\u00ba<\/td><td>Graciano e Elisa, unha ollada ao s\u00e9culo XX<\/td><td>Rub\u00e9n Dur\u00e1n, Mateo Fernandez, Pablo Dur\u00e1n e Sergio Montalb\u00e1n do IES Illa de San Sim\u00f3n<\/td><td>Un percorrido pola historia familiar.<\/td><\/tr><tr><td>3\u00ba<\/td><td>Que pasou en Santa Mari\u00f1a<\/td><td>Ant\u00eda Noche Barreira do IES Illa de San Sim\u00f3n<\/td><td>Unha an\u00e1lise dos cambios urban\u00edsticos de Redondela mesturando fontes documentais de hemeroteca cunha visi\u00f3n cr\u00edtica do paso do tempo.<\/td><\/tr><tr><td>2<\/td><td>Unha historia ben contada<\/td><td>Carla Montes Vidal do IES de Chapela<\/td><td>Realiza unha historia familiar combinando interesantes datos cun estilo literario ameno e intelixente.<\/td><\/tr><tr><td>1\u00ba<\/td><td>Chapela, terra de beretes<\/td><td>Ux\u00edo Solla Amoedo do IES de Chapela<\/td><td>Unha an\u00e1lise en detalle da paisaxe e transformaci\u00f3n de Chapela incorporando elementos topon\u00edmicos, demogr\u00e1ficos e hist\u00f3ricos.<\/td><\/tr><\/tbody><\/table><\/figure>\n\n\n\n<p>CATEGOR\u00cdA BUURAS (3\u00ba e 4\u00ba da ESO)<\/p>\n\n\n\n<figure class=\"wp-block-table\"><table class=\"has-fixed-layout\"><tbody><tr><td>PREMIO<\/td><td>T\u00cdTULO<\/td><td>AUTOR\u00cdA \/ IES<\/td><td>COMENTARIO<\/td><\/tr><tr><td>Menci\u00f3n especial<\/td><td>\u00c1ngel Barros<br><\/td><td>Julia Castro Barreiro, L\u00eda Carballo Abal e Marta Gonz\u00e1lez Gonz\u00e1lez do IES Pedro Floriani<\/td><td>Tratar unha personaxe da relevancia de Barros, historia viva a partir dunha entrevista<br><\/td><\/tr><tr><td>Menci\u00f3n especial<\/td><td>Os barcos da casa da Portela<\/td><td>Elba Ferreira P\u00e9rez do IES Illa de San Sim\u00f3n \/ Mendi\u00f1o<\/td><td>Historia interesante. F\u00eda a trav\u00e9s dos barcos unha historia familiar.<br><\/td><\/tr><tr><td>2\u00ba<\/td><td>Estudio das matr\u00edculas industriais de Redondela no 1885<\/td><td>Mario Gesteira Gonz\u00e1lez do IES Illa de San Sim\u00f3n<br><\/td><td>Un traballo que bebe dunha fonte primaria \u00e1 que se lle aplica unha metodol\u00f3xica refinada e unha an\u00e1lise profunda<\/td><\/tr><tr><td>1\u00ba<\/td><td>O \u00daltimo Toque&#8230; A linguaxe das camp\u00e1s no concello de Redondela<\/td><td>Paula Alfaya, Luc\u00eda Cabaleiro, Ana Fern\u00e1ndez e Javier Alfaya do IES Pedro Floriani.<br><\/td><td>Destaca a orixinalidade da tem\u00e1tica de recuperar unha linguaxe perdida e a combinaci\u00f3n de entrevistas con exemplos dos propios son das camp\u00e1s.<\/td><\/tr><\/tbody><\/table><\/figure>\n\n\n\n<p>CATEGOR\u00cdA COCA (1\u00ba e 2\u00ba de BACHARELATO)<\/p>\n\n\n\n<figure class=\"wp-block-table\"><table class=\"has-fixed-layout\"><tbody><tr><td>PREMIO<\/td><td>T\u00cdTULO<\/td><td>AUTOR\u00cdA \/ IES<\/td><td>COMENTARIO<\/td><\/tr><tr><td>2\u00ba<\/td><td>A cara dunha xeraci\u00f3n<\/td><td>Sara Lago S\u00e1nchez, Nicanor Lago S\u00e1nchez, Sara Gonz\u00e1lez Barros, Luc\u00eda Varela Soli\u00f1o e Promethea I\u00f1arrea V\u00e1zquez do IES Pedro Floriani<\/td><td>\u00c9 unha abordaxe de historia familiar encaixada no discorrer do s\u00e9culo XX. Destacando o tratamento da emigraci\u00f3n<\/td><\/tr><tr><td>1\u00ba<\/td><td>O tranv\u00eda de Chapela<\/td><td>Laura Villaverde Garc\u00eda, Iria Gonz\u00e1lez L\u00f3pez, Laura Fern\u00e1ndez, Rodr\u00edguez e Ana Amelia Veras S\u00e1nchez do IES Chapela.<\/td><td>Encaixe hist\u00f3rico dunha infraestrutura esquecida en Chapela estudada dende a combinaci\u00f3nd e fontes documentais e orais. Unha cr\u00f3nica do que foi este medio de transporte na parroquia de Chapela.<\/td><\/tr><\/tbody><\/table><\/figure>\n","protected":false},"excerpt":{"rendered":"<div class=\"mh-excerpt\"><p>O acto de celebraci\u00f3n de entrega de premios xuntou a m\u00e1is dun centenar de persoas que aplaudiron ao alumando galardoado. Oito traballos, dos 30 presentados, levaron premio ou menci\u00f3n do xurado <a class=\"mh-excerpt-more\" href=\"https:\/\/www.anovapeneira.gal\/index.php\/2025\/12\/30\/diversidade-e-calidade-nos-traballos-premiados-do-ii-certame-redondela-investigada\/\" title=\"Diversidade e calidade nos traballos premiados do II Certame \u201cRedondela Investigada\u201d\">[&#8230;]<\/a><\/p>\n<\/div>","protected":false},"author":3,"featured_media":15141,"comment_status":"open","ping_status":"open","sticky":false,"template":"","format":"standard","meta":{"_exactmetrics_skip_tracking":false,"_exactmetrics_sitenote_active":false,"_exactmetrics_sitenote_note":"","_exactmetrics_sitenote_category":0,"footnotes":""},"categories":[24],"tags":[171],"class_list":{"0":"post-15142","1":"post","2":"type-post","3":"status-publish","4":"format-standard","5":"has-post-thumbnail","7":"category-redondela","8":"tag-concello-de-redondela"},"yoast_head":"<!-- This site is optimized with the Yoast SEO plugin v27.5 - https:\/\/yoast.com\/product\/yoast-seo-wordpress\/ -->\n<title>Diversidade e calidade nos traballos premiados do II Certame \u201cRedondela Investigada\u201d -<\/title>\n<meta name=\"robots\" content=\"index, follow, max-snippet:-1, max-image-preview:large, max-video-preview:-1\" \/>\n<link rel=\"canonical\" href=\"https:\/\/www.anovapeneira.gal\/index.php\/2025\/12\/30\/diversidade-e-calidade-nos-traballos-premiados-do-ii-certame-redondela-investigada\/\" \/>\n<meta property=\"og:locale\" content=\"gl_ES\" \/>\n<meta property=\"og:type\" content=\"article\" \/>\n<meta property=\"og:title\" content=\"Diversidade e calidade nos traballos premiados do II Certame \u201cRedondela Investigada\u201d -\" \/>\n<meta property=\"og:description\" content=\"O acto de celebraci\u00f3n de entrega de premios xuntou a m\u00e1is dun centenar de persoas que aplaudiron ao alumando galardoado. Oito traballos, dos 30 presentados, levaron premio ou menci\u00f3n do xurado [...]\" \/>\n<meta property=\"og:url\" content=\"https:\/\/www.anovapeneira.gal\/index.php\/2025\/12\/30\/diversidade-e-calidade-nos-traballos-premiados-do-ii-certame-redondela-investigada\/\" \/>\n<meta property=\"article:publisher\" content=\"https:\/\/www.facebook.com\/anovapeneira\" \/>\n<meta property=\"article:published_time\" content=\"2025-12-30T09:00:59+00:00\" \/>\n<meta property=\"article:modified_time\" content=\"2025-12-30T09:13:04+00:00\" \/>\n<meta property=\"og:image\" content=\"https:\/\/www.anovapeneira.gal\/wp-content\/uploads\/2025\/12\/II-Certame-Redondela-Investigada.jpg\" \/>\n\t<meta property=\"og:image:width\" content=\"720\" \/>\n\t<meta property=\"og:image:height\" content=\"432\" \/>\n\t<meta property=\"og:image:type\" content=\"image\/jpeg\" \/>\n<meta name=\"author\" content=\"Redacci\u00f3n A Nova Peneira\" \/>\n<meta name=\"twitter:card\" content=\"summary_large_image\" \/>\n<meta name=\"twitter:creator\" content=\"@APeneira\" \/>\n<meta name=\"twitter:site\" content=\"@APeneira\" \/>\n<meta name=\"twitter:label1\" content=\"Escrito por\" \/>\n\t<meta name=\"twitter:data1\" content=\"Redacci\u00f3n A Nova Peneira\" \/>\n\t<meta name=\"twitter:label2\" content=\"Tempo de lectura\" \/>\n\t<meta name=\"twitter:data2\" content=\"6 minutos\" \/>\n<script type=\"application\/ld+json\" class=\"yoast-schema-graph\">{\"@context\":\"https:\\\/\\\/schema.org\",\"@graph\":[{\"@type\":\"Article\",\"@id\":\"https:\\\/\\\/www.anovapeneira.gal\\\/index.php\\\/2025\\\/12\\\/30\\\/diversidade-e-calidade-nos-traballos-premiados-do-ii-certame-redondela-investigada\\\/#article\",\"isPartOf\":{\"@id\":\"https:\\\/\\\/www.anovapeneira.gal\\\/index.php\\\/2025\\\/12\\\/30\\\/diversidade-e-calidade-nos-traballos-premiados-do-ii-certame-redondela-investigada\\\/\"},\"author\":{\"name\":\"Redacci\u00f3n A Nova Peneira\",\"@id\":\"https:\\\/\\\/www.anovapeneira.gal\\\/#\\\/schema\\\/person\\\/b93e3f8932e3f8da96334607eb6ac6aa\"},\"headline\":\"Diversidade e calidade nos traballos premiados do II Certame \u201cRedondela Investigada\u201d\",\"datePublished\":\"2025-12-30T09:00:59+00:00\",\"dateModified\":\"2025-12-30T09:13:04+00:00\",\"mainEntityOfPage\":{\"@id\":\"https:\\\/\\\/www.anovapeneira.gal\\\/index.php\\\/2025\\\/12\\\/30\\\/diversidade-e-calidade-nos-traballos-premiados-do-ii-certame-redondela-investigada\\\/\"},\"wordCount\":1070,\"commentCount\":0,\"publisher\":{\"@id\":\"https:\\\/\\\/www.anovapeneira.gal\\\/#organization\"},\"image\":{\"@id\":\"https:\\\/\\\/www.anovapeneira.gal\\\/index.php\\\/2025\\\/12\\\/30\\\/diversidade-e-calidade-nos-traballos-premiados-do-ii-certame-redondela-investigada\\\/#primaryimage\"},\"thumbnailUrl\":\"https:\\\/\\\/www.anovapeneira.gal\\\/wp-content\\\/uploads\\\/2025\\\/12\\\/II-Certame-Redondela-Investigada.jpg\",\"keywords\":[\"Concello de Redondela\"],\"articleSection\":[\"Redondela\"],\"inLanguage\":\"gl-ES\",\"potentialAction\":[{\"@type\":\"CommentAction\",\"name\":\"Comment\",\"target\":[\"https:\\\/\\\/www.anovapeneira.gal\\\/index.php\\\/2025\\\/12\\\/30\\\/diversidade-e-calidade-nos-traballos-premiados-do-ii-certame-redondela-investigada\\\/#respond\"]}]},{\"@type\":\"WebPage\",\"@id\":\"https:\\\/\\\/www.anovapeneira.gal\\\/index.php\\\/2025\\\/12\\\/30\\\/diversidade-e-calidade-nos-traballos-premiados-do-ii-certame-redondela-investigada\\\/\",\"url\":\"https:\\\/\\\/www.anovapeneira.gal\\\/index.php\\\/2025\\\/12\\\/30\\\/diversidade-e-calidade-nos-traballos-premiados-do-ii-certame-redondela-investigada\\\/\",\"name\":\"Diversidade e calidade nos traballos premiados do II Certame \u201cRedondela Investigada\u201d -\",\"isPartOf\":{\"@id\":\"https:\\\/\\\/www.anovapeneira.gal\\\/#website\"},\"primaryImageOfPage\":{\"@id\":\"https:\\\/\\\/www.anovapeneira.gal\\\/index.php\\\/2025\\\/12\\\/30\\\/diversidade-e-calidade-nos-traballos-premiados-do-ii-certame-redondela-investigada\\\/#primaryimage\"},\"image\":{\"@id\":\"https:\\\/\\\/www.anovapeneira.gal\\\/index.php\\\/2025\\\/12\\\/30\\\/diversidade-e-calidade-nos-traballos-premiados-do-ii-certame-redondela-investigada\\\/#primaryimage\"},\"thumbnailUrl\":\"https:\\\/\\\/www.anovapeneira.gal\\\/wp-content\\\/uploads\\\/2025\\\/12\\\/II-Certame-Redondela-Investigada.jpg\",\"datePublished\":\"2025-12-30T09:00:59+00:00\",\"dateModified\":\"2025-12-30T09:13:04+00:00\",\"breadcrumb\":{\"@id\":\"https:\\\/\\\/www.anovapeneira.gal\\\/index.php\\\/2025\\\/12\\\/30\\\/diversidade-e-calidade-nos-traballos-premiados-do-ii-certame-redondela-investigada\\\/#breadcrumb\"},\"inLanguage\":\"gl-ES\",\"potentialAction\":[{\"@type\":\"ReadAction\",\"target\":[\"https:\\\/\\\/www.anovapeneira.gal\\\/index.php\\\/2025\\\/12\\\/30\\\/diversidade-e-calidade-nos-traballos-premiados-do-ii-certame-redondela-investigada\\\/\"]}]},{\"@type\":\"ImageObject\",\"inLanguage\":\"gl-ES\",\"@id\":\"https:\\\/\\\/www.anovapeneira.gal\\\/index.php\\\/2025\\\/12\\\/30\\\/diversidade-e-calidade-nos-traballos-premiados-do-ii-certame-redondela-investigada\\\/#primaryimage\",\"url\":\"https:\\\/\\\/www.anovapeneira.gal\\\/wp-content\\\/uploads\\\/2025\\\/12\\\/II-Certame-Redondela-Investigada.jpg\",\"contentUrl\":\"https:\\\/\\\/www.anovapeneira.gal\\\/wp-content\\\/uploads\\\/2025\\\/12\\\/II-Certame-Redondela-Investigada.jpg\",\"width\":720,\"height\":432},{\"@type\":\"BreadcrumbList\",\"@id\":\"https:\\\/\\\/www.anovapeneira.gal\\\/index.php\\\/2025\\\/12\\\/30\\\/diversidade-e-calidade-nos-traballos-premiados-do-ii-certame-redondela-investigada\\\/#breadcrumb\",\"itemListElement\":[{\"@type\":\"ListItem\",\"position\":1,\"name\":\"Portada\",\"item\":\"https:\\\/\\\/www.anovapeneira.gal\\\/\"},{\"@type\":\"ListItem\",\"position\":2,\"name\":\"Diversidade e calidade nos traballos premiados do II Certame \u201cRedondela Investigada\u201d\"}]},{\"@type\":\"WebSite\",\"@id\":\"https:\\\/\\\/www.anovapeneira.gal\\\/#website\",\"url\":\"https:\\\/\\\/www.anovapeneira.gal\\\/\",\"name\":\"\",\"description\":\"Xornal galego de informaci\u00f3n xeral Publicaci\u00f3n mensual de novas de Galicia e en especial dos Concellos da sur da provincia de Pontevedra.\",\"publisher\":{\"@id\":\"https:\\\/\\\/www.anovapeneira.gal\\\/#organization\"},\"potentialAction\":[{\"@type\":\"SearchAction\",\"target\":{\"@type\":\"EntryPoint\",\"urlTemplate\":\"https:\\\/\\\/www.anovapeneira.gal\\\/?s={search_term_string}\"},\"query-input\":{\"@type\":\"PropertyValueSpecification\",\"valueRequired\":true,\"valueName\":\"search_term_string\"}}],\"inLanguage\":\"gl-ES\"},{\"@type\":\"Organization\",\"@id\":\"https:\\\/\\\/www.anovapeneira.gal\\\/#organization\",\"name\":\"A Nova Peneira\",\"url\":\"https:\\\/\\\/www.anovapeneira.gal\\\/\",\"logo\":{\"@type\":\"ImageObject\",\"inLanguage\":\"gl-ES\",\"@id\":\"https:\\\/\\\/www.anovapeneira.gal\\\/#\\\/schema\\\/logo\\\/image\\\/\",\"url\":\"http:\\\/\\\/www.anovapeneira.gal\\\/wp-content\\\/uploads\\\/2019\\\/06\\\/logo_a_nova_peneira_portal_web.png\",\"contentUrl\":\"http:\\\/\\\/www.anovapeneira.gal\\\/wp-content\\\/uploads\\\/2019\\\/06\\\/logo_a_nova_peneira_portal_web.png\",\"width\":300,\"height\":100,\"caption\":\"A Nova Peneira\"},\"image\":{\"@id\":\"https:\\\/\\\/www.anovapeneira.gal\\\/#\\\/schema\\\/logo\\\/image\\\/\"},\"sameAs\":[\"https:\\\/\\\/www.facebook.com\\\/anovapeneira\",\"https:\\\/\\\/x.com\\\/APeneira\"]},{\"@type\":\"Person\",\"@id\":\"https:\\\/\\\/www.anovapeneira.gal\\\/#\\\/schema\\\/person\\\/b93e3f8932e3f8da96334607eb6ac6aa\",\"name\":\"Redacci\u00f3n A Nova Peneira\",\"image\":{\"@type\":\"ImageObject\",\"inLanguage\":\"gl-ES\",\"@id\":\"https:\\\/\\\/secure.gravatar.com\\\/avatar\\\/c052a2551a06e23fac63626232eaa90abd78dbcf1700fc46a2b2c89fd27b735f?s=96&d=mm&r=g\",\"url\":\"https:\\\/\\\/secure.gravatar.com\\\/avatar\\\/c052a2551a06e23fac63626232eaa90abd78dbcf1700fc46a2b2c89fd27b735f?s=96&d=mm&r=g\",\"contentUrl\":\"https:\\\/\\\/secure.gravatar.com\\\/avatar\\\/c052a2551a06e23fac63626232eaa90abd78dbcf1700fc46a2b2c89fd27b735f?s=96&d=mm&r=g\",\"caption\":\"Redacci\u00f3n A Nova Peneira\"},\"sameAs\":[\"http:\\\/\\\/www.anovapeneira.gal\\\/\"],\"url\":\"https:\\\/\\\/www.anovapeneira.gal\\\/index.php\\\/author\\\/redactor\\\/\"}]}<\/script>\n<!-- \/ Yoast SEO plugin. -->","yoast_head_json":{"title":"Diversidade e calidade nos traballos premiados do II Certame \u201cRedondela Investigada\u201d -","robots":{"index":"index","follow":"follow","max-snippet":"max-snippet:-1","max-image-preview":"max-image-preview:large","max-video-preview":"max-video-preview:-1"},"canonical":"https:\/\/www.anovapeneira.gal\/index.php\/2025\/12\/30\/diversidade-e-calidade-nos-traballos-premiados-do-ii-certame-redondela-investigada\/","og_locale":"gl_ES","og_type":"article","og_title":"Diversidade e calidade nos traballos premiados do II Certame \u201cRedondela Investigada\u201d -","og_description":"O acto de celebraci\u00f3n de entrega de premios xuntou a m\u00e1is dun centenar de persoas que aplaudiron ao alumando galardoado. Oito traballos, dos 30 presentados, levaron premio ou menci\u00f3n do xurado [...]","og_url":"https:\/\/www.anovapeneira.gal\/index.php\/2025\/12\/30\/diversidade-e-calidade-nos-traballos-premiados-do-ii-certame-redondela-investigada\/","article_publisher":"https:\/\/www.facebook.com\/anovapeneira","article_published_time":"2025-12-30T09:00:59+00:00","article_modified_time":"2025-12-30T09:13:04+00:00","og_image":[{"width":720,"height":432,"url":"https:\/\/www.anovapeneira.gal\/wp-content\/uploads\/2025\/12\/II-Certame-Redondela-Investigada.jpg","type":"image\/jpeg"}],"author":"Redacci\u00f3n A Nova Peneira","twitter_card":"summary_large_image","twitter_creator":"@APeneira","twitter_site":"@APeneira","twitter_misc":{"Escrito por":"Redacci\u00f3n A Nova Peneira","Tempo de lectura":"6 minutos"},"schema":{"@context":"https:\/\/schema.org","@graph":[{"@type":"Article","@id":"https:\/\/www.anovapeneira.gal\/index.php\/2025\/12\/30\/diversidade-e-calidade-nos-traballos-premiados-do-ii-certame-redondela-investigada\/#article","isPartOf":{"@id":"https:\/\/www.anovapeneira.gal\/index.php\/2025\/12\/30\/diversidade-e-calidade-nos-traballos-premiados-do-ii-certame-redondela-investigada\/"},"author":{"name":"Redacci\u00f3n A Nova Peneira","@id":"https:\/\/www.anovapeneira.gal\/#\/schema\/person\/b93e3f8932e3f8da96334607eb6ac6aa"},"headline":"Diversidade e calidade nos traballos premiados do II Certame \u201cRedondela Investigada\u201d","datePublished":"2025-12-30T09:00:59+00:00","dateModified":"2025-12-30T09:13:04+00:00","mainEntityOfPage":{"@id":"https:\/\/www.anovapeneira.gal\/index.php\/2025\/12\/30\/diversidade-e-calidade-nos-traballos-premiados-do-ii-certame-redondela-investigada\/"},"wordCount":1070,"commentCount":0,"publisher":{"@id":"https:\/\/www.anovapeneira.gal\/#organization"},"image":{"@id":"https:\/\/www.anovapeneira.gal\/index.php\/2025\/12\/30\/diversidade-e-calidade-nos-traballos-premiados-do-ii-certame-redondela-investigada\/#primaryimage"},"thumbnailUrl":"https:\/\/www.anovapeneira.gal\/wp-content\/uploads\/2025\/12\/II-Certame-Redondela-Investigada.jpg","keywords":["Concello de Redondela"],"articleSection":["Redondela"],"inLanguage":"gl-ES","potentialAction":[{"@type":"CommentAction","name":"Comment","target":["https:\/\/www.anovapeneira.gal\/index.php\/2025\/12\/30\/diversidade-e-calidade-nos-traballos-premiados-do-ii-certame-redondela-investigada\/#respond"]}]},{"@type":"WebPage","@id":"https:\/\/www.anovapeneira.gal\/index.php\/2025\/12\/30\/diversidade-e-calidade-nos-traballos-premiados-do-ii-certame-redondela-investigada\/","url":"https:\/\/www.anovapeneira.gal\/index.php\/2025\/12\/30\/diversidade-e-calidade-nos-traballos-premiados-do-ii-certame-redondela-investigada\/","name":"Diversidade e calidade nos traballos premiados do II Certame \u201cRedondela Investigada\u201d -","isPartOf":{"@id":"https:\/\/www.anovapeneira.gal\/#website"},"primaryImageOfPage":{"@id":"https:\/\/www.anovapeneira.gal\/index.php\/2025\/12\/30\/diversidade-e-calidade-nos-traballos-premiados-do-ii-certame-redondela-investigada\/#primaryimage"},"image":{"@id":"https:\/\/www.anovapeneira.gal\/index.php\/2025\/12\/30\/diversidade-e-calidade-nos-traballos-premiados-do-ii-certame-redondela-investigada\/#primaryimage"},"thumbnailUrl":"https:\/\/www.anovapeneira.gal\/wp-content\/uploads\/2025\/12\/II-Certame-Redondela-Investigada.jpg","datePublished":"2025-12-30T09:00:59+00:00","dateModified":"2025-12-30T09:13:04+00:00","breadcrumb":{"@id":"https:\/\/www.anovapeneira.gal\/index.php\/2025\/12\/30\/diversidade-e-calidade-nos-traballos-premiados-do-ii-certame-redondela-investigada\/#breadcrumb"},"inLanguage":"gl-ES","potentialAction":[{"@type":"ReadAction","target":["https:\/\/www.anovapeneira.gal\/index.php\/2025\/12\/30\/diversidade-e-calidade-nos-traballos-premiados-do-ii-certame-redondela-investigada\/"]}]},{"@type":"ImageObject","inLanguage":"gl-ES","@id":"https:\/\/www.anovapeneira.gal\/index.php\/2025\/12\/30\/diversidade-e-calidade-nos-traballos-premiados-do-ii-certame-redondela-investigada\/#primaryimage","url":"https:\/\/www.anovapeneira.gal\/wp-content\/uploads\/2025\/12\/II-Certame-Redondela-Investigada.jpg","contentUrl":"https:\/\/www.anovapeneira.gal\/wp-content\/uploads\/2025\/12\/II-Certame-Redondela-Investigada.jpg","width":720,"height":432},{"@type":"BreadcrumbList","@id":"https:\/\/www.anovapeneira.gal\/index.php\/2025\/12\/30\/diversidade-e-calidade-nos-traballos-premiados-do-ii-certame-redondela-investigada\/#breadcrumb","itemListElement":[{"@type":"ListItem","position":1,"name":"Portada","item":"https:\/\/www.anovapeneira.gal\/"},{"@type":"ListItem","position":2,"name":"Diversidade e calidade nos traballos premiados do II Certame \u201cRedondela Investigada\u201d"}]},{"@type":"WebSite","@id":"https:\/\/www.anovapeneira.gal\/#website","url":"https:\/\/www.anovapeneira.gal\/","name":"","description":"Xornal galego de informaci\u00f3n xeral Publicaci\u00f3n mensual de novas de Galicia e en especial dos Concellos da sur da provincia de Pontevedra.","publisher":{"@id":"https:\/\/www.anovapeneira.gal\/#organization"},"potentialAction":[{"@type":"SearchAction","target":{"@type":"EntryPoint","urlTemplate":"https:\/\/www.anovapeneira.gal\/?s={search_term_string}"},"query-input":{"@type":"PropertyValueSpecification","valueRequired":true,"valueName":"search_term_string"}}],"inLanguage":"gl-ES"},{"@type":"Organization","@id":"https:\/\/www.anovapeneira.gal\/#organization","name":"A Nova Peneira","url":"https:\/\/www.anovapeneira.gal\/","logo":{"@type":"ImageObject","inLanguage":"gl-ES","@id":"https:\/\/www.anovapeneira.gal\/#\/schema\/logo\/image\/","url":"http:\/\/www.anovapeneira.gal\/wp-content\/uploads\/2019\/06\/logo_a_nova_peneira_portal_web.png","contentUrl":"http:\/\/www.anovapeneira.gal\/wp-content\/uploads\/2019\/06\/logo_a_nova_peneira_portal_web.png","width":300,"height":100,"caption":"A Nova Peneira"},"image":{"@id":"https:\/\/www.anovapeneira.gal\/#\/schema\/logo\/image\/"},"sameAs":["https:\/\/www.facebook.com\/anovapeneira","https:\/\/x.com\/APeneira"]},{"@type":"Person","@id":"https:\/\/www.anovapeneira.gal\/#\/schema\/person\/b93e3f8932e3f8da96334607eb6ac6aa","name":"Redacci\u00f3n A Nova Peneira","image":{"@type":"ImageObject","inLanguage":"gl-ES","@id":"https:\/\/secure.gravatar.com\/avatar\/c052a2551a06e23fac63626232eaa90abd78dbcf1700fc46a2b2c89fd27b735f?s=96&d=mm&r=g","url":"https:\/\/secure.gravatar.com\/avatar\/c052a2551a06e23fac63626232eaa90abd78dbcf1700fc46a2b2c89fd27b735f?s=96&d=mm&r=g","contentUrl":"https:\/\/secure.gravatar.com\/avatar\/c052a2551a06e23fac63626232eaa90abd78dbcf1700fc46a2b2c89fd27b735f?s=96&d=mm&r=g","caption":"Redacci\u00f3n A Nova Peneira"},"sameAs":["http:\/\/www.anovapeneira.gal\/"],"url":"https:\/\/www.anovapeneira.gal\/index.php\/author\/redactor\/"}]}},"jetpack_featured_media_url":"https:\/\/www.anovapeneira.gal\/wp-content\/uploads\/2025\/12\/II-Certame-Redondela-Investigada.jpg","_links":{"self":[{"href":"https:\/\/www.anovapeneira.gal\/index.php\/wp-json\/wp\/v2\/posts\/15142","targetHints":{"allow":["GET"]}}],"collection":[{"href":"https:\/\/www.anovapeneira.gal\/index.php\/wp-json\/wp\/v2\/posts"}],"about":[{"href":"https:\/\/www.anovapeneira.gal\/index.php\/wp-json\/wp\/v2\/types\/post"}],"author":[{"embeddable":true,"href":"https:\/\/www.anovapeneira.gal\/index.php\/wp-json\/wp\/v2\/users\/3"}],"replies":[{"embeddable":true,"href":"https:\/\/www.anovapeneira.gal\/index.php\/wp-json\/wp\/v2\/comments?post=15142"}],"version-history":[{"count":2,"href":"https:\/\/www.anovapeneira.gal\/index.php\/wp-json\/wp\/v2\/posts\/15142\/revisions"}],"predecessor-version":[{"id":15160,"href":"https:\/\/www.anovapeneira.gal\/index.php\/wp-json\/wp\/v2\/posts\/15142\/revisions\/15160"}],"wp:featuredmedia":[{"embeddable":true,"href":"https:\/\/www.anovapeneira.gal\/index.php\/wp-json\/wp\/v2\/media\/15141"}],"wp:attachment":[{"href":"https:\/\/www.anovapeneira.gal\/index.php\/wp-json\/wp\/v2\/media?parent=15142"}],"wp:term":[{"taxonomy":"category","embeddable":true,"href":"https:\/\/www.anovapeneira.gal\/index.php\/wp-json\/wp\/v2\/categories?post=15142"},{"taxonomy":"post_tag","embeddable":true,"href":"https:\/\/www.anovapeneira.gal\/index.php\/wp-json\/wp\/v2\/tags?post=15142"}],"curies":[{"name":"wp","href":"https:\/\/api.w.org\/{rel}","templated":true}]}}