{"id":15147,"date":"2025-12-31T10:00:24","date_gmt":"2025-12-31T09:00:24","guid":{"rendered":"https:\/\/www.anovapeneira.gal\/?p=15147"},"modified":"2026-01-02T10:14:11","modified_gmt":"2026-01-02T09:14:11","slug":"o-bng-anuncia-o-seu-voto-en-contra-da-ordenanza-do-lixo-porque-deixa-fora-a-practica-totalidade-das-alegacions-da-vecinanza","status":"publish","type":"post","link":"https:\/\/www.anovapeneira.gal\/index.php\/2025\/12\/31\/o-bng-anuncia-o-seu-voto-en-contra-da-ordenanza-do-lixo-porque-deixa-fora-a-practica-totalidade-das-alegacions-da-vecinanza\/","title":{"rendered":"O BNG anuncia o seu voto en contra da ordenanza do lixo porque deixa f\u00f3ra a pr\u00e1ctica totalidade das alegaci\u00f3ns da veci\u00f1anza"},"content":{"rendered":"\n<h2 class=\"wp-block-heading\"><strong>A organizaci\u00f3n nacionalista<\/strong><strong> denuncia que o goberno de Ferreira <\/strong><strong>non atendeu <\/strong><strong>as <\/strong><strong>alegaci\u00f3ns e emendas <\/strong><strong>e que s<\/strong><strong>e limita<\/strong><strong> a sacar adiante unha proposta puramente recadatoria, contravindo o esp\u00edritu da lei <\/strong><strong>que a inspira<\/strong><\/h2>\n\n\n\n<p><strong>Manuela Rodr\u00edguez, portavoz municipal: <\/strong>\u201cNa s\u00faa li\u00f1a de autoritarismo e falla de di\u00e1logo, Ferreira volve convocar un pleno extraordinario e pola v\u00eda de urxencia, deso\u00edndo a solicitude do BNG de abrir un proceso de participaci\u00f3n con toda a corporaci\u00f3n municipal e coas entidades de representaci\u00f3n veci\u00f1al para consensuar unha ordenanza xusta e acorde coa realidade econ\u00f3mica de Gondomar\u201d<\/p>\n\n\n\n<p><strong>Gondomar, 23 de decembro de 2025<\/strong><\/p>\n\n\n\n<p>O BNG anuncia o seu voto en contra da ordenanza do lixo porque deixa f\u00f3ra a pr\u00e1ctica totalidade das alegaci\u00f3ns da veci\u00f1anza. Nun pleno extraordinario, convocado pola v\u00eda de urxencia para a ma\u00f1\u00e1 do d\u00eda de Noiteboa, o goberno de Ferreira pretende sacar adiante unha unha norma sen elementos que incentiven a reduci\u00f3n dos residuos e cunha suba das taxas completamente desorbitada.\u201d<\/p>\n\n\n\n<p>\u201cNa s\u00faa li\u00f1a de autoritarismo e falla de di\u00e1logo, Ferreira desoe a solicitude do BNG de abrir un proceso de participaci\u00f3n con toda a corporaci\u00f3n municipal e coas entidades de representaci\u00f3n veci\u00f1al para consensuar unha ordenanza xusta e acorde coa realidade econ\u00f3mica de Gondomar\u201d, lamenta a portavoz municipal do BNG Manuela Rodr\u00edguez.<\/p>\n\n\n\n<p>Tal e como xa adiantara no pleno de aprobaci\u00f3n inicial, o BNG votar\u00e1 en contra da ordenanza porque \u201co goberno do PSOE nin entendeu nin atendeu\u201d as diversas achegas que a veci\u00f1anza, de xeito individual ou colectivo, lles trasladou para facela economicamente m\u00e1is xusta e con garant\u00eda e equilibrio do servizo no territorio.<\/p>\n\n\n\n<p>Desde o BNG denuncian que Ferreira \u2018pasa olimpicamente\u2019 das alegaci\u00f3ns e emendas e que \u201co \u00fanico que quere \u00e9 sacar adiante unha proposta puramente recadatoria e contraria \u00e1 lei na que supostamente est\u00e1 inspirada\u201d, denuncia Rodr\u00edguez.<\/p>\n\n\n\n<p>Ferreira mentiu cando dixo estar \u2018aberto a estudar todas as achegas con detemento\u2019 e, en menos de dous d\u00edas desde o remate do prazo de alegaci\u00f3ns e sen contemplaci\u00f3ns, rexeitounas practicamente todas.<\/p>\n\n\n\n<p>O BNG non minte e, en consecuencia, far\u00e1 no pleno de ma\u00f1\u00e1 m\u00e9rcores o que prometeu no seu d\u00eda: \u201cvotar en contra da proposta de ordenanza porque o goberno do PSOE non a modifica para facela m\u00e1is xusta\u201d, anuncia a voceira do BNG, e lembra que \u201cse toda a oposici\u00f3n fai o mesmo, Paco Ferreira non poder\u00e1 aprobala.\u201d<\/p>\n","protected":false},"excerpt":{"rendered":"<div class=\"mh-excerpt\"><p>A organizaci\u00f3n nacionalista denuncia que o goberno de Ferreira non atendeu as alegaci\u00f3ns e emendas e que se limita a sacar adiante unha proposta puramente recadatoria, contravindo o esp\u00edritu da lei que a inspira <a class=\"mh-excerpt-more\" href=\"https:\/\/www.anovapeneira.gal\/index.php\/2025\/12\/31\/o-bng-anuncia-o-seu-voto-en-contra-da-ordenanza-do-lixo-porque-deixa-fora-a-practica-totalidade-das-alegacions-da-vecinanza\/\" title=\"O BNG anuncia o seu voto en contra da ordenanza do lixo porque deixa f\u00f3ra a pr\u00e1ctica totalidade das alegaci\u00f3ns da veci\u00f1anza\">[&#8230;]<\/a><\/p>\n<\/div>","protected":false},"author":3,"featured_media":8265,"comment_status":"open","ping_status":"open","sticky":false,"template":"","format":"standard","meta":{"_exactmetrics_skip_tracking":false,"_exactmetrics_sitenote_active":false,"_exactmetrics_sitenote_note":"","_exactmetrics_sitenote_category":0,"footnotes":""},"categories":[1,20],"tags":[149],"class_list":{"0":"post-15147","1":"post","2":"type-post","3":"status-publish","4":"format-standard","5":"has-post-thumbnail","7":"category-sin-categoria","8":"category-val-minor","9":"tag-concello-de-gondomar"},"yoast_head":"<!-- This site is optimized with the Yoast SEO plugin v27.4 - https:\/\/yoast.com\/product\/yoast-seo-wordpress\/ -->\n<title>O BNG anuncia o seu voto en contra da ordenanza do lixo porque deixa f\u00f3ra a pr\u00e1ctica totalidade das alegaci\u00f3ns da veci\u00f1anza -<\/title>\n<meta name=\"robots\" content=\"index, follow, max-snippet:-1, max-image-preview:large, max-video-preview:-1\" \/>\n<link rel=\"canonical\" href=\"https:\/\/www.anovapeneira.gal\/index.php\/2025\/12\/31\/o-bng-anuncia-o-seu-voto-en-contra-da-ordenanza-do-lixo-porque-deixa-fora-a-practica-totalidade-das-alegacions-da-vecinanza\/\" \/>\n<meta property=\"og:locale\" content=\"gl_ES\" \/>\n<meta property=\"og:type\" content=\"article\" \/>\n<meta property=\"og:title\" content=\"O BNG anuncia o seu voto en contra da ordenanza do lixo porque deixa f\u00f3ra a pr\u00e1ctica totalidade das alegaci\u00f3ns da veci\u00f1anza -\" \/>\n<meta property=\"og:description\" content=\"A organizaci\u00f3n nacionalista denuncia que o goberno de Ferreira non atendeu as alegaci\u00f3ns e emendas e que se limita a sacar adiante unha proposta puramente recadatoria, contravindo o esp\u00edritu da lei que a inspira [...]\" \/>\n<meta property=\"og:url\" content=\"https:\/\/www.anovapeneira.gal\/index.php\/2025\/12\/31\/o-bng-anuncia-o-seu-voto-en-contra-da-ordenanza-do-lixo-porque-deixa-fora-a-practica-totalidade-das-alegacions-da-vecinanza\/\" \/>\n<meta property=\"article:publisher\" content=\"https:\/\/www.facebook.com\/anovapeneira\" \/>\n<meta property=\"article:published_time\" content=\"2025-12-31T09:00:24+00:00\" \/>\n<meta property=\"article:modified_time\" content=\"2026-01-02T09:14:11+00:00\" \/>\n<meta property=\"og:image\" content=\"https:\/\/www.anovapeneira.gal\/wp-content\/uploads\/2022\/09\/bng_logo_2.jpg\" \/>\n\t<meta property=\"og:image:width\" content=\"720\" \/>\n\t<meta property=\"og:image:height\" content=\"432\" \/>\n\t<meta property=\"og:image:type\" content=\"image\/jpeg\" \/>\n<meta name=\"author\" content=\"Redacci\u00f3n A Nova Peneira\" \/>\n<meta name=\"twitter:card\" content=\"summary_large_image\" \/>\n<meta name=\"twitter:creator\" content=\"@APeneira\" \/>\n<meta name=\"twitter:site\" content=\"@APeneira\" \/>\n<meta name=\"twitter:label1\" content=\"Escrito por\" \/>\n\t<meta name=\"twitter:data1\" content=\"Redacci\u00f3n A Nova Peneira\" \/>\n\t<meta name=\"twitter:label2\" content=\"Tempo de lectura\" \/>\n\t<meta name=\"twitter:data2\" content=\"3 minutos\" \/>\n<script type=\"application\/ld+json\" class=\"yoast-schema-graph\">{\"@context\":\"https:\\\/\\\/schema.org\",\"@graph\":[{\"@type\":\"Article\",\"@id\":\"https:\\\/\\\/www.anovapeneira.gal\\\/index.php\\\/2025\\\/12\\\/31\\\/o-bng-anuncia-o-seu-voto-en-contra-da-ordenanza-do-lixo-porque-deixa-fora-a-practica-totalidade-das-alegacions-da-vecinanza\\\/#article\",\"isPartOf\":{\"@id\":\"https:\\\/\\\/www.anovapeneira.gal\\\/index.php\\\/2025\\\/12\\\/31\\\/o-bng-anuncia-o-seu-voto-en-contra-da-ordenanza-do-lixo-porque-deixa-fora-a-practica-totalidade-das-alegacions-da-vecinanza\\\/\"},\"author\":{\"name\":\"Redacci\u00f3n A Nova Peneira\",\"@id\":\"https:\\\/\\\/www.anovapeneira.gal\\\/#\\\/schema\\\/person\\\/b93e3f8932e3f8da96334607eb6ac6aa\"},\"headline\":\"O BNG anuncia o seu voto en contra da ordenanza do lixo porque deixa f\u00f3ra a pr\u00e1ctica totalidade das alegaci\u00f3ns da veci\u00f1anza\",\"datePublished\":\"2025-12-31T09:00:24+00:00\",\"dateModified\":\"2026-01-02T09:14:11+00:00\",\"mainEntityOfPage\":{\"@id\":\"https:\\\/\\\/www.anovapeneira.gal\\\/index.php\\\/2025\\\/12\\\/31\\\/o-bng-anuncia-o-seu-voto-en-contra-da-ordenanza-do-lixo-porque-deixa-fora-a-practica-totalidade-das-alegacions-da-vecinanza\\\/\"},\"wordCount\":457,\"commentCount\":0,\"publisher\":{\"@id\":\"https:\\\/\\\/www.anovapeneira.gal\\\/#organization\"},\"image\":{\"@id\":\"https:\\\/\\\/www.anovapeneira.gal\\\/index.php\\\/2025\\\/12\\\/31\\\/o-bng-anuncia-o-seu-voto-en-contra-da-ordenanza-do-lixo-porque-deixa-fora-a-practica-totalidade-das-alegacions-da-vecinanza\\\/#primaryimage\"},\"thumbnailUrl\":\"https:\\\/\\\/www.anovapeneira.gal\\\/wp-content\\\/uploads\\\/2022\\\/09\\\/bng_logo_2.jpg\",\"keywords\":[\"Concello de Gondomar\"],\"articleSection\":[\"Sin categor\u00eda\",\"Val Mi\u00f1or\"],\"inLanguage\":\"gl-ES\",\"potentialAction\":[{\"@type\":\"CommentAction\",\"name\":\"Comment\",\"target\":[\"https:\\\/\\\/www.anovapeneira.gal\\\/index.php\\\/2025\\\/12\\\/31\\\/o-bng-anuncia-o-seu-voto-en-contra-da-ordenanza-do-lixo-porque-deixa-fora-a-practica-totalidade-das-alegacions-da-vecinanza\\\/#respond\"]}]},{\"@type\":\"WebPage\",\"@id\":\"https:\\\/\\\/www.anovapeneira.gal\\\/index.php\\\/2025\\\/12\\\/31\\\/o-bng-anuncia-o-seu-voto-en-contra-da-ordenanza-do-lixo-porque-deixa-fora-a-practica-totalidade-das-alegacions-da-vecinanza\\\/\",\"url\":\"https:\\\/\\\/www.anovapeneira.gal\\\/index.php\\\/2025\\\/12\\\/31\\\/o-bng-anuncia-o-seu-voto-en-contra-da-ordenanza-do-lixo-porque-deixa-fora-a-practica-totalidade-das-alegacions-da-vecinanza\\\/\",\"name\":\"O BNG anuncia o seu voto en contra da ordenanza do lixo porque deixa f\u00f3ra a pr\u00e1ctica totalidade das alegaci\u00f3ns da veci\u00f1anza -\",\"isPartOf\":{\"@id\":\"https:\\\/\\\/www.anovapeneira.gal\\\/#website\"},\"primaryImageOfPage\":{\"@id\":\"https:\\\/\\\/www.anovapeneira.gal\\\/index.php\\\/2025\\\/12\\\/31\\\/o-bng-anuncia-o-seu-voto-en-contra-da-ordenanza-do-lixo-porque-deixa-fora-a-practica-totalidade-das-alegacions-da-vecinanza\\\/#primaryimage\"},\"image\":{\"@id\":\"https:\\\/\\\/www.anovapeneira.gal\\\/index.php\\\/2025\\\/12\\\/31\\\/o-bng-anuncia-o-seu-voto-en-contra-da-ordenanza-do-lixo-porque-deixa-fora-a-practica-totalidade-das-alegacions-da-vecinanza\\\/#primaryimage\"},\"thumbnailUrl\":\"https:\\\/\\\/www.anovapeneira.gal\\\/wp-content\\\/uploads\\\/2022\\\/09\\\/bng_logo_2.jpg\",\"datePublished\":\"2025-12-31T09:00:24+00:00\",\"dateModified\":\"2026-01-02T09:14:11+00:00\",\"breadcrumb\":{\"@id\":\"https:\\\/\\\/www.anovapeneira.gal\\\/index.php\\\/2025\\\/12\\\/31\\\/o-bng-anuncia-o-seu-voto-en-contra-da-ordenanza-do-lixo-porque-deixa-fora-a-practica-totalidade-das-alegacions-da-vecinanza\\\/#breadcrumb\"},\"inLanguage\":\"gl-ES\",\"potentialAction\":[{\"@type\":\"ReadAction\",\"target\":[\"https:\\\/\\\/www.anovapeneira.gal\\\/index.php\\\/2025\\\/12\\\/31\\\/o-bng-anuncia-o-seu-voto-en-contra-da-ordenanza-do-lixo-porque-deixa-fora-a-practica-totalidade-das-alegacions-da-vecinanza\\\/\"]}]},{\"@type\":\"ImageObject\",\"inLanguage\":\"gl-ES\",\"@id\":\"https:\\\/\\\/www.anovapeneira.gal\\\/index.php\\\/2025\\\/12\\\/31\\\/o-bng-anuncia-o-seu-voto-en-contra-da-ordenanza-do-lixo-porque-deixa-fora-a-practica-totalidade-das-alegacions-da-vecinanza\\\/#primaryimage\",\"url\":\"https:\\\/\\\/www.anovapeneira.gal\\\/wp-content\\\/uploads\\\/2022\\\/09\\\/bng_logo_2.jpg\",\"contentUrl\":\"https:\\\/\\\/www.anovapeneira.gal\\\/wp-content\\\/uploads\\\/2022\\\/09\\\/bng_logo_2.jpg\",\"width\":720,\"height\":432,\"caption\":\"Logotipo BNG\"},{\"@type\":\"BreadcrumbList\",\"@id\":\"https:\\\/\\\/www.anovapeneira.gal\\\/index.php\\\/2025\\\/12\\\/31\\\/o-bng-anuncia-o-seu-voto-en-contra-da-ordenanza-do-lixo-porque-deixa-fora-a-practica-totalidade-das-alegacions-da-vecinanza\\\/#breadcrumb\",\"itemListElement\":[{\"@type\":\"ListItem\",\"position\":1,\"name\":\"Portada\",\"item\":\"https:\\\/\\\/www.anovapeneira.gal\\\/\"},{\"@type\":\"ListItem\",\"position\":2,\"name\":\"O BNG anuncia o seu voto en contra da ordenanza do lixo porque deixa f\u00f3ra a pr\u00e1ctica totalidade das alegaci\u00f3ns da veci\u00f1anza\"}]},{\"@type\":\"WebSite\",\"@id\":\"https:\\\/\\\/www.anovapeneira.gal\\\/#website\",\"url\":\"https:\\\/\\\/www.anovapeneira.gal\\\/\",\"name\":\"\",\"description\":\"Xornal galego de informaci\u00f3n xeral Publicaci\u00f3n mensual de novas de Galicia e en especial dos Concellos da sur da provincia de Pontevedra.\",\"publisher\":{\"@id\":\"https:\\\/\\\/www.anovapeneira.gal\\\/#organization\"},\"potentialAction\":[{\"@type\":\"SearchAction\",\"target\":{\"@type\":\"EntryPoint\",\"urlTemplate\":\"https:\\\/\\\/www.anovapeneira.gal\\\/?s={search_term_string}\"},\"query-input\":{\"@type\":\"PropertyValueSpecification\",\"valueRequired\":true,\"valueName\":\"search_term_string\"}}],\"inLanguage\":\"gl-ES\"},{\"@type\":\"Organization\",\"@id\":\"https:\\\/\\\/www.anovapeneira.gal\\\/#organization\",\"name\":\"A Nova Peneira\",\"url\":\"https:\\\/\\\/www.anovapeneira.gal\\\/\",\"logo\":{\"@type\":\"ImageObject\",\"inLanguage\":\"gl-ES\",\"@id\":\"https:\\\/\\\/www.anovapeneira.gal\\\/#\\\/schema\\\/logo\\\/image\\\/\",\"url\":\"http:\\\/\\\/www.anovapeneira.gal\\\/wp-content\\\/uploads\\\/2019\\\/06\\\/logo_a_nova_peneira_portal_web.png\",\"contentUrl\":\"http:\\\/\\\/www.anovapeneira.gal\\\/wp-content\\\/uploads\\\/2019\\\/06\\\/logo_a_nova_peneira_portal_web.png\",\"width\":300,\"height\":100,\"caption\":\"A Nova Peneira\"},\"image\":{\"@id\":\"https:\\\/\\\/www.anovapeneira.gal\\\/#\\\/schema\\\/logo\\\/image\\\/\"},\"sameAs\":[\"https:\\\/\\\/www.facebook.com\\\/anovapeneira\",\"https:\\\/\\\/x.com\\\/APeneira\"]},{\"@type\":\"Person\",\"@id\":\"https:\\\/\\\/www.anovapeneira.gal\\\/#\\\/schema\\\/person\\\/b93e3f8932e3f8da96334607eb6ac6aa\",\"name\":\"Redacci\u00f3n A Nova Peneira\",\"image\":{\"@type\":\"ImageObject\",\"inLanguage\":\"gl-ES\",\"@id\":\"https:\\\/\\\/secure.gravatar.com\\\/avatar\\\/c052a2551a06e23fac63626232eaa90abd78dbcf1700fc46a2b2c89fd27b735f?s=96&d=mm&r=g\",\"url\":\"https:\\\/\\\/secure.gravatar.com\\\/avatar\\\/c052a2551a06e23fac63626232eaa90abd78dbcf1700fc46a2b2c89fd27b735f?s=96&d=mm&r=g\",\"contentUrl\":\"https:\\\/\\\/secure.gravatar.com\\\/avatar\\\/c052a2551a06e23fac63626232eaa90abd78dbcf1700fc46a2b2c89fd27b735f?s=96&d=mm&r=g\",\"caption\":\"Redacci\u00f3n A Nova Peneira\"},\"sameAs\":[\"http:\\\/\\\/www.anovapeneira.gal\\\/\"],\"url\":\"https:\\\/\\\/www.anovapeneira.gal\\\/index.php\\\/author\\\/redactor\\\/\"}]}<\/script>\n<!-- \/ Yoast SEO plugin. -->","yoast_head_json":{"title":"O BNG anuncia o seu voto en contra da ordenanza do lixo porque deixa f\u00f3ra a pr\u00e1ctica totalidade das alegaci\u00f3ns da veci\u00f1anza -","robots":{"index":"index","follow":"follow","max-snippet":"max-snippet:-1","max-image-preview":"max-image-preview:large","max-video-preview":"max-video-preview:-1"},"canonical":"https:\/\/www.anovapeneira.gal\/index.php\/2025\/12\/31\/o-bng-anuncia-o-seu-voto-en-contra-da-ordenanza-do-lixo-porque-deixa-fora-a-practica-totalidade-das-alegacions-da-vecinanza\/","og_locale":"gl_ES","og_type":"article","og_title":"O BNG anuncia o seu voto en contra da ordenanza do lixo porque deixa f\u00f3ra a pr\u00e1ctica totalidade das alegaci\u00f3ns da veci\u00f1anza -","og_description":"A organizaci\u00f3n nacionalista denuncia que o goberno de Ferreira non atendeu as alegaci\u00f3ns e emendas e que se limita a sacar adiante unha proposta puramente recadatoria, contravindo o esp\u00edritu da lei que a inspira [...]","og_url":"https:\/\/www.anovapeneira.gal\/index.php\/2025\/12\/31\/o-bng-anuncia-o-seu-voto-en-contra-da-ordenanza-do-lixo-porque-deixa-fora-a-practica-totalidade-das-alegacions-da-vecinanza\/","article_publisher":"https:\/\/www.facebook.com\/anovapeneira","article_published_time":"2025-12-31T09:00:24+00:00","article_modified_time":"2026-01-02T09:14:11+00:00","og_image":[{"width":720,"height":432,"url":"https:\/\/www.anovapeneira.gal\/wp-content\/uploads\/2022\/09\/bng_logo_2.jpg","type":"image\/jpeg"}],"author":"Redacci\u00f3n A Nova Peneira","twitter_card":"summary_large_image","twitter_creator":"@APeneira","twitter_site":"@APeneira","twitter_misc":{"Escrito por":"Redacci\u00f3n A Nova Peneira","Tempo de lectura":"3 minutos"},"schema":{"@context":"https:\/\/schema.org","@graph":[{"@type":"Article","@id":"https:\/\/www.anovapeneira.gal\/index.php\/2025\/12\/31\/o-bng-anuncia-o-seu-voto-en-contra-da-ordenanza-do-lixo-porque-deixa-fora-a-practica-totalidade-das-alegacions-da-vecinanza\/#article","isPartOf":{"@id":"https:\/\/www.anovapeneira.gal\/index.php\/2025\/12\/31\/o-bng-anuncia-o-seu-voto-en-contra-da-ordenanza-do-lixo-porque-deixa-fora-a-practica-totalidade-das-alegacions-da-vecinanza\/"},"author":{"name":"Redacci\u00f3n A Nova Peneira","@id":"https:\/\/www.anovapeneira.gal\/#\/schema\/person\/b93e3f8932e3f8da96334607eb6ac6aa"},"headline":"O BNG anuncia o seu voto en contra da ordenanza do lixo porque deixa f\u00f3ra a pr\u00e1ctica totalidade das alegaci\u00f3ns da veci\u00f1anza","datePublished":"2025-12-31T09:00:24+00:00","dateModified":"2026-01-02T09:14:11+00:00","mainEntityOfPage":{"@id":"https:\/\/www.anovapeneira.gal\/index.php\/2025\/12\/31\/o-bng-anuncia-o-seu-voto-en-contra-da-ordenanza-do-lixo-porque-deixa-fora-a-practica-totalidade-das-alegacions-da-vecinanza\/"},"wordCount":457,"commentCount":0,"publisher":{"@id":"https:\/\/www.anovapeneira.gal\/#organization"},"image":{"@id":"https:\/\/www.anovapeneira.gal\/index.php\/2025\/12\/31\/o-bng-anuncia-o-seu-voto-en-contra-da-ordenanza-do-lixo-porque-deixa-fora-a-practica-totalidade-das-alegacions-da-vecinanza\/#primaryimage"},"thumbnailUrl":"https:\/\/www.anovapeneira.gal\/wp-content\/uploads\/2022\/09\/bng_logo_2.jpg","keywords":["Concello de Gondomar"],"articleSection":["Sin categor\u00eda","Val Mi\u00f1or"],"inLanguage":"gl-ES","potentialAction":[{"@type":"CommentAction","name":"Comment","target":["https:\/\/www.anovapeneira.gal\/index.php\/2025\/12\/31\/o-bng-anuncia-o-seu-voto-en-contra-da-ordenanza-do-lixo-porque-deixa-fora-a-practica-totalidade-das-alegacions-da-vecinanza\/#respond"]}]},{"@type":"WebPage","@id":"https:\/\/www.anovapeneira.gal\/index.php\/2025\/12\/31\/o-bng-anuncia-o-seu-voto-en-contra-da-ordenanza-do-lixo-porque-deixa-fora-a-practica-totalidade-das-alegacions-da-vecinanza\/","url":"https:\/\/www.anovapeneira.gal\/index.php\/2025\/12\/31\/o-bng-anuncia-o-seu-voto-en-contra-da-ordenanza-do-lixo-porque-deixa-fora-a-practica-totalidade-das-alegacions-da-vecinanza\/","name":"O BNG anuncia o seu voto en contra da ordenanza do lixo porque deixa f\u00f3ra a pr\u00e1ctica totalidade das alegaci\u00f3ns da veci\u00f1anza -","isPartOf":{"@id":"https:\/\/www.anovapeneira.gal\/#website"},"primaryImageOfPage":{"@id":"https:\/\/www.anovapeneira.gal\/index.php\/2025\/12\/31\/o-bng-anuncia-o-seu-voto-en-contra-da-ordenanza-do-lixo-porque-deixa-fora-a-practica-totalidade-das-alegacions-da-vecinanza\/#primaryimage"},"image":{"@id":"https:\/\/www.anovapeneira.gal\/index.php\/2025\/12\/31\/o-bng-anuncia-o-seu-voto-en-contra-da-ordenanza-do-lixo-porque-deixa-fora-a-practica-totalidade-das-alegacions-da-vecinanza\/#primaryimage"},"thumbnailUrl":"https:\/\/www.anovapeneira.gal\/wp-content\/uploads\/2022\/09\/bng_logo_2.jpg","datePublished":"2025-12-31T09:00:24+00:00","dateModified":"2026-01-02T09:14:11+00:00","breadcrumb":{"@id":"https:\/\/www.anovapeneira.gal\/index.php\/2025\/12\/31\/o-bng-anuncia-o-seu-voto-en-contra-da-ordenanza-do-lixo-porque-deixa-fora-a-practica-totalidade-das-alegacions-da-vecinanza\/#breadcrumb"},"inLanguage":"gl-ES","potentialAction":[{"@type":"ReadAction","target":["https:\/\/www.anovapeneira.gal\/index.php\/2025\/12\/31\/o-bng-anuncia-o-seu-voto-en-contra-da-ordenanza-do-lixo-porque-deixa-fora-a-practica-totalidade-das-alegacions-da-vecinanza\/"]}]},{"@type":"ImageObject","inLanguage":"gl-ES","@id":"https:\/\/www.anovapeneira.gal\/index.php\/2025\/12\/31\/o-bng-anuncia-o-seu-voto-en-contra-da-ordenanza-do-lixo-porque-deixa-fora-a-practica-totalidade-das-alegacions-da-vecinanza\/#primaryimage","url":"https:\/\/www.anovapeneira.gal\/wp-content\/uploads\/2022\/09\/bng_logo_2.jpg","contentUrl":"https:\/\/www.anovapeneira.gal\/wp-content\/uploads\/2022\/09\/bng_logo_2.jpg","width":720,"height":432,"caption":"Logotipo BNG"},{"@type":"BreadcrumbList","@id":"https:\/\/www.anovapeneira.gal\/index.php\/2025\/12\/31\/o-bng-anuncia-o-seu-voto-en-contra-da-ordenanza-do-lixo-porque-deixa-fora-a-practica-totalidade-das-alegacions-da-vecinanza\/#breadcrumb","itemListElement":[{"@type":"ListItem","position":1,"name":"Portada","item":"https:\/\/www.anovapeneira.gal\/"},{"@type":"ListItem","position":2,"name":"O BNG anuncia o seu voto en contra da ordenanza do lixo porque deixa f\u00f3ra a pr\u00e1ctica totalidade das alegaci\u00f3ns da veci\u00f1anza"}]},{"@type":"WebSite","@id":"https:\/\/www.anovapeneira.gal\/#website","url":"https:\/\/www.anovapeneira.gal\/","name":"","description":"Xornal galego de informaci\u00f3n xeral Publicaci\u00f3n mensual de novas de Galicia e en especial dos Concellos da sur da provincia de Pontevedra.","publisher":{"@id":"https:\/\/www.anovapeneira.gal\/#organization"},"potentialAction":[{"@type":"SearchAction","target":{"@type":"EntryPoint","urlTemplate":"https:\/\/www.anovapeneira.gal\/?s={search_term_string}"},"query-input":{"@type":"PropertyValueSpecification","valueRequired":true,"valueName":"search_term_string"}}],"inLanguage":"gl-ES"},{"@type":"Organization","@id":"https:\/\/www.anovapeneira.gal\/#organization","name":"A Nova Peneira","url":"https:\/\/www.anovapeneira.gal\/","logo":{"@type":"ImageObject","inLanguage":"gl-ES","@id":"https:\/\/www.anovapeneira.gal\/#\/schema\/logo\/image\/","url":"http:\/\/www.anovapeneira.gal\/wp-content\/uploads\/2019\/06\/logo_a_nova_peneira_portal_web.png","contentUrl":"http:\/\/www.anovapeneira.gal\/wp-content\/uploads\/2019\/06\/logo_a_nova_peneira_portal_web.png","width":300,"height":100,"caption":"A Nova Peneira"},"image":{"@id":"https:\/\/www.anovapeneira.gal\/#\/schema\/logo\/image\/"},"sameAs":["https:\/\/www.facebook.com\/anovapeneira","https:\/\/x.com\/APeneira"]},{"@type":"Person","@id":"https:\/\/www.anovapeneira.gal\/#\/schema\/person\/b93e3f8932e3f8da96334607eb6ac6aa","name":"Redacci\u00f3n A Nova Peneira","image":{"@type":"ImageObject","inLanguage":"gl-ES","@id":"https:\/\/secure.gravatar.com\/avatar\/c052a2551a06e23fac63626232eaa90abd78dbcf1700fc46a2b2c89fd27b735f?s=96&d=mm&r=g","url":"https:\/\/secure.gravatar.com\/avatar\/c052a2551a06e23fac63626232eaa90abd78dbcf1700fc46a2b2c89fd27b735f?s=96&d=mm&r=g","contentUrl":"https:\/\/secure.gravatar.com\/avatar\/c052a2551a06e23fac63626232eaa90abd78dbcf1700fc46a2b2c89fd27b735f?s=96&d=mm&r=g","caption":"Redacci\u00f3n A Nova Peneira"},"sameAs":["http:\/\/www.anovapeneira.gal\/"],"url":"https:\/\/www.anovapeneira.gal\/index.php\/author\/redactor\/"}]}},"jetpack_featured_media_url":"https:\/\/www.anovapeneira.gal\/wp-content\/uploads\/2022\/09\/bng_logo_2.jpg","_links":{"self":[{"href":"https:\/\/www.anovapeneira.gal\/index.php\/wp-json\/wp\/v2\/posts\/15147","targetHints":{"allow":["GET"]}}],"collection":[{"href":"https:\/\/www.anovapeneira.gal\/index.php\/wp-json\/wp\/v2\/posts"}],"about":[{"href":"https:\/\/www.anovapeneira.gal\/index.php\/wp-json\/wp\/v2\/types\/post"}],"author":[{"embeddable":true,"href":"https:\/\/www.anovapeneira.gal\/index.php\/wp-json\/wp\/v2\/users\/3"}],"replies":[{"embeddable":true,"href":"https:\/\/www.anovapeneira.gal\/index.php\/wp-json\/wp\/v2\/comments?post=15147"}],"version-history":[{"count":1,"href":"https:\/\/www.anovapeneira.gal\/index.php\/wp-json\/wp\/v2\/posts\/15147\/revisions"}],"predecessor-version":[{"id":15148,"href":"https:\/\/www.anovapeneira.gal\/index.php\/wp-json\/wp\/v2\/posts\/15147\/revisions\/15148"}],"wp:featuredmedia":[{"embeddable":true,"href":"https:\/\/www.anovapeneira.gal\/index.php\/wp-json\/wp\/v2\/media\/8265"}],"wp:attachment":[{"href":"https:\/\/www.anovapeneira.gal\/index.php\/wp-json\/wp\/v2\/media?parent=15147"}],"wp:term":[{"taxonomy":"category","embeddable":true,"href":"https:\/\/www.anovapeneira.gal\/index.php\/wp-json\/wp\/v2\/categories?post=15147"},{"taxonomy":"post_tag","embeddable":true,"href":"https:\/\/www.anovapeneira.gal\/index.php\/wp-json\/wp\/v2\/tags?post=15147"}],"curies":[{"name":"wp","href":"https:\/\/api.w.org\/{rel}","templated":true}]}}