{"id":15149,"date":"2025-12-31T12:00:15","date_gmt":"2025-12-31T11:00:15","guid":{"rendered":"https:\/\/www.anovapeneira.gal\/?p=15149"},"modified":"2025-12-26T18:06:40","modified_gmt":"2025-12-26T17:06:40","slug":"a-mocidade-enche-os-buzons-das-persoas-maiores-de-tomino-de-agarimo","status":"publish","type":"post","link":"https:\/\/www.anovapeneira.gal\/index.php\/2025\/12\/31\/a-mocidade-enche-os-buzons-das-persoas-maiores-de-tomino-de-agarimo\/","title":{"rendered":"A mocidade enche os buz\u00f3ns das persoas maiores de Tomi\u00f1o de agarimo"},"content":{"rendered":"\n<h2 class=\"wp-block-heading\"><strong>Arredor de 614 veci\u00f1os e veci\u00f1as de m\u00e1is de 85 anos do concello recibir\u00e1n unha postal de Nadal personalizada creada polo alumnado de educaci\u00f3n primaria e secundaria<\/strong><\/h2>\n\n\n\n<p><strong>Tomi\u00f1o, 23 de decembro de 2025.<\/strong><\/p>\n\n\n\n<p>En Tomi\u00f1o o Nadal viaxa de xeraci\u00f3n en xeraci\u00f3n. A maxia destas datas volve coller forma de papel, cores e palabras agarimosas grazas a unha iniciativa que leva conectando \u00e1 infancia e mocidade tomi\u00f1esa coas persoas maiores do concello.<\/p>\n\n\n\n<p>Este Nadal, un total de 614 veci\u00f1os e veci\u00f1as maiores de Tomi\u00f1o recibir\u00e1n unha postal personalizada de Nadal e Aninovo, elaborada a man por 614 nenas e nenos dos centros de educaci\u00f3n primaria do municipio e do IES Ant\u00f3n Alonso R\u00edos. Cartas \u00fanicas e personalizadas pensadas para que ningunha persoa maior de 85 anos quede sen unha mensaxe de afecto nestas datas tan sinaladas. O proxecto levar\u00e1 cartas tanto as e aos maiores das residencias como a aqueles que viven nos seus fogares ou a usuarios e usuarias do Servizo de Axuda no Fogar.<\/p>\n\n\n\n<p>A iniciativa xurdiu no ano 2020, en plena pandemia, da man do Consello da Infancia e Adolescencia de Tomi\u00f1o, Voces Novas, e consolidouse co paso dos anos como un proxecto interxeracional cargado de significado. Antes de que chegue o Nadal, o alumnado participante ponse mans \u00e1 obra para dese\u00f1ar e escribir postais cheas de ilusi\u00f3n, recuperando tam\u00e9n a tradici\u00f3n de escribir cartas a man.<\/p>\n\n\n\n<p>A alcaldesa de Tomi\u00f1o, Sandra Gonz\u00e1lez, destacou o valor humano da iniciativa, \u201cun dos proxectos m\u00e1is fermosos que facemos como concello, porque fala de coidado, de respecto e de comunidade. As postais levan moito m\u00e1is ca palabras: levan tempo, ilusi\u00f3n e unha mensaxe clara de que en Tomi\u00f1o ningu\u00e9n est\u00e1 s\u00f3 no Nadal\u201d.<\/p>\n\n\n\n<p>Pola s\u00faa banda, o concelleiro de Mocidade, Agust\u00edn Gonz\u00e1lez, puxo en valor o papel da infancia. \u201cAs nenas e nenos demostran unha sensibilidade enorme. Con cada debuxo, mensaxe e frase est\u00e1n a aprender valores como a empat\u00eda e a solidariedade, ao tempo que crean lazos reais coas persoas maiores\u201d, recalcou.<\/p>\n\n\n\n<p>En moitos casos, estas cartas te\u00f1en resposta. Algunhas persoas maiores escriben de volta, dando lugar a pequenas historias de amizade entre xeraci\u00f3ns moi distintas que atopan no papel un punto de encontro. Un xesto sinxelo que converte o Nadal en algo m\u00e1is profundo: un tempo para compartir, lembrar e sentir que se forma parte dunha comunidade viva e coidadora.<\/p>\n","protected":false},"excerpt":{"rendered":"<div class=\"mh-excerpt\"><p>Arredor de 614 veci\u00f1os e veci\u00f1as de m\u00e1is de 85 anos do concello recibir\u00e1n unha postal de Nadal personalizada creada polo alumnado de educaci\u00f3n primaria e secundaria <a class=\"mh-excerpt-more\" href=\"https:\/\/www.anovapeneira.gal\/index.php\/2025\/12\/31\/a-mocidade-enche-os-buzons-das-persoas-maiores-de-tomino-de-agarimo\/\" title=\"A mocidade enche os buz\u00f3ns das persoas maiores de Tomi\u00f1o de agarimo\">[&#8230;]<\/a><\/p>\n<\/div>","protected":false},"author":3,"featured_media":15150,"comment_status":"open","ping_status":"open","sticky":false,"template":"","format":"standard","meta":{"_exactmetrics_skip_tracking":false,"_exactmetrics_sitenote_active":false,"_exactmetrics_sitenote_note":"","_exactmetrics_sitenote_category":0,"footnotes":""},"categories":[21],"tags":[81],"class_list":{"0":"post-15149","1":"post","2":"type-post","3":"status-publish","4":"format-standard","5":"has-post-thumbnail","7":"category-baixo-mino","8":"tag-concello-de-tomino"},"yoast_head":"<!-- This site is optimized with the Yoast SEO plugin v27.4 - https:\/\/yoast.com\/product\/yoast-seo-wordpress\/ -->\n<title>A mocidade enche os buz\u00f3ns das persoas maiores de Tomi\u00f1o de agarimo -<\/title>\n<meta name=\"robots\" content=\"index, follow, max-snippet:-1, max-image-preview:large, max-video-preview:-1\" \/>\n<link rel=\"canonical\" href=\"https:\/\/www.anovapeneira.gal\/index.php\/2025\/12\/31\/a-mocidade-enche-os-buzons-das-persoas-maiores-de-tomino-de-agarimo\/\" \/>\n<meta property=\"og:locale\" content=\"gl_ES\" \/>\n<meta property=\"og:type\" content=\"article\" \/>\n<meta property=\"og:title\" content=\"A mocidade enche os buz\u00f3ns das persoas maiores de Tomi\u00f1o de agarimo -\" \/>\n<meta property=\"og:description\" content=\"Arredor de 614 veci\u00f1os e veci\u00f1as de m\u00e1is de 85 anos do concello recibir\u00e1n unha postal de Nadal personalizada creada polo alumnado de educaci\u00f3n primaria e secundaria [...]\" \/>\n<meta property=\"og:url\" content=\"https:\/\/www.anovapeneira.gal\/index.php\/2025\/12\/31\/a-mocidade-enche-os-buzons-das-persoas-maiores-de-tomino-de-agarimo\/\" \/>\n<meta property=\"article:publisher\" content=\"https:\/\/www.facebook.com\/anovapeneira\" \/>\n<meta property=\"article:published_time\" content=\"2025-12-31T11:00:15+00:00\" \/>\n<meta property=\"og:image\" content=\"https:\/\/www.anovapeneira.gal\/wp-content\/uploads\/2025\/12\/mocidade_tominho.png\" \/>\n\t<meta property=\"og:image:width\" content=\"720\" \/>\n\t<meta property=\"og:image:height\" content=\"432\" \/>\n\t<meta property=\"og:image:type\" content=\"image\/png\" \/>\n<meta name=\"author\" content=\"Redacci\u00f3n A Nova Peneira\" \/>\n<meta name=\"twitter:card\" content=\"summary_large_image\" \/>\n<meta name=\"twitter:creator\" content=\"@APeneira\" \/>\n<meta name=\"twitter:site\" content=\"@APeneira\" \/>\n<meta name=\"twitter:label1\" content=\"Escrito por\" \/>\n\t<meta name=\"twitter:data1\" content=\"Redacci\u00f3n A Nova Peneira\" \/>\n\t<meta name=\"twitter:label2\" content=\"Tempo de lectura\" \/>\n\t<meta name=\"twitter:data2\" content=\"3 minutos\" \/>\n<script type=\"application\/ld+json\" class=\"yoast-schema-graph\">{\"@context\":\"https:\\\/\\\/schema.org\",\"@graph\":[{\"@type\":\"Article\",\"@id\":\"https:\\\/\\\/www.anovapeneira.gal\\\/index.php\\\/2025\\\/12\\\/31\\\/a-mocidade-enche-os-buzons-das-persoas-maiores-de-tomino-de-agarimo\\\/#article\",\"isPartOf\":{\"@id\":\"https:\\\/\\\/www.anovapeneira.gal\\\/index.php\\\/2025\\\/12\\\/31\\\/a-mocidade-enche-os-buzons-das-persoas-maiores-de-tomino-de-agarimo\\\/\"},\"author\":{\"name\":\"Redacci\u00f3n A Nova Peneira\",\"@id\":\"https:\\\/\\\/www.anovapeneira.gal\\\/#\\\/schema\\\/person\\\/b93e3f8932e3f8da96334607eb6ac6aa\"},\"headline\":\"A mocidade enche os buz\u00f3ns das persoas maiores de Tomi\u00f1o de agarimo\",\"datePublished\":\"2025-12-31T11:00:15+00:00\",\"mainEntityOfPage\":{\"@id\":\"https:\\\/\\\/www.anovapeneira.gal\\\/index.php\\\/2025\\\/12\\\/31\\\/a-mocidade-enche-os-buzons-das-persoas-maiores-de-tomino-de-agarimo\\\/\"},\"wordCount\":433,\"commentCount\":0,\"publisher\":{\"@id\":\"https:\\\/\\\/www.anovapeneira.gal\\\/#organization\"},\"image\":{\"@id\":\"https:\\\/\\\/www.anovapeneira.gal\\\/index.php\\\/2025\\\/12\\\/31\\\/a-mocidade-enche-os-buzons-das-persoas-maiores-de-tomino-de-agarimo\\\/#primaryimage\"},\"thumbnailUrl\":\"https:\\\/\\\/www.anovapeneira.gal\\\/wp-content\\\/uploads\\\/2025\\\/12\\\/mocidade_tominho.png\",\"keywords\":[\"Concello de Tomi\u00f1o\"],\"articleSection\":[\"Baixo Mi\u00f1o\"],\"inLanguage\":\"gl-ES\",\"potentialAction\":[{\"@type\":\"CommentAction\",\"name\":\"Comment\",\"target\":[\"https:\\\/\\\/www.anovapeneira.gal\\\/index.php\\\/2025\\\/12\\\/31\\\/a-mocidade-enche-os-buzons-das-persoas-maiores-de-tomino-de-agarimo\\\/#respond\"]}]},{\"@type\":\"WebPage\",\"@id\":\"https:\\\/\\\/www.anovapeneira.gal\\\/index.php\\\/2025\\\/12\\\/31\\\/a-mocidade-enche-os-buzons-das-persoas-maiores-de-tomino-de-agarimo\\\/\",\"url\":\"https:\\\/\\\/www.anovapeneira.gal\\\/index.php\\\/2025\\\/12\\\/31\\\/a-mocidade-enche-os-buzons-das-persoas-maiores-de-tomino-de-agarimo\\\/\",\"name\":\"A mocidade enche os buz\u00f3ns das persoas maiores de Tomi\u00f1o de agarimo -\",\"isPartOf\":{\"@id\":\"https:\\\/\\\/www.anovapeneira.gal\\\/#website\"},\"primaryImageOfPage\":{\"@id\":\"https:\\\/\\\/www.anovapeneira.gal\\\/index.php\\\/2025\\\/12\\\/31\\\/a-mocidade-enche-os-buzons-das-persoas-maiores-de-tomino-de-agarimo\\\/#primaryimage\"},\"image\":{\"@id\":\"https:\\\/\\\/www.anovapeneira.gal\\\/index.php\\\/2025\\\/12\\\/31\\\/a-mocidade-enche-os-buzons-das-persoas-maiores-de-tomino-de-agarimo\\\/#primaryimage\"},\"thumbnailUrl\":\"https:\\\/\\\/www.anovapeneira.gal\\\/wp-content\\\/uploads\\\/2025\\\/12\\\/mocidade_tominho.png\",\"datePublished\":\"2025-12-31T11:00:15+00:00\",\"breadcrumb\":{\"@id\":\"https:\\\/\\\/www.anovapeneira.gal\\\/index.php\\\/2025\\\/12\\\/31\\\/a-mocidade-enche-os-buzons-das-persoas-maiores-de-tomino-de-agarimo\\\/#breadcrumb\"},\"inLanguage\":\"gl-ES\",\"potentialAction\":[{\"@type\":\"ReadAction\",\"target\":[\"https:\\\/\\\/www.anovapeneira.gal\\\/index.php\\\/2025\\\/12\\\/31\\\/a-mocidade-enche-os-buzons-das-persoas-maiores-de-tomino-de-agarimo\\\/\"]}]},{\"@type\":\"ImageObject\",\"inLanguage\":\"gl-ES\",\"@id\":\"https:\\\/\\\/www.anovapeneira.gal\\\/index.php\\\/2025\\\/12\\\/31\\\/a-mocidade-enche-os-buzons-das-persoas-maiores-de-tomino-de-agarimo\\\/#primaryimage\",\"url\":\"https:\\\/\\\/www.anovapeneira.gal\\\/wp-content\\\/uploads\\\/2025\\\/12\\\/mocidade_tominho.png\",\"contentUrl\":\"https:\\\/\\\/www.anovapeneira.gal\\\/wp-content\\\/uploads\\\/2025\\\/12\\\/mocidade_tominho.png\",\"width\":720,\"height\":432},{\"@type\":\"BreadcrumbList\",\"@id\":\"https:\\\/\\\/www.anovapeneira.gal\\\/index.php\\\/2025\\\/12\\\/31\\\/a-mocidade-enche-os-buzons-das-persoas-maiores-de-tomino-de-agarimo\\\/#breadcrumb\",\"itemListElement\":[{\"@type\":\"ListItem\",\"position\":1,\"name\":\"Portada\",\"item\":\"https:\\\/\\\/www.anovapeneira.gal\\\/\"},{\"@type\":\"ListItem\",\"position\":2,\"name\":\"A mocidade enche os buz\u00f3ns das persoas maiores de Tomi\u00f1o de agarimo\"}]},{\"@type\":\"WebSite\",\"@id\":\"https:\\\/\\\/www.anovapeneira.gal\\\/#website\",\"url\":\"https:\\\/\\\/www.anovapeneira.gal\\\/\",\"name\":\"\",\"description\":\"Xornal galego de informaci\u00f3n xeral Publicaci\u00f3n mensual de novas de Galicia e en especial dos Concellos da sur da provincia de Pontevedra.\",\"publisher\":{\"@id\":\"https:\\\/\\\/www.anovapeneira.gal\\\/#organization\"},\"potentialAction\":[{\"@type\":\"SearchAction\",\"target\":{\"@type\":\"EntryPoint\",\"urlTemplate\":\"https:\\\/\\\/www.anovapeneira.gal\\\/?s={search_term_string}\"},\"query-input\":{\"@type\":\"PropertyValueSpecification\",\"valueRequired\":true,\"valueName\":\"search_term_string\"}}],\"inLanguage\":\"gl-ES\"},{\"@type\":\"Organization\",\"@id\":\"https:\\\/\\\/www.anovapeneira.gal\\\/#organization\",\"name\":\"A Nova Peneira\",\"url\":\"https:\\\/\\\/www.anovapeneira.gal\\\/\",\"logo\":{\"@type\":\"ImageObject\",\"inLanguage\":\"gl-ES\",\"@id\":\"https:\\\/\\\/www.anovapeneira.gal\\\/#\\\/schema\\\/logo\\\/image\\\/\",\"url\":\"http:\\\/\\\/www.anovapeneira.gal\\\/wp-content\\\/uploads\\\/2019\\\/06\\\/logo_a_nova_peneira_portal_web.png\",\"contentUrl\":\"http:\\\/\\\/www.anovapeneira.gal\\\/wp-content\\\/uploads\\\/2019\\\/06\\\/logo_a_nova_peneira_portal_web.png\",\"width\":300,\"height\":100,\"caption\":\"A Nova Peneira\"},\"image\":{\"@id\":\"https:\\\/\\\/www.anovapeneira.gal\\\/#\\\/schema\\\/logo\\\/image\\\/\"},\"sameAs\":[\"https:\\\/\\\/www.facebook.com\\\/anovapeneira\",\"https:\\\/\\\/x.com\\\/APeneira\"]},{\"@type\":\"Person\",\"@id\":\"https:\\\/\\\/www.anovapeneira.gal\\\/#\\\/schema\\\/person\\\/b93e3f8932e3f8da96334607eb6ac6aa\",\"name\":\"Redacci\u00f3n A Nova Peneira\",\"image\":{\"@type\":\"ImageObject\",\"inLanguage\":\"gl-ES\",\"@id\":\"https:\\\/\\\/secure.gravatar.com\\\/avatar\\\/c052a2551a06e23fac63626232eaa90abd78dbcf1700fc46a2b2c89fd27b735f?s=96&d=mm&r=g\",\"url\":\"https:\\\/\\\/secure.gravatar.com\\\/avatar\\\/c052a2551a06e23fac63626232eaa90abd78dbcf1700fc46a2b2c89fd27b735f?s=96&d=mm&r=g\",\"contentUrl\":\"https:\\\/\\\/secure.gravatar.com\\\/avatar\\\/c052a2551a06e23fac63626232eaa90abd78dbcf1700fc46a2b2c89fd27b735f?s=96&d=mm&r=g\",\"caption\":\"Redacci\u00f3n A Nova Peneira\"},\"sameAs\":[\"http:\\\/\\\/www.anovapeneira.gal\\\/\"],\"url\":\"https:\\\/\\\/www.anovapeneira.gal\\\/index.php\\\/author\\\/redactor\\\/\"}]}<\/script>\n<!-- \/ Yoast SEO plugin. -->","yoast_head_json":{"title":"A mocidade enche os buz\u00f3ns das persoas maiores de Tomi\u00f1o de agarimo -","robots":{"index":"index","follow":"follow","max-snippet":"max-snippet:-1","max-image-preview":"max-image-preview:large","max-video-preview":"max-video-preview:-1"},"canonical":"https:\/\/www.anovapeneira.gal\/index.php\/2025\/12\/31\/a-mocidade-enche-os-buzons-das-persoas-maiores-de-tomino-de-agarimo\/","og_locale":"gl_ES","og_type":"article","og_title":"A mocidade enche os buz\u00f3ns das persoas maiores de Tomi\u00f1o de agarimo -","og_description":"Arredor de 614 veci\u00f1os e veci\u00f1as de m\u00e1is de 85 anos do concello recibir\u00e1n unha postal de Nadal personalizada creada polo alumnado de educaci\u00f3n primaria e secundaria [...]","og_url":"https:\/\/www.anovapeneira.gal\/index.php\/2025\/12\/31\/a-mocidade-enche-os-buzons-das-persoas-maiores-de-tomino-de-agarimo\/","article_publisher":"https:\/\/www.facebook.com\/anovapeneira","article_published_time":"2025-12-31T11:00:15+00:00","og_image":[{"width":720,"height":432,"url":"https:\/\/www.anovapeneira.gal\/wp-content\/uploads\/2025\/12\/mocidade_tominho.png","type":"image\/png"}],"author":"Redacci\u00f3n A Nova Peneira","twitter_card":"summary_large_image","twitter_creator":"@APeneira","twitter_site":"@APeneira","twitter_misc":{"Escrito por":"Redacci\u00f3n A Nova Peneira","Tempo de lectura":"3 minutos"},"schema":{"@context":"https:\/\/schema.org","@graph":[{"@type":"Article","@id":"https:\/\/www.anovapeneira.gal\/index.php\/2025\/12\/31\/a-mocidade-enche-os-buzons-das-persoas-maiores-de-tomino-de-agarimo\/#article","isPartOf":{"@id":"https:\/\/www.anovapeneira.gal\/index.php\/2025\/12\/31\/a-mocidade-enche-os-buzons-das-persoas-maiores-de-tomino-de-agarimo\/"},"author":{"name":"Redacci\u00f3n A Nova Peneira","@id":"https:\/\/www.anovapeneira.gal\/#\/schema\/person\/b93e3f8932e3f8da96334607eb6ac6aa"},"headline":"A mocidade enche os buz\u00f3ns das persoas maiores de Tomi\u00f1o de agarimo","datePublished":"2025-12-31T11:00:15+00:00","mainEntityOfPage":{"@id":"https:\/\/www.anovapeneira.gal\/index.php\/2025\/12\/31\/a-mocidade-enche-os-buzons-das-persoas-maiores-de-tomino-de-agarimo\/"},"wordCount":433,"commentCount":0,"publisher":{"@id":"https:\/\/www.anovapeneira.gal\/#organization"},"image":{"@id":"https:\/\/www.anovapeneira.gal\/index.php\/2025\/12\/31\/a-mocidade-enche-os-buzons-das-persoas-maiores-de-tomino-de-agarimo\/#primaryimage"},"thumbnailUrl":"https:\/\/www.anovapeneira.gal\/wp-content\/uploads\/2025\/12\/mocidade_tominho.png","keywords":["Concello de Tomi\u00f1o"],"articleSection":["Baixo Mi\u00f1o"],"inLanguage":"gl-ES","potentialAction":[{"@type":"CommentAction","name":"Comment","target":["https:\/\/www.anovapeneira.gal\/index.php\/2025\/12\/31\/a-mocidade-enche-os-buzons-das-persoas-maiores-de-tomino-de-agarimo\/#respond"]}]},{"@type":"WebPage","@id":"https:\/\/www.anovapeneira.gal\/index.php\/2025\/12\/31\/a-mocidade-enche-os-buzons-das-persoas-maiores-de-tomino-de-agarimo\/","url":"https:\/\/www.anovapeneira.gal\/index.php\/2025\/12\/31\/a-mocidade-enche-os-buzons-das-persoas-maiores-de-tomino-de-agarimo\/","name":"A mocidade enche os buz\u00f3ns das persoas maiores de Tomi\u00f1o de agarimo -","isPartOf":{"@id":"https:\/\/www.anovapeneira.gal\/#website"},"primaryImageOfPage":{"@id":"https:\/\/www.anovapeneira.gal\/index.php\/2025\/12\/31\/a-mocidade-enche-os-buzons-das-persoas-maiores-de-tomino-de-agarimo\/#primaryimage"},"image":{"@id":"https:\/\/www.anovapeneira.gal\/index.php\/2025\/12\/31\/a-mocidade-enche-os-buzons-das-persoas-maiores-de-tomino-de-agarimo\/#primaryimage"},"thumbnailUrl":"https:\/\/www.anovapeneira.gal\/wp-content\/uploads\/2025\/12\/mocidade_tominho.png","datePublished":"2025-12-31T11:00:15+00:00","breadcrumb":{"@id":"https:\/\/www.anovapeneira.gal\/index.php\/2025\/12\/31\/a-mocidade-enche-os-buzons-das-persoas-maiores-de-tomino-de-agarimo\/#breadcrumb"},"inLanguage":"gl-ES","potentialAction":[{"@type":"ReadAction","target":["https:\/\/www.anovapeneira.gal\/index.php\/2025\/12\/31\/a-mocidade-enche-os-buzons-das-persoas-maiores-de-tomino-de-agarimo\/"]}]},{"@type":"ImageObject","inLanguage":"gl-ES","@id":"https:\/\/www.anovapeneira.gal\/index.php\/2025\/12\/31\/a-mocidade-enche-os-buzons-das-persoas-maiores-de-tomino-de-agarimo\/#primaryimage","url":"https:\/\/www.anovapeneira.gal\/wp-content\/uploads\/2025\/12\/mocidade_tominho.png","contentUrl":"https:\/\/www.anovapeneira.gal\/wp-content\/uploads\/2025\/12\/mocidade_tominho.png","width":720,"height":432},{"@type":"BreadcrumbList","@id":"https:\/\/www.anovapeneira.gal\/index.php\/2025\/12\/31\/a-mocidade-enche-os-buzons-das-persoas-maiores-de-tomino-de-agarimo\/#breadcrumb","itemListElement":[{"@type":"ListItem","position":1,"name":"Portada","item":"https:\/\/www.anovapeneira.gal\/"},{"@type":"ListItem","position":2,"name":"A mocidade enche os buz\u00f3ns das persoas maiores de Tomi\u00f1o de agarimo"}]},{"@type":"WebSite","@id":"https:\/\/www.anovapeneira.gal\/#website","url":"https:\/\/www.anovapeneira.gal\/","name":"","description":"Xornal galego de informaci\u00f3n xeral Publicaci\u00f3n mensual de novas de Galicia e en especial dos Concellos da sur da provincia de Pontevedra.","publisher":{"@id":"https:\/\/www.anovapeneira.gal\/#organization"},"potentialAction":[{"@type":"SearchAction","target":{"@type":"EntryPoint","urlTemplate":"https:\/\/www.anovapeneira.gal\/?s={search_term_string}"},"query-input":{"@type":"PropertyValueSpecification","valueRequired":true,"valueName":"search_term_string"}}],"inLanguage":"gl-ES"},{"@type":"Organization","@id":"https:\/\/www.anovapeneira.gal\/#organization","name":"A Nova Peneira","url":"https:\/\/www.anovapeneira.gal\/","logo":{"@type":"ImageObject","inLanguage":"gl-ES","@id":"https:\/\/www.anovapeneira.gal\/#\/schema\/logo\/image\/","url":"http:\/\/www.anovapeneira.gal\/wp-content\/uploads\/2019\/06\/logo_a_nova_peneira_portal_web.png","contentUrl":"http:\/\/www.anovapeneira.gal\/wp-content\/uploads\/2019\/06\/logo_a_nova_peneira_portal_web.png","width":300,"height":100,"caption":"A Nova Peneira"},"image":{"@id":"https:\/\/www.anovapeneira.gal\/#\/schema\/logo\/image\/"},"sameAs":["https:\/\/www.facebook.com\/anovapeneira","https:\/\/x.com\/APeneira"]},{"@type":"Person","@id":"https:\/\/www.anovapeneira.gal\/#\/schema\/person\/b93e3f8932e3f8da96334607eb6ac6aa","name":"Redacci\u00f3n A Nova Peneira","image":{"@type":"ImageObject","inLanguage":"gl-ES","@id":"https:\/\/secure.gravatar.com\/avatar\/c052a2551a06e23fac63626232eaa90abd78dbcf1700fc46a2b2c89fd27b735f?s=96&d=mm&r=g","url":"https:\/\/secure.gravatar.com\/avatar\/c052a2551a06e23fac63626232eaa90abd78dbcf1700fc46a2b2c89fd27b735f?s=96&d=mm&r=g","contentUrl":"https:\/\/secure.gravatar.com\/avatar\/c052a2551a06e23fac63626232eaa90abd78dbcf1700fc46a2b2c89fd27b735f?s=96&d=mm&r=g","caption":"Redacci\u00f3n A Nova Peneira"},"sameAs":["http:\/\/www.anovapeneira.gal\/"],"url":"https:\/\/www.anovapeneira.gal\/index.php\/author\/redactor\/"}]}},"jetpack_featured_media_url":"https:\/\/www.anovapeneira.gal\/wp-content\/uploads\/2025\/12\/mocidade_tominho.png","_links":{"self":[{"href":"https:\/\/www.anovapeneira.gal\/index.php\/wp-json\/wp\/v2\/posts\/15149","targetHints":{"allow":["GET"]}}],"collection":[{"href":"https:\/\/www.anovapeneira.gal\/index.php\/wp-json\/wp\/v2\/posts"}],"about":[{"href":"https:\/\/www.anovapeneira.gal\/index.php\/wp-json\/wp\/v2\/types\/post"}],"author":[{"embeddable":true,"href":"https:\/\/www.anovapeneira.gal\/index.php\/wp-json\/wp\/v2\/users\/3"}],"replies":[{"embeddable":true,"href":"https:\/\/www.anovapeneira.gal\/index.php\/wp-json\/wp\/v2\/comments?post=15149"}],"version-history":[{"count":1,"href":"https:\/\/www.anovapeneira.gal\/index.php\/wp-json\/wp\/v2\/posts\/15149\/revisions"}],"predecessor-version":[{"id":15151,"href":"https:\/\/www.anovapeneira.gal\/index.php\/wp-json\/wp\/v2\/posts\/15149\/revisions\/15151"}],"wp:featuredmedia":[{"embeddable":true,"href":"https:\/\/www.anovapeneira.gal\/index.php\/wp-json\/wp\/v2\/media\/15150"}],"wp:attachment":[{"href":"https:\/\/www.anovapeneira.gal\/index.php\/wp-json\/wp\/v2\/media?parent=15149"}],"wp:term":[{"taxonomy":"category","embeddable":true,"href":"https:\/\/www.anovapeneira.gal\/index.php\/wp-json\/wp\/v2\/categories?post=15149"},{"taxonomy":"post_tag","embeddable":true,"href":"https:\/\/www.anovapeneira.gal\/index.php\/wp-json\/wp\/v2\/tags?post=15149"}],"curies":[{"name":"wp","href":"https:\/\/api.w.org\/{rel}","templated":true}]}}