{"id":15152,"date":"2026-01-01T10:00:47","date_gmt":"2026-01-01T09:00:47","guid":{"rendered":"https:\/\/www.anovapeneira.gal\/?p=15152"},"modified":"2025-12-26T18:13:12","modified_gmt":"2025-12-26T17:13:12","slug":"exito-de-participacion-nas-xornadas-do-patrimonio-das-parroquias-de-fornelos-e-lourido-en-salvaterra-de-mino","status":"publish","type":"post","link":"https:\/\/www.anovapeneira.gal\/index.php\/2026\/01\/01\/exito-de-participacion-nas-xornadas-do-patrimonio-das-parroquias-de-fornelos-e-lourido-en-salvaterra-de-mino\/","title":{"rendered":"\u00c9xito de participaci\u00f3n nas xornadas do patrimonio das parroquias de Fornelos e Lourido en Salvaterra de Mi\u00f1o"},"content":{"rendered":"\n<p>As xornadas sobre o patrimonio das parroquias de Fornelos e Lourido que tiveron lugar no Centro Cultural A Carballeira na parroquia de Fornelos e que duraron toda a fin de semana tiveron un gran \u00e9xito de participaci\u00f3n veci\u00f1al.<\/p>\n\n\n\n<p>Preto de duascentas persoas asistiron a algunhas das actividades que foron organizadas pola Asociaci\u00f3n Lazoiro e a Asociaci\u00f3n Veci\u00f1al e Cultural de Fornelos da Ribeira e Lourido. O eixe principal das xornadas foi a exposici\u00f3n, que contou con paneis onde se pod\u00edan co\u00f1ecer datos dos elementos patrimoniais de Fornelos e Lourido, as\u00ed como algunha proxecci\u00f3n, ademais de numerosas fotograf\u00edas, recortes de peri\u00f3dicos e escritos varios da \u00e9poca.<\/p>\n\n\n\n<p>Dende as asociaci\u00f3ns organizadoras explican que \u201cnon s\u00f3 vi\u00f1eron bastantes persoas \u00e1 exposici\u00f3n, sen\u00f3n que tam\u00e9n aportaron novas informaci\u00f3ns, achegaron fotograf\u00edas, documentos e outro tipo de materia que non ti\u00f1amos, imos vainos permitir seguir traballando na recuperaci\u00f3n da memoria das parroquias e poder po\u00f1er en valor aquelas persoas ou elementos patrimoniais de mellor forma \u201d.<\/p>\n\n\n\n<p>Ademais da exposici\u00f3n, houbo unha andaina para co\u00f1ecer o patrimonio e a presentaci\u00f3n do libro O Crime de Salvaterra de 1911 de Ant\u00f3n Lorenzo Gonz\u00e1lez, \u00abXaque\u00bb, que analiza o asasinato de Francisco Rodr\u00edguez \u00abPancho\u00bb, un agrarista da parroquia de Lourido.<\/p>\n","protected":false},"excerpt":{"rendered":"<div class=\"mh-excerpt\"><p>As xornadas sobre o patrimonio das parroquias de Fornelos e Lourido que tiveron lugar no Centro Cultural A Carballeira na parroquia de Fornelos e que duraron toda a fin de semana tiveron un gran \u00e9xito de participaci\u00f3n veci\u00f1al <a class=\"mh-excerpt-more\" href=\"https:\/\/www.anovapeneira.gal\/index.php\/2026\/01\/01\/exito-de-participacion-nas-xornadas-do-patrimonio-das-parroquias-de-fornelos-e-lourido-en-salvaterra-de-mino\/\" title=\"\u00c9xito de participaci\u00f3n nas xornadas do patrimonio das parroquias de Fornelos e Lourido en Salvaterra de Mi\u00f1o\">[&#8230;]<\/a><\/p>\n<\/div>","protected":false},"author":3,"featured_media":15153,"comment_status":"open","ping_status":"open","sticky":false,"template":"","format":"standard","meta":{"_exactmetrics_skip_tracking":false,"_exactmetrics_sitenote_active":false,"_exactmetrics_sitenote_note":"","_exactmetrics_sitenote_category":0,"footnotes":""},"categories":[25],"tags":[1283],"class_list":{"0":"post-15152","1":"post","2":"type-post","3":"status-publish","4":"format-standard","5":"has-post-thumbnail","7":"category-condado","8":"tag-concello-de-salvaterra"},"yoast_head":"<!-- This site is optimized with the Yoast SEO plugin v27.5 - https:\/\/yoast.com\/product\/yoast-seo-wordpress\/ -->\n<title>\u00c9xito de participaci\u00f3n nas xornadas do patrimonio das parroquias de Fornelos e Lourido en Salvaterra de Mi\u00f1o -<\/title>\n<meta name=\"robots\" content=\"index, follow, max-snippet:-1, max-image-preview:large, max-video-preview:-1\" \/>\n<link rel=\"canonical\" href=\"https:\/\/www.anovapeneira.gal\/index.php\/2026\/01\/01\/exito-de-participacion-nas-xornadas-do-patrimonio-das-parroquias-de-fornelos-e-lourido-en-salvaterra-de-mino\/\" \/>\n<meta property=\"og:locale\" content=\"gl_ES\" \/>\n<meta property=\"og:type\" content=\"article\" \/>\n<meta property=\"og:title\" content=\"\u00c9xito de participaci\u00f3n nas xornadas do patrimonio das parroquias de Fornelos e Lourido en Salvaterra de Mi\u00f1o -\" \/>\n<meta property=\"og:description\" content=\"As xornadas sobre o patrimonio das parroquias de Fornelos e Lourido que tiveron lugar no Centro Cultural A Carballeira na parroquia de Fornelos e que duraron toda a fin de semana tiveron un gran \u00e9xito de participaci\u00f3n veci\u00f1al [...]\" \/>\n<meta property=\"og:url\" content=\"https:\/\/www.anovapeneira.gal\/index.php\/2026\/01\/01\/exito-de-participacion-nas-xornadas-do-patrimonio-das-parroquias-de-fornelos-e-lourido-en-salvaterra-de-mino\/\" \/>\n<meta property=\"article:publisher\" content=\"https:\/\/www.facebook.com\/anovapeneira\" \/>\n<meta property=\"article:published_time\" content=\"2026-01-01T09:00:47+00:00\" \/>\n<meta property=\"og:image\" content=\"https:\/\/www.anovapeneira.gal\/wp-content\/uploads\/2025\/12\/fornelos1.png\" \/>\n\t<meta property=\"og:image:width\" content=\"720\" \/>\n\t<meta property=\"og:image:height\" content=\"432\" \/>\n\t<meta property=\"og:image:type\" content=\"image\/png\" \/>\n<meta name=\"author\" content=\"Redacci\u00f3n A Nova Peneira\" \/>\n<meta name=\"twitter:card\" content=\"summary_large_image\" \/>\n<meta name=\"twitter:creator\" content=\"@APeneira\" \/>\n<meta name=\"twitter:site\" content=\"@APeneira\" \/>\n<meta name=\"twitter:label1\" content=\"Escrito por\" \/>\n\t<meta name=\"twitter:data1\" content=\"Redacci\u00f3n A Nova Peneira\" \/>\n\t<meta name=\"twitter:label2\" content=\"Tempo de lectura\" \/>\n\t<meta name=\"twitter:data2\" content=\"2 minutos\" \/>\n<script type=\"application\/ld+json\" class=\"yoast-schema-graph\">{\"@context\":\"https:\\\/\\\/schema.org\",\"@graph\":[{\"@type\":\"Article\",\"@id\":\"https:\\\/\\\/www.anovapeneira.gal\\\/index.php\\\/2026\\\/01\\\/01\\\/exito-de-participacion-nas-xornadas-do-patrimonio-das-parroquias-de-fornelos-e-lourido-en-salvaterra-de-mino\\\/#article\",\"isPartOf\":{\"@id\":\"https:\\\/\\\/www.anovapeneira.gal\\\/index.php\\\/2026\\\/01\\\/01\\\/exito-de-participacion-nas-xornadas-do-patrimonio-das-parroquias-de-fornelos-e-lourido-en-salvaterra-de-mino\\\/\"},\"author\":{\"name\":\"Redacci\u00f3n A Nova Peneira\",\"@id\":\"https:\\\/\\\/www.anovapeneira.gal\\\/#\\\/schema\\\/person\\\/b93e3f8932e3f8da96334607eb6ac6aa\"},\"headline\":\"\u00c9xito de participaci\u00f3n nas xornadas do patrimonio das parroquias de Fornelos e Lourido en Salvaterra de Mi\u00f1o\",\"datePublished\":\"2026-01-01T09:00:47+00:00\",\"mainEntityOfPage\":{\"@id\":\"https:\\\/\\\/www.anovapeneira.gal\\\/index.php\\\/2026\\\/01\\\/01\\\/exito-de-participacion-nas-xornadas-do-patrimonio-das-parroquias-de-fornelos-e-lourido-en-salvaterra-de-mino\\\/\"},\"wordCount\":243,\"commentCount\":0,\"publisher\":{\"@id\":\"https:\\\/\\\/www.anovapeneira.gal\\\/#organization\"},\"image\":{\"@id\":\"https:\\\/\\\/www.anovapeneira.gal\\\/index.php\\\/2026\\\/01\\\/01\\\/exito-de-participacion-nas-xornadas-do-patrimonio-das-parroquias-de-fornelos-e-lourido-en-salvaterra-de-mino\\\/#primaryimage\"},\"thumbnailUrl\":\"https:\\\/\\\/www.anovapeneira.gal\\\/wp-content\\\/uploads\\\/2025\\\/12\\\/fornelos1.png\",\"keywords\":[\"Concello de Salvaterra\"],\"articleSection\":[\"Condado\"],\"inLanguage\":\"gl-ES\",\"potentialAction\":[{\"@type\":\"CommentAction\",\"name\":\"Comment\",\"target\":[\"https:\\\/\\\/www.anovapeneira.gal\\\/index.php\\\/2026\\\/01\\\/01\\\/exito-de-participacion-nas-xornadas-do-patrimonio-das-parroquias-de-fornelos-e-lourido-en-salvaterra-de-mino\\\/#respond\"]}]},{\"@type\":\"WebPage\",\"@id\":\"https:\\\/\\\/www.anovapeneira.gal\\\/index.php\\\/2026\\\/01\\\/01\\\/exito-de-participacion-nas-xornadas-do-patrimonio-das-parroquias-de-fornelos-e-lourido-en-salvaterra-de-mino\\\/\",\"url\":\"https:\\\/\\\/www.anovapeneira.gal\\\/index.php\\\/2026\\\/01\\\/01\\\/exito-de-participacion-nas-xornadas-do-patrimonio-das-parroquias-de-fornelos-e-lourido-en-salvaterra-de-mino\\\/\",\"name\":\"\u00c9xito de participaci\u00f3n nas xornadas do patrimonio das parroquias de Fornelos e Lourido en Salvaterra de Mi\u00f1o -\",\"isPartOf\":{\"@id\":\"https:\\\/\\\/www.anovapeneira.gal\\\/#website\"},\"primaryImageOfPage\":{\"@id\":\"https:\\\/\\\/www.anovapeneira.gal\\\/index.php\\\/2026\\\/01\\\/01\\\/exito-de-participacion-nas-xornadas-do-patrimonio-das-parroquias-de-fornelos-e-lourido-en-salvaterra-de-mino\\\/#primaryimage\"},\"image\":{\"@id\":\"https:\\\/\\\/www.anovapeneira.gal\\\/index.php\\\/2026\\\/01\\\/01\\\/exito-de-participacion-nas-xornadas-do-patrimonio-das-parroquias-de-fornelos-e-lourido-en-salvaterra-de-mino\\\/#primaryimage\"},\"thumbnailUrl\":\"https:\\\/\\\/www.anovapeneira.gal\\\/wp-content\\\/uploads\\\/2025\\\/12\\\/fornelos1.png\",\"datePublished\":\"2026-01-01T09:00:47+00:00\",\"breadcrumb\":{\"@id\":\"https:\\\/\\\/www.anovapeneira.gal\\\/index.php\\\/2026\\\/01\\\/01\\\/exito-de-participacion-nas-xornadas-do-patrimonio-das-parroquias-de-fornelos-e-lourido-en-salvaterra-de-mino\\\/#breadcrumb\"},\"inLanguage\":\"gl-ES\",\"potentialAction\":[{\"@type\":\"ReadAction\",\"target\":[\"https:\\\/\\\/www.anovapeneira.gal\\\/index.php\\\/2026\\\/01\\\/01\\\/exito-de-participacion-nas-xornadas-do-patrimonio-das-parroquias-de-fornelos-e-lourido-en-salvaterra-de-mino\\\/\"]}]},{\"@type\":\"ImageObject\",\"inLanguage\":\"gl-ES\",\"@id\":\"https:\\\/\\\/www.anovapeneira.gal\\\/index.php\\\/2026\\\/01\\\/01\\\/exito-de-participacion-nas-xornadas-do-patrimonio-das-parroquias-de-fornelos-e-lourido-en-salvaterra-de-mino\\\/#primaryimage\",\"url\":\"https:\\\/\\\/www.anovapeneira.gal\\\/wp-content\\\/uploads\\\/2025\\\/12\\\/fornelos1.png\",\"contentUrl\":\"https:\\\/\\\/www.anovapeneira.gal\\\/wp-content\\\/uploads\\\/2025\\\/12\\\/fornelos1.png\",\"width\":720,\"height\":432},{\"@type\":\"BreadcrumbList\",\"@id\":\"https:\\\/\\\/www.anovapeneira.gal\\\/index.php\\\/2026\\\/01\\\/01\\\/exito-de-participacion-nas-xornadas-do-patrimonio-das-parroquias-de-fornelos-e-lourido-en-salvaterra-de-mino\\\/#breadcrumb\",\"itemListElement\":[{\"@type\":\"ListItem\",\"position\":1,\"name\":\"Portada\",\"item\":\"https:\\\/\\\/www.anovapeneira.gal\\\/\"},{\"@type\":\"ListItem\",\"position\":2,\"name\":\"\u00c9xito de participaci\u00f3n nas xornadas do patrimonio das parroquias de Fornelos e Lourido en Salvaterra de Mi\u00f1o\"}]},{\"@type\":\"WebSite\",\"@id\":\"https:\\\/\\\/www.anovapeneira.gal\\\/#website\",\"url\":\"https:\\\/\\\/www.anovapeneira.gal\\\/\",\"name\":\"\",\"description\":\"Xornal galego de informaci\u00f3n xeral Publicaci\u00f3n mensual de novas de Galicia e en especial dos Concellos da sur da provincia de Pontevedra.\",\"publisher\":{\"@id\":\"https:\\\/\\\/www.anovapeneira.gal\\\/#organization\"},\"potentialAction\":[{\"@type\":\"SearchAction\",\"target\":{\"@type\":\"EntryPoint\",\"urlTemplate\":\"https:\\\/\\\/www.anovapeneira.gal\\\/?s={search_term_string}\"},\"query-input\":{\"@type\":\"PropertyValueSpecification\",\"valueRequired\":true,\"valueName\":\"search_term_string\"}}],\"inLanguage\":\"gl-ES\"},{\"@type\":\"Organization\",\"@id\":\"https:\\\/\\\/www.anovapeneira.gal\\\/#organization\",\"name\":\"A Nova Peneira\",\"url\":\"https:\\\/\\\/www.anovapeneira.gal\\\/\",\"logo\":{\"@type\":\"ImageObject\",\"inLanguage\":\"gl-ES\",\"@id\":\"https:\\\/\\\/www.anovapeneira.gal\\\/#\\\/schema\\\/logo\\\/image\\\/\",\"url\":\"http:\\\/\\\/www.anovapeneira.gal\\\/wp-content\\\/uploads\\\/2019\\\/06\\\/logo_a_nova_peneira_portal_web.png\",\"contentUrl\":\"http:\\\/\\\/www.anovapeneira.gal\\\/wp-content\\\/uploads\\\/2019\\\/06\\\/logo_a_nova_peneira_portal_web.png\",\"width\":300,\"height\":100,\"caption\":\"A Nova Peneira\"},\"image\":{\"@id\":\"https:\\\/\\\/www.anovapeneira.gal\\\/#\\\/schema\\\/logo\\\/image\\\/\"},\"sameAs\":[\"https:\\\/\\\/www.facebook.com\\\/anovapeneira\",\"https:\\\/\\\/x.com\\\/APeneira\"]},{\"@type\":\"Person\",\"@id\":\"https:\\\/\\\/www.anovapeneira.gal\\\/#\\\/schema\\\/person\\\/b93e3f8932e3f8da96334607eb6ac6aa\",\"name\":\"Redacci\u00f3n A Nova Peneira\",\"image\":{\"@type\":\"ImageObject\",\"inLanguage\":\"gl-ES\",\"@id\":\"https:\\\/\\\/secure.gravatar.com\\\/avatar\\\/c052a2551a06e23fac63626232eaa90abd78dbcf1700fc46a2b2c89fd27b735f?s=96&d=mm&r=g\",\"url\":\"https:\\\/\\\/secure.gravatar.com\\\/avatar\\\/c052a2551a06e23fac63626232eaa90abd78dbcf1700fc46a2b2c89fd27b735f?s=96&d=mm&r=g\",\"contentUrl\":\"https:\\\/\\\/secure.gravatar.com\\\/avatar\\\/c052a2551a06e23fac63626232eaa90abd78dbcf1700fc46a2b2c89fd27b735f?s=96&d=mm&r=g\",\"caption\":\"Redacci\u00f3n A Nova Peneira\"},\"sameAs\":[\"http:\\\/\\\/www.anovapeneira.gal\\\/\"],\"url\":\"https:\\\/\\\/www.anovapeneira.gal\\\/index.php\\\/author\\\/redactor\\\/\"}]}<\/script>\n<!-- \/ Yoast SEO plugin. -->","yoast_head_json":{"title":"\u00c9xito de participaci\u00f3n nas xornadas do patrimonio das parroquias de Fornelos e Lourido en Salvaterra de Mi\u00f1o -","robots":{"index":"index","follow":"follow","max-snippet":"max-snippet:-1","max-image-preview":"max-image-preview:large","max-video-preview":"max-video-preview:-1"},"canonical":"https:\/\/www.anovapeneira.gal\/index.php\/2026\/01\/01\/exito-de-participacion-nas-xornadas-do-patrimonio-das-parroquias-de-fornelos-e-lourido-en-salvaterra-de-mino\/","og_locale":"gl_ES","og_type":"article","og_title":"\u00c9xito de participaci\u00f3n nas xornadas do patrimonio das parroquias de Fornelos e Lourido en Salvaterra de Mi\u00f1o -","og_description":"As xornadas sobre o patrimonio das parroquias de Fornelos e Lourido que tiveron lugar no Centro Cultural A Carballeira na parroquia de Fornelos e que duraron toda a fin de semana tiveron un gran \u00e9xito de participaci\u00f3n veci\u00f1al [...]","og_url":"https:\/\/www.anovapeneira.gal\/index.php\/2026\/01\/01\/exito-de-participacion-nas-xornadas-do-patrimonio-das-parroquias-de-fornelos-e-lourido-en-salvaterra-de-mino\/","article_publisher":"https:\/\/www.facebook.com\/anovapeneira","article_published_time":"2026-01-01T09:00:47+00:00","og_image":[{"width":720,"height":432,"url":"https:\/\/www.anovapeneira.gal\/wp-content\/uploads\/2025\/12\/fornelos1.png","type":"image\/png"}],"author":"Redacci\u00f3n A Nova Peneira","twitter_card":"summary_large_image","twitter_creator":"@APeneira","twitter_site":"@APeneira","twitter_misc":{"Escrito por":"Redacci\u00f3n A Nova Peneira","Tempo de lectura":"2 minutos"},"schema":{"@context":"https:\/\/schema.org","@graph":[{"@type":"Article","@id":"https:\/\/www.anovapeneira.gal\/index.php\/2026\/01\/01\/exito-de-participacion-nas-xornadas-do-patrimonio-das-parroquias-de-fornelos-e-lourido-en-salvaterra-de-mino\/#article","isPartOf":{"@id":"https:\/\/www.anovapeneira.gal\/index.php\/2026\/01\/01\/exito-de-participacion-nas-xornadas-do-patrimonio-das-parroquias-de-fornelos-e-lourido-en-salvaterra-de-mino\/"},"author":{"name":"Redacci\u00f3n A Nova Peneira","@id":"https:\/\/www.anovapeneira.gal\/#\/schema\/person\/b93e3f8932e3f8da96334607eb6ac6aa"},"headline":"\u00c9xito de participaci\u00f3n nas xornadas do patrimonio das parroquias de Fornelos e Lourido en Salvaterra de Mi\u00f1o","datePublished":"2026-01-01T09:00:47+00:00","mainEntityOfPage":{"@id":"https:\/\/www.anovapeneira.gal\/index.php\/2026\/01\/01\/exito-de-participacion-nas-xornadas-do-patrimonio-das-parroquias-de-fornelos-e-lourido-en-salvaterra-de-mino\/"},"wordCount":243,"commentCount":0,"publisher":{"@id":"https:\/\/www.anovapeneira.gal\/#organization"},"image":{"@id":"https:\/\/www.anovapeneira.gal\/index.php\/2026\/01\/01\/exito-de-participacion-nas-xornadas-do-patrimonio-das-parroquias-de-fornelos-e-lourido-en-salvaterra-de-mino\/#primaryimage"},"thumbnailUrl":"https:\/\/www.anovapeneira.gal\/wp-content\/uploads\/2025\/12\/fornelos1.png","keywords":["Concello de Salvaterra"],"articleSection":["Condado"],"inLanguage":"gl-ES","potentialAction":[{"@type":"CommentAction","name":"Comment","target":["https:\/\/www.anovapeneira.gal\/index.php\/2026\/01\/01\/exito-de-participacion-nas-xornadas-do-patrimonio-das-parroquias-de-fornelos-e-lourido-en-salvaterra-de-mino\/#respond"]}]},{"@type":"WebPage","@id":"https:\/\/www.anovapeneira.gal\/index.php\/2026\/01\/01\/exito-de-participacion-nas-xornadas-do-patrimonio-das-parroquias-de-fornelos-e-lourido-en-salvaterra-de-mino\/","url":"https:\/\/www.anovapeneira.gal\/index.php\/2026\/01\/01\/exito-de-participacion-nas-xornadas-do-patrimonio-das-parroquias-de-fornelos-e-lourido-en-salvaterra-de-mino\/","name":"\u00c9xito de participaci\u00f3n nas xornadas do patrimonio das parroquias de Fornelos e Lourido en Salvaterra de Mi\u00f1o -","isPartOf":{"@id":"https:\/\/www.anovapeneira.gal\/#website"},"primaryImageOfPage":{"@id":"https:\/\/www.anovapeneira.gal\/index.php\/2026\/01\/01\/exito-de-participacion-nas-xornadas-do-patrimonio-das-parroquias-de-fornelos-e-lourido-en-salvaterra-de-mino\/#primaryimage"},"image":{"@id":"https:\/\/www.anovapeneira.gal\/index.php\/2026\/01\/01\/exito-de-participacion-nas-xornadas-do-patrimonio-das-parroquias-de-fornelos-e-lourido-en-salvaterra-de-mino\/#primaryimage"},"thumbnailUrl":"https:\/\/www.anovapeneira.gal\/wp-content\/uploads\/2025\/12\/fornelos1.png","datePublished":"2026-01-01T09:00:47+00:00","breadcrumb":{"@id":"https:\/\/www.anovapeneira.gal\/index.php\/2026\/01\/01\/exito-de-participacion-nas-xornadas-do-patrimonio-das-parroquias-de-fornelos-e-lourido-en-salvaterra-de-mino\/#breadcrumb"},"inLanguage":"gl-ES","potentialAction":[{"@type":"ReadAction","target":["https:\/\/www.anovapeneira.gal\/index.php\/2026\/01\/01\/exito-de-participacion-nas-xornadas-do-patrimonio-das-parroquias-de-fornelos-e-lourido-en-salvaterra-de-mino\/"]}]},{"@type":"ImageObject","inLanguage":"gl-ES","@id":"https:\/\/www.anovapeneira.gal\/index.php\/2026\/01\/01\/exito-de-participacion-nas-xornadas-do-patrimonio-das-parroquias-de-fornelos-e-lourido-en-salvaterra-de-mino\/#primaryimage","url":"https:\/\/www.anovapeneira.gal\/wp-content\/uploads\/2025\/12\/fornelos1.png","contentUrl":"https:\/\/www.anovapeneira.gal\/wp-content\/uploads\/2025\/12\/fornelos1.png","width":720,"height":432},{"@type":"BreadcrumbList","@id":"https:\/\/www.anovapeneira.gal\/index.php\/2026\/01\/01\/exito-de-participacion-nas-xornadas-do-patrimonio-das-parroquias-de-fornelos-e-lourido-en-salvaterra-de-mino\/#breadcrumb","itemListElement":[{"@type":"ListItem","position":1,"name":"Portada","item":"https:\/\/www.anovapeneira.gal\/"},{"@type":"ListItem","position":2,"name":"\u00c9xito de participaci\u00f3n nas xornadas do patrimonio das parroquias de Fornelos e Lourido en Salvaterra de Mi\u00f1o"}]},{"@type":"WebSite","@id":"https:\/\/www.anovapeneira.gal\/#website","url":"https:\/\/www.anovapeneira.gal\/","name":"","description":"Xornal galego de informaci\u00f3n xeral Publicaci\u00f3n mensual de novas de Galicia e en especial dos Concellos da sur da provincia de Pontevedra.","publisher":{"@id":"https:\/\/www.anovapeneira.gal\/#organization"},"potentialAction":[{"@type":"SearchAction","target":{"@type":"EntryPoint","urlTemplate":"https:\/\/www.anovapeneira.gal\/?s={search_term_string}"},"query-input":{"@type":"PropertyValueSpecification","valueRequired":true,"valueName":"search_term_string"}}],"inLanguage":"gl-ES"},{"@type":"Organization","@id":"https:\/\/www.anovapeneira.gal\/#organization","name":"A Nova Peneira","url":"https:\/\/www.anovapeneira.gal\/","logo":{"@type":"ImageObject","inLanguage":"gl-ES","@id":"https:\/\/www.anovapeneira.gal\/#\/schema\/logo\/image\/","url":"http:\/\/www.anovapeneira.gal\/wp-content\/uploads\/2019\/06\/logo_a_nova_peneira_portal_web.png","contentUrl":"http:\/\/www.anovapeneira.gal\/wp-content\/uploads\/2019\/06\/logo_a_nova_peneira_portal_web.png","width":300,"height":100,"caption":"A Nova Peneira"},"image":{"@id":"https:\/\/www.anovapeneira.gal\/#\/schema\/logo\/image\/"},"sameAs":["https:\/\/www.facebook.com\/anovapeneira","https:\/\/x.com\/APeneira"]},{"@type":"Person","@id":"https:\/\/www.anovapeneira.gal\/#\/schema\/person\/b93e3f8932e3f8da96334607eb6ac6aa","name":"Redacci\u00f3n A Nova Peneira","image":{"@type":"ImageObject","inLanguage":"gl-ES","@id":"https:\/\/secure.gravatar.com\/avatar\/c052a2551a06e23fac63626232eaa90abd78dbcf1700fc46a2b2c89fd27b735f?s=96&d=mm&r=g","url":"https:\/\/secure.gravatar.com\/avatar\/c052a2551a06e23fac63626232eaa90abd78dbcf1700fc46a2b2c89fd27b735f?s=96&d=mm&r=g","contentUrl":"https:\/\/secure.gravatar.com\/avatar\/c052a2551a06e23fac63626232eaa90abd78dbcf1700fc46a2b2c89fd27b735f?s=96&d=mm&r=g","caption":"Redacci\u00f3n A Nova Peneira"},"sameAs":["http:\/\/www.anovapeneira.gal\/"],"url":"https:\/\/www.anovapeneira.gal\/index.php\/author\/redactor\/"}]}},"jetpack_featured_media_url":"https:\/\/www.anovapeneira.gal\/wp-content\/uploads\/2025\/12\/fornelos1.png","_links":{"self":[{"href":"https:\/\/www.anovapeneira.gal\/index.php\/wp-json\/wp\/v2\/posts\/15152","targetHints":{"allow":["GET"]}}],"collection":[{"href":"https:\/\/www.anovapeneira.gal\/index.php\/wp-json\/wp\/v2\/posts"}],"about":[{"href":"https:\/\/www.anovapeneira.gal\/index.php\/wp-json\/wp\/v2\/types\/post"}],"author":[{"embeddable":true,"href":"https:\/\/www.anovapeneira.gal\/index.php\/wp-json\/wp\/v2\/users\/3"}],"replies":[{"embeddable":true,"href":"https:\/\/www.anovapeneira.gal\/index.php\/wp-json\/wp\/v2\/comments?post=15152"}],"version-history":[{"count":1,"href":"https:\/\/www.anovapeneira.gal\/index.php\/wp-json\/wp\/v2\/posts\/15152\/revisions"}],"predecessor-version":[{"id":15154,"href":"https:\/\/www.anovapeneira.gal\/index.php\/wp-json\/wp\/v2\/posts\/15152\/revisions\/15154"}],"wp:featuredmedia":[{"embeddable":true,"href":"https:\/\/www.anovapeneira.gal\/index.php\/wp-json\/wp\/v2\/media\/15153"}],"wp:attachment":[{"href":"https:\/\/www.anovapeneira.gal\/index.php\/wp-json\/wp\/v2\/media?parent=15152"}],"wp:term":[{"taxonomy":"category","embeddable":true,"href":"https:\/\/www.anovapeneira.gal\/index.php\/wp-json\/wp\/v2\/categories?post=15152"},{"taxonomy":"post_tag","embeddable":true,"href":"https:\/\/www.anovapeneira.gal\/index.php\/wp-json\/wp\/v2\/tags?post=15152"}],"curies":[{"name":"wp","href":"https:\/\/api.w.org\/{rel}","templated":true}]}}