{"id":15157,"date":"2025-01-02T10:00:05","date_gmt":"2025-01-02T09:00:05","guid":{"rendered":"https:\/\/www.anovapeneira.gal\/?p=15157"},"modified":"2025-12-26T18:25:47","modified_gmt":"2025-12-26T17:25:47","slug":"a-polvora-do-rey","status":"publish","type":"post","link":"https:\/\/www.anovapeneira.gal\/index.php\/2025\/01\/02\/a-polvora-do-rey\/","title":{"rendered":"A p\u00f3lvora do Rey"},"content":{"rendered":"\n<figure class=\"wp-block-image size-full is-resized\"><img loading=\"lazy\" decoding=\"async\" width=\"190\" height=\"222\" src=\"https:\/\/www.anovapeneira.gal\/wp-content\/uploads\/2020\/01\/Capitan_manuel_ruiz_robles_a_nova_peneira.png\" alt=\"\" class=\"wp-image-2327\" style=\"width:125px;height:auto\"\/><\/figure>\n\n\n\n<pre class=\"wp-block-verse\">Manuel Ruiz Robles<\/pre>\n\n\n\n<p>Como \u00e9 habitual nestas datas, o Rey dirixiu a s\u00faa mensaxe de Nadal \u00e1 cidadan\u00eda cun ton conciliador. Buscou transmitir unidade e convivencia, xustiza e equidade, traballo calado e responsable. Pero detr\u00e1s das formas corteses e a moral abstracta, o seu discurso reflectiu unha visi\u00f3n da sociedade que protexe intereses de parte.<\/p>\n\n\n\n<p>\u201cA desigualdade social non \u00e9 simplemente o resultado das diferenzas individuais, sen\u00f3n de estruturas sociais que perpet\u00faan inxustizas e privilexios.\u201d Pierre Bourdiei (1930-2002)<\/p>\n\n\n\n<p><strong>A monarqu\u00eda de ra\u00edces franquistas<\/strong><\/p>\n\n\n\n<p>A s\u00faa mensaxe non \u00e9 neutral: lexitima unha orde econ\u00f3mica e pol\u00edtico que reproduce desigualdades ferintes e limita a participaci\u00f3n real da maior\u00eda. M\u00e1is que incentivar a acci\u00f3n colectiva, promove aceptaci\u00f3n e resignaci\u00f3n fronte \u00e1 xerarqu\u00eda de clases existente.<\/p>\n\n\n\n<p>A mensaxe do Rey escenificou a procura dunha pretendida harmon\u00eda e unidade, pero na pr\u00e1ctica reforza a autonom\u00eda dun aparello de Estado de ra\u00edces franquistas, oculta desigualdades estruturais e despolitiza os conflitos sociais. Unha democracia aut\u00e9ntica esixe unha democracia liberadora, onde a cidadan\u00eda participe, os poderes estean controlados democraticamente e os recursos e dereitos redistrib\u00faanse de maneira xusta.<\/p>\n\n\n\n<p><strong>Neutralidade que encobre intereses<\/strong><\/p>\n\n\n\n<p>O Rey pres\u00e9ntase como figura \u201cpor encima da pol\u00edtica\u201d. Evita referencias partidistas directas e centra as s\u00faas mensaxes en valores abstractos, promovendo o auto engano (\u201cmauvase foi\u201d, Sartre). Esta aparente neutralidade oculta que a monarqu\u00eda parlamentaria nunca \u00e9 neutral: serve para reproducir a estabilidade da orde social e econ\u00f3mica que beneficia \u00e1s elites.<\/p>\n\n\n\n<p>A democracia non pode reducirse a palabras amables. Require loita por dereitos, redistribuci\u00f3n de recursos e transformaci\u00f3n das estruturas de poder. Os discursos que ignoran a explotaci\u00f3n laboral, a concentraci\u00f3n de riqueza, a exclusi\u00f3n social e os xenocidios reforzan a pasividade das clases subalternas, mentres mante\u00f1en intacta a hexemon\u00eda de quen controla o capital e as instituci\u00f3ns. As cat\u00e1strofes clim\u00e1ticas (inundaci\u00f3ns, incendios) non son casuais, provocan v\u00edtimas e te\u00f1en responsables.<\/p>\n\n\n\n<p><strong>Unidade nacional e consenso ideol\u00f3xico<\/strong><\/p>\n\n\n\n<p>A mensaxe do Rey salienta a unidade, tratando os conflitos territoriais, pol\u00edticos e sociais como un risco que debe ser superado. Para os dem\u00f3cratas, a unidade imposta desde arriba \u00e9 \u201cconsenso ideol\u00f3xico\u201d, non activismo democr\u00e1tico. A verdadeira pol\u00edtica nace do conflito entre intereses diferentes: entre clases sociais, territorios e sectores econ\u00f3micos. Ao presentar a unidade como valor absoluto, as mensaxes do Rey lexitiman unha orde que prioriza a estabilidade das elites sobre a xustiza e a equidade para a maior\u00eda.<\/p>\n\n\n\n<p><strong>Valores morais e relaci\u00f3ns de poder<\/strong><\/p>\n\n\n\n<p>O discurso do Rey apela a valores como unidade e convivencia, xustiza e equidade, traballo calado e responsable. Son positivos en abstracto, pero depolitizan a desigualdade, reduc\u00edndoa a unha cuesti\u00f3n de moralidade individual.<\/p>\n\n\n\n<p>Desde unha perspectiva democr\u00e1tica, os problemas sociais e econ\u00f3micos -precariedade, pobreza, desigualdade educativa, desigualdade sanitaria, vivenda- non son unha cuesti\u00f3n de \u00e9tica persoal, sen\u00f3n de estruturas de explotaci\u00f3n. Os discursos que non cuestionan estas estruturas normalizan a desigualdade e promoven o conformismo, en lugar de fomentar a acci\u00f3n colectiva para transformar a sociedade.<\/p>\n\n\n\n<p><strong>O conflito como ameaza e non como motor<\/strong><\/p>\n\n\n\n<p>Na mensaxe do Rey, o conflito social ou pol\u00edtico aparece como risco para a convivencia, non como expresi\u00f3n lex\u00edtima dos intereses das maior\u00edas. Os dem\u00f3cratas entendemos que o conflito de clases \u00e9 o motor da historia e da transformaci\u00f3n social. Negar a s\u00faa existencia ou presentalo como perigoso serve aos intereses da clase dominante, evitando que a cidadan\u00eda tome conciencia da s\u00faa capacidade de organizarse e loitar polos seus dereitos. A democracia require confrontaci\u00f3n e acci\u00f3n colectiva.<\/p>\n\n\n\n<p><strong>Poder simb\u00f3lico e ausencia de control<\/strong><\/p>\n\n\n\n<p>O Rey non \u00e9 elixido e non pode ser destitu\u00eddo pola cidadan\u00eda: est\u00e1 blindado abusivamente pola impunidade que lle procura a s\u00faa inviolabilidade constitucional. A s\u00faa autoridade simb\u00f3lica non est\u00e1 suxeita a control democr\u00e1tico, o que limita a rendici\u00f3n de contas.<\/p>\n\n\n\n<p>Desde a perspectiva democr\u00e1tica, o poder simb\u00f3lico do Rey reproduce xerarqu\u00edas de clase, lexitimando un poder incontestable que reforza a hexemon\u00eda pol\u00edtica e econ\u00f3mica das elites. Un discurso aparentemente conciliador non cambia o feito de que o poder se concentra e non se democratiza, deixando \u00e1 maior\u00eda cidad\u00e1 nunha posici\u00f3n de subordinaci\u00f3n pasiva fronte \u00e1 tradici\u00f3n e a continuidade institucional.<\/p>\n\n\n\n<p><strong>Comparaci\u00f3n con outros xefes de Estado europeos<\/strong><\/p>\n\n\n\n<p>A maior\u00eda de xefes de Estado europeos, a\u00ednda que tam\u00e9n cumpren funci\u00f3ns simb\u00f3licas, adoitan reco\u00f1ecer conflitos sociais e econ\u00f3micos, mencionan desigualdade e tensi\u00f3ns reais, e a s\u00faa autoridade depende de mecanismos democr\u00e1ticos.<\/p>\n\n\n\n<p>As mensaxes do Rey despolitizan a realidade e reforzan o statu quo, presentando unha democracia formal que protexe os intereses de quen controla os recursos e as instituci\u00f3ns, mentres a maior\u00eda permanece neutralizada como espectador pasivo.<\/p>\n\n\n\n<p>A monarqu\u00eda espa\u00f1ola serve para manter a hexemon\u00eda social e econ\u00f3mica dunha oligarqu\u00eda dominante e centralista, m\u00e1is que para incentivar participaci\u00f3n e transformaci\u00f3n social.<\/p>\n\n\n\n<p><strong>Naci\u00f3n e hexemon\u00eda<\/strong><\/p>\n\n\n\n<p>Para os dem\u00f3cratas, a naci\u00f3n non pode concibirse como proxecto neutral: \u00e9 un espazo onde se reproducen relaci\u00f3ns de poder e loita de clases. As mensaxes do Rey presentan a naci\u00f3n como algo dado, ocultando que a verdadeira construci\u00f3n democr\u00e1tica implica redistribuci\u00f3n de recursos, reco\u00f1ecemento de dereitos e confrontaci\u00f3n de intereses contraditorios.<\/p>\n\n\n\n<p>A cidadan\u00eda non \u00e9 un receptor pasivo de valores abstractos: \u00e9 suxeito hist\u00f3rico capaz de organizarse para transformar a sociedade e disputar os privilexios da elite olig\u00e1rquica e centralista. Reco\u00f1ecer esta capacidade \u00e9 esencial para desenvolver unha democracia que non se limite a formalismos simb\u00f3licos, sen\u00f3n que te\u00f1a efectos reais sobre as condici\u00f3ns materiais de vida.<\/p>\n\n\n\n<p><strong>Cara a unha democraci<\/strong><strong>a liberadora<\/strong><\/p>\n\n\n\n<p>Os militares, por dignidade democr\u00e1tica, debemos promover entre os nosos compa\u00f1eiros de armas valores republicanos, de modo que:<\/p>\n\n\n\n<p>\u2022 O conflito social v\u00e9xase como expresi\u00f3n lex\u00edtima de intereses diversos e motor de transformaci\u00f3n.<\/p>\n\n\n\n<p>\u2022 A cidadan\u00eda participe activamente na pol\u00edtica, especialmente na toma de decisi\u00f3ns econ\u00f3micas e sociais.<\/p>\n\n\n\n<p>\u2022 A naci\u00f3n constr\u00faase sobre igualdade material, xustiza social e redistribuci\u00f3n, non sobre valores morais abstractos.<\/p>\n\n\n\n<p>\u2022 O xefe do Estado estea suxeito a control e rendici\u00f3n de contas, inclu\u00edndo a limitaci\u00f3n de poderes simb\u00f3licos e a s\u00faa esixible igualdade ante as leis.<\/p>\n\n\n\n<p>Nunha democracia autentica, os discursos institucionais non s\u00f3 transmiten valores, incitan ademais \u00e1 acci\u00f3n colectiva, promoven conciencia social e cuestionan as estruturas de poder que xeran desigualdade. A liberdade de conciencia require a erradicaci\u00f3n da violencia simb\u00f3lica ; as\u00ed como a capacidade real de decidir, organizarse e transformar a sociedade.<\/p>\n\n\n\n<p>Segundo o soci\u00f3logo franc\u00e9s Pierre Bourdiei, a violencia simb\u00f3lica \u00e9 m\u00e1is eficaz que a violencia f\u00edsica porque act\u00faa nun nivel inconsciente, de maneira que quen a experimenta non son plenamente conscientes de ser v\u00edtimas dela. A reproduci\u00f3n das estruturas sociais e as relaci\u00f3ns de poder real\u00edzase na &#8220;base&#8221; mesma da percepci\u00f3n social. Os medios de comunicaci\u00f3n, a educaci\u00f3n, a relixi\u00f3n e outros axentes socializadores son os principais veh\u00edculos a trav\u00e9s dos cales esta violencia simb\u00f3lica se leva a cabo.<\/p>\n\n\n\n<p><strong>Conclusi\u00f3n<\/strong><\/p>\n\n\n\n<p>As mensaxes do Rey reflicten unha democracia formal, centrada na estabilidade, a unidade e determinados valores abstractos, pero limitada en participaci\u00f3n, redistribuci\u00f3n e confrontaci\u00f3n de desigualdades. Unha democracia emancipadora necesita acci\u00f3n colectiva, loita por dereitos, redistribuci\u00f3n e conciencia cr\u00edtica. S\u00f3 a Rep\u00fablica pode garantir que a cidadan\u00eda non sexa un espectador pasivo, sen\u00f3n suxeito activo que transforma as relaci\u00f3ns de poder, constr\u00fae xustiza social e garante benestar e liberdade material para todos. A democracia aut\u00e9ntica non teme o conflito de clases: reco\u00f1\u00e9ceo como motor de transformaci\u00f3n social e de emancipaci\u00f3n da maior\u00eda fronte \u00e1 hexemon\u00eda das elites. O Rey de Espa\u00f1a, ademais de ser un obst\u00e1culo para as transformaci\u00f3ns sociais, \u00e9 c\u00f3mplice necesario -xunto aos gobernos de quenda: r\u00e9xime do 78- da humillante subordinaci\u00f3n ao imperialismo ( America first! ) e das s\u00faas guerras de rapina. &#8220;O opresor non ser\u00eda tan forte se non tivese c\u00f3mplices entre os propios oprimidos&#8221; Simone de Beauvoir (1908-1986)<\/p>\n\n\n\n<p>Sierra de Madrid, Nadal 2025 Manuel Ruiz Robles Capit\u00e1n de Nav\u00edo da Armada, ex membro da Uni\u00f3n Militar Democr\u00e1tica.<\/p>\n","protected":false},"excerpt":{"rendered":"<div class=\"mh-excerpt\"><p>Como \u00e9 habitual nestas datas, o Rey dirixiu a s\u00faa mensaxe de Nadal \u00e1 cidadan\u00eda cun ton conciliador. Buscou transmitir unidade e convivencia, xustiza e equidade, traballo calado e responsable <a class=\"mh-excerpt-more\" href=\"https:\/\/www.anovapeneira.gal\/index.php\/2025\/01\/02\/a-polvora-do-rey\/\" title=\"A p\u00f3lvora do Rey\">[&#8230;]<\/a><\/p>\n<\/div>","protected":false},"author":18,"featured_media":584,"comment_status":"open","ping_status":"open","sticky":false,"template":"","format":"standard","meta":{"_exactmetrics_skip_tracking":false,"_exactmetrics_sitenote_active":false,"_exactmetrics_sitenote_note":"","_exactmetrics_sitenote_category":0,"footnotes":""},"categories":[7,1],"tags":[],"class_list":{"0":"post-15157","1":"post","2":"type-post","3":"status-publish","4":"format-standard","5":"has-post-thumbnail","7":"category-artigos-de-opinion","8":"category-sin-categoria"},"yoast_head":"<!-- This site is optimized with the Yoast SEO plugin v27.4 - https:\/\/yoast.com\/product\/yoast-seo-wordpress\/ -->\n<title>A p\u00f3lvora do Rey -<\/title>\n<meta name=\"robots\" content=\"index, follow, max-snippet:-1, max-image-preview:large, max-video-preview:-1\" \/>\n<link rel=\"canonical\" href=\"https:\/\/www.anovapeneira.gal\/index.php\/2025\/01\/02\/a-polvora-do-rey\/\" \/>\n<meta property=\"og:locale\" content=\"gl_ES\" \/>\n<meta property=\"og:type\" content=\"article\" \/>\n<meta property=\"og:title\" content=\"A p\u00f3lvora do Rey -\" \/>\n<meta property=\"og:description\" content=\"Como \u00e9 habitual nestas datas, o Rey dirixiu a s\u00faa mensaxe de Nadal \u00e1 cidadan\u00eda cun ton conciliador. Buscou transmitir unidade e convivencia, xustiza e equidade, traballo calado e responsable [...]\" \/>\n<meta property=\"og:url\" content=\"https:\/\/www.anovapeneira.gal\/index.php\/2025\/01\/02\/a-polvora-do-rey\/\" \/>\n<meta property=\"article:publisher\" content=\"https:\/\/www.facebook.com\/anovapeneira\" \/>\n<meta property=\"article:published_time\" content=\"2025-01-02T09:00:05+00:00\" \/>\n<meta property=\"article:modified_time\" content=\"2025-12-26T17:25:47+00:00\" \/>\n<meta property=\"og:image\" content=\"https:\/\/www.anovapeneira.gal\/wp-content\/uploads\/2019\/07\/ARTIGO_DE_OPINION_A_NOVA_PENEIRA.jpg\" \/>\n\t<meta property=\"og:image:width\" content=\"720\" \/>\n\t<meta property=\"og:image:height\" content=\"473\" \/>\n\t<meta property=\"og:image:type\" content=\"image\/jpeg\" \/>\n<meta name=\"author\" content=\"Manuel Ruiz Robles\" \/>\n<meta name=\"twitter:card\" content=\"summary_large_image\" \/>\n<meta name=\"twitter:creator\" content=\"@APeneira\" \/>\n<meta name=\"twitter:site\" content=\"@APeneira\" \/>\n<meta name=\"twitter:label1\" content=\"Escrito por\" \/>\n\t<meta name=\"twitter:data1\" content=\"Manuel Ruiz Robles\" \/>\n\t<meta name=\"twitter:label2\" content=\"Tempo de lectura\" \/>\n\t<meta name=\"twitter:data2\" content=\"8 minutos\" \/>\n<script type=\"application\/ld+json\" class=\"yoast-schema-graph\">{\"@context\":\"https:\\\/\\\/schema.org\",\"@graph\":[{\"@type\":\"Article\",\"@id\":\"https:\\\/\\\/www.anovapeneira.gal\\\/index.php\\\/2025\\\/01\\\/02\\\/a-polvora-do-rey\\\/#article\",\"isPartOf\":{\"@id\":\"https:\\\/\\\/www.anovapeneira.gal\\\/index.php\\\/2025\\\/01\\\/02\\\/a-polvora-do-rey\\\/\"},\"author\":{\"name\":\"Manuel Ruiz Robles\",\"@id\":\"https:\\\/\\\/www.anovapeneira.gal\\\/#\\\/schema\\\/person\\\/38ab97dcddcdec86f7375d225d9a2043\"},\"headline\":\"A p\u00f3lvora do Rey\",\"datePublished\":\"2025-01-02T09:00:05+00:00\",\"dateModified\":\"2025-12-26T17:25:47+00:00\",\"mainEntityOfPage\":{\"@id\":\"https:\\\/\\\/www.anovapeneira.gal\\\/index.php\\\/2025\\\/01\\\/02\\\/a-polvora-do-rey\\\/\"},\"wordCount\":1459,\"commentCount\":0,\"publisher\":{\"@id\":\"https:\\\/\\\/www.anovapeneira.gal\\\/#organization\"},\"image\":{\"@id\":\"https:\\\/\\\/www.anovapeneira.gal\\\/index.php\\\/2025\\\/01\\\/02\\\/a-polvora-do-rey\\\/#primaryimage\"},\"thumbnailUrl\":\"https:\\\/\\\/www.anovapeneira.gal\\\/wp-content\\\/uploads\\\/2019\\\/07\\\/ARTIGO_DE_OPINION_A_NOVA_PENEIRA.jpg\",\"articleSection\":[\"Artigos de opini\u00f3n\",\"Sin categor\u00eda\"],\"inLanguage\":\"gl-ES\",\"potentialAction\":[{\"@type\":\"CommentAction\",\"name\":\"Comment\",\"target\":[\"https:\\\/\\\/www.anovapeneira.gal\\\/index.php\\\/2025\\\/01\\\/02\\\/a-polvora-do-rey\\\/#respond\"]}]},{\"@type\":\"WebPage\",\"@id\":\"https:\\\/\\\/www.anovapeneira.gal\\\/index.php\\\/2025\\\/01\\\/02\\\/a-polvora-do-rey\\\/\",\"url\":\"https:\\\/\\\/www.anovapeneira.gal\\\/index.php\\\/2025\\\/01\\\/02\\\/a-polvora-do-rey\\\/\",\"name\":\"A p\u00f3lvora do Rey -\",\"isPartOf\":{\"@id\":\"https:\\\/\\\/www.anovapeneira.gal\\\/#website\"},\"primaryImageOfPage\":{\"@id\":\"https:\\\/\\\/www.anovapeneira.gal\\\/index.php\\\/2025\\\/01\\\/02\\\/a-polvora-do-rey\\\/#primaryimage\"},\"image\":{\"@id\":\"https:\\\/\\\/www.anovapeneira.gal\\\/index.php\\\/2025\\\/01\\\/02\\\/a-polvora-do-rey\\\/#primaryimage\"},\"thumbnailUrl\":\"https:\\\/\\\/www.anovapeneira.gal\\\/wp-content\\\/uploads\\\/2019\\\/07\\\/ARTIGO_DE_OPINION_A_NOVA_PENEIRA.jpg\",\"datePublished\":\"2025-01-02T09:00:05+00:00\",\"dateModified\":\"2025-12-26T17:25:47+00:00\",\"breadcrumb\":{\"@id\":\"https:\\\/\\\/www.anovapeneira.gal\\\/index.php\\\/2025\\\/01\\\/02\\\/a-polvora-do-rey\\\/#breadcrumb\"},\"inLanguage\":\"gl-ES\",\"potentialAction\":[{\"@type\":\"ReadAction\",\"target\":[\"https:\\\/\\\/www.anovapeneira.gal\\\/index.php\\\/2025\\\/01\\\/02\\\/a-polvora-do-rey\\\/\"]}]},{\"@type\":\"ImageObject\",\"inLanguage\":\"gl-ES\",\"@id\":\"https:\\\/\\\/www.anovapeneira.gal\\\/index.php\\\/2025\\\/01\\\/02\\\/a-polvora-do-rey\\\/#primaryimage\",\"url\":\"https:\\\/\\\/www.anovapeneira.gal\\\/wp-content\\\/uploads\\\/2019\\\/07\\\/ARTIGO_DE_OPINION_A_NOVA_PENEIRA.jpg\",\"contentUrl\":\"https:\\\/\\\/www.anovapeneira.gal\\\/wp-content\\\/uploads\\\/2019\\\/07\\\/ARTIGO_DE_OPINION_A_NOVA_PENEIRA.jpg\",\"width\":720,\"height\":473,\"caption\":\"Artigo de opini\u00f3n A Nova Peneira\"},{\"@type\":\"BreadcrumbList\",\"@id\":\"https:\\\/\\\/www.anovapeneira.gal\\\/index.php\\\/2025\\\/01\\\/02\\\/a-polvora-do-rey\\\/#breadcrumb\",\"itemListElement\":[{\"@type\":\"ListItem\",\"position\":1,\"name\":\"Portada\",\"item\":\"https:\\\/\\\/www.anovapeneira.gal\\\/\"},{\"@type\":\"ListItem\",\"position\":2,\"name\":\"A p\u00f3lvora do Rey\"}]},{\"@type\":\"WebSite\",\"@id\":\"https:\\\/\\\/www.anovapeneira.gal\\\/#website\",\"url\":\"https:\\\/\\\/www.anovapeneira.gal\\\/\",\"name\":\"\",\"description\":\"Xornal galego de informaci\u00f3n xeral Publicaci\u00f3n mensual de novas de Galicia e en especial dos Concellos da sur da provincia de Pontevedra.\",\"publisher\":{\"@id\":\"https:\\\/\\\/www.anovapeneira.gal\\\/#organization\"},\"potentialAction\":[{\"@type\":\"SearchAction\",\"target\":{\"@type\":\"EntryPoint\",\"urlTemplate\":\"https:\\\/\\\/www.anovapeneira.gal\\\/?s={search_term_string}\"},\"query-input\":{\"@type\":\"PropertyValueSpecification\",\"valueRequired\":true,\"valueName\":\"search_term_string\"}}],\"inLanguage\":\"gl-ES\"},{\"@type\":\"Organization\",\"@id\":\"https:\\\/\\\/www.anovapeneira.gal\\\/#organization\",\"name\":\"A Nova Peneira\",\"url\":\"https:\\\/\\\/www.anovapeneira.gal\\\/\",\"logo\":{\"@type\":\"ImageObject\",\"inLanguage\":\"gl-ES\",\"@id\":\"https:\\\/\\\/www.anovapeneira.gal\\\/#\\\/schema\\\/logo\\\/image\\\/\",\"url\":\"http:\\\/\\\/www.anovapeneira.gal\\\/wp-content\\\/uploads\\\/2019\\\/06\\\/logo_a_nova_peneira_portal_web.png\",\"contentUrl\":\"http:\\\/\\\/www.anovapeneira.gal\\\/wp-content\\\/uploads\\\/2019\\\/06\\\/logo_a_nova_peneira_portal_web.png\",\"width\":300,\"height\":100,\"caption\":\"A Nova Peneira\"},\"image\":{\"@id\":\"https:\\\/\\\/www.anovapeneira.gal\\\/#\\\/schema\\\/logo\\\/image\\\/\"},\"sameAs\":[\"https:\\\/\\\/www.facebook.com\\\/anovapeneira\",\"https:\\\/\\\/x.com\\\/APeneira\"]},{\"@type\":\"Person\",\"@id\":\"https:\\\/\\\/www.anovapeneira.gal\\\/#\\\/schema\\\/person\\\/38ab97dcddcdec86f7375d225d9a2043\",\"name\":\"Manuel Ruiz Robles\",\"image\":{\"@type\":\"ImageObject\",\"inLanguage\":\"gl-ES\",\"@id\":\"https:\\\/\\\/secure.gravatar.com\\\/avatar\\\/f0a4c3090ddbc9d02206c62511a15f3af3f0548124d44441bb292b8bc679ff25?s=96&d=mm&r=g\",\"url\":\"https:\\\/\\\/secure.gravatar.com\\\/avatar\\\/f0a4c3090ddbc9d02206c62511a15f3af3f0548124d44441bb292b8bc679ff25?s=96&d=mm&r=g\",\"contentUrl\":\"https:\\\/\\\/secure.gravatar.com\\\/avatar\\\/f0a4c3090ddbc9d02206c62511a15f3af3f0548124d44441bb292b8bc679ff25?s=96&d=mm&r=g\",\"caption\":\"Manuel Ruiz Robles\"},\"sameAs\":[\"http:\\\/\\\/www.anovapeneira.gal\"],\"url\":\"https:\\\/\\\/www.anovapeneira.gal\\\/index.php\\\/author\\\/manuel-ruiz-robles\\\/\"}]}<\/script>\n<!-- \/ Yoast SEO plugin. -->","yoast_head_json":{"title":"A p\u00f3lvora do Rey -","robots":{"index":"index","follow":"follow","max-snippet":"max-snippet:-1","max-image-preview":"max-image-preview:large","max-video-preview":"max-video-preview:-1"},"canonical":"https:\/\/www.anovapeneira.gal\/index.php\/2025\/01\/02\/a-polvora-do-rey\/","og_locale":"gl_ES","og_type":"article","og_title":"A p\u00f3lvora do Rey -","og_description":"Como \u00e9 habitual nestas datas, o Rey dirixiu a s\u00faa mensaxe de Nadal \u00e1 cidadan\u00eda cun ton conciliador. Buscou transmitir unidade e convivencia, xustiza e equidade, traballo calado e responsable [...]","og_url":"https:\/\/www.anovapeneira.gal\/index.php\/2025\/01\/02\/a-polvora-do-rey\/","article_publisher":"https:\/\/www.facebook.com\/anovapeneira","article_published_time":"2025-01-02T09:00:05+00:00","article_modified_time":"2025-12-26T17:25:47+00:00","og_image":[{"width":720,"height":473,"url":"https:\/\/www.anovapeneira.gal\/wp-content\/uploads\/2019\/07\/ARTIGO_DE_OPINION_A_NOVA_PENEIRA.jpg","type":"image\/jpeg"}],"author":"Manuel Ruiz Robles","twitter_card":"summary_large_image","twitter_creator":"@APeneira","twitter_site":"@APeneira","twitter_misc":{"Escrito por":"Manuel Ruiz Robles","Tempo de lectura":"8 minutos"},"schema":{"@context":"https:\/\/schema.org","@graph":[{"@type":"Article","@id":"https:\/\/www.anovapeneira.gal\/index.php\/2025\/01\/02\/a-polvora-do-rey\/#article","isPartOf":{"@id":"https:\/\/www.anovapeneira.gal\/index.php\/2025\/01\/02\/a-polvora-do-rey\/"},"author":{"name":"Manuel Ruiz Robles","@id":"https:\/\/www.anovapeneira.gal\/#\/schema\/person\/38ab97dcddcdec86f7375d225d9a2043"},"headline":"A p\u00f3lvora do Rey","datePublished":"2025-01-02T09:00:05+00:00","dateModified":"2025-12-26T17:25:47+00:00","mainEntityOfPage":{"@id":"https:\/\/www.anovapeneira.gal\/index.php\/2025\/01\/02\/a-polvora-do-rey\/"},"wordCount":1459,"commentCount":0,"publisher":{"@id":"https:\/\/www.anovapeneira.gal\/#organization"},"image":{"@id":"https:\/\/www.anovapeneira.gal\/index.php\/2025\/01\/02\/a-polvora-do-rey\/#primaryimage"},"thumbnailUrl":"https:\/\/www.anovapeneira.gal\/wp-content\/uploads\/2019\/07\/ARTIGO_DE_OPINION_A_NOVA_PENEIRA.jpg","articleSection":["Artigos de opini\u00f3n","Sin categor\u00eda"],"inLanguage":"gl-ES","potentialAction":[{"@type":"CommentAction","name":"Comment","target":["https:\/\/www.anovapeneira.gal\/index.php\/2025\/01\/02\/a-polvora-do-rey\/#respond"]}]},{"@type":"WebPage","@id":"https:\/\/www.anovapeneira.gal\/index.php\/2025\/01\/02\/a-polvora-do-rey\/","url":"https:\/\/www.anovapeneira.gal\/index.php\/2025\/01\/02\/a-polvora-do-rey\/","name":"A p\u00f3lvora do Rey -","isPartOf":{"@id":"https:\/\/www.anovapeneira.gal\/#website"},"primaryImageOfPage":{"@id":"https:\/\/www.anovapeneira.gal\/index.php\/2025\/01\/02\/a-polvora-do-rey\/#primaryimage"},"image":{"@id":"https:\/\/www.anovapeneira.gal\/index.php\/2025\/01\/02\/a-polvora-do-rey\/#primaryimage"},"thumbnailUrl":"https:\/\/www.anovapeneira.gal\/wp-content\/uploads\/2019\/07\/ARTIGO_DE_OPINION_A_NOVA_PENEIRA.jpg","datePublished":"2025-01-02T09:00:05+00:00","dateModified":"2025-12-26T17:25:47+00:00","breadcrumb":{"@id":"https:\/\/www.anovapeneira.gal\/index.php\/2025\/01\/02\/a-polvora-do-rey\/#breadcrumb"},"inLanguage":"gl-ES","potentialAction":[{"@type":"ReadAction","target":["https:\/\/www.anovapeneira.gal\/index.php\/2025\/01\/02\/a-polvora-do-rey\/"]}]},{"@type":"ImageObject","inLanguage":"gl-ES","@id":"https:\/\/www.anovapeneira.gal\/index.php\/2025\/01\/02\/a-polvora-do-rey\/#primaryimage","url":"https:\/\/www.anovapeneira.gal\/wp-content\/uploads\/2019\/07\/ARTIGO_DE_OPINION_A_NOVA_PENEIRA.jpg","contentUrl":"https:\/\/www.anovapeneira.gal\/wp-content\/uploads\/2019\/07\/ARTIGO_DE_OPINION_A_NOVA_PENEIRA.jpg","width":720,"height":473,"caption":"Artigo de opini\u00f3n A Nova Peneira"},{"@type":"BreadcrumbList","@id":"https:\/\/www.anovapeneira.gal\/index.php\/2025\/01\/02\/a-polvora-do-rey\/#breadcrumb","itemListElement":[{"@type":"ListItem","position":1,"name":"Portada","item":"https:\/\/www.anovapeneira.gal\/"},{"@type":"ListItem","position":2,"name":"A p\u00f3lvora do Rey"}]},{"@type":"WebSite","@id":"https:\/\/www.anovapeneira.gal\/#website","url":"https:\/\/www.anovapeneira.gal\/","name":"","description":"Xornal galego de informaci\u00f3n xeral Publicaci\u00f3n mensual de novas de Galicia e en especial dos Concellos da sur da provincia de Pontevedra.","publisher":{"@id":"https:\/\/www.anovapeneira.gal\/#organization"},"potentialAction":[{"@type":"SearchAction","target":{"@type":"EntryPoint","urlTemplate":"https:\/\/www.anovapeneira.gal\/?s={search_term_string}"},"query-input":{"@type":"PropertyValueSpecification","valueRequired":true,"valueName":"search_term_string"}}],"inLanguage":"gl-ES"},{"@type":"Organization","@id":"https:\/\/www.anovapeneira.gal\/#organization","name":"A Nova Peneira","url":"https:\/\/www.anovapeneira.gal\/","logo":{"@type":"ImageObject","inLanguage":"gl-ES","@id":"https:\/\/www.anovapeneira.gal\/#\/schema\/logo\/image\/","url":"http:\/\/www.anovapeneira.gal\/wp-content\/uploads\/2019\/06\/logo_a_nova_peneira_portal_web.png","contentUrl":"http:\/\/www.anovapeneira.gal\/wp-content\/uploads\/2019\/06\/logo_a_nova_peneira_portal_web.png","width":300,"height":100,"caption":"A Nova Peneira"},"image":{"@id":"https:\/\/www.anovapeneira.gal\/#\/schema\/logo\/image\/"},"sameAs":["https:\/\/www.facebook.com\/anovapeneira","https:\/\/x.com\/APeneira"]},{"@type":"Person","@id":"https:\/\/www.anovapeneira.gal\/#\/schema\/person\/38ab97dcddcdec86f7375d225d9a2043","name":"Manuel Ruiz Robles","image":{"@type":"ImageObject","inLanguage":"gl-ES","@id":"https:\/\/secure.gravatar.com\/avatar\/f0a4c3090ddbc9d02206c62511a15f3af3f0548124d44441bb292b8bc679ff25?s=96&d=mm&r=g","url":"https:\/\/secure.gravatar.com\/avatar\/f0a4c3090ddbc9d02206c62511a15f3af3f0548124d44441bb292b8bc679ff25?s=96&d=mm&r=g","contentUrl":"https:\/\/secure.gravatar.com\/avatar\/f0a4c3090ddbc9d02206c62511a15f3af3f0548124d44441bb292b8bc679ff25?s=96&d=mm&r=g","caption":"Manuel Ruiz Robles"},"sameAs":["http:\/\/www.anovapeneira.gal"],"url":"https:\/\/www.anovapeneira.gal\/index.php\/author\/manuel-ruiz-robles\/"}]}},"jetpack_featured_media_url":"https:\/\/www.anovapeneira.gal\/wp-content\/uploads\/2019\/07\/ARTIGO_DE_OPINION_A_NOVA_PENEIRA.jpg","_links":{"self":[{"href":"https:\/\/www.anovapeneira.gal\/index.php\/wp-json\/wp\/v2\/posts\/15157","targetHints":{"allow":["GET"]}}],"collection":[{"href":"https:\/\/www.anovapeneira.gal\/index.php\/wp-json\/wp\/v2\/posts"}],"about":[{"href":"https:\/\/www.anovapeneira.gal\/index.php\/wp-json\/wp\/v2\/types\/post"}],"author":[{"embeddable":true,"href":"https:\/\/www.anovapeneira.gal\/index.php\/wp-json\/wp\/v2\/users\/18"}],"replies":[{"embeddable":true,"href":"https:\/\/www.anovapeneira.gal\/index.php\/wp-json\/wp\/v2\/comments?post=15157"}],"version-history":[{"count":2,"href":"https:\/\/www.anovapeneira.gal\/index.php\/wp-json\/wp\/v2\/posts\/15157\/revisions"}],"predecessor-version":[{"id":15159,"href":"https:\/\/www.anovapeneira.gal\/index.php\/wp-json\/wp\/v2\/posts\/15157\/revisions\/15159"}],"wp:featuredmedia":[{"embeddable":true,"href":"https:\/\/www.anovapeneira.gal\/index.php\/wp-json\/wp\/v2\/media\/584"}],"wp:attachment":[{"href":"https:\/\/www.anovapeneira.gal\/index.php\/wp-json\/wp\/v2\/media?parent=15157"}],"wp:term":[{"taxonomy":"category","embeddable":true,"href":"https:\/\/www.anovapeneira.gal\/index.php\/wp-json\/wp\/v2\/categories?post=15157"},{"taxonomy":"post_tag","embeddable":true,"href":"https:\/\/www.anovapeneira.gal\/index.php\/wp-json\/wp\/v2\/tags?post=15157"}],"curies":[{"name":"wp","href":"https:\/\/api.w.org\/{rel}","templated":true}]}}