{"id":1516,"date":"2019-10-17T12:00:09","date_gmt":"2019-10-17T10:00:09","guid":{"rendered":"http:\/\/www.anovapeneira.gal\/?p=1516"},"modified":"2019-10-18T07:09:12","modified_gmt":"2019-10-18T05:09:12","slug":"trinta-aniversario-da-coral-polifonica-santa-maria-das-neves","status":"publish","type":"post","link":"https:\/\/www.anovapeneira.gal\/index.php\/2019\/10\/17\/trinta-aniversario-da-coral-polifonica-santa-maria-das-neves\/","title":{"rendered":"Trinta aniversario da Coral Polif\u00f3nica Santa Mar\u00eda das Neves"},"content":{"rendered":"\n<h2 class=\"wp-block-heading\">3 d\u00e9cadas de \u00e9xitos <\/h2>\n\n\n\n<p><strong>O\ncanto coral crea un patr\u00f3n emocional compartido entre as persoas que\no executan. Os seus coraz\u00f3ns latexan ao mesmo tempo e as emoci\u00f3ns\ncolectivas se fusionan ,conformando unha \u00fanica corrente de\nsentimentos que se insire na alma de todas as persoas que asisten,\nemocionadas, ao espect\u00e1culo musical. Ese foi o efecto que lograron\nen min, e estou seguro de que en todas e todos os asistentes ao\nconcerto celebraci\u00f3n do seu trix\u00e9simo aniversario, os compo\u00f1entes\nda coral polif\u00f3nica Santa Mar\u00eda das Neves, o pasado domingo d\u00eda\n6.Nun auditorio municipal ateigado de xente, coa presenza do alcalde\nda localidade, Xos\u00e9 Manuel Rodr\u00edguez, e da deputada provincial\nVitoria Alonso, os compo\u00f1entes da coral celebraron os seus primeiros\n30 anos de vida, cun maxistral concerto que exemplificou, unha vez\nm\u00e1is, como os proxectos colectivos desenvolvidos con amor, talento e\nlealdade contrib\u00faen a xerar, en todos os contextos aos que afectan,\ncompa\u00f1eirismo, responsabilidade, solidariedade, respecto ao outro e\nen definitiva fan mellor \u00e1 humanidade. Al\u00e9n de gozar do concerto, A\nNova Peneira tivo tempo de conversar coa presidenta da Coral Mar\nMiguez, que foi a encargada de abrir o acto recitando un poema\nbel\u00edsimo escrito por ela, e co director Rafael P\u00e9rez Dopeso<\/strong><\/p>\n\n\n\n<p><strong>MAR\nM\u00cdGUEZ MOLDES PRESIDENTA DA CORAL<\/strong><\/p>\n\n\n\n<figure class=\"wp-block-image\"><img loading=\"lazy\" decoding=\"async\" width=\"720\" height=\"473\" src=\"http:\/\/www.anovapeneira.gal\/wp-content\/uploads\/2019\/10\/MAR_AS_NEVES_a_nova_peneira.jpg\" alt=\"Coral Polif\u00f3nica Santa Mar\u00eda das Neves A Nova Peneira\" class=\"wp-image-1519\" srcset=\"https:\/\/www.anovapeneira.gal\/wp-content\/uploads\/2019\/10\/MAR_AS_NEVES_a_nova_peneira.jpg 720w, https:\/\/www.anovapeneira.gal\/wp-content\/uploads\/2019\/10\/MAR_AS_NEVES_a_nova_peneira-300x197.jpg 300w\" sizes=\"auto, (max-width: 720px) 100vw, 720px\" \/><\/figure>\n\n\n\n<p><strong>Canto\ntempo levas na coral Mar?<\/strong><\/p>\n\n\n\n<blockquote class=\"wp-block-quote is-layout-flow wp-block-quote-is-layout-flow\"><p>Entre tres e catro anos<\/p><\/blockquote>\n\n\n\n<p><strong>Como\nte metiches?<\/strong><\/p>\n\n\n\n<blockquote class=\"wp-block-quote is-layout-flow wp-block-quote-is-layout-flow\"><p>Comecei na coral San Roque de Vigo, e como o director \u00e9 o mesmo c\u00f3 das Neves, pois aqu\u00ed cheguei<\/p><\/blockquote>\n\n\n\n<p><strong>Que\ncurioso que sendo ti das Neves, comezaras en Vigo?<\/strong><\/p>\n\n\n\n<blockquote class=\"wp-block-quote is-layout-flow wp-block-quote-is-layout-flow\"><p>Ten a s\u00faa historia, n\u00f3s comezamos un pouco de broma, preparando unhas canci\u00f3ns para a voda dunha amiga e como te\u00f1o unha t\u00eda e u t\u00edo na coral de San Roque fomos un d\u00eda a velos e gustoume tanto, sent\u00edn unha implicaci\u00f3n emocional tan elevada que xa non puiden nin quixen sa\u00edr deste mundo<\/p><\/blockquote>\n\n\n\n<p><strong>Hoxe\nestamos de aniversario Mar, como o vives?<\/strong><\/p>\n\n\n\n<blockquote class=\"wp-block-quote is-layout-flow wp-block-quote-is-layout-flow\"><p>Basicamente por\u00edalle dous adxectivos: Estou nerviosa e feliz, bastante nerviosa e inmensamente feliz<\/p><\/blockquote>\n\n\n\n<p><strong>Descr\u00edbenos\nen que vai consistir o acto de celebraci\u00f3n?<\/strong><\/p>\n\n\n\n<blockquote class=\"wp-block-quote is-layout-flow wp-block-quote-is-layout-flow\"><p>Comezaremos recitando un poema meu<\/p><\/blockquote>\n\n\n\n<p><strong>Escrito\npor ti?<\/strong><\/p>\n\n\n\n<blockquote class=\"wp-block-quote is-layout-flow wp-block-quote-is-layout-flow\"><p>Si<\/p><\/blockquote>\n\n\n\n<p><strong>Caramba\nque ben, e logo?<\/strong><\/p>\n\n\n\n<blockquote class=\"wp-block-quote is-layout-flow wp-block-quote-is-layout-flow\"><p>Faremos a presentaci\u00f3n e iniciaremos a  actuaci\u00f3n. Vannos acompa\u00f1ar dous grupos: Sendeiro e Argonat Band<\/p><\/blockquote>\n\n\n\n<p><strong>Levades\nmoito tempo organizando o evento?<\/strong><\/p>\n\n\n\n<blockquote class=\"wp-block-quote is-layout-flow wp-block-quote-is-layout-flow\"><p>Uns meses , si<\/p><\/blockquote>\n\n\n\n<p><strong>En\ntotal cantas persoas ides subir ao escenario?<\/strong><\/p>\n\n\n\n<blockquote class=\"wp-block-quote is-layout-flow wp-block-quote-is-layout-flow\"><p>Entre 35 e 40<\/p><\/blockquote>\n\n\n\n<p><strong>Moita\nsorte Mar, des\u00e9xoche que poidamos facer xuntos a reportaxe para\nconmemorar o 40 aniversario<\/strong><\/p>\n\n\n\n<blockquote class=\"wp-block-quote is-layout-flow wp-block-quote-is-layout-flow\"><p>Encantar\u00edame e estou segura de que as\u00ed ser\u00e1, \u00e9 m\u00e1is ,te\u00f1o a convicci\u00f3n de  que A Coral e A Peneira celebraremos xuntas o noso medio s\u00e9culo de vida<\/p><\/blockquote>\n\n\n\n<p><strong>RAFAEL\nP\u00c9REZ DOPESO DIRECTOR DA CORAL<\/strong><\/p>\n\n\n\n<figure class=\"wp-block-image\"><img loading=\"lazy\" decoding=\"async\" width=\"720\" height=\"473\" src=\"http:\/\/www.anovapeneira.gal\/wp-content\/uploads\/2019\/10\/RAFA_AS_NEVEs_coral_a_nova_peneira.jpg\" alt=\"Coral Polif\u00f3nica Santa Mar\u00eda das Neves A Nova Peneira\" class=\"wp-image-1520\" srcset=\"https:\/\/www.anovapeneira.gal\/wp-content\/uploads\/2019\/10\/RAFA_AS_NEVEs_coral_a_nova_peneira.jpg 720w, https:\/\/www.anovapeneira.gal\/wp-content\/uploads\/2019\/10\/RAFA_AS_NEVEs_coral_a_nova_peneira-300x197.jpg 300w\" sizes=\"auto, (max-width: 720px) 100vw, 720px\" \/><\/figure>\n\n\n\n<p><strong>Ti\nes das Neves Rafa?<\/strong><\/p>\n\n\n\n<blockquote class=\"wp-block-quote is-layout-flow wp-block-quote-is-layout-flow\"><p>Non, eu son de Vigo, da parroquia de Coruxo<\/p><\/blockquote>\n\n\n\n<p><strong>E\ncomo un home de Coruxo acaba sendo director dunha coral nas Neves?<\/strong><\/p>\n\n\n\n<blockquote class=\"wp-block-quote is-layout-flow wp-block-quote-is-layout-flow\"><p>Eu comecei na banda de m\u00fasica de Rubi\u00f3s, xa hai m\u00e1is de 30 anos<\/p><\/blockquote>\n\n\n\n<p><strong>Supo\u00f1o\nque xa ti\u00f1as formaci\u00f3n musical?<\/strong><\/p>\n\n\n\n<blockquote class=\"wp-block-quote is-layout-flow wp-block-quote-is-layout-flow\"><p>Si, si que a ti\u00f1a<\/p><\/blockquote>\n\n\n\n<p><strong>Onde\na adquiriches?<\/strong><\/p>\n\n\n\n<blockquote class=\"wp-block-quote is-layout-flow wp-block-quote-is-layout-flow\"><p>Na banda de m\u00fasica de Coruxo<\/p><\/blockquote>\n\n\n\n<p><strong>Corr\u00edxeme\nse me equivoco, pero creo que esa banda  ten moita historia?<\/strong><\/p>\n\n\n\n<blockquote class=\"wp-block-quote is-layout-flow wp-block-quote-is-layout-flow\"><p>Abof\u00e9 que si a ten, \u00e9 unha banda centenaria<\/p><\/blockquote>\n\n\n\n<p><strong>Ti\nxa ti\u00f1as antecedentes na familia, ou a afecci\u00f3n musical veuche por\noutras v\u00edas?<\/strong><\/p>\n\n\n\n<blockquote class=\"wp-block-quote is-layout-flow wp-block-quote-is-layout-flow\"><p>Si, o meu pai xa fora m\u00fasico tam\u00e9n na banda de Coruxo<\/p><\/blockquote>\n\n\n\n<p><strong>Polo\npouco que co\u00f1ezo das bandas de m\u00fasica d\u00e1me a impresi\u00f3n de que iso\n\u00e9 algo moi com\u00fan, a tradici\u00f3n de participar nunha banda soe pasar\nde xeraci\u00f3n en xeraci\u00f3n, non?<\/strong><\/p>\n\n\n\n<blockquote class=\"wp-block-quote is-layout-flow wp-block-quote-is-layout-flow\"><p>\u00c9 as\u00ed ,o normal \u00e9 que o gusto pola m\u00fasica pase de pais a fillos, as\u00ed sucedeu no meu caso persoal e as\u00ed acontece en moitos outros<\/p><\/blockquote>\n\n\n\n<p><strong>Ben,\nsabemos como chegaches \u00e1s Neves, pero non \u00e1 CORAL?<\/strong><\/p>\n\n\n\n<blockquote class=\"wp-block-quote is-layout-flow wp-block-quote-is-layout-flow\"><p>Pois un d\u00eda falando co antigo alcalde das Neves, Oswaldo Gonz\u00e1lez, decidimos facer un coro e comezamos<\/p><\/blockquote>\n\n\n\n<p><strong>Como\nforon os primeiros anos?<\/strong><\/p>\n\n\n\n<blockquote class=\"wp-block-quote is-layout-flow wp-block-quote-is-layout-flow\"><p>Iniciamos a actividade con toneladas de ilusi\u00f3n, cun grupo de persoas que quedabamos a ensaiar ata as tantas da noite e con moito esforzo, paix\u00f3n e amor chegamos a cumprir os 30<\/p><\/blockquote>\n\n\n\n<p><strong>Sempre\nfuches ti o director?<\/strong><\/p>\n\n\n\n<blockquote class=\"wp-block-quote is-layout-flow wp-block-quote-is-layout-flow\"><p>Si, os 30 anos de maneira ininterrompida<\/p><\/blockquote>\n\n\n\n<p><strong>Qu\u00e9dache\ncorda para rato?<\/strong><\/p>\n\n\n\n<blockquote class=\"wp-block-quote is-layout-flow wp-block-quote-is-layout-flow\"><p>Eu agardo que si,  de sa\u00fade aparentemente estou ben e os meus \u00e1nimos e a mi\u00f1a ilusi\u00f3n est\u00e1n a tope<\/p><\/blockquote>\n\n\n\n<p><strong>Que\nexpectativas tes para este concerto que est\u00e1 a piques de comezar?<\/strong><\/p>\n\n\n\n<blockquote class=\"wp-block-quote is-layout-flow wp-block-quote-is-layout-flow\"><p>En principio quixera agradecer a todas as persoas que dunha ou outra forma puxeron o seu gran de area para que isto fose posible. Nestas tres d\u00e9cadas, por aqu\u00ed pasou moit\u00edsima xente e todas e cada unha te\u00f1en un anaco do meu coraz\u00f3n. E logo quixera que este concerto servise para espertar a ilusi\u00f3n da xente moza. Estar\u00eda encantado de recibir a m\u00e1is mozas e mozos, elas e eles son a \u00fanica posibilidade de que exista un longo futuro para n\u00f3s.<\/p><\/blockquote>\n\n\n\n<p><strong>Grazas\nRafa, unha pregunta m\u00e1is e rematamos. Que tal se porta o alcalde con\nv\u00f3s, ben? Ou temos que tirarlle das orellas?<\/strong><\/p>\n\n\n\n<blockquote class=\"wp-block-quote is-layout-flow wp-block-quote-is-layout-flow\"><p>En li\u00f1as xerais ben. Sempre queres algo m\u00e1is pero en xeral estamos contentos<\/p><\/blockquote>\n","protected":false},"excerpt":{"rendered":"<div class=\"mh-excerpt\"><p>O canto coral crea un patr\u00f3n emocional compartido entre as persoas que o executan. Os seus coraz\u00f3ns latexan ao mesmo tempo e as emoci\u00f3ns colectivas se fusionan ,conformando unha \u00fanica corrente de sentimentos que se insire na alma de todas as persoas que asisten, emocionadas, ao espect\u00e1culo musical <a class=\"mh-excerpt-more\" href=\"https:\/\/www.anovapeneira.gal\/index.php\/2019\/10\/17\/trinta-aniversario-da-coral-polifonica-santa-maria-das-neves\/\" title=\"Trinta aniversario da Coral Polif\u00f3nica Santa Mar\u00eda das Neves\">[&#8230;]<\/a><\/p>\n<\/div>","protected":false},"author":3,"featured_media":1517,"comment_status":"open","ping_status":"open","sticky":false,"template":"","format":"standard","meta":{"_exactmetrics_skip_tracking":false,"_exactmetrics_sitenote_active":false,"_exactmetrics_sitenote_note":"","_exactmetrics_sitenote_category":0,"footnotes":""},"categories":[267],"tags":[546,676,33],"class_list":{"0":"post-1516","1":"post","2":"type-post","3":"status-publish","4":"format-standard","5":"has-post-thumbnail","7":"category-condado-entrevistas","8":"tag-concello-das-neves","9":"tag-coral-polifonica-santa-maria-das-neves","10":"tag-cultura"},"yoast_head":"<!-- This site is optimized with the Yoast SEO plugin v27.4 - https:\/\/yoast.com\/product\/yoast-seo-wordpress\/ -->\n<title>Trinta aniversario da Coral Polif\u00f3nica Santa Mar\u00eda das Neves -<\/title>\n<meta name=\"robots\" content=\"index, follow, max-snippet:-1, max-image-preview:large, max-video-preview:-1\" \/>\n<link rel=\"canonical\" href=\"https:\/\/www.anovapeneira.gal\/index.php\/2019\/10\/17\/trinta-aniversario-da-coral-polifonica-santa-maria-das-neves\/\" \/>\n<meta property=\"og:locale\" content=\"gl_ES\" \/>\n<meta property=\"og:type\" content=\"article\" \/>\n<meta property=\"og:title\" content=\"Trinta aniversario da Coral Polif\u00f3nica Santa Mar\u00eda das Neves -\" \/>\n<meta property=\"og:description\" content=\"O canto coral crea un patr\u00f3n emocional compartido entre as persoas que o executan. Os seus coraz\u00f3ns latexan ao mesmo tempo e as emoci\u00f3ns colectivas se fusionan ,conformando unha \u00fanica corrente de sentimentos que se insire na alma de todas as persoas que asisten, emocionadas, ao espect\u00e1culo musical [...]\" \/>\n<meta property=\"og:url\" content=\"https:\/\/www.anovapeneira.gal\/index.php\/2019\/10\/17\/trinta-aniversario-da-coral-polifonica-santa-maria-das-neves\/\" \/>\n<meta property=\"article:publisher\" content=\"https:\/\/www.facebook.com\/anovapeneira\" \/>\n<meta property=\"article:published_time\" content=\"2019-10-17T10:00:09+00:00\" \/>\n<meta property=\"article:modified_time\" content=\"2019-10-18T05:09:12+00:00\" \/>\n<meta property=\"og:image\" content=\"https:\/\/www.anovapeneira.gal\/wp-content\/uploads\/2019\/10\/AS_NEVEs_coral_a_nova_peneira.jpg\" \/>\n\t<meta property=\"og:image:width\" content=\"720\" \/>\n\t<meta property=\"og:image:height\" content=\"473\" \/>\n\t<meta property=\"og:image:type\" content=\"image\/jpeg\" \/>\n<meta name=\"author\" content=\"Redacci\u00f3n A Nova Peneira\" \/>\n<meta name=\"twitter:card\" content=\"summary_large_image\" \/>\n<meta name=\"twitter:creator\" content=\"@APeneira\" \/>\n<meta name=\"twitter:site\" content=\"@APeneira\" \/>\n<meta name=\"twitter:label1\" content=\"Escrito por\" \/>\n\t<meta name=\"twitter:data1\" content=\"Redacci\u00f3n A Nova Peneira\" \/>\n\t<meta name=\"twitter:label2\" content=\"Tempo de lectura\" \/>\n\t<meta name=\"twitter:data2\" content=\"5 minutos\" \/>\n<script type=\"application\/ld+json\" class=\"yoast-schema-graph\">{\"@context\":\"https:\\\/\\\/schema.org\",\"@graph\":[{\"@type\":\"Article\",\"@id\":\"https:\\\/\\\/www.anovapeneira.gal\\\/index.php\\\/2019\\\/10\\\/17\\\/trinta-aniversario-da-coral-polifonica-santa-maria-das-neves\\\/#article\",\"isPartOf\":{\"@id\":\"https:\\\/\\\/www.anovapeneira.gal\\\/index.php\\\/2019\\\/10\\\/17\\\/trinta-aniversario-da-coral-polifonica-santa-maria-das-neves\\\/\"},\"author\":{\"name\":\"Redacci\u00f3n A Nova Peneira\",\"@id\":\"https:\\\/\\\/www.anovapeneira.gal\\\/#\\\/schema\\\/person\\\/b93e3f8932e3f8da96334607eb6ac6aa\"},\"headline\":\"Trinta aniversario da Coral Polif\u00f3nica Santa Mar\u00eda das Neves\",\"datePublished\":\"2019-10-17T10:00:09+00:00\",\"dateModified\":\"2019-10-18T05:09:12+00:00\",\"mainEntityOfPage\":{\"@id\":\"https:\\\/\\\/www.anovapeneira.gal\\\/index.php\\\/2019\\\/10\\\/17\\\/trinta-aniversario-da-coral-polifonica-santa-maria-das-neves\\\/\"},\"wordCount\":913,\"commentCount\":0,\"publisher\":{\"@id\":\"https:\\\/\\\/www.anovapeneira.gal\\\/#organization\"},\"image\":{\"@id\":\"https:\\\/\\\/www.anovapeneira.gal\\\/index.php\\\/2019\\\/10\\\/17\\\/trinta-aniversario-da-coral-polifonica-santa-maria-das-neves\\\/#primaryimage\"},\"thumbnailUrl\":\"https:\\\/\\\/www.anovapeneira.gal\\\/wp-content\\\/uploads\\\/2019\\\/10\\\/AS_NEVEs_coral_a_nova_peneira.jpg\",\"keywords\":[\"Concello das Neves\",\"Coral Polif\u00f3nica Santa Mar\u00eda das Neves\",\"Cultura\"],\"articleSection\":[\"Condado\"],\"inLanguage\":\"gl-ES\",\"potentialAction\":[{\"@type\":\"CommentAction\",\"name\":\"Comment\",\"target\":[\"https:\\\/\\\/www.anovapeneira.gal\\\/index.php\\\/2019\\\/10\\\/17\\\/trinta-aniversario-da-coral-polifonica-santa-maria-das-neves\\\/#respond\"]}]},{\"@type\":\"WebPage\",\"@id\":\"https:\\\/\\\/www.anovapeneira.gal\\\/index.php\\\/2019\\\/10\\\/17\\\/trinta-aniversario-da-coral-polifonica-santa-maria-das-neves\\\/\",\"url\":\"https:\\\/\\\/www.anovapeneira.gal\\\/index.php\\\/2019\\\/10\\\/17\\\/trinta-aniversario-da-coral-polifonica-santa-maria-das-neves\\\/\",\"name\":\"Trinta aniversario da Coral Polif\u00f3nica Santa Mar\u00eda das Neves -\",\"isPartOf\":{\"@id\":\"https:\\\/\\\/www.anovapeneira.gal\\\/#website\"},\"primaryImageOfPage\":{\"@id\":\"https:\\\/\\\/www.anovapeneira.gal\\\/index.php\\\/2019\\\/10\\\/17\\\/trinta-aniversario-da-coral-polifonica-santa-maria-das-neves\\\/#primaryimage\"},\"image\":{\"@id\":\"https:\\\/\\\/www.anovapeneira.gal\\\/index.php\\\/2019\\\/10\\\/17\\\/trinta-aniversario-da-coral-polifonica-santa-maria-das-neves\\\/#primaryimage\"},\"thumbnailUrl\":\"https:\\\/\\\/www.anovapeneira.gal\\\/wp-content\\\/uploads\\\/2019\\\/10\\\/AS_NEVEs_coral_a_nova_peneira.jpg\",\"datePublished\":\"2019-10-17T10:00:09+00:00\",\"dateModified\":\"2019-10-18T05:09:12+00:00\",\"breadcrumb\":{\"@id\":\"https:\\\/\\\/www.anovapeneira.gal\\\/index.php\\\/2019\\\/10\\\/17\\\/trinta-aniversario-da-coral-polifonica-santa-maria-das-neves\\\/#breadcrumb\"},\"inLanguage\":\"gl-ES\",\"potentialAction\":[{\"@type\":\"ReadAction\",\"target\":[\"https:\\\/\\\/www.anovapeneira.gal\\\/index.php\\\/2019\\\/10\\\/17\\\/trinta-aniversario-da-coral-polifonica-santa-maria-das-neves\\\/\"]}]},{\"@type\":\"ImageObject\",\"inLanguage\":\"gl-ES\",\"@id\":\"https:\\\/\\\/www.anovapeneira.gal\\\/index.php\\\/2019\\\/10\\\/17\\\/trinta-aniversario-da-coral-polifonica-santa-maria-das-neves\\\/#primaryimage\",\"url\":\"https:\\\/\\\/www.anovapeneira.gal\\\/wp-content\\\/uploads\\\/2019\\\/10\\\/AS_NEVEs_coral_a_nova_peneira.jpg\",\"contentUrl\":\"https:\\\/\\\/www.anovapeneira.gal\\\/wp-content\\\/uploads\\\/2019\\\/10\\\/AS_NEVEs_coral_a_nova_peneira.jpg\",\"width\":720,\"height\":473,\"caption\":\"Coral Polif\u00f3nica Santa Mar\u00eda das Neves A Nova Peneira\"},{\"@type\":\"BreadcrumbList\",\"@id\":\"https:\\\/\\\/www.anovapeneira.gal\\\/index.php\\\/2019\\\/10\\\/17\\\/trinta-aniversario-da-coral-polifonica-santa-maria-das-neves\\\/#breadcrumb\",\"itemListElement\":[{\"@type\":\"ListItem\",\"position\":1,\"name\":\"Portada\",\"item\":\"https:\\\/\\\/www.anovapeneira.gal\\\/\"},{\"@type\":\"ListItem\",\"position\":2,\"name\":\"Trinta aniversario da Coral Polif\u00f3nica Santa Mar\u00eda das Neves\"}]},{\"@type\":\"WebSite\",\"@id\":\"https:\\\/\\\/www.anovapeneira.gal\\\/#website\",\"url\":\"https:\\\/\\\/www.anovapeneira.gal\\\/\",\"name\":\"\",\"description\":\"Xornal galego de informaci\u00f3n xeral Publicaci\u00f3n mensual de novas de Galicia e en especial dos Concellos da sur da provincia de Pontevedra.\",\"publisher\":{\"@id\":\"https:\\\/\\\/www.anovapeneira.gal\\\/#organization\"},\"potentialAction\":[{\"@type\":\"SearchAction\",\"target\":{\"@type\":\"EntryPoint\",\"urlTemplate\":\"https:\\\/\\\/www.anovapeneira.gal\\\/?s={search_term_string}\"},\"query-input\":{\"@type\":\"PropertyValueSpecification\",\"valueRequired\":true,\"valueName\":\"search_term_string\"}}],\"inLanguage\":\"gl-ES\"},{\"@type\":\"Organization\",\"@id\":\"https:\\\/\\\/www.anovapeneira.gal\\\/#organization\",\"name\":\"A Nova Peneira\",\"url\":\"https:\\\/\\\/www.anovapeneira.gal\\\/\",\"logo\":{\"@type\":\"ImageObject\",\"inLanguage\":\"gl-ES\",\"@id\":\"https:\\\/\\\/www.anovapeneira.gal\\\/#\\\/schema\\\/logo\\\/image\\\/\",\"url\":\"http:\\\/\\\/www.anovapeneira.gal\\\/wp-content\\\/uploads\\\/2019\\\/06\\\/logo_a_nova_peneira_portal_web.png\",\"contentUrl\":\"http:\\\/\\\/www.anovapeneira.gal\\\/wp-content\\\/uploads\\\/2019\\\/06\\\/logo_a_nova_peneira_portal_web.png\",\"width\":300,\"height\":100,\"caption\":\"A Nova Peneira\"},\"image\":{\"@id\":\"https:\\\/\\\/www.anovapeneira.gal\\\/#\\\/schema\\\/logo\\\/image\\\/\"},\"sameAs\":[\"https:\\\/\\\/www.facebook.com\\\/anovapeneira\",\"https:\\\/\\\/x.com\\\/APeneira\"]},{\"@type\":\"Person\",\"@id\":\"https:\\\/\\\/www.anovapeneira.gal\\\/#\\\/schema\\\/person\\\/b93e3f8932e3f8da96334607eb6ac6aa\",\"name\":\"Redacci\u00f3n A Nova Peneira\",\"image\":{\"@type\":\"ImageObject\",\"inLanguage\":\"gl-ES\",\"@id\":\"https:\\\/\\\/secure.gravatar.com\\\/avatar\\\/c052a2551a06e23fac63626232eaa90abd78dbcf1700fc46a2b2c89fd27b735f?s=96&d=mm&r=g\",\"url\":\"https:\\\/\\\/secure.gravatar.com\\\/avatar\\\/c052a2551a06e23fac63626232eaa90abd78dbcf1700fc46a2b2c89fd27b735f?s=96&d=mm&r=g\",\"contentUrl\":\"https:\\\/\\\/secure.gravatar.com\\\/avatar\\\/c052a2551a06e23fac63626232eaa90abd78dbcf1700fc46a2b2c89fd27b735f?s=96&d=mm&r=g\",\"caption\":\"Redacci\u00f3n A Nova Peneira\"},\"sameAs\":[\"http:\\\/\\\/www.anovapeneira.gal\\\/\"],\"url\":\"https:\\\/\\\/www.anovapeneira.gal\\\/index.php\\\/author\\\/redactor\\\/\"}]}<\/script>\n<!-- \/ Yoast SEO plugin. -->","yoast_head_json":{"title":"Trinta aniversario da Coral Polif\u00f3nica Santa Mar\u00eda das Neves -","robots":{"index":"index","follow":"follow","max-snippet":"max-snippet:-1","max-image-preview":"max-image-preview:large","max-video-preview":"max-video-preview:-1"},"canonical":"https:\/\/www.anovapeneira.gal\/index.php\/2019\/10\/17\/trinta-aniversario-da-coral-polifonica-santa-maria-das-neves\/","og_locale":"gl_ES","og_type":"article","og_title":"Trinta aniversario da Coral Polif\u00f3nica Santa Mar\u00eda das Neves -","og_description":"O canto coral crea un patr\u00f3n emocional compartido entre as persoas que o executan. Os seus coraz\u00f3ns latexan ao mesmo tempo e as emoci\u00f3ns colectivas se fusionan ,conformando unha \u00fanica corrente de sentimentos que se insire na alma de todas as persoas que asisten, emocionadas, ao espect\u00e1culo musical [...]","og_url":"https:\/\/www.anovapeneira.gal\/index.php\/2019\/10\/17\/trinta-aniversario-da-coral-polifonica-santa-maria-das-neves\/","article_publisher":"https:\/\/www.facebook.com\/anovapeneira","article_published_time":"2019-10-17T10:00:09+00:00","article_modified_time":"2019-10-18T05:09:12+00:00","og_image":[{"width":720,"height":473,"url":"https:\/\/www.anovapeneira.gal\/wp-content\/uploads\/2019\/10\/AS_NEVEs_coral_a_nova_peneira.jpg","type":"image\/jpeg"}],"author":"Redacci\u00f3n A Nova Peneira","twitter_card":"summary_large_image","twitter_creator":"@APeneira","twitter_site":"@APeneira","twitter_misc":{"Escrito por":"Redacci\u00f3n A Nova Peneira","Tempo de lectura":"5 minutos"},"schema":{"@context":"https:\/\/schema.org","@graph":[{"@type":"Article","@id":"https:\/\/www.anovapeneira.gal\/index.php\/2019\/10\/17\/trinta-aniversario-da-coral-polifonica-santa-maria-das-neves\/#article","isPartOf":{"@id":"https:\/\/www.anovapeneira.gal\/index.php\/2019\/10\/17\/trinta-aniversario-da-coral-polifonica-santa-maria-das-neves\/"},"author":{"name":"Redacci\u00f3n A Nova Peneira","@id":"https:\/\/www.anovapeneira.gal\/#\/schema\/person\/b93e3f8932e3f8da96334607eb6ac6aa"},"headline":"Trinta aniversario da Coral Polif\u00f3nica Santa Mar\u00eda das Neves","datePublished":"2019-10-17T10:00:09+00:00","dateModified":"2019-10-18T05:09:12+00:00","mainEntityOfPage":{"@id":"https:\/\/www.anovapeneira.gal\/index.php\/2019\/10\/17\/trinta-aniversario-da-coral-polifonica-santa-maria-das-neves\/"},"wordCount":913,"commentCount":0,"publisher":{"@id":"https:\/\/www.anovapeneira.gal\/#organization"},"image":{"@id":"https:\/\/www.anovapeneira.gal\/index.php\/2019\/10\/17\/trinta-aniversario-da-coral-polifonica-santa-maria-das-neves\/#primaryimage"},"thumbnailUrl":"https:\/\/www.anovapeneira.gal\/wp-content\/uploads\/2019\/10\/AS_NEVEs_coral_a_nova_peneira.jpg","keywords":["Concello das Neves","Coral Polif\u00f3nica Santa Mar\u00eda das Neves","Cultura"],"articleSection":["Condado"],"inLanguage":"gl-ES","potentialAction":[{"@type":"CommentAction","name":"Comment","target":["https:\/\/www.anovapeneira.gal\/index.php\/2019\/10\/17\/trinta-aniversario-da-coral-polifonica-santa-maria-das-neves\/#respond"]}]},{"@type":"WebPage","@id":"https:\/\/www.anovapeneira.gal\/index.php\/2019\/10\/17\/trinta-aniversario-da-coral-polifonica-santa-maria-das-neves\/","url":"https:\/\/www.anovapeneira.gal\/index.php\/2019\/10\/17\/trinta-aniversario-da-coral-polifonica-santa-maria-das-neves\/","name":"Trinta aniversario da Coral Polif\u00f3nica Santa Mar\u00eda das Neves -","isPartOf":{"@id":"https:\/\/www.anovapeneira.gal\/#website"},"primaryImageOfPage":{"@id":"https:\/\/www.anovapeneira.gal\/index.php\/2019\/10\/17\/trinta-aniversario-da-coral-polifonica-santa-maria-das-neves\/#primaryimage"},"image":{"@id":"https:\/\/www.anovapeneira.gal\/index.php\/2019\/10\/17\/trinta-aniversario-da-coral-polifonica-santa-maria-das-neves\/#primaryimage"},"thumbnailUrl":"https:\/\/www.anovapeneira.gal\/wp-content\/uploads\/2019\/10\/AS_NEVEs_coral_a_nova_peneira.jpg","datePublished":"2019-10-17T10:00:09+00:00","dateModified":"2019-10-18T05:09:12+00:00","breadcrumb":{"@id":"https:\/\/www.anovapeneira.gal\/index.php\/2019\/10\/17\/trinta-aniversario-da-coral-polifonica-santa-maria-das-neves\/#breadcrumb"},"inLanguage":"gl-ES","potentialAction":[{"@type":"ReadAction","target":["https:\/\/www.anovapeneira.gal\/index.php\/2019\/10\/17\/trinta-aniversario-da-coral-polifonica-santa-maria-das-neves\/"]}]},{"@type":"ImageObject","inLanguage":"gl-ES","@id":"https:\/\/www.anovapeneira.gal\/index.php\/2019\/10\/17\/trinta-aniversario-da-coral-polifonica-santa-maria-das-neves\/#primaryimage","url":"https:\/\/www.anovapeneira.gal\/wp-content\/uploads\/2019\/10\/AS_NEVEs_coral_a_nova_peneira.jpg","contentUrl":"https:\/\/www.anovapeneira.gal\/wp-content\/uploads\/2019\/10\/AS_NEVEs_coral_a_nova_peneira.jpg","width":720,"height":473,"caption":"Coral Polif\u00f3nica Santa Mar\u00eda das Neves A Nova Peneira"},{"@type":"BreadcrumbList","@id":"https:\/\/www.anovapeneira.gal\/index.php\/2019\/10\/17\/trinta-aniversario-da-coral-polifonica-santa-maria-das-neves\/#breadcrumb","itemListElement":[{"@type":"ListItem","position":1,"name":"Portada","item":"https:\/\/www.anovapeneira.gal\/"},{"@type":"ListItem","position":2,"name":"Trinta aniversario da Coral Polif\u00f3nica Santa Mar\u00eda das Neves"}]},{"@type":"WebSite","@id":"https:\/\/www.anovapeneira.gal\/#website","url":"https:\/\/www.anovapeneira.gal\/","name":"","description":"Xornal galego de informaci\u00f3n xeral Publicaci\u00f3n mensual de novas de Galicia e en especial dos Concellos da sur da provincia de Pontevedra.","publisher":{"@id":"https:\/\/www.anovapeneira.gal\/#organization"},"potentialAction":[{"@type":"SearchAction","target":{"@type":"EntryPoint","urlTemplate":"https:\/\/www.anovapeneira.gal\/?s={search_term_string}"},"query-input":{"@type":"PropertyValueSpecification","valueRequired":true,"valueName":"search_term_string"}}],"inLanguage":"gl-ES"},{"@type":"Organization","@id":"https:\/\/www.anovapeneira.gal\/#organization","name":"A Nova Peneira","url":"https:\/\/www.anovapeneira.gal\/","logo":{"@type":"ImageObject","inLanguage":"gl-ES","@id":"https:\/\/www.anovapeneira.gal\/#\/schema\/logo\/image\/","url":"http:\/\/www.anovapeneira.gal\/wp-content\/uploads\/2019\/06\/logo_a_nova_peneira_portal_web.png","contentUrl":"http:\/\/www.anovapeneira.gal\/wp-content\/uploads\/2019\/06\/logo_a_nova_peneira_portal_web.png","width":300,"height":100,"caption":"A Nova Peneira"},"image":{"@id":"https:\/\/www.anovapeneira.gal\/#\/schema\/logo\/image\/"},"sameAs":["https:\/\/www.facebook.com\/anovapeneira","https:\/\/x.com\/APeneira"]},{"@type":"Person","@id":"https:\/\/www.anovapeneira.gal\/#\/schema\/person\/b93e3f8932e3f8da96334607eb6ac6aa","name":"Redacci\u00f3n A Nova Peneira","image":{"@type":"ImageObject","inLanguage":"gl-ES","@id":"https:\/\/secure.gravatar.com\/avatar\/c052a2551a06e23fac63626232eaa90abd78dbcf1700fc46a2b2c89fd27b735f?s=96&d=mm&r=g","url":"https:\/\/secure.gravatar.com\/avatar\/c052a2551a06e23fac63626232eaa90abd78dbcf1700fc46a2b2c89fd27b735f?s=96&d=mm&r=g","contentUrl":"https:\/\/secure.gravatar.com\/avatar\/c052a2551a06e23fac63626232eaa90abd78dbcf1700fc46a2b2c89fd27b735f?s=96&d=mm&r=g","caption":"Redacci\u00f3n A Nova Peneira"},"sameAs":["http:\/\/www.anovapeneira.gal\/"],"url":"https:\/\/www.anovapeneira.gal\/index.php\/author\/redactor\/"}]}},"jetpack_featured_media_url":"https:\/\/www.anovapeneira.gal\/wp-content\/uploads\/2019\/10\/AS_NEVEs_coral_a_nova_peneira.jpg","_links":{"self":[{"href":"https:\/\/www.anovapeneira.gal\/index.php\/wp-json\/wp\/v2\/posts\/1516","targetHints":{"allow":["GET"]}}],"collection":[{"href":"https:\/\/www.anovapeneira.gal\/index.php\/wp-json\/wp\/v2\/posts"}],"about":[{"href":"https:\/\/www.anovapeneira.gal\/index.php\/wp-json\/wp\/v2\/types\/post"}],"author":[{"embeddable":true,"href":"https:\/\/www.anovapeneira.gal\/index.php\/wp-json\/wp\/v2\/users\/3"}],"replies":[{"embeddable":true,"href":"https:\/\/www.anovapeneira.gal\/index.php\/wp-json\/wp\/v2\/comments?post=1516"}],"version-history":[{"count":3,"href":"https:\/\/www.anovapeneira.gal\/index.php\/wp-json\/wp\/v2\/posts\/1516\/revisions"}],"predecessor-version":[{"id":1537,"href":"https:\/\/www.anovapeneira.gal\/index.php\/wp-json\/wp\/v2\/posts\/1516\/revisions\/1537"}],"wp:featuredmedia":[{"embeddable":true,"href":"https:\/\/www.anovapeneira.gal\/index.php\/wp-json\/wp\/v2\/media\/1517"}],"wp:attachment":[{"href":"https:\/\/www.anovapeneira.gal\/index.php\/wp-json\/wp\/v2\/media?parent=1516"}],"wp:term":[{"taxonomy":"category","embeddable":true,"href":"https:\/\/www.anovapeneira.gal\/index.php\/wp-json\/wp\/v2\/categories?post=1516"},{"taxonomy":"post_tag","embeddable":true,"href":"https:\/\/www.anovapeneira.gal\/index.php\/wp-json\/wp\/v2\/tags?post=1516"}],"curies":[{"name":"wp","href":"https:\/\/api.w.org\/{rel}","templated":true}]}}