{"id":15161,"date":"2025-01-02T10:00:32","date_gmt":"2025-01-02T09:00:32","guid":{"rendered":"https:\/\/www.anovapeneira.gal\/?p=15161"},"modified":"2025-12-30T12:51:47","modified_gmt":"2025-12-30T11:51:47","slug":"luciano-otero-alcalde-de-pazos-de-borben-4","status":"publish","type":"post","link":"https:\/\/www.anovapeneira.gal\/index.php\/2025\/01\/02\/luciano-otero-alcalde-de-pazos-de-borben-4\/","title":{"rendered":"Luciano Otero, alcalde de Pazos de Borb\u00e9n"},"content":{"rendered":"\n<p><strong>Comezamos o ano conversando co alcalde de Pazos, Luciano Otero. Neste Concello, despois de m\u00e1is de 20 anos dun nefasto goberno nepotista, caciquil e desleixado do PP, exist\u00edan expectativas moi elevadas e unha enorme ilusi\u00f3n polo cambio cando no 2023 os populares perderon por fin a maior\u00eda absoluta. Luciano Otero l\u00edder de Alternativa Veci\u00f1al chegou \u00e1 alcald\u00eda con catro actas nunha corporaci\u00f3n de 11 asentos, grazas ao voto favorable do concelleiro do BNG e do concelleiro do PSOE. Pero o certo \u00e9 que o mandato est\u00e1 sendo moi complicado. Non houbo posibilidades de chegar a un acordo de goberno que permitise un mandato estable e o alcalde afronta catro anos moi dif\u00edciles cunha situaci\u00f3n aritm\u00e9tica de minor\u00eda que non lle permite facer moitas cousas. N\u00f3s falamos con Luciano para co\u00f1ecer as s\u00faas raz\u00f3ns, o estado das cousas, segundo o seu punto de vista, no seu concello e as s\u00faas expectativas de futuro. Vela\u00ed vai o que deu de si a nosa conversa.<\/strong><\/p>\n\n\n\n<p>\u201c<strong>En Pazos de Borb\u00e9n o clima preelectoral comezou o mesmo d\u00eda da investidura\u201d<\/strong><\/p>\n\n\n\n<p><strong>Estamos xa case en \u00e9poca preelectoral. Como valoras o ambiente pol\u00edtico de Pazos no momento actual?<\/strong><\/p>\n\n\n\n<blockquote class=\"wp-block-quote is-layout-flow wp-block-quote-is-layout-flow\">\n<p>En Pazos de Borb\u00e9n o clima preelectoral comezou o mesmo d\u00eda do pleno de investidura.<\/p>\n<\/blockquote>\n\n\n\n<p><strong>As\u00ed, con esa rotundidade?<\/strong><\/p>\n\n\n\n<blockquote class=\"wp-block-quote is-layout-flow wp-block-quote-is-layout-flow\">\n<p>Si, as\u00ed mesmo. Hai moitos veci\u00f1os que me comentan pola r\u00faa que os que ti\u00f1an que estar apoiando ao goberno dannos moi pouca cancha.<\/p>\n<\/blockquote>\n\n\n\n<p><strong>Danche pouca cancha?, Ou non che dan ningunha?<\/strong><\/p>\n\n\n\n<blockquote class=\"wp-block-quote is-layout-flow wp-block-quote-is-layout-flow\">\n<p>Ben, algunha cousa vai sa\u00edndo pero moi pouca. Eu creo que o PSOE e o BNG nos fan m\u00e1is oposici\u00f3n que o propio PP. Est\u00e1n seguindo unha estratexia pol\u00edtica cuxo principal beneficiario pode ser o PP.<\/p>\n<\/blockquote>\n\n\n\n<p><strong>Un mandato con tensi\u00f3n preelectoral desde o primeiro d\u00eda fai moi dif\u00edcil a acci\u00f3n de goberno, e m\u00e1is a\u00ednda nunha situaci\u00f3n aritm\u00e9tica de minor\u00eda como a vosa. Tes capacidade para poder gobernar?<\/strong><\/p>\n\n\n\n<blockquote class=\"wp-block-quote is-layout-flow wp-block-quote-is-layout-flow\">\n<p>Estamos facendo cousas, pero con moito traballo e con enorme desgaste.<\/p>\n<\/blockquote>\n\n\n\n<p><strong>Cales son esas cousas, as m\u00e1is significativas, que estades facendo?<\/strong><\/p>\n\n\n\n<blockquote class=\"wp-block-quote is-layout-flow wp-block-quote-is-layout-flow\">\n<p>Como obxectivos estrat\u00e9xicos para este mandado c\u00f3mpre salientar a nosa intenci\u00f3n de desbloquear o arranxo da estrada EP2702 <strong>( a estrada que vai desde Os Valos ata Amoedo).<\/strong>Unha estrada que \u00e9 competencia da DEPO pero que \u00e9 unha v\u00eda moi importante de conexi\u00f3n entre distintas zonas do noso Concello. O caso \u00e9 que o primeiro tramo sa\u00edu adiante.<\/p>\n<\/blockquote>\n\n\n\n<p><strong>En que situaci\u00f3n est\u00e1 ese tramo neste momento?<\/strong><\/p>\n\n\n\n<blockquote class=\"wp-block-quote is-layout-flow wp-block-quote-is-layout-flow\">\n<p>Est\u00e1 en licitaci\u00f3n.<\/p>\n<\/blockquote>\n\n\n\n<p><strong>Os seguintes tramos?<\/strong><\/p>\n\n\n\n<blockquote class=\"wp-block-quote is-layout-flow wp-block-quote-is-layout-flow\">\n<p>Non temos compromiso alg\u00fan da DEPO ao respecto diso. A veci\u00f1anza protesta ante esa inxustiza e o alcalde de Pazos est\u00e1 totalmente de acordo con esa protesta.<\/p>\n<\/blockquote>\n\n\n\n<p><strong>Cando prev\u00e9s que comecen as obras do primeiro tramo?<\/strong><\/p>\n\n\n\n<blockquote class=\"wp-block-quote is-layout-flow wp-block-quote-is-layout-flow\">\n<p>Agardo que no ver\u00e1n xa estean as obras en marcha. A\u00ednda que parece que en Pazos as cousas van m\u00e1is lentas que en outros lugares.<\/p>\n<\/blockquote>\n\n\n\n<p><strong>A que te refires?<\/strong><\/p>\n\n\n\n<blockquote class=\"wp-block-quote is-layout-flow wp-block-quote-is-layout-flow\">\n<p>Ref\u00edrome ao arranxo dunha estrada provincial en Salvaterra que parece que vai moito m\u00e1is r\u00e1pido que no caso de Pazos.<\/p>\n<\/blockquote>\n\n\n\n<p><strong>Ti cres que hai vontade pol\u00edtica da DEPO de atrasar as obras da estrada Os Valos Amoedo?<\/strong><\/p>\n\n\n\n<blockquote class=\"wp-block-quote is-layout-flow wp-block-quote-is-layout-flow\">\n<p>Evidentemente si. A min o presidente da DEPO d\u00edxome que ata que non rematen as obras do primeiro tramo non se vai comezar a traballar nos seguintes.<\/p>\n<\/blockquote>\n\n\n\n<p><strong>Cal \u00e9 a extensi\u00f3n da estrada?<\/strong><\/p>\n\n\n\n<blockquote class=\"wp-block-quote is-layout-flow wp-block-quote-is-layout-flow\">\n<p>Oito quil\u00f3metros.<\/p>\n<\/blockquote>\n\n\n\n<p><strong>Canta lonxitude ten o tramo que van arranxar?<\/strong><\/p>\n\n\n\n<blockquote class=\"wp-block-quote is-layout-flow wp-block-quote-is-layout-flow\">\n<p>900 metros, pouco m\u00e1is que o 10%.A este ritmo imos estar moitos anos en obras para rematar co arranxo de toda a estrada. Eu non vexo a vontade real de arranxo por ningunha parte.<\/p>\n<\/blockquote>\n\n\n\n<p><strong>Na comarca de Redondela hai dous cargos do PP que traballan na DEPO: o ex alcalde de Pazos, Andr\u00e9s Iglesias, e o ex alcalde de Redondela Javier Bas. Colaboraron en algo para poder arranxar esa estrada?<\/strong><\/p>\n\n\n\n<blockquote class=\"wp-block-quote is-layout-flow wp-block-quote-is-layout-flow\">\n<p>A min non me consta ning\u00fan tipo de colaboraci\u00f3n de ning\u00fan dos dous.<\/p>\n<\/blockquote>\n\n\n\n<p><strong>Ben, estabamos a falar das acci\u00f3ns de goberno m\u00e1is relevantes. Al\u00e9n do asunto da estrada de Nespereira que m\u00e1is podes destacar?<\/strong><\/p>\n\n\n\n<blockquote class=\"wp-block-quote is-layout-flow wp-block-quote-is-layout-flow\">\n<p>-\u00c9 moi importante o traballo ao respecto do pol\u00edgono de Amoedo. Collemos un expediente que levaba catro anos metido nun caix\u00f3n por parte do anterior goberno, fixemos o traballo t\u00e9cnico e administrativo necesario, reun\u00edmonos co equipo redactor e coa Xunta, atendemos os requirimentos que nos fixeron e temos o documento co visto bo do urbanismo da Xunta. S\u00f3 falta que se aprobe en pleno. N\u00f3s agardamos contar cos apoios necesarios para poder quitar adiante a modificaci\u00f3n puntual do pol\u00edgono de Amoedo.<\/p>\n<\/blockquote>\n\n\n\n<blockquote class=\"wp-block-quote is-layout-flow wp-block-quote-is-layout-flow\">\n<p>-Tam\u00e9n quixera salientar a nosa actuaci\u00f3n sobre as depuradoras municipais. Estaban caendo sanci\u00f3ns de Augas de Galicia de maneira recorrente. N\u00f3s xa preparamos un proxecto para a depuradora de Moscoso, a m\u00e1is grande que temos. \u00c9 un proxecto que se vai a medio mill\u00f3n de \u20ac.Reun\u00edmonos con Augas de Galicia para que financie unha parte moi importante e estamos \u00e1 espera da s\u00faa resposta. Nas outras depuradoras m\u00e1is pequenas imos introducindo investimentos a medida que imos podendo como fixemos agora na depuradora de Amoedo. O estado das depuradoras non est\u00e1 ben. Pero estamos traballando con seriedade para p\u00f3r remedio e parece que augas de Galicia as\u00ed o entende tam\u00e9n porque deixaron de sancionarnos.<\/p>\n<\/blockquote>\n\n\n\n<blockquote class=\"wp-block-quote is-layout-flow wp-block-quote-is-layout-flow\">\n<p>-Asumimos a xesti\u00f3n directa do lixo, pois a empresa anterior xa estaba f\u00f3ra de contrato. E agora l\u00e9vaa directamente o Concello.<\/p>\n<\/blockquote>\n\n\n\n<p><strong>Fostes pioneiros en remunicipalizar servizos?<\/strong><\/p>\n\n\n\n<blockquote class=\"wp-block-quote is-layout-flow wp-block-quote-is-layout-flow\">\n<p>Neste caso si.<\/p>\n<\/blockquote>\n\n\n\n<p><strong>Noutros concellos cando algunha forza de esquerdas formula a posibilidade de asumir a xesti\u00f3n do lixo o mantra da dereita \u00e9 que nin se pode nin \u00e9 viable. Como o levades v\u00f3s?<\/strong><\/p>\n\n\n\n<blockquote class=\"wp-block-quote is-layout-flow wp-block-quote-is-layout-flow\">\n<p>Lev\u00e1molo ben. Eu creo que \u00e9 evidente que a xesti\u00f3n do lixo mellorou moito.<\/p>\n<\/blockquote>\n\n\n\n<p><strong>No que respecta ao custe do servizo lev\u00e1ndoo v\u00f3s, \u00e9 m\u00e1is barato ou m\u00e1is caro que cando o levaba unha empresa privada?<\/strong><\/p>\n\n\n\n<blockquote class=\"wp-block-quote is-layout-flow wp-block-quote-is-layout-flow\">\n<p>Lev\u00e1ndoo directamente o Concello \u00e9 m\u00e1is barato. Por desgraza a suba do canon de SOGAMA come case todo o aforro.<\/p>\n<\/blockquote>\n\n\n\n<p><strong>Desde que chegastes ao goberno non tivestes ningunha sanci\u00f3n de Augas de Galicia?<\/strong><\/p>\n\n\n\n<blockquote class=\"wp-block-quote is-layout-flow wp-block-quote-is-layout-flow\">\n<p>Pagamos sanci\u00f3ns da \u00e9poca do PP, pois o anterior equipo de goberno non pagou o canon da auga durante varios anos e n\u00f3s tivemos que facelo con recargo e intereses. Pero sanci\u00f3ns da nosa etapa de goberno, non.<\/p>\n<\/blockquote>\n\n\n\n<p><strong>Por que motivo non puideches formalizar un acordo de goberno co BNG e co PSOE que vos permitira unha situaci\u00f3n aritm\u00e9tica estable?<\/strong><\/p>\n\n\n\n<blockquote class=\"wp-block-quote is-layout-flow wp-block-quote-is-layout-flow\">\n<p>Eso deber\u00edan dicilo eles. A impresi\u00f3n quen te\u00f1o \u00e9 que non quixeron entrar e preferiron quedarse na oposici\u00f3n.<\/p>\n<\/blockquote>\n\n\n\n<p><strong>Eles din que ti non dialogas que act\u00faas de maneira un tanto ditatorial sen contar coa s\u00faa opini\u00f3n. \u00c9 as\u00ed?<\/strong><\/p>\n\n\n\n<blockquote class=\"wp-block-quote is-layout-flow wp-block-quote-is-layout-flow\">\n<p>Estou en absoluto desacordo con esa valoraci\u00f3n. N\u00f3s antes das elecci\u00f3ns propux\u00e9moslles aos dous ir nunha lista conxunta, non quixeron. Cando negociamos a investidura propux\u00e9moslles entrar no goberno, dixeron que non. Non nos deron nin cen d\u00edas de cortes\u00eda. O voceiro do PSOE xa nos atacou no propio pleno de investidura..Con esta traxectoria que nos acusen de falta de di\u00e1logo pois chama poderosamente a atenci\u00f3n..<\/p>\n<\/blockquote>\n\n\n\n<p><strong>E cal \u00e9 a actitude do PP?<\/strong><\/p>\n\n\n\n<blockquote class=\"wp-block-quote is-layout-flow wp-block-quote-is-layout-flow\">\n<p>Tampouco te\u00f1en moito interese por dialogar.<\/p>\n<\/blockquote>\n\n\n\n<p><strong>Cando chegaches ao goberno que tipo de administraci\u00f3n encontraches?<\/strong><\/p>\n\n\n\n<blockquote class=\"wp-block-quote is-layout-flow wp-block-quote-is-layout-flow\">\n<p>Unha administraci\u00f3n que carec\u00eda dun poder pol\u00edtico que tomara as decisi\u00f3ns que lle competen tomar ao poder pol\u00edtico e non aos funcionarios. Hab\u00eda unha desorganizaci\u00f3n moi importante que non se pode achacar aos funcionarios do Concello sen\u00f3n \u00e1 falta de direcci\u00f3n pol\u00edtica.<\/p>\n<\/blockquote>\n\n\n\n<p><strong>Antes de rematar o actual mandato ves algunha marxe para reconducir a situaci\u00f3n, a\u00ednda que sexa minimamente, co BNG e\/ou co PSOE?<\/strong><\/p>\n\n\n\n<blockquote class=\"wp-block-quote is-layout-flow wp-block-quote-is-layout-flow\">\n<p>Non, non a vexo. Se non se logrou ata agora, facelo cando estamos en ano preelectoral non o vexo posible.<\/p>\n<\/blockquote>\n\n\n\n<p><strong>Por que non se abriu a piscina este ver\u00e1n?<\/strong><\/p>\n\n\n\n<blockquote class=\"wp-block-quote is-layout-flow wp-block-quote-is-layout-flow\">\n<p>Por un fallo t\u00e9cnico, estragouse unha peza e a empresa responsable deunos unha moi mala resposta. Estiveron todo o ver\u00e1n dando largas e finalmente pasou o ver\u00e1n. Para o ano que ven vai estar aberta.<\/p>\n<\/blockquote>\n\n\n\n<p><strong>Con absoluta seguridade?<\/strong><\/p>\n\n\n\n<blockquote class=\"wp-block-quote is-layout-flow wp-block-quote-is-layout-flow\">\n<p>Con absoluta seguridade.<\/p>\n<\/blockquote>\n\n\n\n<p><strong>Como funciona o tanatorio municipal?<\/strong><\/p>\n\n\n\n<blockquote class=\"wp-block-quote is-layout-flow wp-block-quote-is-layout-flow\">\n<p>Pois ao respecto desta pregunta quixera dicir que tivemos unha inspecci\u00f3n de sanidade que nos informou da existencia de diversas deficiencias. A ra\u00edz da inspecci\u00f3n descubrimos que a xesti\u00f3n do tanatorio deulla, o anterior goberno municipal, \u00e1 nai da voceira do PP. Por outra parte tam\u00e9n descubrimos que non pagaron o canon municipal. Estamos iniciando un expediente de revisi\u00f3n dese expediente.<\/p>\n<\/blockquote>\n\n\n\n<p><strong>Como est\u00e1s ti de \u00e1nimos?<\/strong><\/p>\n\n\n\n<blockquote class=\"wp-block-quote is-layout-flow wp-block-quote-is-layout-flow\">\n<p>Te\u00f1o momentos duros pero sigo estando moi ilusionado. Servir ao meu pobo \u00e9 unha honra inmensa. Estarei todo o que me quede de vida en d\u00e9beda permanente coa veci\u00f1anza de Pazos por terme distinguido coa s\u00faa confianza.<\/p>\n<\/blockquote>\n\n\n\n<p><strong>Vas ser o candidato de Alternativa nas municipais do 27?<\/strong><\/p>\n\n\n\n<blockquote class=\"wp-block-quote is-layout-flow wp-block-quote-is-layout-flow\">\n<p>Si.<\/p>\n<\/blockquote>\n\n\n\n<p><strong>Con que intenci\u00f3n?<\/strong><\/p>\n\n\n\n<blockquote class=\"wp-block-quote is-layout-flow wp-block-quote-is-layout-flow\">\n<p>Ga\u00f1ar e aumentar a representaci\u00f3n para podermos facer moitas m\u00e1is cousas que beneficien \u00e1 veci\u00f1anza de Pazos.<\/p>\n<\/blockquote>\n\n\n\n<p><strong>Alternativa vai transcender \u00e1 t\u00faa persoa? Ou cando a t\u00faa etapa como alcalde remate o proxecto acaba tam\u00e9n?<\/strong><\/p>\n\n\n\n<blockquote class=\"wp-block-quote is-layout-flow wp-block-quote-is-layout-flow\">\n<p>Agardo que contin\u00fae. Este non \u00e9 un proxecto personalista de Luciano Otero nin moito menos. \u00c9 un proxecto municipalista colectivo constru\u00eddo desde Pazos, por xente de Pazos que s\u00f3 ten un obxectivo: O ben com\u00fan do conxunto de Pazos de Borb\u00e9n.<\/p>\n<\/blockquote>\n","protected":false},"excerpt":{"rendered":"<div class=\"mh-excerpt\"><p>Comezamos o ano conversando co alcalde de Pazos, Luciano Otero. Neste Concello, despois de m\u00e1is de 20 anos dun nefasto goberno nepotista, caciquil e desleixado do PP <a class=\"mh-excerpt-more\" href=\"https:\/\/www.anovapeneira.gal\/index.php\/2025\/01\/02\/luciano-otero-alcalde-de-pazos-de-borben-4\/\" title=\"Luciano Otero, alcalde de Pazos de Borb\u00e9n\">[&#8230;]<\/a><\/p>\n<\/div>","protected":false},"author":2,"featured_media":15162,"comment_status":"open","ping_status":"open","sticky":false,"template":"","format":"standard","meta":{"_exactmetrics_skip_tracking":false,"_exactmetrics_sitenote_active":false,"_exactmetrics_sitenote_note":"","_exactmetrics_sitenote_category":0,"footnotes":""},"categories":[270],"tags":[171],"class_list":{"0":"post-15161","1":"post","2":"type-post","3":"status-publish","4":"format-standard","5":"has-post-thumbnail","7":"category-redondela-entrevistas","8":"tag-concello-de-redondela"},"yoast_head":"<!-- This site is optimized with the Yoast SEO plugin v27.4 - https:\/\/yoast.com\/product\/yoast-seo-wordpress\/ -->\n<title>Luciano Otero, alcalde de Pazos de Borb\u00e9n -<\/title>\n<meta name=\"robots\" content=\"index, follow, max-snippet:-1, max-image-preview:large, max-video-preview:-1\" \/>\n<link rel=\"canonical\" href=\"https:\/\/www.anovapeneira.gal\/index.php\/2025\/01\/02\/luciano-otero-alcalde-de-pazos-de-borben-4\/\" \/>\n<meta property=\"og:locale\" content=\"gl_ES\" \/>\n<meta property=\"og:type\" content=\"article\" \/>\n<meta property=\"og:title\" content=\"Luciano Otero, alcalde de Pazos de Borb\u00e9n -\" \/>\n<meta property=\"og:description\" content=\"Comezamos o ano conversando co alcalde de Pazos, Luciano Otero. Neste Concello, despois de m\u00e1is de 20 anos dun nefasto goberno nepotista, caciquil e desleixado do PP [...]\" \/>\n<meta property=\"og:url\" content=\"https:\/\/www.anovapeneira.gal\/index.php\/2025\/01\/02\/luciano-otero-alcalde-de-pazos-de-borben-4\/\" \/>\n<meta property=\"article:publisher\" content=\"https:\/\/www.facebook.com\/anovapeneira\" \/>\n<meta property=\"article:published_time\" content=\"2025-01-02T09:00:32+00:00\" \/>\n<meta property=\"article:modified_time\" content=\"2025-12-30T11:51:47+00:00\" \/>\n<meta property=\"og:image\" content=\"https:\/\/www.anovapeneira.gal\/wp-content\/uploads\/2025\/12\/luciano.png\" \/>\n\t<meta property=\"og:image:width\" content=\"720\" \/>\n\t<meta property=\"og:image:height\" content=\"432\" \/>\n\t<meta property=\"og:image:type\" content=\"image\/png\" \/>\n<meta name=\"author\" content=\"Tino Lago\" \/>\n<meta name=\"twitter:card\" content=\"summary_large_image\" \/>\n<meta name=\"twitter:creator\" content=\"@APeneira\" \/>\n<meta name=\"twitter:site\" content=\"@APeneira\" \/>\n<meta name=\"twitter:label1\" content=\"Escrito por\" \/>\n\t<meta name=\"twitter:data1\" content=\"Tino Lago\" \/>\n\t<meta name=\"twitter:label2\" content=\"Tempo de lectura\" \/>\n\t<meta name=\"twitter:data2\" content=\"4 minutos\" \/>\n<script type=\"application\/ld+json\" class=\"yoast-schema-graph\">{\"@context\":\"https:\\\/\\\/schema.org\",\"@graph\":[{\"@type\":\"Article\",\"@id\":\"https:\\\/\\\/www.anovapeneira.gal\\\/index.php\\\/2025\\\/01\\\/02\\\/luciano-otero-alcalde-de-pazos-de-borben-4\\\/#article\",\"isPartOf\":{\"@id\":\"https:\\\/\\\/www.anovapeneira.gal\\\/index.php\\\/2025\\\/01\\\/02\\\/luciano-otero-alcalde-de-pazos-de-borben-4\\\/\"},\"author\":{\"name\":\"Tino Lago\",\"@id\":\"https:\\\/\\\/www.anovapeneira.gal\\\/#\\\/schema\\\/person\\\/424dfe65e3070fd8a44d22d2c088762a\"},\"headline\":\"Luciano Otero, alcalde de Pazos de Borb\u00e9n\",\"datePublished\":\"2025-01-02T09:00:32+00:00\",\"dateModified\":\"2025-12-30T11:51:47+00:00\",\"mainEntityOfPage\":{\"@id\":\"https:\\\/\\\/www.anovapeneira.gal\\\/index.php\\\/2025\\\/01\\\/02\\\/luciano-otero-alcalde-de-pazos-de-borben-4\\\/\"},\"wordCount\":1639,\"commentCount\":0,\"publisher\":{\"@id\":\"https:\\\/\\\/www.anovapeneira.gal\\\/#organization\"},\"image\":{\"@id\":\"https:\\\/\\\/www.anovapeneira.gal\\\/index.php\\\/2025\\\/01\\\/02\\\/luciano-otero-alcalde-de-pazos-de-borben-4\\\/#primaryimage\"},\"thumbnailUrl\":\"https:\\\/\\\/www.anovapeneira.gal\\\/wp-content\\\/uploads\\\/2025\\\/12\\\/luciano.png\",\"keywords\":[\"Concello de Redondela\"],\"articleSection\":[\"Redondela\"],\"inLanguage\":\"gl-ES\",\"potentialAction\":[{\"@type\":\"CommentAction\",\"name\":\"Comment\",\"target\":[\"https:\\\/\\\/www.anovapeneira.gal\\\/index.php\\\/2025\\\/01\\\/02\\\/luciano-otero-alcalde-de-pazos-de-borben-4\\\/#respond\"]}]},{\"@type\":\"WebPage\",\"@id\":\"https:\\\/\\\/www.anovapeneira.gal\\\/index.php\\\/2025\\\/01\\\/02\\\/luciano-otero-alcalde-de-pazos-de-borben-4\\\/\",\"url\":\"https:\\\/\\\/www.anovapeneira.gal\\\/index.php\\\/2025\\\/01\\\/02\\\/luciano-otero-alcalde-de-pazos-de-borben-4\\\/\",\"name\":\"Luciano Otero, alcalde de Pazos de Borb\u00e9n -\",\"isPartOf\":{\"@id\":\"https:\\\/\\\/www.anovapeneira.gal\\\/#website\"},\"primaryImageOfPage\":{\"@id\":\"https:\\\/\\\/www.anovapeneira.gal\\\/index.php\\\/2025\\\/01\\\/02\\\/luciano-otero-alcalde-de-pazos-de-borben-4\\\/#primaryimage\"},\"image\":{\"@id\":\"https:\\\/\\\/www.anovapeneira.gal\\\/index.php\\\/2025\\\/01\\\/02\\\/luciano-otero-alcalde-de-pazos-de-borben-4\\\/#primaryimage\"},\"thumbnailUrl\":\"https:\\\/\\\/www.anovapeneira.gal\\\/wp-content\\\/uploads\\\/2025\\\/12\\\/luciano.png\",\"datePublished\":\"2025-01-02T09:00:32+00:00\",\"dateModified\":\"2025-12-30T11:51:47+00:00\",\"breadcrumb\":{\"@id\":\"https:\\\/\\\/www.anovapeneira.gal\\\/index.php\\\/2025\\\/01\\\/02\\\/luciano-otero-alcalde-de-pazos-de-borben-4\\\/#breadcrumb\"},\"inLanguage\":\"gl-ES\",\"potentialAction\":[{\"@type\":\"ReadAction\",\"target\":[\"https:\\\/\\\/www.anovapeneira.gal\\\/index.php\\\/2025\\\/01\\\/02\\\/luciano-otero-alcalde-de-pazos-de-borben-4\\\/\"]}]},{\"@type\":\"ImageObject\",\"inLanguage\":\"gl-ES\",\"@id\":\"https:\\\/\\\/www.anovapeneira.gal\\\/index.php\\\/2025\\\/01\\\/02\\\/luciano-otero-alcalde-de-pazos-de-borben-4\\\/#primaryimage\",\"url\":\"https:\\\/\\\/www.anovapeneira.gal\\\/wp-content\\\/uploads\\\/2025\\\/12\\\/luciano.png\",\"contentUrl\":\"https:\\\/\\\/www.anovapeneira.gal\\\/wp-content\\\/uploads\\\/2025\\\/12\\\/luciano.png\",\"width\":720,\"height\":432},{\"@type\":\"BreadcrumbList\",\"@id\":\"https:\\\/\\\/www.anovapeneira.gal\\\/index.php\\\/2025\\\/01\\\/02\\\/luciano-otero-alcalde-de-pazos-de-borben-4\\\/#breadcrumb\",\"itemListElement\":[{\"@type\":\"ListItem\",\"position\":1,\"name\":\"Portada\",\"item\":\"https:\\\/\\\/www.anovapeneira.gal\\\/\"},{\"@type\":\"ListItem\",\"position\":2,\"name\":\"Luciano Otero, alcalde de Pazos de Borb\u00e9n\"}]},{\"@type\":\"WebSite\",\"@id\":\"https:\\\/\\\/www.anovapeneira.gal\\\/#website\",\"url\":\"https:\\\/\\\/www.anovapeneira.gal\\\/\",\"name\":\"\",\"description\":\"Xornal galego de informaci\u00f3n xeral Publicaci\u00f3n mensual de novas de Galicia e en especial dos Concellos da sur da provincia de Pontevedra.\",\"publisher\":{\"@id\":\"https:\\\/\\\/www.anovapeneira.gal\\\/#organization\"},\"potentialAction\":[{\"@type\":\"SearchAction\",\"target\":{\"@type\":\"EntryPoint\",\"urlTemplate\":\"https:\\\/\\\/www.anovapeneira.gal\\\/?s={search_term_string}\"},\"query-input\":{\"@type\":\"PropertyValueSpecification\",\"valueRequired\":true,\"valueName\":\"search_term_string\"}}],\"inLanguage\":\"gl-ES\"},{\"@type\":\"Organization\",\"@id\":\"https:\\\/\\\/www.anovapeneira.gal\\\/#organization\",\"name\":\"A Nova Peneira\",\"url\":\"https:\\\/\\\/www.anovapeneira.gal\\\/\",\"logo\":{\"@type\":\"ImageObject\",\"inLanguage\":\"gl-ES\",\"@id\":\"https:\\\/\\\/www.anovapeneira.gal\\\/#\\\/schema\\\/logo\\\/image\\\/\",\"url\":\"http:\\\/\\\/www.anovapeneira.gal\\\/wp-content\\\/uploads\\\/2019\\\/06\\\/logo_a_nova_peneira_portal_web.png\",\"contentUrl\":\"http:\\\/\\\/www.anovapeneira.gal\\\/wp-content\\\/uploads\\\/2019\\\/06\\\/logo_a_nova_peneira_portal_web.png\",\"width\":300,\"height\":100,\"caption\":\"A Nova Peneira\"},\"image\":{\"@id\":\"https:\\\/\\\/www.anovapeneira.gal\\\/#\\\/schema\\\/logo\\\/image\\\/\"},\"sameAs\":[\"https:\\\/\\\/www.facebook.com\\\/anovapeneira\",\"https:\\\/\\\/x.com\\\/APeneira\"]},{\"@type\":\"Person\",\"@id\":\"https:\\\/\\\/www.anovapeneira.gal\\\/#\\\/schema\\\/person\\\/424dfe65e3070fd8a44d22d2c088762a\",\"name\":\"Tino Lago\",\"image\":{\"@type\":\"ImageObject\",\"inLanguage\":\"gl-ES\",\"@id\":\"https:\\\/\\\/secure.gravatar.com\\\/avatar\\\/b3df6a06e44bab3111583b90f0f33a0379ee5e3d22cbadd232d39f21c30c62be?s=96&d=mm&r=g\",\"url\":\"https:\\\/\\\/secure.gravatar.com\\\/avatar\\\/b3df6a06e44bab3111583b90f0f33a0379ee5e3d22cbadd232d39f21c30c62be?s=96&d=mm&r=g\",\"contentUrl\":\"https:\\\/\\\/secure.gravatar.com\\\/avatar\\\/b3df6a06e44bab3111583b90f0f33a0379ee5e3d22cbadd232d39f21c30c62be?s=96&d=mm&r=g\",\"caption\":\"Tino Lago\"},\"sameAs\":[\"http:\\\/\\\/www.anovapeneira.gal\"],\"url\":\"https:\\\/\\\/www.anovapeneira.gal\\\/index.php\\\/author\\\/director\\\/\"}]}<\/script>\n<!-- \/ Yoast SEO plugin. -->","yoast_head_json":{"title":"Luciano Otero, alcalde de Pazos de Borb\u00e9n -","robots":{"index":"index","follow":"follow","max-snippet":"max-snippet:-1","max-image-preview":"max-image-preview:large","max-video-preview":"max-video-preview:-1"},"canonical":"https:\/\/www.anovapeneira.gal\/index.php\/2025\/01\/02\/luciano-otero-alcalde-de-pazos-de-borben-4\/","og_locale":"gl_ES","og_type":"article","og_title":"Luciano Otero, alcalde de Pazos de Borb\u00e9n -","og_description":"Comezamos o ano conversando co alcalde de Pazos, Luciano Otero. Neste Concello, despois de m\u00e1is de 20 anos dun nefasto goberno nepotista, caciquil e desleixado do PP [...]","og_url":"https:\/\/www.anovapeneira.gal\/index.php\/2025\/01\/02\/luciano-otero-alcalde-de-pazos-de-borben-4\/","article_publisher":"https:\/\/www.facebook.com\/anovapeneira","article_published_time":"2025-01-02T09:00:32+00:00","article_modified_time":"2025-12-30T11:51:47+00:00","og_image":[{"width":720,"height":432,"url":"https:\/\/www.anovapeneira.gal\/wp-content\/uploads\/2025\/12\/luciano.png","type":"image\/png"}],"author":"Tino Lago","twitter_card":"summary_large_image","twitter_creator":"@APeneira","twitter_site":"@APeneira","twitter_misc":{"Escrito por":"Tino Lago","Tempo de lectura":"4 minutos"},"schema":{"@context":"https:\/\/schema.org","@graph":[{"@type":"Article","@id":"https:\/\/www.anovapeneira.gal\/index.php\/2025\/01\/02\/luciano-otero-alcalde-de-pazos-de-borben-4\/#article","isPartOf":{"@id":"https:\/\/www.anovapeneira.gal\/index.php\/2025\/01\/02\/luciano-otero-alcalde-de-pazos-de-borben-4\/"},"author":{"name":"Tino Lago","@id":"https:\/\/www.anovapeneira.gal\/#\/schema\/person\/424dfe65e3070fd8a44d22d2c088762a"},"headline":"Luciano Otero, alcalde de Pazos de Borb\u00e9n","datePublished":"2025-01-02T09:00:32+00:00","dateModified":"2025-12-30T11:51:47+00:00","mainEntityOfPage":{"@id":"https:\/\/www.anovapeneira.gal\/index.php\/2025\/01\/02\/luciano-otero-alcalde-de-pazos-de-borben-4\/"},"wordCount":1639,"commentCount":0,"publisher":{"@id":"https:\/\/www.anovapeneira.gal\/#organization"},"image":{"@id":"https:\/\/www.anovapeneira.gal\/index.php\/2025\/01\/02\/luciano-otero-alcalde-de-pazos-de-borben-4\/#primaryimage"},"thumbnailUrl":"https:\/\/www.anovapeneira.gal\/wp-content\/uploads\/2025\/12\/luciano.png","keywords":["Concello de Redondela"],"articleSection":["Redondela"],"inLanguage":"gl-ES","potentialAction":[{"@type":"CommentAction","name":"Comment","target":["https:\/\/www.anovapeneira.gal\/index.php\/2025\/01\/02\/luciano-otero-alcalde-de-pazos-de-borben-4\/#respond"]}]},{"@type":"WebPage","@id":"https:\/\/www.anovapeneira.gal\/index.php\/2025\/01\/02\/luciano-otero-alcalde-de-pazos-de-borben-4\/","url":"https:\/\/www.anovapeneira.gal\/index.php\/2025\/01\/02\/luciano-otero-alcalde-de-pazos-de-borben-4\/","name":"Luciano Otero, alcalde de Pazos de Borb\u00e9n -","isPartOf":{"@id":"https:\/\/www.anovapeneira.gal\/#website"},"primaryImageOfPage":{"@id":"https:\/\/www.anovapeneira.gal\/index.php\/2025\/01\/02\/luciano-otero-alcalde-de-pazos-de-borben-4\/#primaryimage"},"image":{"@id":"https:\/\/www.anovapeneira.gal\/index.php\/2025\/01\/02\/luciano-otero-alcalde-de-pazos-de-borben-4\/#primaryimage"},"thumbnailUrl":"https:\/\/www.anovapeneira.gal\/wp-content\/uploads\/2025\/12\/luciano.png","datePublished":"2025-01-02T09:00:32+00:00","dateModified":"2025-12-30T11:51:47+00:00","breadcrumb":{"@id":"https:\/\/www.anovapeneira.gal\/index.php\/2025\/01\/02\/luciano-otero-alcalde-de-pazos-de-borben-4\/#breadcrumb"},"inLanguage":"gl-ES","potentialAction":[{"@type":"ReadAction","target":["https:\/\/www.anovapeneira.gal\/index.php\/2025\/01\/02\/luciano-otero-alcalde-de-pazos-de-borben-4\/"]}]},{"@type":"ImageObject","inLanguage":"gl-ES","@id":"https:\/\/www.anovapeneira.gal\/index.php\/2025\/01\/02\/luciano-otero-alcalde-de-pazos-de-borben-4\/#primaryimage","url":"https:\/\/www.anovapeneira.gal\/wp-content\/uploads\/2025\/12\/luciano.png","contentUrl":"https:\/\/www.anovapeneira.gal\/wp-content\/uploads\/2025\/12\/luciano.png","width":720,"height":432},{"@type":"BreadcrumbList","@id":"https:\/\/www.anovapeneira.gal\/index.php\/2025\/01\/02\/luciano-otero-alcalde-de-pazos-de-borben-4\/#breadcrumb","itemListElement":[{"@type":"ListItem","position":1,"name":"Portada","item":"https:\/\/www.anovapeneira.gal\/"},{"@type":"ListItem","position":2,"name":"Luciano Otero, alcalde de Pazos de Borb\u00e9n"}]},{"@type":"WebSite","@id":"https:\/\/www.anovapeneira.gal\/#website","url":"https:\/\/www.anovapeneira.gal\/","name":"","description":"Xornal galego de informaci\u00f3n xeral Publicaci\u00f3n mensual de novas de Galicia e en especial dos Concellos da sur da provincia de Pontevedra.","publisher":{"@id":"https:\/\/www.anovapeneira.gal\/#organization"},"potentialAction":[{"@type":"SearchAction","target":{"@type":"EntryPoint","urlTemplate":"https:\/\/www.anovapeneira.gal\/?s={search_term_string}"},"query-input":{"@type":"PropertyValueSpecification","valueRequired":true,"valueName":"search_term_string"}}],"inLanguage":"gl-ES"},{"@type":"Organization","@id":"https:\/\/www.anovapeneira.gal\/#organization","name":"A Nova Peneira","url":"https:\/\/www.anovapeneira.gal\/","logo":{"@type":"ImageObject","inLanguage":"gl-ES","@id":"https:\/\/www.anovapeneira.gal\/#\/schema\/logo\/image\/","url":"http:\/\/www.anovapeneira.gal\/wp-content\/uploads\/2019\/06\/logo_a_nova_peneira_portal_web.png","contentUrl":"http:\/\/www.anovapeneira.gal\/wp-content\/uploads\/2019\/06\/logo_a_nova_peneira_portal_web.png","width":300,"height":100,"caption":"A Nova Peneira"},"image":{"@id":"https:\/\/www.anovapeneira.gal\/#\/schema\/logo\/image\/"},"sameAs":["https:\/\/www.facebook.com\/anovapeneira","https:\/\/x.com\/APeneira"]},{"@type":"Person","@id":"https:\/\/www.anovapeneira.gal\/#\/schema\/person\/424dfe65e3070fd8a44d22d2c088762a","name":"Tino Lago","image":{"@type":"ImageObject","inLanguage":"gl-ES","@id":"https:\/\/secure.gravatar.com\/avatar\/b3df6a06e44bab3111583b90f0f33a0379ee5e3d22cbadd232d39f21c30c62be?s=96&d=mm&r=g","url":"https:\/\/secure.gravatar.com\/avatar\/b3df6a06e44bab3111583b90f0f33a0379ee5e3d22cbadd232d39f21c30c62be?s=96&d=mm&r=g","contentUrl":"https:\/\/secure.gravatar.com\/avatar\/b3df6a06e44bab3111583b90f0f33a0379ee5e3d22cbadd232d39f21c30c62be?s=96&d=mm&r=g","caption":"Tino Lago"},"sameAs":["http:\/\/www.anovapeneira.gal"],"url":"https:\/\/www.anovapeneira.gal\/index.php\/author\/director\/"}]}},"jetpack_featured_media_url":"https:\/\/www.anovapeneira.gal\/wp-content\/uploads\/2025\/12\/luciano.png","_links":{"self":[{"href":"https:\/\/www.anovapeneira.gal\/index.php\/wp-json\/wp\/v2\/posts\/15161","targetHints":{"allow":["GET"]}}],"collection":[{"href":"https:\/\/www.anovapeneira.gal\/index.php\/wp-json\/wp\/v2\/posts"}],"about":[{"href":"https:\/\/www.anovapeneira.gal\/index.php\/wp-json\/wp\/v2\/types\/post"}],"author":[{"embeddable":true,"href":"https:\/\/www.anovapeneira.gal\/index.php\/wp-json\/wp\/v2\/users\/2"}],"replies":[{"embeddable":true,"href":"https:\/\/www.anovapeneira.gal\/index.php\/wp-json\/wp\/v2\/comments?post=15161"}],"version-history":[{"count":1,"href":"https:\/\/www.anovapeneira.gal\/index.php\/wp-json\/wp\/v2\/posts\/15161\/revisions"}],"predecessor-version":[{"id":15163,"href":"https:\/\/www.anovapeneira.gal\/index.php\/wp-json\/wp\/v2\/posts\/15161\/revisions\/15163"}],"wp:featuredmedia":[{"embeddable":true,"href":"https:\/\/www.anovapeneira.gal\/index.php\/wp-json\/wp\/v2\/media\/15162"}],"wp:attachment":[{"href":"https:\/\/www.anovapeneira.gal\/index.php\/wp-json\/wp\/v2\/media?parent=15161"}],"wp:term":[{"taxonomy":"category","embeddable":true,"href":"https:\/\/www.anovapeneira.gal\/index.php\/wp-json\/wp\/v2\/categories?post=15161"},{"taxonomy":"post_tag","embeddable":true,"href":"https:\/\/www.anovapeneira.gal\/index.php\/wp-json\/wp\/v2\/tags?post=15161"}],"curies":[{"name":"wp","href":"https:\/\/api.w.org\/{rel}","templated":true}]}}