{"id":15164,"date":"2026-01-02T12:00:28","date_gmt":"2026-01-02T11:00:28","guid":{"rendered":"https:\/\/www.anovapeneira.gal\/?p=15164"},"modified":"2026-01-03T07:25:33","modified_gmt":"2026-01-03T06:25:33","slug":"o-bng-asegura-que-o-cesamento-de-tres-altos-cargos-en-medio-rural-e-o-reconecemento-do-pp-do-fracaso-da-xestion-dos-lumes","status":"publish","type":"post","link":"https:\/\/www.anovapeneira.gal\/index.php\/2026\/01\/02\/o-bng-asegura-que-o-cesamento-de-tres-altos-cargos-en-medio-rural-e-o-reconecemento-do-pp-do-fracaso-da-xestion-dos-lumes\/","title":{"rendered":"O BNG asegura que o cesamento de tres altos cargos en Medio Rural \u00e9 o reco\u00f1ecemento do PP do fracaso da xesti\u00f3n dos lumes"},"content":{"rendered":"\n<p><strong>Secundino Fern\u00e1ndez critica que as destituci\u00f3ns eviten a conselleira, verdadeira responsable pol\u00edtica do \u201cdesastre\u201d dos incendios de agosto<\/strong><\/p>\n\n\n\n<p>\u201c<strong>Non abonda cun cambio de caras de segundo nivel para cambiar o rumbo das pol\u00edticas cara o rural, tam\u00e9n te\u00f1en que cambiar os responsables\u201d<\/strong><\/p>\n\n\n\n<p><strong>Santiago de Compostela, 29 de decembro, 2025. <\/strong><\/p>\n\n\n\n<p>O portavoz do Medio Rural do BNG, Secundino Fern\u00e1ndez, asegura que o feito de que Rueda releve tres altos cargos en Medio rural \u00e9 o reco\u00f1ecemento do fracaso da xesti\u00f3n dos lumes por parte do PP na Xunta.<\/p>\n\n\n\n<p>\u201cEstes ceses significan o reco\u00f1ecemento da errada e negativa pol\u00edtica que ten a xunta do Partido Popular en relaci\u00f3n coa ordenaci\u00f3n do territorio, coa producci\u00f3n agroforestal e coa defensa do noso medio rural fronte aos incendios forestais\u201d.<\/p>\n\n\n\n<p>Fern\u00e1ndez Considera insuficiente o \u201ccambio de caras de segundo nivel\u201d \u00e1 hora de mudar o rumbo das pol\u00edticas enfocadas ao rural, xa que \u201cevitan de momento a m\u00e1xima responsable da Conseller\u00eda\u201d, en referencia \u00e1 conselleira, Mar\u00eda Jos\u00e9 G\u00f3mez, a quen acusou de adoptar pol\u00edticas que levaron ao \u201cdesastre\u201d na xesti\u00f3n dos incendios do pasado ver\u00e1n.<\/p>\n\n\n\n<p>Afirma que os cesamentos na Conseller\u00eda do Medio Rural, representan \u201cas primeiras v\u00edtimas pol\u00edticas da desastrosa xesti\u00f3n\u201d dos lumes m\u00e1is grandes da historia de Galiza, incendios que, lembra, provocaron unha aut\u00e9ntica cat\u00e1strofe econ\u00f3mica, social e ambiental<\/p>\n\n\n\n<p>Indice en que o BNG leva tempo explicando e propo\u00f1endo que este \u201cdesastre\u201d ten que significar \u201cun punto de inflexi\u00f3n\u201d. \u00c9 hora dun cambio profundo nas pol\u00edticas cara ao rural\u201d, empraza, aclarando que \u201cnon chega con cambiar certas caras de segundo nivel\u201d. Para que haxa un cambio de rumbo, tam\u00e9n te\u00f1en que cambiar os responsables, comezando pola conselleira, remata.<\/p>\n","protected":false},"excerpt":{"rendered":"<div class=\"mh-excerpt\"><p>Secundino Fern\u00e1ndez critica que as destituci\u00f3ns eviten a conselleira, verdadeira responsable pol\u00edtica do \u201cdesastre\u201d dos incendios de agosto <a class=\"mh-excerpt-more\" href=\"https:\/\/www.anovapeneira.gal\/index.php\/2026\/01\/02\/o-bng-asegura-que-o-cesamento-de-tres-altos-cargos-en-medio-rural-e-o-reconecemento-do-pp-do-fracaso-da-xestion-dos-lumes\/\" title=\"O BNG asegura que o cesamento de tres altos cargos en Medio Rural \u00e9 o reco\u00f1ecemento do PP do fracaso da xesti\u00f3n dos lumes\">[&#8230;]<\/a><\/p>\n<\/div>","protected":false},"author":3,"featured_media":15165,"comment_status":"open","ping_status":"open","sticky":false,"template":"","format":"standard","meta":{"_exactmetrics_skip_tracking":false,"_exactmetrics_sitenote_active":false,"_exactmetrics_sitenote_note":"","_exactmetrics_sitenote_category":0,"footnotes":""},"categories":[263],"tags":[10],"class_list":{"0":"post-15164","1":"post","2":"type-post","3":"status-publish","4":"format-standard","5":"has-post-thumbnail","7":"category-novas","8":"tag-bng"},"yoast_head":"<!-- This site is optimized with the Yoast SEO plugin v27.4 - https:\/\/yoast.com\/product\/yoast-seo-wordpress\/ -->\n<title>O BNG asegura que o cesamento de tres altos cargos en Medio Rural \u00e9 o reco\u00f1ecemento do PP do fracaso da xesti\u00f3n dos lumes -<\/title>\n<meta name=\"robots\" content=\"index, follow, max-snippet:-1, max-image-preview:large, max-video-preview:-1\" \/>\n<link rel=\"canonical\" href=\"https:\/\/www.anovapeneira.gal\/index.php\/2026\/01\/02\/o-bng-asegura-que-o-cesamento-de-tres-altos-cargos-en-medio-rural-e-o-reconecemento-do-pp-do-fracaso-da-xestion-dos-lumes\/\" \/>\n<meta property=\"og:locale\" content=\"gl_ES\" \/>\n<meta property=\"og:type\" content=\"article\" \/>\n<meta property=\"og:title\" content=\"O BNG asegura que o cesamento de tres altos cargos en Medio Rural \u00e9 o reco\u00f1ecemento do PP do fracaso da xesti\u00f3n dos lumes -\" \/>\n<meta property=\"og:description\" content=\"Secundino Fern\u00e1ndez critica que as destituci\u00f3ns eviten a conselleira, verdadeira responsable pol\u00edtica do \u201cdesastre\u201d dos incendios de agosto [...]\" \/>\n<meta property=\"og:url\" content=\"https:\/\/www.anovapeneira.gal\/index.php\/2026\/01\/02\/o-bng-asegura-que-o-cesamento-de-tres-altos-cargos-en-medio-rural-e-o-reconecemento-do-pp-do-fracaso-da-xestion-dos-lumes\/\" \/>\n<meta property=\"article:publisher\" content=\"https:\/\/www.facebook.com\/anovapeneira\" \/>\n<meta property=\"article:published_time\" content=\"2026-01-02T11:00:28+00:00\" \/>\n<meta property=\"article:modified_time\" content=\"2026-01-03T06:25:33+00:00\" \/>\n<meta property=\"og:image\" content=\"https:\/\/www.anovapeneira.gal\/wp-content\/uploads\/2025\/12\/secundino_Fernandez.png\" \/>\n\t<meta property=\"og:image:width\" content=\"720\" \/>\n\t<meta property=\"og:image:height\" content=\"432\" \/>\n\t<meta property=\"og:image:type\" content=\"image\/png\" \/>\n<meta name=\"author\" content=\"Redacci\u00f3n A Nova Peneira\" \/>\n<meta name=\"twitter:card\" content=\"summary_large_image\" \/>\n<meta name=\"twitter:creator\" content=\"@APeneira\" \/>\n<meta name=\"twitter:site\" content=\"@APeneira\" \/>\n<meta name=\"twitter:label1\" content=\"Escrito por\" \/>\n\t<meta name=\"twitter:data1\" content=\"Redacci\u00f3n A Nova Peneira\" \/>\n\t<meta name=\"twitter:label2\" content=\"Tempo de lectura\" \/>\n\t<meta name=\"twitter:data2\" content=\"2 minutos\" \/>\n<script type=\"application\/ld+json\" class=\"yoast-schema-graph\">{\"@context\":\"https:\\\/\\\/schema.org\",\"@graph\":[{\"@type\":\"Article\",\"@id\":\"https:\\\/\\\/www.anovapeneira.gal\\\/index.php\\\/2026\\\/01\\\/02\\\/o-bng-asegura-que-o-cesamento-de-tres-altos-cargos-en-medio-rural-e-o-reconecemento-do-pp-do-fracaso-da-xestion-dos-lumes\\\/#article\",\"isPartOf\":{\"@id\":\"https:\\\/\\\/www.anovapeneira.gal\\\/index.php\\\/2026\\\/01\\\/02\\\/o-bng-asegura-que-o-cesamento-de-tres-altos-cargos-en-medio-rural-e-o-reconecemento-do-pp-do-fracaso-da-xestion-dos-lumes\\\/\"},\"author\":{\"name\":\"Redacci\u00f3n A Nova Peneira\",\"@id\":\"https:\\\/\\\/www.anovapeneira.gal\\\/#\\\/schema\\\/person\\\/b93e3f8932e3f8da96334607eb6ac6aa\"},\"headline\":\"O BNG asegura que o cesamento de tres altos cargos en Medio Rural \u00e9 o reco\u00f1ecemento do PP do fracaso da xesti\u00f3n dos lumes\",\"datePublished\":\"2026-01-02T11:00:28+00:00\",\"dateModified\":\"2026-01-03T06:25:33+00:00\",\"mainEntityOfPage\":{\"@id\":\"https:\\\/\\\/www.anovapeneira.gal\\\/index.php\\\/2026\\\/01\\\/02\\\/o-bng-asegura-que-o-cesamento-de-tres-altos-cargos-en-medio-rural-e-o-reconecemento-do-pp-do-fracaso-da-xestion-dos-lumes\\\/\"},\"wordCount\":329,\"commentCount\":0,\"publisher\":{\"@id\":\"https:\\\/\\\/www.anovapeneira.gal\\\/#organization\"},\"image\":{\"@id\":\"https:\\\/\\\/www.anovapeneira.gal\\\/index.php\\\/2026\\\/01\\\/02\\\/o-bng-asegura-que-o-cesamento-de-tres-altos-cargos-en-medio-rural-e-o-reconecemento-do-pp-do-fracaso-da-xestion-dos-lumes\\\/#primaryimage\"},\"thumbnailUrl\":\"https:\\\/\\\/www.anovapeneira.gal\\\/wp-content\\\/uploads\\\/2025\\\/12\\\/secundino_Fernandez.png\",\"keywords\":[\"BNG\"],\"articleSection\":[\"Novas\"],\"inLanguage\":\"gl-ES\",\"potentialAction\":[{\"@type\":\"CommentAction\",\"name\":\"Comment\",\"target\":[\"https:\\\/\\\/www.anovapeneira.gal\\\/index.php\\\/2026\\\/01\\\/02\\\/o-bng-asegura-que-o-cesamento-de-tres-altos-cargos-en-medio-rural-e-o-reconecemento-do-pp-do-fracaso-da-xestion-dos-lumes\\\/#respond\"]}]},{\"@type\":\"WebPage\",\"@id\":\"https:\\\/\\\/www.anovapeneira.gal\\\/index.php\\\/2026\\\/01\\\/02\\\/o-bng-asegura-que-o-cesamento-de-tres-altos-cargos-en-medio-rural-e-o-reconecemento-do-pp-do-fracaso-da-xestion-dos-lumes\\\/\",\"url\":\"https:\\\/\\\/www.anovapeneira.gal\\\/index.php\\\/2026\\\/01\\\/02\\\/o-bng-asegura-que-o-cesamento-de-tres-altos-cargos-en-medio-rural-e-o-reconecemento-do-pp-do-fracaso-da-xestion-dos-lumes\\\/\",\"name\":\"O BNG asegura que o cesamento de tres altos cargos en Medio Rural \u00e9 o reco\u00f1ecemento do PP do fracaso da xesti\u00f3n dos lumes -\",\"isPartOf\":{\"@id\":\"https:\\\/\\\/www.anovapeneira.gal\\\/#website\"},\"primaryImageOfPage\":{\"@id\":\"https:\\\/\\\/www.anovapeneira.gal\\\/index.php\\\/2026\\\/01\\\/02\\\/o-bng-asegura-que-o-cesamento-de-tres-altos-cargos-en-medio-rural-e-o-reconecemento-do-pp-do-fracaso-da-xestion-dos-lumes\\\/#primaryimage\"},\"image\":{\"@id\":\"https:\\\/\\\/www.anovapeneira.gal\\\/index.php\\\/2026\\\/01\\\/02\\\/o-bng-asegura-que-o-cesamento-de-tres-altos-cargos-en-medio-rural-e-o-reconecemento-do-pp-do-fracaso-da-xestion-dos-lumes\\\/#primaryimage\"},\"thumbnailUrl\":\"https:\\\/\\\/www.anovapeneira.gal\\\/wp-content\\\/uploads\\\/2025\\\/12\\\/secundino_Fernandez.png\",\"datePublished\":\"2026-01-02T11:00:28+00:00\",\"dateModified\":\"2026-01-03T06:25:33+00:00\",\"breadcrumb\":{\"@id\":\"https:\\\/\\\/www.anovapeneira.gal\\\/index.php\\\/2026\\\/01\\\/02\\\/o-bng-asegura-que-o-cesamento-de-tres-altos-cargos-en-medio-rural-e-o-reconecemento-do-pp-do-fracaso-da-xestion-dos-lumes\\\/#breadcrumb\"},\"inLanguage\":\"gl-ES\",\"potentialAction\":[{\"@type\":\"ReadAction\",\"target\":[\"https:\\\/\\\/www.anovapeneira.gal\\\/index.php\\\/2026\\\/01\\\/02\\\/o-bng-asegura-que-o-cesamento-de-tres-altos-cargos-en-medio-rural-e-o-reconecemento-do-pp-do-fracaso-da-xestion-dos-lumes\\\/\"]}]},{\"@type\":\"ImageObject\",\"inLanguage\":\"gl-ES\",\"@id\":\"https:\\\/\\\/www.anovapeneira.gal\\\/index.php\\\/2026\\\/01\\\/02\\\/o-bng-asegura-que-o-cesamento-de-tres-altos-cargos-en-medio-rural-e-o-reconecemento-do-pp-do-fracaso-da-xestion-dos-lumes\\\/#primaryimage\",\"url\":\"https:\\\/\\\/www.anovapeneira.gal\\\/wp-content\\\/uploads\\\/2025\\\/12\\\/secundino_Fernandez.png\",\"contentUrl\":\"https:\\\/\\\/www.anovapeneira.gal\\\/wp-content\\\/uploads\\\/2025\\\/12\\\/secundino_Fernandez.png\",\"width\":720,\"height\":432},{\"@type\":\"BreadcrumbList\",\"@id\":\"https:\\\/\\\/www.anovapeneira.gal\\\/index.php\\\/2026\\\/01\\\/02\\\/o-bng-asegura-que-o-cesamento-de-tres-altos-cargos-en-medio-rural-e-o-reconecemento-do-pp-do-fracaso-da-xestion-dos-lumes\\\/#breadcrumb\",\"itemListElement\":[{\"@type\":\"ListItem\",\"position\":1,\"name\":\"Portada\",\"item\":\"https:\\\/\\\/www.anovapeneira.gal\\\/\"},{\"@type\":\"ListItem\",\"position\":2,\"name\":\"O BNG asegura que o cesamento de tres altos cargos en Medio Rural \u00e9 o reco\u00f1ecemento do PP do fracaso da xesti\u00f3n dos lumes\"}]},{\"@type\":\"WebSite\",\"@id\":\"https:\\\/\\\/www.anovapeneira.gal\\\/#website\",\"url\":\"https:\\\/\\\/www.anovapeneira.gal\\\/\",\"name\":\"\",\"description\":\"Xornal galego de informaci\u00f3n xeral Publicaci\u00f3n mensual de novas de Galicia e en especial dos Concellos da sur da provincia de Pontevedra.\",\"publisher\":{\"@id\":\"https:\\\/\\\/www.anovapeneira.gal\\\/#organization\"},\"potentialAction\":[{\"@type\":\"SearchAction\",\"target\":{\"@type\":\"EntryPoint\",\"urlTemplate\":\"https:\\\/\\\/www.anovapeneira.gal\\\/?s={search_term_string}\"},\"query-input\":{\"@type\":\"PropertyValueSpecification\",\"valueRequired\":true,\"valueName\":\"search_term_string\"}}],\"inLanguage\":\"gl-ES\"},{\"@type\":\"Organization\",\"@id\":\"https:\\\/\\\/www.anovapeneira.gal\\\/#organization\",\"name\":\"A Nova Peneira\",\"url\":\"https:\\\/\\\/www.anovapeneira.gal\\\/\",\"logo\":{\"@type\":\"ImageObject\",\"inLanguage\":\"gl-ES\",\"@id\":\"https:\\\/\\\/www.anovapeneira.gal\\\/#\\\/schema\\\/logo\\\/image\\\/\",\"url\":\"http:\\\/\\\/www.anovapeneira.gal\\\/wp-content\\\/uploads\\\/2019\\\/06\\\/logo_a_nova_peneira_portal_web.png\",\"contentUrl\":\"http:\\\/\\\/www.anovapeneira.gal\\\/wp-content\\\/uploads\\\/2019\\\/06\\\/logo_a_nova_peneira_portal_web.png\",\"width\":300,\"height\":100,\"caption\":\"A Nova Peneira\"},\"image\":{\"@id\":\"https:\\\/\\\/www.anovapeneira.gal\\\/#\\\/schema\\\/logo\\\/image\\\/\"},\"sameAs\":[\"https:\\\/\\\/www.facebook.com\\\/anovapeneira\",\"https:\\\/\\\/x.com\\\/APeneira\"]},{\"@type\":\"Person\",\"@id\":\"https:\\\/\\\/www.anovapeneira.gal\\\/#\\\/schema\\\/person\\\/b93e3f8932e3f8da96334607eb6ac6aa\",\"name\":\"Redacci\u00f3n A Nova Peneira\",\"image\":{\"@type\":\"ImageObject\",\"inLanguage\":\"gl-ES\",\"@id\":\"https:\\\/\\\/secure.gravatar.com\\\/avatar\\\/c052a2551a06e23fac63626232eaa90abd78dbcf1700fc46a2b2c89fd27b735f?s=96&d=mm&r=g\",\"url\":\"https:\\\/\\\/secure.gravatar.com\\\/avatar\\\/c052a2551a06e23fac63626232eaa90abd78dbcf1700fc46a2b2c89fd27b735f?s=96&d=mm&r=g\",\"contentUrl\":\"https:\\\/\\\/secure.gravatar.com\\\/avatar\\\/c052a2551a06e23fac63626232eaa90abd78dbcf1700fc46a2b2c89fd27b735f?s=96&d=mm&r=g\",\"caption\":\"Redacci\u00f3n A Nova Peneira\"},\"sameAs\":[\"http:\\\/\\\/www.anovapeneira.gal\\\/\"],\"url\":\"https:\\\/\\\/www.anovapeneira.gal\\\/index.php\\\/author\\\/redactor\\\/\"}]}<\/script>\n<!-- \/ Yoast SEO plugin. -->","yoast_head_json":{"title":"O BNG asegura que o cesamento de tres altos cargos en Medio Rural \u00e9 o reco\u00f1ecemento do PP do fracaso da xesti\u00f3n dos lumes -","robots":{"index":"index","follow":"follow","max-snippet":"max-snippet:-1","max-image-preview":"max-image-preview:large","max-video-preview":"max-video-preview:-1"},"canonical":"https:\/\/www.anovapeneira.gal\/index.php\/2026\/01\/02\/o-bng-asegura-que-o-cesamento-de-tres-altos-cargos-en-medio-rural-e-o-reconecemento-do-pp-do-fracaso-da-xestion-dos-lumes\/","og_locale":"gl_ES","og_type":"article","og_title":"O BNG asegura que o cesamento de tres altos cargos en Medio Rural \u00e9 o reco\u00f1ecemento do PP do fracaso da xesti\u00f3n dos lumes -","og_description":"Secundino Fern\u00e1ndez critica que as destituci\u00f3ns eviten a conselleira, verdadeira responsable pol\u00edtica do \u201cdesastre\u201d dos incendios de agosto [...]","og_url":"https:\/\/www.anovapeneira.gal\/index.php\/2026\/01\/02\/o-bng-asegura-que-o-cesamento-de-tres-altos-cargos-en-medio-rural-e-o-reconecemento-do-pp-do-fracaso-da-xestion-dos-lumes\/","article_publisher":"https:\/\/www.facebook.com\/anovapeneira","article_published_time":"2026-01-02T11:00:28+00:00","article_modified_time":"2026-01-03T06:25:33+00:00","og_image":[{"width":720,"height":432,"url":"https:\/\/www.anovapeneira.gal\/wp-content\/uploads\/2025\/12\/secundino_Fernandez.png","type":"image\/png"}],"author":"Redacci\u00f3n A Nova Peneira","twitter_card":"summary_large_image","twitter_creator":"@APeneira","twitter_site":"@APeneira","twitter_misc":{"Escrito por":"Redacci\u00f3n A Nova Peneira","Tempo de lectura":"2 minutos"},"schema":{"@context":"https:\/\/schema.org","@graph":[{"@type":"Article","@id":"https:\/\/www.anovapeneira.gal\/index.php\/2026\/01\/02\/o-bng-asegura-que-o-cesamento-de-tres-altos-cargos-en-medio-rural-e-o-reconecemento-do-pp-do-fracaso-da-xestion-dos-lumes\/#article","isPartOf":{"@id":"https:\/\/www.anovapeneira.gal\/index.php\/2026\/01\/02\/o-bng-asegura-que-o-cesamento-de-tres-altos-cargos-en-medio-rural-e-o-reconecemento-do-pp-do-fracaso-da-xestion-dos-lumes\/"},"author":{"name":"Redacci\u00f3n A Nova Peneira","@id":"https:\/\/www.anovapeneira.gal\/#\/schema\/person\/b93e3f8932e3f8da96334607eb6ac6aa"},"headline":"O BNG asegura que o cesamento de tres altos cargos en Medio Rural \u00e9 o reco\u00f1ecemento do PP do fracaso da xesti\u00f3n dos lumes","datePublished":"2026-01-02T11:00:28+00:00","dateModified":"2026-01-03T06:25:33+00:00","mainEntityOfPage":{"@id":"https:\/\/www.anovapeneira.gal\/index.php\/2026\/01\/02\/o-bng-asegura-que-o-cesamento-de-tres-altos-cargos-en-medio-rural-e-o-reconecemento-do-pp-do-fracaso-da-xestion-dos-lumes\/"},"wordCount":329,"commentCount":0,"publisher":{"@id":"https:\/\/www.anovapeneira.gal\/#organization"},"image":{"@id":"https:\/\/www.anovapeneira.gal\/index.php\/2026\/01\/02\/o-bng-asegura-que-o-cesamento-de-tres-altos-cargos-en-medio-rural-e-o-reconecemento-do-pp-do-fracaso-da-xestion-dos-lumes\/#primaryimage"},"thumbnailUrl":"https:\/\/www.anovapeneira.gal\/wp-content\/uploads\/2025\/12\/secundino_Fernandez.png","keywords":["BNG"],"articleSection":["Novas"],"inLanguage":"gl-ES","potentialAction":[{"@type":"CommentAction","name":"Comment","target":["https:\/\/www.anovapeneira.gal\/index.php\/2026\/01\/02\/o-bng-asegura-que-o-cesamento-de-tres-altos-cargos-en-medio-rural-e-o-reconecemento-do-pp-do-fracaso-da-xestion-dos-lumes\/#respond"]}]},{"@type":"WebPage","@id":"https:\/\/www.anovapeneira.gal\/index.php\/2026\/01\/02\/o-bng-asegura-que-o-cesamento-de-tres-altos-cargos-en-medio-rural-e-o-reconecemento-do-pp-do-fracaso-da-xestion-dos-lumes\/","url":"https:\/\/www.anovapeneira.gal\/index.php\/2026\/01\/02\/o-bng-asegura-que-o-cesamento-de-tres-altos-cargos-en-medio-rural-e-o-reconecemento-do-pp-do-fracaso-da-xestion-dos-lumes\/","name":"O BNG asegura que o cesamento de tres altos cargos en Medio Rural \u00e9 o reco\u00f1ecemento do PP do fracaso da xesti\u00f3n dos lumes -","isPartOf":{"@id":"https:\/\/www.anovapeneira.gal\/#website"},"primaryImageOfPage":{"@id":"https:\/\/www.anovapeneira.gal\/index.php\/2026\/01\/02\/o-bng-asegura-que-o-cesamento-de-tres-altos-cargos-en-medio-rural-e-o-reconecemento-do-pp-do-fracaso-da-xestion-dos-lumes\/#primaryimage"},"image":{"@id":"https:\/\/www.anovapeneira.gal\/index.php\/2026\/01\/02\/o-bng-asegura-que-o-cesamento-de-tres-altos-cargos-en-medio-rural-e-o-reconecemento-do-pp-do-fracaso-da-xestion-dos-lumes\/#primaryimage"},"thumbnailUrl":"https:\/\/www.anovapeneira.gal\/wp-content\/uploads\/2025\/12\/secundino_Fernandez.png","datePublished":"2026-01-02T11:00:28+00:00","dateModified":"2026-01-03T06:25:33+00:00","breadcrumb":{"@id":"https:\/\/www.anovapeneira.gal\/index.php\/2026\/01\/02\/o-bng-asegura-que-o-cesamento-de-tres-altos-cargos-en-medio-rural-e-o-reconecemento-do-pp-do-fracaso-da-xestion-dos-lumes\/#breadcrumb"},"inLanguage":"gl-ES","potentialAction":[{"@type":"ReadAction","target":["https:\/\/www.anovapeneira.gal\/index.php\/2026\/01\/02\/o-bng-asegura-que-o-cesamento-de-tres-altos-cargos-en-medio-rural-e-o-reconecemento-do-pp-do-fracaso-da-xestion-dos-lumes\/"]}]},{"@type":"ImageObject","inLanguage":"gl-ES","@id":"https:\/\/www.anovapeneira.gal\/index.php\/2026\/01\/02\/o-bng-asegura-que-o-cesamento-de-tres-altos-cargos-en-medio-rural-e-o-reconecemento-do-pp-do-fracaso-da-xestion-dos-lumes\/#primaryimage","url":"https:\/\/www.anovapeneira.gal\/wp-content\/uploads\/2025\/12\/secundino_Fernandez.png","contentUrl":"https:\/\/www.anovapeneira.gal\/wp-content\/uploads\/2025\/12\/secundino_Fernandez.png","width":720,"height":432},{"@type":"BreadcrumbList","@id":"https:\/\/www.anovapeneira.gal\/index.php\/2026\/01\/02\/o-bng-asegura-que-o-cesamento-de-tres-altos-cargos-en-medio-rural-e-o-reconecemento-do-pp-do-fracaso-da-xestion-dos-lumes\/#breadcrumb","itemListElement":[{"@type":"ListItem","position":1,"name":"Portada","item":"https:\/\/www.anovapeneira.gal\/"},{"@type":"ListItem","position":2,"name":"O BNG asegura que o cesamento de tres altos cargos en Medio Rural \u00e9 o reco\u00f1ecemento do PP do fracaso da xesti\u00f3n dos lumes"}]},{"@type":"WebSite","@id":"https:\/\/www.anovapeneira.gal\/#website","url":"https:\/\/www.anovapeneira.gal\/","name":"","description":"Xornal galego de informaci\u00f3n xeral Publicaci\u00f3n mensual de novas de Galicia e en especial dos Concellos da sur da provincia de Pontevedra.","publisher":{"@id":"https:\/\/www.anovapeneira.gal\/#organization"},"potentialAction":[{"@type":"SearchAction","target":{"@type":"EntryPoint","urlTemplate":"https:\/\/www.anovapeneira.gal\/?s={search_term_string}"},"query-input":{"@type":"PropertyValueSpecification","valueRequired":true,"valueName":"search_term_string"}}],"inLanguage":"gl-ES"},{"@type":"Organization","@id":"https:\/\/www.anovapeneira.gal\/#organization","name":"A Nova Peneira","url":"https:\/\/www.anovapeneira.gal\/","logo":{"@type":"ImageObject","inLanguage":"gl-ES","@id":"https:\/\/www.anovapeneira.gal\/#\/schema\/logo\/image\/","url":"http:\/\/www.anovapeneira.gal\/wp-content\/uploads\/2019\/06\/logo_a_nova_peneira_portal_web.png","contentUrl":"http:\/\/www.anovapeneira.gal\/wp-content\/uploads\/2019\/06\/logo_a_nova_peneira_portal_web.png","width":300,"height":100,"caption":"A Nova Peneira"},"image":{"@id":"https:\/\/www.anovapeneira.gal\/#\/schema\/logo\/image\/"},"sameAs":["https:\/\/www.facebook.com\/anovapeneira","https:\/\/x.com\/APeneira"]},{"@type":"Person","@id":"https:\/\/www.anovapeneira.gal\/#\/schema\/person\/b93e3f8932e3f8da96334607eb6ac6aa","name":"Redacci\u00f3n A Nova Peneira","image":{"@type":"ImageObject","inLanguage":"gl-ES","@id":"https:\/\/secure.gravatar.com\/avatar\/c052a2551a06e23fac63626232eaa90abd78dbcf1700fc46a2b2c89fd27b735f?s=96&d=mm&r=g","url":"https:\/\/secure.gravatar.com\/avatar\/c052a2551a06e23fac63626232eaa90abd78dbcf1700fc46a2b2c89fd27b735f?s=96&d=mm&r=g","contentUrl":"https:\/\/secure.gravatar.com\/avatar\/c052a2551a06e23fac63626232eaa90abd78dbcf1700fc46a2b2c89fd27b735f?s=96&d=mm&r=g","caption":"Redacci\u00f3n A Nova Peneira"},"sameAs":["http:\/\/www.anovapeneira.gal\/"],"url":"https:\/\/www.anovapeneira.gal\/index.php\/author\/redactor\/"}]}},"jetpack_featured_media_url":"https:\/\/www.anovapeneira.gal\/wp-content\/uploads\/2025\/12\/secundino_Fernandez.png","_links":{"self":[{"href":"https:\/\/www.anovapeneira.gal\/index.php\/wp-json\/wp\/v2\/posts\/15164","targetHints":{"allow":["GET"]}}],"collection":[{"href":"https:\/\/www.anovapeneira.gal\/index.php\/wp-json\/wp\/v2\/posts"}],"about":[{"href":"https:\/\/www.anovapeneira.gal\/index.php\/wp-json\/wp\/v2\/types\/post"}],"author":[{"embeddable":true,"href":"https:\/\/www.anovapeneira.gal\/index.php\/wp-json\/wp\/v2\/users\/3"}],"replies":[{"embeddable":true,"href":"https:\/\/www.anovapeneira.gal\/index.php\/wp-json\/wp\/v2\/comments?post=15164"}],"version-history":[{"count":1,"href":"https:\/\/www.anovapeneira.gal\/index.php\/wp-json\/wp\/v2\/posts\/15164\/revisions"}],"predecessor-version":[{"id":15166,"href":"https:\/\/www.anovapeneira.gal\/index.php\/wp-json\/wp\/v2\/posts\/15164\/revisions\/15166"}],"wp:featuredmedia":[{"embeddable":true,"href":"https:\/\/www.anovapeneira.gal\/index.php\/wp-json\/wp\/v2\/media\/15165"}],"wp:attachment":[{"href":"https:\/\/www.anovapeneira.gal\/index.php\/wp-json\/wp\/v2\/media?parent=15164"}],"wp:term":[{"taxonomy":"category","embeddable":true,"href":"https:\/\/www.anovapeneira.gal\/index.php\/wp-json\/wp\/v2\/categories?post=15164"},{"taxonomy":"post_tag","embeddable":true,"href":"https:\/\/www.anovapeneira.gal\/index.php\/wp-json\/wp\/v2\/tags?post=15164"}],"curies":[{"name":"wp","href":"https:\/\/api.w.org\/{rel}","templated":true}]}}