{"id":15177,"date":"2026-01-06T12:00:14","date_gmt":"2026-01-06T11:00:14","guid":{"rendered":"https:\/\/www.anovapeneira.gal\/?p=15177"},"modified":"2026-01-03T07:45:41","modified_gmt":"2026-01-03T06:45:41","slug":"2025-resultados-do-bng-na-defensa-dos-intereses-da-galiza-e-das-clases-populares","status":"publish","type":"post","link":"https:\/\/www.anovapeneira.gal\/index.php\/2026\/01\/06\/2025-resultados-do-bng-na-defensa-dos-intereses-da-galiza-e-das-clases-populares\/","title":{"rendered":"2025: resultados do BNG na defensa dos intereses da Galiza e das clases populares"},"content":{"rendered":"\n<p>Durante o ano 2025, o Bloque Nacionalista Galego desenvolveu nas Cortes do Estado unha acci\u00f3n pol\u00edtica decisiva para defender os intereses da Galiza e mellorar as condici\u00f3ns de vida das clases populares, acadando acordos e avances concretos froito da negociaci\u00f3n, da firmeza e da capacidade de influencia do BNG.<\/p>\n\n\n\n<p>No \u00e1mbito social, o BNG acordou co Goberno do Estado a exenci\u00f3n do IRPF para as persoas que perciben o Salario M\u00ednimo Interprofesional, asumindo o Estado o custo \u00edntegro da medida. Tam\u00e9n, en cumprimento do Acordo de Investidura, produciuse unha suba das pensi\u00f3ns m\u00ednimas por riba do IPC, cun incremento adicional de 7 % previsto para 2026, mantiv\u00e9ronse as bonificaci\u00f3ns no transporte p\u00fablico e conseguiuse un avance relevante na ampliaci\u00f3n dos permisos de maternidade e paternidade, reforzando os dereitos das familias e a conciliaci\u00f3n da vida laboral e persoal, tal e como recoll\u00eda o propio Acordo de Investidura asinado polo BNG.<\/p>\n\n\n\n<p>Destaca a creaci\u00f3n de novos xulgados espec\u00edficos contra a violencia machista en Santiago de Compostela e Ourense, dando cumprimento aos compromisos adquiridos no Acordo de Investidura, se ben est\u00e1n a\u00ednda pendentes os de Lugo, Ferrol e Pontevedra, polos que o nacionalismo contin\u00faa a traballar. As\u00ed mesmo, o BNG defendeu a reduci\u00f3n da xornada laboral a 35 horas semanais, unha proposta clave para mellorar a conciliaci\u00f3n e a calidade de vida, que foi vetada no Congreso pola dereita e a ultradereita.<\/p>\n\n\n\n<p>En materia de mobilidade e infraestruturas, 2025 marcou un punto de inflexi\u00f3n. Entraron en vigor novas bonificaci\u00f3ns de at\u00e9 o 75 % na Autoestrada do Atl\u00e1ntico (AP-9), que se suman \u00e1s xa conseguidas polo BNG en anos anteriores, as\u00ed como descontos de at\u00e9 o 75 % na AP-53. Ademais, desbloqueouse inicialmente a tramitaci\u00f3n da AP-9.. Nesta li\u00f1a, o BNG continuar\u00e1 a presionar para p\u00f3r punto final a unha concesi\u00f3n declarada ilegal pola UE e lograr unha AP-9 galega e sen peaxes.<\/p>\n\n\n\n<p>No \u00e1mbito ferroviario, grazas \u00e1 insistencia do BNG foron d\u00e1ndose pasos para modernizar infraestruturas estrat\u00e9xicas para a Galiza, como as li\u00f1as ferroviaria Lugo-Ourense, o bypass de Betanzos ou o estudo para a conexi\u00f3n ferroviaria Compostela-Lugo. Coa negociaci\u00f3n da Lei de Mobilidade Sustent\u00e1bel, o BNG conseguiu manter as paradas de autob\u00fas de concesi\u00f3ns estatais que inicialmente estaba previsto suprimir en 23 concellos galegos, blindar por lei a creaci\u00f3n de novos servizos e frecuencias ferroviarias e axilizar a implantaci\u00f3n dos servizos de proximidade ferroviaria no noso pa\u00eds.<\/p>\n\n\n\n<p>No plano econ\u00f3mico e financeiro, foi aprobada polo Consello de Ministros a quita da d\u00e9beda recollida polo BNG no Acordo de Investidura, o que permitir\u00e1 que en 2026 -se o PP de Rueda non o impide- a Galiza alivie de maneira significativa a s\u00faa carga financeira.<\/p>\n\n\n\n<p>O BNG tam\u00e9n garantiu avances na defensa dos dereitos ling\u00fc\u00edsticos, tanto coa Lei de atenci\u00f3n \u00e1 clientela \u2014que obriga as empresas a atender na lingua escollida pola cidadan\u00eda\u2014 como coa protecci\u00f3n do uso do galego nas relaci\u00f3ns coas administraci\u00f3ns e os servizos.<\/p>\n\n\n\n<p>Finalmente, o BNG xogou un papel decisivo para impedir que o proxecto de Altri recibise fondos p\u00fablicos. Grazas \u00e1 presi\u00f3n pol\u00edtica e social exercida, conseguiuse que o Goberno do Estado lle denegase calquera apoio econ\u00f3mico con di\u00f1eiro p\u00fablico, defendendo as\u00ed o interese xeral da Galiza frente \u00e1 proxectos lesivos.<\/p>\n\n\n\n<p>No \u00e1mbito internacional, o BNG mantivo ao longo de 2025 unha posici\u00f3n firme e coherente na defensa da paz entre os pobos, desenvolvendo unha actividade pol\u00edtica intensa en solidariedade co pobo palestino, denunciando de maneira continuada o masacre que a\u00ednda a d\u00eda de hoxe sofre a poboaci\u00f3n civil palestina a mans do Estado sionista de Israel e reclamando respecto ao Dereito Internacional e os Dereitos Humanos.<\/p>\n\n\n\n<p>O Bloque Nacionalista Galego reafirma con estes resultados o seu compromiso cunha Galiza con m\u00e1is dereitos, m\u00e1is xustiza social e m\u00e1is capacidade de decisi\u00f3n. O BNG seguir\u00e1 a traballar con determinaci\u00f3n nas instituci\u00f3ns para defender os intereses do pobo galego e das clases populares, frente a quen pretende frear avances e perpetuar desigualdades.<\/p>\n","protected":false},"excerpt":{"rendered":"<div class=\"mh-excerpt\"><p>Durante o ano 2025, o Bloque Nacionalista Galego desenvolveu nas Cortes do Estado unha acci\u00f3n pol\u00edtica decisiva para defender os intereses da Galiza  <a class=\"mh-excerpt-more\" href=\"https:\/\/www.anovapeneira.gal\/index.php\/2026\/01\/06\/2025-resultados-do-bng-na-defensa-dos-intereses-da-galiza-e-das-clases-populares\/\" title=\"2025: resultados do BNG na defensa dos intereses da Galiza e das clases populares\">[&#8230;]<\/a><\/p>\n<\/div>","protected":false},"author":3,"featured_media":15178,"comment_status":"open","ping_status":"open","sticky":false,"template":"","format":"standard","meta":{"_exactmetrics_skip_tracking":false,"_exactmetrics_sitenote_active":false,"_exactmetrics_sitenote_note":"","_exactmetrics_sitenote_category":0,"footnotes":""},"categories":[263],"tags":[781],"class_list":{"0":"post-15177","1":"post","2":"type-post","3":"status-publish","4":"format-standard","5":"has-post-thumbnail","7":"category-novas","8":"tag-congreso-dos-diputados"},"yoast_head":"<!-- This site is optimized with the Yoast SEO plugin v27.4 - https:\/\/yoast.com\/product\/yoast-seo-wordpress\/ -->\n<title>2025: resultados do BNG na defensa dos intereses da Galiza e das clases populares -<\/title>\n<meta name=\"robots\" content=\"index, follow, max-snippet:-1, max-image-preview:large, max-video-preview:-1\" \/>\n<link rel=\"canonical\" href=\"https:\/\/www.anovapeneira.gal\/index.php\/2026\/01\/06\/2025-resultados-do-bng-na-defensa-dos-intereses-da-galiza-e-das-clases-populares\/\" \/>\n<meta property=\"og:locale\" content=\"gl_ES\" \/>\n<meta property=\"og:type\" content=\"article\" \/>\n<meta property=\"og:title\" content=\"2025: resultados do BNG na defensa dos intereses da Galiza e das clases populares -\" \/>\n<meta property=\"og:description\" content=\"Durante o ano 2025, o Bloque Nacionalista Galego desenvolveu nas Cortes do Estado unha acci\u00f3n pol\u00edtica decisiva para defender os intereses da Galiza [...]\" \/>\n<meta property=\"og:url\" content=\"https:\/\/www.anovapeneira.gal\/index.php\/2026\/01\/06\/2025-resultados-do-bng-na-defensa-dos-intereses-da-galiza-e-das-clases-populares\/\" \/>\n<meta property=\"article:publisher\" content=\"https:\/\/www.facebook.com\/anovapeneira\" \/>\n<meta property=\"article:published_time\" content=\"2026-01-06T11:00:14+00:00\" \/>\n<meta property=\"og:image\" content=\"https:\/\/www.anovapeneira.gal\/wp-content\/uploads\/2026\/01\/nestor_carme.jpg\" \/>\n\t<meta property=\"og:image:width\" content=\"1117\" \/>\n\t<meta property=\"og:image:height\" content=\"670\" \/>\n\t<meta property=\"og:image:type\" content=\"image\/jpeg\" \/>\n<meta name=\"author\" content=\"Redacci\u00f3n A Nova Peneira\" \/>\n<meta name=\"twitter:card\" content=\"summary_large_image\" \/>\n<meta name=\"twitter:creator\" content=\"@APeneira\" \/>\n<meta name=\"twitter:site\" content=\"@APeneira\" \/>\n<meta name=\"twitter:label1\" content=\"Escrito por\" \/>\n\t<meta name=\"twitter:data1\" content=\"Redacci\u00f3n A Nova Peneira\" \/>\n\t<meta name=\"twitter:label2\" content=\"Tempo de lectura\" \/>\n\t<meta name=\"twitter:data2\" content=\"4 minutos\" \/>\n<script type=\"application\/ld+json\" class=\"yoast-schema-graph\">{\"@context\":\"https:\\\/\\\/schema.org\",\"@graph\":[{\"@type\":\"Article\",\"@id\":\"https:\\\/\\\/www.anovapeneira.gal\\\/index.php\\\/2026\\\/01\\\/06\\\/2025-resultados-do-bng-na-defensa-dos-intereses-da-galiza-e-das-clases-populares\\\/#article\",\"isPartOf\":{\"@id\":\"https:\\\/\\\/www.anovapeneira.gal\\\/index.php\\\/2026\\\/01\\\/06\\\/2025-resultados-do-bng-na-defensa-dos-intereses-da-galiza-e-das-clases-populares\\\/\"},\"author\":{\"name\":\"Redacci\u00f3n A Nova Peneira\",\"@id\":\"https:\\\/\\\/www.anovapeneira.gal\\\/#\\\/schema\\\/person\\\/b93e3f8932e3f8da96334607eb6ac6aa\"},\"headline\":\"2025: resultados do BNG na defensa dos intereses da Galiza e das clases populares\",\"datePublished\":\"2026-01-06T11:00:14+00:00\",\"mainEntityOfPage\":{\"@id\":\"https:\\\/\\\/www.anovapeneira.gal\\\/index.php\\\/2026\\\/01\\\/06\\\/2025-resultados-do-bng-na-defensa-dos-intereses-da-galiza-e-das-clases-populares\\\/\"},\"wordCount\":715,\"commentCount\":0,\"publisher\":{\"@id\":\"https:\\\/\\\/www.anovapeneira.gal\\\/#organization\"},\"image\":{\"@id\":\"https:\\\/\\\/www.anovapeneira.gal\\\/index.php\\\/2026\\\/01\\\/06\\\/2025-resultados-do-bng-na-defensa-dos-intereses-da-galiza-e-das-clases-populares\\\/#primaryimage\"},\"thumbnailUrl\":\"https:\\\/\\\/www.anovapeneira.gal\\\/wp-content\\\/uploads\\\/2026\\\/01\\\/nestor_carme.jpg\",\"keywords\":[\"Congreso dos diputados\"],\"articleSection\":[\"Novas\"],\"inLanguage\":\"gl-ES\",\"potentialAction\":[{\"@type\":\"CommentAction\",\"name\":\"Comment\",\"target\":[\"https:\\\/\\\/www.anovapeneira.gal\\\/index.php\\\/2026\\\/01\\\/06\\\/2025-resultados-do-bng-na-defensa-dos-intereses-da-galiza-e-das-clases-populares\\\/#respond\"]}]},{\"@type\":\"WebPage\",\"@id\":\"https:\\\/\\\/www.anovapeneira.gal\\\/index.php\\\/2026\\\/01\\\/06\\\/2025-resultados-do-bng-na-defensa-dos-intereses-da-galiza-e-das-clases-populares\\\/\",\"url\":\"https:\\\/\\\/www.anovapeneira.gal\\\/index.php\\\/2026\\\/01\\\/06\\\/2025-resultados-do-bng-na-defensa-dos-intereses-da-galiza-e-das-clases-populares\\\/\",\"name\":\"2025: resultados do BNG na defensa dos intereses da Galiza e das clases populares -\",\"isPartOf\":{\"@id\":\"https:\\\/\\\/www.anovapeneira.gal\\\/#website\"},\"primaryImageOfPage\":{\"@id\":\"https:\\\/\\\/www.anovapeneira.gal\\\/index.php\\\/2026\\\/01\\\/06\\\/2025-resultados-do-bng-na-defensa-dos-intereses-da-galiza-e-das-clases-populares\\\/#primaryimage\"},\"image\":{\"@id\":\"https:\\\/\\\/www.anovapeneira.gal\\\/index.php\\\/2026\\\/01\\\/06\\\/2025-resultados-do-bng-na-defensa-dos-intereses-da-galiza-e-das-clases-populares\\\/#primaryimage\"},\"thumbnailUrl\":\"https:\\\/\\\/www.anovapeneira.gal\\\/wp-content\\\/uploads\\\/2026\\\/01\\\/nestor_carme.jpg\",\"datePublished\":\"2026-01-06T11:00:14+00:00\",\"breadcrumb\":{\"@id\":\"https:\\\/\\\/www.anovapeneira.gal\\\/index.php\\\/2026\\\/01\\\/06\\\/2025-resultados-do-bng-na-defensa-dos-intereses-da-galiza-e-das-clases-populares\\\/#breadcrumb\"},\"inLanguage\":\"gl-ES\",\"potentialAction\":[{\"@type\":\"ReadAction\",\"target\":[\"https:\\\/\\\/www.anovapeneira.gal\\\/index.php\\\/2026\\\/01\\\/06\\\/2025-resultados-do-bng-na-defensa-dos-intereses-da-galiza-e-das-clases-populares\\\/\"]}]},{\"@type\":\"ImageObject\",\"inLanguage\":\"gl-ES\",\"@id\":\"https:\\\/\\\/www.anovapeneira.gal\\\/index.php\\\/2026\\\/01\\\/06\\\/2025-resultados-do-bng-na-defensa-dos-intereses-da-galiza-e-das-clases-populares\\\/#primaryimage\",\"url\":\"https:\\\/\\\/www.anovapeneira.gal\\\/wp-content\\\/uploads\\\/2026\\\/01\\\/nestor_carme.jpg\",\"contentUrl\":\"https:\\\/\\\/www.anovapeneira.gal\\\/wp-content\\\/uploads\\\/2026\\\/01\\\/nestor_carme.jpg\",\"width\":1117,\"height\":670},{\"@type\":\"BreadcrumbList\",\"@id\":\"https:\\\/\\\/www.anovapeneira.gal\\\/index.php\\\/2026\\\/01\\\/06\\\/2025-resultados-do-bng-na-defensa-dos-intereses-da-galiza-e-das-clases-populares\\\/#breadcrumb\",\"itemListElement\":[{\"@type\":\"ListItem\",\"position\":1,\"name\":\"Portada\",\"item\":\"https:\\\/\\\/www.anovapeneira.gal\\\/\"},{\"@type\":\"ListItem\",\"position\":2,\"name\":\"2025: resultados do BNG na defensa dos intereses da Galiza e das clases populares\"}]},{\"@type\":\"WebSite\",\"@id\":\"https:\\\/\\\/www.anovapeneira.gal\\\/#website\",\"url\":\"https:\\\/\\\/www.anovapeneira.gal\\\/\",\"name\":\"\",\"description\":\"Xornal galego de informaci\u00f3n xeral Publicaci\u00f3n mensual de novas de Galicia e en especial dos Concellos da sur da provincia de Pontevedra.\",\"publisher\":{\"@id\":\"https:\\\/\\\/www.anovapeneira.gal\\\/#organization\"},\"potentialAction\":[{\"@type\":\"SearchAction\",\"target\":{\"@type\":\"EntryPoint\",\"urlTemplate\":\"https:\\\/\\\/www.anovapeneira.gal\\\/?s={search_term_string}\"},\"query-input\":{\"@type\":\"PropertyValueSpecification\",\"valueRequired\":true,\"valueName\":\"search_term_string\"}}],\"inLanguage\":\"gl-ES\"},{\"@type\":\"Organization\",\"@id\":\"https:\\\/\\\/www.anovapeneira.gal\\\/#organization\",\"name\":\"A Nova Peneira\",\"url\":\"https:\\\/\\\/www.anovapeneira.gal\\\/\",\"logo\":{\"@type\":\"ImageObject\",\"inLanguage\":\"gl-ES\",\"@id\":\"https:\\\/\\\/www.anovapeneira.gal\\\/#\\\/schema\\\/logo\\\/image\\\/\",\"url\":\"http:\\\/\\\/www.anovapeneira.gal\\\/wp-content\\\/uploads\\\/2019\\\/06\\\/logo_a_nova_peneira_portal_web.png\",\"contentUrl\":\"http:\\\/\\\/www.anovapeneira.gal\\\/wp-content\\\/uploads\\\/2019\\\/06\\\/logo_a_nova_peneira_portal_web.png\",\"width\":300,\"height\":100,\"caption\":\"A Nova Peneira\"},\"image\":{\"@id\":\"https:\\\/\\\/www.anovapeneira.gal\\\/#\\\/schema\\\/logo\\\/image\\\/\"},\"sameAs\":[\"https:\\\/\\\/www.facebook.com\\\/anovapeneira\",\"https:\\\/\\\/x.com\\\/APeneira\"]},{\"@type\":\"Person\",\"@id\":\"https:\\\/\\\/www.anovapeneira.gal\\\/#\\\/schema\\\/person\\\/b93e3f8932e3f8da96334607eb6ac6aa\",\"name\":\"Redacci\u00f3n A Nova Peneira\",\"image\":{\"@type\":\"ImageObject\",\"inLanguage\":\"gl-ES\",\"@id\":\"https:\\\/\\\/secure.gravatar.com\\\/avatar\\\/c052a2551a06e23fac63626232eaa90abd78dbcf1700fc46a2b2c89fd27b735f?s=96&d=mm&r=g\",\"url\":\"https:\\\/\\\/secure.gravatar.com\\\/avatar\\\/c052a2551a06e23fac63626232eaa90abd78dbcf1700fc46a2b2c89fd27b735f?s=96&d=mm&r=g\",\"contentUrl\":\"https:\\\/\\\/secure.gravatar.com\\\/avatar\\\/c052a2551a06e23fac63626232eaa90abd78dbcf1700fc46a2b2c89fd27b735f?s=96&d=mm&r=g\",\"caption\":\"Redacci\u00f3n A Nova Peneira\"},\"sameAs\":[\"http:\\\/\\\/www.anovapeneira.gal\\\/\"],\"url\":\"https:\\\/\\\/www.anovapeneira.gal\\\/index.php\\\/author\\\/redactor\\\/\"}]}<\/script>\n<!-- \/ Yoast SEO plugin. -->","yoast_head_json":{"title":"2025: resultados do BNG na defensa dos intereses da Galiza e das clases populares -","robots":{"index":"index","follow":"follow","max-snippet":"max-snippet:-1","max-image-preview":"max-image-preview:large","max-video-preview":"max-video-preview:-1"},"canonical":"https:\/\/www.anovapeneira.gal\/index.php\/2026\/01\/06\/2025-resultados-do-bng-na-defensa-dos-intereses-da-galiza-e-das-clases-populares\/","og_locale":"gl_ES","og_type":"article","og_title":"2025: resultados do BNG na defensa dos intereses da Galiza e das clases populares -","og_description":"Durante o ano 2025, o Bloque Nacionalista Galego desenvolveu nas Cortes do Estado unha acci\u00f3n pol\u00edtica decisiva para defender os intereses da Galiza [...]","og_url":"https:\/\/www.anovapeneira.gal\/index.php\/2026\/01\/06\/2025-resultados-do-bng-na-defensa-dos-intereses-da-galiza-e-das-clases-populares\/","article_publisher":"https:\/\/www.facebook.com\/anovapeneira","article_published_time":"2026-01-06T11:00:14+00:00","og_image":[{"width":1117,"height":670,"url":"https:\/\/www.anovapeneira.gal\/wp-content\/uploads\/2026\/01\/nestor_carme.jpg","type":"image\/jpeg"}],"author":"Redacci\u00f3n A Nova Peneira","twitter_card":"summary_large_image","twitter_creator":"@APeneira","twitter_site":"@APeneira","twitter_misc":{"Escrito por":"Redacci\u00f3n A Nova Peneira","Tempo de lectura":"4 minutos"},"schema":{"@context":"https:\/\/schema.org","@graph":[{"@type":"Article","@id":"https:\/\/www.anovapeneira.gal\/index.php\/2026\/01\/06\/2025-resultados-do-bng-na-defensa-dos-intereses-da-galiza-e-das-clases-populares\/#article","isPartOf":{"@id":"https:\/\/www.anovapeneira.gal\/index.php\/2026\/01\/06\/2025-resultados-do-bng-na-defensa-dos-intereses-da-galiza-e-das-clases-populares\/"},"author":{"name":"Redacci\u00f3n A Nova Peneira","@id":"https:\/\/www.anovapeneira.gal\/#\/schema\/person\/b93e3f8932e3f8da96334607eb6ac6aa"},"headline":"2025: resultados do BNG na defensa dos intereses da Galiza e das clases populares","datePublished":"2026-01-06T11:00:14+00:00","mainEntityOfPage":{"@id":"https:\/\/www.anovapeneira.gal\/index.php\/2026\/01\/06\/2025-resultados-do-bng-na-defensa-dos-intereses-da-galiza-e-das-clases-populares\/"},"wordCount":715,"commentCount":0,"publisher":{"@id":"https:\/\/www.anovapeneira.gal\/#organization"},"image":{"@id":"https:\/\/www.anovapeneira.gal\/index.php\/2026\/01\/06\/2025-resultados-do-bng-na-defensa-dos-intereses-da-galiza-e-das-clases-populares\/#primaryimage"},"thumbnailUrl":"https:\/\/www.anovapeneira.gal\/wp-content\/uploads\/2026\/01\/nestor_carme.jpg","keywords":["Congreso dos diputados"],"articleSection":["Novas"],"inLanguage":"gl-ES","potentialAction":[{"@type":"CommentAction","name":"Comment","target":["https:\/\/www.anovapeneira.gal\/index.php\/2026\/01\/06\/2025-resultados-do-bng-na-defensa-dos-intereses-da-galiza-e-das-clases-populares\/#respond"]}]},{"@type":"WebPage","@id":"https:\/\/www.anovapeneira.gal\/index.php\/2026\/01\/06\/2025-resultados-do-bng-na-defensa-dos-intereses-da-galiza-e-das-clases-populares\/","url":"https:\/\/www.anovapeneira.gal\/index.php\/2026\/01\/06\/2025-resultados-do-bng-na-defensa-dos-intereses-da-galiza-e-das-clases-populares\/","name":"2025: resultados do BNG na defensa dos intereses da Galiza e das clases populares -","isPartOf":{"@id":"https:\/\/www.anovapeneira.gal\/#website"},"primaryImageOfPage":{"@id":"https:\/\/www.anovapeneira.gal\/index.php\/2026\/01\/06\/2025-resultados-do-bng-na-defensa-dos-intereses-da-galiza-e-das-clases-populares\/#primaryimage"},"image":{"@id":"https:\/\/www.anovapeneira.gal\/index.php\/2026\/01\/06\/2025-resultados-do-bng-na-defensa-dos-intereses-da-galiza-e-das-clases-populares\/#primaryimage"},"thumbnailUrl":"https:\/\/www.anovapeneira.gal\/wp-content\/uploads\/2026\/01\/nestor_carme.jpg","datePublished":"2026-01-06T11:00:14+00:00","breadcrumb":{"@id":"https:\/\/www.anovapeneira.gal\/index.php\/2026\/01\/06\/2025-resultados-do-bng-na-defensa-dos-intereses-da-galiza-e-das-clases-populares\/#breadcrumb"},"inLanguage":"gl-ES","potentialAction":[{"@type":"ReadAction","target":["https:\/\/www.anovapeneira.gal\/index.php\/2026\/01\/06\/2025-resultados-do-bng-na-defensa-dos-intereses-da-galiza-e-das-clases-populares\/"]}]},{"@type":"ImageObject","inLanguage":"gl-ES","@id":"https:\/\/www.anovapeneira.gal\/index.php\/2026\/01\/06\/2025-resultados-do-bng-na-defensa-dos-intereses-da-galiza-e-das-clases-populares\/#primaryimage","url":"https:\/\/www.anovapeneira.gal\/wp-content\/uploads\/2026\/01\/nestor_carme.jpg","contentUrl":"https:\/\/www.anovapeneira.gal\/wp-content\/uploads\/2026\/01\/nestor_carme.jpg","width":1117,"height":670},{"@type":"BreadcrumbList","@id":"https:\/\/www.anovapeneira.gal\/index.php\/2026\/01\/06\/2025-resultados-do-bng-na-defensa-dos-intereses-da-galiza-e-das-clases-populares\/#breadcrumb","itemListElement":[{"@type":"ListItem","position":1,"name":"Portada","item":"https:\/\/www.anovapeneira.gal\/"},{"@type":"ListItem","position":2,"name":"2025: resultados do BNG na defensa dos intereses da Galiza e das clases populares"}]},{"@type":"WebSite","@id":"https:\/\/www.anovapeneira.gal\/#website","url":"https:\/\/www.anovapeneira.gal\/","name":"","description":"Xornal galego de informaci\u00f3n xeral Publicaci\u00f3n mensual de novas de Galicia e en especial dos Concellos da sur da provincia de Pontevedra.","publisher":{"@id":"https:\/\/www.anovapeneira.gal\/#organization"},"potentialAction":[{"@type":"SearchAction","target":{"@type":"EntryPoint","urlTemplate":"https:\/\/www.anovapeneira.gal\/?s={search_term_string}"},"query-input":{"@type":"PropertyValueSpecification","valueRequired":true,"valueName":"search_term_string"}}],"inLanguage":"gl-ES"},{"@type":"Organization","@id":"https:\/\/www.anovapeneira.gal\/#organization","name":"A Nova Peneira","url":"https:\/\/www.anovapeneira.gal\/","logo":{"@type":"ImageObject","inLanguage":"gl-ES","@id":"https:\/\/www.anovapeneira.gal\/#\/schema\/logo\/image\/","url":"http:\/\/www.anovapeneira.gal\/wp-content\/uploads\/2019\/06\/logo_a_nova_peneira_portal_web.png","contentUrl":"http:\/\/www.anovapeneira.gal\/wp-content\/uploads\/2019\/06\/logo_a_nova_peneira_portal_web.png","width":300,"height":100,"caption":"A Nova Peneira"},"image":{"@id":"https:\/\/www.anovapeneira.gal\/#\/schema\/logo\/image\/"},"sameAs":["https:\/\/www.facebook.com\/anovapeneira","https:\/\/x.com\/APeneira"]},{"@type":"Person","@id":"https:\/\/www.anovapeneira.gal\/#\/schema\/person\/b93e3f8932e3f8da96334607eb6ac6aa","name":"Redacci\u00f3n A Nova Peneira","image":{"@type":"ImageObject","inLanguage":"gl-ES","@id":"https:\/\/secure.gravatar.com\/avatar\/c052a2551a06e23fac63626232eaa90abd78dbcf1700fc46a2b2c89fd27b735f?s=96&d=mm&r=g","url":"https:\/\/secure.gravatar.com\/avatar\/c052a2551a06e23fac63626232eaa90abd78dbcf1700fc46a2b2c89fd27b735f?s=96&d=mm&r=g","contentUrl":"https:\/\/secure.gravatar.com\/avatar\/c052a2551a06e23fac63626232eaa90abd78dbcf1700fc46a2b2c89fd27b735f?s=96&d=mm&r=g","caption":"Redacci\u00f3n A Nova Peneira"},"sameAs":["http:\/\/www.anovapeneira.gal\/"],"url":"https:\/\/www.anovapeneira.gal\/index.php\/author\/redactor\/"}]}},"jetpack_featured_media_url":"https:\/\/www.anovapeneira.gal\/wp-content\/uploads\/2026\/01\/nestor_carme.jpg","_links":{"self":[{"href":"https:\/\/www.anovapeneira.gal\/index.php\/wp-json\/wp\/v2\/posts\/15177","targetHints":{"allow":["GET"]}}],"collection":[{"href":"https:\/\/www.anovapeneira.gal\/index.php\/wp-json\/wp\/v2\/posts"}],"about":[{"href":"https:\/\/www.anovapeneira.gal\/index.php\/wp-json\/wp\/v2\/types\/post"}],"author":[{"embeddable":true,"href":"https:\/\/www.anovapeneira.gal\/index.php\/wp-json\/wp\/v2\/users\/3"}],"replies":[{"embeddable":true,"href":"https:\/\/www.anovapeneira.gal\/index.php\/wp-json\/wp\/v2\/comments?post=15177"}],"version-history":[{"count":1,"href":"https:\/\/www.anovapeneira.gal\/index.php\/wp-json\/wp\/v2\/posts\/15177\/revisions"}],"predecessor-version":[{"id":15179,"href":"https:\/\/www.anovapeneira.gal\/index.php\/wp-json\/wp\/v2\/posts\/15177\/revisions\/15179"}],"wp:featuredmedia":[{"embeddable":true,"href":"https:\/\/www.anovapeneira.gal\/index.php\/wp-json\/wp\/v2\/media\/15178"}],"wp:attachment":[{"href":"https:\/\/www.anovapeneira.gal\/index.php\/wp-json\/wp\/v2\/media?parent=15177"}],"wp:term":[{"taxonomy":"category","embeddable":true,"href":"https:\/\/www.anovapeneira.gal\/index.php\/wp-json\/wp\/v2\/categories?post=15177"},{"taxonomy":"post_tag","embeddable":true,"href":"https:\/\/www.anovapeneira.gal\/index.php\/wp-json\/wp\/v2\/tags?post=15177"}],"curies":[{"name":"wp","href":"https:\/\/api.w.org\/{rel}","templated":true}]}}