{"id":15180,"date":"2026-01-07T10:00:23","date_gmt":"2026-01-07T09:00:23","guid":{"rendered":"https:\/\/www.anovapeneira.gal\/?p=15180"},"modified":"2026-01-03T07:53:56","modified_gmt":"2026-01-03T06:53:56","slug":"xavier-moreda-militante-da-memoria-historica","status":"publish","type":"post","link":"https:\/\/www.anovapeneira.gal\/index.php\/2026\/01\/07\/xavier-moreda-militante-da-memoria-historica\/","title":{"rendered":"Xavier Moreda, militante da memoria hist\u00f3rica"},"content":{"rendered":"\n<p><strong>Xavier \u00e9 un veterano activista da memoria hist\u00f3rica amable e cordial co que sempre \u00e9 un pracer compartir unha conversa. O seu compromiso coa memoria xorde tanto da s\u00faa propia historia persoal, varios membros da s\u00faa familia foron asasinadas polo fascismo, como dunha conciencia pol\u00edtica profundamente inserida no m\u00e1is \u00edntimo da s\u00faa persoa. O ano pasado, xunto con outras persoas, pu\u00f1a en marcha unha asociaci\u00f3n pola memoria, pola verdade e pola xustiza que est\u00e1 a ter un papel destacado no que atinxe \u00e1 memoria antifascista na cidade de Vigo e a s\u00faa \u00e1rea de influencia. N\u00f3s conversamos con el<\/strong>.<\/p>\n\n\n\n<h2 class=\"wp-block-heading\">\u201c <strong>Cada vez que vexo a cruz do Castro sinto como se aos meus familiares asasinados os asasinasen unha e outra vez\u201d<\/strong><\/h2>\n\n\n\n<p><strong>F\u00e1lame das principais caracter\u00edsticas da asociaci\u00f3n na que militas?<\/strong><\/p>\n\n\n\n<blockquote class=\"wp-block-quote is-layout-flow wp-block-quote-is-layout-flow\">\n<p>A asociaci\u00f3n ch\u00e1mase \u201c memoria verdade e xustiza\u201d.Facemos un ano de vida.<\/p>\n<\/blockquote>\n\n\n\n<p><strong>A asociaci\u00f3n fund\u00e1chela ti?<\/strong><\/p>\n\n\n\n<blockquote class=\"wp-block-quote is-layout-flow wp-block-quote-is-layout-flow\">\n<p>Si, eu en compa\u00f1\u00eda de outras persoas como Manolo Reboiras, Telmo Varela, Suso Ch\u00e1vez&#8230;<\/p>\n<\/blockquote>\n\n\n\n<p><strong>Cales son os seus obxectivos?<\/strong><\/p>\n\n\n\n<blockquote class=\"wp-block-quote is-layout-flow wp-block-quote-is-layout-flow\">\n<p>Queremos honrar a memoria de todas as persoas que sufriron a represi\u00f3n do fascismo pero non queremos quedarnos a\u00ed. Pretendemos exercer activamente o antifascismo e que a nosa actividade sexa \u00fatil \u00e1 hora de denunciar as atrocidades do fascismo e de facer m\u00e1is dif\u00edcil que volva callar na sociedade.<\/p>\n<\/blockquote>\n\n\n\n<p><strong>Cando se inicia a actividade xenocida na cidade de Vigo?<\/strong><\/p>\n\n\n\n<blockquote class=\"wp-block-quote is-layout-flow wp-block-quote-is-layout-flow\">\n<p>O 20 de xullo de 1936 co pronunciamento do capit\u00e1n Carrer\u00f3 na Porta do Sol. F\u00edxate que barbaridade se deu neste caso pois a Porta do Sol, o lugar onde m\u00e1is asasinados houbo, durante un tempo levou o nome de Praza do Capit\u00e1n Carrer\u00f3<\/p>\n<\/blockquote>\n\n\n\n<p><strong>En que momento se retirou ese infame nome ?<\/strong><\/p>\n\n\n\n<blockquote class=\"wp-block-quote is-layout-flow wp-block-quote-is-layout-flow\">\n<p>Creo que na alcald\u00eda de Manolo Soto.<\/p>\n<\/blockquote>\n\n\n\n<p><strong>Que actividades tedes desenvolto no ano 2025, e cales tedes previsto para este ano que comeza?<\/strong><\/p>\n\n\n\n<blockquote class=\"wp-block-quote is-layout-flow wp-block-quote-is-layout-flow\">\n<p>Para n\u00f3s hai d\u00faas datas esenciais que xa conmemoramos no 25 e que volveremos conmemorar no 26. Son o 20 de xullo, o inicio do xenocidio en Vigo, e o 10 de decembro data na que son fusiladas 12 persoas no monte do Castro.<\/p>\n<\/blockquote>\n\n\n\n<p><strong>Entre elas varias da t\u00faa familia?<\/strong><\/p>\n\n\n\n<blockquote class=\"wp-block-quote is-layout-flow wp-block-quote-is-layout-flow\">\n<p>Unha de cada tres persoas fusiladas eran da mi\u00f1a familia, 4 persoas. Para min esta \u00e9 unha cuesti\u00f3n importante, desde logo. Pero o que pretendo, o que pretende a asociaci\u00f3n no seu conxunto, \u00e9 que as distintas homenaxes sexan extensivas \u00e1 totalidade de persoas represaliadas.<\/p>\n<\/blockquote>\n\n\n\n<p><strong>No ano 26 tedes ent\u00f3n esas d\u00faas datas fixas?<\/strong><\/p>\n\n\n\n<blockquote class=\"wp-block-quote is-layout-flow wp-block-quote-is-layout-flow\">\n<p>Si, o 20 de xullo e o 10 de decembro son datas permanentes para n\u00f3s.<\/p>\n<\/blockquote>\n\n\n\n<p><strong>E tedes previsto algunha outra cuesti\u00f3n?<\/strong><\/p>\n\n\n\n<blockquote class=\"wp-block-quote is-layout-flow wp-block-quote-is-layout-flow\">\n<p>Asemade imos colocar un monumento que homenaxee \u00e1s persoas represaliadas, a todas as persoas represaliadas sen excepci\u00f3n. Vai ser na \u00e1rea de Vigo pero a\u00ednda non podo dicir o sitio en concreto. Estamos contemplando diversas opci\u00f3ns.<\/p>\n<\/blockquote>\n\n\n\n<p><strong>Xa encargastes o monumento?<\/strong><\/p>\n\n\n\n<blockquote class=\"wp-block-quote is-layout-flow wp-block-quote-is-layout-flow\">\n<p>Xa est\u00e1 encargado, si. Vai ser unha escultura en pedra cunha placa. A min gustar\u00edame inauguralo o 25 de abril. A ver se somos quen de poder facelo as\u00ed.<\/p>\n<\/blockquote>\n\n\n\n<p><strong>Tedes contacto con asociaci\u00f3ns semellantes?<\/strong><\/p>\n\n\n\n<blockquote class=\"wp-block-quote is-layout-flow wp-block-quote-is-layout-flow\">\n<p>Estamos en conversas cunha asociaci\u00f3n, est\u00e1n en Compostela e son galego arxentinos. Eles conmemoran as datas do xenocidio que sufriron no seu pa\u00eds. Asemade hai moitos galegos que repetiron sufrimento: foron v\u00edtimas da ditadura espa\u00f1ola e logo volveron ser v\u00edtimas da ditadura arxentina. Para n\u00f3s ser\u00eda moi importante traballar coas asociaci\u00f3n de veci\u00f1os, pois o ideal ser\u00eda que eles recolleran toda esa memoria e se implicaran na elaboraci\u00f3n da que \u00e9 unha das mi\u00f1as teimas persoais.<\/p>\n<\/blockquote>\n\n\n\n<p><strong>Cal \u00e9?<\/strong><\/p>\n\n\n\n<blockquote class=\"wp-block-quote is-layout-flow wp-block-quote-is-layout-flow\">\n<p>A creaci\u00f3n de comisi\u00f3ns comarcais da verdade.<\/p>\n<\/blockquote>\n\n\n\n<p><strong>\u00c9 un obxectivo moi ambicioso<\/strong><\/p>\n\n\n\n<blockquote class=\"wp-block-quote is-layout-flow wp-block-quote-is-layout-flow\">\n<p>Son consciente, pero formularse obxectivos moi ambiciosos \u00e9 a \u00fanica maneira de conseguilos. Eu s\u00edntome en d\u00e9beda con todas as persoas que sufriron o terror fascista pois arriscaron as s\u00faas vidas e o seu benestar persoal para defender un mundo decente. E quixera que todas e cada unha fosen honradas como merecen. S\u00f3 se pode facer se conseguimos penetrar en todas as comarcas.<\/p>\n<\/blockquote>\n\n\n\n<p><strong>A vosa asociaci\u00f3n ten interese en espallarse por todo o pa\u00eds ou s\u00f3 abranguedes a \u00e1rea de Vigo?<\/strong><\/p>\n\n\n\n<blockquote class=\"wp-block-quote is-layout-flow wp-block-quote-is-layout-flow\">\n<p>N\u00f3s non queremos competir contra ningu\u00e9n. Esto non \u00e9 unha empresa que trate de ga\u00f1ar cotas de mercado. Queremos colaborar, non competir. E se pode ser nos par\u00e1metros do antifascismo, como por exemplo se define claramente a asociaci\u00f3n de Celanova, moito mellor.<\/p>\n<\/blockquote>\n\n\n\n<p><strong>Levades un ano de vida. Neste ano que receptividade encontrastes na sociedade?<\/strong><\/p>\n\n\n\n<blockquote class=\"wp-block-quote is-layout-flow wp-block-quote-is-layout-flow\">\n<p>Bastante mellor da que pensabamos. Aos nosos actos ve\u00f1en m\u00e1is de 100 persoas, algo inusual neste tipo de contextos.<\/p>\n<\/blockquote>\n\n\n\n<p><strong>Este tipo de actos normalmente chegan a un p\u00fablico moi concreto; a persoas con conciencia pol\u00edtica previa e a familiares de represaliados. O m\u00e1is interesante, creo eu, e tam\u00e9n o m\u00e1is complicado \u00e9 poder chegar a segmentos de poboaci\u00f3n que non estean en ning\u00fan deses dous grupos, para poder espallar a memoria dos represaliados e facer ver a imperiosa necesidade do antifascismo. Ves posibilidades de que poida ser as\u00ed?<\/strong><\/p>\n\n\n\n<blockquote class=\"wp-block-quote is-layout-flow wp-block-quote-is-layout-flow\">\n<p>A verdade \u00e9 que a maior\u00eda das persoas que asisten son as de sempre, si. Pero observo con interese e tam\u00e9n con emoci\u00f3n, que si estamos chegando a outro tipo de p\u00fablico diferente ao p\u00fablico politizado de toda a vida. Custa m\u00e1is, \u00e9 certo, pero implicando a colectivos e a asociaci\u00f3ns si que se pode lograr.<\/p>\n<\/blockquote>\n\n\n\n<p><strong>Viches un v\u00eddeo que se fixo viral o 28 de decembro que amosaba a unha persoa disfrazada de Franco paseando por un centro comercial en Valencia e a moitas outras persoas aplaud\u00edndoo e aclam\u00e1ndoo?<\/strong><\/p>\n\n\n\n<blockquote class=\"wp-block-quote is-layout-flow wp-block-quote-is-layout-flow\">\n<p>Si, si que o vin. \u00c9 absolutamente terrible.<\/p>\n<\/blockquote>\n\n\n\n<p><strong>A que achacas o auxe da ultradereita ? cres que se est\u00e1 combatendo de maneira adecuada?<\/strong><\/p>\n\n\n\n<blockquote class=\"wp-block-quote is-layout-flow wp-block-quote-is-layout-flow\">\n<p>Comezo pola segunda cuesti\u00f3n: Non, non se est\u00e1 combatendo de maneira adecuada. Contra o fascismo nin se pode po\u00f1er panos quentes nin se pode renunciar \u00e1 defensa dos dereitos adquiridos. En relaci\u00f3n \u00e1s causas o fen\u00f3meno da ultradereita xorde dunha suma de diversas raz\u00f3ns complexas pero ten un responsable moi claro: O capital. O fascismo sempre xorde cando quere o capital. Nos momentos de crise sist\u00e9mica nos que o capital considera que os seus intereses non est\u00e1n dabondo protexidos recorre ao fascismo como instrumento para protexelos.<\/p>\n<\/blockquote>\n\n\n\n<p><strong>A resposta da sociedade civil \u00e9 positiva. E a das administraci\u00f3ns?<\/strong><\/p>\n\n\n\n<blockquote class=\"wp-block-quote is-layout-flow wp-block-quote-is-layout-flow\">\n<p>A mi\u00f1a posici\u00f3n persoal \u00e9 que hai que acudir o menos posible \u00e1s administraci\u00f3ns. O estado non debe de ser nunca dono da memoria. F\u00edxate por exemplo no caso de Israel que est\u00e1 utilizando o pasado dos xudeus europeos como xustificaci\u00f3n para cometer un xenocidio.<\/p>\n<\/blockquote>\n\n\n\n<p><strong>Cal \u00e9 a posici\u00f3n persoal do alcalde de Vigo ao respecto da memoria hist\u00f3rica?<\/strong><\/p>\n\n\n\n<blockquote class=\"wp-block-quote is-layout-flow wp-block-quote-is-layout-flow\">\n<p>Non lle interesa nada. \u00c9 un tipo que considera que f\u00f3ra da s\u00faa propia persoa non hai nada.<\/p>\n<\/blockquote>\n\n\n\n<p><strong>A cruz do Castro \u00e9 un monumento fascista?<\/strong><\/p>\n\n\n\n<blockquote class=\"wp-block-quote is-layout-flow wp-block-quote-is-layout-flow\">\n<p>Absolutamente si. Foi inaugurado polo propio Franco.<\/p>\n<\/blockquote>\n\n\n\n<p><strong>Ves posible que se acabe derrubando?<\/strong><\/p>\n\n\n\n<blockquote class=\"wp-block-quote is-layout-flow wp-block-quote-is-layout-flow\">\n<p>Ten que cambiar a administraci\u00f3n municipal, con Abel Caballero non \u00e9 posible.<\/p>\n<\/blockquote>\n\n\n\n<p><strong>Que sentes ti, familiar de varias persoas asasinadas polo fascismo nese lugar, cando pasas polo Castro e ves esa cruz?<\/strong><\/p>\n\n\n\n<blockquote class=\"wp-block-quote is-layout-flow wp-block-quote-is-layout-flow\">\n<p>Para min \u00e9 como se os volveran a asinar unha e outra vez.<\/p>\n<\/blockquote>\n","protected":false},"excerpt":{"rendered":"<div class=\"mh-excerpt\"><p>Xavier \u00e9 un veterano activista da memoria hist\u00f3rica amable e cordial co que sempre \u00e9 un pracer compartir unha conversa <a class=\"mh-excerpt-more\" href=\"https:\/\/www.anovapeneira.gal\/index.php\/2026\/01\/07\/xavier-moreda-militante-da-memoria-historica\/\" title=\"Xavier Moreda, militante da memoria hist\u00f3rica\">[&#8230;]<\/a><\/p>\n<\/div>","protected":false},"author":3,"featured_media":15181,"comment_status":"open","ping_status":"open","sticky":false,"template":"","format":"standard","meta":{"_exactmetrics_skip_tracking":false,"_exactmetrics_sitenote_active":false,"_exactmetrics_sitenote_note":"","_exactmetrics_sitenote_category":0,"footnotes":""},"categories":[272],"tags":[227],"class_list":{"0":"post-15180","1":"post","2":"type-post","3":"status-publish","4":"format-standard","5":"has-post-thumbnail","7":"category-vigo-entrevistas","8":"tag-concello-de-vigo"},"yoast_head":"<!-- This site is optimized with the Yoast SEO plugin v27.4 - https:\/\/yoast.com\/product\/yoast-seo-wordpress\/ -->\n<title>Xavier Moreda, militante da memoria hist\u00f3rica -<\/title>\n<meta name=\"robots\" content=\"index, follow, max-snippet:-1, max-image-preview:large, max-video-preview:-1\" \/>\n<link rel=\"canonical\" href=\"https:\/\/www.anovapeneira.gal\/index.php\/2026\/01\/07\/xavier-moreda-militante-da-memoria-historica\/\" \/>\n<meta property=\"og:locale\" content=\"gl_ES\" \/>\n<meta property=\"og:type\" content=\"article\" \/>\n<meta property=\"og:title\" content=\"Xavier Moreda, militante da memoria hist\u00f3rica -\" \/>\n<meta property=\"og:description\" content=\"Xavier \u00e9 un veterano activista da memoria hist\u00f3rica amable e cordial co que sempre \u00e9 un pracer compartir unha conversa [...]\" \/>\n<meta property=\"og:url\" content=\"https:\/\/www.anovapeneira.gal\/index.php\/2026\/01\/07\/xavier-moreda-militante-da-memoria-historica\/\" \/>\n<meta property=\"article:publisher\" content=\"https:\/\/www.facebook.com\/anovapeneira\" \/>\n<meta property=\"article:published_time\" content=\"2026-01-07T09:00:23+00:00\" \/>\n<meta property=\"og:image\" content=\"https:\/\/www.anovapeneira.gal\/wp-content\/uploads\/2026\/01\/xavier_moreda.jpg\" \/>\n\t<meta property=\"og:image:width\" content=\"2204\" \/>\n\t<meta property=\"og:image:height\" content=\"1323\" \/>\n\t<meta property=\"og:image:type\" content=\"image\/jpeg\" \/>\n<meta name=\"author\" content=\"Redacci\u00f3n A Nova Peneira\" \/>\n<meta name=\"twitter:card\" content=\"summary_large_image\" \/>\n<meta name=\"twitter:creator\" content=\"@APeneira\" \/>\n<meta name=\"twitter:site\" content=\"@APeneira\" \/>\n<meta name=\"twitter:label1\" content=\"Escrito por\" \/>\n\t<meta name=\"twitter:data1\" content=\"Redacci\u00f3n A Nova Peneira\" \/>\n\t<meta name=\"twitter:label2\" content=\"Tempo de lectura\" \/>\n\t<meta name=\"twitter:data2\" content=\"3 minutos\" \/>\n<script type=\"application\/ld+json\" class=\"yoast-schema-graph\">{\"@context\":\"https:\\\/\\\/schema.org\",\"@graph\":[{\"@type\":\"Article\",\"@id\":\"https:\\\/\\\/www.anovapeneira.gal\\\/index.php\\\/2026\\\/01\\\/07\\\/xavier-moreda-militante-da-memoria-historica\\\/#article\",\"isPartOf\":{\"@id\":\"https:\\\/\\\/www.anovapeneira.gal\\\/index.php\\\/2026\\\/01\\\/07\\\/xavier-moreda-militante-da-memoria-historica\\\/\"},\"author\":{\"name\":\"Redacci\u00f3n A Nova Peneira\",\"@id\":\"https:\\\/\\\/www.anovapeneira.gal\\\/#\\\/schema\\\/person\\\/b93e3f8932e3f8da96334607eb6ac6aa\"},\"headline\":\"Xavier Moreda, militante da memoria hist\u00f3rica\",\"datePublished\":\"2026-01-07T09:00:23+00:00\",\"mainEntityOfPage\":{\"@id\":\"https:\\\/\\\/www.anovapeneira.gal\\\/index.php\\\/2026\\\/01\\\/07\\\/xavier-moreda-militante-da-memoria-historica\\\/\"},\"wordCount\":1235,\"commentCount\":0,\"publisher\":{\"@id\":\"https:\\\/\\\/www.anovapeneira.gal\\\/#organization\"},\"image\":{\"@id\":\"https:\\\/\\\/www.anovapeneira.gal\\\/index.php\\\/2026\\\/01\\\/07\\\/xavier-moreda-militante-da-memoria-historica\\\/#primaryimage\"},\"thumbnailUrl\":\"https:\\\/\\\/www.anovapeneira.gal\\\/wp-content\\\/uploads\\\/2026\\\/01\\\/xavier_moreda.jpg\",\"keywords\":[\"Concello de Vigo\"],\"articleSection\":[\"Vigo\"],\"inLanguage\":\"gl-ES\",\"potentialAction\":[{\"@type\":\"CommentAction\",\"name\":\"Comment\",\"target\":[\"https:\\\/\\\/www.anovapeneira.gal\\\/index.php\\\/2026\\\/01\\\/07\\\/xavier-moreda-militante-da-memoria-historica\\\/#respond\"]}]},{\"@type\":\"WebPage\",\"@id\":\"https:\\\/\\\/www.anovapeneira.gal\\\/index.php\\\/2026\\\/01\\\/07\\\/xavier-moreda-militante-da-memoria-historica\\\/\",\"url\":\"https:\\\/\\\/www.anovapeneira.gal\\\/index.php\\\/2026\\\/01\\\/07\\\/xavier-moreda-militante-da-memoria-historica\\\/\",\"name\":\"Xavier Moreda, militante da memoria hist\u00f3rica -\",\"isPartOf\":{\"@id\":\"https:\\\/\\\/www.anovapeneira.gal\\\/#website\"},\"primaryImageOfPage\":{\"@id\":\"https:\\\/\\\/www.anovapeneira.gal\\\/index.php\\\/2026\\\/01\\\/07\\\/xavier-moreda-militante-da-memoria-historica\\\/#primaryimage\"},\"image\":{\"@id\":\"https:\\\/\\\/www.anovapeneira.gal\\\/index.php\\\/2026\\\/01\\\/07\\\/xavier-moreda-militante-da-memoria-historica\\\/#primaryimage\"},\"thumbnailUrl\":\"https:\\\/\\\/www.anovapeneira.gal\\\/wp-content\\\/uploads\\\/2026\\\/01\\\/xavier_moreda.jpg\",\"datePublished\":\"2026-01-07T09:00:23+00:00\",\"breadcrumb\":{\"@id\":\"https:\\\/\\\/www.anovapeneira.gal\\\/index.php\\\/2026\\\/01\\\/07\\\/xavier-moreda-militante-da-memoria-historica\\\/#breadcrumb\"},\"inLanguage\":\"gl-ES\",\"potentialAction\":[{\"@type\":\"ReadAction\",\"target\":[\"https:\\\/\\\/www.anovapeneira.gal\\\/index.php\\\/2026\\\/01\\\/07\\\/xavier-moreda-militante-da-memoria-historica\\\/\"]}]},{\"@type\":\"ImageObject\",\"inLanguage\":\"gl-ES\",\"@id\":\"https:\\\/\\\/www.anovapeneira.gal\\\/index.php\\\/2026\\\/01\\\/07\\\/xavier-moreda-militante-da-memoria-historica\\\/#primaryimage\",\"url\":\"https:\\\/\\\/www.anovapeneira.gal\\\/wp-content\\\/uploads\\\/2026\\\/01\\\/xavier_moreda.jpg\",\"contentUrl\":\"https:\\\/\\\/www.anovapeneira.gal\\\/wp-content\\\/uploads\\\/2026\\\/01\\\/xavier_moreda.jpg\",\"width\":2204,\"height\":1323},{\"@type\":\"BreadcrumbList\",\"@id\":\"https:\\\/\\\/www.anovapeneira.gal\\\/index.php\\\/2026\\\/01\\\/07\\\/xavier-moreda-militante-da-memoria-historica\\\/#breadcrumb\",\"itemListElement\":[{\"@type\":\"ListItem\",\"position\":1,\"name\":\"Portada\",\"item\":\"https:\\\/\\\/www.anovapeneira.gal\\\/\"},{\"@type\":\"ListItem\",\"position\":2,\"name\":\"Xavier Moreda, militante da memoria hist\u00f3rica\"}]},{\"@type\":\"WebSite\",\"@id\":\"https:\\\/\\\/www.anovapeneira.gal\\\/#website\",\"url\":\"https:\\\/\\\/www.anovapeneira.gal\\\/\",\"name\":\"\",\"description\":\"Xornal galego de informaci\u00f3n xeral Publicaci\u00f3n mensual de novas de Galicia e en especial dos Concellos da sur da provincia de Pontevedra.\",\"publisher\":{\"@id\":\"https:\\\/\\\/www.anovapeneira.gal\\\/#organization\"},\"potentialAction\":[{\"@type\":\"SearchAction\",\"target\":{\"@type\":\"EntryPoint\",\"urlTemplate\":\"https:\\\/\\\/www.anovapeneira.gal\\\/?s={search_term_string}\"},\"query-input\":{\"@type\":\"PropertyValueSpecification\",\"valueRequired\":true,\"valueName\":\"search_term_string\"}}],\"inLanguage\":\"gl-ES\"},{\"@type\":\"Organization\",\"@id\":\"https:\\\/\\\/www.anovapeneira.gal\\\/#organization\",\"name\":\"A Nova Peneira\",\"url\":\"https:\\\/\\\/www.anovapeneira.gal\\\/\",\"logo\":{\"@type\":\"ImageObject\",\"inLanguage\":\"gl-ES\",\"@id\":\"https:\\\/\\\/www.anovapeneira.gal\\\/#\\\/schema\\\/logo\\\/image\\\/\",\"url\":\"http:\\\/\\\/www.anovapeneira.gal\\\/wp-content\\\/uploads\\\/2019\\\/06\\\/logo_a_nova_peneira_portal_web.png\",\"contentUrl\":\"http:\\\/\\\/www.anovapeneira.gal\\\/wp-content\\\/uploads\\\/2019\\\/06\\\/logo_a_nova_peneira_portal_web.png\",\"width\":300,\"height\":100,\"caption\":\"A Nova Peneira\"},\"image\":{\"@id\":\"https:\\\/\\\/www.anovapeneira.gal\\\/#\\\/schema\\\/logo\\\/image\\\/\"},\"sameAs\":[\"https:\\\/\\\/www.facebook.com\\\/anovapeneira\",\"https:\\\/\\\/x.com\\\/APeneira\"]},{\"@type\":\"Person\",\"@id\":\"https:\\\/\\\/www.anovapeneira.gal\\\/#\\\/schema\\\/person\\\/b93e3f8932e3f8da96334607eb6ac6aa\",\"name\":\"Redacci\u00f3n A Nova Peneira\",\"image\":{\"@type\":\"ImageObject\",\"inLanguage\":\"gl-ES\",\"@id\":\"https:\\\/\\\/secure.gravatar.com\\\/avatar\\\/c052a2551a06e23fac63626232eaa90abd78dbcf1700fc46a2b2c89fd27b735f?s=96&d=mm&r=g\",\"url\":\"https:\\\/\\\/secure.gravatar.com\\\/avatar\\\/c052a2551a06e23fac63626232eaa90abd78dbcf1700fc46a2b2c89fd27b735f?s=96&d=mm&r=g\",\"contentUrl\":\"https:\\\/\\\/secure.gravatar.com\\\/avatar\\\/c052a2551a06e23fac63626232eaa90abd78dbcf1700fc46a2b2c89fd27b735f?s=96&d=mm&r=g\",\"caption\":\"Redacci\u00f3n A Nova Peneira\"},\"sameAs\":[\"http:\\\/\\\/www.anovapeneira.gal\\\/\"],\"url\":\"https:\\\/\\\/www.anovapeneira.gal\\\/index.php\\\/author\\\/redactor\\\/\"}]}<\/script>\n<!-- \/ Yoast SEO plugin. -->","yoast_head_json":{"title":"Xavier Moreda, militante da memoria hist\u00f3rica -","robots":{"index":"index","follow":"follow","max-snippet":"max-snippet:-1","max-image-preview":"max-image-preview:large","max-video-preview":"max-video-preview:-1"},"canonical":"https:\/\/www.anovapeneira.gal\/index.php\/2026\/01\/07\/xavier-moreda-militante-da-memoria-historica\/","og_locale":"gl_ES","og_type":"article","og_title":"Xavier Moreda, militante da memoria hist\u00f3rica -","og_description":"Xavier \u00e9 un veterano activista da memoria hist\u00f3rica amable e cordial co que sempre \u00e9 un pracer compartir unha conversa [...]","og_url":"https:\/\/www.anovapeneira.gal\/index.php\/2026\/01\/07\/xavier-moreda-militante-da-memoria-historica\/","article_publisher":"https:\/\/www.facebook.com\/anovapeneira","article_published_time":"2026-01-07T09:00:23+00:00","og_image":[{"width":2204,"height":1323,"url":"https:\/\/www.anovapeneira.gal\/wp-content\/uploads\/2026\/01\/xavier_moreda.jpg","type":"image\/jpeg"}],"author":"Redacci\u00f3n A Nova Peneira","twitter_card":"summary_large_image","twitter_creator":"@APeneira","twitter_site":"@APeneira","twitter_misc":{"Escrito por":"Redacci\u00f3n A Nova Peneira","Tempo de lectura":"3 minutos"},"schema":{"@context":"https:\/\/schema.org","@graph":[{"@type":"Article","@id":"https:\/\/www.anovapeneira.gal\/index.php\/2026\/01\/07\/xavier-moreda-militante-da-memoria-historica\/#article","isPartOf":{"@id":"https:\/\/www.anovapeneira.gal\/index.php\/2026\/01\/07\/xavier-moreda-militante-da-memoria-historica\/"},"author":{"name":"Redacci\u00f3n A Nova Peneira","@id":"https:\/\/www.anovapeneira.gal\/#\/schema\/person\/b93e3f8932e3f8da96334607eb6ac6aa"},"headline":"Xavier Moreda, militante da memoria hist\u00f3rica","datePublished":"2026-01-07T09:00:23+00:00","mainEntityOfPage":{"@id":"https:\/\/www.anovapeneira.gal\/index.php\/2026\/01\/07\/xavier-moreda-militante-da-memoria-historica\/"},"wordCount":1235,"commentCount":0,"publisher":{"@id":"https:\/\/www.anovapeneira.gal\/#organization"},"image":{"@id":"https:\/\/www.anovapeneira.gal\/index.php\/2026\/01\/07\/xavier-moreda-militante-da-memoria-historica\/#primaryimage"},"thumbnailUrl":"https:\/\/www.anovapeneira.gal\/wp-content\/uploads\/2026\/01\/xavier_moreda.jpg","keywords":["Concello de Vigo"],"articleSection":["Vigo"],"inLanguage":"gl-ES","potentialAction":[{"@type":"CommentAction","name":"Comment","target":["https:\/\/www.anovapeneira.gal\/index.php\/2026\/01\/07\/xavier-moreda-militante-da-memoria-historica\/#respond"]}]},{"@type":"WebPage","@id":"https:\/\/www.anovapeneira.gal\/index.php\/2026\/01\/07\/xavier-moreda-militante-da-memoria-historica\/","url":"https:\/\/www.anovapeneira.gal\/index.php\/2026\/01\/07\/xavier-moreda-militante-da-memoria-historica\/","name":"Xavier Moreda, militante da memoria hist\u00f3rica -","isPartOf":{"@id":"https:\/\/www.anovapeneira.gal\/#website"},"primaryImageOfPage":{"@id":"https:\/\/www.anovapeneira.gal\/index.php\/2026\/01\/07\/xavier-moreda-militante-da-memoria-historica\/#primaryimage"},"image":{"@id":"https:\/\/www.anovapeneira.gal\/index.php\/2026\/01\/07\/xavier-moreda-militante-da-memoria-historica\/#primaryimage"},"thumbnailUrl":"https:\/\/www.anovapeneira.gal\/wp-content\/uploads\/2026\/01\/xavier_moreda.jpg","datePublished":"2026-01-07T09:00:23+00:00","breadcrumb":{"@id":"https:\/\/www.anovapeneira.gal\/index.php\/2026\/01\/07\/xavier-moreda-militante-da-memoria-historica\/#breadcrumb"},"inLanguage":"gl-ES","potentialAction":[{"@type":"ReadAction","target":["https:\/\/www.anovapeneira.gal\/index.php\/2026\/01\/07\/xavier-moreda-militante-da-memoria-historica\/"]}]},{"@type":"ImageObject","inLanguage":"gl-ES","@id":"https:\/\/www.anovapeneira.gal\/index.php\/2026\/01\/07\/xavier-moreda-militante-da-memoria-historica\/#primaryimage","url":"https:\/\/www.anovapeneira.gal\/wp-content\/uploads\/2026\/01\/xavier_moreda.jpg","contentUrl":"https:\/\/www.anovapeneira.gal\/wp-content\/uploads\/2026\/01\/xavier_moreda.jpg","width":2204,"height":1323},{"@type":"BreadcrumbList","@id":"https:\/\/www.anovapeneira.gal\/index.php\/2026\/01\/07\/xavier-moreda-militante-da-memoria-historica\/#breadcrumb","itemListElement":[{"@type":"ListItem","position":1,"name":"Portada","item":"https:\/\/www.anovapeneira.gal\/"},{"@type":"ListItem","position":2,"name":"Xavier Moreda, militante da memoria hist\u00f3rica"}]},{"@type":"WebSite","@id":"https:\/\/www.anovapeneira.gal\/#website","url":"https:\/\/www.anovapeneira.gal\/","name":"","description":"Xornal galego de informaci\u00f3n xeral Publicaci\u00f3n mensual de novas de Galicia e en especial dos Concellos da sur da provincia de Pontevedra.","publisher":{"@id":"https:\/\/www.anovapeneira.gal\/#organization"},"potentialAction":[{"@type":"SearchAction","target":{"@type":"EntryPoint","urlTemplate":"https:\/\/www.anovapeneira.gal\/?s={search_term_string}"},"query-input":{"@type":"PropertyValueSpecification","valueRequired":true,"valueName":"search_term_string"}}],"inLanguage":"gl-ES"},{"@type":"Organization","@id":"https:\/\/www.anovapeneira.gal\/#organization","name":"A Nova Peneira","url":"https:\/\/www.anovapeneira.gal\/","logo":{"@type":"ImageObject","inLanguage":"gl-ES","@id":"https:\/\/www.anovapeneira.gal\/#\/schema\/logo\/image\/","url":"http:\/\/www.anovapeneira.gal\/wp-content\/uploads\/2019\/06\/logo_a_nova_peneira_portal_web.png","contentUrl":"http:\/\/www.anovapeneira.gal\/wp-content\/uploads\/2019\/06\/logo_a_nova_peneira_portal_web.png","width":300,"height":100,"caption":"A Nova Peneira"},"image":{"@id":"https:\/\/www.anovapeneira.gal\/#\/schema\/logo\/image\/"},"sameAs":["https:\/\/www.facebook.com\/anovapeneira","https:\/\/x.com\/APeneira"]},{"@type":"Person","@id":"https:\/\/www.anovapeneira.gal\/#\/schema\/person\/b93e3f8932e3f8da96334607eb6ac6aa","name":"Redacci\u00f3n A Nova Peneira","image":{"@type":"ImageObject","inLanguage":"gl-ES","@id":"https:\/\/secure.gravatar.com\/avatar\/c052a2551a06e23fac63626232eaa90abd78dbcf1700fc46a2b2c89fd27b735f?s=96&d=mm&r=g","url":"https:\/\/secure.gravatar.com\/avatar\/c052a2551a06e23fac63626232eaa90abd78dbcf1700fc46a2b2c89fd27b735f?s=96&d=mm&r=g","contentUrl":"https:\/\/secure.gravatar.com\/avatar\/c052a2551a06e23fac63626232eaa90abd78dbcf1700fc46a2b2c89fd27b735f?s=96&d=mm&r=g","caption":"Redacci\u00f3n A Nova Peneira"},"sameAs":["http:\/\/www.anovapeneira.gal\/"],"url":"https:\/\/www.anovapeneira.gal\/index.php\/author\/redactor\/"}]}},"jetpack_featured_media_url":"https:\/\/www.anovapeneira.gal\/wp-content\/uploads\/2026\/01\/xavier_moreda.jpg","_links":{"self":[{"href":"https:\/\/www.anovapeneira.gal\/index.php\/wp-json\/wp\/v2\/posts\/15180","targetHints":{"allow":["GET"]}}],"collection":[{"href":"https:\/\/www.anovapeneira.gal\/index.php\/wp-json\/wp\/v2\/posts"}],"about":[{"href":"https:\/\/www.anovapeneira.gal\/index.php\/wp-json\/wp\/v2\/types\/post"}],"author":[{"embeddable":true,"href":"https:\/\/www.anovapeneira.gal\/index.php\/wp-json\/wp\/v2\/users\/3"}],"replies":[{"embeddable":true,"href":"https:\/\/www.anovapeneira.gal\/index.php\/wp-json\/wp\/v2\/comments?post=15180"}],"version-history":[{"count":1,"href":"https:\/\/www.anovapeneira.gal\/index.php\/wp-json\/wp\/v2\/posts\/15180\/revisions"}],"predecessor-version":[{"id":15182,"href":"https:\/\/www.anovapeneira.gal\/index.php\/wp-json\/wp\/v2\/posts\/15180\/revisions\/15182"}],"wp:featuredmedia":[{"embeddable":true,"href":"https:\/\/www.anovapeneira.gal\/index.php\/wp-json\/wp\/v2\/media\/15181"}],"wp:attachment":[{"href":"https:\/\/www.anovapeneira.gal\/index.php\/wp-json\/wp\/v2\/media?parent=15180"}],"wp:term":[{"taxonomy":"category","embeddable":true,"href":"https:\/\/www.anovapeneira.gal\/index.php\/wp-json\/wp\/v2\/categories?post=15180"},{"taxonomy":"post_tag","embeddable":true,"href":"https:\/\/www.anovapeneira.gal\/index.php\/wp-json\/wp\/v2\/tags?post=15180"}],"curies":[{"name":"wp","href":"https:\/\/api.w.org\/{rel}","templated":true}]}}