{"id":15185,"date":"2026-01-08T10:00:04","date_gmt":"2026-01-08T09:00:04","guid":{"rendered":"https:\/\/www.anovapeneira.gal\/?p=15185"},"modified":"2026-01-08T11:39:26","modified_gmt":"2026-01-08T10:39:26","slug":"a-froita-e-o-can","status":"publish","type":"post","link":"https:\/\/www.anovapeneira.gal\/index.php\/2026\/01\/08\/a-froita-e-o-can\/","title":{"rendered":"A froita e o can"},"content":{"rendered":"\n<figure class=\"wp-block-image size-full is-resized\"><img loading=\"lazy\" decoding=\"async\" width=\"190\" height=\"222\" src=\"https:\/\/www.anovapeneira.gal\/wp-content\/uploads\/2019\/05\/tino_lago_director_a_nova_peneira.jpg\" alt=\"Tino Lago director a Nova Peneira\" class=\"wp-image-189\" style=\"width:116px;height:auto\"\/><figcaption class=\"wp-element-caption\">Tino Lago director a Nova Peneira<\/figcaption><\/figure>\n\n\n\n<p><strong>A modo de celebraci\u00f3n das festas de Nadal do ano 2024 o PPdeG distribu\u00edu un v\u00eddeo publicitario no que unha das s\u00faas secuencias consist\u00eda en que un autob\u00fas que conduc\u00eda o propio Alfonso Rueda era saudado fervorosamente na r\u00faa por unhas persoas que estaban nun posto de venda ambulante de froita decorado co seguinte cartel \u201c Me gusta la fruta\u201d.Lembremos que a devandita parvada, carente da m\u00e1is m\u00ednima graza, alude ao momento en que a presidenta da Comunidade Aut\u00f3noma de Madrid insultou gravemente ao presidente do goberno do estado Pedro S\u00e1nchez cham\u00e1ndoo \u201c Hijo de puta\u201dno parlamento espa\u00f1ol.<\/strong><\/p>\n\n\n\n<p><strong>Aos creativos do partido popular de Galicia non lles debeu de parecer suficiente facer unha evidente apolox\u00eda do insulto nas festas do pasado ano, e nesta ocasi\u00f3n volveron editar un v\u00eddeo rid\u00edculo, para supostamente celebrar o Nadal,que conti\u00f1a varias secuencias lamentables e puer\u00eds ao nivel intelectual que poder\u00eda ter un adolescente caprichoso tratando de obter un n\u00famero elevado de g\u00fastames, nas redes sociais, con v\u00eddeos agresivos e ofensivos cara a calquera outro adolescente obxecto da s\u00faa estulticia.<\/strong><\/p>\n\n\n\n<p><strong>A pel\u00edcula en cuesti\u00f3n trataba de representar unha cea coci\u00f1ada polo propio presidente do pa\u00eds desti\u00f1ada \u00e1 totalidade do pobo galego.Por\u00e9n os \u00fanicos comensais eran destacados membros do PPdeG nunha met\u00e1fora preciosa do que \u00e9 a xesti\u00f3n p\u00fablica para a dereita: &#8220;Todo o pa\u00eds somos n\u00f3s, e aqu\u00ed os \u00fanicos que comemos somos n\u00f3s&#8221;.Nas conversas am\u00f3sase a importancia que ten o idioma galego para o PP en xeral e para o presidente de Galicia en particular, pois o m\u00e1is grave non \u00e9 que alg\u00fan dos comensais fale en espa\u00f1ol, esceas buscadas que claramente pretenden presentar unha situaci\u00f3n de convivencia normal entre as d\u00faas lingua que se falan no noso pa\u00eds, algo que \u00e9 irreal e acient\u00edfico.En Galicia vivimos unha situaci\u00f3n ling\u00fc\u00edstica de diglosia de manual: A lingua propia do pa\u00eds est\u00e1 a piques de morrer fagocitada por unha lingua m\u00e1is poderosa. E falsear a realidade cient\u00edfica present\u00e1ndoa como unha situaci\u00f3n de convivencia normal entre d\u00faas liguas, que son faladas por cada persoa en liberdade no momento que desexe, \u00e9 mentir e \u00e9 contibu\u00edr de maneira absolutamente irresponsable \u00e1 morte do noso idioma por parte de quen deber\u00eda ter a m\u00e1xima responsabilidade de protexelo. Por\u00e9n o m\u00e1is grave no que a lingua se refire \u00e9, ao meu xu\u00edzo, que nas partes das conversas en idioma galego \u00e1s veces utilizaron l\u00e9xico castel\u00e1n para referirse a significados que te\u00f1en voces propias no noso idioma.As\u00ed por exemplo ao peixe sapo ch\u00e1mano &#8221; rape&#8221;.Pero que falta de respecto \u00e9 esta ao idioma galego por parte da m\u00e1is alta autoridade de Galicia?. \u00c9 que o noso idioma imp\u00f3rtalles un nabo de tal maneira que nin se lles ocorreu o m\u00e1is b\u00e1sico: que un ling\u00fc\u00edsta revisara o v\u00eddeo antes de editalo?.O certo \u00e9 que considerando que o noso presidente ten asistido a algunha manifestaci\u00f3n dos extremistas de &#8221; Galicia biling\u00fce&#8221;, agora &#8221; Hablemos espa\u00f1ol&#8221; antes de ocupar o cargo que agora ocupa resultaba moi complicado ter algunha expectativa razoable sobre a s\u00faa implicaci\u00f3n na protecci\u00f3n da \u00fanica lingua propia de Galicia.<\/strong><\/p>\n\n\n\n<p><strong>O nacionalismo tam\u00e9n ten o seu oco no simp\u00e1tico v\u00eddeo dos populares galegos. As\u00ed: unha muller representa \u00e1 figura de Ana Pont\u00f3n como se fose unha desequilibrada mental que dixera que non a todo por sistema, porque si, non a todo sen raz\u00f3n algunha para dicir que non. Esta forma de facer pol\u00edtica: presentar o que son as lex\u00edtimas diferenzas de modelos sociais que defende o adversario como se fosen unha especie de patolox\u00eda, que lle leva a dicir que non a todo por sistema, \u00e9 outra forma de enganar e manipular \u00e1 sociedade. Non, nin os pol\u00edticos do PP nin os do BNG est\u00e1n tolos, o que acontece \u00e9 que ambas forzas pol\u00edticas defenden formas diferentes de organizase socialmente e por conseguinte \u00e9 normal que ambos rexeiten o que propo\u00f1en os outros.<\/strong><\/p>\n\n\n\n<p><strong>Pero o m\u00e1is grave dese disparatado v\u00eddeo chega coa escena na que algu\u00e9n trata de entrar \u00e1 cea cun \u201cperro\u201d.Ollo, non cun can, sen\u00f3n cun \u201cperro\u201d. E o presidente Rueda esboza unha evidente caranto\u00f1a de desgusto ante quen claramente trataba de representar a \u201c Perro S\u00e1nchez\u201d.De novo os creativos do PPdeG consideran que insultar a un adversario pol\u00edtico, neste caso chegan a animalizalo, \u00e9 unha forma divertida de felicitar as festas ao conxunto do pobo galego.<\/strong><\/p>\n\n\n\n<p><strong>A fin de ano, como \u00e9 habitual, o noso presidente tirou outra mensaxe de felicitaci\u00f3n. Para outra ocasi\u00f3n queda a analizar o intento de apropiaci\u00f3n indebida da figura de Castelao, pero desta volta quixera rematar este artigo co seu \u201c Todos facemos falta e non sobra ningu\u00e9n\u201d.Claro todos facemos falta ag\u00e1s os do BNG que son uns desequilibrados mentais e din que non a todo por sistema, e todos ag\u00e1s os do PSOE cuxo SX \u00e9 un \u201c Perro ao que lle gusta a froita\u201d.<\/strong><\/p>\n","protected":false},"excerpt":{"rendered":"<div class=\"mh-excerpt\"><p>A modo de celebraci\u00f3n das festas de Nadal do ano 2024 o PPdeG distribu\u00edu un v\u00eddeo publicitario no que unha das s\u00faas secuencias consist\u00eda en que un autob\u00fas que conduc\u00eda o propio Alfonso Rueda  <a class=\"mh-excerpt-more\" href=\"https:\/\/www.anovapeneira.gal\/index.php\/2026\/01\/08\/a-froita-e-o-can\/\" title=\"A froita e o can\">[&#8230;]<\/a><\/p>\n<\/div>","protected":false},"author":2,"featured_media":15186,"comment_status":"open","ping_status":"open","sticky":false,"template":"","format":"standard","meta":{"_exactmetrics_skip_tracking":false,"_exactmetrics_sitenote_active":false,"_exactmetrics_sitenote_note":"","_exactmetrics_sitenote_category":0,"footnotes":""},"categories":[61],"tags":[],"class_list":{"0":"post-15185","1":"post","2":"type-post","3":"status-publish","4":"format-standard","5":"has-post-thumbnail","7":"category-artigo-editorial"},"yoast_head":"<!-- This site is optimized with the Yoast SEO plugin v27.4 - https:\/\/yoast.com\/product\/yoast-seo-wordpress\/ -->\n<title>A froita e o can -<\/title>\n<meta name=\"robots\" content=\"index, follow, max-snippet:-1, max-image-preview:large, max-video-preview:-1\" \/>\n<link rel=\"canonical\" href=\"https:\/\/www.anovapeneira.gal\/index.php\/2026\/01\/08\/a-froita-e-o-can\/\" \/>\n<meta property=\"og:locale\" content=\"gl_ES\" \/>\n<meta property=\"og:type\" content=\"article\" \/>\n<meta property=\"og:title\" content=\"A froita e o can -\" \/>\n<meta property=\"og:description\" content=\"A modo de celebraci\u00f3n das festas de Nadal do ano 2024 o PPdeG distribu\u00edu un v\u00eddeo publicitario no que unha das s\u00faas secuencias consist\u00eda en que un autob\u00fas que conduc\u00eda o propio Alfonso Rueda [...]\" \/>\n<meta property=\"og:url\" content=\"https:\/\/www.anovapeneira.gal\/index.php\/2026\/01\/08\/a-froita-e-o-can\/\" \/>\n<meta property=\"article:publisher\" content=\"https:\/\/www.facebook.com\/anovapeneira\" \/>\n<meta property=\"article:published_time\" content=\"2026-01-08T09:00:04+00:00\" \/>\n<meta property=\"article:modified_time\" content=\"2026-01-08T10:39:26+00:00\" \/>\n<meta property=\"og:image\" content=\"https:\/\/www.anovapeneira.gal\/wp-content\/uploads\/2026\/01\/perro_froita.jpg\" \/>\n\t<meta property=\"og:image:width\" content=\"720\" \/>\n\t<meta property=\"og:image:height\" content=\"432\" \/>\n\t<meta property=\"og:image:type\" content=\"image\/jpeg\" \/>\n<meta name=\"author\" content=\"Tino Lago\" \/>\n<meta name=\"twitter:card\" content=\"summary_large_image\" \/>\n<meta name=\"twitter:creator\" content=\"@APeneira\" \/>\n<meta name=\"twitter:site\" content=\"@APeneira\" \/>\n<meta name=\"twitter:label1\" content=\"Escrito por\" \/>\n\t<meta name=\"twitter:data1\" content=\"Tino Lago\" \/>\n\t<meta name=\"twitter:label2\" content=\"Tempo de lectura\" \/>\n\t<meta name=\"twitter:data2\" content=\"5 minutos\" \/>\n<script type=\"application\/ld+json\" class=\"yoast-schema-graph\">{\"@context\":\"https:\\\/\\\/schema.org\",\"@graph\":[{\"@type\":\"Article\",\"@id\":\"https:\\\/\\\/www.anovapeneira.gal\\\/index.php\\\/2026\\\/01\\\/08\\\/a-froita-e-o-can\\\/#article\",\"isPartOf\":{\"@id\":\"https:\\\/\\\/www.anovapeneira.gal\\\/index.php\\\/2026\\\/01\\\/08\\\/a-froita-e-o-can\\\/\"},\"author\":{\"name\":\"Tino Lago\",\"@id\":\"https:\\\/\\\/www.anovapeneira.gal\\\/#\\\/schema\\\/person\\\/424dfe65e3070fd8a44d22d2c088762a\"},\"headline\":\"A froita e o can\",\"datePublished\":\"2026-01-08T09:00:04+00:00\",\"dateModified\":\"2026-01-08T10:39:26+00:00\",\"mainEntityOfPage\":{\"@id\":\"https:\\\/\\\/www.anovapeneira.gal\\\/index.php\\\/2026\\\/01\\\/08\\\/a-froita-e-o-can\\\/\"},\"wordCount\":897,\"commentCount\":0,\"publisher\":{\"@id\":\"https:\\\/\\\/www.anovapeneira.gal\\\/#organization\"},\"image\":{\"@id\":\"https:\\\/\\\/www.anovapeneira.gal\\\/index.php\\\/2026\\\/01\\\/08\\\/a-froita-e-o-can\\\/#primaryimage\"},\"thumbnailUrl\":\"https:\\\/\\\/www.anovapeneira.gal\\\/wp-content\\\/uploads\\\/2026\\\/01\\\/perro_froita.jpg\",\"articleSection\":[\"Artigo editorial\"],\"inLanguage\":\"gl-ES\",\"potentialAction\":[{\"@type\":\"CommentAction\",\"name\":\"Comment\",\"target\":[\"https:\\\/\\\/www.anovapeneira.gal\\\/index.php\\\/2026\\\/01\\\/08\\\/a-froita-e-o-can\\\/#respond\"]}]},{\"@type\":\"WebPage\",\"@id\":\"https:\\\/\\\/www.anovapeneira.gal\\\/index.php\\\/2026\\\/01\\\/08\\\/a-froita-e-o-can\\\/\",\"url\":\"https:\\\/\\\/www.anovapeneira.gal\\\/index.php\\\/2026\\\/01\\\/08\\\/a-froita-e-o-can\\\/\",\"name\":\"A froita e o can -\",\"isPartOf\":{\"@id\":\"https:\\\/\\\/www.anovapeneira.gal\\\/#website\"},\"primaryImageOfPage\":{\"@id\":\"https:\\\/\\\/www.anovapeneira.gal\\\/index.php\\\/2026\\\/01\\\/08\\\/a-froita-e-o-can\\\/#primaryimage\"},\"image\":{\"@id\":\"https:\\\/\\\/www.anovapeneira.gal\\\/index.php\\\/2026\\\/01\\\/08\\\/a-froita-e-o-can\\\/#primaryimage\"},\"thumbnailUrl\":\"https:\\\/\\\/www.anovapeneira.gal\\\/wp-content\\\/uploads\\\/2026\\\/01\\\/perro_froita.jpg\",\"datePublished\":\"2026-01-08T09:00:04+00:00\",\"dateModified\":\"2026-01-08T10:39:26+00:00\",\"breadcrumb\":{\"@id\":\"https:\\\/\\\/www.anovapeneira.gal\\\/index.php\\\/2026\\\/01\\\/08\\\/a-froita-e-o-can\\\/#breadcrumb\"},\"inLanguage\":\"gl-ES\",\"potentialAction\":[{\"@type\":\"ReadAction\",\"target\":[\"https:\\\/\\\/www.anovapeneira.gal\\\/index.php\\\/2026\\\/01\\\/08\\\/a-froita-e-o-can\\\/\"]}]},{\"@type\":\"ImageObject\",\"inLanguage\":\"gl-ES\",\"@id\":\"https:\\\/\\\/www.anovapeneira.gal\\\/index.php\\\/2026\\\/01\\\/08\\\/a-froita-e-o-can\\\/#primaryimage\",\"url\":\"https:\\\/\\\/www.anovapeneira.gal\\\/wp-content\\\/uploads\\\/2026\\\/01\\\/perro_froita.jpg\",\"contentUrl\":\"https:\\\/\\\/www.anovapeneira.gal\\\/wp-content\\\/uploads\\\/2026\\\/01\\\/perro_froita.jpg\",\"width\":720,\"height\":432},{\"@type\":\"BreadcrumbList\",\"@id\":\"https:\\\/\\\/www.anovapeneira.gal\\\/index.php\\\/2026\\\/01\\\/08\\\/a-froita-e-o-can\\\/#breadcrumb\",\"itemListElement\":[{\"@type\":\"ListItem\",\"position\":1,\"name\":\"Portada\",\"item\":\"https:\\\/\\\/www.anovapeneira.gal\\\/\"},{\"@type\":\"ListItem\",\"position\":2,\"name\":\"A froita e o can\"}]},{\"@type\":\"WebSite\",\"@id\":\"https:\\\/\\\/www.anovapeneira.gal\\\/#website\",\"url\":\"https:\\\/\\\/www.anovapeneira.gal\\\/\",\"name\":\"\",\"description\":\"Xornal galego de informaci\u00f3n xeral Publicaci\u00f3n mensual de novas de Galicia e en especial dos Concellos da sur da provincia de Pontevedra.\",\"publisher\":{\"@id\":\"https:\\\/\\\/www.anovapeneira.gal\\\/#organization\"},\"potentialAction\":[{\"@type\":\"SearchAction\",\"target\":{\"@type\":\"EntryPoint\",\"urlTemplate\":\"https:\\\/\\\/www.anovapeneira.gal\\\/?s={search_term_string}\"},\"query-input\":{\"@type\":\"PropertyValueSpecification\",\"valueRequired\":true,\"valueName\":\"search_term_string\"}}],\"inLanguage\":\"gl-ES\"},{\"@type\":\"Organization\",\"@id\":\"https:\\\/\\\/www.anovapeneira.gal\\\/#organization\",\"name\":\"A Nova Peneira\",\"url\":\"https:\\\/\\\/www.anovapeneira.gal\\\/\",\"logo\":{\"@type\":\"ImageObject\",\"inLanguage\":\"gl-ES\",\"@id\":\"https:\\\/\\\/www.anovapeneira.gal\\\/#\\\/schema\\\/logo\\\/image\\\/\",\"url\":\"http:\\\/\\\/www.anovapeneira.gal\\\/wp-content\\\/uploads\\\/2019\\\/06\\\/logo_a_nova_peneira_portal_web.png\",\"contentUrl\":\"http:\\\/\\\/www.anovapeneira.gal\\\/wp-content\\\/uploads\\\/2019\\\/06\\\/logo_a_nova_peneira_portal_web.png\",\"width\":300,\"height\":100,\"caption\":\"A Nova Peneira\"},\"image\":{\"@id\":\"https:\\\/\\\/www.anovapeneira.gal\\\/#\\\/schema\\\/logo\\\/image\\\/\"},\"sameAs\":[\"https:\\\/\\\/www.facebook.com\\\/anovapeneira\",\"https:\\\/\\\/x.com\\\/APeneira\"]},{\"@type\":\"Person\",\"@id\":\"https:\\\/\\\/www.anovapeneira.gal\\\/#\\\/schema\\\/person\\\/424dfe65e3070fd8a44d22d2c088762a\",\"name\":\"Tino Lago\",\"image\":{\"@type\":\"ImageObject\",\"inLanguage\":\"gl-ES\",\"@id\":\"https:\\\/\\\/secure.gravatar.com\\\/avatar\\\/b3df6a06e44bab3111583b90f0f33a0379ee5e3d22cbadd232d39f21c30c62be?s=96&d=mm&r=g\",\"url\":\"https:\\\/\\\/secure.gravatar.com\\\/avatar\\\/b3df6a06e44bab3111583b90f0f33a0379ee5e3d22cbadd232d39f21c30c62be?s=96&d=mm&r=g\",\"contentUrl\":\"https:\\\/\\\/secure.gravatar.com\\\/avatar\\\/b3df6a06e44bab3111583b90f0f33a0379ee5e3d22cbadd232d39f21c30c62be?s=96&d=mm&r=g\",\"caption\":\"Tino Lago\"},\"sameAs\":[\"http:\\\/\\\/www.anovapeneira.gal\"],\"url\":\"https:\\\/\\\/www.anovapeneira.gal\\\/index.php\\\/author\\\/director\\\/\"}]}<\/script>\n<!-- \/ Yoast SEO plugin. -->","yoast_head_json":{"title":"A froita e o can -","robots":{"index":"index","follow":"follow","max-snippet":"max-snippet:-1","max-image-preview":"max-image-preview:large","max-video-preview":"max-video-preview:-1"},"canonical":"https:\/\/www.anovapeneira.gal\/index.php\/2026\/01\/08\/a-froita-e-o-can\/","og_locale":"gl_ES","og_type":"article","og_title":"A froita e o can -","og_description":"A modo de celebraci\u00f3n das festas de Nadal do ano 2024 o PPdeG distribu\u00edu un v\u00eddeo publicitario no que unha das s\u00faas secuencias consist\u00eda en que un autob\u00fas que conduc\u00eda o propio Alfonso Rueda [...]","og_url":"https:\/\/www.anovapeneira.gal\/index.php\/2026\/01\/08\/a-froita-e-o-can\/","article_publisher":"https:\/\/www.facebook.com\/anovapeneira","article_published_time":"2026-01-08T09:00:04+00:00","article_modified_time":"2026-01-08T10:39:26+00:00","og_image":[{"width":720,"height":432,"url":"https:\/\/www.anovapeneira.gal\/wp-content\/uploads\/2026\/01\/perro_froita.jpg","type":"image\/jpeg"}],"author":"Tino Lago","twitter_card":"summary_large_image","twitter_creator":"@APeneira","twitter_site":"@APeneira","twitter_misc":{"Escrito por":"Tino Lago","Tempo de lectura":"5 minutos"},"schema":{"@context":"https:\/\/schema.org","@graph":[{"@type":"Article","@id":"https:\/\/www.anovapeneira.gal\/index.php\/2026\/01\/08\/a-froita-e-o-can\/#article","isPartOf":{"@id":"https:\/\/www.anovapeneira.gal\/index.php\/2026\/01\/08\/a-froita-e-o-can\/"},"author":{"name":"Tino Lago","@id":"https:\/\/www.anovapeneira.gal\/#\/schema\/person\/424dfe65e3070fd8a44d22d2c088762a"},"headline":"A froita e o can","datePublished":"2026-01-08T09:00:04+00:00","dateModified":"2026-01-08T10:39:26+00:00","mainEntityOfPage":{"@id":"https:\/\/www.anovapeneira.gal\/index.php\/2026\/01\/08\/a-froita-e-o-can\/"},"wordCount":897,"commentCount":0,"publisher":{"@id":"https:\/\/www.anovapeneira.gal\/#organization"},"image":{"@id":"https:\/\/www.anovapeneira.gal\/index.php\/2026\/01\/08\/a-froita-e-o-can\/#primaryimage"},"thumbnailUrl":"https:\/\/www.anovapeneira.gal\/wp-content\/uploads\/2026\/01\/perro_froita.jpg","articleSection":["Artigo editorial"],"inLanguage":"gl-ES","potentialAction":[{"@type":"CommentAction","name":"Comment","target":["https:\/\/www.anovapeneira.gal\/index.php\/2026\/01\/08\/a-froita-e-o-can\/#respond"]}]},{"@type":"WebPage","@id":"https:\/\/www.anovapeneira.gal\/index.php\/2026\/01\/08\/a-froita-e-o-can\/","url":"https:\/\/www.anovapeneira.gal\/index.php\/2026\/01\/08\/a-froita-e-o-can\/","name":"A froita e o can -","isPartOf":{"@id":"https:\/\/www.anovapeneira.gal\/#website"},"primaryImageOfPage":{"@id":"https:\/\/www.anovapeneira.gal\/index.php\/2026\/01\/08\/a-froita-e-o-can\/#primaryimage"},"image":{"@id":"https:\/\/www.anovapeneira.gal\/index.php\/2026\/01\/08\/a-froita-e-o-can\/#primaryimage"},"thumbnailUrl":"https:\/\/www.anovapeneira.gal\/wp-content\/uploads\/2026\/01\/perro_froita.jpg","datePublished":"2026-01-08T09:00:04+00:00","dateModified":"2026-01-08T10:39:26+00:00","breadcrumb":{"@id":"https:\/\/www.anovapeneira.gal\/index.php\/2026\/01\/08\/a-froita-e-o-can\/#breadcrumb"},"inLanguage":"gl-ES","potentialAction":[{"@type":"ReadAction","target":["https:\/\/www.anovapeneira.gal\/index.php\/2026\/01\/08\/a-froita-e-o-can\/"]}]},{"@type":"ImageObject","inLanguage":"gl-ES","@id":"https:\/\/www.anovapeneira.gal\/index.php\/2026\/01\/08\/a-froita-e-o-can\/#primaryimage","url":"https:\/\/www.anovapeneira.gal\/wp-content\/uploads\/2026\/01\/perro_froita.jpg","contentUrl":"https:\/\/www.anovapeneira.gal\/wp-content\/uploads\/2026\/01\/perro_froita.jpg","width":720,"height":432},{"@type":"BreadcrumbList","@id":"https:\/\/www.anovapeneira.gal\/index.php\/2026\/01\/08\/a-froita-e-o-can\/#breadcrumb","itemListElement":[{"@type":"ListItem","position":1,"name":"Portada","item":"https:\/\/www.anovapeneira.gal\/"},{"@type":"ListItem","position":2,"name":"A froita e o can"}]},{"@type":"WebSite","@id":"https:\/\/www.anovapeneira.gal\/#website","url":"https:\/\/www.anovapeneira.gal\/","name":"","description":"Xornal galego de informaci\u00f3n xeral Publicaci\u00f3n mensual de novas de Galicia e en especial dos Concellos da sur da provincia de Pontevedra.","publisher":{"@id":"https:\/\/www.anovapeneira.gal\/#organization"},"potentialAction":[{"@type":"SearchAction","target":{"@type":"EntryPoint","urlTemplate":"https:\/\/www.anovapeneira.gal\/?s={search_term_string}"},"query-input":{"@type":"PropertyValueSpecification","valueRequired":true,"valueName":"search_term_string"}}],"inLanguage":"gl-ES"},{"@type":"Organization","@id":"https:\/\/www.anovapeneira.gal\/#organization","name":"A Nova Peneira","url":"https:\/\/www.anovapeneira.gal\/","logo":{"@type":"ImageObject","inLanguage":"gl-ES","@id":"https:\/\/www.anovapeneira.gal\/#\/schema\/logo\/image\/","url":"http:\/\/www.anovapeneira.gal\/wp-content\/uploads\/2019\/06\/logo_a_nova_peneira_portal_web.png","contentUrl":"http:\/\/www.anovapeneira.gal\/wp-content\/uploads\/2019\/06\/logo_a_nova_peneira_portal_web.png","width":300,"height":100,"caption":"A Nova Peneira"},"image":{"@id":"https:\/\/www.anovapeneira.gal\/#\/schema\/logo\/image\/"},"sameAs":["https:\/\/www.facebook.com\/anovapeneira","https:\/\/x.com\/APeneira"]},{"@type":"Person","@id":"https:\/\/www.anovapeneira.gal\/#\/schema\/person\/424dfe65e3070fd8a44d22d2c088762a","name":"Tino Lago","image":{"@type":"ImageObject","inLanguage":"gl-ES","@id":"https:\/\/secure.gravatar.com\/avatar\/b3df6a06e44bab3111583b90f0f33a0379ee5e3d22cbadd232d39f21c30c62be?s=96&d=mm&r=g","url":"https:\/\/secure.gravatar.com\/avatar\/b3df6a06e44bab3111583b90f0f33a0379ee5e3d22cbadd232d39f21c30c62be?s=96&d=mm&r=g","contentUrl":"https:\/\/secure.gravatar.com\/avatar\/b3df6a06e44bab3111583b90f0f33a0379ee5e3d22cbadd232d39f21c30c62be?s=96&d=mm&r=g","caption":"Tino Lago"},"sameAs":["http:\/\/www.anovapeneira.gal"],"url":"https:\/\/www.anovapeneira.gal\/index.php\/author\/director\/"}]}},"jetpack_featured_media_url":"https:\/\/www.anovapeneira.gal\/wp-content\/uploads\/2026\/01\/perro_froita.jpg","_links":{"self":[{"href":"https:\/\/www.anovapeneira.gal\/index.php\/wp-json\/wp\/v2\/posts\/15185","targetHints":{"allow":["GET"]}}],"collection":[{"href":"https:\/\/www.anovapeneira.gal\/index.php\/wp-json\/wp\/v2\/posts"}],"about":[{"href":"https:\/\/www.anovapeneira.gal\/index.php\/wp-json\/wp\/v2\/types\/post"}],"author":[{"embeddable":true,"href":"https:\/\/www.anovapeneira.gal\/index.php\/wp-json\/wp\/v2\/users\/2"}],"replies":[{"embeddable":true,"href":"https:\/\/www.anovapeneira.gal\/index.php\/wp-json\/wp\/v2\/comments?post=15185"}],"version-history":[{"count":1,"href":"https:\/\/www.anovapeneira.gal\/index.php\/wp-json\/wp\/v2\/posts\/15185\/revisions"}],"predecessor-version":[{"id":15187,"href":"https:\/\/www.anovapeneira.gal\/index.php\/wp-json\/wp\/v2\/posts\/15185\/revisions\/15187"}],"wp:featuredmedia":[{"embeddable":true,"href":"https:\/\/www.anovapeneira.gal\/index.php\/wp-json\/wp\/v2\/media\/15186"}],"wp:attachment":[{"href":"https:\/\/www.anovapeneira.gal\/index.php\/wp-json\/wp\/v2\/media?parent=15185"}],"wp:term":[{"taxonomy":"category","embeddable":true,"href":"https:\/\/www.anovapeneira.gal\/index.php\/wp-json\/wp\/v2\/categories?post=15185"},{"taxonomy":"post_tag","embeddable":true,"href":"https:\/\/www.anovapeneira.gal\/index.php\/wp-json\/wp\/v2\/tags?post=15185"}],"curies":[{"name":"wp","href":"https:\/\/api.w.org\/{rel}","templated":true}]}}