{"id":15188,"date":"2026-01-08T12:00:20","date_gmt":"2026-01-08T11:00:20","guid":{"rendered":"https:\/\/www.anovapeneira.gal\/?p=15188"},"modified":"2026-01-05T19:33:56","modified_gmt":"2026-01-05T18:33:56","slug":"sol-seoane-voceira-do-bng-de-ponte-caldelas","status":"publish","type":"post","link":"https:\/\/www.anovapeneira.gal\/index.php\/2026\/01\/08\/sol-seoane-voceira-do-bng-de-ponte-caldelas\/","title":{"rendered":"Sol Seoane, voceira do BNG de Ponte Caldelas"},"content":{"rendered":"\n<p><strong>Iniciamos o ano nas terras de Pontevedra falando con Sol Seoane, voceira municipal do BNG no concello de Ponte Caldelas. Sol defende o car\u00e1cter colectivo do proxecto pol\u00edtico nacionalista con independencia de quen sexan as persoas que transmitan a s\u00faa voz en cada momento, e manif\u00e9stase esperanzada en que o seu traballo de oposici\u00f3n neste mandato chegue \u00e1 sociedade local de maneira que lles permita experimentar unha importante suba de apoio popular nas vindeiras elecci\u00f3ns municipais. Ao mesmo tempo critica que o goberno do socialista Andr\u00e9s D\u00edaz \u00e9 un goberno populista que non aborda os grandes problemas de Ponte Caldelas. Vela\u00ed vai o que deu de si a nosa conversa.<\/strong><\/p>\n\n\n\n<h2 class=\"wp-block-heading\">\u201c <strong>A pol\u00edtica do goberno municipal lim\u00edtase ao populismo e \u00e1s papatorias\u201d<\/strong><\/h2>\n\n\n\n<p><strong>Xa levamos un mandato moi avanzado. Como o valora o BNG ?<\/strong><\/p>\n\n\n\n<blockquote class=\"wp-block-quote is-layout-flow wp-block-quote-is-layout-flow\">\n<p>No que atinxe ao traballo de oposici\u00f3n no PP hai un mutismo e un desleixo absoluto, ata o punto de que nos plenos non fan ning\u00fan tipo de preguntas.<\/p>\n<\/blockquote>\n\n\n\n<p><strong>A que achacas esta actitude do PP?<\/strong><\/p>\n\n\n\n<blockquote class=\"wp-block-quote is-layout-flow wp-block-quote-is-layout-flow\">\n<p>Creo que caeron no des\u00e1nimo por unha banda, e por outra parte penso que tam\u00e9n obedece a que o seu portavoz Ant\u00f3n Xil est\u00e1 moito m\u00e1is centrado no seu traballo na biblioteca da Lama ca no labor pol\u00edtico.<\/p>\n<\/blockquote>\n\n\n\n<p><strong>E no que respecta \u00e1 acci\u00f3n de goberno?<\/strong><\/p>\n\n\n\n<blockquote class=\"wp-block-quote is-layout-flow wp-block-quote-is-layout-flow\">\n<p>A s\u00faa pol\u00edtica bas\u00e9ase no populismo. C\u00e9ntranse nos eventos e nas papatorias pero esqu\u00e9cense dos grandes problemas estruturais de Ponte Caldelas que est\u00e1n moi mal atendidos.<\/p>\n<\/blockquote>\n\n\n\n<p><strong>Cales son eses problemas estruturais?<\/strong><\/p>\n\n\n\n<blockquote class=\"wp-block-quote is-layout-flow wp-block-quote-is-layout-flow\">\n<p>-A rede de saneamento.<\/p>\n<\/blockquote>\n\n\n\n<blockquote class=\"wp-block-quote is-layout-flow wp-block-quote-is-layout-flow\">\n<p>-A falta de vivenda , un problema de enorme gravidade no noso concello. O alcalde publicou nas s\u00faas redes sociais que a Xunta \u00eda facer vivenda p\u00fablica no noso concello, pero non sabemos nada ao respecto.<\/p>\n<\/blockquote>\n\n\n\n<blockquote class=\"wp-block-quote is-layout-flow wp-block-quote-is-layout-flow\">\n<p>-Fai falta unha residencia de maiores e non temos noticia algunha de como est\u00e1 ese tema.<\/p>\n<\/blockquote>\n\n\n\n<blockquote class=\"wp-block-quote is-layout-flow wp-block-quote-is-layout-flow\">\n<p>-Os asuntos sociais en li\u00f1as xerais reciben un tratamento moi deficiente.<\/p>\n<\/blockquote>\n\n\n\n<p><strong>Como est\u00e1 ao voso xu\u00edzo o conflito da auga con Pontevedra?<\/strong><\/p>\n\n\n\n<blockquote class=\"wp-block-quote is-layout-flow wp-block-quote-is-layout-flow\">\n<p>O noso concello ten unha d\u00e9beda dun importe moi elevado co Concello de Pontevedra derivada do abastecemento de auga ao pol\u00edgono da Reigosa .<\/p>\n<\/blockquote>\n\n\n\n<p><strong>Esa d\u00e9beda \u00e9 do actual equipo de goberno? ou ven dos anteriores gobernos do PP?<\/strong><\/p>\n\n\n\n<blockquote class=\"wp-block-quote is-layout-flow wp-block-quote-is-layout-flow\">\n<p>\u00c9 deste goberno. O alcalde Andr\u00e9s D\u00edaz non lle paga ao concello de Pontevedra pero si que lle cobra a taxa da auga \u00e1s empresas da Reigosa.<\/p>\n<\/blockquote>\n\n\n\n<p><strong>Por que se nega a pagar o alcalde?<\/strong><\/p>\n\n\n\n<blockquote class=\"wp-block-quote is-layout-flow wp-block-quote-is-layout-flow\">\n<p>Porque entende que o prezo \u00e9 desmedido, pero \u00e9 un prezo que resulta dun acordo que el mesmo asinou co concello de Pontevedra.<\/p>\n<\/blockquote>\n\n\n\n<p><strong>E cal \u00e9 a pretensi\u00f3n do alcalde?<\/strong><\/p>\n\n\n\n<blockquote class=\"wp-block-quote is-layout-flow wp-block-quote-is-layout-flow\">\n<p>Que se lle reduza o prezo, e que se lle reduza con efecto retroactivo. O concello de Pontevedra di que non, que pode estar aberto a negociar outro prezo para o futuro pero que a d\u00e9beda que hai tena que pagar<\/p>\n<\/blockquote>\n\n\n\n<p><strong>A posici\u00f3n do BNG cal \u00e9?<\/strong><\/p>\n\n\n\n<blockquote class=\"wp-block-quote is-layout-flow wp-block-quote-is-layout-flow\">\n<p>Que os acordos asinados hai que cumprilos.<\/p>\n<\/blockquote>\n\n\n\n<p><strong>Como prev\u00e9s que se resolva o conflito?<\/strong><\/p>\n\n\n\n<blockquote class=\"wp-block-quote is-layout-flow wp-block-quote-is-layout-flow\">\n<p>Xa houbo varias xuntanzas sen resultado. N\u00f3s pensamos que este asunto vai acabar xudicializado.<\/p>\n<\/blockquote>\n\n\n\n<p><strong>V\u00f3s recentemente fixestes referencia nas vosas redes a un caso de transfobia contra unha rapaza de Ponte Caldelas. Que pasou exactamente?<\/strong><\/p>\n\n\n\n<blockquote class=\"wp-block-quote is-layout-flow wp-block-quote-is-layout-flow\">\n<p>Esta moza \u00e9 unha compa\u00f1eira nosa do BNG que est\u00e1 a estudar a carreira en Santiago. Ela \u00e9 natural e veci\u00f1a de Ponte Caldelas. E recibiu nas redes sociais insultos moi graves alusivos \u00e1 s\u00faa condici\u00f3n de persoa trans. N\u00f3s amosamos con claridade a nosa total solidariedade con ela e a condena total e rotunda a todos os episodios de transfobia.<\/p>\n<\/blockquote>\n\n\n\n<p><strong>Como est\u00e1 ela? Afectoulle emocionalmente?<\/strong><\/p>\n\n\n\n<blockquote class=\"wp-block-quote is-layout-flow wp-block-quote-is-layout-flow\">\n<p>Si, si que lle afectou. Pero est\u00e1 moito mellor.<\/p>\n<\/blockquote>\n\n\n\n<p><strong>Sobre os despedimentos en NEFAB que ten que dicir o BNG?<\/strong><\/p>\n\n\n\n<blockquote class=\"wp-block-quote is-layout-flow wp-block-quote-is-layout-flow\">\n<p>Esta \u00e9 unha empresa da nosa localidade, da zona de Coveli\u00f1o, que ven de despedir a 6 persoas da quenda de noite. Son 6 veci\u00f1os nosos que quedan sen traballo e desde o BNG expresamos a nosa solidariedade con eles e esiximos a implicaci\u00f3n de todas as administraci\u00f3ns para buscar unha soluci\u00f3n a esta grave situaci\u00f3n.<\/p>\n<\/blockquote>\n\n\n\n<p><strong>Como quedou o tema das obras de Codisoil na Reigosa?<\/strong><\/p>\n\n\n\n<blockquote class=\"wp-block-quote is-layout-flow wp-block-quote-is-layout-flow\">\n<p>N\u00f3s presentamos unha proposta no pleno para que paralizaran esas obras porque non cumpr\u00edan os requisitos necesarios. Nun principio cont\u00e9stannos no pleno que non era posible. Pero pasado un certo per\u00edodo de tempo vemos como si se paralizaron esas obras. De momento est\u00e1n paralizadas e pendentes da resoluci\u00f3n da Xunta.<\/p>\n<\/blockquote>\n\n\n\n<p><strong>Consideras que as distintas administraci\u00f3ns fixeron o necesario para que cando se volvan dar crecidas do r\u00edo non se repitan as consecuencias tan graves, que levaron por exemplo a inutilizar o campo de f\u00fatbol do Ponte Caldelas?<\/strong><\/p>\n\n\n\n<blockquote class=\"wp-block-quote is-layout-flow wp-block-quote-is-layout-flow\">\n<p>Non, de ningunha maneira. Cando cadre outro inverno con chuvias moi fortes esa situaci\u00f3n pode repetirse en calquera momento.<\/p>\n<\/blockquote>\n\n\n\n<p><strong>O proxecto e\u00f3lico na Serra da Fracha acabar\u00e1 por anularse?<\/strong><\/p>\n\n\n\n<blockquote class=\"wp-block-quote is-layout-flow wp-block-quote-is-layout-flow\">\n<p>Agardo que si. Eu non sei como se resolver\u00e1 esa cuesti\u00f3n, pero o que te\u00f1o claro \u00e9 que a presi\u00f3n veci\u00f1al \u00e9 o cami\u00f1o m\u00e1is adecuado para que se resolva de maneira positiva, \u00e9 dicir que se anule.<\/p>\n<\/blockquote>\n\n\n\n<p><strong>Ao inicio da conversa pedinche unha valoraci\u00f3n pol\u00edtica do mandato e as\u00ed o fixeches co PP e co goberno do PSOE, pero faltouche o BNG?<\/strong><\/p>\n\n\n\n<blockquote class=\"wp-block-quote is-layout-flow wp-block-quote-is-layout-flow\">\n<p>Ben, o BNG de Ponte Caldelas non \u00e9 diferente a calquera a agrupaci\u00f3n local do bloque en calquera localidade do pa\u00eds: somos un proxecto colectivo firmemente chantado na realidade social do pobo galego e absolutamente comprometidos co ben com\u00fan. No proxecto nacionalista os individuos en concreto somos conxunturais, o relevante \u00e9 o proxecto en si. Hoxe estamos n\u00f3s pero ma\u00f1\u00e1 poden estar outras persoas, d\u00e1 igual.<\/p>\n<\/blockquote>\n\n\n\n<blockquote class=\"wp-block-quote is-layout-flow wp-block-quote-is-layout-flow\">\n<p>No que respecta ao noso traballo, n\u00f3s procuramos exercer o noso labor de oposici\u00f3n con rigor e responsabilidade sempre a car\u00f3n das necesidades da veci\u00f1anza, nun contexto dif\u00edcil de maior\u00eda absoluta do PSOE. Estou segura que as\u00ed vai seguir sendo no futuro leve quen leve o tim\u00f3n do BNG local. Tam\u00e9n estou segura de que hai unha profunda onde de simpat\u00eda na sociedade local cara ao noso traballo e nas elecci\u00f3ns do 27 imos experimentar unha grande suba en apoio popular.<\/p>\n<\/blockquote>\n","protected":false},"excerpt":{"rendered":"<div class=\"mh-excerpt\"><p>Iniciamos o ano nas terras de Pontevedra falando con Sol Seoane, voceira municipal do BNG no concello de Ponte Caldelas <a class=\"mh-excerpt-more\" href=\"https:\/\/www.anovapeneira.gal\/index.php\/2026\/01\/08\/sol-seoane-voceira-do-bng-de-ponte-caldelas\/\" title=\"Sol Seoane, voceira do BNG de Ponte Caldelas\">[&#8230;]<\/a><\/p>\n<\/div>","protected":false},"author":3,"featured_media":15189,"comment_status":"open","ping_status":"open","sticky":false,"template":"","format":"standard","meta":{"_exactmetrics_skip_tracking":false,"_exactmetrics_sitenote_active":false,"_exactmetrics_sitenote_note":"","_exactmetrics_sitenote_category":0,"footnotes":""},"categories":[269],"tags":[128],"class_list":{"0":"post-15188","1":"post","2":"type-post","3":"status-publish","4":"format-standard","5":"has-post-thumbnail","7":"category-pontevedra-entrevistas","8":"tag-concello-de-ponte-caldelas"},"yoast_head":"<!-- This site is optimized with the Yoast SEO plugin v27.5 - https:\/\/yoast.com\/product\/yoast-seo-wordpress\/ -->\n<title>Sol Seoane, voceira do BNG de Ponte Caldelas -<\/title>\n<meta name=\"robots\" content=\"index, follow, max-snippet:-1, max-image-preview:large, max-video-preview:-1\" \/>\n<link rel=\"canonical\" href=\"https:\/\/www.anovapeneira.gal\/index.php\/2026\/01\/08\/sol-seoane-voceira-do-bng-de-ponte-caldelas\/\" \/>\n<meta property=\"og:locale\" content=\"gl_ES\" \/>\n<meta property=\"og:type\" content=\"article\" \/>\n<meta property=\"og:title\" content=\"Sol Seoane, voceira do BNG de Ponte Caldelas -\" \/>\n<meta property=\"og:description\" content=\"Iniciamos o ano nas terras de Pontevedra falando con Sol Seoane, voceira municipal do BNG no concello de Ponte Caldelas [...]\" \/>\n<meta property=\"og:url\" content=\"https:\/\/www.anovapeneira.gal\/index.php\/2026\/01\/08\/sol-seoane-voceira-do-bng-de-ponte-caldelas\/\" \/>\n<meta property=\"article:publisher\" content=\"https:\/\/www.facebook.com\/anovapeneira\" \/>\n<meta property=\"article:published_time\" content=\"2026-01-08T11:00:20+00:00\" \/>\n<meta property=\"og:image\" content=\"https:\/\/www.anovapeneira.gal\/wp-content\/uploads\/2026\/01\/sol_seoane.png\" \/>\n\t<meta property=\"og:image:width\" content=\"720\" \/>\n\t<meta property=\"og:image:height\" content=\"432\" \/>\n\t<meta property=\"og:image:type\" content=\"image\/png\" \/>\n<meta name=\"author\" content=\"Redacci\u00f3n A Nova Peneira\" \/>\n<meta name=\"twitter:card\" content=\"summary_large_image\" \/>\n<meta name=\"twitter:creator\" content=\"@APeneira\" \/>\n<meta name=\"twitter:site\" content=\"@APeneira\" \/>\n<meta name=\"twitter:label1\" content=\"Escrito por\" \/>\n\t<meta name=\"twitter:data1\" content=\"Redacci\u00f3n A Nova Peneira\" \/>\n\t<meta name=\"twitter:label2\" content=\"Tempo de lectura\" \/>\n\t<meta name=\"twitter:data2\" content=\"5 minutos\" \/>\n<script type=\"application\/ld+json\" class=\"yoast-schema-graph\">{\"@context\":\"https:\\\/\\\/schema.org\",\"@graph\":[{\"@type\":\"Article\",\"@id\":\"https:\\\/\\\/www.anovapeneira.gal\\\/index.php\\\/2026\\\/01\\\/08\\\/sol-seoane-voceira-do-bng-de-ponte-caldelas\\\/#article\",\"isPartOf\":{\"@id\":\"https:\\\/\\\/www.anovapeneira.gal\\\/index.php\\\/2026\\\/01\\\/08\\\/sol-seoane-voceira-do-bng-de-ponte-caldelas\\\/\"},\"author\":{\"name\":\"Redacci\u00f3n A Nova Peneira\",\"@id\":\"https:\\\/\\\/www.anovapeneira.gal\\\/#\\\/schema\\\/person\\\/b93e3f8932e3f8da96334607eb6ac6aa\"},\"headline\":\"Sol Seoane, voceira do BNG de Ponte Caldelas\",\"datePublished\":\"2026-01-08T11:00:20+00:00\",\"mainEntityOfPage\":{\"@id\":\"https:\\\/\\\/www.anovapeneira.gal\\\/index.php\\\/2026\\\/01\\\/08\\\/sol-seoane-voceira-do-bng-de-ponte-caldelas\\\/\"},\"wordCount\":1069,\"commentCount\":0,\"publisher\":{\"@id\":\"https:\\\/\\\/www.anovapeneira.gal\\\/#organization\"},\"image\":{\"@id\":\"https:\\\/\\\/www.anovapeneira.gal\\\/index.php\\\/2026\\\/01\\\/08\\\/sol-seoane-voceira-do-bng-de-ponte-caldelas\\\/#primaryimage\"},\"thumbnailUrl\":\"https:\\\/\\\/www.anovapeneira.gal\\\/wp-content\\\/uploads\\\/2026\\\/01\\\/sol_seoane.png\",\"keywords\":[\"Concello de Ponte Caldelas\"],\"articleSection\":[\"Pontevedra\"],\"inLanguage\":\"gl-ES\",\"potentialAction\":[{\"@type\":\"CommentAction\",\"name\":\"Comment\",\"target\":[\"https:\\\/\\\/www.anovapeneira.gal\\\/index.php\\\/2026\\\/01\\\/08\\\/sol-seoane-voceira-do-bng-de-ponte-caldelas\\\/#respond\"]}]},{\"@type\":\"WebPage\",\"@id\":\"https:\\\/\\\/www.anovapeneira.gal\\\/index.php\\\/2026\\\/01\\\/08\\\/sol-seoane-voceira-do-bng-de-ponte-caldelas\\\/\",\"url\":\"https:\\\/\\\/www.anovapeneira.gal\\\/index.php\\\/2026\\\/01\\\/08\\\/sol-seoane-voceira-do-bng-de-ponte-caldelas\\\/\",\"name\":\"Sol Seoane, voceira do BNG de Ponte Caldelas -\",\"isPartOf\":{\"@id\":\"https:\\\/\\\/www.anovapeneira.gal\\\/#website\"},\"primaryImageOfPage\":{\"@id\":\"https:\\\/\\\/www.anovapeneira.gal\\\/index.php\\\/2026\\\/01\\\/08\\\/sol-seoane-voceira-do-bng-de-ponte-caldelas\\\/#primaryimage\"},\"image\":{\"@id\":\"https:\\\/\\\/www.anovapeneira.gal\\\/index.php\\\/2026\\\/01\\\/08\\\/sol-seoane-voceira-do-bng-de-ponte-caldelas\\\/#primaryimage\"},\"thumbnailUrl\":\"https:\\\/\\\/www.anovapeneira.gal\\\/wp-content\\\/uploads\\\/2026\\\/01\\\/sol_seoane.png\",\"datePublished\":\"2026-01-08T11:00:20+00:00\",\"breadcrumb\":{\"@id\":\"https:\\\/\\\/www.anovapeneira.gal\\\/index.php\\\/2026\\\/01\\\/08\\\/sol-seoane-voceira-do-bng-de-ponte-caldelas\\\/#breadcrumb\"},\"inLanguage\":\"gl-ES\",\"potentialAction\":[{\"@type\":\"ReadAction\",\"target\":[\"https:\\\/\\\/www.anovapeneira.gal\\\/index.php\\\/2026\\\/01\\\/08\\\/sol-seoane-voceira-do-bng-de-ponte-caldelas\\\/\"]}]},{\"@type\":\"ImageObject\",\"inLanguage\":\"gl-ES\",\"@id\":\"https:\\\/\\\/www.anovapeneira.gal\\\/index.php\\\/2026\\\/01\\\/08\\\/sol-seoane-voceira-do-bng-de-ponte-caldelas\\\/#primaryimage\",\"url\":\"https:\\\/\\\/www.anovapeneira.gal\\\/wp-content\\\/uploads\\\/2026\\\/01\\\/sol_seoane.png\",\"contentUrl\":\"https:\\\/\\\/www.anovapeneira.gal\\\/wp-content\\\/uploads\\\/2026\\\/01\\\/sol_seoane.png\",\"width\":720,\"height\":432},{\"@type\":\"BreadcrumbList\",\"@id\":\"https:\\\/\\\/www.anovapeneira.gal\\\/index.php\\\/2026\\\/01\\\/08\\\/sol-seoane-voceira-do-bng-de-ponte-caldelas\\\/#breadcrumb\",\"itemListElement\":[{\"@type\":\"ListItem\",\"position\":1,\"name\":\"Portada\",\"item\":\"https:\\\/\\\/www.anovapeneira.gal\\\/\"},{\"@type\":\"ListItem\",\"position\":2,\"name\":\"Sol Seoane, voceira do BNG de Ponte Caldelas\"}]},{\"@type\":\"WebSite\",\"@id\":\"https:\\\/\\\/www.anovapeneira.gal\\\/#website\",\"url\":\"https:\\\/\\\/www.anovapeneira.gal\\\/\",\"name\":\"\",\"description\":\"Xornal galego de informaci\u00f3n xeral Publicaci\u00f3n mensual de novas de Galicia e en especial dos Concellos da sur da provincia de Pontevedra.\",\"publisher\":{\"@id\":\"https:\\\/\\\/www.anovapeneira.gal\\\/#organization\"},\"potentialAction\":[{\"@type\":\"SearchAction\",\"target\":{\"@type\":\"EntryPoint\",\"urlTemplate\":\"https:\\\/\\\/www.anovapeneira.gal\\\/?s={search_term_string}\"},\"query-input\":{\"@type\":\"PropertyValueSpecification\",\"valueRequired\":true,\"valueName\":\"search_term_string\"}}],\"inLanguage\":\"gl-ES\"},{\"@type\":\"Organization\",\"@id\":\"https:\\\/\\\/www.anovapeneira.gal\\\/#organization\",\"name\":\"A Nova Peneira\",\"url\":\"https:\\\/\\\/www.anovapeneira.gal\\\/\",\"logo\":{\"@type\":\"ImageObject\",\"inLanguage\":\"gl-ES\",\"@id\":\"https:\\\/\\\/www.anovapeneira.gal\\\/#\\\/schema\\\/logo\\\/image\\\/\",\"url\":\"http:\\\/\\\/www.anovapeneira.gal\\\/wp-content\\\/uploads\\\/2019\\\/06\\\/logo_a_nova_peneira_portal_web.png\",\"contentUrl\":\"http:\\\/\\\/www.anovapeneira.gal\\\/wp-content\\\/uploads\\\/2019\\\/06\\\/logo_a_nova_peneira_portal_web.png\",\"width\":300,\"height\":100,\"caption\":\"A Nova Peneira\"},\"image\":{\"@id\":\"https:\\\/\\\/www.anovapeneira.gal\\\/#\\\/schema\\\/logo\\\/image\\\/\"},\"sameAs\":[\"https:\\\/\\\/www.facebook.com\\\/anovapeneira\",\"https:\\\/\\\/x.com\\\/APeneira\"]},{\"@type\":\"Person\",\"@id\":\"https:\\\/\\\/www.anovapeneira.gal\\\/#\\\/schema\\\/person\\\/b93e3f8932e3f8da96334607eb6ac6aa\",\"name\":\"Redacci\u00f3n A Nova Peneira\",\"image\":{\"@type\":\"ImageObject\",\"inLanguage\":\"gl-ES\",\"@id\":\"https:\\\/\\\/secure.gravatar.com\\\/avatar\\\/c052a2551a06e23fac63626232eaa90abd78dbcf1700fc46a2b2c89fd27b735f?s=96&d=mm&r=g\",\"url\":\"https:\\\/\\\/secure.gravatar.com\\\/avatar\\\/c052a2551a06e23fac63626232eaa90abd78dbcf1700fc46a2b2c89fd27b735f?s=96&d=mm&r=g\",\"contentUrl\":\"https:\\\/\\\/secure.gravatar.com\\\/avatar\\\/c052a2551a06e23fac63626232eaa90abd78dbcf1700fc46a2b2c89fd27b735f?s=96&d=mm&r=g\",\"caption\":\"Redacci\u00f3n A Nova Peneira\"},\"sameAs\":[\"http:\\\/\\\/www.anovapeneira.gal\\\/\"],\"url\":\"https:\\\/\\\/www.anovapeneira.gal\\\/index.php\\\/author\\\/redactor\\\/\"}]}<\/script>\n<!-- \/ Yoast SEO plugin. -->","yoast_head_json":{"title":"Sol Seoane, voceira do BNG de Ponte Caldelas -","robots":{"index":"index","follow":"follow","max-snippet":"max-snippet:-1","max-image-preview":"max-image-preview:large","max-video-preview":"max-video-preview:-1"},"canonical":"https:\/\/www.anovapeneira.gal\/index.php\/2026\/01\/08\/sol-seoane-voceira-do-bng-de-ponte-caldelas\/","og_locale":"gl_ES","og_type":"article","og_title":"Sol Seoane, voceira do BNG de Ponte Caldelas -","og_description":"Iniciamos o ano nas terras de Pontevedra falando con Sol Seoane, voceira municipal do BNG no concello de Ponte Caldelas [...]","og_url":"https:\/\/www.anovapeneira.gal\/index.php\/2026\/01\/08\/sol-seoane-voceira-do-bng-de-ponte-caldelas\/","article_publisher":"https:\/\/www.facebook.com\/anovapeneira","article_published_time":"2026-01-08T11:00:20+00:00","og_image":[{"width":720,"height":432,"url":"https:\/\/www.anovapeneira.gal\/wp-content\/uploads\/2026\/01\/sol_seoane.png","type":"image\/png"}],"author":"Redacci\u00f3n A Nova Peneira","twitter_card":"summary_large_image","twitter_creator":"@APeneira","twitter_site":"@APeneira","twitter_misc":{"Escrito por":"Redacci\u00f3n A Nova Peneira","Tempo de lectura":"5 minutos"},"schema":{"@context":"https:\/\/schema.org","@graph":[{"@type":"Article","@id":"https:\/\/www.anovapeneira.gal\/index.php\/2026\/01\/08\/sol-seoane-voceira-do-bng-de-ponte-caldelas\/#article","isPartOf":{"@id":"https:\/\/www.anovapeneira.gal\/index.php\/2026\/01\/08\/sol-seoane-voceira-do-bng-de-ponte-caldelas\/"},"author":{"name":"Redacci\u00f3n A Nova Peneira","@id":"https:\/\/www.anovapeneira.gal\/#\/schema\/person\/b93e3f8932e3f8da96334607eb6ac6aa"},"headline":"Sol Seoane, voceira do BNG de Ponte Caldelas","datePublished":"2026-01-08T11:00:20+00:00","mainEntityOfPage":{"@id":"https:\/\/www.anovapeneira.gal\/index.php\/2026\/01\/08\/sol-seoane-voceira-do-bng-de-ponte-caldelas\/"},"wordCount":1069,"commentCount":0,"publisher":{"@id":"https:\/\/www.anovapeneira.gal\/#organization"},"image":{"@id":"https:\/\/www.anovapeneira.gal\/index.php\/2026\/01\/08\/sol-seoane-voceira-do-bng-de-ponte-caldelas\/#primaryimage"},"thumbnailUrl":"https:\/\/www.anovapeneira.gal\/wp-content\/uploads\/2026\/01\/sol_seoane.png","keywords":["Concello de Ponte Caldelas"],"articleSection":["Pontevedra"],"inLanguage":"gl-ES","potentialAction":[{"@type":"CommentAction","name":"Comment","target":["https:\/\/www.anovapeneira.gal\/index.php\/2026\/01\/08\/sol-seoane-voceira-do-bng-de-ponte-caldelas\/#respond"]}]},{"@type":"WebPage","@id":"https:\/\/www.anovapeneira.gal\/index.php\/2026\/01\/08\/sol-seoane-voceira-do-bng-de-ponte-caldelas\/","url":"https:\/\/www.anovapeneira.gal\/index.php\/2026\/01\/08\/sol-seoane-voceira-do-bng-de-ponte-caldelas\/","name":"Sol Seoane, voceira do BNG de Ponte Caldelas -","isPartOf":{"@id":"https:\/\/www.anovapeneira.gal\/#website"},"primaryImageOfPage":{"@id":"https:\/\/www.anovapeneira.gal\/index.php\/2026\/01\/08\/sol-seoane-voceira-do-bng-de-ponte-caldelas\/#primaryimage"},"image":{"@id":"https:\/\/www.anovapeneira.gal\/index.php\/2026\/01\/08\/sol-seoane-voceira-do-bng-de-ponte-caldelas\/#primaryimage"},"thumbnailUrl":"https:\/\/www.anovapeneira.gal\/wp-content\/uploads\/2026\/01\/sol_seoane.png","datePublished":"2026-01-08T11:00:20+00:00","breadcrumb":{"@id":"https:\/\/www.anovapeneira.gal\/index.php\/2026\/01\/08\/sol-seoane-voceira-do-bng-de-ponte-caldelas\/#breadcrumb"},"inLanguage":"gl-ES","potentialAction":[{"@type":"ReadAction","target":["https:\/\/www.anovapeneira.gal\/index.php\/2026\/01\/08\/sol-seoane-voceira-do-bng-de-ponte-caldelas\/"]}]},{"@type":"ImageObject","inLanguage":"gl-ES","@id":"https:\/\/www.anovapeneira.gal\/index.php\/2026\/01\/08\/sol-seoane-voceira-do-bng-de-ponte-caldelas\/#primaryimage","url":"https:\/\/www.anovapeneira.gal\/wp-content\/uploads\/2026\/01\/sol_seoane.png","contentUrl":"https:\/\/www.anovapeneira.gal\/wp-content\/uploads\/2026\/01\/sol_seoane.png","width":720,"height":432},{"@type":"BreadcrumbList","@id":"https:\/\/www.anovapeneira.gal\/index.php\/2026\/01\/08\/sol-seoane-voceira-do-bng-de-ponte-caldelas\/#breadcrumb","itemListElement":[{"@type":"ListItem","position":1,"name":"Portada","item":"https:\/\/www.anovapeneira.gal\/"},{"@type":"ListItem","position":2,"name":"Sol Seoane, voceira do BNG de Ponte Caldelas"}]},{"@type":"WebSite","@id":"https:\/\/www.anovapeneira.gal\/#website","url":"https:\/\/www.anovapeneira.gal\/","name":"","description":"Xornal galego de informaci\u00f3n xeral Publicaci\u00f3n mensual de novas de Galicia e en especial dos Concellos da sur da provincia de Pontevedra.","publisher":{"@id":"https:\/\/www.anovapeneira.gal\/#organization"},"potentialAction":[{"@type":"SearchAction","target":{"@type":"EntryPoint","urlTemplate":"https:\/\/www.anovapeneira.gal\/?s={search_term_string}"},"query-input":{"@type":"PropertyValueSpecification","valueRequired":true,"valueName":"search_term_string"}}],"inLanguage":"gl-ES"},{"@type":"Organization","@id":"https:\/\/www.anovapeneira.gal\/#organization","name":"A Nova Peneira","url":"https:\/\/www.anovapeneira.gal\/","logo":{"@type":"ImageObject","inLanguage":"gl-ES","@id":"https:\/\/www.anovapeneira.gal\/#\/schema\/logo\/image\/","url":"http:\/\/www.anovapeneira.gal\/wp-content\/uploads\/2019\/06\/logo_a_nova_peneira_portal_web.png","contentUrl":"http:\/\/www.anovapeneira.gal\/wp-content\/uploads\/2019\/06\/logo_a_nova_peneira_portal_web.png","width":300,"height":100,"caption":"A Nova Peneira"},"image":{"@id":"https:\/\/www.anovapeneira.gal\/#\/schema\/logo\/image\/"},"sameAs":["https:\/\/www.facebook.com\/anovapeneira","https:\/\/x.com\/APeneira"]},{"@type":"Person","@id":"https:\/\/www.anovapeneira.gal\/#\/schema\/person\/b93e3f8932e3f8da96334607eb6ac6aa","name":"Redacci\u00f3n A Nova Peneira","image":{"@type":"ImageObject","inLanguage":"gl-ES","@id":"https:\/\/secure.gravatar.com\/avatar\/c052a2551a06e23fac63626232eaa90abd78dbcf1700fc46a2b2c89fd27b735f?s=96&d=mm&r=g","url":"https:\/\/secure.gravatar.com\/avatar\/c052a2551a06e23fac63626232eaa90abd78dbcf1700fc46a2b2c89fd27b735f?s=96&d=mm&r=g","contentUrl":"https:\/\/secure.gravatar.com\/avatar\/c052a2551a06e23fac63626232eaa90abd78dbcf1700fc46a2b2c89fd27b735f?s=96&d=mm&r=g","caption":"Redacci\u00f3n A Nova Peneira"},"sameAs":["http:\/\/www.anovapeneira.gal\/"],"url":"https:\/\/www.anovapeneira.gal\/index.php\/author\/redactor\/"}]}},"jetpack_featured_media_url":"https:\/\/www.anovapeneira.gal\/wp-content\/uploads\/2026\/01\/sol_seoane.png","_links":{"self":[{"href":"https:\/\/www.anovapeneira.gal\/index.php\/wp-json\/wp\/v2\/posts\/15188","targetHints":{"allow":["GET"]}}],"collection":[{"href":"https:\/\/www.anovapeneira.gal\/index.php\/wp-json\/wp\/v2\/posts"}],"about":[{"href":"https:\/\/www.anovapeneira.gal\/index.php\/wp-json\/wp\/v2\/types\/post"}],"author":[{"embeddable":true,"href":"https:\/\/www.anovapeneira.gal\/index.php\/wp-json\/wp\/v2\/users\/3"}],"replies":[{"embeddable":true,"href":"https:\/\/www.anovapeneira.gal\/index.php\/wp-json\/wp\/v2\/comments?post=15188"}],"version-history":[{"count":1,"href":"https:\/\/www.anovapeneira.gal\/index.php\/wp-json\/wp\/v2\/posts\/15188\/revisions"}],"predecessor-version":[{"id":15190,"href":"https:\/\/www.anovapeneira.gal\/index.php\/wp-json\/wp\/v2\/posts\/15188\/revisions\/15190"}],"wp:featuredmedia":[{"embeddable":true,"href":"https:\/\/www.anovapeneira.gal\/index.php\/wp-json\/wp\/v2\/media\/15189"}],"wp:attachment":[{"href":"https:\/\/www.anovapeneira.gal\/index.php\/wp-json\/wp\/v2\/media?parent=15188"}],"wp:term":[{"taxonomy":"category","embeddable":true,"href":"https:\/\/www.anovapeneira.gal\/index.php\/wp-json\/wp\/v2\/categories?post=15188"},{"taxonomy":"post_tag","embeddable":true,"href":"https:\/\/www.anovapeneira.gal\/index.php\/wp-json\/wp\/v2\/tags?post=15188"}],"curies":[{"name":"wp","href":"https:\/\/api.w.org\/{rel}","templated":true}]}}