{"id":15193,"date":"2026-01-09T12:00:27","date_gmt":"2026-01-09T11:00:27","guid":{"rendered":"https:\/\/www.anovapeneira.gal\/?p=15193"},"modified":"2026-01-05T19:49:05","modified_gmt":"2026-01-05T18:49:05","slug":"a-rondalla-de-zamans-vai-de-cinema","status":"publish","type":"post","link":"https:\/\/www.anovapeneira.gal\/index.php\/2026\/01\/09\/a-rondalla-de-zamans-vai-de-cinema\/","title":{"rendered":"A Rondalla de Zam\u00e1ns vai de cinema"},"content":{"rendered":"\n<p>Neste medio de comunicaci\u00f3n sempre defendemos, ao longo dos nosos 15 anos de historia, que a forza sociedade civil organizada \u00e9 imparable, e que o valor do traballo en comunidade fai mellores tanto \u00e1s persoas que desa maneira entenden a vida, como \u00e1 sociedade en xeral. Calquera iniciativa que trate de artellarse arredor de principios com\u00fans vai ter sempre o noso respecto, o noso reco\u00f1ecemento e espazo nas nosas p\u00e1xinas.<\/p>\n\n\n\n<p>Hoxe, queremos homenaxear \u00e1 Rondalla de Zam\u00e1ns. Unha agrupaci\u00f3n musical que non se sabe exactamente cando naceu, pero que se pode afirmar con certeza que supera o s\u00e9culo de historia pois os seus compo\u00f1entes te\u00f1en constatado que na d\u00e9cada dos 40 do SXX celebrou o seu 25 aniversario.<\/p>\n\n\n\n<p>Nun contexto no que o rural galego atravesa graves problemas para fixar poboaci\u00f3n, pola carencia de servizos e oportunidades laborais, iniciativas como esta contrib\u00faen a:<\/p>\n\n\n\n<p>-Unir \u00e1 poboaci\u00f3n dunha determinada \u00e1rea xeogr\u00e1fica.<\/p>\n\n\n\n<p>-Proporcionar unha alternativa sa de ocio e lecer \u00e1 mocidade.<\/p>\n\n\n\n<p>-Conservar as tradici\u00f3ns culturais que permitan desde o presente conectar o pasado da parroquia co seu futuro.<\/p>\n\n\n\n<p>-Fomentar o sentimento de comunidade e identidade.<\/p>\n\n\n\n<p>-Practicar as relaci\u00f3n interxeracionais. Neste tipo de colectivos conviven persoas de todas as idades, desde av\u00f3s e avoas ata nenos e nenas.<\/p>\n\n\n\n<p>-Ensinar \u00e1s xeraci\u00f3ns m\u00e1is novas a conseguir obxectivos en base \u00e1 colaboraci\u00f3n.<\/p>\n\n\n\n<p>E as\u00ed o amosaron os homes e as mulleres desta Rondalla o pasado dous de xaneiro cando arredor de medio centenar dos seus compo\u00f1entes acudiron todos xuntos, comandados polo seu director Xos\u00e9 Manuel Fern\u00e1ndez \u201c Muxicas\u201d aos Cines Norte de Vigo , vestidos co traxe da Rondalla, a contemplar a pel\u00edcula \u201cRondallas\u201d do director madrile\u00f1o Daniel S\u00e1nchez Ar\u00e9valo estreada na carteleira o primeiro d\u00eda deste ano 2026 .<\/p>\n\n\n\n<p>A Nova Peneira estivo con eles e asistiu, grazas \u00e1 s\u00faa amabilidade e xentileza, a presenciar a pel\u00edcula da que lles ofrecemos o noso punto de vista despois de erguer metaforicamente a nosa copa para brindar cos rondallaeiros e rondalleiras por unha longa vida para a Rondalla de Zam\u00e1ns e para todos os colectivos que contrib\u00faen a facer mellor a vida en comunidade.<\/p>\n\n\n\n<p>A pel\u00edcula<\/p>\n\n\n\n<figure class=\"wp-block-image size-large\"><img loading=\"lazy\" decoding=\"async\" width=\"1024\" height=\"1024\" src=\"https:\/\/www.anovapeneira.gal\/wp-content\/uploads\/2026\/01\/rondalla_peli-1024x1024.png\" alt=\"\" class=\"wp-image-15195\" srcset=\"https:\/\/www.anovapeneira.gal\/wp-content\/uploads\/2026\/01\/rondalla_peli-1024x1024.png 1024w, https:\/\/www.anovapeneira.gal\/wp-content\/uploads\/2026\/01\/rondalla_peli-300x300.png 300w, https:\/\/www.anovapeneira.gal\/wp-content\/uploads\/2026\/01\/rondalla_peli-150x150.png 150w, https:\/\/www.anovapeneira.gal\/wp-content\/uploads\/2026\/01\/rondalla_peli-768x768.png 768w, https:\/\/www.anovapeneira.gal\/wp-content\/uploads\/2026\/01\/rondalla_peli.png 1080w\" sizes=\"auto, (max-width: 1024px) 100vw, 1024px\" \/><\/figure>\n\n\n\n<p>A valoraci\u00f3n que me provocou \u00e9 negativa en li\u00f1as xerais. Pareceume unha pel\u00edcula sobre Galicia desde a perspectiva espa\u00f1ola que, como case sempre, enfoca todo desde a s\u00faa propia \u00f3tica sen ter en conta que as interacci\u00f3ns coa realidade son diferentes no que son pa\u00edses diferentes.<\/p>\n\n\n\n<p>Houbo aspectos que me pareceron positivos: as\u00ed por exemplo podemos mencionar o traballo das actrices e dos actores, todos eles excelentes, a profundidade humana dos personaxes: Con matices, luces ,sombras angustias e contradici\u00f3ns. Nese sentido pareceume salientable a chamada a ter en conta a sa\u00fade mental a trav\u00e9s da problem\u00e1tica dun dos personaxes, un rapaz novo e intelectualmente brillante que non ter\u00eda porque ter pulsi\u00f3ns suicidas, pero o certo \u00e9 que si as ti\u00f1a. Outro aspecto que considero se pode destacar \u00e9 a defensa da comunidade como medio para facer mellor a vida das persoas.<\/p>\n\n\n\n<p>Pero a pel\u00edcula ten erros notables que non sei se obedecen a un deficiente labor de documentaci\u00f3n, ou o que ser\u00eda peor; que se trate de que non importa reflectir unha realidade que non existe.<\/p>\n\n\n\n<p>A acci\u00f3n desenv\u00f3lvese nun pobo mari\u00f1eiro no que alg\u00fans dos seus veci\u00f1os e veci\u00f1as despois da tr\u00e1xica morte dalg\u00fans deles nun naufraxio deciden recuperar a antiga rondalla.<\/p>\n\n\n\n<p>Ese pobo que non se nomea \u00e9 A Guarda. Resulta moi f\u00e1cil reco\u00f1ecer ao longo de toda a pel\u00edcula distintas localizaci\u00f3ns da vila guardesa. E o certo \u00e9 que na comarca do Baixo Mi\u00f1o nin existen nin existiron Rondallas.<\/p>\n\n\n\n<p>Este tipo de agrupaci\u00f3ns musicais son propias da comarca de Vigo e da s\u00faa \u00e1rea de influencia. Hai Rondallas en Vigo, O Porri\u00f1o, Gondomar e Mos. Pero non as hai nin na Guarda nin en ning\u00fan outro pobo mari\u00f1eiro.<\/p>\n\n\n\n<p>Por outra parte nos pobos mari\u00f1eiros de Galicia o idioma que a\u00ednda \u00e9 maioritario \u00e9 o noso: o idioma galego. Non sei se a pel\u00edcula foi rodada noutro idioma por cuesti\u00f3ns puramente comerciais, ou se como me temo foi porque esa cuesti\u00f3n non lle importe ao director da pel\u00edcula e estea contribu\u00edndo, con intenci\u00f3n ou sen ela, a amosar unha realidade falsa: En Espa\u00f1a f\u00e1lase castel\u00e1n.<\/p>\n\n\n\n<p>A cuesti\u00f3n comercial podo entendela e incluso podo respectala, todos temos que vivir e neste mundo voraz non resulta nada doado. Pero o que me resulta moi decepcionante \u00e9 que a\u00ednda por riba de facer unha pel\u00edcula sobre unha parte da idiosincrasia do pobo galego nun idioma que non \u00e9 o seu se reflictan situaci\u00f3ns de diglosia, o proceso que est\u00e1 levando \u00e1 tumba ao noso idioma. E a realidade \u00e9 que na pel\u00edcula aparec\u00edan varios casos de diglosia de manual. As\u00ed por exemplo nunha escena na que o rapaz que ti\u00f1a pulsi\u00f3ns suicidas est\u00e1 a falar cunha rapaza que lle gusta, esta, que absolutamente sempre fala en espa\u00f1ol dille nun momento de frustraci\u00f3n \u201c vai tomar polo cu\u201d.<\/p>\n\n\n\n<p>A diglosia \u00e9 un proceso polo que unha linga allea \u00e1 unha comunidade \u00e9 asociada ao prestixio e ao \u00e9xito e aos poucos vaille comendo o terreo \u00e1 lingua propia desa comunidade ata substitu\u00edla totalmente. Un fen\u00f3meno caracter\u00edstico dos procesos digl\u00f3sicos \u00e9 que os nativos que falan habitualmente a lingua de f\u00f3ra pasan \u00e1 lingua propia cando tratan de expresar calquera connotaci\u00f3n negativa. \u00c9 algo do subconsciente, e d\u00e1se porque na psique colectiva, s\u00e9culos de colonialismo pol\u00edtico e cultural, lograron que se asociara a lingua propia aos contextos negativos. E en \u201c Rondallas\u201d aparece en varias ocasi\u00f3ns. A verdade \u00e9 que sempre que a diglosia aparece diante mi\u00f1a p\u00f3\u00f1ome de moi mal humor, ata o punto de que ese d\u00eda en concreto me entraron en varias ocasi\u00f3ns ga\u00f1as de marchar. Lembroume a aquel feo costume da mi\u00f1a adolescencia que obrigaba \u00e1s parellas que perd\u00edan unha partida a pasar por baixo do futbol\u00edn. \u00c9 dicir, parece que \u00e9 necesario aderezar a derrota con doses de humillaci\u00f3n.<\/p>\n\n\n\n<p>E non, nesta vida p\u00f3dese perder moitas veces, p\u00f3dese perder moitas cousas, p\u00f3dese perder o amor a sa\u00fade e incluso a propia vida. Pero o que nunca se pode perder \u00e9 a dignidade.<\/p>\n","protected":false},"excerpt":{"rendered":"<div class=\"mh-excerpt\"><p>Neste medio de comunicaci\u00f3n sempre defendemos, ao longo dos nosos 15 anos de historia, que a forza sociedade civil organizada \u00e9 imparable, e que o valor do traballo en comunidade fai mellores tanto \u00e1s persoas que desa maneira entenden a vida, como \u00e1 sociedade en xeral. <a class=\"mh-excerpt-more\" href=\"https:\/\/www.anovapeneira.gal\/index.php\/2026\/01\/09\/a-rondalla-de-zamans-vai-de-cinema\/\" title=\"A Rondalla de Zam\u00e1ns vai de cinema\">[&#8230;]<\/a><\/p>\n<\/div>","protected":false},"author":2,"featured_media":15194,"comment_status":"open","ping_status":"open","sticky":false,"template":"","format":"standard","meta":{"_exactmetrics_skip_tracking":false,"_exactmetrics_sitenote_active":false,"_exactmetrics_sitenote_note":"","_exactmetrics_sitenote_category":0,"footnotes":""},"categories":[61],"tags":[],"class_list":{"0":"post-15193","1":"post","2":"type-post","3":"status-publish","4":"format-standard","5":"has-post-thumbnail","7":"category-artigo-editorial"},"yoast_head":"<!-- This site is optimized with the Yoast SEO plugin v27.4 - https:\/\/yoast.com\/product\/yoast-seo-wordpress\/ -->\n<title>A Rondalla de Zam\u00e1ns vai de cinema -<\/title>\n<meta name=\"robots\" content=\"index, follow, max-snippet:-1, max-image-preview:large, max-video-preview:-1\" \/>\n<link rel=\"canonical\" href=\"https:\/\/www.anovapeneira.gal\/index.php\/2026\/01\/09\/a-rondalla-de-zamans-vai-de-cinema\/\" \/>\n<meta property=\"og:locale\" content=\"gl_ES\" \/>\n<meta property=\"og:type\" content=\"article\" \/>\n<meta property=\"og:title\" content=\"A Rondalla de Zam\u00e1ns vai de cinema -\" \/>\n<meta property=\"og:description\" content=\"Neste medio de comunicaci\u00f3n sempre defendemos, ao longo dos nosos 15 anos de historia, que a forza sociedade civil organizada \u00e9 imparable, e que o valor do traballo en comunidade fai mellores tanto \u00e1s persoas que desa maneira entenden a vida, como \u00e1 sociedade en xeral. [...]\" \/>\n<meta property=\"og:url\" content=\"https:\/\/www.anovapeneira.gal\/index.php\/2026\/01\/09\/a-rondalla-de-zamans-vai-de-cinema\/\" \/>\n<meta property=\"article:publisher\" content=\"https:\/\/www.facebook.com\/anovapeneira\" \/>\n<meta property=\"article:published_time\" content=\"2026-01-09T11:00:27+00:00\" \/>\n<meta property=\"og:image\" content=\"https:\/\/www.anovapeneira.gal\/wp-content\/uploads\/2026\/01\/Rondalla_zamans.png\" \/>\n\t<meta property=\"og:image:width\" content=\"720\" \/>\n\t<meta property=\"og:image:height\" content=\"432\" \/>\n\t<meta property=\"og:image:type\" content=\"image\/png\" \/>\n<meta name=\"author\" content=\"Tino Lago\" \/>\n<meta name=\"twitter:card\" content=\"summary_large_image\" \/>\n<meta name=\"twitter:creator\" content=\"@APeneira\" \/>\n<meta name=\"twitter:site\" content=\"@APeneira\" \/>\n<meta name=\"twitter:label1\" content=\"Escrito por\" \/>\n\t<meta name=\"twitter:data1\" content=\"Tino Lago\" \/>\n\t<meta name=\"twitter:label2\" content=\"Tempo de lectura\" \/>\n\t<meta name=\"twitter:data2\" content=\"6 minutos\" \/>\n<script type=\"application\/ld+json\" class=\"yoast-schema-graph\">{\"@context\":\"https:\\\/\\\/schema.org\",\"@graph\":[{\"@type\":\"Article\",\"@id\":\"https:\\\/\\\/www.anovapeneira.gal\\\/index.php\\\/2026\\\/01\\\/09\\\/a-rondalla-de-zamans-vai-de-cinema\\\/#article\",\"isPartOf\":{\"@id\":\"https:\\\/\\\/www.anovapeneira.gal\\\/index.php\\\/2026\\\/01\\\/09\\\/a-rondalla-de-zamans-vai-de-cinema\\\/\"},\"author\":{\"name\":\"Tino Lago\",\"@id\":\"https:\\\/\\\/www.anovapeneira.gal\\\/#\\\/schema\\\/person\\\/424dfe65e3070fd8a44d22d2c088762a\"},\"headline\":\"A Rondalla de Zam\u00e1ns vai de cinema\",\"datePublished\":\"2026-01-09T11:00:27+00:00\",\"mainEntityOfPage\":{\"@id\":\"https:\\\/\\\/www.anovapeneira.gal\\\/index.php\\\/2026\\\/01\\\/09\\\/a-rondalla-de-zamans-vai-de-cinema\\\/\"},\"wordCount\":1096,\"commentCount\":0,\"publisher\":{\"@id\":\"https:\\\/\\\/www.anovapeneira.gal\\\/#organization\"},\"image\":{\"@id\":\"https:\\\/\\\/www.anovapeneira.gal\\\/index.php\\\/2026\\\/01\\\/09\\\/a-rondalla-de-zamans-vai-de-cinema\\\/#primaryimage\"},\"thumbnailUrl\":\"https:\\\/\\\/www.anovapeneira.gal\\\/wp-content\\\/uploads\\\/2026\\\/01\\\/Rondalla_zamans.png\",\"articleSection\":[\"Artigo editorial\"],\"inLanguage\":\"gl-ES\",\"potentialAction\":[{\"@type\":\"CommentAction\",\"name\":\"Comment\",\"target\":[\"https:\\\/\\\/www.anovapeneira.gal\\\/index.php\\\/2026\\\/01\\\/09\\\/a-rondalla-de-zamans-vai-de-cinema\\\/#respond\"]}]},{\"@type\":\"WebPage\",\"@id\":\"https:\\\/\\\/www.anovapeneira.gal\\\/index.php\\\/2026\\\/01\\\/09\\\/a-rondalla-de-zamans-vai-de-cinema\\\/\",\"url\":\"https:\\\/\\\/www.anovapeneira.gal\\\/index.php\\\/2026\\\/01\\\/09\\\/a-rondalla-de-zamans-vai-de-cinema\\\/\",\"name\":\"A Rondalla de Zam\u00e1ns vai de cinema -\",\"isPartOf\":{\"@id\":\"https:\\\/\\\/www.anovapeneira.gal\\\/#website\"},\"primaryImageOfPage\":{\"@id\":\"https:\\\/\\\/www.anovapeneira.gal\\\/index.php\\\/2026\\\/01\\\/09\\\/a-rondalla-de-zamans-vai-de-cinema\\\/#primaryimage\"},\"image\":{\"@id\":\"https:\\\/\\\/www.anovapeneira.gal\\\/index.php\\\/2026\\\/01\\\/09\\\/a-rondalla-de-zamans-vai-de-cinema\\\/#primaryimage\"},\"thumbnailUrl\":\"https:\\\/\\\/www.anovapeneira.gal\\\/wp-content\\\/uploads\\\/2026\\\/01\\\/Rondalla_zamans.png\",\"datePublished\":\"2026-01-09T11:00:27+00:00\",\"breadcrumb\":{\"@id\":\"https:\\\/\\\/www.anovapeneira.gal\\\/index.php\\\/2026\\\/01\\\/09\\\/a-rondalla-de-zamans-vai-de-cinema\\\/#breadcrumb\"},\"inLanguage\":\"gl-ES\",\"potentialAction\":[{\"@type\":\"ReadAction\",\"target\":[\"https:\\\/\\\/www.anovapeneira.gal\\\/index.php\\\/2026\\\/01\\\/09\\\/a-rondalla-de-zamans-vai-de-cinema\\\/\"]}]},{\"@type\":\"ImageObject\",\"inLanguage\":\"gl-ES\",\"@id\":\"https:\\\/\\\/www.anovapeneira.gal\\\/index.php\\\/2026\\\/01\\\/09\\\/a-rondalla-de-zamans-vai-de-cinema\\\/#primaryimage\",\"url\":\"https:\\\/\\\/www.anovapeneira.gal\\\/wp-content\\\/uploads\\\/2026\\\/01\\\/Rondalla_zamans.png\",\"contentUrl\":\"https:\\\/\\\/www.anovapeneira.gal\\\/wp-content\\\/uploads\\\/2026\\\/01\\\/Rondalla_zamans.png\",\"width\":720,\"height\":432},{\"@type\":\"BreadcrumbList\",\"@id\":\"https:\\\/\\\/www.anovapeneira.gal\\\/index.php\\\/2026\\\/01\\\/09\\\/a-rondalla-de-zamans-vai-de-cinema\\\/#breadcrumb\",\"itemListElement\":[{\"@type\":\"ListItem\",\"position\":1,\"name\":\"Portada\",\"item\":\"https:\\\/\\\/www.anovapeneira.gal\\\/\"},{\"@type\":\"ListItem\",\"position\":2,\"name\":\"A Rondalla de Zam\u00e1ns vai de cinema\"}]},{\"@type\":\"WebSite\",\"@id\":\"https:\\\/\\\/www.anovapeneira.gal\\\/#website\",\"url\":\"https:\\\/\\\/www.anovapeneira.gal\\\/\",\"name\":\"\",\"description\":\"Xornal galego de informaci\u00f3n xeral Publicaci\u00f3n mensual de novas de Galicia e en especial dos Concellos da sur da provincia de Pontevedra.\",\"publisher\":{\"@id\":\"https:\\\/\\\/www.anovapeneira.gal\\\/#organization\"},\"potentialAction\":[{\"@type\":\"SearchAction\",\"target\":{\"@type\":\"EntryPoint\",\"urlTemplate\":\"https:\\\/\\\/www.anovapeneira.gal\\\/?s={search_term_string}\"},\"query-input\":{\"@type\":\"PropertyValueSpecification\",\"valueRequired\":true,\"valueName\":\"search_term_string\"}}],\"inLanguage\":\"gl-ES\"},{\"@type\":\"Organization\",\"@id\":\"https:\\\/\\\/www.anovapeneira.gal\\\/#organization\",\"name\":\"A Nova Peneira\",\"url\":\"https:\\\/\\\/www.anovapeneira.gal\\\/\",\"logo\":{\"@type\":\"ImageObject\",\"inLanguage\":\"gl-ES\",\"@id\":\"https:\\\/\\\/www.anovapeneira.gal\\\/#\\\/schema\\\/logo\\\/image\\\/\",\"url\":\"http:\\\/\\\/www.anovapeneira.gal\\\/wp-content\\\/uploads\\\/2019\\\/06\\\/logo_a_nova_peneira_portal_web.png\",\"contentUrl\":\"http:\\\/\\\/www.anovapeneira.gal\\\/wp-content\\\/uploads\\\/2019\\\/06\\\/logo_a_nova_peneira_portal_web.png\",\"width\":300,\"height\":100,\"caption\":\"A Nova Peneira\"},\"image\":{\"@id\":\"https:\\\/\\\/www.anovapeneira.gal\\\/#\\\/schema\\\/logo\\\/image\\\/\"},\"sameAs\":[\"https:\\\/\\\/www.facebook.com\\\/anovapeneira\",\"https:\\\/\\\/x.com\\\/APeneira\"]},{\"@type\":\"Person\",\"@id\":\"https:\\\/\\\/www.anovapeneira.gal\\\/#\\\/schema\\\/person\\\/424dfe65e3070fd8a44d22d2c088762a\",\"name\":\"Tino Lago\",\"image\":{\"@type\":\"ImageObject\",\"inLanguage\":\"gl-ES\",\"@id\":\"https:\\\/\\\/secure.gravatar.com\\\/avatar\\\/b3df6a06e44bab3111583b90f0f33a0379ee5e3d22cbadd232d39f21c30c62be?s=96&d=mm&r=g\",\"url\":\"https:\\\/\\\/secure.gravatar.com\\\/avatar\\\/b3df6a06e44bab3111583b90f0f33a0379ee5e3d22cbadd232d39f21c30c62be?s=96&d=mm&r=g\",\"contentUrl\":\"https:\\\/\\\/secure.gravatar.com\\\/avatar\\\/b3df6a06e44bab3111583b90f0f33a0379ee5e3d22cbadd232d39f21c30c62be?s=96&d=mm&r=g\",\"caption\":\"Tino Lago\"},\"sameAs\":[\"http:\\\/\\\/www.anovapeneira.gal\"],\"url\":\"https:\\\/\\\/www.anovapeneira.gal\\\/index.php\\\/author\\\/director\\\/\"}]}<\/script>\n<!-- \/ Yoast SEO plugin. -->","yoast_head_json":{"title":"A Rondalla de Zam\u00e1ns vai de cinema -","robots":{"index":"index","follow":"follow","max-snippet":"max-snippet:-1","max-image-preview":"max-image-preview:large","max-video-preview":"max-video-preview:-1"},"canonical":"https:\/\/www.anovapeneira.gal\/index.php\/2026\/01\/09\/a-rondalla-de-zamans-vai-de-cinema\/","og_locale":"gl_ES","og_type":"article","og_title":"A Rondalla de Zam\u00e1ns vai de cinema -","og_description":"Neste medio de comunicaci\u00f3n sempre defendemos, ao longo dos nosos 15 anos de historia, que a forza sociedade civil organizada \u00e9 imparable, e que o valor do traballo en comunidade fai mellores tanto \u00e1s persoas que desa maneira entenden a vida, como \u00e1 sociedade en xeral. [...]","og_url":"https:\/\/www.anovapeneira.gal\/index.php\/2026\/01\/09\/a-rondalla-de-zamans-vai-de-cinema\/","article_publisher":"https:\/\/www.facebook.com\/anovapeneira","article_published_time":"2026-01-09T11:00:27+00:00","og_image":[{"width":720,"height":432,"url":"https:\/\/www.anovapeneira.gal\/wp-content\/uploads\/2026\/01\/Rondalla_zamans.png","type":"image\/png"}],"author":"Tino Lago","twitter_card":"summary_large_image","twitter_creator":"@APeneira","twitter_site":"@APeneira","twitter_misc":{"Escrito por":"Tino Lago","Tempo de lectura":"6 minutos"},"schema":{"@context":"https:\/\/schema.org","@graph":[{"@type":"Article","@id":"https:\/\/www.anovapeneira.gal\/index.php\/2026\/01\/09\/a-rondalla-de-zamans-vai-de-cinema\/#article","isPartOf":{"@id":"https:\/\/www.anovapeneira.gal\/index.php\/2026\/01\/09\/a-rondalla-de-zamans-vai-de-cinema\/"},"author":{"name":"Tino Lago","@id":"https:\/\/www.anovapeneira.gal\/#\/schema\/person\/424dfe65e3070fd8a44d22d2c088762a"},"headline":"A Rondalla de Zam\u00e1ns vai de cinema","datePublished":"2026-01-09T11:00:27+00:00","mainEntityOfPage":{"@id":"https:\/\/www.anovapeneira.gal\/index.php\/2026\/01\/09\/a-rondalla-de-zamans-vai-de-cinema\/"},"wordCount":1096,"commentCount":0,"publisher":{"@id":"https:\/\/www.anovapeneira.gal\/#organization"},"image":{"@id":"https:\/\/www.anovapeneira.gal\/index.php\/2026\/01\/09\/a-rondalla-de-zamans-vai-de-cinema\/#primaryimage"},"thumbnailUrl":"https:\/\/www.anovapeneira.gal\/wp-content\/uploads\/2026\/01\/Rondalla_zamans.png","articleSection":["Artigo editorial"],"inLanguage":"gl-ES","potentialAction":[{"@type":"CommentAction","name":"Comment","target":["https:\/\/www.anovapeneira.gal\/index.php\/2026\/01\/09\/a-rondalla-de-zamans-vai-de-cinema\/#respond"]}]},{"@type":"WebPage","@id":"https:\/\/www.anovapeneira.gal\/index.php\/2026\/01\/09\/a-rondalla-de-zamans-vai-de-cinema\/","url":"https:\/\/www.anovapeneira.gal\/index.php\/2026\/01\/09\/a-rondalla-de-zamans-vai-de-cinema\/","name":"A Rondalla de Zam\u00e1ns vai de cinema -","isPartOf":{"@id":"https:\/\/www.anovapeneira.gal\/#website"},"primaryImageOfPage":{"@id":"https:\/\/www.anovapeneira.gal\/index.php\/2026\/01\/09\/a-rondalla-de-zamans-vai-de-cinema\/#primaryimage"},"image":{"@id":"https:\/\/www.anovapeneira.gal\/index.php\/2026\/01\/09\/a-rondalla-de-zamans-vai-de-cinema\/#primaryimage"},"thumbnailUrl":"https:\/\/www.anovapeneira.gal\/wp-content\/uploads\/2026\/01\/Rondalla_zamans.png","datePublished":"2026-01-09T11:00:27+00:00","breadcrumb":{"@id":"https:\/\/www.anovapeneira.gal\/index.php\/2026\/01\/09\/a-rondalla-de-zamans-vai-de-cinema\/#breadcrumb"},"inLanguage":"gl-ES","potentialAction":[{"@type":"ReadAction","target":["https:\/\/www.anovapeneira.gal\/index.php\/2026\/01\/09\/a-rondalla-de-zamans-vai-de-cinema\/"]}]},{"@type":"ImageObject","inLanguage":"gl-ES","@id":"https:\/\/www.anovapeneira.gal\/index.php\/2026\/01\/09\/a-rondalla-de-zamans-vai-de-cinema\/#primaryimage","url":"https:\/\/www.anovapeneira.gal\/wp-content\/uploads\/2026\/01\/Rondalla_zamans.png","contentUrl":"https:\/\/www.anovapeneira.gal\/wp-content\/uploads\/2026\/01\/Rondalla_zamans.png","width":720,"height":432},{"@type":"BreadcrumbList","@id":"https:\/\/www.anovapeneira.gal\/index.php\/2026\/01\/09\/a-rondalla-de-zamans-vai-de-cinema\/#breadcrumb","itemListElement":[{"@type":"ListItem","position":1,"name":"Portada","item":"https:\/\/www.anovapeneira.gal\/"},{"@type":"ListItem","position":2,"name":"A Rondalla de Zam\u00e1ns vai de cinema"}]},{"@type":"WebSite","@id":"https:\/\/www.anovapeneira.gal\/#website","url":"https:\/\/www.anovapeneira.gal\/","name":"","description":"Xornal galego de informaci\u00f3n xeral Publicaci\u00f3n mensual de novas de Galicia e en especial dos Concellos da sur da provincia de Pontevedra.","publisher":{"@id":"https:\/\/www.anovapeneira.gal\/#organization"},"potentialAction":[{"@type":"SearchAction","target":{"@type":"EntryPoint","urlTemplate":"https:\/\/www.anovapeneira.gal\/?s={search_term_string}"},"query-input":{"@type":"PropertyValueSpecification","valueRequired":true,"valueName":"search_term_string"}}],"inLanguage":"gl-ES"},{"@type":"Organization","@id":"https:\/\/www.anovapeneira.gal\/#organization","name":"A Nova Peneira","url":"https:\/\/www.anovapeneira.gal\/","logo":{"@type":"ImageObject","inLanguage":"gl-ES","@id":"https:\/\/www.anovapeneira.gal\/#\/schema\/logo\/image\/","url":"http:\/\/www.anovapeneira.gal\/wp-content\/uploads\/2019\/06\/logo_a_nova_peneira_portal_web.png","contentUrl":"http:\/\/www.anovapeneira.gal\/wp-content\/uploads\/2019\/06\/logo_a_nova_peneira_portal_web.png","width":300,"height":100,"caption":"A Nova Peneira"},"image":{"@id":"https:\/\/www.anovapeneira.gal\/#\/schema\/logo\/image\/"},"sameAs":["https:\/\/www.facebook.com\/anovapeneira","https:\/\/x.com\/APeneira"]},{"@type":"Person","@id":"https:\/\/www.anovapeneira.gal\/#\/schema\/person\/424dfe65e3070fd8a44d22d2c088762a","name":"Tino Lago","image":{"@type":"ImageObject","inLanguage":"gl-ES","@id":"https:\/\/secure.gravatar.com\/avatar\/b3df6a06e44bab3111583b90f0f33a0379ee5e3d22cbadd232d39f21c30c62be?s=96&d=mm&r=g","url":"https:\/\/secure.gravatar.com\/avatar\/b3df6a06e44bab3111583b90f0f33a0379ee5e3d22cbadd232d39f21c30c62be?s=96&d=mm&r=g","contentUrl":"https:\/\/secure.gravatar.com\/avatar\/b3df6a06e44bab3111583b90f0f33a0379ee5e3d22cbadd232d39f21c30c62be?s=96&d=mm&r=g","caption":"Tino Lago"},"sameAs":["http:\/\/www.anovapeneira.gal"],"url":"https:\/\/www.anovapeneira.gal\/index.php\/author\/director\/"}]}},"jetpack_featured_media_url":"https:\/\/www.anovapeneira.gal\/wp-content\/uploads\/2026\/01\/Rondalla_zamans.png","_links":{"self":[{"href":"https:\/\/www.anovapeneira.gal\/index.php\/wp-json\/wp\/v2\/posts\/15193","targetHints":{"allow":["GET"]}}],"collection":[{"href":"https:\/\/www.anovapeneira.gal\/index.php\/wp-json\/wp\/v2\/posts"}],"about":[{"href":"https:\/\/www.anovapeneira.gal\/index.php\/wp-json\/wp\/v2\/types\/post"}],"author":[{"embeddable":true,"href":"https:\/\/www.anovapeneira.gal\/index.php\/wp-json\/wp\/v2\/users\/2"}],"replies":[{"embeddable":true,"href":"https:\/\/www.anovapeneira.gal\/index.php\/wp-json\/wp\/v2\/comments?post=15193"}],"version-history":[{"count":1,"href":"https:\/\/www.anovapeneira.gal\/index.php\/wp-json\/wp\/v2\/posts\/15193\/revisions"}],"predecessor-version":[{"id":15196,"href":"https:\/\/www.anovapeneira.gal\/index.php\/wp-json\/wp\/v2\/posts\/15193\/revisions\/15196"}],"wp:featuredmedia":[{"embeddable":true,"href":"https:\/\/www.anovapeneira.gal\/index.php\/wp-json\/wp\/v2\/media\/15194"}],"wp:attachment":[{"href":"https:\/\/www.anovapeneira.gal\/index.php\/wp-json\/wp\/v2\/media?parent=15193"}],"wp:term":[{"taxonomy":"category","embeddable":true,"href":"https:\/\/www.anovapeneira.gal\/index.php\/wp-json\/wp\/v2\/categories?post=15193"},{"taxonomy":"post_tag","embeddable":true,"href":"https:\/\/www.anovapeneira.gal\/index.php\/wp-json\/wp\/v2\/tags?post=15193"}],"curies":[{"name":"wp","href":"https:\/\/api.w.org\/{rel}","templated":true}]}}