{"id":15199,"date":"2026-01-12T12:00:37","date_gmt":"2026-01-12T11:00:37","guid":{"rendered":"https:\/\/www.anovapeneira.gal\/?p=15199"},"modified":"2026-01-08T20:26:46","modified_gmt":"2026-01-08T19:26:46","slug":"venezuela","status":"publish","type":"post","link":"https:\/\/www.anovapeneira.gal\/index.php\/2026\/01\/12\/venezuela\/","title":{"rendered":"Venezuela"},"content":{"rendered":"\n<figure class=\"wp-block-image size-full is-resized\"><img loading=\"lazy\" decoding=\"async\" width=\"190\" height=\"222\" src=\"https:\/\/www.anovapeneira.gal\/wp-content\/uploads\/2019\/05\/tino_lago_director_a_nova_peneira.jpg\" alt=\"Tino Lago director a Nova Peneira\" class=\"wp-image-189\" style=\"width:86px;height:auto\"\/><figcaption class=\"wp-element-caption\">Tino Lago director a Nova Peneira<\/figcaption><\/figure>\n\n\n\n<p>Hugo Ch\u00e1vez chega ao poder en Venezuela en febreiro do ano 1999. Naquel momento nese pa\u00eds a pobreza afectaba aun 80% de poboaci\u00f3n , e a pobreza extrema era dun 20%.<\/p>\n\n\n\n<p>Os efectos das pol\u00edticas sociais implantadas polo goberno bolivariano pronto se fixeron notar na econom\u00eda do pa\u00eds, as\u00ed nos dous primeiros anos de goberno chavista produciuse unha grande mellor\u00eda tanto da inflaci\u00f3n como do PIB. Cando a situaci\u00f3n das clases populares mellora adoita acontecer un intento de reacci\u00f3n das oligarqu\u00edas que temen ver prexudicados os seus intereses, e as\u00ed se produciu en Venezuela un intento fracasado de golpe de estado contra o goberno lex\u00edtimo. Unha vez que o chavismo logra desbaratalo, e retomar o control pol\u00edtico do pa\u00eds, comeza a aplicaci\u00f3n dos programas \u201c Misiones\u201d.Este programa de redistribuci\u00f3n social en favor das clases m\u00e1is desfavorecidas dividiuse en tres partes:<\/p>\n\n\n\n<p>1)Barrio adentro. Ti\u00f1a por obxecto levar a atenci\u00f3n m\u00e9dica a todos os barrios do pa\u00eds.<\/p>\n\n\n\n<p>2) Robinson. Encargouse de alfabetizar aos segmentos de poboaci\u00f3n que non o estaban.<\/p>\n\n\n\n<p>3)Mercal. Distribu\u00edu alimentos a quen os precisaba.<\/p>\n\n\n\n<p>Os tres programas de atenci\u00f3n social foron financiados polos beneficios resultantes da venda do petr\u00f3leo. Estes beneficios deixaron de engrosar as contas de resultados das multinacionais petroleiras e das oligarqu\u00edas locais e pasaron a incidir directamente no ben com\u00fan do conxunto da poboaci\u00f3n. E os resultados foron absolutamente espectaculares, as\u00ed por exemplo entre o 2002 e o 2008 o PIB triplicouse e os \u00edndices de pobreza reduc\u00edronse de maneira significativa pasando do 80% da \u00e9poca pre Ch\u00e1vez ao 35%.Esta situaci\u00f3n fixo que os niveis de popularidade do chavismo aumentaran significativamente na poboaci\u00f3n e que ga\u00f1ase elecci\u00f3n tras elecci\u00f3n de maneira incontestable.<\/p>\n\n\n\n<p>Pero Hugo Ch\u00e1vez morreu o ano 2013, supostamente de cancro. E digo supostamente porque hai teor\u00edas que defenden que en realidade foi asasinado.<\/p>\n\n\n\n<p>O presidente falecido \u00e9 substitu\u00eddo por Nicol\u00e1s Maduro e comezan os problemas serios para o estado venezolano, basicamente res\u00famense en dous:<\/p>\n\n\n\n<p>&#8211; O menos importante: o prezo do petr\u00f3leo cae substancialmente<\/p>\n\n\n\n<p>-O m\u00e1is importante: Comeza o bloqueo econ\u00f3mico dos USA<\/p>\n\n\n\n<p>Foi o presidente Obama o primeiro que tomou a decisi\u00f3n de bloquear economicamente a Venezuela. A suposta natureza socialista do autor do famoso \u201c Yes we can\u201d non era outra cousa que propaganda. Nun contexto no que o capital imp\u00f3n as regras de funcionamento e de organizaci\u00f3n social calquera, ou case calquera, administraci\u00f3n sucumbe \u00e1s s\u00faas directrices. Un pol\u00edtico estadounidense que si parece de verdade de esquerdas \u00e9 o senador Bernie Sanders. Este veterano activista, l\u00facido e cabal, foi candidato \u00e1s primarias do partido dem\u00f3crata en varias ocasi\u00f3ns. Sempre foi o mellor dos candidatos que se presentaron e sempre sa\u00edu derrotado porque o capital nunca vai permitir que un tipo que se declara abertamente como socialista poida ter poder pol\u00edtico.<\/p>\n\n\n\n<p>A partir do bloqueo econ\u00f3mico impulsado por Obama todo comezou a ir a peor para Venezuela. No ano 2016 houbo unha suba do prezo do cru que pareceu apuntar certa esperanza na recuperaci\u00f3n, pero as presi\u00f3ns e sanci\u00f3ns norteamericanas impediron que Venezuela puidese producir e vender petr\u00f3leo con normalidade e a situaci\u00f3n complicouse de maneira total ata chegar ao ano 2019.Nese ano o presidente Trump comeza o seu primeiro mandato e decreta o bloqueo total da econom\u00eda venezolana. O pa\u00eds \u00e9 expulsado do sistema SWIFT, nunha decisi\u00f3n que ao meu xu\u00edzo bordea o criminal, e o estado na pr\u00e1ctica vese na imposibilidade de facer case calquera xesti\u00f3n comercial transfonteiriza. \u00c9 dicir Venezuela non pode nin comprar nin vender nada f\u00f3ra das s\u00faas propias fronteiras, pois este sistema de comunicaci\u00f3n entre bancos de distintos pa\u00edses \u00e9 case obrigatorio para poder comerciar. \u00c9 un instrumento que ten o capital para ter controlados aos gobernos que non queren obedecer os seus mandatos.<\/p>\n\n\n\n<p>Por mor das sanci\u00f3ns, Venezuela non pode producir, nin comprar nin vender nada e a consecuencia \u00e9 inevitable: chega o colapso econ\u00f3mico e unha inflaci\u00f3n estratosf\u00e9rica que provoca unha di\u00e1spora masiva.<\/p>\n\n\n\n<p>Nos \u00faltimos anos m\u00e1is de 7 mill\u00f3ns de venezolanos e venezolanas v\u00edronse na obriga de abandonar o pa\u00eds para poder buscar un lugar no que vivir dignamente.<\/p>\n\n\n\n<p>Moitos destes migrantes foron a USA impulsados pola administraci\u00f3n norteamericana que lles daba un Status Temporal de Protecci\u00f3n que lles permit\u00eda vivir e traballar nese pa\u00eds. No momento actual ese status foille retirado polo s\u00e1trapa Trump e 600.000 deles foron guindados ao lixo como se fosen cousas utilizadas en funci\u00f3n dos intereses pol\u00edticos.<\/p>\n\n\n\n<p>No momento de escribir este artigo os USA ven de desenvolver unha acci\u00f3n militar que acabou co secuestro do presidente da Rep\u00fablica Nicol\u00e1s Maduro e da s\u00faa esposa Cilia Flores.<\/p>\n\n\n\n<p>O que parec\u00eda a fin do chavismo e a entrega do pa\u00eds \u00e1 oligarqu\u00eda econ\u00f3mica local pois vai ser que non. O propio Trump di que a l\u00edder da oposici\u00f3n non ten os apoios suficientes para ser presidenta de Venezuela. Pero en que quedamos se\u00f1ores do PP, non era que a oposici\u00f3n ga\u00f1ou as elecci\u00f3ns e a s\u00faa vitoria foille roubada pola tiran\u00eda chavista?..Se ga\u00f1aron como \u00e9 que non te\u00f1en os apoios suficientes?<\/p>\n\n\n\n<p>\u00c9 dif\u00edcil adivi\u00f1ar o que vai acontecer no futuro. Todo parece apuntar que o chavismo seguir\u00e1 controlando o pa\u00eds pero cunha pistola na cabeza para obrigarlles a que os seus recursos naturais sexan esquilmados pola oligarqu\u00eda econ\u00f3mica norteamericana.<\/p>\n\n\n\n<p>O negocio \u00e9 perfecto para os ianquis:qu\u00e9danse coa pasta evitando despregar soldados no terreo e sumir a Venezuela nunha situaci\u00f3n de guerra coas conseguintes baixas de soldados norteamericanos.<\/p>\n\n\n\n<p>A operaci\u00f3n militar para secuestrar a Maduro resultou sorprendentemente doada, se \u00e9 verdade o que nos contan. Ao respecto diso te\u00f1o lido distintas teor\u00edas sobre conspiraci\u00f3ns, traiz\u00f3ns e intrigas diversas. D\u00e1me igual, non vou especular un segundo sobre ese asunto porque a situaci\u00f3n de Venezuela s\u00f3 ten un responsable: O imperialismo, fillo do que \u00e9 a ra\u00edz de todo mal : O capitalismo.<\/p>\n\n\n\n<p>Venezuela libre. Nicol\u00e1s Maduro Libre. Cilia Flores Libre.<\/p>\n","protected":false},"excerpt":{"rendered":"<div class=\"mh-excerpt\"><p>Hugo Ch\u00e1vez chega ao poder en Venezuela en febreiro do ano 1999. Naquel momento nese pa\u00eds a pobreza afectaba aun 80% de poboaci\u00f3n , e a pobreza extrema era dun 20% <a class=\"mh-excerpt-more\" href=\"https:\/\/www.anovapeneira.gal\/index.php\/2026\/01\/12\/venezuela\/\" title=\"Venezuela\">[&#8230;]<\/a><\/p>\n<\/div>","protected":false},"author":2,"featured_media":15200,"comment_status":"open","ping_status":"open","sticky":false,"template":"","format":"standard","meta":{"_exactmetrics_skip_tracking":false,"_exactmetrics_sitenote_active":false,"_exactmetrics_sitenote_note":"","_exactmetrics_sitenote_category":0,"footnotes":""},"categories":[7],"tags":[],"class_list":{"0":"post-15199","1":"post","2":"type-post","3":"status-publish","4":"format-standard","5":"has-post-thumbnail","7":"category-artigos-de-opinion"},"yoast_head":"<!-- This site is optimized with the Yoast SEO plugin v27.4 - https:\/\/yoast.com\/product\/yoast-seo-wordpress\/ -->\n<title>Venezuela -<\/title>\n<meta name=\"robots\" content=\"index, follow, max-snippet:-1, max-image-preview:large, max-video-preview:-1\" \/>\n<link rel=\"canonical\" href=\"https:\/\/www.anovapeneira.gal\/index.php\/2026\/01\/12\/venezuela\/\" \/>\n<meta property=\"og:locale\" content=\"gl_ES\" \/>\n<meta property=\"og:type\" content=\"article\" \/>\n<meta property=\"og:title\" content=\"Venezuela -\" \/>\n<meta property=\"og:description\" content=\"Hugo Ch\u00e1vez chega ao poder en Venezuela en febreiro do ano 1999. Naquel momento nese pa\u00eds a pobreza afectaba aun 80% de poboaci\u00f3n , e a pobreza extrema era dun 20% [...]\" \/>\n<meta property=\"og:url\" content=\"https:\/\/www.anovapeneira.gal\/index.php\/2026\/01\/12\/venezuela\/\" \/>\n<meta property=\"article:publisher\" content=\"https:\/\/www.facebook.com\/anovapeneira\" \/>\n<meta property=\"article:published_time\" content=\"2026-01-12T11:00:37+00:00\" \/>\n<meta property=\"og:image\" content=\"https:\/\/www.anovapeneira.gal\/wp-content\/uploads\/2026\/01\/venezuela.jpg\" \/>\n\t<meta property=\"og:image:width\" content=\"720\" \/>\n\t<meta property=\"og:image:height\" content=\"432\" \/>\n\t<meta property=\"og:image:type\" content=\"image\/jpeg\" \/>\n<meta name=\"author\" content=\"Tino Lago\" \/>\n<meta name=\"twitter:card\" content=\"summary_large_image\" \/>\n<meta name=\"twitter:creator\" content=\"@APeneira\" \/>\n<meta name=\"twitter:site\" content=\"@APeneira\" \/>\n<meta name=\"twitter:label1\" content=\"Escrito por\" \/>\n\t<meta name=\"twitter:data1\" content=\"Tino Lago\" \/>\n\t<meta name=\"twitter:label2\" content=\"Tempo de lectura\" \/>\n\t<meta name=\"twitter:data2\" content=\"6 minutos\" \/>\n<script type=\"application\/ld+json\" class=\"yoast-schema-graph\">{\"@context\":\"https:\\\/\\\/schema.org\",\"@graph\":[{\"@type\":\"Article\",\"@id\":\"https:\\\/\\\/www.anovapeneira.gal\\\/index.php\\\/2026\\\/01\\\/12\\\/venezuela\\\/#article\",\"isPartOf\":{\"@id\":\"https:\\\/\\\/www.anovapeneira.gal\\\/index.php\\\/2026\\\/01\\\/12\\\/venezuela\\\/\"},\"author\":{\"name\":\"Tino Lago\",\"@id\":\"https:\\\/\\\/www.anovapeneira.gal\\\/#\\\/schema\\\/person\\\/424dfe65e3070fd8a44d22d2c088762a\"},\"headline\":\"Venezuela\",\"datePublished\":\"2026-01-12T11:00:37+00:00\",\"mainEntityOfPage\":{\"@id\":\"https:\\\/\\\/www.anovapeneira.gal\\\/index.php\\\/2026\\\/01\\\/12\\\/venezuela\\\/\"},\"wordCount\":1071,\"commentCount\":0,\"publisher\":{\"@id\":\"https:\\\/\\\/www.anovapeneira.gal\\\/#organization\"},\"image\":{\"@id\":\"https:\\\/\\\/www.anovapeneira.gal\\\/index.php\\\/2026\\\/01\\\/12\\\/venezuela\\\/#primaryimage\"},\"thumbnailUrl\":\"https:\\\/\\\/www.anovapeneira.gal\\\/wp-content\\\/uploads\\\/2026\\\/01\\\/venezuela.jpg\",\"articleSection\":[\"Artigos de opini\u00f3n\"],\"inLanguage\":\"gl-ES\",\"potentialAction\":[{\"@type\":\"CommentAction\",\"name\":\"Comment\",\"target\":[\"https:\\\/\\\/www.anovapeneira.gal\\\/index.php\\\/2026\\\/01\\\/12\\\/venezuela\\\/#respond\"]}]},{\"@type\":\"WebPage\",\"@id\":\"https:\\\/\\\/www.anovapeneira.gal\\\/index.php\\\/2026\\\/01\\\/12\\\/venezuela\\\/\",\"url\":\"https:\\\/\\\/www.anovapeneira.gal\\\/index.php\\\/2026\\\/01\\\/12\\\/venezuela\\\/\",\"name\":\"Venezuela -\",\"isPartOf\":{\"@id\":\"https:\\\/\\\/www.anovapeneira.gal\\\/#website\"},\"primaryImageOfPage\":{\"@id\":\"https:\\\/\\\/www.anovapeneira.gal\\\/index.php\\\/2026\\\/01\\\/12\\\/venezuela\\\/#primaryimage\"},\"image\":{\"@id\":\"https:\\\/\\\/www.anovapeneira.gal\\\/index.php\\\/2026\\\/01\\\/12\\\/venezuela\\\/#primaryimage\"},\"thumbnailUrl\":\"https:\\\/\\\/www.anovapeneira.gal\\\/wp-content\\\/uploads\\\/2026\\\/01\\\/venezuela.jpg\",\"datePublished\":\"2026-01-12T11:00:37+00:00\",\"breadcrumb\":{\"@id\":\"https:\\\/\\\/www.anovapeneira.gal\\\/index.php\\\/2026\\\/01\\\/12\\\/venezuela\\\/#breadcrumb\"},\"inLanguage\":\"gl-ES\",\"potentialAction\":[{\"@type\":\"ReadAction\",\"target\":[\"https:\\\/\\\/www.anovapeneira.gal\\\/index.php\\\/2026\\\/01\\\/12\\\/venezuela\\\/\"]}]},{\"@type\":\"ImageObject\",\"inLanguage\":\"gl-ES\",\"@id\":\"https:\\\/\\\/www.anovapeneira.gal\\\/index.php\\\/2026\\\/01\\\/12\\\/venezuela\\\/#primaryimage\",\"url\":\"https:\\\/\\\/www.anovapeneira.gal\\\/wp-content\\\/uploads\\\/2026\\\/01\\\/venezuela.jpg\",\"contentUrl\":\"https:\\\/\\\/www.anovapeneira.gal\\\/wp-content\\\/uploads\\\/2026\\\/01\\\/venezuela.jpg\",\"width\":720,\"height\":432},{\"@type\":\"BreadcrumbList\",\"@id\":\"https:\\\/\\\/www.anovapeneira.gal\\\/index.php\\\/2026\\\/01\\\/12\\\/venezuela\\\/#breadcrumb\",\"itemListElement\":[{\"@type\":\"ListItem\",\"position\":1,\"name\":\"Portada\",\"item\":\"https:\\\/\\\/www.anovapeneira.gal\\\/\"},{\"@type\":\"ListItem\",\"position\":2,\"name\":\"Venezuela\"}]},{\"@type\":\"WebSite\",\"@id\":\"https:\\\/\\\/www.anovapeneira.gal\\\/#website\",\"url\":\"https:\\\/\\\/www.anovapeneira.gal\\\/\",\"name\":\"\",\"description\":\"Xornal galego de informaci\u00f3n xeral Publicaci\u00f3n mensual de novas de Galicia e en especial dos Concellos da sur da provincia de Pontevedra.\",\"publisher\":{\"@id\":\"https:\\\/\\\/www.anovapeneira.gal\\\/#organization\"},\"potentialAction\":[{\"@type\":\"SearchAction\",\"target\":{\"@type\":\"EntryPoint\",\"urlTemplate\":\"https:\\\/\\\/www.anovapeneira.gal\\\/?s={search_term_string}\"},\"query-input\":{\"@type\":\"PropertyValueSpecification\",\"valueRequired\":true,\"valueName\":\"search_term_string\"}}],\"inLanguage\":\"gl-ES\"},{\"@type\":\"Organization\",\"@id\":\"https:\\\/\\\/www.anovapeneira.gal\\\/#organization\",\"name\":\"A Nova Peneira\",\"url\":\"https:\\\/\\\/www.anovapeneira.gal\\\/\",\"logo\":{\"@type\":\"ImageObject\",\"inLanguage\":\"gl-ES\",\"@id\":\"https:\\\/\\\/www.anovapeneira.gal\\\/#\\\/schema\\\/logo\\\/image\\\/\",\"url\":\"http:\\\/\\\/www.anovapeneira.gal\\\/wp-content\\\/uploads\\\/2019\\\/06\\\/logo_a_nova_peneira_portal_web.png\",\"contentUrl\":\"http:\\\/\\\/www.anovapeneira.gal\\\/wp-content\\\/uploads\\\/2019\\\/06\\\/logo_a_nova_peneira_portal_web.png\",\"width\":300,\"height\":100,\"caption\":\"A Nova Peneira\"},\"image\":{\"@id\":\"https:\\\/\\\/www.anovapeneira.gal\\\/#\\\/schema\\\/logo\\\/image\\\/\"},\"sameAs\":[\"https:\\\/\\\/www.facebook.com\\\/anovapeneira\",\"https:\\\/\\\/x.com\\\/APeneira\"]},{\"@type\":\"Person\",\"@id\":\"https:\\\/\\\/www.anovapeneira.gal\\\/#\\\/schema\\\/person\\\/424dfe65e3070fd8a44d22d2c088762a\",\"name\":\"Tino Lago\",\"image\":{\"@type\":\"ImageObject\",\"inLanguage\":\"gl-ES\",\"@id\":\"https:\\\/\\\/secure.gravatar.com\\\/avatar\\\/b3df6a06e44bab3111583b90f0f33a0379ee5e3d22cbadd232d39f21c30c62be?s=96&d=mm&r=g\",\"url\":\"https:\\\/\\\/secure.gravatar.com\\\/avatar\\\/b3df6a06e44bab3111583b90f0f33a0379ee5e3d22cbadd232d39f21c30c62be?s=96&d=mm&r=g\",\"contentUrl\":\"https:\\\/\\\/secure.gravatar.com\\\/avatar\\\/b3df6a06e44bab3111583b90f0f33a0379ee5e3d22cbadd232d39f21c30c62be?s=96&d=mm&r=g\",\"caption\":\"Tino Lago\"},\"sameAs\":[\"http:\\\/\\\/www.anovapeneira.gal\"],\"url\":\"https:\\\/\\\/www.anovapeneira.gal\\\/index.php\\\/author\\\/director\\\/\"}]}<\/script>\n<!-- \/ Yoast SEO plugin. -->","yoast_head_json":{"title":"Venezuela -","robots":{"index":"index","follow":"follow","max-snippet":"max-snippet:-1","max-image-preview":"max-image-preview:large","max-video-preview":"max-video-preview:-1"},"canonical":"https:\/\/www.anovapeneira.gal\/index.php\/2026\/01\/12\/venezuela\/","og_locale":"gl_ES","og_type":"article","og_title":"Venezuela -","og_description":"Hugo Ch\u00e1vez chega ao poder en Venezuela en febreiro do ano 1999. Naquel momento nese pa\u00eds a pobreza afectaba aun 80% de poboaci\u00f3n , e a pobreza extrema era dun 20% [...]","og_url":"https:\/\/www.anovapeneira.gal\/index.php\/2026\/01\/12\/venezuela\/","article_publisher":"https:\/\/www.facebook.com\/anovapeneira","article_published_time":"2026-01-12T11:00:37+00:00","og_image":[{"width":720,"height":432,"url":"https:\/\/www.anovapeneira.gal\/wp-content\/uploads\/2026\/01\/venezuela.jpg","type":"image\/jpeg"}],"author":"Tino Lago","twitter_card":"summary_large_image","twitter_creator":"@APeneira","twitter_site":"@APeneira","twitter_misc":{"Escrito por":"Tino Lago","Tempo de lectura":"6 minutos"},"schema":{"@context":"https:\/\/schema.org","@graph":[{"@type":"Article","@id":"https:\/\/www.anovapeneira.gal\/index.php\/2026\/01\/12\/venezuela\/#article","isPartOf":{"@id":"https:\/\/www.anovapeneira.gal\/index.php\/2026\/01\/12\/venezuela\/"},"author":{"name":"Tino Lago","@id":"https:\/\/www.anovapeneira.gal\/#\/schema\/person\/424dfe65e3070fd8a44d22d2c088762a"},"headline":"Venezuela","datePublished":"2026-01-12T11:00:37+00:00","mainEntityOfPage":{"@id":"https:\/\/www.anovapeneira.gal\/index.php\/2026\/01\/12\/venezuela\/"},"wordCount":1071,"commentCount":0,"publisher":{"@id":"https:\/\/www.anovapeneira.gal\/#organization"},"image":{"@id":"https:\/\/www.anovapeneira.gal\/index.php\/2026\/01\/12\/venezuela\/#primaryimage"},"thumbnailUrl":"https:\/\/www.anovapeneira.gal\/wp-content\/uploads\/2026\/01\/venezuela.jpg","articleSection":["Artigos de opini\u00f3n"],"inLanguage":"gl-ES","potentialAction":[{"@type":"CommentAction","name":"Comment","target":["https:\/\/www.anovapeneira.gal\/index.php\/2026\/01\/12\/venezuela\/#respond"]}]},{"@type":"WebPage","@id":"https:\/\/www.anovapeneira.gal\/index.php\/2026\/01\/12\/venezuela\/","url":"https:\/\/www.anovapeneira.gal\/index.php\/2026\/01\/12\/venezuela\/","name":"Venezuela -","isPartOf":{"@id":"https:\/\/www.anovapeneira.gal\/#website"},"primaryImageOfPage":{"@id":"https:\/\/www.anovapeneira.gal\/index.php\/2026\/01\/12\/venezuela\/#primaryimage"},"image":{"@id":"https:\/\/www.anovapeneira.gal\/index.php\/2026\/01\/12\/venezuela\/#primaryimage"},"thumbnailUrl":"https:\/\/www.anovapeneira.gal\/wp-content\/uploads\/2026\/01\/venezuela.jpg","datePublished":"2026-01-12T11:00:37+00:00","breadcrumb":{"@id":"https:\/\/www.anovapeneira.gal\/index.php\/2026\/01\/12\/venezuela\/#breadcrumb"},"inLanguage":"gl-ES","potentialAction":[{"@type":"ReadAction","target":["https:\/\/www.anovapeneira.gal\/index.php\/2026\/01\/12\/venezuela\/"]}]},{"@type":"ImageObject","inLanguage":"gl-ES","@id":"https:\/\/www.anovapeneira.gal\/index.php\/2026\/01\/12\/venezuela\/#primaryimage","url":"https:\/\/www.anovapeneira.gal\/wp-content\/uploads\/2026\/01\/venezuela.jpg","contentUrl":"https:\/\/www.anovapeneira.gal\/wp-content\/uploads\/2026\/01\/venezuela.jpg","width":720,"height":432},{"@type":"BreadcrumbList","@id":"https:\/\/www.anovapeneira.gal\/index.php\/2026\/01\/12\/venezuela\/#breadcrumb","itemListElement":[{"@type":"ListItem","position":1,"name":"Portada","item":"https:\/\/www.anovapeneira.gal\/"},{"@type":"ListItem","position":2,"name":"Venezuela"}]},{"@type":"WebSite","@id":"https:\/\/www.anovapeneira.gal\/#website","url":"https:\/\/www.anovapeneira.gal\/","name":"","description":"Xornal galego de informaci\u00f3n xeral Publicaci\u00f3n mensual de novas de Galicia e en especial dos Concellos da sur da provincia de Pontevedra.","publisher":{"@id":"https:\/\/www.anovapeneira.gal\/#organization"},"potentialAction":[{"@type":"SearchAction","target":{"@type":"EntryPoint","urlTemplate":"https:\/\/www.anovapeneira.gal\/?s={search_term_string}"},"query-input":{"@type":"PropertyValueSpecification","valueRequired":true,"valueName":"search_term_string"}}],"inLanguage":"gl-ES"},{"@type":"Organization","@id":"https:\/\/www.anovapeneira.gal\/#organization","name":"A Nova Peneira","url":"https:\/\/www.anovapeneira.gal\/","logo":{"@type":"ImageObject","inLanguage":"gl-ES","@id":"https:\/\/www.anovapeneira.gal\/#\/schema\/logo\/image\/","url":"http:\/\/www.anovapeneira.gal\/wp-content\/uploads\/2019\/06\/logo_a_nova_peneira_portal_web.png","contentUrl":"http:\/\/www.anovapeneira.gal\/wp-content\/uploads\/2019\/06\/logo_a_nova_peneira_portal_web.png","width":300,"height":100,"caption":"A Nova Peneira"},"image":{"@id":"https:\/\/www.anovapeneira.gal\/#\/schema\/logo\/image\/"},"sameAs":["https:\/\/www.facebook.com\/anovapeneira","https:\/\/x.com\/APeneira"]},{"@type":"Person","@id":"https:\/\/www.anovapeneira.gal\/#\/schema\/person\/424dfe65e3070fd8a44d22d2c088762a","name":"Tino Lago","image":{"@type":"ImageObject","inLanguage":"gl-ES","@id":"https:\/\/secure.gravatar.com\/avatar\/b3df6a06e44bab3111583b90f0f33a0379ee5e3d22cbadd232d39f21c30c62be?s=96&d=mm&r=g","url":"https:\/\/secure.gravatar.com\/avatar\/b3df6a06e44bab3111583b90f0f33a0379ee5e3d22cbadd232d39f21c30c62be?s=96&d=mm&r=g","contentUrl":"https:\/\/secure.gravatar.com\/avatar\/b3df6a06e44bab3111583b90f0f33a0379ee5e3d22cbadd232d39f21c30c62be?s=96&d=mm&r=g","caption":"Tino Lago"},"sameAs":["http:\/\/www.anovapeneira.gal"],"url":"https:\/\/www.anovapeneira.gal\/index.php\/author\/director\/"}]}},"jetpack_featured_media_url":"https:\/\/www.anovapeneira.gal\/wp-content\/uploads\/2026\/01\/venezuela.jpg","_links":{"self":[{"href":"https:\/\/www.anovapeneira.gal\/index.php\/wp-json\/wp\/v2\/posts\/15199","targetHints":{"allow":["GET"]}}],"collection":[{"href":"https:\/\/www.anovapeneira.gal\/index.php\/wp-json\/wp\/v2\/posts"}],"about":[{"href":"https:\/\/www.anovapeneira.gal\/index.php\/wp-json\/wp\/v2\/types\/post"}],"author":[{"embeddable":true,"href":"https:\/\/www.anovapeneira.gal\/index.php\/wp-json\/wp\/v2\/users\/2"}],"replies":[{"embeddable":true,"href":"https:\/\/www.anovapeneira.gal\/index.php\/wp-json\/wp\/v2\/comments?post=15199"}],"version-history":[{"count":1,"href":"https:\/\/www.anovapeneira.gal\/index.php\/wp-json\/wp\/v2\/posts\/15199\/revisions"}],"predecessor-version":[{"id":15201,"href":"https:\/\/www.anovapeneira.gal\/index.php\/wp-json\/wp\/v2\/posts\/15199\/revisions\/15201"}],"wp:featuredmedia":[{"embeddable":true,"href":"https:\/\/www.anovapeneira.gal\/index.php\/wp-json\/wp\/v2\/media\/15200"}],"wp:attachment":[{"href":"https:\/\/www.anovapeneira.gal\/index.php\/wp-json\/wp\/v2\/media?parent=15199"}],"wp:term":[{"taxonomy":"category","embeddable":true,"href":"https:\/\/www.anovapeneira.gal\/index.php\/wp-json\/wp\/v2\/categories?post=15199"},{"taxonomy":"post_tag","embeddable":true,"href":"https:\/\/www.anovapeneira.gal\/index.php\/wp-json\/wp\/v2\/tags?post=15199"}],"curies":[{"name":"wp","href":"https:\/\/api.w.org\/{rel}","templated":true}]}}