{"id":15204,"date":"2026-01-13T12:00:16","date_gmt":"2026-01-13T11:00:16","guid":{"rendered":"https:\/\/www.anovapeneira.gal\/?p=15204"},"modified":"2026-01-09T11:00:44","modified_gmt":"2026-01-09T10:00:44","slug":"o-bng-responsabilia-ao-goberno-de-digna-rivas-de-nula-supervision-do-aparcadoiro-a-xunqueira","status":"publish","type":"post","link":"https:\/\/www.anovapeneira.gal\/index.php\/2026\/01\/13\/o-bng-responsabilia-ao-goberno-de-digna-rivas-de-nula-supervision-do-aparcadoiro-a-xunqueira\/","title":{"rendered":"O BNG responsabilia ao goberno de Digna Rivas de nula supervisi\u00f3n do aparcadoiro A Xunqueira"},"content":{"rendered":"\n<p><em><strong>Xo\u00e1n Carlos Gonz\u00e1lez, \u201csuba de prezos e obras sen autorizaci\u00f3n municipal, un canon anual de s\u00f3 9.000\u20ac, condici\u00f3ns moi ventaxosas para a empresa\u201d<\/strong><\/em><\/p>\n\n\n\n<p>A necesidade de realizar unha supervisi\u00f3n constante sobre as empresas que xestionan servizos p\u00fablicos municipais, convertirase nun dos eixos do traballo da organizaci\u00f3n nacionalista no ano 2026. Nesta li\u00f1a exixen ao goberno de Digna Rivas seguemento sobre a concesionaria do aparcadoiro p\u00fablico da Xunqueira en Redondela. \u201cO goberno municipal desent\u00e9ndese de controlar calquera cuesti\u00f3n que te\u00f1a que ver con este aparcadoiro\u201d, afirman. Para o BNG tr\u00e1tase dunha nova mostra da irresponsabilidade deste goberno que como propietario permiten que a empresa act\u00fae sen control nun establecemento p\u00fablico.<\/p>\n\n\n\n<p>A concesi\u00f3n data do ano 1996, suxeita a unhas cl\u00e1usulas que a empresa est\u00e1 obrigada a cumprir. \u201cTanto a suba de prezos e tarifas que se realiza anualmente, como as distintas obras levadas a cabo deben contar coa autorizaci\u00f3n municipal\u201d, sinala o voceiro nacionalista Xo\u00e1n Carlos Gonz\u00e1lez.<\/p>\n\n\n\n<p>As diferentes subas de prezos dos \u00faltimos anos polo uso do aparcadoiro p\u00fablico da Xunqueira, non contan co aval do concello, \u201cporque simplemente non se comunicou e porque a alcaldesa non se interesou\u201d, afirma o edil nacionalista. Mesmo cuestiona que as actualizaci\u00f3ns de tarifas que se levaron a cabo nos \u00faltimos anos, se realizaran segundo o recollido nas cl\u00e1usulas do contrato.<\/p>\n\n\n\n<p>Sinala igualmente as obras realizadas para a instalaci\u00f3n de aparcadoiro para veh\u00edculos el\u00e9ctricos, tam\u00e9n supo\u00f1en para o voceiro nacionalista o incumplimento dos acordos recollidos no contrato de concesi\u00f3n. \u201cTr\u00e1tase de obras moi importantes como para que o concello estea formalmente informado e conceda a autorizaci\u00f3n. Tr\u00e1tase dunha nova tarifaci\u00f3n posto que os veh\u00edculos estacionados nestas prazas pagan por recarga\u201d, sinala.<\/p>\n\n\n\n<p>Neste apartado Xo\u00e1n Carlos Gonz\u00e1lez fala adem\u00e1is de deixadez de funci\u00f3ns do goberno municipal, \u201cde connivencia coa empresa\u201d. Hai varios meses que o goberno municipal renunciou a prestar o servizo de recarga no Paseo da Xunqueira, co que se beneficia directamente \u00e1 empresa que asume a xesti\u00f3n do aparcadoiro, denuncia.<\/p>\n\n\n\n<p>Insta Xo\u00e1n Carlos Gonz\u00e1lez \u00e1 alcaldesa Digna Rivas a realizar unha revisi\u00f3n do canon que a empresa ingresa ao concello. \u201cNa actualidade tr\u00e1tase de 9.000\u20ac, o que nos parece totalmente rid\u00edculo, polo que faise necesaria unha revisi\u00f3n destos ingresos\u201d. \u201cReclamamos que se leve a cabo unha auditor\u00eda por parte do goberno municipal sobre a situaci\u00f3n do contrato da xesti\u00f3n do aparcamento da Xunqueira\u201d, anuncia o voceiro do BNG. Considera que tendo en conta os resultados da mesma, poder\u00eda reformularse a concesi\u00f3n que nin m\u00e1is nin menos estableceuse en tempos de maior\u00eda absoluta do PSOE, en noventa e nove anos.<\/p>\n\n\n\n<p>A empresa concesionaria do aparcadoiro da Xunqueira, est\u00e1 obrigada a unha comunicaci\u00f3n ao concello das diferentes subas de prezos. O concello como propietario debe facer un control exhaustivo de todo o que sucede nestas instalaci\u00f3ns. \u201cDende a alcald\u00eda deber\u00edanse dictar instruccci\u00f3ns para fiscalizar \u00e1 empresa, responsabilidade \u00e1 que se renunciou nos \u00faltimos anos\u201d insiste Xo\u00e1n Carlos Gonz\u00e1lez.<\/p>\n\n\n\n<p>Denuncia Xo\u00e1n Carlos Gonz\u00e1lez o silencio c\u00f3mplice de Javier Bas e o Partido Popular, que est\u00e1 perfectamente ao tanto destas irregularidades, e miran para outro lado.<\/p>\n\n\n\n<p>\u201cAtop\u00e1monos claramente nunha nova renuncia das competencias e responsabilidades do goberno de Digna Rivas\u201d, denuncia.<\/p>\n\n\n\n<p>Afirma a necesidade dun goberno responsable que faga cumplir con todas as garant\u00edas os contratos das empresas que traballan para o concello. \u201cUn goberno comprometido cos intereses dos e das redondel\u00e1s deber\u00eda estudiar v\u00edas para recuperar e xestionar directamente o servizo, como no caso do aparcadoiro da Xunqueira\u201d, insiste Xo\u00e1n Carlos Gonz\u00e1lez.<\/p>\n","protected":false},"excerpt":{"rendered":"<div class=\"mh-excerpt\"><p>Xo\u00e1n Carlos Gonz\u00e1lez, \u201csuba de prezos e obras sen autorizaci\u00f3n municipal, un canon anual de s\u00f3 9.000\u20ac, condici\u00f3ns moi ventaxosas para a empresa\u201d <a class=\"mh-excerpt-more\" href=\"https:\/\/www.anovapeneira.gal\/index.php\/2026\/01\/13\/o-bng-responsabilia-ao-goberno-de-digna-rivas-de-nula-supervision-do-aparcadoiro-a-xunqueira\/\" title=\"O BNG responsabilia ao goberno de Digna Rivas de nula supervisi\u00f3n do aparcadoiro A Xunqueira\">[&#8230;]<\/a><\/p>\n<\/div>","protected":false},"author":3,"featured_media":13123,"comment_status":"open","ping_status":"open","sticky":false,"template":"","format":"standard","meta":{"_exactmetrics_skip_tracking":false,"_exactmetrics_sitenote_active":false,"_exactmetrics_sitenote_note":"","_exactmetrics_sitenote_category":0,"footnotes":""},"categories":[24],"tags":[171],"class_list":{"0":"post-15204","1":"post","2":"type-post","3":"status-publish","4":"format-standard","5":"has-post-thumbnail","7":"category-redondela","8":"tag-concello-de-redondela"},"yoast_head":"<!-- This site is optimized with the Yoast SEO plugin v27.4 - https:\/\/yoast.com\/product\/yoast-seo-wordpress\/ -->\n<title>O BNG responsabilia ao goberno de Digna Rivas de nula supervisi\u00f3n do aparcadoiro A Xunqueira -<\/title>\n<meta name=\"robots\" content=\"index, follow, max-snippet:-1, max-image-preview:large, max-video-preview:-1\" \/>\n<link rel=\"canonical\" href=\"https:\/\/www.anovapeneira.gal\/index.php\/2026\/01\/13\/o-bng-responsabilia-ao-goberno-de-digna-rivas-de-nula-supervision-do-aparcadoiro-a-xunqueira\/\" \/>\n<meta property=\"og:locale\" content=\"gl_ES\" \/>\n<meta property=\"og:type\" content=\"article\" \/>\n<meta property=\"og:title\" content=\"O BNG responsabilia ao goberno de Digna Rivas de nula supervisi\u00f3n do aparcadoiro A Xunqueira -\" \/>\n<meta property=\"og:description\" content=\"Xo\u00e1n Carlos Gonz\u00e1lez, \u201csuba de prezos e obras sen autorizaci\u00f3n municipal, un canon anual de s\u00f3 9.000\u20ac, condici\u00f3ns moi ventaxosas para a empresa\u201d [...]\" \/>\n<meta property=\"og:url\" content=\"https:\/\/www.anovapeneira.gal\/index.php\/2026\/01\/13\/o-bng-responsabilia-ao-goberno-de-digna-rivas-de-nula-supervision-do-aparcadoiro-a-xunqueira\/\" \/>\n<meta property=\"article:publisher\" content=\"https:\/\/www.facebook.com\/anovapeneira\" \/>\n<meta property=\"article:published_time\" content=\"2026-01-13T11:00:16+00:00\" \/>\n<meta property=\"og:image\" content=\"https:\/\/www.anovapeneira.gal\/wp-content\/uploads\/2025\/01\/xoan_carlos_bng_redondela.jpg\" \/>\n\t<meta property=\"og:image:width\" content=\"1920\" \/>\n\t<meta property=\"og:image:height\" content=\"1146\" \/>\n\t<meta property=\"og:image:type\" content=\"image\/jpeg\" \/>\n<meta name=\"author\" content=\"Redacci\u00f3n A Nova Peneira\" \/>\n<meta name=\"twitter:card\" content=\"summary_large_image\" \/>\n<meta name=\"twitter:creator\" content=\"@APeneira\" \/>\n<meta name=\"twitter:site\" content=\"@APeneira\" \/>\n<meta name=\"twitter:label1\" content=\"Escrito por\" \/>\n\t<meta name=\"twitter:data1\" content=\"Redacci\u00f3n A Nova Peneira\" \/>\n\t<meta name=\"twitter:label2\" content=\"Tempo de lectura\" \/>\n\t<meta name=\"twitter:data2\" content=\"4 minutos\" \/>\n<script type=\"application\/ld+json\" class=\"yoast-schema-graph\">{\"@context\":\"https:\\\/\\\/schema.org\",\"@graph\":[{\"@type\":\"Article\",\"@id\":\"https:\\\/\\\/www.anovapeneira.gal\\\/index.php\\\/2026\\\/01\\\/13\\\/o-bng-responsabilia-ao-goberno-de-digna-rivas-de-nula-supervision-do-aparcadoiro-a-xunqueira\\\/#article\",\"isPartOf\":{\"@id\":\"https:\\\/\\\/www.anovapeneira.gal\\\/index.php\\\/2026\\\/01\\\/13\\\/o-bng-responsabilia-ao-goberno-de-digna-rivas-de-nula-supervision-do-aparcadoiro-a-xunqueira\\\/\"},\"author\":{\"name\":\"Redacci\u00f3n A Nova Peneira\",\"@id\":\"https:\\\/\\\/www.anovapeneira.gal\\\/#\\\/schema\\\/person\\\/b93e3f8932e3f8da96334607eb6ac6aa\"},\"headline\":\"O BNG responsabilia ao goberno de Digna Rivas de nula supervisi\u00f3n do aparcadoiro A Xunqueira\",\"datePublished\":\"2026-01-13T11:00:16+00:00\",\"mainEntityOfPage\":{\"@id\":\"https:\\\/\\\/www.anovapeneira.gal\\\/index.php\\\/2026\\\/01\\\/13\\\/o-bng-responsabilia-ao-goberno-de-digna-rivas-de-nula-supervision-do-aparcadoiro-a-xunqueira\\\/\"},\"wordCount\":653,\"commentCount\":0,\"publisher\":{\"@id\":\"https:\\\/\\\/www.anovapeneira.gal\\\/#organization\"},\"image\":{\"@id\":\"https:\\\/\\\/www.anovapeneira.gal\\\/index.php\\\/2026\\\/01\\\/13\\\/o-bng-responsabilia-ao-goberno-de-digna-rivas-de-nula-supervision-do-aparcadoiro-a-xunqueira\\\/#primaryimage\"},\"thumbnailUrl\":\"https:\\\/\\\/www.anovapeneira.gal\\\/wp-content\\\/uploads\\\/2025\\\/01\\\/xoan_carlos_bng_redondela.jpg\",\"keywords\":[\"Concello de Redondela\"],\"articleSection\":[\"Redondela\"],\"inLanguage\":\"gl-ES\",\"potentialAction\":[{\"@type\":\"CommentAction\",\"name\":\"Comment\",\"target\":[\"https:\\\/\\\/www.anovapeneira.gal\\\/index.php\\\/2026\\\/01\\\/13\\\/o-bng-responsabilia-ao-goberno-de-digna-rivas-de-nula-supervision-do-aparcadoiro-a-xunqueira\\\/#respond\"]}]},{\"@type\":\"WebPage\",\"@id\":\"https:\\\/\\\/www.anovapeneira.gal\\\/index.php\\\/2026\\\/01\\\/13\\\/o-bng-responsabilia-ao-goberno-de-digna-rivas-de-nula-supervision-do-aparcadoiro-a-xunqueira\\\/\",\"url\":\"https:\\\/\\\/www.anovapeneira.gal\\\/index.php\\\/2026\\\/01\\\/13\\\/o-bng-responsabilia-ao-goberno-de-digna-rivas-de-nula-supervision-do-aparcadoiro-a-xunqueira\\\/\",\"name\":\"O BNG responsabilia ao goberno de Digna Rivas de nula supervisi\u00f3n do aparcadoiro A Xunqueira -\",\"isPartOf\":{\"@id\":\"https:\\\/\\\/www.anovapeneira.gal\\\/#website\"},\"primaryImageOfPage\":{\"@id\":\"https:\\\/\\\/www.anovapeneira.gal\\\/index.php\\\/2026\\\/01\\\/13\\\/o-bng-responsabilia-ao-goberno-de-digna-rivas-de-nula-supervision-do-aparcadoiro-a-xunqueira\\\/#primaryimage\"},\"image\":{\"@id\":\"https:\\\/\\\/www.anovapeneira.gal\\\/index.php\\\/2026\\\/01\\\/13\\\/o-bng-responsabilia-ao-goberno-de-digna-rivas-de-nula-supervision-do-aparcadoiro-a-xunqueira\\\/#primaryimage\"},\"thumbnailUrl\":\"https:\\\/\\\/www.anovapeneira.gal\\\/wp-content\\\/uploads\\\/2025\\\/01\\\/xoan_carlos_bng_redondela.jpg\",\"datePublished\":\"2026-01-13T11:00:16+00:00\",\"breadcrumb\":{\"@id\":\"https:\\\/\\\/www.anovapeneira.gal\\\/index.php\\\/2026\\\/01\\\/13\\\/o-bng-responsabilia-ao-goberno-de-digna-rivas-de-nula-supervision-do-aparcadoiro-a-xunqueira\\\/#breadcrumb\"},\"inLanguage\":\"gl-ES\",\"potentialAction\":[{\"@type\":\"ReadAction\",\"target\":[\"https:\\\/\\\/www.anovapeneira.gal\\\/index.php\\\/2026\\\/01\\\/13\\\/o-bng-responsabilia-ao-goberno-de-digna-rivas-de-nula-supervision-do-aparcadoiro-a-xunqueira\\\/\"]}]},{\"@type\":\"ImageObject\",\"inLanguage\":\"gl-ES\",\"@id\":\"https:\\\/\\\/www.anovapeneira.gal\\\/index.php\\\/2026\\\/01\\\/13\\\/o-bng-responsabilia-ao-goberno-de-digna-rivas-de-nula-supervision-do-aparcadoiro-a-xunqueira\\\/#primaryimage\",\"url\":\"https:\\\/\\\/www.anovapeneira.gal\\\/wp-content\\\/uploads\\\/2025\\\/01\\\/xoan_carlos_bng_redondela.jpg\",\"contentUrl\":\"https:\\\/\\\/www.anovapeneira.gal\\\/wp-content\\\/uploads\\\/2025\\\/01\\\/xoan_carlos_bng_redondela.jpg\",\"width\":1920,\"height\":1146},{\"@type\":\"BreadcrumbList\",\"@id\":\"https:\\\/\\\/www.anovapeneira.gal\\\/index.php\\\/2026\\\/01\\\/13\\\/o-bng-responsabilia-ao-goberno-de-digna-rivas-de-nula-supervision-do-aparcadoiro-a-xunqueira\\\/#breadcrumb\",\"itemListElement\":[{\"@type\":\"ListItem\",\"position\":1,\"name\":\"Portada\",\"item\":\"https:\\\/\\\/www.anovapeneira.gal\\\/\"},{\"@type\":\"ListItem\",\"position\":2,\"name\":\"O BNG responsabilia ao goberno de Digna Rivas de nula supervisi\u00f3n do aparcadoiro A Xunqueira\"}]},{\"@type\":\"WebSite\",\"@id\":\"https:\\\/\\\/www.anovapeneira.gal\\\/#website\",\"url\":\"https:\\\/\\\/www.anovapeneira.gal\\\/\",\"name\":\"\",\"description\":\"Xornal galego de informaci\u00f3n xeral Publicaci\u00f3n mensual de novas de Galicia e en especial dos Concellos da sur da provincia de Pontevedra.\",\"publisher\":{\"@id\":\"https:\\\/\\\/www.anovapeneira.gal\\\/#organization\"},\"potentialAction\":[{\"@type\":\"SearchAction\",\"target\":{\"@type\":\"EntryPoint\",\"urlTemplate\":\"https:\\\/\\\/www.anovapeneira.gal\\\/?s={search_term_string}\"},\"query-input\":{\"@type\":\"PropertyValueSpecification\",\"valueRequired\":true,\"valueName\":\"search_term_string\"}}],\"inLanguage\":\"gl-ES\"},{\"@type\":\"Organization\",\"@id\":\"https:\\\/\\\/www.anovapeneira.gal\\\/#organization\",\"name\":\"A Nova Peneira\",\"url\":\"https:\\\/\\\/www.anovapeneira.gal\\\/\",\"logo\":{\"@type\":\"ImageObject\",\"inLanguage\":\"gl-ES\",\"@id\":\"https:\\\/\\\/www.anovapeneira.gal\\\/#\\\/schema\\\/logo\\\/image\\\/\",\"url\":\"http:\\\/\\\/www.anovapeneira.gal\\\/wp-content\\\/uploads\\\/2019\\\/06\\\/logo_a_nova_peneira_portal_web.png\",\"contentUrl\":\"http:\\\/\\\/www.anovapeneira.gal\\\/wp-content\\\/uploads\\\/2019\\\/06\\\/logo_a_nova_peneira_portal_web.png\",\"width\":300,\"height\":100,\"caption\":\"A Nova Peneira\"},\"image\":{\"@id\":\"https:\\\/\\\/www.anovapeneira.gal\\\/#\\\/schema\\\/logo\\\/image\\\/\"},\"sameAs\":[\"https:\\\/\\\/www.facebook.com\\\/anovapeneira\",\"https:\\\/\\\/x.com\\\/APeneira\"]},{\"@type\":\"Person\",\"@id\":\"https:\\\/\\\/www.anovapeneira.gal\\\/#\\\/schema\\\/person\\\/b93e3f8932e3f8da96334607eb6ac6aa\",\"name\":\"Redacci\u00f3n A Nova Peneira\",\"image\":{\"@type\":\"ImageObject\",\"inLanguage\":\"gl-ES\",\"@id\":\"https:\\\/\\\/secure.gravatar.com\\\/avatar\\\/c052a2551a06e23fac63626232eaa90abd78dbcf1700fc46a2b2c89fd27b735f?s=96&d=mm&r=g\",\"url\":\"https:\\\/\\\/secure.gravatar.com\\\/avatar\\\/c052a2551a06e23fac63626232eaa90abd78dbcf1700fc46a2b2c89fd27b735f?s=96&d=mm&r=g\",\"contentUrl\":\"https:\\\/\\\/secure.gravatar.com\\\/avatar\\\/c052a2551a06e23fac63626232eaa90abd78dbcf1700fc46a2b2c89fd27b735f?s=96&d=mm&r=g\",\"caption\":\"Redacci\u00f3n A Nova Peneira\"},\"sameAs\":[\"http:\\\/\\\/www.anovapeneira.gal\\\/\"],\"url\":\"https:\\\/\\\/www.anovapeneira.gal\\\/index.php\\\/author\\\/redactor\\\/\"}]}<\/script>\n<!-- \/ Yoast SEO plugin. -->","yoast_head_json":{"title":"O BNG responsabilia ao goberno de Digna Rivas de nula supervisi\u00f3n do aparcadoiro A Xunqueira -","robots":{"index":"index","follow":"follow","max-snippet":"max-snippet:-1","max-image-preview":"max-image-preview:large","max-video-preview":"max-video-preview:-1"},"canonical":"https:\/\/www.anovapeneira.gal\/index.php\/2026\/01\/13\/o-bng-responsabilia-ao-goberno-de-digna-rivas-de-nula-supervision-do-aparcadoiro-a-xunqueira\/","og_locale":"gl_ES","og_type":"article","og_title":"O BNG responsabilia ao goberno de Digna Rivas de nula supervisi\u00f3n do aparcadoiro A Xunqueira -","og_description":"Xo\u00e1n Carlos Gonz\u00e1lez, \u201csuba de prezos e obras sen autorizaci\u00f3n municipal, un canon anual de s\u00f3 9.000\u20ac, condici\u00f3ns moi ventaxosas para a empresa\u201d [...]","og_url":"https:\/\/www.anovapeneira.gal\/index.php\/2026\/01\/13\/o-bng-responsabilia-ao-goberno-de-digna-rivas-de-nula-supervision-do-aparcadoiro-a-xunqueira\/","article_publisher":"https:\/\/www.facebook.com\/anovapeneira","article_published_time":"2026-01-13T11:00:16+00:00","og_image":[{"width":1920,"height":1146,"url":"https:\/\/www.anovapeneira.gal\/wp-content\/uploads\/2025\/01\/xoan_carlos_bng_redondela.jpg","type":"image\/jpeg"}],"author":"Redacci\u00f3n A Nova Peneira","twitter_card":"summary_large_image","twitter_creator":"@APeneira","twitter_site":"@APeneira","twitter_misc":{"Escrito por":"Redacci\u00f3n A Nova Peneira","Tempo de lectura":"4 minutos"},"schema":{"@context":"https:\/\/schema.org","@graph":[{"@type":"Article","@id":"https:\/\/www.anovapeneira.gal\/index.php\/2026\/01\/13\/o-bng-responsabilia-ao-goberno-de-digna-rivas-de-nula-supervision-do-aparcadoiro-a-xunqueira\/#article","isPartOf":{"@id":"https:\/\/www.anovapeneira.gal\/index.php\/2026\/01\/13\/o-bng-responsabilia-ao-goberno-de-digna-rivas-de-nula-supervision-do-aparcadoiro-a-xunqueira\/"},"author":{"name":"Redacci\u00f3n A Nova Peneira","@id":"https:\/\/www.anovapeneira.gal\/#\/schema\/person\/b93e3f8932e3f8da96334607eb6ac6aa"},"headline":"O BNG responsabilia ao goberno de Digna Rivas de nula supervisi\u00f3n do aparcadoiro A Xunqueira","datePublished":"2026-01-13T11:00:16+00:00","mainEntityOfPage":{"@id":"https:\/\/www.anovapeneira.gal\/index.php\/2026\/01\/13\/o-bng-responsabilia-ao-goberno-de-digna-rivas-de-nula-supervision-do-aparcadoiro-a-xunqueira\/"},"wordCount":653,"commentCount":0,"publisher":{"@id":"https:\/\/www.anovapeneira.gal\/#organization"},"image":{"@id":"https:\/\/www.anovapeneira.gal\/index.php\/2026\/01\/13\/o-bng-responsabilia-ao-goberno-de-digna-rivas-de-nula-supervision-do-aparcadoiro-a-xunqueira\/#primaryimage"},"thumbnailUrl":"https:\/\/www.anovapeneira.gal\/wp-content\/uploads\/2025\/01\/xoan_carlos_bng_redondela.jpg","keywords":["Concello de Redondela"],"articleSection":["Redondela"],"inLanguage":"gl-ES","potentialAction":[{"@type":"CommentAction","name":"Comment","target":["https:\/\/www.anovapeneira.gal\/index.php\/2026\/01\/13\/o-bng-responsabilia-ao-goberno-de-digna-rivas-de-nula-supervision-do-aparcadoiro-a-xunqueira\/#respond"]}]},{"@type":"WebPage","@id":"https:\/\/www.anovapeneira.gal\/index.php\/2026\/01\/13\/o-bng-responsabilia-ao-goberno-de-digna-rivas-de-nula-supervision-do-aparcadoiro-a-xunqueira\/","url":"https:\/\/www.anovapeneira.gal\/index.php\/2026\/01\/13\/o-bng-responsabilia-ao-goberno-de-digna-rivas-de-nula-supervision-do-aparcadoiro-a-xunqueira\/","name":"O BNG responsabilia ao goberno de Digna Rivas de nula supervisi\u00f3n do aparcadoiro A Xunqueira -","isPartOf":{"@id":"https:\/\/www.anovapeneira.gal\/#website"},"primaryImageOfPage":{"@id":"https:\/\/www.anovapeneira.gal\/index.php\/2026\/01\/13\/o-bng-responsabilia-ao-goberno-de-digna-rivas-de-nula-supervision-do-aparcadoiro-a-xunqueira\/#primaryimage"},"image":{"@id":"https:\/\/www.anovapeneira.gal\/index.php\/2026\/01\/13\/o-bng-responsabilia-ao-goberno-de-digna-rivas-de-nula-supervision-do-aparcadoiro-a-xunqueira\/#primaryimage"},"thumbnailUrl":"https:\/\/www.anovapeneira.gal\/wp-content\/uploads\/2025\/01\/xoan_carlos_bng_redondela.jpg","datePublished":"2026-01-13T11:00:16+00:00","breadcrumb":{"@id":"https:\/\/www.anovapeneira.gal\/index.php\/2026\/01\/13\/o-bng-responsabilia-ao-goberno-de-digna-rivas-de-nula-supervision-do-aparcadoiro-a-xunqueira\/#breadcrumb"},"inLanguage":"gl-ES","potentialAction":[{"@type":"ReadAction","target":["https:\/\/www.anovapeneira.gal\/index.php\/2026\/01\/13\/o-bng-responsabilia-ao-goberno-de-digna-rivas-de-nula-supervision-do-aparcadoiro-a-xunqueira\/"]}]},{"@type":"ImageObject","inLanguage":"gl-ES","@id":"https:\/\/www.anovapeneira.gal\/index.php\/2026\/01\/13\/o-bng-responsabilia-ao-goberno-de-digna-rivas-de-nula-supervision-do-aparcadoiro-a-xunqueira\/#primaryimage","url":"https:\/\/www.anovapeneira.gal\/wp-content\/uploads\/2025\/01\/xoan_carlos_bng_redondela.jpg","contentUrl":"https:\/\/www.anovapeneira.gal\/wp-content\/uploads\/2025\/01\/xoan_carlos_bng_redondela.jpg","width":1920,"height":1146},{"@type":"BreadcrumbList","@id":"https:\/\/www.anovapeneira.gal\/index.php\/2026\/01\/13\/o-bng-responsabilia-ao-goberno-de-digna-rivas-de-nula-supervision-do-aparcadoiro-a-xunqueira\/#breadcrumb","itemListElement":[{"@type":"ListItem","position":1,"name":"Portada","item":"https:\/\/www.anovapeneira.gal\/"},{"@type":"ListItem","position":2,"name":"O BNG responsabilia ao goberno de Digna Rivas de nula supervisi\u00f3n do aparcadoiro A Xunqueira"}]},{"@type":"WebSite","@id":"https:\/\/www.anovapeneira.gal\/#website","url":"https:\/\/www.anovapeneira.gal\/","name":"","description":"Xornal galego de informaci\u00f3n xeral Publicaci\u00f3n mensual de novas de Galicia e en especial dos Concellos da sur da provincia de Pontevedra.","publisher":{"@id":"https:\/\/www.anovapeneira.gal\/#organization"},"potentialAction":[{"@type":"SearchAction","target":{"@type":"EntryPoint","urlTemplate":"https:\/\/www.anovapeneira.gal\/?s={search_term_string}"},"query-input":{"@type":"PropertyValueSpecification","valueRequired":true,"valueName":"search_term_string"}}],"inLanguage":"gl-ES"},{"@type":"Organization","@id":"https:\/\/www.anovapeneira.gal\/#organization","name":"A Nova Peneira","url":"https:\/\/www.anovapeneira.gal\/","logo":{"@type":"ImageObject","inLanguage":"gl-ES","@id":"https:\/\/www.anovapeneira.gal\/#\/schema\/logo\/image\/","url":"http:\/\/www.anovapeneira.gal\/wp-content\/uploads\/2019\/06\/logo_a_nova_peneira_portal_web.png","contentUrl":"http:\/\/www.anovapeneira.gal\/wp-content\/uploads\/2019\/06\/logo_a_nova_peneira_portal_web.png","width":300,"height":100,"caption":"A Nova Peneira"},"image":{"@id":"https:\/\/www.anovapeneira.gal\/#\/schema\/logo\/image\/"},"sameAs":["https:\/\/www.facebook.com\/anovapeneira","https:\/\/x.com\/APeneira"]},{"@type":"Person","@id":"https:\/\/www.anovapeneira.gal\/#\/schema\/person\/b93e3f8932e3f8da96334607eb6ac6aa","name":"Redacci\u00f3n A Nova Peneira","image":{"@type":"ImageObject","inLanguage":"gl-ES","@id":"https:\/\/secure.gravatar.com\/avatar\/c052a2551a06e23fac63626232eaa90abd78dbcf1700fc46a2b2c89fd27b735f?s=96&d=mm&r=g","url":"https:\/\/secure.gravatar.com\/avatar\/c052a2551a06e23fac63626232eaa90abd78dbcf1700fc46a2b2c89fd27b735f?s=96&d=mm&r=g","contentUrl":"https:\/\/secure.gravatar.com\/avatar\/c052a2551a06e23fac63626232eaa90abd78dbcf1700fc46a2b2c89fd27b735f?s=96&d=mm&r=g","caption":"Redacci\u00f3n A Nova Peneira"},"sameAs":["http:\/\/www.anovapeneira.gal\/"],"url":"https:\/\/www.anovapeneira.gal\/index.php\/author\/redactor\/"}]}},"jetpack_featured_media_url":"https:\/\/www.anovapeneira.gal\/wp-content\/uploads\/2025\/01\/xoan_carlos_bng_redondela.jpg","_links":{"self":[{"href":"https:\/\/www.anovapeneira.gal\/index.php\/wp-json\/wp\/v2\/posts\/15204","targetHints":{"allow":["GET"]}}],"collection":[{"href":"https:\/\/www.anovapeneira.gal\/index.php\/wp-json\/wp\/v2\/posts"}],"about":[{"href":"https:\/\/www.anovapeneira.gal\/index.php\/wp-json\/wp\/v2\/types\/post"}],"author":[{"embeddable":true,"href":"https:\/\/www.anovapeneira.gal\/index.php\/wp-json\/wp\/v2\/users\/3"}],"replies":[{"embeddable":true,"href":"https:\/\/www.anovapeneira.gal\/index.php\/wp-json\/wp\/v2\/comments?post=15204"}],"version-history":[{"count":1,"href":"https:\/\/www.anovapeneira.gal\/index.php\/wp-json\/wp\/v2\/posts\/15204\/revisions"}],"predecessor-version":[{"id":15205,"href":"https:\/\/www.anovapeneira.gal\/index.php\/wp-json\/wp\/v2\/posts\/15204\/revisions\/15205"}],"wp:featuredmedia":[{"embeddable":true,"href":"https:\/\/www.anovapeneira.gal\/index.php\/wp-json\/wp\/v2\/media\/13123"}],"wp:attachment":[{"href":"https:\/\/www.anovapeneira.gal\/index.php\/wp-json\/wp\/v2\/media?parent=15204"}],"wp:term":[{"taxonomy":"category","embeddable":true,"href":"https:\/\/www.anovapeneira.gal\/index.php\/wp-json\/wp\/v2\/categories?post=15204"},{"taxonomy":"post_tag","embeddable":true,"href":"https:\/\/www.anovapeneira.gal\/index.php\/wp-json\/wp\/v2\/tags?post=15204"}],"curies":[{"name":"wp","href":"https:\/\/api.w.org\/{rel}","templated":true}]}}