{"id":15214,"date":"2026-01-15T12:00:12","date_gmt":"2026-01-15T11:00:12","guid":{"rendered":"https:\/\/www.anovapeneira.gal\/?p=15214"},"modified":"2026-01-09T11:26:41","modified_gmt":"2026-01-09T10:26:41","slug":"lucia-santos-voceira-do-bng-de-marin-3","status":"publish","type":"post","link":"https:\/\/www.anovapeneira.gal\/index.php\/2026\/01\/15\/lucia-santos-voceira-do-bng-de-marin-3\/","title":{"rendered":"Luc\u00eda Santos, voceira do BNG de Mar\u00edn"},"content":{"rendered":"\n<p><strong>Se alg\u00fan dos 35 concellos da nosa \u00e1rea de influencia precisa un cambio pol\u00edtico con urxencia ese \u00e9 Mar\u00edn. Este concello ten graves problemas estruturais que fan moi dif\u00edcil poder constru\u00edr un proxecto de vida na localidade. A constante perda de poboaci\u00f3n que padece Mar\u00edn \u00e9 un indicio evidente de que vivir en Mar\u00edn non \u00e9 nada doado. A dificultade extrema que sup\u00f3n aparcar no centro da vila, o deficiente estado da s\u00faa sanidade ou a imposibilidade de atopar vivenda para alugar son outros graves inconvenientes que existen na vida diaria marinense e ante os que un goberno esclerotizado que se centra no postureo e no populismo non fai absolutamente nada por solucionar. N\u00f3s falamos con Luc\u00eda Santos, voceira do BNG, para co\u00f1ecer como afrontan os nacionalistas estes meses que quedan ata o vindeiro proceso electoral.<\/strong><\/p>\n\n\n\n<h2 class=\"wp-block-heading\">\u201c<strong>O ciclo de Mar\u00eda Ramalllo est\u00e1 esgotado. N\u00f3s estamos cargados de ideas e de ilusi\u00f3n en mellorar a vida da veci\u00f1anza de Mar\u00edn\u201d<\/strong><\/h2>\n\n\n\n<p><strong>Estamos xa en ano pre electoral. N\u00f3tase no clima pol\u00edtico de Mar\u00edn?<\/strong><\/p>\n\n\n\n<blockquote class=\"wp-block-quote is-layout-flow wp-block-quote-is-layout-flow\">\n<p>No BNG non o notamos porque levamos traballando coa mesma intensidade desde o primeiro d\u00eda do mandato. Outros est\u00e1n acendendo os motores agora. N\u00f3s estamos a tope desde o principio. Cumprimos escrupulosamente os nosos compromisos coa veci\u00f1anza de Mar\u00edn, e exercemos unha oposici\u00f3n contundente, propositiva e responsable.<\/p>\n<\/blockquote>\n\n\n\n<p><strong>Notas que o PSOE e o PP est\u00e1n acelerando motores agora?<\/strong><\/p>\n\n\n\n<blockquote class=\"wp-block-quote is-layout-flow wp-block-quote-is-layout-flow\">\n<p>Si, si que o noto. \u00c9 m\u00e1is, noto nerviosismo e incluso malas formas.<\/p>\n<\/blockquote>\n\n\n\n<p><strong>Malas formas por parte de quen?<\/strong><\/p>\n\n\n\n<blockquote class=\"wp-block-quote is-layout-flow wp-block-quote-is-layout-flow\">\n<p>Por parte de tanto do PSOE como do PP. Especialmente n\u00f3too no PP pois incrementaron o seu nivel de agresividade de maneira notable. Vemos que lles molesta que levemos propostas que son absolutamente necesarias para a veci\u00f1anza de Mar\u00edn. Ent\u00f3n o que fan \u00e9 disparar ao mensaxeiro.<\/p>\n<\/blockquote>\n\n\n\n<p><strong>Faime unha valoraci\u00f3n global do mandato?<\/strong><\/p>\n\n\n\n<blockquote class=\"wp-block-quote is-layout-flow wp-block-quote-is-layout-flow\">\n<p>A valoraci\u00f3n \u00e9 negativa. Mar\u00edn segue en declive. Este deterioro n\u00f3tase en par\u00e1metros moi diversos pero \u00e9 especialmente significativo no que se refire \u00e1 perda de poboaci\u00f3n. Levamos 14 anos seguidos perdendo poboaci\u00f3n.<\/p>\n<\/blockquote>\n\n\n\n<p><strong>A tendencia non se frea?<\/strong><\/p>\n\n\n\n<blockquote class=\"wp-block-quote is-layout-flow wp-block-quote-is-layout-flow\">\n<p>Non, non se frea en absoluto. Por primeira vez en d\u00e9cadas Mar\u00edn baixa dos 24.000 habitantes. O modelo de vila que ofrece o PP non \u00e9 adecuado para a nosa vila. Cada vez \u00e9 m\u00e1is complicado poder vivir en Mar\u00edn con normalidade.<\/p>\n<\/blockquote>\n\n\n\n<p><strong>O estado da sanidade?<\/strong><\/p>\n\n\n\n<blockquote class=\"wp-block-quote is-layout-flow wp-block-quote-is-layout-flow\">\n<p>Igual en quen todo o pa\u00eds: moi malo. A atenci\u00f3n primaria funciona fatal e en consecuencia os servizos de urxencias est\u00e1n colapsados. O m\u00e1is desolador desta situaci\u00f3n \u00e9 que a alcaldesa nega a realidade e non apoia as reivindicaci\u00f3ns da sociedade civil de Mar\u00edn para protexer a sanidade p\u00fablica. Como sempre a nosa alcaldesa d\u00e1lle prioridade \u00e1s necesidades do seu partido sobre as da veci\u00f1anza.<\/p>\n<\/blockquote>\n\n\n\n<p><strong>Aparcar en Mar\u00edn segue sendo tan complicado como sempre?<\/strong><\/p>\n\n\n\n<blockquote class=\"wp-block-quote is-layout-flow wp-block-quote-is-layout-flow\">\n<p>Cada vez peor. \u00c9 un problema que vai a m\u00e1is.<\/p>\n<\/blockquote>\n\n\n\n<p><strong>No actual mandato a construci\u00f3n dun aparcadoiro soterrado no parque Eguren foi unha das propostas estrela do PP. En que quedou?<\/strong><\/p>\n\n\n\n<blockquote class=\"wp-block-quote is-layout-flow wp-block-quote-is-layout-flow\">\n<p>No BNG opux\u00e9monos desde o principio. Sempre dixemos que non \u00eda ser viable e o tempo deunos a raz\u00f3n. O proxecto quedou aparcado e o goberno non est\u00e1 traballando en ofrecer alternativa algunha ao respecto.<\/p>\n<\/blockquote>\n\n\n\n<p><strong>Outra das promesas top do PP foi facer unha piscina de auga salgada. Est\u00e1 feita?<\/strong><\/p>\n\n\n\n<blockquote class=\"wp-block-quote is-layout-flow wp-block-quote-is-layout-flow\">\n<p>Si, neste caso hai que reco\u00f1ecer que si cumpriron a s\u00faa promesa e a piscina si que est\u00e1 feita. O \u00fanico pero \u00e9 que nesa piscina non se pode ba\u00f1ar ningu\u00e9n.<\/p>\n<\/blockquote>\n\n\n\n<p><strong>Vaia, eso rec\u00f3rdame ao famoso aeroporto sen avi\u00f3ns que fixera o PP en Castell\u00f3n. Como \u00e9 iso dunha piscina na que non \u00e9 posible ba\u00f1arse?<\/strong><\/p>\n\n\n\n<blockquote class=\"wp-block-quote is-layout-flow wp-block-quote-is-layout-flow\">\n<p>Pois porque est\u00e1 feita nunha zona non apta para o ba\u00f1o. O desa piscina \u00e9 un exemplo notable da forma de xestionar irresponsable e populista do goberno de Mar\u00edn. Tiraron os cartos e degradaron o \u00faltimo espazo con identidade mari\u00f1eira de Mar\u00edn, un desastre vaia.<\/p>\n<\/blockquote>\n\n\n\n<p><strong>En que estado est\u00e1 o antigo edificio Baladr\u00f3n?<\/strong><\/p>\n\n\n\n<blockquote class=\"wp-block-quote is-layout-flow wp-block-quote-is-layout-flow\">\n<p>Comezou a ser rehabilitado por unha iniciativa empresarial privada. O BNG puxera o foco na necesidade da s\u00faa rehabilitaci\u00f3n e xa que logo alegr\u00e1monos de que sexa as\u00ed. Pero lamentamos profundamente que o Concello fixera caso omiso da nosa proposta de que fose a administraci\u00f3n municipal a que o rehabilitara. Ese edificio en pleno centro da nosa vila poder\u00eda ter m\u00faltiples usos que fosen en beneficio do ben com\u00fan da veci\u00f1anza( Servizos sociais, unha biblioteca, unha aula de estudo, un museo do mar&#8230;). E agora por mor do desleixo do Concello s\u00f3 vai servir para beneficiar a unha empresa.<\/p>\n<\/blockquote>\n\n\n\n<p><strong>En que estado est\u00e1 a proposta do BNG de abrir Mar\u00edn ao mar?<\/strong><\/p>\n\n\n\n<blockquote class=\"wp-block-quote is-layout-flow wp-block-quote-is-layout-flow\">\n<p>Foi ao congreso espa\u00f1ol, da man do deputado do BNG N\u00e9stor Rego, e foi aprobado en comisi\u00f3n parlamentar coa abstenci\u00f3n do PP e do PSOE. N\u00f3s pedimos a ambos que te\u00f1an altura de miras, que pensen na veci\u00f1anza e fagan o necesario para que poida chegar ao terreo da realidade concreta.<\/p>\n<\/blockquote>\n\n\n\n<p><strong>\u00c9 necesario abrir Mar\u00edn ao mar?<\/strong><\/p>\n\n\n\n<blockquote class=\"wp-block-quote is-layout-flow wp-block-quote-is-layout-flow\">\n<p>\u00c9 absolutamente necesario. Mar\u00edn perdeu a s\u00faa conexi\u00f3n co mar e n\u00f3s pedimos que unha serie de espazos volvan a ser p\u00fablicos para recuperala. \u00c9 algo perfectamente viable que non vai contra ningu\u00e9n, e que s\u00f3 persegue que se nos devolva a nosa conexi\u00f3n co mar en beneficio do conxunto da veci\u00f1anza.<\/p>\n<\/blockquote>\n\n\n\n<p><strong>Como est\u00e1 a sa\u00fade do BNG de Mar\u00edn?<\/strong><\/p>\n\n\n\n<blockquote class=\"wp-block-quote is-layout-flow wp-block-quote-is-layout-flow\">\n<p>Mellor que nunca. Temos un equipo marabilloso de xente moi preparada e comprometida co que \u00e9 un pracer traballar. A min fanme todo moito m\u00e1is f\u00e1cil, e \u00e9 unha honra compartir espazo cos meus compa\u00f1eiros e compa\u00f1eiras. Cando o meu ciclo na pol\u00edtica se acabe, a compa\u00f1\u00eda de persoas como Tino, Davinia, Celia e dos demais militantes do BNG de Mar\u00edn vai ser desas cousas que deixe pegada na mi\u00f1a alma para todo o que me quede de vida.<\/p>\n<\/blockquote>\n\n\n\n<p><strong>Terminamos. \u00c9 posible so\u00f1ar cunha alcald\u00eda nacionalista en Mar\u00edn no ano 27?<\/strong><\/p>\n\n\n\n<blockquote class=\"wp-block-quote is-layout-flow wp-block-quote-is-layout-flow\">\n<p>N\u00f3s v\u00edmolo so\u00f1ando desde hai moito tempo, pero estou convencida de que desta volta o so\u00f1o vaise converter nunha fermosa realidade. O PP non ten proxecto pol\u00edtico, o ciclo de Mar\u00eda Ramallo est\u00e1 esgotado e n\u00f3s estamos cargados de ideas e de ilusi\u00f3ns para mellorar a vida da veci\u00f1anza de Mar\u00edn. Non nos pomos ning\u00fan tipo de l\u00edmite e imos a por todas con humildade pero con convicci\u00f3n.<\/p>\n<\/blockquote>\n","protected":false},"excerpt":{"rendered":"<div class=\"mh-excerpt\"><p>Se alg\u00fan dos 35 concellos da nosa \u00e1rea de influencia precisa un cambio pol\u00edtico con urxencia ese \u00e9 Mar\u00edn. Este concello ten graves problemas estruturais que fan moi dif\u00edcil poder constru\u00edr un proxecto de vida na localidade <a class=\"mh-excerpt-more\" href=\"https:\/\/www.anovapeneira.gal\/index.php\/2026\/01\/15\/lucia-santos-voceira-do-bng-de-marin-3\/\" title=\"Luc\u00eda Santos, voceira do BNG de Mar\u00edn\">[&#8230;]<\/a><\/p>\n<\/div>","protected":false},"author":2,"featured_media":15215,"comment_status":"open","ping_status":"open","sticky":false,"template":"","format":"standard","meta":{"_exactmetrics_skip_tracking":false,"_exactmetrics_sitenote_active":false,"_exactmetrics_sitenote_note":"","_exactmetrics_sitenote_category":0,"footnotes":""},"categories":[268],"tags":[144],"class_list":{"0":"post-15214","1":"post","2":"type-post","3":"status-publish","4":"format-standard","5":"has-post-thumbnail","7":"category-morrazo-entrevistas","8":"tag-concello-de-marin"},"yoast_head":"<!-- This site is optimized with the Yoast SEO plugin v27.4 - https:\/\/yoast.com\/product\/yoast-seo-wordpress\/ -->\n<title>Luc\u00eda Santos, voceira do BNG de Mar\u00edn -<\/title>\n<meta name=\"robots\" content=\"index, follow, max-snippet:-1, max-image-preview:large, max-video-preview:-1\" \/>\n<link rel=\"canonical\" href=\"https:\/\/www.anovapeneira.gal\/index.php\/2026\/01\/15\/lucia-santos-voceira-do-bng-de-marin-3\/\" \/>\n<meta property=\"og:locale\" content=\"gl_ES\" \/>\n<meta property=\"og:type\" content=\"article\" \/>\n<meta property=\"og:title\" content=\"Luc\u00eda Santos, voceira do BNG de Mar\u00edn -\" \/>\n<meta property=\"og:description\" content=\"Se alg\u00fan dos 35 concellos da nosa \u00e1rea de influencia precisa un cambio pol\u00edtico con urxencia ese \u00e9 Mar\u00edn. Este concello ten graves problemas estruturais que fan moi dif\u00edcil poder constru\u00edr un proxecto de vida na localidade [...]\" \/>\n<meta property=\"og:url\" content=\"https:\/\/www.anovapeneira.gal\/index.php\/2026\/01\/15\/lucia-santos-voceira-do-bng-de-marin-3\/\" \/>\n<meta property=\"article:publisher\" content=\"https:\/\/www.facebook.com\/anovapeneira\" \/>\n<meta property=\"article:published_time\" content=\"2026-01-15T11:00:12+00:00\" \/>\n<meta property=\"og:image\" content=\"https:\/\/www.anovapeneira.gal\/wp-content\/uploads\/2026\/01\/lucia_Santos.png\" \/>\n\t<meta property=\"og:image:width\" content=\"720\" \/>\n\t<meta property=\"og:image:height\" content=\"432\" \/>\n\t<meta property=\"og:image:type\" content=\"image\/png\" \/>\n<meta name=\"author\" content=\"Tino Lago\" \/>\n<meta name=\"twitter:card\" content=\"summary_large_image\" \/>\n<meta name=\"twitter:creator\" content=\"@APeneira\" \/>\n<meta name=\"twitter:site\" content=\"@APeneira\" \/>\n<meta name=\"twitter:label1\" content=\"Escrito por\" \/>\n\t<meta name=\"twitter:data1\" content=\"Tino Lago\" \/>\n\t<meta name=\"twitter:label2\" content=\"Tempo de lectura\" \/>\n\t<meta name=\"twitter:data2\" content=\"2 minutos\" \/>\n<script type=\"application\/ld+json\" class=\"yoast-schema-graph\">{\"@context\":\"https:\\\/\\\/schema.org\",\"@graph\":[{\"@type\":\"Article\",\"@id\":\"https:\\\/\\\/www.anovapeneira.gal\\\/index.php\\\/2026\\\/01\\\/15\\\/lucia-santos-voceira-do-bng-de-marin-3\\\/#article\",\"isPartOf\":{\"@id\":\"https:\\\/\\\/www.anovapeneira.gal\\\/index.php\\\/2026\\\/01\\\/15\\\/lucia-santos-voceira-do-bng-de-marin-3\\\/\"},\"author\":{\"name\":\"Tino Lago\",\"@id\":\"https:\\\/\\\/www.anovapeneira.gal\\\/#\\\/schema\\\/person\\\/424dfe65e3070fd8a44d22d2c088762a\"},\"headline\":\"Luc\u00eda Santos, voceira do BNG de Mar\u00edn\",\"datePublished\":\"2026-01-15T11:00:12+00:00\",\"mainEntityOfPage\":{\"@id\":\"https:\\\/\\\/www.anovapeneira.gal\\\/index.php\\\/2026\\\/01\\\/15\\\/lucia-santos-voceira-do-bng-de-marin-3\\\/\"},\"wordCount\":1143,\"commentCount\":0,\"publisher\":{\"@id\":\"https:\\\/\\\/www.anovapeneira.gal\\\/#organization\"},\"image\":{\"@id\":\"https:\\\/\\\/www.anovapeneira.gal\\\/index.php\\\/2026\\\/01\\\/15\\\/lucia-santos-voceira-do-bng-de-marin-3\\\/#primaryimage\"},\"thumbnailUrl\":\"https:\\\/\\\/www.anovapeneira.gal\\\/wp-content\\\/uploads\\\/2026\\\/01\\\/lucia_Santos.png\",\"keywords\":[\"Concello de Mar\u00edn\"],\"articleSection\":[\"Morrazo\"],\"inLanguage\":\"gl-ES\",\"potentialAction\":[{\"@type\":\"CommentAction\",\"name\":\"Comment\",\"target\":[\"https:\\\/\\\/www.anovapeneira.gal\\\/index.php\\\/2026\\\/01\\\/15\\\/lucia-santos-voceira-do-bng-de-marin-3\\\/#respond\"]}]},{\"@type\":\"WebPage\",\"@id\":\"https:\\\/\\\/www.anovapeneira.gal\\\/index.php\\\/2026\\\/01\\\/15\\\/lucia-santos-voceira-do-bng-de-marin-3\\\/\",\"url\":\"https:\\\/\\\/www.anovapeneira.gal\\\/index.php\\\/2026\\\/01\\\/15\\\/lucia-santos-voceira-do-bng-de-marin-3\\\/\",\"name\":\"Luc\u00eda Santos, voceira do BNG de Mar\u00edn -\",\"isPartOf\":{\"@id\":\"https:\\\/\\\/www.anovapeneira.gal\\\/#website\"},\"primaryImageOfPage\":{\"@id\":\"https:\\\/\\\/www.anovapeneira.gal\\\/index.php\\\/2026\\\/01\\\/15\\\/lucia-santos-voceira-do-bng-de-marin-3\\\/#primaryimage\"},\"image\":{\"@id\":\"https:\\\/\\\/www.anovapeneira.gal\\\/index.php\\\/2026\\\/01\\\/15\\\/lucia-santos-voceira-do-bng-de-marin-3\\\/#primaryimage\"},\"thumbnailUrl\":\"https:\\\/\\\/www.anovapeneira.gal\\\/wp-content\\\/uploads\\\/2026\\\/01\\\/lucia_Santos.png\",\"datePublished\":\"2026-01-15T11:00:12+00:00\",\"breadcrumb\":{\"@id\":\"https:\\\/\\\/www.anovapeneira.gal\\\/index.php\\\/2026\\\/01\\\/15\\\/lucia-santos-voceira-do-bng-de-marin-3\\\/#breadcrumb\"},\"inLanguage\":\"gl-ES\",\"potentialAction\":[{\"@type\":\"ReadAction\",\"target\":[\"https:\\\/\\\/www.anovapeneira.gal\\\/index.php\\\/2026\\\/01\\\/15\\\/lucia-santos-voceira-do-bng-de-marin-3\\\/\"]}]},{\"@type\":\"ImageObject\",\"inLanguage\":\"gl-ES\",\"@id\":\"https:\\\/\\\/www.anovapeneira.gal\\\/index.php\\\/2026\\\/01\\\/15\\\/lucia-santos-voceira-do-bng-de-marin-3\\\/#primaryimage\",\"url\":\"https:\\\/\\\/www.anovapeneira.gal\\\/wp-content\\\/uploads\\\/2026\\\/01\\\/lucia_Santos.png\",\"contentUrl\":\"https:\\\/\\\/www.anovapeneira.gal\\\/wp-content\\\/uploads\\\/2026\\\/01\\\/lucia_Santos.png\",\"width\":720,\"height\":432},{\"@type\":\"BreadcrumbList\",\"@id\":\"https:\\\/\\\/www.anovapeneira.gal\\\/index.php\\\/2026\\\/01\\\/15\\\/lucia-santos-voceira-do-bng-de-marin-3\\\/#breadcrumb\",\"itemListElement\":[{\"@type\":\"ListItem\",\"position\":1,\"name\":\"Portada\",\"item\":\"https:\\\/\\\/www.anovapeneira.gal\\\/\"},{\"@type\":\"ListItem\",\"position\":2,\"name\":\"Luc\u00eda Santos, voceira do BNG de Mar\u00edn\"}]},{\"@type\":\"WebSite\",\"@id\":\"https:\\\/\\\/www.anovapeneira.gal\\\/#website\",\"url\":\"https:\\\/\\\/www.anovapeneira.gal\\\/\",\"name\":\"\",\"description\":\"Xornal galego de informaci\u00f3n xeral Publicaci\u00f3n mensual de novas de Galicia e en especial dos Concellos da sur da provincia de Pontevedra.\",\"publisher\":{\"@id\":\"https:\\\/\\\/www.anovapeneira.gal\\\/#organization\"},\"potentialAction\":[{\"@type\":\"SearchAction\",\"target\":{\"@type\":\"EntryPoint\",\"urlTemplate\":\"https:\\\/\\\/www.anovapeneira.gal\\\/?s={search_term_string}\"},\"query-input\":{\"@type\":\"PropertyValueSpecification\",\"valueRequired\":true,\"valueName\":\"search_term_string\"}}],\"inLanguage\":\"gl-ES\"},{\"@type\":\"Organization\",\"@id\":\"https:\\\/\\\/www.anovapeneira.gal\\\/#organization\",\"name\":\"A Nova Peneira\",\"url\":\"https:\\\/\\\/www.anovapeneira.gal\\\/\",\"logo\":{\"@type\":\"ImageObject\",\"inLanguage\":\"gl-ES\",\"@id\":\"https:\\\/\\\/www.anovapeneira.gal\\\/#\\\/schema\\\/logo\\\/image\\\/\",\"url\":\"http:\\\/\\\/www.anovapeneira.gal\\\/wp-content\\\/uploads\\\/2019\\\/06\\\/logo_a_nova_peneira_portal_web.png\",\"contentUrl\":\"http:\\\/\\\/www.anovapeneira.gal\\\/wp-content\\\/uploads\\\/2019\\\/06\\\/logo_a_nova_peneira_portal_web.png\",\"width\":300,\"height\":100,\"caption\":\"A Nova Peneira\"},\"image\":{\"@id\":\"https:\\\/\\\/www.anovapeneira.gal\\\/#\\\/schema\\\/logo\\\/image\\\/\"},\"sameAs\":[\"https:\\\/\\\/www.facebook.com\\\/anovapeneira\",\"https:\\\/\\\/x.com\\\/APeneira\"]},{\"@type\":\"Person\",\"@id\":\"https:\\\/\\\/www.anovapeneira.gal\\\/#\\\/schema\\\/person\\\/424dfe65e3070fd8a44d22d2c088762a\",\"name\":\"Tino Lago\",\"image\":{\"@type\":\"ImageObject\",\"inLanguage\":\"gl-ES\",\"@id\":\"https:\\\/\\\/secure.gravatar.com\\\/avatar\\\/b3df6a06e44bab3111583b90f0f33a0379ee5e3d22cbadd232d39f21c30c62be?s=96&d=mm&r=g\",\"url\":\"https:\\\/\\\/secure.gravatar.com\\\/avatar\\\/b3df6a06e44bab3111583b90f0f33a0379ee5e3d22cbadd232d39f21c30c62be?s=96&d=mm&r=g\",\"contentUrl\":\"https:\\\/\\\/secure.gravatar.com\\\/avatar\\\/b3df6a06e44bab3111583b90f0f33a0379ee5e3d22cbadd232d39f21c30c62be?s=96&d=mm&r=g\",\"caption\":\"Tino Lago\"},\"sameAs\":[\"http:\\\/\\\/www.anovapeneira.gal\"],\"url\":\"https:\\\/\\\/www.anovapeneira.gal\\\/index.php\\\/author\\\/director\\\/\"}]}<\/script>\n<!-- \/ Yoast SEO plugin. -->","yoast_head_json":{"title":"Luc\u00eda Santos, voceira do BNG de Mar\u00edn -","robots":{"index":"index","follow":"follow","max-snippet":"max-snippet:-1","max-image-preview":"max-image-preview:large","max-video-preview":"max-video-preview:-1"},"canonical":"https:\/\/www.anovapeneira.gal\/index.php\/2026\/01\/15\/lucia-santos-voceira-do-bng-de-marin-3\/","og_locale":"gl_ES","og_type":"article","og_title":"Luc\u00eda Santos, voceira do BNG de Mar\u00edn -","og_description":"Se alg\u00fan dos 35 concellos da nosa \u00e1rea de influencia precisa un cambio pol\u00edtico con urxencia ese \u00e9 Mar\u00edn. Este concello ten graves problemas estruturais que fan moi dif\u00edcil poder constru\u00edr un proxecto de vida na localidade [...]","og_url":"https:\/\/www.anovapeneira.gal\/index.php\/2026\/01\/15\/lucia-santos-voceira-do-bng-de-marin-3\/","article_publisher":"https:\/\/www.facebook.com\/anovapeneira","article_published_time":"2026-01-15T11:00:12+00:00","og_image":[{"width":720,"height":432,"url":"https:\/\/www.anovapeneira.gal\/wp-content\/uploads\/2026\/01\/lucia_Santos.png","type":"image\/png"}],"author":"Tino Lago","twitter_card":"summary_large_image","twitter_creator":"@APeneira","twitter_site":"@APeneira","twitter_misc":{"Escrito por":"Tino Lago","Tempo de lectura":"2 minutos"},"schema":{"@context":"https:\/\/schema.org","@graph":[{"@type":"Article","@id":"https:\/\/www.anovapeneira.gal\/index.php\/2026\/01\/15\/lucia-santos-voceira-do-bng-de-marin-3\/#article","isPartOf":{"@id":"https:\/\/www.anovapeneira.gal\/index.php\/2026\/01\/15\/lucia-santos-voceira-do-bng-de-marin-3\/"},"author":{"name":"Tino Lago","@id":"https:\/\/www.anovapeneira.gal\/#\/schema\/person\/424dfe65e3070fd8a44d22d2c088762a"},"headline":"Luc\u00eda Santos, voceira do BNG de Mar\u00edn","datePublished":"2026-01-15T11:00:12+00:00","mainEntityOfPage":{"@id":"https:\/\/www.anovapeneira.gal\/index.php\/2026\/01\/15\/lucia-santos-voceira-do-bng-de-marin-3\/"},"wordCount":1143,"commentCount":0,"publisher":{"@id":"https:\/\/www.anovapeneira.gal\/#organization"},"image":{"@id":"https:\/\/www.anovapeneira.gal\/index.php\/2026\/01\/15\/lucia-santos-voceira-do-bng-de-marin-3\/#primaryimage"},"thumbnailUrl":"https:\/\/www.anovapeneira.gal\/wp-content\/uploads\/2026\/01\/lucia_Santos.png","keywords":["Concello de Mar\u00edn"],"articleSection":["Morrazo"],"inLanguage":"gl-ES","potentialAction":[{"@type":"CommentAction","name":"Comment","target":["https:\/\/www.anovapeneira.gal\/index.php\/2026\/01\/15\/lucia-santos-voceira-do-bng-de-marin-3\/#respond"]}]},{"@type":"WebPage","@id":"https:\/\/www.anovapeneira.gal\/index.php\/2026\/01\/15\/lucia-santos-voceira-do-bng-de-marin-3\/","url":"https:\/\/www.anovapeneira.gal\/index.php\/2026\/01\/15\/lucia-santos-voceira-do-bng-de-marin-3\/","name":"Luc\u00eda Santos, voceira do BNG de Mar\u00edn -","isPartOf":{"@id":"https:\/\/www.anovapeneira.gal\/#website"},"primaryImageOfPage":{"@id":"https:\/\/www.anovapeneira.gal\/index.php\/2026\/01\/15\/lucia-santos-voceira-do-bng-de-marin-3\/#primaryimage"},"image":{"@id":"https:\/\/www.anovapeneira.gal\/index.php\/2026\/01\/15\/lucia-santos-voceira-do-bng-de-marin-3\/#primaryimage"},"thumbnailUrl":"https:\/\/www.anovapeneira.gal\/wp-content\/uploads\/2026\/01\/lucia_Santos.png","datePublished":"2026-01-15T11:00:12+00:00","breadcrumb":{"@id":"https:\/\/www.anovapeneira.gal\/index.php\/2026\/01\/15\/lucia-santos-voceira-do-bng-de-marin-3\/#breadcrumb"},"inLanguage":"gl-ES","potentialAction":[{"@type":"ReadAction","target":["https:\/\/www.anovapeneira.gal\/index.php\/2026\/01\/15\/lucia-santos-voceira-do-bng-de-marin-3\/"]}]},{"@type":"ImageObject","inLanguage":"gl-ES","@id":"https:\/\/www.anovapeneira.gal\/index.php\/2026\/01\/15\/lucia-santos-voceira-do-bng-de-marin-3\/#primaryimage","url":"https:\/\/www.anovapeneira.gal\/wp-content\/uploads\/2026\/01\/lucia_Santos.png","contentUrl":"https:\/\/www.anovapeneira.gal\/wp-content\/uploads\/2026\/01\/lucia_Santos.png","width":720,"height":432},{"@type":"BreadcrumbList","@id":"https:\/\/www.anovapeneira.gal\/index.php\/2026\/01\/15\/lucia-santos-voceira-do-bng-de-marin-3\/#breadcrumb","itemListElement":[{"@type":"ListItem","position":1,"name":"Portada","item":"https:\/\/www.anovapeneira.gal\/"},{"@type":"ListItem","position":2,"name":"Luc\u00eda Santos, voceira do BNG de Mar\u00edn"}]},{"@type":"WebSite","@id":"https:\/\/www.anovapeneira.gal\/#website","url":"https:\/\/www.anovapeneira.gal\/","name":"","description":"Xornal galego de informaci\u00f3n xeral Publicaci\u00f3n mensual de novas de Galicia e en especial dos Concellos da sur da provincia de Pontevedra.","publisher":{"@id":"https:\/\/www.anovapeneira.gal\/#organization"},"potentialAction":[{"@type":"SearchAction","target":{"@type":"EntryPoint","urlTemplate":"https:\/\/www.anovapeneira.gal\/?s={search_term_string}"},"query-input":{"@type":"PropertyValueSpecification","valueRequired":true,"valueName":"search_term_string"}}],"inLanguage":"gl-ES"},{"@type":"Organization","@id":"https:\/\/www.anovapeneira.gal\/#organization","name":"A Nova Peneira","url":"https:\/\/www.anovapeneira.gal\/","logo":{"@type":"ImageObject","inLanguage":"gl-ES","@id":"https:\/\/www.anovapeneira.gal\/#\/schema\/logo\/image\/","url":"http:\/\/www.anovapeneira.gal\/wp-content\/uploads\/2019\/06\/logo_a_nova_peneira_portal_web.png","contentUrl":"http:\/\/www.anovapeneira.gal\/wp-content\/uploads\/2019\/06\/logo_a_nova_peneira_portal_web.png","width":300,"height":100,"caption":"A Nova Peneira"},"image":{"@id":"https:\/\/www.anovapeneira.gal\/#\/schema\/logo\/image\/"},"sameAs":["https:\/\/www.facebook.com\/anovapeneira","https:\/\/x.com\/APeneira"]},{"@type":"Person","@id":"https:\/\/www.anovapeneira.gal\/#\/schema\/person\/424dfe65e3070fd8a44d22d2c088762a","name":"Tino Lago","image":{"@type":"ImageObject","inLanguage":"gl-ES","@id":"https:\/\/secure.gravatar.com\/avatar\/b3df6a06e44bab3111583b90f0f33a0379ee5e3d22cbadd232d39f21c30c62be?s=96&d=mm&r=g","url":"https:\/\/secure.gravatar.com\/avatar\/b3df6a06e44bab3111583b90f0f33a0379ee5e3d22cbadd232d39f21c30c62be?s=96&d=mm&r=g","contentUrl":"https:\/\/secure.gravatar.com\/avatar\/b3df6a06e44bab3111583b90f0f33a0379ee5e3d22cbadd232d39f21c30c62be?s=96&d=mm&r=g","caption":"Tino Lago"},"sameAs":["http:\/\/www.anovapeneira.gal"],"url":"https:\/\/www.anovapeneira.gal\/index.php\/author\/director\/"}]}},"jetpack_featured_media_url":"https:\/\/www.anovapeneira.gal\/wp-content\/uploads\/2026\/01\/lucia_Santos.png","_links":{"self":[{"href":"https:\/\/www.anovapeneira.gal\/index.php\/wp-json\/wp\/v2\/posts\/15214","targetHints":{"allow":["GET"]}}],"collection":[{"href":"https:\/\/www.anovapeneira.gal\/index.php\/wp-json\/wp\/v2\/posts"}],"about":[{"href":"https:\/\/www.anovapeneira.gal\/index.php\/wp-json\/wp\/v2\/types\/post"}],"author":[{"embeddable":true,"href":"https:\/\/www.anovapeneira.gal\/index.php\/wp-json\/wp\/v2\/users\/2"}],"replies":[{"embeddable":true,"href":"https:\/\/www.anovapeneira.gal\/index.php\/wp-json\/wp\/v2\/comments?post=15214"}],"version-history":[{"count":1,"href":"https:\/\/www.anovapeneira.gal\/index.php\/wp-json\/wp\/v2\/posts\/15214\/revisions"}],"predecessor-version":[{"id":15216,"href":"https:\/\/www.anovapeneira.gal\/index.php\/wp-json\/wp\/v2\/posts\/15214\/revisions\/15216"}],"wp:featuredmedia":[{"embeddable":true,"href":"https:\/\/www.anovapeneira.gal\/index.php\/wp-json\/wp\/v2\/media\/15215"}],"wp:attachment":[{"href":"https:\/\/www.anovapeneira.gal\/index.php\/wp-json\/wp\/v2\/media?parent=15214"}],"wp:term":[{"taxonomy":"category","embeddable":true,"href":"https:\/\/www.anovapeneira.gal\/index.php\/wp-json\/wp\/v2\/categories?post=15214"},{"taxonomy":"post_tag","embeddable":true,"href":"https:\/\/www.anovapeneira.gal\/index.php\/wp-json\/wp\/v2\/tags?post=15214"}],"curies":[{"name":"wp","href":"https:\/\/api.w.org\/{rel}","templated":true}]}}