{"id":15218,"date":"2026-01-16T10:00:50","date_gmt":"2026-01-16T09:00:50","guid":{"rendered":"https:\/\/www.anovapeneira.gal\/?p=15218"},"modified":"2026-01-13T19:01:13","modified_gmt":"2026-01-13T18:01:13","slug":"que-esta-pasando-en-eeuu-unha-ollada-desde-dentro","status":"publish","type":"post","link":"https:\/\/www.anovapeneira.gal\/index.php\/2026\/01\/16\/que-esta-pasando-en-eeuu-unha-ollada-desde-dentro\/","title":{"rendered":"Que est\u00e1 pasando en EEUU?: Unha ollada desde dentro"},"content":{"rendered":"\n<p><strong>Os Estados Unidos est\u00e1n a desenvolver unha pol\u00edtica extraordinariamente agresiva tanto interna como externa. No interior do pa\u00eds a presi\u00f3n contra as persoas migrantes, contra as persoas migrantes pobres, alcanza niveis moi elevados que incluso chegaron ao asasinato a sangue fr\u00edo por parte dun polic\u00eda dunha muller nos primeiros d\u00edas deste ano sen que o asasino , protexido por inmunidade federal, te\u00f1a que asumir ning\u00fan tipo de responsabilidade penal. No que respecta \u00e1 pol\u00edtica exterior semella que decidiron practicar a pirater\u00eda, o roubo dos recursos naturais alleos, sen ning\u00fan tipo de pudor. O tres de xaneiro agrediron militarmente a Venezuela e secuestraron ao presidente Nicol\u00e1s Maduro e a s\u00faa esposa Cilia Flores. Pero o l\u00edmite da agresividade da pol\u00edtica exterior dos americanos parece non ter fin e atr\u00e9vense a ameazar militarmente a un estado da UE e membro da OTAN como Dinamarca, se non lles ceden a illa de Groenlandia. Que est\u00e1 pasando realmente no pa\u00eds norteamericano?..N\u00f3s falamos co noso amigo Koki, veci\u00f1o da cidade Nova York desde hai m\u00e1is de 3 d\u00e9cadas para co\u00f1ecer a s\u00faa opini\u00f3n<\/strong><\/p>\n\n\n\n<p><strong>Francisco \u00c1lvarez \u201c Koki\u201d.<\/strong><\/p>\n\n\n\n<h2 class=\"wp-block-heading\">\u201c <strong>Agora mesmo os EEUU son unha ditadura\u201d<\/strong><\/h2>\n\n\n\n<p><strong>Cando marchaches por primeira vez aos EEUU?<\/strong><\/p>\n\n\n\n<blockquote class=\"wp-block-quote is-layout-flow wp-block-quote-is-layout-flow\">\n<p>En 1984.<\/p>\n<\/blockquote>\n\n\n\n<p><strong>Fuches s\u00f3?<\/strong><\/p>\n\n\n\n<blockquote class=\"wp-block-quote is-layout-flow wp-block-quote-is-layout-flow\">\n<p>Non, marchei con Loli, a mi\u00f1a compa\u00f1eira, e co meu fillo Breog\u00e1n, que daquela ti\u00f1a 3 anos.<\/p>\n<\/blockquote>\n\n\n\n<p><strong>Canto tempo estiveches vivindo nese pa\u00eds?<\/strong><\/p>\n\n\n\n<blockquote class=\"wp-block-quote is-layout-flow wp-block-quote-is-layout-flow\">\n<p>Arredor de 30 anos. Vou e ve\u00f1o case todos os anos.<\/p>\n<\/blockquote>\n\n\n\n<p><strong>Tes casa en EEUU?<\/strong><\/p>\n\n\n\n<blockquote class=\"wp-block-quote is-layout-flow wp-block-quote-is-layout-flow\">\n<p>Si, temos unha casi\u00f1a na que temos pasado momentos moi felices.<\/p>\n<\/blockquote>\n\n\n\n<p><strong>Onde?<\/strong><\/p>\n\n\n\n<blockquote class=\"wp-block-quote is-layout-flow wp-block-quote-is-layout-flow\">\n<p>En Queens, que \u00e9 un dos distritos da cidade de Nova York.<\/p>\n<\/blockquote>\n\n\n\n<p><strong>Tes a cidadan\u00eda norteamericana?<\/strong><\/p>\n\n\n\n<blockquote class=\"wp-block-quote is-layout-flow wp-block-quote-is-layout-flow\">\n<p>Si, si que a te\u00f1o. Non desboto que en calquera momento ma saquen, pero de momento t\u00e9\u00f1oa.<\/p>\n<\/blockquote>\n\n\n\n<p><strong>Cando chegaches que tipo de sociedade atopaches?<\/strong><\/p>\n\n\n\n<blockquote class=\"wp-block-quote is-layout-flow wp-block-quote-is-layout-flow\">\n<p>Eu non tiven ning\u00fan problema para integrarme. Traballei no que puiden para poder vivir o m\u00e1is tranquilo posible.<\/p>\n<\/blockquote>\n\n\n\n<p><strong>Canto tempo tardaches en ter a cidadan\u00eda estadounidense?<\/strong><\/p>\n\n\n\n<blockquote class=\"wp-block-quote is-layout-flow wp-block-quote-is-layout-flow\">\n<p>Moito. T\u00e9\u00f1oa desde hai m\u00e1is ou menos 10 anos. A mi\u00f1a muller e o meu fillo obtiv\u00e9rona antes ca min.<\/p>\n<\/blockquote>\n\n\n\n<p><strong>Mentres non a tiveches estabas nunha situaci\u00f3n irregular?<\/strong><\/p>\n\n\n\n<blockquote class=\"wp-block-quote is-layout-flow wp-block-quote-is-layout-flow\">\n<p>Os cinco primeiros anos estiven ilegal. Non ti\u00f1a residencia. Logo ama\u00f1ei cun contrato de traballo. Se me colleran nos tempos de hoxe probablemente ser\u00eda expulsado. Naqueles tempos se un non se met\u00eda en problemas normalmente non hab\u00eda ese tipo de redadas que hai agora. Eu en EEUU tiven unha vida sen sobresaltos.<\/p>\n<\/blockquote>\n\n\n\n<p><strong>A que achacas a situaci\u00f3n actual na que parece haber unha presi\u00f3n sen l\u00edmite \u00e9tico alg\u00fan sobre as persoas migrantes, e agresi\u00f3ns e ameazas contra distintas zonas do mundo?<\/strong><\/p>\n\n\n\n<blockquote class=\"wp-block-quote is-layout-flow wp-block-quote-is-layout-flow\">\n<p>Ao meu xu\u00edzo a raz\u00f3n fundamental est\u00e1 na tolemia do actual presidente. Un tolo con poder, como \u00e9 o caso do presidente Trump, \u00e9 un enorme perigo para a humanidade.<\/p>\n<\/blockquote>\n\n\n\n<blockquote class=\"wp-block-quote is-layout-flow wp-block-quote-is-layout-flow\">\n<p>O que est\u00e1 acontecendo non \u00e9 moi diferente da situaci\u00f3n que provocou a Alema\u00f1a nazi pouco antes da segunda guerra mundial. En ambos contextos a voracidade imperialista dos respectivos l\u00edderes parece non ter fin. Eu non son simpatizante de Maduro. Pero \u00e9 intolerable que un pa\u00eds sexa agredido e un presidente secuestrado como pasou en Venezuela.<\/p>\n<\/blockquote>\n\n\n\n<p><strong>Ti afirmas que a raz\u00f3n principal \u00e9 o perfil de Trump. Pero non cres que detr\u00e1s diso pode haber raz\u00f3ns estruturais derivadas de que estamos ante un imperio en decadencia?<\/strong><\/p>\n\n\n\n<blockquote class=\"wp-block-quote is-layout-flow wp-block-quote-is-layout-flow\">\n<p>Seguro que si que existen eses motivos. Pero eu creo que con outro presidente non estariamos nesta situaci\u00f3n.<\/p>\n<\/blockquote>\n\n\n\n<p><strong>Como pensas que evolucionar\u00e1n as cousas? Ir\u00e1 a m\u00e1is ?<\/strong><\/p>\n\n\n\n<blockquote class=\"wp-block-quote is-layout-flow wp-block-quote-is-layout-flow\">\n<p>Eu creo que \u00e9 impredicible. Un tipo con ese perfil pode actuar de calquera maneira. Os EEUU est\u00e1n pisando terreos enormemente perigosos, e o que m\u00e1is me asusta e me decepciona tam\u00e9n \u00e9 a ausencia de resposta por parte da UE. Eu creo que a cousa vai ir m\u00e1is al\u00e1 pero non deixa de ser unha especulaci\u00f3n.<\/p>\n<\/blockquote>\n\n\n\n<p><strong>Este \u00e9 o segundo mandato de Trump. A constituci\u00f3n norteamericana impedir\u00edalle presentarse unha terceira vez, verdade?<\/strong><\/p>\n\n\n\n<blockquote class=\"wp-block-quote is-layout-flow wp-block-quote-is-layout-flow\">\n<p>Si, pero eu creo que el vai tratar de cambiar a constituci\u00f3n.<\/p>\n<\/blockquote>\n\n\n\n<p><strong>Ti cres que que chegar\u00e1 a tanto?<\/strong><\/p>\n\n\n\n<blockquote class=\"wp-block-quote is-layout-flow wp-block-quote-is-layout-flow\">\n<p>Eu creo que si. Ser\u00eda o primeiro caso na historia dos EEUU, se o logra, no que un presidente tratara de obter un terceiro mandato. Pero agora mesmo os EEUU son unha ditadura. D\u00e1te de conta de que a s\u00faa pol\u00edtica \u00e9 mandar tropas aos estados nos que gobernan os dem\u00f3cratas. Tropas que est\u00e1n exercendo a violencia. Para mostra temos o caso desa muller asasinada a tiros no seu coche por un polic\u00eda.<\/p>\n<\/blockquote>\n\n\n\n<p><strong>Cando foi a \u00faltima vez que estiveches al\u00ed?<\/strong><\/p>\n\n\n\n<blockquote class=\"wp-block-quote is-layout-flow wp-block-quote-is-layout-flow\">\n<p>O ano pasado.<\/p>\n<\/blockquote>\n\n\n\n<p><strong>E que pulsi\u00f3n maioritaria captabas nas r\u00faas?<\/strong><\/p>\n\n\n\n<blockquote class=\"wp-block-quote is-layout-flow wp-block-quote-is-layout-flow\">\n<p>\u00c9 dif\u00edcil de dicir. En calquera caso a cidade de Nova York non \u00e9 un term\u00f3metro adecuado para analizar os Estados Unidos, pois hai infinidade de persoas que ve\u00f1en de moitos sitios diferentes. A cidade \u00e9 a que menos se parece aos estados Unidos. O que si vin \u00e9 unha certa preocupaci\u00f3n polo futuro, pero vina en persoas que son dem\u00f3cratas en persoas que son racionais e que non se identifican en absoluto co presidente Trump.<\/p>\n<\/blockquote>\n","protected":false},"excerpt":{"rendered":"<div class=\"mh-excerpt\"><p>Os Estados Unidos est\u00e1n a desenvolver unha pol\u00edtica extraordinariamente agresiva tanto interna como externa <a class=\"mh-excerpt-more\" href=\"https:\/\/www.anovapeneira.gal\/index.php\/2026\/01\/16\/que-esta-pasando-en-eeuu-unha-ollada-desde-dentro\/\" title=\"Que est\u00e1 pasando en EEUU?: Unha ollada desde dentro\">[&#8230;]<\/a><\/p>\n<\/div>","protected":false},"author":3,"featured_media":15220,"comment_status":"open","ping_status":"open","sticky":false,"template":"","format":"standard","meta":{"_exactmetrics_skip_tracking":false,"_exactmetrics_sitenote_active":false,"_exactmetrics_sitenote_note":"","_exactmetrics_sitenote_category":0,"footnotes":""},"categories":[264],"tags":[1228],"class_list":{"0":"post-15218","1":"post","2":"type-post","3":"status-publish","4":"format-standard","5":"has-post-thumbnail","7":"category-entrevistas-galicia","8":"tag-eeuu"},"yoast_head":"<!-- This site is optimized with the Yoast SEO plugin v27.4 - https:\/\/yoast.com\/product\/yoast-seo-wordpress\/ -->\n<title>Que est\u00e1 pasando en EEUU?: Unha ollada desde dentro -<\/title>\n<meta name=\"robots\" content=\"index, follow, max-snippet:-1, max-image-preview:large, max-video-preview:-1\" \/>\n<link rel=\"canonical\" href=\"https:\/\/www.anovapeneira.gal\/index.php\/2026\/01\/16\/que-esta-pasando-en-eeuu-unha-ollada-desde-dentro\/\" \/>\n<meta property=\"og:locale\" content=\"gl_ES\" \/>\n<meta property=\"og:type\" content=\"article\" \/>\n<meta property=\"og:title\" content=\"Que est\u00e1 pasando en EEUU?: Unha ollada desde dentro -\" \/>\n<meta property=\"og:description\" content=\"Os Estados Unidos est\u00e1n a desenvolver unha pol\u00edtica extraordinariamente agresiva tanto interna como externa [...]\" \/>\n<meta property=\"og:url\" content=\"https:\/\/www.anovapeneira.gal\/index.php\/2026\/01\/16\/que-esta-pasando-en-eeuu-unha-ollada-desde-dentro\/\" \/>\n<meta property=\"article:publisher\" content=\"https:\/\/www.facebook.com\/anovapeneira\" \/>\n<meta property=\"article:published_time\" content=\"2026-01-16T09:00:50+00:00\" \/>\n<meta property=\"og:image\" content=\"https:\/\/www.anovapeneira.gal\/wp-content\/uploads\/2026\/01\/koki.png\" \/>\n\t<meta property=\"og:image:width\" content=\"720\" \/>\n\t<meta property=\"og:image:height\" content=\"432\" \/>\n\t<meta property=\"og:image:type\" content=\"image\/png\" \/>\n<meta name=\"author\" content=\"Redacci\u00f3n A Nova Peneira\" \/>\n<meta name=\"twitter:card\" content=\"summary_large_image\" \/>\n<meta name=\"twitter:creator\" content=\"@APeneira\" \/>\n<meta name=\"twitter:site\" content=\"@APeneira\" \/>\n<meta name=\"twitter:label1\" content=\"Escrito por\" \/>\n\t<meta name=\"twitter:data1\" content=\"Redacci\u00f3n A Nova Peneira\" \/>\n\t<meta name=\"twitter:label2\" content=\"Tempo de lectura\" \/>\n\t<meta name=\"twitter:data2\" content=\"3 minutos\" \/>\n<script type=\"application\/ld+json\" class=\"yoast-schema-graph\">{\"@context\":\"https:\\\/\\\/schema.org\",\"@graph\":[{\"@type\":\"Article\",\"@id\":\"https:\\\/\\\/www.anovapeneira.gal\\\/index.php\\\/2026\\\/01\\\/16\\\/que-esta-pasando-en-eeuu-unha-ollada-desde-dentro\\\/#article\",\"isPartOf\":{\"@id\":\"https:\\\/\\\/www.anovapeneira.gal\\\/index.php\\\/2026\\\/01\\\/16\\\/que-esta-pasando-en-eeuu-unha-ollada-desde-dentro\\\/\"},\"author\":{\"name\":\"Redacci\u00f3n A Nova Peneira\",\"@id\":\"https:\\\/\\\/www.anovapeneira.gal\\\/#\\\/schema\\\/person\\\/b93e3f8932e3f8da96334607eb6ac6aa\"},\"headline\":\"Que est\u00e1 pasando en EEUU?: Unha ollada desde dentro\",\"datePublished\":\"2026-01-16T09:00:50+00:00\",\"mainEntityOfPage\":{\"@id\":\"https:\\\/\\\/www.anovapeneira.gal\\\/index.php\\\/2026\\\/01\\\/16\\\/que-esta-pasando-en-eeuu-unha-ollada-desde-dentro\\\/\"},\"wordCount\":902,\"commentCount\":0,\"publisher\":{\"@id\":\"https:\\\/\\\/www.anovapeneira.gal\\\/#organization\"},\"image\":{\"@id\":\"https:\\\/\\\/www.anovapeneira.gal\\\/index.php\\\/2026\\\/01\\\/16\\\/que-esta-pasando-en-eeuu-unha-ollada-desde-dentro\\\/#primaryimage\"},\"thumbnailUrl\":\"https:\\\/\\\/www.anovapeneira.gal\\\/wp-content\\\/uploads\\\/2026\\\/01\\\/koki.png\",\"keywords\":[\"EEUU\"],\"articleSection\":[\"Entrevistas\"],\"inLanguage\":\"gl-ES\",\"potentialAction\":[{\"@type\":\"CommentAction\",\"name\":\"Comment\",\"target\":[\"https:\\\/\\\/www.anovapeneira.gal\\\/index.php\\\/2026\\\/01\\\/16\\\/que-esta-pasando-en-eeuu-unha-ollada-desde-dentro\\\/#respond\"]}]},{\"@type\":\"WebPage\",\"@id\":\"https:\\\/\\\/www.anovapeneira.gal\\\/index.php\\\/2026\\\/01\\\/16\\\/que-esta-pasando-en-eeuu-unha-ollada-desde-dentro\\\/\",\"url\":\"https:\\\/\\\/www.anovapeneira.gal\\\/index.php\\\/2026\\\/01\\\/16\\\/que-esta-pasando-en-eeuu-unha-ollada-desde-dentro\\\/\",\"name\":\"Que est\u00e1 pasando en EEUU?: Unha ollada desde dentro -\",\"isPartOf\":{\"@id\":\"https:\\\/\\\/www.anovapeneira.gal\\\/#website\"},\"primaryImageOfPage\":{\"@id\":\"https:\\\/\\\/www.anovapeneira.gal\\\/index.php\\\/2026\\\/01\\\/16\\\/que-esta-pasando-en-eeuu-unha-ollada-desde-dentro\\\/#primaryimage\"},\"image\":{\"@id\":\"https:\\\/\\\/www.anovapeneira.gal\\\/index.php\\\/2026\\\/01\\\/16\\\/que-esta-pasando-en-eeuu-unha-ollada-desde-dentro\\\/#primaryimage\"},\"thumbnailUrl\":\"https:\\\/\\\/www.anovapeneira.gal\\\/wp-content\\\/uploads\\\/2026\\\/01\\\/koki.png\",\"datePublished\":\"2026-01-16T09:00:50+00:00\",\"breadcrumb\":{\"@id\":\"https:\\\/\\\/www.anovapeneira.gal\\\/index.php\\\/2026\\\/01\\\/16\\\/que-esta-pasando-en-eeuu-unha-ollada-desde-dentro\\\/#breadcrumb\"},\"inLanguage\":\"gl-ES\",\"potentialAction\":[{\"@type\":\"ReadAction\",\"target\":[\"https:\\\/\\\/www.anovapeneira.gal\\\/index.php\\\/2026\\\/01\\\/16\\\/que-esta-pasando-en-eeuu-unha-ollada-desde-dentro\\\/\"]}]},{\"@type\":\"ImageObject\",\"inLanguage\":\"gl-ES\",\"@id\":\"https:\\\/\\\/www.anovapeneira.gal\\\/index.php\\\/2026\\\/01\\\/16\\\/que-esta-pasando-en-eeuu-unha-ollada-desde-dentro\\\/#primaryimage\",\"url\":\"https:\\\/\\\/www.anovapeneira.gal\\\/wp-content\\\/uploads\\\/2026\\\/01\\\/koki.png\",\"contentUrl\":\"https:\\\/\\\/www.anovapeneira.gal\\\/wp-content\\\/uploads\\\/2026\\\/01\\\/koki.png\",\"width\":720,\"height\":432},{\"@type\":\"BreadcrumbList\",\"@id\":\"https:\\\/\\\/www.anovapeneira.gal\\\/index.php\\\/2026\\\/01\\\/16\\\/que-esta-pasando-en-eeuu-unha-ollada-desde-dentro\\\/#breadcrumb\",\"itemListElement\":[{\"@type\":\"ListItem\",\"position\":1,\"name\":\"Portada\",\"item\":\"https:\\\/\\\/www.anovapeneira.gal\\\/\"},{\"@type\":\"ListItem\",\"position\":2,\"name\":\"Que est\u00e1 pasando en EEUU?: Unha ollada desde dentro\"}]},{\"@type\":\"WebSite\",\"@id\":\"https:\\\/\\\/www.anovapeneira.gal\\\/#website\",\"url\":\"https:\\\/\\\/www.anovapeneira.gal\\\/\",\"name\":\"\",\"description\":\"Xornal galego de informaci\u00f3n xeral Publicaci\u00f3n mensual de novas de Galicia e en especial dos Concellos da sur da provincia de Pontevedra.\",\"publisher\":{\"@id\":\"https:\\\/\\\/www.anovapeneira.gal\\\/#organization\"},\"potentialAction\":[{\"@type\":\"SearchAction\",\"target\":{\"@type\":\"EntryPoint\",\"urlTemplate\":\"https:\\\/\\\/www.anovapeneira.gal\\\/?s={search_term_string}\"},\"query-input\":{\"@type\":\"PropertyValueSpecification\",\"valueRequired\":true,\"valueName\":\"search_term_string\"}}],\"inLanguage\":\"gl-ES\"},{\"@type\":\"Organization\",\"@id\":\"https:\\\/\\\/www.anovapeneira.gal\\\/#organization\",\"name\":\"A Nova Peneira\",\"url\":\"https:\\\/\\\/www.anovapeneira.gal\\\/\",\"logo\":{\"@type\":\"ImageObject\",\"inLanguage\":\"gl-ES\",\"@id\":\"https:\\\/\\\/www.anovapeneira.gal\\\/#\\\/schema\\\/logo\\\/image\\\/\",\"url\":\"http:\\\/\\\/www.anovapeneira.gal\\\/wp-content\\\/uploads\\\/2019\\\/06\\\/logo_a_nova_peneira_portal_web.png\",\"contentUrl\":\"http:\\\/\\\/www.anovapeneira.gal\\\/wp-content\\\/uploads\\\/2019\\\/06\\\/logo_a_nova_peneira_portal_web.png\",\"width\":300,\"height\":100,\"caption\":\"A Nova Peneira\"},\"image\":{\"@id\":\"https:\\\/\\\/www.anovapeneira.gal\\\/#\\\/schema\\\/logo\\\/image\\\/\"},\"sameAs\":[\"https:\\\/\\\/www.facebook.com\\\/anovapeneira\",\"https:\\\/\\\/x.com\\\/APeneira\"]},{\"@type\":\"Person\",\"@id\":\"https:\\\/\\\/www.anovapeneira.gal\\\/#\\\/schema\\\/person\\\/b93e3f8932e3f8da96334607eb6ac6aa\",\"name\":\"Redacci\u00f3n A Nova Peneira\",\"image\":{\"@type\":\"ImageObject\",\"inLanguage\":\"gl-ES\",\"@id\":\"https:\\\/\\\/secure.gravatar.com\\\/avatar\\\/c052a2551a06e23fac63626232eaa90abd78dbcf1700fc46a2b2c89fd27b735f?s=96&d=mm&r=g\",\"url\":\"https:\\\/\\\/secure.gravatar.com\\\/avatar\\\/c052a2551a06e23fac63626232eaa90abd78dbcf1700fc46a2b2c89fd27b735f?s=96&d=mm&r=g\",\"contentUrl\":\"https:\\\/\\\/secure.gravatar.com\\\/avatar\\\/c052a2551a06e23fac63626232eaa90abd78dbcf1700fc46a2b2c89fd27b735f?s=96&d=mm&r=g\",\"caption\":\"Redacci\u00f3n A Nova Peneira\"},\"sameAs\":[\"http:\\\/\\\/www.anovapeneira.gal\\\/\"],\"url\":\"https:\\\/\\\/www.anovapeneira.gal\\\/index.php\\\/author\\\/redactor\\\/\"}]}<\/script>\n<!-- \/ Yoast SEO plugin. -->","yoast_head_json":{"title":"Que est\u00e1 pasando en EEUU?: Unha ollada desde dentro -","robots":{"index":"index","follow":"follow","max-snippet":"max-snippet:-1","max-image-preview":"max-image-preview:large","max-video-preview":"max-video-preview:-1"},"canonical":"https:\/\/www.anovapeneira.gal\/index.php\/2026\/01\/16\/que-esta-pasando-en-eeuu-unha-ollada-desde-dentro\/","og_locale":"gl_ES","og_type":"article","og_title":"Que est\u00e1 pasando en EEUU?: Unha ollada desde dentro -","og_description":"Os Estados Unidos est\u00e1n a desenvolver unha pol\u00edtica extraordinariamente agresiva tanto interna como externa [...]","og_url":"https:\/\/www.anovapeneira.gal\/index.php\/2026\/01\/16\/que-esta-pasando-en-eeuu-unha-ollada-desde-dentro\/","article_publisher":"https:\/\/www.facebook.com\/anovapeneira","article_published_time":"2026-01-16T09:00:50+00:00","og_image":[{"width":720,"height":432,"url":"https:\/\/www.anovapeneira.gal\/wp-content\/uploads\/2026\/01\/koki.png","type":"image\/png"}],"author":"Redacci\u00f3n A Nova Peneira","twitter_card":"summary_large_image","twitter_creator":"@APeneira","twitter_site":"@APeneira","twitter_misc":{"Escrito por":"Redacci\u00f3n A Nova Peneira","Tempo de lectura":"3 minutos"},"schema":{"@context":"https:\/\/schema.org","@graph":[{"@type":"Article","@id":"https:\/\/www.anovapeneira.gal\/index.php\/2026\/01\/16\/que-esta-pasando-en-eeuu-unha-ollada-desde-dentro\/#article","isPartOf":{"@id":"https:\/\/www.anovapeneira.gal\/index.php\/2026\/01\/16\/que-esta-pasando-en-eeuu-unha-ollada-desde-dentro\/"},"author":{"name":"Redacci\u00f3n A Nova Peneira","@id":"https:\/\/www.anovapeneira.gal\/#\/schema\/person\/b93e3f8932e3f8da96334607eb6ac6aa"},"headline":"Que est\u00e1 pasando en EEUU?: Unha ollada desde dentro","datePublished":"2026-01-16T09:00:50+00:00","mainEntityOfPage":{"@id":"https:\/\/www.anovapeneira.gal\/index.php\/2026\/01\/16\/que-esta-pasando-en-eeuu-unha-ollada-desde-dentro\/"},"wordCount":902,"commentCount":0,"publisher":{"@id":"https:\/\/www.anovapeneira.gal\/#organization"},"image":{"@id":"https:\/\/www.anovapeneira.gal\/index.php\/2026\/01\/16\/que-esta-pasando-en-eeuu-unha-ollada-desde-dentro\/#primaryimage"},"thumbnailUrl":"https:\/\/www.anovapeneira.gal\/wp-content\/uploads\/2026\/01\/koki.png","keywords":["EEUU"],"articleSection":["Entrevistas"],"inLanguage":"gl-ES","potentialAction":[{"@type":"CommentAction","name":"Comment","target":["https:\/\/www.anovapeneira.gal\/index.php\/2026\/01\/16\/que-esta-pasando-en-eeuu-unha-ollada-desde-dentro\/#respond"]}]},{"@type":"WebPage","@id":"https:\/\/www.anovapeneira.gal\/index.php\/2026\/01\/16\/que-esta-pasando-en-eeuu-unha-ollada-desde-dentro\/","url":"https:\/\/www.anovapeneira.gal\/index.php\/2026\/01\/16\/que-esta-pasando-en-eeuu-unha-ollada-desde-dentro\/","name":"Que est\u00e1 pasando en EEUU?: Unha ollada desde dentro -","isPartOf":{"@id":"https:\/\/www.anovapeneira.gal\/#website"},"primaryImageOfPage":{"@id":"https:\/\/www.anovapeneira.gal\/index.php\/2026\/01\/16\/que-esta-pasando-en-eeuu-unha-ollada-desde-dentro\/#primaryimage"},"image":{"@id":"https:\/\/www.anovapeneira.gal\/index.php\/2026\/01\/16\/que-esta-pasando-en-eeuu-unha-ollada-desde-dentro\/#primaryimage"},"thumbnailUrl":"https:\/\/www.anovapeneira.gal\/wp-content\/uploads\/2026\/01\/koki.png","datePublished":"2026-01-16T09:00:50+00:00","breadcrumb":{"@id":"https:\/\/www.anovapeneira.gal\/index.php\/2026\/01\/16\/que-esta-pasando-en-eeuu-unha-ollada-desde-dentro\/#breadcrumb"},"inLanguage":"gl-ES","potentialAction":[{"@type":"ReadAction","target":["https:\/\/www.anovapeneira.gal\/index.php\/2026\/01\/16\/que-esta-pasando-en-eeuu-unha-ollada-desde-dentro\/"]}]},{"@type":"ImageObject","inLanguage":"gl-ES","@id":"https:\/\/www.anovapeneira.gal\/index.php\/2026\/01\/16\/que-esta-pasando-en-eeuu-unha-ollada-desde-dentro\/#primaryimage","url":"https:\/\/www.anovapeneira.gal\/wp-content\/uploads\/2026\/01\/koki.png","contentUrl":"https:\/\/www.anovapeneira.gal\/wp-content\/uploads\/2026\/01\/koki.png","width":720,"height":432},{"@type":"BreadcrumbList","@id":"https:\/\/www.anovapeneira.gal\/index.php\/2026\/01\/16\/que-esta-pasando-en-eeuu-unha-ollada-desde-dentro\/#breadcrumb","itemListElement":[{"@type":"ListItem","position":1,"name":"Portada","item":"https:\/\/www.anovapeneira.gal\/"},{"@type":"ListItem","position":2,"name":"Que est\u00e1 pasando en EEUU?: Unha ollada desde dentro"}]},{"@type":"WebSite","@id":"https:\/\/www.anovapeneira.gal\/#website","url":"https:\/\/www.anovapeneira.gal\/","name":"","description":"Xornal galego de informaci\u00f3n xeral Publicaci\u00f3n mensual de novas de Galicia e en especial dos Concellos da sur da provincia de Pontevedra.","publisher":{"@id":"https:\/\/www.anovapeneira.gal\/#organization"},"potentialAction":[{"@type":"SearchAction","target":{"@type":"EntryPoint","urlTemplate":"https:\/\/www.anovapeneira.gal\/?s={search_term_string}"},"query-input":{"@type":"PropertyValueSpecification","valueRequired":true,"valueName":"search_term_string"}}],"inLanguage":"gl-ES"},{"@type":"Organization","@id":"https:\/\/www.anovapeneira.gal\/#organization","name":"A Nova Peneira","url":"https:\/\/www.anovapeneira.gal\/","logo":{"@type":"ImageObject","inLanguage":"gl-ES","@id":"https:\/\/www.anovapeneira.gal\/#\/schema\/logo\/image\/","url":"http:\/\/www.anovapeneira.gal\/wp-content\/uploads\/2019\/06\/logo_a_nova_peneira_portal_web.png","contentUrl":"http:\/\/www.anovapeneira.gal\/wp-content\/uploads\/2019\/06\/logo_a_nova_peneira_portal_web.png","width":300,"height":100,"caption":"A Nova Peneira"},"image":{"@id":"https:\/\/www.anovapeneira.gal\/#\/schema\/logo\/image\/"},"sameAs":["https:\/\/www.facebook.com\/anovapeneira","https:\/\/x.com\/APeneira"]},{"@type":"Person","@id":"https:\/\/www.anovapeneira.gal\/#\/schema\/person\/b93e3f8932e3f8da96334607eb6ac6aa","name":"Redacci\u00f3n A Nova Peneira","image":{"@type":"ImageObject","inLanguage":"gl-ES","@id":"https:\/\/secure.gravatar.com\/avatar\/c052a2551a06e23fac63626232eaa90abd78dbcf1700fc46a2b2c89fd27b735f?s=96&d=mm&r=g","url":"https:\/\/secure.gravatar.com\/avatar\/c052a2551a06e23fac63626232eaa90abd78dbcf1700fc46a2b2c89fd27b735f?s=96&d=mm&r=g","contentUrl":"https:\/\/secure.gravatar.com\/avatar\/c052a2551a06e23fac63626232eaa90abd78dbcf1700fc46a2b2c89fd27b735f?s=96&d=mm&r=g","caption":"Redacci\u00f3n A Nova Peneira"},"sameAs":["http:\/\/www.anovapeneira.gal\/"],"url":"https:\/\/www.anovapeneira.gal\/index.php\/author\/redactor\/"}]}},"jetpack_featured_media_url":"https:\/\/www.anovapeneira.gal\/wp-content\/uploads\/2026\/01\/koki.png","_links":{"self":[{"href":"https:\/\/www.anovapeneira.gal\/index.php\/wp-json\/wp\/v2\/posts\/15218","targetHints":{"allow":["GET"]}}],"collection":[{"href":"https:\/\/www.anovapeneira.gal\/index.php\/wp-json\/wp\/v2\/posts"}],"about":[{"href":"https:\/\/www.anovapeneira.gal\/index.php\/wp-json\/wp\/v2\/types\/post"}],"author":[{"embeddable":true,"href":"https:\/\/www.anovapeneira.gal\/index.php\/wp-json\/wp\/v2\/users\/3"}],"replies":[{"embeddable":true,"href":"https:\/\/www.anovapeneira.gal\/index.php\/wp-json\/wp\/v2\/comments?post=15218"}],"version-history":[{"count":2,"href":"https:\/\/www.anovapeneira.gal\/index.php\/wp-json\/wp\/v2\/posts\/15218\/revisions"}],"predecessor-version":[{"id":15221,"href":"https:\/\/www.anovapeneira.gal\/index.php\/wp-json\/wp\/v2\/posts\/15218\/revisions\/15221"}],"wp:featuredmedia":[{"embeddable":true,"href":"https:\/\/www.anovapeneira.gal\/index.php\/wp-json\/wp\/v2\/media\/15220"}],"wp:attachment":[{"href":"https:\/\/www.anovapeneira.gal\/index.php\/wp-json\/wp\/v2\/media?parent=15218"}],"wp:term":[{"taxonomy":"category","embeddable":true,"href":"https:\/\/www.anovapeneira.gal\/index.php\/wp-json\/wp\/v2\/categories?post=15218"},{"taxonomy":"post_tag","embeddable":true,"href":"https:\/\/www.anovapeneira.gal\/index.php\/wp-json\/wp\/v2\/tags?post=15218"}],"curies":[{"name":"wp","href":"https:\/\/api.w.org\/{rel}","templated":true}]}}