{"id":15232,"date":"2026-01-20T12:00:43","date_gmt":"2026-01-20T11:00:43","guid":{"rendered":"https:\/\/www.anovapeneira.gal\/?p=15232"},"modified":"2026-01-19T10:20:08","modified_gmt":"2026-01-19T09:20:08","slug":"esquecer-sempre-tivo-consecuencias","status":"publish","type":"post","link":"https:\/\/www.anovapeneira.gal\/index.php\/2026\/01\/20\/esquecer-sempre-tivo-consecuencias\/","title":{"rendered":"Esquecer sempre tivo consecuencias"},"content":{"rendered":"\n<figure class=\"wp-block-image size-full is-resized\"><img loading=\"lazy\" decoding=\"async\" width=\"190\" height=\"222\" src=\"https:\/\/www.anovapeneira.gal\/wp-content\/uploads\/2019\/07\/Baldomero_Iglesias_Dobarrio_Mero.jpg\" alt=\"Baldomero Iglesias Dobarrio Mero artigos de opini\u00f3n A Nova Peneira\" class=\"wp-image-482\" style=\"width:104px;height:auto\"\/><figcaption class=\"wp-element-caption\">Baldomero Iglesias Dobarrio, Mero<\/figcaption><\/figure>\n\n\n\n<p>Na perspectiva lonxincua dos tempos, cando se aten\u00faan os anos e os desexos, \u00edmonos dando conta que a memoria \u00e9 algo as\u00ed como unha ruptura de ciclos, anacos de historia que nos tocan vivir e que pertencen a un fardelo de sucesos, no seu d\u00eda asimilados de calquera maneira, que despois ser\u00e1n xulgados e criticados, edulcorados por non termos a sabedor\u00eda e cautela de saber dixerilas e conducilas. Estamos a vivir un tempo convulso cheo de provocaci\u00f3ns, ausente de verdades e moi dani\u00f1o para un sistema representativo e corporativo que puidese considerar a xustiza como precedente de estabilidade e equilibrio. Pero quen xulga aos xu\u00edces? Ata aqu\u00ed chegamos, todos ven o lamentable espect\u00e1culo de Gaza, de Venezuela e mesmo aquelas federaci\u00f3ns de estados tan -noutrora- avanzadas de ideas, calan e consenten sen moverse.<\/p>\n\n\n\n<p>Xa sabemos que calquera sistema, a\u00ed est\u00e1 a nosa vulnerabilidade, non \u00e9 todo o forte que debera para levarnos \u00e1 compracencia absoluta, conform\u00e1monos na maioritaria. Aquela que reconduce os erros e nos leva a soluci\u00f3ns menos teimudas e m\u00e1is fiables. A Xustiza debera ser o espello onde proceder e mirar, onde compulsar e tomar os pulsos da equidade, Lugar onde habite o xu\u00edzo, en mans, coraz\u00f3ns e intelixencias de xu\u00edzas e xu\u00edces supostamente capaces para tal fin. Un lugar que nos xunte para x\u00fabilo nas normas que nos rexen, nos deberes que nos concilien e nos dereitos que nos amparen. Que xunten no convencemento de estar protex\u00e9ndonos e co xuramento de entendernos e respectarnos. Tr\u00e1tase, pois, de aplicar o dereito que rexe as relaci\u00f3ns entre os pobos e as persoas no exercicio dese poder, capaz, proporcionado que atenda todas as condicionantes que se moven ao redor dos feitos.<\/p>\n\n\n\n<p>Mais sabemos que a xustiza dos humanos \u00e9 teimuda, torpe e lenta, e nesas s\u00faas eivas \u00e9 un desprop\u00f3sito que nos fatiga e amortece. Est\u00e1 cargada de sombras cando ela mesma debera ser luz; de c\u00f3mplices, cando ela mesma debera ser independente; de compromisos, cando ela mesma debera non estar obrigada; de temperamentos, cando ela debera estar \u00e1 marxe de interpretaci\u00f3ns tan subxectivas; de naturezas e clases, cando ela debera estar atenta a non distinguir tanto a forma sen\u00f3n tam\u00e9n o fondo e facer coincidir a letra co esp\u00edrito da mesma; de categor\u00edas, cando debera ser igual para a totalidade; de urxencias temerosas cando debera ser atemporal; de circunstancias e l\u00edmites, de estratexias pol\u00edticas, de escarmentos, de subordinaci\u00f3ns, de indicadores falsos, de falsas testemu\u00f1as, &#8230;<\/p>\n\n\n\n<p>En realidade est\u00e1 acosada de moitas perversi\u00f3ns. E con frecuencia pasa que a persoa non culpable, aparece culpable e cumpre pena, nunha soidade inhumana chea de abismos que preconizan o caos e os desastres. Mentres os verdadeiros culpables marchan rindo pola ramalleira e preparando a seguinte ofensa ao dereito. Hoxe est\u00e1n a\u00ed diante, v\u00e9selles ben e te\u00f1en cara de faltos de raciocinio, anque cheos de odio. \u00c1 marxe de todo isto, aquelas persoas que non somos aprendidas en dereito, anque si escarmentadas en deberes, sabemos que non pode -creo que \u00e9 b\u00e1sico- haber Xustiza cando se fan linchamentos de calquera tipo. Est\u00e1n \u00e1 vista. E iso \u00e9 un delito de quen enxu\u00edza, porque &nbsp;rompe o sistema e fai quebrar convivencia e sobre vivencia. Quizais hoxe, en n\u00f3s, a incipiente democracia que comezaba a contemplar as diversidades, as tan humanas diferencias que nos igualan. A eles s\u00f3 se lles pide que sexan neutrais e desde esa neutralidade exercer a lei que nos redima, ou sequera ordene.<\/p>\n\n\n\n<p>Todo isto non sucedeu as\u00ed, estamos infectados de podremia. O mundo, miremos onde miremos est\u00e1 cheo de \u201cpirados\u201d e falt\u00f3ns, de xente sen escr\u00fapulos e enchida de odio e de miserias. Son ladr\u00f3ns da vontade dos demais, ego\u00edstas que mante\u00f1en o seu criterio por riba do criterio legal que nos asiste a todos. Xogan con n\u00f3s como co Monopoly, te\u00f1en tomados os medios de adoutrinamento e de presi\u00f3n social, son expertos en fiscalizar o que non ten nome e prevarican sometidos \u00e1 mentira, a uns titulares falsos, \u00e1s falsidades de persoas que non co\u00f1eceron nunca a decencia e a verdade. Pero chegamos aqu\u00ed, e era o que faltaba, resulta que triunfan os maleducados, os que difaman, os que son groseiros e rachan as esencias dunha posible convivencia. Non se escandalicen, isto xa vi\u00f1a sucedendo no noso arredor. Son persoas que pensan en n\u00famero de beneficio, nunca nas persoas, nin na traxedia da xente vulnerable, arredan doutros criterios e dos que con eles son cr\u00edticos. Nada lles preocupa pero fan vivir a hostilidade nos demais. Son negacionistas e negacioneiros, obrigan e fan caso omiso da ciencia e dos supostos valores humanos. S\u00f3 \u00e9 verdade a s\u00faa verdade e van apartados de calquera \u00e9tica. Te\u00f1en veleno no coraz\u00f3n e na mente. Acabouse a imparcialidade so\u00f1ada, &#8230;que xa pouca hab\u00eda! E a lexitimidade? De tal xeito sucede que criticar pasa a ser un acto de defensa da verdadeira Xustiza e da legalidade que a\u00ednda se pretend\u00eda.<\/p>\n","protected":false},"excerpt":{"rendered":"<div class=\"mh-excerpt\"><p>Na perspectiva lonxincua dos tempos, cando se aten\u00faan os anos e os desexos, \u00edmonos dando conta que a memoria \u00e9 algo as\u00ed como unha ruptura de ciclos <a class=\"mh-excerpt-more\" href=\"https:\/\/www.anovapeneira.gal\/index.php\/2026\/01\/20\/esquecer-sempre-tivo-consecuencias\/\" title=\"Esquecer sempre tivo consecuencias\">[&#8230;]<\/a><\/p>\n<\/div>","protected":false},"author":5,"featured_media":584,"comment_status":"open","ping_status":"open","sticky":false,"template":"","format":"standard","meta":{"_exactmetrics_skip_tracking":false,"_exactmetrics_sitenote_active":false,"_exactmetrics_sitenote_note":"","_exactmetrics_sitenote_category":0,"footnotes":""},"categories":[1],"tags":[],"class_list":{"0":"post-15232","1":"post","2":"type-post","3":"status-publish","4":"format-standard","5":"has-post-thumbnail","7":"category-sin-categoria"},"yoast_head":"<!-- This site is optimized with the Yoast SEO plugin v27.4 - https:\/\/yoast.com\/product\/yoast-seo-wordpress\/ -->\n<title>Esquecer sempre tivo consecuencias -<\/title>\n<meta name=\"robots\" content=\"index, follow, max-snippet:-1, max-image-preview:large, max-video-preview:-1\" \/>\n<link rel=\"canonical\" href=\"https:\/\/www.anovapeneira.gal\/index.php\/2026\/01\/20\/esquecer-sempre-tivo-consecuencias\/\" \/>\n<meta property=\"og:locale\" content=\"gl_ES\" \/>\n<meta property=\"og:type\" content=\"article\" \/>\n<meta property=\"og:title\" content=\"Esquecer sempre tivo consecuencias -\" \/>\n<meta property=\"og:description\" content=\"Na perspectiva lonxincua dos tempos, cando se aten\u00faan os anos e os desexos, \u00edmonos dando conta que a memoria \u00e9 algo as\u00ed como unha ruptura de ciclos [...]\" \/>\n<meta property=\"og:url\" content=\"https:\/\/www.anovapeneira.gal\/index.php\/2026\/01\/20\/esquecer-sempre-tivo-consecuencias\/\" \/>\n<meta property=\"article:publisher\" content=\"https:\/\/www.facebook.com\/anovapeneira\" \/>\n<meta property=\"article:published_time\" content=\"2026-01-20T11:00:43+00:00\" \/>\n<meta property=\"og:image\" content=\"https:\/\/www.anovapeneira.gal\/wp-content\/uploads\/2019\/07\/ARTIGO_DE_OPINION_A_NOVA_PENEIRA.jpg\" \/>\n\t<meta property=\"og:image:width\" content=\"720\" \/>\n\t<meta property=\"og:image:height\" content=\"473\" \/>\n\t<meta property=\"og:image:type\" content=\"image\/jpeg\" \/>\n<meta name=\"author\" content=\"Baldomero Iglesias Dobarrio, Mero\" \/>\n<meta name=\"twitter:card\" content=\"summary_large_image\" \/>\n<meta name=\"twitter:creator\" content=\"@APeneira\" \/>\n<meta name=\"twitter:site\" content=\"@APeneira\" \/>\n<meta name=\"twitter:label1\" content=\"Escrito por\" \/>\n\t<meta name=\"twitter:data1\" content=\"Baldomero Iglesias Dobarrio, Mero\" \/>\n\t<meta name=\"twitter:label2\" content=\"Tempo de lectura\" \/>\n\t<meta name=\"twitter:data2\" content=\"5 minutos\" \/>\n<script type=\"application\/ld+json\" class=\"yoast-schema-graph\">{\"@context\":\"https:\\\/\\\/schema.org\",\"@graph\":[{\"@type\":\"Article\",\"@id\":\"https:\\\/\\\/www.anovapeneira.gal\\\/index.php\\\/2026\\\/01\\\/20\\\/esquecer-sempre-tivo-consecuencias\\\/#article\",\"isPartOf\":{\"@id\":\"https:\\\/\\\/www.anovapeneira.gal\\\/index.php\\\/2026\\\/01\\\/20\\\/esquecer-sempre-tivo-consecuencias\\\/\"},\"author\":{\"name\":\"Baldomero Iglesias Dobarrio, Mero\",\"@id\":\"https:\\\/\\\/www.anovapeneira.gal\\\/#\\\/schema\\\/person\\\/b051ed40cfc100e281476674783b32fc\"},\"headline\":\"Esquecer sempre tivo consecuencias\",\"datePublished\":\"2026-01-20T11:00:43+00:00\",\"mainEntityOfPage\":{\"@id\":\"https:\\\/\\\/www.anovapeneira.gal\\\/index.php\\\/2026\\\/01\\\/20\\\/esquecer-sempre-tivo-consecuencias\\\/\"},\"wordCount\":869,\"commentCount\":0,\"publisher\":{\"@id\":\"https:\\\/\\\/www.anovapeneira.gal\\\/#organization\"},\"image\":{\"@id\":\"https:\\\/\\\/www.anovapeneira.gal\\\/index.php\\\/2026\\\/01\\\/20\\\/esquecer-sempre-tivo-consecuencias\\\/#primaryimage\"},\"thumbnailUrl\":\"https:\\\/\\\/www.anovapeneira.gal\\\/wp-content\\\/uploads\\\/2019\\\/07\\\/ARTIGO_DE_OPINION_A_NOVA_PENEIRA.jpg\",\"articleSection\":[\"Sin categor\u00eda\"],\"inLanguage\":\"gl-ES\",\"potentialAction\":[{\"@type\":\"CommentAction\",\"name\":\"Comment\",\"target\":[\"https:\\\/\\\/www.anovapeneira.gal\\\/index.php\\\/2026\\\/01\\\/20\\\/esquecer-sempre-tivo-consecuencias\\\/#respond\"]}]},{\"@type\":\"WebPage\",\"@id\":\"https:\\\/\\\/www.anovapeneira.gal\\\/index.php\\\/2026\\\/01\\\/20\\\/esquecer-sempre-tivo-consecuencias\\\/\",\"url\":\"https:\\\/\\\/www.anovapeneira.gal\\\/index.php\\\/2026\\\/01\\\/20\\\/esquecer-sempre-tivo-consecuencias\\\/\",\"name\":\"Esquecer sempre tivo consecuencias -\",\"isPartOf\":{\"@id\":\"https:\\\/\\\/www.anovapeneira.gal\\\/#website\"},\"primaryImageOfPage\":{\"@id\":\"https:\\\/\\\/www.anovapeneira.gal\\\/index.php\\\/2026\\\/01\\\/20\\\/esquecer-sempre-tivo-consecuencias\\\/#primaryimage\"},\"image\":{\"@id\":\"https:\\\/\\\/www.anovapeneira.gal\\\/index.php\\\/2026\\\/01\\\/20\\\/esquecer-sempre-tivo-consecuencias\\\/#primaryimage\"},\"thumbnailUrl\":\"https:\\\/\\\/www.anovapeneira.gal\\\/wp-content\\\/uploads\\\/2019\\\/07\\\/ARTIGO_DE_OPINION_A_NOVA_PENEIRA.jpg\",\"datePublished\":\"2026-01-20T11:00:43+00:00\",\"breadcrumb\":{\"@id\":\"https:\\\/\\\/www.anovapeneira.gal\\\/index.php\\\/2026\\\/01\\\/20\\\/esquecer-sempre-tivo-consecuencias\\\/#breadcrumb\"},\"inLanguage\":\"gl-ES\",\"potentialAction\":[{\"@type\":\"ReadAction\",\"target\":[\"https:\\\/\\\/www.anovapeneira.gal\\\/index.php\\\/2026\\\/01\\\/20\\\/esquecer-sempre-tivo-consecuencias\\\/\"]}]},{\"@type\":\"ImageObject\",\"inLanguage\":\"gl-ES\",\"@id\":\"https:\\\/\\\/www.anovapeneira.gal\\\/index.php\\\/2026\\\/01\\\/20\\\/esquecer-sempre-tivo-consecuencias\\\/#primaryimage\",\"url\":\"https:\\\/\\\/www.anovapeneira.gal\\\/wp-content\\\/uploads\\\/2019\\\/07\\\/ARTIGO_DE_OPINION_A_NOVA_PENEIRA.jpg\",\"contentUrl\":\"https:\\\/\\\/www.anovapeneira.gal\\\/wp-content\\\/uploads\\\/2019\\\/07\\\/ARTIGO_DE_OPINION_A_NOVA_PENEIRA.jpg\",\"width\":720,\"height\":473,\"caption\":\"Artigo de opini\u00f3n A Nova Peneira\"},{\"@type\":\"BreadcrumbList\",\"@id\":\"https:\\\/\\\/www.anovapeneira.gal\\\/index.php\\\/2026\\\/01\\\/20\\\/esquecer-sempre-tivo-consecuencias\\\/#breadcrumb\",\"itemListElement\":[{\"@type\":\"ListItem\",\"position\":1,\"name\":\"Portada\",\"item\":\"https:\\\/\\\/www.anovapeneira.gal\\\/\"},{\"@type\":\"ListItem\",\"position\":2,\"name\":\"Esquecer sempre tivo consecuencias\"}]},{\"@type\":\"WebSite\",\"@id\":\"https:\\\/\\\/www.anovapeneira.gal\\\/#website\",\"url\":\"https:\\\/\\\/www.anovapeneira.gal\\\/\",\"name\":\"\",\"description\":\"Xornal galego de informaci\u00f3n xeral Publicaci\u00f3n mensual de novas de Galicia e en especial dos Concellos da sur da provincia de Pontevedra.\",\"publisher\":{\"@id\":\"https:\\\/\\\/www.anovapeneira.gal\\\/#organization\"},\"potentialAction\":[{\"@type\":\"SearchAction\",\"target\":{\"@type\":\"EntryPoint\",\"urlTemplate\":\"https:\\\/\\\/www.anovapeneira.gal\\\/?s={search_term_string}\"},\"query-input\":{\"@type\":\"PropertyValueSpecification\",\"valueRequired\":true,\"valueName\":\"search_term_string\"}}],\"inLanguage\":\"gl-ES\"},{\"@type\":\"Organization\",\"@id\":\"https:\\\/\\\/www.anovapeneira.gal\\\/#organization\",\"name\":\"A Nova Peneira\",\"url\":\"https:\\\/\\\/www.anovapeneira.gal\\\/\",\"logo\":{\"@type\":\"ImageObject\",\"inLanguage\":\"gl-ES\",\"@id\":\"https:\\\/\\\/www.anovapeneira.gal\\\/#\\\/schema\\\/logo\\\/image\\\/\",\"url\":\"http:\\\/\\\/www.anovapeneira.gal\\\/wp-content\\\/uploads\\\/2019\\\/06\\\/logo_a_nova_peneira_portal_web.png\",\"contentUrl\":\"http:\\\/\\\/www.anovapeneira.gal\\\/wp-content\\\/uploads\\\/2019\\\/06\\\/logo_a_nova_peneira_portal_web.png\",\"width\":300,\"height\":100,\"caption\":\"A Nova Peneira\"},\"image\":{\"@id\":\"https:\\\/\\\/www.anovapeneira.gal\\\/#\\\/schema\\\/logo\\\/image\\\/\"},\"sameAs\":[\"https:\\\/\\\/www.facebook.com\\\/anovapeneira\",\"https:\\\/\\\/x.com\\\/APeneira\"]},{\"@type\":\"Person\",\"@id\":\"https:\\\/\\\/www.anovapeneira.gal\\\/#\\\/schema\\\/person\\\/b051ed40cfc100e281476674783b32fc\",\"name\":\"Baldomero Iglesias Dobarrio, Mero\",\"image\":{\"@type\":\"ImageObject\",\"inLanguage\":\"gl-ES\",\"@id\":\"https:\\\/\\\/secure.gravatar.com\\\/avatar\\\/ca78fc089f8cf28197f88de2c9ac213e2f7d2097d8e359d9359b8778b539c59d?s=96&d=mm&r=g\",\"url\":\"https:\\\/\\\/secure.gravatar.com\\\/avatar\\\/ca78fc089f8cf28197f88de2c9ac213e2f7d2097d8e359d9359b8778b539c59d?s=96&d=mm&r=g\",\"contentUrl\":\"https:\\\/\\\/secure.gravatar.com\\\/avatar\\\/ca78fc089f8cf28197f88de2c9ac213e2f7d2097d8e359d9359b8778b539c59d?s=96&d=mm&r=g\",\"caption\":\"Baldomero Iglesias Dobarrio, Mero\"},\"sameAs\":[\"http:\\\/\\\/anovapeneira.gal\"],\"url\":\"https:\\\/\\\/www.anovapeneira.gal\\\/index.php\\\/author\\\/opinionmero\\\/\"}]}<\/script>\n<!-- \/ Yoast SEO plugin. -->","yoast_head_json":{"title":"Esquecer sempre tivo consecuencias -","robots":{"index":"index","follow":"follow","max-snippet":"max-snippet:-1","max-image-preview":"max-image-preview:large","max-video-preview":"max-video-preview:-1"},"canonical":"https:\/\/www.anovapeneira.gal\/index.php\/2026\/01\/20\/esquecer-sempre-tivo-consecuencias\/","og_locale":"gl_ES","og_type":"article","og_title":"Esquecer sempre tivo consecuencias -","og_description":"Na perspectiva lonxincua dos tempos, cando se aten\u00faan os anos e os desexos, \u00edmonos dando conta que a memoria \u00e9 algo as\u00ed como unha ruptura de ciclos [...]","og_url":"https:\/\/www.anovapeneira.gal\/index.php\/2026\/01\/20\/esquecer-sempre-tivo-consecuencias\/","article_publisher":"https:\/\/www.facebook.com\/anovapeneira","article_published_time":"2026-01-20T11:00:43+00:00","og_image":[{"width":720,"height":473,"url":"https:\/\/www.anovapeneira.gal\/wp-content\/uploads\/2019\/07\/ARTIGO_DE_OPINION_A_NOVA_PENEIRA.jpg","type":"image\/jpeg"}],"author":"Baldomero Iglesias Dobarrio, Mero","twitter_card":"summary_large_image","twitter_creator":"@APeneira","twitter_site":"@APeneira","twitter_misc":{"Escrito por":"Baldomero Iglesias Dobarrio, Mero","Tempo de lectura":"5 minutos"},"schema":{"@context":"https:\/\/schema.org","@graph":[{"@type":"Article","@id":"https:\/\/www.anovapeneira.gal\/index.php\/2026\/01\/20\/esquecer-sempre-tivo-consecuencias\/#article","isPartOf":{"@id":"https:\/\/www.anovapeneira.gal\/index.php\/2026\/01\/20\/esquecer-sempre-tivo-consecuencias\/"},"author":{"name":"Baldomero Iglesias Dobarrio, Mero","@id":"https:\/\/www.anovapeneira.gal\/#\/schema\/person\/b051ed40cfc100e281476674783b32fc"},"headline":"Esquecer sempre tivo consecuencias","datePublished":"2026-01-20T11:00:43+00:00","mainEntityOfPage":{"@id":"https:\/\/www.anovapeneira.gal\/index.php\/2026\/01\/20\/esquecer-sempre-tivo-consecuencias\/"},"wordCount":869,"commentCount":0,"publisher":{"@id":"https:\/\/www.anovapeneira.gal\/#organization"},"image":{"@id":"https:\/\/www.anovapeneira.gal\/index.php\/2026\/01\/20\/esquecer-sempre-tivo-consecuencias\/#primaryimage"},"thumbnailUrl":"https:\/\/www.anovapeneira.gal\/wp-content\/uploads\/2019\/07\/ARTIGO_DE_OPINION_A_NOVA_PENEIRA.jpg","articleSection":["Sin categor\u00eda"],"inLanguage":"gl-ES","potentialAction":[{"@type":"CommentAction","name":"Comment","target":["https:\/\/www.anovapeneira.gal\/index.php\/2026\/01\/20\/esquecer-sempre-tivo-consecuencias\/#respond"]}]},{"@type":"WebPage","@id":"https:\/\/www.anovapeneira.gal\/index.php\/2026\/01\/20\/esquecer-sempre-tivo-consecuencias\/","url":"https:\/\/www.anovapeneira.gal\/index.php\/2026\/01\/20\/esquecer-sempre-tivo-consecuencias\/","name":"Esquecer sempre tivo consecuencias -","isPartOf":{"@id":"https:\/\/www.anovapeneira.gal\/#website"},"primaryImageOfPage":{"@id":"https:\/\/www.anovapeneira.gal\/index.php\/2026\/01\/20\/esquecer-sempre-tivo-consecuencias\/#primaryimage"},"image":{"@id":"https:\/\/www.anovapeneira.gal\/index.php\/2026\/01\/20\/esquecer-sempre-tivo-consecuencias\/#primaryimage"},"thumbnailUrl":"https:\/\/www.anovapeneira.gal\/wp-content\/uploads\/2019\/07\/ARTIGO_DE_OPINION_A_NOVA_PENEIRA.jpg","datePublished":"2026-01-20T11:00:43+00:00","breadcrumb":{"@id":"https:\/\/www.anovapeneira.gal\/index.php\/2026\/01\/20\/esquecer-sempre-tivo-consecuencias\/#breadcrumb"},"inLanguage":"gl-ES","potentialAction":[{"@type":"ReadAction","target":["https:\/\/www.anovapeneira.gal\/index.php\/2026\/01\/20\/esquecer-sempre-tivo-consecuencias\/"]}]},{"@type":"ImageObject","inLanguage":"gl-ES","@id":"https:\/\/www.anovapeneira.gal\/index.php\/2026\/01\/20\/esquecer-sempre-tivo-consecuencias\/#primaryimage","url":"https:\/\/www.anovapeneira.gal\/wp-content\/uploads\/2019\/07\/ARTIGO_DE_OPINION_A_NOVA_PENEIRA.jpg","contentUrl":"https:\/\/www.anovapeneira.gal\/wp-content\/uploads\/2019\/07\/ARTIGO_DE_OPINION_A_NOVA_PENEIRA.jpg","width":720,"height":473,"caption":"Artigo de opini\u00f3n A Nova Peneira"},{"@type":"BreadcrumbList","@id":"https:\/\/www.anovapeneira.gal\/index.php\/2026\/01\/20\/esquecer-sempre-tivo-consecuencias\/#breadcrumb","itemListElement":[{"@type":"ListItem","position":1,"name":"Portada","item":"https:\/\/www.anovapeneira.gal\/"},{"@type":"ListItem","position":2,"name":"Esquecer sempre tivo consecuencias"}]},{"@type":"WebSite","@id":"https:\/\/www.anovapeneira.gal\/#website","url":"https:\/\/www.anovapeneira.gal\/","name":"","description":"Xornal galego de informaci\u00f3n xeral Publicaci\u00f3n mensual de novas de Galicia e en especial dos Concellos da sur da provincia de Pontevedra.","publisher":{"@id":"https:\/\/www.anovapeneira.gal\/#organization"},"potentialAction":[{"@type":"SearchAction","target":{"@type":"EntryPoint","urlTemplate":"https:\/\/www.anovapeneira.gal\/?s={search_term_string}"},"query-input":{"@type":"PropertyValueSpecification","valueRequired":true,"valueName":"search_term_string"}}],"inLanguage":"gl-ES"},{"@type":"Organization","@id":"https:\/\/www.anovapeneira.gal\/#organization","name":"A Nova Peneira","url":"https:\/\/www.anovapeneira.gal\/","logo":{"@type":"ImageObject","inLanguage":"gl-ES","@id":"https:\/\/www.anovapeneira.gal\/#\/schema\/logo\/image\/","url":"http:\/\/www.anovapeneira.gal\/wp-content\/uploads\/2019\/06\/logo_a_nova_peneira_portal_web.png","contentUrl":"http:\/\/www.anovapeneira.gal\/wp-content\/uploads\/2019\/06\/logo_a_nova_peneira_portal_web.png","width":300,"height":100,"caption":"A Nova Peneira"},"image":{"@id":"https:\/\/www.anovapeneira.gal\/#\/schema\/logo\/image\/"},"sameAs":["https:\/\/www.facebook.com\/anovapeneira","https:\/\/x.com\/APeneira"]},{"@type":"Person","@id":"https:\/\/www.anovapeneira.gal\/#\/schema\/person\/b051ed40cfc100e281476674783b32fc","name":"Baldomero Iglesias Dobarrio, Mero","image":{"@type":"ImageObject","inLanguage":"gl-ES","@id":"https:\/\/secure.gravatar.com\/avatar\/ca78fc089f8cf28197f88de2c9ac213e2f7d2097d8e359d9359b8778b539c59d?s=96&d=mm&r=g","url":"https:\/\/secure.gravatar.com\/avatar\/ca78fc089f8cf28197f88de2c9ac213e2f7d2097d8e359d9359b8778b539c59d?s=96&d=mm&r=g","contentUrl":"https:\/\/secure.gravatar.com\/avatar\/ca78fc089f8cf28197f88de2c9ac213e2f7d2097d8e359d9359b8778b539c59d?s=96&d=mm&r=g","caption":"Baldomero Iglesias Dobarrio, Mero"},"sameAs":["http:\/\/anovapeneira.gal"],"url":"https:\/\/www.anovapeneira.gal\/index.php\/author\/opinionmero\/"}]}},"jetpack_featured_media_url":"https:\/\/www.anovapeneira.gal\/wp-content\/uploads\/2019\/07\/ARTIGO_DE_OPINION_A_NOVA_PENEIRA.jpg","_links":{"self":[{"href":"https:\/\/www.anovapeneira.gal\/index.php\/wp-json\/wp\/v2\/posts\/15232","targetHints":{"allow":["GET"]}}],"collection":[{"href":"https:\/\/www.anovapeneira.gal\/index.php\/wp-json\/wp\/v2\/posts"}],"about":[{"href":"https:\/\/www.anovapeneira.gal\/index.php\/wp-json\/wp\/v2\/types\/post"}],"author":[{"embeddable":true,"href":"https:\/\/www.anovapeneira.gal\/index.php\/wp-json\/wp\/v2\/users\/5"}],"replies":[{"embeddable":true,"href":"https:\/\/www.anovapeneira.gal\/index.php\/wp-json\/wp\/v2\/comments?post=15232"}],"version-history":[{"count":1,"href":"https:\/\/www.anovapeneira.gal\/index.php\/wp-json\/wp\/v2\/posts\/15232\/revisions"}],"predecessor-version":[{"id":15233,"href":"https:\/\/www.anovapeneira.gal\/index.php\/wp-json\/wp\/v2\/posts\/15232\/revisions\/15233"}],"wp:featuredmedia":[{"embeddable":true,"href":"https:\/\/www.anovapeneira.gal\/index.php\/wp-json\/wp\/v2\/media\/584"}],"wp:attachment":[{"href":"https:\/\/www.anovapeneira.gal\/index.php\/wp-json\/wp\/v2\/media?parent=15232"}],"wp:term":[{"taxonomy":"category","embeddable":true,"href":"https:\/\/www.anovapeneira.gal\/index.php\/wp-json\/wp\/v2\/categories?post=15232"},{"taxonomy":"post_tag","embeddable":true,"href":"https:\/\/www.anovapeneira.gal\/index.php\/wp-json\/wp\/v2\/tags?post=15232"}],"curies":[{"name":"wp","href":"https:\/\/api.w.org\/{rel}","templated":true}]}}