{"id":15236,"date":"2026-01-21T12:00:26","date_gmt":"2026-01-21T11:00:26","guid":{"rendered":"https:\/\/www.anovapeneira.gal\/?p=15236"},"modified":"2026-01-19T10:29:46","modified_gmt":"2026-01-19T09:29:46","slug":"mar-nunez-e-a-galicia-que-funciona","status":"publish","type":"post","link":"https:\/\/www.anovapeneira.gal\/index.php\/2026\/01\/21\/mar-nunez-e-a-galicia-que-funciona\/","title":{"rendered":"Mar N\u00fa\u00f1ez e \u201c A Galicia que funciona\u201d."},"content":{"rendered":"\n<p>Mar \u00e9 unha veci\u00f1a de Redondela que perdeu ao seu pai en outubro do 2024.O pai de Mar cham\u00e1base Ram\u00f3n e morreu nunha terrible agon\u00eda de m\u00e1is de 5 horas de duraci\u00f3n despois de que supostamente se lle negara, por parte dos facultativos que lle atenderon, tanto no \u00faltimo ingreso como nun ingreso anterior a realizaci\u00f3n dun TAC para determinar a causa real da s\u00faa dor. Mar entende que foi a idade que ti\u00f1a o seu pai o \u00fanico criterio que determinou que s\u00f3 recibira tratamento analx\u00e9sico. Por outra parte manifesta que os dous informes que ten no seu poder non coinciden, e sost\u00e9n que o segundo est\u00e1 presuntamente \u201ctocado\u201d coa intenci\u00f3n de eludir as supostas responsabilidades do persoal que o atendeu. Esta \u00e9 a s\u00faa historia:<\/p>\n\n\n\n<p><strong>Os feitos<\/strong><\/p>\n\n\n\n<blockquote class=\"wp-block-quote is-layout-flow wp-block-quote-is-layout-flow\">\n<p>Hai m\u00e1is dun ano ingresa ao seu pai, Ram\u00f3n, con fortes dores abdominais. El ti\u00f1a 90 anos naquel momento. Danlle tratamento analx\u00e9sico. Non lle saben responder \u00e1 filla de onde ven a dor. Ela pide un TAC abdominal e n\u00e9ganllo dicindo que se tivera cancro coa idade que ten non pagar\u00eda a pena o tratamento. Pouco tempo despois mentres Mar estaba de viaxe a coidadora ch\u00e1maa porque o seu pai ten unha dor moi aguda. Ela contacta por tel\u00e9fono co m\u00e9dico de cabeceira e deciden administrarlle unha dose de fentanilo. Alg\u00fans d\u00edas despois te\u00f1en que ir de novo a urxencias porque a dor increm\u00e9ntase notablemente. V\u00f3lvelle pedir o TAC \u00e1s 5:30 da ma\u00f1\u00e1 \u00e1 m\u00e9dica que o atende. N\u00e9ganllo. \u00c1s 8 da ma\u00f1\u00e1 cambia a quenda a situaci\u00f3n empeora moito, as dores v\u00f3lvense insoportables, e o pai morre retorc\u00e9ndose co sufrimento. Co seu pai xa morto l\u00e9vano a facer o TAC, a xu\u00edzo de Mar para cubrirse as costas despois de terllo negado en varias ocasi\u00f3ns cando estaba vivo.<\/p>\n<\/blockquote>\n\n\n\n<blockquote class=\"wp-block-quote is-layout-flow wp-block-quote-is-layout-flow\">\n<p>Comun\u00edcanlle o falecemento do pai en palabras dos m\u00e9dicos que o atenderon mentres lle pu\u00f1an o contraste. Unha vez morto o seu pai acode ao m\u00e9dico de cabeceira e p\u00eddelle o informe de urxencias do seu pai. Al\u00ed non di nada do TAC, s\u00f3 menciona o tratamento analx\u00e9sico. Mar fala co defensor do paciente quen lle informa da elevada dificultade de pelexar contra un xigante como o SERGAS, especialmente ao non terlle feito a autopsia ao seu pai e xa que logo non dispor dun informe que, en base \u00e1 autopsia, determinase as causas exactas da morte do pai de Mar.<\/p>\n<\/blockquote>\n\n\n\n<p><strong>O segundo informe<\/strong><\/p>\n\n\n\n<blockquote class=\"wp-block-quote is-layout-flow wp-block-quote-is-layout-flow\">\n<p>Nese momento fala cun avogado quen lle aconsella pedir o historial m\u00e9dico do seu pai e cando o recibe manifesta a s\u00faa sorpresa porque entende que cambia absolutamente todo. Nese segundo informe, segundo Mar, din que lle fixeron todo tipo de probas, inclu\u00eddo un TAC, e que cando ven que o pulso era moi baixo \u00e9 o momento no que avisan \u00e1 familia do inminente falecemento.<\/p>\n<\/blockquote>\n\n\n\n<p>E non, di Mar: <strong>\u201c Fun eu a que ped\u00edn, case supliquei, que lle fixeran un TAC mentres o meu pai padec\u00eda unha dor terrible. El ingresou arredor das 5:30 da ma\u00f1\u00e1 e faleceu aproximadamente \u00e1s 10:30. Pasou unha agon\u00eda de cinco horas entre dores espantosas\u201d.<\/strong><\/p>\n\n\n\n<p><strong>Por que decidiu facelo p\u00fablico?<\/strong><\/p>\n\n\n\n<blockquote class=\"wp-block-quote is-layout-flow wp-block-quote-is-layout-flow\">\n<p>Despois de co\u00f1ecer o caso dos cribados na sanidade p\u00fablica andaluza Mar entende que na sanidade galega tam\u00e9n se \u201c tocan\u201d os informes e cre poder demostralo.<\/p>\n<\/blockquote>\n\n\n\n<blockquote class=\"wp-block-quote is-layout-flow wp-block-quote-is-layout-flow\">\n<p>Manifesta con rotundidade que quere dar a co\u00f1ecer o que o como e o cando: O 6 de outubro do 2024 entre as 5:30 e as 10:30 non lle fixeron ning\u00fan TAC e que esas 5 horas foron un absoluto inferno para o seu pai. Ela sospeita que o seu pai ti\u00f1a cancro en avanzado estado e que non foi tratado adecuadamente. Entende que naquel primeiro ingreso no que lle negan o TAC co argumento de \u201c se ten cancro coa idade que ten&#8230;\u201d est\u00e1 o xermolo do problema. Considera que se nese instante se lle tivera feito poder\u00edase ter identificado a s\u00faa enfermidade e quen sabe se evitar a forma tan terrible na que morreu o seu pai, Ram\u00f3n.<\/p>\n<\/blockquote>\n\n\n\n<p><strong>A sanidade p\u00fablica galega est\u00e1 aforrando cartos omitindo probas caras como un TAC en pacientes que se consideran moi maiores e que xa cumpriron o seu ciclo vital?<\/strong><\/p>\n\n\n\n<blockquote class=\"wp-block-quote is-layout-flow wp-block-quote-is-layout-flow\">\n<p>Non se pode saber con certeza, e dicir que si ou dicir que non ser\u00eda especular. Pero tendo en conta a mentalidade da dereita social e pol\u00edtica para quen os cartos te\u00f1en prioridade sobre a vida, sobre a vida de outros desde logo, moito nos tememos que haxa arredor de 7291 raz\u00f3ns para non pensar ben<\/p>\n<\/blockquote>\n","protected":false},"excerpt":{"rendered":"<div class=\"mh-excerpt\"><p>Mar \u00e9 unha veci\u00f1a de Redondela que perdeu ao seu pai en outubro do 2024.O pai de Mar cham\u00e1base Ram\u00f3n e morreu nunha terrible agon\u00eda de m\u00e1is de 5 horas de duraci\u00f3n despois de que supostamente se lle negara, por parte dos facultativos que lle atenderon, tanto no \u00faltimo ingreso como nun ingreso anterior a realizaci\u00f3n dun TAC para determinar a causa real da s\u00faa dor. <a class=\"mh-excerpt-more\" href=\"https:\/\/www.anovapeneira.gal\/index.php\/2026\/01\/21\/mar-nunez-e-a-galicia-que-funciona\/\" title=\"Mar N\u00fa\u00f1ez e \u201c A Galicia que funciona\u201d.\">[&#8230;]<\/a><\/p>\n<\/div>","protected":false},"author":6,"featured_media":15237,"comment_status":"open","ping_status":"open","sticky":false,"template":"","format":"standard","meta":{"_exactmetrics_skip_tracking":false,"_exactmetrics_sitenote_active":false,"_exactmetrics_sitenote_note":"","_exactmetrics_sitenote_category":0,"footnotes":""},"categories":[270],"tags":[],"class_list":{"0":"post-15236","1":"post","2":"type-post","3":"status-publish","4":"format-standard","5":"has-post-thumbnail","7":"category-redondela-entrevistas"},"yoast_head":"<!-- This site is optimized with the Yoast SEO plugin v27.4 - https:\/\/yoast.com\/product\/yoast-seo-wordpress\/ -->\n<title>Mar N\u00fa\u00f1ez e \u201c A Galicia que funciona\u201d. -<\/title>\n<meta name=\"robots\" content=\"index, follow, max-snippet:-1, max-image-preview:large, max-video-preview:-1\" \/>\n<link rel=\"canonical\" href=\"https:\/\/www.anovapeneira.gal\/index.php\/2026\/01\/21\/mar-nunez-e-a-galicia-que-funciona\/\" \/>\n<meta property=\"og:locale\" content=\"gl_ES\" \/>\n<meta property=\"og:type\" content=\"article\" \/>\n<meta property=\"og:title\" content=\"Mar N\u00fa\u00f1ez e \u201c A Galicia que funciona\u201d. -\" \/>\n<meta property=\"og:description\" content=\"Mar \u00e9 unha veci\u00f1a de Redondela que perdeu ao seu pai en outubro do 2024.O pai de Mar cham\u00e1base Ram\u00f3n e morreu nunha terrible agon\u00eda de m\u00e1is de 5 horas de duraci\u00f3n despois de que supostamente se lle negara, por parte dos facultativos que lle atenderon, tanto no \u00faltimo ingreso como nun ingreso anterior a realizaci\u00f3n dun TAC para determinar a causa real da s\u00faa dor. [...]\" \/>\n<meta property=\"og:url\" content=\"https:\/\/www.anovapeneira.gal\/index.php\/2026\/01\/21\/mar-nunez-e-a-galicia-que-funciona\/\" \/>\n<meta property=\"article:publisher\" content=\"https:\/\/www.facebook.com\/anovapeneira\" \/>\n<meta property=\"article:published_time\" content=\"2026-01-21T11:00:26+00:00\" \/>\n<meta property=\"og:image\" content=\"https:\/\/www.anovapeneira.gal\/wp-content\/uploads\/2026\/01\/mar_nunez.png\" \/>\n\t<meta property=\"og:image:width\" content=\"720\" \/>\n\t<meta property=\"og:image:height\" content=\"432\" \/>\n\t<meta property=\"og:image:type\" content=\"image\/png\" \/>\n<meta name=\"author\" content=\"Marcos Santos\" \/>\n<meta name=\"twitter:card\" content=\"summary_large_image\" \/>\n<meta name=\"twitter:creator\" content=\"@APeneira\" \/>\n<meta name=\"twitter:site\" content=\"@APeneira\" \/>\n<meta name=\"twitter:label1\" content=\"Escrito por\" \/>\n\t<meta name=\"twitter:data1\" content=\"Marcos Santos\" \/>\n\t<meta name=\"twitter:label2\" content=\"Tempo de lectura\" \/>\n\t<meta name=\"twitter:data2\" content=\"2 minutos\" \/>\n<script type=\"application\/ld+json\" class=\"yoast-schema-graph\">{\"@context\":\"https:\\\/\\\/schema.org\",\"@graph\":[{\"@type\":\"Article\",\"@id\":\"https:\\\/\\\/www.anovapeneira.gal\\\/index.php\\\/2026\\\/01\\\/21\\\/mar-nunez-e-a-galicia-que-funciona\\\/#article\",\"isPartOf\":{\"@id\":\"https:\\\/\\\/www.anovapeneira.gal\\\/index.php\\\/2026\\\/01\\\/21\\\/mar-nunez-e-a-galicia-que-funciona\\\/\"},\"author\":{\"name\":\"Marcos Santos\",\"@id\":\"https:\\\/\\\/www.anovapeneira.gal\\\/#\\\/schema\\\/person\\\/d9d84823564720e7593293bab054e52d\"},\"headline\":\"Mar N\u00fa\u00f1ez e \u201c A Galicia que funciona\u201d.\",\"datePublished\":\"2026-01-21T11:00:26+00:00\",\"mainEntityOfPage\":{\"@id\":\"https:\\\/\\\/www.anovapeneira.gal\\\/index.php\\\/2026\\\/01\\\/21\\\/mar-nunez-e-a-galicia-que-funciona\\\/\"},\"wordCount\":798,\"commentCount\":0,\"publisher\":{\"@id\":\"https:\\\/\\\/www.anovapeneira.gal\\\/#organization\"},\"image\":{\"@id\":\"https:\\\/\\\/www.anovapeneira.gal\\\/index.php\\\/2026\\\/01\\\/21\\\/mar-nunez-e-a-galicia-que-funciona\\\/#primaryimage\"},\"thumbnailUrl\":\"https:\\\/\\\/www.anovapeneira.gal\\\/wp-content\\\/uploads\\\/2026\\\/01\\\/mar_nunez.png\",\"articleSection\":[\"Redondela\"],\"inLanguage\":\"gl-ES\",\"potentialAction\":[{\"@type\":\"CommentAction\",\"name\":\"Comment\",\"target\":[\"https:\\\/\\\/www.anovapeneira.gal\\\/index.php\\\/2026\\\/01\\\/21\\\/mar-nunez-e-a-galicia-que-funciona\\\/#respond\"]}]},{\"@type\":\"WebPage\",\"@id\":\"https:\\\/\\\/www.anovapeneira.gal\\\/index.php\\\/2026\\\/01\\\/21\\\/mar-nunez-e-a-galicia-que-funciona\\\/\",\"url\":\"https:\\\/\\\/www.anovapeneira.gal\\\/index.php\\\/2026\\\/01\\\/21\\\/mar-nunez-e-a-galicia-que-funciona\\\/\",\"name\":\"Mar N\u00fa\u00f1ez e \u201c A Galicia que funciona\u201d. -\",\"isPartOf\":{\"@id\":\"https:\\\/\\\/www.anovapeneira.gal\\\/#website\"},\"primaryImageOfPage\":{\"@id\":\"https:\\\/\\\/www.anovapeneira.gal\\\/index.php\\\/2026\\\/01\\\/21\\\/mar-nunez-e-a-galicia-que-funciona\\\/#primaryimage\"},\"image\":{\"@id\":\"https:\\\/\\\/www.anovapeneira.gal\\\/index.php\\\/2026\\\/01\\\/21\\\/mar-nunez-e-a-galicia-que-funciona\\\/#primaryimage\"},\"thumbnailUrl\":\"https:\\\/\\\/www.anovapeneira.gal\\\/wp-content\\\/uploads\\\/2026\\\/01\\\/mar_nunez.png\",\"datePublished\":\"2026-01-21T11:00:26+00:00\",\"breadcrumb\":{\"@id\":\"https:\\\/\\\/www.anovapeneira.gal\\\/index.php\\\/2026\\\/01\\\/21\\\/mar-nunez-e-a-galicia-que-funciona\\\/#breadcrumb\"},\"inLanguage\":\"gl-ES\",\"potentialAction\":[{\"@type\":\"ReadAction\",\"target\":[\"https:\\\/\\\/www.anovapeneira.gal\\\/index.php\\\/2026\\\/01\\\/21\\\/mar-nunez-e-a-galicia-que-funciona\\\/\"]}]},{\"@type\":\"ImageObject\",\"inLanguage\":\"gl-ES\",\"@id\":\"https:\\\/\\\/www.anovapeneira.gal\\\/index.php\\\/2026\\\/01\\\/21\\\/mar-nunez-e-a-galicia-que-funciona\\\/#primaryimage\",\"url\":\"https:\\\/\\\/www.anovapeneira.gal\\\/wp-content\\\/uploads\\\/2026\\\/01\\\/mar_nunez.png\",\"contentUrl\":\"https:\\\/\\\/www.anovapeneira.gal\\\/wp-content\\\/uploads\\\/2026\\\/01\\\/mar_nunez.png\",\"width\":720,\"height\":432},{\"@type\":\"BreadcrumbList\",\"@id\":\"https:\\\/\\\/www.anovapeneira.gal\\\/index.php\\\/2026\\\/01\\\/21\\\/mar-nunez-e-a-galicia-que-funciona\\\/#breadcrumb\",\"itemListElement\":[{\"@type\":\"ListItem\",\"position\":1,\"name\":\"Portada\",\"item\":\"https:\\\/\\\/www.anovapeneira.gal\\\/\"},{\"@type\":\"ListItem\",\"position\":2,\"name\":\"Mar N\u00fa\u00f1ez e \u201c A Galicia que funciona\u201d.\"}]},{\"@type\":\"WebSite\",\"@id\":\"https:\\\/\\\/www.anovapeneira.gal\\\/#website\",\"url\":\"https:\\\/\\\/www.anovapeneira.gal\\\/\",\"name\":\"\",\"description\":\"Xornal galego de informaci\u00f3n xeral Publicaci\u00f3n mensual de novas de Galicia e en especial dos Concellos da sur da provincia de Pontevedra.\",\"publisher\":{\"@id\":\"https:\\\/\\\/www.anovapeneira.gal\\\/#organization\"},\"potentialAction\":[{\"@type\":\"SearchAction\",\"target\":{\"@type\":\"EntryPoint\",\"urlTemplate\":\"https:\\\/\\\/www.anovapeneira.gal\\\/?s={search_term_string}\"},\"query-input\":{\"@type\":\"PropertyValueSpecification\",\"valueRequired\":true,\"valueName\":\"search_term_string\"}}],\"inLanguage\":\"gl-ES\"},{\"@type\":\"Organization\",\"@id\":\"https:\\\/\\\/www.anovapeneira.gal\\\/#organization\",\"name\":\"A Nova Peneira\",\"url\":\"https:\\\/\\\/www.anovapeneira.gal\\\/\",\"logo\":{\"@type\":\"ImageObject\",\"inLanguage\":\"gl-ES\",\"@id\":\"https:\\\/\\\/www.anovapeneira.gal\\\/#\\\/schema\\\/logo\\\/image\\\/\",\"url\":\"http:\\\/\\\/www.anovapeneira.gal\\\/wp-content\\\/uploads\\\/2019\\\/06\\\/logo_a_nova_peneira_portal_web.png\",\"contentUrl\":\"http:\\\/\\\/www.anovapeneira.gal\\\/wp-content\\\/uploads\\\/2019\\\/06\\\/logo_a_nova_peneira_portal_web.png\",\"width\":300,\"height\":100,\"caption\":\"A Nova Peneira\"},\"image\":{\"@id\":\"https:\\\/\\\/www.anovapeneira.gal\\\/#\\\/schema\\\/logo\\\/image\\\/\"},\"sameAs\":[\"https:\\\/\\\/www.facebook.com\\\/anovapeneira\",\"https:\\\/\\\/x.com\\\/APeneira\"]},{\"@type\":\"Person\",\"@id\":\"https:\\\/\\\/www.anovapeneira.gal\\\/#\\\/schema\\\/person\\\/d9d84823564720e7593293bab054e52d\",\"name\":\"Marcos Santos\",\"image\":{\"@type\":\"ImageObject\",\"inLanguage\":\"gl-ES\",\"@id\":\"https:\\\/\\\/secure.gravatar.com\\\/avatar\\\/0e8017099a7a47c0a9d2275e865fe326484561eb3d70649069e4b8e61a8d2e8c?s=96&d=mm&r=g\",\"url\":\"https:\\\/\\\/secure.gravatar.com\\\/avatar\\\/0e8017099a7a47c0a9d2275e865fe326484561eb3d70649069e4b8e61a8d2e8c?s=96&d=mm&r=g\",\"contentUrl\":\"https:\\\/\\\/secure.gravatar.com\\\/avatar\\\/0e8017099a7a47c0a9d2275e865fe326484561eb3d70649069e4b8e61a8d2e8c?s=96&d=mm&r=g\",\"caption\":\"Marcos Santos\"},\"sameAs\":[\"http:\\\/\\\/anovapeneira.gal\"],\"url\":\"https:\\\/\\\/www.anovapeneira.gal\\\/index.php\\\/author\\\/marcos-santos\\\/\"}]}<\/script>\n<!-- \/ Yoast SEO plugin. -->","yoast_head_json":{"title":"Mar N\u00fa\u00f1ez e \u201c A Galicia que funciona\u201d. -","robots":{"index":"index","follow":"follow","max-snippet":"max-snippet:-1","max-image-preview":"max-image-preview:large","max-video-preview":"max-video-preview:-1"},"canonical":"https:\/\/www.anovapeneira.gal\/index.php\/2026\/01\/21\/mar-nunez-e-a-galicia-que-funciona\/","og_locale":"gl_ES","og_type":"article","og_title":"Mar N\u00fa\u00f1ez e \u201c A Galicia que funciona\u201d. -","og_description":"Mar \u00e9 unha veci\u00f1a de Redondela que perdeu ao seu pai en outubro do 2024.O pai de Mar cham\u00e1base Ram\u00f3n e morreu nunha terrible agon\u00eda de m\u00e1is de 5 horas de duraci\u00f3n despois de que supostamente se lle negara, por parte dos facultativos que lle atenderon, tanto no \u00faltimo ingreso como nun ingreso anterior a realizaci\u00f3n dun TAC para determinar a causa real da s\u00faa dor. [...]","og_url":"https:\/\/www.anovapeneira.gal\/index.php\/2026\/01\/21\/mar-nunez-e-a-galicia-que-funciona\/","article_publisher":"https:\/\/www.facebook.com\/anovapeneira","article_published_time":"2026-01-21T11:00:26+00:00","og_image":[{"width":720,"height":432,"url":"https:\/\/www.anovapeneira.gal\/wp-content\/uploads\/2026\/01\/mar_nunez.png","type":"image\/png"}],"author":"Marcos Santos","twitter_card":"summary_large_image","twitter_creator":"@APeneira","twitter_site":"@APeneira","twitter_misc":{"Escrito por":"Marcos Santos","Tempo de lectura":"2 minutos"},"schema":{"@context":"https:\/\/schema.org","@graph":[{"@type":"Article","@id":"https:\/\/www.anovapeneira.gal\/index.php\/2026\/01\/21\/mar-nunez-e-a-galicia-que-funciona\/#article","isPartOf":{"@id":"https:\/\/www.anovapeneira.gal\/index.php\/2026\/01\/21\/mar-nunez-e-a-galicia-que-funciona\/"},"author":{"name":"Marcos Santos","@id":"https:\/\/www.anovapeneira.gal\/#\/schema\/person\/d9d84823564720e7593293bab054e52d"},"headline":"Mar N\u00fa\u00f1ez e \u201c A Galicia que funciona\u201d.","datePublished":"2026-01-21T11:00:26+00:00","mainEntityOfPage":{"@id":"https:\/\/www.anovapeneira.gal\/index.php\/2026\/01\/21\/mar-nunez-e-a-galicia-que-funciona\/"},"wordCount":798,"commentCount":0,"publisher":{"@id":"https:\/\/www.anovapeneira.gal\/#organization"},"image":{"@id":"https:\/\/www.anovapeneira.gal\/index.php\/2026\/01\/21\/mar-nunez-e-a-galicia-que-funciona\/#primaryimage"},"thumbnailUrl":"https:\/\/www.anovapeneira.gal\/wp-content\/uploads\/2026\/01\/mar_nunez.png","articleSection":["Redondela"],"inLanguage":"gl-ES","potentialAction":[{"@type":"CommentAction","name":"Comment","target":["https:\/\/www.anovapeneira.gal\/index.php\/2026\/01\/21\/mar-nunez-e-a-galicia-que-funciona\/#respond"]}]},{"@type":"WebPage","@id":"https:\/\/www.anovapeneira.gal\/index.php\/2026\/01\/21\/mar-nunez-e-a-galicia-que-funciona\/","url":"https:\/\/www.anovapeneira.gal\/index.php\/2026\/01\/21\/mar-nunez-e-a-galicia-que-funciona\/","name":"Mar N\u00fa\u00f1ez e \u201c A Galicia que funciona\u201d. -","isPartOf":{"@id":"https:\/\/www.anovapeneira.gal\/#website"},"primaryImageOfPage":{"@id":"https:\/\/www.anovapeneira.gal\/index.php\/2026\/01\/21\/mar-nunez-e-a-galicia-que-funciona\/#primaryimage"},"image":{"@id":"https:\/\/www.anovapeneira.gal\/index.php\/2026\/01\/21\/mar-nunez-e-a-galicia-que-funciona\/#primaryimage"},"thumbnailUrl":"https:\/\/www.anovapeneira.gal\/wp-content\/uploads\/2026\/01\/mar_nunez.png","datePublished":"2026-01-21T11:00:26+00:00","breadcrumb":{"@id":"https:\/\/www.anovapeneira.gal\/index.php\/2026\/01\/21\/mar-nunez-e-a-galicia-que-funciona\/#breadcrumb"},"inLanguage":"gl-ES","potentialAction":[{"@type":"ReadAction","target":["https:\/\/www.anovapeneira.gal\/index.php\/2026\/01\/21\/mar-nunez-e-a-galicia-que-funciona\/"]}]},{"@type":"ImageObject","inLanguage":"gl-ES","@id":"https:\/\/www.anovapeneira.gal\/index.php\/2026\/01\/21\/mar-nunez-e-a-galicia-que-funciona\/#primaryimage","url":"https:\/\/www.anovapeneira.gal\/wp-content\/uploads\/2026\/01\/mar_nunez.png","contentUrl":"https:\/\/www.anovapeneira.gal\/wp-content\/uploads\/2026\/01\/mar_nunez.png","width":720,"height":432},{"@type":"BreadcrumbList","@id":"https:\/\/www.anovapeneira.gal\/index.php\/2026\/01\/21\/mar-nunez-e-a-galicia-que-funciona\/#breadcrumb","itemListElement":[{"@type":"ListItem","position":1,"name":"Portada","item":"https:\/\/www.anovapeneira.gal\/"},{"@type":"ListItem","position":2,"name":"Mar N\u00fa\u00f1ez e \u201c A Galicia que funciona\u201d."}]},{"@type":"WebSite","@id":"https:\/\/www.anovapeneira.gal\/#website","url":"https:\/\/www.anovapeneira.gal\/","name":"","description":"Xornal galego de informaci\u00f3n xeral Publicaci\u00f3n mensual de novas de Galicia e en especial dos Concellos da sur da provincia de Pontevedra.","publisher":{"@id":"https:\/\/www.anovapeneira.gal\/#organization"},"potentialAction":[{"@type":"SearchAction","target":{"@type":"EntryPoint","urlTemplate":"https:\/\/www.anovapeneira.gal\/?s={search_term_string}"},"query-input":{"@type":"PropertyValueSpecification","valueRequired":true,"valueName":"search_term_string"}}],"inLanguage":"gl-ES"},{"@type":"Organization","@id":"https:\/\/www.anovapeneira.gal\/#organization","name":"A Nova Peneira","url":"https:\/\/www.anovapeneira.gal\/","logo":{"@type":"ImageObject","inLanguage":"gl-ES","@id":"https:\/\/www.anovapeneira.gal\/#\/schema\/logo\/image\/","url":"http:\/\/www.anovapeneira.gal\/wp-content\/uploads\/2019\/06\/logo_a_nova_peneira_portal_web.png","contentUrl":"http:\/\/www.anovapeneira.gal\/wp-content\/uploads\/2019\/06\/logo_a_nova_peneira_portal_web.png","width":300,"height":100,"caption":"A Nova Peneira"},"image":{"@id":"https:\/\/www.anovapeneira.gal\/#\/schema\/logo\/image\/"},"sameAs":["https:\/\/www.facebook.com\/anovapeneira","https:\/\/x.com\/APeneira"]},{"@type":"Person","@id":"https:\/\/www.anovapeneira.gal\/#\/schema\/person\/d9d84823564720e7593293bab054e52d","name":"Marcos Santos","image":{"@type":"ImageObject","inLanguage":"gl-ES","@id":"https:\/\/secure.gravatar.com\/avatar\/0e8017099a7a47c0a9d2275e865fe326484561eb3d70649069e4b8e61a8d2e8c?s=96&d=mm&r=g","url":"https:\/\/secure.gravatar.com\/avatar\/0e8017099a7a47c0a9d2275e865fe326484561eb3d70649069e4b8e61a8d2e8c?s=96&d=mm&r=g","contentUrl":"https:\/\/secure.gravatar.com\/avatar\/0e8017099a7a47c0a9d2275e865fe326484561eb3d70649069e4b8e61a8d2e8c?s=96&d=mm&r=g","caption":"Marcos Santos"},"sameAs":["http:\/\/anovapeneira.gal"],"url":"https:\/\/www.anovapeneira.gal\/index.php\/author\/marcos-santos\/"}]}},"jetpack_featured_media_url":"https:\/\/www.anovapeneira.gal\/wp-content\/uploads\/2026\/01\/mar_nunez.png","_links":{"self":[{"href":"https:\/\/www.anovapeneira.gal\/index.php\/wp-json\/wp\/v2\/posts\/15236","targetHints":{"allow":["GET"]}}],"collection":[{"href":"https:\/\/www.anovapeneira.gal\/index.php\/wp-json\/wp\/v2\/posts"}],"about":[{"href":"https:\/\/www.anovapeneira.gal\/index.php\/wp-json\/wp\/v2\/types\/post"}],"author":[{"embeddable":true,"href":"https:\/\/www.anovapeneira.gal\/index.php\/wp-json\/wp\/v2\/users\/6"}],"replies":[{"embeddable":true,"href":"https:\/\/www.anovapeneira.gal\/index.php\/wp-json\/wp\/v2\/comments?post=15236"}],"version-history":[{"count":1,"href":"https:\/\/www.anovapeneira.gal\/index.php\/wp-json\/wp\/v2\/posts\/15236\/revisions"}],"predecessor-version":[{"id":15238,"href":"https:\/\/www.anovapeneira.gal\/index.php\/wp-json\/wp\/v2\/posts\/15236\/revisions\/15238"}],"wp:featuredmedia":[{"embeddable":true,"href":"https:\/\/www.anovapeneira.gal\/index.php\/wp-json\/wp\/v2\/media\/15237"}],"wp:attachment":[{"href":"https:\/\/www.anovapeneira.gal\/index.php\/wp-json\/wp\/v2\/media?parent=15236"}],"wp:term":[{"taxonomy":"category","embeddable":true,"href":"https:\/\/www.anovapeneira.gal\/index.php\/wp-json\/wp\/v2\/categories?post=15236"},{"taxonomy":"post_tag","embeddable":true,"href":"https:\/\/www.anovapeneira.gal\/index.php\/wp-json\/wp\/v2\/tags?post=15236"}],"curies":[{"name":"wp","href":"https:\/\/api.w.org\/{rel}","templated":true}]}}