{"id":1524,"date":"2019-10-18T10:00:11","date_gmt":"2019-10-18T08:00:11","guid":{"rendered":"http:\/\/www.anovapeneira.gal\/?p=1524"},"modified":"2020-02-21T16:13:49","modified_gmt":"2020-02-21T15:13:49","slug":"carlos-gomez-alcalde-de-baiona","status":"publish","type":"post","link":"https:\/\/www.anovapeneira.gal\/index.php\/2019\/10\/18\/carlos-gomez-alcalde-de-baiona\/","title":{"rendered":"Carlos G\u00f3mez Alcalde de Baiona"},"content":{"rendered":"\n<h2 class=\"wp-block-heading\">\u201c<strong>ESTOU INMENSAMENTE HONRADO POLA CONFIANZA DO POBO DE BAIONA, E PODO ASEGURAR QUE SEMPRE LLES VOU A DICIR A VERDADE\u201d<\/strong><\/h2>\n\n\n\n<figure class=\"wp-block-image is-resized\"><img loading=\"lazy\" decoding=\"async\" src=\"http:\/\/www.anovapeneira.gal\/wp-content\/uploads\/2019\/07\/veronica_cotas_a_nova_peneira_b_n.jpg\" alt=\"Ver\u00f3nica Costas A Nova Peneira\" class=\"wp-image-701\" width=\"95\" height=\"111\"\/><figcaption>Ver\u00f3nica Costas<\/figcaption><\/figure>\n\n\n\n<p><strong>Nas\npasadas elecci\u00f3ns municipais de maio, afortunadamente para a\nveci\u00f1anza de Baiona, o PP perd\u00eda este concello e un goberno\ntripartito liderado polo socialista Carlos G\u00f3mez tomaba as rendas do\ngoberno municipal. Cando \u00c1ngel Rodal era alcalde de Baiona, A Nova\nPeneira  fixo varios intentos para entrevistalo. Lamentablemente,\nnunha mostra m\u00e1is do sectarismo que adoita practicar o PP cos medios\nde comunicaci\u00f3n que non lle caemos simp\u00e1ticos, nunca pasamos do\n\u201cNon te preocupes, deixa o teu tfn e xa te chamamos\u201d. Nos\nprimeiros d\u00edas de outubro estivemos no concello  co novo alcalde que\nnos atendeu con moita amabilidade e mantivemos unha longa conversa\ncon el. Vela\u00ed vai o que deu de si<\/strong><\/p>\n\n\n\n<p><strong>Queremos darche os\nparab\u00e8ns pola autorizaci\u00f3n do monumento conmemorativo da \u201cVolta\ndos nove\u201d. Expl\u00edcanos ese tema?<\/strong><\/p>\n\n\n\n<blockquote class=\"wp-block-quote is-layout-flow wp-block-quote-is-layout-flow\"><p>Ben , o tema da volta dos nove  e un tema que  non se tratara con xustiza,   o que realmente buscamos e que  se normalice a situaci\u00f3n. E dignificar a memoria de persoas asasinadas por defender a legalidade, a liberdade e a democracia ten que ser o normal nunha sociedade sa.<\/p><\/blockquote>\n\n\n\n<p><strong>O goberno de Baiona que\nti encabezas \u00e9 tripartito; o PSOE , Carlos De La Pe\u00f1a e o BNG\ncompartides a responsabilidade de dirixir o concello. Como son as\nrelaci\u00f3ns entre os tres socios de goberno?<\/strong><\/p>\n\n\n\n<blockquote class=\"wp-block-quote is-layout-flow wp-block-quote-is-layout-flow\"><p>As  relaci\u00f3ns son  cordiais e transparentes .Temos aprobado os orzamentos e estamos traballando intensamente, cos nosos respectivos programas, para po\u00f1er en com\u00fan os eixos esenciais da Baiona que queremos para os pr\u00f3ximos catro anos.<\/p><\/blockquote>\n\n\n\n<p><strong>Podes dicir con\nrotundidade que hai un s\u00f3 goberno de tres forzas e que non hai risco\nde que existan varios gobernos nun ?<\/strong><\/p>\n\n\n\n<blockquote class=\"wp-block-quote is-layout-flow wp-block-quote-is-layout-flow\"><p>Si , d\u00edgoo con rotunda firmeza. \u00c9 necesario que exista lealdade mutua, tanto dos grupos minoritarios con n\u00f3s, como unha reciprocidade absoluta de n\u00f3s con eles. Cando existan diferencias, porque iso \u00e9 inevitable incluso en gobernos con maior\u00eda absoluta, debemos sentarnos e resolvelas de maneira leal e responsable. Estou plenamente convencido de que vai ser as\u00ed. Eu traballo con moita comodidade tanto con Carlos como con Iago, trato de que eles se sintan c\u00f3modos tam\u00e9n, e te\u00f1o a convicci\u00f3n, a ilusi\u00f3n e a vontade de que sexa as\u00ed ao longo destes catro anos.<\/p><\/blockquote>\n\n\n\n<p><strong>Consideras que o tema\ndo campo de gol de Baredo  tivo que ver  na derrota do PP?<\/strong><\/p>\n\n\n\n<blockquote class=\"wp-block-quote is-layout-flow wp-block-quote-is-layout-flow\"><p>Non saber\u00eda dicir en que tanto por certo influ\u00edu, pero si ,penso que si que tivo que ver. O PP  intentou meter con calzador un proxecto sen sentido,  e menos a verdade   dixo de todo.<\/p><\/blockquote>\n\n\n\n<p><strong>Pola vosa banda ese\ndesprop\u00f3sito de chantar un campo de golf en Baredo est\u00e1 totalmente\ndesbotado?<\/strong><\/p>\n\n\n\n<blockquote class=\"wp-block-quote is-layout-flow wp-block-quote-is-layout-flow\"><p>Total e absolutamente desbotado.<\/p><\/blockquote>\n\n\n\n<p><strong>Ben, antes falabas da\naprobaci\u00f3n dos orzamentos. Concr\u00e9tanos un pouco m\u00e1is ?<\/strong><\/p>\n\n\n\n<blockquote class=\"wp-block-quote is-layout-flow wp-block-quote-is-layout-flow\"><p>Ben os nosos, os que ser\u00e1n realmente nosos ser\u00e1n os pr\u00f3ximos. Estamos xa en outubro e isto foi para sa\u00edrmos do paso. Lembrade que o PP trouxo os orzamentos do 19, a finais do 18 que \u00e9 cando unha das s\u00faas concelleiras deixounos e pasouse a non adscrita. Estes son uns orzamentos de tr\u00e1mite, pero tam\u00e9n quero dicir que xa lle pagamos aos traballadores do plan concellos da DEP, que a\u00ednda non recibiran o que lles correspond\u00eda da parte do concello.<\/p><\/blockquote>\n\n\n\n<p><strong>Non me digas\u00a1\u00a1<\/strong><\/p>\n\n\n\n<blockquote class=\"wp-block-quote is-layout-flow wp-block-quote-is-layout-flow\"><p>As\u00ed como cho digo. Eu mesmo preguntara ao se\u00f1or Rodal en pleno se se estaba a cumprir o convenio e mentiume descaradamente.<\/p><\/blockquote>\n\n\n\n<p><strong>Ent\u00f3n no 2020 tedes\npensado levar un orzamento xa a  vosa medida?<\/strong><\/p>\n\n\n\n<blockquote class=\"wp-block-quote is-layout-flow wp-block-quote-is-layout-flow\"><p>Si claro, por iso , como che dixen antes, estamos a traballar con intensidade os tres grupos de goberno nas acci\u00f3ns que queremos levar a cabo para os pr\u00f3ximos catro anos.<\/p><\/blockquote>\n\n\n\n<p><strong>Que tal as relaci\u00f3ns\ncoa Xunta, p\u00f3rtanse ben ou mal con Baiona ?<\/strong><\/p>\n\n\n\n<blockquote class=\"wp-block-quote is-layout-flow wp-block-quote-is-layout-flow\"><p>Eu creo que a Xunta se porta mal non s\u00f3 con Baiona ,sen\u00f3n con todos os concellos &#8230;<\/p><\/blockquote>\n\n\n\n<p><strong>Expl\u00edcanos   porque o\nteu goberno  paralizou dous proxectos  do plan  Concellos ?<\/strong><\/p>\n\n\n\n<blockquote class=\"wp-block-quote is-layout-flow wp-block-quote-is-layout-flow\"><p>Pois por sentido com\u00fan.  O concello ten un problema grave de ingresos. E baixando ao terreo do concreto dicirche que  un dos proxectos era un parque infantil na Ramallosa,   cremos que hai outras prioridades e necesidades antes que esa. Ademais valoramos o proxecto como que non cumpr\u00eda os par\u00e1metros m\u00ednimos de seguridade, porque o sitio no que se pensaba facer est\u00e1 pr\u00f3ximo \u00e1 estrada e entendemos que pod\u00eda ser perigoso. No que respecta ao outro proxecto,  era un xinnasio o aire libre  que decidimos desestimar por responsabilidade porque para n\u00f3s ter\u00eda un coste de mantemento de 6000 euros o ano.<\/p><\/blockquote>\n\n\n\n<p><strong>Alcalde, Baiona ten\nmoitos problemas para  xestionar o residuos urbanos ?<\/strong><\/p>\n\n\n\n<blockquote class=\"wp-block-quote is-layout-flow wp-block-quote-is-layout-flow\"><p>Estou de acordo e prom\u00e9tovos que estamos traballando nelo.<\/p><\/blockquote>\n\n\n\n<p><strong>Supo\u00f1o que ese\n\u201cestamos traballando nelo\u201d non ser\u00e1 como o daquel infausto\npresidente que pu\u00f1a os p\u00e9s na mesa e forzaba o acento texano para\ncaerlle ben ao seu \u201cxefe\u201d?<\/strong><\/p>\n\n\n\n<blockquote class=\"wp-block-quote is-layout-flow wp-block-quote-is-layout-flow\"><p>Ha ha ha ha. Non, en absoluto, o meu \u00e9 un significante plenamente cargado de significado. Neste tema como en moitos outros para n\u00f3s \u00e9 esencial dispor dunha RTP que lamentablemente o concello de Baiona non ten.<\/p><\/blockquote>\n\n\n\n<p><strong>Toda a comarca do Val\nMi\u00f1or padece graves deficiencias no que ao trasporte p\u00fablico se\nrefire, que opina o alcalde de Baiona ?<\/strong><\/p>\n\n\n\n<blockquote class=\"wp-block-quote is-layout-flow wp-block-quote-is-layout-flow\"><p>Inicialmente quixera dicir que \u00e9 preciso unha maior concienciaci\u00f3n social ao respecto deste asunto. En Baiona somos arredor de 13.000 persoas e existen m\u00e1is de 9.000 veh\u00edculos. E no que respecta ao plan de transporte da Xunta ten que ser m\u00e1is sostible, m\u00e1is flu\u00eddo e cunha mellor conectividade. Cre\u00e1ronse li\u00f1as novas, si, pero tam\u00e9n se suprimiron outras e finalmente se tes que ir a Vigo, case perdes toda a ma\u00f1\u00e1 igual ca hai 20 anos.<\/p><\/blockquote>\n\n\n\n<p><strong>Non queda moito para\nque vivas a t\u00faa primeira ARRIBADA como alcalde, podes anticiparnos\nalgo ?<\/strong><\/p>\n\n\n\n<blockquote class=\"wp-block-quote is-layout-flow wp-block-quote-is-layout-flow\"><p>A verdade para min, que son natural de Baiona, vai ser unha inmensa honra. Entendo que a esa festa, que \u00e9 de interese tur\u00edstico internacional, c\u00f3mpre darlle unha volta para aproveitar m\u00e1is e mellor as inmensas potencialidades que ten. Non podo anticipar nada a\u00ednda, pero si quero dicirvos que haber\u00e1 sorpresas moi interesantes e novidades de m\u00e1ximo nivel.<\/p><\/blockquote>\n\n\n\n<p><strong>Ves a Gonzalo Caballero\npresidente da Xunta no 2.020 ?<\/strong><\/p>\n\n\n\n<blockquote class=\"wp-block-quote is-layout-flow wp-block-quote-is-layout-flow\"><p>Espero que si, pero temos que implicarnos todos e todas e traballar para que as\u00ed pase  e se garanta ese cambio. A Galicia faille falta un cambio progresista con urxencia, e s\u00f3 poder\u00e1 darse liderado polo impulso a solvencia e a experiencia do partido socialista.<\/p><\/blockquote>\n\n\n\n<p><strong>Que esperas o 10 de\nnovembro ?<\/strong><\/p>\n\n\n\n<blockquote class=\"wp-block-quote is-layout-flow wp-block-quote-is-layout-flow\"><p>Responsabilidade  de todas e todos para desbloquear a situaci\u00f3n e que Pedro S\u00e1nchez poida formar de contado o goberno que precisa Espa\u00f1a.<\/p><\/blockquote>\n\n\n\n<p><strong>Rematamos Carlos, vela\u00ed\ntes as nosas p\u00e1xinas para que tires a mensaxe que desexes aos teus\nveci\u00f1os e veci\u00f1as?<\/strong><\/p>\n\n\n\n<blockquote class=\"wp-block-quote is-layout-flow wp-block-quote-is-layout-flow\"><p>Eu quero dicir que estou inmensamente honrado pola confianza que a veci\u00f1anza de Baiona depositou na mi\u00f1a persoa e no partido socialista, e podo prometer que sempre lles vou dicir a verdade, \u00e1s veces acertarei \u00e1s veces non, pero sempre vou dar todo o que te\u00f1o para facer unha Baiona m\u00e1is xusta e humana, na que ningu\u00e9n quede atr\u00e1s, e nunca, e cando digo nunca quero dicir nunca, vou mentir.<\/p><\/blockquote>\n","protected":false},"excerpt":{"rendered":"<div class=\"mh-excerpt\"><p>Nas pasadas elecci\u00f3ns municipais de maio, afortunadamente para a veci\u00f1anza de Baiona, o PP perd\u00eda este concello e un goberno tripartito liderado polo socialista Carlos G\u00f3mez tomaba as rendas do goberno municipal. Cando \u00c1ngel Rodal era alcalde de Baiona, A Nova Peneira  fixo varios intentos para entrevistalo <a class=\"mh-excerpt-more\" href=\"https:\/\/www.anovapeneira.gal\/index.php\/2019\/10\/18\/carlos-gomez-alcalde-de-baiona\/\" title=\"Carlos G\u00f3mez Alcalde de Baiona\">[&#8230;]<\/a><\/p>\n<\/div>","protected":false},"author":3,"featured_media":1525,"comment_status":"open","ping_status":"open","sticky":false,"template":"","format":"standard","meta":{"_exactmetrics_skip_tracking":false,"_exactmetrics_sitenote_active":false,"_exactmetrics_sitenote_note":"","_exactmetrics_sitenote_category":0,"footnotes":""},"categories":[271],"tags":[680,664,12,679],"class_list":{"0":"post-1524","1":"post","2":"type-post","3":"status-publish","4":"format-standard","5":"has-post-thumbnail","7":"category-val-minor-entrevistas","8":"tag-alcalde-de-baiona","9":"tag-concello-de-baiona","10":"tag-politica","11":"tag-volta-dos-nove"},"yoast_head":"<!-- This site is optimized with the Yoast SEO plugin v27.4 - https:\/\/yoast.com\/product\/yoast-seo-wordpress\/ -->\n<title>Carlos G\u00f3mez Alcalde de Baiona -<\/title>\n<meta name=\"robots\" content=\"index, follow, max-snippet:-1, max-image-preview:large, max-video-preview:-1\" \/>\n<link rel=\"canonical\" href=\"https:\/\/www.anovapeneira.gal\/index.php\/2019\/10\/18\/carlos-gomez-alcalde-de-baiona\/\" \/>\n<meta property=\"og:locale\" content=\"gl_ES\" \/>\n<meta property=\"og:type\" content=\"article\" \/>\n<meta property=\"og:title\" content=\"Carlos G\u00f3mez Alcalde de Baiona -\" \/>\n<meta property=\"og:description\" content=\"Nas pasadas elecci\u00f3ns municipais de maio, afortunadamente para a veci\u00f1anza de Baiona, o PP perd\u00eda este concello e un goberno tripartito liderado polo socialista Carlos G\u00f3mez tomaba as rendas do goberno municipal. Cando \u00c1ngel Rodal era alcalde de Baiona, A Nova Peneira fixo varios intentos para entrevistalo [...]\" \/>\n<meta property=\"og:url\" content=\"https:\/\/www.anovapeneira.gal\/index.php\/2019\/10\/18\/carlos-gomez-alcalde-de-baiona\/\" \/>\n<meta property=\"article:publisher\" content=\"https:\/\/www.facebook.com\/anovapeneira\" \/>\n<meta property=\"article:published_time\" content=\"2019-10-18T08:00:11+00:00\" \/>\n<meta property=\"article:modified_time\" content=\"2020-02-21T15:13:49+00:00\" \/>\n<meta property=\"og:image\" content=\"https:\/\/www.anovapeneira.gal\/wp-content\/uploads\/2019\/10\/carlos_gomez_alcalde_de_baiona_a_nova_peneira.jpg\" \/>\n\t<meta property=\"og:image:width\" content=\"720\" \/>\n\t<meta property=\"og:image:height\" content=\"473\" \/>\n\t<meta property=\"og:image:type\" content=\"image\/jpeg\" \/>\n<meta name=\"author\" content=\"Redacci\u00f3n A Nova Peneira\" \/>\n<meta name=\"twitter:card\" content=\"summary_large_image\" \/>\n<meta name=\"twitter:creator\" content=\"@APeneira\" \/>\n<meta name=\"twitter:site\" content=\"@APeneira\" \/>\n<meta name=\"twitter:label1\" content=\"Escrito por\" \/>\n\t<meta name=\"twitter:data1\" content=\"Redacci\u00f3n A Nova Peneira\" \/>\n\t<meta name=\"twitter:label2\" content=\"Tempo de lectura\" \/>\n\t<meta name=\"twitter:data2\" content=\"6 minutos\" \/>\n<script type=\"application\/ld+json\" class=\"yoast-schema-graph\">{\"@context\":\"https:\\\/\\\/schema.org\",\"@graph\":[{\"@type\":\"Article\",\"@id\":\"https:\\\/\\\/www.anovapeneira.gal\\\/index.php\\\/2019\\\/10\\\/18\\\/carlos-gomez-alcalde-de-baiona\\\/#article\",\"isPartOf\":{\"@id\":\"https:\\\/\\\/www.anovapeneira.gal\\\/index.php\\\/2019\\\/10\\\/18\\\/carlos-gomez-alcalde-de-baiona\\\/\"},\"author\":{\"name\":\"Redacci\u00f3n A Nova Peneira\",\"@id\":\"https:\\\/\\\/www.anovapeneira.gal\\\/#\\\/schema\\\/person\\\/b93e3f8932e3f8da96334607eb6ac6aa\"},\"headline\":\"Carlos G\u00f3mez Alcalde de Baiona\",\"datePublished\":\"2019-10-18T08:00:11+00:00\",\"dateModified\":\"2020-02-21T15:13:49+00:00\",\"mainEntityOfPage\":{\"@id\":\"https:\\\/\\\/www.anovapeneira.gal\\\/index.php\\\/2019\\\/10\\\/18\\\/carlos-gomez-alcalde-de-baiona\\\/\"},\"wordCount\":1263,\"commentCount\":0,\"publisher\":{\"@id\":\"https:\\\/\\\/www.anovapeneira.gal\\\/#organization\"},\"image\":{\"@id\":\"https:\\\/\\\/www.anovapeneira.gal\\\/index.php\\\/2019\\\/10\\\/18\\\/carlos-gomez-alcalde-de-baiona\\\/#primaryimage\"},\"thumbnailUrl\":\"https:\\\/\\\/www.anovapeneira.gal\\\/wp-content\\\/uploads\\\/2019\\\/10\\\/carlos_gomez_alcalde_de_baiona_a_nova_peneira.jpg\",\"keywords\":[\"Alcalde de Baiona\",\"Concello de Baiona\",\"Pol\u00edtica\",\"Volta dos nove\"],\"articleSection\":[\"Val Mi\u00f1or\"],\"inLanguage\":\"gl-ES\",\"potentialAction\":[{\"@type\":\"CommentAction\",\"name\":\"Comment\",\"target\":[\"https:\\\/\\\/www.anovapeneira.gal\\\/index.php\\\/2019\\\/10\\\/18\\\/carlos-gomez-alcalde-de-baiona\\\/#respond\"]}]},{\"@type\":\"WebPage\",\"@id\":\"https:\\\/\\\/www.anovapeneira.gal\\\/index.php\\\/2019\\\/10\\\/18\\\/carlos-gomez-alcalde-de-baiona\\\/\",\"url\":\"https:\\\/\\\/www.anovapeneira.gal\\\/index.php\\\/2019\\\/10\\\/18\\\/carlos-gomez-alcalde-de-baiona\\\/\",\"name\":\"Carlos G\u00f3mez Alcalde de Baiona -\",\"isPartOf\":{\"@id\":\"https:\\\/\\\/www.anovapeneira.gal\\\/#website\"},\"primaryImageOfPage\":{\"@id\":\"https:\\\/\\\/www.anovapeneira.gal\\\/index.php\\\/2019\\\/10\\\/18\\\/carlos-gomez-alcalde-de-baiona\\\/#primaryimage\"},\"image\":{\"@id\":\"https:\\\/\\\/www.anovapeneira.gal\\\/index.php\\\/2019\\\/10\\\/18\\\/carlos-gomez-alcalde-de-baiona\\\/#primaryimage\"},\"thumbnailUrl\":\"https:\\\/\\\/www.anovapeneira.gal\\\/wp-content\\\/uploads\\\/2019\\\/10\\\/carlos_gomez_alcalde_de_baiona_a_nova_peneira.jpg\",\"datePublished\":\"2019-10-18T08:00:11+00:00\",\"dateModified\":\"2020-02-21T15:13:49+00:00\",\"breadcrumb\":{\"@id\":\"https:\\\/\\\/www.anovapeneira.gal\\\/index.php\\\/2019\\\/10\\\/18\\\/carlos-gomez-alcalde-de-baiona\\\/#breadcrumb\"},\"inLanguage\":\"gl-ES\",\"potentialAction\":[{\"@type\":\"ReadAction\",\"target\":[\"https:\\\/\\\/www.anovapeneira.gal\\\/index.php\\\/2019\\\/10\\\/18\\\/carlos-gomez-alcalde-de-baiona\\\/\"]}]},{\"@type\":\"ImageObject\",\"inLanguage\":\"gl-ES\",\"@id\":\"https:\\\/\\\/www.anovapeneira.gal\\\/index.php\\\/2019\\\/10\\\/18\\\/carlos-gomez-alcalde-de-baiona\\\/#primaryimage\",\"url\":\"https:\\\/\\\/www.anovapeneira.gal\\\/wp-content\\\/uploads\\\/2019\\\/10\\\/carlos_gomez_alcalde_de_baiona_a_nova_peneira.jpg\",\"contentUrl\":\"https:\\\/\\\/www.anovapeneira.gal\\\/wp-content\\\/uploads\\\/2019\\\/10\\\/carlos_gomez_alcalde_de_baiona_a_nova_peneira.jpg\",\"width\":720,\"height\":473,\"caption\":\"Carlos G\u00f3mez Alcalde de Baiona A Nova Peneira\"},{\"@type\":\"BreadcrumbList\",\"@id\":\"https:\\\/\\\/www.anovapeneira.gal\\\/index.php\\\/2019\\\/10\\\/18\\\/carlos-gomez-alcalde-de-baiona\\\/#breadcrumb\",\"itemListElement\":[{\"@type\":\"ListItem\",\"position\":1,\"name\":\"Portada\",\"item\":\"https:\\\/\\\/www.anovapeneira.gal\\\/\"},{\"@type\":\"ListItem\",\"position\":2,\"name\":\"Carlos G\u00f3mez Alcalde de Baiona\"}]},{\"@type\":\"WebSite\",\"@id\":\"https:\\\/\\\/www.anovapeneira.gal\\\/#website\",\"url\":\"https:\\\/\\\/www.anovapeneira.gal\\\/\",\"name\":\"\",\"description\":\"Xornal galego de informaci\u00f3n xeral Publicaci\u00f3n mensual de novas de Galicia e en especial dos Concellos da sur da provincia de Pontevedra.\",\"publisher\":{\"@id\":\"https:\\\/\\\/www.anovapeneira.gal\\\/#organization\"},\"potentialAction\":[{\"@type\":\"SearchAction\",\"target\":{\"@type\":\"EntryPoint\",\"urlTemplate\":\"https:\\\/\\\/www.anovapeneira.gal\\\/?s={search_term_string}\"},\"query-input\":{\"@type\":\"PropertyValueSpecification\",\"valueRequired\":true,\"valueName\":\"search_term_string\"}}],\"inLanguage\":\"gl-ES\"},{\"@type\":\"Organization\",\"@id\":\"https:\\\/\\\/www.anovapeneira.gal\\\/#organization\",\"name\":\"A Nova Peneira\",\"url\":\"https:\\\/\\\/www.anovapeneira.gal\\\/\",\"logo\":{\"@type\":\"ImageObject\",\"inLanguage\":\"gl-ES\",\"@id\":\"https:\\\/\\\/www.anovapeneira.gal\\\/#\\\/schema\\\/logo\\\/image\\\/\",\"url\":\"http:\\\/\\\/www.anovapeneira.gal\\\/wp-content\\\/uploads\\\/2019\\\/06\\\/logo_a_nova_peneira_portal_web.png\",\"contentUrl\":\"http:\\\/\\\/www.anovapeneira.gal\\\/wp-content\\\/uploads\\\/2019\\\/06\\\/logo_a_nova_peneira_portal_web.png\",\"width\":300,\"height\":100,\"caption\":\"A Nova Peneira\"},\"image\":{\"@id\":\"https:\\\/\\\/www.anovapeneira.gal\\\/#\\\/schema\\\/logo\\\/image\\\/\"},\"sameAs\":[\"https:\\\/\\\/www.facebook.com\\\/anovapeneira\",\"https:\\\/\\\/x.com\\\/APeneira\"]},{\"@type\":\"Person\",\"@id\":\"https:\\\/\\\/www.anovapeneira.gal\\\/#\\\/schema\\\/person\\\/b93e3f8932e3f8da96334607eb6ac6aa\",\"name\":\"Redacci\u00f3n A Nova Peneira\",\"image\":{\"@type\":\"ImageObject\",\"inLanguage\":\"gl-ES\",\"@id\":\"https:\\\/\\\/secure.gravatar.com\\\/avatar\\\/c052a2551a06e23fac63626232eaa90abd78dbcf1700fc46a2b2c89fd27b735f?s=96&d=mm&r=g\",\"url\":\"https:\\\/\\\/secure.gravatar.com\\\/avatar\\\/c052a2551a06e23fac63626232eaa90abd78dbcf1700fc46a2b2c89fd27b735f?s=96&d=mm&r=g\",\"contentUrl\":\"https:\\\/\\\/secure.gravatar.com\\\/avatar\\\/c052a2551a06e23fac63626232eaa90abd78dbcf1700fc46a2b2c89fd27b735f?s=96&d=mm&r=g\",\"caption\":\"Redacci\u00f3n A Nova Peneira\"},\"sameAs\":[\"http:\\\/\\\/www.anovapeneira.gal\\\/\"],\"url\":\"https:\\\/\\\/www.anovapeneira.gal\\\/index.php\\\/author\\\/redactor\\\/\"}]}<\/script>\n<!-- \/ Yoast SEO plugin. -->","yoast_head_json":{"title":"Carlos G\u00f3mez Alcalde de Baiona -","robots":{"index":"index","follow":"follow","max-snippet":"max-snippet:-1","max-image-preview":"max-image-preview:large","max-video-preview":"max-video-preview:-1"},"canonical":"https:\/\/www.anovapeneira.gal\/index.php\/2019\/10\/18\/carlos-gomez-alcalde-de-baiona\/","og_locale":"gl_ES","og_type":"article","og_title":"Carlos G\u00f3mez Alcalde de Baiona -","og_description":"Nas pasadas elecci\u00f3ns municipais de maio, afortunadamente para a veci\u00f1anza de Baiona, o PP perd\u00eda este concello e un goberno tripartito liderado polo socialista Carlos G\u00f3mez tomaba as rendas do goberno municipal. Cando \u00c1ngel Rodal era alcalde de Baiona, A Nova Peneira fixo varios intentos para entrevistalo [...]","og_url":"https:\/\/www.anovapeneira.gal\/index.php\/2019\/10\/18\/carlos-gomez-alcalde-de-baiona\/","article_publisher":"https:\/\/www.facebook.com\/anovapeneira","article_published_time":"2019-10-18T08:00:11+00:00","article_modified_time":"2020-02-21T15:13:49+00:00","og_image":[{"width":720,"height":473,"url":"https:\/\/www.anovapeneira.gal\/wp-content\/uploads\/2019\/10\/carlos_gomez_alcalde_de_baiona_a_nova_peneira.jpg","type":"image\/jpeg"}],"author":"Redacci\u00f3n A Nova Peneira","twitter_card":"summary_large_image","twitter_creator":"@APeneira","twitter_site":"@APeneira","twitter_misc":{"Escrito por":"Redacci\u00f3n A Nova Peneira","Tempo de lectura":"6 minutos"},"schema":{"@context":"https:\/\/schema.org","@graph":[{"@type":"Article","@id":"https:\/\/www.anovapeneira.gal\/index.php\/2019\/10\/18\/carlos-gomez-alcalde-de-baiona\/#article","isPartOf":{"@id":"https:\/\/www.anovapeneira.gal\/index.php\/2019\/10\/18\/carlos-gomez-alcalde-de-baiona\/"},"author":{"name":"Redacci\u00f3n A Nova Peneira","@id":"https:\/\/www.anovapeneira.gal\/#\/schema\/person\/b93e3f8932e3f8da96334607eb6ac6aa"},"headline":"Carlos G\u00f3mez Alcalde de Baiona","datePublished":"2019-10-18T08:00:11+00:00","dateModified":"2020-02-21T15:13:49+00:00","mainEntityOfPage":{"@id":"https:\/\/www.anovapeneira.gal\/index.php\/2019\/10\/18\/carlos-gomez-alcalde-de-baiona\/"},"wordCount":1263,"commentCount":0,"publisher":{"@id":"https:\/\/www.anovapeneira.gal\/#organization"},"image":{"@id":"https:\/\/www.anovapeneira.gal\/index.php\/2019\/10\/18\/carlos-gomez-alcalde-de-baiona\/#primaryimage"},"thumbnailUrl":"https:\/\/www.anovapeneira.gal\/wp-content\/uploads\/2019\/10\/carlos_gomez_alcalde_de_baiona_a_nova_peneira.jpg","keywords":["Alcalde de Baiona","Concello de Baiona","Pol\u00edtica","Volta dos nove"],"articleSection":["Val Mi\u00f1or"],"inLanguage":"gl-ES","potentialAction":[{"@type":"CommentAction","name":"Comment","target":["https:\/\/www.anovapeneira.gal\/index.php\/2019\/10\/18\/carlos-gomez-alcalde-de-baiona\/#respond"]}]},{"@type":"WebPage","@id":"https:\/\/www.anovapeneira.gal\/index.php\/2019\/10\/18\/carlos-gomez-alcalde-de-baiona\/","url":"https:\/\/www.anovapeneira.gal\/index.php\/2019\/10\/18\/carlos-gomez-alcalde-de-baiona\/","name":"Carlos G\u00f3mez Alcalde de Baiona -","isPartOf":{"@id":"https:\/\/www.anovapeneira.gal\/#website"},"primaryImageOfPage":{"@id":"https:\/\/www.anovapeneira.gal\/index.php\/2019\/10\/18\/carlos-gomez-alcalde-de-baiona\/#primaryimage"},"image":{"@id":"https:\/\/www.anovapeneira.gal\/index.php\/2019\/10\/18\/carlos-gomez-alcalde-de-baiona\/#primaryimage"},"thumbnailUrl":"https:\/\/www.anovapeneira.gal\/wp-content\/uploads\/2019\/10\/carlos_gomez_alcalde_de_baiona_a_nova_peneira.jpg","datePublished":"2019-10-18T08:00:11+00:00","dateModified":"2020-02-21T15:13:49+00:00","breadcrumb":{"@id":"https:\/\/www.anovapeneira.gal\/index.php\/2019\/10\/18\/carlos-gomez-alcalde-de-baiona\/#breadcrumb"},"inLanguage":"gl-ES","potentialAction":[{"@type":"ReadAction","target":["https:\/\/www.anovapeneira.gal\/index.php\/2019\/10\/18\/carlos-gomez-alcalde-de-baiona\/"]}]},{"@type":"ImageObject","inLanguage":"gl-ES","@id":"https:\/\/www.anovapeneira.gal\/index.php\/2019\/10\/18\/carlos-gomez-alcalde-de-baiona\/#primaryimage","url":"https:\/\/www.anovapeneira.gal\/wp-content\/uploads\/2019\/10\/carlos_gomez_alcalde_de_baiona_a_nova_peneira.jpg","contentUrl":"https:\/\/www.anovapeneira.gal\/wp-content\/uploads\/2019\/10\/carlos_gomez_alcalde_de_baiona_a_nova_peneira.jpg","width":720,"height":473,"caption":"Carlos G\u00f3mez Alcalde de Baiona A Nova Peneira"},{"@type":"BreadcrumbList","@id":"https:\/\/www.anovapeneira.gal\/index.php\/2019\/10\/18\/carlos-gomez-alcalde-de-baiona\/#breadcrumb","itemListElement":[{"@type":"ListItem","position":1,"name":"Portada","item":"https:\/\/www.anovapeneira.gal\/"},{"@type":"ListItem","position":2,"name":"Carlos G\u00f3mez Alcalde de Baiona"}]},{"@type":"WebSite","@id":"https:\/\/www.anovapeneira.gal\/#website","url":"https:\/\/www.anovapeneira.gal\/","name":"","description":"Xornal galego de informaci\u00f3n xeral Publicaci\u00f3n mensual de novas de Galicia e en especial dos Concellos da sur da provincia de Pontevedra.","publisher":{"@id":"https:\/\/www.anovapeneira.gal\/#organization"},"potentialAction":[{"@type":"SearchAction","target":{"@type":"EntryPoint","urlTemplate":"https:\/\/www.anovapeneira.gal\/?s={search_term_string}"},"query-input":{"@type":"PropertyValueSpecification","valueRequired":true,"valueName":"search_term_string"}}],"inLanguage":"gl-ES"},{"@type":"Organization","@id":"https:\/\/www.anovapeneira.gal\/#organization","name":"A Nova Peneira","url":"https:\/\/www.anovapeneira.gal\/","logo":{"@type":"ImageObject","inLanguage":"gl-ES","@id":"https:\/\/www.anovapeneira.gal\/#\/schema\/logo\/image\/","url":"http:\/\/www.anovapeneira.gal\/wp-content\/uploads\/2019\/06\/logo_a_nova_peneira_portal_web.png","contentUrl":"http:\/\/www.anovapeneira.gal\/wp-content\/uploads\/2019\/06\/logo_a_nova_peneira_portal_web.png","width":300,"height":100,"caption":"A Nova Peneira"},"image":{"@id":"https:\/\/www.anovapeneira.gal\/#\/schema\/logo\/image\/"},"sameAs":["https:\/\/www.facebook.com\/anovapeneira","https:\/\/x.com\/APeneira"]},{"@type":"Person","@id":"https:\/\/www.anovapeneira.gal\/#\/schema\/person\/b93e3f8932e3f8da96334607eb6ac6aa","name":"Redacci\u00f3n A Nova Peneira","image":{"@type":"ImageObject","inLanguage":"gl-ES","@id":"https:\/\/secure.gravatar.com\/avatar\/c052a2551a06e23fac63626232eaa90abd78dbcf1700fc46a2b2c89fd27b735f?s=96&d=mm&r=g","url":"https:\/\/secure.gravatar.com\/avatar\/c052a2551a06e23fac63626232eaa90abd78dbcf1700fc46a2b2c89fd27b735f?s=96&d=mm&r=g","contentUrl":"https:\/\/secure.gravatar.com\/avatar\/c052a2551a06e23fac63626232eaa90abd78dbcf1700fc46a2b2c89fd27b735f?s=96&d=mm&r=g","caption":"Redacci\u00f3n A Nova Peneira"},"sameAs":["http:\/\/www.anovapeneira.gal\/"],"url":"https:\/\/www.anovapeneira.gal\/index.php\/author\/redactor\/"}]}},"jetpack_featured_media_url":"https:\/\/www.anovapeneira.gal\/wp-content\/uploads\/2019\/10\/carlos_gomez_alcalde_de_baiona_a_nova_peneira.jpg","_links":{"self":[{"href":"https:\/\/www.anovapeneira.gal\/index.php\/wp-json\/wp\/v2\/posts\/1524","targetHints":{"allow":["GET"]}}],"collection":[{"href":"https:\/\/www.anovapeneira.gal\/index.php\/wp-json\/wp\/v2\/posts"}],"about":[{"href":"https:\/\/www.anovapeneira.gal\/index.php\/wp-json\/wp\/v2\/types\/post"}],"author":[{"embeddable":true,"href":"https:\/\/www.anovapeneira.gal\/index.php\/wp-json\/wp\/v2\/users\/3"}],"replies":[{"embeddable":true,"href":"https:\/\/www.anovapeneira.gal\/index.php\/wp-json\/wp\/v2\/comments?post=1524"}],"version-history":[{"count":2,"href":"https:\/\/www.anovapeneira.gal\/index.php\/wp-json\/wp\/v2\/posts\/1524\/revisions"}],"predecessor-version":[{"id":1528,"href":"https:\/\/www.anovapeneira.gal\/index.php\/wp-json\/wp\/v2\/posts\/1524\/revisions\/1528"}],"wp:featuredmedia":[{"embeddable":true,"href":"https:\/\/www.anovapeneira.gal\/index.php\/wp-json\/wp\/v2\/media\/1525"}],"wp:attachment":[{"href":"https:\/\/www.anovapeneira.gal\/index.php\/wp-json\/wp\/v2\/media?parent=1524"}],"wp:term":[{"taxonomy":"category","embeddable":true,"href":"https:\/\/www.anovapeneira.gal\/index.php\/wp-json\/wp\/v2\/categories?post=1524"},{"taxonomy":"post_tag","embeddable":true,"href":"https:\/\/www.anovapeneira.gal\/index.php\/wp-json\/wp\/v2\/tags?post=1524"}],"curies":[{"name":"wp","href":"https:\/\/api.w.org\/{rel}","templated":true}]}}