{"id":15244,"date":"2026-01-23T10:00:26","date_gmt":"2026-01-23T09:00:26","guid":{"rendered":"https:\/\/www.anovapeneira.gal\/?p=15244"},"modified":"2026-01-20T12:26:05","modified_gmt":"2026-01-20T11:26:05","slug":"dia-das-letras-galegas-2026-para-neira-vilas","status":"publish","type":"post","link":"https:\/\/www.anovapeneira.gal\/index.php\/2026\/01\/23\/dia-das-letras-galegas-2026-para-neira-vilas\/","title":{"rendered":"D\u00eda das Letras Galegas 2026 para Neira Vilas"},"content":{"rendered":"\n<pre class=\"wp-block-verse\"><em><strong>Ana Hermida<\/strong><\/em><\/pre>\n\n\n\n<p>Non, non estou tola, esta \u201cexclusiva\u201d foi dada na Televisi\u00f3n de Galicia en novembro do 2025, si,na televisi\u00f3n de todas as galegas. Todas as persoas que tivemos a sorte de co\u00f1ecer en maior ou menor grao a Xos\u00e9 Neira Vilas, estariamos dando chimpos de alegr\u00eda con esa decisi\u00f3n da Real Academia Galega de que lle dedicasen o D\u00eda das Letras Galegas a el no 2026.<\/p>\n\n\n\n<p>A noticia deuna a Tvg, presup\u00f3nselle veracidade \u00e1 exclusiva por ser nun medio oficial, e como ningu\u00e9n sa\u00edu a desmentila, pois debera ser certa, verdade? Pero, e a\u00ed ven o expediente X&#8230; resulta que a Real Academia Galega en xu\u00f1o do 2025 acordou dedicar o D\u00eda das Letras Galegas \u00e1 escritora e feminista Bego\u00f1a Caama\u00f1o, a boa noticia foi dada en todos os medios de informaci\u00f3n, inclu\u00edda a televisi\u00f3n auton\u00f3mica.<\/p>\n\n\n\n<p>Que puido pasar, estaredes a preguntarvos? Como pode a Tvg dar unha noticia en xu\u00f1o e en novembro, nese mesmo medio, desmentila? Mudar\u00edan as acad\u00e9micas da Rag de opini\u00f3n? ser\u00eda a primeira vez, eu non lembro caso semellante. Pero se o di a Tvg e ningu\u00e9n o desmente, ser\u00e1 verdade? Raro, nonsi? O certo \u00e9 que na Tvg ningu\u00e9n o desmentiu, a Rag tampouco o fixo, de feito non vin a ningunha instituci\u00f3n relacionada coa cultura galega sa\u00edr a desmentir esa noticia, tampouco os medios de comunicaci\u00f3n dixeron nada ao respecto, co cal o l\u00f3xico ser\u00eda pensar que efectivamente a Rag dedicar\u00eda a Neira Vilas e non a Bego\u00f1a Caama\u00f1o o D\u00eda das Letras Galegas este 2026.<\/p>\n\n\n\n<p>A noticia foi dada nun programa da Tvg por unha persoa relacionada coa cultura, ench\u00edaselle o peito cando o dixo, presum\u00eda de dar semellante exclusiva, de feito nese programa hab\u00eda tam\u00e9n xente tan erudita como a persoa que expulsou tal cousa pola s\u00faa boca, e resulta que ningu\u00e9n dixo nada, polo que caber\u00eda deducir que efectivamente estaba no certo.<\/p>\n\n\n\n<p>Eu cando o escoitei, entraba nunha habitaci\u00f3n na mi\u00f1a casa e&#8230; non daba creto, como se pode ser tan absolutamente ignorante? Que clase de personaxes enchen a grella da nosa Tvg que pagamos cos nosos impostos? Non lles pedimos unha cultura superlativa, pero se se po\u00f1en ante unha c\u00e1mara o menos que se lles esixe \u00e9 un m\u00ednimo de informaci\u00f3n e respecto ao noso. Nese programa ningu\u00e9n rectificou, cun sorriso est\u00fapido aplaud\u00edan coas orellas tama\u00f1a barbaridade e ignorancia supina, co cal quedou demostrado que non s\u00f3 o que a persoa que soltou semellante burrada polo burato que ten baixo o seu nariz \u00e9 unha inculta, sen\u00f3n todas as que estaban al\u00ed o son. \u00c9 moi vergo\u00f1ento o persoal que enche a grella da Tvg, pagados cos nosos cartos, si, pagamos a xente ignorante para que dea noticias falsas.<\/p>\n\n\n\n<p>Agardei \u00e1 semana seguinte&#8230; ningu\u00e9n dixo nada, logo mirei xornais, ning\u00fan se fixo eco de tama\u00f1a estupidez, nin Rag, nin CCG, nin a Tvg&#8230; ningu\u00e9n dixo nada. Polo que agora vou aclarar a estupidez, ignorancia, falsidade, etc. dos personaxes que deambulan polos nosos organismos, como a Tvg, e que cobran por incultos e falsos.<\/p>\n\n\n\n<p>Imos po\u00f1ernos en contexto, o programa onde se dixo esa mentira supina que demostra a ignorancia de todas as persoas que o conforman e que desfai o noso idioma e a nosa cultura \u00e9 \u201cA liga dos cantantes extra-<em>ordinarios<\/em>\u201d, si, porque moi ordinario hai que ser para dicir semellante barbaridade. O programa \u00e9 unha producci\u00f3n de El Progreso para Tvg, con idea orixinal de Centro\u00f1a (idea? ser\u00e1 para botar ao lixo), o produtor executivo de semellante idea nefasta \u00e9 Paco Lodeiro, o xurado era Iago Pico, Carolina Rubirosa, Ant\u00f3n Reixa (quen o viu e quen o ve!) e o que soltou a \u201cperli\u00f1a\u201d foi Roi Casal, que dixo <em>\u201c&#8230;este ano lles deran o Ano das Letras Galegas \u00e1s Cantareiras, ben merecido, o ano que v\u00e9n Galicia vaillo dar a Neira Vilas\u201d<\/em>, Ano das Letras Galegas \u00bf? Se\u00f1or! se se perden barcos, como non se van perder cabezas! ademais presum\u00eda da s\u00faa amizade con Neira e de sabelo todo&#8230; pois para saber todo, resulta que nada sabe.<\/p>\n\n\n\n<p>Esquec\u00eda dicir que este esperpento de programa estaba e est\u00e1 presentado por Mar\u00eda Mera e C\u00e9sar Romero, este \u00faltimo \u00e9 tam\u00e9n director musical e de escena&#8230; cun agravante inmenso, a Romero o Concello de Arteixo f\u00edxolle unha homenaxe a el e a s\u00faa familia dedic\u00e1ndolle unha placa no auditorio do concello, a \u201cbutaca C\u00e9sar Romero\u201d, como reco\u00f1ecemento p\u00fablico \u00e1 s\u00faa dedicaci\u00f3n e colaboraci\u00f3n coa cultura\u00bf? polo visto cantar na orquestra Cinema \u00e9 facer cultura, pois demostrado queda a nula cultura que ten.<\/p>\n\n\n\n<p>O de Ant\u00f3n Reixa coa cultura debe ser como o valor na mili, que tam\u00e9n se lles supo\u00f1\u00eda aos soldados. E o de Roi Casal \u00e9 de traca, pois si que te luciches rapaz! Non presumas dunha amizade dun tempi\u00f1o en que o co\u00f1eciches, amizade \u00e9 outra cousa, Neira ti\u00f1a amizades que o trataron durante anos e non van por a\u00ed dicindo sandeces como fas ti.<\/p>\n\n\n\n<p>A\u00ed tedes a proba, picade na ligaz\u00f3n e ide ao minuto indicado (non miredes m\u00e1is, sangran ollos e o\u00eddos)<\/p>\n\n\n\n<p><strong>TVG &#8211; A liga dos cantantes extraordinarios (08-11-2025)<\/strong><\/p>\n\n\n\n<p><strong>https:\/\/www.agalega.gal\/videos\/292731-a-liga-das-familias-extraordinarias (minuto 00:31:36)<\/strong><\/p>\n\n\n\n<p>Aqu\u00ed toda esta xente \u00e9 culpable de ser ignorantes vocacionais, non por non ter acceso \u00e1 informaci\u00f3n, que poden, deben e non o fan, sen\u00f3n porque o \u00fanico que fan estes personaxes e programas, e denigrar o noso idioma cantando en idiomas estranxeiros, de repudiar a nosa cultura porque negan as nosas m\u00fasicas e profesionais que loitan para preservala, e que&#8230; repito, cobran por asasinar a nosa cultura aborregando ao personal con programas zafios e incultos.<\/p>\n\n\n\n<p>O dito ningu\u00e9n o desmentiu, polo que a ignorancia manifesta dos programas da Tvg e quen participa neles queda patente, \u00e9 unha m\u00e1goa e un esc\u00e1ndalo. Se tivesen un pouco de dignidade marchar\u00edan e meter\u00edan a cabeza debaixo dun arado. E se non o fan, o que debera facer o ente p\u00fablico Rtvg \u00e9 unha limpeza a fondo e sacar tanta morralla da grella onde foi parar moito in\u00fatil e po\u00f1er a tanto b\u00f3 profesional como te\u00f1en nas redacci\u00f3ns castigados, fac\u00edan bo xornalismo, programas decentes, culturais, interesantes&#8230; pero o que estamos a ver agora \u00e9 groseiro, machista, vulgar, zafio, alleo, e por riba temos que aturar xente inculta e todo o trasvase dos persoeiros-lixo que vi\u00f1eron de Telecinco para a galega, non grazas, esiximos unha programaci\u00f3n digna e culta, como a poboaci\u00f3n galega.<\/p>\n","protected":false},"excerpt":{"rendered":"<div class=\"mh-excerpt\"><p>Non, non estou tola, esta \u201cexclusiva\u201d foi dada na Televisi\u00f3n de Galicia en novembro do 2025, si,na televisi\u00f3n de todas as galegas. <a class=\"mh-excerpt-more\" href=\"https:\/\/www.anovapeneira.gal\/index.php\/2026\/01\/23\/dia-das-letras-galegas-2026-para-neira-vilas\/\" title=\"D\u00eda das Letras Galegas 2026 para Neira Vilas\">[&#8230;]<\/a><\/p>\n<\/div>","protected":false},"author":12,"featured_media":12339,"comment_status":"open","ping_status":"open","sticky":false,"template":"","format":"standard","meta":{"_exactmetrics_skip_tracking":false,"_exactmetrics_sitenote_active":false,"_exactmetrics_sitenote_note":"","_exactmetrics_sitenote_category":0,"footnotes":""},"categories":[7],"tags":[1410],"class_list":{"0":"post-15244","1":"post","2":"type-post","3":"status-publish","4":"format-standard","5":"has-post-thumbnail","7":"category-artigos-de-opinion","8":"tag-ana-hermida"},"yoast_head":"<!-- This site is optimized with the Yoast SEO plugin v27.4 - https:\/\/yoast.com\/product\/yoast-seo-wordpress\/ -->\n<title>D\u00eda das Letras Galegas 2026 para Neira Vilas -<\/title>\n<meta name=\"robots\" content=\"index, follow, max-snippet:-1, max-image-preview:large, max-video-preview:-1\" \/>\n<link rel=\"canonical\" href=\"https:\/\/www.anovapeneira.gal\/index.php\/2026\/01\/23\/dia-das-letras-galegas-2026-para-neira-vilas\/\" \/>\n<meta property=\"og:locale\" content=\"gl_ES\" \/>\n<meta property=\"og:type\" content=\"article\" \/>\n<meta property=\"og:title\" content=\"D\u00eda das Letras Galegas 2026 para Neira Vilas -\" \/>\n<meta property=\"og:description\" content=\"Non, non estou tola, esta \u201cexclusiva\u201d foi dada na Televisi\u00f3n de Galicia en novembro do 2025, si,na televisi\u00f3n de todas as galegas. [...]\" \/>\n<meta property=\"og:url\" content=\"https:\/\/www.anovapeneira.gal\/index.php\/2026\/01\/23\/dia-das-letras-galegas-2026-para-neira-vilas\/\" \/>\n<meta property=\"article:publisher\" content=\"https:\/\/www.facebook.com\/anovapeneira\" \/>\n<meta property=\"article:published_time\" content=\"2026-01-23T09:00:26+00:00\" \/>\n<meta property=\"og:image\" content=\"https:\/\/www.anovapeneira.gal\/wp-content\/uploads\/2024\/08\/Ana-Hermida_1.png\" \/>\n\t<meta property=\"og:image:width\" content=\"720\" \/>\n\t<meta property=\"og:image:height\" content=\"432\" \/>\n\t<meta property=\"og:image:type\" content=\"image\/png\" \/>\n<meta name=\"author\" content=\"Artigos Opini\u00f3n\" \/>\n<meta name=\"twitter:card\" content=\"summary_large_image\" \/>\n<meta name=\"twitter:creator\" content=\"@APeneira\" \/>\n<meta name=\"twitter:site\" content=\"@APeneira\" \/>\n<meta name=\"twitter:label1\" content=\"Escrito por\" \/>\n\t<meta name=\"twitter:data1\" content=\"Artigos Opini\u00f3n\" \/>\n\t<meta name=\"twitter:label2\" content=\"Tempo de lectura\" \/>\n\t<meta name=\"twitter:data2\" content=\"6 minutos\" \/>\n<script type=\"application\/ld+json\" class=\"yoast-schema-graph\">{\"@context\":\"https:\\\/\\\/schema.org\",\"@graph\":[{\"@type\":\"Article\",\"@id\":\"https:\\\/\\\/www.anovapeneira.gal\\\/index.php\\\/2026\\\/01\\\/23\\\/dia-das-letras-galegas-2026-para-neira-vilas\\\/#article\",\"isPartOf\":{\"@id\":\"https:\\\/\\\/www.anovapeneira.gal\\\/index.php\\\/2026\\\/01\\\/23\\\/dia-das-letras-galegas-2026-para-neira-vilas\\\/\"},\"author\":{\"name\":\"Artigos Opini\u00f3n\",\"@id\":\"https:\\\/\\\/www.anovapeneira.gal\\\/#\\\/schema\\\/person\\\/f18a4feb302e8f20bcef4490b5b60bb3\"},\"headline\":\"D\u00eda das Letras Galegas 2026 para Neira Vilas\",\"datePublished\":\"2026-01-23T09:00:26+00:00\",\"mainEntityOfPage\":{\"@id\":\"https:\\\/\\\/www.anovapeneira.gal\\\/index.php\\\/2026\\\/01\\\/23\\\/dia-das-letras-galegas-2026-para-neira-vilas\\\/\"},\"wordCount\":1149,\"commentCount\":0,\"publisher\":{\"@id\":\"https:\\\/\\\/www.anovapeneira.gal\\\/#organization\"},\"image\":{\"@id\":\"https:\\\/\\\/www.anovapeneira.gal\\\/index.php\\\/2026\\\/01\\\/23\\\/dia-das-letras-galegas-2026-para-neira-vilas\\\/#primaryimage\"},\"thumbnailUrl\":\"https:\\\/\\\/www.anovapeneira.gal\\\/wp-content\\\/uploads\\\/2024\\\/08\\\/Ana-Hermida_1.png\",\"keywords\":[\"Ana Hermida\"],\"articleSection\":[\"Artigos de opini\u00f3n\"],\"inLanguage\":\"gl-ES\",\"potentialAction\":[{\"@type\":\"CommentAction\",\"name\":\"Comment\",\"target\":[\"https:\\\/\\\/www.anovapeneira.gal\\\/index.php\\\/2026\\\/01\\\/23\\\/dia-das-letras-galegas-2026-para-neira-vilas\\\/#respond\"]}]},{\"@type\":\"WebPage\",\"@id\":\"https:\\\/\\\/www.anovapeneira.gal\\\/index.php\\\/2026\\\/01\\\/23\\\/dia-das-letras-galegas-2026-para-neira-vilas\\\/\",\"url\":\"https:\\\/\\\/www.anovapeneira.gal\\\/index.php\\\/2026\\\/01\\\/23\\\/dia-das-letras-galegas-2026-para-neira-vilas\\\/\",\"name\":\"D\u00eda das Letras Galegas 2026 para Neira Vilas -\",\"isPartOf\":{\"@id\":\"https:\\\/\\\/www.anovapeneira.gal\\\/#website\"},\"primaryImageOfPage\":{\"@id\":\"https:\\\/\\\/www.anovapeneira.gal\\\/index.php\\\/2026\\\/01\\\/23\\\/dia-das-letras-galegas-2026-para-neira-vilas\\\/#primaryimage\"},\"image\":{\"@id\":\"https:\\\/\\\/www.anovapeneira.gal\\\/index.php\\\/2026\\\/01\\\/23\\\/dia-das-letras-galegas-2026-para-neira-vilas\\\/#primaryimage\"},\"thumbnailUrl\":\"https:\\\/\\\/www.anovapeneira.gal\\\/wp-content\\\/uploads\\\/2024\\\/08\\\/Ana-Hermida_1.png\",\"datePublished\":\"2026-01-23T09:00:26+00:00\",\"breadcrumb\":{\"@id\":\"https:\\\/\\\/www.anovapeneira.gal\\\/index.php\\\/2026\\\/01\\\/23\\\/dia-das-letras-galegas-2026-para-neira-vilas\\\/#breadcrumb\"},\"inLanguage\":\"gl-ES\",\"potentialAction\":[{\"@type\":\"ReadAction\",\"target\":[\"https:\\\/\\\/www.anovapeneira.gal\\\/index.php\\\/2026\\\/01\\\/23\\\/dia-das-letras-galegas-2026-para-neira-vilas\\\/\"]}]},{\"@type\":\"ImageObject\",\"inLanguage\":\"gl-ES\",\"@id\":\"https:\\\/\\\/www.anovapeneira.gal\\\/index.php\\\/2026\\\/01\\\/23\\\/dia-das-letras-galegas-2026-para-neira-vilas\\\/#primaryimage\",\"url\":\"https:\\\/\\\/www.anovapeneira.gal\\\/wp-content\\\/uploads\\\/2024\\\/08\\\/Ana-Hermida_1.png\",\"contentUrl\":\"https:\\\/\\\/www.anovapeneira.gal\\\/wp-content\\\/uploads\\\/2024\\\/08\\\/Ana-Hermida_1.png\",\"width\":720,\"height\":432},{\"@type\":\"BreadcrumbList\",\"@id\":\"https:\\\/\\\/www.anovapeneira.gal\\\/index.php\\\/2026\\\/01\\\/23\\\/dia-das-letras-galegas-2026-para-neira-vilas\\\/#breadcrumb\",\"itemListElement\":[{\"@type\":\"ListItem\",\"position\":1,\"name\":\"Portada\",\"item\":\"https:\\\/\\\/www.anovapeneira.gal\\\/\"},{\"@type\":\"ListItem\",\"position\":2,\"name\":\"D\u00eda das Letras Galegas 2026 para Neira Vilas\"}]},{\"@type\":\"WebSite\",\"@id\":\"https:\\\/\\\/www.anovapeneira.gal\\\/#website\",\"url\":\"https:\\\/\\\/www.anovapeneira.gal\\\/\",\"name\":\"\",\"description\":\"Xornal galego de informaci\u00f3n xeral Publicaci\u00f3n mensual de novas de Galicia e en especial dos Concellos da sur da provincia de Pontevedra.\",\"publisher\":{\"@id\":\"https:\\\/\\\/www.anovapeneira.gal\\\/#organization\"},\"potentialAction\":[{\"@type\":\"SearchAction\",\"target\":{\"@type\":\"EntryPoint\",\"urlTemplate\":\"https:\\\/\\\/www.anovapeneira.gal\\\/?s={search_term_string}\"},\"query-input\":{\"@type\":\"PropertyValueSpecification\",\"valueRequired\":true,\"valueName\":\"search_term_string\"}}],\"inLanguage\":\"gl-ES\"},{\"@type\":\"Organization\",\"@id\":\"https:\\\/\\\/www.anovapeneira.gal\\\/#organization\",\"name\":\"A Nova Peneira\",\"url\":\"https:\\\/\\\/www.anovapeneira.gal\\\/\",\"logo\":{\"@type\":\"ImageObject\",\"inLanguage\":\"gl-ES\",\"@id\":\"https:\\\/\\\/www.anovapeneira.gal\\\/#\\\/schema\\\/logo\\\/image\\\/\",\"url\":\"http:\\\/\\\/www.anovapeneira.gal\\\/wp-content\\\/uploads\\\/2019\\\/06\\\/logo_a_nova_peneira_portal_web.png\",\"contentUrl\":\"http:\\\/\\\/www.anovapeneira.gal\\\/wp-content\\\/uploads\\\/2019\\\/06\\\/logo_a_nova_peneira_portal_web.png\",\"width\":300,\"height\":100,\"caption\":\"A Nova Peneira\"},\"image\":{\"@id\":\"https:\\\/\\\/www.anovapeneira.gal\\\/#\\\/schema\\\/logo\\\/image\\\/\"},\"sameAs\":[\"https:\\\/\\\/www.facebook.com\\\/anovapeneira\",\"https:\\\/\\\/x.com\\\/APeneira\"]},{\"@type\":\"Person\",\"@id\":\"https:\\\/\\\/www.anovapeneira.gal\\\/#\\\/schema\\\/person\\\/f18a4feb302e8f20bcef4490b5b60bb3\",\"name\":\"Artigos Opini\u00f3n\",\"image\":{\"@type\":\"ImageObject\",\"inLanguage\":\"gl-ES\",\"@id\":\"https:\\\/\\\/secure.gravatar.com\\\/avatar\\\/072844300f4881150aee2da4278f7a65d16eefdf8262eb67085f1e702de2b959?s=96&d=mm&r=g\",\"url\":\"https:\\\/\\\/secure.gravatar.com\\\/avatar\\\/072844300f4881150aee2da4278f7a65d16eefdf8262eb67085f1e702de2b959?s=96&d=mm&r=g\",\"contentUrl\":\"https:\\\/\\\/secure.gravatar.com\\\/avatar\\\/072844300f4881150aee2da4278f7a65d16eefdf8262eb67085f1e702de2b959?s=96&d=mm&r=g\",\"caption\":\"Artigos Opini\u00f3n\"},\"sameAs\":[\"http:\\\/\\\/anovapeneira.gal\"],\"url\":\"https:\\\/\\\/www.anovapeneira.gal\\\/index.php\\\/author\\\/artigosopinion\\\/\"}]}<\/script>\n<!-- \/ Yoast SEO plugin. -->","yoast_head_json":{"title":"D\u00eda das Letras Galegas 2026 para Neira Vilas -","robots":{"index":"index","follow":"follow","max-snippet":"max-snippet:-1","max-image-preview":"max-image-preview:large","max-video-preview":"max-video-preview:-1"},"canonical":"https:\/\/www.anovapeneira.gal\/index.php\/2026\/01\/23\/dia-das-letras-galegas-2026-para-neira-vilas\/","og_locale":"gl_ES","og_type":"article","og_title":"D\u00eda das Letras Galegas 2026 para Neira Vilas -","og_description":"Non, non estou tola, esta \u201cexclusiva\u201d foi dada na Televisi\u00f3n de Galicia en novembro do 2025, si,na televisi\u00f3n de todas as galegas. [...]","og_url":"https:\/\/www.anovapeneira.gal\/index.php\/2026\/01\/23\/dia-das-letras-galegas-2026-para-neira-vilas\/","article_publisher":"https:\/\/www.facebook.com\/anovapeneira","article_published_time":"2026-01-23T09:00:26+00:00","og_image":[{"width":720,"height":432,"url":"https:\/\/www.anovapeneira.gal\/wp-content\/uploads\/2024\/08\/Ana-Hermida_1.png","type":"image\/png"}],"author":"Artigos Opini\u00f3n","twitter_card":"summary_large_image","twitter_creator":"@APeneira","twitter_site":"@APeneira","twitter_misc":{"Escrito por":"Artigos Opini\u00f3n","Tempo de lectura":"6 minutos"},"schema":{"@context":"https:\/\/schema.org","@graph":[{"@type":"Article","@id":"https:\/\/www.anovapeneira.gal\/index.php\/2026\/01\/23\/dia-das-letras-galegas-2026-para-neira-vilas\/#article","isPartOf":{"@id":"https:\/\/www.anovapeneira.gal\/index.php\/2026\/01\/23\/dia-das-letras-galegas-2026-para-neira-vilas\/"},"author":{"name":"Artigos Opini\u00f3n","@id":"https:\/\/www.anovapeneira.gal\/#\/schema\/person\/f18a4feb302e8f20bcef4490b5b60bb3"},"headline":"D\u00eda das Letras Galegas 2026 para Neira Vilas","datePublished":"2026-01-23T09:00:26+00:00","mainEntityOfPage":{"@id":"https:\/\/www.anovapeneira.gal\/index.php\/2026\/01\/23\/dia-das-letras-galegas-2026-para-neira-vilas\/"},"wordCount":1149,"commentCount":0,"publisher":{"@id":"https:\/\/www.anovapeneira.gal\/#organization"},"image":{"@id":"https:\/\/www.anovapeneira.gal\/index.php\/2026\/01\/23\/dia-das-letras-galegas-2026-para-neira-vilas\/#primaryimage"},"thumbnailUrl":"https:\/\/www.anovapeneira.gal\/wp-content\/uploads\/2024\/08\/Ana-Hermida_1.png","keywords":["Ana Hermida"],"articleSection":["Artigos de opini\u00f3n"],"inLanguage":"gl-ES","potentialAction":[{"@type":"CommentAction","name":"Comment","target":["https:\/\/www.anovapeneira.gal\/index.php\/2026\/01\/23\/dia-das-letras-galegas-2026-para-neira-vilas\/#respond"]}]},{"@type":"WebPage","@id":"https:\/\/www.anovapeneira.gal\/index.php\/2026\/01\/23\/dia-das-letras-galegas-2026-para-neira-vilas\/","url":"https:\/\/www.anovapeneira.gal\/index.php\/2026\/01\/23\/dia-das-letras-galegas-2026-para-neira-vilas\/","name":"D\u00eda das Letras Galegas 2026 para Neira Vilas -","isPartOf":{"@id":"https:\/\/www.anovapeneira.gal\/#website"},"primaryImageOfPage":{"@id":"https:\/\/www.anovapeneira.gal\/index.php\/2026\/01\/23\/dia-das-letras-galegas-2026-para-neira-vilas\/#primaryimage"},"image":{"@id":"https:\/\/www.anovapeneira.gal\/index.php\/2026\/01\/23\/dia-das-letras-galegas-2026-para-neira-vilas\/#primaryimage"},"thumbnailUrl":"https:\/\/www.anovapeneira.gal\/wp-content\/uploads\/2024\/08\/Ana-Hermida_1.png","datePublished":"2026-01-23T09:00:26+00:00","breadcrumb":{"@id":"https:\/\/www.anovapeneira.gal\/index.php\/2026\/01\/23\/dia-das-letras-galegas-2026-para-neira-vilas\/#breadcrumb"},"inLanguage":"gl-ES","potentialAction":[{"@type":"ReadAction","target":["https:\/\/www.anovapeneira.gal\/index.php\/2026\/01\/23\/dia-das-letras-galegas-2026-para-neira-vilas\/"]}]},{"@type":"ImageObject","inLanguage":"gl-ES","@id":"https:\/\/www.anovapeneira.gal\/index.php\/2026\/01\/23\/dia-das-letras-galegas-2026-para-neira-vilas\/#primaryimage","url":"https:\/\/www.anovapeneira.gal\/wp-content\/uploads\/2024\/08\/Ana-Hermida_1.png","contentUrl":"https:\/\/www.anovapeneira.gal\/wp-content\/uploads\/2024\/08\/Ana-Hermida_1.png","width":720,"height":432},{"@type":"BreadcrumbList","@id":"https:\/\/www.anovapeneira.gal\/index.php\/2026\/01\/23\/dia-das-letras-galegas-2026-para-neira-vilas\/#breadcrumb","itemListElement":[{"@type":"ListItem","position":1,"name":"Portada","item":"https:\/\/www.anovapeneira.gal\/"},{"@type":"ListItem","position":2,"name":"D\u00eda das Letras Galegas 2026 para Neira Vilas"}]},{"@type":"WebSite","@id":"https:\/\/www.anovapeneira.gal\/#website","url":"https:\/\/www.anovapeneira.gal\/","name":"","description":"Xornal galego de informaci\u00f3n xeral Publicaci\u00f3n mensual de novas de Galicia e en especial dos Concellos da sur da provincia de Pontevedra.","publisher":{"@id":"https:\/\/www.anovapeneira.gal\/#organization"},"potentialAction":[{"@type":"SearchAction","target":{"@type":"EntryPoint","urlTemplate":"https:\/\/www.anovapeneira.gal\/?s={search_term_string}"},"query-input":{"@type":"PropertyValueSpecification","valueRequired":true,"valueName":"search_term_string"}}],"inLanguage":"gl-ES"},{"@type":"Organization","@id":"https:\/\/www.anovapeneira.gal\/#organization","name":"A Nova Peneira","url":"https:\/\/www.anovapeneira.gal\/","logo":{"@type":"ImageObject","inLanguage":"gl-ES","@id":"https:\/\/www.anovapeneira.gal\/#\/schema\/logo\/image\/","url":"http:\/\/www.anovapeneira.gal\/wp-content\/uploads\/2019\/06\/logo_a_nova_peneira_portal_web.png","contentUrl":"http:\/\/www.anovapeneira.gal\/wp-content\/uploads\/2019\/06\/logo_a_nova_peneira_portal_web.png","width":300,"height":100,"caption":"A Nova Peneira"},"image":{"@id":"https:\/\/www.anovapeneira.gal\/#\/schema\/logo\/image\/"},"sameAs":["https:\/\/www.facebook.com\/anovapeneira","https:\/\/x.com\/APeneira"]},{"@type":"Person","@id":"https:\/\/www.anovapeneira.gal\/#\/schema\/person\/f18a4feb302e8f20bcef4490b5b60bb3","name":"Artigos Opini\u00f3n","image":{"@type":"ImageObject","inLanguage":"gl-ES","@id":"https:\/\/secure.gravatar.com\/avatar\/072844300f4881150aee2da4278f7a65d16eefdf8262eb67085f1e702de2b959?s=96&d=mm&r=g","url":"https:\/\/secure.gravatar.com\/avatar\/072844300f4881150aee2da4278f7a65d16eefdf8262eb67085f1e702de2b959?s=96&d=mm&r=g","contentUrl":"https:\/\/secure.gravatar.com\/avatar\/072844300f4881150aee2da4278f7a65d16eefdf8262eb67085f1e702de2b959?s=96&d=mm&r=g","caption":"Artigos Opini\u00f3n"},"sameAs":["http:\/\/anovapeneira.gal"],"url":"https:\/\/www.anovapeneira.gal\/index.php\/author\/artigosopinion\/"}]}},"jetpack_featured_media_url":"https:\/\/www.anovapeneira.gal\/wp-content\/uploads\/2024\/08\/Ana-Hermida_1.png","_links":{"self":[{"href":"https:\/\/www.anovapeneira.gal\/index.php\/wp-json\/wp\/v2\/posts\/15244","targetHints":{"allow":["GET"]}}],"collection":[{"href":"https:\/\/www.anovapeneira.gal\/index.php\/wp-json\/wp\/v2\/posts"}],"about":[{"href":"https:\/\/www.anovapeneira.gal\/index.php\/wp-json\/wp\/v2\/types\/post"}],"author":[{"embeddable":true,"href":"https:\/\/www.anovapeneira.gal\/index.php\/wp-json\/wp\/v2\/users\/12"}],"replies":[{"embeddable":true,"href":"https:\/\/www.anovapeneira.gal\/index.php\/wp-json\/wp\/v2\/comments?post=15244"}],"version-history":[{"count":1,"href":"https:\/\/www.anovapeneira.gal\/index.php\/wp-json\/wp\/v2\/posts\/15244\/revisions"}],"predecessor-version":[{"id":15245,"href":"https:\/\/www.anovapeneira.gal\/index.php\/wp-json\/wp\/v2\/posts\/15244\/revisions\/15245"}],"wp:featuredmedia":[{"embeddable":true,"href":"https:\/\/www.anovapeneira.gal\/index.php\/wp-json\/wp\/v2\/media\/12339"}],"wp:attachment":[{"href":"https:\/\/www.anovapeneira.gal\/index.php\/wp-json\/wp\/v2\/media?parent=15244"}],"wp:term":[{"taxonomy":"category","embeddable":true,"href":"https:\/\/www.anovapeneira.gal\/index.php\/wp-json\/wp\/v2\/categories?post=15244"},{"taxonomy":"post_tag","embeddable":true,"href":"https:\/\/www.anovapeneira.gal\/index.php\/wp-json\/wp\/v2\/tags?post=15244"}],"curies":[{"name":"wp","href":"https:\/\/api.w.org\/{rel}","templated":true}]}}