{"id":15253,"date":"2026-01-26T10:00:57","date_gmt":"2026-01-26T09:00:57","guid":{"rendered":"https:\/\/www.anovapeneira.gal\/?p=15253"},"modified":"2026-01-21T17:14:36","modified_gmt":"2026-01-21T16:14:36","slug":"redondela-demanda-a-xunta-unha-solucion-urxente-aos-graves-problemas-dos-centros-educativos-do-municipio","status":"publish","type":"post","link":"https:\/\/www.anovapeneira.gal\/index.php\/2026\/01\/26\/redondela-demanda-a-xunta-unha-solucion-urxente-aos-graves-problemas-dos-centros-educativos-do-municipio\/","title":{"rendered":"Redondela demanda \u00e1 Xunta unha soluci\u00f3n \u201curxente\u201d aos graves problemas dos centros educativos do municipio"},"content":{"rendered":"\n<p><em>O Concello denuncia a grave situaci\u00f3n dos centros de ensino p\u00fablico de Redondela. Hai casos como o tellado do CEIP Laredo, con risco de desprendemento, falta de calefacci\u00f3n no IES Floriani e CEIP Outeiro das Penas, as\u00ed como problemas estruturais na fachada, muro e escaleira do CEP Santa Mari\u00f1a, entre outras deficiencias.<\/em><\/p>\n\n\n\n<p><em>&#8211; A alcaldesa, Digna Rivas, fala de \u201cabandono\u201d por parte da Xunta de Galicia ante esta situaci\u00f3n de \u201cprecariedade e inseguridade\u201d nos colexios e institutos p\u00fablicos de Redondela. En novembro de 2025 solicitou unha xuntanza coa Conseller\u00eda de Educaci\u00f3n para abordar estas deficiencias\u201ce a\u00ednda non obtivemos resposta\u201d.<\/em><\/p>\n\n\n\n<p>Redondela, 17 de xaneiro de 2026. O Concello de Redondela esixe \u00e1 Xunta de Galicia unha soluci\u00f3n \u201curxente\u201d aos problemas de \u201cseguridade e precariedade\u201d que padecen moitos dos centros de ensino p\u00fablico do municipio. A alcaldesa, Digna Rivas, denuncia un \u201cabandono total\u201d por parte da Xunta de Galicia ante unha situaci\u00f3n que denuncian desde hai anos tanto o Concello como as propias direcci\u00f3ns e Anpas dos centros.<\/p>\n\n\n\n<p>Un dos problemas m\u00e1is graves \u00e9 a situaci\u00f3n da cuberta do CEIP Laredo, en Chapela, que precisa un cambio integral da cuberta \u201cque presenta un grave risco de desprendemento\u201d. Ante a deixadez da Conseller\u00eda, en xaneiro de 2025 o Concello instalou un valado perimetral e unha rede \u201cpara evitar situaci\u00f3ns de perigo\u201d. Pasado un ano \u201cseguimos \u00e1 espera de que a Xunta po\u00f1a data para a reforma integral da cuberta\u201d, advirte Rivas. O CEIP Alexandre B\u00f3veda, no barrio de Angor\u00e9n, tam\u00e9n presenta graves problemas debido \u00e1 s\u00faa antig\u00fcidade sen que a Conseller\u00eda te\u00f1a dado unha soluci\u00f3n.<\/p>\n\n\n\n<p>No IES Pedro Floriani a Conseller\u00eda inaugurou este curso a ampliaci\u00f3n do centro con novas aulas que presentan \u201cserias deficiencias\u201d. O m\u00e1is preocupante \u00e9 a falta de calefacci\u00f3n \u201co que provoca que alumnado e profesorado estean a pasar moito fr\u00edo, o que resulta inadmisible nunhas instalaci\u00f3ns novas\u201d. Outra das deficiencias \u00e9 a falta de internet na zona da ampliaci\u00f3n, e te\u00f1en pingueiras no pavill\u00f3n. Tam\u00e9n o CEIP Outeiro das Penas, en Cesantes, ten deficiencias na calefacci\u00f3n, e os CEIP de Quintela e Cedeira padecen problemas de eficiencia enerx\u00e9tica \u201cque debe asumir a Xunta de Galicia\u201d, advirten desde o Concello.<\/p>\n\n\n\n<p>O CEP Santa Mari\u00f1a sofre problemas estruturais na fachada, o muro e as escaleiras, o que sup\u00f3n un perigo para os centos de nenos e nenas que asisten ao centro.<\/p>\n\n\n\n<p>En xeral odos os centros p\u00fablicos do municipio presentan algunha deficiencia na s\u00faa estrutura e instalaci\u00f3ns debido \u00e1 s\u00faa antig\u00fcidade, xa que os edificios te\u00f1en entre 40 e 50 anos e est\u00e1n obsoletos. Desde o Concello cada ano rem\u00edtense \u00e1 Conseller\u00eda de Educaci\u00f3n un listado con estas deficiencias sen obter resposta.<\/p>\n\n\n\n<p>A alcaldesa lembra que \u00e9 a Xunta de Galicia a \u00fanica responsable \u201cda construci\u00f3n e reforma integral dos centros\u201d, polo que o Concello esixe \u201cunha soluci\u00f3n urxente\u201d aos graves que problemas que padecen. O ensino p\u00fablico \u00e9 \u201cclave\u201d para garantir a igualdade de oportunidades, e debe contar con recursos dignos para ofrecer unha educaci\u00f3n de calidade \u201ca todas e todos\u201d, e a Xunta est\u00e1 a \u201cprecarizar e menosprezar\u201d este pilar fundamental da sociedade. Rivas sinala que este municipio \u00e9 un dos que conta con m\u00e1is centros p\u00fablicos de toda a provincia \u201ce a Xunta de Galicia non est\u00e1 a cumprir coas necesidades do alumnado, profesorado e familias\u201d<\/p>\n\n\n\n<p><strong>Deficiencias no comedores escolares<\/strong><\/p>\n\n\n\n<p>Outro dos problemas estruturais dos centros \u00e9 a falta de comedores escolares. Esta situaci\u00f3n afecta especialmente \u00e1 EEI A Marisma e o CEP Santa Mari\u00f1a, onde estudan nenos e nenas de 3 a 6 anos e de 6 a 12 respectivamente. Ante a inexistencia deste servizo nos propios centros, as Anpas empregan como comedores as instalaci\u00f3ns cedidas polo Concello nas proximidades dos colexios. Tr\u00e1tase dunha soluci\u00f3n temporal que ofrecera o Concello para as m\u00e1is de cen familias que precisan este servizo \u201cmentres a Xunta non habilitaba comedores nos propios colexios\u201d. Pasaron 12 anos e a Conseller\u00eda \u201csegue sen facer os deberes malia que os centros dispo\u00f1en de espazo suficiente para dar este servizo\u201d, denuncia Rivas<\/p>\n\n\n\n<p>Hai m\u00e1is de dous meses a alcaldesa solicitou \u00e1 Xefatura Provincial de Ensino unha xuntanza para abordar estes e outros temas\u201cque son urxentes para a seguridade do alumnado e o bo funcionamento dos centros\u201d. Rivas denuncia que ata o de agora non recibiron contestaci\u00f3n.<\/p>\n","protected":false},"excerpt":{"rendered":"<div class=\"mh-excerpt\"><p>O Concello denuncia a grave situaci\u00f3n dos centros de ensino p\u00fablico de Redondela. Hai casos como o tellado do CEIP Laredo, con risco de desprendemento, falta de calefacci\u00f3n no IES Floriani e CEIP Outeiro das Penas, as\u00ed como problemas estruturais na fachada, muro e escaleira do CEP Santa Mari\u00f1a, entre outras deficiencias <a class=\"mh-excerpt-more\" href=\"https:\/\/www.anovapeneira.gal\/index.php\/2026\/01\/26\/redondela-demanda-a-xunta-unha-solucion-urxente-aos-graves-problemas-dos-centros-educativos-do-municipio\/\" title=\"Redondela demanda \u00e1 Xunta unha soluci\u00f3n \u201curxente\u201d aos graves problemas dos centros educativos do municipio\">[&#8230;]<\/a><\/p>\n<\/div>","protected":false},"author":3,"featured_media":15254,"comment_status":"open","ping_status":"open","sticky":false,"template":"","format":"standard","meta":{"_exactmetrics_skip_tracking":false,"_exactmetrics_sitenote_active":false,"_exactmetrics_sitenote_note":"","_exactmetrics_sitenote_category":0,"footnotes":""},"categories":[24],"tags":[171],"class_list":{"0":"post-15253","1":"post","2":"type-post","3":"status-publish","4":"format-standard","5":"has-post-thumbnail","7":"category-redondela","8":"tag-concello-de-redondela"},"yoast_head":"<!-- This site is optimized with the Yoast SEO plugin v27.4 - https:\/\/yoast.com\/product\/yoast-seo-wordpress\/ -->\n<title>Redondela demanda \u00e1 Xunta unha soluci\u00f3n \u201curxente\u201d aos graves problemas dos centros educativos do municipio -<\/title>\n<meta name=\"robots\" content=\"index, follow, max-snippet:-1, max-image-preview:large, max-video-preview:-1\" \/>\n<link rel=\"canonical\" href=\"https:\/\/www.anovapeneira.gal\/index.php\/2026\/01\/26\/redondela-demanda-a-xunta-unha-solucion-urxente-aos-graves-problemas-dos-centros-educativos-do-municipio\/\" \/>\n<meta property=\"og:locale\" content=\"gl_ES\" \/>\n<meta property=\"og:type\" content=\"article\" \/>\n<meta property=\"og:title\" content=\"Redondela demanda \u00e1 Xunta unha soluci\u00f3n \u201curxente\u201d aos graves problemas dos centros educativos do municipio -\" \/>\n<meta property=\"og:description\" content=\"O Concello denuncia a grave situaci\u00f3n dos centros de ensino p\u00fablico de Redondela. Hai casos como o tellado do CEIP Laredo, con risco de desprendemento, falta de calefacci\u00f3n no IES Floriani e CEIP Outeiro das Penas, as\u00ed como problemas estruturais na fachada, muro e escaleira do CEP Santa Mari\u00f1a, entre outras deficiencias [...]\" \/>\n<meta property=\"og:url\" content=\"https:\/\/www.anovapeneira.gal\/index.php\/2026\/01\/26\/redondela-demanda-a-xunta-unha-solucion-urxente-aos-graves-problemas-dos-centros-educativos-do-municipio\/\" \/>\n<meta property=\"article:publisher\" content=\"https:\/\/www.facebook.com\/anovapeneira\" \/>\n<meta property=\"article:published_time\" content=\"2026-01-26T09:00:57+00:00\" \/>\n<meta property=\"og:image\" content=\"https:\/\/www.anovapeneira.gal\/wp-content\/uploads\/2026\/01\/seguridade_Laredo.png\" \/>\n\t<meta property=\"og:image:width\" content=\"720\" \/>\n\t<meta property=\"og:image:height\" content=\"432\" \/>\n\t<meta property=\"og:image:type\" content=\"image\/png\" \/>\n<meta name=\"author\" content=\"Redacci\u00f3n A Nova Peneira\" \/>\n<meta name=\"twitter:card\" content=\"summary_large_image\" \/>\n<meta name=\"twitter:creator\" content=\"@APeneira\" \/>\n<meta name=\"twitter:site\" content=\"@APeneira\" \/>\n<meta name=\"twitter:label1\" content=\"Escrito por\" \/>\n\t<meta name=\"twitter:data1\" content=\"Redacci\u00f3n A Nova Peneira\" \/>\n\t<meta name=\"twitter:label2\" content=\"Tempo de lectura\" \/>\n\t<meta name=\"twitter:data2\" content=\"5 minutos\" \/>\n<script type=\"application\/ld+json\" class=\"yoast-schema-graph\">{\"@context\":\"https:\\\/\\\/schema.org\",\"@graph\":[{\"@type\":\"Article\",\"@id\":\"https:\\\/\\\/www.anovapeneira.gal\\\/index.php\\\/2026\\\/01\\\/26\\\/redondela-demanda-a-xunta-unha-solucion-urxente-aos-graves-problemas-dos-centros-educativos-do-municipio\\\/#article\",\"isPartOf\":{\"@id\":\"https:\\\/\\\/www.anovapeneira.gal\\\/index.php\\\/2026\\\/01\\\/26\\\/redondela-demanda-a-xunta-unha-solucion-urxente-aos-graves-problemas-dos-centros-educativos-do-municipio\\\/\"},\"author\":{\"name\":\"Redacci\u00f3n A Nova Peneira\",\"@id\":\"https:\\\/\\\/www.anovapeneira.gal\\\/#\\\/schema\\\/person\\\/b93e3f8932e3f8da96334607eb6ac6aa\"},\"headline\":\"Redondela demanda \u00e1 Xunta unha soluci\u00f3n \u201curxente\u201d aos graves problemas dos centros educativos do municipio\",\"datePublished\":\"2026-01-26T09:00:57+00:00\",\"mainEntityOfPage\":{\"@id\":\"https:\\\/\\\/www.anovapeneira.gal\\\/index.php\\\/2026\\\/01\\\/26\\\/redondela-demanda-a-xunta-unha-solucion-urxente-aos-graves-problemas-dos-centros-educativos-do-municipio\\\/\"},\"wordCount\":770,\"commentCount\":0,\"publisher\":{\"@id\":\"https:\\\/\\\/www.anovapeneira.gal\\\/#organization\"},\"image\":{\"@id\":\"https:\\\/\\\/www.anovapeneira.gal\\\/index.php\\\/2026\\\/01\\\/26\\\/redondela-demanda-a-xunta-unha-solucion-urxente-aos-graves-problemas-dos-centros-educativos-do-municipio\\\/#primaryimage\"},\"thumbnailUrl\":\"https:\\\/\\\/www.anovapeneira.gal\\\/wp-content\\\/uploads\\\/2026\\\/01\\\/seguridade_Laredo.png\",\"keywords\":[\"Concello de Redondela\"],\"articleSection\":[\"Redondela\"],\"inLanguage\":\"gl-ES\",\"potentialAction\":[{\"@type\":\"CommentAction\",\"name\":\"Comment\",\"target\":[\"https:\\\/\\\/www.anovapeneira.gal\\\/index.php\\\/2026\\\/01\\\/26\\\/redondela-demanda-a-xunta-unha-solucion-urxente-aos-graves-problemas-dos-centros-educativos-do-municipio\\\/#respond\"]}]},{\"@type\":\"WebPage\",\"@id\":\"https:\\\/\\\/www.anovapeneira.gal\\\/index.php\\\/2026\\\/01\\\/26\\\/redondela-demanda-a-xunta-unha-solucion-urxente-aos-graves-problemas-dos-centros-educativos-do-municipio\\\/\",\"url\":\"https:\\\/\\\/www.anovapeneira.gal\\\/index.php\\\/2026\\\/01\\\/26\\\/redondela-demanda-a-xunta-unha-solucion-urxente-aos-graves-problemas-dos-centros-educativos-do-municipio\\\/\",\"name\":\"Redondela demanda \u00e1 Xunta unha soluci\u00f3n \u201curxente\u201d aos graves problemas dos centros educativos do municipio -\",\"isPartOf\":{\"@id\":\"https:\\\/\\\/www.anovapeneira.gal\\\/#website\"},\"primaryImageOfPage\":{\"@id\":\"https:\\\/\\\/www.anovapeneira.gal\\\/index.php\\\/2026\\\/01\\\/26\\\/redondela-demanda-a-xunta-unha-solucion-urxente-aos-graves-problemas-dos-centros-educativos-do-municipio\\\/#primaryimage\"},\"image\":{\"@id\":\"https:\\\/\\\/www.anovapeneira.gal\\\/index.php\\\/2026\\\/01\\\/26\\\/redondela-demanda-a-xunta-unha-solucion-urxente-aos-graves-problemas-dos-centros-educativos-do-municipio\\\/#primaryimage\"},\"thumbnailUrl\":\"https:\\\/\\\/www.anovapeneira.gal\\\/wp-content\\\/uploads\\\/2026\\\/01\\\/seguridade_Laredo.png\",\"datePublished\":\"2026-01-26T09:00:57+00:00\",\"breadcrumb\":{\"@id\":\"https:\\\/\\\/www.anovapeneira.gal\\\/index.php\\\/2026\\\/01\\\/26\\\/redondela-demanda-a-xunta-unha-solucion-urxente-aos-graves-problemas-dos-centros-educativos-do-municipio\\\/#breadcrumb\"},\"inLanguage\":\"gl-ES\",\"potentialAction\":[{\"@type\":\"ReadAction\",\"target\":[\"https:\\\/\\\/www.anovapeneira.gal\\\/index.php\\\/2026\\\/01\\\/26\\\/redondela-demanda-a-xunta-unha-solucion-urxente-aos-graves-problemas-dos-centros-educativos-do-municipio\\\/\"]}]},{\"@type\":\"ImageObject\",\"inLanguage\":\"gl-ES\",\"@id\":\"https:\\\/\\\/www.anovapeneira.gal\\\/index.php\\\/2026\\\/01\\\/26\\\/redondela-demanda-a-xunta-unha-solucion-urxente-aos-graves-problemas-dos-centros-educativos-do-municipio\\\/#primaryimage\",\"url\":\"https:\\\/\\\/www.anovapeneira.gal\\\/wp-content\\\/uploads\\\/2026\\\/01\\\/seguridade_Laredo.png\",\"contentUrl\":\"https:\\\/\\\/www.anovapeneira.gal\\\/wp-content\\\/uploads\\\/2026\\\/01\\\/seguridade_Laredo.png\",\"width\":720,\"height\":432},{\"@type\":\"BreadcrumbList\",\"@id\":\"https:\\\/\\\/www.anovapeneira.gal\\\/index.php\\\/2026\\\/01\\\/26\\\/redondela-demanda-a-xunta-unha-solucion-urxente-aos-graves-problemas-dos-centros-educativos-do-municipio\\\/#breadcrumb\",\"itemListElement\":[{\"@type\":\"ListItem\",\"position\":1,\"name\":\"Portada\",\"item\":\"https:\\\/\\\/www.anovapeneira.gal\\\/\"},{\"@type\":\"ListItem\",\"position\":2,\"name\":\"Redondela demanda \u00e1 Xunta unha soluci\u00f3n \u201curxente\u201d aos graves problemas dos centros educativos do municipio\"}]},{\"@type\":\"WebSite\",\"@id\":\"https:\\\/\\\/www.anovapeneira.gal\\\/#website\",\"url\":\"https:\\\/\\\/www.anovapeneira.gal\\\/\",\"name\":\"\",\"description\":\"Xornal galego de informaci\u00f3n xeral Publicaci\u00f3n mensual de novas de Galicia e en especial dos Concellos da sur da provincia de Pontevedra.\",\"publisher\":{\"@id\":\"https:\\\/\\\/www.anovapeneira.gal\\\/#organization\"},\"potentialAction\":[{\"@type\":\"SearchAction\",\"target\":{\"@type\":\"EntryPoint\",\"urlTemplate\":\"https:\\\/\\\/www.anovapeneira.gal\\\/?s={search_term_string}\"},\"query-input\":{\"@type\":\"PropertyValueSpecification\",\"valueRequired\":true,\"valueName\":\"search_term_string\"}}],\"inLanguage\":\"gl-ES\"},{\"@type\":\"Organization\",\"@id\":\"https:\\\/\\\/www.anovapeneira.gal\\\/#organization\",\"name\":\"A Nova Peneira\",\"url\":\"https:\\\/\\\/www.anovapeneira.gal\\\/\",\"logo\":{\"@type\":\"ImageObject\",\"inLanguage\":\"gl-ES\",\"@id\":\"https:\\\/\\\/www.anovapeneira.gal\\\/#\\\/schema\\\/logo\\\/image\\\/\",\"url\":\"http:\\\/\\\/www.anovapeneira.gal\\\/wp-content\\\/uploads\\\/2019\\\/06\\\/logo_a_nova_peneira_portal_web.png\",\"contentUrl\":\"http:\\\/\\\/www.anovapeneira.gal\\\/wp-content\\\/uploads\\\/2019\\\/06\\\/logo_a_nova_peneira_portal_web.png\",\"width\":300,\"height\":100,\"caption\":\"A Nova Peneira\"},\"image\":{\"@id\":\"https:\\\/\\\/www.anovapeneira.gal\\\/#\\\/schema\\\/logo\\\/image\\\/\"},\"sameAs\":[\"https:\\\/\\\/www.facebook.com\\\/anovapeneira\",\"https:\\\/\\\/x.com\\\/APeneira\"]},{\"@type\":\"Person\",\"@id\":\"https:\\\/\\\/www.anovapeneira.gal\\\/#\\\/schema\\\/person\\\/b93e3f8932e3f8da96334607eb6ac6aa\",\"name\":\"Redacci\u00f3n A Nova Peneira\",\"image\":{\"@type\":\"ImageObject\",\"inLanguage\":\"gl-ES\",\"@id\":\"https:\\\/\\\/secure.gravatar.com\\\/avatar\\\/c052a2551a06e23fac63626232eaa90abd78dbcf1700fc46a2b2c89fd27b735f?s=96&d=mm&r=g\",\"url\":\"https:\\\/\\\/secure.gravatar.com\\\/avatar\\\/c052a2551a06e23fac63626232eaa90abd78dbcf1700fc46a2b2c89fd27b735f?s=96&d=mm&r=g\",\"contentUrl\":\"https:\\\/\\\/secure.gravatar.com\\\/avatar\\\/c052a2551a06e23fac63626232eaa90abd78dbcf1700fc46a2b2c89fd27b735f?s=96&d=mm&r=g\",\"caption\":\"Redacci\u00f3n A Nova Peneira\"},\"sameAs\":[\"http:\\\/\\\/www.anovapeneira.gal\\\/\"],\"url\":\"https:\\\/\\\/www.anovapeneira.gal\\\/index.php\\\/author\\\/redactor\\\/\"}]}<\/script>\n<!-- \/ Yoast SEO plugin. -->","yoast_head_json":{"title":"Redondela demanda \u00e1 Xunta unha soluci\u00f3n \u201curxente\u201d aos graves problemas dos centros educativos do municipio -","robots":{"index":"index","follow":"follow","max-snippet":"max-snippet:-1","max-image-preview":"max-image-preview:large","max-video-preview":"max-video-preview:-1"},"canonical":"https:\/\/www.anovapeneira.gal\/index.php\/2026\/01\/26\/redondela-demanda-a-xunta-unha-solucion-urxente-aos-graves-problemas-dos-centros-educativos-do-municipio\/","og_locale":"gl_ES","og_type":"article","og_title":"Redondela demanda \u00e1 Xunta unha soluci\u00f3n \u201curxente\u201d aos graves problemas dos centros educativos do municipio -","og_description":"O Concello denuncia a grave situaci\u00f3n dos centros de ensino p\u00fablico de Redondela. Hai casos como o tellado do CEIP Laredo, con risco de desprendemento, falta de calefacci\u00f3n no IES Floriani e CEIP Outeiro das Penas, as\u00ed como problemas estruturais na fachada, muro e escaleira do CEP Santa Mari\u00f1a, entre outras deficiencias [...]","og_url":"https:\/\/www.anovapeneira.gal\/index.php\/2026\/01\/26\/redondela-demanda-a-xunta-unha-solucion-urxente-aos-graves-problemas-dos-centros-educativos-do-municipio\/","article_publisher":"https:\/\/www.facebook.com\/anovapeneira","article_published_time":"2026-01-26T09:00:57+00:00","og_image":[{"width":720,"height":432,"url":"https:\/\/www.anovapeneira.gal\/wp-content\/uploads\/2026\/01\/seguridade_Laredo.png","type":"image\/png"}],"author":"Redacci\u00f3n A Nova Peneira","twitter_card":"summary_large_image","twitter_creator":"@APeneira","twitter_site":"@APeneira","twitter_misc":{"Escrito por":"Redacci\u00f3n A Nova Peneira","Tempo de lectura":"5 minutos"},"schema":{"@context":"https:\/\/schema.org","@graph":[{"@type":"Article","@id":"https:\/\/www.anovapeneira.gal\/index.php\/2026\/01\/26\/redondela-demanda-a-xunta-unha-solucion-urxente-aos-graves-problemas-dos-centros-educativos-do-municipio\/#article","isPartOf":{"@id":"https:\/\/www.anovapeneira.gal\/index.php\/2026\/01\/26\/redondela-demanda-a-xunta-unha-solucion-urxente-aos-graves-problemas-dos-centros-educativos-do-municipio\/"},"author":{"name":"Redacci\u00f3n A Nova Peneira","@id":"https:\/\/www.anovapeneira.gal\/#\/schema\/person\/b93e3f8932e3f8da96334607eb6ac6aa"},"headline":"Redondela demanda \u00e1 Xunta unha soluci\u00f3n \u201curxente\u201d aos graves problemas dos centros educativos do municipio","datePublished":"2026-01-26T09:00:57+00:00","mainEntityOfPage":{"@id":"https:\/\/www.anovapeneira.gal\/index.php\/2026\/01\/26\/redondela-demanda-a-xunta-unha-solucion-urxente-aos-graves-problemas-dos-centros-educativos-do-municipio\/"},"wordCount":770,"commentCount":0,"publisher":{"@id":"https:\/\/www.anovapeneira.gal\/#organization"},"image":{"@id":"https:\/\/www.anovapeneira.gal\/index.php\/2026\/01\/26\/redondela-demanda-a-xunta-unha-solucion-urxente-aos-graves-problemas-dos-centros-educativos-do-municipio\/#primaryimage"},"thumbnailUrl":"https:\/\/www.anovapeneira.gal\/wp-content\/uploads\/2026\/01\/seguridade_Laredo.png","keywords":["Concello de Redondela"],"articleSection":["Redondela"],"inLanguage":"gl-ES","potentialAction":[{"@type":"CommentAction","name":"Comment","target":["https:\/\/www.anovapeneira.gal\/index.php\/2026\/01\/26\/redondela-demanda-a-xunta-unha-solucion-urxente-aos-graves-problemas-dos-centros-educativos-do-municipio\/#respond"]}]},{"@type":"WebPage","@id":"https:\/\/www.anovapeneira.gal\/index.php\/2026\/01\/26\/redondela-demanda-a-xunta-unha-solucion-urxente-aos-graves-problemas-dos-centros-educativos-do-municipio\/","url":"https:\/\/www.anovapeneira.gal\/index.php\/2026\/01\/26\/redondela-demanda-a-xunta-unha-solucion-urxente-aos-graves-problemas-dos-centros-educativos-do-municipio\/","name":"Redondela demanda \u00e1 Xunta unha soluci\u00f3n \u201curxente\u201d aos graves problemas dos centros educativos do municipio -","isPartOf":{"@id":"https:\/\/www.anovapeneira.gal\/#website"},"primaryImageOfPage":{"@id":"https:\/\/www.anovapeneira.gal\/index.php\/2026\/01\/26\/redondela-demanda-a-xunta-unha-solucion-urxente-aos-graves-problemas-dos-centros-educativos-do-municipio\/#primaryimage"},"image":{"@id":"https:\/\/www.anovapeneira.gal\/index.php\/2026\/01\/26\/redondela-demanda-a-xunta-unha-solucion-urxente-aos-graves-problemas-dos-centros-educativos-do-municipio\/#primaryimage"},"thumbnailUrl":"https:\/\/www.anovapeneira.gal\/wp-content\/uploads\/2026\/01\/seguridade_Laredo.png","datePublished":"2026-01-26T09:00:57+00:00","breadcrumb":{"@id":"https:\/\/www.anovapeneira.gal\/index.php\/2026\/01\/26\/redondela-demanda-a-xunta-unha-solucion-urxente-aos-graves-problemas-dos-centros-educativos-do-municipio\/#breadcrumb"},"inLanguage":"gl-ES","potentialAction":[{"@type":"ReadAction","target":["https:\/\/www.anovapeneira.gal\/index.php\/2026\/01\/26\/redondela-demanda-a-xunta-unha-solucion-urxente-aos-graves-problemas-dos-centros-educativos-do-municipio\/"]}]},{"@type":"ImageObject","inLanguage":"gl-ES","@id":"https:\/\/www.anovapeneira.gal\/index.php\/2026\/01\/26\/redondela-demanda-a-xunta-unha-solucion-urxente-aos-graves-problemas-dos-centros-educativos-do-municipio\/#primaryimage","url":"https:\/\/www.anovapeneira.gal\/wp-content\/uploads\/2026\/01\/seguridade_Laredo.png","contentUrl":"https:\/\/www.anovapeneira.gal\/wp-content\/uploads\/2026\/01\/seguridade_Laredo.png","width":720,"height":432},{"@type":"BreadcrumbList","@id":"https:\/\/www.anovapeneira.gal\/index.php\/2026\/01\/26\/redondela-demanda-a-xunta-unha-solucion-urxente-aos-graves-problemas-dos-centros-educativos-do-municipio\/#breadcrumb","itemListElement":[{"@type":"ListItem","position":1,"name":"Portada","item":"https:\/\/www.anovapeneira.gal\/"},{"@type":"ListItem","position":2,"name":"Redondela demanda \u00e1 Xunta unha soluci\u00f3n \u201curxente\u201d aos graves problemas dos centros educativos do municipio"}]},{"@type":"WebSite","@id":"https:\/\/www.anovapeneira.gal\/#website","url":"https:\/\/www.anovapeneira.gal\/","name":"","description":"Xornal galego de informaci\u00f3n xeral Publicaci\u00f3n mensual de novas de Galicia e en especial dos Concellos da sur da provincia de Pontevedra.","publisher":{"@id":"https:\/\/www.anovapeneira.gal\/#organization"},"potentialAction":[{"@type":"SearchAction","target":{"@type":"EntryPoint","urlTemplate":"https:\/\/www.anovapeneira.gal\/?s={search_term_string}"},"query-input":{"@type":"PropertyValueSpecification","valueRequired":true,"valueName":"search_term_string"}}],"inLanguage":"gl-ES"},{"@type":"Organization","@id":"https:\/\/www.anovapeneira.gal\/#organization","name":"A Nova Peneira","url":"https:\/\/www.anovapeneira.gal\/","logo":{"@type":"ImageObject","inLanguage":"gl-ES","@id":"https:\/\/www.anovapeneira.gal\/#\/schema\/logo\/image\/","url":"http:\/\/www.anovapeneira.gal\/wp-content\/uploads\/2019\/06\/logo_a_nova_peneira_portal_web.png","contentUrl":"http:\/\/www.anovapeneira.gal\/wp-content\/uploads\/2019\/06\/logo_a_nova_peneira_portal_web.png","width":300,"height":100,"caption":"A Nova Peneira"},"image":{"@id":"https:\/\/www.anovapeneira.gal\/#\/schema\/logo\/image\/"},"sameAs":["https:\/\/www.facebook.com\/anovapeneira","https:\/\/x.com\/APeneira"]},{"@type":"Person","@id":"https:\/\/www.anovapeneira.gal\/#\/schema\/person\/b93e3f8932e3f8da96334607eb6ac6aa","name":"Redacci\u00f3n A Nova Peneira","image":{"@type":"ImageObject","inLanguage":"gl-ES","@id":"https:\/\/secure.gravatar.com\/avatar\/c052a2551a06e23fac63626232eaa90abd78dbcf1700fc46a2b2c89fd27b735f?s=96&d=mm&r=g","url":"https:\/\/secure.gravatar.com\/avatar\/c052a2551a06e23fac63626232eaa90abd78dbcf1700fc46a2b2c89fd27b735f?s=96&d=mm&r=g","contentUrl":"https:\/\/secure.gravatar.com\/avatar\/c052a2551a06e23fac63626232eaa90abd78dbcf1700fc46a2b2c89fd27b735f?s=96&d=mm&r=g","caption":"Redacci\u00f3n A Nova Peneira"},"sameAs":["http:\/\/www.anovapeneira.gal\/"],"url":"https:\/\/www.anovapeneira.gal\/index.php\/author\/redactor\/"}]}},"jetpack_featured_media_url":"https:\/\/www.anovapeneira.gal\/wp-content\/uploads\/2026\/01\/seguridade_Laredo.png","_links":{"self":[{"href":"https:\/\/www.anovapeneira.gal\/index.php\/wp-json\/wp\/v2\/posts\/15253","targetHints":{"allow":["GET"]}}],"collection":[{"href":"https:\/\/www.anovapeneira.gal\/index.php\/wp-json\/wp\/v2\/posts"}],"about":[{"href":"https:\/\/www.anovapeneira.gal\/index.php\/wp-json\/wp\/v2\/types\/post"}],"author":[{"embeddable":true,"href":"https:\/\/www.anovapeneira.gal\/index.php\/wp-json\/wp\/v2\/users\/3"}],"replies":[{"embeddable":true,"href":"https:\/\/www.anovapeneira.gal\/index.php\/wp-json\/wp\/v2\/comments?post=15253"}],"version-history":[{"count":1,"href":"https:\/\/www.anovapeneira.gal\/index.php\/wp-json\/wp\/v2\/posts\/15253\/revisions"}],"predecessor-version":[{"id":15255,"href":"https:\/\/www.anovapeneira.gal\/index.php\/wp-json\/wp\/v2\/posts\/15253\/revisions\/15255"}],"wp:featuredmedia":[{"embeddable":true,"href":"https:\/\/www.anovapeneira.gal\/index.php\/wp-json\/wp\/v2\/media\/15254"}],"wp:attachment":[{"href":"https:\/\/www.anovapeneira.gal\/index.php\/wp-json\/wp\/v2\/media?parent=15253"}],"wp:term":[{"taxonomy":"category","embeddable":true,"href":"https:\/\/www.anovapeneira.gal\/index.php\/wp-json\/wp\/v2\/categories?post=15253"},{"taxonomy":"post_tag","embeddable":true,"href":"https:\/\/www.anovapeneira.gal\/index.php\/wp-json\/wp\/v2\/tags?post=15253"}],"curies":[{"name":"wp","href":"https:\/\/api.w.org\/{rel}","templated":true}]}}