{"id":15265,"date":"2026-01-28T10:00:42","date_gmt":"2026-01-28T09:00:42","guid":{"rendered":"https:\/\/www.anovapeneira.gal\/?p=15265"},"modified":"2026-01-26T11:29:04","modified_gmt":"2026-01-26T10:29:04","slug":"menos-fracking-e-mais-franklin","status":"publish","type":"post","link":"https:\/\/www.anovapeneira.gal\/index.php\/2026\/01\/28\/menos-fracking-e-mais-franklin\/","title":{"rendered":"Menos fracking e m\u00e1is Franklin"},"content":{"rendered":"\n<pre class=\"wp-block-verse\">Oliver \u00c1varez Barranco<\/pre>\n\n\n\n<p><strong>Da xeopol\u00edtica \u00e1 micropol\u00edtica: a democracia constr\u00faese desde dentro.<\/strong><\/p>\n\n\n\n<p>Este 2026 comezou axitado e semella que a axenda global volta a xirar ao ritmo das decisi\u00f3ns marcadas polos Estados Unidos. A intervenci\u00f3n en Venezuela, as ameazas sobre Groenlandia e a s\u00faa ambici\u00f3n declarada de dominar o hemisferio occidental, ao abeiro da <em>Estratexia de Seguridade Nacional 2025<\/em>, debuxan un panorama desacougante. O dereito internacional, que at\u00e9 agora regulaba as relaci\u00f3ns entre Estados, parece ter sido relegado a un segundo plano. A nova regra que rexe a orde internacional \u00e9, paradoxicamente, que xa non hai regras.<\/p>\n\n\n\n<p>No medio desta axitaci\u00f3n global, talvez estexamos ollando na direcci\u00f3n errada. Obsesi\u00f3nanos o \u201cf\u00f3ra\u201d: cal ser\u00e1 o seguinte obxectivo do Presidente Trump; cal ser\u00e1 a resposta de China ou de Rusia; que acontecer\u00e1 neste novo desorde internacional\u2026 D\u00e1 a impresi\u00f3n de que a escena mundial fose un espect\u00e1culo aut\u00f3nomo e alleo.<\/p>\n\n\n\n<p>Por\u00e9n, o decisivo est\u00e1 \u201cdentro\u201d: no baleirado da democracia como forma hist\u00f3rica, na conversi\u00f3n do <em>demos<\/em> en p\u00fablico e na construci\u00f3n dunha cidadan\u00eda espectadora que s\u00f3 asiste aos acontecementos. Mirar cara ao exterior tranquiliza; mirar cara ao interior obr\u00edganos a politizar a vida coti\u00e1 e as s\u00faas instituci\u00f3ns.<\/p>\n\n\n\n<p>De a\u00ed a necesidade de perforar \u2014\u201c<em>Drill, baby, drill<\/em>\u201d\u2014 pero non a cortiza terrestre na procura de recursos naturais, sen\u00f3n os alicerces dos nosos sistemas para constru\u00edr democracia. Debemos preguntarnos: quen vela hoxe pola democracia?, quen protexe os valores republic\u00e1ns?.<\/p>\n\n\n\n<p>Os ideais de liberdade, igualdade e desenvolvimento asociados pela democracia liberal \u00e1 econom\u00eda e ao comercio internacionais funcionaron como unha ideolox\u00eda que promet\u00eda harmon\u00eda e prosperidade global. Na pr\u00e1ctica, con todo, a mi\u00fado serviron para desactivar o conflito social, despolitizar a poboaci\u00f3n e neutralizar o <em>demos<\/em>. A cidadan\u00eda, neste proceso, converteuse nunha mera comunidade de consumidores, allea ao conflito \u2014motor de toda vida democr\u00e1tica\u2014 e sen capacidade cr\u00edtica nin responsabilidade democr\u00e1tica.<\/p>\n\n\n\n<p>A cuesti\u00f3n afecta de cheo aos Estados Unidos nestes d\u00edas: onde est\u00e1n os dem\u00f3cratas no sentido m\u00e1is c\u00edvico do termo?, onde est\u00e1n as instituci\u00f3ns federais que deber\u00edan actuar como contrapeso ante a deriva personalista e expansionista do seu Presidente? A poboaci\u00f3n estadounidenses non deber\u00eda estar tan preocupada por teren visto erosionada a s\u00faa centralidade econ\u00f3mica, financeira e pol\u00edtica a nivel global, sen\u00f3n polo gran deterioro da lexitimidade interna do seu propio r\u00e9xime.<\/p>\n\n\n\n<p>O trumpismo demostrou ser moi eficaz identificando fendas, tensi\u00f3ns e resentimentos para dividir e polarizar a poboaci\u00f3n. Practicou un aut\u00e9ntico fracking pol\u00edtico, perforando cada vea de confrontaci\u00f3n para extraer combust\u00edbel partidista ao prezo de erosionar o sistema institucional. A s\u00faa eficacia non se limita a esa explotaci\u00f3n do conflito, ademais, foi quen de dotar dunha identidade pol\u00edtica, emocional e case tribal a un amplo sector da cidadan\u00eda estadounidense precarizada aos que non invita a cuestionar as estruturas que producen a s\u00faa precariedade, sen\u00f3n a actuar contra inimigos imaxinarios.<\/p>\n\n\n\n<p>Sorprende, por iso, a timidez da r\u00e9plica por parte do propio pobo e das estruturas que historicamente sostiveron a Rep\u00fablica. Lembrando aquela resposta atribu\u00edda a Benjamin Franklin ao sa\u00edr da Convenci\u00f3n Constitucional \u201c<em>A republic, if you can keep it<\/em>.\u201d, non como un aceno \u00e1 orde liberal, mas como unha advertencia sobre a s\u00faa fraxilidade. Unha Rep\u00fablica s\u00f3 \u00e9 posible se se mant\u00e9n en tensi\u00f3n; \u00e9 un sistema vulner\u00e1bel que non se herda nin se presup\u00f3n: hai que coidalo e defendelo. Nese senso, require vixianza e pr\u00e1ctica constante. Os e as estadounidenses deber\u00edan deixar de perforar o terreo com\u00fan na procura de diferenzas identitarias e perforar para reabrir o conflito sobre o poder e o sentido do colectivo.<\/p>\n\n\n\n<p>De a\u00ed que tam\u00e9n sorprenda a pasividade da Corte Suprema, do Congreso e do Senado, dos que se agardar\u00edan respostas m\u00e1is contundentes, al\u00e9n da s\u00faa mera existencia para garantir o equilibrio. As universidades, os partidos e as asociaci\u00f3ns civ\u00eds, \u00bfnon te\u00f1en nada que dicir ante as ameazas ao orde constitucional e ao sistema internacional? Semella como se xa cedesen demasiado terreo \u00e1 l\u00f3xica da xesti\u00f3n desde unha neutralidade que preserva o statu quo. O problema talvez non sexa a falta de voces, sen\u00f3n a falta de capacidade de organizaci\u00f3n de resposta.<\/p>\n\n\n\n<p>Na s\u00faa obra <em>A democracia en Am\u00e9rica<\/em>, Alexis de Tocqueville confiaba en que o asociacionismo, a cidadan\u00eda activa e a descentralizaci\u00f3n do poder eran capaces de frear a inxustiza. Observaba como a propensi\u00f3n ao conformismo e a posibilidade dunha tiran\u00eda da maior\u00eda eran s\u00edntomas da fraxilidade do sistema e viu no asociacionismo un ant\u00eddoto parcial. Hoxe cabe preguntarse se ese impulso asociativo segue vivo, se queda algo dese \u201cN\u00f3s, o Pobo\u201d que abre a Constituci\u00f3n de 1787.<\/p>\n\n\n\n<p>Para que este chamado a \u201crepolitizar\u201d te\u00f1a v\u00edas claras, \u00e9 preciso revitalizar o asociacionismo local para reconstru\u00edr o tecido social desde a base; esixir transparencia e control institucional que obrigue \u00e1 rendici\u00f3n de contas, e recuperar a educaci\u00f3n c\u00edvica cr\u00edtica que devolva \u00e1 ciudadan\u00eda a s\u00faa capacidade de an\u00e1lise fronte ao espect\u00e1culo.<\/p>\n\n\n\n<p>Franklin e Tocqueville coinciden en que a democracia non se proclama, pract\u00edcase. Fronte ao fracking pol\u00edtico que erosiona las instituciones, precisamos menos perforaci\u00f3n e m\u00e1is traballo c\u00edvico. Menos fracking e m\u00e1is Franklin.<\/p>\n\n\n\n<p><\/p>\n","protected":false},"excerpt":{"rendered":"<div class=\"mh-excerpt\"><p>Este 2026 comezou axitado e semella que a axenda global volta a xirar ao ritmo das decisi\u00f3ns marcadas polos Estados Unidos <a class=\"mh-excerpt-more\" href=\"https:\/\/www.anovapeneira.gal\/index.php\/2026\/01\/28\/menos-fracking-e-mais-franklin\/\" title=\"Menos fracking e m\u00e1is Franklin\">[&#8230;]<\/a><\/p>\n<\/div>","protected":false},"author":12,"featured_media":15266,"comment_status":"open","ping_status":"open","sticky":false,"template":"","format":"standard","meta":{"_exactmetrics_skip_tracking":false,"_exactmetrics_sitenote_active":false,"_exactmetrics_sitenote_note":"","_exactmetrics_sitenote_category":0,"footnotes":""},"categories":[7],"tags":[1473],"class_list":{"0":"post-15265","1":"post","2":"type-post","3":"status-publish","4":"format-standard","5":"has-post-thumbnail","7":"category-artigos-de-opinion","8":"tag-oliver-avarez-barranco"},"yoast_head":"<!-- This site is optimized with the Yoast SEO plugin v27.4 - https:\/\/yoast.com\/product\/yoast-seo-wordpress\/ -->\n<title>Menos fracking e m\u00e1is Franklin -<\/title>\n<meta name=\"robots\" content=\"index, follow, max-snippet:-1, max-image-preview:large, max-video-preview:-1\" \/>\n<link rel=\"canonical\" href=\"https:\/\/www.anovapeneira.gal\/index.php\/2026\/01\/28\/menos-fracking-e-mais-franklin\/\" \/>\n<meta property=\"og:locale\" content=\"gl_ES\" \/>\n<meta property=\"og:type\" content=\"article\" \/>\n<meta property=\"og:title\" content=\"Menos fracking e m\u00e1is Franklin -\" \/>\n<meta property=\"og:description\" content=\"Este 2026 comezou axitado e semella que a axenda global volta a xirar ao ritmo das decisi\u00f3ns marcadas polos Estados Unidos [...]\" \/>\n<meta property=\"og:url\" content=\"https:\/\/www.anovapeneira.gal\/index.php\/2026\/01\/28\/menos-fracking-e-mais-franklin\/\" \/>\n<meta property=\"article:publisher\" content=\"https:\/\/www.facebook.com\/anovapeneira\" \/>\n<meta property=\"article:published_time\" content=\"2026-01-28T09:00:42+00:00\" \/>\n<meta property=\"og:image\" content=\"https:\/\/www.anovapeneira.gal\/wp-content\/uploads\/2026\/01\/Oliver_alvarez_Barranco.png\" \/>\n\t<meta property=\"og:image:width\" content=\"720\" \/>\n\t<meta property=\"og:image:height\" content=\"432\" \/>\n\t<meta property=\"og:image:type\" content=\"image\/png\" \/>\n<meta name=\"author\" content=\"Artigos Opini\u00f3n\" \/>\n<meta name=\"twitter:card\" content=\"summary_large_image\" \/>\n<meta name=\"twitter:creator\" content=\"@APeneira\" \/>\n<meta name=\"twitter:site\" content=\"@APeneira\" \/>\n<meta name=\"twitter:label1\" content=\"Escrito por\" \/>\n\t<meta name=\"twitter:data1\" content=\"Artigos Opini\u00f3n\" \/>\n\t<meta name=\"twitter:label2\" content=\"Tempo de lectura\" \/>\n\t<meta name=\"twitter:data2\" content=\"5 minutos\" \/>\n<script type=\"application\/ld+json\" class=\"yoast-schema-graph\">{\"@context\":\"https:\\\/\\\/schema.org\",\"@graph\":[{\"@type\":\"Article\",\"@id\":\"https:\\\/\\\/www.anovapeneira.gal\\\/index.php\\\/2026\\\/01\\\/28\\\/menos-fracking-e-mais-franklin\\\/#article\",\"isPartOf\":{\"@id\":\"https:\\\/\\\/www.anovapeneira.gal\\\/index.php\\\/2026\\\/01\\\/28\\\/menos-fracking-e-mais-franklin\\\/\"},\"author\":{\"name\":\"Artigos Opini\u00f3n\",\"@id\":\"https:\\\/\\\/www.anovapeneira.gal\\\/#\\\/schema\\\/person\\\/f18a4feb302e8f20bcef4490b5b60bb3\"},\"headline\":\"Menos fracking e m\u00e1is Franklin\",\"datePublished\":\"2026-01-28T09:00:42+00:00\",\"mainEntityOfPage\":{\"@id\":\"https:\\\/\\\/www.anovapeneira.gal\\\/index.php\\\/2026\\\/01\\\/28\\\/menos-fracking-e-mais-franklin\\\/\"},\"wordCount\":946,\"commentCount\":0,\"publisher\":{\"@id\":\"https:\\\/\\\/www.anovapeneira.gal\\\/#organization\"},\"image\":{\"@id\":\"https:\\\/\\\/www.anovapeneira.gal\\\/index.php\\\/2026\\\/01\\\/28\\\/menos-fracking-e-mais-franklin\\\/#primaryimage\"},\"thumbnailUrl\":\"https:\\\/\\\/www.anovapeneira.gal\\\/wp-content\\\/uploads\\\/2026\\\/01\\\/Oliver_alvarez_Barranco.png\",\"keywords\":[\"Oliver \u00c1varez Barranco\"],\"articleSection\":[\"Artigos de opini\u00f3n\"],\"inLanguage\":\"gl-ES\",\"potentialAction\":[{\"@type\":\"CommentAction\",\"name\":\"Comment\",\"target\":[\"https:\\\/\\\/www.anovapeneira.gal\\\/index.php\\\/2026\\\/01\\\/28\\\/menos-fracking-e-mais-franklin\\\/#respond\"]}]},{\"@type\":\"WebPage\",\"@id\":\"https:\\\/\\\/www.anovapeneira.gal\\\/index.php\\\/2026\\\/01\\\/28\\\/menos-fracking-e-mais-franklin\\\/\",\"url\":\"https:\\\/\\\/www.anovapeneira.gal\\\/index.php\\\/2026\\\/01\\\/28\\\/menos-fracking-e-mais-franklin\\\/\",\"name\":\"Menos fracking e m\u00e1is Franklin -\",\"isPartOf\":{\"@id\":\"https:\\\/\\\/www.anovapeneira.gal\\\/#website\"},\"primaryImageOfPage\":{\"@id\":\"https:\\\/\\\/www.anovapeneira.gal\\\/index.php\\\/2026\\\/01\\\/28\\\/menos-fracking-e-mais-franklin\\\/#primaryimage\"},\"image\":{\"@id\":\"https:\\\/\\\/www.anovapeneira.gal\\\/index.php\\\/2026\\\/01\\\/28\\\/menos-fracking-e-mais-franklin\\\/#primaryimage\"},\"thumbnailUrl\":\"https:\\\/\\\/www.anovapeneira.gal\\\/wp-content\\\/uploads\\\/2026\\\/01\\\/Oliver_alvarez_Barranco.png\",\"datePublished\":\"2026-01-28T09:00:42+00:00\",\"breadcrumb\":{\"@id\":\"https:\\\/\\\/www.anovapeneira.gal\\\/index.php\\\/2026\\\/01\\\/28\\\/menos-fracking-e-mais-franklin\\\/#breadcrumb\"},\"inLanguage\":\"gl-ES\",\"potentialAction\":[{\"@type\":\"ReadAction\",\"target\":[\"https:\\\/\\\/www.anovapeneira.gal\\\/index.php\\\/2026\\\/01\\\/28\\\/menos-fracking-e-mais-franklin\\\/\"]}]},{\"@type\":\"ImageObject\",\"inLanguage\":\"gl-ES\",\"@id\":\"https:\\\/\\\/www.anovapeneira.gal\\\/index.php\\\/2026\\\/01\\\/28\\\/menos-fracking-e-mais-franklin\\\/#primaryimage\",\"url\":\"https:\\\/\\\/www.anovapeneira.gal\\\/wp-content\\\/uploads\\\/2026\\\/01\\\/Oliver_alvarez_Barranco.png\",\"contentUrl\":\"https:\\\/\\\/www.anovapeneira.gal\\\/wp-content\\\/uploads\\\/2026\\\/01\\\/Oliver_alvarez_Barranco.png\",\"width\":720,\"height\":432},{\"@type\":\"BreadcrumbList\",\"@id\":\"https:\\\/\\\/www.anovapeneira.gal\\\/index.php\\\/2026\\\/01\\\/28\\\/menos-fracking-e-mais-franklin\\\/#breadcrumb\",\"itemListElement\":[{\"@type\":\"ListItem\",\"position\":1,\"name\":\"Portada\",\"item\":\"https:\\\/\\\/www.anovapeneira.gal\\\/\"},{\"@type\":\"ListItem\",\"position\":2,\"name\":\"Menos fracking e m\u00e1is Franklin\"}]},{\"@type\":\"WebSite\",\"@id\":\"https:\\\/\\\/www.anovapeneira.gal\\\/#website\",\"url\":\"https:\\\/\\\/www.anovapeneira.gal\\\/\",\"name\":\"\",\"description\":\"Xornal galego de informaci\u00f3n xeral Publicaci\u00f3n mensual de novas de Galicia e en especial dos Concellos da sur da provincia de Pontevedra.\",\"publisher\":{\"@id\":\"https:\\\/\\\/www.anovapeneira.gal\\\/#organization\"},\"potentialAction\":[{\"@type\":\"SearchAction\",\"target\":{\"@type\":\"EntryPoint\",\"urlTemplate\":\"https:\\\/\\\/www.anovapeneira.gal\\\/?s={search_term_string}\"},\"query-input\":{\"@type\":\"PropertyValueSpecification\",\"valueRequired\":true,\"valueName\":\"search_term_string\"}}],\"inLanguage\":\"gl-ES\"},{\"@type\":\"Organization\",\"@id\":\"https:\\\/\\\/www.anovapeneira.gal\\\/#organization\",\"name\":\"A Nova Peneira\",\"url\":\"https:\\\/\\\/www.anovapeneira.gal\\\/\",\"logo\":{\"@type\":\"ImageObject\",\"inLanguage\":\"gl-ES\",\"@id\":\"https:\\\/\\\/www.anovapeneira.gal\\\/#\\\/schema\\\/logo\\\/image\\\/\",\"url\":\"http:\\\/\\\/www.anovapeneira.gal\\\/wp-content\\\/uploads\\\/2019\\\/06\\\/logo_a_nova_peneira_portal_web.png\",\"contentUrl\":\"http:\\\/\\\/www.anovapeneira.gal\\\/wp-content\\\/uploads\\\/2019\\\/06\\\/logo_a_nova_peneira_portal_web.png\",\"width\":300,\"height\":100,\"caption\":\"A Nova Peneira\"},\"image\":{\"@id\":\"https:\\\/\\\/www.anovapeneira.gal\\\/#\\\/schema\\\/logo\\\/image\\\/\"},\"sameAs\":[\"https:\\\/\\\/www.facebook.com\\\/anovapeneira\",\"https:\\\/\\\/x.com\\\/APeneira\"]},{\"@type\":\"Person\",\"@id\":\"https:\\\/\\\/www.anovapeneira.gal\\\/#\\\/schema\\\/person\\\/f18a4feb302e8f20bcef4490b5b60bb3\",\"name\":\"Artigos Opini\u00f3n\",\"image\":{\"@type\":\"ImageObject\",\"inLanguage\":\"gl-ES\",\"@id\":\"https:\\\/\\\/secure.gravatar.com\\\/avatar\\\/072844300f4881150aee2da4278f7a65d16eefdf8262eb67085f1e702de2b959?s=96&d=mm&r=g\",\"url\":\"https:\\\/\\\/secure.gravatar.com\\\/avatar\\\/072844300f4881150aee2da4278f7a65d16eefdf8262eb67085f1e702de2b959?s=96&d=mm&r=g\",\"contentUrl\":\"https:\\\/\\\/secure.gravatar.com\\\/avatar\\\/072844300f4881150aee2da4278f7a65d16eefdf8262eb67085f1e702de2b959?s=96&d=mm&r=g\",\"caption\":\"Artigos Opini\u00f3n\"},\"sameAs\":[\"http:\\\/\\\/anovapeneira.gal\"],\"url\":\"https:\\\/\\\/www.anovapeneira.gal\\\/index.php\\\/author\\\/artigosopinion\\\/\"}]}<\/script>\n<!-- \/ Yoast SEO plugin. -->","yoast_head_json":{"title":"Menos fracking e m\u00e1is Franklin -","robots":{"index":"index","follow":"follow","max-snippet":"max-snippet:-1","max-image-preview":"max-image-preview:large","max-video-preview":"max-video-preview:-1"},"canonical":"https:\/\/www.anovapeneira.gal\/index.php\/2026\/01\/28\/menos-fracking-e-mais-franklin\/","og_locale":"gl_ES","og_type":"article","og_title":"Menos fracking e m\u00e1is Franklin -","og_description":"Este 2026 comezou axitado e semella que a axenda global volta a xirar ao ritmo das decisi\u00f3ns marcadas polos Estados Unidos [...]","og_url":"https:\/\/www.anovapeneira.gal\/index.php\/2026\/01\/28\/menos-fracking-e-mais-franklin\/","article_publisher":"https:\/\/www.facebook.com\/anovapeneira","article_published_time":"2026-01-28T09:00:42+00:00","og_image":[{"width":720,"height":432,"url":"https:\/\/www.anovapeneira.gal\/wp-content\/uploads\/2026\/01\/Oliver_alvarez_Barranco.png","type":"image\/png"}],"author":"Artigos Opini\u00f3n","twitter_card":"summary_large_image","twitter_creator":"@APeneira","twitter_site":"@APeneira","twitter_misc":{"Escrito por":"Artigos Opini\u00f3n","Tempo de lectura":"5 minutos"},"schema":{"@context":"https:\/\/schema.org","@graph":[{"@type":"Article","@id":"https:\/\/www.anovapeneira.gal\/index.php\/2026\/01\/28\/menos-fracking-e-mais-franklin\/#article","isPartOf":{"@id":"https:\/\/www.anovapeneira.gal\/index.php\/2026\/01\/28\/menos-fracking-e-mais-franklin\/"},"author":{"name":"Artigos Opini\u00f3n","@id":"https:\/\/www.anovapeneira.gal\/#\/schema\/person\/f18a4feb302e8f20bcef4490b5b60bb3"},"headline":"Menos fracking e m\u00e1is Franklin","datePublished":"2026-01-28T09:00:42+00:00","mainEntityOfPage":{"@id":"https:\/\/www.anovapeneira.gal\/index.php\/2026\/01\/28\/menos-fracking-e-mais-franklin\/"},"wordCount":946,"commentCount":0,"publisher":{"@id":"https:\/\/www.anovapeneira.gal\/#organization"},"image":{"@id":"https:\/\/www.anovapeneira.gal\/index.php\/2026\/01\/28\/menos-fracking-e-mais-franklin\/#primaryimage"},"thumbnailUrl":"https:\/\/www.anovapeneira.gal\/wp-content\/uploads\/2026\/01\/Oliver_alvarez_Barranco.png","keywords":["Oliver \u00c1varez Barranco"],"articleSection":["Artigos de opini\u00f3n"],"inLanguage":"gl-ES","potentialAction":[{"@type":"CommentAction","name":"Comment","target":["https:\/\/www.anovapeneira.gal\/index.php\/2026\/01\/28\/menos-fracking-e-mais-franklin\/#respond"]}]},{"@type":"WebPage","@id":"https:\/\/www.anovapeneira.gal\/index.php\/2026\/01\/28\/menos-fracking-e-mais-franklin\/","url":"https:\/\/www.anovapeneira.gal\/index.php\/2026\/01\/28\/menos-fracking-e-mais-franklin\/","name":"Menos fracking e m\u00e1is Franklin -","isPartOf":{"@id":"https:\/\/www.anovapeneira.gal\/#website"},"primaryImageOfPage":{"@id":"https:\/\/www.anovapeneira.gal\/index.php\/2026\/01\/28\/menos-fracking-e-mais-franklin\/#primaryimage"},"image":{"@id":"https:\/\/www.anovapeneira.gal\/index.php\/2026\/01\/28\/menos-fracking-e-mais-franklin\/#primaryimage"},"thumbnailUrl":"https:\/\/www.anovapeneira.gal\/wp-content\/uploads\/2026\/01\/Oliver_alvarez_Barranco.png","datePublished":"2026-01-28T09:00:42+00:00","breadcrumb":{"@id":"https:\/\/www.anovapeneira.gal\/index.php\/2026\/01\/28\/menos-fracking-e-mais-franklin\/#breadcrumb"},"inLanguage":"gl-ES","potentialAction":[{"@type":"ReadAction","target":["https:\/\/www.anovapeneira.gal\/index.php\/2026\/01\/28\/menos-fracking-e-mais-franklin\/"]}]},{"@type":"ImageObject","inLanguage":"gl-ES","@id":"https:\/\/www.anovapeneira.gal\/index.php\/2026\/01\/28\/menos-fracking-e-mais-franklin\/#primaryimage","url":"https:\/\/www.anovapeneira.gal\/wp-content\/uploads\/2026\/01\/Oliver_alvarez_Barranco.png","contentUrl":"https:\/\/www.anovapeneira.gal\/wp-content\/uploads\/2026\/01\/Oliver_alvarez_Barranco.png","width":720,"height":432},{"@type":"BreadcrumbList","@id":"https:\/\/www.anovapeneira.gal\/index.php\/2026\/01\/28\/menos-fracking-e-mais-franklin\/#breadcrumb","itemListElement":[{"@type":"ListItem","position":1,"name":"Portada","item":"https:\/\/www.anovapeneira.gal\/"},{"@type":"ListItem","position":2,"name":"Menos fracking e m\u00e1is Franklin"}]},{"@type":"WebSite","@id":"https:\/\/www.anovapeneira.gal\/#website","url":"https:\/\/www.anovapeneira.gal\/","name":"","description":"Xornal galego de informaci\u00f3n xeral Publicaci\u00f3n mensual de novas de Galicia e en especial dos Concellos da sur da provincia de Pontevedra.","publisher":{"@id":"https:\/\/www.anovapeneira.gal\/#organization"},"potentialAction":[{"@type":"SearchAction","target":{"@type":"EntryPoint","urlTemplate":"https:\/\/www.anovapeneira.gal\/?s={search_term_string}"},"query-input":{"@type":"PropertyValueSpecification","valueRequired":true,"valueName":"search_term_string"}}],"inLanguage":"gl-ES"},{"@type":"Organization","@id":"https:\/\/www.anovapeneira.gal\/#organization","name":"A Nova Peneira","url":"https:\/\/www.anovapeneira.gal\/","logo":{"@type":"ImageObject","inLanguage":"gl-ES","@id":"https:\/\/www.anovapeneira.gal\/#\/schema\/logo\/image\/","url":"http:\/\/www.anovapeneira.gal\/wp-content\/uploads\/2019\/06\/logo_a_nova_peneira_portal_web.png","contentUrl":"http:\/\/www.anovapeneira.gal\/wp-content\/uploads\/2019\/06\/logo_a_nova_peneira_portal_web.png","width":300,"height":100,"caption":"A Nova Peneira"},"image":{"@id":"https:\/\/www.anovapeneira.gal\/#\/schema\/logo\/image\/"},"sameAs":["https:\/\/www.facebook.com\/anovapeneira","https:\/\/x.com\/APeneira"]},{"@type":"Person","@id":"https:\/\/www.anovapeneira.gal\/#\/schema\/person\/f18a4feb302e8f20bcef4490b5b60bb3","name":"Artigos Opini\u00f3n","image":{"@type":"ImageObject","inLanguage":"gl-ES","@id":"https:\/\/secure.gravatar.com\/avatar\/072844300f4881150aee2da4278f7a65d16eefdf8262eb67085f1e702de2b959?s=96&d=mm&r=g","url":"https:\/\/secure.gravatar.com\/avatar\/072844300f4881150aee2da4278f7a65d16eefdf8262eb67085f1e702de2b959?s=96&d=mm&r=g","contentUrl":"https:\/\/secure.gravatar.com\/avatar\/072844300f4881150aee2da4278f7a65d16eefdf8262eb67085f1e702de2b959?s=96&d=mm&r=g","caption":"Artigos Opini\u00f3n"},"sameAs":["http:\/\/anovapeneira.gal"],"url":"https:\/\/www.anovapeneira.gal\/index.php\/author\/artigosopinion\/"}]}},"jetpack_featured_media_url":"https:\/\/www.anovapeneira.gal\/wp-content\/uploads\/2026\/01\/Oliver_alvarez_Barranco.png","_links":{"self":[{"href":"https:\/\/www.anovapeneira.gal\/index.php\/wp-json\/wp\/v2\/posts\/15265","targetHints":{"allow":["GET"]}}],"collection":[{"href":"https:\/\/www.anovapeneira.gal\/index.php\/wp-json\/wp\/v2\/posts"}],"about":[{"href":"https:\/\/www.anovapeneira.gal\/index.php\/wp-json\/wp\/v2\/types\/post"}],"author":[{"embeddable":true,"href":"https:\/\/www.anovapeneira.gal\/index.php\/wp-json\/wp\/v2\/users\/12"}],"replies":[{"embeddable":true,"href":"https:\/\/www.anovapeneira.gal\/index.php\/wp-json\/wp\/v2\/comments?post=15265"}],"version-history":[{"count":1,"href":"https:\/\/www.anovapeneira.gal\/index.php\/wp-json\/wp\/v2\/posts\/15265\/revisions"}],"predecessor-version":[{"id":15267,"href":"https:\/\/www.anovapeneira.gal\/index.php\/wp-json\/wp\/v2\/posts\/15265\/revisions\/15267"}],"wp:featuredmedia":[{"embeddable":true,"href":"https:\/\/www.anovapeneira.gal\/index.php\/wp-json\/wp\/v2\/media\/15266"}],"wp:attachment":[{"href":"https:\/\/www.anovapeneira.gal\/index.php\/wp-json\/wp\/v2\/media?parent=15265"}],"wp:term":[{"taxonomy":"category","embeddable":true,"href":"https:\/\/www.anovapeneira.gal\/index.php\/wp-json\/wp\/v2\/categories?post=15265"},{"taxonomy":"post_tag","embeddable":true,"href":"https:\/\/www.anovapeneira.gal\/index.php\/wp-json\/wp\/v2\/tags?post=15265"}],"curies":[{"name":"wp","href":"https:\/\/api.w.org\/{rel}","templated":true}]}}