{"id":15274,"date":"2026-01-29T12:00:56","date_gmt":"2026-01-29T11:00:56","guid":{"rendered":"https:\/\/www.anovapeneira.gal\/?p=15274"},"modified":"2026-02-10T12:03:07","modified_gmt":"2026-02-10T11:03:07","slug":"bas-lamenta-a-falta-de-dinamismo-do-goberno-local-por-actuar-sempre-a-remolque-das-propostas-do-pp-como-a-peticion-de-arranxo-do-paseo-da-portela-hai-tres-meses","status":"publish","type":"post","link":"https:\/\/www.anovapeneira.gal\/index.php\/2026\/01\/29\/bas-lamenta-a-falta-de-dinamismo-do-goberno-local-por-actuar-sempre-a-remolque-das-propostas-do-pp-como-a-peticion-de-arranxo-do-paseo-da-portela-hai-tres-meses\/","title":{"rendered":"Bas lamenta a falta de dinamismo do goberno local por actuar sempre \u201ca remolque\u201d das propostas do PP, como a petici\u00f3n de arranxo do paseo da Portela hai tres meses"},"content":{"rendered":"\n<p>O voceiro municipal lembra que no pleno de outubro denunciaron o mal estado da senda de madeira da Portela e pediron unha inspecci\u00f3n t\u00e9cnica, a s\u00faa clausura e inmediata reparaci\u00f3n e lamenta que o executivo de Digna Rivas tarde tres meses en tomar medidas<\/p>\n\n\n\n<p>\u00b7 \u201c<em>Estamos<\/em><em> <\/em><em>ante<\/em><em> <\/em><em>un<\/em><em> <\/em><em>goberno<\/em><em> <\/em><em>esgotado<\/em><em> <\/em><em>e<\/em><em> <\/em><em>desgastado<\/em><em> <\/em><em>que<\/em><em> <\/em><em>adica<\/em><em> <\/em><em>todo<\/em><em> <\/em><em>o<\/em><em> <\/em><em>seu<\/em><em> <\/em><em>tempo<\/em><em> <\/em><em>a<\/em><em> <\/em><em>perder<\/em><em> <\/em><em>o <\/em><em>tempo, porque o pasa con este<\/em><em> <\/em><em>paseo \u00e9 extensible<\/em><em> <\/em><em>a todos os temas que levamos a <\/em><em>pleno<\/em>\u201d, sinalou o edil, que lembrou que v\u00e9n de suceder o mesmo coa furgoneta de expedici\u00f3n do DNI<\/p>\n\n\n\n<p><strong>Redondela, 23 de xaneiro de 2026.<\/strong><\/p>\n\n\n\n<p>O voceiro municipal do PP de Redondela, Javier Bas, v\u00e9n de denunciar a \u201c<em>falta de dinamismo, de traballo e de interese polos temas e servizos que preocupan aos veci\u00f1os<\/em>\u201d por parte do goberno de Digna Rivas, xa que rexeita e ignora reiteradamente as demandas e propostas da s\u00faa formaci\u00f3n e logo act\u00faa sempre \u201c<em>a remolque<\/em>\u201d e trata de impulsalas, como no caso da petici\u00f3n de arranxo do utilizado paseo da Portela, que foi esixida polos populares hai xa tres meses.<\/p>\n\n\n\n<p>\u201c<em>Estamos<\/em><em> <\/em><em>ante<\/em><em> <\/em><em>un<\/em><em> <\/em><em>goberno<\/em><em> <\/em><em>que<\/em><em> <\/em><em>non<\/em><em> <\/em><em>se<\/em><em> <\/em><em>entera<\/em><em> <\/em><em>de<\/em><em> <\/em><em>nada<\/em><em> <\/em><em>do<\/em><em> <\/em><em>que<\/em><em> <\/em><em>pasa<\/em><em> <\/em><em>na<\/em><em> <\/em><em>r\u00faa,<\/em><em> <\/em><em>pero m\u00e1is<\/em><em> <\/em><em>grave<\/em><em> <\/em><em>que<\/em><em> <\/em><em>iso,<\/em><em> <\/em><em>que<\/em><em> <\/em><em>xa<\/em><em> <\/em><em>ten<\/em><em> <\/em><em>a<\/em><em> <\/em><em>s\u00faa importancia,<\/em><em> <\/em><em>\u00e9<\/em><em> <\/em><em>que cando<\/em><em> <\/em><em>desde<\/em><em> <\/em><em>o PP<\/em><em> <\/em><em>lle dicimos as cousas, lle facemos reclamaci\u00f3ns, lle trasladamos achegas ou lle demandamos<\/em><em> <\/em><em>necesidades,<\/em><em> <\/em><em>as<\/em><em> <\/em><em>ignora<\/em><em> <\/em><em>por<\/em><em> <\/em><em>completo<\/em><em> <\/em><em>ata<\/em><em> <\/em><em>que<\/em><em> <\/em><em>cae<\/em><em> <\/em><em>da<\/em><em> <\/em><em>burra<\/em><em> <\/em><em>e<\/em><em> <\/em><em>ten que tratar de resolvelas cando os veci\u00f1os po\u00f1en o berro no ceo. Desde o PP <\/em><em>somos<\/em><em> <\/em><em>moi<\/em><em> <\/em><em>cr\u00edticos,<\/em><em> <\/em><em>m\u00e1is<\/em><em> <\/em><em>que<\/em><em> <\/em><em>merecidamente,<\/em><em> <\/em><em>coa<\/em><em> <\/em><em>xesti\u00f3n<\/em><em> <\/em><em>deste<\/em><em> <\/em><em>feble<\/em><em> <\/em><em>bipartito<\/em><em> <\/em><em>en minor\u00eda,<\/em><em> <\/em><em>pero<\/em><em> <\/em><em>todas<\/em><em> <\/em><em>as<\/em><em> <\/em><em>propostas<\/em><em> <\/em><em>que<\/em><em> <\/em><em>levamos<\/em><em> <\/em><em>aos<\/em><em> <\/em><em>plenos,<\/em><em> <\/em><em>como<\/em><em> <\/em><em>estas<\/em><em> <\/em><em>d\u00faas,<\/em><em> <\/em><em>son <\/em><em>sempre en positivo e a favor dos redondel\u00e1ns porque somos un partido <\/em><em>construtivo<\/em><em> <\/em><em>que<\/em><em> <\/em><em>cre<\/em><em> <\/em><em>en<\/em><em> <\/em><em>Redondela,<\/em><em> <\/em><em>as\u00ed<\/em><em> <\/em><em>que<\/em><em> <\/em><em>van<\/em><em> <\/em><em>sendo<\/em><em> <\/em><em>hora<\/em><em> <\/em><em>de<\/em><em> <\/em><em>que<\/em><em> <\/em><em>nos<\/em><em> <\/em><em>fagan<\/em><em> <\/em><em>caso, <\/em><em>porque ademais somos o partido m\u00e1is representativo e votado<\/em>\u201d, advert\u00edu o voceiro municipal, Javier Bas, que lamentou que este modus operandi supo\u00f1a \u201c<em>perder<\/em><em> <\/em><em>o<\/em><em> <\/em><em>tempo<\/em><em> <\/em><em>e<\/em><em> <\/em><em>prexudicar<\/em><em> <\/em><em>aos<\/em><em> <\/em><em>redondel\u00e1ns<\/em>\u201d.<\/p>\n\n\n\n<p>Neste senso, o concelleiro do PP lembrou, ante o anuncio de precintado do paseo da Portela e do encargo da redacci\u00f3n dun proxecto para a s\u00faa imprescindible reparaci\u00f3n, que no pleno do pasado mes de outubro denunciaron o mal estado desta senda de madeira pola falta de mantemento dos \u00faltimos anos a causa da irresponsabilidade do goberno de Rivas e reclamaron unha inspecci\u00f3n t\u00e9cnica, a clausura da pasarela ante o risco real de accidente para os seus moitos usuarios e a execuci\u00f3n das obras necesarias para o seu arranxo. \u201c<em>Non<\/em><em> <\/em><em>nos<\/em><em> <\/em><em>fixeron<\/em><em> <\/em><em>nin<\/em><em> <\/em><em>caso,<\/em><em> <\/em><em>pensando<\/em><em> <\/em><em>que<\/em><em> <\/em><em>os<\/em><em> <\/em><em>estabamos<\/em><em> <\/em><em>atacando<\/em><em> <\/em><em>a<\/em><em> <\/em><em>eles<\/em><em> <\/em><em>cando<\/em><em> <\/em><em>en <\/em><em>realidade s\u00f3 quer\u00edamos defender a integridade dos veci\u00f1os e perd\u00e9ronse uns meses preciosos no que isto xa pod\u00eda estar solucionado<\/em>\u201d, manifestou o edil popular, que cre que Redondela \u201c<em>at\u00f3pase<\/em><em> <\/em><em>cun<\/em><em> <\/em><em>goberno<\/em><em> <\/em><em>esgotado<\/em><em> <\/em><em>e<\/em><em> <\/em><em>desgastado<\/em><em> <\/em><em>e que adica todo o seu tempo a perder o tempo, porque o que pasa con este paseo<\/em><em> <\/em><em>\u00e9<\/em><em> <\/em><em>extensible<\/em><em> <\/em><em>a<\/em><em> <\/em><em>todos<\/em><em> <\/em><em>os<\/em><em> <\/em><em>temas<\/em><em> <\/em><em>que<\/em><em> <\/em><em>levamos<\/em><em> <\/em><em>a<\/em><em> <\/em><em>pleno<\/em><em> <\/em><em>e,<\/em><em> <\/em><em>ao<\/em><em> <\/em><em>final,<\/em><em> <\/em><em>s\u00f3<\/em><em> <\/em><em>acertan <\/em><em>cando<\/em><em> <\/em><em>rectifican<\/em><em> <\/em><em>e<\/em><em> <\/em><em>fan<\/em><em> <\/em><em>caso<\/em><em> <\/em><em>das<\/em><em> <\/em><em>nosas<\/em><em> <\/em><em>petici\u00f3ns<\/em>\u201d.<\/p>\n\n\n\n<p>Por outra banda, Javier Bas tam\u00e9n exemplificou esta situaci\u00f3n co caso da unidade m\u00f3bil de expedici\u00f3n do DNI e do pasaporte, \u201c<em>que non \u00e9 a soluci\u00f3n, porque Redondela<\/em><em> <\/em><em>ten<\/em><em> <\/em><em>que<\/em><em> <\/em><em>ter<\/em><em> <\/em><em>unha<\/em><em> <\/em><em>comisar\u00eda<\/em><em> <\/em><em>de<\/em><em> <\/em><em>distrito<\/em><em> <\/em><em>da<\/em><em> <\/em><em>Polic\u00eda<\/em><em> <\/em><em>Nacional,<\/em><em> <\/em><em>pero<\/em><em> <\/em><em>que mentres tanto \u00e9 imprescindible para moita xente que non pode desprazarse, <\/em><em>principalmente<\/em><em> <\/em><em>os<\/em><em> <\/em><em>maiores<\/em><em> <\/em><em>e<\/em><em> <\/em><em>os<\/em><em> <\/em><em>mozos<\/em><em> <\/em><em>sen<\/em><em> <\/em><em>veh\u00edculo<\/em>\u201d. Neste senso, e dado que foi posta por Digna Rivas como a alternativa \u00e1 deficiente atenci\u00f3n policial, denunciou no pleno de decembro que levaba sen acudir \u00e1 vila desde o pasado setembro \u201c<em>e novamente, e grazas \u00e1 nosa petici\u00f3n, reactivouse este servizo no <\/em><em>2026<\/em>\u201d.<\/p>\n","protected":false},"excerpt":{"rendered":"<div class=\"mh-excerpt\"><p>O voceiro municipal lembra que no pleno de outubro denunciaron o mal estado da senda de madeira da Portela e pediron unha inspecci\u00f3n t\u00e9cnica, a s\u00faa clausura e inmediata reparaci\u00f3n e lamenta que o executivo de Digna Rivas tarde tres meses en tomar medidas <a class=\"mh-excerpt-more\" href=\"https:\/\/www.anovapeneira.gal\/index.php\/2026\/01\/29\/bas-lamenta-a-falta-de-dinamismo-do-goberno-local-por-actuar-sempre-a-remolque-das-propostas-do-pp-como-a-peticion-de-arranxo-do-paseo-da-portela-hai-tres-meses\/\" title=\"Bas lamenta a falta de dinamismo do goberno local por actuar sempre \u201ca remolque\u201d das propostas do PP, como a petici\u00f3n de arranxo do paseo da Portela hai tres meses\">[&#8230;]<\/a><\/p>\n<\/div>","protected":false},"author":3,"featured_media":13920,"comment_status":"open","ping_status":"open","sticky":false,"template":"","format":"standard","meta":{"_exactmetrics_skip_tracking":false,"_exactmetrics_sitenote_active":false,"_exactmetrics_sitenote_note":"","_exactmetrics_sitenote_category":0,"footnotes":""},"categories":[24],"tags":[171],"class_list":{"0":"post-15274","1":"post","2":"type-post","3":"status-publish","4":"format-standard","5":"has-post-thumbnail","7":"category-redondela","8":"tag-concello-de-redondela"},"yoast_head":"<!-- This site is optimized with the Yoast SEO plugin v27.4 - https:\/\/yoast.com\/product\/yoast-seo-wordpress\/ -->\n<title>Bas lamenta a falta de dinamismo do goberno local por actuar sempre \u201ca remolque\u201d das propostas do PP, como a petici\u00f3n de arranxo do paseo da Portela hai tres meses -<\/title>\n<meta name=\"robots\" content=\"index, follow, max-snippet:-1, max-image-preview:large, max-video-preview:-1\" \/>\n<link rel=\"canonical\" href=\"https:\/\/www.anovapeneira.gal\/index.php\/2026\/01\/29\/bas-lamenta-a-falta-de-dinamismo-do-goberno-local-por-actuar-sempre-a-remolque-das-propostas-do-pp-como-a-peticion-de-arranxo-do-paseo-da-portela-hai-tres-meses\/\" \/>\n<meta property=\"og:locale\" content=\"gl_ES\" \/>\n<meta property=\"og:type\" content=\"article\" \/>\n<meta property=\"og:title\" content=\"Bas lamenta a falta de dinamismo do goberno local por actuar sempre \u201ca remolque\u201d das propostas do PP, como a petici\u00f3n de arranxo do paseo da Portela hai tres meses -\" \/>\n<meta property=\"og:description\" content=\"O voceiro municipal lembra que no pleno de outubro denunciaron o mal estado da senda de madeira da Portela e pediron unha inspecci\u00f3n t\u00e9cnica, a s\u00faa clausura e inmediata reparaci\u00f3n e lamenta que o executivo de Digna Rivas tarde tres meses en tomar medidas [...]\" \/>\n<meta property=\"og:url\" content=\"https:\/\/www.anovapeneira.gal\/index.php\/2026\/01\/29\/bas-lamenta-a-falta-de-dinamismo-do-goberno-local-por-actuar-sempre-a-remolque-das-propostas-do-pp-como-a-peticion-de-arranxo-do-paseo-da-portela-hai-tres-meses\/\" \/>\n<meta property=\"article:publisher\" content=\"https:\/\/www.facebook.com\/anovapeneira\" \/>\n<meta property=\"article:published_time\" content=\"2026-01-29T11:00:56+00:00\" \/>\n<meta property=\"article:modified_time\" content=\"2026-02-10T11:03:07+00:00\" \/>\n<meta property=\"og:image\" content=\"https:\/\/www.anovapeneira.gal\/wp-content\/uploads\/2025\/05\/javier_bas.jpg\" \/>\n\t<meta property=\"og:image:width\" content=\"720\" \/>\n\t<meta property=\"og:image:height\" content=\"432\" \/>\n\t<meta property=\"og:image:type\" content=\"image\/jpeg\" \/>\n<meta name=\"author\" content=\"Redacci\u00f3n A Nova Peneira\" \/>\n<meta name=\"twitter:card\" content=\"summary_large_image\" \/>\n<meta name=\"twitter:creator\" content=\"@APeneira\" \/>\n<meta name=\"twitter:site\" content=\"@APeneira\" \/>\n<meta name=\"twitter:label1\" content=\"Escrito por\" \/>\n\t<meta name=\"twitter:data1\" content=\"Redacci\u00f3n A Nova Peneira\" \/>\n\t<meta name=\"twitter:label2\" content=\"Tempo de lectura\" \/>\n\t<meta name=\"twitter:data2\" content=\"4 minutos\" \/>\n<script type=\"application\/ld+json\" class=\"yoast-schema-graph\">{\"@context\":\"https:\\\/\\\/schema.org\",\"@graph\":[{\"@type\":\"Article\",\"@id\":\"https:\\\/\\\/www.anovapeneira.gal\\\/index.php\\\/2026\\\/01\\\/29\\\/bas-lamenta-a-falta-de-dinamismo-do-goberno-local-por-actuar-sempre-a-remolque-das-propostas-do-pp-como-a-peticion-de-arranxo-do-paseo-da-portela-hai-tres-meses\\\/#article\",\"isPartOf\":{\"@id\":\"https:\\\/\\\/www.anovapeneira.gal\\\/index.php\\\/2026\\\/01\\\/29\\\/bas-lamenta-a-falta-de-dinamismo-do-goberno-local-por-actuar-sempre-a-remolque-das-propostas-do-pp-como-a-peticion-de-arranxo-do-paseo-da-portela-hai-tres-meses\\\/\"},\"author\":{\"name\":\"Redacci\u00f3n A Nova Peneira\",\"@id\":\"https:\\\/\\\/www.anovapeneira.gal\\\/#\\\/schema\\\/person\\\/b93e3f8932e3f8da96334607eb6ac6aa\"},\"headline\":\"Bas lamenta a falta de dinamismo do goberno local por actuar sempre \u201ca remolque\u201d das propostas do PP, como a petici\u00f3n de arranxo do paseo da Portela hai tres meses\",\"datePublished\":\"2026-01-29T11:00:56+00:00\",\"dateModified\":\"2026-02-10T11:03:07+00:00\",\"mainEntityOfPage\":{\"@id\":\"https:\\\/\\\/www.anovapeneira.gal\\\/index.php\\\/2026\\\/01\\\/29\\\/bas-lamenta-a-falta-de-dinamismo-do-goberno-local-por-actuar-sempre-a-remolque-das-propostas-do-pp-como-a-peticion-de-arranxo-do-paseo-da-portela-hai-tres-meses\\\/\"},\"wordCount\":684,\"commentCount\":0,\"publisher\":{\"@id\":\"https:\\\/\\\/www.anovapeneira.gal\\\/#organization\"},\"image\":{\"@id\":\"https:\\\/\\\/www.anovapeneira.gal\\\/index.php\\\/2026\\\/01\\\/29\\\/bas-lamenta-a-falta-de-dinamismo-do-goberno-local-por-actuar-sempre-a-remolque-das-propostas-do-pp-como-a-peticion-de-arranxo-do-paseo-da-portela-hai-tres-meses\\\/#primaryimage\"},\"thumbnailUrl\":\"https:\\\/\\\/www.anovapeneira.gal\\\/wp-content\\\/uploads\\\/2025\\\/05\\\/javier_bas.jpg\",\"keywords\":[\"Concello de Redondela\"],\"articleSection\":[\"Redondela\"],\"inLanguage\":\"gl-ES\",\"potentialAction\":[{\"@type\":\"CommentAction\",\"name\":\"Comment\",\"target\":[\"https:\\\/\\\/www.anovapeneira.gal\\\/index.php\\\/2026\\\/01\\\/29\\\/bas-lamenta-a-falta-de-dinamismo-do-goberno-local-por-actuar-sempre-a-remolque-das-propostas-do-pp-como-a-peticion-de-arranxo-do-paseo-da-portela-hai-tres-meses\\\/#respond\"]}]},{\"@type\":\"WebPage\",\"@id\":\"https:\\\/\\\/www.anovapeneira.gal\\\/index.php\\\/2026\\\/01\\\/29\\\/bas-lamenta-a-falta-de-dinamismo-do-goberno-local-por-actuar-sempre-a-remolque-das-propostas-do-pp-como-a-peticion-de-arranxo-do-paseo-da-portela-hai-tres-meses\\\/\",\"url\":\"https:\\\/\\\/www.anovapeneira.gal\\\/index.php\\\/2026\\\/01\\\/29\\\/bas-lamenta-a-falta-de-dinamismo-do-goberno-local-por-actuar-sempre-a-remolque-das-propostas-do-pp-como-a-peticion-de-arranxo-do-paseo-da-portela-hai-tres-meses\\\/\",\"name\":\"Bas lamenta a falta de dinamismo do goberno local por actuar sempre \u201ca remolque\u201d das propostas do PP, como a petici\u00f3n de arranxo do paseo da Portela hai tres meses -\",\"isPartOf\":{\"@id\":\"https:\\\/\\\/www.anovapeneira.gal\\\/#website\"},\"primaryImageOfPage\":{\"@id\":\"https:\\\/\\\/www.anovapeneira.gal\\\/index.php\\\/2026\\\/01\\\/29\\\/bas-lamenta-a-falta-de-dinamismo-do-goberno-local-por-actuar-sempre-a-remolque-das-propostas-do-pp-como-a-peticion-de-arranxo-do-paseo-da-portela-hai-tres-meses\\\/#primaryimage\"},\"image\":{\"@id\":\"https:\\\/\\\/www.anovapeneira.gal\\\/index.php\\\/2026\\\/01\\\/29\\\/bas-lamenta-a-falta-de-dinamismo-do-goberno-local-por-actuar-sempre-a-remolque-das-propostas-do-pp-como-a-peticion-de-arranxo-do-paseo-da-portela-hai-tres-meses\\\/#primaryimage\"},\"thumbnailUrl\":\"https:\\\/\\\/www.anovapeneira.gal\\\/wp-content\\\/uploads\\\/2025\\\/05\\\/javier_bas.jpg\",\"datePublished\":\"2026-01-29T11:00:56+00:00\",\"dateModified\":\"2026-02-10T11:03:07+00:00\",\"breadcrumb\":{\"@id\":\"https:\\\/\\\/www.anovapeneira.gal\\\/index.php\\\/2026\\\/01\\\/29\\\/bas-lamenta-a-falta-de-dinamismo-do-goberno-local-por-actuar-sempre-a-remolque-das-propostas-do-pp-como-a-peticion-de-arranxo-do-paseo-da-portela-hai-tres-meses\\\/#breadcrumb\"},\"inLanguage\":\"gl-ES\",\"potentialAction\":[{\"@type\":\"ReadAction\",\"target\":[\"https:\\\/\\\/www.anovapeneira.gal\\\/index.php\\\/2026\\\/01\\\/29\\\/bas-lamenta-a-falta-de-dinamismo-do-goberno-local-por-actuar-sempre-a-remolque-das-propostas-do-pp-como-a-peticion-de-arranxo-do-paseo-da-portela-hai-tres-meses\\\/\"]}]},{\"@type\":\"ImageObject\",\"inLanguage\":\"gl-ES\",\"@id\":\"https:\\\/\\\/www.anovapeneira.gal\\\/index.php\\\/2026\\\/01\\\/29\\\/bas-lamenta-a-falta-de-dinamismo-do-goberno-local-por-actuar-sempre-a-remolque-das-propostas-do-pp-como-a-peticion-de-arranxo-do-paseo-da-portela-hai-tres-meses\\\/#primaryimage\",\"url\":\"https:\\\/\\\/www.anovapeneira.gal\\\/wp-content\\\/uploads\\\/2025\\\/05\\\/javier_bas.jpg\",\"contentUrl\":\"https:\\\/\\\/www.anovapeneira.gal\\\/wp-content\\\/uploads\\\/2025\\\/05\\\/javier_bas.jpg\",\"width\":720,\"height\":432,\"caption\":\"Javier Bas presidente do PP de Redondela\"},{\"@type\":\"BreadcrumbList\",\"@id\":\"https:\\\/\\\/www.anovapeneira.gal\\\/index.php\\\/2026\\\/01\\\/29\\\/bas-lamenta-a-falta-de-dinamismo-do-goberno-local-por-actuar-sempre-a-remolque-das-propostas-do-pp-como-a-peticion-de-arranxo-do-paseo-da-portela-hai-tres-meses\\\/#breadcrumb\",\"itemListElement\":[{\"@type\":\"ListItem\",\"position\":1,\"name\":\"Portada\",\"item\":\"https:\\\/\\\/www.anovapeneira.gal\\\/\"},{\"@type\":\"ListItem\",\"position\":2,\"name\":\"Bas lamenta a falta de dinamismo do goberno local por actuar sempre \u201ca remolque\u201d das propostas do PP, como a petici\u00f3n de arranxo do paseo da Portela hai tres meses\"}]},{\"@type\":\"WebSite\",\"@id\":\"https:\\\/\\\/www.anovapeneira.gal\\\/#website\",\"url\":\"https:\\\/\\\/www.anovapeneira.gal\\\/\",\"name\":\"\",\"description\":\"Xornal galego de informaci\u00f3n xeral Publicaci\u00f3n mensual de novas de Galicia e en especial dos Concellos da sur da provincia de Pontevedra.\",\"publisher\":{\"@id\":\"https:\\\/\\\/www.anovapeneira.gal\\\/#organization\"},\"potentialAction\":[{\"@type\":\"SearchAction\",\"target\":{\"@type\":\"EntryPoint\",\"urlTemplate\":\"https:\\\/\\\/www.anovapeneira.gal\\\/?s={search_term_string}\"},\"query-input\":{\"@type\":\"PropertyValueSpecification\",\"valueRequired\":true,\"valueName\":\"search_term_string\"}}],\"inLanguage\":\"gl-ES\"},{\"@type\":\"Organization\",\"@id\":\"https:\\\/\\\/www.anovapeneira.gal\\\/#organization\",\"name\":\"A Nova Peneira\",\"url\":\"https:\\\/\\\/www.anovapeneira.gal\\\/\",\"logo\":{\"@type\":\"ImageObject\",\"inLanguage\":\"gl-ES\",\"@id\":\"https:\\\/\\\/www.anovapeneira.gal\\\/#\\\/schema\\\/logo\\\/image\\\/\",\"url\":\"http:\\\/\\\/www.anovapeneira.gal\\\/wp-content\\\/uploads\\\/2019\\\/06\\\/logo_a_nova_peneira_portal_web.png\",\"contentUrl\":\"http:\\\/\\\/www.anovapeneira.gal\\\/wp-content\\\/uploads\\\/2019\\\/06\\\/logo_a_nova_peneira_portal_web.png\",\"width\":300,\"height\":100,\"caption\":\"A Nova Peneira\"},\"image\":{\"@id\":\"https:\\\/\\\/www.anovapeneira.gal\\\/#\\\/schema\\\/logo\\\/image\\\/\"},\"sameAs\":[\"https:\\\/\\\/www.facebook.com\\\/anovapeneira\",\"https:\\\/\\\/x.com\\\/APeneira\"]},{\"@type\":\"Person\",\"@id\":\"https:\\\/\\\/www.anovapeneira.gal\\\/#\\\/schema\\\/person\\\/b93e3f8932e3f8da96334607eb6ac6aa\",\"name\":\"Redacci\u00f3n A Nova Peneira\",\"image\":{\"@type\":\"ImageObject\",\"inLanguage\":\"gl-ES\",\"@id\":\"https:\\\/\\\/secure.gravatar.com\\\/avatar\\\/c052a2551a06e23fac63626232eaa90abd78dbcf1700fc46a2b2c89fd27b735f?s=96&d=mm&r=g\",\"url\":\"https:\\\/\\\/secure.gravatar.com\\\/avatar\\\/c052a2551a06e23fac63626232eaa90abd78dbcf1700fc46a2b2c89fd27b735f?s=96&d=mm&r=g\",\"contentUrl\":\"https:\\\/\\\/secure.gravatar.com\\\/avatar\\\/c052a2551a06e23fac63626232eaa90abd78dbcf1700fc46a2b2c89fd27b735f?s=96&d=mm&r=g\",\"caption\":\"Redacci\u00f3n A Nova Peneira\"},\"sameAs\":[\"http:\\\/\\\/www.anovapeneira.gal\\\/\"],\"url\":\"https:\\\/\\\/www.anovapeneira.gal\\\/index.php\\\/author\\\/redactor\\\/\"}]}<\/script>\n<!-- \/ Yoast SEO plugin. -->","yoast_head_json":{"title":"Bas lamenta a falta de dinamismo do goberno local por actuar sempre \u201ca remolque\u201d das propostas do PP, como a petici\u00f3n de arranxo do paseo da Portela hai tres meses -","robots":{"index":"index","follow":"follow","max-snippet":"max-snippet:-1","max-image-preview":"max-image-preview:large","max-video-preview":"max-video-preview:-1"},"canonical":"https:\/\/www.anovapeneira.gal\/index.php\/2026\/01\/29\/bas-lamenta-a-falta-de-dinamismo-do-goberno-local-por-actuar-sempre-a-remolque-das-propostas-do-pp-como-a-peticion-de-arranxo-do-paseo-da-portela-hai-tres-meses\/","og_locale":"gl_ES","og_type":"article","og_title":"Bas lamenta a falta de dinamismo do goberno local por actuar sempre \u201ca remolque\u201d das propostas do PP, como a petici\u00f3n de arranxo do paseo da Portela hai tres meses -","og_description":"O voceiro municipal lembra que no pleno de outubro denunciaron o mal estado da senda de madeira da Portela e pediron unha inspecci\u00f3n t\u00e9cnica, a s\u00faa clausura e inmediata reparaci\u00f3n e lamenta que o executivo de Digna Rivas tarde tres meses en tomar medidas [...]","og_url":"https:\/\/www.anovapeneira.gal\/index.php\/2026\/01\/29\/bas-lamenta-a-falta-de-dinamismo-do-goberno-local-por-actuar-sempre-a-remolque-das-propostas-do-pp-como-a-peticion-de-arranxo-do-paseo-da-portela-hai-tres-meses\/","article_publisher":"https:\/\/www.facebook.com\/anovapeneira","article_published_time":"2026-01-29T11:00:56+00:00","article_modified_time":"2026-02-10T11:03:07+00:00","og_image":[{"width":720,"height":432,"url":"https:\/\/www.anovapeneira.gal\/wp-content\/uploads\/2025\/05\/javier_bas.jpg","type":"image\/jpeg"}],"author":"Redacci\u00f3n A Nova Peneira","twitter_card":"summary_large_image","twitter_creator":"@APeneira","twitter_site":"@APeneira","twitter_misc":{"Escrito por":"Redacci\u00f3n A Nova Peneira","Tempo de lectura":"4 minutos"},"schema":{"@context":"https:\/\/schema.org","@graph":[{"@type":"Article","@id":"https:\/\/www.anovapeneira.gal\/index.php\/2026\/01\/29\/bas-lamenta-a-falta-de-dinamismo-do-goberno-local-por-actuar-sempre-a-remolque-das-propostas-do-pp-como-a-peticion-de-arranxo-do-paseo-da-portela-hai-tres-meses\/#article","isPartOf":{"@id":"https:\/\/www.anovapeneira.gal\/index.php\/2026\/01\/29\/bas-lamenta-a-falta-de-dinamismo-do-goberno-local-por-actuar-sempre-a-remolque-das-propostas-do-pp-como-a-peticion-de-arranxo-do-paseo-da-portela-hai-tres-meses\/"},"author":{"name":"Redacci\u00f3n A Nova Peneira","@id":"https:\/\/www.anovapeneira.gal\/#\/schema\/person\/b93e3f8932e3f8da96334607eb6ac6aa"},"headline":"Bas lamenta a falta de dinamismo do goberno local por actuar sempre \u201ca remolque\u201d das propostas do PP, como a petici\u00f3n de arranxo do paseo da Portela hai tres meses","datePublished":"2026-01-29T11:00:56+00:00","dateModified":"2026-02-10T11:03:07+00:00","mainEntityOfPage":{"@id":"https:\/\/www.anovapeneira.gal\/index.php\/2026\/01\/29\/bas-lamenta-a-falta-de-dinamismo-do-goberno-local-por-actuar-sempre-a-remolque-das-propostas-do-pp-como-a-peticion-de-arranxo-do-paseo-da-portela-hai-tres-meses\/"},"wordCount":684,"commentCount":0,"publisher":{"@id":"https:\/\/www.anovapeneira.gal\/#organization"},"image":{"@id":"https:\/\/www.anovapeneira.gal\/index.php\/2026\/01\/29\/bas-lamenta-a-falta-de-dinamismo-do-goberno-local-por-actuar-sempre-a-remolque-das-propostas-do-pp-como-a-peticion-de-arranxo-do-paseo-da-portela-hai-tres-meses\/#primaryimage"},"thumbnailUrl":"https:\/\/www.anovapeneira.gal\/wp-content\/uploads\/2025\/05\/javier_bas.jpg","keywords":["Concello de Redondela"],"articleSection":["Redondela"],"inLanguage":"gl-ES","potentialAction":[{"@type":"CommentAction","name":"Comment","target":["https:\/\/www.anovapeneira.gal\/index.php\/2026\/01\/29\/bas-lamenta-a-falta-de-dinamismo-do-goberno-local-por-actuar-sempre-a-remolque-das-propostas-do-pp-como-a-peticion-de-arranxo-do-paseo-da-portela-hai-tres-meses\/#respond"]}]},{"@type":"WebPage","@id":"https:\/\/www.anovapeneira.gal\/index.php\/2026\/01\/29\/bas-lamenta-a-falta-de-dinamismo-do-goberno-local-por-actuar-sempre-a-remolque-das-propostas-do-pp-como-a-peticion-de-arranxo-do-paseo-da-portela-hai-tres-meses\/","url":"https:\/\/www.anovapeneira.gal\/index.php\/2026\/01\/29\/bas-lamenta-a-falta-de-dinamismo-do-goberno-local-por-actuar-sempre-a-remolque-das-propostas-do-pp-como-a-peticion-de-arranxo-do-paseo-da-portela-hai-tres-meses\/","name":"Bas lamenta a falta de dinamismo do goberno local por actuar sempre \u201ca remolque\u201d das propostas do PP, como a petici\u00f3n de arranxo do paseo da Portela hai tres meses -","isPartOf":{"@id":"https:\/\/www.anovapeneira.gal\/#website"},"primaryImageOfPage":{"@id":"https:\/\/www.anovapeneira.gal\/index.php\/2026\/01\/29\/bas-lamenta-a-falta-de-dinamismo-do-goberno-local-por-actuar-sempre-a-remolque-das-propostas-do-pp-como-a-peticion-de-arranxo-do-paseo-da-portela-hai-tres-meses\/#primaryimage"},"image":{"@id":"https:\/\/www.anovapeneira.gal\/index.php\/2026\/01\/29\/bas-lamenta-a-falta-de-dinamismo-do-goberno-local-por-actuar-sempre-a-remolque-das-propostas-do-pp-como-a-peticion-de-arranxo-do-paseo-da-portela-hai-tres-meses\/#primaryimage"},"thumbnailUrl":"https:\/\/www.anovapeneira.gal\/wp-content\/uploads\/2025\/05\/javier_bas.jpg","datePublished":"2026-01-29T11:00:56+00:00","dateModified":"2026-02-10T11:03:07+00:00","breadcrumb":{"@id":"https:\/\/www.anovapeneira.gal\/index.php\/2026\/01\/29\/bas-lamenta-a-falta-de-dinamismo-do-goberno-local-por-actuar-sempre-a-remolque-das-propostas-do-pp-como-a-peticion-de-arranxo-do-paseo-da-portela-hai-tres-meses\/#breadcrumb"},"inLanguage":"gl-ES","potentialAction":[{"@type":"ReadAction","target":["https:\/\/www.anovapeneira.gal\/index.php\/2026\/01\/29\/bas-lamenta-a-falta-de-dinamismo-do-goberno-local-por-actuar-sempre-a-remolque-das-propostas-do-pp-como-a-peticion-de-arranxo-do-paseo-da-portela-hai-tres-meses\/"]}]},{"@type":"ImageObject","inLanguage":"gl-ES","@id":"https:\/\/www.anovapeneira.gal\/index.php\/2026\/01\/29\/bas-lamenta-a-falta-de-dinamismo-do-goberno-local-por-actuar-sempre-a-remolque-das-propostas-do-pp-como-a-peticion-de-arranxo-do-paseo-da-portela-hai-tres-meses\/#primaryimage","url":"https:\/\/www.anovapeneira.gal\/wp-content\/uploads\/2025\/05\/javier_bas.jpg","contentUrl":"https:\/\/www.anovapeneira.gal\/wp-content\/uploads\/2025\/05\/javier_bas.jpg","width":720,"height":432,"caption":"Javier Bas presidente do PP de Redondela"},{"@type":"BreadcrumbList","@id":"https:\/\/www.anovapeneira.gal\/index.php\/2026\/01\/29\/bas-lamenta-a-falta-de-dinamismo-do-goberno-local-por-actuar-sempre-a-remolque-das-propostas-do-pp-como-a-peticion-de-arranxo-do-paseo-da-portela-hai-tres-meses\/#breadcrumb","itemListElement":[{"@type":"ListItem","position":1,"name":"Portada","item":"https:\/\/www.anovapeneira.gal\/"},{"@type":"ListItem","position":2,"name":"Bas lamenta a falta de dinamismo do goberno local por actuar sempre \u201ca remolque\u201d das propostas do PP, como a petici\u00f3n de arranxo do paseo da Portela hai tres meses"}]},{"@type":"WebSite","@id":"https:\/\/www.anovapeneira.gal\/#website","url":"https:\/\/www.anovapeneira.gal\/","name":"","description":"Xornal galego de informaci\u00f3n xeral Publicaci\u00f3n mensual de novas de Galicia e en especial dos Concellos da sur da provincia de Pontevedra.","publisher":{"@id":"https:\/\/www.anovapeneira.gal\/#organization"},"potentialAction":[{"@type":"SearchAction","target":{"@type":"EntryPoint","urlTemplate":"https:\/\/www.anovapeneira.gal\/?s={search_term_string}"},"query-input":{"@type":"PropertyValueSpecification","valueRequired":true,"valueName":"search_term_string"}}],"inLanguage":"gl-ES"},{"@type":"Organization","@id":"https:\/\/www.anovapeneira.gal\/#organization","name":"A Nova Peneira","url":"https:\/\/www.anovapeneira.gal\/","logo":{"@type":"ImageObject","inLanguage":"gl-ES","@id":"https:\/\/www.anovapeneira.gal\/#\/schema\/logo\/image\/","url":"http:\/\/www.anovapeneira.gal\/wp-content\/uploads\/2019\/06\/logo_a_nova_peneira_portal_web.png","contentUrl":"http:\/\/www.anovapeneira.gal\/wp-content\/uploads\/2019\/06\/logo_a_nova_peneira_portal_web.png","width":300,"height":100,"caption":"A Nova Peneira"},"image":{"@id":"https:\/\/www.anovapeneira.gal\/#\/schema\/logo\/image\/"},"sameAs":["https:\/\/www.facebook.com\/anovapeneira","https:\/\/x.com\/APeneira"]},{"@type":"Person","@id":"https:\/\/www.anovapeneira.gal\/#\/schema\/person\/b93e3f8932e3f8da96334607eb6ac6aa","name":"Redacci\u00f3n A Nova Peneira","image":{"@type":"ImageObject","inLanguage":"gl-ES","@id":"https:\/\/secure.gravatar.com\/avatar\/c052a2551a06e23fac63626232eaa90abd78dbcf1700fc46a2b2c89fd27b735f?s=96&d=mm&r=g","url":"https:\/\/secure.gravatar.com\/avatar\/c052a2551a06e23fac63626232eaa90abd78dbcf1700fc46a2b2c89fd27b735f?s=96&d=mm&r=g","contentUrl":"https:\/\/secure.gravatar.com\/avatar\/c052a2551a06e23fac63626232eaa90abd78dbcf1700fc46a2b2c89fd27b735f?s=96&d=mm&r=g","caption":"Redacci\u00f3n A Nova Peneira"},"sameAs":["http:\/\/www.anovapeneira.gal\/"],"url":"https:\/\/www.anovapeneira.gal\/index.php\/author\/redactor\/"}]}},"jetpack_featured_media_url":"https:\/\/www.anovapeneira.gal\/wp-content\/uploads\/2025\/05\/javier_bas.jpg","_links":{"self":[{"href":"https:\/\/www.anovapeneira.gal\/index.php\/wp-json\/wp\/v2\/posts\/15274","targetHints":{"allow":["GET"]}}],"collection":[{"href":"https:\/\/www.anovapeneira.gal\/index.php\/wp-json\/wp\/v2\/posts"}],"about":[{"href":"https:\/\/www.anovapeneira.gal\/index.php\/wp-json\/wp\/v2\/types\/post"}],"author":[{"embeddable":true,"href":"https:\/\/www.anovapeneira.gal\/index.php\/wp-json\/wp\/v2\/users\/3"}],"replies":[{"embeddable":true,"href":"https:\/\/www.anovapeneira.gal\/index.php\/wp-json\/wp\/v2\/comments?post=15274"}],"version-history":[{"count":1,"href":"https:\/\/www.anovapeneira.gal\/index.php\/wp-json\/wp\/v2\/posts\/15274\/revisions"}],"predecessor-version":[{"id":15275,"href":"https:\/\/www.anovapeneira.gal\/index.php\/wp-json\/wp\/v2\/posts\/15274\/revisions\/15275"}],"wp:featuredmedia":[{"embeddable":true,"href":"https:\/\/www.anovapeneira.gal\/index.php\/wp-json\/wp\/v2\/media\/13920"}],"wp:attachment":[{"href":"https:\/\/www.anovapeneira.gal\/index.php\/wp-json\/wp\/v2\/media?parent=15274"}],"wp:term":[{"taxonomy":"category","embeddable":true,"href":"https:\/\/www.anovapeneira.gal\/index.php\/wp-json\/wp\/v2\/categories?post=15274"},{"taxonomy":"post_tag","embeddable":true,"href":"https:\/\/www.anovapeneira.gal\/index.php\/wp-json\/wp\/v2\/tags?post=15274"}],"curies":[{"name":"wp","href":"https:\/\/api.w.org\/{rel}","templated":true}]}}